{"id":109378,"date":"2020-12-18T09:13:07","date_gmt":"2020-12-18T12:13:07","guid":{"rendered":"https:\/\/www.suno.com.br\/noticias\/?p=109378"},"modified":"2020-12-18T15:55:29","modified_gmt":"2020-12-18T18:55:29","slug":"cvc-cvcb3-encerra-almundo-mexico-colombia","status":"publish","type":"post","link":"https:\/\/www.suno.com.br\/noticias\/cvc-cvcb3-encerra-almundo-mexico-colombia\/","title":{"rendered":"CVC (CVCB3) encerra opera\u00e7\u00f5es da Almundo no M\u00e9xico e na Col\u00f4mbia"},"content":{"rendered":"<p>A<a href=\"https:\/\/www.suno.com.br\/acoes\/cvcb3\/\" target=\"_blank\" rel=\"noopener noreferrer\"><strong> CVC<\/strong> (CVCB3)<\/a> anunciou que vai encerrar as opera\u00e7\u00f5es da Almundo no M\u00e9xico e na Col\u00f4mbia, que foram impactadas pela pandemia mundial e apresentam baixo volume de vendas.<\/p>\t<div class=\"wrapper-featured-image\">\n\t\t<figure class=\"spotlightImg\">\n\n\t\t\t<picture>\n\t\t\t\t<source media=\"(max-width: 768px)\" srcset=\"https:\/\/files.sunoresearch.com.br\/n\/uploads\/2020\/12\/7a741495-cvc-almundo-400x200.webp\">\n\t\t\t\t<img loading=\"lazy\" decoding=\"async\" class=\"newsContent__article__imgCapa lazyloadDisabled \" src=\"https:\/\/files.sunoresearch.com.br\/n\/uploads\/2020\/12\/7a741495-cvc-almundo-800x450.webp\" width=\"800\" height=\"450\" alt=\"CVC (CVCB3) encerra opera\u00e7\u00f5es da Almundo no M\u00e9xico e na Col\u00f4mbia\" fetchpriority=high \/>\n\t\t\t<\/picture>\n\n\t\t\t<figcaption class=\"wp-caption-text wp-caption-text--show\">CVC encerra opera\u00e7\u00e3o da Almundo no M\u00e9xico e na Col\u00f4mbia<\/figcaption>\n\t\t<\/figure>\n\t<\/div>\n\n\n<p><b>\t<p>\n\t\t<a href=\"https:\/\/lp.suno.com.br\/planilha-controle-gastos\/\" target=\"_blank\" data-element=\"shortcode-suno-banner\" title=\"Banner SUNO, clique e saiba mais\">\n\t\t\t<picture>\n\t\t\t\t<source media=\"(max-width: 500px)\" srcset=\"https:\/\/files.sunoresearch.com.br\/n\/uploads\/2023\/03\/400x300-Planilha-controle-de-gastos.png\">\n\t\t\t\t<img class=\"newsContent__article__imgCapa newsContent__article__imgCapa--banner\"\n\t\t\t\t\tsrc=\"https:\/\/files.sunoresearch.com.br\/n\/uploads\/2023\/03\/1420x240-Planilha-controle-de-gastos.png\"\n\t\t\t\t\tdata-promo-id=\"101751\"\t\t\t\t\t\t\t\t\t\twidth='1420' height='240'\t\t\t\t\talt=\"https:\/\/files.sunoresearch.com.br\/n\/uploads\/2023\/03\/1420x240-Planilha-controle-de-gastos.png\"\n\t\t\t\t>\n\t\t\t<\/picture>\n\t\t<\/a>\n\t<\/p>\n\n<\/b><\/p>\n<p>Al\u00e9m disso, a CVC vai transferir as opera\u00e7\u00f5es da Almundo Brasil para a <strong>Submarino Viagens<\/strong>, sua controlada, em busca de sinergias administrativas, tecnol\u00f3gicas e comerciais.<\/p>\n<p>De acordo com a CVC, as <strong>opera\u00e7\u00f5es da Almundo no M\u00e9xico e na Col\u00f4mbia<\/strong> atuam apenas no segmento online, representam baixo volume de vendas e foram &#8220;significativamente&#8221; afetadas pela pandemia do Covid-19.<\/p>\n<p>A empresa afirmou que estas mudan\u00e7as ser\u00e3o implementadas no <strong>primeiro trimestre de 2021<\/strong>.<\/p>\n<p><a href=\"https:\/\/lp.suno.com.br\/suno-one\/\"><b>Suno One: acesse gratuitamente eBooks, Minicursos, Artigos e Video Aulas sobre investimentos com um \u00fanico cadastro. Clique para saber mais!<\/b><\/a><\/p>\n<h2>Almundo no M\u00e9xico e Col\u00f4mbia representam 0,2% das reservas da CVC<\/h2>\n<p>As opera\u00e7\u00f5es da <strong>Almundo<\/strong> no M\u00e9xico e na Col\u00f4mbia representaram 0,2% das reservas da companhia em 2020.<\/p>\n<p>De acordo com a CVC, o impacto nos resultados para a conclus\u00e3o deste processo ser\u00e3o\u00a0principalmente:<\/p>\n<ul>\n<li>R$ 23 milh\u00f5es relativos a <a href=\"https:\/\/www.suno.com.br\/artigos\/reavaliacao-de-ativos\/\" target=\"_blank\" rel=\"noopener noreferrer\">impairment (baixa cont\u00e1bil)<\/a> de ativos locais<\/li>\n<li>R$ 3 milh\u00f5es de despesas legais, indeniza\u00e7\u00f5es e outras.<\/li>\n<\/ul>\n<p>Segundo a empresa, a iniciativa faz parte das a\u00e7\u00f5es de\u00a0prioriza\u00e7\u00e3o e fortalecimento\u00a0 de suas opera\u00e7\u00f5es\u00a0 nos mercados considerados estrat\u00e9gicos e com\u00a0relev\u00e2ncia competitiva.<\/p>\n<p>&#8220;A companhia\u00a0 reafirma\u00a0 seu\u00a0 compromisso\u00a0 com\u00a0 os\u00a0 clientes\u00a0 e\u00a0 fornecedores\u00a0 das\u00a0 opera\u00e7\u00f5es\u00a0 da\u00a0Almundo\u00a0no Brasil,\u00a0 M\u00e9xico\u00a0 e\u00a0 Col\u00f4mbia\u00a0 e\u00a0 continuar\u00e1\u00a0 honrando\u00a0 suas\u00a0 obriga\u00e7\u00f5es\u00a0 contratuais\u00a0 e\u00a0legais&#8221;, declarou no documento o diretor executivo de finan\u00e7as e rela\u00e7\u00f5es com investidores, Mauricio Teles Montilha.<\/p>\n<p>A CVC acrescentou que a iniciativa n\u00e3o tem impacto nas opera\u00e7\u00f5es da <strong>Almundo Argentina<\/strong>, que continua a operar normalmente.<\/p>\n<h2>Companhia enfrenta desafios<\/h2>\n<p>No final de novembro, a empresa anunciou a conclus\u00e3o da\u00a0<a href=\"https:\/\/www.suno.com.br\/artigos\/reestruturacao-de-divida\/\" target=\"_blank\" rel=\"noopener noreferrer\">reestrutura\u00e7\u00e3o das d\u00edvidas<\/a>\u00a0oriundas da segunda, terceira e quarta emiss\u00f5es p\u00fablicas de\u00a0<a href=\"https:\/\/www.suno.com.br\/artigos\/debentures\/\" target=\"_blank\" rel=\"noopener noreferrer\">deb\u00eantures<\/a>\u00a0com valor de face em aberto somando R$ 1,5 bilh\u00e3o.<\/p>\n\t<p>\n\t\t<a href=\"https:\/\/lp.suno.com.br\/ebook-como-analisar-uma-acao\/\" target=\"_blank\" data-element=\"shortcode-suno-banner\" title=\"Banner SUNO, clique e saiba mais\">\n\t\t\t<picture>\n\t\t\t\t<source media=\"(max-width: 500px)\" srcset=\"https:\/\/files.sunoresearch.com.br\/n\/uploads\/2023\/03\/Ebook-Acoes-Mobile.jpg\">\n\t\t\t\t<img class=\"newsContent__article__imgCapa newsContent__article__imgCapa--banner\"\n\t\t\t\t\tsrc=\"https:\/\/files.sunoresearch.com.br\/n\/uploads\/2023\/03\/Ebook-Acoes-Desktop.jpg\"\n\t\t\t\t\tdata-promo-id=\"378302\"\t\t\t\t\t\t\t\t\t\twidth='1420' height='286'\t\t\t\t\talt=\"https:\/\/files.sunoresearch.com.br\/n\/uploads\/2023\/03\/Ebook-Acoes-Desktop.jpg\"\n\t\t\t\t>\n\t\t\t<\/picture>\n\t\t<\/a>\n\t<\/p>\n\n\n<p>De acordo com a empresa, a\u00a0<a href=\"https:\/\/www.suno.com.br\/artigos\/divida-de-curto-prazo-sobre-divida-total\/\" target=\"_blank\" rel=\"noopener noreferrer\">d\u00edvida de curto prazo<\/a>\u00a0relacionada \u00e0 segunda emiss\u00e3o p\u00fablica de<strong>\u00a0deb\u00eantures<\/strong>\u00a0foi parcialmente\u00a0<strong>alongada<\/strong>, passando de 21 de novembro de 2020 para 21 de novembro de 2021.<\/p>\n<p>Al\u00e9m disso, a <strong>CVC<\/strong> informou que ter\u00e1 restri\u00e7\u00f5es quanto ao pagamento de\u00a0<a href=\"https:\/\/www.suno.com.br\/artigos\/dividendos\/\" target=\"_blank\" rel=\"noopener noreferrer\">dividendos<\/a>, com exce\u00e7\u00e3o do m\u00ednimo obrigat\u00f3rio at\u00e9 31 de dezembro de 2020 ou at\u00e9 que o \u00edndice d\u00edvida l\u00edquida\/Ebitda seja igual ou menor que 3,5 vezes.<\/p>\n<p><b>\t<p>\n\t\t<a href=\"https:\/\/lp.suno.com.br\/planilha-de-controle-de-investimentos\/\" target=\"_blank\" data-element=\"shortcode-suno-banner\" title=\"Banner SUNO, clique e saiba mais\">\n\t\t\t<picture>\n\t\t\t\t<source media=\"(max-width: 500px)\" srcset=\"https:\/\/files.sunoresearch.com.br\/n\/uploads\/2023\/03\/400x300-Controle-de-Investimentos.png\">\n\t\t\t\t<img class=\"newsContent__article__imgCapa newsContent__article__imgCapa--banner\"\n\t\t\t\t\tsrc=\"https:\/\/files.sunoresearch.com.br\/n\/uploads\/2023\/03\/1420x240-Controle-de-Investimentos.png\"\n\t\t\t\t\tdata-promo-id=\"75934\"\t\t\t\t\t\t\t\t\t\twidth='1420' height='240'\t\t\t\t\talt=\"https:\/\/files.sunoresearch.com.br\/n\/uploads\/2023\/03\/1420x240-Controle-de-Investimentos.png\"\n\t\t\t\t>\n\t\t\t<\/picture>\n\t\t<\/a>\n\t<\/p>\n\n<\/b><\/p>\n","protected":false},"excerpt":{"rendered":"<p>A CVC (CVCB3) anunciou que vai encerrar as opera\u00e7\u00f5es da Almundo no M\u00e9xico e na Col\u00f4mbia, que foram impactadas pela pandemia mundial e apresentam baixo volume de vendas. CVC encerra opera\u00e7\u00e3o da Almundo no M\u00e9xico e na Col\u00f4mbia Al\u00e9m disso, a CVC vai transferir as opera\u00e7\u00f5es da Almundo Brasil para a Submarino Viagens, sua controlada, [&hellip;]<\/p>\n","protected":false},"author":60,"featured_media":109382,"comment_status":"closed","ping_status":"closed","sticky":false,"template":"","format":"standard","meta":[],"categories":[64],"tags":[442],"suno_strategy":[],"class_list":["post-109378","post","type-post","status-publish","format-standard","has-post-thumbnail","hentry","category-negocios","tag-cvc-cvcb3"],"yoast_head":"<!-- This site is optimized with the Yoast SEO plugin v24.4 - https:\/\/yoast.com\/wordpress\/plugins\/seo\/ -->\n<title>CVC (CVCB3) encerra opera\u00e7\u00f5es da Almundo no M\u00e9xico e na Col\u00f4mbia<\/title>\n<meta name=\"description\" content=\"A CVC (CVCB3) anunciou que vai encerrar as opera\u00e7\u00f5es da Almundo no M\u00e9xico e na Col\u00f4mbia, impactadas pela pandemia mundial.\u00a0\" \/>\n<meta name=\"robots\" content=\"index, follow, max-snippet:-1, max-image-preview:large, max-video-preview:-1\" \/>\n<link rel=\"canonical\" href=\"https:\/\/www.suno.com.br\/noticias\/cvc-cvcb3-encerra-almundo-mexico-colombia\/\" \/>\n<meta property=\"og:locale\" content=\"pt_BR\" \/>\n<meta property=\"og:type\" content=\"article\" \/>\n<meta property=\"og:title\" content=\"CVC (CVCB3) encerra opera\u00e7\u00f5es da Almundo no M\u00e9xico e na Col\u00f4mbia\" \/>\n<meta property=\"og:description\" content=\"A CVC (CVCB3) anunciou que vai encerrar as opera\u00e7\u00f5es da Almundo no M\u00e9xico e na Col\u00f4mbia, impactadas pela pandemia mundial.\u00a0\" \/>\n<meta property=\"og:url\" content=\"https:\/\/www.suno.com.br\/noticias\/cvc-cvcb3-encerra-almundo-mexico-colombia\/\" \/>\n<meta property=\"og:site_name\" content=\"Suno Not\u00edcias\" \/>\n<meta property=\"article:publisher\" content=\"https:\/\/facebook.com\/sunoresearch\" \/>\n<meta property=\"og:image\" content=\"https:\/\/files.sunoresearch.com.br\/n\/uploads\/2020\/12\/7a741495-cvc-almundo.png\" \/>\n\t<meta property=\"og:image:width\" content=\"1000\" \/>\n\t<meta property=\"og:image:height\" content=\"631\" \/>\n\t<meta property=\"og:image:type\" content=\"image\/png\" \/>\n<meta name=\"author\" content=\"Natalia G\u00f3mez\" \/>\n<meta name=\"twitter:card\" content=\"summary_large_image\" \/>\n<meta name=\"twitter:creator\" content=\"@sunoresearch\" \/>\n<meta name=\"twitter:site\" content=\"@sunoresearch\" \/>\n<meta name=\"twitter:label1\" content=\"Escrito por\" \/>\n\t<meta name=\"twitter:data1\" content=\"Natalia G\u00f3mez\" \/>\n\t<meta name=\"twitter:label2\" content=\"Est. tempo de leitura\" \/>\n\t<meta name=\"twitter:data2\" content=\"2 minutos\" \/>\n<script type=\"application\/ld+json\" class=\"yoast-schema-graph\">{\"@context\":\"https:\/\/schema.org\",\"@graph\":[{\"@type\":\"NewsArticle\",\"@id\":\"https:\/\/www.suno.com.br\/noticias\/cvc-cvcb3-encerra-almundo-mexico-colombia\/#article\",\"isPartOf\":{\"@id\":\"https:\/\/www.suno.com.br\/noticias\/cvc-cvcb3-encerra-almundo-mexico-colombia\/\"},\"author\":{\"name\":\"Natalia G\u00f3mez\",\"@id\":\"https:\/\/www.suno.com.br\/noticias\/#\/schema\/person\/1b24d67c140a42e864ef414497edb164\"},\"headline\":\"CVC (CVCB3) encerra opera\u00e7\u00f5es da Almundo no M\u00e9xico e na Col\u00f4mbia\",\"datePublished\":\"2020-12-18T12:13:07+00:00\",\"dateModified\":\"2020-12-18T18:55:29+00:00\",\"mainEntityOfPage\":{\"@id\":\"https:\/\/www.suno.com.br\/noticias\/cvc-cvcb3-encerra-almundo-mexico-colombia\/\"},\"wordCount\":448,\"publisher\":{\"@id\":\"https:\/\/www.suno.com.br\/noticias\/#organization\"},\"image\":{\"@id\":\"https:\/\/www.suno.com.br\/noticias\/cvc-cvcb3-encerra-almundo-mexico-colombia\/#primaryimage\"},\"thumbnailUrl\":\"https:\/\/files.sunoresearch.com.br\/n\/uploads\/2020\/12\/7a741495-cvc-almundo-png.webp\",\"keywords\":[\"CVC (CVCB3)\"],\"articleSection\":[\"Neg\u00f3cios\"],\"inLanguage\":\"pt-BR\"},{\"@type\":\"WebPage\",\"@id\":\"https:\/\/www.suno.com.br\/noticias\/cvc-cvcb3-encerra-almundo-mexico-colombia\/\",\"url\":\"https:\/\/www.suno.com.br\/noticias\/cvc-cvcb3-encerra-almundo-mexico-colombia\/\",\"name\":\"CVC (CVCB3) encerra opera\u00e7\u00f5es da Almundo no M\u00e9xico e na Col\u00f4mbia\",\"isPartOf\":{\"@id\":\"https:\/\/www.suno.com.br\/noticias\/#website\"},\"primaryImageOfPage\":{\"@id\":\"https:\/\/www.suno.com.br\/noticias\/cvc-cvcb3-encerra-almundo-mexico-colombia\/#primaryimage\"},\"image\":{\"@id\":\"https:\/\/www.suno.com.br\/noticias\/cvc-cvcb3-encerra-almundo-mexico-colombia\/#primaryimage\"},\"thumbnailUrl\":\"https:\/\/files.sunoresearch.com.br\/n\/uploads\/2020\/12\/7a741495-cvc-almundo-png.webp\",\"datePublished\":\"2020-12-18T12:13:07+00:00\",\"dateModified\":\"2020-12-18T18:55:29+00:00\",\"description\":\"A CVC (CVCB3) anunciou que vai encerrar as opera\u00e7\u00f5es da Almundo no M\u00e9xico e na Col\u00f4mbia, impactadas pela pandemia mundial.\u00a0\",\"breadcrumb\":{\"@id\":\"https:\/\/www.suno.com.br\/noticias\/cvc-cvcb3-encerra-almundo-mexico-colombia\/#breadcrumb\"},\"inLanguage\":\"pt-BR\",\"potentialAction\":[{\"@type\":\"ReadAction\",\"target\":[\"https:\/\/www.suno.com.br\/noticias\/cvc-cvcb3-encerra-almundo-mexico-colombia\/\"]}]},{\"@type\":\"ImageObject\",\"inLanguage\":\"pt-BR\",\"@id\":\"https:\/\/www.suno.com.br\/noticias\/cvc-cvcb3-encerra-almundo-mexico-colombia\/#primaryimage\",\"url\":\"https:\/\/files.sunoresearch.com.br\/n\/uploads\/2020\/12\/7a741495-cvc-almundo-png.webp\",\"contentUrl\":\"https:\/\/files.sunoresearch.com.br\/n\/uploads\/2020\/12\/7a741495-cvc-almundo-png.webp\",\"width\":1000,\"height\":631,\"caption\":\"CVC encerra opera\u00e7\u00e3o da Almundo no M\u00e9xico e na Col\u00f4mbia\"},{\"@type\":\"BreadcrumbList\",\"@id\":\"https:\/\/www.suno.com.br\/noticias\/cvc-cvcb3-encerra-almundo-mexico-colombia\/#breadcrumb\",\"itemListElement\":[{\"@type\":\"ListItem\",\"position\":1,\"name\":\"Not\u00edcias\",\"item\":\"https:\/\/www.suno.com.br\/noticias\/\"},{\"@type\":\"ListItem\",\"position\":2,\"name\":\"Neg\u00f3cios\",\"item\":\"https:\/\/www.suno.com.br\/noticias\/negocios\/\"},{\"@type\":\"ListItem\",\"position\":3,\"name\":\"CVC (CVCB3) encerra opera\u00e7\u00f5es da Almundo no M\u00e9xico e na Col\u00f4mbia\"}]},{\"@type\":\"WebSite\",\"@id\":\"https:\/\/www.suno.com.br\/noticias\/#website\",\"url\":\"https:\/\/www.suno.com.br\/noticias\/\",\"name\":\"Suno Not\u00edcias\",\"description\":\"Seu portal de informa\u00e7\u00e3o sobre o mundo dos investimentos\",\"publisher\":{\"@id\":\"https:\/\/www.suno.com.br\/noticias\/#organization\"},\"potentialAction\":[{\"@type\":\"SearchAction\",\"target\":{\"@type\":\"EntryPoint\",\"urlTemplate\":\"https:\/\/www.suno.com.br\/noticias\/?s={search_term_string}\"},\"query-input\":{\"@type\":\"PropertyValueSpecification\",\"valueRequired\":true,\"valueName\":\"search_term_string\"}}],\"inLanguage\":\"pt-BR\"},{\"@type\":\"Organization\",\"@id\":\"https:\/\/www.suno.com.br\/noticias\/#organization\",\"name\":\"Suno Not\u00edcias\",\"url\":\"https:\/\/www.suno.com.br\/noticias\/\",\"logo\":{\"@type\":\"ImageObject\",\"inLanguage\":\"pt-BR\",\"@id\":\"https:\/\/www.suno.com.br\/noticias\/#\/schema\/logo\/image\/\",\"url\":\"https:\/\/files.sunoresearch.com.br\/n\/uploads\/2021\/09\/suno-logo.png\",\"contentUrl\":\"https:\/\/files.sunoresearch.com.br\/n\/uploads\/2021\/09\/suno-logo.png\",\"width\":180,\"height\":180,\"caption\":\"Suno Not\u00edcias\"},\"image\":{\"@id\":\"https:\/\/www.suno.com.br\/noticias\/#\/schema\/logo\/image\/\"},\"sameAs\":[\"https:\/\/facebook.com\/sunoresearch\",\"https:\/\/x.com\/sunoresearch\",\"https:\/\/www.instagram.com\/suno\",\"https:\/\/www.linkedin.com\/company\/suno-research\/\",\"https:\/\/www.youtube.com\/c\/sunoresearch\"]},{\"@type\":\"Person\",\"@id\":\"https:\/\/www.suno.com.br\/noticias\/#\/schema\/person\/1b24d67c140a42e864ef414497edb164\",\"name\":\"Natalia G\u00f3mez\",\"image\":{\"@type\":\"ImageObject\",\"inLanguage\":\"pt-BR\",\"@id\":\"https:\/\/www.suno.com.br\/noticias\/#\/schema\/person\/image\/\",\"url\":\"https:\/\/secure.gravatar.com\/avatar\/9e957e0b2b485c2d42c3f4145c16d940?s=96&r=g\",\"contentUrl\":\"https:\/\/secure.gravatar.com\/avatar\/9e957e0b2b485c2d42c3f4145c16d940?s=96&r=g\",\"caption\":\"Natalia G\u00f3mez\"},\"description\":\"Editora do Suno Not\u00edcias desde outubro de 2020, \u00e9 jornalista formada pela PUC-SP, com p\u00f3s-gradua\u00e7\u00e3o em jornalismo liter\u00e1rio. Atua no mercado financeiro desde 2003, quando iniciou a carreira no jornal econ\u00f4mico DCI, cobrindo o setor de alimentos no caderno de Ind\u00fastria. Foi trainee do jornal Valor Econ\u00f4mico, onde atuou no Caderno de Empresas por quase tr\u00eas anos. L\u00e1, cobriu o setor de ind\u00fastria, com foco em siderurgia, embalagens e aeroespacial. Fez coberturas setoriais em viagens para S\u00e3o Jos\u00e9 dos Campos e Franca (SP), al\u00e9m de coberturas internacionais na Alemanha e na Su\u00e9cia. Trabalhou por cinco anos na Ag\u00eancia Estado\/Broadcast, do Grupo Estado, onde foi rep\u00f3rter dos setores de minera\u00e7\u00e3o e siderurgia, alimentos e bebidas e finan\u00e7as. Foi premiada como o pr\u00eamio Destaque de Reportagem da AE em 2007 e 2008. Al\u00e9m de atuar no servi\u00e7o de not\u00edcias em tempo real, fez participa\u00e7\u00f5es no caderno de Economia do jornal Estado de S.Paulo e na R\u00e1dio Eldorado. Ainda no Grupo Estado, foi editora assistente da editoria Empresas e Setores, atuando com edi\u00e7\u00e3o e pauta, al\u00e9m de cobrir mercados diariamente com o cen\u00e1rio de bolsa e fazer reportagens especiais com foco em governan\u00e7a corporativa. Trabalhou tamb\u00e9m como correspondente de finan\u00e7as no servi\u00e7o da Thomson Reuters em portugu\u00eas por quase um ano. Atuou por cerca de oito anos como jornalista independente, contribuindo para ve\u00edculos como UOL Economia, Infomoney e Revista Voc\u00ea SA, al\u00e9m de ter trabalhado em projetos na \u00e1rea de conte\u00fado e comunica\u00e7\u00e3o de institui\u00e7\u00f5es financeiras como Anbima, Banco BS2, Banco Pine, Ita\u00fa BBA e EQI.\",\"url\":\"https:\/\/www.suno.com.br\/noticias\/author\/natalia-gomez\/\"}]}<\/script>\n<!-- \/ Yoast SEO plugin. -->","yoast_head_json":{"title":"CVC (CVCB3) encerra opera\u00e7\u00f5es da Almundo no M\u00e9xico e na Col\u00f4mbia","description":"A CVC (CVCB3) anunciou que vai encerrar as opera\u00e7\u00f5es da Almundo no M\u00e9xico e na Col\u00f4mbia, impactadas pela pandemia mundial.\u00a0","robots":{"index":"index","follow":"follow","max-snippet":"max-snippet:-1","max-image-preview":"max-image-preview:large","max-video-preview":"max-video-preview:-1"},"canonical":"https:\/\/www.suno.com.br\/noticias\/cvc-cvcb3-encerra-almundo-mexico-colombia\/","og_locale":"pt_BR","og_type":"article","og_title":"CVC (CVCB3) encerra opera\u00e7\u00f5es da Almundo no M\u00e9xico e na Col\u00f4mbia","og_description":"A CVC (CVCB3) anunciou que vai encerrar as opera\u00e7\u00f5es da Almundo no M\u00e9xico e na Col\u00f4mbia, impactadas pela pandemia mundial.\u00a0","og_url":"https:\/\/www.suno.com.br\/noticias\/cvc-cvcb3-encerra-almundo-mexico-colombia\/","og_site_name":"Suno Not\u00edcias","article_publisher":"https:\/\/facebook.com\/sunoresearch","og_image":[{"width":1000,"height":631,"url":"https:\/\/files.sunoresearch.com.br\/n\/uploads\/2020\/12\/7a741495-cvc-almundo.png","type":"image\/png"}],"author":"Natalia G\u00f3mez","twitter_card":"summary_large_image","twitter_creator":"@sunoresearch","twitter_site":"@sunoresearch","twitter_misc":{"Escrito por":"Natalia G\u00f3mez","Est. tempo de leitura":"2 minutos"},"schema":{"@context":"https:\/\/schema.org","@graph":[{"@type":"NewsArticle","@id":"https:\/\/www.suno.com.br\/noticias\/cvc-cvcb3-encerra-almundo-mexico-colombia\/#article","isPartOf":{"@id":"https:\/\/www.suno.com.br\/noticias\/cvc-cvcb3-encerra-almundo-mexico-colombia\/"},"author":{"name":"Natalia G\u00f3mez","@id":"https:\/\/www.suno.com.br\/noticias\/#\/schema\/person\/1b24d67c140a42e864ef414497edb164"},"headline":"CVC (CVCB3) encerra opera\u00e7\u00f5es da Almundo no M\u00e9xico e na Col\u00f4mbia","datePublished":"2020-12-18T12:13:07+00:00","dateModified":"2020-12-18T18:55:29+00:00","mainEntityOfPage":{"@id":"https:\/\/www.suno.com.br\/noticias\/cvc-cvcb3-encerra-almundo-mexico-colombia\/"},"wordCount":448,"publisher":{"@id":"https:\/\/www.suno.com.br\/noticias\/#organization"},"image":{"@id":"https:\/\/www.suno.com.br\/noticias\/cvc-cvcb3-encerra-almundo-mexico-colombia\/#primaryimage"},"thumbnailUrl":"https:\/\/files.sunoresearch.com.br\/n\/uploads\/2020\/12\/7a741495-cvc-almundo-png.webp","keywords":["CVC (CVCB3)"],"articleSection":["Neg\u00f3cios"],"inLanguage":"pt-BR"},{"@type":"WebPage","@id":"https:\/\/www.suno.com.br\/noticias\/cvc-cvcb3-encerra-almundo-mexico-colombia\/","url":"https:\/\/www.suno.com.br\/noticias\/cvc-cvcb3-encerra-almundo-mexico-colombia\/","name":"CVC (CVCB3) encerra opera\u00e7\u00f5es da Almundo no M\u00e9xico e na Col\u00f4mbia","isPartOf":{"@id":"https:\/\/www.suno.com.br\/noticias\/#website"},"primaryImageOfPage":{"@id":"https:\/\/www.suno.com.br\/noticias\/cvc-cvcb3-encerra-almundo-mexico-colombia\/#primaryimage"},"image":{"@id":"https:\/\/www.suno.com.br\/noticias\/cvc-cvcb3-encerra-almundo-mexico-colombia\/#primaryimage"},"thumbnailUrl":"https:\/\/files.sunoresearch.com.br\/n\/uploads\/2020\/12\/7a741495-cvc-almundo-png.webp","datePublished":"2020-12-18T12:13:07+00:00","dateModified":"2020-12-18T18:55:29+00:00","description":"A CVC (CVCB3) anunciou que vai encerrar as opera\u00e7\u00f5es da Almundo no M\u00e9xico e na Col\u00f4mbia, impactadas pela pandemia mundial.\u00a0","breadcrumb":{"@id":"https:\/\/www.suno.com.br\/noticias\/cvc-cvcb3-encerra-almundo-mexico-colombia\/#breadcrumb"},"inLanguage":"pt-BR","potentialAction":[{"@type":"ReadAction","target":["https:\/\/www.suno.com.br\/noticias\/cvc-cvcb3-encerra-almundo-mexico-colombia\/"]}]},{"@type":"ImageObject","inLanguage":"pt-BR","@id":"https:\/\/www.suno.com.br\/noticias\/cvc-cvcb3-encerra-almundo-mexico-colombia\/#primaryimage","url":"https:\/\/files.sunoresearch.com.br\/n\/uploads\/2020\/12\/7a741495-cvc-almundo-png.webp","contentUrl":"https:\/\/files.sunoresearch.com.br\/n\/uploads\/2020\/12\/7a741495-cvc-almundo-png.webp","width":1000,"height":631,"caption":"CVC encerra opera\u00e7\u00e3o da Almundo no M\u00e9xico e na Col\u00f4mbia"},{"@type":"BreadcrumbList","@id":"https:\/\/www.suno.com.br\/noticias\/cvc-cvcb3-encerra-almundo-mexico-colombia\/#breadcrumb","itemListElement":[{"@type":"ListItem","position":1,"name":"Not\u00edcias","item":"https:\/\/www.suno.com.br\/noticias\/"},{"@type":"ListItem","position":2,"name":"Neg\u00f3cios","item":"https:\/\/www.suno.com.br\/noticias\/negocios\/"},{"@type":"ListItem","position":3,"name":"CVC (CVCB3) encerra opera\u00e7\u00f5es da Almundo no M\u00e9xico e na Col\u00f4mbia"}]},{"@type":"WebSite","@id":"https:\/\/www.suno.com.br\/noticias\/#website","url":"https:\/\/www.suno.com.br\/noticias\/","name":"Suno Not\u00edcias","description":"Seu portal de informa\u00e7\u00e3o sobre o mundo dos investimentos","publisher":{"@id":"https:\/\/www.suno.com.br\/noticias\/#organization"},"potentialAction":[{"@type":"SearchAction","target":{"@type":"EntryPoint","urlTemplate":"https:\/\/www.suno.com.br\/noticias\/?s={search_term_string}"},"query-input":{"@type":"PropertyValueSpecification","valueRequired":true,"valueName":"search_term_string"}}],"inLanguage":"pt-BR"},{"@type":"Organization","@id":"https:\/\/www.suno.com.br\/noticias\/#organization","name":"Suno Not\u00edcias","url":"https:\/\/www.suno.com.br\/noticias\/","logo":{"@type":"ImageObject","inLanguage":"pt-BR","@id":"https:\/\/www.suno.com.br\/noticias\/#\/schema\/logo\/image\/","url":"https:\/\/files.sunoresearch.com.br\/n\/uploads\/2021\/09\/suno-logo.png","contentUrl":"https:\/\/files.sunoresearch.com.br\/n\/uploads\/2021\/09\/suno-logo.png","width":180,"height":180,"caption":"Suno Not\u00edcias"},"image":{"@id":"https:\/\/www.suno.com.br\/noticias\/#\/schema\/logo\/image\/"},"sameAs":["https:\/\/facebook.com\/sunoresearch","https:\/\/x.com\/sunoresearch","https:\/\/www.instagram.com\/suno","https:\/\/www.linkedin.com\/company\/suno-research\/","https:\/\/www.youtube.com\/c\/sunoresearch"]},{"@type":"Person","@id":"https:\/\/www.suno.com.br\/noticias\/#\/schema\/person\/1b24d67c140a42e864ef414497edb164","name":"Natalia G\u00f3mez","image":{"@type":"ImageObject","inLanguage":"pt-BR","@id":"https:\/\/www.suno.com.br\/noticias\/#\/schema\/person\/image\/","url":"https:\/\/secure.gravatar.com\/avatar\/9e957e0b2b485c2d42c3f4145c16d940?s=96&r=g","contentUrl":"https:\/\/secure.gravatar.com\/avatar\/9e957e0b2b485c2d42c3f4145c16d940?s=96&r=g","caption":"Natalia G\u00f3mez"},"description":"Editora do Suno Not\u00edcias desde outubro de 2020, \u00e9 jornalista formada pela PUC-SP, com p\u00f3s-gradua\u00e7\u00e3o em jornalismo liter\u00e1rio. Atua no mercado financeiro desde 2003, quando iniciou a carreira no jornal econ\u00f4mico DCI, cobrindo o setor de alimentos no caderno de Ind\u00fastria. Foi trainee do jornal Valor Econ\u00f4mico, onde atuou no Caderno de Empresas por quase tr\u00eas anos. L\u00e1, cobriu o setor de ind\u00fastria, com foco em siderurgia, embalagens e aeroespacial. Fez coberturas setoriais em viagens para S\u00e3o Jos\u00e9 dos Campos e Franca (SP), al\u00e9m de coberturas internacionais na Alemanha e na Su\u00e9cia. Trabalhou por cinco anos na Ag\u00eancia Estado\/Broadcast, do Grupo Estado, onde foi rep\u00f3rter dos setores de minera\u00e7\u00e3o e siderurgia, alimentos e bebidas e finan\u00e7as. Foi premiada como o pr\u00eamio Destaque de Reportagem da AE em 2007 e 2008. Al\u00e9m de atuar no servi\u00e7o de not\u00edcias em tempo real, fez participa\u00e7\u00f5es no caderno de Economia do jornal Estado de S.Paulo e na R\u00e1dio Eldorado. Ainda no Grupo Estado, foi editora assistente da editoria Empresas e Setores, atuando com edi\u00e7\u00e3o e pauta, al\u00e9m de cobrir mercados diariamente com o cen\u00e1rio de bolsa e fazer reportagens especiais com foco em governan\u00e7a corporativa. Trabalhou tamb\u00e9m como correspondente de finan\u00e7as no servi\u00e7o da Thomson Reuters em portugu\u00eas por quase um ano. Atuou por cerca de oito anos como jornalista independente, contribuindo para ve\u00edculos como UOL Economia, Infomoney e Revista Voc\u00ea SA, al\u00e9m de ter trabalhado em projetos na \u00e1rea de conte\u00fado e comunica\u00e7\u00e3o de institui\u00e7\u00f5es financeiras como Anbima, Banco BS2, Banco Pine, Ita\u00fa BBA e EQI.","url":"https:\/\/www.suno.com.br\/noticias\/author\/natalia-gomez\/"}]}},"default_loop_html":"<div class=\"cardsPage__listCard__boxs\"><div class=\"cardsPage__listCard__boxs__img\"><a href=\"https:\/\/www.suno.com.br\/noticias\/cvc-cvcb3-encerra-almundo-mexico-colombia\/\"><img class=\"mask\" src=\"https:\/\/www.suno.com.br\/noticias\/wp-content\/themes\/suno\/resources\/images\/spotlight\/spotlight1img\/bg-mask.png\" alt=\"Image Mask\"\/><img src=\"https:\/\/files.sunoresearch.com.br\/n\/uploads\/2020\/12\/7a741495-cvc-almundo-400x200.webp\" alt=\"CVC (CVCB3) encerra opera\u00e7\u00f5es da Almundo no M\u00e9xico e na Col\u00f4mbia\"\/><\/a><span class=\"spotlightCategory\"><a href=\"https:\/\/www.suno.com.br\/noticias\/negocios\/\">Neg\u00f3cios<\/a><\/span><\/div><div class=\"cardsPage__listCard__boxs__content\"><a href=\"https:\/\/www.suno.com.br\/noticias\/cvc-cvcb3-encerra-almundo-mexico-colombia\/\"><h2 class=\"content__title\">CVC (CVCB3) encerra opera\u00e7\u00f5es da Almundo no M\u00e9xico e na Col\u00f4mbia<\/h2><\/a><div class=\"newsContent__article__meta\"><div class=\"newsContent__article__meta__authorBox\"><a href=\"https:\/\/www.suno.com.br\/noticias\/author\/natalia-gomez\/\" class=\"authorBox__avatar noMobi\"><img src=\"https:\/\/secure.gravatar.com\/avatar\/9e957e0b2b485c2d42c3f4145c16d940?s=96&#038;r=g\" alt=\"Natalia G\u00f3mez\"><\/a><div class=\"authorBox__name\"><span>por\n\t\t\t<a href=\"https:\/\/www.suno.com.br\/noticias\/author\/natalia-gomez\/\"><span itemprop=\"author\">Natalia G\u00f3mez<\/span><\/a><\/span><time datetime=\"2020-12-18T09:13:07-03:00\" itemprop=\"datePublished\">18\/12\/2020 09:13<\/time><\/div><\/div><\/div><\/div><\/div>","single_layout":"posts","amp_enabled":true,"_links":{"self":[{"href":"https:\/\/www.suno.com.br\/noticias\/wp-json\/wp\/v2\/posts\/109378"}],"collection":[{"href":"https:\/\/www.suno.com.br\/noticias\/wp-json\/wp\/v2\/posts"}],"about":[{"href":"https:\/\/www.suno.com.br\/noticias\/wp-json\/wp\/v2\/types\/post"}],"author":[{"embeddable":true,"href":"https:\/\/www.suno.com.br\/noticias\/wp-json\/wp\/v2\/users\/60"}],"replies":[{"embeddable":true,"href":"https:\/\/www.suno.com.br\/noticias\/wp-json\/wp\/v2\/comments?post=109378"}],"version-history":[{"count":0,"href":"https:\/\/www.suno.com.br\/noticias\/wp-json\/wp\/v2\/posts\/109378\/revisions"}],"wp:featuredmedia":[{"embeddable":true,"href":"https:\/\/www.suno.com.br\/noticias\/wp-json\/wp\/v2\/media\/109382"}],"wp:attachment":[{"href":"https:\/\/www.suno.com.br\/noticias\/wp-json\/wp\/v2\/media?parent=109378"}],"wp:term":[{"taxonomy":"category","embeddable":true,"href":"https:\/\/www.suno.com.br\/noticias\/wp-json\/wp\/v2\/categories?post=109378"},{"taxonomy":"post_tag","embeddable":true,"href":"https:\/\/www.suno.com.br\/noticias\/wp-json\/wp\/v2\/tags?post=109378"},{"taxonomy":"suno_strategy","embeddable":true,"href":"https:\/\/www.suno.com.br\/noticias\/wp-json\/wp\/v2\/suno_strategy?post=109378"}],"curies":[{"name":"wp","href":"https:\/\/api.w.org\/{rel}","templated":true}]}}