{"id":108945,"date":"2020-12-17T08:53:22","date_gmt":"2020-12-17T11:53:22","guid":{"rendered":"https:\/\/www.suno.com.br\/noticias\/?p=108945"},"modified":"2021-05-30T19:16:24","modified_gmt":"2021-05-30T22:16:24","slug":"destaques-de-empresas-magazine-luiza-mglu3-carrefour-crfb3","status":"publish","type":"post","link":"https:\/\/www.suno.com.br\/noticias\/destaques-de-empresas-magazine-luiza-mglu3-carrefour-crfb3\/","title":{"rendered":"Destaques de Empresas: Magalu (MGLU3), Carrefour (CRFB3) e Bradesco (BBDC4)"},"content":{"rendered":"<p>Nos <strong>destaques de empresas<\/strong> desta quinta-feira (17), chama aten\u00e7\u00e3o a nova estrutura organizacional do <a href=\"https:\/\/www.suno.com.br\/acoes\/mglu3\/\"><strong>Magazine Luiza<\/strong> (MGLU3)<\/a> e a aquisi\u00e7\u00e3o de cinco lojas e dois postos da rede Makro pelo <a href=\"https:\/\/www.suno.com.br\/acoes\/cpfe3\/\">Carrefour (CRFB3)<\/a>.<\/p>\t<div class=\"wrapper-featured-image\">\n\t\t<figure class=\"spotlightImg\">\n\n\t\t\t<picture>\n\t\t\t\t<source media=\"(max-width: 768px)\" srcset=\"https:\/\/files.sunoresearch.com.br\/n\/uploads\/2020\/12\/b6928790-magazine-luiza-400x200.webp\">\n\t\t\t\t<img loading=\"lazy\" decoding=\"async\" class=\"newsContent__article__imgCapa lazyloadDisabled \" src=\"https:\/\/files.sunoresearch.com.br\/n\/uploads\/2020\/12\/b6928790-magazine-luiza-800x450.webp\" width=\"800\" height=\"450\" alt=\"Destaques de Empresas: Magalu (MGLU3), Carrefour (CRFB3) e Bradesco (BBDC4)\" fetchpriority=high \/>\n\t\t\t<\/picture>\n\n\t\t\t<figcaption class=\"wp-caption-text wp-caption-text--show\">Os destaques de empresas do Suno Not\u00edcias mostram os principais acontecimentos que prometem movimentar o mercado durante o dia. Clique aqui<\/figcaption>\n\t\t<\/figure>\n\t<\/div>\n\n\n\t<p>\n\t\t<a href=\"https:\/\/lp.suno.com.br\/planilha-controle-gastos\/\" target=\"_blank\" data-element=\"shortcode-suno-banner\" title=\"Banner SUNO, clique e saiba mais\">\n\t\t\t<picture>\n\t\t\t\t<source media=\"(max-width: 500px)\" srcset=\"https:\/\/files.sunoresearch.com.br\/n\/uploads\/2023\/03\/400x300-Planilha-controle-de-gastos.png\">\n\t\t\t\t<img class=\"newsContent__article__imgCapa newsContent__article__imgCapa--banner\"\n\t\t\t\t\tsrc=\"https:\/\/files.sunoresearch.com.br\/n\/uploads\/2023\/03\/1420x240-Planilha-controle-de-gastos.png\"\n\t\t\t\t\tdata-promo-id=\"101751\"\t\t\t\t\t\t\t\t\t\twidth='1420' height='240'\t\t\t\t\talt=\"https:\/\/files.sunoresearch.com.br\/n\/uploads\/2023\/03\/1420x240-Planilha-controle-de-gastos.png\"\n\t\t\t\t>\n\t\t\t<\/picture>\n\t\t<\/a>\n\t<\/p>\n\n\n<p>Al\u00e9m disso, dentre o destaques de empresas est\u00e1 o pagamento de<a href=\"https:\/\/www.suno.com.br\/artigos\/entenda-o-jcp\/\"> juros sobre o capital pr\u00f3prio (JCP)<\/a> do <a href=\"https:\/\/www.suno.com.br\/acoes\/bbdc4\/\"><strong>Bradesco<\/strong> (BBDC4)<\/a> e do <a href=\"https:\/\/www.suno.com.br\/acoes\/pomo4\/\"><strong>Marcopolo <\/strong>(POMO4)<\/a>. Por sua vez, a\u00a0<a href=\"https:\/\/www.suno.com.br\/acoes\/b3sa3\/\"><strong>B3<\/strong> (B3SA3)<\/a> lan\u00e7ou um servi\u00e7o de p\u00f3s-negocia\u00e7\u00e3o para t\u00edtulos p\u00fablicos.<\/p>\n<p><a href=\"https:\/\/lp.suno.com.br\/suno-one\/\">Suno One: acesse gratuitamente eBooks, Minicursos, Artigos e Video Aulas sobre investimentos com um \u00fanico cadastro. Clique para saber mais!<\/a><\/p>\n<p>Ademais, a\u00a0<a href=\"https:\/\/www.suno.com.br\/acoes\/rail3\/\" target=\"_blank\" rel=\"noopener noreferrer\"><strong>Rumo<\/strong> (RAIL3)<\/a> vai captar R$ 1 bilh\u00e3o em <a href=\"https:\/\/www.suno.com.br\/artigos\/debentures\/\">deb\u00eantures<\/a> e a <a href=\"https:\/\/www.suno.com.br\/acoes\/azul4\/\"><strong>Azul<\/strong> (AZUL4)<\/a> espera operar mais de 100% da capacidade dom\u00e9stica no primeiro trimestre de 2021.<\/p>\n<p>Confira os destaques de empresas:<\/p>\n<h2>Magazine Luiza<\/h2>\n<p>O <strong>Magalu<\/strong> apresentou na noite da \u00faltima quarta-feira (16) sua nova estrutura organizacional. A gigante varejista criou tr\u00eas vice-presid\u00eancias, buscando garantir a melhor execu\u00e7\u00e3o da sua estrat\u00e9gia para se tornar o ecossistema que ir\u00e1 digitalizar o varejo brasileiro atrav\u00e9s de um <a href=\"https:\/\/www.suno.com.br\/artigos\/marketplace\/\">marketplace<\/a> multicanal.<\/p>\n\t<div data-element=\"shortcode-read-more\" class=\"knowMore\">\n\t\t\t\t<span class=\"knowMore__title\">Saiba Mais<\/span>\n\t\t\t\t<a class=\"knowMore__link\" href=\"https:\/\/www.suno.com.br\/noticias\/magazine-luiza-mglu3-estrutura-vice-presidencias\/\">\n\t\t\tMagazine Luiza (MGLU3) cria tr\u00eas vice-presid\u00eancias em nova estrutura organizacional\t\t<\/a>\n\t<\/div>\n\n\n<p>Nesse sentido, o Magazine Luiza criou a<strong> vice-presid\u00eancia de Opera\u00e7\u00f5es<\/strong>, que est\u00e1 sob o comando de<strong> Fabr\u00edcio Garcia<\/strong>. Esta ser\u00e1 respons\u00e1vel pela opera\u00e7\u00e3o e expans\u00e3o das lojas f\u00edsicas do <strong>Magalu,<\/strong> bem como por toda log\u00edstica e distribui\u00e7\u00e3o.<\/p>\n<h2>Carrefour<\/h2>\n<p>Entre os destaques de empresas est\u00e1 o <strong>Grupo Carrefour Brasil<\/strong> que\u00a0informou ontem que fechou os contratos definitivos para aquisi\u00e7\u00e3o de cinco lojas pr\u00f3prias e dois postos de combust\u00edveis da rede Makro, localizados em cinco estados brasileiros.<\/p>\n\t<div data-element=\"shortcode-read-more\" class=\"knowMore\">\n\t\t\t\t<span class=\"knowMore__title\">Saiba Mais<\/span>\n\t\t\t\t<a class=\"knowMore__link\" href=\"https:\/\/www.suno.com.br\/noticias\/carrefour-crfb3-adquire-lojas-postos-makro\/\">\n\t\t\tCarrefour (CRFB3) adquire cinco lojas e dois postos da rede Makro\t\t<\/a>\n\t<\/div>\n\n\n<p>O Carrefour pagou, ainda na quarta-feira, R$ 519.263.265,oo ao <strong>Makro<\/strong> pelos im\u00f3veis. Vale destacar que esta opera\u00e7\u00e3o faz parte de um acordo fechado entre ambas as companhias em fevereiro deste ano. O acordo previa a aquisi\u00e7\u00e3o de 30 lojas da rede Makro pela companhia francesa por cerca de R$ 1,95 bilh\u00e3o.<\/p>\n<h2>Bradesco<\/h2>\n<p>O <strong>Bradesco<\/strong> comunicou via <a href=\"https:\/\/www.suno.com.br\/artigos\/fato-relevante\/\">fato relevante<\/a>, que seu conselho de administra\u00e7\u00e3o aprovou o pagamento de juros sobre o capital pr\u00f3prio complementares no valor total de R$ 3,502 bilh\u00f5es.<\/p>\n\t<div data-element=\"shortcode-read-more\" class=\"knowMore\">\n\t\t\t\t<span class=\"knowMore__title\">Saiba Mais<\/span>\n\t\t\t\t<a class=\"knowMore__link\" href=\"https:\/\/www.suno.com.br\/noticias\/bradesco-bbdc4-pagamento-jcp\/\">\n\t\t\tBradesco (BBDC4) vai pagar R$ 3,502 bi em juros sobre o capital pr\u00f3prio\t\t<\/a>\n\t<\/div>\n\n\n<p>De acordo com o documento, o montante corresponde a R$ 0,377521225 por <a href=\"https:\/\/www.suno.com.br\/artigos\/acoes-ordinarias\/\">a\u00e7\u00e3o ordin\u00e1ria<\/a> e R$ 0,415273347 por <a href=\"https:\/\/www.suno.com.br\/artigos\/acoes-preferenciais\/\"><strong>a\u00e7\u00e3o preferencial do Bradesco<\/strong><\/a>.<\/p>\n\t<p>\n\t\t<a href=\"https:\/\/lp.suno.com.br\/planilha-da-vida-financeira\/\" target=\"_blank\" data-element=\"shortcode-suno-banner\" title=\"Banner SUNO, clique e saiba mais\">\n\t\t\t<picture>\n\t\t\t\t<source media=\"(max-width: 500px)\" srcset=\"https:\/\/files.sunoresearch.com.br\/n\/uploads\/2023\/04\/400x300-Planilha-vida-financeira-true.png\">\n\t\t\t\t<img class=\"newsContent__article__imgCapa newsContent__article__imgCapa--banner\"\n\t\t\t\t\tsrc=\"https:\/\/files.sunoresearch.com.br\/n\/uploads\/2023\/04\/1420x240-Planilha-vida-financeira-true.png\"\n\t\t\t\t\tdata-promo-id=\"106682\"\t\t\t\t\t\t\t\t\t\twidth='1420' height='240'\t\t\t\t\talt=\"https:\/\/files.sunoresearch.com.br\/n\/uploads\/2023\/04\/1420x240-Planilha-vida-financeira-true.png\"\n\t\t\t\t>\n\t\t\t<\/picture>\n\t\t<\/a>\n\t<\/p>\n\n\n<h2>Marcopolo<\/h2>\n<p>A fabricante de carrocerias de \u00f4nibus <strong>Marcopolo<\/strong>\u00a0tamb\u00e9m informou ao mercado a aprova\u00e7\u00e3o por parte de seu <a href=\"https:\/\/www.suno.com.br\/artigos\/conselho-administracao\/\">conselho de administra\u00e7\u00e3o<\/a> do pagamento de JCP \u00e0 de raz\u00e3o de R$ 0,02 por a\u00e7\u00e3o.<\/p>\n\t<div data-element=\"shortcode-read-more\" class=\"knowMore\">\n\t\t\t\t<span class=\"knowMore__title\">Saiba Mais<\/span>\n\t\t\t\t<a class=\"knowMore__link\" href=\"https:\/\/www.suno.com.br\/noticias\/marcopolo-pomo4-aprova-pagamento-jcp\/\">\n\t\t\tMarcopolo (POMO4) aprova pagamento de  R$ 0,02 por a\u00e7\u00e3o em JCP\t\t<\/a>\n\t<\/div>\n\n\n<p>De acordo com documento da Marcopolo enviado \u00e0 <a href=\"https:\/\/www.suno.com.br\/artigos\/cvm\/\">Comiss\u00e3o de Valores Mobili\u00e1rios (CVM)<\/a>, os juros ser\u00e3o creditados na conta individualizada de cada acionista em 22 dezembro, com base nas posi\u00e7\u00f5es dos acionistas do mesmo dia.<\/p>\n<h2>B3<\/h2>\n<p>Est\u00e1 tamb\u00e9m nos destaques de empresas de hoje a <strong>B3<\/strong> que estreou o servi\u00e7o de p\u00f3s-negocia\u00e7\u00e3o para opera\u00e7\u00f5es de t\u00edtulos p\u00fablicos federais que s\u00e3o negociados em sua plataforma &#8220;Trader&#8221;. O servi\u00e7o tamb\u00e9m possibilita a integra\u00e7\u00e3o dos sistemas internos de cada institui\u00e7\u00e3o, bem como o acompanhamento\u00a0 dos processos de p\u00f3s-negocia\u00e7\u00e3o em tempo real.<\/p>\n\t<div data-element=\"shortcode-read-more\" class=\"knowMore\">\n\t\t\t\t<span class=\"knowMore__title\">Saiba Mais<\/span>\n\t\t\t\t<a class=\"knowMore__link\" href=\"https:\/\/www.suno.com.br\/noticias\/b3-b3sa3-pos-negociacao-titulos-publicos\/\">\n\t\t\tB3 (B3SA3) lan\u00e7a servi\u00e7o de p\u00f3s-negocia\u00e7\u00e3o para T\u00edtulos P\u00fablicos\t\t<\/a>\n\t<\/div>\n\n\n<p>Em seu comunicado, a B3 apontou que esse novo servi\u00e7o tem o objetivo de automatizar os processos de<strong> p\u00f3s-negocia\u00e7\u00e3o<\/strong> para ativos de <a href=\"https:\/\/www.suno.com.br\/artigos\/investimento-renda-fixa\/\"><strong>renda fixa<\/strong><\/a>, e garantir uma maior efici\u00eancia operacional.<\/p>\n<h2>Rumo<\/h2>\n<p>A <strong>Rumo<\/strong> vai fazer uma oferta p\u00fablica de deb\u00eantures simples, n\u00e3o convers\u00edveis em a\u00e7\u00f5es, de R$ 1 bilh\u00e3o, que ocorrer\u00e1 em duas s\u00e9ries. A oferta (CVM400) \u00e9 voltada tanto para<a href=\"https:\/\/www.suno.com.br\/artigos\/investidor-qualificado\/\" target=\"_blank\" rel=\"noopener noreferrer\"> investidores institucionais<\/a> quanto para pessoas f\u00edsicas.<\/p>\n\t<div data-element=\"shortcode-read-more\" class=\"knowMore\">\n\t\t\t\t<span class=\"knowMore__title\">Saiba Mais<\/span>\n\t\t\t\t<a class=\"knowMore__link\" href=\"https:\/\/www.suno.com.br\/noticias\/rumo-rail3-captar-1-bilhao-debentures\/\">\n\t\t\tRumo (RAIL3) vai captar R$ 1 bilh\u00e3o em deb\u00eantures\t\t<\/a>\n\t<\/div>\n\n\n<p>Todos os recursos ser\u00e3o destinados para a controlada<strong> Rumo Malha Paulista<\/strong>, que far\u00e1 investimentos previstos no 2\u00ba termo aditivo ao contrato de concess\u00e3o da malha paulista.<\/p>\n<h2>Azul<\/h2>\n<p>A <strong>Azul<\/strong> anunciou ontem\u00a0 as proje\u00e7\u00f5es de capacidade para dezembro de 2020 e para o primeiro trimestre de 2021.<\/p>\n\t<div data-element=\"shortcode-read-more\" class=\"knowMore\">\n\t\t\t\t<span class=\"knowMore__title\">Saiba Mais<\/span>\n\t\t\t\t<a class=\"knowMore__link\" href=\"https:\/\/www.suno.com.br\/noticias\/azul-azul4-operar-mais-100-1t21\/\">\n\t\t\tAzul (AZUL4) espera operar mais de 100% da capacidade dom\u00e9stica no 1T21\t\t<\/a>\n\t<\/div>\n\n\n<p>Segundo fato relevante divulgado pela companhia a\u00e9rea, a Azul espera operar aproximadamente 70% de sua capacidade total em dezembro na base anualizada.<\/p>\n<p>Os<a href=\"https:\/\/www.youtube.com\/channel\/UCWDeEIDAIi_oYKDiqwfGyRg\"> <strong>destaques de empresas<\/strong><\/a> do<a href=\"https:\/\/www.suno.com.br\/noticias\/\"> Suno Not\u00edcias<\/a> mostram os principais acontecimentos que prometem movimentar o mercado durante o dia.<\/p>\n<p><span style=\"font-weight: 400;\">\t<p>\n\t\t<a href=\"https:\/\/lp.suno.com.br\/planilha-de-controle-de-investimentos\/\" target=\"_blank\" data-element=\"shortcode-suno-banner\" title=\"Banner SUNO, clique e saiba mais\">\n\t\t\t<picture>\n\t\t\t\t<source media=\"(max-width: 500px)\" srcset=\"https:\/\/files.sunoresearch.com.br\/n\/uploads\/2023\/03\/400x300-Controle-de-Investimentos.png\">\n\t\t\t\t<img class=\"newsContent__article__imgCapa newsContent__article__imgCapa--banner\"\n\t\t\t\t\tsrc=\"https:\/\/files.sunoresearch.com.br\/n\/uploads\/2023\/03\/1420x240-Controle-de-Investimentos.png\"\n\t\t\t\t\tdata-promo-id=\"75934\"\t\t\t\t\t\t\t\t\t\twidth='1420' height='240'\t\t\t\t\talt=\"https:\/\/files.sunoresearch.com.br\/n\/uploads\/2023\/03\/1420x240-Controle-de-Investimentos.png\"\n\t\t\t\t>\n\t\t\t<\/picture>\n\t\t<\/a>\n\t<\/p>\n\n<\/span><\/p>\n","protected":false},"excerpt":{"rendered":"<p>Nos destaques de empresas desta quinta-feira (17), chama aten\u00e7\u00e3o a nova estrutura organizacional do Magazine Luiza (MGLU3) e a aquisi\u00e7\u00e3o de cinco lojas e dois postos da rede Makro pelo Carrefour (CRFB3). Os destaques de empresas do Suno Not\u00edcias mostram os principais acontecimentos que prometem movimentar o mercado durante o dia. Clique aqui Al\u00e9m disso, [&hellip;]<\/p>\n","protected":false},"author":15,"featured_media":108955,"comment_status":"closed","ping_status":"closed","sticky":false,"template":"","format":"standard","meta":[],"categories":[64],"tags":[367,392,405,104831,548],"suno_strategy":[],"class_list":["post-108945","post","type-post","status-publish","format-standard","has-post-thumbnail","hentry","category-negocios","tag-b3-b3sa3","tag-bradesco-bbdc3-bbdc4","tag-carrefour-crfb3","tag-destaques-de-empresas","tag-magazine-luiza-mglu3"],"yoast_head":"<!-- This site is optimized with the Yoast SEO plugin v24.4 - https:\/\/yoast.com\/wordpress\/plugins\/seo\/ -->\n<title>Destaques de Empresas: Magalu (MGLU3), Carrefour (CRFB3) e B3<\/title>\n<meta name=\"description\" content=\"Os destaques de empresas do Suno Not\u00edcias mostram os principais acontecimentos que prometem movimentar o mercado durante o dia. Clique aqui\" \/>\n<meta name=\"robots\" content=\"index, follow, max-snippet:-1, max-image-preview:large, max-video-preview:-1\" \/>\n<link rel=\"canonical\" href=\"https:\/\/www.suno.com.br\/noticias\/destaques-de-empresas-magazine-luiza-mglu3-carrefour-crfb3\/\" \/>\n<meta property=\"og:locale\" content=\"pt_BR\" \/>\n<meta property=\"og:type\" content=\"article\" \/>\n<meta property=\"og:title\" content=\"Destaques de Empresas: Magalu (MGLU3), Carrefour (CRFB3) e B3\" \/>\n<meta property=\"og:description\" content=\"Os destaques de empresas do Suno Not\u00edcias mostram os principais acontecimentos que prometem movimentar o mercado durante o dia. Clique aqui\" \/>\n<meta property=\"og:url\" content=\"https:\/\/www.suno.com.br\/noticias\/destaques-de-empresas-magazine-luiza-mglu3-carrefour-crfb3\/\" \/>\n<meta property=\"og:site_name\" content=\"Suno Not\u00edcias\" \/>\n<meta property=\"article:publisher\" content=\"https:\/\/facebook.com\/sunoresearch\" \/>\n<meta property=\"og:image\" content=\"https:\/\/files.sunoresearch.com.br\/n\/uploads\/2020\/12\/b6928790-magazine-luiza.jpg\" \/>\n\t<meta property=\"og:image:width\" content=\"1600\" \/>\n\t<meta property=\"og:image:height\" content=\"890\" \/>\n\t<meta property=\"og:image:type\" content=\"image\/jpeg\" \/>\n<meta name=\"author\" content=\"Poliana Santos\" \/>\n<meta name=\"twitter:card\" content=\"summary_large_image\" \/>\n<meta name=\"twitter:creator\" content=\"@sunoresearch\" \/>\n<meta name=\"twitter:site\" content=\"@sunoresearch\" \/>\n<meta name=\"twitter:label1\" content=\"Escrito por\" \/>\n\t<meta name=\"twitter:data1\" content=\"Poliana Santos\" \/>\n\t<meta name=\"twitter:label2\" content=\"Est. tempo de leitura\" \/>\n\t<meta name=\"twitter:data2\" content=\"4 minutos\" \/>\n<script type=\"application\/ld+json\" class=\"yoast-schema-graph\">{\"@context\":\"https:\/\/schema.org\",\"@graph\":[{\"@type\":\"NewsArticle\",\"@id\":\"https:\/\/www.suno.com.br\/noticias\/destaques-de-empresas-magazine-luiza-mglu3-carrefour-crfb3\/#article\",\"isPartOf\":{\"@id\":\"https:\/\/www.suno.com.br\/noticias\/destaques-de-empresas-magazine-luiza-mglu3-carrefour-crfb3\/\"},\"author\":{\"name\":\"Poliana Santos\",\"@id\":\"https:\/\/www.suno.com.br\/noticias\/#\/schema\/person\/02ec1f752758247878a2bf4abee1aeda\"},\"headline\":\"Destaques de Empresas: Magalu (MGLU3), Carrefour (CRFB3) e Bradesco (BBDC4)\",\"datePublished\":\"2020-12-17T11:53:22+00:00\",\"dateModified\":\"2021-05-30T22:16:24+00:00\",\"mainEntityOfPage\":{\"@id\":\"https:\/\/www.suno.com.br\/noticias\/destaques-de-empresas-magazine-luiza-mglu3-carrefour-crfb3\/\"},\"wordCount\":749,\"publisher\":{\"@id\":\"https:\/\/www.suno.com.br\/noticias\/#organization\"},\"image\":{\"@id\":\"https:\/\/www.suno.com.br\/noticias\/destaques-de-empresas-magazine-luiza-mglu3-carrefour-crfb3\/#primaryimage\"},\"thumbnailUrl\":\"https:\/\/files.sunoresearch.com.br\/n\/uploads\/2020\/12\/b6928790-magazine-luiza-jpg.webp\",\"keywords\":[\"B3 (B3SA3)\",\"Bradesco (BBDC3\/BBDC4)\",\"Carrefour (CRFB3)\",\"destaques de empresas\",\"Magazine Luiza (MGLU3)\"],\"articleSection\":[\"Neg\u00f3cios\"],\"inLanguage\":\"pt-BR\"},{\"@type\":\"WebPage\",\"@id\":\"https:\/\/www.suno.com.br\/noticias\/destaques-de-empresas-magazine-luiza-mglu3-carrefour-crfb3\/\",\"url\":\"https:\/\/www.suno.com.br\/noticias\/destaques-de-empresas-magazine-luiza-mglu3-carrefour-crfb3\/\",\"name\":\"Destaques de Empresas: Magalu (MGLU3), Carrefour (CRFB3) e B3\",\"isPartOf\":{\"@id\":\"https:\/\/www.suno.com.br\/noticias\/#website\"},\"primaryImageOfPage\":{\"@id\":\"https:\/\/www.suno.com.br\/noticias\/destaques-de-empresas-magazine-luiza-mglu3-carrefour-crfb3\/#primaryimage\"},\"image\":{\"@id\":\"https:\/\/www.suno.com.br\/noticias\/destaques-de-empresas-magazine-luiza-mglu3-carrefour-crfb3\/#primaryimage\"},\"thumbnailUrl\":\"https:\/\/files.sunoresearch.com.br\/n\/uploads\/2020\/12\/b6928790-magazine-luiza-jpg.webp\",\"datePublished\":\"2020-12-17T11:53:22+00:00\",\"dateModified\":\"2021-05-30T22:16:24+00:00\",\"description\":\"Os destaques de empresas do Suno Not\u00edcias mostram os principais acontecimentos que prometem movimentar o mercado durante o dia. Clique aqui\",\"breadcrumb\":{\"@id\":\"https:\/\/www.suno.com.br\/noticias\/destaques-de-empresas-magazine-luiza-mglu3-carrefour-crfb3\/#breadcrumb\"},\"inLanguage\":\"pt-BR\",\"potentialAction\":[{\"@type\":\"ReadAction\",\"target\":[\"https:\/\/www.suno.com.br\/noticias\/destaques-de-empresas-magazine-luiza-mglu3-carrefour-crfb3\/\"]}]},{\"@type\":\"ImageObject\",\"inLanguage\":\"pt-BR\",\"@id\":\"https:\/\/www.suno.com.br\/noticias\/destaques-de-empresas-magazine-luiza-mglu3-carrefour-crfb3\/#primaryimage\",\"url\":\"https:\/\/files.sunoresearch.com.br\/n\/uploads\/2020\/12\/b6928790-magazine-luiza-jpg.webp\",\"contentUrl\":\"https:\/\/files.sunoresearch.com.br\/n\/uploads\/2020\/12\/b6928790-magazine-luiza-jpg.webp\",\"width\":1600,\"height\":890,\"caption\":\"Os destaques de empresas do Suno Not\u00edcias mostram os principais acontecimentos que prometem movimentar o mercado durante o dia. Clique aqui\"},{\"@type\":\"BreadcrumbList\",\"@id\":\"https:\/\/www.suno.com.br\/noticias\/destaques-de-empresas-magazine-luiza-mglu3-carrefour-crfb3\/#breadcrumb\",\"itemListElement\":[{\"@type\":\"ListItem\",\"position\":1,\"name\":\"Not\u00edcias\",\"item\":\"https:\/\/www.suno.com.br\/noticias\/\"},{\"@type\":\"ListItem\",\"position\":2,\"name\":\"Neg\u00f3cios\",\"item\":\"https:\/\/www.suno.com.br\/noticias\/negocios\/\"},{\"@type\":\"ListItem\",\"position\":3,\"name\":\"Destaques de Empresas: Magalu (MGLU3), Carrefour (CRFB3) e Bradesco (BBDC4)\"}]},{\"@type\":\"WebSite\",\"@id\":\"https:\/\/www.suno.com.br\/noticias\/#website\",\"url\":\"https:\/\/www.suno.com.br\/noticias\/\",\"name\":\"Suno Not\u00edcias\",\"description\":\"Seu portal de informa\u00e7\u00e3o sobre o mundo dos investimentos\",\"publisher\":{\"@id\":\"https:\/\/www.suno.com.br\/noticias\/#organization\"},\"potentialAction\":[{\"@type\":\"SearchAction\",\"target\":{\"@type\":\"EntryPoint\",\"urlTemplate\":\"https:\/\/www.suno.com.br\/noticias\/?s={search_term_string}\"},\"query-input\":{\"@type\":\"PropertyValueSpecification\",\"valueRequired\":true,\"valueName\":\"search_term_string\"}}],\"inLanguage\":\"pt-BR\"},{\"@type\":\"Organization\",\"@id\":\"https:\/\/www.suno.com.br\/noticias\/#organization\",\"name\":\"Suno Not\u00edcias\",\"url\":\"https:\/\/www.suno.com.br\/noticias\/\",\"logo\":{\"@type\":\"ImageObject\",\"inLanguage\":\"pt-BR\",\"@id\":\"https:\/\/www.suno.com.br\/noticias\/#\/schema\/logo\/image\/\",\"url\":\"https:\/\/files.sunoresearch.com.br\/n\/uploads\/2021\/09\/suno-logo.png\",\"contentUrl\":\"https:\/\/files.sunoresearch.com.br\/n\/uploads\/2021\/09\/suno-logo.png\",\"width\":180,\"height\":180,\"caption\":\"Suno Not\u00edcias\"},\"image\":{\"@id\":\"https:\/\/www.suno.com.br\/noticias\/#\/schema\/logo\/image\/\"},\"sameAs\":[\"https:\/\/facebook.com\/sunoresearch\",\"https:\/\/x.com\/sunoresearch\",\"https:\/\/www.instagram.com\/suno\",\"https:\/\/www.linkedin.com\/company\/suno-research\/\",\"https:\/\/www.youtube.com\/c\/sunoresearch\"]},{\"@type\":\"Person\",\"@id\":\"https:\/\/www.suno.com.br\/noticias\/#\/schema\/person\/02ec1f752758247878a2bf4abee1aeda\",\"name\":\"Poliana Santos\",\"image\":{\"@type\":\"ImageObject\",\"inLanguage\":\"pt-BR\",\"@id\":\"https:\/\/www.suno.com.br\/noticias\/#\/schema\/person\/image\/\",\"url\":\"https:\/\/secure.gravatar.com\/avatar\/0645bd32f23d87b2130f2b2dff1d3f8d?s=96&r=g\",\"contentUrl\":\"https:\/\/secure.gravatar.com\/avatar\/0645bd32f23d87b2130f2b2dff1d3f8d?s=96&r=g\",\"caption\":\"Poliana Santos\"},\"description\":\"Rep\u00f3rter no Suno Not\u00edcias, com cobertura em mercado financeiro, economia, finan\u00e7as pessoais, renda fixa e varejo. Jornalista formada pela Faculdade C\u00e1sper L\u00edbero e possui passagem na R\u00e1dio Gazeta AM com a produ\u00e7\u00e3o de conte\u00fado sobre economia, pol\u00edtica, sa\u00fade, moda e m\u00fasica. Possui certificado de conclus\u00e3o do curso de An\u00e1lise de Balan\u00e7os pela Funda\u00e7\u00e3o Bradesco, Agenda Brasil pela FAAP, Educa\u00e7\u00e3o Pol\u00edtica por Alexandre Garcia e do Tesouro Direto e Mercado de A\u00e7\u00f5es pela B3.\",\"url\":\"https:\/\/www.suno.com.br\/noticias\/author\/poliana-santos\/\"}]}<\/script>\n<!-- \/ Yoast SEO plugin. -->","yoast_head_json":{"title":"Destaques de Empresas: Magalu (MGLU3), Carrefour (CRFB3) e B3","description":"Os destaques de empresas do Suno Not\u00edcias mostram os principais acontecimentos que prometem movimentar o mercado durante o dia. Clique aqui","robots":{"index":"index","follow":"follow","max-snippet":"max-snippet:-1","max-image-preview":"max-image-preview:large","max-video-preview":"max-video-preview:-1"},"canonical":"https:\/\/www.suno.com.br\/noticias\/destaques-de-empresas-magazine-luiza-mglu3-carrefour-crfb3\/","og_locale":"pt_BR","og_type":"article","og_title":"Destaques de Empresas: Magalu (MGLU3), Carrefour (CRFB3) e B3","og_description":"Os destaques de empresas do Suno Not\u00edcias mostram os principais acontecimentos que prometem movimentar o mercado durante o dia. Clique aqui","og_url":"https:\/\/www.suno.com.br\/noticias\/destaques-de-empresas-magazine-luiza-mglu3-carrefour-crfb3\/","og_site_name":"Suno Not\u00edcias","article_publisher":"https:\/\/facebook.com\/sunoresearch","og_image":[{"width":1600,"height":890,"url":"https:\/\/files.sunoresearch.com.br\/n\/uploads\/2020\/12\/b6928790-magazine-luiza.jpg","type":"image\/jpeg"}],"author":"Poliana Santos","twitter_card":"summary_large_image","twitter_creator":"@sunoresearch","twitter_site":"@sunoresearch","twitter_misc":{"Escrito por":"Poliana Santos","Est. tempo de leitura":"4 minutos"},"schema":{"@context":"https:\/\/schema.org","@graph":[{"@type":"NewsArticle","@id":"https:\/\/www.suno.com.br\/noticias\/destaques-de-empresas-magazine-luiza-mglu3-carrefour-crfb3\/#article","isPartOf":{"@id":"https:\/\/www.suno.com.br\/noticias\/destaques-de-empresas-magazine-luiza-mglu3-carrefour-crfb3\/"},"author":{"name":"Poliana Santos","@id":"https:\/\/www.suno.com.br\/noticias\/#\/schema\/person\/02ec1f752758247878a2bf4abee1aeda"},"headline":"Destaques de Empresas: Magalu (MGLU3), Carrefour (CRFB3) e Bradesco (BBDC4)","datePublished":"2020-12-17T11:53:22+00:00","dateModified":"2021-05-30T22:16:24+00:00","mainEntityOfPage":{"@id":"https:\/\/www.suno.com.br\/noticias\/destaques-de-empresas-magazine-luiza-mglu3-carrefour-crfb3\/"},"wordCount":749,"publisher":{"@id":"https:\/\/www.suno.com.br\/noticias\/#organization"},"image":{"@id":"https:\/\/www.suno.com.br\/noticias\/destaques-de-empresas-magazine-luiza-mglu3-carrefour-crfb3\/#primaryimage"},"thumbnailUrl":"https:\/\/files.sunoresearch.com.br\/n\/uploads\/2020\/12\/b6928790-magazine-luiza-jpg.webp","keywords":["B3 (B3SA3)","Bradesco (BBDC3\/BBDC4)","Carrefour (CRFB3)","destaques de empresas","Magazine Luiza (MGLU3)"],"articleSection":["Neg\u00f3cios"],"inLanguage":"pt-BR"},{"@type":"WebPage","@id":"https:\/\/www.suno.com.br\/noticias\/destaques-de-empresas-magazine-luiza-mglu3-carrefour-crfb3\/","url":"https:\/\/www.suno.com.br\/noticias\/destaques-de-empresas-magazine-luiza-mglu3-carrefour-crfb3\/","name":"Destaques de Empresas: Magalu (MGLU3), Carrefour (CRFB3) e B3","isPartOf":{"@id":"https:\/\/www.suno.com.br\/noticias\/#website"},"primaryImageOfPage":{"@id":"https:\/\/www.suno.com.br\/noticias\/destaques-de-empresas-magazine-luiza-mglu3-carrefour-crfb3\/#primaryimage"},"image":{"@id":"https:\/\/www.suno.com.br\/noticias\/destaques-de-empresas-magazine-luiza-mglu3-carrefour-crfb3\/#primaryimage"},"thumbnailUrl":"https:\/\/files.sunoresearch.com.br\/n\/uploads\/2020\/12\/b6928790-magazine-luiza-jpg.webp","datePublished":"2020-12-17T11:53:22+00:00","dateModified":"2021-05-30T22:16:24+00:00","description":"Os destaques de empresas do Suno Not\u00edcias mostram os principais acontecimentos que prometem movimentar o mercado durante o dia. Clique aqui","breadcrumb":{"@id":"https:\/\/www.suno.com.br\/noticias\/destaques-de-empresas-magazine-luiza-mglu3-carrefour-crfb3\/#breadcrumb"},"inLanguage":"pt-BR","potentialAction":[{"@type":"ReadAction","target":["https:\/\/www.suno.com.br\/noticias\/destaques-de-empresas-magazine-luiza-mglu3-carrefour-crfb3\/"]}]},{"@type":"ImageObject","inLanguage":"pt-BR","@id":"https:\/\/www.suno.com.br\/noticias\/destaques-de-empresas-magazine-luiza-mglu3-carrefour-crfb3\/#primaryimage","url":"https:\/\/files.sunoresearch.com.br\/n\/uploads\/2020\/12\/b6928790-magazine-luiza-jpg.webp","contentUrl":"https:\/\/files.sunoresearch.com.br\/n\/uploads\/2020\/12\/b6928790-magazine-luiza-jpg.webp","width":1600,"height":890,"caption":"Os destaques de empresas do Suno Not\u00edcias mostram os principais acontecimentos que prometem movimentar o mercado durante o dia. Clique aqui"},{"@type":"BreadcrumbList","@id":"https:\/\/www.suno.com.br\/noticias\/destaques-de-empresas-magazine-luiza-mglu3-carrefour-crfb3\/#breadcrumb","itemListElement":[{"@type":"ListItem","position":1,"name":"Not\u00edcias","item":"https:\/\/www.suno.com.br\/noticias\/"},{"@type":"ListItem","position":2,"name":"Neg\u00f3cios","item":"https:\/\/www.suno.com.br\/noticias\/negocios\/"},{"@type":"ListItem","position":3,"name":"Destaques de Empresas: Magalu (MGLU3), Carrefour (CRFB3) e Bradesco (BBDC4)"}]},{"@type":"WebSite","@id":"https:\/\/www.suno.com.br\/noticias\/#website","url":"https:\/\/www.suno.com.br\/noticias\/","name":"Suno Not\u00edcias","description":"Seu portal de informa\u00e7\u00e3o sobre o mundo dos investimentos","publisher":{"@id":"https:\/\/www.suno.com.br\/noticias\/#organization"},"potentialAction":[{"@type":"SearchAction","target":{"@type":"EntryPoint","urlTemplate":"https:\/\/www.suno.com.br\/noticias\/?s={search_term_string}"},"query-input":{"@type":"PropertyValueSpecification","valueRequired":true,"valueName":"search_term_string"}}],"inLanguage":"pt-BR"},{"@type":"Organization","@id":"https:\/\/www.suno.com.br\/noticias\/#organization","name":"Suno Not\u00edcias","url":"https:\/\/www.suno.com.br\/noticias\/","logo":{"@type":"ImageObject","inLanguage":"pt-BR","@id":"https:\/\/www.suno.com.br\/noticias\/#\/schema\/logo\/image\/","url":"https:\/\/files.sunoresearch.com.br\/n\/uploads\/2021\/09\/suno-logo.png","contentUrl":"https:\/\/files.sunoresearch.com.br\/n\/uploads\/2021\/09\/suno-logo.png","width":180,"height":180,"caption":"Suno Not\u00edcias"},"image":{"@id":"https:\/\/www.suno.com.br\/noticias\/#\/schema\/logo\/image\/"},"sameAs":["https:\/\/facebook.com\/sunoresearch","https:\/\/x.com\/sunoresearch","https:\/\/www.instagram.com\/suno","https:\/\/www.linkedin.com\/company\/suno-research\/","https:\/\/www.youtube.com\/c\/sunoresearch"]},{"@type":"Person","@id":"https:\/\/www.suno.com.br\/noticias\/#\/schema\/person\/02ec1f752758247878a2bf4abee1aeda","name":"Poliana Santos","image":{"@type":"ImageObject","inLanguage":"pt-BR","@id":"https:\/\/www.suno.com.br\/noticias\/#\/schema\/person\/image\/","url":"https:\/\/secure.gravatar.com\/avatar\/0645bd32f23d87b2130f2b2dff1d3f8d?s=96&r=g","contentUrl":"https:\/\/secure.gravatar.com\/avatar\/0645bd32f23d87b2130f2b2dff1d3f8d?s=96&r=g","caption":"Poliana Santos"},"description":"Rep\u00f3rter no Suno Not\u00edcias, com cobertura em mercado financeiro, economia, finan\u00e7as pessoais, renda fixa e varejo. Jornalista formada pela Faculdade C\u00e1sper L\u00edbero e possui passagem na R\u00e1dio Gazeta AM com a produ\u00e7\u00e3o de conte\u00fado sobre economia, pol\u00edtica, sa\u00fade, moda e m\u00fasica. Possui certificado de conclus\u00e3o do curso de An\u00e1lise de Balan\u00e7os pela Funda\u00e7\u00e3o Bradesco, Agenda Brasil pela FAAP, Educa\u00e7\u00e3o Pol\u00edtica por Alexandre Garcia e do Tesouro Direto e Mercado de A\u00e7\u00f5es pela B3.","url":"https:\/\/www.suno.com.br\/noticias\/author\/poliana-santos\/"}]}},"default_loop_html":"<div class=\"cardsPage__listCard__boxs\"><div class=\"cardsPage__listCard__boxs__img\"><a href=\"https:\/\/www.suno.com.br\/noticias\/destaques-de-empresas-magazine-luiza-mglu3-carrefour-crfb3\/\"><img class=\"mask\" src=\"https:\/\/www.suno.com.br\/noticias\/wp-content\/themes\/suno\/resources\/images\/spotlight\/spotlight1img\/bg-mask.png\" alt=\"Image Mask\"\/><img src=\"https:\/\/files.sunoresearch.com.br\/n\/uploads\/2020\/12\/b6928790-magazine-luiza-400x200.webp\" alt=\"Destaques de Empresas: Magalu (MGLU3), Carrefour (CRFB3) e Bradesco (BBDC4)\"\/><\/a><span class=\"spotlightCategory\"><a href=\"https:\/\/www.suno.com.br\/noticias\/negocios\/\">Neg\u00f3cios<\/a><\/span><\/div><div class=\"cardsPage__listCard__boxs__content\"><a href=\"https:\/\/www.suno.com.br\/noticias\/destaques-de-empresas-magazine-luiza-mglu3-carrefour-crfb3\/\"><h2 class=\"content__title\">Destaques de Empresas: Magalu (MGLU3), Carrefour (CRFB3) e Bradesco (BBDC4)<\/h2><\/a><div class=\"newsContent__article__meta\"><div class=\"newsContent__article__meta__authorBox\"><a href=\"https:\/\/www.suno.com.br\/noticias\/author\/poliana-santos\/\" class=\"authorBox__avatar noMobi\"><img src=\"https:\/\/files.sunoresearch.com.br\/n\/uploads\/2020\/08\/7ef34026-whatsapp-image-2020-08-03-at-12.37.57-150x150.webp\" alt=\"Poliana Santos\"><\/a><div class=\"authorBox__name\"><span>por\n\t\t\t<a href=\"https:\/\/www.suno.com.br\/noticias\/author\/poliana-santos\/\"><span itemprop=\"author\">Poliana Santos<\/span><\/a><\/span><time datetime=\"2020-12-17T08:53:22-03:00\" itemprop=\"datePublished\">17\/12\/2020 08:53<\/time><\/div><\/div><\/div><\/div><\/div>","single_layout":"posts","amp_enabled":true,"_links":{"self":[{"href":"https:\/\/www.suno.com.br\/noticias\/wp-json\/wp\/v2\/posts\/108945"}],"collection":[{"href":"https:\/\/www.suno.com.br\/noticias\/wp-json\/wp\/v2\/posts"}],"about":[{"href":"https:\/\/www.suno.com.br\/noticias\/wp-json\/wp\/v2\/types\/post"}],"author":[{"embeddable":true,"href":"https:\/\/www.suno.com.br\/noticias\/wp-json\/wp\/v2\/users\/15"}],"replies":[{"embeddable":true,"href":"https:\/\/www.suno.com.br\/noticias\/wp-json\/wp\/v2\/comments?post=108945"}],"version-history":[{"count":1,"href":"https:\/\/www.suno.com.br\/noticias\/wp-json\/wp\/v2\/posts\/108945\/revisions"}],"predecessor-version":[{"id":152477,"href":"https:\/\/www.suno.com.br\/noticias\/wp-json\/wp\/v2\/posts\/108945\/revisions\/152477"}],"wp:featuredmedia":[{"embeddable":true,"href":"https:\/\/www.suno.com.br\/noticias\/wp-json\/wp\/v2\/media\/108955"}],"wp:attachment":[{"href":"https:\/\/www.suno.com.br\/noticias\/wp-json\/wp\/v2\/media?parent=108945"}],"wp:term":[{"taxonomy":"category","embeddable":true,"href":"https:\/\/www.suno.com.br\/noticias\/wp-json\/wp\/v2\/categories?post=108945"},{"taxonomy":"post_tag","embeddable":true,"href":"https:\/\/www.suno.com.br\/noticias\/wp-json\/wp\/v2\/tags?post=108945"},{"taxonomy":"suno_strategy","embeddable":true,"href":"https:\/\/www.suno.com.br\/noticias\/wp-json\/wp\/v2\/suno_strategy?post=108945"}],"curies":[{"name":"wp","href":"https:\/\/api.w.org\/{rel}","templated":true}]}}