{"id":108942,"date":"2020-12-17T09:05:34","date_gmt":"2020-12-17T12:05:34","guid":{"rendered":"https:\/\/www.suno.com.br\/noticias\/?p=108942"},"modified":"2020-12-17T09:05:34","modified_gmt":"2020-12-17T12:05:34","slug":"agenda-do-dia-vale-vale3-neogrid-leilao","status":"publish","type":"post","link":"https:\/\/www.suno.com.br\/noticias\/agenda-do-dia-vale-vale3-neogrid-leilao\/","title":{"rendered":"Agenda do dia: Vale (VALE3), Neogrid (NGRD3) e leil\u00f5es da Aneel"},"content":{"rendered":"<p>A <strong>agenda do dia<\/strong> traz eventos corporativos importantes, como uma poss\u00edvel audi\u00eancia da Vale em Minas Gerais, o leil\u00e3o de linhas de transmiss\u00e3o e a estreia da Neogrid na bolsa. Tamb\u00e9m est\u00e3o previstos dados econ\u00f4micos, como os pedidos de seguro-desemprego nos Estados Unidos.<\/p>\t<div class=\"wrapper-featured-image\">\n\t\t<figure class=\"spotlightImg\">\n\n\t\t\t<picture>\n\t\t\t\t<source media=\"(max-width: 768px)\" srcset=\"https:\/\/files.sunoresearch.com.br\/n\/uploads\/2020\/12\/ab10235a-agendadodia-2-400x200.webp\">\n\t\t\t\t<img loading=\"lazy\" decoding=\"async\" class=\"newsContent__article__imgCapa lazyloadDisabled \" src=\"https:\/\/files.sunoresearch.com.br\/n\/uploads\/2020\/12\/ab10235a-agendadodia-2-800x450.webp\" width=\"800\" height=\"450\" alt=\"Agenda do dia: Vale (VALE3), Neogrid (NGRD3) e leil\u00f5es da Aneel\" fetchpriority=high \/>\n\t\t\t<\/picture>\n\n\t\t\t<figcaption class=\"wp-caption-text wp-caption-text--show\">Agenda do dia conta com audi\u00eancia sobre Brumadinho, leil\u00f5es da Aneel e estreia da Neogrid<\/figcaption>\n\t\t<\/figure>\n\t<\/div>\n\n\n<p><b>\u00a0\t<p>\n\t\t<a href=\"https:\/\/lp.suno.com.br\/planilha-controle-gastos\/\" target=\"_blank\" data-element=\"shortcode-suno-banner\" title=\"Banner SUNO, clique e saiba mais\">\n\t\t\t<picture>\n\t\t\t\t<source media=\"(max-width: 500px)\" srcset=\"https:\/\/files.sunoresearch.com.br\/n\/uploads\/2023\/03\/400x300-Planilha-controle-de-gastos.png\">\n\t\t\t\t<img class=\"newsContent__article__imgCapa newsContent__article__imgCapa--banner\"\n\t\t\t\t\tsrc=\"https:\/\/files.sunoresearch.com.br\/n\/uploads\/2023\/03\/1420x240-Planilha-controle-de-gastos.png\"\n\t\t\t\t\tdata-promo-id=\"101751\"\t\t\t\t\t\t\t\t\t\twidth='1420' height='240'\t\t\t\t\talt=\"https:\/\/files.sunoresearch.com.br\/n\/uploads\/2023\/03\/1420x240-Planilha-controle-de-gastos.png\"\n\t\t\t\t>\n\t\t\t<\/picture>\n\t\t<\/a>\n\t<\/p>\n\n<\/b><\/p>\n<p>Confira os destaques da agenda do dia:<\/p>\n<h2>Audi\u00eancia da Vale<\/h2>\n<p>Na \u00e1rea corporativa,\u00a0o destaque fica com uma poss\u00edvel nova audi\u00eancia da <a href=\"https:\/\/www.suno.com.br\/acoes\/vale3\/\">Vale (VALE3)<\/a> sobre a trag\u00e9dia de Brumadinho, a depender das discuss\u00f5es da companhia com o governo.<\/p>\n<p>Se houve avan\u00e7o nas discuss\u00f5es entre as partes, a empresa tratar\u00e1 hoje, novamente, dos prazos para realiza\u00e7\u00e3o dos projetos envolvendo o acidente e continuar\u00e1 a discuss\u00e3o sobre os volume de recursos necess\u00e1rio para a repara\u00e7\u00e3o.<\/p>\n<p>Na \u00faltima audi\u00eancia, a Vale prop\u00f4s um valor de indeniza\u00e7\u00e3o de R$ 21 bilh\u00f5es. O governo mineiro e as institui\u00e7\u00f5es de Justi\u00e7a pleiteiam algo pr\u00f3ximo a R$ 50 bilh\u00f5es.<\/p>\n<h2>Estreia da Neogrid<\/h2>\n<p>Tamb\u00e9m na agenda do dia corporativa, h\u00e1 a estreia da <strong>Neogrid<\/strong> na bolsa, realizado ap\u00f3s a abertura de capital (<a href=\"https:\/\/www.suno.com.br\/artigos\/ipo\/\">IPO<\/a>), a \u00faltima de 2020, sob o ticker NGRD3.<\/p>\n<p>A companhia de desenvolvimento de softwares precificou suas a\u00e7\u00f5es em R$ 4,50, abaixo da faixa indicativa, e captou R$ 486,45 milh\u00f5es, sendo que R$ 337,5 milh\u00f5es v\u00e3o para o caixa da empresa.<\/p>\n<p><span style=\"font-weight: 400;\">\t<div data-element=\"shortcode-read-more\" class=\"knowMore\">\n\t\t\t\t<span class=\"knowMore__title\">Saiba mais<\/span>\n\t\t\t\t<a class=\"knowMore__link\" href=\"https:\/\/www.suno.com.br\/noticias\/neogrid-ngrd3-capta-ipo\/\">\n\t\t\tNeogrid (NGRD3) fecha ciclo de IPOs de 2020 e capta R$ 486,45 milh\u00f5es\t\t<\/a>\n\t<\/div>\n\n<\/span><\/p>\n<h2>Leil\u00e3o de transmiss\u00e3o<\/h2>\n<p>O leil\u00e3o de transmiss\u00e3o da Ag\u00eancia Nacional de Energia El\u00e9trica (<strong>Aneel<\/strong>) tamb\u00e9m \u00e9 destaque na agenda do dia.<\/p>\n<p>O \u00f3rg\u00e3o iniciar\u00e1 o evento \u00e0s 09h e deve colocar 11 lotes de ativos, com um total de 1.959 km de linhas e subesta\u00e7\u00f5es distribu\u00eddos por nove estados.<\/p>\n<p>No total estimado, os investimentos devem abranger investimentos algo pr\u00f3ximo a R$ 7,34 bilh\u00f5es.<\/p>\n<p><a href=\"https:\/\/lp.suno.com.br\/suno-one\/\"><b>Suno One: acesse gratuitamente eBooks, Minicursos, Artigos e Video Aulas sobre investimentos com um \u00fanico cadastro. Clique para saber mais!<\/b><\/a><\/p>\n<h2>Agenda do dia traz pedido de seguro-desemprego dos EUA<\/h2>\n<p>Nos dados econ\u00f4micos da agenda do dia, a Zona do Euro divulgou, \u00e0s 07h, sua infla\u00e7\u00e3o, que caiu 0,30% em novembro na compara\u00e7\u00e3o mensal.<\/p>\n<p>Por aqui, o IPC Fipe, que mede a infla\u00e7\u00e3o em S\u00e3o Paulo, avan\u00e7ou 0,88% na segunda quadrissemana de dezembro, ante 0,97% na \u00faltima medi\u00e7\u00e3o. O IGP-M, da FGV, \u00edndice utilizado como refer\u00eancia para o aluguel, tamb\u00e9m desacelerou para 1,18%, ante 3,05% na \u00faltima medi\u00e7\u00e3o.<\/p>\n<p>Nos Estados Unidos, a agenda do dia conta com o n\u00famero semanal de pedidos de seguro-desemprego, que sai \u00e0s 10h30 e que deve mostrar o resultado do avan\u00e7o da covid-19 no pa\u00eds e das maiores restri\u00e7\u00f5es impostas \u00e0 popula\u00e7\u00e3o. O esperado, por\u00e9m, \u00e9 que o n\u00famero arrefe\u00e7a ap\u00f3s as altas das \u00faltimas semanas.<\/p>\n<p><b>\t<p>\n\t\t<a href=\"https:\/\/lp.suno.com.br\/planilha-da-vida-financeira\/\" target=\"_blank\" data-element=\"shortcode-suno-banner\" title=\"Banner SUNO, clique e saiba mais\">\n\t\t\t<picture>\n\t\t\t\t<source media=\"(max-width: 500px)\" srcset=\"https:\/\/files.sunoresearch.com.br\/n\/uploads\/2023\/04\/400x300-Planilha-vida-financeira-true.png\">\n\t\t\t\t<img class=\"newsContent__article__imgCapa newsContent__article__imgCapa--banner\"\n\t\t\t\t\tsrc=\"https:\/\/files.sunoresearch.com.br\/n\/uploads\/2023\/04\/1420x240-Planilha-vida-financeira-true.png\"\n\t\t\t\t\tdata-promo-id=\"106682\"\t\t\t\t\t\t\t\t\t\twidth='1420' height='240'\t\t\t\t\talt=\"https:\/\/files.sunoresearch.com.br\/n\/uploads\/2023\/04\/1420x240-Planilha-vida-financeira-true.png\"\n\t\t\t\t>\n\t\t\t<\/picture>\n\t\t<\/a>\n\t<\/p>\n\n<\/b><\/p>\n<h2>Agenda pol\u00edtica<\/h2>\n<p>Na pol\u00edtica, a agenda do dia conta com a posse do Gilson Machado como novo ministro do Turismo, com participa\u00e7\u00e3o do presidente Jair Bolsonaro, \u00e0s 10h. Ele, mais tarde, participar\u00e1 de uma solenidade de in\u00edcio de obras na BR-367.<\/p>\n<p>O ministro da Economia <a href=\"https:\/\/www.suno.com.br\/tudo-sobre\/paulo-guedes\/\">Paulo Guedes<\/a> se encontra com o diretor do FMI, Afonso Bevilaqua, \u00e0s 15h. J\u00e1 a <strong>agenda do dia<\/strong> do presidente do Banco Central, <a href=\"https:\/\/www.suno.com.br\/tudo-sobre\/roberto-campos-neto\/\">Roberto Campos Neto<\/a>, conta com uma reuni\u00e3o com o presidente do WhatsApp, William Cathcart, em que, provavelmente, ser\u00e1 discutida a quest\u00e3o da implementa\u00e7\u00e3o do servi\u00e7o financeiro do aplicativo.<\/p>\n<p><b>\u00a0\t<p>\n\t\t<a href=\"https:\/\/lp.suno.com.br\/planilha-de-controle-de-investimentos\/\" target=\"_blank\" data-element=\"shortcode-suno-banner\" title=\"Banner SUNO, clique e saiba mais\">\n\t\t\t<picture>\n\t\t\t\t<source media=\"(max-width: 500px)\" srcset=\"https:\/\/files.sunoresearch.com.br\/n\/uploads\/2023\/03\/400x300-Controle-de-Investimentos.png\">\n\t\t\t\t<img class=\"newsContent__article__imgCapa newsContent__article__imgCapa--banner\"\n\t\t\t\t\tsrc=\"https:\/\/files.sunoresearch.com.br\/n\/uploads\/2023\/03\/1420x240-Controle-de-Investimentos.png\"\n\t\t\t\t\tdata-promo-id=\"75934\"\t\t\t\t\t\t\t\t\t\twidth='1420' height='240'\t\t\t\t\talt=\"https:\/\/files.sunoresearch.com.br\/n\/uploads\/2023\/03\/1420x240-Controle-de-Investimentos.png\"\n\t\t\t\t>\n\t\t\t<\/picture>\n\t\t<\/a>\n\t<\/p>\n\n<\/b><\/p>\n","protected":false},"excerpt":{"rendered":"<p>A agenda do dia traz eventos corporativos importantes, como uma poss\u00edvel audi\u00eancia da Vale em Minas Gerais, o leil\u00e3o de linhas de transmiss\u00e3o e a estreia da Neogrid na bolsa. Tamb\u00e9m est\u00e3o previstos dados econ\u00f4micos, como os pedidos de seguro-desemprego nos Estados Unidos. Agenda do dia conta com audi\u00eancia sobre Brumadinho, leil\u00f5es da Aneel e [&hellip;]<\/p>\n","protected":false},"author":59,"featured_media":108962,"comment_status":"closed","ping_status":"closed","sticky":false,"template":"","format":"standard","meta":[],"categories":[60],"tags":[896,1032,104697,676],"suno_strategy":[],"class_list":["post-108942","post","type-post","status-publish","format-standard","has-post-thumbnail","hentry","category-mercado","tag-aneel","tag-brumadinho","tag-neogrid-ngrd3","tag-vale-vale3"],"yoast_head":"<!-- This site is optimized with the Yoast SEO plugin v24.4 - https:\/\/yoast.com\/wordpress\/plugins\/seo\/ -->\n<title>Agenda do dia: Vale (VALE3), Neogrid (NGRD3) e leil\u00f5es da Aneel<\/title>\n<meta name=\"description\" content=\"A agenda do dia conta com destaques como a nova audi\u00eancia da Vale sobre Brumadinho, leil\u00f5es de linha da Aneel e a estreia da Neogrid na B3.\" \/>\n<meta name=\"robots\" content=\"index, follow, max-snippet:-1, max-image-preview:large, max-video-preview:-1\" \/>\n<link rel=\"canonical\" href=\"https:\/\/www.suno.com.br\/noticias\/agenda-do-dia-vale-vale3-neogrid-leilao\/\" \/>\n<meta property=\"og:locale\" content=\"pt_BR\" \/>\n<meta property=\"og:type\" content=\"article\" \/>\n<meta property=\"og:title\" content=\"Agenda do dia: Vale (VALE3), Neogrid (NGRD3) e leil\u00f5es da Aneel\" \/>\n<meta property=\"og:description\" content=\"A agenda do dia conta com destaques como a nova audi\u00eancia da Vale sobre Brumadinho, leil\u00f5es de linha da Aneel e a estreia da Neogrid na B3.\" \/>\n<meta property=\"og:url\" content=\"https:\/\/www.suno.com.br\/noticias\/agenda-do-dia-vale-vale3-neogrid-leilao\/\" \/>\n<meta property=\"og:site_name\" content=\"Suno Not\u00edcias\" \/>\n<meta property=\"article:publisher\" content=\"https:\/\/facebook.com\/sunoresearch\" \/>\n<meta property=\"og:image\" content=\"https:\/\/files.sunoresearch.com.br\/n\/uploads\/2020\/12\/ab10235a-agendadodia-2.jpg\" \/>\n\t<meta property=\"og:image:width\" content=\"1024\" \/>\n\t<meta property=\"og:image:height\" content=\"683\" \/>\n\t<meta property=\"og:image:type\" content=\"image\/jpeg\" \/>\n<meta name=\"author\" content=\"Vitor Azevedo\" \/>\n<meta name=\"twitter:card\" content=\"summary_large_image\" \/>\n<meta name=\"twitter:creator\" content=\"@sunoresearch\" \/>\n<meta name=\"twitter:site\" content=\"@sunoresearch\" \/>\n<meta name=\"twitter:label1\" content=\"Escrito por\" \/>\n\t<meta name=\"twitter:data1\" content=\"Vitor Azevedo\" \/>\n\t<meta name=\"twitter:label2\" content=\"Est. tempo de leitura\" \/>\n\t<meta name=\"twitter:data2\" content=\"3 minutos\" \/>\n<script type=\"application\/ld+json\" class=\"yoast-schema-graph\">{\"@context\":\"https:\/\/schema.org\",\"@graph\":[{\"@type\":\"NewsArticle\",\"@id\":\"https:\/\/www.suno.com.br\/noticias\/agenda-do-dia-vale-vale3-neogrid-leilao\/#article\",\"isPartOf\":{\"@id\":\"https:\/\/www.suno.com.br\/noticias\/agenda-do-dia-vale-vale3-neogrid-leilao\/\"},\"author\":{\"name\":\"Vitor Azevedo\",\"@id\":\"https:\/\/www.suno.com.br\/noticias\/#\/schema\/person\/658d5fbc74d81f265f5df3562d0038ab\"},\"headline\":\"Agenda do dia: Vale (VALE3), Neogrid (NGRD3) e leil\u00f5es da Aneel\",\"datePublished\":\"2020-12-17T12:05:34+00:00\",\"mainEntityOfPage\":{\"@id\":\"https:\/\/www.suno.com.br\/noticias\/agenda-do-dia-vale-vale3-neogrid-leilao\/\"},\"wordCount\":599,\"publisher\":{\"@id\":\"https:\/\/www.suno.com.br\/noticias\/#organization\"},\"image\":{\"@id\":\"https:\/\/www.suno.com.br\/noticias\/agenda-do-dia-vale-vale3-neogrid-leilao\/#primaryimage\"},\"thumbnailUrl\":\"https:\/\/files.sunoresearch.com.br\/n\/uploads\/2020\/12\/ab10235a-agendadodia-2-jpg.webp\",\"keywords\":[\"Aneel\",\"Brumadinho\",\"Neogrid (NGRD3)\",\"Vale (VALE3)\"],\"articleSection\":[\"Mercado\"],\"inLanguage\":\"pt-BR\"},{\"@type\":\"WebPage\",\"@id\":\"https:\/\/www.suno.com.br\/noticias\/agenda-do-dia-vale-vale3-neogrid-leilao\/\",\"url\":\"https:\/\/www.suno.com.br\/noticias\/agenda-do-dia-vale-vale3-neogrid-leilao\/\",\"name\":\"Agenda do dia: Vale (VALE3), Neogrid (NGRD3) e leil\u00f5es da Aneel\",\"isPartOf\":{\"@id\":\"https:\/\/www.suno.com.br\/noticias\/#website\"},\"primaryImageOfPage\":{\"@id\":\"https:\/\/www.suno.com.br\/noticias\/agenda-do-dia-vale-vale3-neogrid-leilao\/#primaryimage\"},\"image\":{\"@id\":\"https:\/\/www.suno.com.br\/noticias\/agenda-do-dia-vale-vale3-neogrid-leilao\/#primaryimage\"},\"thumbnailUrl\":\"https:\/\/files.sunoresearch.com.br\/n\/uploads\/2020\/12\/ab10235a-agendadodia-2-jpg.webp\",\"datePublished\":\"2020-12-17T12:05:34+00:00\",\"description\":\"A agenda do dia conta com destaques como a nova audi\u00eancia da Vale sobre Brumadinho, leil\u00f5es de linha da Aneel e a estreia da Neogrid na B3.\",\"breadcrumb\":{\"@id\":\"https:\/\/www.suno.com.br\/noticias\/agenda-do-dia-vale-vale3-neogrid-leilao\/#breadcrumb\"},\"inLanguage\":\"pt-BR\",\"potentialAction\":[{\"@type\":\"ReadAction\",\"target\":[\"https:\/\/www.suno.com.br\/noticias\/agenda-do-dia-vale-vale3-neogrid-leilao\/\"]}]},{\"@type\":\"ImageObject\",\"inLanguage\":\"pt-BR\",\"@id\":\"https:\/\/www.suno.com.br\/noticias\/agenda-do-dia-vale-vale3-neogrid-leilao\/#primaryimage\",\"url\":\"https:\/\/files.sunoresearch.com.br\/n\/uploads\/2020\/12\/ab10235a-agendadodia-2-jpg.webp\",\"contentUrl\":\"https:\/\/files.sunoresearch.com.br\/n\/uploads\/2020\/12\/ab10235a-agendadodia-2-jpg.webp\",\"width\":1024,\"height\":683,\"caption\":\"Agenda do dia conta com audi\u00eancia sobre Brumadinho, leil\u00f5es da Aneel e estreia da Neogrid\"},{\"@type\":\"BreadcrumbList\",\"@id\":\"https:\/\/www.suno.com.br\/noticias\/agenda-do-dia-vale-vale3-neogrid-leilao\/#breadcrumb\",\"itemListElement\":[{\"@type\":\"ListItem\",\"position\":1,\"name\":\"Not\u00edcias\",\"item\":\"https:\/\/www.suno.com.br\/noticias\/\"},{\"@type\":\"ListItem\",\"position\":2,\"name\":\"Mercado\",\"item\":\"https:\/\/www.suno.com.br\/noticias\/mercado\/\"},{\"@type\":\"ListItem\",\"position\":3,\"name\":\"Agenda do dia: Vale (VALE3), Neogrid (NGRD3) e leil\u00f5es da Aneel\"}]},{\"@type\":\"WebSite\",\"@id\":\"https:\/\/www.suno.com.br\/noticias\/#website\",\"url\":\"https:\/\/www.suno.com.br\/noticias\/\",\"name\":\"Suno Not\u00edcias\",\"description\":\"Seu portal de informa\u00e7\u00e3o sobre o mundo dos investimentos\",\"publisher\":{\"@id\":\"https:\/\/www.suno.com.br\/noticias\/#organization\"},\"potentialAction\":[{\"@type\":\"SearchAction\",\"target\":{\"@type\":\"EntryPoint\",\"urlTemplate\":\"https:\/\/www.suno.com.br\/noticias\/?s={search_term_string}\"},\"query-input\":{\"@type\":\"PropertyValueSpecification\",\"valueRequired\":true,\"valueName\":\"search_term_string\"}}],\"inLanguage\":\"pt-BR\"},{\"@type\":\"Organization\",\"@id\":\"https:\/\/www.suno.com.br\/noticias\/#organization\",\"name\":\"Suno Not\u00edcias\",\"url\":\"https:\/\/www.suno.com.br\/noticias\/\",\"logo\":{\"@type\":\"ImageObject\",\"inLanguage\":\"pt-BR\",\"@id\":\"https:\/\/www.suno.com.br\/noticias\/#\/schema\/logo\/image\/\",\"url\":\"https:\/\/files.sunoresearch.com.br\/n\/uploads\/2021\/09\/suno-logo.png\",\"contentUrl\":\"https:\/\/files.sunoresearch.com.br\/n\/uploads\/2021\/09\/suno-logo.png\",\"width\":180,\"height\":180,\"caption\":\"Suno Not\u00edcias\"},\"image\":{\"@id\":\"https:\/\/www.suno.com.br\/noticias\/#\/schema\/logo\/image\/\"},\"sameAs\":[\"https:\/\/facebook.com\/sunoresearch\",\"https:\/\/x.com\/sunoresearch\",\"https:\/\/www.instagram.com\/suno\",\"https:\/\/www.linkedin.com\/company\/suno-research\/\",\"https:\/\/www.youtube.com\/c\/sunoresearch\"]},{\"@type\":\"Person\",\"@id\":\"https:\/\/www.suno.com.br\/noticias\/#\/schema\/person\/658d5fbc74d81f265f5df3562d0038ab\",\"name\":\"Vitor Azevedo\",\"image\":{\"@type\":\"ImageObject\",\"inLanguage\":\"pt-BR\",\"@id\":\"https:\/\/www.suno.com.br\/noticias\/#\/schema\/person\/image\/\",\"url\":\"https:\/\/secure.gravatar.com\/avatar\/62b86195291b446fe380824eb28b99a5?s=96&r=g\",\"contentUrl\":\"https:\/\/secure.gravatar.com\/avatar\/62b86195291b446fe380824eb28b99a5?s=96&r=g\",\"caption\":\"Vitor Azevedo\"},\"description\":\"Formado em jornalismo pela Unesp, escreve sobre economia e neg\u00f3cios para a Suno Not\u00edcias.\",\"url\":\"https:\/\/www.suno.com.br\/noticias\/author\/vitor-azevedo\/\"}]}<\/script>\n<!-- \/ Yoast SEO plugin. -->","yoast_head_json":{"title":"Agenda do dia: Vale (VALE3), Neogrid (NGRD3) e leil\u00f5es da Aneel","description":"A agenda do dia conta com destaques como a nova audi\u00eancia da Vale sobre Brumadinho, leil\u00f5es de linha da Aneel e a estreia da Neogrid na B3.","robots":{"index":"index","follow":"follow","max-snippet":"max-snippet:-1","max-image-preview":"max-image-preview:large","max-video-preview":"max-video-preview:-1"},"canonical":"https:\/\/www.suno.com.br\/noticias\/agenda-do-dia-vale-vale3-neogrid-leilao\/","og_locale":"pt_BR","og_type":"article","og_title":"Agenda do dia: Vale (VALE3), Neogrid (NGRD3) e leil\u00f5es da Aneel","og_description":"A agenda do dia conta com destaques como a nova audi\u00eancia da Vale sobre Brumadinho, leil\u00f5es de linha da Aneel e a estreia da Neogrid na B3.","og_url":"https:\/\/www.suno.com.br\/noticias\/agenda-do-dia-vale-vale3-neogrid-leilao\/","og_site_name":"Suno Not\u00edcias","article_publisher":"https:\/\/facebook.com\/sunoresearch","og_image":[{"width":1024,"height":683,"url":"https:\/\/files.sunoresearch.com.br\/n\/uploads\/2020\/12\/ab10235a-agendadodia-2.jpg","type":"image\/jpeg"}],"author":"Vitor Azevedo","twitter_card":"summary_large_image","twitter_creator":"@sunoresearch","twitter_site":"@sunoresearch","twitter_misc":{"Escrito por":"Vitor Azevedo","Est. tempo de leitura":"3 minutos"},"schema":{"@context":"https:\/\/schema.org","@graph":[{"@type":"NewsArticle","@id":"https:\/\/www.suno.com.br\/noticias\/agenda-do-dia-vale-vale3-neogrid-leilao\/#article","isPartOf":{"@id":"https:\/\/www.suno.com.br\/noticias\/agenda-do-dia-vale-vale3-neogrid-leilao\/"},"author":{"name":"Vitor Azevedo","@id":"https:\/\/www.suno.com.br\/noticias\/#\/schema\/person\/658d5fbc74d81f265f5df3562d0038ab"},"headline":"Agenda do dia: Vale (VALE3), Neogrid (NGRD3) e leil\u00f5es da Aneel","datePublished":"2020-12-17T12:05:34+00:00","mainEntityOfPage":{"@id":"https:\/\/www.suno.com.br\/noticias\/agenda-do-dia-vale-vale3-neogrid-leilao\/"},"wordCount":599,"publisher":{"@id":"https:\/\/www.suno.com.br\/noticias\/#organization"},"image":{"@id":"https:\/\/www.suno.com.br\/noticias\/agenda-do-dia-vale-vale3-neogrid-leilao\/#primaryimage"},"thumbnailUrl":"https:\/\/files.sunoresearch.com.br\/n\/uploads\/2020\/12\/ab10235a-agendadodia-2-jpg.webp","keywords":["Aneel","Brumadinho","Neogrid (NGRD3)","Vale (VALE3)"],"articleSection":["Mercado"],"inLanguage":"pt-BR"},{"@type":"WebPage","@id":"https:\/\/www.suno.com.br\/noticias\/agenda-do-dia-vale-vale3-neogrid-leilao\/","url":"https:\/\/www.suno.com.br\/noticias\/agenda-do-dia-vale-vale3-neogrid-leilao\/","name":"Agenda do dia: Vale (VALE3), Neogrid (NGRD3) e leil\u00f5es da Aneel","isPartOf":{"@id":"https:\/\/www.suno.com.br\/noticias\/#website"},"primaryImageOfPage":{"@id":"https:\/\/www.suno.com.br\/noticias\/agenda-do-dia-vale-vale3-neogrid-leilao\/#primaryimage"},"image":{"@id":"https:\/\/www.suno.com.br\/noticias\/agenda-do-dia-vale-vale3-neogrid-leilao\/#primaryimage"},"thumbnailUrl":"https:\/\/files.sunoresearch.com.br\/n\/uploads\/2020\/12\/ab10235a-agendadodia-2-jpg.webp","datePublished":"2020-12-17T12:05:34+00:00","description":"A agenda do dia conta com destaques como a nova audi\u00eancia da Vale sobre Brumadinho, leil\u00f5es de linha da Aneel e a estreia da Neogrid na B3.","breadcrumb":{"@id":"https:\/\/www.suno.com.br\/noticias\/agenda-do-dia-vale-vale3-neogrid-leilao\/#breadcrumb"},"inLanguage":"pt-BR","potentialAction":[{"@type":"ReadAction","target":["https:\/\/www.suno.com.br\/noticias\/agenda-do-dia-vale-vale3-neogrid-leilao\/"]}]},{"@type":"ImageObject","inLanguage":"pt-BR","@id":"https:\/\/www.suno.com.br\/noticias\/agenda-do-dia-vale-vale3-neogrid-leilao\/#primaryimage","url":"https:\/\/files.sunoresearch.com.br\/n\/uploads\/2020\/12\/ab10235a-agendadodia-2-jpg.webp","contentUrl":"https:\/\/files.sunoresearch.com.br\/n\/uploads\/2020\/12\/ab10235a-agendadodia-2-jpg.webp","width":1024,"height":683,"caption":"Agenda do dia conta com audi\u00eancia sobre Brumadinho, leil\u00f5es da Aneel e estreia da Neogrid"},{"@type":"BreadcrumbList","@id":"https:\/\/www.suno.com.br\/noticias\/agenda-do-dia-vale-vale3-neogrid-leilao\/#breadcrumb","itemListElement":[{"@type":"ListItem","position":1,"name":"Not\u00edcias","item":"https:\/\/www.suno.com.br\/noticias\/"},{"@type":"ListItem","position":2,"name":"Mercado","item":"https:\/\/www.suno.com.br\/noticias\/mercado\/"},{"@type":"ListItem","position":3,"name":"Agenda do dia: Vale (VALE3), Neogrid (NGRD3) e leil\u00f5es da Aneel"}]},{"@type":"WebSite","@id":"https:\/\/www.suno.com.br\/noticias\/#website","url":"https:\/\/www.suno.com.br\/noticias\/","name":"Suno Not\u00edcias","description":"Seu portal de informa\u00e7\u00e3o sobre o mundo dos investimentos","publisher":{"@id":"https:\/\/www.suno.com.br\/noticias\/#organization"},"potentialAction":[{"@type":"SearchAction","target":{"@type":"EntryPoint","urlTemplate":"https:\/\/www.suno.com.br\/noticias\/?s={search_term_string}"},"query-input":{"@type":"PropertyValueSpecification","valueRequired":true,"valueName":"search_term_string"}}],"inLanguage":"pt-BR"},{"@type":"Organization","@id":"https:\/\/www.suno.com.br\/noticias\/#organization","name":"Suno Not\u00edcias","url":"https:\/\/www.suno.com.br\/noticias\/","logo":{"@type":"ImageObject","inLanguage":"pt-BR","@id":"https:\/\/www.suno.com.br\/noticias\/#\/schema\/logo\/image\/","url":"https:\/\/files.sunoresearch.com.br\/n\/uploads\/2021\/09\/suno-logo.png","contentUrl":"https:\/\/files.sunoresearch.com.br\/n\/uploads\/2021\/09\/suno-logo.png","width":180,"height":180,"caption":"Suno Not\u00edcias"},"image":{"@id":"https:\/\/www.suno.com.br\/noticias\/#\/schema\/logo\/image\/"},"sameAs":["https:\/\/facebook.com\/sunoresearch","https:\/\/x.com\/sunoresearch","https:\/\/www.instagram.com\/suno","https:\/\/www.linkedin.com\/company\/suno-research\/","https:\/\/www.youtube.com\/c\/sunoresearch"]},{"@type":"Person","@id":"https:\/\/www.suno.com.br\/noticias\/#\/schema\/person\/658d5fbc74d81f265f5df3562d0038ab","name":"Vitor Azevedo","image":{"@type":"ImageObject","inLanguage":"pt-BR","@id":"https:\/\/www.suno.com.br\/noticias\/#\/schema\/person\/image\/","url":"https:\/\/secure.gravatar.com\/avatar\/62b86195291b446fe380824eb28b99a5?s=96&r=g","contentUrl":"https:\/\/secure.gravatar.com\/avatar\/62b86195291b446fe380824eb28b99a5?s=96&r=g","caption":"Vitor Azevedo"},"description":"Formado em jornalismo pela Unesp, escreve sobre economia e neg\u00f3cios para a Suno Not\u00edcias.","url":"https:\/\/www.suno.com.br\/noticias\/author\/vitor-azevedo\/"}]}},"default_loop_html":"<div class=\"cardsPage__listCard__boxs\"><div class=\"cardsPage__listCard__boxs__img\"><a href=\"https:\/\/www.suno.com.br\/noticias\/agenda-do-dia-vale-vale3-neogrid-leilao\/\"><img class=\"mask\" src=\"https:\/\/www.suno.com.br\/noticias\/wp-content\/themes\/suno\/resources\/images\/spotlight\/spotlight1img\/bg-mask.png\" alt=\"Image Mask\"\/><img src=\"https:\/\/files.sunoresearch.com.br\/n\/uploads\/2020\/12\/ab10235a-agendadodia-2-400x200.webp\" alt=\"Agenda do dia: Vale (VALE3), Neogrid (NGRD3) e leil\u00f5es da Aneel\"\/><\/a><span class=\"spotlightCategory\"><a href=\"https:\/\/www.suno.com.br\/noticias\/mercado\/\">Mercado<\/a><\/span><\/div><div class=\"cardsPage__listCard__boxs__content\"><a href=\"https:\/\/www.suno.com.br\/noticias\/agenda-do-dia-vale-vale3-neogrid-leilao\/\"><h2 class=\"content__title\">Agenda do dia: Vale (VALE3), Neogrid (NGRD3) e leil\u00f5es da Aneel<\/h2><\/a><div class=\"newsContent__article__meta\"><div class=\"newsContent__article__meta__authorBox\"><a href=\"https:\/\/www.suno.com.br\/noticias\/author\/vitor-azevedo\/\" class=\"authorBox__avatar noMobi\"><img src=\"https:\/\/secure.gravatar.com\/avatar\/62b86195291b446fe380824eb28b99a5?s=96&#038;r=g\" alt=\"Vitor Azevedo\"><\/a><div class=\"authorBox__name\"><span>por\n\t\t\t<a href=\"https:\/\/www.suno.com.br\/noticias\/author\/vitor-azevedo\/\"><span itemprop=\"author\">Vitor Azevedo<\/span><\/a><\/span><time datetime=\"2020-12-17T09:05:34-03:00\" itemprop=\"datePublished\">17\/12\/2020 09:05<\/time><\/div><\/div><\/div><\/div><\/div>","single_layout":"posts","amp_enabled":true,"_links":{"self":[{"href":"https:\/\/www.suno.com.br\/noticias\/wp-json\/wp\/v2\/posts\/108942"}],"collection":[{"href":"https:\/\/www.suno.com.br\/noticias\/wp-json\/wp\/v2\/posts"}],"about":[{"href":"https:\/\/www.suno.com.br\/noticias\/wp-json\/wp\/v2\/types\/post"}],"author":[{"embeddable":true,"href":"https:\/\/www.suno.com.br\/noticias\/wp-json\/wp\/v2\/users\/59"}],"replies":[{"embeddable":true,"href":"https:\/\/www.suno.com.br\/noticias\/wp-json\/wp\/v2\/comments?post=108942"}],"version-history":[{"count":0,"href":"https:\/\/www.suno.com.br\/noticias\/wp-json\/wp\/v2\/posts\/108942\/revisions"}],"wp:featuredmedia":[{"embeddable":true,"href":"https:\/\/www.suno.com.br\/noticias\/wp-json\/wp\/v2\/media\/108962"}],"wp:attachment":[{"href":"https:\/\/www.suno.com.br\/noticias\/wp-json\/wp\/v2\/media?parent=108942"}],"wp:term":[{"taxonomy":"category","embeddable":true,"href":"https:\/\/www.suno.com.br\/noticias\/wp-json\/wp\/v2\/categories?post=108942"},{"taxonomy":"post_tag","embeddable":true,"href":"https:\/\/www.suno.com.br\/noticias\/wp-json\/wp\/v2\/tags?post=108942"},{"taxonomy":"suno_strategy","embeddable":true,"href":"https:\/\/www.suno.com.br\/noticias\/wp-json\/wp\/v2\/suno_strategy?post=108942"}],"curies":[{"name":"wp","href":"https:\/\/api.w.org\/{rel}","templated":true}]}}