{"id":10888,"date":"2019-01-09T09:47:10","date_gmt":"2019-01-09T11:47:10","guid":{"rendered":"https:\/\/www.suno.com.br\/noticias\/?p=10888"},"modified":"2019-02-20T09:30:56","modified_gmt":"2019-02-20T12:30:56","slug":"venda-editora-abril-aprovada-cade","status":"publish","type":"post","link":"https:\/\/www.suno.com.br\/noticias\/venda-editora-abril-aprovada-cade\/","title":{"rendered":"Venda da Editora Abril \u00e8 aprovada pelo Cade"},"content":{"rendered":"<p>O Conselho Administrativo de Defesa Econ\u00f4mica (Cade) aprovou na \u00faltima ter\u00e7a-feira (8) a venda do Grupo Abril para a\u00a0Cavalry Investimentos.<\/p>\t<div class=\"wrapper-featured-image\">\n\t\t<figure class=\"spotlightImg\">\n\n\t\t\t<picture>\n\t\t\t\t<source media=\"(max-width: 768px)\" srcset=\"https:\/\/files.sunoresearch.com.br\/n\/uploads\/2019\/01\/df9eba69-editora-abril-400x200.webp\">\n\t\t\t\t<img loading=\"lazy\" decoding=\"async\" class=\"newsContent__article__imgCapa lazyloadDisabled newsContent__article__imgCapa--noCaption\" src=\"https:\/\/files.sunoresearch.com.br\/n\/uploads\/2019\/01\/df9eba69-editora-abril-jpg.webp\" width=\"800\" height=\"450\" alt=\"Venda da Editora Abril \u00e8 aprovada pelo Cade\" fetchpriority=high \/>\n\t\t\t<\/picture>\n\n\t\t\t<figcaption class=\"wp-caption-text wp-caption-text--hide\">Editora Abril<\/figcaption>\n\t\t<\/figure>\n\t<\/div>\n\n\n<p>A Cavalry \u00e9 do empres\u00e1rio\u00a0<strong>F\u00e1bio<\/strong> <strong>Carvalho<\/strong>, dono da redes de lojas Casa &amp; V\u00eddeo e Leader. O \u00f3rg\u00e3o antitruste aprovou sem restri\u00e7\u00f5es a venda do <strong>grupo Abril<\/strong>, editora que publica revistas como EXAME e Veja.\u00a0O parecer do <strong>Cade<\/strong> era uma etapa fundamental para a conclus\u00e3o da venda da empresa, cedida pela <strong>fam\u00edlia Civita<\/strong> pelo valor simb\u00f3lico de R$ 100 mil.<\/p>\n<p>Para o superintendente-geral, Alexandre Cordeiro Macedo, a opera\u00e7\u00e3o \u201cn\u00e3o tem o cond\u00e3o de causar preju\u00edzos \u00e0 concorr\u00eancia nos mercados de atua\u00e7\u00e3o das partes no Brasil\u201d.<\/p>\n<p>O parecer do superintendente-geral explica que o Grupo Abril opera no com\u00e9rcio de livros, revistas e publica\u00e7\u00f5es. Um mercado onde as empresas de F\u00e1bio Carvalho n\u00e3o atuam. Por essa raz\u00e3o, segundo Macedo, a compra &#8220;n\u00e3o levanta grandes preocupa\u00e7\u00f5es no que diz respeito \u00e0 defesa da concorr\u00eancia\u201d.<\/p>\n<p>Al\u00e9m disso, em seu parecer o superintendente-geral salientou que a aprova\u00e7\u00e3o \u00e9 definitiva. Por isso, n\u00e3o precisa de uma an\u00e1lise do plen\u00e1rio do conselho do CADE.<\/p>\n<h2>Relembre o caso<\/h2>\n<p>O grupo Abril foi vendido em dezembro do ano passado. A empresa, fundada em 1950 pelo italiano Victor Civita em S\u00e3o Paulo, chegou a ser a maior editora da Am\u00e9rica Latina. O grupo Abril pertenceu aos Civita por 68 anos.<\/p>\n<p><a href=\"https:\/\/www.suno.com.br\/noticias\/grupo-abril-comprado-fabio-carvalho\/\">Saiba mais:\u00a0Grupo Abril \u00e9 comprado por F\u00e1bio Carvalho\u00a0<\/a><\/p>\n<p>Entretanto, nos \u00faltimos anos a Abril entrou em uma crise econ\u00f4mica profunda. A empresa chegou a acumular uma\u00a0d\u00edvida de R$ 1,6 bilh\u00e3o e acabou pendido recupera\u00e7\u00e3o judicial em agosto do ano passado. Dois ter\u00e7os da d\u00edvida da Abril, cerca de R$ 1,1 bilh\u00f5es, s\u00e3o com Ita\u00fa, Bradesco e Santander.<\/p>\n<p>Por outro lado, as d\u00edvidas trabalhistas chegaram a cerca de R$ 90 milh\u00f5es. Isso representa cerca de 5,6% do total. A Abril tem pend\u00eancias om jornalistas, gr\u00e1ficos, pessoal administrativo, e outros ex-funcion\u00e1rios do grupo.<\/p>\n<p>A Abril informou que pagar\u00e1 integralmente essas d\u00edvidas at\u00e9 o limite de 250 sal\u00e1rios m\u00ednimos por pessoa. Um valor que equivale, atualmente, a R$ 238,5 mil. Segundo a empresa, o pagamento desse d\u00e9bito ocorreria em um per\u00edodo 12 meses ap\u00f3s a aprova\u00e7\u00e3o do plano de recupera\u00e7\u00e3o judicial. Por outro lado, as indeniza\u00e7\u00f5es superiores a esse valor m\u00e1ximo receberiam apenas 8% do total, em parcelas mensais pagas ao longo de 18 anos.<\/p>\n<h2>F\u00e1bio Carvalho no comando<\/h2>\n<p>F\u00e1bio Carvalho assumir\u00e1 o controle societ\u00e1rio e ocupar\u00e1 a posi\u00e7\u00e3o de presidente-executivo do Grupo. O advogado \u00e9 especializado na aquisi\u00e7\u00e3o de companhias em crise financeira, como a Abril. Ele as reestrutura e as leva novamente ao crescimento. Carvalho adquiriu esse conhecimento durante os anos em que trabalhou na Alvarez &amp; Marsal.<\/p>\n<p>Para concretizar a compra da Abril, Carvalho contou com o apoio financeiro da Enforce e do banco BTG Pactual. Al\u00e9m disso, o advogado estaria negociando com os tr\u00eas bancos para obter com desconto a d\u00edvida.<\/p>\n<p>Entre os investimentos de <strong>Carvalho<\/strong> est\u00e3o participa\u00e7\u00f5es em empresas em variados setores. No total, seu grupo conta com um faturamento anual superior a R$ 4 bilh\u00f5es, empregando mais de 46 mil pessoas. Para a adquisi\u00e7\u00e3o e administra\u00e7\u00e3o do <strong>grupo<\/strong> <strong>Abril<\/strong>, o advogado contar\u00e1 com a estrutura da Legion Holdings, sociedade de investimentos que fundou. A empresa \u00e9 formada por um time de especialistas em renegocia\u00e7\u00f5es de d\u00edvidas e transforma\u00e7\u00f5es operacionais.<\/p>\n","protected":false},"excerpt":{"rendered":"<p>O Conselho Administrativo de Defesa Econ\u00f4mica (Cade) aprovou na \u00faltima ter\u00e7a-feira (8) a venda do Grupo Abril para a\u00a0Cavalry Investimentos. Editora Abril A Cavalry \u00e9 do empres\u00e1rio\u00a0F\u00e1bio Carvalho, dono da redes de lojas Casa &amp; V\u00eddeo e Leader. O \u00f3rg\u00e3o antitruste aprovou sem restri\u00e7\u00f5es a venda do grupo Abril, editora que publica revistas como EXAME [&hellip;]<\/p>\n","protected":false},"author":9,"featured_media":10893,"comment_status":"closed","ping_status":"closed","sticky":false,"template":"","format":"standard","meta":[],"categories":[64],"tags":[851,898],"suno_strategy":[],"class_list":["post-10888","post","type-post","status-publish","format-standard","has-post-thumbnail","hentry","category-negocios","tag-cade","tag-grupo-abril"],"yoast_head":"<!-- This site is optimized with the Yoast SEO plugin v24.4 - https:\/\/yoast.com\/wordpress\/plugins\/seo\/ -->\n<title>Venda da Editora Abril a F\u00e1bio Carvalho \u00e8 aprovada pelo Cade<\/title>\n<meta name=\"description\" content=\"O Conselho Administrativo de Defesa Econ\u00f4mica (Cade) aprovou a venda do Grupo Abril para a\u00a0Cavalry Investimentos. Clique aqui para ler mais.\" \/>\n<meta name=\"robots\" content=\"index, follow, max-snippet:-1, max-image-preview:large, max-video-preview:-1\" \/>\n<link rel=\"canonical\" href=\"https:\/\/www.suno.com.br\/noticias\/venda-editora-abril-aprovada-cade\/\" \/>\n<meta property=\"og:locale\" content=\"pt_BR\" \/>\n<meta property=\"og:type\" content=\"article\" \/>\n<meta property=\"og:title\" content=\"Venda da Editora Abril a F\u00e1bio Carvalho \u00e8 aprovada pelo Cade\" \/>\n<meta property=\"og:description\" content=\"O Conselho Administrativo de Defesa Econ\u00f4mica (Cade) aprovou a venda do Grupo Abril para a\u00a0Cavalry Investimentos. Clique aqui para ler mais.\" \/>\n<meta property=\"og:url\" content=\"https:\/\/www.suno.com.br\/noticias\/venda-editora-abril-aprovada-cade\/\" \/>\n<meta property=\"og:site_name\" content=\"Suno Not\u00edcias\" \/>\n<meta property=\"article:publisher\" content=\"https:\/\/facebook.com\/sunoresearch\" \/>\n<meta property=\"og:image\" content=\"https:\/\/files.sunoresearch.com.br\/n\/uploads\/2019\/01\/df9eba69-editora-abril.jpg\" \/>\n\t<meta property=\"og:image:width\" content=\"797\" \/>\n\t<meta property=\"og:image:height\" content=\"638\" \/>\n\t<meta property=\"og:image:type\" content=\"image\/jpeg\" \/>\n<meta name=\"author\" content=\"Carlo Cauti\" \/>\n<meta name=\"twitter:card\" content=\"summary_large_image\" \/>\n<meta name=\"twitter:creator\" content=\"@sunoresearch\" \/>\n<meta name=\"twitter:site\" content=\"@sunoresearch\" \/>\n<meta name=\"twitter:label1\" content=\"Escrito por\" \/>\n\t<meta name=\"twitter:data1\" content=\"Carlo Cauti\" \/>\n\t<meta name=\"twitter:label2\" content=\"Est. tempo de leitura\" \/>\n\t<meta name=\"twitter:data2\" content=\"3 minutos\" \/>\n<script type=\"application\/ld+json\" class=\"yoast-schema-graph\">{\"@context\":\"https:\/\/schema.org\",\"@graph\":[{\"@type\":\"NewsArticle\",\"@id\":\"https:\/\/www.suno.com.br\/noticias\/venda-editora-abril-aprovada-cade\/#article\",\"isPartOf\":{\"@id\":\"https:\/\/www.suno.com.br\/noticias\/venda-editora-abril-aprovada-cade\/\"},\"author\":{\"name\":\"Carlo Cauti\",\"@id\":\"https:\/\/www.suno.com.br\/noticias\/#\/schema\/person\/e6e0f723cc177805027f4566c1d5e0c8\"},\"headline\":\"Venda da Editora Abril \u00e8 aprovada pelo Cade\",\"datePublished\":\"2019-01-09T11:47:10+00:00\",\"dateModified\":\"2019-02-20T12:30:56+00:00\",\"mainEntityOfPage\":{\"@id\":\"https:\/\/www.suno.com.br\/noticias\/venda-editora-abril-aprovada-cade\/\"},\"wordCount\":603,\"publisher\":{\"@id\":\"https:\/\/www.suno.com.br\/noticias\/#organization\"},\"image\":{\"@id\":\"https:\/\/www.suno.com.br\/noticias\/venda-editora-abril-aprovada-cade\/#primaryimage\"},\"thumbnailUrl\":\"https:\/\/files.sunoresearch.com.br\/n\/uploads\/2019\/01\/df9eba69-editora-abril-jpg.webp\",\"keywords\":[\"CADE\",\"Grupo Abril\"],\"articleSection\":[\"Neg\u00f3cios\"],\"inLanguage\":\"pt-BR\"},{\"@type\":\"WebPage\",\"@id\":\"https:\/\/www.suno.com.br\/noticias\/venda-editora-abril-aprovada-cade\/\",\"url\":\"https:\/\/www.suno.com.br\/noticias\/venda-editora-abril-aprovada-cade\/\",\"name\":\"Venda da Editora Abril a F\u00e1bio Carvalho \u00e8 aprovada pelo Cade\",\"isPartOf\":{\"@id\":\"https:\/\/www.suno.com.br\/noticias\/#website\"},\"primaryImageOfPage\":{\"@id\":\"https:\/\/www.suno.com.br\/noticias\/venda-editora-abril-aprovada-cade\/#primaryimage\"},\"image\":{\"@id\":\"https:\/\/www.suno.com.br\/noticias\/venda-editora-abril-aprovada-cade\/#primaryimage\"},\"thumbnailUrl\":\"https:\/\/files.sunoresearch.com.br\/n\/uploads\/2019\/01\/df9eba69-editora-abril-jpg.webp\",\"datePublished\":\"2019-01-09T11:47:10+00:00\",\"dateModified\":\"2019-02-20T12:30:56+00:00\",\"description\":\"O Conselho Administrativo de Defesa Econ\u00f4mica (Cade) aprovou a venda do Grupo Abril para a\u00a0Cavalry Investimentos. Clique aqui para ler mais.\",\"breadcrumb\":{\"@id\":\"https:\/\/www.suno.com.br\/noticias\/venda-editora-abril-aprovada-cade\/#breadcrumb\"},\"inLanguage\":\"pt-BR\",\"potentialAction\":[{\"@type\":\"ReadAction\",\"target\":[\"https:\/\/www.suno.com.br\/noticias\/venda-editora-abril-aprovada-cade\/\"]}]},{\"@type\":\"ImageObject\",\"inLanguage\":\"pt-BR\",\"@id\":\"https:\/\/www.suno.com.br\/noticias\/venda-editora-abril-aprovada-cade\/#primaryimage\",\"url\":\"https:\/\/files.sunoresearch.com.br\/n\/uploads\/2019\/01\/df9eba69-editora-abril-jpg.webp\",\"contentUrl\":\"https:\/\/files.sunoresearch.com.br\/n\/uploads\/2019\/01\/df9eba69-editora-abril-jpg.webp\",\"width\":797,\"height\":638,\"caption\":\"Editora Abril\"},{\"@type\":\"BreadcrumbList\",\"@id\":\"https:\/\/www.suno.com.br\/noticias\/venda-editora-abril-aprovada-cade\/#breadcrumb\",\"itemListElement\":[{\"@type\":\"ListItem\",\"position\":1,\"name\":\"Not\u00edcias\",\"item\":\"https:\/\/www.suno.com.br\/noticias\/\"},{\"@type\":\"ListItem\",\"position\":2,\"name\":\"Neg\u00f3cios\",\"item\":\"https:\/\/www.suno.com.br\/noticias\/negocios\/\"},{\"@type\":\"ListItem\",\"position\":3,\"name\":\"Venda da Editora Abril \u00e8 aprovada pelo Cade\"}]},{\"@type\":\"WebSite\",\"@id\":\"https:\/\/www.suno.com.br\/noticias\/#website\",\"url\":\"https:\/\/www.suno.com.br\/noticias\/\",\"name\":\"Suno Not\u00edcias\",\"description\":\"Seu portal de informa\u00e7\u00e3o sobre o mundo dos investimentos\",\"publisher\":{\"@id\":\"https:\/\/www.suno.com.br\/noticias\/#organization\"},\"potentialAction\":[{\"@type\":\"SearchAction\",\"target\":{\"@type\":\"EntryPoint\",\"urlTemplate\":\"https:\/\/www.suno.com.br\/noticias\/?s={search_term_string}\"},\"query-input\":{\"@type\":\"PropertyValueSpecification\",\"valueRequired\":true,\"valueName\":\"search_term_string\"}}],\"inLanguage\":\"pt-BR\"},{\"@type\":\"Organization\",\"@id\":\"https:\/\/www.suno.com.br\/noticias\/#organization\",\"name\":\"Suno Not\u00edcias\",\"url\":\"https:\/\/www.suno.com.br\/noticias\/\",\"logo\":{\"@type\":\"ImageObject\",\"inLanguage\":\"pt-BR\",\"@id\":\"https:\/\/www.suno.com.br\/noticias\/#\/schema\/logo\/image\/\",\"url\":\"https:\/\/files.sunoresearch.com.br\/n\/uploads\/2021\/09\/suno-logo.png\",\"contentUrl\":\"https:\/\/files.sunoresearch.com.br\/n\/uploads\/2021\/09\/suno-logo.png\",\"width\":180,\"height\":180,\"caption\":\"Suno Not\u00edcias\"},\"image\":{\"@id\":\"https:\/\/www.suno.com.br\/noticias\/#\/schema\/logo\/image\/\"},\"sameAs\":[\"https:\/\/facebook.com\/sunoresearch\",\"https:\/\/x.com\/sunoresearch\",\"https:\/\/www.instagram.com\/suno\",\"https:\/\/www.linkedin.com\/company\/suno-research\/\",\"https:\/\/www.youtube.com\/c\/sunoresearch\"]},{\"@type\":\"Person\",\"@id\":\"https:\/\/www.suno.com.br\/noticias\/#\/schema\/person\/e6e0f723cc177805027f4566c1d5e0c8\",\"name\":\"Carlo Cauti\",\"image\":{\"@type\":\"ImageObject\",\"inLanguage\":\"pt-BR\",\"@id\":\"https:\/\/www.suno.com.br\/noticias\/#\/schema\/person\/image\/\",\"url\":\"https:\/\/secure.gravatar.com\/avatar\/3ada9e0bd164c23abd4792a9606d583c?s=96&r=g\",\"contentUrl\":\"https:\/\/secure.gravatar.com\/avatar\/3ada9e0bd164c23abd4792a9606d583c?s=96&r=g\",\"caption\":\"Carlo Cauti\"},\"description\":\"Editor multim\u00eddia do SUNO Not\u00edcias. Italiano, formado em Ci\u00eancias Pol\u00edticas pela universidade LUISS G. Carli de Roma e mestre cum laude em Rela\u00e7\u00f5es Internacionais, Jornalismo Internacional e de Guerra e em Economia Internacional. Concluiu tamb\u00e9m um MBA em Finan\u00e7as na B3. No Brasil, teve passagem por ve\u00edculos como Estad\u00e3o, Globo, Veja e EXAME. e nas ag\u00eancias de not\u00edcias italianas ANSA e NOVA.\",\"url\":\"https:\/\/www.suno.com.br\/noticias\/author\/carlo-cauti\/\"}]}<\/script>\n<!-- \/ Yoast SEO plugin. -->","yoast_head_json":{"title":"Venda da Editora Abril a F\u00e1bio Carvalho \u00e8 aprovada pelo Cade","description":"O Conselho Administrativo de Defesa Econ\u00f4mica (Cade) aprovou a venda do Grupo Abril para a\u00a0Cavalry Investimentos. Clique aqui para ler mais.","robots":{"index":"index","follow":"follow","max-snippet":"max-snippet:-1","max-image-preview":"max-image-preview:large","max-video-preview":"max-video-preview:-1"},"canonical":"https:\/\/www.suno.com.br\/noticias\/venda-editora-abril-aprovada-cade\/","og_locale":"pt_BR","og_type":"article","og_title":"Venda da Editora Abril a F\u00e1bio Carvalho \u00e8 aprovada pelo Cade","og_description":"O Conselho Administrativo de Defesa Econ\u00f4mica (Cade) aprovou a venda do Grupo Abril para a\u00a0Cavalry Investimentos. Clique aqui para ler mais.","og_url":"https:\/\/www.suno.com.br\/noticias\/venda-editora-abril-aprovada-cade\/","og_site_name":"Suno Not\u00edcias","article_publisher":"https:\/\/facebook.com\/sunoresearch","og_image":[{"width":797,"height":638,"url":"https:\/\/files.sunoresearch.com.br\/n\/uploads\/2019\/01\/df9eba69-editora-abril.jpg","type":"image\/jpeg"}],"author":"Carlo Cauti","twitter_card":"summary_large_image","twitter_creator":"@sunoresearch","twitter_site":"@sunoresearch","twitter_misc":{"Escrito por":"Carlo Cauti","Est. tempo de leitura":"3 minutos"},"schema":{"@context":"https:\/\/schema.org","@graph":[{"@type":"NewsArticle","@id":"https:\/\/www.suno.com.br\/noticias\/venda-editora-abril-aprovada-cade\/#article","isPartOf":{"@id":"https:\/\/www.suno.com.br\/noticias\/venda-editora-abril-aprovada-cade\/"},"author":{"name":"Carlo Cauti","@id":"https:\/\/www.suno.com.br\/noticias\/#\/schema\/person\/e6e0f723cc177805027f4566c1d5e0c8"},"headline":"Venda da Editora Abril \u00e8 aprovada pelo Cade","datePublished":"2019-01-09T11:47:10+00:00","dateModified":"2019-02-20T12:30:56+00:00","mainEntityOfPage":{"@id":"https:\/\/www.suno.com.br\/noticias\/venda-editora-abril-aprovada-cade\/"},"wordCount":603,"publisher":{"@id":"https:\/\/www.suno.com.br\/noticias\/#organization"},"image":{"@id":"https:\/\/www.suno.com.br\/noticias\/venda-editora-abril-aprovada-cade\/#primaryimage"},"thumbnailUrl":"https:\/\/files.sunoresearch.com.br\/n\/uploads\/2019\/01\/df9eba69-editora-abril-jpg.webp","keywords":["CADE","Grupo Abril"],"articleSection":["Neg\u00f3cios"],"inLanguage":"pt-BR"},{"@type":"WebPage","@id":"https:\/\/www.suno.com.br\/noticias\/venda-editora-abril-aprovada-cade\/","url":"https:\/\/www.suno.com.br\/noticias\/venda-editora-abril-aprovada-cade\/","name":"Venda da Editora Abril a F\u00e1bio Carvalho \u00e8 aprovada pelo Cade","isPartOf":{"@id":"https:\/\/www.suno.com.br\/noticias\/#website"},"primaryImageOfPage":{"@id":"https:\/\/www.suno.com.br\/noticias\/venda-editora-abril-aprovada-cade\/#primaryimage"},"image":{"@id":"https:\/\/www.suno.com.br\/noticias\/venda-editora-abril-aprovada-cade\/#primaryimage"},"thumbnailUrl":"https:\/\/files.sunoresearch.com.br\/n\/uploads\/2019\/01\/df9eba69-editora-abril-jpg.webp","datePublished":"2019-01-09T11:47:10+00:00","dateModified":"2019-02-20T12:30:56+00:00","description":"O Conselho Administrativo de Defesa Econ\u00f4mica (Cade) aprovou a venda do Grupo Abril para a\u00a0Cavalry Investimentos. Clique aqui para ler mais.","breadcrumb":{"@id":"https:\/\/www.suno.com.br\/noticias\/venda-editora-abril-aprovada-cade\/#breadcrumb"},"inLanguage":"pt-BR","potentialAction":[{"@type":"ReadAction","target":["https:\/\/www.suno.com.br\/noticias\/venda-editora-abril-aprovada-cade\/"]}]},{"@type":"ImageObject","inLanguage":"pt-BR","@id":"https:\/\/www.suno.com.br\/noticias\/venda-editora-abril-aprovada-cade\/#primaryimage","url":"https:\/\/files.sunoresearch.com.br\/n\/uploads\/2019\/01\/df9eba69-editora-abril-jpg.webp","contentUrl":"https:\/\/files.sunoresearch.com.br\/n\/uploads\/2019\/01\/df9eba69-editora-abril-jpg.webp","width":797,"height":638,"caption":"Editora Abril"},{"@type":"BreadcrumbList","@id":"https:\/\/www.suno.com.br\/noticias\/venda-editora-abril-aprovada-cade\/#breadcrumb","itemListElement":[{"@type":"ListItem","position":1,"name":"Not\u00edcias","item":"https:\/\/www.suno.com.br\/noticias\/"},{"@type":"ListItem","position":2,"name":"Neg\u00f3cios","item":"https:\/\/www.suno.com.br\/noticias\/negocios\/"},{"@type":"ListItem","position":3,"name":"Venda da Editora Abril \u00e8 aprovada pelo Cade"}]},{"@type":"WebSite","@id":"https:\/\/www.suno.com.br\/noticias\/#website","url":"https:\/\/www.suno.com.br\/noticias\/","name":"Suno Not\u00edcias","description":"Seu portal de informa\u00e7\u00e3o sobre o mundo dos investimentos","publisher":{"@id":"https:\/\/www.suno.com.br\/noticias\/#organization"},"potentialAction":[{"@type":"SearchAction","target":{"@type":"EntryPoint","urlTemplate":"https:\/\/www.suno.com.br\/noticias\/?s={search_term_string}"},"query-input":{"@type":"PropertyValueSpecification","valueRequired":true,"valueName":"search_term_string"}}],"inLanguage":"pt-BR"},{"@type":"Organization","@id":"https:\/\/www.suno.com.br\/noticias\/#organization","name":"Suno Not\u00edcias","url":"https:\/\/www.suno.com.br\/noticias\/","logo":{"@type":"ImageObject","inLanguage":"pt-BR","@id":"https:\/\/www.suno.com.br\/noticias\/#\/schema\/logo\/image\/","url":"https:\/\/files.sunoresearch.com.br\/n\/uploads\/2021\/09\/suno-logo.png","contentUrl":"https:\/\/files.sunoresearch.com.br\/n\/uploads\/2021\/09\/suno-logo.png","width":180,"height":180,"caption":"Suno Not\u00edcias"},"image":{"@id":"https:\/\/www.suno.com.br\/noticias\/#\/schema\/logo\/image\/"},"sameAs":["https:\/\/facebook.com\/sunoresearch","https:\/\/x.com\/sunoresearch","https:\/\/www.instagram.com\/suno","https:\/\/www.linkedin.com\/company\/suno-research\/","https:\/\/www.youtube.com\/c\/sunoresearch"]},{"@type":"Person","@id":"https:\/\/www.suno.com.br\/noticias\/#\/schema\/person\/e6e0f723cc177805027f4566c1d5e0c8","name":"Carlo Cauti","image":{"@type":"ImageObject","inLanguage":"pt-BR","@id":"https:\/\/www.suno.com.br\/noticias\/#\/schema\/person\/image\/","url":"https:\/\/secure.gravatar.com\/avatar\/3ada9e0bd164c23abd4792a9606d583c?s=96&r=g","contentUrl":"https:\/\/secure.gravatar.com\/avatar\/3ada9e0bd164c23abd4792a9606d583c?s=96&r=g","caption":"Carlo Cauti"},"description":"Editor multim\u00eddia do SUNO Not\u00edcias. Italiano, formado em Ci\u00eancias Pol\u00edticas pela universidade LUISS G. Carli de Roma e mestre cum laude em Rela\u00e7\u00f5es Internacionais, Jornalismo Internacional e de Guerra e em Economia Internacional. Concluiu tamb\u00e9m um MBA em Finan\u00e7as na B3. No Brasil, teve passagem por ve\u00edculos como Estad\u00e3o, Globo, Veja e EXAME. e nas ag\u00eancias de not\u00edcias italianas ANSA e NOVA.","url":"https:\/\/www.suno.com.br\/noticias\/author\/carlo-cauti\/"}]}},"default_loop_html":"<div class=\"cardsPage__listCard__boxs\"><div class=\"cardsPage__listCard__boxs__img\"><a href=\"https:\/\/www.suno.com.br\/noticias\/venda-editora-abril-aprovada-cade\/\"><img class=\"mask\" src=\"https:\/\/www.suno.com.br\/noticias\/wp-content\/themes\/suno\/resources\/images\/spotlight\/spotlight1img\/bg-mask.png\" alt=\"Image Mask\"\/><img src=\"https:\/\/files.sunoresearch.com.br\/n\/uploads\/2019\/01\/df9eba69-editora-abril-400x200.webp\" alt=\"Venda da Editora Abril \u00e8 aprovada pelo Cade\"\/><\/a><span class=\"spotlightCategory\"><a href=\"https:\/\/www.suno.com.br\/noticias\/negocios\/\">Neg\u00f3cios<\/a><\/span><\/div><div class=\"cardsPage__listCard__boxs__content\"><a href=\"https:\/\/www.suno.com.br\/noticias\/venda-editora-abril-aprovada-cade\/\"><h2 class=\"content__title\">Venda da Editora Abril \u00e8 aprovada pelo Cade<\/h2><\/a><div class=\"newsContent__article__meta\"><div class=\"newsContent__article__meta__authorBox\"><a href=\"https:\/\/www.suno.com.br\/noticias\/author\/carlo-cauti\/\" class=\"authorBox__avatar noMobi\"><img src=\"https:\/\/files.sunoresearch.com.br\/n\/uploads\/2020\/08\/e3745f9a-perfil-carlo-cauti-150x150.webp\" alt=\"Carlo Cauti\"><\/a><div class=\"authorBox__name\"><span>por\n\t\t\t<a href=\"https:\/\/www.suno.com.br\/noticias\/author\/carlo-cauti\/\"><span itemprop=\"author\">Carlo Cauti<\/span><\/a><\/span><time datetime=\"2019-01-09T09:47:10-02:00\" itemprop=\"datePublished\">09\/01\/2019 09:47<\/time><\/div><\/div><\/div><\/div><\/div>","single_layout":"posts","amp_enabled":true,"_links":{"self":[{"href":"https:\/\/www.suno.com.br\/noticias\/wp-json\/wp\/v2\/posts\/10888"}],"collection":[{"href":"https:\/\/www.suno.com.br\/noticias\/wp-json\/wp\/v2\/posts"}],"about":[{"href":"https:\/\/www.suno.com.br\/noticias\/wp-json\/wp\/v2\/types\/post"}],"author":[{"embeddable":true,"href":"https:\/\/www.suno.com.br\/noticias\/wp-json\/wp\/v2\/users\/9"}],"replies":[{"embeddable":true,"href":"https:\/\/www.suno.com.br\/noticias\/wp-json\/wp\/v2\/comments?post=10888"}],"version-history":[{"count":0,"href":"https:\/\/www.suno.com.br\/noticias\/wp-json\/wp\/v2\/posts\/10888\/revisions"}],"wp:featuredmedia":[{"embeddable":true,"href":"https:\/\/www.suno.com.br\/noticias\/wp-json\/wp\/v2\/media\/10893"}],"wp:attachment":[{"href":"https:\/\/www.suno.com.br\/noticias\/wp-json\/wp\/v2\/media?parent=10888"}],"wp:term":[{"taxonomy":"category","embeddable":true,"href":"https:\/\/www.suno.com.br\/noticias\/wp-json\/wp\/v2\/categories?post=10888"},{"taxonomy":"post_tag","embeddable":true,"href":"https:\/\/www.suno.com.br\/noticias\/wp-json\/wp\/v2\/tags?post=10888"},{"taxonomy":"suno_strategy","embeddable":true,"href":"https:\/\/www.suno.com.br\/noticias\/wp-json\/wp\/v2\/suno_strategy?post=10888"}],"curies":[{"name":"wp","href":"https:\/\/api.w.org\/{rel}","templated":true}]}}