{"id":108803,"date":"2020-12-16T18:29:26","date_gmt":"2020-12-16T21:29:26","guid":{"rendered":"https:\/\/www.suno.com.br\/noticias\/?p=108803"},"modified":"2021-05-29T20:29:53","modified_gmt":"2021-05-29T23:29:53","slug":"ibovespa-fecha-em-alta-16122020","status":"publish","type":"post","link":"https:\/\/www.suno.com.br\/noticias\/ibovespa-fecha-em-alta-16122020\/","title":{"rendered":"Ibovespa fecha em alta de 1,47%, a 117.857,35 pontos"},"content":{"rendered":"<p>O\u00a0<span style=\"font-weight: 700 !important;\"><a href=\"https:\/\/www.suno.com.br\/artigos\/ibovespa\/\">Ibovespa<\/a>\u00a0<\/span>encerrou o preg\u00e3o desta quarta-feira (16) em alta de 1,47%, a 117.857,35 pontos.<\/p>\t<div class=\"wrapper-featured-image\">\n\t\t<figure class=\"spotlightImg\">\n\n\t\t\t<picture>\n\t\t\t\t<source media=\"(max-width: 768px)\" srcset=\"https:\/\/files.sunoresearch.com.br\/n\/uploads\/2020\/12\/40bfdd82-ibovespa-400x200.webp\">\n\t\t\t\t<img loading=\"lazy\" decoding=\"async\" class=\"newsContent__article__imgCapa lazyloadDisabled \" src=\"https:\/\/files.sunoresearch.com.br\/n\/uploads\/2020\/12\/40bfdd82-ibovespa-800x450.webp\" width=\"800\" height=\"450\" alt=\"Ibovespa fecha em alta de 1,47%, a 117.857,35 pontos\" fetchpriority=high \/>\n\t\t\t<\/picture>\n\n\t\t\t<figcaption class=\"wp-caption-text wp-caption-text--show\">Na \u00faltima sess\u00e3o, ter\u00e7a-feira (15), o Ibovespa encerrou o preg\u00e3o em alta de 1,34%, a 116.148,63 pontos.<\/figcaption>\n\t\t<\/figure>\n\t<\/div>\n\n\n\t<p>\n\t\t<a href=\"https:\/\/lp.suno.com.br\/planilha-controle-gastos\/\" target=\"_blank\" data-element=\"shortcode-suno-banner\" title=\"Banner SUNO, clique e saiba mais\">\n\t\t\t<picture>\n\t\t\t\t<source media=\"(max-width: 500px)\" srcset=\"https:\/\/files.sunoresearch.com.br\/n\/uploads\/2023\/03\/400x300-Planilha-controle-de-gastos.png\">\n\t\t\t\t<img class=\"newsContent__article__imgCapa newsContent__article__imgCapa--banner\"\n\t\t\t\t\tsrc=\"https:\/\/files.sunoresearch.com.br\/n\/uploads\/2023\/03\/1420x240-Planilha-controle-de-gastos.png\"\n\t\t\t\t\tdata-promo-id=\"101751\"\t\t\t\t\t\t\t\t\t\twidth='1420' height='240'\t\t\t\t\talt=\"https:\/\/files.sunoresearch.com.br\/n\/uploads\/2023\/03\/1420x240-Planilha-controle-de-gastos.png\"\n\t\t\t\t>\n\t\t\t<\/picture>\n\t\t<\/a>\n\t<\/p>\n\n\n<p>O <strong>Ibovespa hoje<\/strong> abriu est\u00e1vel, enquanto o mercado acompanhava a defini\u00e7\u00e3o do novo alvo da<strong> <a href=\"https:\/\/www.suno.com.br\/artigos\/taxa-de-juros\/\">taxa de juros<\/a><\/strong>\u00a0 dos Estados Unidos feita pelo <a href=\"https:\/\/www.suno.com.br\/artigos\/fed\/\">Federal Reserve (Fed)<\/a>.<\/p>\n<p>No fim da tarde, o Fed divulgou sua decis\u00e3o. O banco central dos Estados Unidos decidiu manter inalterada a taxa de juros no intervalo entre 0% e 0,25%.<\/p>\n<p><a href=\"https:\/\/lp.suno.com.br\/suno-one\/\">Suno One: acesse gratuitamente eBooks, Minicursos, Artigos e Video Aulas sobre investimentos com um \u00fanico cadastro. Clique para saber mais!<\/a><\/p>\n<h2>Principais not\u00edcias que movimentaram o Ibovespa<\/h2>\n<p>Al\u00e9m disso, veja as principais not\u00edcias que movimentaram o mercado durante esta quarta-feira:<\/p>\n<ul>\n<li><strong>Azul<\/strong> (AZUL4): voos chegam a 70% do pr\u00e9-pandemia puxados por lazer<\/li>\n<li><strong>Totvs<\/strong> (TOTS3) vai pagar R$ 56,7 milh\u00f5es em JCP<\/li>\n<li><strong>Braskem<\/strong> (BRKM5): Odebrecht retomar\u00e1 processo de venda, diz jornal<\/li>\n<li><strong>B3<\/strong> (B3SA3) divulga segunda pr\u00e9via do Ibovespa<\/li>\n<li>Bolsas no exterior<\/li>\n<li>\u00daltima <strong>cota\u00e7\u00e3o do Ibovespa\u00a0<\/strong><\/li>\n<\/ul>\n<h2>Azul (AZUL4)<\/h2>\n<p><a href=\"https:\/\/www.suno.com.br\/acoes\/azul4\/\"><strong>Azul<\/strong> (AZUL4)<\/a> informou, em evento a acionistas nesta quarta-feira, que os voos da companhia a\u00e9rea j\u00e1 retornaram a 70% do patamar anterior a crise causada pela pandemia do <a href=\"https:\/\/www.suno.com.br\/noticias\/search\/coronav%C3%ADrus\">coronav\u00edrus (covid-19)<\/a>.<\/p>\n<p>De acordo com a companhia, o n\u00famero de passagens comercializadas para viagens corporativas passou de 61% antes da pandemia, para 3% no auge da crise, e atingindo agora cerca de 30%. Os demais 70% s\u00e3o viagens de lazer, que vem ganhando espa\u00e7o dentro dos resultados, segundo a Azul.<\/p>\n\t<div data-element=\"shortcode-read-more\" class=\"knowMore\">\n\t\t\t\t<span class=\"knowMore__title\">Saiba mais<\/span>\n\t\t\t\t<a class=\"knowMore__link\" href=\"https:\/\/www.suno.com.br\/noticias\/azul-azul4-puxados-por-lazer\/\">\n\t\t\tAzul (AZUL4): voos chegam a 70% do pr\u00e9-pandemia puxados por lazer\t\t<\/a>\n\t<\/div>\n\n\n<p>Essa troca tamb\u00e9m deve influenciar o <strong><a href=\"https:\/\/www.suno.com.br\/artigos\/ebitda\/\">Ebtida (Lucros antes de juros, impostos, deprecia\u00e7\u00e3o e amortiza\u00e7\u00e3o, em ingl\u00eas)<\/a><\/strong> da Azul. Segundo a companhia, o Ebtida da Azul em 2022 dever\u00e1 ficar acima do desempenho do ano passado, esmo com a queda prevista para o setor corporativo.<\/p>\n<h2>Totvs (TOTS3)<\/h2>\n<p>A <a href=\"https:\/\/www.suno.com.br\/acoes\/tots3\/\"><strong>Totvs<\/strong> (TOTS3)<\/a> comunicou ao mercado que seu conselho de administra\u00e7\u00e3o aprovou o pagamento de <a href=\"https:\/\/www.suno.com.br\/artigos\/entenda-o-jcp\/\">juros sobre o capital pr\u00f3prio (JCP)<\/a> no montante de R$ 56,7 milh\u00f5es.<\/p>\n<p>De acordo com o <a href=\"https:\/\/www.suno.com.br\/artigos\/fato-relevante\/\">fato relevante<\/a> da Totvs, o valor total \u00e9 correspondente a R$ 0,10 por <a href=\"https:\/\/www.suno.com.br\/artigos\/mercado-de-acoes\/\">a\u00e7\u00e3o<\/a> da companhia, referente ao segundo semestre deste ano, os quais ser\u00e3o imputados aos <a href=\"https:\/\/www.suno.com.br\/artigos\/dividendos\/\"><strong>dividendos<\/strong> <\/a>obrigat\u00f3rios do exerc\u00edcio.<\/p>\n<p>Ter\u00e3o direito aos<strong> JCP<\/strong> todos os <strong><a href=\"https:\/\/www.suno.com.br\/artigos\/acionista-companhias-abertas\/\">acionistas<\/a> <\/strong>titulares de a\u00e7\u00f5es, na data base de 21 de dezembro deste. As negocia\u00e7\u00f5es dos pap\u00e9is a partir do dia 22 deste m\u00eas, ser\u00e3o ex-JCP. Os acionistas ser\u00e3o pagos no dia 20 de maio de 2021, sem incid\u00eancia de corre\u00e7\u00e3o monet\u00e1ria ou remunera\u00e7\u00e3o. A Totvs informou ainda que o valor do JCP est\u00e1 sujeito \u00e0 reten\u00e7\u00e3o de <a href=\"https:\/\/www.suno.com.br\/artigos\/imposto-de-renda-guia\/\">Imposto de Renda<\/a>.<\/p>\n<h2>Braskem (BRKM5)<\/h2>\n<p>Mesmo com os problemas em que a <a href=\"https:\/\/www.suno.com.br\/acoes\/brkm5\/\"><strong>Braskem <\/strong>(BRKM5)<\/a> est\u00e1 envolvida, com a Idesa paralisada no M\u00e9xico por conta da falta de g\u00e1s natural, e com a demora no desfecho do afundamento de solo em Macei\u00f3 (AL), a Odebrecht, segundo o jornal Valor Econ\u00f4mico, est\u00e1 se movimentando para vender sua fatia de 38,3% na companhia entre fevereiro e mar\u00e7o de 2021.<\/p>\n<p>A venda da fatia na Braskem \u00e9 parte do plano de <a href=\"https:\/\/www.suno.com.br\/artigos\/recuperacao-judicial\/\"><strong>recupera\u00e7\u00e3o judicial<\/strong><\/a> da empreiteira, que tem at\u00e9 julho de 2023 para concretizar a opera\u00e7\u00e3o. A companhia mandatou o Morgan Stanley a reiniciar o processo de venda em agosto.<\/p>\n\t<div data-element=\"shortcode-read-more\" class=\"knowMore\">\n\t\t\t\t<span class=\"knowMore__title\">Saiba mais<\/span>\n\t\t\t\t<a class=\"knowMore__link\" href=\"https:\/\/www.suno.com.br\/noticias\/braskem-odebretch-processo-venda\/\">\n\t\t\tBraskem (BRKM5): Odebrecht retomar\u00e1 processo de venda, diz jornal\t\t<\/a>\n\t<\/div>\n\n\n<p>Diferentemente da primeira negocia\u00e7\u00e3o em 2018, feita de forma exclusiva com a <strong>LyondellBasell<\/strong>, a ideia agora seria abrir um processo competitivo pelo controle da petroqu\u00edmica. Em 2019, a holandesa desistiu de seguir adiante com a compra da Braskem por conta dos problemas internos da companhia mas afirmou na \u00e9poca que manteria a brasileira no radar.<\/p>\n<h2>B3 divulga segunda pr\u00e9via do Ibovespa<\/h2>\n<p><a href=\"https:\/\/www.suno.com.br\/acoes\/cple6\/\">Copel (CPLE6)<\/a>, com suas a\u00e7\u00f5es preferenciais B, <a href=\"https:\/\/www.suno.com.br\/acoes\/enev3\/\">Eneva (ENEV3)<\/a>,\u00a0 <a href=\"https:\/\/www.suno.com.br\/acoes\/jhsf3\/\">JHSF (JHSF3)<\/a> e <a href=\"https:\/\/www.suno.com.br\/acoes\/lcam3\/\">Unidas (LCAM3)<\/a>, estas tr\u00eas com suas a\u00e7\u00f5es ordin\u00e1rias, foram as companhias colocadas na segunda<strong> pr\u00e9via do <a href=\"https:\/\/www.suno.com.br\/artigos\/ibovespa\/\">Ibovespa<\/a><\/strong>\u00a0divulgada hoje pela B3.<\/p>\n<p>Todas as quatro companhias j\u00e1 apareciam na primeira pr\u00e9via do Ibovespa, divulgada no primeiro dia do m\u00eas. A pr\u00f3xima, e \u00faltima, est\u00e1 prevista agora para o dia 29 de dezembro, sendo que a <strong>nova carteira<\/strong> passa a ser v\u00e1lida no primeiro preg\u00e3o de 2021, no dia 4 de janeiro.<\/p>\n\t<div data-element=\"shortcode-read-more\" class=\"knowMore\">\n\t\t\t\t<span class=\"knowMore__title\">Saiba mais<\/span>\n\t\t\t\t<a class=\"knowMore__link\" href=\"https:\/\/www.suno.com.br\/noticias\/segunda-previa-do-ibovespa-mantem-eneva-enev3-jhsf-jhsf3-unidas-lcam3-e-copel-cple6\/\">\n\t\t\tB3 (B3SA3) divulga segunda pr\u00e9via do Ibovespa e mant\u00e9m Eneva (ENEV3), JHSF (JHSF3), Unidas (LCAM3) e Copel (CPLE6)\t\t<\/a>\n\t<\/div>\n\n\n<p>Na nova pr\u00e9via do Ibovespa, as a\u00e7\u00f5es ordin\u00e1rias Vale (VALE3) e as preferenciais do <a href=\"https:\/\/www.suno.com.br\/acoes\/itub4\/\">Ita\u00fa (ITUB4)<\/a> e da <a href=\"https:\/\/www.suno.com.br\/acoes\/petr4\/\">Petrobras (PETR4)<\/a> s\u00e3o as companhias com mais peso no \u00edndice, tendo participa\u00e7\u00e3o de, respectivamente, 11,224%. 6,896% e 5,916%. <a href=\"https:\/\/www.suno.com.br\/acoes\/b3sa3\/\">B3 ON (B3SA3)<\/a> e <a href=\"https:\/\/www.suno.com.br\/acoes\/bbdc4\/\">Bradesco PN (BBDC4)<\/a> v\u00eam na sequ\u00eancia, com 5,524% e 5,241%.<\/p>\n<h2>Al\u00e9m do Ibovespa: Bolsas no exterior<\/h2>\n<ul>\n<li>Nova York (<a href=\"https:\/\/www.suno.com.br\/artigos\/sp-500\/\">S&amp;P 500<\/a>): +0,18%<\/li>\n<li>Frankfurt (<a href=\"https:\/\/www.suno.com.br\/artigos\/dax-30\/\">DAX 30)<\/a>: +1,52%<\/li>\n<li>Reino Unido (<a href=\"https:\/\/www.suno.com.br\/artigos\/ftse-100\/\">FTSE 100<\/a>): +0,88%<\/li>\n<li>Paris (<a href=\"https:\/\/www.suno.com.br\/artigos\/cac-40\/\">CAC 40<\/a>): +0,31%<\/li>\n<li>It\u00e1lia (<a href=\"https:\/\/www.suno.com.br\/artigos\/ftse-mib\/\">FTSE MIB<\/a>): +0,23%<\/li>\n<li>Xangai (SSEC): -0,0074%<\/li>\n<li>Hong Kong (<a href=\"https:\/\/www.suno.com.br\/artigos\/hang-seng\/\">Hang Seng<\/a>): +0,97%<\/li>\n<li>Jap\u00e3o (<a href=\"https:\/\/www.suno.com.br\/artigos\/nikkei-225\/\">Nikkei 225<\/a> ): +0,26%<\/li>\n<\/ul>\n\t<p>\n\t\t<a href=\"https:\/\/lp.suno.com.br\/planilha-da-vida-financeira\/\" target=\"_blank\" data-element=\"shortcode-suno-banner\" title=\"Banner SUNO, clique e saiba mais\">\n\t\t\t<picture>\n\t\t\t\t<source media=\"(max-width: 500px)\" srcset=\"https:\/\/files.sunoresearch.com.br\/n\/uploads\/2023\/04\/400x300-Planilha-vida-financeira-true.png\">\n\t\t\t\t<img class=\"newsContent__article__imgCapa newsContent__article__imgCapa--banner\"\n\t\t\t\t\tsrc=\"https:\/\/files.sunoresearch.com.br\/n\/uploads\/2023\/04\/1420x240-Planilha-vida-financeira-true.png\"\n\t\t\t\t\tdata-promo-id=\"106682\"\t\t\t\t\t\t\t\t\t\twidth='1420' height='240'\t\t\t\t\talt=\"https:\/\/files.sunoresearch.com.br\/n\/uploads\/2023\/04\/1420x240-Planilha-vida-financeira-true.png\"\n\t\t\t\t>\n\t\t\t<\/picture>\n\t\t<\/a>\n\t<\/p>\n\n\n<h2>\u00daltima cota\u00e7\u00e3o do Ibovespa<\/h2>\n<p>Na \u00faltima sess\u00e3o, ter\u00e7a-feira (15), o <strong>Ibovespa<\/strong> encerrou o preg\u00e3o em alta de 1,34%, a 116.148,63 pontos.<\/p>\n<p><span style=\"font-weight: 400;\">\t<p>\n\t\t<a href=\"https:\/\/lp.suno.com.br\/planilha-de-controle-de-investimentos\/\" target=\"_blank\" data-element=\"shortcode-suno-banner\" title=\"Banner SUNO, clique e saiba mais\">\n\t\t\t<picture>\n\t\t\t\t<source media=\"(max-width: 500px)\" srcset=\"https:\/\/files.sunoresearch.com.br\/n\/uploads\/2023\/03\/400x300-Controle-de-Investimentos.png\">\n\t\t\t\t<img class=\"newsContent__article__imgCapa newsContent__article__imgCapa--banner\"\n\t\t\t\t\tsrc=\"https:\/\/files.sunoresearch.com.br\/n\/uploads\/2023\/03\/1420x240-Controle-de-Investimentos.png\"\n\t\t\t\t\tdata-promo-id=\"75934\"\t\t\t\t\t\t\t\t\t\twidth='1420' height='240'\t\t\t\t\talt=\"https:\/\/files.sunoresearch.com.br\/n\/uploads\/2023\/03\/1420x240-Controle-de-Investimentos.png\"\n\t\t\t\t>\n\t\t\t<\/picture>\n\t\t<\/a>\n\t<\/p>\n\n\u00a0\u00a0<\/span><\/p>\n","protected":false},"excerpt":{"rendered":"<p>O\u00a0Ibovespa\u00a0encerrou o preg\u00e3o desta quarta-feira (16) em alta de 1,47%, a 117.857,35 pontos. Na \u00faltima sess\u00e3o, ter\u00e7a-feira (15), o Ibovespa encerrou o preg\u00e3o em alta de 1,34%, a 116.148,63 pontos. O Ibovespa hoje abriu est\u00e1vel, enquanto o mercado acompanhava a defini\u00e7\u00e3o do novo alvo da taxa de juros\u00a0 dos Estados Unidos feita pelo Federal Reserve [&hellip;]<\/p>\n","protected":false},"author":39,"featured_media":108804,"comment_status":"closed","ping_status":"closed","sticky":false,"template":"","format":"standard","meta":[],"categories":[60],"tags":[106932,367,395,721,665],"suno_strategy":[],"class_list":["post-108803","post","type-post","status-publish","format-standard","has-post-thumbnail","hentry","category-mercado","tag-azul-azul4","tag-b3-b3sa3","tag-braskem-brkm3-brkm5-brkm6","tag-ibovespa","tag-totvs-tots3"],"yoast_head":"<!-- This site is optimized with the Yoast SEO plugin v24.4 - https:\/\/yoast.com\/wordpress\/plugins\/seo\/ -->\n<title>Ibovespa fecha em alta de 1,47%, a 117.857,35 pontos<\/title>\n<meta name=\"description\" content=\"O\u00a0Ibovespa\u00a0encerrou o preg\u00e3o desta quarta-feira (16) em alta de 1,47%, a 117.857,35 pontos. Clique aqui e saiba mais sobre o Ibovespa hoje.\" \/>\n<meta name=\"robots\" content=\"index, follow, max-snippet:-1, max-image-preview:large, max-video-preview:-1\" \/>\n<link rel=\"canonical\" href=\"https:\/\/www.suno.com.br\/noticias\/ibovespa-fecha-em-alta-16122020\/\" \/>\n<meta property=\"og:locale\" content=\"pt_BR\" \/>\n<meta property=\"og:type\" content=\"article\" \/>\n<meta property=\"og:title\" content=\"Ibovespa fecha em alta de 1,47%, a 117.857,35 pontos\" \/>\n<meta property=\"og:description\" content=\"O\u00a0Ibovespa\u00a0encerrou o preg\u00e3o desta quarta-feira (16) em alta de 1,47%, a 117.857,35 pontos. Clique aqui e saiba mais sobre o Ibovespa hoje.\" \/>\n<meta property=\"og:url\" content=\"https:\/\/www.suno.com.br\/noticias\/ibovespa-fecha-em-alta-16122020\/\" \/>\n<meta property=\"og:site_name\" content=\"Suno Not\u00edcias\" \/>\n<meta property=\"article:publisher\" content=\"https:\/\/facebook.com\/sunoresearch\" \/>\n<meta property=\"og:image\" content=\"https:\/\/files.sunoresearch.com.br\/n\/uploads\/2020\/12\/40bfdd82-ibovespa.jpg\" \/>\n\t<meta property=\"og:image:width\" content=\"2000\" \/>\n\t<meta property=\"og:image:height\" content=\"1333\" \/>\n\t<meta property=\"og:image:type\" content=\"image\/jpeg\" \/>\n<meta name=\"author\" content=\"Laura Moutinho\" \/>\n<meta name=\"twitter:card\" content=\"summary_large_image\" \/>\n<meta name=\"twitter:creator\" content=\"@sunoresearch\" \/>\n<meta name=\"twitter:site\" content=\"@sunoresearch\" \/>\n<meta name=\"twitter:label1\" content=\"Escrito por\" \/>\n\t<meta name=\"twitter:data1\" content=\"Laura Moutinho\" \/>\n\t<meta name=\"twitter:label2\" content=\"Est. tempo de leitura\" \/>\n\t<meta name=\"twitter:data2\" content=\"4 minutos\" \/>\n<script type=\"application\/ld+json\" class=\"yoast-schema-graph\">{\"@context\":\"https:\/\/schema.org\",\"@graph\":[{\"@type\":\"NewsArticle\",\"@id\":\"https:\/\/www.suno.com.br\/noticias\/ibovespa-fecha-em-alta-16122020\/#article\",\"isPartOf\":{\"@id\":\"https:\/\/www.suno.com.br\/noticias\/ibovespa-fecha-em-alta-16122020\/\"},\"author\":{\"name\":\"Laura Moutinho\",\"@id\":\"https:\/\/www.suno.com.br\/noticias\/#\/schema\/person\/3df0d2808748b74496efe5dbeaef2c72\"},\"headline\":\"Ibovespa fecha em alta de 1,47%, a 117.857,35 pontos\",\"datePublished\":\"2020-12-16T21:29:26+00:00\",\"dateModified\":\"2021-05-29T23:29:53+00:00\",\"mainEntityOfPage\":{\"@id\":\"https:\/\/www.suno.com.br\/noticias\/ibovespa-fecha-em-alta-16122020\/\"},\"wordCount\":825,\"publisher\":{\"@id\":\"https:\/\/www.suno.com.br\/noticias\/#organization\"},\"image\":{\"@id\":\"https:\/\/www.suno.com.br\/noticias\/ibovespa-fecha-em-alta-16122020\/#primaryimage\"},\"thumbnailUrl\":\"https:\/\/files.sunoresearch.com.br\/n\/uploads\/2020\/12\/40bfdd82-ibovespa-jpg.webp\",\"keywords\":[\"Azul (AZUL4)\",\"B3 (B3SA3)\",\"Braskem (BRKM3\/BRKM5\/BRKM6)\",\"Ibovespa\",\"Totvs (TOTS3)\"],\"articleSection\":[\"Mercado\"],\"inLanguage\":\"pt-BR\"},{\"@type\":\"WebPage\",\"@id\":\"https:\/\/www.suno.com.br\/noticias\/ibovespa-fecha-em-alta-16122020\/\",\"url\":\"https:\/\/www.suno.com.br\/noticias\/ibovespa-fecha-em-alta-16122020\/\",\"name\":\"Ibovespa fecha em alta de 1,47%, a 117.857,35 pontos\",\"isPartOf\":{\"@id\":\"https:\/\/www.suno.com.br\/noticias\/#website\"},\"primaryImageOfPage\":{\"@id\":\"https:\/\/www.suno.com.br\/noticias\/ibovespa-fecha-em-alta-16122020\/#primaryimage\"},\"image\":{\"@id\":\"https:\/\/www.suno.com.br\/noticias\/ibovespa-fecha-em-alta-16122020\/#primaryimage\"},\"thumbnailUrl\":\"https:\/\/files.sunoresearch.com.br\/n\/uploads\/2020\/12\/40bfdd82-ibovespa-jpg.webp\",\"datePublished\":\"2020-12-16T21:29:26+00:00\",\"dateModified\":\"2021-05-29T23:29:53+00:00\",\"description\":\"O\u00a0Ibovespa\u00a0encerrou o preg\u00e3o desta quarta-feira (16) em alta de 1,47%, a 117.857,35 pontos. Clique aqui e saiba mais sobre o Ibovespa hoje.\",\"breadcrumb\":{\"@id\":\"https:\/\/www.suno.com.br\/noticias\/ibovespa-fecha-em-alta-16122020\/#breadcrumb\"},\"inLanguage\":\"pt-BR\",\"potentialAction\":[{\"@type\":\"ReadAction\",\"target\":[\"https:\/\/www.suno.com.br\/noticias\/ibovespa-fecha-em-alta-16122020\/\"]}]},{\"@type\":\"ImageObject\",\"inLanguage\":\"pt-BR\",\"@id\":\"https:\/\/www.suno.com.br\/noticias\/ibovespa-fecha-em-alta-16122020\/#primaryimage\",\"url\":\"https:\/\/files.sunoresearch.com.br\/n\/uploads\/2020\/12\/40bfdd82-ibovespa-jpg.webp\",\"contentUrl\":\"https:\/\/files.sunoresearch.com.br\/n\/uploads\/2020\/12\/40bfdd82-ibovespa-jpg.webp\",\"width\":2000,\"height\":1333,\"caption\":\"Na \u00faltima sess\u00e3o, ter\u00e7a-feira (15), o Ibovespa encerrou o preg\u00e3o em alta de 1,34%, a 116.148,63 pontos.\"},{\"@type\":\"BreadcrumbList\",\"@id\":\"https:\/\/www.suno.com.br\/noticias\/ibovespa-fecha-em-alta-16122020\/#breadcrumb\",\"itemListElement\":[{\"@type\":\"ListItem\",\"position\":1,\"name\":\"Not\u00edcias\",\"item\":\"https:\/\/www.suno.com.br\/noticias\/\"},{\"@type\":\"ListItem\",\"position\":2,\"name\":\"Mercado\",\"item\":\"https:\/\/www.suno.com.br\/noticias\/mercado\/\"},{\"@type\":\"ListItem\",\"position\":3,\"name\":\"Ibovespa fecha em alta de 1,47%, a 117.857,35 pontos\"}]},{\"@type\":\"WebSite\",\"@id\":\"https:\/\/www.suno.com.br\/noticias\/#website\",\"url\":\"https:\/\/www.suno.com.br\/noticias\/\",\"name\":\"Suno Not\u00edcias\",\"description\":\"Seu portal de informa\u00e7\u00e3o sobre o mundo dos investimentos\",\"publisher\":{\"@id\":\"https:\/\/www.suno.com.br\/noticias\/#organization\"},\"potentialAction\":[{\"@type\":\"SearchAction\",\"target\":{\"@type\":\"EntryPoint\",\"urlTemplate\":\"https:\/\/www.suno.com.br\/noticias\/?s={search_term_string}\"},\"query-input\":{\"@type\":\"PropertyValueSpecification\",\"valueRequired\":true,\"valueName\":\"search_term_string\"}}],\"inLanguage\":\"pt-BR\"},{\"@type\":\"Organization\",\"@id\":\"https:\/\/www.suno.com.br\/noticias\/#organization\",\"name\":\"Suno Not\u00edcias\",\"url\":\"https:\/\/www.suno.com.br\/noticias\/\",\"logo\":{\"@type\":\"ImageObject\",\"inLanguage\":\"pt-BR\",\"@id\":\"https:\/\/www.suno.com.br\/noticias\/#\/schema\/logo\/image\/\",\"url\":\"https:\/\/files.sunoresearch.com.br\/n\/uploads\/2021\/09\/suno-logo.png\",\"contentUrl\":\"https:\/\/files.sunoresearch.com.br\/n\/uploads\/2021\/09\/suno-logo.png\",\"width\":180,\"height\":180,\"caption\":\"Suno Not\u00edcias\"},\"image\":{\"@id\":\"https:\/\/www.suno.com.br\/noticias\/#\/schema\/logo\/image\/\"},\"sameAs\":[\"https:\/\/facebook.com\/sunoresearch\",\"https:\/\/x.com\/sunoresearch\",\"https:\/\/www.instagram.com\/suno\",\"https:\/\/www.linkedin.com\/company\/suno-research\/\",\"https:\/\/www.youtube.com\/c\/sunoresearch\"]},{\"@type\":\"Person\",\"@id\":\"https:\/\/www.suno.com.br\/noticias\/#\/schema\/person\/3df0d2808748b74496efe5dbeaef2c72\",\"name\":\"Laura Moutinho\",\"image\":{\"@type\":\"ImageObject\",\"inLanguage\":\"pt-BR\",\"@id\":\"https:\/\/www.suno.com.br\/noticias\/#\/schema\/person\/image\/\",\"url\":\"https:\/\/secure.gravatar.com\/avatar\/7571c7c8ca3a6fca5e41384ece5557ff?s=96&r=g\",\"contentUrl\":\"https:\/\/secure.gravatar.com\/avatar\/7571c7c8ca3a6fca5e41384ece5557ff?s=96&r=g\",\"caption\":\"Laura Moutinho\"},\"description\":\"Estagi\u00e1ria na Suno Not\u00edcias, escreve not\u00edcias que afetam o mercado financeiro. Estuda administra\u00e7\u00e3o na Universidade Presbiteriana Mackenzie.\",\"url\":\"https:\/\/www.suno.com.br\/noticias\/author\/laura-moutinho\/\"}]}<\/script>\n<!-- \/ Yoast SEO plugin. -->","yoast_head_json":{"title":"Ibovespa fecha em alta de 1,47%, a 117.857,35 pontos","description":"O\u00a0Ibovespa\u00a0encerrou o preg\u00e3o desta quarta-feira (16) em alta de 1,47%, a 117.857,35 pontos. Clique aqui e saiba mais sobre o Ibovespa hoje.","robots":{"index":"index","follow":"follow","max-snippet":"max-snippet:-1","max-image-preview":"max-image-preview:large","max-video-preview":"max-video-preview:-1"},"canonical":"https:\/\/www.suno.com.br\/noticias\/ibovespa-fecha-em-alta-16122020\/","og_locale":"pt_BR","og_type":"article","og_title":"Ibovespa fecha em alta de 1,47%, a 117.857,35 pontos","og_description":"O\u00a0Ibovespa\u00a0encerrou o preg\u00e3o desta quarta-feira (16) em alta de 1,47%, a 117.857,35 pontos. Clique aqui e saiba mais sobre o Ibovespa hoje.","og_url":"https:\/\/www.suno.com.br\/noticias\/ibovespa-fecha-em-alta-16122020\/","og_site_name":"Suno Not\u00edcias","article_publisher":"https:\/\/facebook.com\/sunoresearch","og_image":[{"width":2000,"height":1333,"url":"https:\/\/files.sunoresearch.com.br\/n\/uploads\/2020\/12\/40bfdd82-ibovespa.jpg","type":"image\/jpeg"}],"author":"Laura Moutinho","twitter_card":"summary_large_image","twitter_creator":"@sunoresearch","twitter_site":"@sunoresearch","twitter_misc":{"Escrito por":"Laura Moutinho","Est. tempo de leitura":"4 minutos"},"schema":{"@context":"https:\/\/schema.org","@graph":[{"@type":"NewsArticle","@id":"https:\/\/www.suno.com.br\/noticias\/ibovespa-fecha-em-alta-16122020\/#article","isPartOf":{"@id":"https:\/\/www.suno.com.br\/noticias\/ibovespa-fecha-em-alta-16122020\/"},"author":{"name":"Laura Moutinho","@id":"https:\/\/www.suno.com.br\/noticias\/#\/schema\/person\/3df0d2808748b74496efe5dbeaef2c72"},"headline":"Ibovespa fecha em alta de 1,47%, a 117.857,35 pontos","datePublished":"2020-12-16T21:29:26+00:00","dateModified":"2021-05-29T23:29:53+00:00","mainEntityOfPage":{"@id":"https:\/\/www.suno.com.br\/noticias\/ibovespa-fecha-em-alta-16122020\/"},"wordCount":825,"publisher":{"@id":"https:\/\/www.suno.com.br\/noticias\/#organization"},"image":{"@id":"https:\/\/www.suno.com.br\/noticias\/ibovespa-fecha-em-alta-16122020\/#primaryimage"},"thumbnailUrl":"https:\/\/files.sunoresearch.com.br\/n\/uploads\/2020\/12\/40bfdd82-ibovespa-jpg.webp","keywords":["Azul (AZUL4)","B3 (B3SA3)","Braskem (BRKM3\/BRKM5\/BRKM6)","Ibovespa","Totvs (TOTS3)"],"articleSection":["Mercado"],"inLanguage":"pt-BR"},{"@type":"WebPage","@id":"https:\/\/www.suno.com.br\/noticias\/ibovespa-fecha-em-alta-16122020\/","url":"https:\/\/www.suno.com.br\/noticias\/ibovespa-fecha-em-alta-16122020\/","name":"Ibovespa fecha em alta de 1,47%, a 117.857,35 pontos","isPartOf":{"@id":"https:\/\/www.suno.com.br\/noticias\/#website"},"primaryImageOfPage":{"@id":"https:\/\/www.suno.com.br\/noticias\/ibovespa-fecha-em-alta-16122020\/#primaryimage"},"image":{"@id":"https:\/\/www.suno.com.br\/noticias\/ibovespa-fecha-em-alta-16122020\/#primaryimage"},"thumbnailUrl":"https:\/\/files.sunoresearch.com.br\/n\/uploads\/2020\/12\/40bfdd82-ibovespa-jpg.webp","datePublished":"2020-12-16T21:29:26+00:00","dateModified":"2021-05-29T23:29:53+00:00","description":"O\u00a0Ibovespa\u00a0encerrou o preg\u00e3o desta quarta-feira (16) em alta de 1,47%, a 117.857,35 pontos. Clique aqui e saiba mais sobre o Ibovespa hoje.","breadcrumb":{"@id":"https:\/\/www.suno.com.br\/noticias\/ibovespa-fecha-em-alta-16122020\/#breadcrumb"},"inLanguage":"pt-BR","potentialAction":[{"@type":"ReadAction","target":["https:\/\/www.suno.com.br\/noticias\/ibovespa-fecha-em-alta-16122020\/"]}]},{"@type":"ImageObject","inLanguage":"pt-BR","@id":"https:\/\/www.suno.com.br\/noticias\/ibovespa-fecha-em-alta-16122020\/#primaryimage","url":"https:\/\/files.sunoresearch.com.br\/n\/uploads\/2020\/12\/40bfdd82-ibovespa-jpg.webp","contentUrl":"https:\/\/files.sunoresearch.com.br\/n\/uploads\/2020\/12\/40bfdd82-ibovespa-jpg.webp","width":2000,"height":1333,"caption":"Na \u00faltima sess\u00e3o, ter\u00e7a-feira (15), o Ibovespa encerrou o preg\u00e3o em alta de 1,34%, a 116.148,63 pontos."},{"@type":"BreadcrumbList","@id":"https:\/\/www.suno.com.br\/noticias\/ibovespa-fecha-em-alta-16122020\/#breadcrumb","itemListElement":[{"@type":"ListItem","position":1,"name":"Not\u00edcias","item":"https:\/\/www.suno.com.br\/noticias\/"},{"@type":"ListItem","position":2,"name":"Mercado","item":"https:\/\/www.suno.com.br\/noticias\/mercado\/"},{"@type":"ListItem","position":3,"name":"Ibovespa fecha em alta de 1,47%, a 117.857,35 pontos"}]},{"@type":"WebSite","@id":"https:\/\/www.suno.com.br\/noticias\/#website","url":"https:\/\/www.suno.com.br\/noticias\/","name":"Suno Not\u00edcias","description":"Seu portal de informa\u00e7\u00e3o sobre o mundo dos investimentos","publisher":{"@id":"https:\/\/www.suno.com.br\/noticias\/#organization"},"potentialAction":[{"@type":"SearchAction","target":{"@type":"EntryPoint","urlTemplate":"https:\/\/www.suno.com.br\/noticias\/?s={search_term_string}"},"query-input":{"@type":"PropertyValueSpecification","valueRequired":true,"valueName":"search_term_string"}}],"inLanguage":"pt-BR"},{"@type":"Organization","@id":"https:\/\/www.suno.com.br\/noticias\/#organization","name":"Suno Not\u00edcias","url":"https:\/\/www.suno.com.br\/noticias\/","logo":{"@type":"ImageObject","inLanguage":"pt-BR","@id":"https:\/\/www.suno.com.br\/noticias\/#\/schema\/logo\/image\/","url":"https:\/\/files.sunoresearch.com.br\/n\/uploads\/2021\/09\/suno-logo.png","contentUrl":"https:\/\/files.sunoresearch.com.br\/n\/uploads\/2021\/09\/suno-logo.png","width":180,"height":180,"caption":"Suno Not\u00edcias"},"image":{"@id":"https:\/\/www.suno.com.br\/noticias\/#\/schema\/logo\/image\/"},"sameAs":["https:\/\/facebook.com\/sunoresearch","https:\/\/x.com\/sunoresearch","https:\/\/www.instagram.com\/suno","https:\/\/www.linkedin.com\/company\/suno-research\/","https:\/\/www.youtube.com\/c\/sunoresearch"]},{"@type":"Person","@id":"https:\/\/www.suno.com.br\/noticias\/#\/schema\/person\/3df0d2808748b74496efe5dbeaef2c72","name":"Laura Moutinho","image":{"@type":"ImageObject","inLanguage":"pt-BR","@id":"https:\/\/www.suno.com.br\/noticias\/#\/schema\/person\/image\/","url":"https:\/\/secure.gravatar.com\/avatar\/7571c7c8ca3a6fca5e41384ece5557ff?s=96&r=g","contentUrl":"https:\/\/secure.gravatar.com\/avatar\/7571c7c8ca3a6fca5e41384ece5557ff?s=96&r=g","caption":"Laura Moutinho"},"description":"Estagi\u00e1ria na Suno Not\u00edcias, escreve not\u00edcias que afetam o mercado financeiro. Estuda administra\u00e7\u00e3o na Universidade Presbiteriana Mackenzie.","url":"https:\/\/www.suno.com.br\/noticias\/author\/laura-moutinho\/"}]}},"default_loop_html":"<div class=\"cardsPage__listCard__boxs\"><div class=\"cardsPage__listCard__boxs__img\"><a href=\"https:\/\/www.suno.com.br\/noticias\/ibovespa-fecha-em-alta-16122020\/\"><img class=\"mask\" src=\"https:\/\/www.suno.com.br\/noticias\/wp-content\/themes\/suno\/resources\/images\/spotlight\/spotlight1img\/bg-mask.png\" alt=\"Image Mask\"\/><img src=\"https:\/\/files.sunoresearch.com.br\/n\/uploads\/2020\/12\/40bfdd82-ibovespa-400x200.webp\" alt=\"Ibovespa fecha em alta de 1,47%, a 117.857,35 pontos\"\/><\/a><span class=\"spotlightCategory\"><a href=\"https:\/\/www.suno.com.br\/noticias\/mercado\/\">Mercado<\/a><\/span><\/div><div class=\"cardsPage__listCard__boxs__content\"><a href=\"https:\/\/www.suno.com.br\/noticias\/ibovespa-fecha-em-alta-16122020\/\"><h2 class=\"content__title\">Ibovespa fecha em alta de 1,47%, a 117.857,35 pontos<\/h2><\/a><div class=\"newsContent__article__meta\"><div class=\"newsContent__article__meta__authorBox\"><a href=\"https:\/\/www.suno.com.br\/noticias\/author\/laura-moutinho\/\" class=\"authorBox__avatar noMobi\"><img src=\"https:\/\/files.sunoresearch.com.br\/n\/uploads\/2020\/08\/531ff69d-whatsapp-image-2020-08-03-at-14.54.38-150x150.webp\" alt=\"Laura Moutinho\"><\/a><div class=\"authorBox__name\"><span>por\n\t\t\t<a href=\"https:\/\/www.suno.com.br\/noticias\/author\/laura-moutinho\/\"><span itemprop=\"author\">Laura Moutinho<\/span><\/a><\/span><time datetime=\"2020-12-16T18:29:26-03:00\" itemprop=\"datePublished\">16\/12\/2020 18:29<\/time><\/div><\/div><\/div><\/div><\/div>","single_layout":"posts","amp_enabled":true,"_links":{"self":[{"href":"https:\/\/www.suno.com.br\/noticias\/wp-json\/wp\/v2\/posts\/108803"}],"collection":[{"href":"https:\/\/www.suno.com.br\/noticias\/wp-json\/wp\/v2\/posts"}],"about":[{"href":"https:\/\/www.suno.com.br\/noticias\/wp-json\/wp\/v2\/types\/post"}],"author":[{"embeddable":true,"href":"https:\/\/www.suno.com.br\/noticias\/wp-json\/wp\/v2\/users\/39"}],"replies":[{"embeddable":true,"href":"https:\/\/www.suno.com.br\/noticias\/wp-json\/wp\/v2\/comments?post=108803"}],"version-history":[{"count":1,"href":"https:\/\/www.suno.com.br\/noticias\/wp-json\/wp\/v2\/posts\/108803\/revisions"}],"predecessor-version":[{"id":147231,"href":"https:\/\/www.suno.com.br\/noticias\/wp-json\/wp\/v2\/posts\/108803\/revisions\/147231"}],"wp:featuredmedia":[{"embeddable":true,"href":"https:\/\/www.suno.com.br\/noticias\/wp-json\/wp\/v2\/media\/108804"}],"wp:attachment":[{"href":"https:\/\/www.suno.com.br\/noticias\/wp-json\/wp\/v2\/media?parent=108803"}],"wp:term":[{"taxonomy":"category","embeddable":true,"href":"https:\/\/www.suno.com.br\/noticias\/wp-json\/wp\/v2\/categories?post=108803"},{"taxonomy":"post_tag","embeddable":true,"href":"https:\/\/www.suno.com.br\/noticias\/wp-json\/wp\/v2\/tags?post=108803"},{"taxonomy":"suno_strategy","embeddable":true,"href":"https:\/\/www.suno.com.br\/noticias\/wp-json\/wp\/v2\/suno_strategy?post=108803"}],"curies":[{"name":"wp","href":"https:\/\/api.w.org\/{rel}","templated":true}]}}