{"id":108766,"date":"2020-12-16T16:30:02","date_gmt":"2020-12-16T19:30:02","guid":{"rendered":"https:\/\/www.suno.com.br\/noticias\/?p=108766"},"modified":"2020-12-16T19:38:04","modified_gmt":"2020-12-16T22:38:04","slug":"facebook-critica-apple-jornais-eua","status":"publish","type":"post","link":"https:\/\/www.suno.com.br\/noticias\/facebook-critica-apple-jornais-eua\/","title":{"rendered":"Facebook critica Apple em an\u00fancios de jornais nos EUA por pr\u00e1ticas anticompetitivas"},"content":{"rendered":"<p>Nesta quarta-feira (16) os jornais americanos vieram com alguns an\u00fancios um pouco diferentes. O <strong>Facebook<\/strong> (<a href=\"https:\/\/www.suno.com.br\/artigos\/nasdaq\/\">NASDAQ<\/a>: FB) usou ve\u00edculos de comunica\u00e7\u00e3o para criticar uma nova mudan\u00e7a de termos de privacidade da Apple (NASDAQ: AAPL).<\/p>\t<div class=\"wrapper-featured-image\">\n\t\t<figure class=\"spotlightImg\">\n\n\t\t\t<picture>\n\t\t\t\t<source media=\"(max-width: 768px)\" srcset=\"https:\/\/files.sunoresearch.com.br\/n\/uploads\/2020\/12\/a1b5e017-facebook-400x200.webp\">\n\t\t\t\t<img loading=\"lazy\" decoding=\"async\" class=\"newsContent__article__imgCapa lazyloadDisabled \" src=\"https:\/\/files.sunoresearch.com.br\/n\/uploads\/2020\/12\/a1b5e017-facebook-800x450.webp\" width=\"800\" height=\"450\" alt=\"Facebook critica Apple em an\u00fancios de jornais nos EUA por pr\u00e1ticas anticompetitivas\" fetchpriority=high \/>\n\t\t\t<\/picture>\n\n\t\t\t<figcaption class=\"wp-caption-text wp-caption-text--show\">Facebook contra Apple<\/figcaption>\n\t\t<\/figure>\n\t<\/div>\n\n\n<p><b>\t<p>\n\t\t<a href=\"https:\/\/lp.suno.com.br\/planilha-controle-gastos\/\" target=\"_blank\" data-element=\"shortcode-suno-banner\" title=\"Banner SUNO, clique e saiba mais\">\n\t\t\t<picture>\n\t\t\t\t<source media=\"(max-width: 500px)\" srcset=\"https:\/\/files.sunoresearch.com.br\/n\/uploads\/2023\/03\/400x300-Planilha-controle-de-gastos.png\">\n\t\t\t\t<img class=\"newsContent__article__imgCapa newsContent__article__imgCapa--banner\"\n\t\t\t\t\tsrc=\"https:\/\/files.sunoresearch.com.br\/n\/uploads\/2023\/03\/1420x240-Planilha-controle-de-gastos.png\"\n\t\t\t\t\tdata-promo-id=\"101751\"\t\t\t\t\t\t\t\t\t\twidth='1420' height='240'\t\t\t\t\talt=\"https:\/\/files.sunoresearch.com.br\/n\/uploads\/2023\/03\/1420x240-Planilha-controle-de-gastos.png\"\n\t\t\t\t>\n\t\t\t<\/picture>\n\t\t<\/a>\n\t<\/p>\n\n<\/b><\/p>\n<p>Segundo a empresa de <a href=\"https:\/\/www.suno.com.br\/tudo-sobre\/mark-zuckerberg\/\">Mark Zuckerberg<\/a>, a mudan\u00e7a afetar\u00e1 milhares de pequenos comerciantes e se trata de algo feito por lucro, n\u00e3o por privacidade.<\/p>\n<p>Al\u00e9m disso, o Facebook afirmou que a <strong>Apple<\/strong> utiliza a App Store para realizar <a href=\"https:\/\/www.suno.com.br\/artigos\/monopolio\/\">pr\u00e1ticas anticompetitivas<\/a>, priorizando seus resultados em detrimento de pequenos desenvolvedores e empresas.<\/p>\n<p>No an\u00fancio, veiculado em jornais como <em>The Washington Post<\/em>, <em>New York Times<\/em> e <em>The Wall Street Journal<\/em>, o Facebook diz estar &#8220;lutando contra a Apple pelas pequenas empresas em todos os lugares&#8221;.<\/p>\n<p><span style=\"font-weight: 400;\">\t<div data-element=\"shortcode-read-more\" class=\"knowMore\">\n\t\t\t\t<span class=\"knowMore__title\">Saiba mais<\/span>\n\t\t\t\t<a class=\"knowMore__link\" href=\"https:\/\/www.suno.com.br\/noticias\/facebook-acusado-governo-americano-monopolio\/\">\n\t\t\tFacebook \u00e9 acusado pelo governo e estados americanos por monop\u00f3lio\t\t<\/a>\n\t<\/div>\n\n<\/span><\/p>\n<p>Em um blog, a rede social explica como a futura mudan\u00e7a no iOS 14 ir\u00e1 afetar a permiss\u00e3o de aplicativos em coletar dados para oferecer publicidades personalizadas. A pr\u00f3xima atualiza\u00e7\u00e3o da Apple para iPhone e iPad far\u00e1 as plataformas instaladas pedirem de forma mais clara permiss\u00f5es para a coleta de dados dos usu\u00e1rios.<\/p>\n<p><a href=\"https:\/\/lp.suno.com.br\/suno-one\/\"><b>Suno One: acesse gratuitamente eBooks, Minicursos, Artigos e Video Aulas sobre investimentos com um \u00fanico cadastro. Clique para saber mais!<\/b><\/a><\/p>\n<p>A a\u00e7\u00e3o da Apple deve limitar a capacidade do Facebook em cruzar informa\u00e7\u00f5es para oferecer an\u00fancios personalizados aos seus usu\u00e1rios. A publicidade \u00e1 principal fonte de renda da empresa de Zuckerberg.<\/p>\n<h2>&#8220;Anunciantes pequenos lucrar\u00e3o 60% menos por d\u00f3lar&#8221;, diz Facebook<\/h2>\n<p>&#8220;Sem an\u00fancios personalizados, os dados do Facebook mostram que um anunciante m\u00e9dio pode ver um corte de 60% em suas vendas para cada d\u00f3lar gasto&#8221;, diz as publica\u00e7\u00f5es nos jornais. O Facebook afirma ainda a decis\u00e3o afetar\u00e1 a sua pr\u00f3pria receita, mas que ser\u00e1 devastadora apenas para empresas menores.<\/p>\n<p><b>\t<p>\n\t\t<a href=\"https:\/\/lp.suno.com.br\/planilha-da-vida-financeira\/\" target=\"_blank\" data-element=\"shortcode-suno-banner\" title=\"Banner SUNO, clique e saiba mais\">\n\t\t\t<picture>\n\t\t\t\t<source media=\"(max-width: 500px)\" srcset=\"https:\/\/files.sunoresearch.com.br\/n\/uploads\/2023\/04\/400x300-Planilha-vida-financeira-true.png\">\n\t\t\t\t<img class=\"newsContent__article__imgCapa newsContent__article__imgCapa--banner\"\n\t\t\t\t\tsrc=\"https:\/\/files.sunoresearch.com.br\/n\/uploads\/2023\/04\/1420x240-Planilha-vida-financeira-true.png\"\n\t\t\t\t\tdata-promo-id=\"106682\"\t\t\t\t\t\t\t\t\t\twidth='1420' height='240'\t\t\t\t\talt=\"https:\/\/files.sunoresearch.com.br\/n\/uploads\/2023\/04\/1420x240-Planilha-vida-financeira-true.png\"\n\t\t\t\t>\n\t\t\t<\/picture>\n\t\t<\/a>\n\t<\/p>\n\n<\/b><\/p>\n<p>A rede social reclama da atualiza\u00e7\u00e3o desde seu an\u00fancio, em junho, acusando a Apple de estar interessada em tornar aplicativos gratuitos, capitalizados atrav\u00e9s do uso de an\u00fancios, em pagos, para lucrar em sua plataforma de downloads, que cobra porcentagens das transa\u00e7\u00f5es.<\/p>\n<p>&#8220;Pagar por conte\u00fado pode ser bom para os ricos, mas muitas pessoas n\u00e3o tem espa\u00e7o em seus or\u00e7amentos para arcar com esses despesas&#8221;, diz o vice-presidente da \u00e1rea de an\u00fancios do Facebook, Dan Levy.<\/p>\n<p>O <strong>Facebook<\/strong> vem reiterando a seus investidores que n\u00e3o ser\u00e1 severamente impactado pela atualiza\u00e7\u00e3o. A Apple se recusou a comentar as acusa\u00e7\u00f5es.<\/p>\n<p><b>\t<p>\n\t\t<a href=\"https:\/\/lp.suno.com.br\/planilha-de-controle-de-investimentos\/\" target=\"_blank\" data-element=\"shortcode-suno-banner\" title=\"Banner SUNO, clique e saiba mais\">\n\t\t\t<picture>\n\t\t\t\t<source media=\"(max-width: 500px)\" srcset=\"https:\/\/files.sunoresearch.com.br\/n\/uploads\/2023\/03\/400x300-Controle-de-Investimentos.png\">\n\t\t\t\t<img class=\"newsContent__article__imgCapa newsContent__article__imgCapa--banner\"\n\t\t\t\t\tsrc=\"https:\/\/files.sunoresearch.com.br\/n\/uploads\/2023\/03\/1420x240-Controle-de-Investimentos.png\"\n\t\t\t\t\tdata-promo-id=\"75934\"\t\t\t\t\t\t\t\t\t\twidth='1420' height='240'\t\t\t\t\talt=\"https:\/\/files.sunoresearch.com.br\/n\/uploads\/2023\/03\/1420x240-Controle-de-Investimentos.png\"\n\t\t\t\t>\n\t\t\t<\/picture>\n\t\t<\/a>\n\t<\/p>\n\n<\/b><\/p>\n","protected":false},"excerpt":{"rendered":"<p>Nesta quarta-feira (16) os jornais americanos vieram com alguns an\u00fancios um pouco diferentes. O Facebook (NASDAQ: FB) usou ve\u00edculos de comunica\u00e7\u00e3o para criticar uma nova mudan\u00e7a de termos de privacidade da Apple (NASDAQ: AAPL). Facebook contra Apple Segundo a empresa de Mark Zuckerberg, a mudan\u00e7a afetar\u00e1 milhares de pequenos comerciantes e se trata de algo [&hellip;]<\/p>\n","protected":false},"author":59,"featured_media":108778,"comment_status":"closed","ping_status":"closed","sticky":false,"template":"","format":"standard","meta":[],"categories":[64],"tags":[794,733],"suno_strategy":[],"class_list":["post-108766","post","type-post","status-publish","format-standard","has-post-thumbnail","hentry","category-negocios","tag-apple-aapl34","tag-facebook-fbok34"],"yoast_head":"<!-- This site is optimized with the Yoast SEO plugin v24.4 - https:\/\/yoast.com\/wordpress\/plugins\/seo\/ -->\n<title>Facebook critica Apple em an\u00fancios de jornais nos EUA<\/title>\n<meta name=\"description\" content=\"O Facebook usou jornais para criticar uma nova mudan\u00e7a de termos de privacidade da Apple nesta quarta-feira. Clique aqui para saber mais\" \/>\n<meta name=\"robots\" content=\"index, follow, max-snippet:-1, max-image-preview:large, max-video-preview:-1\" \/>\n<link rel=\"canonical\" href=\"https:\/\/www.suno.com.br\/noticias\/facebook-critica-apple-jornais-eua\/\" \/>\n<meta property=\"og:locale\" content=\"pt_BR\" \/>\n<meta property=\"og:type\" content=\"article\" \/>\n<meta property=\"og:title\" content=\"Facebook critica Apple em an\u00fancios de jornais nos EUA\" \/>\n<meta property=\"og:description\" content=\"O Facebook usou jornais para criticar uma nova mudan\u00e7a de termos de privacidade da Apple nesta quarta-feira. Clique aqui para saber mais\" \/>\n<meta property=\"og:url\" content=\"https:\/\/www.suno.com.br\/noticias\/facebook-critica-apple-jornais-eua\/\" \/>\n<meta property=\"og:site_name\" content=\"Suno Not\u00edcias\" \/>\n<meta property=\"article:publisher\" content=\"https:\/\/facebook.com\/sunoresearch\" \/>\n<meta property=\"og:image\" content=\"https:\/\/files.sunoresearch.com.br\/n\/uploads\/2020\/12\/a1b5e017-facebook.jpg\" \/>\n\t<meta property=\"og:image:width\" content=\"1024\" \/>\n\t<meta property=\"og:image:height\" content=\"683\" \/>\n\t<meta property=\"og:image:type\" content=\"image\/jpeg\" \/>\n<meta name=\"author\" content=\"Vitor Azevedo\" \/>\n<meta name=\"twitter:card\" content=\"summary_large_image\" \/>\n<meta name=\"twitter:creator\" content=\"@sunoresearch\" \/>\n<meta name=\"twitter:site\" content=\"@sunoresearch\" \/>\n<meta name=\"twitter:label1\" content=\"Escrito por\" \/>\n\t<meta name=\"twitter:data1\" content=\"Vitor Azevedo\" \/>\n\t<meta name=\"twitter:label2\" content=\"Est. tempo de leitura\" \/>\n\t<meta name=\"twitter:data2\" content=\"2 minutos\" \/>\n<script type=\"application\/ld+json\" class=\"yoast-schema-graph\">{\"@context\":\"https:\/\/schema.org\",\"@graph\":[{\"@type\":\"NewsArticle\",\"@id\":\"https:\/\/www.suno.com.br\/noticias\/facebook-critica-apple-jornais-eua\/#article\",\"isPartOf\":{\"@id\":\"https:\/\/www.suno.com.br\/noticias\/facebook-critica-apple-jornais-eua\/\"},\"author\":{\"name\":\"Vitor Azevedo\",\"@id\":\"https:\/\/www.suno.com.br\/noticias\/#\/schema\/person\/658d5fbc74d81f265f5df3562d0038ab\"},\"headline\":\"Facebook critica Apple em an\u00fancios de jornais nos EUA por pr\u00e1ticas anticompetitivas\",\"datePublished\":\"2020-12-16T19:30:02+00:00\",\"dateModified\":\"2020-12-16T22:38:04+00:00\",\"mainEntityOfPage\":{\"@id\":\"https:\/\/www.suno.com.br\/noticias\/facebook-critica-apple-jornais-eua\/\"},\"wordCount\":440,\"publisher\":{\"@id\":\"https:\/\/www.suno.com.br\/noticias\/#organization\"},\"image\":{\"@id\":\"https:\/\/www.suno.com.br\/noticias\/facebook-critica-apple-jornais-eua\/#primaryimage\"},\"thumbnailUrl\":\"https:\/\/files.sunoresearch.com.br\/n\/uploads\/2020\/12\/a1b5e017-facebook-jpg.webp\",\"keywords\":[\"Apple (AAPL34)\",\"Facebook (FBOK34)\"],\"articleSection\":[\"Neg\u00f3cios\"],\"inLanguage\":\"pt-BR\"},{\"@type\":\"WebPage\",\"@id\":\"https:\/\/www.suno.com.br\/noticias\/facebook-critica-apple-jornais-eua\/\",\"url\":\"https:\/\/www.suno.com.br\/noticias\/facebook-critica-apple-jornais-eua\/\",\"name\":\"Facebook critica Apple em an\u00fancios de jornais nos EUA\",\"isPartOf\":{\"@id\":\"https:\/\/www.suno.com.br\/noticias\/#website\"},\"primaryImageOfPage\":{\"@id\":\"https:\/\/www.suno.com.br\/noticias\/facebook-critica-apple-jornais-eua\/#primaryimage\"},\"image\":{\"@id\":\"https:\/\/www.suno.com.br\/noticias\/facebook-critica-apple-jornais-eua\/#primaryimage\"},\"thumbnailUrl\":\"https:\/\/files.sunoresearch.com.br\/n\/uploads\/2020\/12\/a1b5e017-facebook-jpg.webp\",\"datePublished\":\"2020-12-16T19:30:02+00:00\",\"dateModified\":\"2020-12-16T22:38:04+00:00\",\"description\":\"O Facebook usou jornais para criticar uma nova mudan\u00e7a de termos de privacidade da Apple nesta quarta-feira. Clique aqui para saber mais\",\"breadcrumb\":{\"@id\":\"https:\/\/www.suno.com.br\/noticias\/facebook-critica-apple-jornais-eua\/#breadcrumb\"},\"inLanguage\":\"pt-BR\",\"potentialAction\":[{\"@type\":\"ReadAction\",\"target\":[\"https:\/\/www.suno.com.br\/noticias\/facebook-critica-apple-jornais-eua\/\"]}]},{\"@type\":\"ImageObject\",\"inLanguage\":\"pt-BR\",\"@id\":\"https:\/\/www.suno.com.br\/noticias\/facebook-critica-apple-jornais-eua\/#primaryimage\",\"url\":\"https:\/\/files.sunoresearch.com.br\/n\/uploads\/2020\/12\/a1b5e017-facebook-jpg.webp\",\"contentUrl\":\"https:\/\/files.sunoresearch.com.br\/n\/uploads\/2020\/12\/a1b5e017-facebook-jpg.webp\",\"width\":1024,\"height\":683,\"caption\":\"Facebook contra Apple\"},{\"@type\":\"BreadcrumbList\",\"@id\":\"https:\/\/www.suno.com.br\/noticias\/facebook-critica-apple-jornais-eua\/#breadcrumb\",\"itemListElement\":[{\"@type\":\"ListItem\",\"position\":1,\"name\":\"Not\u00edcias\",\"item\":\"https:\/\/www.suno.com.br\/noticias\/\"},{\"@type\":\"ListItem\",\"position\":2,\"name\":\"Neg\u00f3cios\",\"item\":\"https:\/\/www.suno.com.br\/noticias\/negocios\/\"},{\"@type\":\"ListItem\",\"position\":3,\"name\":\"Facebook critica Apple em an\u00fancios de jornais nos EUA por pr\u00e1ticas anticompetitivas\"}]},{\"@type\":\"WebSite\",\"@id\":\"https:\/\/www.suno.com.br\/noticias\/#website\",\"url\":\"https:\/\/www.suno.com.br\/noticias\/\",\"name\":\"Suno Not\u00edcias\",\"description\":\"Seu portal de informa\u00e7\u00e3o sobre o mundo dos investimentos\",\"publisher\":{\"@id\":\"https:\/\/www.suno.com.br\/noticias\/#organization\"},\"potentialAction\":[{\"@type\":\"SearchAction\",\"target\":{\"@type\":\"EntryPoint\",\"urlTemplate\":\"https:\/\/www.suno.com.br\/noticias\/?s={search_term_string}\"},\"query-input\":{\"@type\":\"PropertyValueSpecification\",\"valueRequired\":true,\"valueName\":\"search_term_string\"}}],\"inLanguage\":\"pt-BR\"},{\"@type\":\"Organization\",\"@id\":\"https:\/\/www.suno.com.br\/noticias\/#organization\",\"name\":\"Suno Not\u00edcias\",\"url\":\"https:\/\/www.suno.com.br\/noticias\/\",\"logo\":{\"@type\":\"ImageObject\",\"inLanguage\":\"pt-BR\",\"@id\":\"https:\/\/www.suno.com.br\/noticias\/#\/schema\/logo\/image\/\",\"url\":\"https:\/\/files.sunoresearch.com.br\/n\/uploads\/2021\/09\/suno-logo.png\",\"contentUrl\":\"https:\/\/files.sunoresearch.com.br\/n\/uploads\/2021\/09\/suno-logo.png\",\"width\":180,\"height\":180,\"caption\":\"Suno Not\u00edcias\"},\"image\":{\"@id\":\"https:\/\/www.suno.com.br\/noticias\/#\/schema\/logo\/image\/\"},\"sameAs\":[\"https:\/\/facebook.com\/sunoresearch\",\"https:\/\/x.com\/sunoresearch\",\"https:\/\/www.instagram.com\/suno\",\"https:\/\/www.linkedin.com\/company\/suno-research\/\",\"https:\/\/www.youtube.com\/c\/sunoresearch\"]},{\"@type\":\"Person\",\"@id\":\"https:\/\/www.suno.com.br\/noticias\/#\/schema\/person\/658d5fbc74d81f265f5df3562d0038ab\",\"name\":\"Vitor Azevedo\",\"image\":{\"@type\":\"ImageObject\",\"inLanguage\":\"pt-BR\",\"@id\":\"https:\/\/www.suno.com.br\/noticias\/#\/schema\/person\/image\/\",\"url\":\"https:\/\/secure.gravatar.com\/avatar\/62b86195291b446fe380824eb28b99a5?s=96&r=g\",\"contentUrl\":\"https:\/\/secure.gravatar.com\/avatar\/62b86195291b446fe380824eb28b99a5?s=96&r=g\",\"caption\":\"Vitor Azevedo\"},\"description\":\"Formado em jornalismo pela Unesp, escreve sobre economia e neg\u00f3cios para a Suno Not\u00edcias.\",\"url\":\"https:\/\/www.suno.com.br\/noticias\/author\/vitor-azevedo\/\"}]}<\/script>\n<!-- \/ Yoast SEO plugin. -->","yoast_head_json":{"title":"Facebook critica Apple em an\u00fancios de jornais nos EUA","description":"O Facebook usou jornais para criticar uma nova mudan\u00e7a de termos de privacidade da Apple nesta quarta-feira. Clique aqui para saber mais","robots":{"index":"index","follow":"follow","max-snippet":"max-snippet:-1","max-image-preview":"max-image-preview:large","max-video-preview":"max-video-preview:-1"},"canonical":"https:\/\/www.suno.com.br\/noticias\/facebook-critica-apple-jornais-eua\/","og_locale":"pt_BR","og_type":"article","og_title":"Facebook critica Apple em an\u00fancios de jornais nos EUA","og_description":"O Facebook usou jornais para criticar uma nova mudan\u00e7a de termos de privacidade da Apple nesta quarta-feira. Clique aqui para saber mais","og_url":"https:\/\/www.suno.com.br\/noticias\/facebook-critica-apple-jornais-eua\/","og_site_name":"Suno Not\u00edcias","article_publisher":"https:\/\/facebook.com\/sunoresearch","og_image":[{"width":1024,"height":683,"url":"https:\/\/files.sunoresearch.com.br\/n\/uploads\/2020\/12\/a1b5e017-facebook.jpg","type":"image\/jpeg"}],"author":"Vitor Azevedo","twitter_card":"summary_large_image","twitter_creator":"@sunoresearch","twitter_site":"@sunoresearch","twitter_misc":{"Escrito por":"Vitor Azevedo","Est. tempo de leitura":"2 minutos"},"schema":{"@context":"https:\/\/schema.org","@graph":[{"@type":"NewsArticle","@id":"https:\/\/www.suno.com.br\/noticias\/facebook-critica-apple-jornais-eua\/#article","isPartOf":{"@id":"https:\/\/www.suno.com.br\/noticias\/facebook-critica-apple-jornais-eua\/"},"author":{"name":"Vitor Azevedo","@id":"https:\/\/www.suno.com.br\/noticias\/#\/schema\/person\/658d5fbc74d81f265f5df3562d0038ab"},"headline":"Facebook critica Apple em an\u00fancios de jornais nos EUA por pr\u00e1ticas anticompetitivas","datePublished":"2020-12-16T19:30:02+00:00","dateModified":"2020-12-16T22:38:04+00:00","mainEntityOfPage":{"@id":"https:\/\/www.suno.com.br\/noticias\/facebook-critica-apple-jornais-eua\/"},"wordCount":440,"publisher":{"@id":"https:\/\/www.suno.com.br\/noticias\/#organization"},"image":{"@id":"https:\/\/www.suno.com.br\/noticias\/facebook-critica-apple-jornais-eua\/#primaryimage"},"thumbnailUrl":"https:\/\/files.sunoresearch.com.br\/n\/uploads\/2020\/12\/a1b5e017-facebook-jpg.webp","keywords":["Apple (AAPL34)","Facebook (FBOK34)"],"articleSection":["Neg\u00f3cios"],"inLanguage":"pt-BR"},{"@type":"WebPage","@id":"https:\/\/www.suno.com.br\/noticias\/facebook-critica-apple-jornais-eua\/","url":"https:\/\/www.suno.com.br\/noticias\/facebook-critica-apple-jornais-eua\/","name":"Facebook critica Apple em an\u00fancios de jornais nos EUA","isPartOf":{"@id":"https:\/\/www.suno.com.br\/noticias\/#website"},"primaryImageOfPage":{"@id":"https:\/\/www.suno.com.br\/noticias\/facebook-critica-apple-jornais-eua\/#primaryimage"},"image":{"@id":"https:\/\/www.suno.com.br\/noticias\/facebook-critica-apple-jornais-eua\/#primaryimage"},"thumbnailUrl":"https:\/\/files.sunoresearch.com.br\/n\/uploads\/2020\/12\/a1b5e017-facebook-jpg.webp","datePublished":"2020-12-16T19:30:02+00:00","dateModified":"2020-12-16T22:38:04+00:00","description":"O Facebook usou jornais para criticar uma nova mudan\u00e7a de termos de privacidade da Apple nesta quarta-feira. Clique aqui para saber mais","breadcrumb":{"@id":"https:\/\/www.suno.com.br\/noticias\/facebook-critica-apple-jornais-eua\/#breadcrumb"},"inLanguage":"pt-BR","potentialAction":[{"@type":"ReadAction","target":["https:\/\/www.suno.com.br\/noticias\/facebook-critica-apple-jornais-eua\/"]}]},{"@type":"ImageObject","inLanguage":"pt-BR","@id":"https:\/\/www.suno.com.br\/noticias\/facebook-critica-apple-jornais-eua\/#primaryimage","url":"https:\/\/files.sunoresearch.com.br\/n\/uploads\/2020\/12\/a1b5e017-facebook-jpg.webp","contentUrl":"https:\/\/files.sunoresearch.com.br\/n\/uploads\/2020\/12\/a1b5e017-facebook-jpg.webp","width":1024,"height":683,"caption":"Facebook contra Apple"},{"@type":"BreadcrumbList","@id":"https:\/\/www.suno.com.br\/noticias\/facebook-critica-apple-jornais-eua\/#breadcrumb","itemListElement":[{"@type":"ListItem","position":1,"name":"Not\u00edcias","item":"https:\/\/www.suno.com.br\/noticias\/"},{"@type":"ListItem","position":2,"name":"Neg\u00f3cios","item":"https:\/\/www.suno.com.br\/noticias\/negocios\/"},{"@type":"ListItem","position":3,"name":"Facebook critica Apple em an\u00fancios de jornais nos EUA por pr\u00e1ticas anticompetitivas"}]},{"@type":"WebSite","@id":"https:\/\/www.suno.com.br\/noticias\/#website","url":"https:\/\/www.suno.com.br\/noticias\/","name":"Suno Not\u00edcias","description":"Seu portal de informa\u00e7\u00e3o sobre o mundo dos investimentos","publisher":{"@id":"https:\/\/www.suno.com.br\/noticias\/#organization"},"potentialAction":[{"@type":"SearchAction","target":{"@type":"EntryPoint","urlTemplate":"https:\/\/www.suno.com.br\/noticias\/?s={search_term_string}"},"query-input":{"@type":"PropertyValueSpecification","valueRequired":true,"valueName":"search_term_string"}}],"inLanguage":"pt-BR"},{"@type":"Organization","@id":"https:\/\/www.suno.com.br\/noticias\/#organization","name":"Suno Not\u00edcias","url":"https:\/\/www.suno.com.br\/noticias\/","logo":{"@type":"ImageObject","inLanguage":"pt-BR","@id":"https:\/\/www.suno.com.br\/noticias\/#\/schema\/logo\/image\/","url":"https:\/\/files.sunoresearch.com.br\/n\/uploads\/2021\/09\/suno-logo.png","contentUrl":"https:\/\/files.sunoresearch.com.br\/n\/uploads\/2021\/09\/suno-logo.png","width":180,"height":180,"caption":"Suno Not\u00edcias"},"image":{"@id":"https:\/\/www.suno.com.br\/noticias\/#\/schema\/logo\/image\/"},"sameAs":["https:\/\/facebook.com\/sunoresearch","https:\/\/x.com\/sunoresearch","https:\/\/www.instagram.com\/suno","https:\/\/www.linkedin.com\/company\/suno-research\/","https:\/\/www.youtube.com\/c\/sunoresearch"]},{"@type":"Person","@id":"https:\/\/www.suno.com.br\/noticias\/#\/schema\/person\/658d5fbc74d81f265f5df3562d0038ab","name":"Vitor Azevedo","image":{"@type":"ImageObject","inLanguage":"pt-BR","@id":"https:\/\/www.suno.com.br\/noticias\/#\/schema\/person\/image\/","url":"https:\/\/secure.gravatar.com\/avatar\/62b86195291b446fe380824eb28b99a5?s=96&r=g","contentUrl":"https:\/\/secure.gravatar.com\/avatar\/62b86195291b446fe380824eb28b99a5?s=96&r=g","caption":"Vitor Azevedo"},"description":"Formado em jornalismo pela Unesp, escreve sobre economia e neg\u00f3cios para a Suno Not\u00edcias.","url":"https:\/\/www.suno.com.br\/noticias\/author\/vitor-azevedo\/"}]}},"default_loop_html":"<div class=\"cardsPage__listCard__boxs\"><div class=\"cardsPage__listCard__boxs__img\"><a href=\"https:\/\/www.suno.com.br\/noticias\/facebook-critica-apple-jornais-eua\/\"><img class=\"mask\" src=\"https:\/\/www.suno.com.br\/noticias\/wp-content\/themes\/suno\/resources\/images\/spotlight\/spotlight1img\/bg-mask.png\" alt=\"Image Mask\"\/><img src=\"https:\/\/files.sunoresearch.com.br\/n\/uploads\/2020\/12\/a1b5e017-facebook-400x200.webp\" alt=\"Facebook critica Apple em an\u00fancios de jornais nos EUA por pr\u00e1ticas anticompetitivas\"\/><\/a><span class=\"spotlightCategory\"><a href=\"https:\/\/www.suno.com.br\/noticias\/negocios\/\">Neg\u00f3cios<\/a><\/span><\/div><div class=\"cardsPage__listCard__boxs__content\"><a href=\"https:\/\/www.suno.com.br\/noticias\/facebook-critica-apple-jornais-eua\/\"><h2 class=\"content__title\">Facebook critica Apple em an\u00fancios de jornais nos EUA por pr\u00e1ticas anticompetitivas<\/h2><\/a><div class=\"newsContent__article__meta\"><div class=\"newsContent__article__meta__authorBox\"><a href=\"https:\/\/www.suno.com.br\/noticias\/author\/vitor-azevedo\/\" class=\"authorBox__avatar noMobi\"><img src=\"https:\/\/secure.gravatar.com\/avatar\/62b86195291b446fe380824eb28b99a5?s=96&#038;r=g\" alt=\"Vitor Azevedo\"><\/a><div class=\"authorBox__name\"><span>por\n\t\t\t<a href=\"https:\/\/www.suno.com.br\/noticias\/author\/vitor-azevedo\/\"><span itemprop=\"author\">Vitor Azevedo<\/span><\/a><\/span><time datetime=\"2020-12-16T16:30:02-03:00\" itemprop=\"datePublished\">16\/12\/2020 16:30<\/time><\/div><\/div><\/div><\/div><\/div>","single_layout":"posts","amp_enabled":true,"_links":{"self":[{"href":"https:\/\/www.suno.com.br\/noticias\/wp-json\/wp\/v2\/posts\/108766"}],"collection":[{"href":"https:\/\/www.suno.com.br\/noticias\/wp-json\/wp\/v2\/posts"}],"about":[{"href":"https:\/\/www.suno.com.br\/noticias\/wp-json\/wp\/v2\/types\/post"}],"author":[{"embeddable":true,"href":"https:\/\/www.suno.com.br\/noticias\/wp-json\/wp\/v2\/users\/59"}],"replies":[{"embeddable":true,"href":"https:\/\/www.suno.com.br\/noticias\/wp-json\/wp\/v2\/comments?post=108766"}],"version-history":[{"count":0,"href":"https:\/\/www.suno.com.br\/noticias\/wp-json\/wp\/v2\/posts\/108766\/revisions"}],"wp:featuredmedia":[{"embeddable":true,"href":"https:\/\/www.suno.com.br\/noticias\/wp-json\/wp\/v2\/media\/108778"}],"wp:attachment":[{"href":"https:\/\/www.suno.com.br\/noticias\/wp-json\/wp\/v2\/media?parent=108766"}],"wp:term":[{"taxonomy":"category","embeddable":true,"href":"https:\/\/www.suno.com.br\/noticias\/wp-json\/wp\/v2\/categories?post=108766"},{"taxonomy":"post_tag","embeddable":true,"href":"https:\/\/www.suno.com.br\/noticias\/wp-json\/wp\/v2\/tags?post=108766"},{"taxonomy":"suno_strategy","embeddable":true,"href":"https:\/\/www.suno.com.br\/noticias\/wp-json\/wp\/v2\/suno_strategy?post=108766"}],"curies":[{"name":"wp","href":"https:\/\/api.w.org\/{rel}","templated":true}]}}