{"id":108718,"date":"2020-12-19T10:00:31","date_gmt":"2020-12-19T13:00:31","guid":{"rendered":"https:\/\/www.suno.com.br\/noticias\/?p=108718"},"modified":"2020-12-19T10:07:20","modified_gmt":"2020-12-19T13:07:20","slug":"oi-oibr3-oibr4-novo-desenho-anima-mercado","status":"publish","type":"post","link":"https:\/\/www.suno.com.br\/noticias\/oi-oibr3-oibr4-novo-desenho-anima-mercado\/","title":{"rendered":"Oi (OIBR3) est\u00e1 de cara nova; vale a pena investir na a\u00e7\u00e3o?"},"content":{"rendered":"<p>Com a venda dos ativos por meio de leil\u00f5es, a <span style=\"font-weight: 400;\"><a href=\"https:\/\/www.suno.com.br\/acoes\/oibr3\/\"><strong>Oi<\/strong> (OIBR3<\/a>;<a href=\"https:\/\/www.suno.com.br\/acoes\/oibr4\/\"> OIBR4<\/a>)<\/span> tem sido destaque no mercado acion\u00e1rio. A operadora que est\u00e1 em <a href=\"https:\/\/www.suno.com.br\/artigos\/recuperacao-judicial\/\">recupera\u00e7\u00e3o judicial<\/a> chamou a aten\u00e7\u00e3o de grandes empresas do ramo de telefonia m\u00f3vel e tem gerado ao mercado uma expectativa sobre o futuro da companhia. Afinal, com tantas movimenta\u00e7\u00f5es, quais s\u00e3o as perspectivas futuras para os pap\u00e9is da Oi em 2021?<\/p>\t<div class=\"wrapper-featured-image\">\n\t\t<figure class=\"spotlightImg\">\n\n\t\t\t<picture>\n\t\t\t\t<source media=\"(max-width: 768px)\" srcset=\"https:\/\/files.sunoresearch.com.br\/n\/uploads\/2020\/12\/9e4df2b0-oi-400x200.webp\">\n\t\t\t\t<img loading=\"lazy\" decoding=\"async\" class=\"newsContent__article__imgCapa lazyloadDisabled \" src=\"https:\/\/files.sunoresearch.com.br\/n\/uploads\/2020\/12\/9e4df2b0-oi-800x450.webp\" width=\"800\" height=\"450\" alt=\"Oi (OIBR3) est\u00e1 de cara nova; vale a pena investir na a\u00e7\u00e3o?\" fetchpriority=high \/>\n\t\t\t<\/picture>\n\n\t\t\t<figcaption class=\"wp-caption-text wp-caption-text--show\">Oi (OIBR3), Vale (VALE3) e Copel (CPLE6) chamam a aten\u00e7\u00e3o do mercado financeiro. Foto: divulga\u00e7\u00e3o<\/figcaption>\n\t\t<\/figure>\n\t<\/div>\n\n\n\t<p>\n\t\t<a href=\"https:\/\/lp.suno.com.br\/planilha-controle-gastos\/\" target=\"_blank\" data-element=\"shortcode-suno-banner\" title=\"Banner SUNO, clique e saiba mais\">\n\t\t\t<picture>\n\t\t\t\t<source media=\"(max-width: 500px)\" srcset=\"https:\/\/files.sunoresearch.com.br\/n\/uploads\/2023\/03\/400x300-Planilha-controle-de-gastos.png\">\n\t\t\t\t<img class=\"newsContent__article__imgCapa newsContent__article__imgCapa--banner\"\n\t\t\t\t\tsrc=\"https:\/\/files.sunoresearch.com.br\/n\/uploads\/2023\/03\/1420x240-Planilha-controle-de-gastos.png\"\n\t\t\t\t\tdata-promo-id=\"101751\"\t\t\t\t\t\t\t\t\t\twidth='1420' height='240'\t\t\t\t\talt=\"https:\/\/files.sunoresearch.com.br\/n\/uploads\/2023\/03\/1420x240-Planilha-controle-de-gastos.png\"\n\t\t\t\t>\n\t\t\t<\/picture>\n\t\t<\/a>\n\t<\/p>\n\n\n<p>Para responder essa pergunta n\u00f3s do<strong><a href=\"https:\/\/www.suno.com.br\/noticias\/\"> SUNO Not\u00edcias<\/a><\/strong> conversamos com os mesmos especialistas da mat\u00e9ria \u201c<a href=\"https:\/\/www.suno.com.br\/noticias\/oi-oibr3-vale-pena-investir-veja-perspectivas\/\">Vale a pena investir na Oi<\/a>\u201d que na \u00e9poca, antes dos leil\u00f5es, apontaram que sim valeria a pena, sobre quais s\u00e3o as perspectivas para a tele no ano que vem.<\/p>\n<p><a href=\"https:\/\/lp.suno.com.br\/suno-one\/\">Suno One: acesse gratuitamente eBooks, Minicursos, Artigos e Video Aulas sobre investimentos com um \u00fanico cadastro. Clique para saber mais!<\/a><\/p>\n<p>Todos os especialistas apontaram que <strong>2021<\/strong> pode ser um ano promissor para operadora devido ao seu processo de reestrutura\u00e7\u00e3o, no qual a empresa est\u00e1 desmembrando seu neg\u00f3cio com o objetivo de redirecionar seu foco em <strong>fibra \u00f3tica<\/strong>.<\/p>\n<h2>Perspectivas para o ano de 2021<\/h2>\n<p>Antes de falarmos do futuro, vale destacar que a <strong>Oi<\/strong> teve um ano intenso em 2020. No per\u00edodo de um ano, as <strong><a href=\"https:\/\/www.suno.com.br\/artigos\/mercado-de-acoes\/\">a\u00e7\u00f5es<\/a> <\/strong>da tele apresentaram forte recupera\u00e7\u00e3o em seus pap\u00e9is.<\/p>\n<p>Para base de compara\u00e7\u00e3o, o <a href=\"https:\/\/www.suno.com.br\/artigos\/tipos-de-acoes\/\">papel ordin\u00e1rio<\/a> da companhia (OIBR3) em 10 de dezembro de 2019 era cotado a R$ 0,94. J\u00e1 nesta mesma data em 2020, a a\u00e7\u00e3o encerrou negociada a R$ 2,43. Isso porque a empresa est\u00e1 em processo de <strong>reestrutura\u00e7\u00e3o<\/strong>.<\/p>\n<p>Rodrigo Weinberg, analista da <a href=\"https:\/\/www.googleadservices.com\/pagead\/aclk?sa=L&amp;ai=DChcSEwiD9IHHh9PtAhWMDpEKHfe4BRsYABAAGgJjZQ&amp;ae=2&amp;ohost=www.google.com&amp;cid=CAESQeD21gAbOmutG30gweaI3ygxd4uYX3ouHQf4ymxAMibQWNDovbDttMJ0ffoXP-Fsfl0BqWQ4rh-kSKkPS6Ei1od3&amp;sig=AOD64_20zmQHGNftIw14nAFPmKy8KUo5wA&amp;q&amp;adurl&amp;ved=2ahUKEwimhvnGh9PtAhUWHrkGHb8eAfoQ0Qx6BAgKEAE\">SUNO Research<\/a>, diz que em um passado n\u00e3o t\u00e3o distante, era dif\u00edcil enxergar perspectivas positivas em 2021. Isso porque pairavam d\u00favidas sobre a venda dos <strong>ativos<\/strong>, pagamentos de <a href=\"https:\/\/www.suno.com.br\/artigos\/divida-publica\/\">d\u00edvidas<\/a> e o cumprimento das <strong>metas<\/strong>.<\/p>\n<p>No entanto, ao analisar o decorrer do ano de 2020, as perspectivas est\u00e3o &#8220;cada vez mais claras&#8221;.<\/p>\n<p>\u201cSe tivessem me perguntado 6 ou 12 meses atr\u00e1s eu responderia que as perspectivas s\u00e3o de bastante dificuldade, tendo em vista que a companhia tinha muitas incertezas no seu futuro pr\u00f3ximo. Mas a Oi tem cumprido os seus <a href=\"https:\/\/www.suno.com.br\/artigos\/guidance\/\"><em>guidances<\/em><\/a>, tem conseguido enxugar a estrutura vendendo ativos e pagando os seus <strong>credores<\/strong>. A Oi est\u00e1 conseguindo cumprir com o seu <strong>plano estrat\u00e9gico<\/strong>\u201d.<\/p>\n<p>O ano novo para Oi pode ser de fato um ano totalmente novo. A operadora passou por v\u00e1rias not\u00edcias positivas, como\u00a0a aprova\u00e7\u00e3o da nova <strong>recupera\u00e7\u00e3o judicial<\/strong>, a aprova\u00e7\u00e3o da lei de <strong>fal\u00eancias<\/strong> e os <strong>leil\u00f5es<\/strong> de seus ativos.<\/p>\n<p>Em junho de 2016, a Oi entrou com pedido de recupera\u00e7\u00e3o judicial com a finalidade de negociar a <strong>d\u00edvida<\/strong> que estava em R$ 65,4 bilh\u00f5es, e de uma prote\u00e7\u00e3o judicial contra a fal\u00eancia.<\/p>\n<h3>Operadora mudou sua proposta de recupera\u00e7\u00e3o<\/h3>\n<p>Em agosto deste ano, a operadora modificou sua proposta de quatro anos atr\u00e1s. O plano atual prev\u00ea a venda de <strong>redes m\u00f3veis<\/strong>, <strong>torres<\/strong>, <strong>data centers<\/strong> e parte da<strong> rede de fibra \u00f3tica<\/strong>. O recurso ser\u00e1 usado para fazer o pagamento antecipado de d\u00edvidas, com cortes dos valores na faixa de 50% a 55%.<\/p>\n<p>\u201c2021 se inicia como um ano diferente porque a empresa j\u00e1 come\u00e7a a ficar bem estruturada financeiramente, e agora vai passar a focar em seus ativos de <strong>fibra \u00f3tica<\/strong>, que ser\u00e1 o seu principal e mais <strong>rent\u00e1vel<\/strong> neg\u00f3cio\u201d, disse o analista da corretora Guide, Henrique Esteter.<\/p>\n<p>No m\u00eas passado, a <a href=\"https:\/\/www.suno.com.br\/noticias\/agu-desconto-divida-oi-oibr3-anatel\/\">Advocacia-Geral da Uni\u00e3o (AGU) forneceu um desconto de quase 50%<\/a> no valor de R$ 14,3 bilh\u00f5es que a operadora devia \u00e0 Uni\u00e3o. Agora a tele dever\u00e1 pagar apenas R$ 7,2 bilh\u00f5es \u00e0 Ag\u00eancia Nacional de Telecomunica\u00e7\u00f5es (<strong>Anatel<\/strong>).<\/p>\n\t<p>\n\t\t<a href=\"https:\/\/lp.suno.com.br\/ebook-como-analisar-uma-acao\/\" target=\"_blank\" data-element=\"shortcode-suno-banner\" title=\"Banner SUNO, clique e saiba mais\">\n\t\t\t<picture>\n\t\t\t\t<source media=\"(max-width: 500px)\" srcset=\"https:\/\/files.sunoresearch.com.br\/n\/uploads\/2023\/03\/Ebook-Acoes-Mobile.jpg\">\n\t\t\t\t<img class=\"newsContent__article__imgCapa newsContent__article__imgCapa--banner\"\n\t\t\t\t\tsrc=\"https:\/\/files.sunoresearch.com.br\/n\/uploads\/2023\/03\/Ebook-Acoes-Desktop.jpg\"\n\t\t\t\t\tdata-promo-id=\"378302\"\t\t\t\t\t\t\t\t\t\twidth='1420' height='286'\t\t\t\t\talt=\"https:\/\/files.sunoresearch.com.br\/n\/uploads\/2023\/03\/Ebook-Acoes-Desktop.jpg\"\n\t\t\t\t>\n\t\t\t<\/picture>\n\t\t<\/a>\n\t<\/p>\n\n\n<h2>Leil\u00f5es da Oi aumentam a expectativa do mercado<\/h2>\n<p>J\u00e1 para o final deste ano, como parte das movimenta\u00e7\u00f5es da operadora, tivemos os acontecimentos mais aguardados do mercado: os <strong>leil\u00f5es<\/strong>.<\/p>\n<p>Em 26 de dezembro a<a href=\"https:\/\/www.suno.com.br\/noticias\/highline-vencedora-torres-oi-oibr3\/\"> Highline foi declarada vencedora no leil\u00e3o<\/a> das torres de telefonia m\u00f3vel da Oi. A oferta vinculante foi de R$ 1,067 bilh\u00e3o. J\u00e1 a <strong>Piemonte<\/strong> levou a unidade produtiva isolada (UPI) de data centers da operadora pelo valor de R$ 325 milh\u00f5es.<\/p>\n<p>Parte do otimismo do mercado com os pap\u00e9is da Oi est\u00e1 na venda desses ativos, a transa\u00e7\u00e3o depende da aprova\u00e7\u00e3o do <a href=\"https:\/\/www.suno.com.br\/artigos\/cade\/\">Conselho Administrativo de Defesa Econ\u00f4mica (Cade)<\/a>, \u201co que deve ocorrer&#8221;, segundo o analista Esteter.<\/p>\n<p>A venda de torres e data centers vai de linha com seu plano estrat\u00e9gico, dessa forma, a tele sinaliza ao mercado que est\u00e1 cumprindo com o que se prop\u00f4s a fazer.<\/p>\n<p>\u201cA companhia conseguiu enxugar a sua estrutura e levantar caixa em um momento bem dif\u00edcil. A <strong>Oi<\/strong> possui diversos <a href=\"https:\/\/www.suno.com.br\/noticias\/oi-oibr3-oibr4-itau-bb-santander-caixa-venda-ativos\/\"><strong>credores<\/strong> <\/a>e \u00e9 essencial a venda destes ativos para prosseguir o plano de recupera\u00e7\u00e3o judicial\u201d, apontou Weinberg.<\/p>\n<h3>Leil\u00e3o de telefonia m\u00f3vel foi o maior<\/h3>\n<p>Ocorreu tamb\u00e9m no dia 14 de dezembro, o leil\u00e3o de telefonia m\u00f3vel da operadora que foi arrematado pelo cons\u00f3rcio formado pela <a href=\"https:\/\/www.suno.com.br\/acoes\/vivt3\/\"><strong>Vivo<\/strong> (VIVT3)<\/a>, <a href=\"https:\/\/www.suno.com.br\/acoes\/tims3\/\"><strong>Tim<\/strong> (TIMS3)<\/a> e <strong>Claro.<\/strong>\u00a0A expectativa do mercado \u00e9 que o cons\u00f3rcio pague R$ 16,5 bilh\u00f5es pelos ativos da operadora.<\/p>\n\t<div data-element=\"shortcode-read-more\" class=\"knowMore\">\n\t\t\t\t<span class=\"knowMore__title\">Saiba Mais<\/span>\n\t\t\t\t<a class=\"knowMore__link\" href=\"https:\/\/www.suno.com.br\/noticias\/oi-leva-leilao\/\">\n\t\t\tOi (OIBR3): cons\u00f3rcio de Claro, Tim (TIMS3) e Telef\u00f4nica (VIVT4) leva leil\u00e3o\t\t<\/a>\n\t<\/div>\n\n\n<p>Al\u00e9m de levantar <a href=\"https:\/\/www.suno.com.br\/artigos\/fluxo-de-caixa\/\"><strong>caixa<\/strong> <\/a>com os respectivos <strong>leil\u00f5es<\/strong>, a companhia tem direcionado o seu investimento em seu principal neg\u00f3cio: a <strong>fibra \u00f3tica<\/strong>.<\/p>\n<p>\u201cCom a venda dos ativos m\u00f3veis a Oi passar\u00e1 a ser uma empresa focada na infraestrutura com foco na sua rede de fibra \u00f3tica, base para a sustenta\u00e7\u00e3o das exig\u00eancias tecnol\u00f3gicas do setor\u201d, apontou o analista chefe da Planner Corretora, Mario Mariante.<\/p>\n<p>Esse segmento \u00e9 t\u00e3o importante para tele, que expressa tamb\u00e9m o crescimento da companhia. \u201cH\u00e1 dois anos atr\u00e1s a Oi tinha 100 mil clientes, ano passado o n\u00famero era de 700 mil. Hoje a rede de fibra \u00f3tica da Oi possui cerca de 2 milh\u00f5es de clientes. Crescimento <strong>exponencial<\/strong>\u201d, analisou o especialista da <strong>SUNO<\/strong>.<\/p>\n<h2>Foco na Fibra \u00d3tica em 2021<\/h2>\n<p>Portanto, com base nesse ativo t\u00e3o importante, os investidores est\u00e3o ansiosos pelo pr\u00f3ximo cap\u00edtulo da <strong>recupera\u00e7\u00e3o judicial.<\/strong> que se trata da venda de parte da <strong>InfraCo<\/strong>, empresa de fibra \u00f3tica da Oi.<\/p>\n<p>Diferente de como aconteceu em outros leil\u00f5es, nos quais a empresa se desfez de 100% dos <strong>ativos<\/strong>, a Oi vai manter uma <strong>fatia minorit\u00e1ria<\/strong> na InfraCo.<\/p>\n<p>De acordo com o plano de reestrutura\u00e7\u00e3o, a operadora vender\u00e1 51% das <strong>a\u00e7\u00f5es ordin\u00e1rias, <\/strong>ou seja ficar\u00e1 com 49%. O comprador ter\u00e1 de pagar o pre\u00e7o m\u00ednimo de R$ 6,5 bilh\u00f5es, assumir d\u00edvidas de R$ 2,4 bilh\u00f5es e investir R$ 5 bilh\u00f5es na companhia.<\/p>\n\t<div data-element=\"shortcode-read-more\" class=\"knowMore\">\n\t\t\t\t<span class=\"knowMore__title\">Veja Tamb\u00e9m <\/span>\n\t\t\t\t<a class=\"knowMore__link\" href=\"https:\/\/www.suno.com.br\/noticias\/oi-oibr3-leilao-5g-infraco-brasil-oibr4\/\">\n\t\t\tOi (OIBR3): InfraCo, empresa de fibra, vai ser impulsionada pelo 5G\t\t<\/a>\n\t<\/div>\n\n\n<p>Em 22 de janeiro de 2021, a operadora receber\u00e1 as ofertas pelo ativo que conta com 400 mil quil\u00f4metros de <strong>fibras \u00f3ticas<\/strong> no Pa\u00eds.<\/p>\n<h3>Fibra atrai v\u00e1rios interessados<\/h3>\n<p>Segundo o site NeoFeed, entre os interessados, est\u00e1 a <strong>Highline<\/strong>, um fundo gerido pelo <a href=\"https:\/\/www.suno.com.br\/acoes\/bpac11\/\"><strong>BTG Pactual<\/strong> (BPAC11)<\/a> e a empresa de energia <strong>Enel<\/strong>, que controla a <strong>Ufinet<\/strong>, empresa de telecomunica\u00e7\u00f5es.<\/p>\n<p>\u201cO ponto principal da Oi \u00e9 a fibra \u00f3tica. No<strong> leil\u00e3o de fibra \u00f3tica<\/strong> \u00e9 importante saber qual o percentual ser\u00e1 vendido, para quem ser\u00e1 vendido e entender quem ir\u00e1 fazer essa parceria na Infraco\u201d, disse Esteter.<\/p>\n<p>Em 2021, o foco dos investidores deve ser em assuntos que envolvam a rede de fibra. Mas Weinberg aponta tamb\u00e9m para outros temas que devem ficar no radar dos que acompanham a tele.<\/p>\n<p>\u201cPara os investidores de <strong>Oi<\/strong> eu diria que eles precisam acompanhar principalmente o tema de fibra \u00f3tica e algumas <strong>m\u00e9tricas<\/strong> da Oi, por exemplo o n\u00famero de casas conectadas e casas passadas, observar se este n\u00famero se comporta como o previsto pela companhia, se ele est\u00e1 acima ou abaixo e o porqu\u00ea disso\u201d.<\/p>\n<p>\u201cO futuro da Oi est\u00e1 nesta dire\u00e7\u00e3o e a companhia depende do desenvolvimento de um rede de <strong>clientes<\/strong> para isto\u201d, completou o analista da SUNO.<\/p>\n<h2>Quais os riscos e oportunidades?<\/h2>\n<p>Apesar de tudo parecer lindo para a operadora no ano que vem, os seus pap\u00e9is tamb\u00e9m correm riscos. O primeiro risco \u00e9 a depend\u00eancia de aprova\u00e7\u00e3o pelas ag\u00eancias reguladoras para que seja conclu\u00eddo o neg\u00f3cio referente aos leil\u00f5es da <strong>Oi M\u00f3vel<\/strong>.<\/p>\n<p>Caso o <strong>Cade<\/strong> e a <strong>Anatel<\/strong> barrem este neg\u00f3cio, a operadora ter\u00e1 problemas de prosseguimento do seu plano de recupera\u00e7\u00e3o judicial e problemas para pagar os <strong>credores<\/strong>.<\/p>\n<p>Al\u00e9m disso, o analista da SUNO alerta tamb\u00e9m para outro tipo de risco: o <strong>operacional<\/strong>. Na an\u00e1lise de Weinberg, \u00e9 um risco a expans\u00e3o da rede de fibra n\u00e3o sair como planejada, devido ao aumento de concorr\u00eancia, dificuldade de convers\u00e3o ou qualquer outro motivo.<\/p>\n<p>\u201cAs receitas oriundas da rede de cobre v\u00eam caindo. Caso n\u00e3o haja uma compensa\u00e7\u00e3o com a rede de fibra, a companhia poder\u00e1 queimar muito mais <strong>caixa<\/strong> do que estava planejado\u201d, apontou o especialista.<\/p>\n<h3>Aprova\u00e7\u00e3o das ag\u00eancias reguladoreas no radar<\/h3>\n<p>Os riscos e as oportunidades caminham lado a lado quando se trata de Oi. Os especialistas apontaram que se houver a aprova\u00e7\u00e3o das ag\u00eancias reguladoras, os pap\u00e9is tendem a subir.<\/p>\n<p>\u201cCaso a companhia continue agindo e cumprindo o seu plano estrat\u00e9gico, cumprindo <em>guindance<\/em> de casas passadas e conectadas, mostrando evolu\u00e7\u00e3o na sua rede de <strong>fibra<\/strong>, acredito que estas s\u00e3o as principais oportunidades que a Oi deve ter em seu futuro\u201d, analisou Weinberg.<\/p>\n<p>\u201cTemos uma boa perspectiva, o pior da companhia j\u00e1 ficou para tr\u00e1s. Agora \u00e9 um futuro interessante, no papel est\u00e1 bonito, mas vamos acompanhar o dia-a-dia, o operacional e os n\u00fameros conforme forem divulgados, vamos ver se ser\u00e3o condizentes com a expectativa que a pr\u00f3pria <strong>Oi<\/strong> criou no mercado\u201d, concluiu Esteter.<\/p>\n\t<p>\n\t\t<a href=\"https:\/\/lp.suno.com.br\/planilha-de-controle-de-investimentos\/\" target=\"_blank\" data-element=\"shortcode-suno-banner\" title=\"Banner SUNO, clique e saiba mais\">\n\t\t\t<picture>\n\t\t\t\t<source media=\"(max-width: 500px)\" srcset=\"https:\/\/files.sunoresearch.com.br\/n\/uploads\/2023\/03\/400x300-Controle-de-Investimentos.png\">\n\t\t\t\t<img class=\"newsContent__article__imgCapa newsContent__article__imgCapa--banner\"\n\t\t\t\t\tsrc=\"https:\/\/files.sunoresearch.com.br\/n\/uploads\/2023\/03\/1420x240-Controle-de-Investimentos.png\"\n\t\t\t\t\tdata-promo-id=\"75934\"\t\t\t\t\t\t\t\t\t\twidth='1420' height='240'\t\t\t\t\talt=\"https:\/\/files.sunoresearch.com.br\/n\/uploads\/2023\/03\/1420x240-Controle-de-Investimentos.png\"\n\t\t\t\t>\n\t\t\t<\/picture>\n\t\t<\/a>\n\t<\/p>\n\n\n","protected":false},"excerpt":{"rendered":"<p>Com a venda dos ativos por meio de leil\u00f5es, a Oi (OIBR3; OIBR4) tem sido destaque no mercado acion\u00e1rio. A operadora que est\u00e1 em recupera\u00e7\u00e3o judicial chamou a aten\u00e7\u00e3o de grandes empresas do ramo de telefonia m\u00f3vel e tem gerado ao mercado uma expectativa sobre o futuro da companhia. Afinal, com tantas movimenta\u00e7\u00f5es, quais s\u00e3o [&hellip;]<\/p>\n","protected":false},"author":15,"featured_media":108744,"comment_status":"closed","ping_status":"closed","sticky":false,"template":"","format":"standard","meta":[],"categories":[64],"tags":[399,1140,77760,584,3544,314,663,1141],"suno_strategy":[],"class_list":["post-108718","post","type-post","status-publish","format-standard","has-post-thumbnail","hentry","category-negocios","tag-btg-pactual-bpac11-bpac3-bpac5","tag-claro","tag-highline","tag-oi-oibr3-oibr4","tag-oi-movel","tag-recuperacao-judicial","tag-tim-tims3","tag-vivo"],"yoast_head":"<!-- This site is optimized with the Yoast SEO plugin v24.4 - https:\/\/yoast.com\/wordpress\/plugins\/seo\/ -->\n<title>Novo desenho da Oi (OIBR3), focado em fibra, anima o mercado<\/title>\n<meta name=\"description\" content=\"Todos os especialistas apontaram para o SUNO Not\u00edcias que 2021 pode ser um ano promissor para Oi (OIBR3). Clique aqui e confira\" \/>\n<meta name=\"robots\" content=\"index, follow, max-snippet:-1, max-image-preview:large, max-video-preview:-1\" \/>\n<link rel=\"canonical\" href=\"https:\/\/www.suno.com.br\/noticias\/oi-oibr3-oibr4-novo-desenho-anima-mercado\/\" \/>\n<meta property=\"og:locale\" content=\"pt_BR\" \/>\n<meta property=\"og:type\" content=\"article\" \/>\n<meta property=\"og:title\" content=\"Novo desenho da Oi (OIBR3), focado em fibra, anima o mercado\" \/>\n<meta property=\"og:description\" content=\"Todos os especialistas apontaram para o SUNO Not\u00edcias que 2021 pode ser um ano promissor para Oi (OIBR3). Clique aqui e confira\" \/>\n<meta property=\"og:url\" content=\"https:\/\/www.suno.com.br\/noticias\/oi-oibr3-oibr4-novo-desenho-anima-mercado\/\" \/>\n<meta property=\"og:site_name\" content=\"Suno Not\u00edcias\" \/>\n<meta property=\"article:publisher\" content=\"https:\/\/facebook.com\/sunoresearch\" \/>\n<meta property=\"og:image\" content=\"https:\/\/files.sunoresearch.com.br\/n\/uploads\/2020\/12\/9e4df2b0-oi.jpg\" \/>\n\t<meta property=\"og:image:width\" content=\"1500\" \/>\n\t<meta property=\"og:image:height\" content=\"1000\" \/>\n\t<meta property=\"og:image:type\" content=\"image\/jpeg\" \/>\n<meta name=\"author\" content=\"Poliana Santos\" \/>\n<meta name=\"twitter:card\" content=\"summary_large_image\" \/>\n<meta name=\"twitter:creator\" content=\"@sunoresearch\" \/>\n<meta name=\"twitter:site\" content=\"@sunoresearch\" \/>\n<meta name=\"twitter:label1\" content=\"Escrito por\" \/>\n\t<meta name=\"twitter:data1\" content=\"Poliana Santos\" \/>\n\t<meta name=\"twitter:label2\" content=\"Est. tempo de leitura\" \/>\n\t<meta name=\"twitter:data2\" content=\"8 minutos\" \/>\n<script type=\"application\/ld+json\" class=\"yoast-schema-graph\">{\"@context\":\"https:\/\/schema.org\",\"@graph\":[{\"@type\":\"NewsArticle\",\"@id\":\"https:\/\/www.suno.com.br\/noticias\/oi-oibr3-oibr4-novo-desenho-anima-mercado\/#article\",\"isPartOf\":{\"@id\":\"https:\/\/www.suno.com.br\/noticias\/oi-oibr3-oibr4-novo-desenho-anima-mercado\/\"},\"author\":{\"name\":\"Poliana Santos\",\"@id\":\"https:\/\/www.suno.com.br\/noticias\/#\/schema\/person\/02ec1f752758247878a2bf4abee1aeda\"},\"headline\":\"Oi (OIBR3) est\u00e1 de cara nova; vale a pena investir na a\u00e7\u00e3o?\",\"datePublished\":\"2020-12-19T13:00:31+00:00\",\"dateModified\":\"2020-12-19T13:07:20+00:00\",\"mainEntityOfPage\":{\"@id\":\"https:\/\/www.suno.com.br\/noticias\/oi-oibr3-oibr4-novo-desenho-anima-mercado\/\"},\"wordCount\":1671,\"publisher\":{\"@id\":\"https:\/\/www.suno.com.br\/noticias\/#organization\"},\"image\":{\"@id\":\"https:\/\/www.suno.com.br\/noticias\/oi-oibr3-oibr4-novo-desenho-anima-mercado\/#primaryimage\"},\"thumbnailUrl\":\"https:\/\/files.sunoresearch.com.br\/n\/uploads\/2020\/12\/9e4df2b0-oi-jpg.webp\",\"keywords\":[\"BTG Pactual (BPAC11\/BPAC3\/BPAC5)\",\"Claro\",\"Highline\",\"Oi (OIBR3\/OIBR4)\",\"Oi M\u00f3vel\",\"recupera\u00e7\u00e3o judicial\",\"TIM (TIMS3)\",\"Vivo\"],\"articleSection\":[\"Neg\u00f3cios\"],\"inLanguage\":\"pt-BR\"},{\"@type\":\"WebPage\",\"@id\":\"https:\/\/www.suno.com.br\/noticias\/oi-oibr3-oibr4-novo-desenho-anima-mercado\/\",\"url\":\"https:\/\/www.suno.com.br\/noticias\/oi-oibr3-oibr4-novo-desenho-anima-mercado\/\",\"name\":\"Novo desenho da Oi (OIBR3), focado em fibra, anima o mercado\",\"isPartOf\":{\"@id\":\"https:\/\/www.suno.com.br\/noticias\/#website\"},\"primaryImageOfPage\":{\"@id\":\"https:\/\/www.suno.com.br\/noticias\/oi-oibr3-oibr4-novo-desenho-anima-mercado\/#primaryimage\"},\"image\":{\"@id\":\"https:\/\/www.suno.com.br\/noticias\/oi-oibr3-oibr4-novo-desenho-anima-mercado\/#primaryimage\"},\"thumbnailUrl\":\"https:\/\/files.sunoresearch.com.br\/n\/uploads\/2020\/12\/9e4df2b0-oi-jpg.webp\",\"datePublished\":\"2020-12-19T13:00:31+00:00\",\"dateModified\":\"2020-12-19T13:07:20+00:00\",\"description\":\"Todos os especialistas apontaram para o SUNO Not\u00edcias que 2021 pode ser um ano promissor para Oi (OIBR3). Clique aqui e confira\",\"breadcrumb\":{\"@id\":\"https:\/\/www.suno.com.br\/noticias\/oi-oibr3-oibr4-novo-desenho-anima-mercado\/#breadcrumb\"},\"inLanguage\":\"pt-BR\",\"potentialAction\":[{\"@type\":\"ReadAction\",\"target\":[\"https:\/\/www.suno.com.br\/noticias\/oi-oibr3-oibr4-novo-desenho-anima-mercado\/\"]}]},{\"@type\":\"ImageObject\",\"inLanguage\":\"pt-BR\",\"@id\":\"https:\/\/www.suno.com.br\/noticias\/oi-oibr3-oibr4-novo-desenho-anima-mercado\/#primaryimage\",\"url\":\"https:\/\/files.sunoresearch.com.br\/n\/uploads\/2020\/12\/9e4df2b0-oi-jpg.webp\",\"contentUrl\":\"https:\/\/files.sunoresearch.com.br\/n\/uploads\/2020\/12\/9e4df2b0-oi-jpg.webp\",\"width\":1500,\"height\":1000,\"caption\":\"Oi (OIBR3), Vale (VALE3) e Copel (CPLE6) chamam a aten\u00e7\u00e3o do mercado financeiro. Foto: divulga\u00e7\u00e3o\"},{\"@type\":\"BreadcrumbList\",\"@id\":\"https:\/\/www.suno.com.br\/noticias\/oi-oibr3-oibr4-novo-desenho-anima-mercado\/#breadcrumb\",\"itemListElement\":[{\"@type\":\"ListItem\",\"position\":1,\"name\":\"Not\u00edcias\",\"item\":\"https:\/\/www.suno.com.br\/noticias\/\"},{\"@type\":\"ListItem\",\"position\":2,\"name\":\"Neg\u00f3cios\",\"item\":\"https:\/\/www.suno.com.br\/noticias\/negocios\/\"},{\"@type\":\"ListItem\",\"position\":3,\"name\":\"Oi (OIBR3) est\u00e1 de cara nova; vale a pena investir na a\u00e7\u00e3o?\"}]},{\"@type\":\"WebSite\",\"@id\":\"https:\/\/www.suno.com.br\/noticias\/#website\",\"url\":\"https:\/\/www.suno.com.br\/noticias\/\",\"name\":\"Suno Not\u00edcias\",\"description\":\"Seu portal de informa\u00e7\u00e3o sobre o mundo dos investimentos\",\"publisher\":{\"@id\":\"https:\/\/www.suno.com.br\/noticias\/#organization\"},\"potentialAction\":[{\"@type\":\"SearchAction\",\"target\":{\"@type\":\"EntryPoint\",\"urlTemplate\":\"https:\/\/www.suno.com.br\/noticias\/?s={search_term_string}\"},\"query-input\":{\"@type\":\"PropertyValueSpecification\",\"valueRequired\":true,\"valueName\":\"search_term_string\"}}],\"inLanguage\":\"pt-BR\"},{\"@type\":\"Organization\",\"@id\":\"https:\/\/www.suno.com.br\/noticias\/#organization\",\"name\":\"Suno Not\u00edcias\",\"url\":\"https:\/\/www.suno.com.br\/noticias\/\",\"logo\":{\"@type\":\"ImageObject\",\"inLanguage\":\"pt-BR\",\"@id\":\"https:\/\/www.suno.com.br\/noticias\/#\/schema\/logo\/image\/\",\"url\":\"https:\/\/files.sunoresearch.com.br\/n\/uploads\/2021\/09\/suno-logo.png\",\"contentUrl\":\"https:\/\/files.sunoresearch.com.br\/n\/uploads\/2021\/09\/suno-logo.png\",\"width\":180,\"height\":180,\"caption\":\"Suno Not\u00edcias\"},\"image\":{\"@id\":\"https:\/\/www.suno.com.br\/noticias\/#\/schema\/logo\/image\/\"},\"sameAs\":[\"https:\/\/facebook.com\/sunoresearch\",\"https:\/\/x.com\/sunoresearch\",\"https:\/\/www.instagram.com\/suno\",\"https:\/\/www.linkedin.com\/company\/suno-research\/\",\"https:\/\/www.youtube.com\/c\/sunoresearch\"]},{\"@type\":\"Person\",\"@id\":\"https:\/\/www.suno.com.br\/noticias\/#\/schema\/person\/02ec1f752758247878a2bf4abee1aeda\",\"name\":\"Poliana Santos\",\"image\":{\"@type\":\"ImageObject\",\"inLanguage\":\"pt-BR\",\"@id\":\"https:\/\/www.suno.com.br\/noticias\/#\/schema\/person\/image\/\",\"url\":\"https:\/\/secure.gravatar.com\/avatar\/0645bd32f23d87b2130f2b2dff1d3f8d?s=96&r=g\",\"contentUrl\":\"https:\/\/secure.gravatar.com\/avatar\/0645bd32f23d87b2130f2b2dff1d3f8d?s=96&r=g\",\"caption\":\"Poliana Santos\"},\"description\":\"Rep\u00f3rter no Suno Not\u00edcias, com cobertura em mercado financeiro, economia, finan\u00e7as pessoais, renda fixa e varejo. Jornalista formada pela Faculdade C\u00e1sper L\u00edbero e possui passagem na R\u00e1dio Gazeta AM com a produ\u00e7\u00e3o de conte\u00fado sobre economia, pol\u00edtica, sa\u00fade, moda e m\u00fasica. Possui certificado de conclus\u00e3o do curso de An\u00e1lise de Balan\u00e7os pela Funda\u00e7\u00e3o Bradesco, Agenda Brasil pela FAAP, Educa\u00e7\u00e3o Pol\u00edtica por Alexandre Garcia e do Tesouro Direto e Mercado de A\u00e7\u00f5es pela B3.\",\"url\":\"https:\/\/www.suno.com.br\/noticias\/author\/poliana-santos\/\"}]}<\/script>\n<!-- \/ Yoast SEO plugin. -->","yoast_head_json":{"title":"Novo desenho da Oi (OIBR3), focado em fibra, anima o mercado","description":"Todos os especialistas apontaram para o SUNO Not\u00edcias que 2021 pode ser um ano promissor para Oi (OIBR3). Clique aqui e confira","robots":{"index":"index","follow":"follow","max-snippet":"max-snippet:-1","max-image-preview":"max-image-preview:large","max-video-preview":"max-video-preview:-1"},"canonical":"https:\/\/www.suno.com.br\/noticias\/oi-oibr3-oibr4-novo-desenho-anima-mercado\/","og_locale":"pt_BR","og_type":"article","og_title":"Novo desenho da Oi (OIBR3), focado em fibra, anima o mercado","og_description":"Todos os especialistas apontaram para o SUNO Not\u00edcias que 2021 pode ser um ano promissor para Oi (OIBR3). Clique aqui e confira","og_url":"https:\/\/www.suno.com.br\/noticias\/oi-oibr3-oibr4-novo-desenho-anima-mercado\/","og_site_name":"Suno Not\u00edcias","article_publisher":"https:\/\/facebook.com\/sunoresearch","og_image":[{"width":1500,"height":1000,"url":"https:\/\/files.sunoresearch.com.br\/n\/uploads\/2020\/12\/9e4df2b0-oi.jpg","type":"image\/jpeg"}],"author":"Poliana Santos","twitter_card":"summary_large_image","twitter_creator":"@sunoresearch","twitter_site":"@sunoresearch","twitter_misc":{"Escrito por":"Poliana Santos","Est. tempo de leitura":"8 minutos"},"schema":{"@context":"https:\/\/schema.org","@graph":[{"@type":"NewsArticle","@id":"https:\/\/www.suno.com.br\/noticias\/oi-oibr3-oibr4-novo-desenho-anima-mercado\/#article","isPartOf":{"@id":"https:\/\/www.suno.com.br\/noticias\/oi-oibr3-oibr4-novo-desenho-anima-mercado\/"},"author":{"name":"Poliana Santos","@id":"https:\/\/www.suno.com.br\/noticias\/#\/schema\/person\/02ec1f752758247878a2bf4abee1aeda"},"headline":"Oi (OIBR3) est\u00e1 de cara nova; vale a pena investir na a\u00e7\u00e3o?","datePublished":"2020-12-19T13:00:31+00:00","dateModified":"2020-12-19T13:07:20+00:00","mainEntityOfPage":{"@id":"https:\/\/www.suno.com.br\/noticias\/oi-oibr3-oibr4-novo-desenho-anima-mercado\/"},"wordCount":1671,"publisher":{"@id":"https:\/\/www.suno.com.br\/noticias\/#organization"},"image":{"@id":"https:\/\/www.suno.com.br\/noticias\/oi-oibr3-oibr4-novo-desenho-anima-mercado\/#primaryimage"},"thumbnailUrl":"https:\/\/files.sunoresearch.com.br\/n\/uploads\/2020\/12\/9e4df2b0-oi-jpg.webp","keywords":["BTG Pactual (BPAC11\/BPAC3\/BPAC5)","Claro","Highline","Oi (OIBR3\/OIBR4)","Oi M\u00f3vel","recupera\u00e7\u00e3o judicial","TIM (TIMS3)","Vivo"],"articleSection":["Neg\u00f3cios"],"inLanguage":"pt-BR"},{"@type":"WebPage","@id":"https:\/\/www.suno.com.br\/noticias\/oi-oibr3-oibr4-novo-desenho-anima-mercado\/","url":"https:\/\/www.suno.com.br\/noticias\/oi-oibr3-oibr4-novo-desenho-anima-mercado\/","name":"Novo desenho da Oi (OIBR3), focado em fibra, anima o mercado","isPartOf":{"@id":"https:\/\/www.suno.com.br\/noticias\/#website"},"primaryImageOfPage":{"@id":"https:\/\/www.suno.com.br\/noticias\/oi-oibr3-oibr4-novo-desenho-anima-mercado\/#primaryimage"},"image":{"@id":"https:\/\/www.suno.com.br\/noticias\/oi-oibr3-oibr4-novo-desenho-anima-mercado\/#primaryimage"},"thumbnailUrl":"https:\/\/files.sunoresearch.com.br\/n\/uploads\/2020\/12\/9e4df2b0-oi-jpg.webp","datePublished":"2020-12-19T13:00:31+00:00","dateModified":"2020-12-19T13:07:20+00:00","description":"Todos os especialistas apontaram para o SUNO Not\u00edcias que 2021 pode ser um ano promissor para Oi (OIBR3). Clique aqui e confira","breadcrumb":{"@id":"https:\/\/www.suno.com.br\/noticias\/oi-oibr3-oibr4-novo-desenho-anima-mercado\/#breadcrumb"},"inLanguage":"pt-BR","potentialAction":[{"@type":"ReadAction","target":["https:\/\/www.suno.com.br\/noticias\/oi-oibr3-oibr4-novo-desenho-anima-mercado\/"]}]},{"@type":"ImageObject","inLanguage":"pt-BR","@id":"https:\/\/www.suno.com.br\/noticias\/oi-oibr3-oibr4-novo-desenho-anima-mercado\/#primaryimage","url":"https:\/\/files.sunoresearch.com.br\/n\/uploads\/2020\/12\/9e4df2b0-oi-jpg.webp","contentUrl":"https:\/\/files.sunoresearch.com.br\/n\/uploads\/2020\/12\/9e4df2b0-oi-jpg.webp","width":1500,"height":1000,"caption":"Oi (OIBR3), Vale (VALE3) e Copel (CPLE6) chamam a aten\u00e7\u00e3o do mercado financeiro. Foto: divulga\u00e7\u00e3o"},{"@type":"BreadcrumbList","@id":"https:\/\/www.suno.com.br\/noticias\/oi-oibr3-oibr4-novo-desenho-anima-mercado\/#breadcrumb","itemListElement":[{"@type":"ListItem","position":1,"name":"Not\u00edcias","item":"https:\/\/www.suno.com.br\/noticias\/"},{"@type":"ListItem","position":2,"name":"Neg\u00f3cios","item":"https:\/\/www.suno.com.br\/noticias\/negocios\/"},{"@type":"ListItem","position":3,"name":"Oi (OIBR3) est\u00e1 de cara nova; vale a pena investir na a\u00e7\u00e3o?"}]},{"@type":"WebSite","@id":"https:\/\/www.suno.com.br\/noticias\/#website","url":"https:\/\/www.suno.com.br\/noticias\/","name":"Suno Not\u00edcias","description":"Seu portal de informa\u00e7\u00e3o sobre o mundo dos investimentos","publisher":{"@id":"https:\/\/www.suno.com.br\/noticias\/#organization"},"potentialAction":[{"@type":"SearchAction","target":{"@type":"EntryPoint","urlTemplate":"https:\/\/www.suno.com.br\/noticias\/?s={search_term_string}"},"query-input":{"@type":"PropertyValueSpecification","valueRequired":true,"valueName":"search_term_string"}}],"inLanguage":"pt-BR"},{"@type":"Organization","@id":"https:\/\/www.suno.com.br\/noticias\/#organization","name":"Suno Not\u00edcias","url":"https:\/\/www.suno.com.br\/noticias\/","logo":{"@type":"ImageObject","inLanguage":"pt-BR","@id":"https:\/\/www.suno.com.br\/noticias\/#\/schema\/logo\/image\/","url":"https:\/\/files.sunoresearch.com.br\/n\/uploads\/2021\/09\/suno-logo.png","contentUrl":"https:\/\/files.sunoresearch.com.br\/n\/uploads\/2021\/09\/suno-logo.png","width":180,"height":180,"caption":"Suno Not\u00edcias"},"image":{"@id":"https:\/\/www.suno.com.br\/noticias\/#\/schema\/logo\/image\/"},"sameAs":["https:\/\/facebook.com\/sunoresearch","https:\/\/x.com\/sunoresearch","https:\/\/www.instagram.com\/suno","https:\/\/www.linkedin.com\/company\/suno-research\/","https:\/\/www.youtube.com\/c\/sunoresearch"]},{"@type":"Person","@id":"https:\/\/www.suno.com.br\/noticias\/#\/schema\/person\/02ec1f752758247878a2bf4abee1aeda","name":"Poliana Santos","image":{"@type":"ImageObject","inLanguage":"pt-BR","@id":"https:\/\/www.suno.com.br\/noticias\/#\/schema\/person\/image\/","url":"https:\/\/secure.gravatar.com\/avatar\/0645bd32f23d87b2130f2b2dff1d3f8d?s=96&r=g","contentUrl":"https:\/\/secure.gravatar.com\/avatar\/0645bd32f23d87b2130f2b2dff1d3f8d?s=96&r=g","caption":"Poliana Santos"},"description":"Rep\u00f3rter no Suno Not\u00edcias, com cobertura em mercado financeiro, economia, finan\u00e7as pessoais, renda fixa e varejo. Jornalista formada pela Faculdade C\u00e1sper L\u00edbero e possui passagem na R\u00e1dio Gazeta AM com a produ\u00e7\u00e3o de conte\u00fado sobre economia, pol\u00edtica, sa\u00fade, moda e m\u00fasica. Possui certificado de conclus\u00e3o do curso de An\u00e1lise de Balan\u00e7os pela Funda\u00e7\u00e3o Bradesco, Agenda Brasil pela FAAP, Educa\u00e7\u00e3o Pol\u00edtica por Alexandre Garcia e do Tesouro Direto e Mercado de A\u00e7\u00f5es pela B3.","url":"https:\/\/www.suno.com.br\/noticias\/author\/poliana-santos\/"}]}},"default_loop_html":"<div class=\"cardsPage__listCard__boxs\"><div class=\"cardsPage__listCard__boxs__img\"><a href=\"https:\/\/www.suno.com.br\/noticias\/oi-oibr3-oibr4-novo-desenho-anima-mercado\/\"><img class=\"mask\" src=\"https:\/\/www.suno.com.br\/noticias\/wp-content\/themes\/suno\/resources\/images\/spotlight\/spotlight1img\/bg-mask.png\" alt=\"Image Mask\"\/><img src=\"https:\/\/files.sunoresearch.com.br\/n\/uploads\/2020\/12\/9e4df2b0-oi-400x200.webp\" alt=\"Oi (OIBR3) est\u00e1 de cara nova; vale a pena investir na a\u00e7\u00e3o?\"\/><\/a><span class=\"spotlightCategory\"><a href=\"https:\/\/www.suno.com.br\/noticias\/negocios\/\">Neg\u00f3cios<\/a><\/span><\/div><div class=\"cardsPage__listCard__boxs__content\"><a href=\"https:\/\/www.suno.com.br\/noticias\/oi-oibr3-oibr4-novo-desenho-anima-mercado\/\"><h2 class=\"content__title\">Oi (OIBR3) est\u00e1 de cara nova; vale a pena investir na a\u00e7\u00e3o?<\/h2><\/a><div class=\"newsContent__article__meta\"><div class=\"newsContent__article__meta__authorBox\"><a href=\"https:\/\/www.suno.com.br\/noticias\/author\/poliana-santos\/\" class=\"authorBox__avatar noMobi\"><img src=\"https:\/\/files.sunoresearch.com.br\/n\/uploads\/2020\/08\/7ef34026-whatsapp-image-2020-08-03-at-12.37.57-150x150.webp\" alt=\"Poliana Santos\"><\/a><div class=\"authorBox__name\"><span>por\n\t\t\t<a href=\"https:\/\/www.suno.com.br\/noticias\/author\/poliana-santos\/\"><span itemprop=\"author\">Poliana Santos<\/span><\/a><\/span><time datetime=\"2020-12-19T10:00:31-03:00\" itemprop=\"datePublished\">19\/12\/2020 10:00<\/time><\/div><\/div><\/div><\/div><\/div>","single_layout":"posts","amp_enabled":true,"_links":{"self":[{"href":"https:\/\/www.suno.com.br\/noticias\/wp-json\/wp\/v2\/posts\/108718"}],"collection":[{"href":"https:\/\/www.suno.com.br\/noticias\/wp-json\/wp\/v2\/posts"}],"about":[{"href":"https:\/\/www.suno.com.br\/noticias\/wp-json\/wp\/v2\/types\/post"}],"author":[{"embeddable":true,"href":"https:\/\/www.suno.com.br\/noticias\/wp-json\/wp\/v2\/users\/15"}],"replies":[{"embeddable":true,"href":"https:\/\/www.suno.com.br\/noticias\/wp-json\/wp\/v2\/comments?post=108718"}],"version-history":[{"count":0,"href":"https:\/\/www.suno.com.br\/noticias\/wp-json\/wp\/v2\/posts\/108718\/revisions"}],"wp:featuredmedia":[{"embeddable":true,"href":"https:\/\/www.suno.com.br\/noticias\/wp-json\/wp\/v2\/media\/108744"}],"wp:attachment":[{"href":"https:\/\/www.suno.com.br\/noticias\/wp-json\/wp\/v2\/media?parent=108718"}],"wp:term":[{"taxonomy":"category","embeddable":true,"href":"https:\/\/www.suno.com.br\/noticias\/wp-json\/wp\/v2\/categories?post=108718"},{"taxonomy":"post_tag","embeddable":true,"href":"https:\/\/www.suno.com.br\/noticias\/wp-json\/wp\/v2\/tags?post=108718"},{"taxonomy":"suno_strategy","embeddable":true,"href":"https:\/\/www.suno.com.br\/noticias\/wp-json\/wp\/v2\/suno_strategy?post=108718"}],"curies":[{"name":"wp","href":"https:\/\/api.w.org\/{rel}","templated":true}]}}