{"id":108616,"date":"2020-12-16T12:26:44","date_gmt":"2020-12-16T15:26:44","guid":{"rendered":"https:\/\/www.suno.com.br\/noticias\/?p=108616"},"modified":"2021-05-30T20:16:30","modified_gmt":"2021-05-30T23:16:30","slug":"azul-azul4-puxados-por-lazer","status":"publish","type":"post","link":"https:\/\/www.suno.com.br\/noticias\/azul-azul4-puxados-por-lazer\/","title":{"rendered":"Azul (AZUL4): voos chegam a 70% do pr\u00e9-pandemia puxados por lazer"},"content":{"rendered":"<p>A <a href=\"https:\/\/www.suno.com.br\/acoes\/azul4\/\"><strong>Azul<\/strong> (AZUL4)<\/a> informou, em evento a acionistas nesta quarta-feira (16), que os voos da companhia a\u00e9rea j\u00e1 retornaram a 70% do patamar anterior a crise causada pela pandemia do <a href=\"https:\/\/www.suno.com.br\/noticias\/search\/coronav%C3%ADrus\">coronav\u00edrus (covid-19)<\/a>.<\/p>\t<div class=\"wrapper-featured-image\">\n\t\t<figure class=\"spotlightImg\">\n\n\t\t\t<picture>\n\t\t\t\t<source media=\"(max-width: 768px)\" srcset=\"https:\/\/files.sunoresearch.com.br\/n\/uploads\/2020\/12\/4a1eaf28-a320neo_azul_31739584755-400x200.webp\">\n\t\t\t\t<img loading=\"lazy\" decoding=\"async\" class=\"newsContent__article__imgCapa lazyloadDisabled \" src=\"https:\/\/files.sunoresearch.com.br\/n\/uploads\/2020\/12\/4a1eaf28-a320neo_azul_31739584755-jpg.webp\" width=\"800\" height=\"450\" alt=\"Azul (AZUL4): voos chegam a 70% do pr\u00e9-pandemia puxados por lazer\" fetchpriority=high \/>\n\t\t\t<\/picture>\n\n\t\t\t<figcaption class=\"wp-caption-text wp-caption-text--show\">Azul (AZUL4): voos chegam a 70% do pr\u00e9-pandemia puxados por lazer<\/figcaption>\n\t\t<\/figure>\n\t<\/div>\n\n\n\t<p>\n\t\t<a href=\"https:\/\/lp.suno.com.br\/planilha-controle-gastos\/\" target=\"_blank\" data-element=\"shortcode-suno-banner\" title=\"Banner SUNO, clique e saiba mais\">\n\t\t\t<picture>\n\t\t\t\t<source media=\"(max-width: 500px)\" srcset=\"https:\/\/files.sunoresearch.com.br\/n\/uploads\/2023\/03\/400x300-Planilha-controle-de-gastos.png\">\n\t\t\t\t<img class=\"newsContent__article__imgCapa newsContent__article__imgCapa--banner\"\n\t\t\t\t\tsrc=\"https:\/\/files.sunoresearch.com.br\/n\/uploads\/2023\/03\/1420x240-Planilha-controle-de-gastos.png\"\n\t\t\t\t\tdata-promo-id=\"101751\"\t\t\t\t\t\t\t\t\t\twidth='1420' height='240'\t\t\t\t\talt=\"https:\/\/files.sunoresearch.com.br\/n\/uploads\/2023\/03\/1420x240-Planilha-controle-de-gastos.png\"\n\t\t\t\t>\n\t\t\t<\/picture>\n\t\t<\/a>\n\t<\/p>\n\n\n<p>De acordo com a companhia, o n\u00famero de passagens comercializadas para viagens corporativas passou de 61% antes da pandemia, para 3% no auge da crise, e atingindo agora cerca de 30%. Os demais 70% s\u00e3o viagens de lazer, que vem ganhando espa\u00e7o dentro dos resultados, segundo a Azul.<\/p>\n<p><b>\u00a0<\/b><a href=\"https:\/\/lp.suno.com.br\/suno-one\/\"><b>Suno One: acesse gratuitamente eBooks, Minicursos, Artigos e Video Aulas sobre investimentos com um \u00fanico cadastro. Clique para saber mais!<\/b><\/a><\/p>\n<p>Essa troca tamb\u00e9m deve influenciar o <strong><a href=\"https:\/\/www.suno.com.br\/artigos\/ebitda\/\">Ebtida (Lucros antes de juros, impostos, deprecia\u00e7\u00e3o e amortiza\u00e7\u00e3o, em ingl\u00eas)<\/a><\/strong> da Azul. Segundo a companhia, o Ebtida da Azul em 2022 dever\u00e1 ficar acima do desempenho do ano passado, esmo com a queda prevista para o setor corporativo.<\/p>\n<p>Al\u00e9m disso, ap\u00f3s a pandemia, a Azul tamb\u00e9m planeja um aumento do lucro a partir de 2022. &#8220;Poucas companhias admitem, nas proje\u00e7\u00f5es, que haver\u00e1 uma queda da demanda corporativa no futuro. N\u00f3s n\u00e3o. A proje\u00e7\u00e3o de crescimento do Ebtida j\u00e1 leva isso em considera\u00e7\u00e3o&#8221;, disse Alex Malfitani Fundador e <a href=\"https:\/\/www.suno.com.br\/artigos\/cfo\/\">CFO da Azul<\/a>.<\/p>\n<p>J\u00e1 o presidente da Azul, John Rodgerson, disse que os voos internacionais continuar\u00e3o em baixa, mas que a demanda dom\u00e9stica brasileira deve compensar a queda.<\/p>\n<p>&#8220;A Azul \u00e9 uma companhia a\u00e9rea amplamente focada em rotas dom\u00e9sticas e voa para mais destinos brasileiros do que qualquer rival&#8221;, disse.<\/p>\n<p>A companhia \u00e1rea tamb\u00e9m informou que a Azul Cargo deve aproveitar a alta das vendas do e-commerce para crescer. Segundo a companhia, o n\u00famero de vendas brutas em novembro cresceram cerca de 50% na compara\u00e7\u00e3o com o mesmo m\u00eas de 2019.<\/p>\n<p>Al\u00e9m disso, a companhia transformou quatro unidades dos avi\u00f5es E195 em cargueiros. para servir o bra\u00e7o Azul Cargo da companhia.<\/p>\n<p>Pr\u00f3ximo das 12h10 (de Bras\u00edlia), as a\u00e7\u00f5es da Azul tinham queda de 0,83%, cotadas a R$ 39,58.<\/p>\n<h2>Azul (AZUL4) v\u00ea setor a\u00e9reo brasileiro em r\u00e1pida recupera\u00e7\u00e3o<\/h2>\n<p>O presidente da <a href=\"https:\/\/www.suno.com.br\/acoes\/azul4\/\" target=\"_blank\" rel=\"noopener noreferrer\"><strong>Azul<\/strong> (AZUL4), <\/a>John Rodgerson declarou na segunda-feira (14) durante evento virtual que o <strong>setor a\u00e9reo brasileiro<\/strong> foi uma das poucas exce\u00e7\u00f5es no mundo que n\u00e3o paralisou totalmente seus voos, mesmo no per\u00edodo mais cr\u00edtico da pandemia do coronav\u00edrus (covid-19), e tem sido um dos pa\u00edses com recupera\u00e7\u00e3o mais r\u00e1pida no mundo.<\/p>\n\t<div data-element=\"shortcode-read-more\" class=\"knowMore\">\n\t\t\t\t<span class=\"knowMore__title\">Saiba mais<\/span>\n\t\t\t\t<a class=\"knowMore__link\" href=\"https:\/\/www.suno.com.br\/noticias\/azul-azul4-setor-aereo-brasileiro-recuperacao-rapida\/\">\n\t\t\tAzul (AZUL4): O setor a\u00e9reo brasileiro teve recupera\u00e7\u00e3o mais r\u00e1pida que no mundo, diz presidente\t\t<\/a>\n\t<\/div>\n\n\n<p>Segundo Rodgerson, \u201cEste foi um ano para sobreviver. Sobrevivemos. A <strong>avia\u00e7\u00e3o no Brasil<\/strong> est\u00e1 voando mais r\u00e1pido que qualquer lugar no mundo. N\u00f3s da Azul voamos 85% da malha dom\u00e9stica em novembro e vamos fazer mais em dezembro e em janeiro\u201d.<\/p>\n<p>A <strong>Azul<\/strong> opera atualmente 700 voos por dia, informou o presidente ressaltando que as empresas reduziram custos e renegociaram d\u00edvidas para manter as opera\u00e7\u00f5es neste ano. \u201cTemos d\u00edvidas de 2020 que ter\u00e3o que ser pagas e para isso teremos que ser rent\u00e1veis daqui para frente\u201d, disse.<\/p>\n\t<p>\n\t\t<a href=\"https:\/\/lp.suno.com.br\/planilha-de-controle-de-investimentos\/\" target=\"_blank\" data-element=\"shortcode-suno-banner\" title=\"Banner SUNO, clique e saiba mais\">\n\t\t\t<picture>\n\t\t\t\t<source media=\"(max-width: 500px)\" srcset=\"https:\/\/files.sunoresearch.com.br\/n\/uploads\/2023\/03\/400x300-Controle-de-Investimentos.png\">\n\t\t\t\t<img class=\"newsContent__article__imgCapa newsContent__article__imgCapa--banner\"\n\t\t\t\t\tsrc=\"https:\/\/files.sunoresearch.com.br\/n\/uploads\/2023\/03\/1420x240-Controle-de-Investimentos.png\"\n\t\t\t\t\tdata-promo-id=\"75934\"\t\t\t\t\t\t\t\t\t\twidth='1420' height='240'\t\t\t\t\talt=\"https:\/\/files.sunoresearch.com.br\/n\/uploads\/2023\/03\/1420x240-Controle-de-Investimentos.png\"\n\t\t\t\t>\n\t\t\t<\/picture>\n\t\t<\/a>\n\t<\/p>\n\n\n","protected":false},"excerpt":{"rendered":"<p>A Azul (AZUL4) informou, em evento a acionistas nesta quarta-feira (16), que os voos da companhia a\u00e9rea j\u00e1 retornaram a 70% do patamar anterior a crise causada pela pandemia do coronav\u00edrus (covid-19). Azul (AZUL4): voos chegam a 70% do pr\u00e9-pandemia puxados por lazer De acordo com a companhia, o n\u00famero de passagens comercializadas para viagens [&hellip;]<\/p>\n","protected":false},"author":27,"featured_media":106312,"comment_status":"closed","ping_status":"closed","sticky":false,"template":"","format":"standard","meta":[],"categories":[64],"tags":[106932,1594],"suno_strategy":[],"class_list":["post-108616","post","type-post","status-publish","format-standard","has-post-thumbnail","hentry","category-negocios","tag-azul-azul4","tag-companhias-aereas"],"yoast_head":"<!-- This site is optimized with the Yoast SEO plugin v24.4 - https:\/\/yoast.com\/wordpress\/plugins\/seo\/ -->\n<title>Azul (AZUL4): voos chegam a 70% do pr\u00e9-pandemia puxados por lazer<\/title>\n<meta name=\"description\" content=\"De acordo com a companhia a\u00e9rea Azul (AZUL4), demanda do setor comercial caiu, mas procura por lazer vem crescendo. Clique aqui para ler.\" \/>\n<meta name=\"robots\" content=\"index, follow, max-snippet:-1, max-image-preview:large, max-video-preview:-1\" \/>\n<link rel=\"canonical\" href=\"https:\/\/www.suno.com.br\/noticias\/azul-azul4-puxados-por-lazer\/\" \/>\n<meta property=\"og:locale\" content=\"pt_BR\" \/>\n<meta property=\"og:type\" content=\"article\" \/>\n<meta property=\"og:title\" content=\"Azul (AZUL4): voos chegam a 70% do pr\u00e9-pandemia puxados por lazer\" \/>\n<meta property=\"og:description\" content=\"De acordo com a companhia a\u00e9rea Azul (AZUL4), demanda do setor comercial caiu, mas procura por lazer vem crescendo. Clique aqui para ler.\" \/>\n<meta property=\"og:url\" content=\"https:\/\/www.suno.com.br\/noticias\/azul-azul4-puxados-por-lazer\/\" \/>\n<meta property=\"og:site_name\" content=\"Suno Not\u00edcias\" \/>\n<meta property=\"article:publisher\" content=\"https:\/\/facebook.com\/sunoresearch\" \/>\n<meta property=\"og:image\" content=\"https:\/\/files.sunoresearch.com.br\/n\/uploads\/2020\/12\/4a1eaf28-a320neo_azul_31739584755.jpg\" \/>\n\t<meta property=\"og:image:width\" content=\"570\" \/>\n\t<meta property=\"og:image:height\" content=\"380\" \/>\n\t<meta property=\"og:image:type\" content=\"image\/jpeg\" \/>\n<meta name=\"author\" content=\"Vinicius Pereira\" \/>\n<meta name=\"twitter:card\" content=\"summary_large_image\" \/>\n<meta name=\"twitter:creator\" content=\"@https:\/\/twitter.com\/viniciuspjornal\" \/>\n<meta name=\"twitter:site\" content=\"@sunoresearch\" \/>\n<meta name=\"twitter:label1\" content=\"Escrito por\" \/>\n\t<meta name=\"twitter:data1\" content=\"Vinicius Pereira\" \/>\n\t<meta name=\"twitter:label2\" content=\"Est. tempo de leitura\" \/>\n\t<meta name=\"twitter:data2\" content=\"3 minutos\" \/>\n<script type=\"application\/ld+json\" class=\"yoast-schema-graph\">{\"@context\":\"https:\/\/schema.org\",\"@graph\":[{\"@type\":\"NewsArticle\",\"@id\":\"https:\/\/www.suno.com.br\/noticias\/azul-azul4-puxados-por-lazer\/#article\",\"isPartOf\":{\"@id\":\"https:\/\/www.suno.com.br\/noticias\/azul-azul4-puxados-por-lazer\/\"},\"author\":{\"name\":\"Vinicius Pereira\",\"@id\":\"https:\/\/www.suno.com.br\/noticias\/#\/schema\/person\/a20761b96e4df7eb57f1f9e41be1dbf3\"},\"headline\":\"Azul (AZUL4): voos chegam a 70% do pr\u00e9-pandemia puxados por lazer\",\"datePublished\":\"2020-12-16T15:26:44+00:00\",\"dateModified\":\"2021-05-30T23:16:30+00:00\",\"mainEntityOfPage\":{\"@id\":\"https:\/\/www.suno.com.br\/noticias\/azul-azul4-puxados-por-lazer\/\"},\"wordCount\":531,\"publisher\":{\"@id\":\"https:\/\/www.suno.com.br\/noticias\/#organization\"},\"image\":{\"@id\":\"https:\/\/www.suno.com.br\/noticias\/azul-azul4-puxados-por-lazer\/#primaryimage\"},\"thumbnailUrl\":\"https:\/\/files.sunoresearch.com.br\/n\/uploads\/2020\/12\/4a1eaf28-a320neo_azul_31739584755-jpg.webp\",\"keywords\":[\"Azul (AZUL4)\",\"companhias a\u00e9reas\"],\"articleSection\":[\"Neg\u00f3cios\"],\"inLanguage\":\"pt-BR\"},{\"@type\":\"WebPage\",\"@id\":\"https:\/\/www.suno.com.br\/noticias\/azul-azul4-puxados-por-lazer\/\",\"url\":\"https:\/\/www.suno.com.br\/noticias\/azul-azul4-puxados-por-lazer\/\",\"name\":\"Azul (AZUL4): voos chegam a 70% do pr\u00e9-pandemia puxados por lazer\",\"isPartOf\":{\"@id\":\"https:\/\/www.suno.com.br\/noticias\/#website\"},\"primaryImageOfPage\":{\"@id\":\"https:\/\/www.suno.com.br\/noticias\/azul-azul4-puxados-por-lazer\/#primaryimage\"},\"image\":{\"@id\":\"https:\/\/www.suno.com.br\/noticias\/azul-azul4-puxados-por-lazer\/#primaryimage\"},\"thumbnailUrl\":\"https:\/\/files.sunoresearch.com.br\/n\/uploads\/2020\/12\/4a1eaf28-a320neo_azul_31739584755-jpg.webp\",\"datePublished\":\"2020-12-16T15:26:44+00:00\",\"dateModified\":\"2021-05-30T23:16:30+00:00\",\"description\":\"De acordo com a companhia a\u00e9rea Azul (AZUL4), demanda do setor comercial caiu, mas procura por lazer vem crescendo. Clique aqui para ler.\",\"breadcrumb\":{\"@id\":\"https:\/\/www.suno.com.br\/noticias\/azul-azul4-puxados-por-lazer\/#breadcrumb\"},\"inLanguage\":\"pt-BR\",\"potentialAction\":[{\"@type\":\"ReadAction\",\"target\":[\"https:\/\/www.suno.com.br\/noticias\/azul-azul4-puxados-por-lazer\/\"]}]},{\"@type\":\"ImageObject\",\"inLanguage\":\"pt-BR\",\"@id\":\"https:\/\/www.suno.com.br\/noticias\/azul-azul4-puxados-por-lazer\/#primaryimage\",\"url\":\"https:\/\/files.sunoresearch.com.br\/n\/uploads\/2020\/12\/4a1eaf28-a320neo_azul_31739584755-jpg.webp\",\"contentUrl\":\"https:\/\/files.sunoresearch.com.br\/n\/uploads\/2020\/12\/4a1eaf28-a320neo_azul_31739584755-jpg.webp\",\"width\":570,\"height\":380,\"caption\":\"Azul (AZUL4): voos chegam a 70% do pr\u00e9-pandemia puxados por lazer\"},{\"@type\":\"BreadcrumbList\",\"@id\":\"https:\/\/www.suno.com.br\/noticias\/azul-azul4-puxados-por-lazer\/#breadcrumb\",\"itemListElement\":[{\"@type\":\"ListItem\",\"position\":1,\"name\":\"Not\u00edcias\",\"item\":\"https:\/\/www.suno.com.br\/noticias\/\"},{\"@type\":\"ListItem\",\"position\":2,\"name\":\"Neg\u00f3cios\",\"item\":\"https:\/\/www.suno.com.br\/noticias\/negocios\/\"},{\"@type\":\"ListItem\",\"position\":3,\"name\":\"Azul (AZUL4): voos chegam a 70% do pr\u00e9-pandemia puxados por lazer\"}]},{\"@type\":\"WebSite\",\"@id\":\"https:\/\/www.suno.com.br\/noticias\/#website\",\"url\":\"https:\/\/www.suno.com.br\/noticias\/\",\"name\":\"Suno Not\u00edcias\",\"description\":\"Seu portal de informa\u00e7\u00e3o sobre o mundo dos investimentos\",\"publisher\":{\"@id\":\"https:\/\/www.suno.com.br\/noticias\/#organization\"},\"potentialAction\":[{\"@type\":\"SearchAction\",\"target\":{\"@type\":\"EntryPoint\",\"urlTemplate\":\"https:\/\/www.suno.com.br\/noticias\/?s={search_term_string}\"},\"query-input\":{\"@type\":\"PropertyValueSpecification\",\"valueRequired\":true,\"valueName\":\"search_term_string\"}}],\"inLanguage\":\"pt-BR\"},{\"@type\":\"Organization\",\"@id\":\"https:\/\/www.suno.com.br\/noticias\/#organization\",\"name\":\"Suno Not\u00edcias\",\"url\":\"https:\/\/www.suno.com.br\/noticias\/\",\"logo\":{\"@type\":\"ImageObject\",\"inLanguage\":\"pt-BR\",\"@id\":\"https:\/\/www.suno.com.br\/noticias\/#\/schema\/logo\/image\/\",\"url\":\"https:\/\/files.sunoresearch.com.br\/n\/uploads\/2021\/09\/suno-logo.png\",\"contentUrl\":\"https:\/\/files.sunoresearch.com.br\/n\/uploads\/2021\/09\/suno-logo.png\",\"width\":180,\"height\":180,\"caption\":\"Suno Not\u00edcias\"},\"image\":{\"@id\":\"https:\/\/www.suno.com.br\/noticias\/#\/schema\/logo\/image\/\"},\"sameAs\":[\"https:\/\/facebook.com\/sunoresearch\",\"https:\/\/x.com\/sunoresearch\",\"https:\/\/www.instagram.com\/suno\",\"https:\/\/www.linkedin.com\/company\/suno-research\/\",\"https:\/\/www.youtube.com\/c\/sunoresearch\"]},{\"@type\":\"Person\",\"@id\":\"https:\/\/www.suno.com.br\/noticias\/#\/schema\/person\/a20761b96e4df7eb57f1f9e41be1dbf3\",\"name\":\"Vinicius Pereira\",\"image\":{\"@type\":\"ImageObject\",\"inLanguage\":\"pt-BR\",\"@id\":\"https:\/\/www.suno.com.br\/noticias\/#\/schema\/person\/image\/\",\"url\":\"https:\/\/secure.gravatar.com\/avatar\/783866b933198f5cc4c5d03fcc8b1301?s=96&r=g\",\"contentUrl\":\"https:\/\/secure.gravatar.com\/avatar\/783866b933198f5cc4c5d03fcc8b1301?s=96&r=g\",\"caption\":\"Vinicius Pereira\"},\"description\":\"Vinicius Pereira foi rep\u00f3rter de economia da Folha de S.Paulo, stringer do jornal no Canad\u00e1 e colaborador de VEJA. J\u00e1 escreveu tamb\u00e9m para BBC Brasil, The Intercept Brasil e UOL. Tem MBA em Informa\u00e7\u00f5es Econ\u00f4mico-Financeiras e Mercado de Capitais pela FIA\/B3.\",\"sameAs\":[\"https:\/\/x.com\/https:\/\/twitter.com\/viniciuspjornal\"],\"url\":\"https:\/\/www.suno.com.br\/noticias\/author\/vinicius-pereira\/\"}]}<\/script>\n<!-- \/ Yoast SEO plugin. -->","yoast_head_json":{"title":"Azul (AZUL4): voos chegam a 70% do pr\u00e9-pandemia puxados por lazer","description":"De acordo com a companhia a\u00e9rea Azul (AZUL4), demanda do setor comercial caiu, mas procura por lazer vem crescendo. Clique aqui para ler.","robots":{"index":"index","follow":"follow","max-snippet":"max-snippet:-1","max-image-preview":"max-image-preview:large","max-video-preview":"max-video-preview:-1"},"canonical":"https:\/\/www.suno.com.br\/noticias\/azul-azul4-puxados-por-lazer\/","og_locale":"pt_BR","og_type":"article","og_title":"Azul (AZUL4): voos chegam a 70% do pr\u00e9-pandemia puxados por lazer","og_description":"De acordo com a companhia a\u00e9rea Azul (AZUL4), demanda do setor comercial caiu, mas procura por lazer vem crescendo. Clique aqui para ler.","og_url":"https:\/\/www.suno.com.br\/noticias\/azul-azul4-puxados-por-lazer\/","og_site_name":"Suno Not\u00edcias","article_publisher":"https:\/\/facebook.com\/sunoresearch","og_image":[{"width":570,"height":380,"url":"https:\/\/files.sunoresearch.com.br\/n\/uploads\/2020\/12\/4a1eaf28-a320neo_azul_31739584755.jpg","type":"image\/jpeg"}],"author":"Vinicius Pereira","twitter_card":"summary_large_image","twitter_creator":"@https:\/\/twitter.com\/viniciuspjornal","twitter_site":"@sunoresearch","twitter_misc":{"Escrito por":"Vinicius Pereira","Est. tempo de leitura":"3 minutos"},"schema":{"@context":"https:\/\/schema.org","@graph":[{"@type":"NewsArticle","@id":"https:\/\/www.suno.com.br\/noticias\/azul-azul4-puxados-por-lazer\/#article","isPartOf":{"@id":"https:\/\/www.suno.com.br\/noticias\/azul-azul4-puxados-por-lazer\/"},"author":{"name":"Vinicius Pereira","@id":"https:\/\/www.suno.com.br\/noticias\/#\/schema\/person\/a20761b96e4df7eb57f1f9e41be1dbf3"},"headline":"Azul (AZUL4): voos chegam a 70% do pr\u00e9-pandemia puxados por lazer","datePublished":"2020-12-16T15:26:44+00:00","dateModified":"2021-05-30T23:16:30+00:00","mainEntityOfPage":{"@id":"https:\/\/www.suno.com.br\/noticias\/azul-azul4-puxados-por-lazer\/"},"wordCount":531,"publisher":{"@id":"https:\/\/www.suno.com.br\/noticias\/#organization"},"image":{"@id":"https:\/\/www.suno.com.br\/noticias\/azul-azul4-puxados-por-lazer\/#primaryimage"},"thumbnailUrl":"https:\/\/files.sunoresearch.com.br\/n\/uploads\/2020\/12\/4a1eaf28-a320neo_azul_31739584755-jpg.webp","keywords":["Azul (AZUL4)","companhias a\u00e9reas"],"articleSection":["Neg\u00f3cios"],"inLanguage":"pt-BR"},{"@type":"WebPage","@id":"https:\/\/www.suno.com.br\/noticias\/azul-azul4-puxados-por-lazer\/","url":"https:\/\/www.suno.com.br\/noticias\/azul-azul4-puxados-por-lazer\/","name":"Azul (AZUL4): voos chegam a 70% do pr\u00e9-pandemia puxados por lazer","isPartOf":{"@id":"https:\/\/www.suno.com.br\/noticias\/#website"},"primaryImageOfPage":{"@id":"https:\/\/www.suno.com.br\/noticias\/azul-azul4-puxados-por-lazer\/#primaryimage"},"image":{"@id":"https:\/\/www.suno.com.br\/noticias\/azul-azul4-puxados-por-lazer\/#primaryimage"},"thumbnailUrl":"https:\/\/files.sunoresearch.com.br\/n\/uploads\/2020\/12\/4a1eaf28-a320neo_azul_31739584755-jpg.webp","datePublished":"2020-12-16T15:26:44+00:00","dateModified":"2021-05-30T23:16:30+00:00","description":"De acordo com a companhia a\u00e9rea Azul (AZUL4), demanda do setor comercial caiu, mas procura por lazer vem crescendo. Clique aqui para ler.","breadcrumb":{"@id":"https:\/\/www.suno.com.br\/noticias\/azul-azul4-puxados-por-lazer\/#breadcrumb"},"inLanguage":"pt-BR","potentialAction":[{"@type":"ReadAction","target":["https:\/\/www.suno.com.br\/noticias\/azul-azul4-puxados-por-lazer\/"]}]},{"@type":"ImageObject","inLanguage":"pt-BR","@id":"https:\/\/www.suno.com.br\/noticias\/azul-azul4-puxados-por-lazer\/#primaryimage","url":"https:\/\/files.sunoresearch.com.br\/n\/uploads\/2020\/12\/4a1eaf28-a320neo_azul_31739584755-jpg.webp","contentUrl":"https:\/\/files.sunoresearch.com.br\/n\/uploads\/2020\/12\/4a1eaf28-a320neo_azul_31739584755-jpg.webp","width":570,"height":380,"caption":"Azul (AZUL4): voos chegam a 70% do pr\u00e9-pandemia puxados por lazer"},{"@type":"BreadcrumbList","@id":"https:\/\/www.suno.com.br\/noticias\/azul-azul4-puxados-por-lazer\/#breadcrumb","itemListElement":[{"@type":"ListItem","position":1,"name":"Not\u00edcias","item":"https:\/\/www.suno.com.br\/noticias\/"},{"@type":"ListItem","position":2,"name":"Neg\u00f3cios","item":"https:\/\/www.suno.com.br\/noticias\/negocios\/"},{"@type":"ListItem","position":3,"name":"Azul (AZUL4): voos chegam a 70% do pr\u00e9-pandemia puxados por lazer"}]},{"@type":"WebSite","@id":"https:\/\/www.suno.com.br\/noticias\/#website","url":"https:\/\/www.suno.com.br\/noticias\/","name":"Suno Not\u00edcias","description":"Seu portal de informa\u00e7\u00e3o sobre o mundo dos investimentos","publisher":{"@id":"https:\/\/www.suno.com.br\/noticias\/#organization"},"potentialAction":[{"@type":"SearchAction","target":{"@type":"EntryPoint","urlTemplate":"https:\/\/www.suno.com.br\/noticias\/?s={search_term_string}"},"query-input":{"@type":"PropertyValueSpecification","valueRequired":true,"valueName":"search_term_string"}}],"inLanguage":"pt-BR"},{"@type":"Organization","@id":"https:\/\/www.suno.com.br\/noticias\/#organization","name":"Suno Not\u00edcias","url":"https:\/\/www.suno.com.br\/noticias\/","logo":{"@type":"ImageObject","inLanguage":"pt-BR","@id":"https:\/\/www.suno.com.br\/noticias\/#\/schema\/logo\/image\/","url":"https:\/\/files.sunoresearch.com.br\/n\/uploads\/2021\/09\/suno-logo.png","contentUrl":"https:\/\/files.sunoresearch.com.br\/n\/uploads\/2021\/09\/suno-logo.png","width":180,"height":180,"caption":"Suno Not\u00edcias"},"image":{"@id":"https:\/\/www.suno.com.br\/noticias\/#\/schema\/logo\/image\/"},"sameAs":["https:\/\/facebook.com\/sunoresearch","https:\/\/x.com\/sunoresearch","https:\/\/www.instagram.com\/suno","https:\/\/www.linkedin.com\/company\/suno-research\/","https:\/\/www.youtube.com\/c\/sunoresearch"]},{"@type":"Person","@id":"https:\/\/www.suno.com.br\/noticias\/#\/schema\/person\/a20761b96e4df7eb57f1f9e41be1dbf3","name":"Vinicius Pereira","image":{"@type":"ImageObject","inLanguage":"pt-BR","@id":"https:\/\/www.suno.com.br\/noticias\/#\/schema\/person\/image\/","url":"https:\/\/secure.gravatar.com\/avatar\/783866b933198f5cc4c5d03fcc8b1301?s=96&r=g","contentUrl":"https:\/\/secure.gravatar.com\/avatar\/783866b933198f5cc4c5d03fcc8b1301?s=96&r=g","caption":"Vinicius Pereira"},"description":"Vinicius Pereira foi rep\u00f3rter de economia da Folha de S.Paulo, stringer do jornal no Canad\u00e1 e colaborador de VEJA. J\u00e1 escreveu tamb\u00e9m para BBC Brasil, The Intercept Brasil e UOL. Tem MBA em Informa\u00e7\u00f5es Econ\u00f4mico-Financeiras e Mercado de Capitais pela FIA\/B3.","sameAs":["https:\/\/x.com\/https:\/\/twitter.com\/viniciuspjornal"],"url":"https:\/\/www.suno.com.br\/noticias\/author\/vinicius-pereira\/"}]}},"default_loop_html":"<div class=\"cardsPage__listCard__boxs\"><div class=\"cardsPage__listCard__boxs__img\"><a href=\"https:\/\/www.suno.com.br\/noticias\/azul-azul4-puxados-por-lazer\/\"><img class=\"mask\" src=\"https:\/\/www.suno.com.br\/noticias\/wp-content\/themes\/suno\/resources\/images\/spotlight\/spotlight1img\/bg-mask.png\" alt=\"Image Mask\"\/><img src=\"https:\/\/files.sunoresearch.com.br\/n\/uploads\/2020\/12\/4a1eaf28-a320neo_azul_31739584755-400x200.webp\" alt=\"Azul (AZUL4): voos chegam a 70% do pr\u00e9-pandemia puxados por lazer\"\/><\/a><span class=\"spotlightCategory\"><a href=\"https:\/\/www.suno.com.br\/noticias\/negocios\/\">Neg\u00f3cios<\/a><\/span><\/div><div class=\"cardsPage__listCard__boxs__content\"><a href=\"https:\/\/www.suno.com.br\/noticias\/azul-azul4-puxados-por-lazer\/\"><h2 class=\"content__title\">Azul (AZUL4): voos chegam a 70% do pr\u00e9-pandemia puxados por lazer<\/h2><\/a><div class=\"newsContent__article__meta\"><div class=\"newsContent__article__meta__authorBox\"><a href=\"https:\/\/www.suno.com.br\/noticias\/author\/vinicius-pereira\/\" class=\"authorBox__avatar noMobi\"><img src=\"https:\/\/files.sunoresearch.com.br\/n\/uploads\/2020\/08\/77510613-whatsapp-image-2020-08-03-at-13.40.40-150x150.webp\" alt=\"Vinicius Pereira\"><\/a><div class=\"authorBox__name\"><span>por\n\t\t\t<a href=\"https:\/\/www.suno.com.br\/noticias\/author\/vinicius-pereira\/\"><span itemprop=\"author\">Vinicius Pereira<\/span><\/a><\/span><time datetime=\"2020-12-16T12:26:44-03:00\" itemprop=\"datePublished\">16\/12\/2020 12:26<\/time><\/div><\/div><\/div><\/div><\/div>","single_layout":"posts","amp_enabled":true,"_links":{"self":[{"href":"https:\/\/www.suno.com.br\/noticias\/wp-json\/wp\/v2\/posts\/108616"}],"collection":[{"href":"https:\/\/www.suno.com.br\/noticias\/wp-json\/wp\/v2\/posts"}],"about":[{"href":"https:\/\/www.suno.com.br\/noticias\/wp-json\/wp\/v2\/types\/post"}],"author":[{"embeddable":true,"href":"https:\/\/www.suno.com.br\/noticias\/wp-json\/wp\/v2\/users\/27"}],"replies":[{"embeddable":true,"href":"https:\/\/www.suno.com.br\/noticias\/wp-json\/wp\/v2\/comments?post=108616"}],"version-history":[{"count":1,"href":"https:\/\/www.suno.com.br\/noticias\/wp-json\/wp\/v2\/posts\/108616\/revisions"}],"predecessor-version":[{"id":152576,"href":"https:\/\/www.suno.com.br\/noticias\/wp-json\/wp\/v2\/posts\/108616\/revisions\/152576"}],"wp:featuredmedia":[{"embeddable":true,"href":"https:\/\/www.suno.com.br\/noticias\/wp-json\/wp\/v2\/media\/106312"}],"wp:attachment":[{"href":"https:\/\/www.suno.com.br\/noticias\/wp-json\/wp\/v2\/media?parent=108616"}],"wp:term":[{"taxonomy":"category","embeddable":true,"href":"https:\/\/www.suno.com.br\/noticias\/wp-json\/wp\/v2\/categories?post=108616"},{"taxonomy":"post_tag","embeddable":true,"href":"https:\/\/www.suno.com.br\/noticias\/wp-json\/wp\/v2\/tags?post=108616"},{"taxonomy":"suno_strategy","embeddable":true,"href":"https:\/\/www.suno.com.br\/noticias\/wp-json\/wp\/v2\/suno_strategy?post=108616"}],"curies":[{"name":"wp","href":"https:\/\/api.w.org\/{rel}","templated":true}]}}