{"id":108475,"date":"2020-12-15T21:08:16","date_gmt":"2020-12-16T00:08:16","guid":{"rendered":"https:\/\/www.suno.com.br\/noticias\/?p=108475"},"modified":"2020-12-15T21:08:16","modified_gmt":"2020-12-16T00:08:16","slug":"plp-101-camara-aprova-renegociacao-divida-estados","status":"publish","type":"post","link":"https:\/\/www.suno.com.br\/noticias\/plp-101-camara-aprova-renegociacao-divida-estados\/","title":{"rendered":"PLP 101: C\u00e2mara aprova texto-base de renegocia\u00e7\u00e3o da d\u00edvida de estados"},"content":{"rendered":"<p>O texto-base do Projeto de Lei Complementar 101\/2020 (<strong>PLP 101<\/strong>), de renegocia\u00e7\u00e3o das d\u00edvidas dos Estados e que amplia a possibilidade de cr\u00e9dito com aval do Tesouro Nacional, foi aprovado nesta ter\u00e7a-feira (15) na C\u00e2mara dos Deputados por 381 votos a 57.<\/p>\t<div class=\"wrapper-featured-image\">\n\t\t<figure class=\"spotlightImg\">\n\n\t\t\t<picture>\n\t\t\t\t<source media=\"(max-width: 768px)\" srcset=\"https:\/\/files.sunoresearch.com.br\/n\/uploads\/2020\/12\/dfb515c0-camara-400x200.webp\">\n\t\t\t\t<img loading=\"lazy\" decoding=\"async\" class=\"newsContent__article__imgCapa lazyloadDisabled \" src=\"https:\/\/files.sunoresearch.com.br\/n\/uploads\/2020\/12\/dfb515c0-camara-jpg.webp\" width=\"800\" height=\"450\" alt=\"PLP 101: C\u00e2mara aprova texto-base de renegocia\u00e7\u00e3o da d\u00edvida de estados\" fetchpriority=high \/>\n\t\t\t<\/picture>\n\n\t\t\t<figcaption class=\"wp-caption-text wp-caption-text--show\">PLP 101: C\u00e2mara aprova texto-base de renegocia\u00e7\u00e3o da d\u00edvida de estados<\/figcaption>\n\t\t<\/figure>\n\t<\/div>\n\n\n\t<p>\n\t\t<a href=\"https:\/\/lp.suno.com.br\/planilha-controle-gastos\/\" target=\"_blank\" data-element=\"shortcode-suno-banner\" title=\"Banner SUNO, clique e saiba mais\">\n\t\t\t<picture>\n\t\t\t\t<source media=\"(max-width: 500px)\" srcset=\"https:\/\/files.sunoresearch.com.br\/n\/uploads\/2023\/03\/400x300-Planilha-controle-de-gastos.png\">\n\t\t\t\t<img class=\"newsContent__article__imgCapa newsContent__article__imgCapa--banner\"\n\t\t\t\t\tsrc=\"https:\/\/files.sunoresearch.com.br\/n\/uploads\/2023\/03\/1420x240-Planilha-controle-de-gastos.png\"\n\t\t\t\t\tdata-promo-id=\"101751\"\t\t\t\t\t\t\t\t\t\twidth='1420' height='240'\t\t\t\t\talt=\"https:\/\/files.sunoresearch.com.br\/n\/uploads\/2023\/03\/1420x240-Planilha-controle-de-gastos.png\"\n\t\t\t\t>\n\t\t\t<\/picture>\n\t\t<\/a>\n\t<\/p>\n\n\n<p>Com a aprova\u00e7\u00e3o do PLP 101 a C\u00e2mara agora deve analisar destaques apresentados pelos partidos que podem mudar o teor da proposta.<\/p>\n<p>Vale destacar que o Projeto de Lei Complementar 101 foi relatado pelo deputado Mauro Benevides Filho (PDT-CE), que aceitou 14 emendas que foram propostas por parlamentares em seu relat\u00f3rio final.<\/p>\n<p><a href=\"https:\/\/lp.suno.com.br\/suno-one\/\"> Suno One: acesse gratuitamente eBooks, Minicursos, Artigos e Video Aulas sobre investimentos com um \u00fanico cadastro. Clique para saber mais!<\/a><\/p>\n<p>A proposta come\u00e7ou a tramitar como o antigo <strong>Plano Mansueto, <\/strong>refer\u00eancia ao ex-secret\u00e1rio do Tesouro Nacional, <a href=\"https:\/\/www.suno.com.br\/tudo-sobre\/mansueto-almeida\/\"><strong>Mansueto Almeida<\/strong><\/a> que deixou o governo Jair Bolsonaro neste ano. Depois, foi apresentada como proposta de autoria do deputado Pedro Paulo (DEM-RJ).<\/p>\n<p>O texto reabre o prazo para ades\u00e3o ao plano de\u00a0 renegocia\u00e7\u00e3o das d\u00edvidas dos Estados e amplia o per\u00edodo para pagamento, sem que isso se caracterize como despesa or\u00e7ament\u00e1ria ou ren\u00fancia de receita.<\/p>\n<p>Al\u00e9m disso, permite a renegocia\u00e7\u00e3o pela Uni\u00e3o de d\u00e9bitos n\u00e3o pagos pelos Estados devido \u00e0 decis\u00f5es judiciais e refinanciamento de d\u00edvidas municipais e autoriza o governo federal a pagar as presta\u00e7\u00f5es de d\u00edvidas estaduais com organismos multilaterais de cr\u00e9dito.<\/p>\n\t<p>\n\t\t<a href=\"https:\/\/lp.suno.com.br\/planilha-da-vida-financeira\/\" target=\"_blank\" data-element=\"shortcode-suno-banner\" title=\"Banner SUNO, clique e saiba mais\">\n\t\t\t<picture>\n\t\t\t\t<source media=\"(max-width: 500px)\" srcset=\"https:\/\/files.sunoresearch.com.br\/n\/uploads\/2023\/04\/400x300-Planilha-vida-financeira-true.png\">\n\t\t\t\t<img class=\"newsContent__article__imgCapa newsContent__article__imgCapa--banner\"\n\t\t\t\t\tsrc=\"https:\/\/files.sunoresearch.com.br\/n\/uploads\/2023\/04\/1420x240-Planilha-vida-financeira-true.png\"\n\t\t\t\t\tdata-promo-id=\"106682\"\t\t\t\t\t\t\t\t\t\twidth='1420' height='240'\t\t\t\t\talt=\"https:\/\/files.sunoresearch.com.br\/n\/uploads\/2023\/04\/1420x240-Planilha-vida-financeira-true.png\"\n\t\t\t\t>\n\t\t\t<\/picture>\n\t\t<\/a>\n\t<\/p>\n\n\n<p>Os 18 Estados que aderiram ao refinanciamento de 2017 poder\u00e3o incorporar presta\u00e7\u00f5es n\u00e3o pagas no novo plano.<\/p>\n<p>Ademais, o projeto ainda aumenta para at\u00e9 9 anos a perman\u00eancia dos Estados no Regime de Recupera\u00e7\u00e3o Fiscal (RRF), ante 6 atualmente. No entanto, para ingressarem no regime, os Estados devem cumprir algumas medidas como:<\/p>\n<ul>\n<li>A autoriza\u00e7\u00e3o de privatiza\u00e7\u00e3o de empresas, com utiliza\u00e7\u00e3o dos recursos para quita\u00e7\u00e3o de passivos<\/li>\n<li>A ado\u00e7\u00e3o pelo Regime Pr\u00f3prio de Previd\u00eancia Social mantido pelo Estado das regras previdenci\u00e1rias<\/li>\n<li>A redu\u00e7\u00e3o dos incentivos ou benef\u00edcios de natureza tribut\u00e1ria dos quais decorram ren\u00fancias de receitas institu\u00eddos por lei estadual ou distrital, de, no m\u00ednimo, 10% a.a.<\/li>\n<li>Revis\u00e3o do regime jur\u00eddico \u00fanico dos servidores estaduais da administra\u00e7\u00e3o p\u00fablica direta, aut\u00e1rquica e fundacional para suprimir benef\u00edcios ou vantagens n\u00e3o previstos no regime jur\u00eddico \u00fanico dos servidores p\u00fablicos da Uni\u00e3o<\/li>\n<li>A institui\u00e7\u00e3o, se cab\u00edvel, do regime de previd\u00eancia complementar<\/li>\n<li>A proibi\u00e7\u00e3o de realizar saques em contas de dep\u00f3sitos judiciais,\u00a0 enquanto n\u00e3o houver a recomposi\u00e7\u00e3o do saldo m\u00ednimo do fundo de reserva, de modo a assegurar o exato cumprimento do disposto na referida Lei Complementar<\/li>\n<li>Autoriza\u00e7\u00e3o para realizar leil\u00f5es de pagamento, nos quais ser\u00e1 adotado o crit\u00e9rio de julgamento por maior desconto, para fins de prioridade na quita\u00e7\u00e3o de obriga\u00e7\u00f5es inscritas em restos a pagar ou inadimplidas, de acordo com o <strong>PLP 101<\/strong>.<\/li>\n<\/ul>\n<p><em>Com informa\u00e7\u00f5es do Estad\u00e3o Conte\u00fado.<\/em><\/p>\n\t<p>\n\t\t<a href=\"https:\/\/lp.suno.com.br\/planilha-de-controle-de-investimentos\/\" target=\"_blank\" data-element=\"shortcode-suno-banner\" title=\"Banner SUNO, clique e saiba mais\">\n\t\t\t<picture>\n\t\t\t\t<source media=\"(max-width: 500px)\" srcset=\"https:\/\/files.sunoresearch.com.br\/n\/uploads\/2023\/03\/400x300-Controle-de-Investimentos.png\">\n\t\t\t\t<img class=\"newsContent__article__imgCapa newsContent__article__imgCapa--banner\"\n\t\t\t\t\tsrc=\"https:\/\/files.sunoresearch.com.br\/n\/uploads\/2023\/03\/1420x240-Controle-de-Investimentos.png\"\n\t\t\t\t\tdata-promo-id=\"75934\"\t\t\t\t\t\t\t\t\t\twidth='1420' height='240'\t\t\t\t\talt=\"https:\/\/files.sunoresearch.com.br\/n\/uploads\/2023\/03\/1420x240-Controle-de-Investimentos.png\"\n\t\t\t\t>\n\t\t\t<\/picture>\n\t\t<\/a>\n\t<\/p>\n\n\n","protected":false},"excerpt":{"rendered":"<p>O texto-base do Projeto de Lei Complementar 101\/2020 (PLP 101), de renegocia\u00e7\u00e3o das d\u00edvidas dos Estados e que amplia a possibilidade de cr\u00e9dito com aval do Tesouro Nacional, foi aprovado nesta ter\u00e7a-feira (15) na C\u00e2mara dos Deputados por 381 votos a 57. PLP 101: C\u00e2mara aprova texto-base de renegocia\u00e7\u00e3o da d\u00edvida de estados Com a [&hellip;]<\/p>\n","protected":false},"author":39,"featured_media":108489,"comment_status":"closed","ping_status":"closed","sticky":false,"template":"","format":"standard","meta":[],"categories":[62,61],"tags":[938],"suno_strategy":[],"class_list":["post-108475","post","type-post","status-publish","format-standard","has-post-thumbnail","hentry","category-economia","category-politica","tag-camara-dos-deputados"],"yoast_head":"<!-- This site is optimized with the Yoast SEO plugin v24.4 - https:\/\/yoast.com\/wordpress\/plugins\/seo\/ -->\n<title>PLP 101: C\u00e2mara aprova texto-base de renegocia\u00e7\u00e3o da d\u00edvida de estados<\/title>\n<meta name=\"description\" content=\"O texto-base do PLP 101, de renegocia\u00e7\u00e3o das d\u00edvidas dos Estados foi aprovado na C\u00e2mara dos Deputados. Clique aqui e saiba mais.\" \/>\n<meta name=\"robots\" content=\"index, follow, max-snippet:-1, max-image-preview:large, max-video-preview:-1\" \/>\n<link rel=\"canonical\" href=\"https:\/\/www.suno.com.br\/noticias\/plp-101-camara-aprova-renegociacao-divida-estados\/\" \/>\n<meta property=\"og:locale\" content=\"pt_BR\" \/>\n<meta property=\"og:type\" content=\"article\" \/>\n<meta property=\"og:title\" content=\"PLP 101: C\u00e2mara aprova texto-base de renegocia\u00e7\u00e3o da d\u00edvida de estados\" \/>\n<meta property=\"og:description\" content=\"O texto-base do PLP 101, de renegocia\u00e7\u00e3o das d\u00edvidas dos Estados foi aprovado na C\u00e2mara dos Deputados. Clique aqui e saiba mais.\" \/>\n<meta property=\"og:url\" content=\"https:\/\/www.suno.com.br\/noticias\/plp-101-camara-aprova-renegociacao-divida-estados\/\" \/>\n<meta property=\"og:site_name\" content=\"Suno Not\u00edcias\" \/>\n<meta property=\"article:publisher\" content=\"https:\/\/facebook.com\/sunoresearch\" \/>\n<meta property=\"og:image\" content=\"https:\/\/files.sunoresearch.com.br\/n\/uploads\/2020\/12\/dfb515c0-camara.jpg\" \/>\n\t<meta property=\"og:image:width\" content=\"800\" \/>\n\t<meta property=\"og:image:height\" content=\"450\" \/>\n\t<meta property=\"og:image:type\" content=\"image\/jpeg\" \/>\n<meta name=\"author\" content=\"Laura Moutinho\" \/>\n<meta name=\"twitter:card\" content=\"summary_large_image\" \/>\n<meta name=\"twitter:creator\" content=\"@sunoresearch\" \/>\n<meta name=\"twitter:site\" content=\"@sunoresearch\" \/>\n<meta name=\"twitter:label1\" content=\"Escrito por\" \/>\n\t<meta name=\"twitter:data1\" content=\"Laura Moutinho\" \/>\n\t<meta name=\"twitter:label2\" content=\"Est. tempo de leitura\" \/>\n\t<meta name=\"twitter:data2\" content=\"3 minutos\" \/>\n<script type=\"application\/ld+json\" class=\"yoast-schema-graph\">{\"@context\":\"https:\/\/schema.org\",\"@graph\":[{\"@type\":\"NewsArticle\",\"@id\":\"https:\/\/www.suno.com.br\/noticias\/plp-101-camara-aprova-renegociacao-divida-estados\/#article\",\"isPartOf\":{\"@id\":\"https:\/\/www.suno.com.br\/noticias\/plp-101-camara-aprova-renegociacao-divida-estados\/\"},\"author\":{\"name\":\"Laura Moutinho\",\"@id\":\"https:\/\/www.suno.com.br\/noticias\/#\/schema\/person\/3df0d2808748b74496efe5dbeaef2c72\"},\"headline\":\"PLP 101: C\u00e2mara aprova texto-base de renegocia\u00e7\u00e3o da d\u00edvida de estados\",\"datePublished\":\"2020-12-16T00:08:16+00:00\",\"mainEntityOfPage\":{\"@id\":\"https:\/\/www.suno.com.br\/noticias\/plp-101-camara-aprova-renegociacao-divida-estados\/\"},\"wordCount\":529,\"publisher\":{\"@id\":\"https:\/\/www.suno.com.br\/noticias\/#organization\"},\"image\":{\"@id\":\"https:\/\/www.suno.com.br\/noticias\/plp-101-camara-aprova-renegociacao-divida-estados\/#primaryimage\"},\"thumbnailUrl\":\"https:\/\/files.sunoresearch.com.br\/n\/uploads\/2020\/12\/dfb515c0-camara-jpg.webp\",\"keywords\":[\"C\u00e2mara dos Deputados\"],\"articleSection\":[\"Economia\",\"Pol\u00edtica\"],\"inLanguage\":\"pt-BR\"},{\"@type\":\"WebPage\",\"@id\":\"https:\/\/www.suno.com.br\/noticias\/plp-101-camara-aprova-renegociacao-divida-estados\/\",\"url\":\"https:\/\/www.suno.com.br\/noticias\/plp-101-camara-aprova-renegociacao-divida-estados\/\",\"name\":\"PLP 101: C\u00e2mara aprova texto-base de renegocia\u00e7\u00e3o da d\u00edvida de estados\",\"isPartOf\":{\"@id\":\"https:\/\/www.suno.com.br\/noticias\/#website\"},\"primaryImageOfPage\":{\"@id\":\"https:\/\/www.suno.com.br\/noticias\/plp-101-camara-aprova-renegociacao-divida-estados\/#primaryimage\"},\"image\":{\"@id\":\"https:\/\/www.suno.com.br\/noticias\/plp-101-camara-aprova-renegociacao-divida-estados\/#primaryimage\"},\"thumbnailUrl\":\"https:\/\/files.sunoresearch.com.br\/n\/uploads\/2020\/12\/dfb515c0-camara-jpg.webp\",\"datePublished\":\"2020-12-16T00:08:16+00:00\",\"description\":\"O texto-base do PLP 101, de renegocia\u00e7\u00e3o das d\u00edvidas dos Estados foi aprovado na C\u00e2mara dos Deputados. Clique aqui e saiba mais.\",\"breadcrumb\":{\"@id\":\"https:\/\/www.suno.com.br\/noticias\/plp-101-camara-aprova-renegociacao-divida-estados\/#breadcrumb\"},\"inLanguage\":\"pt-BR\",\"potentialAction\":[{\"@type\":\"ReadAction\",\"target\":[\"https:\/\/www.suno.com.br\/noticias\/plp-101-camara-aprova-renegociacao-divida-estados\/\"]}]},{\"@type\":\"ImageObject\",\"inLanguage\":\"pt-BR\",\"@id\":\"https:\/\/www.suno.com.br\/noticias\/plp-101-camara-aprova-renegociacao-divida-estados\/#primaryimage\",\"url\":\"https:\/\/files.sunoresearch.com.br\/n\/uploads\/2020\/12\/dfb515c0-camara-jpg.webp\",\"contentUrl\":\"https:\/\/files.sunoresearch.com.br\/n\/uploads\/2020\/12\/dfb515c0-camara-jpg.webp\",\"width\":800,\"height\":450,\"caption\":\"PLP 101: C\u00e2mara aprova texto-base de renegocia\u00e7\u00e3o da d\u00edvida de estados\"},{\"@type\":\"BreadcrumbList\",\"@id\":\"https:\/\/www.suno.com.br\/noticias\/plp-101-camara-aprova-renegociacao-divida-estados\/#breadcrumb\",\"itemListElement\":[{\"@type\":\"ListItem\",\"position\":1,\"name\":\"Not\u00edcias\",\"item\":\"https:\/\/www.suno.com.br\/noticias\/\"},{\"@type\":\"ListItem\",\"position\":2,\"name\":\"Economia\",\"item\":\"https:\/\/www.suno.com.br\/noticias\/economia\/\"},{\"@type\":\"ListItem\",\"position\":3,\"name\":\"PLP 101: C\u00e2mara aprova texto-base de renegocia\u00e7\u00e3o da d\u00edvida de estados\"}]},{\"@type\":\"WebSite\",\"@id\":\"https:\/\/www.suno.com.br\/noticias\/#website\",\"url\":\"https:\/\/www.suno.com.br\/noticias\/\",\"name\":\"Suno Not\u00edcias\",\"description\":\"Seu portal de informa\u00e7\u00e3o sobre o mundo dos investimentos\",\"publisher\":{\"@id\":\"https:\/\/www.suno.com.br\/noticias\/#organization\"},\"potentialAction\":[{\"@type\":\"SearchAction\",\"target\":{\"@type\":\"EntryPoint\",\"urlTemplate\":\"https:\/\/www.suno.com.br\/noticias\/?s={search_term_string}\"},\"query-input\":{\"@type\":\"PropertyValueSpecification\",\"valueRequired\":true,\"valueName\":\"search_term_string\"}}],\"inLanguage\":\"pt-BR\"},{\"@type\":\"Organization\",\"@id\":\"https:\/\/www.suno.com.br\/noticias\/#organization\",\"name\":\"Suno Not\u00edcias\",\"url\":\"https:\/\/www.suno.com.br\/noticias\/\",\"logo\":{\"@type\":\"ImageObject\",\"inLanguage\":\"pt-BR\",\"@id\":\"https:\/\/www.suno.com.br\/noticias\/#\/schema\/logo\/image\/\",\"url\":\"https:\/\/files.sunoresearch.com.br\/n\/uploads\/2021\/09\/suno-logo.png\",\"contentUrl\":\"https:\/\/files.sunoresearch.com.br\/n\/uploads\/2021\/09\/suno-logo.png\",\"width\":180,\"height\":180,\"caption\":\"Suno Not\u00edcias\"},\"image\":{\"@id\":\"https:\/\/www.suno.com.br\/noticias\/#\/schema\/logo\/image\/\"},\"sameAs\":[\"https:\/\/facebook.com\/sunoresearch\",\"https:\/\/x.com\/sunoresearch\",\"https:\/\/www.instagram.com\/suno\",\"https:\/\/www.linkedin.com\/company\/suno-research\/\",\"https:\/\/www.youtube.com\/c\/sunoresearch\"]},{\"@type\":\"Person\",\"@id\":\"https:\/\/www.suno.com.br\/noticias\/#\/schema\/person\/3df0d2808748b74496efe5dbeaef2c72\",\"name\":\"Laura Moutinho\",\"image\":{\"@type\":\"ImageObject\",\"inLanguage\":\"pt-BR\",\"@id\":\"https:\/\/www.suno.com.br\/noticias\/#\/schema\/person\/image\/\",\"url\":\"https:\/\/secure.gravatar.com\/avatar\/7571c7c8ca3a6fca5e41384ece5557ff?s=96&r=g\",\"contentUrl\":\"https:\/\/secure.gravatar.com\/avatar\/7571c7c8ca3a6fca5e41384ece5557ff?s=96&r=g\",\"caption\":\"Laura Moutinho\"},\"description\":\"Estagi\u00e1ria na Suno Not\u00edcias, escreve not\u00edcias que afetam o mercado financeiro. Estuda administra\u00e7\u00e3o na Universidade Presbiteriana Mackenzie.\",\"url\":\"https:\/\/www.suno.com.br\/noticias\/author\/laura-moutinho\/\"}]}<\/script>\n<!-- \/ Yoast SEO plugin. -->","yoast_head_json":{"title":"PLP 101: C\u00e2mara aprova texto-base de renegocia\u00e7\u00e3o da d\u00edvida de estados","description":"O texto-base do PLP 101, de renegocia\u00e7\u00e3o das d\u00edvidas dos Estados foi aprovado na C\u00e2mara dos Deputados. Clique aqui e saiba mais.","robots":{"index":"index","follow":"follow","max-snippet":"max-snippet:-1","max-image-preview":"max-image-preview:large","max-video-preview":"max-video-preview:-1"},"canonical":"https:\/\/www.suno.com.br\/noticias\/plp-101-camara-aprova-renegociacao-divida-estados\/","og_locale":"pt_BR","og_type":"article","og_title":"PLP 101: C\u00e2mara aprova texto-base de renegocia\u00e7\u00e3o da d\u00edvida de estados","og_description":"O texto-base do PLP 101, de renegocia\u00e7\u00e3o das d\u00edvidas dos Estados foi aprovado na C\u00e2mara dos Deputados. Clique aqui e saiba mais.","og_url":"https:\/\/www.suno.com.br\/noticias\/plp-101-camara-aprova-renegociacao-divida-estados\/","og_site_name":"Suno Not\u00edcias","article_publisher":"https:\/\/facebook.com\/sunoresearch","og_image":[{"width":800,"height":450,"url":"https:\/\/files.sunoresearch.com.br\/n\/uploads\/2020\/12\/dfb515c0-camara.jpg","type":"image\/jpeg"}],"author":"Laura Moutinho","twitter_card":"summary_large_image","twitter_creator":"@sunoresearch","twitter_site":"@sunoresearch","twitter_misc":{"Escrito por":"Laura Moutinho","Est. tempo de leitura":"3 minutos"},"schema":{"@context":"https:\/\/schema.org","@graph":[{"@type":"NewsArticle","@id":"https:\/\/www.suno.com.br\/noticias\/plp-101-camara-aprova-renegociacao-divida-estados\/#article","isPartOf":{"@id":"https:\/\/www.suno.com.br\/noticias\/plp-101-camara-aprova-renegociacao-divida-estados\/"},"author":{"name":"Laura Moutinho","@id":"https:\/\/www.suno.com.br\/noticias\/#\/schema\/person\/3df0d2808748b74496efe5dbeaef2c72"},"headline":"PLP 101: C\u00e2mara aprova texto-base de renegocia\u00e7\u00e3o da d\u00edvida de estados","datePublished":"2020-12-16T00:08:16+00:00","mainEntityOfPage":{"@id":"https:\/\/www.suno.com.br\/noticias\/plp-101-camara-aprova-renegociacao-divida-estados\/"},"wordCount":529,"publisher":{"@id":"https:\/\/www.suno.com.br\/noticias\/#organization"},"image":{"@id":"https:\/\/www.suno.com.br\/noticias\/plp-101-camara-aprova-renegociacao-divida-estados\/#primaryimage"},"thumbnailUrl":"https:\/\/files.sunoresearch.com.br\/n\/uploads\/2020\/12\/dfb515c0-camara-jpg.webp","keywords":["C\u00e2mara dos Deputados"],"articleSection":["Economia","Pol\u00edtica"],"inLanguage":"pt-BR"},{"@type":"WebPage","@id":"https:\/\/www.suno.com.br\/noticias\/plp-101-camara-aprova-renegociacao-divida-estados\/","url":"https:\/\/www.suno.com.br\/noticias\/plp-101-camara-aprova-renegociacao-divida-estados\/","name":"PLP 101: C\u00e2mara aprova texto-base de renegocia\u00e7\u00e3o da d\u00edvida de estados","isPartOf":{"@id":"https:\/\/www.suno.com.br\/noticias\/#website"},"primaryImageOfPage":{"@id":"https:\/\/www.suno.com.br\/noticias\/plp-101-camara-aprova-renegociacao-divida-estados\/#primaryimage"},"image":{"@id":"https:\/\/www.suno.com.br\/noticias\/plp-101-camara-aprova-renegociacao-divida-estados\/#primaryimage"},"thumbnailUrl":"https:\/\/files.sunoresearch.com.br\/n\/uploads\/2020\/12\/dfb515c0-camara-jpg.webp","datePublished":"2020-12-16T00:08:16+00:00","description":"O texto-base do PLP 101, de renegocia\u00e7\u00e3o das d\u00edvidas dos Estados foi aprovado na C\u00e2mara dos Deputados. Clique aqui e saiba mais.","breadcrumb":{"@id":"https:\/\/www.suno.com.br\/noticias\/plp-101-camara-aprova-renegociacao-divida-estados\/#breadcrumb"},"inLanguage":"pt-BR","potentialAction":[{"@type":"ReadAction","target":["https:\/\/www.suno.com.br\/noticias\/plp-101-camara-aprova-renegociacao-divida-estados\/"]}]},{"@type":"ImageObject","inLanguage":"pt-BR","@id":"https:\/\/www.suno.com.br\/noticias\/plp-101-camara-aprova-renegociacao-divida-estados\/#primaryimage","url":"https:\/\/files.sunoresearch.com.br\/n\/uploads\/2020\/12\/dfb515c0-camara-jpg.webp","contentUrl":"https:\/\/files.sunoresearch.com.br\/n\/uploads\/2020\/12\/dfb515c0-camara-jpg.webp","width":800,"height":450,"caption":"PLP 101: C\u00e2mara aprova texto-base de renegocia\u00e7\u00e3o da d\u00edvida de estados"},{"@type":"BreadcrumbList","@id":"https:\/\/www.suno.com.br\/noticias\/plp-101-camara-aprova-renegociacao-divida-estados\/#breadcrumb","itemListElement":[{"@type":"ListItem","position":1,"name":"Not\u00edcias","item":"https:\/\/www.suno.com.br\/noticias\/"},{"@type":"ListItem","position":2,"name":"Economia","item":"https:\/\/www.suno.com.br\/noticias\/economia\/"},{"@type":"ListItem","position":3,"name":"PLP 101: C\u00e2mara aprova texto-base de renegocia\u00e7\u00e3o da d\u00edvida de estados"}]},{"@type":"WebSite","@id":"https:\/\/www.suno.com.br\/noticias\/#website","url":"https:\/\/www.suno.com.br\/noticias\/","name":"Suno Not\u00edcias","description":"Seu portal de informa\u00e7\u00e3o sobre o mundo dos investimentos","publisher":{"@id":"https:\/\/www.suno.com.br\/noticias\/#organization"},"potentialAction":[{"@type":"SearchAction","target":{"@type":"EntryPoint","urlTemplate":"https:\/\/www.suno.com.br\/noticias\/?s={search_term_string}"},"query-input":{"@type":"PropertyValueSpecification","valueRequired":true,"valueName":"search_term_string"}}],"inLanguage":"pt-BR"},{"@type":"Organization","@id":"https:\/\/www.suno.com.br\/noticias\/#organization","name":"Suno Not\u00edcias","url":"https:\/\/www.suno.com.br\/noticias\/","logo":{"@type":"ImageObject","inLanguage":"pt-BR","@id":"https:\/\/www.suno.com.br\/noticias\/#\/schema\/logo\/image\/","url":"https:\/\/files.sunoresearch.com.br\/n\/uploads\/2021\/09\/suno-logo.png","contentUrl":"https:\/\/files.sunoresearch.com.br\/n\/uploads\/2021\/09\/suno-logo.png","width":180,"height":180,"caption":"Suno Not\u00edcias"},"image":{"@id":"https:\/\/www.suno.com.br\/noticias\/#\/schema\/logo\/image\/"},"sameAs":["https:\/\/facebook.com\/sunoresearch","https:\/\/x.com\/sunoresearch","https:\/\/www.instagram.com\/suno","https:\/\/www.linkedin.com\/company\/suno-research\/","https:\/\/www.youtube.com\/c\/sunoresearch"]},{"@type":"Person","@id":"https:\/\/www.suno.com.br\/noticias\/#\/schema\/person\/3df0d2808748b74496efe5dbeaef2c72","name":"Laura Moutinho","image":{"@type":"ImageObject","inLanguage":"pt-BR","@id":"https:\/\/www.suno.com.br\/noticias\/#\/schema\/person\/image\/","url":"https:\/\/secure.gravatar.com\/avatar\/7571c7c8ca3a6fca5e41384ece5557ff?s=96&r=g","contentUrl":"https:\/\/secure.gravatar.com\/avatar\/7571c7c8ca3a6fca5e41384ece5557ff?s=96&r=g","caption":"Laura Moutinho"},"description":"Estagi\u00e1ria na Suno Not\u00edcias, escreve not\u00edcias que afetam o mercado financeiro. Estuda administra\u00e7\u00e3o na Universidade Presbiteriana Mackenzie.","url":"https:\/\/www.suno.com.br\/noticias\/author\/laura-moutinho\/"}]}},"default_loop_html":"<div class=\"cardsPage__listCard__boxs\"><div class=\"cardsPage__listCard__boxs__img\"><a href=\"https:\/\/www.suno.com.br\/noticias\/plp-101-camara-aprova-renegociacao-divida-estados\/\"><img class=\"mask\" src=\"https:\/\/www.suno.com.br\/noticias\/wp-content\/themes\/suno\/resources\/images\/spotlight\/spotlight1img\/bg-mask.png\" alt=\"Image Mask\"\/><img src=\"https:\/\/files.sunoresearch.com.br\/n\/uploads\/2020\/12\/dfb515c0-camara-400x200.webp\" alt=\"PLP 101: C\u00e2mara aprova texto-base de renegocia\u00e7\u00e3o da d\u00edvida de estados\"\/><\/a><span class=\"spotlightCategory\"><a href=\"https:\/\/www.suno.com.br\/noticias\/economia\/\">Economia<\/a><\/span><\/div><div class=\"cardsPage__listCard__boxs__content\"><a href=\"https:\/\/www.suno.com.br\/noticias\/plp-101-camara-aprova-renegociacao-divida-estados\/\"><h2 class=\"content__title\">PLP 101: C\u00e2mara aprova texto-base de renegocia\u00e7\u00e3o da d\u00edvida de estados<\/h2><\/a><div class=\"newsContent__article__meta\"><div class=\"newsContent__article__meta__authorBox\"><a href=\"https:\/\/www.suno.com.br\/noticias\/author\/laura-moutinho\/\" class=\"authorBox__avatar noMobi\"><img src=\"https:\/\/files.sunoresearch.com.br\/n\/uploads\/2020\/08\/531ff69d-whatsapp-image-2020-08-03-at-14.54.38-150x150.webp\" alt=\"Laura Moutinho\"><\/a><div class=\"authorBox__name\"><span>por\n\t\t\t<a href=\"https:\/\/www.suno.com.br\/noticias\/author\/laura-moutinho\/\"><span itemprop=\"author\">Laura Moutinho<\/span><\/a><\/span><time datetime=\"2020-12-15T21:08:16-03:00\" itemprop=\"datePublished\">15\/12\/2020 21:08<\/time><\/div><\/div><\/div><\/div><\/div>","single_layout":"posts","amp_enabled":true,"_links":{"self":[{"href":"https:\/\/www.suno.com.br\/noticias\/wp-json\/wp\/v2\/posts\/108475"}],"collection":[{"href":"https:\/\/www.suno.com.br\/noticias\/wp-json\/wp\/v2\/posts"}],"about":[{"href":"https:\/\/www.suno.com.br\/noticias\/wp-json\/wp\/v2\/types\/post"}],"author":[{"embeddable":true,"href":"https:\/\/www.suno.com.br\/noticias\/wp-json\/wp\/v2\/users\/39"}],"replies":[{"embeddable":true,"href":"https:\/\/www.suno.com.br\/noticias\/wp-json\/wp\/v2\/comments?post=108475"}],"version-history":[{"count":0,"href":"https:\/\/www.suno.com.br\/noticias\/wp-json\/wp\/v2\/posts\/108475\/revisions"}],"wp:featuredmedia":[{"embeddable":true,"href":"https:\/\/www.suno.com.br\/noticias\/wp-json\/wp\/v2\/media\/108489"}],"wp:attachment":[{"href":"https:\/\/www.suno.com.br\/noticias\/wp-json\/wp\/v2\/media?parent=108475"}],"wp:term":[{"taxonomy":"category","embeddable":true,"href":"https:\/\/www.suno.com.br\/noticias\/wp-json\/wp\/v2\/categories?post=108475"},{"taxonomy":"post_tag","embeddable":true,"href":"https:\/\/www.suno.com.br\/noticias\/wp-json\/wp\/v2\/tags?post=108475"},{"taxonomy":"suno_strategy","embeddable":true,"href":"https:\/\/www.suno.com.br\/noticias\/wp-json\/wp\/v2\/suno_strategy?post=108475"}],"curies":[{"name":"wp","href":"https:\/\/api.w.org\/{rel}","templated":true}]}}