{"id":10819,"date":"2019-01-08T18:53:10","date_gmt":"2019-01-08T20:53:10","guid":{"rendered":"https:\/\/www.suno.com.br\/noticias\/?p=10819"},"modified":"2019-01-08T19:01:00","modified_gmt":"2019-01-08T21:01:00","slug":"governo-bolsonaro-paralisacao-reforma-agraria","status":"publish","type":"post","link":"https:\/\/www.suno.com.br\/noticias\/governo-bolsonaro-paralisacao-reforma-agraria\/","title":{"rendered":"Governo Bolsonaro determina paralisa\u00e7\u00e3o da reforma agr\u00e1ria no Pa\u00eds"},"content":{"rendered":"<p>O <a href=\"https:\/\/www.suno.com.br\/noticias\/bolsonaro-realiza-segunda-reuniao-governo\/\">governo de <strong>Jair Bolsonaro<\/strong><\/a> ordenou a paralisa\u00e7\u00e3o da reforma agr\u00e1ria no Pa\u00eds. O Incra (Instituto Nacional de Coloniza\u00e7\u00e3o e Reforma Agr\u00e1ria) determinou aos seus servidores que paralisem as atividades de reorganiza\u00e7\u00e3o da estrutura fundi\u00e1ria.<\/p>\t<div class=\"wrapper-featured-image\">\n\t\t<figure class=\"spotlightImg\">\n\n\t\t\t<picture>\n\t\t\t\t<source media=\"(max-width: 768px)\" srcset=\"https:\/\/files.sunoresearch.com.br\/n\/uploads\/2018\/11\/6de3ea6e-jair-bolsonaro-1-400x200.webp\">\n\t\t\t\t<img loading=\"lazy\" decoding=\"async\" class=\"newsContent__article__imgCapa lazyloadDisabled newsContent__article__imgCapa--noCaption\" src=\"https:\/\/files.sunoresearch.com.br\/n\/uploads\/2018\/11\/6de3ea6e-jair-bolsonaro-1-800x450.webp\" width=\"800\" height=\"450\" alt=\"Governo Bolsonaro determina paralisa\u00e7\u00e3o da reforma agr\u00e1ria no Pa\u00eds\" fetchpriority=high \/>\n\t\t\t<\/picture>\n\n\t\t\t<figcaption class=\"wp-caption-text wp-caption-text--hide\">Selic: segundo Bolsonaro, taxa deve chegar a 4,50% ao ano<\/figcaption>\n\t\t<\/figure>\n\t<\/div>\n\n\n<p>Com isso, ficam paralisados todos os processos de aquisi\u00e7\u00e3o, desapropria\u00e7\u00e3o ou outra forma de obten\u00e7\u00e3o de terras para o programa nacional de <strong>reforma agr\u00e1ria<\/strong>. N\u00e3o h\u00e1 prazo para a retomada desses trabalhos.<\/p>\n<p>Al\u00e9m disso, a medida afeta 1,7 mil processos para identifica\u00e7\u00e3o e delimita\u00e7\u00e3o de territ\u00f3rios quilombolas.<\/p>\n<p>O Movimento dos Trabalhadores Rurais Sem Terra (MST) diz que, com a ordem de Bolsonaro, haver\u00e1 um &#8220;acirramento do conflito agr\u00e1rio no pa\u00eds&#8221;. Para o movimento, a medida vai agravar a tens\u00e3o no campo e gerar preju\u00edzos aos cofres p\u00fablicos. Afinal, o governo j\u00e1 gastou recursos com trabalhos de campo que ser\u00e3o paralisados.<\/p>\n<p><a href=\"https:\/\/www.suno.com.br\/noticias\/governo-bolsonaro-confirma-saida-pacto-migracao-onu\/\">Saiba mais: Governo Bolsonaro confirma sa\u00edda do Pacto para Migra\u00e7\u00e3o da ONU<\/a><\/p>\n<p><span style=\"font-size: 1.21429rem;\">&#8220;Nos \u00faltimos quatro anos, desde o governo Dilma, a <strong>reforma agr\u00e1ria<\/strong> j\u00e1 vinha em um sistema de paralisia. E agora \u00e9 um agravamento. Temos 120 mil fam\u00edlias acampadas e elas n\u00e3o v\u00e3o desistir da luta pela terra. Sempre pela paz no campo, repudiamos a viol\u00eancia&#8221;, declarou Alexandre Concei\u00e7\u00e3o, da coordena\u00e7\u00e3o nacional do MST. Ele estimou em 365 a quantidade de processos no Incra que dever\u00e3o ser afetados pela interrup\u00e7\u00e3o nos trabalhos dos servidores. &#8220;At\u00e9 pode ser considerado um ato inconstitucional&#8221;, disse.<\/span><\/p>\n<p>O Incra deixou a Casa Civil da Presid\u00eancia, onde estava desde 2016, por meio de medida provis\u00f3ria e decreto de <strong>Bolsonaro<\/strong>. O instituto est\u00e1 agora vinculado ao Minist\u00e9rio da Agricultura, comandado pela <a href=\"https:\/\/www.suno.com.br\/noticias\/bolsonaro-perdoar-divida-rural-17-bilhoes\/\">l\u00edder da bancada ruralista<\/a> no Congresso, Tereza Cristina (DEM-MS). Na pasta vai funcionar uma Secretaria de Pol\u00edtica Agr\u00e1ria, sob o comando de Nabhan Garcia, pecuarista e ruralista. Ele \u00e9 um dos advers\u00e1rios do MST desde a d\u00e9cada de 1980.<\/p>\n","protected":false},"excerpt":{"rendered":"<p>O governo de Jair Bolsonaro ordenou a paralisa\u00e7\u00e3o da reforma agr\u00e1ria no Pa\u00eds. O Incra (Instituto Nacional de Coloniza\u00e7\u00e3o e Reforma Agr\u00e1ria) determinou aos seus servidores que paralisem as atividades de reorganiza\u00e7\u00e3o da estrutura fundi\u00e1ria. Selic: segundo Bolsonaro, taxa deve chegar a 4,50% ao ano Com isso, ficam paralisados todos os processos de aquisi\u00e7\u00e3o, desapropria\u00e7\u00e3o [&hellip;]<\/p>\n","protected":false},"author":13,"featured_media":6290,"comment_status":"closed","ping_status":"closed","sticky":false,"template":"","format":"standard","meta":[],"categories":[62,61],"tags":[719],"suno_strategy":[],"class_list":["post-10819","post","type-post","status-publish","format-standard","has-post-thumbnail","hentry","category-economia","category-politica","tag-jair-bolsonaro"],"yoast_head":"<!-- This site is optimized with the Yoast SEO plugin v24.4 - https:\/\/yoast.com\/wordpress\/plugins\/seo\/ -->\n<title>Governo Bolsonaro determina paralisa\u00e7\u00e3o da reforma agr\u00e1ria no Pa\u00eds<\/title>\n<meta name=\"description\" content=\"O Incra (Instituto Nacional de Coloniza\u00e7\u00e3o e Reforma Agr\u00e1ria) determinou a paralisa\u00e7\u00e3o das atividades da reforma agr\u00e1ria. Clique e saiba+\" \/>\n<meta name=\"robots\" content=\"index, follow, max-snippet:-1, max-image-preview:large, max-video-preview:-1\" \/>\n<link rel=\"canonical\" href=\"https:\/\/www.suno.com.br\/noticias\/governo-bolsonaro-paralisacao-reforma-agraria\/\" \/>\n<meta property=\"og:locale\" content=\"pt_BR\" \/>\n<meta property=\"og:type\" content=\"article\" \/>\n<meta property=\"og:title\" content=\"Governo Bolsonaro determina paralisa\u00e7\u00e3o da reforma agr\u00e1ria no Pa\u00eds\" \/>\n<meta property=\"og:description\" content=\"O Incra (Instituto Nacional de Coloniza\u00e7\u00e3o e Reforma Agr\u00e1ria) determinou a paralisa\u00e7\u00e3o das atividades da reforma agr\u00e1ria. Clique e saiba+\" \/>\n<meta property=\"og:url\" content=\"https:\/\/www.suno.com.br\/noticias\/governo-bolsonaro-paralisacao-reforma-agraria\/\" \/>\n<meta property=\"og:site_name\" content=\"Suno Not\u00edcias\" \/>\n<meta property=\"article:publisher\" content=\"https:\/\/facebook.com\/sunoresearch\" \/>\n<meta property=\"og:image\" content=\"https:\/\/files.sunoresearch.com.br\/n\/uploads\/2018\/11\/6de3ea6e-jair-bolsonaro-1.jpg\" \/>\n\t<meta property=\"og:image:width\" content=\"2048\" \/>\n\t<meta property=\"og:image:height\" content=\"1365\" \/>\n\t<meta property=\"og:image:type\" content=\"image\/jpeg\" \/>\n<meta name=\"author\" content=\"Guilherme Caetano\" \/>\n<meta name=\"twitter:card\" content=\"summary_large_image\" \/>\n<meta name=\"twitter:creator\" content=\"@sunoresearch\" \/>\n<meta name=\"twitter:site\" content=\"@sunoresearch\" \/>\n<meta name=\"twitter:label1\" content=\"Escrito por\" \/>\n\t<meta name=\"twitter:data1\" content=\"Guilherme Caetano\" \/>\n\t<meta name=\"twitter:label2\" content=\"Est. tempo de leitura\" \/>\n\t<meta name=\"twitter:data2\" content=\"2 minutos\" \/>\n<script type=\"application\/ld+json\" class=\"yoast-schema-graph\">{\"@context\":\"https:\/\/schema.org\",\"@graph\":[{\"@type\":\"NewsArticle\",\"@id\":\"https:\/\/www.suno.com.br\/noticias\/governo-bolsonaro-paralisacao-reforma-agraria\/#article\",\"isPartOf\":{\"@id\":\"https:\/\/www.suno.com.br\/noticias\/governo-bolsonaro-paralisacao-reforma-agraria\/\"},\"author\":{\"name\":\"Guilherme Caetano\",\"@id\":\"https:\/\/www.suno.com.br\/noticias\/#\/schema\/person\/0d0c9687cd2f600c564f25980c140de9\"},\"headline\":\"Governo Bolsonaro determina paralisa\u00e7\u00e3o da reforma agr\u00e1ria no Pa\u00eds\",\"datePublished\":\"2019-01-08T20:53:10+00:00\",\"dateModified\":\"2019-01-08T21:01:00+00:00\",\"mainEntityOfPage\":{\"@id\":\"https:\/\/www.suno.com.br\/noticias\/governo-bolsonaro-paralisacao-reforma-agraria\/\"},\"wordCount\":345,\"publisher\":{\"@id\":\"https:\/\/www.suno.com.br\/noticias\/#organization\"},\"image\":{\"@id\":\"https:\/\/www.suno.com.br\/noticias\/governo-bolsonaro-paralisacao-reforma-agraria\/#primaryimage\"},\"thumbnailUrl\":\"https:\/\/files.sunoresearch.com.br\/n\/uploads\/2018\/11\/6de3ea6e-jair-bolsonaro-1-jpg.webp\",\"keywords\":[\"Jair Bolsonaro\"],\"articleSection\":[\"Economia\",\"Pol\u00edtica\"],\"inLanguage\":\"pt-BR\"},{\"@type\":\"WebPage\",\"@id\":\"https:\/\/www.suno.com.br\/noticias\/governo-bolsonaro-paralisacao-reforma-agraria\/\",\"url\":\"https:\/\/www.suno.com.br\/noticias\/governo-bolsonaro-paralisacao-reforma-agraria\/\",\"name\":\"Governo Bolsonaro determina paralisa\u00e7\u00e3o da reforma agr\u00e1ria no Pa\u00eds\",\"isPartOf\":{\"@id\":\"https:\/\/www.suno.com.br\/noticias\/#website\"},\"primaryImageOfPage\":{\"@id\":\"https:\/\/www.suno.com.br\/noticias\/governo-bolsonaro-paralisacao-reforma-agraria\/#primaryimage\"},\"image\":{\"@id\":\"https:\/\/www.suno.com.br\/noticias\/governo-bolsonaro-paralisacao-reforma-agraria\/#primaryimage\"},\"thumbnailUrl\":\"https:\/\/files.sunoresearch.com.br\/n\/uploads\/2018\/11\/6de3ea6e-jair-bolsonaro-1-jpg.webp\",\"datePublished\":\"2019-01-08T20:53:10+00:00\",\"dateModified\":\"2019-01-08T21:01:00+00:00\",\"description\":\"O Incra (Instituto Nacional de Coloniza\u00e7\u00e3o e Reforma Agr\u00e1ria) determinou a paralisa\u00e7\u00e3o das atividades da reforma agr\u00e1ria. Clique e saiba+\",\"breadcrumb\":{\"@id\":\"https:\/\/www.suno.com.br\/noticias\/governo-bolsonaro-paralisacao-reforma-agraria\/#breadcrumb\"},\"inLanguage\":\"pt-BR\",\"potentialAction\":[{\"@type\":\"ReadAction\",\"target\":[\"https:\/\/www.suno.com.br\/noticias\/governo-bolsonaro-paralisacao-reforma-agraria\/\"]}]},{\"@type\":\"ImageObject\",\"inLanguage\":\"pt-BR\",\"@id\":\"https:\/\/www.suno.com.br\/noticias\/governo-bolsonaro-paralisacao-reforma-agraria\/#primaryimage\",\"url\":\"https:\/\/files.sunoresearch.com.br\/n\/uploads\/2018\/11\/6de3ea6e-jair-bolsonaro-1-jpg.webp\",\"contentUrl\":\"https:\/\/files.sunoresearch.com.br\/n\/uploads\/2018\/11\/6de3ea6e-jair-bolsonaro-1-jpg.webp\",\"width\":2048,\"height\":1365,\"caption\":\"Selic: segundo Bolsonaro, taxa deve chegar a 4,50% ao ano\"},{\"@type\":\"BreadcrumbList\",\"@id\":\"https:\/\/www.suno.com.br\/noticias\/governo-bolsonaro-paralisacao-reforma-agraria\/#breadcrumb\",\"itemListElement\":[{\"@type\":\"ListItem\",\"position\":1,\"name\":\"Not\u00edcias\",\"item\":\"https:\/\/www.suno.com.br\/noticias\/\"},{\"@type\":\"ListItem\",\"position\":2,\"name\":\"Economia\",\"item\":\"https:\/\/www.suno.com.br\/noticias\/economia\/\"},{\"@type\":\"ListItem\",\"position\":3,\"name\":\"Governo Bolsonaro determina paralisa\u00e7\u00e3o da reforma agr\u00e1ria no Pa\u00eds\"}]},{\"@type\":\"WebSite\",\"@id\":\"https:\/\/www.suno.com.br\/noticias\/#website\",\"url\":\"https:\/\/www.suno.com.br\/noticias\/\",\"name\":\"Suno Not\u00edcias\",\"description\":\"Seu portal de informa\u00e7\u00e3o sobre o mundo dos investimentos\",\"publisher\":{\"@id\":\"https:\/\/www.suno.com.br\/noticias\/#organization\"},\"potentialAction\":[{\"@type\":\"SearchAction\",\"target\":{\"@type\":\"EntryPoint\",\"urlTemplate\":\"https:\/\/www.suno.com.br\/noticias\/?s={search_term_string}\"},\"query-input\":{\"@type\":\"PropertyValueSpecification\",\"valueRequired\":true,\"valueName\":\"search_term_string\"}}],\"inLanguage\":\"pt-BR\"},{\"@type\":\"Organization\",\"@id\":\"https:\/\/www.suno.com.br\/noticias\/#organization\",\"name\":\"Suno Not\u00edcias\",\"url\":\"https:\/\/www.suno.com.br\/noticias\/\",\"logo\":{\"@type\":\"ImageObject\",\"inLanguage\":\"pt-BR\",\"@id\":\"https:\/\/www.suno.com.br\/noticias\/#\/schema\/logo\/image\/\",\"url\":\"https:\/\/files.sunoresearch.com.br\/n\/uploads\/2021\/09\/suno-logo.png\",\"contentUrl\":\"https:\/\/files.sunoresearch.com.br\/n\/uploads\/2021\/09\/suno-logo.png\",\"width\":180,\"height\":180,\"caption\":\"Suno Not\u00edcias\"},\"image\":{\"@id\":\"https:\/\/www.suno.com.br\/noticias\/#\/schema\/logo\/image\/\"},\"sameAs\":[\"https:\/\/facebook.com\/sunoresearch\",\"https:\/\/x.com\/sunoresearch\",\"https:\/\/www.instagram.com\/suno\",\"https:\/\/www.linkedin.com\/company\/suno-research\/\",\"https:\/\/www.youtube.com\/c\/sunoresearch\"]},{\"@type\":\"Person\",\"@id\":\"https:\/\/www.suno.com.br\/noticias\/#\/schema\/person\/0d0c9687cd2f600c564f25980c140de9\",\"name\":\"Guilherme Caetano\",\"image\":{\"@type\":\"ImageObject\",\"inLanguage\":\"pt-BR\",\"@id\":\"https:\/\/www.suno.com.br\/noticias\/#\/schema\/person\/image\/\",\"url\":\"https:\/\/secure.gravatar.com\/avatar\/e48357351a01702a0d19307070e081bf?s=96&r=g\",\"contentUrl\":\"https:\/\/secure.gravatar.com\/avatar\/e48357351a01702a0d19307070e081bf?s=96&r=g\",\"caption\":\"Guilherme Caetano\"},\"description\":\"Formado em jornalismo pela Escola de Comunica\u00e7\u00f5es e Artes da USP, Guilherme Caetano escreve para o portal de not\u00edcias da Suno Research. Passou pelas reda\u00e7\u00f5es da Folha de S.Paulo e da revista \u00c9poca.\",\"url\":\"https:\/\/www.suno.com.br\/noticias\/author\/guilherme-caetano\/\"}]}<\/script>\n<!-- \/ Yoast SEO plugin. -->","yoast_head_json":{"title":"Governo Bolsonaro determina paralisa\u00e7\u00e3o da reforma agr\u00e1ria no Pa\u00eds","description":"O Incra (Instituto Nacional de Coloniza\u00e7\u00e3o e Reforma Agr\u00e1ria) determinou a paralisa\u00e7\u00e3o das atividades da reforma agr\u00e1ria. Clique e saiba+","robots":{"index":"index","follow":"follow","max-snippet":"max-snippet:-1","max-image-preview":"max-image-preview:large","max-video-preview":"max-video-preview:-1"},"canonical":"https:\/\/www.suno.com.br\/noticias\/governo-bolsonaro-paralisacao-reforma-agraria\/","og_locale":"pt_BR","og_type":"article","og_title":"Governo Bolsonaro determina paralisa\u00e7\u00e3o da reforma agr\u00e1ria no Pa\u00eds","og_description":"O Incra (Instituto Nacional de Coloniza\u00e7\u00e3o e Reforma Agr\u00e1ria) determinou a paralisa\u00e7\u00e3o das atividades da reforma agr\u00e1ria. Clique e saiba+","og_url":"https:\/\/www.suno.com.br\/noticias\/governo-bolsonaro-paralisacao-reforma-agraria\/","og_site_name":"Suno Not\u00edcias","article_publisher":"https:\/\/facebook.com\/sunoresearch","og_image":[{"width":2048,"height":1365,"url":"https:\/\/files.sunoresearch.com.br\/n\/uploads\/2018\/11\/6de3ea6e-jair-bolsonaro-1.jpg","type":"image\/jpeg"}],"author":"Guilherme Caetano","twitter_card":"summary_large_image","twitter_creator":"@sunoresearch","twitter_site":"@sunoresearch","twitter_misc":{"Escrito por":"Guilherme Caetano","Est. tempo de leitura":"2 minutos"},"schema":{"@context":"https:\/\/schema.org","@graph":[{"@type":"NewsArticle","@id":"https:\/\/www.suno.com.br\/noticias\/governo-bolsonaro-paralisacao-reforma-agraria\/#article","isPartOf":{"@id":"https:\/\/www.suno.com.br\/noticias\/governo-bolsonaro-paralisacao-reforma-agraria\/"},"author":{"name":"Guilherme Caetano","@id":"https:\/\/www.suno.com.br\/noticias\/#\/schema\/person\/0d0c9687cd2f600c564f25980c140de9"},"headline":"Governo Bolsonaro determina paralisa\u00e7\u00e3o da reforma agr\u00e1ria no Pa\u00eds","datePublished":"2019-01-08T20:53:10+00:00","dateModified":"2019-01-08T21:01:00+00:00","mainEntityOfPage":{"@id":"https:\/\/www.suno.com.br\/noticias\/governo-bolsonaro-paralisacao-reforma-agraria\/"},"wordCount":345,"publisher":{"@id":"https:\/\/www.suno.com.br\/noticias\/#organization"},"image":{"@id":"https:\/\/www.suno.com.br\/noticias\/governo-bolsonaro-paralisacao-reforma-agraria\/#primaryimage"},"thumbnailUrl":"https:\/\/files.sunoresearch.com.br\/n\/uploads\/2018\/11\/6de3ea6e-jair-bolsonaro-1-jpg.webp","keywords":["Jair Bolsonaro"],"articleSection":["Economia","Pol\u00edtica"],"inLanguage":"pt-BR"},{"@type":"WebPage","@id":"https:\/\/www.suno.com.br\/noticias\/governo-bolsonaro-paralisacao-reforma-agraria\/","url":"https:\/\/www.suno.com.br\/noticias\/governo-bolsonaro-paralisacao-reforma-agraria\/","name":"Governo Bolsonaro determina paralisa\u00e7\u00e3o da reforma agr\u00e1ria no Pa\u00eds","isPartOf":{"@id":"https:\/\/www.suno.com.br\/noticias\/#website"},"primaryImageOfPage":{"@id":"https:\/\/www.suno.com.br\/noticias\/governo-bolsonaro-paralisacao-reforma-agraria\/#primaryimage"},"image":{"@id":"https:\/\/www.suno.com.br\/noticias\/governo-bolsonaro-paralisacao-reforma-agraria\/#primaryimage"},"thumbnailUrl":"https:\/\/files.sunoresearch.com.br\/n\/uploads\/2018\/11\/6de3ea6e-jair-bolsonaro-1-jpg.webp","datePublished":"2019-01-08T20:53:10+00:00","dateModified":"2019-01-08T21:01:00+00:00","description":"O Incra (Instituto Nacional de Coloniza\u00e7\u00e3o e Reforma Agr\u00e1ria) determinou a paralisa\u00e7\u00e3o das atividades da reforma agr\u00e1ria. Clique e saiba+","breadcrumb":{"@id":"https:\/\/www.suno.com.br\/noticias\/governo-bolsonaro-paralisacao-reforma-agraria\/#breadcrumb"},"inLanguage":"pt-BR","potentialAction":[{"@type":"ReadAction","target":["https:\/\/www.suno.com.br\/noticias\/governo-bolsonaro-paralisacao-reforma-agraria\/"]}]},{"@type":"ImageObject","inLanguage":"pt-BR","@id":"https:\/\/www.suno.com.br\/noticias\/governo-bolsonaro-paralisacao-reforma-agraria\/#primaryimage","url":"https:\/\/files.sunoresearch.com.br\/n\/uploads\/2018\/11\/6de3ea6e-jair-bolsonaro-1-jpg.webp","contentUrl":"https:\/\/files.sunoresearch.com.br\/n\/uploads\/2018\/11\/6de3ea6e-jair-bolsonaro-1-jpg.webp","width":2048,"height":1365,"caption":"Selic: segundo Bolsonaro, taxa deve chegar a 4,50% ao ano"},{"@type":"BreadcrumbList","@id":"https:\/\/www.suno.com.br\/noticias\/governo-bolsonaro-paralisacao-reforma-agraria\/#breadcrumb","itemListElement":[{"@type":"ListItem","position":1,"name":"Not\u00edcias","item":"https:\/\/www.suno.com.br\/noticias\/"},{"@type":"ListItem","position":2,"name":"Economia","item":"https:\/\/www.suno.com.br\/noticias\/economia\/"},{"@type":"ListItem","position":3,"name":"Governo Bolsonaro determina paralisa\u00e7\u00e3o da reforma agr\u00e1ria no Pa\u00eds"}]},{"@type":"WebSite","@id":"https:\/\/www.suno.com.br\/noticias\/#website","url":"https:\/\/www.suno.com.br\/noticias\/","name":"Suno Not\u00edcias","description":"Seu portal de informa\u00e7\u00e3o sobre o mundo dos investimentos","publisher":{"@id":"https:\/\/www.suno.com.br\/noticias\/#organization"},"potentialAction":[{"@type":"SearchAction","target":{"@type":"EntryPoint","urlTemplate":"https:\/\/www.suno.com.br\/noticias\/?s={search_term_string}"},"query-input":{"@type":"PropertyValueSpecification","valueRequired":true,"valueName":"search_term_string"}}],"inLanguage":"pt-BR"},{"@type":"Organization","@id":"https:\/\/www.suno.com.br\/noticias\/#organization","name":"Suno Not\u00edcias","url":"https:\/\/www.suno.com.br\/noticias\/","logo":{"@type":"ImageObject","inLanguage":"pt-BR","@id":"https:\/\/www.suno.com.br\/noticias\/#\/schema\/logo\/image\/","url":"https:\/\/files.sunoresearch.com.br\/n\/uploads\/2021\/09\/suno-logo.png","contentUrl":"https:\/\/files.sunoresearch.com.br\/n\/uploads\/2021\/09\/suno-logo.png","width":180,"height":180,"caption":"Suno Not\u00edcias"},"image":{"@id":"https:\/\/www.suno.com.br\/noticias\/#\/schema\/logo\/image\/"},"sameAs":["https:\/\/facebook.com\/sunoresearch","https:\/\/x.com\/sunoresearch","https:\/\/www.instagram.com\/suno","https:\/\/www.linkedin.com\/company\/suno-research\/","https:\/\/www.youtube.com\/c\/sunoresearch"]},{"@type":"Person","@id":"https:\/\/www.suno.com.br\/noticias\/#\/schema\/person\/0d0c9687cd2f600c564f25980c140de9","name":"Guilherme Caetano","image":{"@type":"ImageObject","inLanguage":"pt-BR","@id":"https:\/\/www.suno.com.br\/noticias\/#\/schema\/person\/image\/","url":"https:\/\/secure.gravatar.com\/avatar\/e48357351a01702a0d19307070e081bf?s=96&r=g","contentUrl":"https:\/\/secure.gravatar.com\/avatar\/e48357351a01702a0d19307070e081bf?s=96&r=g","caption":"Guilherme Caetano"},"description":"Formado em jornalismo pela Escola de Comunica\u00e7\u00f5es e Artes da USP, Guilherme Caetano escreve para o portal de not\u00edcias da Suno Research. Passou pelas reda\u00e7\u00f5es da Folha de S.Paulo e da revista \u00c9poca.","url":"https:\/\/www.suno.com.br\/noticias\/author\/guilherme-caetano\/"}]}},"default_loop_html":"<div class=\"cardsPage__listCard__boxs\"><div class=\"cardsPage__listCard__boxs__img\"><a href=\"https:\/\/www.suno.com.br\/noticias\/governo-bolsonaro-paralisacao-reforma-agraria\/\"><img class=\"mask\" src=\"https:\/\/www.suno.com.br\/noticias\/wp-content\/themes\/suno\/resources\/images\/spotlight\/spotlight1img\/bg-mask.png\" alt=\"Image Mask\"\/><img src=\"https:\/\/files.sunoresearch.com.br\/n\/uploads\/2018\/11\/6de3ea6e-jair-bolsonaro-1-400x200.webp\" alt=\"Governo Bolsonaro determina paralisa\u00e7\u00e3o da reforma agr\u00e1ria no Pa\u00eds\"\/><\/a><span class=\"spotlightCategory\"><a href=\"https:\/\/www.suno.com.br\/noticias\/economia\/\">Economia<\/a><\/span><\/div><div class=\"cardsPage__listCard__boxs__content\"><a href=\"https:\/\/www.suno.com.br\/noticias\/governo-bolsonaro-paralisacao-reforma-agraria\/\"><h2 class=\"content__title\">Governo Bolsonaro determina paralisa\u00e7\u00e3o da reforma agr\u00e1ria no Pa\u00eds<\/h2><\/a><div class=\"newsContent__article__meta\"><div class=\"newsContent__article__meta__authorBox\"><a href=\"https:\/\/www.suno.com.br\/noticias\/author\/guilherme-caetano\/\" class=\"authorBox__avatar noMobi\"><img src=\"https:\/\/secure.gravatar.com\/avatar\/e48357351a01702a0d19307070e081bf?s=96&#038;r=g\" alt=\"Guilherme Caetano\"><\/a><div class=\"authorBox__name\"><span>por\n\t\t\t<a href=\"https:\/\/www.suno.com.br\/noticias\/author\/guilherme-caetano\/\"><span itemprop=\"author\">Guilherme Caetano<\/span><\/a><\/span><time datetime=\"2019-01-08T18:53:10-02:00\" itemprop=\"datePublished\">08\/01\/2019 18:53<\/time><\/div><\/div><\/div><\/div><\/div>","single_layout":"posts","amp_enabled":true,"_links":{"self":[{"href":"https:\/\/www.suno.com.br\/noticias\/wp-json\/wp\/v2\/posts\/10819"}],"collection":[{"href":"https:\/\/www.suno.com.br\/noticias\/wp-json\/wp\/v2\/posts"}],"about":[{"href":"https:\/\/www.suno.com.br\/noticias\/wp-json\/wp\/v2\/types\/post"}],"author":[{"embeddable":true,"href":"https:\/\/www.suno.com.br\/noticias\/wp-json\/wp\/v2\/users\/13"}],"replies":[{"embeddable":true,"href":"https:\/\/www.suno.com.br\/noticias\/wp-json\/wp\/v2\/comments?post=10819"}],"version-history":[{"count":0,"href":"https:\/\/www.suno.com.br\/noticias\/wp-json\/wp\/v2\/posts\/10819\/revisions"}],"wp:featuredmedia":[{"embeddable":true,"href":"https:\/\/www.suno.com.br\/noticias\/wp-json\/wp\/v2\/media\/6290"}],"wp:attachment":[{"href":"https:\/\/www.suno.com.br\/noticias\/wp-json\/wp\/v2\/media?parent=10819"}],"wp:term":[{"taxonomy":"category","embeddable":true,"href":"https:\/\/www.suno.com.br\/noticias\/wp-json\/wp\/v2\/categories?post=10819"},{"taxonomy":"post_tag","embeddable":true,"href":"https:\/\/www.suno.com.br\/noticias\/wp-json\/wp\/v2\/tags?post=10819"},{"taxonomy":"suno_strategy","embeddable":true,"href":"https:\/\/www.suno.com.br\/noticias\/wp-json\/wp\/v2\/suno_strategy?post=10819"}],"curies":[{"name":"wp","href":"https:\/\/api.w.org\/{rel}","templated":true}]}}