{"id":108189,"date":"2020-12-15T08:52:51","date_gmt":"2020-12-15T11:52:51","guid":{"rendered":"https:\/\/www.suno.com.br\/noticias\/?p=108189"},"modified":"2021-06-14T00:28:47","modified_gmt":"2021-06-14T03:28:47","slug":"agenda-do-dia-industria-americana-pmi-da-china-guedes-com-comex","status":"publish","type":"post","link":"https:\/\/www.suno.com.br\/noticias\/agenda-do-dia-industria-americana-pmi-da-china-guedes-com-comex\/","title":{"rendered":"Agenda do Dia: Ind\u00fastria americana, PMI da China, Guedes com Comex"},"content":{"rendered":"<p>A <strong>agenda do dia\u00a0<\/strong>desta ter\u00e7a-feira (15) traz dados da ind\u00fastria americana, bem como da importa\u00e7\u00e3o dos Estados Unidos, que devem dar o tom de como a economia do pa\u00eds est\u00e1 respondendo \u00e0 crise do coronav\u00edrus. Al\u00e9m disso, ainda no cen\u00e1rio internacional, vale ficar de olho nos \u00edndices <a href=\"https:\/\/www.suno.com.br\/artigos\/pmi\/\">PMIs<\/a> da China, que, com recentes altas, vem puxando os \u00e2nimos do mercado.<\/p>\t<div class=\"wrapper-featured-image\">\n\t\t<figure class=\"spotlightImg\">\n\n\t\t\t<picture>\n\t\t\t\t<source media=\"(max-width: 768px)\" srcset=\"https:\/\/files.sunoresearch.com.br\/n\/uploads\/2020\/12\/71fb354e-agendadodia-400x200.webp\">\n\t\t\t\t<img loading=\"lazy\" decoding=\"async\" class=\"newsContent__article__imgCapa lazyloadDisabled \" src=\"https:\/\/files.sunoresearch.com.br\/n\/uploads\/2020\/12\/71fb354e-agendadodia-800x450.webp\" width=\"800\" height=\"450\" alt=\"Agenda do Dia: Ind\u00fastria americana, PMI da China, Guedes com Comex\" fetchpriority=high \/>\n\t\t\t<\/picture>\n\n\t\t\t<figcaption class=\"wp-caption-text wp-caption-text--show\">Agenda do dia tem Copom e falas do presidente do BC, Campos Neto<\/figcaption>\n\t\t<\/figure>\n\t<\/div>\n\n\n<p><b>\u00a0\t<p>\n\t\t<a href=\"https:\/\/lp.suno.com.br\/planilha-controle-gastos\/\" target=\"_blank\" data-element=\"shortcode-suno-banner\" title=\"Banner SUNO, clique e saiba mais\">\n\t\t\t<picture>\n\t\t\t\t<source media=\"(max-width: 500px)\" srcset=\"https:\/\/files.sunoresearch.com.br\/n\/uploads\/2023\/03\/400x300-Planilha-controle-de-gastos.png\">\n\t\t\t\t<img class=\"newsContent__article__imgCapa newsContent__article__imgCapa--banner\"\n\t\t\t\t\tsrc=\"https:\/\/files.sunoresearch.com.br\/n\/uploads\/2023\/03\/1420x240-Planilha-controle-de-gastos.png\"\n\t\t\t\t\tdata-promo-id=\"101751\"\t\t\t\t\t\t\t\t\t\twidth='1420' height='240'\t\t\t\t\talt=\"https:\/\/files.sunoresearch.com.br\/n\/uploads\/2023\/03\/1420x240-Planilha-controle-de-gastos.png\"\n\t\t\t\t>\n\t\t\t<\/picture>\n\t\t<\/a>\n\t<\/p>\n\n\u00a0<\/b><\/p>\n<p>Ainda l\u00e1 fora, mais cedo, a agenda do dia contou com a divulga\u00e7\u00e3o da <a href=\"https:\/\/www.suno.com.br\/artigos\/indice-de-desemprego\/\">taxa de desemprego<\/a> do Reino Unido de outubro, que superou positivamente o consenso, vindo a 4,90%, contra os 5,10% previstos. O n\u00famero, por\u00e9m, ainda n\u00e3o traz o resultado das recentes restri\u00e7\u00f5es implementadas no pa\u00eds ap\u00f3s o aumento de casos da Covid-19.<\/p>\n<h2>Na agenda do dia, Campos Neto tem dia movimentado ap\u00f3s Ata do Copom<\/h2>\n<p>No cen\u00e1rio interno, a agenda do dia contou com a divulga\u00e7\u00e3o pelo Banco Central, \u00e0s oito horas, a ata do <a href=\"https:\/\/www.suno.com.br\/artigos\/copom\/\">Copom<\/a>, em que a institui\u00e7\u00e3o deu um tom, diferentemente das outras vezes, que reavalia altera\u00e7\u00f5es na <a href=\"https:\/\/www.suno.com.br\/artigos\/taxa-selic\/\">taxa de juros<\/a>, acompanhando a trajet\u00f3ria da d\u00edvida e o cen\u00e1rio internacional, com fatores de risco &#8220;em ambas dire\u00e7\u00f5es&#8221;.<\/p>\n<p>Ainda relativo ao Banco Central na agenda do dia, o presidente da institui\u00e7\u00e3o, Roberto Campos Neto, participa de uma videoconfer\u00eancia promovida pela Eurasia Group, \u00e0s 10h00 e, posteriormente, palestrar\u00e1 em evento da BlackRock, \u00e0s 17h30.<\/p>\n<p><a href=\"https:\/\/lp.suno.com.br\/suno-one\/\"><b>Suno One: acesse gratuitamente eBooks, Minicursos, Artigos e Video Aulas sobre investimentos com um \u00fanico cadastro. Clique para saber mais!<\/b><\/a><\/p>\n<p>De olho ainda em falas de atores pol\u00edticos, Bolsonaro participar\u00e1 de um ato de reinaugura\u00e7\u00e3o da Torre do Rel\u00f3gio, em S\u00e3o Paulo, eventos em que, comumente, o presidente d\u00e1 declara\u00e7\u00f5es e discursa.<\/p>\n<p>A agenda do dia ainda contou com a divulga\u00e7\u00e3o do \u00cdndice Geral de Pre\u00e7os-10, o IGP-10, pela FGV, que mostrou desacelera\u00e7\u00e3o na alta, indo a 1,97% em dezembro, contra avan\u00e7o de 3,51% em novembro. O \u00edndice \u00e9 utilizado para o c\u00e1lculo de reajustes de tarifas p\u00fablicas e contratos de aluguel.<\/p>\n<p><b>\t<p>\n\t\t<a href=\"https:\/\/lp.suno.com.br\/planilha-da-vida-financeira\/\" target=\"_blank\" data-element=\"shortcode-suno-banner\" title=\"Banner SUNO, clique e saiba mais\">\n\t\t\t<picture>\n\t\t\t\t<source media=\"(max-width: 500px)\" srcset=\"https:\/\/files.sunoresearch.com.br\/n\/uploads\/2023\/04\/400x300-Planilha-vida-financeira-true.png\">\n\t\t\t\t<img class=\"newsContent__article__imgCapa newsContent__article__imgCapa--banner\"\n\t\t\t\t\tsrc=\"https:\/\/files.sunoresearch.com.br\/n\/uploads\/2023\/04\/1420x240-Planilha-vida-financeira-true.png\"\n\t\t\t\t\tdata-promo-id=\"106682\"\t\t\t\t\t\t\t\t\t\twidth='1420' height='240'\t\t\t\t\talt=\"https:\/\/files.sunoresearch.com.br\/n\/uploads\/2023\/04\/1420x240-Planilha-vida-financeira-true.png\"\n\t\t\t\t>\n\t\t\t<\/picture>\n\t\t<\/a>\n\t<\/p>\n\n<\/b><\/p>\n<h2>Ap\u00f3s decis\u00e3o de STF, Guedes se encontra com secret\u00e1rio<\/h2>\n<p>Chama a aten\u00e7\u00e3o tamb\u00e9m, a reuni\u00e3o do ministro da Economia, Paulo Guedes, com Roberto Fendt, secret\u00e1rio especial de Com\u00e9rcio Exterior. O encontro vem um dia ap\u00f3s a decis\u00e3o do ministro do Supremo Tribunal Federal, Edson Fachin, de derrubar a zeragem do imposto de importa\u00e7\u00e3o de armas feita pelo Comit\u00ea Executivo de Gest\u00e3o da C\u00e2mara do Com\u00e9rcio Exterior, que responde \u00e0 Fendt.<\/p>\n<p>Aumentar a facilidade na aquisi\u00e7\u00e3o de armas \u00e9 uma promessa pol\u00edtica de longa data do governo Bolsonaro, mas a decis\u00e3o foi derrubada por colocar em risco a seguran\u00e7a p\u00fablica e, al\u00e9m disso, foi criticada por companhias brasileiras do setor de seguran\u00e7a, como a <a href=\"https:\/\/www.suno.com.br\/acoes\/tasa4\/\">Taurus (TASA4)<\/a>. A presen\u00e7a da reuni\u00e3o na <strong>agenda do dia\u00a0<\/strong>de Guedes logo ap\u00f3s o STF derrubar a decis\u00e3o pode trazer novas movimenta\u00e7\u00f5es no setor.<\/p>\n<p><b>\t<p>\n\t\t<a href=\"https:\/\/lp.suno.com.br\/planilha-de-controle-de-investimentos\/\" target=\"_blank\" data-element=\"shortcode-suno-banner\" title=\"Banner SUNO, clique e saiba mais\">\n\t\t\t<picture>\n\t\t\t\t<source media=\"(max-width: 500px)\" srcset=\"https:\/\/files.sunoresearch.com.br\/n\/uploads\/2023\/03\/400x300-Controle-de-Investimentos.png\">\n\t\t\t\t<img class=\"newsContent__article__imgCapa newsContent__article__imgCapa--banner\"\n\t\t\t\t\tsrc=\"https:\/\/files.sunoresearch.com.br\/n\/uploads\/2023\/03\/1420x240-Controle-de-Investimentos.png\"\n\t\t\t\t\tdata-promo-id=\"75934\"\t\t\t\t\t\t\t\t\t\twidth='1420' height='240'\t\t\t\t\talt=\"https:\/\/files.sunoresearch.com.br\/n\/uploads\/2023\/03\/1420x240-Controle-de-Investimentos.png\"\n\t\t\t\t>\n\t\t\t<\/picture>\n\t\t<\/a>\n\t<\/p>\n\n<\/b><\/p>\n","protected":false},"excerpt":{"rendered":"<p>A agenda do dia\u00a0desta ter\u00e7a-feira (15) traz dados da ind\u00fastria americana, bem como da importa\u00e7\u00e3o dos Estados Unidos, que devem dar o tom de como a economia do pa\u00eds est\u00e1 respondendo \u00e0 crise do coronav\u00edrus. Al\u00e9m disso, ainda no cen\u00e1rio internacional, vale ficar de olho nos \u00edndices PMIs da China, que, com recentes altas, vem [&hellip;]<\/p>\n","protected":false},"author":59,"featured_media":108197,"comment_status":"closed","ping_status":"closed","sticky":false,"template":"","format":"standard","meta":[],"categories":[60],"tags":[1980,1842,1104,1525,57524],"suno_strategy":[],"class_list":["post-108189","post","type-post","status-publish","format-standard","has-post-thumbnail","hentry","category-mercado","tag-agenda-do-dia","tag-banco-central-bc","tag-copom","tag-industria","tag-pmi"],"yoast_head":"<!-- This site is optimized with the Yoast SEO plugin v24.4 - https:\/\/yoast.com\/wordpress\/plugins\/seo\/ -->\n<title>Agenda do Dia: Ind\u00fastria americana, PMI da China, Guedes com Comex<\/title>\n<meta name=\"description\" content=\"A agenda do dia\u00a0desta ter\u00e7a traz dados da ind\u00fastria americana, ata do Copom e Guedes com Gecex. Clique para ler mais.\" \/>\n<meta name=\"robots\" content=\"index, follow, max-snippet:-1, max-image-preview:large, max-video-preview:-1\" \/>\n<link rel=\"canonical\" href=\"https:\/\/www.suno.com.br\/noticias\/agenda-do-dia-industria-americana-pmi-da-china-guedes-com-comex\/\" \/>\n<meta property=\"og:locale\" content=\"pt_BR\" \/>\n<meta property=\"og:type\" content=\"article\" \/>\n<meta property=\"og:title\" content=\"Agenda do Dia: Ind\u00fastria americana, PMI da China, Guedes com Comex\" \/>\n<meta property=\"og:description\" content=\"A agenda do dia\u00a0desta ter\u00e7a traz dados da ind\u00fastria americana, ata do Copom e Guedes com Gecex. Clique para ler mais.\" \/>\n<meta property=\"og:url\" content=\"https:\/\/www.suno.com.br\/noticias\/agenda-do-dia-industria-americana-pmi-da-china-guedes-com-comex\/\" \/>\n<meta property=\"og:site_name\" content=\"Suno Not\u00edcias\" \/>\n<meta property=\"article:publisher\" content=\"https:\/\/facebook.com\/sunoresearch\" \/>\n<meta property=\"og:image\" content=\"https:\/\/files.sunoresearch.com.br\/n\/uploads\/2020\/12\/71fb354e-agendadodia.jpg\" \/>\n\t<meta property=\"og:image:width\" content=\"1024\" \/>\n\t<meta property=\"og:image:height\" content=\"683\" \/>\n\t<meta property=\"og:image:type\" content=\"image\/jpeg\" \/>\n<meta name=\"author\" content=\"Vitor Azevedo\" \/>\n<meta name=\"twitter:card\" content=\"summary_large_image\" \/>\n<meta name=\"twitter:creator\" content=\"@sunoresearch\" \/>\n<meta name=\"twitter:site\" content=\"@sunoresearch\" \/>\n<meta name=\"twitter:label1\" content=\"Escrito por\" \/>\n\t<meta name=\"twitter:data1\" content=\"Vitor Azevedo\" \/>\n\t<meta name=\"twitter:label2\" content=\"Est. tempo de leitura\" \/>\n\t<meta name=\"twitter:data2\" content=\"3 minutos\" \/>\n<script type=\"application\/ld+json\" class=\"yoast-schema-graph\">{\"@context\":\"https:\/\/schema.org\",\"@graph\":[{\"@type\":\"NewsArticle\",\"@id\":\"https:\/\/www.suno.com.br\/noticias\/agenda-do-dia-industria-americana-pmi-da-china-guedes-com-comex\/#article\",\"isPartOf\":{\"@id\":\"https:\/\/www.suno.com.br\/noticias\/agenda-do-dia-industria-americana-pmi-da-china-guedes-com-comex\/\"},\"author\":{\"name\":\"Vitor Azevedo\",\"@id\":\"https:\/\/www.suno.com.br\/noticias\/#\/schema\/person\/658d5fbc74d81f265f5df3562d0038ab\"},\"headline\":\"Agenda do Dia: Ind\u00fastria americana, PMI da China, Guedes com Comex\",\"datePublished\":\"2020-12-15T11:52:51+00:00\",\"dateModified\":\"2021-06-14T03:28:47+00:00\",\"mainEntityOfPage\":{\"@id\":\"https:\/\/www.suno.com.br\/noticias\/agenda-do-dia-industria-americana-pmi-da-china-guedes-com-comex\/\"},\"wordCount\":533,\"publisher\":{\"@id\":\"https:\/\/www.suno.com.br\/noticias\/#organization\"},\"image\":{\"@id\":\"https:\/\/www.suno.com.br\/noticias\/agenda-do-dia-industria-americana-pmi-da-china-guedes-com-comex\/#primaryimage\"},\"thumbnailUrl\":\"https:\/\/files.sunoresearch.com.br\/n\/uploads\/2020\/12\/71fb354e-agendadodia-jpg.webp\",\"keywords\":[\"agenda do dia\",\"Banco Central (BC)\",\"Copom\",\"ind\u00fastria\",\"pmi\"],\"articleSection\":[\"Mercado\"],\"inLanguage\":\"pt-BR\"},{\"@type\":\"WebPage\",\"@id\":\"https:\/\/www.suno.com.br\/noticias\/agenda-do-dia-industria-americana-pmi-da-china-guedes-com-comex\/\",\"url\":\"https:\/\/www.suno.com.br\/noticias\/agenda-do-dia-industria-americana-pmi-da-china-guedes-com-comex\/\",\"name\":\"Agenda do Dia: Ind\u00fastria americana, PMI da China, Guedes com Comex\",\"isPartOf\":{\"@id\":\"https:\/\/www.suno.com.br\/noticias\/#website\"},\"primaryImageOfPage\":{\"@id\":\"https:\/\/www.suno.com.br\/noticias\/agenda-do-dia-industria-americana-pmi-da-china-guedes-com-comex\/#primaryimage\"},\"image\":{\"@id\":\"https:\/\/www.suno.com.br\/noticias\/agenda-do-dia-industria-americana-pmi-da-china-guedes-com-comex\/#primaryimage\"},\"thumbnailUrl\":\"https:\/\/files.sunoresearch.com.br\/n\/uploads\/2020\/12\/71fb354e-agendadodia-jpg.webp\",\"datePublished\":\"2020-12-15T11:52:51+00:00\",\"dateModified\":\"2021-06-14T03:28:47+00:00\",\"description\":\"A agenda do dia\u00a0desta ter\u00e7a traz dados da ind\u00fastria americana, ata do Copom e Guedes com Gecex. Clique para ler mais.\",\"breadcrumb\":{\"@id\":\"https:\/\/www.suno.com.br\/noticias\/agenda-do-dia-industria-americana-pmi-da-china-guedes-com-comex\/#breadcrumb\"},\"inLanguage\":\"pt-BR\",\"potentialAction\":[{\"@type\":\"ReadAction\",\"target\":[\"https:\/\/www.suno.com.br\/noticias\/agenda-do-dia-industria-americana-pmi-da-china-guedes-com-comex\/\"]}]},{\"@type\":\"ImageObject\",\"inLanguage\":\"pt-BR\",\"@id\":\"https:\/\/www.suno.com.br\/noticias\/agenda-do-dia-industria-americana-pmi-da-china-guedes-com-comex\/#primaryimage\",\"url\":\"https:\/\/files.sunoresearch.com.br\/n\/uploads\/2020\/12\/71fb354e-agendadodia-jpg.webp\",\"contentUrl\":\"https:\/\/files.sunoresearch.com.br\/n\/uploads\/2020\/12\/71fb354e-agendadodia-jpg.webp\",\"width\":1024,\"height\":683,\"caption\":\"Agenda do dia tem Copom e falas do presidente do BC, Campos Neto\"},{\"@type\":\"BreadcrumbList\",\"@id\":\"https:\/\/www.suno.com.br\/noticias\/agenda-do-dia-industria-americana-pmi-da-china-guedes-com-comex\/#breadcrumb\",\"itemListElement\":[{\"@type\":\"ListItem\",\"position\":1,\"name\":\"Not\u00edcias\",\"item\":\"https:\/\/www.suno.com.br\/noticias\/\"},{\"@type\":\"ListItem\",\"position\":2,\"name\":\"Mercado\",\"item\":\"https:\/\/www.suno.com.br\/noticias\/mercado\/\"},{\"@type\":\"ListItem\",\"position\":3,\"name\":\"Agenda do Dia: Ind\u00fastria americana, PMI da China, Guedes com Comex\"}]},{\"@type\":\"WebSite\",\"@id\":\"https:\/\/www.suno.com.br\/noticias\/#website\",\"url\":\"https:\/\/www.suno.com.br\/noticias\/\",\"name\":\"Suno Not\u00edcias\",\"description\":\"Seu portal de informa\u00e7\u00e3o sobre o mundo dos investimentos\",\"publisher\":{\"@id\":\"https:\/\/www.suno.com.br\/noticias\/#organization\"},\"potentialAction\":[{\"@type\":\"SearchAction\",\"target\":{\"@type\":\"EntryPoint\",\"urlTemplate\":\"https:\/\/www.suno.com.br\/noticias\/?s={search_term_string}\"},\"query-input\":{\"@type\":\"PropertyValueSpecification\",\"valueRequired\":true,\"valueName\":\"search_term_string\"}}],\"inLanguage\":\"pt-BR\"},{\"@type\":\"Organization\",\"@id\":\"https:\/\/www.suno.com.br\/noticias\/#organization\",\"name\":\"Suno Not\u00edcias\",\"url\":\"https:\/\/www.suno.com.br\/noticias\/\",\"logo\":{\"@type\":\"ImageObject\",\"inLanguage\":\"pt-BR\",\"@id\":\"https:\/\/www.suno.com.br\/noticias\/#\/schema\/logo\/image\/\",\"url\":\"https:\/\/files.sunoresearch.com.br\/n\/uploads\/2021\/09\/suno-logo.png\",\"contentUrl\":\"https:\/\/files.sunoresearch.com.br\/n\/uploads\/2021\/09\/suno-logo.png\",\"width\":180,\"height\":180,\"caption\":\"Suno Not\u00edcias\"},\"image\":{\"@id\":\"https:\/\/www.suno.com.br\/noticias\/#\/schema\/logo\/image\/\"},\"sameAs\":[\"https:\/\/facebook.com\/sunoresearch\",\"https:\/\/x.com\/sunoresearch\",\"https:\/\/www.instagram.com\/suno\",\"https:\/\/www.linkedin.com\/company\/suno-research\/\",\"https:\/\/www.youtube.com\/c\/sunoresearch\"]},{\"@type\":\"Person\",\"@id\":\"https:\/\/www.suno.com.br\/noticias\/#\/schema\/person\/658d5fbc74d81f265f5df3562d0038ab\",\"name\":\"Vitor Azevedo\",\"image\":{\"@type\":\"ImageObject\",\"inLanguage\":\"pt-BR\",\"@id\":\"https:\/\/www.suno.com.br\/noticias\/#\/schema\/person\/image\/\",\"url\":\"https:\/\/secure.gravatar.com\/avatar\/62b86195291b446fe380824eb28b99a5?s=96&r=g\",\"contentUrl\":\"https:\/\/secure.gravatar.com\/avatar\/62b86195291b446fe380824eb28b99a5?s=96&r=g\",\"caption\":\"Vitor Azevedo\"},\"description\":\"Formado em jornalismo pela Unesp, escreve sobre economia e neg\u00f3cios para a Suno Not\u00edcias.\",\"url\":\"https:\/\/www.suno.com.br\/noticias\/author\/vitor-azevedo\/\"}]}<\/script>\n<!-- \/ Yoast SEO plugin. -->","yoast_head_json":{"title":"Agenda do Dia: Ind\u00fastria americana, PMI da China, Guedes com Comex","description":"A agenda do dia\u00a0desta ter\u00e7a traz dados da ind\u00fastria americana, ata do Copom e Guedes com Gecex. Clique para ler mais.","robots":{"index":"index","follow":"follow","max-snippet":"max-snippet:-1","max-image-preview":"max-image-preview:large","max-video-preview":"max-video-preview:-1"},"canonical":"https:\/\/www.suno.com.br\/noticias\/agenda-do-dia-industria-americana-pmi-da-china-guedes-com-comex\/","og_locale":"pt_BR","og_type":"article","og_title":"Agenda do Dia: Ind\u00fastria americana, PMI da China, Guedes com Comex","og_description":"A agenda do dia\u00a0desta ter\u00e7a traz dados da ind\u00fastria americana, ata do Copom e Guedes com Gecex. Clique para ler mais.","og_url":"https:\/\/www.suno.com.br\/noticias\/agenda-do-dia-industria-americana-pmi-da-china-guedes-com-comex\/","og_site_name":"Suno Not\u00edcias","article_publisher":"https:\/\/facebook.com\/sunoresearch","og_image":[{"width":1024,"height":683,"url":"https:\/\/files.sunoresearch.com.br\/n\/uploads\/2020\/12\/71fb354e-agendadodia.jpg","type":"image\/jpeg"}],"author":"Vitor Azevedo","twitter_card":"summary_large_image","twitter_creator":"@sunoresearch","twitter_site":"@sunoresearch","twitter_misc":{"Escrito por":"Vitor Azevedo","Est. tempo de leitura":"3 minutos"},"schema":{"@context":"https:\/\/schema.org","@graph":[{"@type":"NewsArticle","@id":"https:\/\/www.suno.com.br\/noticias\/agenda-do-dia-industria-americana-pmi-da-china-guedes-com-comex\/#article","isPartOf":{"@id":"https:\/\/www.suno.com.br\/noticias\/agenda-do-dia-industria-americana-pmi-da-china-guedes-com-comex\/"},"author":{"name":"Vitor Azevedo","@id":"https:\/\/www.suno.com.br\/noticias\/#\/schema\/person\/658d5fbc74d81f265f5df3562d0038ab"},"headline":"Agenda do Dia: Ind\u00fastria americana, PMI da China, Guedes com Comex","datePublished":"2020-12-15T11:52:51+00:00","dateModified":"2021-06-14T03:28:47+00:00","mainEntityOfPage":{"@id":"https:\/\/www.suno.com.br\/noticias\/agenda-do-dia-industria-americana-pmi-da-china-guedes-com-comex\/"},"wordCount":533,"publisher":{"@id":"https:\/\/www.suno.com.br\/noticias\/#organization"},"image":{"@id":"https:\/\/www.suno.com.br\/noticias\/agenda-do-dia-industria-americana-pmi-da-china-guedes-com-comex\/#primaryimage"},"thumbnailUrl":"https:\/\/files.sunoresearch.com.br\/n\/uploads\/2020\/12\/71fb354e-agendadodia-jpg.webp","keywords":["agenda do dia","Banco Central (BC)","Copom","ind\u00fastria","pmi"],"articleSection":["Mercado"],"inLanguage":"pt-BR"},{"@type":"WebPage","@id":"https:\/\/www.suno.com.br\/noticias\/agenda-do-dia-industria-americana-pmi-da-china-guedes-com-comex\/","url":"https:\/\/www.suno.com.br\/noticias\/agenda-do-dia-industria-americana-pmi-da-china-guedes-com-comex\/","name":"Agenda do Dia: Ind\u00fastria americana, PMI da China, Guedes com Comex","isPartOf":{"@id":"https:\/\/www.suno.com.br\/noticias\/#website"},"primaryImageOfPage":{"@id":"https:\/\/www.suno.com.br\/noticias\/agenda-do-dia-industria-americana-pmi-da-china-guedes-com-comex\/#primaryimage"},"image":{"@id":"https:\/\/www.suno.com.br\/noticias\/agenda-do-dia-industria-americana-pmi-da-china-guedes-com-comex\/#primaryimage"},"thumbnailUrl":"https:\/\/files.sunoresearch.com.br\/n\/uploads\/2020\/12\/71fb354e-agendadodia-jpg.webp","datePublished":"2020-12-15T11:52:51+00:00","dateModified":"2021-06-14T03:28:47+00:00","description":"A agenda do dia\u00a0desta ter\u00e7a traz dados da ind\u00fastria americana, ata do Copom e Guedes com Gecex. Clique para ler mais.","breadcrumb":{"@id":"https:\/\/www.suno.com.br\/noticias\/agenda-do-dia-industria-americana-pmi-da-china-guedes-com-comex\/#breadcrumb"},"inLanguage":"pt-BR","potentialAction":[{"@type":"ReadAction","target":["https:\/\/www.suno.com.br\/noticias\/agenda-do-dia-industria-americana-pmi-da-china-guedes-com-comex\/"]}]},{"@type":"ImageObject","inLanguage":"pt-BR","@id":"https:\/\/www.suno.com.br\/noticias\/agenda-do-dia-industria-americana-pmi-da-china-guedes-com-comex\/#primaryimage","url":"https:\/\/files.sunoresearch.com.br\/n\/uploads\/2020\/12\/71fb354e-agendadodia-jpg.webp","contentUrl":"https:\/\/files.sunoresearch.com.br\/n\/uploads\/2020\/12\/71fb354e-agendadodia-jpg.webp","width":1024,"height":683,"caption":"Agenda do dia tem Copom e falas do presidente do BC, Campos Neto"},{"@type":"BreadcrumbList","@id":"https:\/\/www.suno.com.br\/noticias\/agenda-do-dia-industria-americana-pmi-da-china-guedes-com-comex\/#breadcrumb","itemListElement":[{"@type":"ListItem","position":1,"name":"Not\u00edcias","item":"https:\/\/www.suno.com.br\/noticias\/"},{"@type":"ListItem","position":2,"name":"Mercado","item":"https:\/\/www.suno.com.br\/noticias\/mercado\/"},{"@type":"ListItem","position":3,"name":"Agenda do Dia: Ind\u00fastria americana, PMI da China, Guedes com Comex"}]},{"@type":"WebSite","@id":"https:\/\/www.suno.com.br\/noticias\/#website","url":"https:\/\/www.suno.com.br\/noticias\/","name":"Suno Not\u00edcias","description":"Seu portal de informa\u00e7\u00e3o sobre o mundo dos investimentos","publisher":{"@id":"https:\/\/www.suno.com.br\/noticias\/#organization"},"potentialAction":[{"@type":"SearchAction","target":{"@type":"EntryPoint","urlTemplate":"https:\/\/www.suno.com.br\/noticias\/?s={search_term_string}"},"query-input":{"@type":"PropertyValueSpecification","valueRequired":true,"valueName":"search_term_string"}}],"inLanguage":"pt-BR"},{"@type":"Organization","@id":"https:\/\/www.suno.com.br\/noticias\/#organization","name":"Suno Not\u00edcias","url":"https:\/\/www.suno.com.br\/noticias\/","logo":{"@type":"ImageObject","inLanguage":"pt-BR","@id":"https:\/\/www.suno.com.br\/noticias\/#\/schema\/logo\/image\/","url":"https:\/\/files.sunoresearch.com.br\/n\/uploads\/2021\/09\/suno-logo.png","contentUrl":"https:\/\/files.sunoresearch.com.br\/n\/uploads\/2021\/09\/suno-logo.png","width":180,"height":180,"caption":"Suno Not\u00edcias"},"image":{"@id":"https:\/\/www.suno.com.br\/noticias\/#\/schema\/logo\/image\/"},"sameAs":["https:\/\/facebook.com\/sunoresearch","https:\/\/x.com\/sunoresearch","https:\/\/www.instagram.com\/suno","https:\/\/www.linkedin.com\/company\/suno-research\/","https:\/\/www.youtube.com\/c\/sunoresearch"]},{"@type":"Person","@id":"https:\/\/www.suno.com.br\/noticias\/#\/schema\/person\/658d5fbc74d81f265f5df3562d0038ab","name":"Vitor Azevedo","image":{"@type":"ImageObject","inLanguage":"pt-BR","@id":"https:\/\/www.suno.com.br\/noticias\/#\/schema\/person\/image\/","url":"https:\/\/secure.gravatar.com\/avatar\/62b86195291b446fe380824eb28b99a5?s=96&r=g","contentUrl":"https:\/\/secure.gravatar.com\/avatar\/62b86195291b446fe380824eb28b99a5?s=96&r=g","caption":"Vitor Azevedo"},"description":"Formado em jornalismo pela Unesp, escreve sobre economia e neg\u00f3cios para a Suno Not\u00edcias.","url":"https:\/\/www.suno.com.br\/noticias\/author\/vitor-azevedo\/"}]}},"default_loop_html":"<div class=\"cardsPage__listCard__boxs\"><div class=\"cardsPage__listCard__boxs__img\"><a href=\"https:\/\/www.suno.com.br\/noticias\/agenda-do-dia-industria-americana-pmi-da-china-guedes-com-comex\/\"><img class=\"mask\" src=\"https:\/\/www.suno.com.br\/noticias\/wp-content\/themes\/suno\/resources\/images\/spotlight\/spotlight1img\/bg-mask.png\" alt=\"Image Mask\"\/><img src=\"https:\/\/files.sunoresearch.com.br\/n\/uploads\/2020\/12\/71fb354e-agendadodia-400x200.webp\" alt=\"Agenda do Dia: Ind\u00fastria americana, PMI da China, Guedes com Comex\"\/><\/a><span class=\"spotlightCategory\"><a href=\"https:\/\/www.suno.com.br\/noticias\/mercado\/\">Mercado<\/a><\/span><\/div><div class=\"cardsPage__listCard__boxs__content\"><a href=\"https:\/\/www.suno.com.br\/noticias\/agenda-do-dia-industria-americana-pmi-da-china-guedes-com-comex\/\"><h2 class=\"content__title\">Agenda do Dia: Ind\u00fastria americana, PMI da China, Guedes com Comex<\/h2><\/a><div class=\"newsContent__article__meta\"><div class=\"newsContent__article__meta__authorBox\"><a href=\"https:\/\/www.suno.com.br\/noticias\/author\/vitor-azevedo\/\" class=\"authorBox__avatar noMobi\"><img src=\"https:\/\/secure.gravatar.com\/avatar\/62b86195291b446fe380824eb28b99a5?s=96&#038;r=g\" alt=\"Vitor Azevedo\"><\/a><div class=\"authorBox__name\"><span>por\n\t\t\t<a href=\"https:\/\/www.suno.com.br\/noticias\/author\/vitor-azevedo\/\"><span itemprop=\"author\">Vitor Azevedo<\/span><\/a><\/span><time datetime=\"2020-12-15T08:52:51-03:00\" itemprop=\"datePublished\">15\/12\/2020 08:52<\/time><\/div><\/div><\/div><\/div><\/div>","single_layout":"posts","amp_enabled":true,"_links":{"self":[{"href":"https:\/\/www.suno.com.br\/noticias\/wp-json\/wp\/v2\/posts\/108189"}],"collection":[{"href":"https:\/\/www.suno.com.br\/noticias\/wp-json\/wp\/v2\/posts"}],"about":[{"href":"https:\/\/www.suno.com.br\/noticias\/wp-json\/wp\/v2\/types\/post"}],"author":[{"embeddable":true,"href":"https:\/\/www.suno.com.br\/noticias\/wp-json\/wp\/v2\/users\/59"}],"replies":[{"embeddable":true,"href":"https:\/\/www.suno.com.br\/noticias\/wp-json\/wp\/v2\/comments?post=108189"}],"version-history":[{"count":1,"href":"https:\/\/www.suno.com.br\/noticias\/wp-json\/wp\/v2\/posts\/108189\/revisions"}],"predecessor-version":[{"id":146322,"href":"https:\/\/www.suno.com.br\/noticias\/wp-json\/wp\/v2\/posts\/108189\/revisions\/146322"}],"wp:featuredmedia":[{"embeddable":true,"href":"https:\/\/www.suno.com.br\/noticias\/wp-json\/wp\/v2\/media\/108197"}],"wp:attachment":[{"href":"https:\/\/www.suno.com.br\/noticias\/wp-json\/wp\/v2\/media?parent=108189"}],"wp:term":[{"taxonomy":"category","embeddable":true,"href":"https:\/\/www.suno.com.br\/noticias\/wp-json\/wp\/v2\/categories?post=108189"},{"taxonomy":"post_tag","embeddable":true,"href":"https:\/\/www.suno.com.br\/noticias\/wp-json\/wp\/v2\/tags?post=108189"},{"taxonomy":"suno_strategy","embeddable":true,"href":"https:\/\/www.suno.com.br\/noticias\/wp-json\/wp\/v2\/suno_strategy?post=108189"}],"curies":[{"name":"wp","href":"https:\/\/api.w.org\/{rel}","templated":true}]}}