{"id":10818,"date":"2019-01-08T19:30:54","date_gmt":"2019-01-08T21:30:54","guid":{"rendered":"https:\/\/www.suno.com.br\/noticias\/?p=10818"},"modified":"2019-01-08T19:30:54","modified_gmt":"2019-01-08T21:30:54","slug":"celulares-piratas-foram-bloqueados-anatel","status":"publish","type":"post","link":"https:\/\/www.suno.com.br\/noticias\/celulares-piratas-foram-bloqueados-anatel\/","title":{"rendered":"Mais de 150.000 celulares piratas foram bloqueados em 2018, diz Anatel"},"content":{"rendered":"<p>A Ag\u00eancia Nacional de Telecomunica\u00e7\u00f5es (Anatel) informou nesta ter\u00e7a-feira (08) que bloqueou 154.689 celulares piratas em 2018.<\/p>\t<div class=\"wrapper-featured-image\">\n\t\t<figure class=\"spotlightImg\">\n\n\t\t\t<picture>\n\t\t\t\t<source media=\"(max-width: 768px)\" srcset=\"https:\/\/files.sunoresearch.com.br\/n\/uploads\/2018\/09\/13540a92-anatel-400x200.webp\">\n\t\t\t\t<img loading=\"lazy\" decoding=\"async\" class=\"newsContent__article__imgCapa lazyloadDisabled newsContent__article__imgCapa--noCaption\" src=\"https:\/\/files.sunoresearch.com.br\/n\/uploads\/2018\/09\/13540a92-anatel-800x450.webp\" width=\"800\" height=\"450\" alt=\"Mais de 150.000 celulares piratas foram bloqueados em 2018, diz Anatel\" fetchpriority=high \/>\n\t\t\t<\/picture>\n\n\t\t\t<figcaption class=\"wp-caption-text wp-caption-text--hide\">Anatel - Foto: Divulga\u00e7\u00e3o<\/figcaption>\n\t\t<\/figure>\n\t<\/div>\n\n\n<p><a href=\"https:\/\/www.suno.com.br\/noticias\/anatel-notificar-bloquear-celulares-piratas\/\">Saiba mais: Anatel vai notificar e bloquear celulares piratas em 15 estados<\/a><\/p>\n<p>As notifica\u00e7\u00f5es da <strong>Anatel<\/strong> come\u00e7aram a ser enviadas em fevereiro do ano passado. Por\u00e9m, os bloqueios dos <strong>celulares pirateados<\/strong> s\u00f3 ocorreram em maio e em apenas dois estados: Goi\u00e1s e Distrito Federal.<\/p>\n<p>Em dezembro, a ag\u00eancia iniciou o bloqueio dos celulares em mais dez estados: AC, ES, MS, MT, PR, RJ, RO, RS, SC e TO.<\/p>\n<p>Na \u00faltima segunda-feira (07), os usu\u00e1rios dos demais estados come\u00e7aram a receber as notifica\u00e7\u00f5es dos bloqueios, previsto para ocorrer no dia 24 de mar\u00e7o.<\/p>\n<p>Segundo a Anatel, o bloqueio ocorre ap\u00f3s 75 dias do recebimento da notifica\u00e7\u00e3o. No total, foram bloqueados 269.834 aparelhos irregulares.<\/p>\n<p>Confira os estados com mais notifica\u00e7\u00f5es:<\/p>\n<p>De maio a dezembro de 2018<\/p>\n<ul>\n<li>Goi\u00e1s: 74.338<\/li>\n<li>Distrito Federal: 49.688<\/li>\n<\/ul>\n<p>Dezembro de 2018<\/p>\n<ul>\n<li>Acre: 650<\/li>\n<li>Esp\u00edrito Santo: 3.074<\/li>\n<li>Mato Grosso: 1.388<\/li>\n<li>Mato Grosso do Sul: 1.965<\/li>\n<li>Paran\u00e1: 4.389<\/li>\n<li>Rio de Janeiro: 11.844<\/li>\n<li>Rond\u00f4nia: 721<\/li>\n<li>Rio Grande do Sul: 3.304<\/li>\n<li>Santa Catarina: 2.325<\/li>\n<li>Tocantins: 1.003<\/li>\n<\/ul>\n<h2>Como saber se o celular \u00e9 pirateado?<\/h2>\n<p>De acordo com a ag\u00eancia, celulares pirateados s\u00e3o aqueles n\u00e3o certificados pela Anatel ou com o IMEI (n\u00famero de identifica\u00e7\u00e3o do celular) adulterado, fraudado ou clonado.<\/p>\n<p>Para descobrir se o celular \u00e9 pirateado basta discar *#06# e comparar se os 15 algarismos mostrados na tela s\u00e3o os mesmos do adesivo do aparelho. Em caso negativo, o aparelho pode ter sido clonado ou fraudado.<\/p>\n<p><a href=\"https:\/\/www.suno.com.br\/noticias\/lg-electronics-queda-lucro-operacional\/\">Saiba mais: LG Electronics anuncia poss\u00edvel queda de 80% em lucro operacional<\/a><\/p>\n<p>A <strong>Anatel<\/strong> orienta ainda que se o usu\u00e1rio do celular receber a notifica\u00e7\u00e3o, deve procurar a empresa ou pessoa que vendeu o produto e buscar o direito do consumidor.<\/p>\n","protected":false},"excerpt":{"rendered":"<p>A Ag\u00eancia Nacional de Telecomunica\u00e7\u00f5es (Anatel) informou nesta ter\u00e7a-feira (08) que bloqueou 154.689 celulares piratas em 2018. Anatel &#8211; Foto: Divulga\u00e7\u00e3o Saiba mais: Anatel vai notificar e bloquear celulares piratas em 15 estados As notifica\u00e7\u00f5es da Anatel come\u00e7aram a ser enviadas em fevereiro do ano passado. Por\u00e9m, os bloqueios dos celulares pirateados s\u00f3 ocorreram em [&hellip;]<\/p>\n","protected":false},"author":14,"featured_media":3943,"comment_status":"closed","ping_status":"closed","sticky":false,"template":"","format":"standard","meta":[],"categories":[60],"tags":[831],"suno_strategy":[],"class_list":["post-10818","post","type-post","status-publish","format-standard","has-post-thumbnail","hentry","category-mercado","tag-anatel"],"yoast_head":"<!-- This site is optimized with the Yoast SEO plugin v24.4 - https:\/\/yoast.com\/wordpress\/plugins\/seo\/ -->\n<title>Mais de 150.000 celulares piratas foram bloqueados em 2018, diz Anatel<\/title>\n<meta name=\"description\" content=\"Para descobrir se o celular \u00e9 pirateado basta discar *#06# e checar se o algarismo bate com os adesivos do aparelho. Clique para saber mais.\" \/>\n<meta name=\"robots\" content=\"index, follow, max-snippet:-1, max-image-preview:large, max-video-preview:-1\" \/>\n<link rel=\"canonical\" href=\"https:\/\/www.suno.com.br\/noticias\/celulares-piratas-foram-bloqueados-anatel\/\" \/>\n<meta property=\"og:locale\" content=\"pt_BR\" \/>\n<meta property=\"og:type\" content=\"article\" \/>\n<meta property=\"og:title\" content=\"Mais de 150.000 celulares piratas foram bloqueados em 2018, diz Anatel\" \/>\n<meta property=\"og:description\" content=\"Para descobrir se o celular \u00e9 pirateado basta discar *#06# e checar se o algarismo bate com os adesivos do aparelho. Clique para saber mais.\" \/>\n<meta property=\"og:url\" content=\"https:\/\/www.suno.com.br\/noticias\/celulares-piratas-foram-bloqueados-anatel\/\" \/>\n<meta property=\"og:site_name\" content=\"Suno Not\u00edcias\" \/>\n<meta property=\"article:publisher\" content=\"https:\/\/facebook.com\/sunoresearch\" \/>\n<meta property=\"og:image\" content=\"https:\/\/files.sunoresearch.com.br\/n\/uploads\/2018\/09\/13540a92-anatel.jpg\" \/>\n\t<meta property=\"og:image:width\" content=\"1600\" \/>\n\t<meta property=\"og:image:height\" content=\"1063\" \/>\n\t<meta property=\"og:image:type\" content=\"image\/jpeg\" \/>\n<meta name=\"author\" content=\"Renan Dantas\" \/>\n<meta name=\"twitter:card\" content=\"summary_large_image\" \/>\n<meta name=\"twitter:creator\" content=\"@sunoresearch\" \/>\n<meta name=\"twitter:site\" content=\"@sunoresearch\" \/>\n<meta name=\"twitter:label1\" content=\"Escrito por\" \/>\n\t<meta name=\"twitter:data1\" content=\"Renan Dantas\" \/>\n\t<meta name=\"twitter:label2\" content=\"Est. tempo de leitura\" \/>\n\t<meta name=\"twitter:data2\" content=\"1 minuto\" \/>\n<script type=\"application\/ld+json\" class=\"yoast-schema-graph\">{\"@context\":\"https:\/\/schema.org\",\"@graph\":[{\"@type\":\"NewsArticle\",\"@id\":\"https:\/\/www.suno.com.br\/noticias\/celulares-piratas-foram-bloqueados-anatel\/#article\",\"isPartOf\":{\"@id\":\"https:\/\/www.suno.com.br\/noticias\/celulares-piratas-foram-bloqueados-anatel\/\"},\"author\":{\"name\":\"Renan Dantas\",\"@id\":\"https:\/\/www.suno.com.br\/noticias\/#\/schema\/person\/3f7693d5795a3f6d5ce15309ee785699\"},\"headline\":\"Mais de 150.000 celulares piratas foram bloqueados em 2018, diz Anatel\",\"datePublished\":\"2019-01-08T21:30:54+00:00\",\"mainEntityOfPage\":{\"@id\":\"https:\/\/www.suno.com.br\/noticias\/celulares-piratas-foram-bloqueados-anatel\/\"},\"wordCount\":300,\"publisher\":{\"@id\":\"https:\/\/www.suno.com.br\/noticias\/#organization\"},\"image\":{\"@id\":\"https:\/\/www.suno.com.br\/noticias\/celulares-piratas-foram-bloqueados-anatel\/#primaryimage\"},\"thumbnailUrl\":\"https:\/\/files.sunoresearch.com.br\/n\/uploads\/2018\/09\/13540a92-anatel-jpg.webp\",\"keywords\":[\"Anatel\"],\"articleSection\":[\"Mercado\"],\"inLanguage\":\"pt-BR\"},{\"@type\":\"WebPage\",\"@id\":\"https:\/\/www.suno.com.br\/noticias\/celulares-piratas-foram-bloqueados-anatel\/\",\"url\":\"https:\/\/www.suno.com.br\/noticias\/celulares-piratas-foram-bloqueados-anatel\/\",\"name\":\"Mais de 150.000 celulares piratas foram bloqueados em 2018, diz Anatel\",\"isPartOf\":{\"@id\":\"https:\/\/www.suno.com.br\/noticias\/#website\"},\"primaryImageOfPage\":{\"@id\":\"https:\/\/www.suno.com.br\/noticias\/celulares-piratas-foram-bloqueados-anatel\/#primaryimage\"},\"image\":{\"@id\":\"https:\/\/www.suno.com.br\/noticias\/celulares-piratas-foram-bloqueados-anatel\/#primaryimage\"},\"thumbnailUrl\":\"https:\/\/files.sunoresearch.com.br\/n\/uploads\/2018\/09\/13540a92-anatel-jpg.webp\",\"datePublished\":\"2019-01-08T21:30:54+00:00\",\"description\":\"Para descobrir se o celular \u00e9 pirateado basta discar *#06# e checar se o algarismo bate com os adesivos do aparelho. Clique para saber mais.\",\"breadcrumb\":{\"@id\":\"https:\/\/www.suno.com.br\/noticias\/celulares-piratas-foram-bloqueados-anatel\/#breadcrumb\"},\"inLanguage\":\"pt-BR\",\"potentialAction\":[{\"@type\":\"ReadAction\",\"target\":[\"https:\/\/www.suno.com.br\/noticias\/celulares-piratas-foram-bloqueados-anatel\/\"]}]},{\"@type\":\"ImageObject\",\"inLanguage\":\"pt-BR\",\"@id\":\"https:\/\/www.suno.com.br\/noticias\/celulares-piratas-foram-bloqueados-anatel\/#primaryimage\",\"url\":\"https:\/\/files.sunoresearch.com.br\/n\/uploads\/2018\/09\/13540a92-anatel-jpg.webp\",\"contentUrl\":\"https:\/\/files.sunoresearch.com.br\/n\/uploads\/2018\/09\/13540a92-anatel-jpg.webp\",\"width\":1600,\"height\":1063,\"caption\":\"Anatel - Foto: Divulga\u00e7\u00e3o\"},{\"@type\":\"BreadcrumbList\",\"@id\":\"https:\/\/www.suno.com.br\/noticias\/celulares-piratas-foram-bloqueados-anatel\/#breadcrumb\",\"itemListElement\":[{\"@type\":\"ListItem\",\"position\":1,\"name\":\"Not\u00edcias\",\"item\":\"https:\/\/www.suno.com.br\/noticias\/\"},{\"@type\":\"ListItem\",\"position\":2,\"name\":\"Mercado\",\"item\":\"https:\/\/www.suno.com.br\/noticias\/mercado\/\"},{\"@type\":\"ListItem\",\"position\":3,\"name\":\"Mais de 150.000 celulares piratas foram bloqueados em 2018, diz Anatel\"}]},{\"@type\":\"WebSite\",\"@id\":\"https:\/\/www.suno.com.br\/noticias\/#website\",\"url\":\"https:\/\/www.suno.com.br\/noticias\/\",\"name\":\"Suno Not\u00edcias\",\"description\":\"Seu portal de informa\u00e7\u00e3o sobre o mundo dos investimentos\",\"publisher\":{\"@id\":\"https:\/\/www.suno.com.br\/noticias\/#organization\"},\"potentialAction\":[{\"@type\":\"SearchAction\",\"target\":{\"@type\":\"EntryPoint\",\"urlTemplate\":\"https:\/\/www.suno.com.br\/noticias\/?s={search_term_string}\"},\"query-input\":{\"@type\":\"PropertyValueSpecification\",\"valueRequired\":true,\"valueName\":\"search_term_string\"}}],\"inLanguage\":\"pt-BR\"},{\"@type\":\"Organization\",\"@id\":\"https:\/\/www.suno.com.br\/noticias\/#organization\",\"name\":\"Suno Not\u00edcias\",\"url\":\"https:\/\/www.suno.com.br\/noticias\/\",\"logo\":{\"@type\":\"ImageObject\",\"inLanguage\":\"pt-BR\",\"@id\":\"https:\/\/www.suno.com.br\/noticias\/#\/schema\/logo\/image\/\",\"url\":\"https:\/\/files.sunoresearch.com.br\/n\/uploads\/2021\/09\/suno-logo.png\",\"contentUrl\":\"https:\/\/files.sunoresearch.com.br\/n\/uploads\/2021\/09\/suno-logo.png\",\"width\":180,\"height\":180,\"caption\":\"Suno Not\u00edcias\"},\"image\":{\"@id\":\"https:\/\/www.suno.com.br\/noticias\/#\/schema\/logo\/image\/\"},\"sameAs\":[\"https:\/\/facebook.com\/sunoresearch\",\"https:\/\/x.com\/sunoresearch\",\"https:\/\/www.instagram.com\/suno\",\"https:\/\/www.linkedin.com\/company\/suno-research\/\",\"https:\/\/www.youtube.com\/c\/sunoresearch\"]},{\"@type\":\"Person\",\"@id\":\"https:\/\/www.suno.com.br\/noticias\/#\/schema\/person\/3f7693d5795a3f6d5ce15309ee785699\",\"name\":\"Renan Dantas\",\"image\":{\"@type\":\"ImageObject\",\"inLanguage\":\"pt-BR\",\"@id\":\"https:\/\/www.suno.com.br\/noticias\/#\/schema\/person\/image\/\",\"url\":\"https:\/\/secure.gravatar.com\/avatar\/1787b83e7484a08e51d62ac8b41c8396?s=96&r=g\",\"contentUrl\":\"https:\/\/secure.gravatar.com\/avatar\/1787b83e7484a08e51d62ac8b41c8396?s=96&r=g\",\"caption\":\"Renan Dantas\"},\"description\":\"Escreve sobre pol\u00edtica e mercado financeiro para o portal Suno Not\u00edcias. Antes, atuou na assessoria de comunica\u00e7\u00e3o do Minist\u00e9rio P\u00fablico do Trabalho e na R\u00e1dio Mackenzie, onde apresentava e produzia um programa sobre artistas da m\u00fasica brasileira. \u00c9 estudante na Universidade Presbiteriana Mackenzie.\",\"url\":\"https:\/\/www.suno.com.br\/noticias\/author\/renan-dantas\/\"}]}<\/script>\n<!-- \/ Yoast SEO plugin. -->","yoast_head_json":{"title":"Mais de 150.000 celulares piratas foram bloqueados em 2018, diz Anatel","description":"Para descobrir se o celular \u00e9 pirateado basta discar *#06# e checar se o algarismo bate com os adesivos do aparelho. Clique para saber mais.","robots":{"index":"index","follow":"follow","max-snippet":"max-snippet:-1","max-image-preview":"max-image-preview:large","max-video-preview":"max-video-preview:-1"},"canonical":"https:\/\/www.suno.com.br\/noticias\/celulares-piratas-foram-bloqueados-anatel\/","og_locale":"pt_BR","og_type":"article","og_title":"Mais de 150.000 celulares piratas foram bloqueados em 2018, diz Anatel","og_description":"Para descobrir se o celular \u00e9 pirateado basta discar *#06# e checar se o algarismo bate com os adesivos do aparelho. Clique para saber mais.","og_url":"https:\/\/www.suno.com.br\/noticias\/celulares-piratas-foram-bloqueados-anatel\/","og_site_name":"Suno Not\u00edcias","article_publisher":"https:\/\/facebook.com\/sunoresearch","og_image":[{"width":1600,"height":1063,"url":"https:\/\/files.sunoresearch.com.br\/n\/uploads\/2018\/09\/13540a92-anatel.jpg","type":"image\/jpeg"}],"author":"Renan Dantas","twitter_card":"summary_large_image","twitter_creator":"@sunoresearch","twitter_site":"@sunoresearch","twitter_misc":{"Escrito por":"Renan Dantas","Est. tempo de leitura":"1 minuto"},"schema":{"@context":"https:\/\/schema.org","@graph":[{"@type":"NewsArticle","@id":"https:\/\/www.suno.com.br\/noticias\/celulares-piratas-foram-bloqueados-anatel\/#article","isPartOf":{"@id":"https:\/\/www.suno.com.br\/noticias\/celulares-piratas-foram-bloqueados-anatel\/"},"author":{"name":"Renan Dantas","@id":"https:\/\/www.suno.com.br\/noticias\/#\/schema\/person\/3f7693d5795a3f6d5ce15309ee785699"},"headline":"Mais de 150.000 celulares piratas foram bloqueados em 2018, diz Anatel","datePublished":"2019-01-08T21:30:54+00:00","mainEntityOfPage":{"@id":"https:\/\/www.suno.com.br\/noticias\/celulares-piratas-foram-bloqueados-anatel\/"},"wordCount":300,"publisher":{"@id":"https:\/\/www.suno.com.br\/noticias\/#organization"},"image":{"@id":"https:\/\/www.suno.com.br\/noticias\/celulares-piratas-foram-bloqueados-anatel\/#primaryimage"},"thumbnailUrl":"https:\/\/files.sunoresearch.com.br\/n\/uploads\/2018\/09\/13540a92-anatel-jpg.webp","keywords":["Anatel"],"articleSection":["Mercado"],"inLanguage":"pt-BR"},{"@type":"WebPage","@id":"https:\/\/www.suno.com.br\/noticias\/celulares-piratas-foram-bloqueados-anatel\/","url":"https:\/\/www.suno.com.br\/noticias\/celulares-piratas-foram-bloqueados-anatel\/","name":"Mais de 150.000 celulares piratas foram bloqueados em 2018, diz Anatel","isPartOf":{"@id":"https:\/\/www.suno.com.br\/noticias\/#website"},"primaryImageOfPage":{"@id":"https:\/\/www.suno.com.br\/noticias\/celulares-piratas-foram-bloqueados-anatel\/#primaryimage"},"image":{"@id":"https:\/\/www.suno.com.br\/noticias\/celulares-piratas-foram-bloqueados-anatel\/#primaryimage"},"thumbnailUrl":"https:\/\/files.sunoresearch.com.br\/n\/uploads\/2018\/09\/13540a92-anatel-jpg.webp","datePublished":"2019-01-08T21:30:54+00:00","description":"Para descobrir se o celular \u00e9 pirateado basta discar *#06# e checar se o algarismo bate com os adesivos do aparelho. Clique para saber mais.","breadcrumb":{"@id":"https:\/\/www.suno.com.br\/noticias\/celulares-piratas-foram-bloqueados-anatel\/#breadcrumb"},"inLanguage":"pt-BR","potentialAction":[{"@type":"ReadAction","target":["https:\/\/www.suno.com.br\/noticias\/celulares-piratas-foram-bloqueados-anatel\/"]}]},{"@type":"ImageObject","inLanguage":"pt-BR","@id":"https:\/\/www.suno.com.br\/noticias\/celulares-piratas-foram-bloqueados-anatel\/#primaryimage","url":"https:\/\/files.sunoresearch.com.br\/n\/uploads\/2018\/09\/13540a92-anatel-jpg.webp","contentUrl":"https:\/\/files.sunoresearch.com.br\/n\/uploads\/2018\/09\/13540a92-anatel-jpg.webp","width":1600,"height":1063,"caption":"Anatel - Foto: Divulga\u00e7\u00e3o"},{"@type":"BreadcrumbList","@id":"https:\/\/www.suno.com.br\/noticias\/celulares-piratas-foram-bloqueados-anatel\/#breadcrumb","itemListElement":[{"@type":"ListItem","position":1,"name":"Not\u00edcias","item":"https:\/\/www.suno.com.br\/noticias\/"},{"@type":"ListItem","position":2,"name":"Mercado","item":"https:\/\/www.suno.com.br\/noticias\/mercado\/"},{"@type":"ListItem","position":3,"name":"Mais de 150.000 celulares piratas foram bloqueados em 2018, diz Anatel"}]},{"@type":"WebSite","@id":"https:\/\/www.suno.com.br\/noticias\/#website","url":"https:\/\/www.suno.com.br\/noticias\/","name":"Suno Not\u00edcias","description":"Seu portal de informa\u00e7\u00e3o sobre o mundo dos investimentos","publisher":{"@id":"https:\/\/www.suno.com.br\/noticias\/#organization"},"potentialAction":[{"@type":"SearchAction","target":{"@type":"EntryPoint","urlTemplate":"https:\/\/www.suno.com.br\/noticias\/?s={search_term_string}"},"query-input":{"@type":"PropertyValueSpecification","valueRequired":true,"valueName":"search_term_string"}}],"inLanguage":"pt-BR"},{"@type":"Organization","@id":"https:\/\/www.suno.com.br\/noticias\/#organization","name":"Suno Not\u00edcias","url":"https:\/\/www.suno.com.br\/noticias\/","logo":{"@type":"ImageObject","inLanguage":"pt-BR","@id":"https:\/\/www.suno.com.br\/noticias\/#\/schema\/logo\/image\/","url":"https:\/\/files.sunoresearch.com.br\/n\/uploads\/2021\/09\/suno-logo.png","contentUrl":"https:\/\/files.sunoresearch.com.br\/n\/uploads\/2021\/09\/suno-logo.png","width":180,"height":180,"caption":"Suno Not\u00edcias"},"image":{"@id":"https:\/\/www.suno.com.br\/noticias\/#\/schema\/logo\/image\/"},"sameAs":["https:\/\/facebook.com\/sunoresearch","https:\/\/x.com\/sunoresearch","https:\/\/www.instagram.com\/suno","https:\/\/www.linkedin.com\/company\/suno-research\/","https:\/\/www.youtube.com\/c\/sunoresearch"]},{"@type":"Person","@id":"https:\/\/www.suno.com.br\/noticias\/#\/schema\/person\/3f7693d5795a3f6d5ce15309ee785699","name":"Renan Dantas","image":{"@type":"ImageObject","inLanguage":"pt-BR","@id":"https:\/\/www.suno.com.br\/noticias\/#\/schema\/person\/image\/","url":"https:\/\/secure.gravatar.com\/avatar\/1787b83e7484a08e51d62ac8b41c8396?s=96&r=g","contentUrl":"https:\/\/secure.gravatar.com\/avatar\/1787b83e7484a08e51d62ac8b41c8396?s=96&r=g","caption":"Renan Dantas"},"description":"Escreve sobre pol\u00edtica e mercado financeiro para o portal Suno Not\u00edcias. Antes, atuou na assessoria de comunica\u00e7\u00e3o do Minist\u00e9rio P\u00fablico do Trabalho e na R\u00e1dio Mackenzie, onde apresentava e produzia um programa sobre artistas da m\u00fasica brasileira. \u00c9 estudante na Universidade Presbiteriana Mackenzie.","url":"https:\/\/www.suno.com.br\/noticias\/author\/renan-dantas\/"}]}},"default_loop_html":"<div class=\"cardsPage__listCard__boxs\"><div class=\"cardsPage__listCard__boxs__img\"><a href=\"https:\/\/www.suno.com.br\/noticias\/celulares-piratas-foram-bloqueados-anatel\/\"><img class=\"mask\" src=\"https:\/\/www.suno.com.br\/noticias\/wp-content\/themes\/suno\/resources\/images\/spotlight\/spotlight1img\/bg-mask.png\" alt=\"Image Mask\"\/><img src=\"https:\/\/files.sunoresearch.com.br\/n\/uploads\/2018\/09\/13540a92-anatel-400x200.webp\" alt=\"Mais de 150.000 celulares piratas foram bloqueados em 2018, diz Anatel\"\/><\/a><span class=\"spotlightCategory\"><a href=\"https:\/\/www.suno.com.br\/noticias\/mercado\/\">Mercado<\/a><\/span><\/div><div class=\"cardsPage__listCard__boxs__content\"><a href=\"https:\/\/www.suno.com.br\/noticias\/celulares-piratas-foram-bloqueados-anatel\/\"><h2 class=\"content__title\">Mais de 150.000 celulares piratas foram bloqueados em 2018, diz Anatel<\/h2><\/a><div class=\"newsContent__article__meta\"><div class=\"newsContent__article__meta__authorBox\"><a href=\"https:\/\/www.suno.com.br\/noticias\/author\/renan-dantas\/\" class=\"authorBox__avatar noMobi\"><img src=\"https:\/\/secure.gravatar.com\/avatar\/1787b83e7484a08e51d62ac8b41c8396?s=96&#038;r=g\" alt=\"Renan Dantas\"><\/a><div class=\"authorBox__name\"><span>por\n\t\t\t<a href=\"https:\/\/www.suno.com.br\/noticias\/author\/renan-dantas\/\"><span itemprop=\"author\">Renan Dantas<\/span><\/a><\/span><time datetime=\"2019-01-08T19:30:54-02:00\" itemprop=\"datePublished\">08\/01\/2019 19:30<\/time><\/div><\/div><\/div><\/div><\/div>","single_layout":"posts","amp_enabled":true,"_links":{"self":[{"href":"https:\/\/www.suno.com.br\/noticias\/wp-json\/wp\/v2\/posts\/10818"}],"collection":[{"href":"https:\/\/www.suno.com.br\/noticias\/wp-json\/wp\/v2\/posts"}],"about":[{"href":"https:\/\/www.suno.com.br\/noticias\/wp-json\/wp\/v2\/types\/post"}],"author":[{"embeddable":true,"href":"https:\/\/www.suno.com.br\/noticias\/wp-json\/wp\/v2\/users\/14"}],"replies":[{"embeddable":true,"href":"https:\/\/www.suno.com.br\/noticias\/wp-json\/wp\/v2\/comments?post=10818"}],"version-history":[{"count":0,"href":"https:\/\/www.suno.com.br\/noticias\/wp-json\/wp\/v2\/posts\/10818\/revisions"}],"wp:featuredmedia":[{"embeddable":true,"href":"https:\/\/www.suno.com.br\/noticias\/wp-json\/wp\/v2\/media\/3943"}],"wp:attachment":[{"href":"https:\/\/www.suno.com.br\/noticias\/wp-json\/wp\/v2\/media?parent=10818"}],"wp:term":[{"taxonomy":"category","embeddable":true,"href":"https:\/\/www.suno.com.br\/noticias\/wp-json\/wp\/v2\/categories?post=10818"},{"taxonomy":"post_tag","embeddable":true,"href":"https:\/\/www.suno.com.br\/noticias\/wp-json\/wp\/v2\/tags?post=10818"},{"taxonomy":"suno_strategy","embeddable":true,"href":"https:\/\/www.suno.com.br\/noticias\/wp-json\/wp\/v2\/suno_strategy?post=10818"}],"curies":[{"name":"wp","href":"https:\/\/api.w.org\/{rel}","templated":true}]}}