{"id":108053,"date":"2020-12-14T19:29:34","date_gmt":"2020-12-14T22:29:34","guid":{"rendered":"https:\/\/www.suno.com.br\/noticias\/?p=108053"},"modified":"2020-12-14T19:29:34","modified_gmt":"2020-12-14T22:29:34","slug":"blackrock-possibilidade-bolhas-financeiras-america-latina","status":"publish","type":"post","link":"https:\/\/www.suno.com.br\/noticias\/blackrock-possibilidade-bolhas-financeiras-america-latina\/","title":{"rendered":"Bolhas financeiras na Am\u00e9rica Latina? A BlackRock j\u00e1 v\u00ea essa possibilidade"},"content":{"rendered":"<p>O chefe de soberanos e <a href=\"https:\/\/www.suno.com.br\/artigos\/paises-emergentes\/\">mercados emergentes<\/a> da BlackRock (<a href=\"https:\/\/www.suno.com.br\/artigos\/nyse\/\">NYSE<\/a>: BLK), Amer Bisat, afirmou nesta segunda-feira (14) que o <a href=\"https:\/\/www.suno.com.br\/artigos\/liquidez\/\">excesso de liquidez global<\/a> pode levar \u00e0 forma\u00e7\u00e3o de <a href=\"https:\/\/www.suno.com.br\/artigos\/bolha-financeira-aprenda-o-que-e-e-veja-3-grandes-bolhas-especulativas\/\"><strong>bolhas financeiras<\/strong> em ativos na Am\u00e9rica Latina<\/a>. O executivo, no entanto ponderou que ainda n\u00e3o chegamos nesse patamar. As informa\u00e7\u00f5es foram divulgadas pelo jornal <em>Valor Econ\u00f4mico<\/em>.<\/p>\t<div class=\"wrapper-featured-image\">\n\t\t<figure class=\"spotlightImg\">\n\n\t\t\t<picture>\n\t\t\t\t<source media=\"(max-width: 768px)\" srcset=\"https:\/\/files.sunoresearch.com.br\/n\/uploads\/2020\/12\/408d7d8f-bubble_2_easy-resize.com_-400x200.webp\">\n\t\t\t\t<img loading=\"lazy\" decoding=\"async\" class=\"newsContent__article__imgCapa lazyloadDisabled \" src=\"https:\/\/files.sunoresearch.com.br\/n\/uploads\/2020\/12\/408d7d8f-bubble_2_easy-resize.com_-800x450.webp\" width=\"800\" height=\"450\" alt=\"Bolhas financeiras na Am\u00e9rica Latina? A BlackRock j\u00e1 v\u00ea essa possibilidade\" fetchpriority=high \/>\n\t\t\t<\/picture>\n\n\t\t\t<figcaption class=\"wp-caption-text wp-caption-text--show\">Bolha Foto: Pinterest<\/figcaption>\n\t\t<\/figure>\n\t<\/div>\n\n\n\t<p>\n\t\t<a href=\"https:\/\/lp.suno.com.br\/planilha-controle-gastos\/\" target=\"_blank\" data-element=\"shortcode-suno-banner\" title=\"Banner SUNO, clique e saiba mais\">\n\t\t\t<picture>\n\t\t\t\t<source media=\"(max-width: 500px)\" srcset=\"https:\/\/files.sunoresearch.com.br\/n\/uploads\/2023\/03\/400x300-Planilha-controle-de-gastos.png\">\n\t\t\t\t<img class=\"newsContent__article__imgCapa newsContent__article__imgCapa--banner\"\n\t\t\t\t\tsrc=\"https:\/\/files.sunoresearch.com.br\/n\/uploads\/2023\/03\/1420x240-Planilha-controle-de-gastos.png\"\n\t\t\t\t\tdata-promo-id=\"101751\"\t\t\t\t\t\t\t\t\t\twidth='1420' height='240'\t\t\t\t\talt=\"https:\/\/files.sunoresearch.com.br\/n\/uploads\/2023\/03\/1420x240-Planilha-controle-de-gastos.png\"\n\t\t\t\t>\n\t\t\t<\/picture>\n\t\t<\/a>\n\t<\/p>\n\n\n<p>\u201cA primeira onda de <a href=\"https:\/\/www.suno.com.br\/artigos\/quantitative-easing\/\">QE [quantitative easing]<\/a> tamb\u00e9m gerou um <strong>influxo massivo de capital nos emergentes<\/strong>, n\u00f3s j\u00e1 vimos esse movimento antes, mas ainda n\u00e3o estamos l\u00e1 [no n\u00edvel de gera\u00e7\u00e3o de bolhas]\u201d, declarou o executivo da BlackRock, no GZero Summit Am\u00e9rica Latina, organizado pela Eurasia e pela <a href=\"https:\/\/www.suno.com.br\/artigos\/b3\/\">B3<\/a>.<\/p>\n<p>Segundo Bisat, o pr\u00eamio e o fluxo de capital externo em 2020 na regi\u00e3o ainda est\u00e3o abaixo da m\u00e9dia hist\u00f3rica. Apesar disso, o executivo afirmou que os fundamentos dos <strong>pa\u00edses da Am\u00e9rica Latina<\/strong> s\u00e3o mais fr\u00e1geis comparados aos pares emergentes da \u00c1sia.<\/p>\n<p><a href=\"https:\/\/lp.suno.com.br\/suno-one\/\">Suno One: acesse gratuitamente eBooks, Minicursos, Artigos e Video Aulas sobre investimentos com um \u00fanico cadastro. Clique para saber mais!<\/a><\/p>\n<p>Para Bisat, \u201c2021 parece que ser\u00e1 um bom ano ciclicamente para os emergentes e como a procura por <a href=\"https:\/\/www.suno.com.br\/artigos\/yield-curve\/\">yields<\/a> continua, vejo a Am\u00e9rica Latina como uma das oportunidades mais interessantes do momento\u201d, disse o chefe de mercados emergentes da BlackRock. \u201cComparado com os asi\u00e1ticos os fundamentos s\u00e3o piores, mas os pr\u00eamios s\u00e3o mais elevados.\u201d<\/p>\n\t<p>\n\t\t<a href=\"https:\/\/lp.suno.com.br\/planilha-da-vida-financeira\/\" target=\"_blank\" data-element=\"shortcode-suno-banner\" title=\"Banner SUNO, clique e saiba mais\">\n\t\t\t<picture>\n\t\t\t\t<source media=\"(max-width: 500px)\" srcset=\"https:\/\/files.sunoresearch.com.br\/n\/uploads\/2023\/04\/400x300-Planilha-vida-financeira-true.png\">\n\t\t\t\t<img class=\"newsContent__article__imgCapa newsContent__article__imgCapa--banner\"\n\t\t\t\t\tsrc=\"https:\/\/files.sunoresearch.com.br\/n\/uploads\/2023\/04\/1420x240-Planilha-vida-financeira-true.png\"\n\t\t\t\t\tdata-promo-id=\"106682\"\t\t\t\t\t\t\t\t\t\twidth='1420' height='240'\t\t\t\t\talt=\"https:\/\/files.sunoresearch.com.br\/n\/uploads\/2023\/04\/1420x240-Planilha-vida-financeira-true.png\"\n\t\t\t\t>\n\t\t\t<\/picture>\n\t\t<\/a>\n\t<\/p>\n\n\n<h2>Desafios v\u00e3o voltar, diz BlackRock<\/h2>\n<p>De acordo com o executivo da BlackRock, \u201ch\u00e1 raz\u00f5es porque os mercados est\u00e3o ignorando os desafios, mas os desafios v\u00e3o voltar\u201d. &#8220;Um dos argumentos \u00e9 que o pior ficou para tr\u00e1s, al\u00e9m disso as respostas pol\u00edticas na regi\u00e3o parecem ter sido bem recebidas pelos mercados\u201d, acrescentou.<\/p>\n<p>Bisat avaliou que o mercado tem se focado mais no curto prazo e nas perspectivas de retomada dos pa\u00edses no pr\u00f3ximo ano, apoiado nas not\u00edcias promissoras do in\u00edcio do processo de vacina\u00e7\u00e3o.<\/p>\n\t<div data-element=\"shortcode-read-more\" class=\"knowMore\">\n\t\t\t\t<span class=\"knowMore__title\">N\u00e3o deixe de conferir<\/span>\n\t\t\t\t<a class=\"knowMore__link\" href=\"https:\/\/www.suno.com.br\/noticias\/bolha-tech-greenlight-capital\/\">\n\t\t\tBolha de tecnologia? A Greenlight Capital diz que sim, e uma &#039;enorme&#039;\t\t<\/a>\n\t<\/div>\n\n\n<p>Para ele, a avalia\u00e7\u00e3o imediatista pode contribuir para <strong>bolhas financeiras<\/strong> na regi\u00e3o da Am\u00e9rica Latina. \u201c\u00c9 que no curto prazo, as coisas parecem bem, com <a href=\"https:\/\/lp.suno.com.br\/minicurso-valuation\/\">valuations atrativos<\/a> e a sensa\u00e7\u00e3o de que o pior ficou pra tr\u00e1s, mas no longo prazo todos os desafios ainda permanecem, como a quest\u00e3o da <a href=\"https:\/\/www.suno.com.br\/artigos\/alavancagem\/\">desalavancagem<\/a> e administra\u00e7\u00e3o dos problemas fiscais\u201d, observou.<\/p>\n\t<p>\n\t\t<a href=\"https:\/\/lp.suno.com.br\/planilha-de-controle-de-investimentos\/\" target=\"_blank\" data-element=\"shortcode-suno-banner\" title=\"Banner SUNO, clique e saiba mais\">\n\t\t\t<picture>\n\t\t\t\t<source media=\"(max-width: 500px)\" srcset=\"https:\/\/files.sunoresearch.com.br\/n\/uploads\/2023\/03\/400x300-Controle-de-Investimentos.png\">\n\t\t\t\t<img class=\"newsContent__article__imgCapa newsContent__article__imgCapa--banner\"\n\t\t\t\t\tsrc=\"https:\/\/files.sunoresearch.com.br\/n\/uploads\/2023\/03\/1420x240-Controle-de-Investimentos.png\"\n\t\t\t\t\tdata-promo-id=\"75934\"\t\t\t\t\t\t\t\t\t\twidth='1420' height='240'\t\t\t\t\talt=\"https:\/\/files.sunoresearch.com.br\/n\/uploads\/2023\/03\/1420x240-Controle-de-Investimentos.png\"\n\t\t\t\t>\n\t\t\t<\/picture>\n\t\t<\/a>\n\t<\/p>\n\n\n","protected":false},"excerpt":{"rendered":"<p>O chefe de soberanos e mercados emergentes da BlackRock (NYSE: BLK), Amer Bisat, afirmou nesta segunda-feira (14) que o excesso de liquidez global pode levar \u00e0 forma\u00e7\u00e3o de bolhas financeiras em ativos na Am\u00e9rica Latina. O executivo, no entanto ponderou que ainda n\u00e3o chegamos nesse patamar. As informa\u00e7\u00f5es foram divulgadas pelo jornal Valor Econ\u00f4mico. Bolha [&hellip;]<\/p>\n","protected":false},"author":35,"featured_media":108117,"comment_status":"closed","ping_status":"closed","sticky":false,"template":"","format":"standard","meta":[],"categories":[63],"tags":[986,1332],"suno_strategy":[],"class_list":["post-108053","post","type-post","status-publish","format-standard","has-post-thumbnail","hentry","category-internacional","tag-america-latina","tag-blackrock-blak34"],"yoast_head":"<!-- This site is optimized with the Yoast SEO plugin v24.4 - https:\/\/yoast.com\/wordpress\/plugins\/seo\/ -->\n<title>Bolhas financeiras na Am\u00e9rica Latina? BlackRock j\u00e1 v\u00ea essa possibilidade<\/title>\n<meta name=\"description\" content=\"O excesso de liquidez global pode levar \u00e0 forma\u00e7\u00e3o de bolhas financeiras em ativos na Am\u00e9rica Latina, disse a BlackRock. Entenda.\" \/>\n<meta name=\"robots\" content=\"index, follow, max-snippet:-1, max-image-preview:large, max-video-preview:-1\" \/>\n<link rel=\"canonical\" href=\"https:\/\/www.suno.com.br\/noticias\/blackrock-possibilidade-bolhas-financeiras-america-latina\/\" \/>\n<meta property=\"og:locale\" content=\"pt_BR\" \/>\n<meta property=\"og:type\" content=\"article\" \/>\n<meta property=\"og:title\" content=\"Bolhas financeiras na Am\u00e9rica Latina? BlackRock j\u00e1 v\u00ea essa possibilidade\" \/>\n<meta property=\"og:description\" content=\"O excesso de liquidez global pode levar \u00e0 forma\u00e7\u00e3o de bolhas financeiras em ativos na Am\u00e9rica Latina, disse a BlackRock. Entenda.\" \/>\n<meta property=\"og:url\" content=\"https:\/\/www.suno.com.br\/noticias\/blackrock-possibilidade-bolhas-financeiras-america-latina\/\" \/>\n<meta property=\"og:site_name\" content=\"Suno Not\u00edcias\" \/>\n<meta property=\"article:publisher\" content=\"https:\/\/facebook.com\/sunoresearch\" \/>\n<meta property=\"og:image\" content=\"https:\/\/files.sunoresearch.com.br\/n\/uploads\/2020\/12\/408d7d8f-bubble_2_easy-resize.com_.jpg\" \/>\n\t<meta property=\"og:image:width\" content=\"1280\" \/>\n\t<meta property=\"og:image:height\" content=\"840\" \/>\n\t<meta property=\"og:image:type\" content=\"image\/jpeg\" \/>\n<meta name=\"author\" content=\"Arthur Guimar\u00e3es\" \/>\n<meta name=\"twitter:card\" content=\"summary_large_image\" \/>\n<meta name=\"twitter:creator\" content=\"@sunoresearch\" \/>\n<meta name=\"twitter:site\" content=\"@sunoresearch\" \/>\n<meta name=\"twitter:label1\" content=\"Escrito por\" \/>\n\t<meta name=\"twitter:data1\" content=\"Arthur Guimar\u00e3es\" \/>\n\t<meta name=\"twitter:label2\" content=\"Est. tempo de leitura\" \/>\n\t<meta name=\"twitter:data2\" content=\"2 minutos\" \/>\n<script type=\"application\/ld+json\" class=\"yoast-schema-graph\">{\"@context\":\"https:\/\/schema.org\",\"@graph\":[{\"@type\":\"NewsArticle\",\"@id\":\"https:\/\/www.suno.com.br\/noticias\/blackrock-possibilidade-bolhas-financeiras-america-latina\/#article\",\"isPartOf\":{\"@id\":\"https:\/\/www.suno.com.br\/noticias\/blackrock-possibilidade-bolhas-financeiras-america-latina\/\"},\"author\":{\"name\":\"Arthur Guimar\u00e3es\",\"@id\":\"https:\/\/www.suno.com.br\/noticias\/#\/schema\/person\/053a750a709a263919a20f976caae91c\"},\"headline\":\"Bolhas financeiras na Am\u00e9rica Latina? A BlackRock j\u00e1 v\u00ea essa possibilidade\",\"datePublished\":\"2020-12-14T22:29:34+00:00\",\"mainEntityOfPage\":{\"@id\":\"https:\/\/www.suno.com.br\/noticias\/blackrock-possibilidade-bolhas-financeiras-america-latina\/\"},\"wordCount\":429,\"publisher\":{\"@id\":\"https:\/\/www.suno.com.br\/noticias\/#organization\"},\"image\":{\"@id\":\"https:\/\/www.suno.com.br\/noticias\/blackrock-possibilidade-bolhas-financeiras-america-latina\/#primaryimage\"},\"thumbnailUrl\":\"https:\/\/files.sunoresearch.com.br\/n\/uploads\/2020\/12\/408d7d8f-bubble_2_easy-resize.com_-jpg.webp\",\"keywords\":[\"Am\u00e9rica Latina\",\"Blackrock (BLAK34)\"],\"articleSection\":[\"Internacional\"],\"inLanguage\":\"pt-BR\"},{\"@type\":\"WebPage\",\"@id\":\"https:\/\/www.suno.com.br\/noticias\/blackrock-possibilidade-bolhas-financeiras-america-latina\/\",\"url\":\"https:\/\/www.suno.com.br\/noticias\/blackrock-possibilidade-bolhas-financeiras-america-latina\/\",\"name\":\"Bolhas financeiras na Am\u00e9rica Latina? BlackRock j\u00e1 v\u00ea essa possibilidade\",\"isPartOf\":{\"@id\":\"https:\/\/www.suno.com.br\/noticias\/#website\"},\"primaryImageOfPage\":{\"@id\":\"https:\/\/www.suno.com.br\/noticias\/blackrock-possibilidade-bolhas-financeiras-america-latina\/#primaryimage\"},\"image\":{\"@id\":\"https:\/\/www.suno.com.br\/noticias\/blackrock-possibilidade-bolhas-financeiras-america-latina\/#primaryimage\"},\"thumbnailUrl\":\"https:\/\/files.sunoresearch.com.br\/n\/uploads\/2020\/12\/408d7d8f-bubble_2_easy-resize.com_-jpg.webp\",\"datePublished\":\"2020-12-14T22:29:34+00:00\",\"description\":\"O excesso de liquidez global pode levar \u00e0 forma\u00e7\u00e3o de bolhas financeiras em ativos na Am\u00e9rica Latina, disse a BlackRock. Entenda.\",\"breadcrumb\":{\"@id\":\"https:\/\/www.suno.com.br\/noticias\/blackrock-possibilidade-bolhas-financeiras-america-latina\/#breadcrumb\"},\"inLanguage\":\"pt-BR\",\"potentialAction\":[{\"@type\":\"ReadAction\",\"target\":[\"https:\/\/www.suno.com.br\/noticias\/blackrock-possibilidade-bolhas-financeiras-america-latina\/\"]}]},{\"@type\":\"ImageObject\",\"inLanguage\":\"pt-BR\",\"@id\":\"https:\/\/www.suno.com.br\/noticias\/blackrock-possibilidade-bolhas-financeiras-america-latina\/#primaryimage\",\"url\":\"https:\/\/files.sunoresearch.com.br\/n\/uploads\/2020\/12\/408d7d8f-bubble_2_easy-resize.com_-jpg.webp\",\"contentUrl\":\"https:\/\/files.sunoresearch.com.br\/n\/uploads\/2020\/12\/408d7d8f-bubble_2_easy-resize.com_-jpg.webp\",\"width\":1280,\"height\":840,\"caption\":\"Bolha Foto: Pinterest\"},{\"@type\":\"BreadcrumbList\",\"@id\":\"https:\/\/www.suno.com.br\/noticias\/blackrock-possibilidade-bolhas-financeiras-america-latina\/#breadcrumb\",\"itemListElement\":[{\"@type\":\"ListItem\",\"position\":1,\"name\":\"Not\u00edcias\",\"item\":\"https:\/\/www.suno.com.br\/noticias\/\"},{\"@type\":\"ListItem\",\"position\":2,\"name\":\"Internacional\",\"item\":\"https:\/\/www.suno.com.br\/noticias\/internacional\/\"},{\"@type\":\"ListItem\",\"position\":3,\"name\":\"Bolhas financeiras na Am\u00e9rica Latina? A BlackRock j\u00e1 v\u00ea essa possibilidade\"}]},{\"@type\":\"WebSite\",\"@id\":\"https:\/\/www.suno.com.br\/noticias\/#website\",\"url\":\"https:\/\/www.suno.com.br\/noticias\/\",\"name\":\"Suno Not\u00edcias\",\"description\":\"Seu portal de informa\u00e7\u00e3o sobre o mundo dos investimentos\",\"publisher\":{\"@id\":\"https:\/\/www.suno.com.br\/noticias\/#organization\"},\"potentialAction\":[{\"@type\":\"SearchAction\",\"target\":{\"@type\":\"EntryPoint\",\"urlTemplate\":\"https:\/\/www.suno.com.br\/noticias\/?s={search_term_string}\"},\"query-input\":{\"@type\":\"PropertyValueSpecification\",\"valueRequired\":true,\"valueName\":\"search_term_string\"}}],\"inLanguage\":\"pt-BR\"},{\"@type\":\"Organization\",\"@id\":\"https:\/\/www.suno.com.br\/noticias\/#organization\",\"name\":\"Suno Not\u00edcias\",\"url\":\"https:\/\/www.suno.com.br\/noticias\/\",\"logo\":{\"@type\":\"ImageObject\",\"inLanguage\":\"pt-BR\",\"@id\":\"https:\/\/www.suno.com.br\/noticias\/#\/schema\/logo\/image\/\",\"url\":\"https:\/\/files.sunoresearch.com.br\/n\/uploads\/2021\/09\/suno-logo.png\",\"contentUrl\":\"https:\/\/files.sunoresearch.com.br\/n\/uploads\/2021\/09\/suno-logo.png\",\"width\":180,\"height\":180,\"caption\":\"Suno Not\u00edcias\"},\"image\":{\"@id\":\"https:\/\/www.suno.com.br\/noticias\/#\/schema\/logo\/image\/\"},\"sameAs\":[\"https:\/\/facebook.com\/sunoresearch\",\"https:\/\/x.com\/sunoresearch\",\"https:\/\/www.instagram.com\/suno\",\"https:\/\/www.linkedin.com\/company\/suno-research\/\",\"https:\/\/www.youtube.com\/c\/sunoresearch\"]},{\"@type\":\"Person\",\"@id\":\"https:\/\/www.suno.com.br\/noticias\/#\/schema\/person\/053a750a709a263919a20f976caae91c\",\"name\":\"Arthur Guimar\u00e3es\",\"image\":{\"@type\":\"ImageObject\",\"inLanguage\":\"pt-BR\",\"@id\":\"https:\/\/www.suno.com.br\/noticias\/#\/schema\/person\/image\/\",\"url\":\"https:\/\/secure.gravatar.com\/avatar\/1affd86a11209ae09eb6dd3bcad3e96c?s=96&r=g\",\"contentUrl\":\"https:\/\/secure.gravatar.com\/avatar\/1affd86a11209ae09eb6dd3bcad3e96c?s=96&r=g\",\"caption\":\"Arthur Guimar\u00e3es\"},\"description\":\"Arthur Guimar\u00e3es escreve sobre pol\u00edtica, economia e neg\u00f3cios para o portal de not\u00edcias da Suno Research. Atualmente, \u00e9 estudante de jornalismo pela Faculdade C\u00e1sper L\u00edbero.\",\"url\":\"https:\/\/www.suno.com.br\/noticias\/author\/arthur-guimaraes\/\"}]}<\/script>\n<!-- \/ Yoast SEO plugin. -->","yoast_head_json":{"title":"Bolhas financeiras na Am\u00e9rica Latina? BlackRock j\u00e1 v\u00ea essa possibilidade","description":"O excesso de liquidez global pode levar \u00e0 forma\u00e7\u00e3o de bolhas financeiras em ativos na Am\u00e9rica Latina, disse a BlackRock. Entenda.","robots":{"index":"index","follow":"follow","max-snippet":"max-snippet:-1","max-image-preview":"max-image-preview:large","max-video-preview":"max-video-preview:-1"},"canonical":"https:\/\/www.suno.com.br\/noticias\/blackrock-possibilidade-bolhas-financeiras-america-latina\/","og_locale":"pt_BR","og_type":"article","og_title":"Bolhas financeiras na Am\u00e9rica Latina? BlackRock j\u00e1 v\u00ea essa possibilidade","og_description":"O excesso de liquidez global pode levar \u00e0 forma\u00e7\u00e3o de bolhas financeiras em ativos na Am\u00e9rica Latina, disse a BlackRock. Entenda.","og_url":"https:\/\/www.suno.com.br\/noticias\/blackrock-possibilidade-bolhas-financeiras-america-latina\/","og_site_name":"Suno Not\u00edcias","article_publisher":"https:\/\/facebook.com\/sunoresearch","og_image":[{"width":1280,"height":840,"url":"https:\/\/files.sunoresearch.com.br\/n\/uploads\/2020\/12\/408d7d8f-bubble_2_easy-resize.com_.jpg","type":"image\/jpeg"}],"author":"Arthur Guimar\u00e3es","twitter_card":"summary_large_image","twitter_creator":"@sunoresearch","twitter_site":"@sunoresearch","twitter_misc":{"Escrito por":"Arthur Guimar\u00e3es","Est. tempo de leitura":"2 minutos"},"schema":{"@context":"https:\/\/schema.org","@graph":[{"@type":"NewsArticle","@id":"https:\/\/www.suno.com.br\/noticias\/blackrock-possibilidade-bolhas-financeiras-america-latina\/#article","isPartOf":{"@id":"https:\/\/www.suno.com.br\/noticias\/blackrock-possibilidade-bolhas-financeiras-america-latina\/"},"author":{"name":"Arthur Guimar\u00e3es","@id":"https:\/\/www.suno.com.br\/noticias\/#\/schema\/person\/053a750a709a263919a20f976caae91c"},"headline":"Bolhas financeiras na Am\u00e9rica Latina? A BlackRock j\u00e1 v\u00ea essa possibilidade","datePublished":"2020-12-14T22:29:34+00:00","mainEntityOfPage":{"@id":"https:\/\/www.suno.com.br\/noticias\/blackrock-possibilidade-bolhas-financeiras-america-latina\/"},"wordCount":429,"publisher":{"@id":"https:\/\/www.suno.com.br\/noticias\/#organization"},"image":{"@id":"https:\/\/www.suno.com.br\/noticias\/blackrock-possibilidade-bolhas-financeiras-america-latina\/#primaryimage"},"thumbnailUrl":"https:\/\/files.sunoresearch.com.br\/n\/uploads\/2020\/12\/408d7d8f-bubble_2_easy-resize.com_-jpg.webp","keywords":["Am\u00e9rica Latina","Blackrock (BLAK34)"],"articleSection":["Internacional"],"inLanguage":"pt-BR"},{"@type":"WebPage","@id":"https:\/\/www.suno.com.br\/noticias\/blackrock-possibilidade-bolhas-financeiras-america-latina\/","url":"https:\/\/www.suno.com.br\/noticias\/blackrock-possibilidade-bolhas-financeiras-america-latina\/","name":"Bolhas financeiras na Am\u00e9rica Latina? BlackRock j\u00e1 v\u00ea essa possibilidade","isPartOf":{"@id":"https:\/\/www.suno.com.br\/noticias\/#website"},"primaryImageOfPage":{"@id":"https:\/\/www.suno.com.br\/noticias\/blackrock-possibilidade-bolhas-financeiras-america-latina\/#primaryimage"},"image":{"@id":"https:\/\/www.suno.com.br\/noticias\/blackrock-possibilidade-bolhas-financeiras-america-latina\/#primaryimage"},"thumbnailUrl":"https:\/\/files.sunoresearch.com.br\/n\/uploads\/2020\/12\/408d7d8f-bubble_2_easy-resize.com_-jpg.webp","datePublished":"2020-12-14T22:29:34+00:00","description":"O excesso de liquidez global pode levar \u00e0 forma\u00e7\u00e3o de bolhas financeiras em ativos na Am\u00e9rica Latina, disse a BlackRock. Entenda.","breadcrumb":{"@id":"https:\/\/www.suno.com.br\/noticias\/blackrock-possibilidade-bolhas-financeiras-america-latina\/#breadcrumb"},"inLanguage":"pt-BR","potentialAction":[{"@type":"ReadAction","target":["https:\/\/www.suno.com.br\/noticias\/blackrock-possibilidade-bolhas-financeiras-america-latina\/"]}]},{"@type":"ImageObject","inLanguage":"pt-BR","@id":"https:\/\/www.suno.com.br\/noticias\/blackrock-possibilidade-bolhas-financeiras-america-latina\/#primaryimage","url":"https:\/\/files.sunoresearch.com.br\/n\/uploads\/2020\/12\/408d7d8f-bubble_2_easy-resize.com_-jpg.webp","contentUrl":"https:\/\/files.sunoresearch.com.br\/n\/uploads\/2020\/12\/408d7d8f-bubble_2_easy-resize.com_-jpg.webp","width":1280,"height":840,"caption":"Bolha Foto: Pinterest"},{"@type":"BreadcrumbList","@id":"https:\/\/www.suno.com.br\/noticias\/blackrock-possibilidade-bolhas-financeiras-america-latina\/#breadcrumb","itemListElement":[{"@type":"ListItem","position":1,"name":"Not\u00edcias","item":"https:\/\/www.suno.com.br\/noticias\/"},{"@type":"ListItem","position":2,"name":"Internacional","item":"https:\/\/www.suno.com.br\/noticias\/internacional\/"},{"@type":"ListItem","position":3,"name":"Bolhas financeiras na Am\u00e9rica Latina? A BlackRock j\u00e1 v\u00ea essa possibilidade"}]},{"@type":"WebSite","@id":"https:\/\/www.suno.com.br\/noticias\/#website","url":"https:\/\/www.suno.com.br\/noticias\/","name":"Suno Not\u00edcias","description":"Seu portal de informa\u00e7\u00e3o sobre o mundo dos investimentos","publisher":{"@id":"https:\/\/www.suno.com.br\/noticias\/#organization"},"potentialAction":[{"@type":"SearchAction","target":{"@type":"EntryPoint","urlTemplate":"https:\/\/www.suno.com.br\/noticias\/?s={search_term_string}"},"query-input":{"@type":"PropertyValueSpecification","valueRequired":true,"valueName":"search_term_string"}}],"inLanguage":"pt-BR"},{"@type":"Organization","@id":"https:\/\/www.suno.com.br\/noticias\/#organization","name":"Suno Not\u00edcias","url":"https:\/\/www.suno.com.br\/noticias\/","logo":{"@type":"ImageObject","inLanguage":"pt-BR","@id":"https:\/\/www.suno.com.br\/noticias\/#\/schema\/logo\/image\/","url":"https:\/\/files.sunoresearch.com.br\/n\/uploads\/2021\/09\/suno-logo.png","contentUrl":"https:\/\/files.sunoresearch.com.br\/n\/uploads\/2021\/09\/suno-logo.png","width":180,"height":180,"caption":"Suno Not\u00edcias"},"image":{"@id":"https:\/\/www.suno.com.br\/noticias\/#\/schema\/logo\/image\/"},"sameAs":["https:\/\/facebook.com\/sunoresearch","https:\/\/x.com\/sunoresearch","https:\/\/www.instagram.com\/suno","https:\/\/www.linkedin.com\/company\/suno-research\/","https:\/\/www.youtube.com\/c\/sunoresearch"]},{"@type":"Person","@id":"https:\/\/www.suno.com.br\/noticias\/#\/schema\/person\/053a750a709a263919a20f976caae91c","name":"Arthur Guimar\u00e3es","image":{"@type":"ImageObject","inLanguage":"pt-BR","@id":"https:\/\/www.suno.com.br\/noticias\/#\/schema\/person\/image\/","url":"https:\/\/secure.gravatar.com\/avatar\/1affd86a11209ae09eb6dd3bcad3e96c?s=96&r=g","contentUrl":"https:\/\/secure.gravatar.com\/avatar\/1affd86a11209ae09eb6dd3bcad3e96c?s=96&r=g","caption":"Arthur Guimar\u00e3es"},"description":"Arthur Guimar\u00e3es escreve sobre pol\u00edtica, economia e neg\u00f3cios para o portal de not\u00edcias da Suno Research. Atualmente, \u00e9 estudante de jornalismo pela Faculdade C\u00e1sper L\u00edbero.","url":"https:\/\/www.suno.com.br\/noticias\/author\/arthur-guimaraes\/"}]}},"default_loop_html":"<div class=\"cardsPage__listCard__boxs\"><div class=\"cardsPage__listCard__boxs__img\"><a href=\"https:\/\/www.suno.com.br\/noticias\/blackrock-possibilidade-bolhas-financeiras-america-latina\/\"><img class=\"mask\" src=\"https:\/\/www.suno.com.br\/noticias\/wp-content\/themes\/suno\/resources\/images\/spotlight\/spotlight1img\/bg-mask.png\" alt=\"Image Mask\"\/><img src=\"https:\/\/files.sunoresearch.com.br\/n\/uploads\/2020\/12\/408d7d8f-bubble_2_easy-resize.com_-400x200.webp\" alt=\"Bolhas financeiras na Am\u00e9rica Latina? A BlackRock j\u00e1 v\u00ea essa possibilidade\"\/><\/a><span class=\"spotlightCategory\"><a href=\"https:\/\/www.suno.com.br\/noticias\/internacional\/\">Internacional<\/a><\/span><\/div><div class=\"cardsPage__listCard__boxs__content\"><a href=\"https:\/\/www.suno.com.br\/noticias\/blackrock-possibilidade-bolhas-financeiras-america-latina\/\"><h2 class=\"content__title\">Bolhas financeiras na Am\u00e9rica Latina? A BlackRock j\u00e1 v\u00ea essa possibilidade<\/h2><\/a><div class=\"newsContent__article__meta\"><div class=\"newsContent__article__meta__authorBox\"><a href=\"https:\/\/www.suno.com.br\/noticias\/author\/arthur-guimaraes\/\" class=\"authorBox__avatar noMobi\"><img src=\"https:\/\/files.sunoresearch.com.br\/n\/uploads\/2020\/02\/dfb40897-eu-150x150.webp\" alt=\"Arthur Guimar\u00e3es\"><\/a><div class=\"authorBox__name\"><span>por\n\t\t\t<a href=\"https:\/\/www.suno.com.br\/noticias\/author\/arthur-guimaraes\/\"><span itemprop=\"author\">Arthur Guimar\u00e3es<\/span><\/a><\/span><time datetime=\"2020-12-14T19:29:34-03:00\" itemprop=\"datePublished\">14\/12\/2020 19:29<\/time><\/div><\/div><\/div><\/div><\/div>","single_layout":"posts","amp_enabled":true,"_links":{"self":[{"href":"https:\/\/www.suno.com.br\/noticias\/wp-json\/wp\/v2\/posts\/108053"}],"collection":[{"href":"https:\/\/www.suno.com.br\/noticias\/wp-json\/wp\/v2\/posts"}],"about":[{"href":"https:\/\/www.suno.com.br\/noticias\/wp-json\/wp\/v2\/types\/post"}],"author":[{"embeddable":true,"href":"https:\/\/www.suno.com.br\/noticias\/wp-json\/wp\/v2\/users\/35"}],"replies":[{"embeddable":true,"href":"https:\/\/www.suno.com.br\/noticias\/wp-json\/wp\/v2\/comments?post=108053"}],"version-history":[{"count":0,"href":"https:\/\/www.suno.com.br\/noticias\/wp-json\/wp\/v2\/posts\/108053\/revisions"}],"wp:featuredmedia":[{"embeddable":true,"href":"https:\/\/www.suno.com.br\/noticias\/wp-json\/wp\/v2\/media\/108117"}],"wp:attachment":[{"href":"https:\/\/www.suno.com.br\/noticias\/wp-json\/wp\/v2\/media?parent=108053"}],"wp:term":[{"taxonomy":"category","embeddable":true,"href":"https:\/\/www.suno.com.br\/noticias\/wp-json\/wp\/v2\/categories?post=108053"},{"taxonomy":"post_tag","embeddable":true,"href":"https:\/\/www.suno.com.br\/noticias\/wp-json\/wp\/v2\/tags?post=108053"},{"taxonomy":"suno_strategy","embeddable":true,"href":"https:\/\/www.suno.com.br\/noticias\/wp-json\/wp\/v2\/suno_strategy?post=108053"}],"curies":[{"name":"wp","href":"https:\/\/api.w.org\/{rel}","templated":true}]}}