{"id":107941,"date":"2020-12-14T18:47:18","date_gmt":"2020-12-14T21:47:18","guid":{"rendered":"https:\/\/www.suno.com.br\/noticias\/?p=107941"},"modified":"2020-12-15T08:55:24","modified_gmt":"2020-12-15T11:55:24","slug":"oi-menor-fibra","status":"publish","type":"post","link":"https:\/\/www.suno.com.br\/noticias\/oi-menor-fibra\/","title":{"rendered":"Oi (OIBR3) ser\u00e1 menor e v\u00ea futuro na fibra ap\u00f3s leil\u00e3o"},"content":{"rendered":"<p>Ap\u00f3s <a href=\"https:\/\/www.suno.com.br\/noticias\/oi-leva-leilao\/\">o leil\u00e3o dos ativos de telefonia m\u00f3vel<\/a> da <a href=\"https:\/\/www.suno.com.br\/acoes\/oibr3\/\"><strong>Oi<\/strong> (OIBR3)<\/a> ser arrematado por um cons\u00f3rcio formado por Claro, <a href=\"https:\/\/www.suno.com.br\/acoes\/tims3\/\">Tim (TIMS3)<\/a> e <a href=\"https:\/\/www.suno.com.br\/acoes\/vivt4\/\">Telef\u00f4nica (VIVT4)<\/a>, por R$ 16,5 bilh\u00f5es, analistas do mercado j\u00e1 vislumbram o futuro da operadora como uma companhia que n\u00e3o ter\u00e1 o mesmo tamanho de outrora, mas que dever\u00e1 focar no mercado de fibra \u00f3tica para sobreviver no mercado.<\/p>\t<div class=\"wrapper-featured-image\">\n\t\t<figure class=\"spotlightImg\">\n\n\t\t\t<picture>\n\t\t\t\t<source media=\"(max-width: 768px)\" srcset=\"https:\/\/files.sunoresearch.com.br\/n\/uploads\/2020\/12\/807dcb1c-oi-400x200.webp\">\n\t\t\t\t<img loading=\"lazy\" decoding=\"async\" class=\"newsContent__article__imgCapa lazyloadDisabled \" src=\"https:\/\/files.sunoresearch.com.br\/n\/uploads\/2020\/12\/807dcb1c-oi-800x450.webp\" width=\"800\" height=\"450\" alt=\"Oi (OIBR3) ser\u00e1 menor e v\u00ea futuro na fibra ap\u00f3s leil\u00e3o\" fetchpriority=high \/>\n\t\t\t<\/picture>\n\n\t\t\t<figcaption class=\"wp-caption-text wp-caption-text--show\">Oi (OIBR3) ser\u00e1 menor e v\u00ea futuro na fibra ap\u00f3s leil\u00e3o<\/figcaption>\n\t\t<\/figure>\n\t<\/div>\n\n\n\t<p>\n\t\t<a href=\"https:\/\/lp.suno.com.br\/planilha-controle-gastos\/\" target=\"_blank\" data-element=\"shortcode-suno-banner\" title=\"Banner SUNO, clique e saiba mais\">\n\t\t\t<picture>\n\t\t\t\t<source media=\"(max-width: 500px)\" srcset=\"https:\/\/files.sunoresearch.com.br\/n\/uploads\/2023\/03\/400x300-Planilha-controle-de-gastos.png\">\n\t\t\t\t<img class=\"newsContent__article__imgCapa newsContent__article__imgCapa--banner\"\n\t\t\t\t\tsrc=\"https:\/\/files.sunoresearch.com.br\/n\/uploads\/2023\/03\/1420x240-Planilha-controle-de-gastos.png\"\n\t\t\t\t\tdata-promo-id=\"101751\"\t\t\t\t\t\t\t\t\t\twidth='1420' height='240'\t\t\t\t\talt=\"https:\/\/files.sunoresearch.com.br\/n\/uploads\/2023\/03\/1420x240-Planilha-controle-de-gastos.png\"\n\t\t\t\t>\n\t\t\t<\/picture>\n\t\t<\/a>\n\t<\/p>\n\n\n<p>De acordo com Eduardo Tude, presidente da consultoria Teleco, a Oi n\u00e3o possu\u00eda condi\u00e7\u00f5es estruturais para atuar nas duas frentes. Por isso, os recursos levantados no leil\u00e3o devem ser destinados \u00e0s d\u00edvidas, deixando a companhia mais leve para atuar no setor de fibra, considerado o futuro por analistas do setor.<\/p>\n<p>&#8220;A Oi est\u00e1 apostando na fibra, que \u00e9 tamb\u00e9m um filet mignon [para al\u00e9m da telefonia m\u00f3vel]. Ela vai ter de encolher, reduzir seus custos e passar a ser uma empresa de servi\u00e7os fixos baseados em fibra. Este \u00e9 o plano dela&#8221;, disse.<\/p>\n<p><a href=\"https:\/\/lp.suno.com.br\/suno-one\/\">Suno One: acesse gratuitamente eBooks, Minicursos, Artigos e Video Aulas sobre investimentos com um \u00fanico cadastro. Clique para saber mais!<\/a><\/p>\n<p>Atualmente, a rede de fibra da Oi possui cerca de dois milh\u00f5es de clientes ante 700 mil clientes no ano passado. Um crescimento exponencial, ainda mais se comparado com os 100 mil clientes de dois anos atr\u00e1s.<\/p>\n<p>A companhia <a href=\"https:\/\/www.suno.com.br\/noticias\/oi-oibr3-oibr4-clientes-fibra-otica\/\">alcan\u00e7ou 9,2 milh\u00f5es de casas passadas<\/a> por fibra \u00f3tica em dezembro, com 134 cidades sendo atendidas. \u201cO desempenho foi bem acima do esperado quando a gente desenhou o projeto, \u00e9 um motivo de bastante orgulho para a Oi\u201d, disse o vice-presidente de clientes da Oi, Bernardo Winik.<br \/>\nO produto da companhia j\u00e1 \u00e9 l\u00edder de mercado em 13 capitais brasileiras.<\/p>\n\t<p>\n\t\t<a href=\"\" target=\"_blank\" data-element=\"shortcode-suno-banner\" title=\"Banner SUNO, clique e saiba mais\">\n\t\t\t<picture>\n\t\t\t\t<source media=\"(max-width: 500px)\" srcset=\"\">\n\t\t\t\t<img class=\"newsContent__article__imgCapa newsContent__article__imgCapa--banner\"\n\t\t\t\t\tsrc=\"\"\n\t\t\t\t\tdata-promo-id=\"91853\"\t\t\t\t\t\t\t\t\t\t\t\t\t\t\talt=\"\"\n\t\t\t\t>\n\t\t\t<\/picture>\n\t\t<\/a>\n\t<\/p>\n\n\n<p>A receita m\u00e9dia por usu\u00e1rio, ele apontou que esta passou de R$ 85 para R$ 88 em um ano, com receitas ao fim do terceiro trimestre de R$ 402,3 milh\u00f5es no segmento de fibra \u00f3tica. J\u00e1 o plano de expans\u00e3o do segmento de fibra \u00f3tica da Oi prev\u00ea alcan\u00e7ar quatro milh\u00f5es de clientes no ano que vem, com 228 cidades atendidas e aproximadamente 15 milh\u00f5es de casas passadas.<\/p>\n<p>Mesmo com a alta e com o potencial de crescimento, segundo Tude, a empresa n\u00e3o ser\u00e1 mais do tamanho que foi. De qualquer forma, poder\u00e1 ser menor e ter rentabilidade, coisa que n\u00e3o vinha acontecendo e que culminou no pedido de recupera\u00e7\u00e3o judicial da empresa, em 2016.<\/p>\n<p>&#8220;Ela n\u00e3o vai ser mais do tamanho que foi. Vai ser uma empresa menor, mas que pode ter sucesso. Ela n\u00e3o tem hoje recursos para atuar no m\u00f3vel e na fibra&#8221;, afirmou.<\/p>\n<p>A Oi dever\u00e1 leiloar, por R$ 6,5 bilh\u00f5es (m\u00ednimo em dinheiro), uma parte da companhia de fibra InfraCo, mais assun\u00e7\u00e3o de R$ 2,4 bilh\u00f5es de d\u00edvida com a empresa. Assim, a expectativa \u00e9 de que a companhia dever\u00e1 manter uma participa\u00e7\u00e3o minorit\u00e1ria no <em>business<\/em>.<\/p>\n<p>A an\u00e1lise do executivo da Teleco vai ao encontro do pensamento do mercado. Para Mario Mariante, analista-chefe da Planner Corretora, a manuten\u00e7\u00e3o de uma participa\u00e7\u00e3o relevante na companhia de fibra pode dar f\u00f4lego \u00e0 empresa.<\/p>\n<p>&#8220;A expectativa \u00e9 que a empresa ter\u00e1 atividades reduzidas, uma empresa menor, mas sai de uma condi\u00e7\u00e3o adversa. Investimento \u00e9 em tecnologia \u00e9 maior do que em investimento de malha. Com o fixo reduzindo de tamanho,\u00a0 \u00e9 focar em pacotes de tecnologia, de banda larga, etc&#8221;, disse.<\/p>\n<h2>Neg\u00f3cio com Oi dever\u00e1 demorar anos<\/h2>\n<p>Apesar de o rumo da Oi estar trilhado, ainda h\u00e1 um longo caminho pela frente. O primeiro passo \u00e9 obter a aprova\u00e7\u00e3o do neg\u00f3cio pelo\u00a0C<a href=\"https:\/\/www.suno.com.br\/noticias\/leilao-oi-oibr3-oibr4-mercado-telefonia\/\">onselho Administrativo de Defesa Econ\u00f4mica (Cade)<\/a>\u00a0e da <strong>Ag\u00eancia Nacional de Telecomunica\u00e7\u00f5es (Anatel)<\/strong>.<\/p>\n\t<div data-element=\"shortcode-read-more\" class=\"knowMore\">\n\t\t\t\t<span class=\"knowMore__title\">Veja Tamb\u00e9m<\/span>\n\t\t\t\t<a class=\"knowMore__link\" href=\"https:\/\/www.suno.com.br\/noticias\/leilao-oi-oibr3-oibr4-mercado-telefonia\/\">\n\t\t\tLeil\u00e3o da Oi (OIBR3) concentrar\u00e1 ainda mais mercado de telefonia\t\t<\/a>\n\t<\/div>\n\n\n<p>&#8220;\u00c9 bom lembrar que a Oi s\u00f3 deve concretizar a venda no final do ano que vem, tempo para conseguir as autoriza\u00e7\u00f5es do CADE\/Anatel. Ou seja, estamos falando de 2022, quando a operadora perder\u00e1 cerca de 45% de sua receita&#8221;, disse Tude.<\/p>\n<p>At\u00e9 l\u00e1, o mercado ainda deve observar as movimenta\u00e7\u00f5es oficiais da companhia de telefonia<\/p>\n<p>&#8220;O mercado vai digerir esse novo formato, que deve sair depois do leil\u00e3o, mas \u00e9 uma proposta para resgatar a empresa de onde estava imposs\u00edvel de sair em um setor que precisa de pesados investimentos&#8221;, disse Mariante.<\/p>\n<p>As a\u00e7\u00f5es da <strong>Oi<\/strong> (OIBR3) fecharam em queda de -6,78%, cotadas a R$ 2,20.<\/p>\n\t<p>\n\t\t<a href=\"https:\/\/lp.suno.com.br\/planilha-de-controle-de-investimentos\/\" target=\"_blank\" data-element=\"shortcode-suno-banner\" title=\"Banner SUNO, clique e saiba mais\">\n\t\t\t<picture>\n\t\t\t\t<source media=\"(max-width: 500px)\" srcset=\"https:\/\/files.sunoresearch.com.br\/n\/uploads\/2023\/03\/400x300-Controle-de-Investimentos.png\">\n\t\t\t\t<img class=\"newsContent__article__imgCapa newsContent__article__imgCapa--banner\"\n\t\t\t\t\tsrc=\"https:\/\/files.sunoresearch.com.br\/n\/uploads\/2023\/03\/1420x240-Controle-de-Investimentos.png\"\n\t\t\t\t\tdata-promo-id=\"75934\"\t\t\t\t\t\t\t\t\t\twidth='1420' height='240'\t\t\t\t\talt=\"https:\/\/files.sunoresearch.com.br\/n\/uploads\/2023\/03\/1420x240-Controle-de-Investimentos.png\"\n\t\t\t\t>\n\t\t\t<\/picture>\n\t\t<\/a>\n\t<\/p>\n\n\n","protected":false},"excerpt":{"rendered":"<p>Ap\u00f3s o leil\u00e3o dos ativos de telefonia m\u00f3vel da Oi (OIBR3) ser arrematado por um cons\u00f3rcio formado por Claro, Tim (TIMS3) e Telef\u00f4nica (VIVT4), por R$ 16,5 bilh\u00f5es, analistas do mercado j\u00e1 vislumbram o futuro da operadora como uma companhia que n\u00e3o ter\u00e1 o mesmo tamanho de outrora, mas que dever\u00e1 focar no mercado de [&hellip;]<\/p>\n","protected":false},"author":27,"featured_media":107784,"comment_status":"closed","ping_status":"closed","sticky":false,"template":"","format":"standard","meta":[],"categories":[64],"tags":[104763,584],"suno_strategy":[],"class_list":["post-107941","post","type-post","status-publish","format-standard","has-post-thumbnail","hentry","category-negocios","tag-fibra-otica","tag-oi-oibr3-oibr4"],"yoast_head":"<!-- This site is optimized with the Yoast SEO plugin v24.4 - https:\/\/yoast.com\/wordpress\/plugins\/seo\/ -->\n<title>Oi (OIBR3) ser\u00e1 menor e v\u00ea futuro na fibra ap\u00f3s leil\u00e3o<\/title>\n<meta name=\"description\" content=\"Segundo analistas, Oi (OIBR3) dever\u00e1 investir no mercado de fibra \u00f3tica e dever\u00e1 ser uma empresa menor. Clique aqui para ler mais.\" \/>\n<meta name=\"robots\" content=\"index, follow, max-snippet:-1, max-image-preview:large, max-video-preview:-1\" \/>\n<link rel=\"canonical\" href=\"https:\/\/www.suno.com.br\/noticias\/oi-menor-fibra\/\" \/>\n<meta property=\"og:locale\" content=\"pt_BR\" \/>\n<meta property=\"og:type\" content=\"article\" \/>\n<meta property=\"og:title\" content=\"Oi (OIBR3) ser\u00e1 menor e v\u00ea futuro na fibra ap\u00f3s leil\u00e3o\" \/>\n<meta property=\"og:description\" content=\"Segundo analistas, Oi (OIBR3) dever\u00e1 investir no mercado de fibra \u00f3tica e dever\u00e1 ser uma empresa menor. Clique aqui para ler mais.\" \/>\n<meta property=\"og:url\" content=\"https:\/\/www.suno.com.br\/noticias\/oi-menor-fibra\/\" \/>\n<meta property=\"og:site_name\" content=\"Suno Not\u00edcias\" \/>\n<meta property=\"article:publisher\" content=\"https:\/\/facebook.com\/sunoresearch\" \/>\n<meta property=\"og:image\" content=\"https:\/\/files.sunoresearch.com.br\/n\/uploads\/2020\/12\/807dcb1c-oi.jpg\" \/>\n\t<meta property=\"og:image:width\" content=\"1500\" \/>\n\t<meta property=\"og:image:height\" content=\"1000\" \/>\n\t<meta property=\"og:image:type\" content=\"image\/jpeg\" \/>\n<meta name=\"author\" content=\"Vinicius Pereira\" \/>\n<meta name=\"twitter:card\" content=\"summary_large_image\" \/>\n<meta name=\"twitter:creator\" content=\"@https:\/\/twitter.com\/viniciuspjornal\" \/>\n<meta name=\"twitter:site\" content=\"@sunoresearch\" \/>\n<meta name=\"twitter:label1\" content=\"Escrito por\" \/>\n\t<meta name=\"twitter:data1\" content=\"Vinicius Pereira\" \/>\n\t<meta name=\"twitter:label2\" content=\"Est. tempo de leitura\" \/>\n\t<meta name=\"twitter:data2\" content=\"4 minutos\" \/>\n<script type=\"application\/ld+json\" class=\"yoast-schema-graph\">{\"@context\":\"https:\/\/schema.org\",\"@graph\":[{\"@type\":\"NewsArticle\",\"@id\":\"https:\/\/www.suno.com.br\/noticias\/oi-menor-fibra\/#article\",\"isPartOf\":{\"@id\":\"https:\/\/www.suno.com.br\/noticias\/oi-menor-fibra\/\"},\"author\":{\"name\":\"Vinicius Pereira\",\"@id\":\"https:\/\/www.suno.com.br\/noticias\/#\/schema\/person\/a20761b96e4df7eb57f1f9e41be1dbf3\"},\"headline\":\"Oi (OIBR3) ser\u00e1 menor e v\u00ea futuro na fibra ap\u00f3s leil\u00e3o\",\"datePublished\":\"2020-12-14T21:47:18+00:00\",\"dateModified\":\"2020-12-15T11:55:24+00:00\",\"mainEntityOfPage\":{\"@id\":\"https:\/\/www.suno.com.br\/noticias\/oi-menor-fibra\/\"},\"wordCount\":755,\"publisher\":{\"@id\":\"https:\/\/www.suno.com.br\/noticias\/#organization\"},\"image\":{\"@id\":\"https:\/\/www.suno.com.br\/noticias\/oi-menor-fibra\/#primaryimage\"},\"thumbnailUrl\":\"https:\/\/files.sunoresearch.com.br\/n\/uploads\/2020\/12\/807dcb1c-oi-jpg.webp\",\"keywords\":[\"fibra \u00f3tica\",\"Oi (OIBR3\/OIBR4)\"],\"articleSection\":[\"Neg\u00f3cios\"],\"inLanguage\":\"pt-BR\"},{\"@type\":\"WebPage\",\"@id\":\"https:\/\/www.suno.com.br\/noticias\/oi-menor-fibra\/\",\"url\":\"https:\/\/www.suno.com.br\/noticias\/oi-menor-fibra\/\",\"name\":\"Oi (OIBR3) ser\u00e1 menor e v\u00ea futuro na fibra ap\u00f3s leil\u00e3o\",\"isPartOf\":{\"@id\":\"https:\/\/www.suno.com.br\/noticias\/#website\"},\"primaryImageOfPage\":{\"@id\":\"https:\/\/www.suno.com.br\/noticias\/oi-menor-fibra\/#primaryimage\"},\"image\":{\"@id\":\"https:\/\/www.suno.com.br\/noticias\/oi-menor-fibra\/#primaryimage\"},\"thumbnailUrl\":\"https:\/\/files.sunoresearch.com.br\/n\/uploads\/2020\/12\/807dcb1c-oi-jpg.webp\",\"datePublished\":\"2020-12-14T21:47:18+00:00\",\"dateModified\":\"2020-12-15T11:55:24+00:00\",\"description\":\"Segundo analistas, Oi (OIBR3) dever\u00e1 investir no mercado de fibra \u00f3tica e dever\u00e1 ser uma empresa menor. Clique aqui para ler mais.\",\"breadcrumb\":{\"@id\":\"https:\/\/www.suno.com.br\/noticias\/oi-menor-fibra\/#breadcrumb\"},\"inLanguage\":\"pt-BR\",\"potentialAction\":[{\"@type\":\"ReadAction\",\"target\":[\"https:\/\/www.suno.com.br\/noticias\/oi-menor-fibra\/\"]}]},{\"@type\":\"ImageObject\",\"inLanguage\":\"pt-BR\",\"@id\":\"https:\/\/www.suno.com.br\/noticias\/oi-menor-fibra\/#primaryimage\",\"url\":\"https:\/\/files.sunoresearch.com.br\/n\/uploads\/2020\/12\/807dcb1c-oi-jpg.webp\",\"contentUrl\":\"https:\/\/files.sunoresearch.com.br\/n\/uploads\/2020\/12\/807dcb1c-oi-jpg.webp\",\"width\":1500,\"height\":1000,\"caption\":\"Oi (OIBR3) ser\u00e1 menor e v\u00ea futuro na fibra ap\u00f3s leil\u00e3o\"},{\"@type\":\"BreadcrumbList\",\"@id\":\"https:\/\/www.suno.com.br\/noticias\/oi-menor-fibra\/#breadcrumb\",\"itemListElement\":[{\"@type\":\"ListItem\",\"position\":1,\"name\":\"Not\u00edcias\",\"item\":\"https:\/\/www.suno.com.br\/noticias\/\"},{\"@type\":\"ListItem\",\"position\":2,\"name\":\"Neg\u00f3cios\",\"item\":\"https:\/\/www.suno.com.br\/noticias\/negocios\/\"},{\"@type\":\"ListItem\",\"position\":3,\"name\":\"Oi (OIBR3) ser\u00e1 menor e v\u00ea futuro na fibra ap\u00f3s leil\u00e3o\"}]},{\"@type\":\"WebSite\",\"@id\":\"https:\/\/www.suno.com.br\/noticias\/#website\",\"url\":\"https:\/\/www.suno.com.br\/noticias\/\",\"name\":\"Suno Not\u00edcias\",\"description\":\"Seu portal de informa\u00e7\u00e3o sobre o mundo dos investimentos\",\"publisher\":{\"@id\":\"https:\/\/www.suno.com.br\/noticias\/#organization\"},\"potentialAction\":[{\"@type\":\"SearchAction\",\"target\":{\"@type\":\"EntryPoint\",\"urlTemplate\":\"https:\/\/www.suno.com.br\/noticias\/?s={search_term_string}\"},\"query-input\":{\"@type\":\"PropertyValueSpecification\",\"valueRequired\":true,\"valueName\":\"search_term_string\"}}],\"inLanguage\":\"pt-BR\"},{\"@type\":\"Organization\",\"@id\":\"https:\/\/www.suno.com.br\/noticias\/#organization\",\"name\":\"Suno Not\u00edcias\",\"url\":\"https:\/\/www.suno.com.br\/noticias\/\",\"logo\":{\"@type\":\"ImageObject\",\"inLanguage\":\"pt-BR\",\"@id\":\"https:\/\/www.suno.com.br\/noticias\/#\/schema\/logo\/image\/\",\"url\":\"https:\/\/files.sunoresearch.com.br\/n\/uploads\/2021\/09\/suno-logo.png\",\"contentUrl\":\"https:\/\/files.sunoresearch.com.br\/n\/uploads\/2021\/09\/suno-logo.png\",\"width\":180,\"height\":180,\"caption\":\"Suno Not\u00edcias\"},\"image\":{\"@id\":\"https:\/\/www.suno.com.br\/noticias\/#\/schema\/logo\/image\/\"},\"sameAs\":[\"https:\/\/facebook.com\/sunoresearch\",\"https:\/\/x.com\/sunoresearch\",\"https:\/\/www.instagram.com\/suno\",\"https:\/\/www.linkedin.com\/company\/suno-research\/\",\"https:\/\/www.youtube.com\/c\/sunoresearch\"]},{\"@type\":\"Person\",\"@id\":\"https:\/\/www.suno.com.br\/noticias\/#\/schema\/person\/a20761b96e4df7eb57f1f9e41be1dbf3\",\"name\":\"Vinicius Pereira\",\"image\":{\"@type\":\"ImageObject\",\"inLanguage\":\"pt-BR\",\"@id\":\"https:\/\/www.suno.com.br\/noticias\/#\/schema\/person\/image\/\",\"url\":\"https:\/\/secure.gravatar.com\/avatar\/783866b933198f5cc4c5d03fcc8b1301?s=96&r=g\",\"contentUrl\":\"https:\/\/secure.gravatar.com\/avatar\/783866b933198f5cc4c5d03fcc8b1301?s=96&r=g\",\"caption\":\"Vinicius Pereira\"},\"description\":\"Vinicius Pereira foi rep\u00f3rter de economia da Folha de S.Paulo, stringer do jornal no Canad\u00e1 e colaborador de VEJA. J\u00e1 escreveu tamb\u00e9m para BBC Brasil, The Intercept Brasil e UOL. Tem MBA em Informa\u00e7\u00f5es Econ\u00f4mico-Financeiras e Mercado de Capitais pela FIA\/B3.\",\"sameAs\":[\"https:\/\/x.com\/https:\/\/twitter.com\/viniciuspjornal\"],\"url\":\"https:\/\/www.suno.com.br\/noticias\/author\/vinicius-pereira\/\"}]}<\/script>\n<!-- \/ Yoast SEO plugin. -->","yoast_head_json":{"title":"Oi (OIBR3) ser\u00e1 menor e v\u00ea futuro na fibra ap\u00f3s leil\u00e3o","description":"Segundo analistas, Oi (OIBR3) dever\u00e1 investir no mercado de fibra \u00f3tica e dever\u00e1 ser uma empresa menor. Clique aqui para ler mais.","robots":{"index":"index","follow":"follow","max-snippet":"max-snippet:-1","max-image-preview":"max-image-preview:large","max-video-preview":"max-video-preview:-1"},"canonical":"https:\/\/www.suno.com.br\/noticias\/oi-menor-fibra\/","og_locale":"pt_BR","og_type":"article","og_title":"Oi (OIBR3) ser\u00e1 menor e v\u00ea futuro na fibra ap\u00f3s leil\u00e3o","og_description":"Segundo analistas, Oi (OIBR3) dever\u00e1 investir no mercado de fibra \u00f3tica e dever\u00e1 ser uma empresa menor. Clique aqui para ler mais.","og_url":"https:\/\/www.suno.com.br\/noticias\/oi-menor-fibra\/","og_site_name":"Suno Not\u00edcias","article_publisher":"https:\/\/facebook.com\/sunoresearch","og_image":[{"width":1500,"height":1000,"url":"https:\/\/files.sunoresearch.com.br\/n\/uploads\/2020\/12\/807dcb1c-oi.jpg","type":"image\/jpeg"}],"author":"Vinicius Pereira","twitter_card":"summary_large_image","twitter_creator":"@https:\/\/twitter.com\/viniciuspjornal","twitter_site":"@sunoresearch","twitter_misc":{"Escrito por":"Vinicius Pereira","Est. tempo de leitura":"4 minutos"},"schema":{"@context":"https:\/\/schema.org","@graph":[{"@type":"NewsArticle","@id":"https:\/\/www.suno.com.br\/noticias\/oi-menor-fibra\/#article","isPartOf":{"@id":"https:\/\/www.suno.com.br\/noticias\/oi-menor-fibra\/"},"author":{"name":"Vinicius Pereira","@id":"https:\/\/www.suno.com.br\/noticias\/#\/schema\/person\/a20761b96e4df7eb57f1f9e41be1dbf3"},"headline":"Oi (OIBR3) ser\u00e1 menor e v\u00ea futuro na fibra ap\u00f3s leil\u00e3o","datePublished":"2020-12-14T21:47:18+00:00","dateModified":"2020-12-15T11:55:24+00:00","mainEntityOfPage":{"@id":"https:\/\/www.suno.com.br\/noticias\/oi-menor-fibra\/"},"wordCount":755,"publisher":{"@id":"https:\/\/www.suno.com.br\/noticias\/#organization"},"image":{"@id":"https:\/\/www.suno.com.br\/noticias\/oi-menor-fibra\/#primaryimage"},"thumbnailUrl":"https:\/\/files.sunoresearch.com.br\/n\/uploads\/2020\/12\/807dcb1c-oi-jpg.webp","keywords":["fibra \u00f3tica","Oi (OIBR3\/OIBR4)"],"articleSection":["Neg\u00f3cios"],"inLanguage":"pt-BR"},{"@type":"WebPage","@id":"https:\/\/www.suno.com.br\/noticias\/oi-menor-fibra\/","url":"https:\/\/www.suno.com.br\/noticias\/oi-menor-fibra\/","name":"Oi (OIBR3) ser\u00e1 menor e v\u00ea futuro na fibra ap\u00f3s leil\u00e3o","isPartOf":{"@id":"https:\/\/www.suno.com.br\/noticias\/#website"},"primaryImageOfPage":{"@id":"https:\/\/www.suno.com.br\/noticias\/oi-menor-fibra\/#primaryimage"},"image":{"@id":"https:\/\/www.suno.com.br\/noticias\/oi-menor-fibra\/#primaryimage"},"thumbnailUrl":"https:\/\/files.sunoresearch.com.br\/n\/uploads\/2020\/12\/807dcb1c-oi-jpg.webp","datePublished":"2020-12-14T21:47:18+00:00","dateModified":"2020-12-15T11:55:24+00:00","description":"Segundo analistas, Oi (OIBR3) dever\u00e1 investir no mercado de fibra \u00f3tica e dever\u00e1 ser uma empresa menor. Clique aqui para ler mais.","breadcrumb":{"@id":"https:\/\/www.suno.com.br\/noticias\/oi-menor-fibra\/#breadcrumb"},"inLanguage":"pt-BR","potentialAction":[{"@type":"ReadAction","target":["https:\/\/www.suno.com.br\/noticias\/oi-menor-fibra\/"]}]},{"@type":"ImageObject","inLanguage":"pt-BR","@id":"https:\/\/www.suno.com.br\/noticias\/oi-menor-fibra\/#primaryimage","url":"https:\/\/files.sunoresearch.com.br\/n\/uploads\/2020\/12\/807dcb1c-oi-jpg.webp","contentUrl":"https:\/\/files.sunoresearch.com.br\/n\/uploads\/2020\/12\/807dcb1c-oi-jpg.webp","width":1500,"height":1000,"caption":"Oi (OIBR3) ser\u00e1 menor e v\u00ea futuro na fibra ap\u00f3s leil\u00e3o"},{"@type":"BreadcrumbList","@id":"https:\/\/www.suno.com.br\/noticias\/oi-menor-fibra\/#breadcrumb","itemListElement":[{"@type":"ListItem","position":1,"name":"Not\u00edcias","item":"https:\/\/www.suno.com.br\/noticias\/"},{"@type":"ListItem","position":2,"name":"Neg\u00f3cios","item":"https:\/\/www.suno.com.br\/noticias\/negocios\/"},{"@type":"ListItem","position":3,"name":"Oi (OIBR3) ser\u00e1 menor e v\u00ea futuro na fibra ap\u00f3s leil\u00e3o"}]},{"@type":"WebSite","@id":"https:\/\/www.suno.com.br\/noticias\/#website","url":"https:\/\/www.suno.com.br\/noticias\/","name":"Suno Not\u00edcias","description":"Seu portal de informa\u00e7\u00e3o sobre o mundo dos investimentos","publisher":{"@id":"https:\/\/www.suno.com.br\/noticias\/#organization"},"potentialAction":[{"@type":"SearchAction","target":{"@type":"EntryPoint","urlTemplate":"https:\/\/www.suno.com.br\/noticias\/?s={search_term_string}"},"query-input":{"@type":"PropertyValueSpecification","valueRequired":true,"valueName":"search_term_string"}}],"inLanguage":"pt-BR"},{"@type":"Organization","@id":"https:\/\/www.suno.com.br\/noticias\/#organization","name":"Suno Not\u00edcias","url":"https:\/\/www.suno.com.br\/noticias\/","logo":{"@type":"ImageObject","inLanguage":"pt-BR","@id":"https:\/\/www.suno.com.br\/noticias\/#\/schema\/logo\/image\/","url":"https:\/\/files.sunoresearch.com.br\/n\/uploads\/2021\/09\/suno-logo.png","contentUrl":"https:\/\/files.sunoresearch.com.br\/n\/uploads\/2021\/09\/suno-logo.png","width":180,"height":180,"caption":"Suno Not\u00edcias"},"image":{"@id":"https:\/\/www.suno.com.br\/noticias\/#\/schema\/logo\/image\/"},"sameAs":["https:\/\/facebook.com\/sunoresearch","https:\/\/x.com\/sunoresearch","https:\/\/www.instagram.com\/suno","https:\/\/www.linkedin.com\/company\/suno-research\/","https:\/\/www.youtube.com\/c\/sunoresearch"]},{"@type":"Person","@id":"https:\/\/www.suno.com.br\/noticias\/#\/schema\/person\/a20761b96e4df7eb57f1f9e41be1dbf3","name":"Vinicius Pereira","image":{"@type":"ImageObject","inLanguage":"pt-BR","@id":"https:\/\/www.suno.com.br\/noticias\/#\/schema\/person\/image\/","url":"https:\/\/secure.gravatar.com\/avatar\/783866b933198f5cc4c5d03fcc8b1301?s=96&r=g","contentUrl":"https:\/\/secure.gravatar.com\/avatar\/783866b933198f5cc4c5d03fcc8b1301?s=96&r=g","caption":"Vinicius Pereira"},"description":"Vinicius Pereira foi rep\u00f3rter de economia da Folha de S.Paulo, stringer do jornal no Canad\u00e1 e colaborador de VEJA. J\u00e1 escreveu tamb\u00e9m para BBC Brasil, The Intercept Brasil e UOL. Tem MBA em Informa\u00e7\u00f5es Econ\u00f4mico-Financeiras e Mercado de Capitais pela FIA\/B3.","sameAs":["https:\/\/x.com\/https:\/\/twitter.com\/viniciuspjornal"],"url":"https:\/\/www.suno.com.br\/noticias\/author\/vinicius-pereira\/"}]}},"default_loop_html":"<div class=\"cardsPage__listCard__boxs\"><div class=\"cardsPage__listCard__boxs__img\"><a href=\"https:\/\/www.suno.com.br\/noticias\/oi-menor-fibra\/\"><img class=\"mask\" src=\"https:\/\/www.suno.com.br\/noticias\/wp-content\/themes\/suno\/resources\/images\/spotlight\/spotlight1img\/bg-mask.png\" alt=\"Image Mask\"\/><img src=\"https:\/\/files.sunoresearch.com.br\/n\/uploads\/2020\/12\/807dcb1c-oi-400x200.webp\" alt=\"Oi (OIBR3) ser\u00e1 menor e v\u00ea futuro na fibra ap\u00f3s leil\u00e3o\"\/><\/a><span class=\"spotlightCategory\"><a href=\"https:\/\/www.suno.com.br\/noticias\/negocios\/\">Neg\u00f3cios<\/a><\/span><\/div><div class=\"cardsPage__listCard__boxs__content\"><a href=\"https:\/\/www.suno.com.br\/noticias\/oi-menor-fibra\/\"><h2 class=\"content__title\">Oi (OIBR3) ser\u00e1 menor e v\u00ea futuro na fibra ap\u00f3s leil\u00e3o<\/h2><\/a><div class=\"newsContent__article__meta\"><div class=\"newsContent__article__meta__authorBox\"><a href=\"https:\/\/www.suno.com.br\/noticias\/author\/vinicius-pereira\/\" class=\"authorBox__avatar noMobi\"><img src=\"https:\/\/files.sunoresearch.com.br\/n\/uploads\/2020\/08\/77510613-whatsapp-image-2020-08-03-at-13.40.40-150x150.webp\" alt=\"Vinicius Pereira\"><\/a><div class=\"authorBox__name\"><span>por\n\t\t\t<a href=\"https:\/\/www.suno.com.br\/noticias\/author\/vinicius-pereira\/\"><span itemprop=\"author\">Vinicius Pereira<\/span><\/a><\/span><time datetime=\"2020-12-14T18:47:18-03:00\" itemprop=\"datePublished\">14\/12\/2020 18:47<\/time><\/div><\/div><\/div><\/div><\/div>","single_layout":"posts","amp_enabled":true,"_links":{"self":[{"href":"https:\/\/www.suno.com.br\/noticias\/wp-json\/wp\/v2\/posts\/107941"}],"collection":[{"href":"https:\/\/www.suno.com.br\/noticias\/wp-json\/wp\/v2\/posts"}],"about":[{"href":"https:\/\/www.suno.com.br\/noticias\/wp-json\/wp\/v2\/types\/post"}],"author":[{"embeddable":true,"href":"https:\/\/www.suno.com.br\/noticias\/wp-json\/wp\/v2\/users\/27"}],"replies":[{"embeddable":true,"href":"https:\/\/www.suno.com.br\/noticias\/wp-json\/wp\/v2\/comments?post=107941"}],"version-history":[{"count":0,"href":"https:\/\/www.suno.com.br\/noticias\/wp-json\/wp\/v2\/posts\/107941\/revisions"}],"wp:featuredmedia":[{"embeddable":true,"href":"https:\/\/www.suno.com.br\/noticias\/wp-json\/wp\/v2\/media\/107784"}],"wp:attachment":[{"href":"https:\/\/www.suno.com.br\/noticias\/wp-json\/wp\/v2\/media?parent=107941"}],"wp:term":[{"taxonomy":"category","embeddable":true,"href":"https:\/\/www.suno.com.br\/noticias\/wp-json\/wp\/v2\/categories?post=107941"},{"taxonomy":"post_tag","embeddable":true,"href":"https:\/\/www.suno.com.br\/noticias\/wp-json\/wp\/v2\/tags?post=107941"},{"taxonomy":"suno_strategy","embeddable":true,"href":"https:\/\/www.suno.com.br\/noticias\/wp-json\/wp\/v2\/suno_strategy?post=107941"}],"curies":[{"name":"wp","href":"https:\/\/api.w.org\/{rel}","templated":true}]}}