{"id":107801,"date":"2020-12-14T09:16:23","date_gmt":"2020-12-14T12:16:23","guid":{"rendered":"https:\/\/www.suno.com.br\/noticias\/?p=107801"},"modified":"2021-06-01T20:26:13","modified_gmt":"2021-06-01T23:26:13","slug":"google-fora-do-ar-servicos-caem-no-brasil-e-em-outros-paises","status":"publish","type":"post","link":"https:\/\/www.suno.com.br\/noticias\/google-fora-do-ar-servicos-caem-no-brasil-e-em-outros-paises\/","title":{"rendered":"Google fora do ar: servi\u00e7os caem no Brasil e em outros pa\u00edses"},"content":{"rendered":"<p>O <a href=\"https:\/\/www.suno.com.br\/artigos\/quer-ser-socio-do-google\/\" target=\"_blank\" rel=\"noopener noreferrer\"><strong>Google<\/strong><\/a> enfrenta problemas t\u00e9cnicos em v\u00e1rios pa\u00edses do mundo, inclusive no Brasil nesta manh\u00e3, com os usu\u00e1rios reportando dificuldades para acessar servi\u00e7os como o Gmail, Youtube, o buscador Google, o Google Drive.<\/p>\t<div class=\"wrapper-featured-image\">\n\t\t<figure class=\"spotlightImg\">\n\n\t\t\t<picture>\n\t\t\t\t<source media=\"(max-width: 768px)\" srcset=\"https:\/\/files.sunoresearch.com.br\/n\/uploads\/2020\/12\/8c539684-google-800x450-1-400x200.webp\">\n\t\t\t\t<img loading=\"lazy\" decoding=\"async\" class=\"newsContent__article__imgCapa lazyloadDisabled \" src=\"https:\/\/files.sunoresearch.com.br\/n\/uploads\/2020\/12\/8c539684-google-800x450-1-jpg.webp\" width=\"800\" height=\"450\" alt=\"Google fora do ar: servi\u00e7os caem no Brasil e em outros pa\u00edses\" fetchpriority=high \/>\n\t\t\t<\/picture>\n\n\t\t\t<figcaption class=\"wp-caption-text wp-caption-text--show\">Google fora do ar<\/figcaption>\n\t\t<\/figure>\n\t<\/div>\n\n\n<p><b>\u00a0\t<p>\n\t\t<a href=\"https:\/\/lp.suno.com.br\/planilha-controle-gastos\/\" target=\"_blank\" data-element=\"shortcode-suno-banner\" title=\"Banner SUNO, clique e saiba mais\">\n\t\t\t<picture>\n\t\t\t\t<source media=\"(max-width: 500px)\" srcset=\"https:\/\/files.sunoresearch.com.br\/n\/uploads\/2023\/03\/400x300-Planilha-controle-de-gastos.png\">\n\t\t\t\t<img class=\"newsContent__article__imgCapa newsContent__article__imgCapa--banner\"\n\t\t\t\t\tsrc=\"https:\/\/files.sunoresearch.com.br\/n\/uploads\/2023\/03\/1420x240-Planilha-controle-de-gastos.png\"\n\t\t\t\t\tdata-promo-id=\"101751\"\t\t\t\t\t\t\t\t\t\twidth='1420' height='240'\t\t\t\t\talt=\"https:\/\/files.sunoresearch.com.br\/n\/uploads\/2023\/03\/1420x240-Planilha-controle-de-gastos.png\"\n\t\t\t\t>\n\t\t\t<\/picture>\n\t\t<\/a>\n\t<\/p>\n\n<\/b><\/p>\n<p>De acordo com o site Downdetector, 88% dos problemas reportados pelos usu\u00e1rios eram relativos a log-in e outros 11% relativos a buscas. Os relatos sobre <strong>problemas com servi\u00e7os<\/strong> da empresa come\u00e7aram por volta de 8h30, e atingiram um pico de 14.322 queixas \u00e0s 8h53.<\/p>\n<p><iframe loading=\"lazy\" title=\"?Leil\u00e3o da Oi (OIBR3), Google cai em todo o mundo, Azul (AZUL4) relata recupera\u00e7\u00e3o r\u00e1pida\" width=\"1080\" height=\"608\" src=\"https:\/\/www.youtube.com\/embed\/35sj7gmC40w?feature=oembed&#038;enablejsapi=1&#038;origin=https:\/\/www.suno.com.br\" frameborder=\"0\" allow=\"accelerometer; autoplay; clipboard-write; encrypted-media; gyroscope; picture-in-picture\" allowfullscreen><\/iframe><\/p>\n<p>Ao tentar entrar no gmail, os usu\u00e1rios encontram uma mensagem de<strong> erro tempor\u00e1rio<\/strong> (500). &#8220;Sua conta est\u00e1 temporariamente indispon\u00edvel. Lamentamos o transtorno e sugerimos que voc\u00ea tente novamente em alguns minutos&#8221;, diz o site.<\/p>\n<p><b>\u00a0<\/b><a href=\"https:\/\/lp.suno.com.br\/suno-one\/\"><b>Suno One: acesse gratuitamente eBooks, Minicursos, Artigos e Video Aulas sobre investimentos com um \u00fanico cadastro. Clique para saber mais!<\/b><\/a><\/p>\n<p>Ainda segundo o Downdetector, o<strong> Google caiu<\/strong> com mais intensidade na Europa e nos Estados Unidos. \u00cdndia, Jap\u00e3o e a regi\u00e3o Sudeste do Brasil tam\u00e9m eram apontados como locais com maior incid\u00eancia de problemas.<\/p>\n<p>Confira no mapa:<\/p>\n<p><img decoding=\"async\" class=\"wp-image-107820 size-full\" src=\"https:\/\/storage.googleapis.com\/wp-noticias\/2020\/12\/32593732-google-fora-do-ar.jpg\" alt=\"&quot;&lt;yoastmark\" \/><\/p>\n<h2>Problemas chamaram aten\u00e7\u00e3o<\/h2>\n<p>Por volta das 9h, o tema estava entre os primeiros assuntos mais comentados no Twitter, com usu\u00e1rios compartilhando suas dificuldades com o <strong>Google fora do ar<\/strong>.<\/p>\n<p>Confira alguns dos coment\u00e1rios dos brasileiros sobre o problema:<\/p>\n<blockquote class=\"twitter-tweet\">\n<p dir=\"ltr\" lang=\"pt\">Se liga no spike do gr\u00e1fico de reclama\u00e7\u00f5es <a href=\"https:\/\/twitter.com\/hashtag\/googledown?src=hash&amp;ref_src=twsrc%5Etfw\">#googledown<\/a> <a href=\"https:\/\/t.co\/YSVunhzxb2\">https:\/\/t.co\/YSVunhzxb2<\/a><\/p>\n<p>\u2014 Cau\u00ea Fabiano (@Cauefabiano) <a href=\"https:\/\/twitter.com\/Cauefabiano\/status\/1338461881024057344?ref_src=twsrc%5Etfw\">December 14, 2020<\/a><\/p><\/blockquote>\n<p><script async src=\"https:\/\/platform.twitter.com\/widgets.js\" charset=\"utf-8\"><\/script><\/p>\n<blockquote class=\"twitter-tweet\">\n<p dir=\"ltr\" lang=\"es\">Todos los servicios de Google con problemas ahora mismo <a href=\"https:\/\/t.co\/CiHPQa1CCN\">pic.twitter.com\/CiHPQa1CCN<\/a><\/p>\n<p>\u2014 libertadorcarrasco (@libertadorcarr1) <a href=\"https:\/\/twitter.com\/libertadorcarr1\/status\/1338462977939435525?ref_src=twsrc%5Etfw\">December 14, 2020<\/a><\/p><\/blockquote>\n<p><script async src=\"https:\/\/platform.twitter.com\/widgets.js\" charset=\"utf-8\"><\/script><\/p>\n<blockquote class=\"twitter-tweet\">\n<p dir=\"ltr\" lang=\"en\">Google updates the current status of the services <a href=\"https:\/\/t.co\/yL4pYsnijA\">pic.twitter.com\/yL4pYsnijA<\/a><\/p>\n<p>\u2014 Christopher (@404_christopher) <a href=\"https:\/\/twitter.com\/404_christopher\/status\/1338462972843155457?ref_src=twsrc%5Etfw\">December 14, 2020<\/a><\/p><\/blockquote>\n<p><script async src=\"https:\/\/platform.twitter.com\/widgets.js\" charset=\"utf-8\"><\/script><\/p>\n<h2>Google voltou por volta de 9h30<\/h2>\n<p><b>\u00a0\t<p>\n\t\t<a href=\"https:\/\/lp.suno.com.br\/planilha-da-vida-financeira\/\" target=\"_blank\" data-element=\"shortcode-suno-banner\" title=\"Banner SUNO, clique e saiba mais\">\n\t\t\t<picture>\n\t\t\t\t<source media=\"(max-width: 500px)\" srcset=\"https:\/\/files.sunoresearch.com.br\/n\/uploads\/2023\/04\/400x300-Planilha-vida-financeira-true.png\">\n\t\t\t\t<img class=\"newsContent__article__imgCapa newsContent__article__imgCapa--banner\"\n\t\t\t\t\tsrc=\"https:\/\/files.sunoresearch.com.br\/n\/uploads\/2023\/04\/1420x240-Planilha-vida-financeira-true.png\"\n\t\t\t\t\tdata-promo-id=\"106682\"\t\t\t\t\t\t\t\t\t\twidth='1420' height='240'\t\t\t\t\talt=\"https:\/\/files.sunoresearch.com.br\/n\/uploads\/2023\/04\/1420x240-Planilha-vida-financeira-true.png\"\n\t\t\t\t>\n\t\t\t<\/picture>\n\t\t<\/a>\n\t<\/p>\n\n<\/b><\/p>\n<p>Por volta de 9h30, o servi\u00e7o de email <strong>voltou a funcionar<\/strong>, mas destacava que o Gmail estava \u00a0temporariamente impossibilitado de acessar os Contatos.<\/p>\n<p>No painel de status do Google Workplace, todos os servi\u00e7os constavam como normalizados \u00e0s 10h.<\/p>\n<p>A empresa foi criada por <strong>Larry Page<\/strong>, em 1996, mas se chamava inicialmente de BackRub.\u00a0O nome foi alterado para Google pouco tempo depois, em 1998. Hoje, \u00e9 a quarta marca mais valiosa do mundo, com valor de US$ 323,6 milh\u00f5es.<\/p>\n<p>Procurada pelo <strong>SUNO<\/strong> Not\u00edcias, a assessoria de imprensa do <strong>Google<\/strong> no Brasil ainda n\u00e3o se pronunciou.<\/p>\n<p>(Mais informa\u00e7\u00f5es em instantes)<\/p>\n<p><b>\t<p>\n\t\t<a href=\"https:\/\/lp.suno.com.br\/planilha-de-controle-de-investimentos\/\" target=\"_blank\" data-element=\"shortcode-suno-banner\" title=\"Banner SUNO, clique e saiba mais\">\n\t\t\t<picture>\n\t\t\t\t<source media=\"(max-width: 500px)\" srcset=\"https:\/\/files.sunoresearch.com.br\/n\/uploads\/2023\/03\/400x300-Controle-de-Investimentos.png\">\n\t\t\t\t<img class=\"newsContent__article__imgCapa newsContent__article__imgCapa--banner\"\n\t\t\t\t\tsrc=\"https:\/\/files.sunoresearch.com.br\/n\/uploads\/2023\/03\/1420x240-Controle-de-Investimentos.png\"\n\t\t\t\t\tdata-promo-id=\"75934\"\t\t\t\t\t\t\t\t\t\twidth='1420' height='240'\t\t\t\t\talt=\"https:\/\/files.sunoresearch.com.br\/n\/uploads\/2023\/03\/1420x240-Controle-de-Investimentos.png\"\n\t\t\t\t>\n\t\t\t<\/picture>\n\t\t<\/a>\n\t<\/p>\n\n<\/b><\/p>\n","protected":false},"excerpt":{"rendered":"<p>O Google enfrenta problemas t\u00e9cnicos em v\u00e1rios pa\u00edses do mundo, inclusive no Brasil nesta manh\u00e3, com os usu\u00e1rios reportando dificuldades para acessar servi\u00e7os como o Gmail, Youtube, o buscador Google, o Google Drive. Google fora do ar \u00a0 De acordo com o site Downdetector, 88% dos problemas reportados pelos usu\u00e1rios eram relativos a log-in e [&hellip;]<\/p>\n","protected":false},"author":60,"featured_media":107575,"comment_status":"closed","ping_status":"closed","sticky":false,"template":"","format":"standard","meta":[],"categories":[64],"tags":[1372,701],"suno_strategy":[],"class_list":["post-107801","post","type-post","status-publish","format-standard","has-post-thumbnail","hentry","category-negocios","tag-alphabet-gogl34-gogl35","tag-google"],"yoast_head":"<!-- This site is optimized with the Yoast SEO plugin v24.4 - https:\/\/yoast.com\/wordpress\/plugins\/seo\/ -->\n<title>Google fora do ar: servi\u00e7os caem no Brasil e em outros pa\u00edses<\/title>\n<meta name=\"description\" content=\"O Google enfrenta problemas t\u00e9cnicos em v\u00e1rios pa\u00edses, inclusive no Brasil, nesta manh\u00e3. Confira mais sobre o problema do Google.\" \/>\n<meta name=\"robots\" content=\"index, follow, max-snippet:-1, max-image-preview:large, max-video-preview:-1\" \/>\n<link rel=\"canonical\" href=\"https:\/\/www.suno.com.br\/noticias\/google-fora-do-ar-servicos-caem-no-brasil-e-em-outros-paises\/\" \/>\n<meta property=\"og:locale\" content=\"pt_BR\" \/>\n<meta property=\"og:type\" content=\"article\" \/>\n<meta property=\"og:title\" content=\"Google fora do ar: servi\u00e7os caem no Brasil e em outros pa\u00edses\" \/>\n<meta property=\"og:description\" content=\"O Google enfrenta problemas t\u00e9cnicos em v\u00e1rios pa\u00edses, inclusive no Brasil, nesta manh\u00e3. Confira mais sobre o problema do Google.\" \/>\n<meta property=\"og:url\" content=\"https:\/\/www.suno.com.br\/noticias\/google-fora-do-ar-servicos-caem-no-brasil-e-em-outros-paises\/\" \/>\n<meta property=\"og:site_name\" content=\"Suno Not\u00edcias\" \/>\n<meta property=\"article:publisher\" content=\"https:\/\/facebook.com\/sunoresearch\" \/>\n<meta property=\"og:image\" content=\"https:\/\/files.sunoresearch.com.br\/n\/uploads\/2020\/12\/8c539684-google-800x450-1.jpg\" \/>\n\t<meta property=\"og:image:width\" content=\"800\" \/>\n\t<meta property=\"og:image:height\" content=\"450\" \/>\n\t<meta property=\"og:image:type\" content=\"image\/jpeg\" \/>\n<meta name=\"author\" content=\"Natalia G\u00f3mez\" \/>\n<meta name=\"twitter:card\" content=\"summary_large_image\" \/>\n<meta name=\"twitter:creator\" content=\"@sunoresearch\" \/>\n<meta name=\"twitter:site\" content=\"@sunoresearch\" \/>\n<meta name=\"twitter:label1\" content=\"Escrito por\" \/>\n\t<meta name=\"twitter:data1\" content=\"Natalia G\u00f3mez\" \/>\n\t<meta name=\"twitter:label2\" content=\"Est. tempo de leitura\" \/>\n\t<meta name=\"twitter:data2\" content=\"2 minutos\" \/>\n<script type=\"application\/ld+json\" class=\"yoast-schema-graph\">{\"@context\":\"https:\/\/schema.org\",\"@graph\":[{\"@type\":\"NewsArticle\",\"@id\":\"https:\/\/www.suno.com.br\/noticias\/google-fora-do-ar-servicos-caem-no-brasil-e-em-outros-paises\/#article\",\"isPartOf\":{\"@id\":\"https:\/\/www.suno.com.br\/noticias\/google-fora-do-ar-servicos-caem-no-brasil-e-em-outros-paises\/\"},\"author\":{\"name\":\"Natalia G\u00f3mez\",\"@id\":\"https:\/\/www.suno.com.br\/noticias\/#\/schema\/person\/1b24d67c140a42e864ef414497edb164\"},\"headline\":\"Google fora do ar: servi\u00e7os caem no Brasil e em outros pa\u00edses\",\"datePublished\":\"2020-12-14T12:16:23+00:00\",\"dateModified\":\"2021-06-01T23:26:13+00:00\",\"mainEntityOfPage\":{\"@id\":\"https:\/\/www.suno.com.br\/noticias\/google-fora-do-ar-servicos-caem-no-brasil-e-em-outros-paises\/\"},\"wordCount\":411,\"publisher\":{\"@id\":\"https:\/\/www.suno.com.br\/noticias\/#organization\"},\"image\":{\"@id\":\"https:\/\/www.suno.com.br\/noticias\/google-fora-do-ar-servicos-caem-no-brasil-e-em-outros-paises\/#primaryimage\"},\"thumbnailUrl\":\"https:\/\/files.sunoresearch.com.br\/n\/uploads\/2020\/12\/8c539684-google-800x450-1-jpg.webp\",\"keywords\":[\"Alphabet (GOGL34\/GOGL35)\",\"Google\"],\"articleSection\":[\"Neg\u00f3cios\"],\"inLanguage\":\"pt-BR\"},{\"@type\":\"WebPage\",\"@id\":\"https:\/\/www.suno.com.br\/noticias\/google-fora-do-ar-servicos-caem-no-brasil-e-em-outros-paises\/\",\"url\":\"https:\/\/www.suno.com.br\/noticias\/google-fora-do-ar-servicos-caem-no-brasil-e-em-outros-paises\/\",\"name\":\"Google fora do ar: servi\u00e7os caem no Brasil e em outros pa\u00edses\",\"isPartOf\":{\"@id\":\"https:\/\/www.suno.com.br\/noticias\/#website\"},\"primaryImageOfPage\":{\"@id\":\"https:\/\/www.suno.com.br\/noticias\/google-fora-do-ar-servicos-caem-no-brasil-e-em-outros-paises\/#primaryimage\"},\"image\":{\"@id\":\"https:\/\/www.suno.com.br\/noticias\/google-fora-do-ar-servicos-caem-no-brasil-e-em-outros-paises\/#primaryimage\"},\"thumbnailUrl\":\"https:\/\/files.sunoresearch.com.br\/n\/uploads\/2020\/12\/8c539684-google-800x450-1-jpg.webp\",\"datePublished\":\"2020-12-14T12:16:23+00:00\",\"dateModified\":\"2021-06-01T23:26:13+00:00\",\"description\":\"O Google enfrenta problemas t\u00e9cnicos em v\u00e1rios pa\u00edses, inclusive no Brasil, nesta manh\u00e3. Confira mais sobre o problema do Google.\",\"breadcrumb\":{\"@id\":\"https:\/\/www.suno.com.br\/noticias\/google-fora-do-ar-servicos-caem-no-brasil-e-em-outros-paises\/#breadcrumb\"},\"inLanguage\":\"pt-BR\",\"potentialAction\":[{\"@type\":\"ReadAction\",\"target\":[\"https:\/\/www.suno.com.br\/noticias\/google-fora-do-ar-servicos-caem-no-brasil-e-em-outros-paises\/\"]}]},{\"@type\":\"ImageObject\",\"inLanguage\":\"pt-BR\",\"@id\":\"https:\/\/www.suno.com.br\/noticias\/google-fora-do-ar-servicos-caem-no-brasil-e-em-outros-paises\/#primaryimage\",\"url\":\"https:\/\/files.sunoresearch.com.br\/n\/uploads\/2020\/12\/8c539684-google-800x450-1-jpg.webp\",\"contentUrl\":\"https:\/\/files.sunoresearch.com.br\/n\/uploads\/2020\/12\/8c539684-google-800x450-1-jpg.webp\",\"width\":800,\"height\":450,\"caption\":\"Google fora do ar\"},{\"@type\":\"BreadcrumbList\",\"@id\":\"https:\/\/www.suno.com.br\/noticias\/google-fora-do-ar-servicos-caem-no-brasil-e-em-outros-paises\/#breadcrumb\",\"itemListElement\":[{\"@type\":\"ListItem\",\"position\":1,\"name\":\"Not\u00edcias\",\"item\":\"https:\/\/www.suno.com.br\/noticias\/\"},{\"@type\":\"ListItem\",\"position\":2,\"name\":\"Neg\u00f3cios\",\"item\":\"https:\/\/www.suno.com.br\/noticias\/negocios\/\"},{\"@type\":\"ListItem\",\"position\":3,\"name\":\"Google fora do ar: servi\u00e7os caem no Brasil e em outros pa\u00edses\"}]},{\"@type\":\"WebSite\",\"@id\":\"https:\/\/www.suno.com.br\/noticias\/#website\",\"url\":\"https:\/\/www.suno.com.br\/noticias\/\",\"name\":\"Suno Not\u00edcias\",\"description\":\"Seu portal de informa\u00e7\u00e3o sobre o mundo dos investimentos\",\"publisher\":{\"@id\":\"https:\/\/www.suno.com.br\/noticias\/#organization\"},\"potentialAction\":[{\"@type\":\"SearchAction\",\"target\":{\"@type\":\"EntryPoint\",\"urlTemplate\":\"https:\/\/www.suno.com.br\/noticias\/?s={search_term_string}\"},\"query-input\":{\"@type\":\"PropertyValueSpecification\",\"valueRequired\":true,\"valueName\":\"search_term_string\"}}],\"inLanguage\":\"pt-BR\"},{\"@type\":\"Organization\",\"@id\":\"https:\/\/www.suno.com.br\/noticias\/#organization\",\"name\":\"Suno Not\u00edcias\",\"url\":\"https:\/\/www.suno.com.br\/noticias\/\",\"logo\":{\"@type\":\"ImageObject\",\"inLanguage\":\"pt-BR\",\"@id\":\"https:\/\/www.suno.com.br\/noticias\/#\/schema\/logo\/image\/\",\"url\":\"https:\/\/files.sunoresearch.com.br\/n\/uploads\/2021\/09\/suno-logo.png\",\"contentUrl\":\"https:\/\/files.sunoresearch.com.br\/n\/uploads\/2021\/09\/suno-logo.png\",\"width\":180,\"height\":180,\"caption\":\"Suno Not\u00edcias\"},\"image\":{\"@id\":\"https:\/\/www.suno.com.br\/noticias\/#\/schema\/logo\/image\/\"},\"sameAs\":[\"https:\/\/facebook.com\/sunoresearch\",\"https:\/\/x.com\/sunoresearch\",\"https:\/\/www.instagram.com\/suno\",\"https:\/\/www.linkedin.com\/company\/suno-research\/\",\"https:\/\/www.youtube.com\/c\/sunoresearch\"]},{\"@type\":\"Person\",\"@id\":\"https:\/\/www.suno.com.br\/noticias\/#\/schema\/person\/1b24d67c140a42e864ef414497edb164\",\"name\":\"Natalia G\u00f3mez\",\"image\":{\"@type\":\"ImageObject\",\"inLanguage\":\"pt-BR\",\"@id\":\"https:\/\/www.suno.com.br\/noticias\/#\/schema\/person\/image\/\",\"url\":\"https:\/\/secure.gravatar.com\/avatar\/9e957e0b2b485c2d42c3f4145c16d940?s=96&r=g\",\"contentUrl\":\"https:\/\/secure.gravatar.com\/avatar\/9e957e0b2b485c2d42c3f4145c16d940?s=96&r=g\",\"caption\":\"Natalia G\u00f3mez\"},\"description\":\"Editora do Suno Not\u00edcias desde outubro de 2020, \u00e9 jornalista formada pela PUC-SP, com p\u00f3s-gradua\u00e7\u00e3o em jornalismo liter\u00e1rio. Atua no mercado financeiro desde 2003, quando iniciou a carreira no jornal econ\u00f4mico DCI, cobrindo o setor de alimentos no caderno de Ind\u00fastria. Foi trainee do jornal Valor Econ\u00f4mico, onde atuou no Caderno de Empresas por quase tr\u00eas anos. L\u00e1, cobriu o setor de ind\u00fastria, com foco em siderurgia, embalagens e aeroespacial. Fez coberturas setoriais em viagens para S\u00e3o Jos\u00e9 dos Campos e Franca (SP), al\u00e9m de coberturas internacionais na Alemanha e na Su\u00e9cia. Trabalhou por cinco anos na Ag\u00eancia Estado\/Broadcast, do Grupo Estado, onde foi rep\u00f3rter dos setores de minera\u00e7\u00e3o e siderurgia, alimentos e bebidas e finan\u00e7as. Foi premiada como o pr\u00eamio Destaque de Reportagem da AE em 2007 e 2008. Al\u00e9m de atuar no servi\u00e7o de not\u00edcias em tempo real, fez participa\u00e7\u00f5es no caderno de Economia do jornal Estado de S.Paulo e na R\u00e1dio Eldorado. Ainda no Grupo Estado, foi editora assistente da editoria Empresas e Setores, atuando com edi\u00e7\u00e3o e pauta, al\u00e9m de cobrir mercados diariamente com o cen\u00e1rio de bolsa e fazer reportagens especiais com foco em governan\u00e7a corporativa. Trabalhou tamb\u00e9m como correspondente de finan\u00e7as no servi\u00e7o da Thomson Reuters em portugu\u00eas por quase um ano. Atuou por cerca de oito anos como jornalista independente, contribuindo para ve\u00edculos como UOL Economia, Infomoney e Revista Voc\u00ea SA, al\u00e9m de ter trabalhado em projetos na \u00e1rea de conte\u00fado e comunica\u00e7\u00e3o de institui\u00e7\u00f5es financeiras como Anbima, Banco BS2, Banco Pine, Ita\u00fa BBA e EQI.\",\"url\":\"https:\/\/www.suno.com.br\/noticias\/author\/natalia-gomez\/\"}]}<\/script>\n<!-- \/ Yoast SEO plugin. -->","yoast_head_json":{"title":"Google fora do ar: servi\u00e7os caem no Brasil e em outros pa\u00edses","description":"O Google enfrenta problemas t\u00e9cnicos em v\u00e1rios pa\u00edses, inclusive no Brasil, nesta manh\u00e3. Confira mais sobre o problema do Google.","robots":{"index":"index","follow":"follow","max-snippet":"max-snippet:-1","max-image-preview":"max-image-preview:large","max-video-preview":"max-video-preview:-1"},"canonical":"https:\/\/www.suno.com.br\/noticias\/google-fora-do-ar-servicos-caem-no-brasil-e-em-outros-paises\/","og_locale":"pt_BR","og_type":"article","og_title":"Google fora do ar: servi\u00e7os caem no Brasil e em outros pa\u00edses","og_description":"O Google enfrenta problemas t\u00e9cnicos em v\u00e1rios pa\u00edses, inclusive no Brasil, nesta manh\u00e3. Confira mais sobre o problema do Google.","og_url":"https:\/\/www.suno.com.br\/noticias\/google-fora-do-ar-servicos-caem-no-brasil-e-em-outros-paises\/","og_site_name":"Suno Not\u00edcias","article_publisher":"https:\/\/facebook.com\/sunoresearch","og_image":[{"width":800,"height":450,"url":"https:\/\/files.sunoresearch.com.br\/n\/uploads\/2020\/12\/8c539684-google-800x450-1.jpg","type":"image\/jpeg"}],"author":"Natalia G\u00f3mez","twitter_card":"summary_large_image","twitter_creator":"@sunoresearch","twitter_site":"@sunoresearch","twitter_misc":{"Escrito por":"Natalia G\u00f3mez","Est. tempo de leitura":"2 minutos"},"schema":{"@context":"https:\/\/schema.org","@graph":[{"@type":"NewsArticle","@id":"https:\/\/www.suno.com.br\/noticias\/google-fora-do-ar-servicos-caem-no-brasil-e-em-outros-paises\/#article","isPartOf":{"@id":"https:\/\/www.suno.com.br\/noticias\/google-fora-do-ar-servicos-caem-no-brasil-e-em-outros-paises\/"},"author":{"name":"Natalia G\u00f3mez","@id":"https:\/\/www.suno.com.br\/noticias\/#\/schema\/person\/1b24d67c140a42e864ef414497edb164"},"headline":"Google fora do ar: servi\u00e7os caem no Brasil e em outros pa\u00edses","datePublished":"2020-12-14T12:16:23+00:00","dateModified":"2021-06-01T23:26:13+00:00","mainEntityOfPage":{"@id":"https:\/\/www.suno.com.br\/noticias\/google-fora-do-ar-servicos-caem-no-brasil-e-em-outros-paises\/"},"wordCount":411,"publisher":{"@id":"https:\/\/www.suno.com.br\/noticias\/#organization"},"image":{"@id":"https:\/\/www.suno.com.br\/noticias\/google-fora-do-ar-servicos-caem-no-brasil-e-em-outros-paises\/#primaryimage"},"thumbnailUrl":"https:\/\/files.sunoresearch.com.br\/n\/uploads\/2020\/12\/8c539684-google-800x450-1-jpg.webp","keywords":["Alphabet (GOGL34\/GOGL35)","Google"],"articleSection":["Neg\u00f3cios"],"inLanguage":"pt-BR"},{"@type":"WebPage","@id":"https:\/\/www.suno.com.br\/noticias\/google-fora-do-ar-servicos-caem-no-brasil-e-em-outros-paises\/","url":"https:\/\/www.suno.com.br\/noticias\/google-fora-do-ar-servicos-caem-no-brasil-e-em-outros-paises\/","name":"Google fora do ar: servi\u00e7os caem no Brasil e em outros pa\u00edses","isPartOf":{"@id":"https:\/\/www.suno.com.br\/noticias\/#website"},"primaryImageOfPage":{"@id":"https:\/\/www.suno.com.br\/noticias\/google-fora-do-ar-servicos-caem-no-brasil-e-em-outros-paises\/#primaryimage"},"image":{"@id":"https:\/\/www.suno.com.br\/noticias\/google-fora-do-ar-servicos-caem-no-brasil-e-em-outros-paises\/#primaryimage"},"thumbnailUrl":"https:\/\/files.sunoresearch.com.br\/n\/uploads\/2020\/12\/8c539684-google-800x450-1-jpg.webp","datePublished":"2020-12-14T12:16:23+00:00","dateModified":"2021-06-01T23:26:13+00:00","description":"O Google enfrenta problemas t\u00e9cnicos em v\u00e1rios pa\u00edses, inclusive no Brasil, nesta manh\u00e3. Confira mais sobre o problema do Google.","breadcrumb":{"@id":"https:\/\/www.suno.com.br\/noticias\/google-fora-do-ar-servicos-caem-no-brasil-e-em-outros-paises\/#breadcrumb"},"inLanguage":"pt-BR","potentialAction":[{"@type":"ReadAction","target":["https:\/\/www.suno.com.br\/noticias\/google-fora-do-ar-servicos-caem-no-brasil-e-em-outros-paises\/"]}]},{"@type":"ImageObject","inLanguage":"pt-BR","@id":"https:\/\/www.suno.com.br\/noticias\/google-fora-do-ar-servicos-caem-no-brasil-e-em-outros-paises\/#primaryimage","url":"https:\/\/files.sunoresearch.com.br\/n\/uploads\/2020\/12\/8c539684-google-800x450-1-jpg.webp","contentUrl":"https:\/\/files.sunoresearch.com.br\/n\/uploads\/2020\/12\/8c539684-google-800x450-1-jpg.webp","width":800,"height":450,"caption":"Google fora do ar"},{"@type":"BreadcrumbList","@id":"https:\/\/www.suno.com.br\/noticias\/google-fora-do-ar-servicos-caem-no-brasil-e-em-outros-paises\/#breadcrumb","itemListElement":[{"@type":"ListItem","position":1,"name":"Not\u00edcias","item":"https:\/\/www.suno.com.br\/noticias\/"},{"@type":"ListItem","position":2,"name":"Neg\u00f3cios","item":"https:\/\/www.suno.com.br\/noticias\/negocios\/"},{"@type":"ListItem","position":3,"name":"Google fora do ar: servi\u00e7os caem no Brasil e em outros pa\u00edses"}]},{"@type":"WebSite","@id":"https:\/\/www.suno.com.br\/noticias\/#website","url":"https:\/\/www.suno.com.br\/noticias\/","name":"Suno Not\u00edcias","description":"Seu portal de informa\u00e7\u00e3o sobre o mundo dos investimentos","publisher":{"@id":"https:\/\/www.suno.com.br\/noticias\/#organization"},"potentialAction":[{"@type":"SearchAction","target":{"@type":"EntryPoint","urlTemplate":"https:\/\/www.suno.com.br\/noticias\/?s={search_term_string}"},"query-input":{"@type":"PropertyValueSpecification","valueRequired":true,"valueName":"search_term_string"}}],"inLanguage":"pt-BR"},{"@type":"Organization","@id":"https:\/\/www.suno.com.br\/noticias\/#organization","name":"Suno Not\u00edcias","url":"https:\/\/www.suno.com.br\/noticias\/","logo":{"@type":"ImageObject","inLanguage":"pt-BR","@id":"https:\/\/www.suno.com.br\/noticias\/#\/schema\/logo\/image\/","url":"https:\/\/files.sunoresearch.com.br\/n\/uploads\/2021\/09\/suno-logo.png","contentUrl":"https:\/\/files.sunoresearch.com.br\/n\/uploads\/2021\/09\/suno-logo.png","width":180,"height":180,"caption":"Suno Not\u00edcias"},"image":{"@id":"https:\/\/www.suno.com.br\/noticias\/#\/schema\/logo\/image\/"},"sameAs":["https:\/\/facebook.com\/sunoresearch","https:\/\/x.com\/sunoresearch","https:\/\/www.instagram.com\/suno","https:\/\/www.linkedin.com\/company\/suno-research\/","https:\/\/www.youtube.com\/c\/sunoresearch"]},{"@type":"Person","@id":"https:\/\/www.suno.com.br\/noticias\/#\/schema\/person\/1b24d67c140a42e864ef414497edb164","name":"Natalia G\u00f3mez","image":{"@type":"ImageObject","inLanguage":"pt-BR","@id":"https:\/\/www.suno.com.br\/noticias\/#\/schema\/person\/image\/","url":"https:\/\/secure.gravatar.com\/avatar\/9e957e0b2b485c2d42c3f4145c16d940?s=96&r=g","contentUrl":"https:\/\/secure.gravatar.com\/avatar\/9e957e0b2b485c2d42c3f4145c16d940?s=96&r=g","caption":"Natalia G\u00f3mez"},"description":"Editora do Suno Not\u00edcias desde outubro de 2020, \u00e9 jornalista formada pela PUC-SP, com p\u00f3s-gradua\u00e7\u00e3o em jornalismo liter\u00e1rio. Atua no mercado financeiro desde 2003, quando iniciou a carreira no jornal econ\u00f4mico DCI, cobrindo o setor de alimentos no caderno de Ind\u00fastria. Foi trainee do jornal Valor Econ\u00f4mico, onde atuou no Caderno de Empresas por quase tr\u00eas anos. L\u00e1, cobriu o setor de ind\u00fastria, com foco em siderurgia, embalagens e aeroespacial. Fez coberturas setoriais em viagens para S\u00e3o Jos\u00e9 dos Campos e Franca (SP), al\u00e9m de coberturas internacionais na Alemanha e na Su\u00e9cia. Trabalhou por cinco anos na Ag\u00eancia Estado\/Broadcast, do Grupo Estado, onde foi rep\u00f3rter dos setores de minera\u00e7\u00e3o e siderurgia, alimentos e bebidas e finan\u00e7as. Foi premiada como o pr\u00eamio Destaque de Reportagem da AE em 2007 e 2008. Al\u00e9m de atuar no servi\u00e7o de not\u00edcias em tempo real, fez participa\u00e7\u00f5es no caderno de Economia do jornal Estado de S.Paulo e na R\u00e1dio Eldorado. Ainda no Grupo Estado, foi editora assistente da editoria Empresas e Setores, atuando com edi\u00e7\u00e3o e pauta, al\u00e9m de cobrir mercados diariamente com o cen\u00e1rio de bolsa e fazer reportagens especiais com foco em governan\u00e7a corporativa. Trabalhou tamb\u00e9m como correspondente de finan\u00e7as no servi\u00e7o da Thomson Reuters em portugu\u00eas por quase um ano. Atuou por cerca de oito anos como jornalista independente, contribuindo para ve\u00edculos como UOL Economia, Infomoney e Revista Voc\u00ea SA, al\u00e9m de ter trabalhado em projetos na \u00e1rea de conte\u00fado e comunica\u00e7\u00e3o de institui\u00e7\u00f5es financeiras como Anbima, Banco BS2, Banco Pine, Ita\u00fa BBA e EQI.","url":"https:\/\/www.suno.com.br\/noticias\/author\/natalia-gomez\/"}]}},"default_loop_html":"<div class=\"cardsPage__listCard__boxs\"><div class=\"cardsPage__listCard__boxs__img\"><a href=\"https:\/\/www.suno.com.br\/noticias\/google-fora-do-ar-servicos-caem-no-brasil-e-em-outros-paises\/\"><img class=\"mask\" src=\"https:\/\/www.suno.com.br\/noticias\/wp-content\/themes\/suno\/resources\/images\/spotlight\/spotlight1img\/bg-mask.png\" alt=\"Image Mask\"\/><img src=\"https:\/\/files.sunoresearch.com.br\/n\/uploads\/2020\/12\/8c539684-google-800x450-1-400x200.webp\" alt=\"Google fora do ar: servi\u00e7os caem no Brasil e em outros pa\u00edses\"\/><\/a><span class=\"spotlightCategory\"><a href=\"https:\/\/www.suno.com.br\/noticias\/negocios\/\">Neg\u00f3cios<\/a><\/span><\/div><div class=\"cardsPage__listCard__boxs__content\"><a href=\"https:\/\/www.suno.com.br\/noticias\/google-fora-do-ar-servicos-caem-no-brasil-e-em-outros-paises\/\"><h2 class=\"content__title\">Google fora do ar: servi\u00e7os caem no Brasil e em outros pa\u00edses<\/h2><\/a><div class=\"newsContent__article__meta\"><div class=\"newsContent__article__meta__authorBox\"><a href=\"https:\/\/www.suno.com.br\/noticias\/author\/natalia-gomez\/\" class=\"authorBox__avatar noMobi\"><img src=\"https:\/\/secure.gravatar.com\/avatar\/9e957e0b2b485c2d42c3f4145c16d940?s=96&#038;r=g\" alt=\"Natalia G\u00f3mez\"><\/a><div class=\"authorBox__name\"><span>por\n\t\t\t<a href=\"https:\/\/www.suno.com.br\/noticias\/author\/natalia-gomez\/\"><span itemprop=\"author\">Natalia G\u00f3mez<\/span><\/a><\/span><time datetime=\"2020-12-14T09:16:23-03:00\" itemprop=\"datePublished\">14\/12\/2020 09:16<\/time><\/div><\/div><\/div><\/div><\/div>","single_layout":"posts","amp_enabled":true,"_links":{"self":[{"href":"https:\/\/www.suno.com.br\/noticias\/wp-json\/wp\/v2\/posts\/107801"}],"collection":[{"href":"https:\/\/www.suno.com.br\/noticias\/wp-json\/wp\/v2\/posts"}],"about":[{"href":"https:\/\/www.suno.com.br\/noticias\/wp-json\/wp\/v2\/types\/post"}],"author":[{"embeddable":true,"href":"https:\/\/www.suno.com.br\/noticias\/wp-json\/wp\/v2\/users\/60"}],"replies":[{"embeddable":true,"href":"https:\/\/www.suno.com.br\/noticias\/wp-json\/wp\/v2\/comments?post=107801"}],"version-history":[{"count":1,"href":"https:\/\/www.suno.com.br\/noticias\/wp-json\/wp\/v2\/posts\/107801\/revisions"}],"predecessor-version":[{"id":153780,"href":"https:\/\/www.suno.com.br\/noticias\/wp-json\/wp\/v2\/posts\/107801\/revisions\/153780"}],"wp:featuredmedia":[{"embeddable":true,"href":"https:\/\/www.suno.com.br\/noticias\/wp-json\/wp\/v2\/media\/107575"}],"wp:attachment":[{"href":"https:\/\/www.suno.com.br\/noticias\/wp-json\/wp\/v2\/media?parent=107801"}],"wp:term":[{"taxonomy":"category","embeddable":true,"href":"https:\/\/www.suno.com.br\/noticias\/wp-json\/wp\/v2\/categories?post=107801"},{"taxonomy":"post_tag","embeddable":true,"href":"https:\/\/www.suno.com.br\/noticias\/wp-json\/wp\/v2\/tags?post=107801"},{"taxonomy":"suno_strategy","embeddable":true,"href":"https:\/\/www.suno.com.br\/noticias\/wp-json\/wp\/v2\/suno_strategy?post=107801"}],"curies":[{"name":"wp","href":"https:\/\/api.w.org\/{rel}","templated":true}]}}