{"id":107761,"date":"2020-12-14T07:44:48","date_gmt":"2020-12-14T10:44:48","guid":{"rendered":"https:\/\/www.suno.com.br\/noticias\/?p=107761"},"modified":"2021-02-17T22:29:56","modified_gmt":"2021-02-18T01:29:56","slug":"gpa-pcar3-aprovap-cisao-assai","status":"publish","type":"post","link":"https:\/\/www.suno.com.br\/noticias\/gpa-pcar3-aprovap-cisao-assai\/","title":{"rendered":"GPA (PCAR3) aprova cis\u00e3o da rede Assa\u00ed e chama AGE para 31\/dez"},"content":{"rendered":"<p>O <a href=\"https:\/\/www.suno.com.br\/acoes\/pcar3\/\" target=\"_blank\" rel=\"noopener noreferrer\">Grupo P\u00e3o de A\u00e7\u00facar (<strong>GPA<\/strong>) (PCAR3)<\/a> informou hoje que a cis\u00e3o do neg\u00f3cio de atacarejo, com a marca Assa\u00ed, foi aprovada pelo conselho de administra\u00e7\u00e3o da empresa.<\/p>\t<div class=\"wrapper-featured-image\">\n\t\t<figure class=\"spotlightImg\">\n\n\t\t\t<picture>\n\t\t\t\t<source media=\"(max-width: 768px)\" srcset=\"https:\/\/files.sunoresearch.com.br\/n\/uploads\/2020\/12\/ea26b363-gpa-assai-400x200.webp\">\n\t\t\t\t<img loading=\"lazy\" decoding=\"async\" class=\"newsContent__article__imgCapa lazyloadDisabled \" src=\"https:\/\/files.sunoresearch.com.br\/n\/uploads\/2020\/12\/ea26b363-gpa-assai-jpg.webp\" width=\"800\" height=\"450\" alt=\"GPA (PCAR3) aprova cis\u00e3o da rede Assa\u00ed e chama AGE para 31\/dez\" fetchpriority=high \/>\n\t\t\t<\/picture>\n\n\t\t\t<figcaption class=\"wp-caption-text wp-caption-text--show\">GPA aprova cis\u00e3o do Assa\u00ed<\/figcaption>\n\t\t<\/figure>\n\t<\/div>\n\n\n<p><b>\t<p>\n\t\t<a href=\"https:\/\/lp.suno.com.br\/planilha-controle-gastos\/\" target=\"_blank\" data-element=\"shortcode-suno-banner\" title=\"Banner SUNO, clique e saiba mais\">\n\t\t\t<picture>\n\t\t\t\t<source media=\"(max-width: 500px)\" srcset=\"https:\/\/files.sunoresearch.com.br\/n\/uploads\/2023\/03\/400x300-Planilha-controle-de-gastos.png\">\n\t\t\t\t<img class=\"newsContent__article__imgCapa newsContent__article__imgCapa--banner\"\n\t\t\t\t\tsrc=\"https:\/\/files.sunoresearch.com.br\/n\/uploads\/2023\/03\/1420x240-Planilha-controle-de-gastos.png\"\n\t\t\t\t\tdata-promo-id=\"101751\"\t\t\t\t\t\t\t\t\t\twidth='1420' height='240'\t\t\t\t\talt=\"https:\/\/files.sunoresearch.com.br\/n\/uploads\/2023\/03\/1420x240-Planilha-controle-de-gastos.png\"\n\t\t\t\t>\n\t\t\t<\/picture>\n\t\t<\/a>\n\t<\/p>\n\n<\/b><\/p>\n<p>De acordo com fato relevante enviado \u00e0 <a href=\"https:\/\/www.suno.com.br\/artigos\/cvm\/\" target=\"_blank\" rel=\"noopener noreferrer\">Comiss\u00e3o de Valores Mobili\u00e1rios (CVM)<\/a>, as atividades de atacado de autosservi\u00e7o ser\u00e3o exploradas sob a marca<strong> Assa\u00ed<\/strong> pela<strong> Sendas<\/strong>, subsidi\u00e1ria integral do GPA, enquanto as atividades de <strong>varejo tradicional<\/strong> ficar\u00e3o com o GPA.<\/p>\n<p>A proposta vai ser submetida \u00e0 aprova\u00e7\u00e3o dos acionistas em <a href=\"https:\/\/www.suno.com.br\/artigos\/assembleia-geral-extraordinaria\/\" target=\"_blank\" rel=\"noopener noreferrer\">assembleias gerais extraordin\u00e1rias<\/a> no dia 31 de dezembro de 2020.<\/p>\n<p><a href=\"https:\/\/lp.suno.com.br\/suno-one\/\"><b>Suno One: acesse gratuitamente eBooks, Minicursos, Artigos e Video Aulas sobre investimentos com um \u00fanico cadastro. Clique para saber mais!<\/b><\/a><\/p>\n<h2>Confira as etapas da reorganiza\u00e7\u00e3o anunciada pelo GPA<\/h2>\n<p>A opera\u00e7\u00e3o prev\u00ea as seguintes etapas:<\/p>\n<ul>\n<li><a href=\"https:\/\/www.suno.com.br\/artigos\/cisao\/#:~:text=A%20cis%C3%A3o%20de%20uma%20empresa%20%C3%A9%20a%20transfer%C3%AAncia%20de%20uma,foram%20constitu%C3%ADdas%20para%20este%20fim.\" target=\"_blank\" rel=\"noopener noreferrer\">Cis\u00e3o parcial da Sendas<\/a> com o objetivo de segregar a participa\u00e7\u00e3o de Sendas em Almecenes \u00c9xito e transferir certos ativos operacionais. O valor cont\u00e1bil l\u00edquido do ativo cindido \u00e9 de R$ 9,1 bilh\u00f5es.<\/li>\n<li>Incorpora\u00e7\u00e3o do ativo cindido pelo GPA.<\/li>\n<li>Cis\u00e3o parcial do GPA, visando segregar a totalidade da participa\u00e7\u00e3o acion\u00e1ria que o GPA det\u00e9m em Sendas, avaliada em R$ 1,2 bilh\u00e3o.<\/li>\n<li>Entrega das a\u00e7\u00f5es de emiss\u00e3o de Sendas de propriedade do GPA diretamente aos acionistas do GPA.<\/li>\n<li>Esta entrega ocorrer\u00e1 na raz\u00e3o de uma a\u00e7\u00e3o de emiss\u00e3o de Sendas para <a href=\"https:\/\/www.suno.com.br\/artigos\/o-que-sao-acoes-ordinarias-preferenciais-e-units\/\" target=\"_blank\" rel=\"noopener noreferrer\">cada uma a\u00e7\u00e3o de emiss\u00e3o<\/a> do GPA.<\/li>\n<\/ul>\n<h2>Sendas vai listar a\u00e7\u00f5es no Novo Mercado da B3 e em Nova York<\/h2>\n<p>A Sendas obteve registro de companhia aberta na categoria A no \u00faltimo dia 11 de dezembro. Suas a\u00e7\u00f5es ser\u00e3o listadas no <a href=\"https:\/\/www.suno.com.br\/artigos\/novo-mercado\/\" target=\"_blank\" rel=\"noopener noreferrer\">Novo Mercado da B3<\/a>. A empresa tamb\u00e9m vai pedir que seus American Depositary Securities (ADS) sejam listados <a href=\"https:\/\/www.suno.com.br\/artigos\/nyse\/\" target=\"_blank\" rel=\"noopener noreferrer\">em Nova York, na bolsa NYSE<\/a>.<\/p>\n<p>De acordo com o fato relevante, a distribui\u00e7\u00e3o das a\u00e7\u00f5es e ADSs de Sendas aos acionistas e detentores de ADSs do GPA em decorr\u00eancia da Cis\u00e3o CBD ocorrer\u00e1 ap\u00f3s as Listagens. A data de corte ainda n\u00e3o foi definida, mas as empresas esperam que ocorra &#8220;antes do final do primeiro trimestre de 2021&#8221;.<\/p>\n<p>&#8220;As a\u00e7\u00f5es do GPA continuar\u00e3o a ser negociadas com direito ao recebimento das a\u00e7\u00f5es de Sendas at\u00e9 a data de corte, que, uma vez determinada, ser\u00e1 informada ao mercado.&#8221;<\/p>\n<p><b>\u00a0\t<p>\n\t\t<a href=\"https:\/\/lp.suno.com.br\/planilha-da-vida-financeira\/\" target=\"_blank\" data-element=\"shortcode-suno-banner\" title=\"Banner SUNO, clique e saiba mais\">\n\t\t\t<picture>\n\t\t\t\t<source media=\"(max-width: 500px)\" srcset=\"https:\/\/files.sunoresearch.com.br\/n\/uploads\/2023\/04\/400x300-Planilha-vida-financeira-true.png\">\n\t\t\t\t<img class=\"newsContent__article__imgCapa newsContent__article__imgCapa--banner\"\n\t\t\t\t\tsrc=\"https:\/\/files.sunoresearch.com.br\/n\/uploads\/2023\/04\/1420x240-Planilha-vida-financeira-true.png\"\n\t\t\t\t\tdata-promo-id=\"106682\"\t\t\t\t\t\t\t\t\t\twidth='1420' height='240'\t\t\t\t\talt=\"https:\/\/files.sunoresearch.com.br\/n\/uploads\/2023\/04\/1420x240-Planilha-vida-financeira-true.png\"\n\t\t\t\t>\n\t\t\t<\/picture>\n\t\t<\/a>\n\t<\/p>\n\n<\/b><\/p>\n<p>Depois da reorganiza\u00e7\u00e3o, a<strong> Sendas ter\u00e1 cerca de 185 lojas<\/strong> (no final de 2020) com atua\u00e7\u00e3o nacional. De acordo com o documento, a empresa tem oportunidades adicionais de expans\u00e3o em novas regi\u00f5es e em regi\u00f5es onde\u00a0j\u00e1 est\u00e1 presente, seja organicamente ou via consolida\u00e7\u00e3o.<\/p>\n<p>Segundo o fato relevante divulgado hoje, a reorganiza\u00e7\u00e3o inclui o<strong> aumento de capital da Sendas<\/strong>, no montante de R$ 684 milh\u00f5es, que ser\u00e1 realizado em bens, direitos e cr\u00e9ditos.<\/p>\n<h2>Reorganiza\u00e7\u00e3o vai permitir objetivos de neg\u00f3cios definidos<\/h2>\n<p>A reorganiza\u00e7\u00e3o vai permitir a cria\u00e7\u00e3o de <strong>duas empresas independentes<\/strong>, com alinhamento estrat\u00e9gico e objetivos de neg\u00f3cios bem definidos. Al\u00e9m disso, permitir\u00e1 o acesso direto ao mercado de capitais e outras fontes de financiamento a cada um dos neg\u00f3cios.<\/p>\n<p>Os custos de realiza\u00e7\u00e3o da reorganiza\u00e7\u00e3o ser\u00e3o de R$ 130 milh\u00f5es, de acordo com o <strong>GPA<\/strong>.<\/p>\n<p><b>\t<p>\n\t\t<a href=\"https:\/\/lp.suno.com.br\/planilha-de-controle-de-investimentos\/\" target=\"_blank\" data-element=\"shortcode-suno-banner\" title=\"Banner SUNO, clique e saiba mais\">\n\t\t\t<picture>\n\t\t\t\t<source media=\"(max-width: 500px)\" srcset=\"https:\/\/files.sunoresearch.com.br\/n\/uploads\/2023\/03\/400x300-Controle-de-Investimentos.png\">\n\t\t\t\t<img class=\"newsContent__article__imgCapa newsContent__article__imgCapa--banner\"\n\t\t\t\t\tsrc=\"https:\/\/files.sunoresearch.com.br\/n\/uploads\/2023\/03\/1420x240-Controle-de-Investimentos.png\"\n\t\t\t\t\tdata-promo-id=\"75934\"\t\t\t\t\t\t\t\t\t\twidth='1420' height='240'\t\t\t\t\talt=\"https:\/\/files.sunoresearch.com.br\/n\/uploads\/2023\/03\/1420x240-Controle-de-Investimentos.png\"\n\t\t\t\t>\n\t\t\t<\/picture>\n\t\t<\/a>\n\t<\/p>\n\n<\/b><\/p>\n","protected":false},"excerpt":{"rendered":"<p>O Grupo P\u00e3o de A\u00e7\u00facar (GPA) (PCAR3) informou hoje que a cis\u00e3o do neg\u00f3cio de atacarejo, com a marca Assa\u00ed, foi aprovada pelo conselho de administra\u00e7\u00e3o da empresa. GPA aprova cis\u00e3o do Assa\u00ed De acordo com fato relevante enviado \u00e0 Comiss\u00e3o de Valores Mobili\u00e1rios (CVM), as atividades de atacado de autosservi\u00e7o ser\u00e3o exploradas sob a [&hellip;]<\/p>\n","protected":false},"author":60,"featured_media":107765,"comment_status":"closed","ping_status":"closed","sticky":false,"template":"","format":"standard","meta":[],"categories":[64],"tags":[1187,1964],"suno_strategy":[],"class_list":["post-107761","post","type-post","status-publish","format-standard","has-post-thumbnail","hentry","category-negocios","tag-assai-asai3","tag-grupo-pao-de-acucar-pcar3-pcar4"],"yoast_head":"<!-- This site is optimized with the Yoast SEO plugin v24.4 - https:\/\/yoast.com\/wordpress\/plugins\/seo\/ -->\n<title>GPA (PCAR3) aprova cis\u00e3o da rede Assa\u00ed e chama AGE para 31\/dez<\/title>\n<meta name=\"description\" content=\"O Grupo P\u00e3o de A\u00e7\u00facar (GPA) (PCAR3) informou que a cis\u00e3o do neg\u00f3cio de atacarejo, com a marca Assa\u00ed, foi aprovada pelo conselho. Leia mais.\" \/>\n<meta name=\"robots\" content=\"index, follow, max-snippet:-1, max-image-preview:large, max-video-preview:-1\" \/>\n<link rel=\"canonical\" href=\"https:\/\/www.suno.com.br\/noticias\/gpa-pcar3-aprovap-cisao-assai\/\" \/>\n<meta property=\"og:locale\" content=\"pt_BR\" \/>\n<meta property=\"og:type\" content=\"article\" \/>\n<meta property=\"og:title\" content=\"GPA (PCAR3) aprova cis\u00e3o da rede Assa\u00ed e chama AGE para 31\/dez\" \/>\n<meta property=\"og:description\" content=\"O Grupo P\u00e3o de A\u00e7\u00facar (GPA) (PCAR3) informou que a cis\u00e3o do neg\u00f3cio de atacarejo, com a marca Assa\u00ed, foi aprovada pelo conselho. Leia mais.\" \/>\n<meta property=\"og:url\" content=\"https:\/\/www.suno.com.br\/noticias\/gpa-pcar3-aprovap-cisao-assai\/\" \/>\n<meta property=\"og:site_name\" content=\"Suno Not\u00edcias\" \/>\n<meta property=\"article:publisher\" content=\"https:\/\/facebook.com\/sunoresearch\" \/>\n<meta property=\"og:image\" content=\"https:\/\/files.sunoresearch.com.br\/n\/uploads\/2020\/12\/ea26b363-gpa-assai.jpg\" \/>\n\t<meta property=\"og:image:width\" content=\"800\" \/>\n\t<meta property=\"og:image:height\" content=\"450\" \/>\n\t<meta property=\"og:image:type\" content=\"image\/jpeg\" \/>\n<meta name=\"author\" content=\"Natalia G\u00f3mez\" \/>\n<meta name=\"twitter:card\" content=\"summary_large_image\" \/>\n<meta name=\"twitter:creator\" content=\"@sunoresearch\" \/>\n<meta name=\"twitter:site\" content=\"@sunoresearch\" \/>\n<meta name=\"twitter:label1\" content=\"Escrito por\" \/>\n\t<meta name=\"twitter:data1\" content=\"Natalia G\u00f3mez\" \/>\n\t<meta name=\"twitter:label2\" content=\"Est. tempo de leitura\" \/>\n\t<meta name=\"twitter:data2\" content=\"3 minutos\" \/>\n<script type=\"application\/ld+json\" class=\"yoast-schema-graph\">{\"@context\":\"https:\/\/schema.org\",\"@graph\":[{\"@type\":\"NewsArticle\",\"@id\":\"https:\/\/www.suno.com.br\/noticias\/gpa-pcar3-aprovap-cisao-assai\/#article\",\"isPartOf\":{\"@id\":\"https:\/\/www.suno.com.br\/noticias\/gpa-pcar3-aprovap-cisao-assai\/\"},\"author\":{\"name\":\"Natalia G\u00f3mez\",\"@id\":\"https:\/\/www.suno.com.br\/noticias\/#\/schema\/person\/1b24d67c140a42e864ef414497edb164\"},\"headline\":\"GPA (PCAR3) aprova cis\u00e3o da rede Assa\u00ed e chama AGE para 31\/dez\",\"datePublished\":\"2020-12-14T10:44:48+00:00\",\"dateModified\":\"2021-02-18T01:29:56+00:00\",\"mainEntityOfPage\":{\"@id\":\"https:\/\/www.suno.com.br\/noticias\/gpa-pcar3-aprovap-cisao-assai\/\"},\"wordCount\":569,\"publisher\":{\"@id\":\"https:\/\/www.suno.com.br\/noticias\/#organization\"},\"image\":{\"@id\":\"https:\/\/www.suno.com.br\/noticias\/gpa-pcar3-aprovap-cisao-assai\/#primaryimage\"},\"thumbnailUrl\":\"https:\/\/files.sunoresearch.com.br\/n\/uploads\/2020\/12\/ea26b363-gpa-assai-jpg.webp\",\"keywords\":[\"Assa\u00ed (ASAI3)\",\"Grupo P\u00e3o de A\u00e7\u00facar (PCAR3\/PCAR4)\"],\"articleSection\":[\"Neg\u00f3cios\"],\"inLanguage\":\"pt-BR\"},{\"@type\":\"WebPage\",\"@id\":\"https:\/\/www.suno.com.br\/noticias\/gpa-pcar3-aprovap-cisao-assai\/\",\"url\":\"https:\/\/www.suno.com.br\/noticias\/gpa-pcar3-aprovap-cisao-assai\/\",\"name\":\"GPA (PCAR3) aprova cis\u00e3o da rede Assa\u00ed e chama AGE para 31\/dez\",\"isPartOf\":{\"@id\":\"https:\/\/www.suno.com.br\/noticias\/#website\"},\"primaryImageOfPage\":{\"@id\":\"https:\/\/www.suno.com.br\/noticias\/gpa-pcar3-aprovap-cisao-assai\/#primaryimage\"},\"image\":{\"@id\":\"https:\/\/www.suno.com.br\/noticias\/gpa-pcar3-aprovap-cisao-assai\/#primaryimage\"},\"thumbnailUrl\":\"https:\/\/files.sunoresearch.com.br\/n\/uploads\/2020\/12\/ea26b363-gpa-assai-jpg.webp\",\"datePublished\":\"2020-12-14T10:44:48+00:00\",\"dateModified\":\"2021-02-18T01:29:56+00:00\",\"description\":\"O Grupo P\u00e3o de A\u00e7\u00facar (GPA) (PCAR3) informou que a cis\u00e3o do neg\u00f3cio de atacarejo, com a marca Assa\u00ed, foi aprovada pelo conselho. Leia mais.\",\"breadcrumb\":{\"@id\":\"https:\/\/www.suno.com.br\/noticias\/gpa-pcar3-aprovap-cisao-assai\/#breadcrumb\"},\"inLanguage\":\"pt-BR\",\"potentialAction\":[{\"@type\":\"ReadAction\",\"target\":[\"https:\/\/www.suno.com.br\/noticias\/gpa-pcar3-aprovap-cisao-assai\/\"]}]},{\"@type\":\"ImageObject\",\"inLanguage\":\"pt-BR\",\"@id\":\"https:\/\/www.suno.com.br\/noticias\/gpa-pcar3-aprovap-cisao-assai\/#primaryimage\",\"url\":\"https:\/\/files.sunoresearch.com.br\/n\/uploads\/2020\/12\/ea26b363-gpa-assai-jpg.webp\",\"contentUrl\":\"https:\/\/files.sunoresearch.com.br\/n\/uploads\/2020\/12\/ea26b363-gpa-assai-jpg.webp\",\"width\":800,\"height\":450,\"caption\":\"GPA aprova cis\u00e3o do Assa\u00ed\"},{\"@type\":\"BreadcrumbList\",\"@id\":\"https:\/\/www.suno.com.br\/noticias\/gpa-pcar3-aprovap-cisao-assai\/#breadcrumb\",\"itemListElement\":[{\"@type\":\"ListItem\",\"position\":1,\"name\":\"Not\u00edcias\",\"item\":\"https:\/\/www.suno.com.br\/noticias\/\"},{\"@type\":\"ListItem\",\"position\":2,\"name\":\"Neg\u00f3cios\",\"item\":\"https:\/\/www.suno.com.br\/noticias\/negocios\/\"},{\"@type\":\"ListItem\",\"position\":3,\"name\":\"GPA (PCAR3) aprova cis\u00e3o da rede Assa\u00ed e chama AGE para 31\/dez\"}]},{\"@type\":\"WebSite\",\"@id\":\"https:\/\/www.suno.com.br\/noticias\/#website\",\"url\":\"https:\/\/www.suno.com.br\/noticias\/\",\"name\":\"Suno Not\u00edcias\",\"description\":\"Seu portal de informa\u00e7\u00e3o sobre o mundo dos investimentos\",\"publisher\":{\"@id\":\"https:\/\/www.suno.com.br\/noticias\/#organization\"},\"potentialAction\":[{\"@type\":\"SearchAction\",\"target\":{\"@type\":\"EntryPoint\",\"urlTemplate\":\"https:\/\/www.suno.com.br\/noticias\/?s={search_term_string}\"},\"query-input\":{\"@type\":\"PropertyValueSpecification\",\"valueRequired\":true,\"valueName\":\"search_term_string\"}}],\"inLanguage\":\"pt-BR\"},{\"@type\":\"Organization\",\"@id\":\"https:\/\/www.suno.com.br\/noticias\/#organization\",\"name\":\"Suno Not\u00edcias\",\"url\":\"https:\/\/www.suno.com.br\/noticias\/\",\"logo\":{\"@type\":\"ImageObject\",\"inLanguage\":\"pt-BR\",\"@id\":\"https:\/\/www.suno.com.br\/noticias\/#\/schema\/logo\/image\/\",\"url\":\"https:\/\/files.sunoresearch.com.br\/n\/uploads\/2021\/09\/suno-logo.png\",\"contentUrl\":\"https:\/\/files.sunoresearch.com.br\/n\/uploads\/2021\/09\/suno-logo.png\",\"width\":180,\"height\":180,\"caption\":\"Suno Not\u00edcias\"},\"image\":{\"@id\":\"https:\/\/www.suno.com.br\/noticias\/#\/schema\/logo\/image\/\"},\"sameAs\":[\"https:\/\/facebook.com\/sunoresearch\",\"https:\/\/x.com\/sunoresearch\",\"https:\/\/www.instagram.com\/suno\",\"https:\/\/www.linkedin.com\/company\/suno-research\/\",\"https:\/\/www.youtube.com\/c\/sunoresearch\"]},{\"@type\":\"Person\",\"@id\":\"https:\/\/www.suno.com.br\/noticias\/#\/schema\/person\/1b24d67c140a42e864ef414497edb164\",\"name\":\"Natalia G\u00f3mez\",\"image\":{\"@type\":\"ImageObject\",\"inLanguage\":\"pt-BR\",\"@id\":\"https:\/\/www.suno.com.br\/noticias\/#\/schema\/person\/image\/\",\"url\":\"https:\/\/secure.gravatar.com\/avatar\/9e957e0b2b485c2d42c3f4145c16d940?s=96&r=g\",\"contentUrl\":\"https:\/\/secure.gravatar.com\/avatar\/9e957e0b2b485c2d42c3f4145c16d940?s=96&r=g\",\"caption\":\"Natalia G\u00f3mez\"},\"description\":\"Editora do Suno Not\u00edcias desde outubro de 2020, \u00e9 jornalista formada pela PUC-SP, com p\u00f3s-gradua\u00e7\u00e3o em jornalismo liter\u00e1rio. Atua no mercado financeiro desde 2003, quando iniciou a carreira no jornal econ\u00f4mico DCI, cobrindo o setor de alimentos no caderno de Ind\u00fastria. Foi trainee do jornal Valor Econ\u00f4mico, onde atuou no Caderno de Empresas por quase tr\u00eas anos. L\u00e1, cobriu o setor de ind\u00fastria, com foco em siderurgia, embalagens e aeroespacial. Fez coberturas setoriais em viagens para S\u00e3o Jos\u00e9 dos Campos e Franca (SP), al\u00e9m de coberturas internacionais na Alemanha e na Su\u00e9cia. Trabalhou por cinco anos na Ag\u00eancia Estado\/Broadcast, do Grupo Estado, onde foi rep\u00f3rter dos setores de minera\u00e7\u00e3o e siderurgia, alimentos e bebidas e finan\u00e7as. Foi premiada como o pr\u00eamio Destaque de Reportagem da AE em 2007 e 2008. Al\u00e9m de atuar no servi\u00e7o de not\u00edcias em tempo real, fez participa\u00e7\u00f5es no caderno de Economia do jornal Estado de S.Paulo e na R\u00e1dio Eldorado. Ainda no Grupo Estado, foi editora assistente da editoria Empresas e Setores, atuando com edi\u00e7\u00e3o e pauta, al\u00e9m de cobrir mercados diariamente com o cen\u00e1rio de bolsa e fazer reportagens especiais com foco em governan\u00e7a corporativa. Trabalhou tamb\u00e9m como correspondente de finan\u00e7as no servi\u00e7o da Thomson Reuters em portugu\u00eas por quase um ano. Atuou por cerca de oito anos como jornalista independente, contribuindo para ve\u00edculos como UOL Economia, Infomoney e Revista Voc\u00ea SA, al\u00e9m de ter trabalhado em projetos na \u00e1rea de conte\u00fado e comunica\u00e7\u00e3o de institui\u00e7\u00f5es financeiras como Anbima, Banco BS2, Banco Pine, Ita\u00fa BBA e EQI.\",\"url\":\"https:\/\/www.suno.com.br\/noticias\/author\/natalia-gomez\/\"}]}<\/script>\n<!-- \/ Yoast SEO plugin. -->","yoast_head_json":{"title":"GPA (PCAR3) aprova cis\u00e3o da rede Assa\u00ed e chama AGE para 31\/dez","description":"O Grupo P\u00e3o de A\u00e7\u00facar (GPA) (PCAR3) informou que a cis\u00e3o do neg\u00f3cio de atacarejo, com a marca Assa\u00ed, foi aprovada pelo conselho. Leia mais.","robots":{"index":"index","follow":"follow","max-snippet":"max-snippet:-1","max-image-preview":"max-image-preview:large","max-video-preview":"max-video-preview:-1"},"canonical":"https:\/\/www.suno.com.br\/noticias\/gpa-pcar3-aprovap-cisao-assai\/","og_locale":"pt_BR","og_type":"article","og_title":"GPA (PCAR3) aprova cis\u00e3o da rede Assa\u00ed e chama AGE para 31\/dez","og_description":"O Grupo P\u00e3o de A\u00e7\u00facar (GPA) (PCAR3) informou que a cis\u00e3o do neg\u00f3cio de atacarejo, com a marca Assa\u00ed, foi aprovada pelo conselho. Leia mais.","og_url":"https:\/\/www.suno.com.br\/noticias\/gpa-pcar3-aprovap-cisao-assai\/","og_site_name":"Suno Not\u00edcias","article_publisher":"https:\/\/facebook.com\/sunoresearch","og_image":[{"width":800,"height":450,"url":"https:\/\/files.sunoresearch.com.br\/n\/uploads\/2020\/12\/ea26b363-gpa-assai.jpg","type":"image\/jpeg"}],"author":"Natalia G\u00f3mez","twitter_card":"summary_large_image","twitter_creator":"@sunoresearch","twitter_site":"@sunoresearch","twitter_misc":{"Escrito por":"Natalia G\u00f3mez","Est. tempo de leitura":"3 minutos"},"schema":{"@context":"https:\/\/schema.org","@graph":[{"@type":"NewsArticle","@id":"https:\/\/www.suno.com.br\/noticias\/gpa-pcar3-aprovap-cisao-assai\/#article","isPartOf":{"@id":"https:\/\/www.suno.com.br\/noticias\/gpa-pcar3-aprovap-cisao-assai\/"},"author":{"name":"Natalia G\u00f3mez","@id":"https:\/\/www.suno.com.br\/noticias\/#\/schema\/person\/1b24d67c140a42e864ef414497edb164"},"headline":"GPA (PCAR3) aprova cis\u00e3o da rede Assa\u00ed e chama AGE para 31\/dez","datePublished":"2020-12-14T10:44:48+00:00","dateModified":"2021-02-18T01:29:56+00:00","mainEntityOfPage":{"@id":"https:\/\/www.suno.com.br\/noticias\/gpa-pcar3-aprovap-cisao-assai\/"},"wordCount":569,"publisher":{"@id":"https:\/\/www.suno.com.br\/noticias\/#organization"},"image":{"@id":"https:\/\/www.suno.com.br\/noticias\/gpa-pcar3-aprovap-cisao-assai\/#primaryimage"},"thumbnailUrl":"https:\/\/files.sunoresearch.com.br\/n\/uploads\/2020\/12\/ea26b363-gpa-assai-jpg.webp","keywords":["Assa\u00ed (ASAI3)","Grupo P\u00e3o de A\u00e7\u00facar (PCAR3\/PCAR4)"],"articleSection":["Neg\u00f3cios"],"inLanguage":"pt-BR"},{"@type":"WebPage","@id":"https:\/\/www.suno.com.br\/noticias\/gpa-pcar3-aprovap-cisao-assai\/","url":"https:\/\/www.suno.com.br\/noticias\/gpa-pcar3-aprovap-cisao-assai\/","name":"GPA (PCAR3) aprova cis\u00e3o da rede Assa\u00ed e chama AGE para 31\/dez","isPartOf":{"@id":"https:\/\/www.suno.com.br\/noticias\/#website"},"primaryImageOfPage":{"@id":"https:\/\/www.suno.com.br\/noticias\/gpa-pcar3-aprovap-cisao-assai\/#primaryimage"},"image":{"@id":"https:\/\/www.suno.com.br\/noticias\/gpa-pcar3-aprovap-cisao-assai\/#primaryimage"},"thumbnailUrl":"https:\/\/files.sunoresearch.com.br\/n\/uploads\/2020\/12\/ea26b363-gpa-assai-jpg.webp","datePublished":"2020-12-14T10:44:48+00:00","dateModified":"2021-02-18T01:29:56+00:00","description":"O Grupo P\u00e3o de A\u00e7\u00facar (GPA) (PCAR3) informou que a cis\u00e3o do neg\u00f3cio de atacarejo, com a marca Assa\u00ed, foi aprovada pelo conselho. Leia mais.","breadcrumb":{"@id":"https:\/\/www.suno.com.br\/noticias\/gpa-pcar3-aprovap-cisao-assai\/#breadcrumb"},"inLanguage":"pt-BR","potentialAction":[{"@type":"ReadAction","target":["https:\/\/www.suno.com.br\/noticias\/gpa-pcar3-aprovap-cisao-assai\/"]}]},{"@type":"ImageObject","inLanguage":"pt-BR","@id":"https:\/\/www.suno.com.br\/noticias\/gpa-pcar3-aprovap-cisao-assai\/#primaryimage","url":"https:\/\/files.sunoresearch.com.br\/n\/uploads\/2020\/12\/ea26b363-gpa-assai-jpg.webp","contentUrl":"https:\/\/files.sunoresearch.com.br\/n\/uploads\/2020\/12\/ea26b363-gpa-assai-jpg.webp","width":800,"height":450,"caption":"GPA aprova cis\u00e3o do Assa\u00ed"},{"@type":"BreadcrumbList","@id":"https:\/\/www.suno.com.br\/noticias\/gpa-pcar3-aprovap-cisao-assai\/#breadcrumb","itemListElement":[{"@type":"ListItem","position":1,"name":"Not\u00edcias","item":"https:\/\/www.suno.com.br\/noticias\/"},{"@type":"ListItem","position":2,"name":"Neg\u00f3cios","item":"https:\/\/www.suno.com.br\/noticias\/negocios\/"},{"@type":"ListItem","position":3,"name":"GPA (PCAR3) aprova cis\u00e3o da rede Assa\u00ed e chama AGE para 31\/dez"}]},{"@type":"WebSite","@id":"https:\/\/www.suno.com.br\/noticias\/#website","url":"https:\/\/www.suno.com.br\/noticias\/","name":"Suno Not\u00edcias","description":"Seu portal de informa\u00e7\u00e3o sobre o mundo dos investimentos","publisher":{"@id":"https:\/\/www.suno.com.br\/noticias\/#organization"},"potentialAction":[{"@type":"SearchAction","target":{"@type":"EntryPoint","urlTemplate":"https:\/\/www.suno.com.br\/noticias\/?s={search_term_string}"},"query-input":{"@type":"PropertyValueSpecification","valueRequired":true,"valueName":"search_term_string"}}],"inLanguage":"pt-BR"},{"@type":"Organization","@id":"https:\/\/www.suno.com.br\/noticias\/#organization","name":"Suno Not\u00edcias","url":"https:\/\/www.suno.com.br\/noticias\/","logo":{"@type":"ImageObject","inLanguage":"pt-BR","@id":"https:\/\/www.suno.com.br\/noticias\/#\/schema\/logo\/image\/","url":"https:\/\/files.sunoresearch.com.br\/n\/uploads\/2021\/09\/suno-logo.png","contentUrl":"https:\/\/files.sunoresearch.com.br\/n\/uploads\/2021\/09\/suno-logo.png","width":180,"height":180,"caption":"Suno Not\u00edcias"},"image":{"@id":"https:\/\/www.suno.com.br\/noticias\/#\/schema\/logo\/image\/"},"sameAs":["https:\/\/facebook.com\/sunoresearch","https:\/\/x.com\/sunoresearch","https:\/\/www.instagram.com\/suno","https:\/\/www.linkedin.com\/company\/suno-research\/","https:\/\/www.youtube.com\/c\/sunoresearch"]},{"@type":"Person","@id":"https:\/\/www.suno.com.br\/noticias\/#\/schema\/person\/1b24d67c140a42e864ef414497edb164","name":"Natalia G\u00f3mez","image":{"@type":"ImageObject","inLanguage":"pt-BR","@id":"https:\/\/www.suno.com.br\/noticias\/#\/schema\/person\/image\/","url":"https:\/\/secure.gravatar.com\/avatar\/9e957e0b2b485c2d42c3f4145c16d940?s=96&r=g","contentUrl":"https:\/\/secure.gravatar.com\/avatar\/9e957e0b2b485c2d42c3f4145c16d940?s=96&r=g","caption":"Natalia G\u00f3mez"},"description":"Editora do Suno Not\u00edcias desde outubro de 2020, \u00e9 jornalista formada pela PUC-SP, com p\u00f3s-gradua\u00e7\u00e3o em jornalismo liter\u00e1rio. Atua no mercado financeiro desde 2003, quando iniciou a carreira no jornal econ\u00f4mico DCI, cobrindo o setor de alimentos no caderno de Ind\u00fastria. Foi trainee do jornal Valor Econ\u00f4mico, onde atuou no Caderno de Empresas por quase tr\u00eas anos. L\u00e1, cobriu o setor de ind\u00fastria, com foco em siderurgia, embalagens e aeroespacial. Fez coberturas setoriais em viagens para S\u00e3o Jos\u00e9 dos Campos e Franca (SP), al\u00e9m de coberturas internacionais na Alemanha e na Su\u00e9cia. Trabalhou por cinco anos na Ag\u00eancia Estado\/Broadcast, do Grupo Estado, onde foi rep\u00f3rter dos setores de minera\u00e7\u00e3o e siderurgia, alimentos e bebidas e finan\u00e7as. Foi premiada como o pr\u00eamio Destaque de Reportagem da AE em 2007 e 2008. Al\u00e9m de atuar no servi\u00e7o de not\u00edcias em tempo real, fez participa\u00e7\u00f5es no caderno de Economia do jornal Estado de S.Paulo e na R\u00e1dio Eldorado. Ainda no Grupo Estado, foi editora assistente da editoria Empresas e Setores, atuando com edi\u00e7\u00e3o e pauta, al\u00e9m de cobrir mercados diariamente com o cen\u00e1rio de bolsa e fazer reportagens especiais com foco em governan\u00e7a corporativa. Trabalhou tamb\u00e9m como correspondente de finan\u00e7as no servi\u00e7o da Thomson Reuters em portugu\u00eas por quase um ano. Atuou por cerca de oito anos como jornalista independente, contribuindo para ve\u00edculos como UOL Economia, Infomoney e Revista Voc\u00ea SA, al\u00e9m de ter trabalhado em projetos na \u00e1rea de conte\u00fado e comunica\u00e7\u00e3o de institui\u00e7\u00f5es financeiras como Anbima, Banco BS2, Banco Pine, Ita\u00fa BBA e EQI.","url":"https:\/\/www.suno.com.br\/noticias\/author\/natalia-gomez\/"}]}},"default_loop_html":"<div class=\"cardsPage__listCard__boxs\"><div class=\"cardsPage__listCard__boxs__img\"><a href=\"https:\/\/www.suno.com.br\/noticias\/gpa-pcar3-aprovap-cisao-assai\/\"><img class=\"mask\" src=\"https:\/\/www.suno.com.br\/noticias\/wp-content\/themes\/suno\/resources\/images\/spotlight\/spotlight1img\/bg-mask.png\" alt=\"Image Mask\"\/><img src=\"https:\/\/files.sunoresearch.com.br\/n\/uploads\/2020\/12\/ea26b363-gpa-assai-400x200.webp\" alt=\"GPA (PCAR3) aprova cis\u00e3o da rede Assa\u00ed e chama AGE para 31\/dez\"\/><\/a><span class=\"spotlightCategory\"><a href=\"https:\/\/www.suno.com.br\/noticias\/negocios\/\">Neg\u00f3cios<\/a><\/span><\/div><div class=\"cardsPage__listCard__boxs__content\"><a href=\"https:\/\/www.suno.com.br\/noticias\/gpa-pcar3-aprovap-cisao-assai\/\"><h2 class=\"content__title\">GPA (PCAR3) aprova cis\u00e3o da rede Assa\u00ed e chama AGE para 31\/dez<\/h2><\/a><div class=\"newsContent__article__meta\"><div class=\"newsContent__article__meta__authorBox\"><a href=\"https:\/\/www.suno.com.br\/noticias\/author\/natalia-gomez\/\" class=\"authorBox__avatar noMobi\"><img src=\"https:\/\/secure.gravatar.com\/avatar\/9e957e0b2b485c2d42c3f4145c16d940?s=96&#038;r=g\" alt=\"Natalia G\u00f3mez\"><\/a><div class=\"authorBox__name\"><span>por\n\t\t\t<a href=\"https:\/\/www.suno.com.br\/noticias\/author\/natalia-gomez\/\"><span itemprop=\"author\">Natalia G\u00f3mez<\/span><\/a><\/span><time datetime=\"2020-12-14T07:44:48-03:00\" itemprop=\"datePublished\">14\/12\/2020 07:44<\/time><\/div><\/div><\/div><\/div><\/div>","single_layout":"posts","amp_enabled":true,"_links":{"self":[{"href":"https:\/\/www.suno.com.br\/noticias\/wp-json\/wp\/v2\/posts\/107761"}],"collection":[{"href":"https:\/\/www.suno.com.br\/noticias\/wp-json\/wp\/v2\/posts"}],"about":[{"href":"https:\/\/www.suno.com.br\/noticias\/wp-json\/wp\/v2\/types\/post"}],"author":[{"embeddable":true,"href":"https:\/\/www.suno.com.br\/noticias\/wp-json\/wp\/v2\/users\/60"}],"replies":[{"embeddable":true,"href":"https:\/\/www.suno.com.br\/noticias\/wp-json\/wp\/v2\/comments?post=107761"}],"version-history":[{"count":0,"href":"https:\/\/www.suno.com.br\/noticias\/wp-json\/wp\/v2\/posts\/107761\/revisions"}],"wp:featuredmedia":[{"embeddable":true,"href":"https:\/\/www.suno.com.br\/noticias\/wp-json\/wp\/v2\/media\/107765"}],"wp:attachment":[{"href":"https:\/\/www.suno.com.br\/noticias\/wp-json\/wp\/v2\/media?parent=107761"}],"wp:term":[{"taxonomy":"category","embeddable":true,"href":"https:\/\/www.suno.com.br\/noticias\/wp-json\/wp\/v2\/categories?post=107761"},{"taxonomy":"post_tag","embeddable":true,"href":"https:\/\/www.suno.com.br\/noticias\/wp-json\/wp\/v2\/tags?post=107761"},{"taxonomy":"suno_strategy","embeddable":true,"href":"https:\/\/www.suno.com.br\/noticias\/wp-json\/wp\/v2\/suno_strategy?post=107761"}],"curies":[{"name":"wp","href":"https:\/\/api.w.org\/{rel}","templated":true}]}}