{"id":107745,"date":"2020-12-13T15:23:04","date_gmt":"2020-12-13T18:23:04","guid":{"rendered":"https:\/\/www.suno.com.br\/noticias\/?p=107745"},"modified":"2020-12-13T15:23:04","modified_gmt":"2020-12-13T18:23:04","slug":"gol-goll4-ve-viagens-de-lazer-proximas-ao-nivel-pre-covid","status":"publish","type":"post","link":"https:\/\/www.suno.com.br\/noticias\/gol-goll4-ve-viagens-de-lazer-proximas-ao-nivel-pre-covid\/","title":{"rendered":"Gol (GOLL4) v\u00ea viagens de lazer pr\u00f3ximas ao n\u00edvel pr\u00e9-covid"},"content":{"rendered":"<p>Apesar da pandemia do<a href=\"https:\/\/www.suno.com.br\/noticias\/?s=coronav%C3%ADrus\"> coronav\u00edrus (covid-19)<\/a>, a <a href=\"https:\/\/www.suno.com.br\/acoes\/goll4\/\">Gol (GOLL4)<\/a> j\u00e1 v\u00ea a demanda por viagens a lazer pr\u00f3xima ao n\u00edvel pr\u00e9-covid.\u00a0De acordo com o presidente da companhia a\u00e9rea, <a href=\"https:\/\/www.suno.com.br\/tudo-sobre\/paulo-kakinoff\/\">Paulo Kakinoff<\/a>, a demanda por voos de lazer j\u00e1 chegam a 80% do patamar anterior a pandemia.<\/p>\t<div class=\"wrapper-featured-image\">\n\t\t<figure class=\"spotlightImg\">\n\n\t\t\t<picture>\n\t\t\t\t<source media=\"(max-width: 768px)\" srcset=\"https:\/\/files.sunoresearch.com.br\/n\/uploads\/2020\/12\/3800d8dc-gol_boeing_737-700_takes_off_from_santos_dumont_airport-400x200.webp\">\n\t\t\t\t<img loading=\"lazy\" decoding=\"async\" class=\"newsContent__article__imgCapa lazyloadDisabled \" src=\"https:\/\/files.sunoresearch.com.br\/n\/uploads\/2020\/12\/3800d8dc-gol_boeing_737-700_takes_off_from_santos_dumont_airport-jpg.webp\" width=\"800\" height=\"450\" alt=\"Gol (GOLL4) v\u00ea viagens de lazer pr\u00f3ximas ao n\u00edvel pr\u00e9-covid\" fetchpriority=high \/>\n\t\t\t<\/picture>\n\n\t\t\t<figcaption class=\"wp-caption-text wp-caption-text--show\">Gol (GOLL4) v\u00ea viagens de lazer pr\u00f3ximas ao n\u00edvel pr\u00e9-covid<\/figcaption>\n\t\t<\/figure>\n\t<\/div>\n\n\n<p><b>\u00a0\t<p>\n\t\t<a href=\"https:\/\/lp.suno.com.br\/planilha-controle-gastos\/\" target=\"_blank\" data-element=\"shortcode-suno-banner\" title=\"Banner SUNO, clique e saiba mais\">\n\t\t\t<picture>\n\t\t\t\t<source media=\"(max-width: 500px)\" srcset=\"https:\/\/files.sunoresearch.com.br\/n\/uploads\/2023\/03\/400x300-Planilha-controle-de-gastos.png\">\n\t\t\t\t<img class=\"newsContent__article__imgCapa newsContent__article__imgCapa--banner\"\n\t\t\t\t\tsrc=\"https:\/\/files.sunoresearch.com.br\/n\/uploads\/2023\/03\/1420x240-Planilha-controle-de-gastos.png\"\n\t\t\t\t\tdata-promo-id=\"101751\"\t\t\t\t\t\t\t\t\t\twidth='1420' height='240'\t\t\t\t\talt=\"https:\/\/files.sunoresearch.com.br\/n\/uploads\/2023\/03\/1420x240-Planilha-controle-de-gastos.png\"\n\t\t\t\t>\n\t\t\t<\/picture>\n\t\t<\/a>\n\t<\/p>\n\n<\/b><\/p>\n<p>&#8220;A procura por viagens de lazer j\u00e1 \u00e9 muito compar\u00e1vel ao que t\u00ednhamos no pr\u00e9-covid, de 75% a 80% do que t\u00ednhamos antes. Considerando que, por enquanto, ainda n\u00e3o retomamos os voos internacionais, e que eles representavam 15% da nossa demanda, isso nos d\u00e1 uma compara\u00e7\u00e3o quase que direta: nesse dezembro e janeiro, teremos uma demanda muito parecida com a do per\u00edodo pr\u00e9-covid&#8221;, disse o executivo da Gol em entrevista a revista &#8220;Exame&#8221;.<\/p>\n<p>\u201cNesse dezembro e janeiro, teremos uma demanda muito parecida com o per\u00edodo pr\u00e9-covid&#8221;, completou.\u00a0Segundo o presidente da Gol, a demanda menor que ainda afeta a empresa \u00e9 a de viagens corporativas.<\/p>\n<p><a href=\"https:\/\/lp.suno.com.br\/suno-one\/\">Suno One: acesse gratuitamente eBooks, Minicursos, Artigos e Video Aulas sobre investimentos com um \u00fanico cadastro. Clique para saber mais!<\/a><\/p>\n<p>&#8220;N\u00f3s n\u00e3o estamos sentindo um arrefecimento na demanda devido \u00e0 limita\u00e7\u00e3o da pandemia e ao poder aquisitivo. A demanda que n\u00e3o est\u00e1 se apresentando em rela\u00e7\u00e3o ao per\u00edodo pr\u00e9-covid \u00e9 a de viagens corporativas das grandes empresas. A maior parte ainda mant\u00e9m restri\u00e7\u00e3o a viagens e ao trabalho presencial. Esse grupo era uma parcela importante da nossa demanda&#8221;, afirmou \u00e0 Exame.<\/p>\n<h2>Gol vai refor\u00e7ar oferta em alta temporada<\/h2>\n<p>No in\u00edcio do m\u00eas, a <a href=\"https:\/\/www.suno.com.br\/noticias\/gol-goll4-reforcar-oferta-alta-temporada\/\">Gol informou que ter\u00e1 mais voos nos meses de dezembro e janeiro<\/a>, recompondo 75% de sua oferta de assentos ante mesmo per\u00edodo do ano passado.<\/p>\n<p>Com todas as bases em que opera no Brasil reabertas, a companhia a\u00e9rea salientou que ter\u00e1 uma malha de <strong>alta temporada <\/strong> voltada para destinos tur\u00edsticos em diversas regi\u00f5es do Pa\u00eds. A extens\u00e3o das opera\u00e7\u00f5es da Gol est\u00e1 prevista para come\u00e7ar a partir de 18 de dezembro.<\/p>\n<p>De acordo com a empresa, ser\u00e3o cerca de 556 voos por dia no per\u00edodo, o que representa uma acr\u00e9scimo de 50% dos voos e de 54% de oferta de assentos no comparativo com novembro; para 62 destinos, sendo 58 pr\u00f3prios e 4 atrav\u00e9s de parceiras regionais, com 30 novas rotas em rela\u00e7\u00e3o ao m\u00eas anterior.<\/p>\n<p>O novo movimento da companhia ter\u00e1 destaque para a regi\u00e3o Nordeste, que contar\u00e1 com novas op\u00e7\u00f5es diretas decolando do Sul ao Norte.<\/p>\n<p>Os <strong>voos internacionais<\/strong> da Gol, por sua vez, continuam com previs\u00e3o de retorno gradual a partir de mar\u00e7o do ano que vem.<\/p>\n<p>Al\u00e9m disso, no in\u00edcio do m\u00eas passado, a Gol informou que a demanda (RPK) registrou um crescimento de 34% sobre setembro, enquanto a oferta de voos (ASK) aumento 37%.<\/p>\n<p>O n\u00famero de decolagens, na compara\u00e7\u00e3o com o mesmo m\u00eas do ano passado, estava 48,3% menor: eram 21.777 mil, e, na \u00e9poca, 11.256. J\u00e1 a taxa de ocupa\u00e7\u00e3o, que interfere diretamente no custo por voo, ficou em 78,0%, ante 81,7% em outubro passado, segundo a <strong>Gol<\/strong>.<\/p>\n\t<p>\n\t\t<a href=\"https:\/\/lp.suno.com.br\/planilha-de-controle-de-investimentos\/\" target=\"_blank\" data-element=\"shortcode-suno-banner\" title=\"Banner SUNO, clique e saiba mais\">\n\t\t\t<picture>\n\t\t\t\t<source media=\"(max-width: 500px)\" srcset=\"https:\/\/files.sunoresearch.com.br\/n\/uploads\/2023\/03\/400x300-Controle-de-Investimentos.png\">\n\t\t\t\t<img class=\"newsContent__article__imgCapa newsContent__article__imgCapa--banner\"\n\t\t\t\t\tsrc=\"https:\/\/files.sunoresearch.com.br\/n\/uploads\/2023\/03\/1420x240-Controle-de-Investimentos.png\"\n\t\t\t\t\tdata-promo-id=\"75934\"\t\t\t\t\t\t\t\t\t\twidth='1420' height='240'\t\t\t\t\talt=\"https:\/\/files.sunoresearch.com.br\/n\/uploads\/2023\/03\/1420x240-Controle-de-Investimentos.png\"\n\t\t\t\t>\n\t\t\t<\/picture>\n\t\t<\/a>\n\t<\/p>\n\n\n","protected":false},"excerpt":{"rendered":"<p>Apesar da pandemia do coronav\u00edrus (covid-19), a Gol (GOLL4) j\u00e1 v\u00ea a demanda por viagens a lazer pr\u00f3xima ao n\u00edvel pr\u00e9-covid.\u00a0De acordo com o presidente da companhia a\u00e9rea, Paulo Kakinoff, a demanda por voos de lazer j\u00e1 chegam a 80% do patamar anterior a pandemia. Gol (GOLL4) v\u00ea viagens de lazer pr\u00f3ximas ao n\u00edvel pr\u00e9-covid [&hellip;]<\/p>\n","protected":false},"author":27,"featured_media":106193,"comment_status":"closed","ping_status":"closed","sticky":false,"template":"","format":"standard","meta":[],"categories":[64],"tags":[489],"suno_strategy":[],"class_list":["post-107745","post","type-post","status-publish","format-standard","has-post-thumbnail","hentry","category-negocios","tag-gol-linhas-aereas-goll11-goll4"],"yoast_head":"<!-- This site is optimized with the Yoast SEO plugin v24.4 - https:\/\/yoast.com\/wordpress\/plugins\/seo\/ -->\n<title>Gol (GOLL4) v\u00ea viagens de lazer pr\u00f3ximas ao n\u00edvel pr\u00e9-covid<\/title>\n<meta name=\"description\" content=\"Segundo presidente da Gol, demanda j\u00e1 deve chegar a 80% do patamar pr\u00e9-covid neste final de ano. Clique aqui para ler mais.\" \/>\n<meta name=\"robots\" content=\"index, follow, max-snippet:-1, max-image-preview:large, max-video-preview:-1\" \/>\n<link rel=\"canonical\" href=\"https:\/\/www.suno.com.br\/noticias\/gol-goll4-ve-viagens-de-lazer-proximas-ao-nivel-pre-covid\/\" \/>\n<meta property=\"og:locale\" content=\"pt_BR\" \/>\n<meta property=\"og:type\" content=\"article\" \/>\n<meta property=\"og:title\" content=\"Gol (GOLL4) v\u00ea viagens de lazer pr\u00f3ximas ao n\u00edvel pr\u00e9-covid\" \/>\n<meta property=\"og:description\" content=\"Segundo presidente da Gol, demanda j\u00e1 deve chegar a 80% do patamar pr\u00e9-covid neste final de ano. Clique aqui para ler mais.\" \/>\n<meta property=\"og:url\" content=\"https:\/\/www.suno.com.br\/noticias\/gol-goll4-ve-viagens-de-lazer-proximas-ao-nivel-pre-covid\/\" \/>\n<meta property=\"og:site_name\" content=\"Suno Not\u00edcias\" \/>\n<meta property=\"article:publisher\" content=\"https:\/\/facebook.com\/sunoresearch\" \/>\n<meta property=\"og:image\" content=\"https:\/\/files.sunoresearch.com.br\/n\/uploads\/2020\/12\/3800d8dc-gol_boeing_737-700_takes_off_from_santos_dumont_airport.jpg\" \/>\n\t<meta property=\"og:image:width\" content=\"570\" \/>\n\t<meta property=\"og:image:height\" content=\"380\" \/>\n\t<meta property=\"og:image:type\" content=\"image\/jpeg\" \/>\n<meta name=\"author\" content=\"Vinicius Pereira\" \/>\n<meta name=\"twitter:card\" content=\"summary_large_image\" \/>\n<meta name=\"twitter:creator\" content=\"@https:\/\/twitter.com\/viniciuspjornal\" \/>\n<meta name=\"twitter:site\" content=\"@sunoresearch\" \/>\n<meta name=\"twitter:label1\" content=\"Escrito por\" \/>\n\t<meta name=\"twitter:data1\" content=\"Vinicius Pereira\" \/>\n\t<meta name=\"twitter:label2\" content=\"Est. tempo de leitura\" \/>\n\t<meta name=\"twitter:data2\" content=\"3 minutos\" \/>\n<script type=\"application\/ld+json\" class=\"yoast-schema-graph\">{\"@context\":\"https:\/\/schema.org\",\"@graph\":[{\"@type\":\"NewsArticle\",\"@id\":\"https:\/\/www.suno.com.br\/noticias\/gol-goll4-ve-viagens-de-lazer-proximas-ao-nivel-pre-covid\/#article\",\"isPartOf\":{\"@id\":\"https:\/\/www.suno.com.br\/noticias\/gol-goll4-ve-viagens-de-lazer-proximas-ao-nivel-pre-covid\/\"},\"author\":{\"name\":\"Vinicius Pereira\",\"@id\":\"https:\/\/www.suno.com.br\/noticias\/#\/schema\/person\/a20761b96e4df7eb57f1f9e41be1dbf3\"},\"headline\":\"Gol (GOLL4) v\u00ea viagens de lazer pr\u00f3ximas ao n\u00edvel pr\u00e9-covid\",\"datePublished\":\"2020-12-13T18:23:04+00:00\",\"mainEntityOfPage\":{\"@id\":\"https:\/\/www.suno.com.br\/noticias\/gol-goll4-ve-viagens-de-lazer-proximas-ao-nivel-pre-covid\/\"},\"wordCount\":536,\"publisher\":{\"@id\":\"https:\/\/www.suno.com.br\/noticias\/#organization\"},\"image\":{\"@id\":\"https:\/\/www.suno.com.br\/noticias\/gol-goll4-ve-viagens-de-lazer-proximas-ao-nivel-pre-covid\/#primaryimage\"},\"thumbnailUrl\":\"https:\/\/files.sunoresearch.com.br\/n\/uploads\/2020\/12\/3800d8dc-gol_boeing_737-700_takes_off_from_santos_dumont_airport-jpg.webp\",\"keywords\":[\"Gol Linhas A\u00e9reas (GOLL11\/GOLL4)\"],\"articleSection\":[\"Neg\u00f3cios\"],\"inLanguage\":\"pt-BR\"},{\"@type\":\"WebPage\",\"@id\":\"https:\/\/www.suno.com.br\/noticias\/gol-goll4-ve-viagens-de-lazer-proximas-ao-nivel-pre-covid\/\",\"url\":\"https:\/\/www.suno.com.br\/noticias\/gol-goll4-ve-viagens-de-lazer-proximas-ao-nivel-pre-covid\/\",\"name\":\"Gol (GOLL4) v\u00ea viagens de lazer pr\u00f3ximas ao n\u00edvel pr\u00e9-covid\",\"isPartOf\":{\"@id\":\"https:\/\/www.suno.com.br\/noticias\/#website\"},\"primaryImageOfPage\":{\"@id\":\"https:\/\/www.suno.com.br\/noticias\/gol-goll4-ve-viagens-de-lazer-proximas-ao-nivel-pre-covid\/#primaryimage\"},\"image\":{\"@id\":\"https:\/\/www.suno.com.br\/noticias\/gol-goll4-ve-viagens-de-lazer-proximas-ao-nivel-pre-covid\/#primaryimage\"},\"thumbnailUrl\":\"https:\/\/files.sunoresearch.com.br\/n\/uploads\/2020\/12\/3800d8dc-gol_boeing_737-700_takes_off_from_santos_dumont_airport-jpg.webp\",\"datePublished\":\"2020-12-13T18:23:04+00:00\",\"description\":\"Segundo presidente da Gol, demanda j\u00e1 deve chegar a 80% do patamar pr\u00e9-covid neste final de ano. Clique aqui para ler mais.\",\"breadcrumb\":{\"@id\":\"https:\/\/www.suno.com.br\/noticias\/gol-goll4-ve-viagens-de-lazer-proximas-ao-nivel-pre-covid\/#breadcrumb\"},\"inLanguage\":\"pt-BR\",\"potentialAction\":[{\"@type\":\"ReadAction\",\"target\":[\"https:\/\/www.suno.com.br\/noticias\/gol-goll4-ve-viagens-de-lazer-proximas-ao-nivel-pre-covid\/\"]}]},{\"@type\":\"ImageObject\",\"inLanguage\":\"pt-BR\",\"@id\":\"https:\/\/www.suno.com.br\/noticias\/gol-goll4-ve-viagens-de-lazer-proximas-ao-nivel-pre-covid\/#primaryimage\",\"url\":\"https:\/\/files.sunoresearch.com.br\/n\/uploads\/2020\/12\/3800d8dc-gol_boeing_737-700_takes_off_from_santos_dumont_airport-jpg.webp\",\"contentUrl\":\"https:\/\/files.sunoresearch.com.br\/n\/uploads\/2020\/12\/3800d8dc-gol_boeing_737-700_takes_off_from_santos_dumont_airport-jpg.webp\",\"width\":570,\"height\":380,\"caption\":\"Gol (GOLL4) v\u00ea viagens de lazer pr\u00f3ximas ao n\u00edvel pr\u00e9-covid\"},{\"@type\":\"BreadcrumbList\",\"@id\":\"https:\/\/www.suno.com.br\/noticias\/gol-goll4-ve-viagens-de-lazer-proximas-ao-nivel-pre-covid\/#breadcrumb\",\"itemListElement\":[{\"@type\":\"ListItem\",\"position\":1,\"name\":\"Not\u00edcias\",\"item\":\"https:\/\/www.suno.com.br\/noticias\/\"},{\"@type\":\"ListItem\",\"position\":2,\"name\":\"Neg\u00f3cios\",\"item\":\"https:\/\/www.suno.com.br\/noticias\/negocios\/\"},{\"@type\":\"ListItem\",\"position\":3,\"name\":\"Gol (GOLL4) v\u00ea viagens de lazer pr\u00f3ximas ao n\u00edvel pr\u00e9-covid\"}]},{\"@type\":\"WebSite\",\"@id\":\"https:\/\/www.suno.com.br\/noticias\/#website\",\"url\":\"https:\/\/www.suno.com.br\/noticias\/\",\"name\":\"Suno Not\u00edcias\",\"description\":\"Seu portal de informa\u00e7\u00e3o sobre o mundo dos investimentos\",\"publisher\":{\"@id\":\"https:\/\/www.suno.com.br\/noticias\/#organization\"},\"potentialAction\":[{\"@type\":\"SearchAction\",\"target\":{\"@type\":\"EntryPoint\",\"urlTemplate\":\"https:\/\/www.suno.com.br\/noticias\/?s={search_term_string}\"},\"query-input\":{\"@type\":\"PropertyValueSpecification\",\"valueRequired\":true,\"valueName\":\"search_term_string\"}}],\"inLanguage\":\"pt-BR\"},{\"@type\":\"Organization\",\"@id\":\"https:\/\/www.suno.com.br\/noticias\/#organization\",\"name\":\"Suno Not\u00edcias\",\"url\":\"https:\/\/www.suno.com.br\/noticias\/\",\"logo\":{\"@type\":\"ImageObject\",\"inLanguage\":\"pt-BR\",\"@id\":\"https:\/\/www.suno.com.br\/noticias\/#\/schema\/logo\/image\/\",\"url\":\"https:\/\/files.sunoresearch.com.br\/n\/uploads\/2021\/09\/suno-logo.png\",\"contentUrl\":\"https:\/\/files.sunoresearch.com.br\/n\/uploads\/2021\/09\/suno-logo.png\",\"width\":180,\"height\":180,\"caption\":\"Suno Not\u00edcias\"},\"image\":{\"@id\":\"https:\/\/www.suno.com.br\/noticias\/#\/schema\/logo\/image\/\"},\"sameAs\":[\"https:\/\/facebook.com\/sunoresearch\",\"https:\/\/x.com\/sunoresearch\",\"https:\/\/www.instagram.com\/suno\",\"https:\/\/www.linkedin.com\/company\/suno-research\/\",\"https:\/\/www.youtube.com\/c\/sunoresearch\"]},{\"@type\":\"Person\",\"@id\":\"https:\/\/www.suno.com.br\/noticias\/#\/schema\/person\/a20761b96e4df7eb57f1f9e41be1dbf3\",\"name\":\"Vinicius Pereira\",\"image\":{\"@type\":\"ImageObject\",\"inLanguage\":\"pt-BR\",\"@id\":\"https:\/\/www.suno.com.br\/noticias\/#\/schema\/person\/image\/\",\"url\":\"https:\/\/secure.gravatar.com\/avatar\/783866b933198f5cc4c5d03fcc8b1301?s=96&r=g\",\"contentUrl\":\"https:\/\/secure.gravatar.com\/avatar\/783866b933198f5cc4c5d03fcc8b1301?s=96&r=g\",\"caption\":\"Vinicius Pereira\"},\"description\":\"Vinicius Pereira foi rep\u00f3rter de economia da Folha de S.Paulo, stringer do jornal no Canad\u00e1 e colaborador de VEJA. J\u00e1 escreveu tamb\u00e9m para BBC Brasil, The Intercept Brasil e UOL. Tem MBA em Informa\u00e7\u00f5es Econ\u00f4mico-Financeiras e Mercado de Capitais pela FIA\/B3.\",\"sameAs\":[\"https:\/\/x.com\/https:\/\/twitter.com\/viniciuspjornal\"],\"url\":\"https:\/\/www.suno.com.br\/noticias\/author\/vinicius-pereira\/\"}]}<\/script>\n<!-- \/ Yoast SEO plugin. -->","yoast_head_json":{"title":"Gol (GOLL4) v\u00ea viagens de lazer pr\u00f3ximas ao n\u00edvel pr\u00e9-covid","description":"Segundo presidente da Gol, demanda j\u00e1 deve chegar a 80% do patamar pr\u00e9-covid neste final de ano. Clique aqui para ler mais.","robots":{"index":"index","follow":"follow","max-snippet":"max-snippet:-1","max-image-preview":"max-image-preview:large","max-video-preview":"max-video-preview:-1"},"canonical":"https:\/\/www.suno.com.br\/noticias\/gol-goll4-ve-viagens-de-lazer-proximas-ao-nivel-pre-covid\/","og_locale":"pt_BR","og_type":"article","og_title":"Gol (GOLL4) v\u00ea viagens de lazer pr\u00f3ximas ao n\u00edvel pr\u00e9-covid","og_description":"Segundo presidente da Gol, demanda j\u00e1 deve chegar a 80% do patamar pr\u00e9-covid neste final de ano. Clique aqui para ler mais.","og_url":"https:\/\/www.suno.com.br\/noticias\/gol-goll4-ve-viagens-de-lazer-proximas-ao-nivel-pre-covid\/","og_site_name":"Suno Not\u00edcias","article_publisher":"https:\/\/facebook.com\/sunoresearch","og_image":[{"width":570,"height":380,"url":"https:\/\/files.sunoresearch.com.br\/n\/uploads\/2020\/12\/3800d8dc-gol_boeing_737-700_takes_off_from_santos_dumont_airport.jpg","type":"image\/jpeg"}],"author":"Vinicius Pereira","twitter_card":"summary_large_image","twitter_creator":"@https:\/\/twitter.com\/viniciuspjornal","twitter_site":"@sunoresearch","twitter_misc":{"Escrito por":"Vinicius Pereira","Est. tempo de leitura":"3 minutos"},"schema":{"@context":"https:\/\/schema.org","@graph":[{"@type":"NewsArticle","@id":"https:\/\/www.suno.com.br\/noticias\/gol-goll4-ve-viagens-de-lazer-proximas-ao-nivel-pre-covid\/#article","isPartOf":{"@id":"https:\/\/www.suno.com.br\/noticias\/gol-goll4-ve-viagens-de-lazer-proximas-ao-nivel-pre-covid\/"},"author":{"name":"Vinicius Pereira","@id":"https:\/\/www.suno.com.br\/noticias\/#\/schema\/person\/a20761b96e4df7eb57f1f9e41be1dbf3"},"headline":"Gol (GOLL4) v\u00ea viagens de lazer pr\u00f3ximas ao n\u00edvel pr\u00e9-covid","datePublished":"2020-12-13T18:23:04+00:00","mainEntityOfPage":{"@id":"https:\/\/www.suno.com.br\/noticias\/gol-goll4-ve-viagens-de-lazer-proximas-ao-nivel-pre-covid\/"},"wordCount":536,"publisher":{"@id":"https:\/\/www.suno.com.br\/noticias\/#organization"},"image":{"@id":"https:\/\/www.suno.com.br\/noticias\/gol-goll4-ve-viagens-de-lazer-proximas-ao-nivel-pre-covid\/#primaryimage"},"thumbnailUrl":"https:\/\/files.sunoresearch.com.br\/n\/uploads\/2020\/12\/3800d8dc-gol_boeing_737-700_takes_off_from_santos_dumont_airport-jpg.webp","keywords":["Gol Linhas A\u00e9reas (GOLL11\/GOLL4)"],"articleSection":["Neg\u00f3cios"],"inLanguage":"pt-BR"},{"@type":"WebPage","@id":"https:\/\/www.suno.com.br\/noticias\/gol-goll4-ve-viagens-de-lazer-proximas-ao-nivel-pre-covid\/","url":"https:\/\/www.suno.com.br\/noticias\/gol-goll4-ve-viagens-de-lazer-proximas-ao-nivel-pre-covid\/","name":"Gol (GOLL4) v\u00ea viagens de lazer pr\u00f3ximas ao n\u00edvel pr\u00e9-covid","isPartOf":{"@id":"https:\/\/www.suno.com.br\/noticias\/#website"},"primaryImageOfPage":{"@id":"https:\/\/www.suno.com.br\/noticias\/gol-goll4-ve-viagens-de-lazer-proximas-ao-nivel-pre-covid\/#primaryimage"},"image":{"@id":"https:\/\/www.suno.com.br\/noticias\/gol-goll4-ve-viagens-de-lazer-proximas-ao-nivel-pre-covid\/#primaryimage"},"thumbnailUrl":"https:\/\/files.sunoresearch.com.br\/n\/uploads\/2020\/12\/3800d8dc-gol_boeing_737-700_takes_off_from_santos_dumont_airport-jpg.webp","datePublished":"2020-12-13T18:23:04+00:00","description":"Segundo presidente da Gol, demanda j\u00e1 deve chegar a 80% do patamar pr\u00e9-covid neste final de ano. Clique aqui para ler mais.","breadcrumb":{"@id":"https:\/\/www.suno.com.br\/noticias\/gol-goll4-ve-viagens-de-lazer-proximas-ao-nivel-pre-covid\/#breadcrumb"},"inLanguage":"pt-BR","potentialAction":[{"@type":"ReadAction","target":["https:\/\/www.suno.com.br\/noticias\/gol-goll4-ve-viagens-de-lazer-proximas-ao-nivel-pre-covid\/"]}]},{"@type":"ImageObject","inLanguage":"pt-BR","@id":"https:\/\/www.suno.com.br\/noticias\/gol-goll4-ve-viagens-de-lazer-proximas-ao-nivel-pre-covid\/#primaryimage","url":"https:\/\/files.sunoresearch.com.br\/n\/uploads\/2020\/12\/3800d8dc-gol_boeing_737-700_takes_off_from_santos_dumont_airport-jpg.webp","contentUrl":"https:\/\/files.sunoresearch.com.br\/n\/uploads\/2020\/12\/3800d8dc-gol_boeing_737-700_takes_off_from_santos_dumont_airport-jpg.webp","width":570,"height":380,"caption":"Gol (GOLL4) v\u00ea viagens de lazer pr\u00f3ximas ao n\u00edvel pr\u00e9-covid"},{"@type":"BreadcrumbList","@id":"https:\/\/www.suno.com.br\/noticias\/gol-goll4-ve-viagens-de-lazer-proximas-ao-nivel-pre-covid\/#breadcrumb","itemListElement":[{"@type":"ListItem","position":1,"name":"Not\u00edcias","item":"https:\/\/www.suno.com.br\/noticias\/"},{"@type":"ListItem","position":2,"name":"Neg\u00f3cios","item":"https:\/\/www.suno.com.br\/noticias\/negocios\/"},{"@type":"ListItem","position":3,"name":"Gol (GOLL4) v\u00ea viagens de lazer pr\u00f3ximas ao n\u00edvel pr\u00e9-covid"}]},{"@type":"WebSite","@id":"https:\/\/www.suno.com.br\/noticias\/#website","url":"https:\/\/www.suno.com.br\/noticias\/","name":"Suno Not\u00edcias","description":"Seu portal de informa\u00e7\u00e3o sobre o mundo dos investimentos","publisher":{"@id":"https:\/\/www.suno.com.br\/noticias\/#organization"},"potentialAction":[{"@type":"SearchAction","target":{"@type":"EntryPoint","urlTemplate":"https:\/\/www.suno.com.br\/noticias\/?s={search_term_string}"},"query-input":{"@type":"PropertyValueSpecification","valueRequired":true,"valueName":"search_term_string"}}],"inLanguage":"pt-BR"},{"@type":"Organization","@id":"https:\/\/www.suno.com.br\/noticias\/#organization","name":"Suno Not\u00edcias","url":"https:\/\/www.suno.com.br\/noticias\/","logo":{"@type":"ImageObject","inLanguage":"pt-BR","@id":"https:\/\/www.suno.com.br\/noticias\/#\/schema\/logo\/image\/","url":"https:\/\/files.sunoresearch.com.br\/n\/uploads\/2021\/09\/suno-logo.png","contentUrl":"https:\/\/files.sunoresearch.com.br\/n\/uploads\/2021\/09\/suno-logo.png","width":180,"height":180,"caption":"Suno Not\u00edcias"},"image":{"@id":"https:\/\/www.suno.com.br\/noticias\/#\/schema\/logo\/image\/"},"sameAs":["https:\/\/facebook.com\/sunoresearch","https:\/\/x.com\/sunoresearch","https:\/\/www.instagram.com\/suno","https:\/\/www.linkedin.com\/company\/suno-research\/","https:\/\/www.youtube.com\/c\/sunoresearch"]},{"@type":"Person","@id":"https:\/\/www.suno.com.br\/noticias\/#\/schema\/person\/a20761b96e4df7eb57f1f9e41be1dbf3","name":"Vinicius Pereira","image":{"@type":"ImageObject","inLanguage":"pt-BR","@id":"https:\/\/www.suno.com.br\/noticias\/#\/schema\/person\/image\/","url":"https:\/\/secure.gravatar.com\/avatar\/783866b933198f5cc4c5d03fcc8b1301?s=96&r=g","contentUrl":"https:\/\/secure.gravatar.com\/avatar\/783866b933198f5cc4c5d03fcc8b1301?s=96&r=g","caption":"Vinicius Pereira"},"description":"Vinicius Pereira foi rep\u00f3rter de economia da Folha de S.Paulo, stringer do jornal no Canad\u00e1 e colaborador de VEJA. J\u00e1 escreveu tamb\u00e9m para BBC Brasil, The Intercept Brasil e UOL. Tem MBA em Informa\u00e7\u00f5es Econ\u00f4mico-Financeiras e Mercado de Capitais pela FIA\/B3.","sameAs":["https:\/\/x.com\/https:\/\/twitter.com\/viniciuspjornal"],"url":"https:\/\/www.suno.com.br\/noticias\/author\/vinicius-pereira\/"}]}},"default_loop_html":"<div class=\"cardsPage__listCard__boxs\"><div class=\"cardsPage__listCard__boxs__img\"><a href=\"https:\/\/www.suno.com.br\/noticias\/gol-goll4-ve-viagens-de-lazer-proximas-ao-nivel-pre-covid\/\"><img class=\"mask\" src=\"https:\/\/www.suno.com.br\/noticias\/wp-content\/themes\/suno\/resources\/images\/spotlight\/spotlight1img\/bg-mask.png\" alt=\"Image Mask\"\/><img src=\"https:\/\/files.sunoresearch.com.br\/n\/uploads\/2020\/12\/3800d8dc-gol_boeing_737-700_takes_off_from_santos_dumont_airport-400x200.webp\" alt=\"Gol (GOLL4) v\u00ea viagens de lazer pr\u00f3ximas ao n\u00edvel pr\u00e9-covid\"\/><\/a><span class=\"spotlightCategory\"><a href=\"https:\/\/www.suno.com.br\/noticias\/negocios\/\">Neg\u00f3cios<\/a><\/span><\/div><div class=\"cardsPage__listCard__boxs__content\"><a href=\"https:\/\/www.suno.com.br\/noticias\/gol-goll4-ve-viagens-de-lazer-proximas-ao-nivel-pre-covid\/\"><h2 class=\"content__title\">Gol (GOLL4) v\u00ea viagens de lazer pr\u00f3ximas ao n\u00edvel pr\u00e9-covid<\/h2><\/a><div class=\"newsContent__article__meta\"><div class=\"newsContent__article__meta__authorBox\"><a href=\"https:\/\/www.suno.com.br\/noticias\/author\/vinicius-pereira\/\" class=\"authorBox__avatar noMobi\"><img src=\"https:\/\/files.sunoresearch.com.br\/n\/uploads\/2020\/08\/77510613-whatsapp-image-2020-08-03-at-13.40.40-150x150.webp\" alt=\"Vinicius Pereira\"><\/a><div class=\"authorBox__name\"><span>por\n\t\t\t<a href=\"https:\/\/www.suno.com.br\/noticias\/author\/vinicius-pereira\/\"><span itemprop=\"author\">Vinicius Pereira<\/span><\/a><\/span><time datetime=\"2020-12-13T15:23:04-03:00\" itemprop=\"datePublished\">13\/12\/2020 15:23<\/time><\/div><\/div><\/div><\/div><\/div>","single_layout":"posts","amp_enabled":true,"_links":{"self":[{"href":"https:\/\/www.suno.com.br\/noticias\/wp-json\/wp\/v2\/posts\/107745"}],"collection":[{"href":"https:\/\/www.suno.com.br\/noticias\/wp-json\/wp\/v2\/posts"}],"about":[{"href":"https:\/\/www.suno.com.br\/noticias\/wp-json\/wp\/v2\/types\/post"}],"author":[{"embeddable":true,"href":"https:\/\/www.suno.com.br\/noticias\/wp-json\/wp\/v2\/users\/27"}],"replies":[{"embeddable":true,"href":"https:\/\/www.suno.com.br\/noticias\/wp-json\/wp\/v2\/comments?post=107745"}],"version-history":[{"count":0,"href":"https:\/\/www.suno.com.br\/noticias\/wp-json\/wp\/v2\/posts\/107745\/revisions"}],"wp:featuredmedia":[{"embeddable":true,"href":"https:\/\/www.suno.com.br\/noticias\/wp-json\/wp\/v2\/media\/106193"}],"wp:attachment":[{"href":"https:\/\/www.suno.com.br\/noticias\/wp-json\/wp\/v2\/media?parent=107745"}],"wp:term":[{"taxonomy":"category","embeddable":true,"href":"https:\/\/www.suno.com.br\/noticias\/wp-json\/wp\/v2\/categories?post=107745"},{"taxonomy":"post_tag","embeddable":true,"href":"https:\/\/www.suno.com.br\/noticias\/wp-json\/wp\/v2\/tags?post=107745"},{"taxonomy":"suno_strategy","embeddable":true,"href":"https:\/\/www.suno.com.br\/noticias\/wp-json\/wp\/v2\/suno_strategy?post=107745"}],"curies":[{"name":"wp","href":"https:\/\/api.w.org\/{rel}","templated":true}]}}