{"id":107702,"date":"2020-12-12T17:04:49","date_gmt":"2020-12-12T20:04:49","guid":{"rendered":"https:\/\/www.suno.com.br\/noticias\/?p=107702"},"modified":"2021-02-18T19:57:47","modified_gmt":"2021-02-18T22:57:47","slug":"oceanpact-servicos-maritimos-registro-para-ipo","status":"publish","type":"post","link":"https:\/\/www.suno.com.br\/noticias\/oceanpact-servicos-maritimos-registro-para-ipo\/","title":{"rendered":"OceanPact Servi\u00e7os Mar\u00edtimos pede registro para IPO"},"content":{"rendered":"<p>A empresa <strong>OceanPact<\/strong> Servi\u00e7os Mar\u00edtimos protocolou um pedido de <a href=\"https:\/\/www.suno.com.br\/artigos\/ipo\/\" target=\"_blank\" rel=\"noopener noreferrer\">oferta p\u00fablica inicial de a\u00e7\u00f5es (IPO)<\/a> na <a href=\"https:\/\/www.suno.com.br\/artigos\/cvm\/\" target=\"_blank\" rel=\"noopener noreferrer\">Comiss\u00e3o de Valores Mobili\u00e1rios (CVM)<\/a>, para uma emiss\u00e3o prim\u00e1ria e secund\u00e1ria de a\u00e7\u00f5es.<\/p>\t<div class=\"wrapper-featured-image\">\n\t\t<figure class=\"spotlightImg\">\n\n\t\t\t<picture>\n\t\t\t\t<source media=\"(max-width: 768px)\" srcset=\"https:\/\/files.sunoresearch.com.br\/n\/uploads\/2020\/12\/c372cc13-oceanpact-400x200.webp\">\n\t\t\t\t<img loading=\"lazy\" decoding=\"async\" class=\"newsContent__article__imgCapa lazyloadDisabled \" src=\"https:\/\/files.sunoresearch.com.br\/n\/uploads\/2020\/12\/c372cc13-oceanpact-800x450.webp\" width=\"800\" height=\"450\" alt=\"OceanPact Servi\u00e7os Mar\u00edtimos pede registro para IPO\" fetchpriority=high \/>\n\t\t\t<\/picture>\n\n\t\t\t<figcaption class=\"wp-caption-text wp-caption-text--show\">OceanPact pede registro de IPO<\/figcaption>\n\t\t<\/figure>\n\t<\/div>\n\n\n<p><b>\t<p>\n\t\t<a href=\"https:\/\/lp.suno.com.br\/planilha-controle-gastos\/\" target=\"_blank\" data-element=\"shortcode-suno-banner\" title=\"Banner SUNO, clique e saiba mais\">\n\t\t\t<picture>\n\t\t\t\t<source media=\"(max-width: 500px)\" srcset=\"https:\/\/files.sunoresearch.com.br\/n\/uploads\/2023\/03\/400x300-Planilha-controle-de-gastos.png\">\n\t\t\t\t<img class=\"newsContent__article__imgCapa newsContent__article__imgCapa--banner\"\n\t\t\t\t\tsrc=\"https:\/\/files.sunoresearch.com.br\/n\/uploads\/2023\/03\/1420x240-Planilha-controle-de-gastos.png\"\n\t\t\t\t\tdata-promo-id=\"101751\"\t\t\t\t\t\t\t\t\t\twidth='1420' height='240'\t\t\t\t\talt=\"https:\/\/files.sunoresearch.com.br\/n\/uploads\/2023\/03\/1420x240-Planilha-controle-de-gastos.png\"\n\t\t\t\t>\n\t\t\t<\/picture>\n\t\t<\/a>\n\t<\/p>\n\n<\/b><\/p>\n<p>A empresa se descreve como uma das principais prestadoras de<strong> servi\u00e7os de suporte mar\u00edtimo<\/strong> no Brasil. A OceanPact tamb\u00e9m oferece servi\u00e7os para estudo, prote\u00e7\u00e3o, monitoramento e uso sustent\u00e1vel do mar, do litoral e dos recursos marinhos para clientes principalmente no setor de \u00f3leo e g\u00e1s.<\/p>\n<p>Al\u00e9m disso, atende outros setores da economia, como energia, minera\u00e7\u00e3o, telecomunica\u00e7\u00f5es, portu\u00e1rio, navega\u00e7\u00e3o, turismo, pesca e aquicultura.<\/p>\n<p>Os acionistas atuais da empresa s\u00e3o <strong>Fl\u00e1vio de Andrade<\/strong>, atual presidente, que possui 57,07 das a\u00e7\u00f5es, e a <strong>gestora Dynamo<\/strong>, que 25,36%. Ao mesmo tempo, outros acionistas det\u00e9m 14,32%, e 3,25% est\u00e3o em tesouraria.<\/p>\n<p><b>\u00a0<\/b><a href=\"https:\/\/lp.suno.com.br\/suno-one\/\"><b>Suno One: acesse gratuitamente eBooks, Minicursos, Artigos e Video Aulas sobre investimentos com um \u00fanico cadastro. Clique para saber mais!<\/b><\/a><\/p>\n<p>De acordo com o <a href=\"https:\/\/www.suno.com.br\/artigos\/prospecto-preliminar\/\" target=\"_blank\" rel=\"noopener noreferrer\">prospecto preliminar<\/a>, 70% dos recursos da oferta prim\u00e1ria ser\u00e3o destinados para aquisi\u00e7\u00e3o e customiza\u00e7\u00e3o de embarca\u00e7\u00f5es. Os 30% restantes ir\u00e3o para compra de m\u00e1quinas e equipamentos.<\/p>\n<p>Os <strong>bancos coordenadores<\/strong> da oferta s\u00e3o Ita\u00fa BBA, Bradesco BBI e JP Morgan.<\/p>\n<h2>Opera\u00e7\u00f5es da OceanPact<\/h2>\n<p>As<strong> opera\u00e7\u00f5es da OceanPact<\/strong> s\u00e3o divididas em dois segmentos: embarca\u00e7\u00f5es e servi\u00e7os.<\/p>\n<p>Estes segmentos operam em tr\u00eas \u00e1reas de atua\u00e7\u00e3o:<\/p>\n<ul>\n<li>Ambiental, que inclui <strong>servi\u00e7os de prote\u00e7\u00e3o ambiental<\/strong>, levantamentos oceanogr\u00e1ficos, licenciamentos e estudos ambientais, seguran\u00e7a operacional e remedia\u00e7\u00e3o ambiental.<\/li>\n<li>Subsea, que inclui servi\u00e7os de geof\u00edsica, geotecnia, inspe\u00e7\u00e3o, reparo e manuten\u00e7\u00e3o, posicionamento e suporte \u00e0 constru\u00e7\u00e3o e descomissionamento.<\/li>\n<li>Log\u00edstica e Engenharia, que inclui <strong>servi\u00e7os de log\u00edstica mar\u00edtima<\/strong>, bases de apoio offshore, engenharia portu\u00e1ria e costeira, obras e dragagens e facilities e limpeza industrial.<\/li>\n<\/ul>\n<p>Com uma frota de 23 embarca\u00e7\u00f5es, OceanPact a<a href=\"https:\/\/www.suno.com.br\/artigos\/o-que-receita-liquida\/\" target=\"_blank\" rel=\"noopener noreferrer\"> registrou receita l\u00edquida<\/a> consolidada de R$640 milh\u00f5es no per\u00edodo de 12 meses encerrado em 30 de setembro de 2020. No mesmo intervalo, o\u00a0<a href=\"https:\/\/www.suno.com.br\/artigos\/ebitda\/\" target=\"_blank\" rel=\"noopener noreferrer\">Ebitda<\/a> foi de de R$167 milh\u00f5es<\/p>\n<p><b>\t<p>\n\t\t<a href=\"https:\/\/lp.suno.com.br\/planilha-da-vida-financeira\/\" target=\"_blank\" data-element=\"shortcode-suno-banner\" title=\"Banner SUNO, clique e saiba mais\">\n\t\t\t<picture>\n\t\t\t\t<source media=\"(max-width: 500px)\" srcset=\"https:\/\/files.sunoresearch.com.br\/n\/uploads\/2023\/04\/400x300-Planilha-vida-financeira-true.png\">\n\t\t\t\t<img class=\"newsContent__article__imgCapa newsContent__article__imgCapa--banner\"\n\t\t\t\t\tsrc=\"https:\/\/files.sunoresearch.com.br\/n\/uploads\/2023\/04\/1420x240-Planilha-vida-financeira-true.png\"\n\t\t\t\t\tdata-promo-id=\"106682\"\t\t\t\t\t\t\t\t\t\twidth='1420' height='240'\t\t\t\t\talt=\"https:\/\/files.sunoresearch.com.br\/n\/uploads\/2023\/04\/1420x240-Planilha-vida-financeira-true.png\"\n\t\t\t\t>\n\t\t\t<\/picture>\n\t\t<\/a>\n\t<\/p>\n\n<\/b><\/p>\n<h2>Distribui\u00e7\u00e3o de receitas da companhia<\/h2>\n<p>Confira a distribui\u00e7\u00e3o das receitas da empresa:<\/p>\n<ul>\n<li>Ambiental: 54% da receita l\u00edquida consolidada.<\/li>\n<li>Subsea: 29%.<\/li>\n<li>Log\u00edstica e Engenharia: 17%.<\/li>\n<\/ul>\n<p>A empresa foi criada em 2007, no Rio de Janeiro, com foco inicial na<strong> \u00e1rea de consultoria<\/strong> e resposta a emerg\u00eancias ambientais.<\/p>\n<p>&#8220;Desde a sua funda\u00e7\u00e3o a companhia participa de forma expressiva em opera\u00e7\u00f5es de resposta a <strong>derramamentos de \u00f3leo no Brasil<\/strong> e no exterior e vem apresentando crescimento consistente nos \u00faltimos anos&#8221;, afirma a OceanPact.<\/p>\n<p>Al\u00e9m disso, a empresa<a href=\"https:\/\/www.suno.com.br\/artigos\/fusoes-aquisicoes\/\" target=\"_blank\" rel=\"noopener noreferrer\"> realizou algumas aquisi\u00e7\u00f5es<\/a> nos \u00faltimos anos. Entre elas, as empresas MMB, Gardline e Servmar. Em 2020, foram feitas duas <a href=\"https:\/\/www.suno.com.br\/artigos\/debentures\/\" target=\"_blank\" rel=\"noopener noreferrer\">emiss\u00f5es de deb\u00eantures<\/a>, no total de R$ 305 milh\u00f5es.<\/p>\n<p>A sede da <strong>OceanPact<\/strong> est\u00e1 localizada na cidade do Rio de Janeiro. Suas 15 filiais est\u00e3o localizadas em oito estados brasileiros. A empresa tamb\u00e9m possui 12 bases e 14 centros de defesa ambientais espalhadas pelo Brasil.<\/p>\n<p><b>\t<p>\n\t\t<a href=\"https:\/\/lp.suno.com.br\/planilha-de-controle-de-investimentos\/\" target=\"_blank\" data-element=\"shortcode-suno-banner\" title=\"Banner SUNO, clique e saiba mais\">\n\t\t\t<picture>\n\t\t\t\t<source media=\"(max-width: 500px)\" srcset=\"https:\/\/files.sunoresearch.com.br\/n\/uploads\/2023\/03\/400x300-Controle-de-Investimentos.png\">\n\t\t\t\t<img class=\"newsContent__article__imgCapa newsContent__article__imgCapa--banner\"\n\t\t\t\t\tsrc=\"https:\/\/files.sunoresearch.com.br\/n\/uploads\/2023\/03\/1420x240-Controle-de-Investimentos.png\"\n\t\t\t\t\tdata-promo-id=\"75934\"\t\t\t\t\t\t\t\t\t\twidth='1420' height='240'\t\t\t\t\talt=\"https:\/\/files.sunoresearch.com.br\/n\/uploads\/2023\/03\/1420x240-Controle-de-Investimentos.png\"\n\t\t\t\t>\n\t\t\t<\/picture>\n\t\t<\/a>\n\t<\/p>\n\n<\/b><\/p>\n","protected":false},"excerpt":{"rendered":"<p>A empresa OceanPact Servi\u00e7os Mar\u00edtimos protocolou um pedido de oferta p\u00fablica inicial de a\u00e7\u00f5es (IPO) na Comiss\u00e3o de Valores Mobili\u00e1rios (CVM), para uma emiss\u00e3o prim\u00e1ria e secund\u00e1ria de a\u00e7\u00f5es. OceanPact pede registro de IPO A empresa se descreve como uma das principais prestadoras de servi\u00e7os de suporte mar\u00edtimo no Brasil. A OceanPact tamb\u00e9m oferece servi\u00e7os [&hellip;]<\/p>\n","protected":false},"author":60,"featured_media":107705,"comment_status":"closed","ping_status":"closed","sticky":false,"template":"","format":"standard","meta":[],"categories":[64],"tags":[902,2493,319,105479],"suno_strategy":[],"class_list":["post-107702","post","type-post","status-publish","format-standard","has-post-thumbnail","hentry","category-negocios","tag-comissao-de-valores-mobiliarios-cvm","tag-dynamo","tag-ipo-oferta-inicial-de-acoes","tag-oceanpact-opct3"],"yoast_head":"<!-- This site is optimized with the Yoast SEO plugin v24.4 - https:\/\/yoast.com\/wordpress\/plugins\/seo\/ -->\n<title>OceanPact Servi\u00e7os Mar\u00edtimos pede registro para IPO<\/title>\n<meta name=\"description\" content=\"A empresa OceanPact protocolou um pedido de oferta p\u00fablica inicial de a\u00e7\u00f5es (IPO) na CVM. Leia mais sobre os planos da OceanPact.\" \/>\n<meta name=\"robots\" content=\"index, follow, max-snippet:-1, max-image-preview:large, max-video-preview:-1\" \/>\n<link rel=\"canonical\" href=\"https:\/\/www.suno.com.br\/noticias\/oceanpact-servicos-maritimos-registro-para-ipo\/\" \/>\n<meta property=\"og:locale\" content=\"pt_BR\" \/>\n<meta property=\"og:type\" content=\"article\" \/>\n<meta property=\"og:title\" content=\"OceanPact Servi\u00e7os Mar\u00edtimos pede registro para IPO\" \/>\n<meta property=\"og:description\" content=\"A empresa OceanPact protocolou um pedido de oferta p\u00fablica inicial de a\u00e7\u00f5es (IPO) na CVM. Leia mais sobre os planos da OceanPact.\" \/>\n<meta property=\"og:url\" content=\"https:\/\/www.suno.com.br\/noticias\/oceanpact-servicos-maritimos-registro-para-ipo\/\" \/>\n<meta property=\"og:site_name\" content=\"Suno Not\u00edcias\" \/>\n<meta property=\"article:publisher\" content=\"https:\/\/facebook.com\/sunoresearch\" \/>\n<meta property=\"og:image\" content=\"https:\/\/files.sunoresearch.com.br\/n\/uploads\/2020\/12\/c372cc13-oceanpact.jpg\" \/>\n\t<meta property=\"og:image:width\" content=\"800\" \/>\n\t<meta property=\"og:image:height\" content=\"500\" \/>\n\t<meta property=\"og:image:type\" content=\"image\/jpeg\" \/>\n<meta name=\"author\" content=\"Natalia G\u00f3mez\" \/>\n<meta name=\"twitter:card\" content=\"summary_large_image\" \/>\n<meta name=\"twitter:creator\" content=\"@sunoresearch\" \/>\n<meta name=\"twitter:site\" content=\"@sunoresearch\" \/>\n<meta name=\"twitter:label1\" content=\"Escrito por\" \/>\n\t<meta name=\"twitter:data1\" content=\"Natalia G\u00f3mez\" \/>\n\t<meta name=\"twitter:label2\" content=\"Est. tempo de leitura\" \/>\n\t<meta name=\"twitter:data2\" content=\"3 minutos\" \/>\n<script type=\"application\/ld+json\" class=\"yoast-schema-graph\">{\"@context\":\"https:\/\/schema.org\",\"@graph\":[{\"@type\":\"NewsArticle\",\"@id\":\"https:\/\/www.suno.com.br\/noticias\/oceanpact-servicos-maritimos-registro-para-ipo\/#article\",\"isPartOf\":{\"@id\":\"https:\/\/www.suno.com.br\/noticias\/oceanpact-servicos-maritimos-registro-para-ipo\/\"},\"author\":{\"name\":\"Natalia G\u00f3mez\",\"@id\":\"https:\/\/www.suno.com.br\/noticias\/#\/schema\/person\/1b24d67c140a42e864ef414497edb164\"},\"headline\":\"OceanPact Servi\u00e7os Mar\u00edtimos pede registro para IPO\",\"datePublished\":\"2020-12-12T20:04:49+00:00\",\"dateModified\":\"2021-02-18T22:57:47+00:00\",\"mainEntityOfPage\":{\"@id\":\"https:\/\/www.suno.com.br\/noticias\/oceanpact-servicos-maritimos-registro-para-ipo\/\"},\"wordCount\":531,\"publisher\":{\"@id\":\"https:\/\/www.suno.com.br\/noticias\/#organization\"},\"image\":{\"@id\":\"https:\/\/www.suno.com.br\/noticias\/oceanpact-servicos-maritimos-registro-para-ipo\/#primaryimage\"},\"thumbnailUrl\":\"https:\/\/files.sunoresearch.com.br\/n\/uploads\/2020\/12\/c372cc13-oceanpact-jpg.webp\",\"keywords\":[\"Comiss\u00e3o de Valores Mobili\u00e1rios (CVM)\",\"Dynamo\",\"IPO (Oferta Inicial de A\u00e7\u00f5es)\",\"Oceanpact (OPCT3)\"],\"articleSection\":[\"Neg\u00f3cios\"],\"inLanguage\":\"pt-BR\"},{\"@type\":\"WebPage\",\"@id\":\"https:\/\/www.suno.com.br\/noticias\/oceanpact-servicos-maritimos-registro-para-ipo\/\",\"url\":\"https:\/\/www.suno.com.br\/noticias\/oceanpact-servicos-maritimos-registro-para-ipo\/\",\"name\":\"OceanPact Servi\u00e7os Mar\u00edtimos pede registro para IPO\",\"isPartOf\":{\"@id\":\"https:\/\/www.suno.com.br\/noticias\/#website\"},\"primaryImageOfPage\":{\"@id\":\"https:\/\/www.suno.com.br\/noticias\/oceanpact-servicos-maritimos-registro-para-ipo\/#primaryimage\"},\"image\":{\"@id\":\"https:\/\/www.suno.com.br\/noticias\/oceanpact-servicos-maritimos-registro-para-ipo\/#primaryimage\"},\"thumbnailUrl\":\"https:\/\/files.sunoresearch.com.br\/n\/uploads\/2020\/12\/c372cc13-oceanpact-jpg.webp\",\"datePublished\":\"2020-12-12T20:04:49+00:00\",\"dateModified\":\"2021-02-18T22:57:47+00:00\",\"description\":\"A empresa OceanPact protocolou um pedido de oferta p\u00fablica inicial de a\u00e7\u00f5es (IPO) na CVM. Leia mais sobre os planos da OceanPact.\",\"breadcrumb\":{\"@id\":\"https:\/\/www.suno.com.br\/noticias\/oceanpact-servicos-maritimos-registro-para-ipo\/#breadcrumb\"},\"inLanguage\":\"pt-BR\",\"potentialAction\":[{\"@type\":\"ReadAction\",\"target\":[\"https:\/\/www.suno.com.br\/noticias\/oceanpact-servicos-maritimos-registro-para-ipo\/\"]}]},{\"@type\":\"ImageObject\",\"inLanguage\":\"pt-BR\",\"@id\":\"https:\/\/www.suno.com.br\/noticias\/oceanpact-servicos-maritimos-registro-para-ipo\/#primaryimage\",\"url\":\"https:\/\/files.sunoresearch.com.br\/n\/uploads\/2020\/12\/c372cc13-oceanpact-jpg.webp\",\"contentUrl\":\"https:\/\/files.sunoresearch.com.br\/n\/uploads\/2020\/12\/c372cc13-oceanpact-jpg.webp\",\"width\":800,\"height\":500,\"caption\":\"OceanPact pede registro de IPO\"},{\"@type\":\"BreadcrumbList\",\"@id\":\"https:\/\/www.suno.com.br\/noticias\/oceanpact-servicos-maritimos-registro-para-ipo\/#breadcrumb\",\"itemListElement\":[{\"@type\":\"ListItem\",\"position\":1,\"name\":\"Not\u00edcias\",\"item\":\"https:\/\/www.suno.com.br\/noticias\/\"},{\"@type\":\"ListItem\",\"position\":2,\"name\":\"Neg\u00f3cios\",\"item\":\"https:\/\/www.suno.com.br\/noticias\/negocios\/\"},{\"@type\":\"ListItem\",\"position\":3,\"name\":\"OceanPact Servi\u00e7os Mar\u00edtimos pede registro para IPO\"}]},{\"@type\":\"WebSite\",\"@id\":\"https:\/\/www.suno.com.br\/noticias\/#website\",\"url\":\"https:\/\/www.suno.com.br\/noticias\/\",\"name\":\"Suno Not\u00edcias\",\"description\":\"Seu portal de informa\u00e7\u00e3o sobre o mundo dos investimentos\",\"publisher\":{\"@id\":\"https:\/\/www.suno.com.br\/noticias\/#organization\"},\"potentialAction\":[{\"@type\":\"SearchAction\",\"target\":{\"@type\":\"EntryPoint\",\"urlTemplate\":\"https:\/\/www.suno.com.br\/noticias\/?s={search_term_string}\"},\"query-input\":{\"@type\":\"PropertyValueSpecification\",\"valueRequired\":true,\"valueName\":\"search_term_string\"}}],\"inLanguage\":\"pt-BR\"},{\"@type\":\"Organization\",\"@id\":\"https:\/\/www.suno.com.br\/noticias\/#organization\",\"name\":\"Suno Not\u00edcias\",\"url\":\"https:\/\/www.suno.com.br\/noticias\/\",\"logo\":{\"@type\":\"ImageObject\",\"inLanguage\":\"pt-BR\",\"@id\":\"https:\/\/www.suno.com.br\/noticias\/#\/schema\/logo\/image\/\",\"url\":\"https:\/\/files.sunoresearch.com.br\/n\/uploads\/2021\/09\/suno-logo.png\",\"contentUrl\":\"https:\/\/files.sunoresearch.com.br\/n\/uploads\/2021\/09\/suno-logo.png\",\"width\":180,\"height\":180,\"caption\":\"Suno Not\u00edcias\"},\"image\":{\"@id\":\"https:\/\/www.suno.com.br\/noticias\/#\/schema\/logo\/image\/\"},\"sameAs\":[\"https:\/\/facebook.com\/sunoresearch\",\"https:\/\/x.com\/sunoresearch\",\"https:\/\/www.instagram.com\/suno\",\"https:\/\/www.linkedin.com\/company\/suno-research\/\",\"https:\/\/www.youtube.com\/c\/sunoresearch\"]},{\"@type\":\"Person\",\"@id\":\"https:\/\/www.suno.com.br\/noticias\/#\/schema\/person\/1b24d67c140a42e864ef414497edb164\",\"name\":\"Natalia G\u00f3mez\",\"image\":{\"@type\":\"ImageObject\",\"inLanguage\":\"pt-BR\",\"@id\":\"https:\/\/www.suno.com.br\/noticias\/#\/schema\/person\/image\/\",\"url\":\"https:\/\/secure.gravatar.com\/avatar\/9e957e0b2b485c2d42c3f4145c16d940?s=96&r=g\",\"contentUrl\":\"https:\/\/secure.gravatar.com\/avatar\/9e957e0b2b485c2d42c3f4145c16d940?s=96&r=g\",\"caption\":\"Natalia G\u00f3mez\"},\"description\":\"Editora do Suno Not\u00edcias desde outubro de 2020, \u00e9 jornalista formada pela PUC-SP, com p\u00f3s-gradua\u00e7\u00e3o em jornalismo liter\u00e1rio. Atua no mercado financeiro desde 2003, quando iniciou a carreira no jornal econ\u00f4mico DCI, cobrindo o setor de alimentos no caderno de Ind\u00fastria. Foi trainee do jornal Valor Econ\u00f4mico, onde atuou no Caderno de Empresas por quase tr\u00eas anos. L\u00e1, cobriu o setor de ind\u00fastria, com foco em siderurgia, embalagens e aeroespacial. Fez coberturas setoriais em viagens para S\u00e3o Jos\u00e9 dos Campos e Franca (SP), al\u00e9m de coberturas internacionais na Alemanha e na Su\u00e9cia. Trabalhou por cinco anos na Ag\u00eancia Estado\/Broadcast, do Grupo Estado, onde foi rep\u00f3rter dos setores de minera\u00e7\u00e3o e siderurgia, alimentos e bebidas e finan\u00e7as. Foi premiada como o pr\u00eamio Destaque de Reportagem da AE em 2007 e 2008. Al\u00e9m de atuar no servi\u00e7o de not\u00edcias em tempo real, fez participa\u00e7\u00f5es no caderno de Economia do jornal Estado de S.Paulo e na R\u00e1dio Eldorado. Ainda no Grupo Estado, foi editora assistente da editoria Empresas e Setores, atuando com edi\u00e7\u00e3o e pauta, al\u00e9m de cobrir mercados diariamente com o cen\u00e1rio de bolsa e fazer reportagens especiais com foco em governan\u00e7a corporativa. Trabalhou tamb\u00e9m como correspondente de finan\u00e7as no servi\u00e7o da Thomson Reuters em portugu\u00eas por quase um ano. Atuou por cerca de oito anos como jornalista independente, contribuindo para ve\u00edculos como UOL Economia, Infomoney e Revista Voc\u00ea SA, al\u00e9m de ter trabalhado em projetos na \u00e1rea de conte\u00fado e comunica\u00e7\u00e3o de institui\u00e7\u00f5es financeiras como Anbima, Banco BS2, Banco Pine, Ita\u00fa BBA e EQI.\",\"url\":\"https:\/\/www.suno.com.br\/noticias\/author\/natalia-gomez\/\"}]}<\/script>\n<!-- \/ Yoast SEO plugin. -->","yoast_head_json":{"title":"OceanPact Servi\u00e7os Mar\u00edtimos pede registro para IPO","description":"A empresa OceanPact protocolou um pedido de oferta p\u00fablica inicial de a\u00e7\u00f5es (IPO) na CVM. Leia mais sobre os planos da OceanPact.","robots":{"index":"index","follow":"follow","max-snippet":"max-snippet:-1","max-image-preview":"max-image-preview:large","max-video-preview":"max-video-preview:-1"},"canonical":"https:\/\/www.suno.com.br\/noticias\/oceanpact-servicos-maritimos-registro-para-ipo\/","og_locale":"pt_BR","og_type":"article","og_title":"OceanPact Servi\u00e7os Mar\u00edtimos pede registro para IPO","og_description":"A empresa OceanPact protocolou um pedido de oferta p\u00fablica inicial de a\u00e7\u00f5es (IPO) na CVM. Leia mais sobre os planos da OceanPact.","og_url":"https:\/\/www.suno.com.br\/noticias\/oceanpact-servicos-maritimos-registro-para-ipo\/","og_site_name":"Suno Not\u00edcias","article_publisher":"https:\/\/facebook.com\/sunoresearch","og_image":[{"width":800,"height":500,"url":"https:\/\/files.sunoresearch.com.br\/n\/uploads\/2020\/12\/c372cc13-oceanpact.jpg","type":"image\/jpeg"}],"author":"Natalia G\u00f3mez","twitter_card":"summary_large_image","twitter_creator":"@sunoresearch","twitter_site":"@sunoresearch","twitter_misc":{"Escrito por":"Natalia G\u00f3mez","Est. tempo de leitura":"3 minutos"},"schema":{"@context":"https:\/\/schema.org","@graph":[{"@type":"NewsArticle","@id":"https:\/\/www.suno.com.br\/noticias\/oceanpact-servicos-maritimos-registro-para-ipo\/#article","isPartOf":{"@id":"https:\/\/www.suno.com.br\/noticias\/oceanpact-servicos-maritimos-registro-para-ipo\/"},"author":{"name":"Natalia G\u00f3mez","@id":"https:\/\/www.suno.com.br\/noticias\/#\/schema\/person\/1b24d67c140a42e864ef414497edb164"},"headline":"OceanPact Servi\u00e7os Mar\u00edtimos pede registro para IPO","datePublished":"2020-12-12T20:04:49+00:00","dateModified":"2021-02-18T22:57:47+00:00","mainEntityOfPage":{"@id":"https:\/\/www.suno.com.br\/noticias\/oceanpact-servicos-maritimos-registro-para-ipo\/"},"wordCount":531,"publisher":{"@id":"https:\/\/www.suno.com.br\/noticias\/#organization"},"image":{"@id":"https:\/\/www.suno.com.br\/noticias\/oceanpact-servicos-maritimos-registro-para-ipo\/#primaryimage"},"thumbnailUrl":"https:\/\/files.sunoresearch.com.br\/n\/uploads\/2020\/12\/c372cc13-oceanpact-jpg.webp","keywords":["Comiss\u00e3o de Valores Mobili\u00e1rios (CVM)","Dynamo","IPO (Oferta Inicial de A\u00e7\u00f5es)","Oceanpact (OPCT3)"],"articleSection":["Neg\u00f3cios"],"inLanguage":"pt-BR"},{"@type":"WebPage","@id":"https:\/\/www.suno.com.br\/noticias\/oceanpact-servicos-maritimos-registro-para-ipo\/","url":"https:\/\/www.suno.com.br\/noticias\/oceanpact-servicos-maritimos-registro-para-ipo\/","name":"OceanPact Servi\u00e7os Mar\u00edtimos pede registro para IPO","isPartOf":{"@id":"https:\/\/www.suno.com.br\/noticias\/#website"},"primaryImageOfPage":{"@id":"https:\/\/www.suno.com.br\/noticias\/oceanpact-servicos-maritimos-registro-para-ipo\/#primaryimage"},"image":{"@id":"https:\/\/www.suno.com.br\/noticias\/oceanpact-servicos-maritimos-registro-para-ipo\/#primaryimage"},"thumbnailUrl":"https:\/\/files.sunoresearch.com.br\/n\/uploads\/2020\/12\/c372cc13-oceanpact-jpg.webp","datePublished":"2020-12-12T20:04:49+00:00","dateModified":"2021-02-18T22:57:47+00:00","description":"A empresa OceanPact protocolou um pedido de oferta p\u00fablica inicial de a\u00e7\u00f5es (IPO) na CVM. Leia mais sobre os planos da OceanPact.","breadcrumb":{"@id":"https:\/\/www.suno.com.br\/noticias\/oceanpact-servicos-maritimos-registro-para-ipo\/#breadcrumb"},"inLanguage":"pt-BR","potentialAction":[{"@type":"ReadAction","target":["https:\/\/www.suno.com.br\/noticias\/oceanpact-servicos-maritimos-registro-para-ipo\/"]}]},{"@type":"ImageObject","inLanguage":"pt-BR","@id":"https:\/\/www.suno.com.br\/noticias\/oceanpact-servicos-maritimos-registro-para-ipo\/#primaryimage","url":"https:\/\/files.sunoresearch.com.br\/n\/uploads\/2020\/12\/c372cc13-oceanpact-jpg.webp","contentUrl":"https:\/\/files.sunoresearch.com.br\/n\/uploads\/2020\/12\/c372cc13-oceanpact-jpg.webp","width":800,"height":500,"caption":"OceanPact pede registro de IPO"},{"@type":"BreadcrumbList","@id":"https:\/\/www.suno.com.br\/noticias\/oceanpact-servicos-maritimos-registro-para-ipo\/#breadcrumb","itemListElement":[{"@type":"ListItem","position":1,"name":"Not\u00edcias","item":"https:\/\/www.suno.com.br\/noticias\/"},{"@type":"ListItem","position":2,"name":"Neg\u00f3cios","item":"https:\/\/www.suno.com.br\/noticias\/negocios\/"},{"@type":"ListItem","position":3,"name":"OceanPact Servi\u00e7os Mar\u00edtimos pede registro para IPO"}]},{"@type":"WebSite","@id":"https:\/\/www.suno.com.br\/noticias\/#website","url":"https:\/\/www.suno.com.br\/noticias\/","name":"Suno Not\u00edcias","description":"Seu portal de informa\u00e7\u00e3o sobre o mundo dos investimentos","publisher":{"@id":"https:\/\/www.suno.com.br\/noticias\/#organization"},"potentialAction":[{"@type":"SearchAction","target":{"@type":"EntryPoint","urlTemplate":"https:\/\/www.suno.com.br\/noticias\/?s={search_term_string}"},"query-input":{"@type":"PropertyValueSpecification","valueRequired":true,"valueName":"search_term_string"}}],"inLanguage":"pt-BR"},{"@type":"Organization","@id":"https:\/\/www.suno.com.br\/noticias\/#organization","name":"Suno Not\u00edcias","url":"https:\/\/www.suno.com.br\/noticias\/","logo":{"@type":"ImageObject","inLanguage":"pt-BR","@id":"https:\/\/www.suno.com.br\/noticias\/#\/schema\/logo\/image\/","url":"https:\/\/files.sunoresearch.com.br\/n\/uploads\/2021\/09\/suno-logo.png","contentUrl":"https:\/\/files.sunoresearch.com.br\/n\/uploads\/2021\/09\/suno-logo.png","width":180,"height":180,"caption":"Suno Not\u00edcias"},"image":{"@id":"https:\/\/www.suno.com.br\/noticias\/#\/schema\/logo\/image\/"},"sameAs":["https:\/\/facebook.com\/sunoresearch","https:\/\/x.com\/sunoresearch","https:\/\/www.instagram.com\/suno","https:\/\/www.linkedin.com\/company\/suno-research\/","https:\/\/www.youtube.com\/c\/sunoresearch"]},{"@type":"Person","@id":"https:\/\/www.suno.com.br\/noticias\/#\/schema\/person\/1b24d67c140a42e864ef414497edb164","name":"Natalia G\u00f3mez","image":{"@type":"ImageObject","inLanguage":"pt-BR","@id":"https:\/\/www.suno.com.br\/noticias\/#\/schema\/person\/image\/","url":"https:\/\/secure.gravatar.com\/avatar\/9e957e0b2b485c2d42c3f4145c16d940?s=96&r=g","contentUrl":"https:\/\/secure.gravatar.com\/avatar\/9e957e0b2b485c2d42c3f4145c16d940?s=96&r=g","caption":"Natalia G\u00f3mez"},"description":"Editora do Suno Not\u00edcias desde outubro de 2020, \u00e9 jornalista formada pela PUC-SP, com p\u00f3s-gradua\u00e7\u00e3o em jornalismo liter\u00e1rio. Atua no mercado financeiro desde 2003, quando iniciou a carreira no jornal econ\u00f4mico DCI, cobrindo o setor de alimentos no caderno de Ind\u00fastria. Foi trainee do jornal Valor Econ\u00f4mico, onde atuou no Caderno de Empresas por quase tr\u00eas anos. L\u00e1, cobriu o setor de ind\u00fastria, com foco em siderurgia, embalagens e aeroespacial. Fez coberturas setoriais em viagens para S\u00e3o Jos\u00e9 dos Campos e Franca (SP), al\u00e9m de coberturas internacionais na Alemanha e na Su\u00e9cia. Trabalhou por cinco anos na Ag\u00eancia Estado\/Broadcast, do Grupo Estado, onde foi rep\u00f3rter dos setores de minera\u00e7\u00e3o e siderurgia, alimentos e bebidas e finan\u00e7as. Foi premiada como o pr\u00eamio Destaque de Reportagem da AE em 2007 e 2008. Al\u00e9m de atuar no servi\u00e7o de not\u00edcias em tempo real, fez participa\u00e7\u00f5es no caderno de Economia do jornal Estado de S.Paulo e na R\u00e1dio Eldorado. Ainda no Grupo Estado, foi editora assistente da editoria Empresas e Setores, atuando com edi\u00e7\u00e3o e pauta, al\u00e9m de cobrir mercados diariamente com o cen\u00e1rio de bolsa e fazer reportagens especiais com foco em governan\u00e7a corporativa. Trabalhou tamb\u00e9m como correspondente de finan\u00e7as no servi\u00e7o da Thomson Reuters em portugu\u00eas por quase um ano. Atuou por cerca de oito anos como jornalista independente, contribuindo para ve\u00edculos como UOL Economia, Infomoney e Revista Voc\u00ea SA, al\u00e9m de ter trabalhado em projetos na \u00e1rea de conte\u00fado e comunica\u00e7\u00e3o de institui\u00e7\u00f5es financeiras como Anbima, Banco BS2, Banco Pine, Ita\u00fa BBA e EQI.","url":"https:\/\/www.suno.com.br\/noticias\/author\/natalia-gomez\/"}]}},"default_loop_html":"<div class=\"cardsPage__listCard__boxs\"><div class=\"cardsPage__listCard__boxs__img\"><a href=\"https:\/\/www.suno.com.br\/noticias\/oceanpact-servicos-maritimos-registro-para-ipo\/\"><img class=\"mask\" src=\"https:\/\/www.suno.com.br\/noticias\/wp-content\/themes\/suno\/resources\/images\/spotlight\/spotlight1img\/bg-mask.png\" alt=\"Image Mask\"\/><img src=\"https:\/\/files.sunoresearch.com.br\/n\/uploads\/2020\/12\/c372cc13-oceanpact-400x200.webp\" alt=\"OceanPact Servi\u00e7os Mar\u00edtimos pede registro para IPO\"\/><\/a><span class=\"spotlightCategory\"><a href=\"https:\/\/www.suno.com.br\/noticias\/negocios\/\">Neg\u00f3cios<\/a><\/span><\/div><div class=\"cardsPage__listCard__boxs__content\"><a href=\"https:\/\/www.suno.com.br\/noticias\/oceanpact-servicos-maritimos-registro-para-ipo\/\"><h2 class=\"content__title\">OceanPact Servi\u00e7os Mar\u00edtimos pede registro para IPO<\/h2><\/a><div class=\"newsContent__article__meta\"><div class=\"newsContent__article__meta__authorBox\"><a href=\"https:\/\/www.suno.com.br\/noticias\/author\/natalia-gomez\/\" class=\"authorBox__avatar noMobi\"><img src=\"https:\/\/secure.gravatar.com\/avatar\/9e957e0b2b485c2d42c3f4145c16d940?s=96&#038;r=g\" alt=\"Natalia G\u00f3mez\"><\/a><div class=\"authorBox__name\"><span>por\n\t\t\t<a href=\"https:\/\/www.suno.com.br\/noticias\/author\/natalia-gomez\/\"><span itemprop=\"author\">Natalia G\u00f3mez<\/span><\/a><\/span><time datetime=\"2020-12-12T17:04:49-03:00\" itemprop=\"datePublished\">12\/12\/2020 17:04<\/time><\/div><\/div><\/div><\/div><\/div>","single_layout":"posts","amp_enabled":true,"_links":{"self":[{"href":"https:\/\/www.suno.com.br\/noticias\/wp-json\/wp\/v2\/posts\/107702"}],"collection":[{"href":"https:\/\/www.suno.com.br\/noticias\/wp-json\/wp\/v2\/posts"}],"about":[{"href":"https:\/\/www.suno.com.br\/noticias\/wp-json\/wp\/v2\/types\/post"}],"author":[{"embeddable":true,"href":"https:\/\/www.suno.com.br\/noticias\/wp-json\/wp\/v2\/users\/60"}],"replies":[{"embeddable":true,"href":"https:\/\/www.suno.com.br\/noticias\/wp-json\/wp\/v2\/comments?post=107702"}],"version-history":[{"count":0,"href":"https:\/\/www.suno.com.br\/noticias\/wp-json\/wp\/v2\/posts\/107702\/revisions"}],"wp:featuredmedia":[{"embeddable":true,"href":"https:\/\/www.suno.com.br\/noticias\/wp-json\/wp\/v2\/media\/107705"}],"wp:attachment":[{"href":"https:\/\/www.suno.com.br\/noticias\/wp-json\/wp\/v2\/media?parent=107702"}],"wp:term":[{"taxonomy":"category","embeddable":true,"href":"https:\/\/www.suno.com.br\/noticias\/wp-json\/wp\/v2\/categories?post=107702"},{"taxonomy":"post_tag","embeddable":true,"href":"https:\/\/www.suno.com.br\/noticias\/wp-json\/wp\/v2\/tags?post=107702"},{"taxonomy":"suno_strategy","embeddable":true,"href":"https:\/\/www.suno.com.br\/noticias\/wp-json\/wp\/v2\/suno_strategy?post=107702"}],"curies":[{"name":"wp","href":"https:\/\/api.w.org\/{rel}","templated":true}]}}