{"id":107690,"date":"2020-12-13T16:32:48","date_gmt":"2020-12-13T19:32:48","guid":{"rendered":"https:\/\/www.suno.com.br\/noticias\/?p=107690"},"modified":"2021-05-30T19:14:08","modified_gmt":"2021-05-30T22:14:08","slug":"bradesco-bbdc4-mantem-sede-vazia-e-testa-funcionarios-para-coronavirus","status":"publish","type":"post","link":"https:\/\/www.suno.com.br\/noticias\/bradesco-bbdc4-mantem-sede-vazia-e-testa-funcionarios-para-coronavirus\/","title":{"rendered":"Bradesco (BBDC4) mant\u00e9m sede vazia e testa funcion\u00e1rios para coronav\u00edrus"},"content":{"rendered":"<p>Com 215 mil metros quadrados e acostumada a receber um p\u00fablico di\u00e1rio de 13 mil pessoas, a Cidade de Deus \u00e9 frequentada hoje por, no m\u00e1ximo, 620 funcion\u00e1rios do <a href=\"https:\/\/www.suno.com.br\/acoes\/bbdc4\/\"><strong>Bradesco<\/strong> (BBDC4)<\/a>, que se revezam na ida \u00e0 sede do banco, em Osasco, por conta da pandemia. S\u00e3o menos de 5% do habitual.<\/p>\t<div class=\"wrapper-featured-image\">\n\t\t<figure class=\"spotlightImg\">\n\n\t\t\t<picture>\n\t\t\t\t<source media=\"(max-width: 768px)\" srcset=\"https:\/\/files.sunoresearch.com.br\/n\/uploads\/2020\/09\/fb627cf8-bradesco-divulgacao-300x300-1-jpg.webp\">\n\t\t\t\t<img loading=\"lazy\" decoding=\"async\" class=\"newsContent__article__imgCapa lazyloadDisabled \" src=\"https:\/\/files.sunoresearch.com.br\/n\/uploads\/2020\/09\/fb627cf8-bradesco-divulgacao-300x300-1-jpg.webp\" width=\"800\" height=\"450\" alt=\"Bradesco (BBDC4) mant\u00e9m sede vazia e testa funcion\u00e1rios para coronav\u00edrus\" fetchpriority=high \/>\n\t\t\t<\/picture>\n\n\t\t\t<figcaption class=\"wp-caption-text wp-caption-text--show\">Bradesco (BBDC4) mant\u00e9m sede vazia e testa funcion\u00e1rios para coronav\u00edrus<\/figcaption>\n\t\t<\/figure>\n\t<\/div>\n\n\n<p><b>\u00a0\t<p>\n\t\t<a href=\"https:\/\/lp.suno.com.br\/planilha-controle-gastos\/\" target=\"_blank\" data-element=\"shortcode-suno-banner\" title=\"Banner SUNO, clique e saiba mais\">\n\t\t\t<picture>\n\t\t\t\t<source media=\"(max-width: 500px)\" srcset=\"https:\/\/files.sunoresearch.com.br\/n\/uploads\/2023\/03\/400x300-Planilha-controle-de-gastos.png\">\n\t\t\t\t<img class=\"newsContent__article__imgCapa newsContent__article__imgCapa--banner\"\n\t\t\t\t\tsrc=\"https:\/\/files.sunoresearch.com.br\/n\/uploads\/2023\/03\/1420x240-Planilha-controle-de-gastos.png\"\n\t\t\t\t\tdata-promo-id=\"101751\"\t\t\t\t\t\t\t\t\t\twidth='1420' height='240'\t\t\t\t\talt=\"https:\/\/files.sunoresearch.com.br\/n\/uploads\/2023\/03\/1420x240-Planilha-controle-de-gastos.png\"\n\t\t\t\t>\n\t\t\t<\/picture>\n\t\t<\/a>\n\t<\/p>\n\n<\/b><\/p>\n<p>Diante do repique no n\u00famero de casos do <a href=\"https:\/\/www.suno.com.br\/noticias\/search\/coronav%C3%ADrus\">coronav\u00edrus (covid-19)<\/a> no Brasil, a volta est\u00e1 descartada, por enquanto, e a situa\u00e7\u00e3o tem sido monitorada de perto pelo alto comando da institui\u00e7\u00e3o. &#8220;Temos o m\u00ednimo necess\u00e1rio&#8221;, diz a diretora executiva do Bradesco, Glaucimar Peticov, respons\u00e1vel pela \u00e1rea de Recursos Humanos.<\/p>\n<p>Em home office desde o in\u00edcio de mar\u00e7o, o Bradesco faz agora uma nova rodada de testes de sorologia para toda a sua base de funcion\u00e1rios e familiares. Ao fim de setembro, o banco contava com um quadro de 95.934 pessoas. A primeira fase de testes aconteceu em maio, auge da pandemia do novo coronav\u00edrus no Brasil. Essa teve in\u00edcio no fim de novembro e se arrastou para dezembro.<\/p>\n<p><a href=\"https:\/\/lp.suno.com.br\/suno-one\/\">Suno One: acesse gratuitamente eBooks, Minicursos, Artigos e Video Aulas sobre investimentos com um \u00fanico cadastro. Clique para saber mais!<\/a><\/p>\n<p>Com o agravamento do quadro da covid-19 no Pa\u00eds, que nem ao menos se livrou da primeira onda, as empresas engavetaram os planos de voltar ao ambiente f\u00edsico, at\u00e9 segunda ordem.<\/p>\n<p>Segundo a diretora-executiva do Bradesco, a segunda rodada de testes n\u00e3o foi estimulada pelo crescimento da taxa de contamina\u00e7\u00e3o no Pa\u00eds, ou pelo alerta dado em S\u00e3o Paulo, que voltou \u00e0 fase amarela de quarentena, mas o banco faz quest\u00e3o de saber com precis\u00e3o qual \u00e9 o impacto dessa situa\u00e7\u00e3o sobre a sua popula\u00e7\u00e3o de funcion\u00e1rios.<\/p>\n<p>Os testes de sorologia est\u00e3o sendo feitos por meio de atendimento drive thru, na rede de laborat\u00f3rios Fleury, da qual o banco det\u00e9m uma fatia no capital, por meio da <strong>Bradesco<\/strong> Seguros, e em associados por todo o Brasil. &#8220;S\u00f3 voltaremos quando a situa\u00e7\u00e3o permitir&#8221;, afirma a executiva, que torce por uma vacina dispon\u00edvel at\u00e9 fevereiro.<\/p>\n\t<p>\n\t\t<a href=\"https:\/\/lp.suno.com.br\/planilha-de-controle-de-investimentos\/\" target=\"_blank\" data-element=\"shortcode-suno-banner\" title=\"Banner SUNO, clique e saiba mais\">\n\t\t\t<picture>\n\t\t\t\t<source media=\"(max-width: 500px)\" srcset=\"https:\/\/files.sunoresearch.com.br\/n\/uploads\/2023\/03\/400x300-Controle-de-Investimentos.png\">\n\t\t\t\t<img class=\"newsContent__article__imgCapa newsContent__article__imgCapa--banner\"\n\t\t\t\t\tsrc=\"https:\/\/files.sunoresearch.com.br\/n\/uploads\/2023\/03\/1420x240-Controle-de-Investimentos.png\"\n\t\t\t\t\tdata-promo-id=\"75934\"\t\t\t\t\t\t\t\t\t\twidth='1420' height='240'\t\t\t\t\talt=\"https:\/\/files.sunoresearch.com.br\/n\/uploads\/2023\/03\/1420x240-Controle-de-Investimentos.png\"\n\t\t\t\t>\n\t\t\t<\/picture>\n\t\t<\/a>\n\t<\/p>\n\n\n","protected":false},"excerpt":{"rendered":"<p>Com 215 mil metros quadrados e acostumada a receber um p\u00fablico di\u00e1rio de 13 mil pessoas, a Cidade de Deus \u00e9 frequentada hoje por, no m\u00e1ximo, 620 funcion\u00e1rios do Bradesco (BBDC4), que se revezam na ida \u00e0 sede do banco, em Osasco, por conta da pandemia. S\u00e3o menos de 5% do habitual. Bradesco (BBDC4) mant\u00e9m [&hellip;]<\/p>\n","protected":false},"author":27,"featured_media":85775,"comment_status":"closed","ping_status":"closed","sticky":false,"template":"","format":"standard","meta":[],"categories":[64],"tags":[392,2487],"suno_strategy":[],"class_list":["post-107690","post","type-post","status-publish","format-standard","has-post-thumbnail","hentry","category-negocios","tag-bradesco-bbdc3-bbdc4","tag-coronavirus"],"yoast_head":"<!-- This site is optimized with the Yoast SEO plugin v24.4 - https:\/\/yoast.com\/wordpress\/plugins\/seo\/ -->\n<title>Bradesco (BBDC4) mant\u00e9m sede vazia e testa funcion\u00e1rios<\/title>\n<meta name=\"description\" content=\"Para Bradesco (BBDC4), a volta est\u00e1 descartada, por enquanto, e a situa\u00e7\u00e3o tem sido monitorada. Clique aqui para ler.\" \/>\n<meta name=\"robots\" content=\"index, follow, max-snippet:-1, max-image-preview:large, max-video-preview:-1\" \/>\n<link rel=\"canonical\" href=\"https:\/\/www.suno.com.br\/noticias\/bradesco-bbdc4-mantem-sede-vazia-e-testa-funcionarios-para-coronavirus\/\" \/>\n<meta property=\"og:locale\" content=\"pt_BR\" \/>\n<meta property=\"og:type\" content=\"article\" \/>\n<meta property=\"og:title\" content=\"Bradesco (BBDC4) mant\u00e9m sede vazia e testa funcion\u00e1rios\" \/>\n<meta property=\"og:description\" content=\"Para Bradesco (BBDC4), a volta est\u00e1 descartada, por enquanto, e a situa\u00e7\u00e3o tem sido monitorada. Clique aqui para ler.\" \/>\n<meta property=\"og:url\" content=\"https:\/\/www.suno.com.br\/noticias\/bradesco-bbdc4-mantem-sede-vazia-e-testa-funcionarios-para-coronavirus\/\" \/>\n<meta property=\"og:site_name\" content=\"Suno Not\u00edcias\" \/>\n<meta property=\"article:publisher\" content=\"https:\/\/facebook.com\/sunoresearch\" \/>\n<meta property=\"og:image\" content=\"https:\/\/files.sunoresearch.com.br\/n\/uploads\/2020\/09\/fb627cf8-bradesco-divulgacao-300x300-1.jpg\" \/>\n\t<meta property=\"og:image:width\" content=\"300\" \/>\n\t<meta property=\"og:image:height\" content=\"300\" \/>\n\t<meta property=\"og:image:type\" content=\"image\/jpeg\" \/>\n<meta name=\"author\" content=\"Vinicius Pereira\" \/>\n<meta name=\"twitter:card\" content=\"summary_large_image\" \/>\n<meta name=\"twitter:creator\" content=\"@https:\/\/twitter.com\/viniciuspjornal\" \/>\n<meta name=\"twitter:site\" content=\"@sunoresearch\" \/>\n<meta name=\"twitter:label1\" content=\"Escrito por\" \/>\n\t<meta name=\"twitter:data1\" content=\"Vinicius Pereira\" \/>\n\t<meta name=\"twitter:label2\" content=\"Est. tempo de leitura\" \/>\n\t<meta name=\"twitter:data2\" content=\"2 minutos\" \/>\n<script type=\"application\/ld+json\" class=\"yoast-schema-graph\">{\"@context\":\"https:\/\/schema.org\",\"@graph\":[{\"@type\":\"NewsArticle\",\"@id\":\"https:\/\/www.suno.com.br\/noticias\/bradesco-bbdc4-mantem-sede-vazia-e-testa-funcionarios-para-coronavirus\/#article\",\"isPartOf\":{\"@id\":\"https:\/\/www.suno.com.br\/noticias\/bradesco-bbdc4-mantem-sede-vazia-e-testa-funcionarios-para-coronavirus\/\"},\"author\":{\"name\":\"Vinicius Pereira\",\"@id\":\"https:\/\/www.suno.com.br\/noticias\/#\/schema\/person\/a20761b96e4df7eb57f1f9e41be1dbf3\"},\"headline\":\"Bradesco (BBDC4) mant\u00e9m sede vazia e testa funcion\u00e1rios para coronav\u00edrus\",\"datePublished\":\"2020-12-13T19:32:48+00:00\",\"dateModified\":\"2021-05-30T22:14:08+00:00\",\"mainEntityOfPage\":{\"@id\":\"https:\/\/www.suno.com.br\/noticias\/bradesco-bbdc4-mantem-sede-vazia-e-testa-funcionarios-para-coronavirus\/\"},\"wordCount\":376,\"publisher\":{\"@id\":\"https:\/\/www.suno.com.br\/noticias\/#organization\"},\"image\":{\"@id\":\"https:\/\/www.suno.com.br\/noticias\/bradesco-bbdc4-mantem-sede-vazia-e-testa-funcionarios-para-coronavirus\/#primaryimage\"},\"thumbnailUrl\":\"https:\/\/files.sunoresearch.com.br\/n\/uploads\/2020\/09\/fb627cf8-bradesco-divulgacao-300x300-1-jpg.webp\",\"keywords\":[\"Bradesco (BBDC3\/BBDC4)\",\"coronav\u00edrus\"],\"articleSection\":[\"Neg\u00f3cios\"],\"inLanguage\":\"pt-BR\"},{\"@type\":\"WebPage\",\"@id\":\"https:\/\/www.suno.com.br\/noticias\/bradesco-bbdc4-mantem-sede-vazia-e-testa-funcionarios-para-coronavirus\/\",\"url\":\"https:\/\/www.suno.com.br\/noticias\/bradesco-bbdc4-mantem-sede-vazia-e-testa-funcionarios-para-coronavirus\/\",\"name\":\"Bradesco (BBDC4) mant\u00e9m sede vazia e testa funcion\u00e1rios\",\"isPartOf\":{\"@id\":\"https:\/\/www.suno.com.br\/noticias\/#website\"},\"primaryImageOfPage\":{\"@id\":\"https:\/\/www.suno.com.br\/noticias\/bradesco-bbdc4-mantem-sede-vazia-e-testa-funcionarios-para-coronavirus\/#primaryimage\"},\"image\":{\"@id\":\"https:\/\/www.suno.com.br\/noticias\/bradesco-bbdc4-mantem-sede-vazia-e-testa-funcionarios-para-coronavirus\/#primaryimage\"},\"thumbnailUrl\":\"https:\/\/files.sunoresearch.com.br\/n\/uploads\/2020\/09\/fb627cf8-bradesco-divulgacao-300x300-1-jpg.webp\",\"datePublished\":\"2020-12-13T19:32:48+00:00\",\"dateModified\":\"2021-05-30T22:14:08+00:00\",\"description\":\"Para Bradesco (BBDC4), a volta est\u00e1 descartada, por enquanto, e a situa\u00e7\u00e3o tem sido monitorada. Clique aqui para ler.\",\"breadcrumb\":{\"@id\":\"https:\/\/www.suno.com.br\/noticias\/bradesco-bbdc4-mantem-sede-vazia-e-testa-funcionarios-para-coronavirus\/#breadcrumb\"},\"inLanguage\":\"pt-BR\",\"potentialAction\":[{\"@type\":\"ReadAction\",\"target\":[\"https:\/\/www.suno.com.br\/noticias\/bradesco-bbdc4-mantem-sede-vazia-e-testa-funcionarios-para-coronavirus\/\"]}]},{\"@type\":\"ImageObject\",\"inLanguage\":\"pt-BR\",\"@id\":\"https:\/\/www.suno.com.br\/noticias\/bradesco-bbdc4-mantem-sede-vazia-e-testa-funcionarios-para-coronavirus\/#primaryimage\",\"url\":\"https:\/\/files.sunoresearch.com.br\/n\/uploads\/2020\/09\/fb627cf8-bradesco-divulgacao-300x300-1-jpg.webp\",\"contentUrl\":\"https:\/\/files.sunoresearch.com.br\/n\/uploads\/2020\/09\/fb627cf8-bradesco-divulgacao-300x300-1-jpg.webp\",\"width\":300,\"height\":300,\"caption\":\"Bradesco (BBDC4) mant\u00e9m sede vazia e testa funcion\u00e1rios para coronav\u00edrus\"},{\"@type\":\"BreadcrumbList\",\"@id\":\"https:\/\/www.suno.com.br\/noticias\/bradesco-bbdc4-mantem-sede-vazia-e-testa-funcionarios-para-coronavirus\/#breadcrumb\",\"itemListElement\":[{\"@type\":\"ListItem\",\"position\":1,\"name\":\"Not\u00edcias\",\"item\":\"https:\/\/www.suno.com.br\/noticias\/\"},{\"@type\":\"ListItem\",\"position\":2,\"name\":\"Neg\u00f3cios\",\"item\":\"https:\/\/www.suno.com.br\/noticias\/negocios\/\"},{\"@type\":\"ListItem\",\"position\":3,\"name\":\"Bradesco (BBDC4) mant\u00e9m sede vazia e testa funcion\u00e1rios para coronav\u00edrus\"}]},{\"@type\":\"WebSite\",\"@id\":\"https:\/\/www.suno.com.br\/noticias\/#website\",\"url\":\"https:\/\/www.suno.com.br\/noticias\/\",\"name\":\"Suno Not\u00edcias\",\"description\":\"Seu portal de informa\u00e7\u00e3o sobre o mundo dos investimentos\",\"publisher\":{\"@id\":\"https:\/\/www.suno.com.br\/noticias\/#organization\"},\"potentialAction\":[{\"@type\":\"SearchAction\",\"target\":{\"@type\":\"EntryPoint\",\"urlTemplate\":\"https:\/\/www.suno.com.br\/noticias\/?s={search_term_string}\"},\"query-input\":{\"@type\":\"PropertyValueSpecification\",\"valueRequired\":true,\"valueName\":\"search_term_string\"}}],\"inLanguage\":\"pt-BR\"},{\"@type\":\"Organization\",\"@id\":\"https:\/\/www.suno.com.br\/noticias\/#organization\",\"name\":\"Suno Not\u00edcias\",\"url\":\"https:\/\/www.suno.com.br\/noticias\/\",\"logo\":{\"@type\":\"ImageObject\",\"inLanguage\":\"pt-BR\",\"@id\":\"https:\/\/www.suno.com.br\/noticias\/#\/schema\/logo\/image\/\",\"url\":\"https:\/\/files.sunoresearch.com.br\/n\/uploads\/2021\/09\/suno-logo.png\",\"contentUrl\":\"https:\/\/files.sunoresearch.com.br\/n\/uploads\/2021\/09\/suno-logo.png\",\"width\":180,\"height\":180,\"caption\":\"Suno Not\u00edcias\"},\"image\":{\"@id\":\"https:\/\/www.suno.com.br\/noticias\/#\/schema\/logo\/image\/\"},\"sameAs\":[\"https:\/\/facebook.com\/sunoresearch\",\"https:\/\/x.com\/sunoresearch\",\"https:\/\/www.instagram.com\/suno\",\"https:\/\/www.linkedin.com\/company\/suno-research\/\",\"https:\/\/www.youtube.com\/c\/sunoresearch\"]},{\"@type\":\"Person\",\"@id\":\"https:\/\/www.suno.com.br\/noticias\/#\/schema\/person\/a20761b96e4df7eb57f1f9e41be1dbf3\",\"name\":\"Vinicius Pereira\",\"image\":{\"@type\":\"ImageObject\",\"inLanguage\":\"pt-BR\",\"@id\":\"https:\/\/www.suno.com.br\/noticias\/#\/schema\/person\/image\/\",\"url\":\"https:\/\/secure.gravatar.com\/avatar\/783866b933198f5cc4c5d03fcc8b1301?s=96&r=g\",\"contentUrl\":\"https:\/\/secure.gravatar.com\/avatar\/783866b933198f5cc4c5d03fcc8b1301?s=96&r=g\",\"caption\":\"Vinicius Pereira\"},\"description\":\"Vinicius Pereira foi rep\u00f3rter de economia da Folha de S.Paulo, stringer do jornal no Canad\u00e1 e colaborador de VEJA. J\u00e1 escreveu tamb\u00e9m para BBC Brasil, The Intercept Brasil e UOL. Tem MBA em Informa\u00e7\u00f5es Econ\u00f4mico-Financeiras e Mercado de Capitais pela FIA\/B3.\",\"sameAs\":[\"https:\/\/x.com\/https:\/\/twitter.com\/viniciuspjornal\"],\"url\":\"https:\/\/www.suno.com.br\/noticias\/author\/vinicius-pereira\/\"}]}<\/script>\n<!-- \/ Yoast SEO plugin. -->","yoast_head_json":{"title":"Bradesco (BBDC4) mant\u00e9m sede vazia e testa funcion\u00e1rios","description":"Para Bradesco (BBDC4), a volta est\u00e1 descartada, por enquanto, e a situa\u00e7\u00e3o tem sido monitorada. Clique aqui para ler.","robots":{"index":"index","follow":"follow","max-snippet":"max-snippet:-1","max-image-preview":"max-image-preview:large","max-video-preview":"max-video-preview:-1"},"canonical":"https:\/\/www.suno.com.br\/noticias\/bradesco-bbdc4-mantem-sede-vazia-e-testa-funcionarios-para-coronavirus\/","og_locale":"pt_BR","og_type":"article","og_title":"Bradesco (BBDC4) mant\u00e9m sede vazia e testa funcion\u00e1rios","og_description":"Para Bradesco (BBDC4), a volta est\u00e1 descartada, por enquanto, e a situa\u00e7\u00e3o tem sido monitorada. Clique aqui para ler.","og_url":"https:\/\/www.suno.com.br\/noticias\/bradesco-bbdc4-mantem-sede-vazia-e-testa-funcionarios-para-coronavirus\/","og_site_name":"Suno Not\u00edcias","article_publisher":"https:\/\/facebook.com\/sunoresearch","og_image":[{"width":300,"height":300,"url":"https:\/\/files.sunoresearch.com.br\/n\/uploads\/2020\/09\/fb627cf8-bradesco-divulgacao-300x300-1.jpg","type":"image\/jpeg"}],"author":"Vinicius Pereira","twitter_card":"summary_large_image","twitter_creator":"@https:\/\/twitter.com\/viniciuspjornal","twitter_site":"@sunoresearch","twitter_misc":{"Escrito por":"Vinicius Pereira","Est. tempo de leitura":"2 minutos"},"schema":{"@context":"https:\/\/schema.org","@graph":[{"@type":"NewsArticle","@id":"https:\/\/www.suno.com.br\/noticias\/bradesco-bbdc4-mantem-sede-vazia-e-testa-funcionarios-para-coronavirus\/#article","isPartOf":{"@id":"https:\/\/www.suno.com.br\/noticias\/bradesco-bbdc4-mantem-sede-vazia-e-testa-funcionarios-para-coronavirus\/"},"author":{"name":"Vinicius Pereira","@id":"https:\/\/www.suno.com.br\/noticias\/#\/schema\/person\/a20761b96e4df7eb57f1f9e41be1dbf3"},"headline":"Bradesco (BBDC4) mant\u00e9m sede vazia e testa funcion\u00e1rios para coronav\u00edrus","datePublished":"2020-12-13T19:32:48+00:00","dateModified":"2021-05-30T22:14:08+00:00","mainEntityOfPage":{"@id":"https:\/\/www.suno.com.br\/noticias\/bradesco-bbdc4-mantem-sede-vazia-e-testa-funcionarios-para-coronavirus\/"},"wordCount":376,"publisher":{"@id":"https:\/\/www.suno.com.br\/noticias\/#organization"},"image":{"@id":"https:\/\/www.suno.com.br\/noticias\/bradesco-bbdc4-mantem-sede-vazia-e-testa-funcionarios-para-coronavirus\/#primaryimage"},"thumbnailUrl":"https:\/\/files.sunoresearch.com.br\/n\/uploads\/2020\/09\/fb627cf8-bradesco-divulgacao-300x300-1-jpg.webp","keywords":["Bradesco (BBDC3\/BBDC4)","coronav\u00edrus"],"articleSection":["Neg\u00f3cios"],"inLanguage":"pt-BR"},{"@type":"WebPage","@id":"https:\/\/www.suno.com.br\/noticias\/bradesco-bbdc4-mantem-sede-vazia-e-testa-funcionarios-para-coronavirus\/","url":"https:\/\/www.suno.com.br\/noticias\/bradesco-bbdc4-mantem-sede-vazia-e-testa-funcionarios-para-coronavirus\/","name":"Bradesco (BBDC4) mant\u00e9m sede vazia e testa funcion\u00e1rios","isPartOf":{"@id":"https:\/\/www.suno.com.br\/noticias\/#website"},"primaryImageOfPage":{"@id":"https:\/\/www.suno.com.br\/noticias\/bradesco-bbdc4-mantem-sede-vazia-e-testa-funcionarios-para-coronavirus\/#primaryimage"},"image":{"@id":"https:\/\/www.suno.com.br\/noticias\/bradesco-bbdc4-mantem-sede-vazia-e-testa-funcionarios-para-coronavirus\/#primaryimage"},"thumbnailUrl":"https:\/\/files.sunoresearch.com.br\/n\/uploads\/2020\/09\/fb627cf8-bradesco-divulgacao-300x300-1-jpg.webp","datePublished":"2020-12-13T19:32:48+00:00","dateModified":"2021-05-30T22:14:08+00:00","description":"Para Bradesco (BBDC4), a volta est\u00e1 descartada, por enquanto, e a situa\u00e7\u00e3o tem sido monitorada. Clique aqui para ler.","breadcrumb":{"@id":"https:\/\/www.suno.com.br\/noticias\/bradesco-bbdc4-mantem-sede-vazia-e-testa-funcionarios-para-coronavirus\/#breadcrumb"},"inLanguage":"pt-BR","potentialAction":[{"@type":"ReadAction","target":["https:\/\/www.suno.com.br\/noticias\/bradesco-bbdc4-mantem-sede-vazia-e-testa-funcionarios-para-coronavirus\/"]}]},{"@type":"ImageObject","inLanguage":"pt-BR","@id":"https:\/\/www.suno.com.br\/noticias\/bradesco-bbdc4-mantem-sede-vazia-e-testa-funcionarios-para-coronavirus\/#primaryimage","url":"https:\/\/files.sunoresearch.com.br\/n\/uploads\/2020\/09\/fb627cf8-bradesco-divulgacao-300x300-1-jpg.webp","contentUrl":"https:\/\/files.sunoresearch.com.br\/n\/uploads\/2020\/09\/fb627cf8-bradesco-divulgacao-300x300-1-jpg.webp","width":300,"height":300,"caption":"Bradesco (BBDC4) mant\u00e9m sede vazia e testa funcion\u00e1rios para coronav\u00edrus"},{"@type":"BreadcrumbList","@id":"https:\/\/www.suno.com.br\/noticias\/bradesco-bbdc4-mantem-sede-vazia-e-testa-funcionarios-para-coronavirus\/#breadcrumb","itemListElement":[{"@type":"ListItem","position":1,"name":"Not\u00edcias","item":"https:\/\/www.suno.com.br\/noticias\/"},{"@type":"ListItem","position":2,"name":"Neg\u00f3cios","item":"https:\/\/www.suno.com.br\/noticias\/negocios\/"},{"@type":"ListItem","position":3,"name":"Bradesco (BBDC4) mant\u00e9m sede vazia e testa funcion\u00e1rios para coronav\u00edrus"}]},{"@type":"WebSite","@id":"https:\/\/www.suno.com.br\/noticias\/#website","url":"https:\/\/www.suno.com.br\/noticias\/","name":"Suno Not\u00edcias","description":"Seu portal de informa\u00e7\u00e3o sobre o mundo dos investimentos","publisher":{"@id":"https:\/\/www.suno.com.br\/noticias\/#organization"},"potentialAction":[{"@type":"SearchAction","target":{"@type":"EntryPoint","urlTemplate":"https:\/\/www.suno.com.br\/noticias\/?s={search_term_string}"},"query-input":{"@type":"PropertyValueSpecification","valueRequired":true,"valueName":"search_term_string"}}],"inLanguage":"pt-BR"},{"@type":"Organization","@id":"https:\/\/www.suno.com.br\/noticias\/#organization","name":"Suno Not\u00edcias","url":"https:\/\/www.suno.com.br\/noticias\/","logo":{"@type":"ImageObject","inLanguage":"pt-BR","@id":"https:\/\/www.suno.com.br\/noticias\/#\/schema\/logo\/image\/","url":"https:\/\/files.sunoresearch.com.br\/n\/uploads\/2021\/09\/suno-logo.png","contentUrl":"https:\/\/files.sunoresearch.com.br\/n\/uploads\/2021\/09\/suno-logo.png","width":180,"height":180,"caption":"Suno Not\u00edcias"},"image":{"@id":"https:\/\/www.suno.com.br\/noticias\/#\/schema\/logo\/image\/"},"sameAs":["https:\/\/facebook.com\/sunoresearch","https:\/\/x.com\/sunoresearch","https:\/\/www.instagram.com\/suno","https:\/\/www.linkedin.com\/company\/suno-research\/","https:\/\/www.youtube.com\/c\/sunoresearch"]},{"@type":"Person","@id":"https:\/\/www.suno.com.br\/noticias\/#\/schema\/person\/a20761b96e4df7eb57f1f9e41be1dbf3","name":"Vinicius Pereira","image":{"@type":"ImageObject","inLanguage":"pt-BR","@id":"https:\/\/www.suno.com.br\/noticias\/#\/schema\/person\/image\/","url":"https:\/\/secure.gravatar.com\/avatar\/783866b933198f5cc4c5d03fcc8b1301?s=96&r=g","contentUrl":"https:\/\/secure.gravatar.com\/avatar\/783866b933198f5cc4c5d03fcc8b1301?s=96&r=g","caption":"Vinicius Pereira"},"description":"Vinicius Pereira foi rep\u00f3rter de economia da Folha de S.Paulo, stringer do jornal no Canad\u00e1 e colaborador de VEJA. J\u00e1 escreveu tamb\u00e9m para BBC Brasil, The Intercept Brasil e UOL. Tem MBA em Informa\u00e7\u00f5es Econ\u00f4mico-Financeiras e Mercado de Capitais pela FIA\/B3.","sameAs":["https:\/\/x.com\/https:\/\/twitter.com\/viniciuspjornal"],"url":"https:\/\/www.suno.com.br\/noticias\/author\/vinicius-pereira\/"}]}},"default_loop_html":"<div class=\"cardsPage__listCard__boxs\"><div class=\"cardsPage__listCard__boxs__img\"><a href=\"https:\/\/www.suno.com.br\/noticias\/bradesco-bbdc4-mantem-sede-vazia-e-testa-funcionarios-para-coronavirus\/\"><img class=\"mask\" src=\"https:\/\/www.suno.com.br\/noticias\/wp-content\/themes\/suno\/resources\/images\/spotlight\/spotlight1img\/bg-mask.png\" alt=\"Image Mask\"\/><img src=\"https:\/\/files.sunoresearch.com.br\/n\/uploads\/2020\/09\/fb627cf8-bradesco-divulgacao-300x300-1-jpg.webp\" alt=\"Bradesco (BBDC4) mant\u00e9m sede vazia e testa funcion\u00e1rios para coronav\u00edrus\"\/><\/a><span class=\"spotlightCategory\"><a href=\"https:\/\/www.suno.com.br\/noticias\/negocios\/\">Neg\u00f3cios<\/a><\/span><\/div><div class=\"cardsPage__listCard__boxs__content\"><a href=\"https:\/\/www.suno.com.br\/noticias\/bradesco-bbdc4-mantem-sede-vazia-e-testa-funcionarios-para-coronavirus\/\"><h2 class=\"content__title\">Bradesco (BBDC4) mant\u00e9m sede vazia e testa funcion\u00e1rios para coronav\u00edrus<\/h2><\/a><div class=\"newsContent__article__meta\"><div class=\"newsContent__article__meta__authorBox\"><a href=\"https:\/\/www.suno.com.br\/noticias\/author\/vinicius-pereira\/\" class=\"authorBox__avatar noMobi\"><img src=\"https:\/\/files.sunoresearch.com.br\/n\/uploads\/2020\/08\/77510613-whatsapp-image-2020-08-03-at-13.40.40-150x150.webp\" alt=\"Vinicius Pereira\"><\/a><div class=\"authorBox__name\"><span>por\n\t\t\t<a href=\"https:\/\/www.suno.com.br\/noticias\/author\/vinicius-pereira\/\"><span itemprop=\"author\">Vinicius Pereira<\/span><\/a><\/span><time datetime=\"2020-12-13T16:32:48-03:00\" itemprop=\"datePublished\">13\/12\/2020 16:32<\/time><\/div><\/div><\/div><\/div><\/div>","single_layout":"posts","amp_enabled":true,"_links":{"self":[{"href":"https:\/\/www.suno.com.br\/noticias\/wp-json\/wp\/v2\/posts\/107690"}],"collection":[{"href":"https:\/\/www.suno.com.br\/noticias\/wp-json\/wp\/v2\/posts"}],"about":[{"href":"https:\/\/www.suno.com.br\/noticias\/wp-json\/wp\/v2\/types\/post"}],"author":[{"embeddable":true,"href":"https:\/\/www.suno.com.br\/noticias\/wp-json\/wp\/v2\/users\/27"}],"replies":[{"embeddable":true,"href":"https:\/\/www.suno.com.br\/noticias\/wp-json\/wp\/v2\/comments?post=107690"}],"version-history":[{"count":1,"href":"https:\/\/www.suno.com.br\/noticias\/wp-json\/wp\/v2\/posts\/107690\/revisions"}],"predecessor-version":[{"id":152537,"href":"https:\/\/www.suno.com.br\/noticias\/wp-json\/wp\/v2\/posts\/107690\/revisions\/152537"}],"wp:featuredmedia":[{"embeddable":true,"href":"https:\/\/www.suno.com.br\/noticias\/wp-json\/wp\/v2\/media\/85775"}],"wp:attachment":[{"href":"https:\/\/www.suno.com.br\/noticias\/wp-json\/wp\/v2\/media?parent=107690"}],"wp:term":[{"taxonomy":"category","embeddable":true,"href":"https:\/\/www.suno.com.br\/noticias\/wp-json\/wp\/v2\/categories?post=107690"},{"taxonomy":"post_tag","embeddable":true,"href":"https:\/\/www.suno.com.br\/noticias\/wp-json\/wp\/v2\/tags?post=107690"},{"taxonomy":"suno_strategy","embeddable":true,"href":"https:\/\/www.suno.com.br\/noticias\/wp-json\/wp\/v2\/suno_strategy?post=107690"}],"curies":[{"name":"wp","href":"https:\/\/api.w.org\/{rel}","templated":true}]}}