{"id":107516,"date":"2020-12-11T17:12:16","date_gmt":"2020-12-11T20:12:16","guid":{"rendered":"https:\/\/www.suno.com.br\/noticias\/?p=107516"},"modified":"2021-06-13T23:28:47","modified_gmt":"2021-06-14T02:28:47","slug":"dolar-sobe-mas-tem-queda-semana-11122020","status":"publish","type":"post","link":"https:\/\/www.suno.com.br\/noticias\/dolar-sobe-mas-tem-queda-semana-11122020\/","title":{"rendered":"D\u00f3lar sobe 0,163%, a R$ 5,0461, mas fecha 4\u00aa semana seguida de queda"},"content":{"rendered":"<p>O <a href=\"https:\/\/www.suno.com.br\/artigos\/dolar\/\"><strong>d\u00f3lar<\/strong> hoje<\/a> colocou uma pausa no movimento de queda observado nas sess\u00f5es anteriores e fechou esta sexta-feira (11) em leve alta de 0,163%, cotado a R$ 5,0461, o que n\u00e3o o impediu de estampar a quarta seguida de perdas.<\/p>\t<div class=\"wrapper-featured-image\">\n\t\t<figure class=\"spotlightImg\">\n\n\t\t\t<picture>\n\t\t\t\t<source media=\"(max-width: 768px)\" srcset=\"https:\/\/files.sunoresearch.com.br\/n\/uploads\/2020\/10\/e1c128ff-dolarr-1-400x200.webp\">\n\t\t\t\t<img loading=\"lazy\" decoding=\"async\" class=\"newsContent__article__imgCapa lazyloadDisabled \" src=\"https:\/\/files.sunoresearch.com.br\/n\/uploads\/2020\/10\/e1c128ff-dolarr-1-jpg.webp\" width=\"800\" height=\"450\" alt=\"D\u00f3lar sobe 0,163%, a R$ 5,0461, mas fecha 4\u00aa semana seguida de queda\" fetchpriority=high \/>\n\t\t\t<\/picture>\n\n\t\t\t<figcaption class=\"wp-caption-text wp-caption-text--show\">Na \u00faltima sess\u00e3o, o d\u00f3lar caiu 2,597%, a R$ 5,0379.<\/figcaption>\n\t\t<\/figure>\n\t<\/div>\n\n\n\t<p>\n\t\t<a href=\"https:\/\/lp.suno.com.br\/planilha-controle-gastos\/\" target=\"_blank\" data-element=\"shortcode-suno-banner\" title=\"Banner SUNO, clique e saiba mais\">\n\t\t\t<picture>\n\t\t\t\t<source media=\"(max-width: 500px)\" srcset=\"https:\/\/files.sunoresearch.com.br\/n\/uploads\/2023\/03\/400x300-Planilha-controle-de-gastos.png\">\n\t\t\t\t<img class=\"newsContent__article__imgCapa newsContent__article__imgCapa--banner\"\n\t\t\t\t\tsrc=\"https:\/\/files.sunoresearch.com.br\/n\/uploads\/2023\/03\/1420x240-Planilha-controle-de-gastos.png\"\n\t\t\t\t\tdata-promo-id=\"101751\"\t\t\t\t\t\t\t\t\t\twidth='1420' height='240'\t\t\t\t\talt=\"https:\/\/files.sunoresearch.com.br\/n\/uploads\/2023\/03\/1420x240-Planilha-controle-de-gastos.png\"\n\t\t\t\t>\n\t\t\t<\/picture>\n\t\t<\/a>\n\t<\/p>\n\n\n<p>O <strong>d\u00f3lar hoje<\/strong> acompanhou o movimento no exterior de corre\u00e7\u00e3o, com os investidores migrando para ativos de mais seguran\u00e7a, ap\u00f3s um forte tombo ontem, que levou a moeda americana a m\u00ednimas em seis meses no Brasil.<\/p>\n<p>Apesar disso, a divisa anotou a quarta semana consecutiva de desvaloriza\u00e7\u00e3o, caindo 1,51%. Em dezembro, a moeda acumula um recuo de 5,59%, enquanto no ano a valoriza\u00e7\u00e3o \u00e9 de 25,78%.<\/p>\n<p><a href=\"https:\/\/lp.suno.com.br\/suno-one\/\">Suno One: acesse gratuitamente eBooks, Minicursos, Artigos e Video Aulas sobre investimentos com um \u00fanico cadastro. Clique para saber mais!<\/a><\/p>\n<p>Al\u00e9m disso, vejas as not\u00edcias que mexeram com a <strong>cota\u00e7\u00e3o do d\u00f3lar hoje:<\/strong><\/p>\n<ul>\n<li>Volume de servi\u00e7os prestados sobe 1,7% em outubro ante setembro<\/li>\n<li>Nos EUA, PPI sobe 0,1% em novembro<\/li>\n<li>Acordo p\u00f3s-Brexit pode n\u00e3o ocorrer<\/li>\n<li>Pandemia faz turismo ter preju\u00edzo de R$ 245,5 bi de mar\u00e7o a novembro<\/li>\n<\/ul>\n<h2>Volume de servi\u00e7os<\/h2>\n<p>O <a href=\"https:\/\/www.suno.com.br\/artigos\/ibge\/\">Instituto Brasileiro de Geografia e Estat\u00edstica (IBGE)<\/a> informou que o <strong>volume de servi\u00e7os<\/strong> prestados subiu 1,7% em outubro ante setembro, na s\u00e9rie com ajuste sazonal.<\/p>\n<p>Na compara\u00e7\u00e3o com outubro do ano anterior, houve redu\u00e7\u00e3o de 7,4% no mesmo m\u00eas em 2020, j\u00e1 descontado o efeito da <a href=\"https:\/\/www.suno.com.br\/artigos\/inflacao\/\">infla\u00e7\u00e3o<\/a>. A taxa acumulada no ano foi de uma queda de 8,7%. Em 12 meses, os servi\u00e7os acumulam queda de 6,8%.<\/p>\n\t<div data-element=\"shortcode-read-more\" class=\"knowMore\">\n\t\t\t\t<span class=\"knowMore__title\">Saiba mais<\/span>\n\t\t\t\t<a class=\"knowMore__link\" href=\"https:\/\/www.suno.com.br\/noticias\/volume-servicos-sobe-outubro-ante-setembro\/\">\n\t\t\tIBGE: Volume de servi\u00e7os prestados sobe 1,7% em outubro ante setembro\t\t<\/a>\n\t<\/div>\n\n\n<p>A receita bruta nominal do setor de servi\u00e7os subiu 2,4% em outubro ante setembro. Na compara\u00e7\u00e3o com outubro de 2019, houve recuo de 6,8% na receita nominal, segundo o instituto.<\/p>\n<h2>PPI nos EUA<\/h2>\n<p>O \u00edndice de pre\u00e7os ao produtor (<strong>PPI<\/strong>, na sigla em ingl\u00eas) dos <strong>Estados Unidos<\/strong> subiu 0,1% em novembro ante outubro, segundo dados com ajustes sazonais publicados pelo Departamento do Trabalho americano. O resultado veio em linha com a previs\u00e3o dos analistas.<\/p>\n<p>O n\u00facleo do PPI, que exclui os vol\u00e1teis pre\u00e7os de alimentos e energia, avan\u00e7ou 0,1% na compara\u00e7\u00e3o mensal de novembro. Neste caso, a proje\u00e7\u00e3o do mercado era de alta de 0,2%.<\/p>\n<h2>Possibilidade de acordo p\u00f3s-Brexit<\/h2>\n<p>As negocia\u00e7\u00f5es com o <strong>Reino Unido<\/strong> para um <a href=\"https:\/\/www.suno.com.br\/artigos\/acordo-comercial\/\">acordo comercial<\/a> &#8220;continuam distantes em quest\u00f5es fundamentais&#8221;, como o uso das \u00e1guas de pesca brit\u00e2nicas e a forma de estabelecer uma competi\u00e7\u00e3o justa entre as empresas de ambos os lados, afirmou a presidente da Comiss\u00e3o Europeia, Ursula von der Leyen.<\/p>\n<p>De acordo com Von der Leyen, no domingo, l\u00edderes de ambos os lados ir\u00e3o decidir se h\u00e1 condi\u00e7\u00f5es para um acordo.<\/p>\n<h2>Pandemia sobre o turismo<\/h2>\n<p>O <strong>turismo<\/strong> registrou um preju\u00edzo de R$ 245,5 bilh\u00f5es desde o agravamento dos casos do v\u00edrus, em mar\u00e7o deste ano. Atualmente, o setor opera com apenas 39% da sua capacidade mensal de gera\u00e7\u00e3o de receitas, calcula a Confedera\u00e7\u00e3o Nacional do Com\u00e9rcio de Bens, Servi\u00e7os e Turismo (<strong>CNC<\/strong>).<\/p>\n<p>As perdas mensais de faturamento do turismo brasileiro cresceram de R$ 13,38 bilh\u00f5es em mar\u00e7o para R$ 36,94 bilh\u00f5es em abril, at\u00e9 o pico de R$ 37,47 bilh\u00f5es em maio. Houve melhora discreta desde ent\u00e3o, descendo a R$ 34,18 bilh\u00f5es em junho, R$ 31,87 bilh\u00f5es em julho, R$ 29,02 bilh\u00f5es em agosto, R$ 24,98 bilh\u00f5es em setembro, R$ 20,73 bilh\u00f5es em outubro e R$ 16,91 bilh\u00f5es em novembro.<\/p>\n<h2>\u00daltima cota\u00e7\u00e3o do d\u00f3lar<\/h2>\n<p>Ao contr\u00e1rio do <strong>d\u00f3lar hoje<\/strong>, a moeda americana encerrou a sess\u00e3o da \u00faltima quinta-feira (10) em queda de 2,597%, cotada a R$ 5,0379.<\/p>\n<p><em>(Com informa\u00e7\u00f5es do Estad\u00e3o Conte\u00fado)<\/em><\/p>\n\t<p>\n\t\t<a href=\"https:\/\/lp.suno.com.br\/planilha-de-controle-de-investimentos\/\" target=\"_blank\" data-element=\"shortcode-suno-banner\" title=\"Banner SUNO, clique e saiba mais\">\n\t\t\t<picture>\n\t\t\t\t<source media=\"(max-width: 500px)\" srcset=\"https:\/\/files.sunoresearch.com.br\/n\/uploads\/2023\/03\/400x300-Controle-de-Investimentos.png\">\n\t\t\t\t<img class=\"newsContent__article__imgCapa newsContent__article__imgCapa--banner\"\n\t\t\t\t\tsrc=\"https:\/\/files.sunoresearch.com.br\/n\/uploads\/2023\/03\/1420x240-Controle-de-Investimentos.png\"\n\t\t\t\t\tdata-promo-id=\"75934\"\t\t\t\t\t\t\t\t\t\twidth='1420' height='240'\t\t\t\t\talt=\"https:\/\/files.sunoresearch.com.br\/n\/uploads\/2023\/03\/1420x240-Controle-de-Investimentos.png\"\n\t\t\t\t>\n\t\t\t<\/picture>\n\t\t<\/a>\n\t<\/p>\n\n\n","protected":false},"excerpt":{"rendered":"<p>O d\u00f3lar hoje colocou uma pausa no movimento de queda observado nas sess\u00f5es anteriores e fechou esta sexta-feira (11) em leve alta de 0,163%, cotado a R$ 5,0461, o que n\u00e3o o impediu de estampar a quarta seguida de perdas. Na \u00faltima sess\u00e3o, o d\u00f3lar caiu 2,597%, a R$ 5,0379. O d\u00f3lar hoje acompanhou o [&hellip;]<\/p>\n","protected":false},"author":35,"featured_media":91483,"comment_status":"closed","ping_status":"closed","sticky":false,"template":"","format":"standard","meta":[],"categories":[60],"tags":[753,1289,326,793],"suno_strategy":[],"class_list":["post-107516","post","type-post","status-publish","format-standard","has-post-thumbnail","hentry","category-mercado","tag-brexit","tag-cnc","tag-dolar","tag-estados-unidos-eua"],"yoast_head":"<!-- This site is optimized with the Yoast SEO plugin v24.4 - https:\/\/yoast.com\/wordpress\/plugins\/seo\/ -->\n<title>D\u00f3lar sobe 0,163%, a R$ 5,0461, mas fecha 4\u00aa semana seguida de queda<\/title>\n<meta name=\"description\" content=\"O d\u00f3lar hoje encerrou esta sexta-feira (11) em leve alta de 0,163%, cotado a R$ 5,0461. Confira como fechou a moeda americana na semana.\" \/>\n<meta name=\"robots\" content=\"index, follow, max-snippet:-1, max-image-preview:large, max-video-preview:-1\" \/>\n<link rel=\"canonical\" href=\"https:\/\/www.suno.com.br\/noticias\/dolar-sobe-mas-tem-queda-semana-11122020\/\" \/>\n<meta property=\"og:locale\" content=\"pt_BR\" \/>\n<meta property=\"og:type\" content=\"article\" \/>\n<meta property=\"og:title\" content=\"D\u00f3lar sobe 0,163%, a R$ 5,0461, mas fecha 4\u00aa semana seguida de queda\" \/>\n<meta property=\"og:description\" content=\"O d\u00f3lar hoje encerrou esta sexta-feira (11) em leve alta de 0,163%, cotado a R$ 5,0461. Confira como fechou a moeda americana na semana.\" \/>\n<meta property=\"og:url\" content=\"https:\/\/www.suno.com.br\/noticias\/dolar-sobe-mas-tem-queda-semana-11122020\/\" \/>\n<meta property=\"og:site_name\" content=\"Suno Not\u00edcias\" \/>\n<meta property=\"article:publisher\" content=\"https:\/\/facebook.com\/sunoresearch\" \/>\n<meta property=\"og:image\" content=\"https:\/\/files.sunoresearch.com.br\/n\/uploads\/2020\/10\/e1c128ff-dolarr-1.jpg\" \/>\n\t<meta property=\"og:image:width\" content=\"640\" \/>\n\t<meta property=\"og:image:height\" content=\"370\" \/>\n\t<meta property=\"og:image:type\" content=\"image\/jpeg\" \/>\n<meta name=\"author\" content=\"Arthur Guimar\u00e3es\" \/>\n<meta name=\"twitter:card\" content=\"summary_large_image\" \/>\n<meta name=\"twitter:creator\" content=\"@sunoresearch\" \/>\n<meta name=\"twitter:site\" content=\"@sunoresearch\" \/>\n<meta name=\"twitter:label1\" content=\"Escrito por\" \/>\n\t<meta name=\"twitter:data1\" content=\"Arthur Guimar\u00e3es\" \/>\n\t<meta name=\"twitter:label2\" content=\"Est. tempo de leitura\" \/>\n\t<meta name=\"twitter:data2\" content=\"3 minutos\" \/>\n<script type=\"application\/ld+json\" class=\"yoast-schema-graph\">{\"@context\":\"https:\/\/schema.org\",\"@graph\":[{\"@type\":\"NewsArticle\",\"@id\":\"https:\/\/www.suno.com.br\/noticias\/dolar-sobe-mas-tem-queda-semana-11122020\/#article\",\"isPartOf\":{\"@id\":\"https:\/\/www.suno.com.br\/noticias\/dolar-sobe-mas-tem-queda-semana-11122020\/\"},\"author\":{\"name\":\"Arthur Guimar\u00e3es\",\"@id\":\"https:\/\/www.suno.com.br\/noticias\/#\/schema\/person\/053a750a709a263919a20f976caae91c\"},\"headline\":\"D\u00f3lar sobe 0,163%, a R$ 5,0461, mas fecha 4\u00aa semana seguida de queda\",\"datePublished\":\"2020-12-11T20:12:16+00:00\",\"dateModified\":\"2021-06-14T02:28:47+00:00\",\"mainEntityOfPage\":{\"@id\":\"https:\/\/www.suno.com.br\/noticias\/dolar-sobe-mas-tem-queda-semana-11122020\/\"},\"wordCount\":637,\"publisher\":{\"@id\":\"https:\/\/www.suno.com.br\/noticias\/#organization\"},\"image\":{\"@id\":\"https:\/\/www.suno.com.br\/noticias\/dolar-sobe-mas-tem-queda-semana-11122020\/#primaryimage\"},\"thumbnailUrl\":\"https:\/\/files.sunoresearch.com.br\/n\/uploads\/2020\/10\/e1c128ff-dolarr-1-jpg.webp\",\"keywords\":[\"Brexit\",\"CNC\",\"d\u00f3lar\",\"Estados Unidos (EUA)\"],\"articleSection\":[\"Mercado\"],\"inLanguage\":\"pt-BR\"},{\"@type\":\"WebPage\",\"@id\":\"https:\/\/www.suno.com.br\/noticias\/dolar-sobe-mas-tem-queda-semana-11122020\/\",\"url\":\"https:\/\/www.suno.com.br\/noticias\/dolar-sobe-mas-tem-queda-semana-11122020\/\",\"name\":\"D\u00f3lar sobe 0,163%, a R$ 5,0461, mas fecha 4\u00aa semana seguida de queda\",\"isPartOf\":{\"@id\":\"https:\/\/www.suno.com.br\/noticias\/#website\"},\"primaryImageOfPage\":{\"@id\":\"https:\/\/www.suno.com.br\/noticias\/dolar-sobe-mas-tem-queda-semana-11122020\/#primaryimage\"},\"image\":{\"@id\":\"https:\/\/www.suno.com.br\/noticias\/dolar-sobe-mas-tem-queda-semana-11122020\/#primaryimage\"},\"thumbnailUrl\":\"https:\/\/files.sunoresearch.com.br\/n\/uploads\/2020\/10\/e1c128ff-dolarr-1-jpg.webp\",\"datePublished\":\"2020-12-11T20:12:16+00:00\",\"dateModified\":\"2021-06-14T02:28:47+00:00\",\"description\":\"O d\u00f3lar hoje encerrou esta sexta-feira (11) em leve alta de 0,163%, cotado a R$ 5,0461. Confira como fechou a moeda americana na semana.\",\"breadcrumb\":{\"@id\":\"https:\/\/www.suno.com.br\/noticias\/dolar-sobe-mas-tem-queda-semana-11122020\/#breadcrumb\"},\"inLanguage\":\"pt-BR\",\"potentialAction\":[{\"@type\":\"ReadAction\",\"target\":[\"https:\/\/www.suno.com.br\/noticias\/dolar-sobe-mas-tem-queda-semana-11122020\/\"]}]},{\"@type\":\"ImageObject\",\"inLanguage\":\"pt-BR\",\"@id\":\"https:\/\/www.suno.com.br\/noticias\/dolar-sobe-mas-tem-queda-semana-11122020\/#primaryimage\",\"url\":\"https:\/\/files.sunoresearch.com.br\/n\/uploads\/2020\/10\/e1c128ff-dolarr-1-jpg.webp\",\"contentUrl\":\"https:\/\/files.sunoresearch.com.br\/n\/uploads\/2020\/10\/e1c128ff-dolarr-1-jpg.webp\",\"width\":640,\"height\":370,\"caption\":\"Na \u00faltima sess\u00e3o, o d\u00f3lar caiu 2,597%, a R$ 5,0379.\"},{\"@type\":\"BreadcrumbList\",\"@id\":\"https:\/\/www.suno.com.br\/noticias\/dolar-sobe-mas-tem-queda-semana-11122020\/#breadcrumb\",\"itemListElement\":[{\"@type\":\"ListItem\",\"position\":1,\"name\":\"Not\u00edcias\",\"item\":\"https:\/\/www.suno.com.br\/noticias\/\"},{\"@type\":\"ListItem\",\"position\":2,\"name\":\"Mercado\",\"item\":\"https:\/\/www.suno.com.br\/noticias\/mercado\/\"},{\"@type\":\"ListItem\",\"position\":3,\"name\":\"D\u00f3lar sobe 0,163%, a R$ 5,0461, mas fecha 4\u00aa semana seguida de queda\"}]},{\"@type\":\"WebSite\",\"@id\":\"https:\/\/www.suno.com.br\/noticias\/#website\",\"url\":\"https:\/\/www.suno.com.br\/noticias\/\",\"name\":\"Suno Not\u00edcias\",\"description\":\"Seu portal de informa\u00e7\u00e3o sobre o mundo dos investimentos\",\"publisher\":{\"@id\":\"https:\/\/www.suno.com.br\/noticias\/#organization\"},\"potentialAction\":[{\"@type\":\"SearchAction\",\"target\":{\"@type\":\"EntryPoint\",\"urlTemplate\":\"https:\/\/www.suno.com.br\/noticias\/?s={search_term_string}\"},\"query-input\":{\"@type\":\"PropertyValueSpecification\",\"valueRequired\":true,\"valueName\":\"search_term_string\"}}],\"inLanguage\":\"pt-BR\"},{\"@type\":\"Organization\",\"@id\":\"https:\/\/www.suno.com.br\/noticias\/#organization\",\"name\":\"Suno Not\u00edcias\",\"url\":\"https:\/\/www.suno.com.br\/noticias\/\",\"logo\":{\"@type\":\"ImageObject\",\"inLanguage\":\"pt-BR\",\"@id\":\"https:\/\/www.suno.com.br\/noticias\/#\/schema\/logo\/image\/\",\"url\":\"https:\/\/files.sunoresearch.com.br\/n\/uploads\/2021\/09\/suno-logo.png\",\"contentUrl\":\"https:\/\/files.sunoresearch.com.br\/n\/uploads\/2021\/09\/suno-logo.png\",\"width\":180,\"height\":180,\"caption\":\"Suno Not\u00edcias\"},\"image\":{\"@id\":\"https:\/\/www.suno.com.br\/noticias\/#\/schema\/logo\/image\/\"},\"sameAs\":[\"https:\/\/facebook.com\/sunoresearch\",\"https:\/\/x.com\/sunoresearch\",\"https:\/\/www.instagram.com\/suno\",\"https:\/\/www.linkedin.com\/company\/suno-research\/\",\"https:\/\/www.youtube.com\/c\/sunoresearch\"]},{\"@type\":\"Person\",\"@id\":\"https:\/\/www.suno.com.br\/noticias\/#\/schema\/person\/053a750a709a263919a20f976caae91c\",\"name\":\"Arthur Guimar\u00e3es\",\"image\":{\"@type\":\"ImageObject\",\"inLanguage\":\"pt-BR\",\"@id\":\"https:\/\/www.suno.com.br\/noticias\/#\/schema\/person\/image\/\",\"url\":\"https:\/\/secure.gravatar.com\/avatar\/1affd86a11209ae09eb6dd3bcad3e96c?s=96&r=g\",\"contentUrl\":\"https:\/\/secure.gravatar.com\/avatar\/1affd86a11209ae09eb6dd3bcad3e96c?s=96&r=g\",\"caption\":\"Arthur Guimar\u00e3es\"},\"description\":\"Arthur Guimar\u00e3es escreve sobre pol\u00edtica, economia e neg\u00f3cios para o portal de not\u00edcias da Suno Research. Atualmente, \u00e9 estudante de jornalismo pela Faculdade C\u00e1sper L\u00edbero.\",\"url\":\"https:\/\/www.suno.com.br\/noticias\/author\/arthur-guimaraes\/\"}]}<\/script>\n<!-- \/ Yoast SEO plugin. -->","yoast_head_json":{"title":"D\u00f3lar sobe 0,163%, a R$ 5,0461, mas fecha 4\u00aa semana seguida de queda","description":"O d\u00f3lar hoje encerrou esta sexta-feira (11) em leve alta de 0,163%, cotado a R$ 5,0461. Confira como fechou a moeda americana na semana.","robots":{"index":"index","follow":"follow","max-snippet":"max-snippet:-1","max-image-preview":"max-image-preview:large","max-video-preview":"max-video-preview:-1"},"canonical":"https:\/\/www.suno.com.br\/noticias\/dolar-sobe-mas-tem-queda-semana-11122020\/","og_locale":"pt_BR","og_type":"article","og_title":"D\u00f3lar sobe 0,163%, a R$ 5,0461, mas fecha 4\u00aa semana seguida de queda","og_description":"O d\u00f3lar hoje encerrou esta sexta-feira (11) em leve alta de 0,163%, cotado a R$ 5,0461. Confira como fechou a moeda americana na semana.","og_url":"https:\/\/www.suno.com.br\/noticias\/dolar-sobe-mas-tem-queda-semana-11122020\/","og_site_name":"Suno Not\u00edcias","article_publisher":"https:\/\/facebook.com\/sunoresearch","og_image":[{"width":640,"height":370,"url":"https:\/\/files.sunoresearch.com.br\/n\/uploads\/2020\/10\/e1c128ff-dolarr-1.jpg","type":"image\/jpeg"}],"author":"Arthur Guimar\u00e3es","twitter_card":"summary_large_image","twitter_creator":"@sunoresearch","twitter_site":"@sunoresearch","twitter_misc":{"Escrito por":"Arthur Guimar\u00e3es","Est. tempo de leitura":"3 minutos"},"schema":{"@context":"https:\/\/schema.org","@graph":[{"@type":"NewsArticle","@id":"https:\/\/www.suno.com.br\/noticias\/dolar-sobe-mas-tem-queda-semana-11122020\/#article","isPartOf":{"@id":"https:\/\/www.suno.com.br\/noticias\/dolar-sobe-mas-tem-queda-semana-11122020\/"},"author":{"name":"Arthur Guimar\u00e3es","@id":"https:\/\/www.suno.com.br\/noticias\/#\/schema\/person\/053a750a709a263919a20f976caae91c"},"headline":"D\u00f3lar sobe 0,163%, a R$ 5,0461, mas fecha 4\u00aa semana seguida de queda","datePublished":"2020-12-11T20:12:16+00:00","dateModified":"2021-06-14T02:28:47+00:00","mainEntityOfPage":{"@id":"https:\/\/www.suno.com.br\/noticias\/dolar-sobe-mas-tem-queda-semana-11122020\/"},"wordCount":637,"publisher":{"@id":"https:\/\/www.suno.com.br\/noticias\/#organization"},"image":{"@id":"https:\/\/www.suno.com.br\/noticias\/dolar-sobe-mas-tem-queda-semana-11122020\/#primaryimage"},"thumbnailUrl":"https:\/\/files.sunoresearch.com.br\/n\/uploads\/2020\/10\/e1c128ff-dolarr-1-jpg.webp","keywords":["Brexit","CNC","d\u00f3lar","Estados Unidos (EUA)"],"articleSection":["Mercado"],"inLanguage":"pt-BR"},{"@type":"WebPage","@id":"https:\/\/www.suno.com.br\/noticias\/dolar-sobe-mas-tem-queda-semana-11122020\/","url":"https:\/\/www.suno.com.br\/noticias\/dolar-sobe-mas-tem-queda-semana-11122020\/","name":"D\u00f3lar sobe 0,163%, a R$ 5,0461, mas fecha 4\u00aa semana seguida de queda","isPartOf":{"@id":"https:\/\/www.suno.com.br\/noticias\/#website"},"primaryImageOfPage":{"@id":"https:\/\/www.suno.com.br\/noticias\/dolar-sobe-mas-tem-queda-semana-11122020\/#primaryimage"},"image":{"@id":"https:\/\/www.suno.com.br\/noticias\/dolar-sobe-mas-tem-queda-semana-11122020\/#primaryimage"},"thumbnailUrl":"https:\/\/files.sunoresearch.com.br\/n\/uploads\/2020\/10\/e1c128ff-dolarr-1-jpg.webp","datePublished":"2020-12-11T20:12:16+00:00","dateModified":"2021-06-14T02:28:47+00:00","description":"O d\u00f3lar hoje encerrou esta sexta-feira (11) em leve alta de 0,163%, cotado a R$ 5,0461. Confira como fechou a moeda americana na semana.","breadcrumb":{"@id":"https:\/\/www.suno.com.br\/noticias\/dolar-sobe-mas-tem-queda-semana-11122020\/#breadcrumb"},"inLanguage":"pt-BR","potentialAction":[{"@type":"ReadAction","target":["https:\/\/www.suno.com.br\/noticias\/dolar-sobe-mas-tem-queda-semana-11122020\/"]}]},{"@type":"ImageObject","inLanguage":"pt-BR","@id":"https:\/\/www.suno.com.br\/noticias\/dolar-sobe-mas-tem-queda-semana-11122020\/#primaryimage","url":"https:\/\/files.sunoresearch.com.br\/n\/uploads\/2020\/10\/e1c128ff-dolarr-1-jpg.webp","contentUrl":"https:\/\/files.sunoresearch.com.br\/n\/uploads\/2020\/10\/e1c128ff-dolarr-1-jpg.webp","width":640,"height":370,"caption":"Na \u00faltima sess\u00e3o, o d\u00f3lar caiu 2,597%, a R$ 5,0379."},{"@type":"BreadcrumbList","@id":"https:\/\/www.suno.com.br\/noticias\/dolar-sobe-mas-tem-queda-semana-11122020\/#breadcrumb","itemListElement":[{"@type":"ListItem","position":1,"name":"Not\u00edcias","item":"https:\/\/www.suno.com.br\/noticias\/"},{"@type":"ListItem","position":2,"name":"Mercado","item":"https:\/\/www.suno.com.br\/noticias\/mercado\/"},{"@type":"ListItem","position":3,"name":"D\u00f3lar sobe 0,163%, a R$ 5,0461, mas fecha 4\u00aa semana seguida de queda"}]},{"@type":"WebSite","@id":"https:\/\/www.suno.com.br\/noticias\/#website","url":"https:\/\/www.suno.com.br\/noticias\/","name":"Suno Not\u00edcias","description":"Seu portal de informa\u00e7\u00e3o sobre o mundo dos investimentos","publisher":{"@id":"https:\/\/www.suno.com.br\/noticias\/#organization"},"potentialAction":[{"@type":"SearchAction","target":{"@type":"EntryPoint","urlTemplate":"https:\/\/www.suno.com.br\/noticias\/?s={search_term_string}"},"query-input":{"@type":"PropertyValueSpecification","valueRequired":true,"valueName":"search_term_string"}}],"inLanguage":"pt-BR"},{"@type":"Organization","@id":"https:\/\/www.suno.com.br\/noticias\/#organization","name":"Suno Not\u00edcias","url":"https:\/\/www.suno.com.br\/noticias\/","logo":{"@type":"ImageObject","inLanguage":"pt-BR","@id":"https:\/\/www.suno.com.br\/noticias\/#\/schema\/logo\/image\/","url":"https:\/\/files.sunoresearch.com.br\/n\/uploads\/2021\/09\/suno-logo.png","contentUrl":"https:\/\/files.sunoresearch.com.br\/n\/uploads\/2021\/09\/suno-logo.png","width":180,"height":180,"caption":"Suno Not\u00edcias"},"image":{"@id":"https:\/\/www.suno.com.br\/noticias\/#\/schema\/logo\/image\/"},"sameAs":["https:\/\/facebook.com\/sunoresearch","https:\/\/x.com\/sunoresearch","https:\/\/www.instagram.com\/suno","https:\/\/www.linkedin.com\/company\/suno-research\/","https:\/\/www.youtube.com\/c\/sunoresearch"]},{"@type":"Person","@id":"https:\/\/www.suno.com.br\/noticias\/#\/schema\/person\/053a750a709a263919a20f976caae91c","name":"Arthur Guimar\u00e3es","image":{"@type":"ImageObject","inLanguage":"pt-BR","@id":"https:\/\/www.suno.com.br\/noticias\/#\/schema\/person\/image\/","url":"https:\/\/secure.gravatar.com\/avatar\/1affd86a11209ae09eb6dd3bcad3e96c?s=96&r=g","contentUrl":"https:\/\/secure.gravatar.com\/avatar\/1affd86a11209ae09eb6dd3bcad3e96c?s=96&r=g","caption":"Arthur Guimar\u00e3es"},"description":"Arthur Guimar\u00e3es escreve sobre pol\u00edtica, economia e neg\u00f3cios para o portal de not\u00edcias da Suno Research. Atualmente, \u00e9 estudante de jornalismo pela Faculdade C\u00e1sper L\u00edbero.","url":"https:\/\/www.suno.com.br\/noticias\/author\/arthur-guimaraes\/"}]}},"default_loop_html":"<div class=\"cardsPage__listCard__boxs\"><div class=\"cardsPage__listCard__boxs__img\"><a href=\"https:\/\/www.suno.com.br\/noticias\/dolar-sobe-mas-tem-queda-semana-11122020\/\"><img class=\"mask\" src=\"https:\/\/www.suno.com.br\/noticias\/wp-content\/themes\/suno\/resources\/images\/spotlight\/spotlight1img\/bg-mask.png\" alt=\"Image Mask\"\/><img src=\"https:\/\/files.sunoresearch.com.br\/n\/uploads\/2020\/10\/e1c128ff-dolarr-1-400x200.webp\" alt=\"D\u00f3lar sobe 0,163%, a R$ 5,0461, mas fecha 4\u00aa semana seguida de queda\"\/><\/a><span class=\"spotlightCategory\"><a href=\"https:\/\/www.suno.com.br\/noticias\/mercado\/\">Mercado<\/a><\/span><\/div><div class=\"cardsPage__listCard__boxs__content\"><a href=\"https:\/\/www.suno.com.br\/noticias\/dolar-sobe-mas-tem-queda-semana-11122020\/\"><h2 class=\"content__title\">D\u00f3lar sobe 0,163%, a R$ 5,0461, mas fecha 4\u00aa semana seguida de queda<\/h2><\/a><div class=\"newsContent__article__meta\"><div class=\"newsContent__article__meta__authorBox\"><a href=\"https:\/\/www.suno.com.br\/noticias\/author\/arthur-guimaraes\/\" class=\"authorBox__avatar noMobi\"><img src=\"https:\/\/files.sunoresearch.com.br\/n\/uploads\/2020\/02\/dfb40897-eu-150x150.webp\" alt=\"Arthur Guimar\u00e3es\"><\/a><div class=\"authorBox__name\"><span>por\n\t\t\t<a href=\"https:\/\/www.suno.com.br\/noticias\/author\/arthur-guimaraes\/\"><span itemprop=\"author\">Arthur Guimar\u00e3es<\/span><\/a><\/span><time datetime=\"2020-12-11T17:12:16-03:00\" itemprop=\"datePublished\">11\/12\/2020 17:12<\/time><\/div><\/div><\/div><\/div><\/div>","single_layout":"posts","amp_enabled":true,"_links":{"self":[{"href":"https:\/\/www.suno.com.br\/noticias\/wp-json\/wp\/v2\/posts\/107516"}],"collection":[{"href":"https:\/\/www.suno.com.br\/noticias\/wp-json\/wp\/v2\/posts"}],"about":[{"href":"https:\/\/www.suno.com.br\/noticias\/wp-json\/wp\/v2\/types\/post"}],"author":[{"embeddable":true,"href":"https:\/\/www.suno.com.br\/noticias\/wp-json\/wp\/v2\/users\/35"}],"replies":[{"embeddable":true,"href":"https:\/\/www.suno.com.br\/noticias\/wp-json\/wp\/v2\/comments?post=107516"}],"version-history":[{"count":1,"href":"https:\/\/www.suno.com.br\/noticias\/wp-json\/wp\/v2\/posts\/107516\/revisions"}],"predecessor-version":[{"id":152088,"href":"https:\/\/www.suno.com.br\/noticias\/wp-json\/wp\/v2\/posts\/107516\/revisions\/152088"}],"wp:featuredmedia":[{"embeddable":true,"href":"https:\/\/www.suno.com.br\/noticias\/wp-json\/wp\/v2\/media\/91483"}],"wp:attachment":[{"href":"https:\/\/www.suno.com.br\/noticias\/wp-json\/wp\/v2\/media?parent=107516"}],"wp:term":[{"taxonomy":"category","embeddable":true,"href":"https:\/\/www.suno.com.br\/noticias\/wp-json\/wp\/v2\/categories?post=107516"},{"taxonomy":"post_tag","embeddable":true,"href":"https:\/\/www.suno.com.br\/noticias\/wp-json\/wp\/v2\/tags?post=107516"},{"taxonomy":"suno_strategy","embeddable":true,"href":"https:\/\/www.suno.com.br\/noticias\/wp-json\/wp\/v2\/suno_strategy?post=107516"}],"curies":[{"name":"wp","href":"https:\/\/api.w.org\/{rel}","templated":true}]}}