{"id":107457,"date":"2020-12-11T15:22:43","date_gmt":"2020-12-11T18:22:43","guid":{"rendered":"https:\/\/www.suno.com.br\/noticias\/?p=107457"},"modified":"2020-12-12T13:02:45","modified_gmt":"2020-12-12T16:02:45","slug":"oi-oibr3-5g-leilao","status":"publish","type":"post","link":"https:\/\/www.suno.com.br\/noticias\/oi-oibr3-5g-leilao\/","title":{"rendered":"Oi (OIBR3): Leil\u00e3o na 2\u00aa feira deve atrair proposta \u00fanica; 5G \u00e9 tema central"},"content":{"rendered":"<p>Apesar da expectativa do mercado sobre a chegada de outros participantes, aumentando a oferta, o leil\u00e3o da opera\u00e7\u00e3o de telefonia m\u00f3vel da <a href=\"https:\/\/www.suno.com.br\/acoes\/oibr3\/\" target=\"_blank\" rel=\"noopener noreferrer\"><strong>Oi<\/strong> (OIBR3)<\/a> deve ter somente a oferta de R$ 16,5 bilh\u00f5es da Claro, <a href=\"https:\/\/www.suno.com.br\/acoes\/tims3\/\" target=\"_blank\" rel=\"noopener noreferrer\">Tim (TIMS3)<\/a> e <a href=\"https:\/\/www.suno.com.br\/acoes\/vivt4\/\" target=\"_blank\" rel=\"noopener noreferrer\">Telef\u00f4nica (VIVT4)<\/a>, dona da Vivo, j\u00e1 que tais operadoras j\u00e1 garantiram presen\u00e7a nos leil\u00f5es do 5G e devem garantir faixas de opera\u00e7\u00e3o para essa tecnologia.<\/p>\t<div class=\"wrapper-featured-image\">\n\t\t<figure class=\"spotlightImg\">\n\n\t\t\t<picture>\n\t\t\t\t<source media=\"(max-width: 768px)\" srcset=\"https:\/\/files.sunoresearch.com.br\/n\/uploads\/2020\/12\/634518ff-oi-400x200.webp\">\n\t\t\t\t<img loading=\"lazy\" decoding=\"async\" class=\"newsContent__article__imgCapa lazyloadDisabled \" src=\"https:\/\/files.sunoresearch.com.br\/n\/uploads\/2020\/12\/634518ff-oi-800x450.webp\" width=\"800\" height=\"450\" alt=\"Oi (OIBR3): Leil\u00e3o na 2\u00aa feira deve atrair proposta \u00fanica; 5G \u00e9 tema central\" fetchpriority=high \/>\n\t\t\t<\/picture>\n\n\t\t\t<figcaption class=\"wp-caption-text wp-caption-text--show\">Oi (OIBR3): 5G \u00e9 quest\u00e3o central em leil\u00e3o com apenas uma proposta<\/figcaption>\n\t\t<\/figure>\n\t<\/div>\n\n\n\t<p>\n\t\t<a href=\"https:\/\/lp.suno.com.br\/planilha-controle-gastos\/\" target=\"_blank\" data-element=\"shortcode-suno-banner\" title=\"Banner SUNO, clique e saiba mais\">\n\t\t\t<picture>\n\t\t\t\t<source media=\"(max-width: 500px)\" srcset=\"https:\/\/files.sunoresearch.com.br\/n\/uploads\/2023\/03\/400x300-Planilha-controle-de-gastos.png\">\n\t\t\t\t<img class=\"newsContent__article__imgCapa newsContent__article__imgCapa--banner\"\n\t\t\t\t\tsrc=\"https:\/\/files.sunoresearch.com.br\/n\/uploads\/2023\/03\/1420x240-Planilha-controle-de-gastos.png\"\n\t\t\t\t\tdata-promo-id=\"101751\"\t\t\t\t\t\t\t\t\t\twidth='1420' height='240'\t\t\t\t\talt=\"https:\/\/files.sunoresearch.com.br\/n\/uploads\/2023\/03\/1420x240-Planilha-controle-de-gastos.png\"\n\t\t\t\t>\n\t\t\t<\/picture>\n\t\t<\/a>\n\t<\/p>\n\n\n<p>Segundo fontes ouvidas pelo <strong>SUNO Not\u00edcias<\/strong>, como a Oi n\u00e3o entrou no leil\u00e3o do 4G, em 2014, qualquer outra operadora que se interessasse pelos ativos teria que desembolsar outras quantias bilion\u00e1rias para conseguir frequ\u00eancias da tecnologia no pr\u00f3ximo leil\u00e3o do 5G, o que encareceria ainda mais o neg\u00f3cio.<\/p>\n<p>&#8220;A Oi n\u00e3o entrou no leil\u00e3o da frequ\u00eancia de 700 MHz e, se n\u00e3o for uma das tr\u00eas operadoras, quem comprasse teria que comprar as<strong> frequ\u00eancias de 5G<\/strong>. As tr\u00eas levam vantagem em todas as condicionantes&#8221;, disse uma fonte com conhecimento do assunto.<\/p>\n<p><a href=\"https:\/\/lp.suno.com.br\/suno-one\/\">Suno One: acesse gratuitamente eBooks, Minicursos, Artigos e Video Aulas sobre investimentos com um \u00fanico cadastro. Clique para saber mais!<\/a><\/p>\n<p>A frequ\u00eancia de 700 MHz \u00e9 importante para as operadoras, pois pode ser inserida no grupo de 5G nos pr\u00f3ximos anos. Por isso, \u00e9 alvo de disputa entre as companhias. Assim, como a Oi optou pela n\u00e3o aquisi\u00e7\u00e3o, encareceria o projeto, j\u00e1 que sem qualquer faixa de 5G, uma companhia de telefonia m\u00f3vel ficaria praticamente invi\u00e1vel no m\u00e9dio prazo.<\/p>\n<h2>Vantagem financeira tamb\u00e9m deve impedir novas ofertas pela Oi<\/h2>\n<p>Al\u00e9m disso, o desenho da oferta, com as<strong> tr\u00eas principais operadoras do Brasil<\/strong> na mesma jogada, fez com que outros players desistissem da disputa dada a vantagem financeira do combo.<\/p>\n<p>&#8220;Se a oferta come\u00e7a em R$ 16,5 bilh\u00f5es, qualquer outra companhia estrangeira sabe que, para entrar na disputa, ter\u00e1 que desembolsar algo muito al\u00e9m disso. Isso fez com que a Oi esperasse que nenhuma outra empresa se interessaria&#8221;, afirmou, em condi\u00e7\u00e3o de anonimato.<\/p>\n\t<div data-element=\"shortcode-read-more\" class=\"knowMore\">\n\t\t\t\t<span class=\"knowMore__title\">Veja tamb\u00e9m<\/span>\n\t\t\t\t<a class=\"knowMore__link\" href=\"https:\/\/www.suno.com.br\/noticias\/oi-oibr3-oibr4-dados-pagamentos-credores\/\">\n\t\t\tOi (OIBR3) dever\u00e1 apresentar em 48 horas dados de milhares de credores\t\t<\/a>\n\t<\/div>\n\n\n<p>De acordo com o jornal &#8220;Valor Econ\u00f4mico&#8221;, a <strong>Highline<\/strong>, que chegou a oferecer\u00a0 R$ 15 bilh\u00f5es pelos <strong>ativos m\u00f3veis da Oi<\/strong> n\u00e3o deve mais participar.<\/p>\n<p>\u201cQualquer empresa que tivesse interesse [em participar] deveria se manifestar a sete dias [\u00fateis] da publica\u00e7\u00e3o do edital. N\u00f3s n\u00e3o nos manifestamos e, portanto, n\u00e3o vamos participar do leil\u00e3o\u201d, disse Luis Minoru Shibata, diretor de Estrat\u00e9gia e Novos Neg\u00f3cios da Highline ao jornal.<\/p>\n<p>Dessa forma, sem a Highline, o caminho ficou aberto para a proposta me conjunto das tr\u00eas operadoras que j\u00e1 atuam no Brasil.<\/p>\n<p>&#8220;Se at\u00e9 quem se posicionou a favor da compra n\u00e3o quis disputar com a Claro, Tim e Telef\u00f4nica, imagina um player novo, sozinho, tentando entender a opera\u00e7\u00e3o para entrar nesse mercado brasileiro. Dif\u00edcil demais aparecer algu\u00e9m&#8221;, afirmou uma segunda fonte com conhecimento do assunto.<\/p>\n<p>A operadora estima arrecadar R$ 26,9 bilh\u00f5es com a venda de cinco grandes blocos de ativos. Desse montante, R$ 16,5 bilh\u00f5es \u00e9 o valor proposto pelo cons\u00f3rcio formado pelas operadoras Vivo (VIVT4), Tim (TIMS3) e Claro pelos ativos de telefonia m\u00f3vel.<\/p>\n<p>Al\u00e9m da telefonia m\u00f3vel, a Oi tamb\u00e9m vendeu as\u00a0torres, data centers e parte da rede de fibra \u00f3tica. Os recursos obtidos por meio dos <strong>leil\u00f5es da Oi<\/strong> ser\u00e3o destinados a pagamentos antecipado de d\u00edvidas, com cortes dos valores na faixa de 50% a 55%.<\/p>\n<h2>Leil\u00f5es come\u00e7aram em novembro<\/h2>\n<p>Ao divulgar os resultados do terceiro trimestre, a Oi detalhou suas expectativas para todos os<strong>\u00a0leil\u00f5es<\/strong>. Segundo a Oi, a empresa contava com, ao menos, R$ 26,9 bilh\u00f5es de novos recursos com os leil\u00f5es judiciais, sendo:<\/p>\n<ul>\n<li>R$ 1,067 bilh\u00e3o referente a torres, em 26 de novembro (j\u00e1 realizado).<\/li>\n<li>R$ 325 milh\u00f5es referentes a data centers, em 26 de novembro (j\u00e1 realizado).<\/li>\n<li>R$ 16,5 bilh\u00f5es relativos \u00e0<strong>\u00a0opera\u00e7\u00e3o m\u00f3vel<\/strong>, em 14 de dezembro, cujo primeiro investidor tamb\u00e9m foi definido. (A empresa recebeu proposta vinculante das operadoras Claro, TIM Brasil e Telef\u00f4nica)<\/li>\n<li>R$ 6,5 bilh\u00f5es (m\u00ednimo em dinheiro) referente \u00e0 companhia defibra\u00a0InfraCo, mais assun\u00e7\u00e3o de R$ 2,4 bilh\u00f5es de d\u00edvida com a\u00a0<strong>Oi<\/strong>.<\/li>\n<\/ul>\n<p><b>\t<p>\n\t\t<a href=\"https:\/\/lp.suno.com.br\/planilha-de-controle-de-investimentos\/\" target=\"_blank\" data-element=\"shortcode-suno-banner\" title=\"Banner SUNO, clique e saiba mais\">\n\t\t\t<picture>\n\t\t\t\t<source media=\"(max-width: 500px)\" srcset=\"https:\/\/files.sunoresearch.com.br\/n\/uploads\/2023\/03\/400x300-Controle-de-Investimentos.png\">\n\t\t\t\t<img class=\"newsContent__article__imgCapa newsContent__article__imgCapa--banner\"\n\t\t\t\t\tsrc=\"https:\/\/files.sunoresearch.com.br\/n\/uploads\/2023\/03\/1420x240-Controle-de-Investimentos.png\"\n\t\t\t\t\tdata-promo-id=\"75934\"\t\t\t\t\t\t\t\t\t\twidth='1420' height='240'\t\t\t\t\talt=\"https:\/\/files.sunoresearch.com.br\/n\/uploads\/2023\/03\/1420x240-Controle-de-Investimentos.png\"\n\t\t\t\t>\n\t\t\t<\/picture>\n\t\t<\/a>\n\t<\/p>\n\n<\/b><\/p>\n","protected":false},"excerpt":{"rendered":"<p>Apesar da expectativa do mercado sobre a chegada de outros participantes, aumentando a oferta, o leil\u00e3o da opera\u00e7\u00e3o de telefonia m\u00f3vel da Oi (OIBR3) deve ter somente a oferta de R$ 16,5 bilh\u00f5es da Claro, Tim (TIMS3) e Telef\u00f4nica (VIVT4), dona da Vivo, j\u00e1 que tais operadoras j\u00e1 garantiram presen\u00e7a nos leil\u00f5es do 5G e [&hellip;]<\/p>\n","protected":false},"author":27,"featured_media":106528,"comment_status":"closed","ping_status":"closed","sticky":false,"template":"","format":"standard","meta":[],"categories":[64],"tags":[584],"suno_strategy":[],"class_list":["post-107457","post","type-post","status-publish","format-standard","has-post-thumbnail","hentry","category-negocios","tag-oi-oibr3-oibr4"],"yoast_head":"<!-- This site is optimized with the Yoast SEO plugin v24.4 - https:\/\/yoast.com\/wordpress\/plugins\/seo\/ -->\n<title>Oi (OIBR3): Leil\u00e3o na 2\u00aa feira deve atrair proposta \u00fanica; 5G \u00e9 tema central<\/title>\n<meta name=\"description\" content=\"Segundo fontes ouvidas pelo SUNO Not\u00edcias, sem nova faixa de 5G, oepra\u00e7\u00e3o da Oi fica cara para outro player. Clique aqui para ler mais.\" \/>\n<meta name=\"robots\" content=\"index, follow, max-snippet:-1, max-image-preview:large, max-video-preview:-1\" \/>\n<link rel=\"canonical\" href=\"https:\/\/www.suno.com.br\/noticias\/oi-oibr3-5g-leilao\/\" \/>\n<meta property=\"og:locale\" content=\"pt_BR\" \/>\n<meta property=\"og:type\" content=\"article\" \/>\n<meta property=\"og:title\" content=\"Oi (OIBR3): Leil\u00e3o na 2\u00aa feira deve atrair proposta \u00fanica; 5G \u00e9 tema central\" \/>\n<meta property=\"og:description\" content=\"Segundo fontes ouvidas pelo SUNO Not\u00edcias, sem nova faixa de 5G, oepra\u00e7\u00e3o da Oi fica cara para outro player. Clique aqui para ler mais.\" \/>\n<meta property=\"og:url\" content=\"https:\/\/www.suno.com.br\/noticias\/oi-oibr3-5g-leilao\/\" \/>\n<meta property=\"og:site_name\" content=\"Suno Not\u00edcias\" \/>\n<meta property=\"article:publisher\" content=\"https:\/\/facebook.com\/sunoresearch\" \/>\n<meta property=\"og:image\" content=\"https:\/\/files.sunoresearch.com.br\/n\/uploads\/2020\/12\/634518ff-oi.jpg\" \/>\n\t<meta property=\"og:image:width\" content=\"992\" \/>\n\t<meta property=\"og:image:height\" content=\"680\" \/>\n\t<meta property=\"og:image:type\" content=\"image\/jpeg\" \/>\n<meta name=\"author\" content=\"Vinicius Pereira\" \/>\n<meta name=\"twitter:card\" content=\"summary_large_image\" \/>\n<meta name=\"twitter:creator\" content=\"@https:\/\/twitter.com\/viniciuspjornal\" \/>\n<meta name=\"twitter:site\" content=\"@sunoresearch\" \/>\n<meta name=\"twitter:label1\" content=\"Escrito por\" \/>\n\t<meta name=\"twitter:data1\" content=\"Vinicius Pereira\" \/>\n\t<meta name=\"twitter:label2\" content=\"Est. tempo de leitura\" \/>\n\t<meta name=\"twitter:data2\" content=\"4 minutos\" \/>\n<script type=\"application\/ld+json\" class=\"yoast-schema-graph\">{\"@context\":\"https:\/\/schema.org\",\"@graph\":[{\"@type\":\"NewsArticle\",\"@id\":\"https:\/\/www.suno.com.br\/noticias\/oi-oibr3-5g-leilao\/#article\",\"isPartOf\":{\"@id\":\"https:\/\/www.suno.com.br\/noticias\/oi-oibr3-5g-leilao\/\"},\"author\":{\"name\":\"Vinicius Pereira\",\"@id\":\"https:\/\/www.suno.com.br\/noticias\/#\/schema\/person\/a20761b96e4df7eb57f1f9e41be1dbf3\"},\"headline\":\"Oi (OIBR3): Leil\u00e3o na 2\u00aa feira deve atrair proposta \u00fanica; 5G \u00e9 tema central\",\"datePublished\":\"2020-12-11T18:22:43+00:00\",\"dateModified\":\"2020-12-12T16:02:45+00:00\",\"mainEntityOfPage\":{\"@id\":\"https:\/\/www.suno.com.br\/noticias\/oi-oibr3-5g-leilao\/\"},\"wordCount\":735,\"publisher\":{\"@id\":\"https:\/\/www.suno.com.br\/noticias\/#organization\"},\"image\":{\"@id\":\"https:\/\/www.suno.com.br\/noticias\/oi-oibr3-5g-leilao\/#primaryimage\"},\"thumbnailUrl\":\"https:\/\/files.sunoresearch.com.br\/n\/uploads\/2020\/12\/634518ff-oi-jpg.webp\",\"keywords\":[\"Oi (OIBR3\/OIBR4)\"],\"articleSection\":[\"Neg\u00f3cios\"],\"inLanguage\":\"pt-BR\"},{\"@type\":\"WebPage\",\"@id\":\"https:\/\/www.suno.com.br\/noticias\/oi-oibr3-5g-leilao\/\",\"url\":\"https:\/\/www.suno.com.br\/noticias\/oi-oibr3-5g-leilao\/\",\"name\":\"Oi (OIBR3): Leil\u00e3o na 2\u00aa feira deve atrair proposta \u00fanica; 5G \u00e9 tema central\",\"isPartOf\":{\"@id\":\"https:\/\/www.suno.com.br\/noticias\/#website\"},\"primaryImageOfPage\":{\"@id\":\"https:\/\/www.suno.com.br\/noticias\/oi-oibr3-5g-leilao\/#primaryimage\"},\"image\":{\"@id\":\"https:\/\/www.suno.com.br\/noticias\/oi-oibr3-5g-leilao\/#primaryimage\"},\"thumbnailUrl\":\"https:\/\/files.sunoresearch.com.br\/n\/uploads\/2020\/12\/634518ff-oi-jpg.webp\",\"datePublished\":\"2020-12-11T18:22:43+00:00\",\"dateModified\":\"2020-12-12T16:02:45+00:00\",\"description\":\"Segundo fontes ouvidas pelo SUNO Not\u00edcias, sem nova faixa de 5G, oepra\u00e7\u00e3o da Oi fica cara para outro player. Clique aqui para ler mais.\",\"breadcrumb\":{\"@id\":\"https:\/\/www.suno.com.br\/noticias\/oi-oibr3-5g-leilao\/#breadcrumb\"},\"inLanguage\":\"pt-BR\",\"potentialAction\":[{\"@type\":\"ReadAction\",\"target\":[\"https:\/\/www.suno.com.br\/noticias\/oi-oibr3-5g-leilao\/\"]}]},{\"@type\":\"ImageObject\",\"inLanguage\":\"pt-BR\",\"@id\":\"https:\/\/www.suno.com.br\/noticias\/oi-oibr3-5g-leilao\/#primaryimage\",\"url\":\"https:\/\/files.sunoresearch.com.br\/n\/uploads\/2020\/12\/634518ff-oi-jpg.webp\",\"contentUrl\":\"https:\/\/files.sunoresearch.com.br\/n\/uploads\/2020\/12\/634518ff-oi-jpg.webp\",\"width\":992,\"height\":680,\"caption\":\"Oi (OIBR3): 5G \u00e9 quest\u00e3o central em leil\u00e3o com apenas uma proposta\"},{\"@type\":\"BreadcrumbList\",\"@id\":\"https:\/\/www.suno.com.br\/noticias\/oi-oibr3-5g-leilao\/#breadcrumb\",\"itemListElement\":[{\"@type\":\"ListItem\",\"position\":1,\"name\":\"Not\u00edcias\",\"item\":\"https:\/\/www.suno.com.br\/noticias\/\"},{\"@type\":\"ListItem\",\"position\":2,\"name\":\"Neg\u00f3cios\",\"item\":\"https:\/\/www.suno.com.br\/noticias\/negocios\/\"},{\"@type\":\"ListItem\",\"position\":3,\"name\":\"Oi (OIBR3): Leil\u00e3o na 2\u00aa feira deve atrair proposta \u00fanica; 5G \u00e9 tema central\"}]},{\"@type\":\"WebSite\",\"@id\":\"https:\/\/www.suno.com.br\/noticias\/#website\",\"url\":\"https:\/\/www.suno.com.br\/noticias\/\",\"name\":\"Suno Not\u00edcias\",\"description\":\"Seu portal de informa\u00e7\u00e3o sobre o mundo dos investimentos\",\"publisher\":{\"@id\":\"https:\/\/www.suno.com.br\/noticias\/#organization\"},\"potentialAction\":[{\"@type\":\"SearchAction\",\"target\":{\"@type\":\"EntryPoint\",\"urlTemplate\":\"https:\/\/www.suno.com.br\/noticias\/?s={search_term_string}\"},\"query-input\":{\"@type\":\"PropertyValueSpecification\",\"valueRequired\":true,\"valueName\":\"search_term_string\"}}],\"inLanguage\":\"pt-BR\"},{\"@type\":\"Organization\",\"@id\":\"https:\/\/www.suno.com.br\/noticias\/#organization\",\"name\":\"Suno Not\u00edcias\",\"url\":\"https:\/\/www.suno.com.br\/noticias\/\",\"logo\":{\"@type\":\"ImageObject\",\"inLanguage\":\"pt-BR\",\"@id\":\"https:\/\/www.suno.com.br\/noticias\/#\/schema\/logo\/image\/\",\"url\":\"https:\/\/files.sunoresearch.com.br\/n\/uploads\/2021\/09\/suno-logo.png\",\"contentUrl\":\"https:\/\/files.sunoresearch.com.br\/n\/uploads\/2021\/09\/suno-logo.png\",\"width\":180,\"height\":180,\"caption\":\"Suno Not\u00edcias\"},\"image\":{\"@id\":\"https:\/\/www.suno.com.br\/noticias\/#\/schema\/logo\/image\/\"},\"sameAs\":[\"https:\/\/facebook.com\/sunoresearch\",\"https:\/\/x.com\/sunoresearch\",\"https:\/\/www.instagram.com\/suno\",\"https:\/\/www.linkedin.com\/company\/suno-research\/\",\"https:\/\/www.youtube.com\/c\/sunoresearch\"]},{\"@type\":\"Person\",\"@id\":\"https:\/\/www.suno.com.br\/noticias\/#\/schema\/person\/a20761b96e4df7eb57f1f9e41be1dbf3\",\"name\":\"Vinicius Pereira\",\"image\":{\"@type\":\"ImageObject\",\"inLanguage\":\"pt-BR\",\"@id\":\"https:\/\/www.suno.com.br\/noticias\/#\/schema\/person\/image\/\",\"url\":\"https:\/\/secure.gravatar.com\/avatar\/783866b933198f5cc4c5d03fcc8b1301?s=96&r=g\",\"contentUrl\":\"https:\/\/secure.gravatar.com\/avatar\/783866b933198f5cc4c5d03fcc8b1301?s=96&r=g\",\"caption\":\"Vinicius Pereira\"},\"description\":\"Vinicius Pereira foi rep\u00f3rter de economia da Folha de S.Paulo, stringer do jornal no Canad\u00e1 e colaborador de VEJA. J\u00e1 escreveu tamb\u00e9m para BBC Brasil, The Intercept Brasil e UOL. Tem MBA em Informa\u00e7\u00f5es Econ\u00f4mico-Financeiras e Mercado de Capitais pela FIA\/B3.\",\"sameAs\":[\"https:\/\/x.com\/https:\/\/twitter.com\/viniciuspjornal\"],\"url\":\"https:\/\/www.suno.com.br\/noticias\/author\/vinicius-pereira\/\"}]}<\/script>\n<!-- \/ Yoast SEO plugin. -->","yoast_head_json":{"title":"Oi (OIBR3): Leil\u00e3o na 2\u00aa feira deve atrair proposta \u00fanica; 5G \u00e9 tema central","description":"Segundo fontes ouvidas pelo SUNO Not\u00edcias, sem nova faixa de 5G, oepra\u00e7\u00e3o da Oi fica cara para outro player. Clique aqui para ler mais.","robots":{"index":"index","follow":"follow","max-snippet":"max-snippet:-1","max-image-preview":"max-image-preview:large","max-video-preview":"max-video-preview:-1"},"canonical":"https:\/\/www.suno.com.br\/noticias\/oi-oibr3-5g-leilao\/","og_locale":"pt_BR","og_type":"article","og_title":"Oi (OIBR3): Leil\u00e3o na 2\u00aa feira deve atrair proposta \u00fanica; 5G \u00e9 tema central","og_description":"Segundo fontes ouvidas pelo SUNO Not\u00edcias, sem nova faixa de 5G, oepra\u00e7\u00e3o da Oi fica cara para outro player. Clique aqui para ler mais.","og_url":"https:\/\/www.suno.com.br\/noticias\/oi-oibr3-5g-leilao\/","og_site_name":"Suno Not\u00edcias","article_publisher":"https:\/\/facebook.com\/sunoresearch","og_image":[{"width":992,"height":680,"url":"https:\/\/files.sunoresearch.com.br\/n\/uploads\/2020\/12\/634518ff-oi.jpg","type":"image\/jpeg"}],"author":"Vinicius Pereira","twitter_card":"summary_large_image","twitter_creator":"@https:\/\/twitter.com\/viniciuspjornal","twitter_site":"@sunoresearch","twitter_misc":{"Escrito por":"Vinicius Pereira","Est. tempo de leitura":"4 minutos"},"schema":{"@context":"https:\/\/schema.org","@graph":[{"@type":"NewsArticle","@id":"https:\/\/www.suno.com.br\/noticias\/oi-oibr3-5g-leilao\/#article","isPartOf":{"@id":"https:\/\/www.suno.com.br\/noticias\/oi-oibr3-5g-leilao\/"},"author":{"name":"Vinicius Pereira","@id":"https:\/\/www.suno.com.br\/noticias\/#\/schema\/person\/a20761b96e4df7eb57f1f9e41be1dbf3"},"headline":"Oi (OIBR3): Leil\u00e3o na 2\u00aa feira deve atrair proposta \u00fanica; 5G \u00e9 tema central","datePublished":"2020-12-11T18:22:43+00:00","dateModified":"2020-12-12T16:02:45+00:00","mainEntityOfPage":{"@id":"https:\/\/www.suno.com.br\/noticias\/oi-oibr3-5g-leilao\/"},"wordCount":735,"publisher":{"@id":"https:\/\/www.suno.com.br\/noticias\/#organization"},"image":{"@id":"https:\/\/www.suno.com.br\/noticias\/oi-oibr3-5g-leilao\/#primaryimage"},"thumbnailUrl":"https:\/\/files.sunoresearch.com.br\/n\/uploads\/2020\/12\/634518ff-oi-jpg.webp","keywords":["Oi (OIBR3\/OIBR4)"],"articleSection":["Neg\u00f3cios"],"inLanguage":"pt-BR"},{"@type":"WebPage","@id":"https:\/\/www.suno.com.br\/noticias\/oi-oibr3-5g-leilao\/","url":"https:\/\/www.suno.com.br\/noticias\/oi-oibr3-5g-leilao\/","name":"Oi (OIBR3): Leil\u00e3o na 2\u00aa feira deve atrair proposta \u00fanica; 5G \u00e9 tema central","isPartOf":{"@id":"https:\/\/www.suno.com.br\/noticias\/#website"},"primaryImageOfPage":{"@id":"https:\/\/www.suno.com.br\/noticias\/oi-oibr3-5g-leilao\/#primaryimage"},"image":{"@id":"https:\/\/www.suno.com.br\/noticias\/oi-oibr3-5g-leilao\/#primaryimage"},"thumbnailUrl":"https:\/\/files.sunoresearch.com.br\/n\/uploads\/2020\/12\/634518ff-oi-jpg.webp","datePublished":"2020-12-11T18:22:43+00:00","dateModified":"2020-12-12T16:02:45+00:00","description":"Segundo fontes ouvidas pelo SUNO Not\u00edcias, sem nova faixa de 5G, oepra\u00e7\u00e3o da Oi fica cara para outro player. Clique aqui para ler mais.","breadcrumb":{"@id":"https:\/\/www.suno.com.br\/noticias\/oi-oibr3-5g-leilao\/#breadcrumb"},"inLanguage":"pt-BR","potentialAction":[{"@type":"ReadAction","target":["https:\/\/www.suno.com.br\/noticias\/oi-oibr3-5g-leilao\/"]}]},{"@type":"ImageObject","inLanguage":"pt-BR","@id":"https:\/\/www.suno.com.br\/noticias\/oi-oibr3-5g-leilao\/#primaryimage","url":"https:\/\/files.sunoresearch.com.br\/n\/uploads\/2020\/12\/634518ff-oi-jpg.webp","contentUrl":"https:\/\/files.sunoresearch.com.br\/n\/uploads\/2020\/12\/634518ff-oi-jpg.webp","width":992,"height":680,"caption":"Oi (OIBR3): 5G \u00e9 quest\u00e3o central em leil\u00e3o com apenas uma proposta"},{"@type":"BreadcrumbList","@id":"https:\/\/www.suno.com.br\/noticias\/oi-oibr3-5g-leilao\/#breadcrumb","itemListElement":[{"@type":"ListItem","position":1,"name":"Not\u00edcias","item":"https:\/\/www.suno.com.br\/noticias\/"},{"@type":"ListItem","position":2,"name":"Neg\u00f3cios","item":"https:\/\/www.suno.com.br\/noticias\/negocios\/"},{"@type":"ListItem","position":3,"name":"Oi (OIBR3): Leil\u00e3o na 2\u00aa feira deve atrair proposta \u00fanica; 5G \u00e9 tema central"}]},{"@type":"WebSite","@id":"https:\/\/www.suno.com.br\/noticias\/#website","url":"https:\/\/www.suno.com.br\/noticias\/","name":"Suno Not\u00edcias","description":"Seu portal de informa\u00e7\u00e3o sobre o mundo dos investimentos","publisher":{"@id":"https:\/\/www.suno.com.br\/noticias\/#organization"},"potentialAction":[{"@type":"SearchAction","target":{"@type":"EntryPoint","urlTemplate":"https:\/\/www.suno.com.br\/noticias\/?s={search_term_string}"},"query-input":{"@type":"PropertyValueSpecification","valueRequired":true,"valueName":"search_term_string"}}],"inLanguage":"pt-BR"},{"@type":"Organization","@id":"https:\/\/www.suno.com.br\/noticias\/#organization","name":"Suno Not\u00edcias","url":"https:\/\/www.suno.com.br\/noticias\/","logo":{"@type":"ImageObject","inLanguage":"pt-BR","@id":"https:\/\/www.suno.com.br\/noticias\/#\/schema\/logo\/image\/","url":"https:\/\/files.sunoresearch.com.br\/n\/uploads\/2021\/09\/suno-logo.png","contentUrl":"https:\/\/files.sunoresearch.com.br\/n\/uploads\/2021\/09\/suno-logo.png","width":180,"height":180,"caption":"Suno Not\u00edcias"},"image":{"@id":"https:\/\/www.suno.com.br\/noticias\/#\/schema\/logo\/image\/"},"sameAs":["https:\/\/facebook.com\/sunoresearch","https:\/\/x.com\/sunoresearch","https:\/\/www.instagram.com\/suno","https:\/\/www.linkedin.com\/company\/suno-research\/","https:\/\/www.youtube.com\/c\/sunoresearch"]},{"@type":"Person","@id":"https:\/\/www.suno.com.br\/noticias\/#\/schema\/person\/a20761b96e4df7eb57f1f9e41be1dbf3","name":"Vinicius Pereira","image":{"@type":"ImageObject","inLanguage":"pt-BR","@id":"https:\/\/www.suno.com.br\/noticias\/#\/schema\/person\/image\/","url":"https:\/\/secure.gravatar.com\/avatar\/783866b933198f5cc4c5d03fcc8b1301?s=96&r=g","contentUrl":"https:\/\/secure.gravatar.com\/avatar\/783866b933198f5cc4c5d03fcc8b1301?s=96&r=g","caption":"Vinicius Pereira"},"description":"Vinicius Pereira foi rep\u00f3rter de economia da Folha de S.Paulo, stringer do jornal no Canad\u00e1 e colaborador de VEJA. J\u00e1 escreveu tamb\u00e9m para BBC Brasil, The Intercept Brasil e UOL. Tem MBA em Informa\u00e7\u00f5es Econ\u00f4mico-Financeiras e Mercado de Capitais pela FIA\/B3.","sameAs":["https:\/\/x.com\/https:\/\/twitter.com\/viniciuspjornal"],"url":"https:\/\/www.suno.com.br\/noticias\/author\/vinicius-pereira\/"}]}},"default_loop_html":"<div class=\"cardsPage__listCard__boxs\"><div class=\"cardsPage__listCard__boxs__img\"><a href=\"https:\/\/www.suno.com.br\/noticias\/oi-oibr3-5g-leilao\/\"><img class=\"mask\" src=\"https:\/\/www.suno.com.br\/noticias\/wp-content\/themes\/suno\/resources\/images\/spotlight\/spotlight1img\/bg-mask.png\" alt=\"Image Mask\"\/><img src=\"https:\/\/files.sunoresearch.com.br\/n\/uploads\/2020\/12\/634518ff-oi-400x200.webp\" alt=\"Oi (OIBR3): Leil\u00e3o na 2\u00aa feira deve atrair proposta \u00fanica; 5G \u00e9 tema central\"\/><\/a><span class=\"spotlightCategory\"><a href=\"https:\/\/www.suno.com.br\/noticias\/negocios\/\">Neg\u00f3cios<\/a><\/span><\/div><div class=\"cardsPage__listCard__boxs__content\"><a href=\"https:\/\/www.suno.com.br\/noticias\/oi-oibr3-5g-leilao\/\"><h2 class=\"content__title\">Oi (OIBR3): Leil\u00e3o na 2\u00aa feira deve atrair proposta \u00fanica; 5G \u00e9 tema central<\/h2><\/a><div class=\"newsContent__article__meta\"><div class=\"newsContent__article__meta__authorBox\"><a href=\"https:\/\/www.suno.com.br\/noticias\/author\/vinicius-pereira\/\" class=\"authorBox__avatar noMobi\"><img src=\"https:\/\/files.sunoresearch.com.br\/n\/uploads\/2020\/08\/77510613-whatsapp-image-2020-08-03-at-13.40.40-150x150.webp\" alt=\"Vinicius Pereira\"><\/a><div class=\"authorBox__name\"><span>por\n\t\t\t<a href=\"https:\/\/www.suno.com.br\/noticias\/author\/vinicius-pereira\/\"><span itemprop=\"author\">Vinicius Pereira<\/span><\/a><\/span><time datetime=\"2020-12-11T15:22:43-03:00\" itemprop=\"datePublished\">11\/12\/2020 15:22<\/time><\/div><\/div><\/div><\/div><\/div>","single_layout":"posts","amp_enabled":true,"_links":{"self":[{"href":"https:\/\/www.suno.com.br\/noticias\/wp-json\/wp\/v2\/posts\/107457"}],"collection":[{"href":"https:\/\/www.suno.com.br\/noticias\/wp-json\/wp\/v2\/posts"}],"about":[{"href":"https:\/\/www.suno.com.br\/noticias\/wp-json\/wp\/v2\/types\/post"}],"author":[{"embeddable":true,"href":"https:\/\/www.suno.com.br\/noticias\/wp-json\/wp\/v2\/users\/27"}],"replies":[{"embeddable":true,"href":"https:\/\/www.suno.com.br\/noticias\/wp-json\/wp\/v2\/comments?post=107457"}],"version-history":[{"count":0,"href":"https:\/\/www.suno.com.br\/noticias\/wp-json\/wp\/v2\/posts\/107457\/revisions"}],"wp:featuredmedia":[{"embeddable":true,"href":"https:\/\/www.suno.com.br\/noticias\/wp-json\/wp\/v2\/media\/106528"}],"wp:attachment":[{"href":"https:\/\/www.suno.com.br\/noticias\/wp-json\/wp\/v2\/media?parent=107457"}],"wp:term":[{"taxonomy":"category","embeddable":true,"href":"https:\/\/www.suno.com.br\/noticias\/wp-json\/wp\/v2\/categories?post=107457"},{"taxonomy":"post_tag","embeddable":true,"href":"https:\/\/www.suno.com.br\/noticias\/wp-json\/wp\/v2\/tags?post=107457"},{"taxonomy":"suno_strategy","embeddable":true,"href":"https:\/\/www.suno.com.br\/noticias\/wp-json\/wp\/v2\/suno_strategy?post=107457"}],"curies":[{"name":"wp","href":"https:\/\/api.w.org\/{rel}","templated":true}]}}