{"id":10741,"date":"2019-01-08T16:26:00","date_gmt":"2019-01-08T18:26:00","guid":{"rendered":"https:\/\/www.suno.com.br\/noticias\/?p=10741"},"modified":"2019-01-08T16:26:00","modified_gmt":"2019-01-08T18:26:00","slug":"producao-veiculos-brasil-cresce-2018","status":"publish","type":"post","link":"https:\/\/www.suno.com.br\/noticias\/producao-veiculos-brasil-cresce-2018\/","title":{"rendered":"Produ\u00e7\u00e3o de ve\u00edculos no Brasil cresce 6,7% em 2018, segundo Anfavea"},"content":{"rendered":"<p>Em 2018, a <strong>produ\u00e7\u00e3o de ve\u00edculos<\/strong> no Brasil cresceu 6,7% em compara\u00e7\u00e3o ao ano anterior, atingindo 2,88 milh\u00f5es de unidades. Em dezembro, somou 177,7 mil ve\u00edculos (uma queda de 16,8% em rela\u00e7\u00e3o a dezembro de 2017). Se comparado a novembro, a queda foi ainda maior: 27,4%.<\/p>\t<div class=\"wrapper-featured-image\">\n\t\t<figure class=\"spotlightImg\">\n\n\t\t\t<picture>\n\t\t\t\t<source media=\"(max-width: 768px)\" srcset=\"https:\/\/files.sunoresearch.com.br\/n\/uploads\/2018\/12\/1a6648a7-produ\u00e7\u00e3o-400x200.webp\">\n\t\t\t\t<img loading=\"lazy\" decoding=\"async\" class=\"newsContent__article__imgCapa lazyloadDisabled newsContent__article__imgCapa--noCaption\" src=\"https:\/\/files.sunoresearch.com.br\/n\/uploads\/2018\/12\/1a6648a7-produ\u00e7\u00e3o-800x450.webp\" width=\"800\" height=\"450\" alt=\"Produ\u00e7\u00e3o de ve\u00edculos no Brasil cresce 6,7% em 2018, segundo Anfavea\" fetchpriority=high \/>\n\t\t\t<\/picture>\n\n\t\t\t<figcaption class=\"wp-caption-text wp-caption-text--hide\">F\u00e1brica de ve\u00edculos (foto: divulga\u00e7\u00e3o)<\/figcaption>\n\t\t<\/figure>\n\t<\/div>\n\n\n<p>As informa\u00e7\u00f5es s\u00e3o da Associa\u00e7\u00e3o Nacional de Fabricantes de Ve\u00edculos Automotores (<strong>Anfavea<\/strong>), entidade que re\u00fane as principais montadoras do Pa\u00eds.<\/p>\n<p>Analisando por segmento, o destaque vai para a produ\u00e7\u00e3o de caminh\u00f5es, que subiu 27,1%, para 105,5 mil unidades. Em seguida, vem a de \u00f4nibus, que cresceu 38,2%, para 28,5 mil unidades. J\u00e1 para ve\u00edculos leves, o avan\u00e7o foi de 5,8%, para 2,75 milh\u00f5es de unidades.<\/p>\n<p>A Anfavea projetava um crescimento de 9% na produ\u00e7\u00e3o de ve\u00edculos no Brasil e de 11,4% nas vendas internas em 2019. Em unidades, espera-se que o volume produzido atinja 3,14 milh\u00f5es. Nas vendas para o mercado dom\u00e9stico, a proje\u00e7\u00e3o \u00e9 de 2,86 milh\u00f5es de ve\u00edculos.<\/p>\n<p>Por segmento, as vendas de autom\u00f3veis devem crescer 11,3% e a de ve\u00edculos pesados, 15,3%. A entidade tamb\u00e9m projeta que as exporta\u00e7\u00f5es devem atingir aproximadamente 590 mil unidades em 2019 (uma queda de 6,2%).<\/p>\n<p><a href=\"https:\/\/www.suno.com.br\/noticias\/venda-veiculos-brasil-cresce-anfavea\/\">Saiba mais: Venda de ve\u00edculos no Brasil cresce 14,6% em 2018, segundo Anfavea<\/a><\/p>\n<h2>A produ\u00e7\u00e3o de ve\u00edculos no Brasil nos \u00faltimos anos<\/h2>\n<p>Ap\u00f3s tr\u00eas anos em queda, a produ\u00e7\u00e3o nacional cresceu pelo segundo ano consecutivo. Confira a produ\u00e7\u00e3o de ve\u00edculos no Brasil desde 2012, em unidades produzidas:<\/p>\n<ul>\n<li><strong>2012:<\/strong> 3.402.963<\/li>\n<li><strong>2013:<\/strong> 3.712.736<\/li>\n<li><strong>2014:<\/strong> 3.146.386<\/li>\n<li><strong>2015:<\/strong> 2.429.421<\/li>\n<li><strong>2016:<\/strong> 2.156.356<\/li>\n<li><strong>2017:<\/strong> 2.699.672<\/li>\n<li><strong>2018:<\/strong> 2.880.724<\/li>\n<\/ul>\n<h2>Exporta\u00e7\u00e3o de ve\u00edculos no Brasil<\/h2>\n<p>Contrariando os \u00faltimos tr\u00eas anos, em que houve aumento na quantidade de unidades exportadas, 2018 embarcou menos ve\u00edculos. Confira:<\/p>\n<ul>\n<li><strong>2013:<\/strong> 565.111<\/li>\n<li><strong>2014:<\/strong>\u00a0334.219<\/li>\n<li><strong>2015:<\/strong>\u00a0417.333<\/li>\n<li><strong>2016:<\/strong>\u00a0520.137<\/li>\n<li><strong>2017:<\/strong>\u00a0766.013<\/li>\n<li><strong>2018:<\/strong>\u00a0629.175<\/li>\n<\/ul>\n","protected":false},"excerpt":{"rendered":"<p>Em 2018, a produ\u00e7\u00e3o de ve\u00edculos no Brasil cresceu 6,7% em compara\u00e7\u00e3o ao ano anterior, atingindo 2,88 milh\u00f5es de unidades. Em dezembro, somou 177,7 mil ve\u00edculos (uma queda de 16,8% em rela\u00e7\u00e3o a dezembro de 2017). Se comparado a novembro, a queda foi ainda maior: 27,4%. F\u00e1brica de ve\u00edculos (foto: divulga\u00e7\u00e3o) As informa\u00e7\u00f5es s\u00e3o da [&hellip;]<\/p>\n","protected":false},"author":13,"featured_media":8030,"comment_status":"closed","ping_status":"closed","sticky":false,"template":"","format":"standard","meta":[],"categories":[62,60],"tags":[941],"suno_strategy":[],"class_list":["post-10741","post","type-post","status-publish","format-standard","has-post-thumbnail","hentry","category-economia","category-mercado","tag-setor-automotivo"],"yoast_head":"<!-- This site is optimized with the Yoast SEO plugin v24.4 - https:\/\/yoast.com\/wordpress\/plugins\/seo\/ -->\n<title>Produ\u00e7\u00e3o de ve\u00edculos no Brasil cresce 6,7% em 2018, segundo Anfavea<\/title>\n<meta name=\"description\" content=\"Em 2018, a produ\u00e7\u00e3o de ve\u00edculos no Brasil cresceu 6,7% em compara\u00e7\u00e3o ao ano anterior, atingindo 2,88 milh\u00f5es de unidades. Clique e saiba +\" \/>\n<meta name=\"robots\" content=\"index, follow, max-snippet:-1, max-image-preview:large, max-video-preview:-1\" \/>\n<link rel=\"canonical\" href=\"https:\/\/www.suno.com.br\/noticias\/producao-veiculos-brasil-cresce-2018\/\" \/>\n<meta property=\"og:locale\" content=\"pt_BR\" \/>\n<meta property=\"og:type\" content=\"article\" \/>\n<meta property=\"og:title\" content=\"Produ\u00e7\u00e3o de ve\u00edculos no Brasil cresce 6,7% em 2018, segundo Anfavea\" \/>\n<meta property=\"og:description\" content=\"Em 2018, a produ\u00e7\u00e3o de ve\u00edculos no Brasil cresceu 6,7% em compara\u00e7\u00e3o ao ano anterior, atingindo 2,88 milh\u00f5es de unidades. Clique e saiba +\" \/>\n<meta property=\"og:url\" content=\"https:\/\/www.suno.com.br\/noticias\/producao-veiculos-brasil-cresce-2018\/\" \/>\n<meta property=\"og:site_name\" content=\"Suno Not\u00edcias\" \/>\n<meta property=\"article:publisher\" content=\"https:\/\/facebook.com\/sunoresearch\" \/>\n<meta property=\"og:image\" content=\"https:\/\/files.sunoresearch.com.br\/n\/uploads\/2018\/12\/1a6648a7-produ\u00e7\u00e3o-1024x683.jpg\" \/>\n\t<meta property=\"og:image:width\" content=\"1024\" \/>\n\t<meta property=\"og:image:height\" content=\"683\" \/>\n\t<meta property=\"og:image:type\" content=\"image\/jpeg\" \/>\n<meta name=\"author\" content=\"Guilherme Caetano\" \/>\n<meta name=\"twitter:card\" content=\"summary_large_image\" \/>\n<meta name=\"twitter:creator\" content=\"@sunoresearch\" \/>\n<meta name=\"twitter:site\" content=\"@sunoresearch\" \/>\n<meta name=\"twitter:label1\" content=\"Escrito por\" \/>\n\t<meta name=\"twitter:data1\" content=\"Guilherme Caetano\" \/>\n\t<meta name=\"twitter:label2\" content=\"Est. tempo de leitura\" \/>\n\t<meta name=\"twitter:data2\" content=\"1 minuto\" \/>\n<script type=\"application\/ld+json\" class=\"yoast-schema-graph\">{\"@context\":\"https:\/\/schema.org\",\"@graph\":[{\"@type\":\"NewsArticle\",\"@id\":\"https:\/\/www.suno.com.br\/noticias\/producao-veiculos-brasil-cresce-2018\/#article\",\"isPartOf\":{\"@id\":\"https:\/\/www.suno.com.br\/noticias\/producao-veiculos-brasil-cresce-2018\/\"},\"author\":{\"name\":\"Guilherme Caetano\",\"@id\":\"https:\/\/www.suno.com.br\/noticias\/#\/schema\/person\/0d0c9687cd2f600c564f25980c140de9\"},\"headline\":\"Produ\u00e7\u00e3o de ve\u00edculos no Brasil cresce 6,7% em 2018, segundo Anfavea\",\"datePublished\":\"2019-01-08T18:26:00+00:00\",\"mainEntityOfPage\":{\"@id\":\"https:\/\/www.suno.com.br\/noticias\/producao-veiculos-brasil-cresce-2018\/\"},\"wordCount\":284,\"publisher\":{\"@id\":\"https:\/\/www.suno.com.br\/noticias\/#organization\"},\"image\":{\"@id\":\"https:\/\/www.suno.com.br\/noticias\/producao-veiculos-brasil-cresce-2018\/#primaryimage\"},\"thumbnailUrl\":\"https:\/\/files.sunoresearch.com.br\/n\/uploads\/2018\/12\/1a6648a7-produ\u00e7\u00e3o-scaled.webp\",\"keywords\":[\"setor automotivo\"],\"articleSection\":[\"Economia\",\"Mercado\"],\"inLanguage\":\"pt-BR\"},{\"@type\":\"WebPage\",\"@id\":\"https:\/\/www.suno.com.br\/noticias\/producao-veiculos-brasil-cresce-2018\/\",\"url\":\"https:\/\/www.suno.com.br\/noticias\/producao-veiculos-brasil-cresce-2018\/\",\"name\":\"Produ\u00e7\u00e3o de ve\u00edculos no Brasil cresce 6,7% em 2018, segundo Anfavea\",\"isPartOf\":{\"@id\":\"https:\/\/www.suno.com.br\/noticias\/#website\"},\"primaryImageOfPage\":{\"@id\":\"https:\/\/www.suno.com.br\/noticias\/producao-veiculos-brasil-cresce-2018\/#primaryimage\"},\"image\":{\"@id\":\"https:\/\/www.suno.com.br\/noticias\/producao-veiculos-brasil-cresce-2018\/#primaryimage\"},\"thumbnailUrl\":\"https:\/\/files.sunoresearch.com.br\/n\/uploads\/2018\/12\/1a6648a7-produ\u00e7\u00e3o-scaled.webp\",\"datePublished\":\"2019-01-08T18:26:00+00:00\",\"description\":\"Em 2018, a produ\u00e7\u00e3o de ve\u00edculos no Brasil cresceu 6,7% em compara\u00e7\u00e3o ao ano anterior, atingindo 2,88 milh\u00f5es de unidades. Clique e saiba +\",\"breadcrumb\":{\"@id\":\"https:\/\/www.suno.com.br\/noticias\/producao-veiculos-brasil-cresce-2018\/#breadcrumb\"},\"inLanguage\":\"pt-BR\",\"potentialAction\":[{\"@type\":\"ReadAction\",\"target\":[\"https:\/\/www.suno.com.br\/noticias\/producao-veiculos-brasil-cresce-2018\/\"]}]},{\"@type\":\"ImageObject\",\"inLanguage\":\"pt-BR\",\"@id\":\"https:\/\/www.suno.com.br\/noticias\/producao-veiculos-brasil-cresce-2018\/#primaryimage\",\"url\":\"https:\/\/files.sunoresearch.com.br\/n\/uploads\/2018\/12\/1a6648a7-produ\u00e7\u00e3o-scaled.webp\",\"contentUrl\":\"https:\/\/files.sunoresearch.com.br\/n\/uploads\/2018\/12\/1a6648a7-produ\u00e7\u00e3o-scaled.webp\",\"width\":2560,\"height\":1707,\"caption\":\"F\u00e1brica de ve\u00edculos (foto: divulga\u00e7\u00e3o)\"},{\"@type\":\"BreadcrumbList\",\"@id\":\"https:\/\/www.suno.com.br\/noticias\/producao-veiculos-brasil-cresce-2018\/#breadcrumb\",\"itemListElement\":[{\"@type\":\"ListItem\",\"position\":1,\"name\":\"Not\u00edcias\",\"item\":\"https:\/\/www.suno.com.br\/noticias\/\"},{\"@type\":\"ListItem\",\"position\":2,\"name\":\"Mercado\",\"item\":\"https:\/\/www.suno.com.br\/noticias\/mercado\/\"},{\"@type\":\"ListItem\",\"position\":3,\"name\":\"Produ\u00e7\u00e3o de ve\u00edculos no Brasil cresce 6,7% em 2018, segundo Anfavea\"}]},{\"@type\":\"WebSite\",\"@id\":\"https:\/\/www.suno.com.br\/noticias\/#website\",\"url\":\"https:\/\/www.suno.com.br\/noticias\/\",\"name\":\"Suno Not\u00edcias\",\"description\":\"Seu portal de informa\u00e7\u00e3o sobre o mundo dos investimentos\",\"publisher\":{\"@id\":\"https:\/\/www.suno.com.br\/noticias\/#organization\"},\"potentialAction\":[{\"@type\":\"SearchAction\",\"target\":{\"@type\":\"EntryPoint\",\"urlTemplate\":\"https:\/\/www.suno.com.br\/noticias\/?s={search_term_string}\"},\"query-input\":{\"@type\":\"PropertyValueSpecification\",\"valueRequired\":true,\"valueName\":\"search_term_string\"}}],\"inLanguage\":\"pt-BR\"},{\"@type\":\"Organization\",\"@id\":\"https:\/\/www.suno.com.br\/noticias\/#organization\",\"name\":\"Suno Not\u00edcias\",\"url\":\"https:\/\/www.suno.com.br\/noticias\/\",\"logo\":{\"@type\":\"ImageObject\",\"inLanguage\":\"pt-BR\",\"@id\":\"https:\/\/www.suno.com.br\/noticias\/#\/schema\/logo\/image\/\",\"url\":\"https:\/\/files.sunoresearch.com.br\/n\/uploads\/2021\/09\/suno-logo.png\",\"contentUrl\":\"https:\/\/files.sunoresearch.com.br\/n\/uploads\/2021\/09\/suno-logo.png\",\"width\":180,\"height\":180,\"caption\":\"Suno Not\u00edcias\"},\"image\":{\"@id\":\"https:\/\/www.suno.com.br\/noticias\/#\/schema\/logo\/image\/\"},\"sameAs\":[\"https:\/\/facebook.com\/sunoresearch\",\"https:\/\/x.com\/sunoresearch\",\"https:\/\/www.instagram.com\/suno\",\"https:\/\/www.linkedin.com\/company\/suno-research\/\",\"https:\/\/www.youtube.com\/c\/sunoresearch\"]},{\"@type\":\"Person\",\"@id\":\"https:\/\/www.suno.com.br\/noticias\/#\/schema\/person\/0d0c9687cd2f600c564f25980c140de9\",\"name\":\"Guilherme Caetano\",\"image\":{\"@type\":\"ImageObject\",\"inLanguage\":\"pt-BR\",\"@id\":\"https:\/\/www.suno.com.br\/noticias\/#\/schema\/person\/image\/\",\"url\":\"https:\/\/secure.gravatar.com\/avatar\/e48357351a01702a0d19307070e081bf?s=96&r=g\",\"contentUrl\":\"https:\/\/secure.gravatar.com\/avatar\/e48357351a01702a0d19307070e081bf?s=96&r=g\",\"caption\":\"Guilherme Caetano\"},\"description\":\"Formado em jornalismo pela Escola de Comunica\u00e7\u00f5es e Artes da USP, Guilherme Caetano escreve para o portal de not\u00edcias da Suno Research. Passou pelas reda\u00e7\u00f5es da Folha de S.Paulo e da revista \u00c9poca.\",\"url\":\"https:\/\/www.suno.com.br\/noticias\/author\/guilherme-caetano\/\"}]}<\/script>\n<!-- \/ Yoast SEO plugin. -->","yoast_head_json":{"title":"Produ\u00e7\u00e3o de ve\u00edculos no Brasil cresce 6,7% em 2018, segundo Anfavea","description":"Em 2018, a produ\u00e7\u00e3o de ve\u00edculos no Brasil cresceu 6,7% em compara\u00e7\u00e3o ao ano anterior, atingindo 2,88 milh\u00f5es de unidades. Clique e saiba +","robots":{"index":"index","follow":"follow","max-snippet":"max-snippet:-1","max-image-preview":"max-image-preview:large","max-video-preview":"max-video-preview:-1"},"canonical":"https:\/\/www.suno.com.br\/noticias\/producao-veiculos-brasil-cresce-2018\/","og_locale":"pt_BR","og_type":"article","og_title":"Produ\u00e7\u00e3o de ve\u00edculos no Brasil cresce 6,7% em 2018, segundo Anfavea","og_description":"Em 2018, a produ\u00e7\u00e3o de ve\u00edculos no Brasil cresceu 6,7% em compara\u00e7\u00e3o ao ano anterior, atingindo 2,88 milh\u00f5es de unidades. Clique e saiba +","og_url":"https:\/\/www.suno.com.br\/noticias\/producao-veiculos-brasil-cresce-2018\/","og_site_name":"Suno Not\u00edcias","article_publisher":"https:\/\/facebook.com\/sunoresearch","og_image":[{"width":1024,"height":683,"url":"https:\/\/files.sunoresearch.com.br\/n\/uploads\/2018\/12\/1a6648a7-produ\u00e7\u00e3o-1024x683.jpg","type":"image\/jpeg"}],"author":"Guilherme Caetano","twitter_card":"summary_large_image","twitter_creator":"@sunoresearch","twitter_site":"@sunoresearch","twitter_misc":{"Escrito por":"Guilherme Caetano","Est. tempo de leitura":"1 minuto"},"schema":{"@context":"https:\/\/schema.org","@graph":[{"@type":"NewsArticle","@id":"https:\/\/www.suno.com.br\/noticias\/producao-veiculos-brasil-cresce-2018\/#article","isPartOf":{"@id":"https:\/\/www.suno.com.br\/noticias\/producao-veiculos-brasil-cresce-2018\/"},"author":{"name":"Guilherme Caetano","@id":"https:\/\/www.suno.com.br\/noticias\/#\/schema\/person\/0d0c9687cd2f600c564f25980c140de9"},"headline":"Produ\u00e7\u00e3o de ve\u00edculos no Brasil cresce 6,7% em 2018, segundo Anfavea","datePublished":"2019-01-08T18:26:00+00:00","mainEntityOfPage":{"@id":"https:\/\/www.suno.com.br\/noticias\/producao-veiculos-brasil-cresce-2018\/"},"wordCount":284,"publisher":{"@id":"https:\/\/www.suno.com.br\/noticias\/#organization"},"image":{"@id":"https:\/\/www.suno.com.br\/noticias\/producao-veiculos-brasil-cresce-2018\/#primaryimage"},"thumbnailUrl":"https:\/\/files.sunoresearch.com.br\/n\/uploads\/2018\/12\/1a6648a7-produ\u00e7\u00e3o-scaled.webp","keywords":["setor automotivo"],"articleSection":["Economia","Mercado"],"inLanguage":"pt-BR"},{"@type":"WebPage","@id":"https:\/\/www.suno.com.br\/noticias\/producao-veiculos-brasil-cresce-2018\/","url":"https:\/\/www.suno.com.br\/noticias\/producao-veiculos-brasil-cresce-2018\/","name":"Produ\u00e7\u00e3o de ve\u00edculos no Brasil cresce 6,7% em 2018, segundo Anfavea","isPartOf":{"@id":"https:\/\/www.suno.com.br\/noticias\/#website"},"primaryImageOfPage":{"@id":"https:\/\/www.suno.com.br\/noticias\/producao-veiculos-brasil-cresce-2018\/#primaryimage"},"image":{"@id":"https:\/\/www.suno.com.br\/noticias\/producao-veiculos-brasil-cresce-2018\/#primaryimage"},"thumbnailUrl":"https:\/\/files.sunoresearch.com.br\/n\/uploads\/2018\/12\/1a6648a7-produ\u00e7\u00e3o-scaled.webp","datePublished":"2019-01-08T18:26:00+00:00","description":"Em 2018, a produ\u00e7\u00e3o de ve\u00edculos no Brasil cresceu 6,7% em compara\u00e7\u00e3o ao ano anterior, atingindo 2,88 milh\u00f5es de unidades. Clique e saiba +","breadcrumb":{"@id":"https:\/\/www.suno.com.br\/noticias\/producao-veiculos-brasil-cresce-2018\/#breadcrumb"},"inLanguage":"pt-BR","potentialAction":[{"@type":"ReadAction","target":["https:\/\/www.suno.com.br\/noticias\/producao-veiculos-brasil-cresce-2018\/"]}]},{"@type":"ImageObject","inLanguage":"pt-BR","@id":"https:\/\/www.suno.com.br\/noticias\/producao-veiculos-brasil-cresce-2018\/#primaryimage","url":"https:\/\/files.sunoresearch.com.br\/n\/uploads\/2018\/12\/1a6648a7-produ\u00e7\u00e3o-scaled.webp","contentUrl":"https:\/\/files.sunoresearch.com.br\/n\/uploads\/2018\/12\/1a6648a7-produ\u00e7\u00e3o-scaled.webp","width":2560,"height":1707,"caption":"F\u00e1brica de ve\u00edculos (foto: divulga\u00e7\u00e3o)"},{"@type":"BreadcrumbList","@id":"https:\/\/www.suno.com.br\/noticias\/producao-veiculos-brasil-cresce-2018\/#breadcrumb","itemListElement":[{"@type":"ListItem","position":1,"name":"Not\u00edcias","item":"https:\/\/www.suno.com.br\/noticias\/"},{"@type":"ListItem","position":2,"name":"Mercado","item":"https:\/\/www.suno.com.br\/noticias\/mercado\/"},{"@type":"ListItem","position":3,"name":"Produ\u00e7\u00e3o de ve\u00edculos no Brasil cresce 6,7% em 2018, segundo Anfavea"}]},{"@type":"WebSite","@id":"https:\/\/www.suno.com.br\/noticias\/#website","url":"https:\/\/www.suno.com.br\/noticias\/","name":"Suno Not\u00edcias","description":"Seu portal de informa\u00e7\u00e3o sobre o mundo dos investimentos","publisher":{"@id":"https:\/\/www.suno.com.br\/noticias\/#organization"},"potentialAction":[{"@type":"SearchAction","target":{"@type":"EntryPoint","urlTemplate":"https:\/\/www.suno.com.br\/noticias\/?s={search_term_string}"},"query-input":{"@type":"PropertyValueSpecification","valueRequired":true,"valueName":"search_term_string"}}],"inLanguage":"pt-BR"},{"@type":"Organization","@id":"https:\/\/www.suno.com.br\/noticias\/#organization","name":"Suno Not\u00edcias","url":"https:\/\/www.suno.com.br\/noticias\/","logo":{"@type":"ImageObject","inLanguage":"pt-BR","@id":"https:\/\/www.suno.com.br\/noticias\/#\/schema\/logo\/image\/","url":"https:\/\/files.sunoresearch.com.br\/n\/uploads\/2021\/09\/suno-logo.png","contentUrl":"https:\/\/files.sunoresearch.com.br\/n\/uploads\/2021\/09\/suno-logo.png","width":180,"height":180,"caption":"Suno Not\u00edcias"},"image":{"@id":"https:\/\/www.suno.com.br\/noticias\/#\/schema\/logo\/image\/"},"sameAs":["https:\/\/facebook.com\/sunoresearch","https:\/\/x.com\/sunoresearch","https:\/\/www.instagram.com\/suno","https:\/\/www.linkedin.com\/company\/suno-research\/","https:\/\/www.youtube.com\/c\/sunoresearch"]},{"@type":"Person","@id":"https:\/\/www.suno.com.br\/noticias\/#\/schema\/person\/0d0c9687cd2f600c564f25980c140de9","name":"Guilherme Caetano","image":{"@type":"ImageObject","inLanguage":"pt-BR","@id":"https:\/\/www.suno.com.br\/noticias\/#\/schema\/person\/image\/","url":"https:\/\/secure.gravatar.com\/avatar\/e48357351a01702a0d19307070e081bf?s=96&r=g","contentUrl":"https:\/\/secure.gravatar.com\/avatar\/e48357351a01702a0d19307070e081bf?s=96&r=g","caption":"Guilherme Caetano"},"description":"Formado em jornalismo pela Escola de Comunica\u00e7\u00f5es e Artes da USP, Guilherme Caetano escreve para o portal de not\u00edcias da Suno Research. Passou pelas reda\u00e7\u00f5es da Folha de S.Paulo e da revista \u00c9poca.","url":"https:\/\/www.suno.com.br\/noticias\/author\/guilherme-caetano\/"}]}},"default_loop_html":"<div class=\"cardsPage__listCard__boxs\"><div class=\"cardsPage__listCard__boxs__img\"><a href=\"https:\/\/www.suno.com.br\/noticias\/producao-veiculos-brasil-cresce-2018\/\"><img class=\"mask\" src=\"https:\/\/www.suno.com.br\/noticias\/wp-content\/themes\/suno\/resources\/images\/spotlight\/spotlight1img\/bg-mask.png\" alt=\"Image Mask\"\/><img src=\"https:\/\/files.sunoresearch.com.br\/n\/uploads\/2018\/12\/1a6648a7-produ\u00e7\u00e3o-400x200.webp\" alt=\"Produ\u00e7\u00e3o de ve\u00edculos no Brasil cresce 6,7% em 2018, segundo Anfavea\"\/><\/a><span class=\"spotlightCategory\"><a href=\"https:\/\/www.suno.com.br\/noticias\/economia\/\">Economia<\/a><\/span><\/div><div class=\"cardsPage__listCard__boxs__content\"><a href=\"https:\/\/www.suno.com.br\/noticias\/producao-veiculos-brasil-cresce-2018\/\"><h2 class=\"content__title\">Produ\u00e7\u00e3o de ve\u00edculos no Brasil cresce 6,7% em 2018, segundo Anfavea<\/h2><\/a><div class=\"newsContent__article__meta\"><div class=\"newsContent__article__meta__authorBox\"><a href=\"https:\/\/www.suno.com.br\/noticias\/author\/guilherme-caetano\/\" class=\"authorBox__avatar noMobi\"><img src=\"https:\/\/secure.gravatar.com\/avatar\/e48357351a01702a0d19307070e081bf?s=96&#038;r=g\" alt=\"Guilherme Caetano\"><\/a><div class=\"authorBox__name\"><span>por\n\t\t\t<a href=\"https:\/\/www.suno.com.br\/noticias\/author\/guilherme-caetano\/\"><span itemprop=\"author\">Guilherme Caetano<\/span><\/a><\/span><time datetime=\"2019-01-08T16:26:00-02:00\" itemprop=\"datePublished\">08\/01\/2019 16:26<\/time><\/div><\/div><\/div><\/div><\/div>","single_layout":"posts","amp_enabled":true,"_links":{"self":[{"href":"https:\/\/www.suno.com.br\/noticias\/wp-json\/wp\/v2\/posts\/10741"}],"collection":[{"href":"https:\/\/www.suno.com.br\/noticias\/wp-json\/wp\/v2\/posts"}],"about":[{"href":"https:\/\/www.suno.com.br\/noticias\/wp-json\/wp\/v2\/types\/post"}],"author":[{"embeddable":true,"href":"https:\/\/www.suno.com.br\/noticias\/wp-json\/wp\/v2\/users\/13"}],"replies":[{"embeddable":true,"href":"https:\/\/www.suno.com.br\/noticias\/wp-json\/wp\/v2\/comments?post=10741"}],"version-history":[{"count":0,"href":"https:\/\/www.suno.com.br\/noticias\/wp-json\/wp\/v2\/posts\/10741\/revisions"}],"wp:featuredmedia":[{"embeddable":true,"href":"https:\/\/www.suno.com.br\/noticias\/wp-json\/wp\/v2\/media\/8030"}],"wp:attachment":[{"href":"https:\/\/www.suno.com.br\/noticias\/wp-json\/wp\/v2\/media?parent=10741"}],"wp:term":[{"taxonomy":"category","embeddable":true,"href":"https:\/\/www.suno.com.br\/noticias\/wp-json\/wp\/v2\/categories?post=10741"},{"taxonomy":"post_tag","embeddable":true,"href":"https:\/\/www.suno.com.br\/noticias\/wp-json\/wp\/v2\/tags?post=10741"},{"taxonomy":"suno_strategy","embeddable":true,"href":"https:\/\/www.suno.com.br\/noticias\/wp-json\/wp\/v2\/suno_strategy?post=10741"}],"curies":[{"name":"wp","href":"https:\/\/api.w.org\/{rel}","templated":true}]}}