{"id":10733,"date":"2019-01-08T16:19:15","date_gmt":"2019-01-08T18:19:15","guid":{"rendered":"https:\/\/www.suno.com.br\/noticias\/?p=10733"},"modified":"2019-01-09T00:57:52","modified_gmt":"2019-01-09T02:57:52","slug":"samsung-estima-lucro-trimestre","status":"publish","type":"post","link":"https:\/\/www.suno.com.br\/noticias\/samsung-estima-lucro-trimestre\/","title":{"rendered":"Samsung estima queda de 29% no lucro do 4\u00ba trimestre"},"content":{"rendered":"<p>A Samsung anunciou nesta ter\u00e7a-feira (08) uma queda de 29% no lucro do 4\u00ba trimestre.<\/p>\t<div class=\"wrapper-featured-image\">\n\t\t<figure class=\"spotlightImg\">\n\n\t\t\t<picture>\n\t\t\t\t<source media=\"(max-width: 768px)\" srcset=\"https:\/\/files.sunoresearch.com.br\/n\/uploads\/2019\/01\/7473b099-samsung-400x200.webp\">\n\t\t\t\t<img loading=\"lazy\" decoding=\"async\" class=\"newsContent__article__imgCapa lazyloadDisabled newsContent__article__imgCapa--noCaption\" src=\"https:\/\/files.sunoresearch.com.br\/n\/uploads\/2019\/01\/7473b099-samsung-800x450.webp\" width=\"800\" height=\"450\" alt=\"Samsung estima queda de 29% no lucro do 4\u00ba trimestre\" fetchpriority=high \/>\n\t\t\t<\/picture>\n\n\t\t\t<figcaption class=\"wp-caption-text wp-caption-text--hide\">Samsung<\/figcaption>\n\t\t<\/figure>\n\t<\/div>\n\n\n<p>Segundo a <strong>Samsung<\/strong>, o principal fator que motivou a perda foi a fraqueza da demanda por chips.<\/p>\n<p><a href=\"https:\/\/www.suno.com.br\/noticias\/lg-electronics-queda-lucro-operacional\/\">Saiba mais: LG Electronics anuncia poss\u00edvel queda de 80% em lucro operacional<\/a><\/p>\n<p>Al\u00e9m disso, a companhia sul-coreana informou que os lucros do 1\u00ba trimestre tamb\u00e9m ser\u00e3o afetados pelas condi\u00e7\u00f5es dif\u00edceis no mercado de chips de mem\u00f3ria.<\/p>\n<p>No entanto, a Samsung afirmou que haver\u00e1 melhoras nos lucros no 2\u00ba semestre desde ano devido o lan\u00e7amento de novos celulares inteligentes.<\/p>\n<p>A sul-coreana estimou para o quarto trimestre, entre os meses de outubro e dezembro, lucro operacional de 10,8 milh\u00f5es de wons (US$ 9,67 milh\u00f5es). O n\u00famero ficou abaixo da expectativa m\u00e9dia de 13,2 bilh\u00f5es de wons fornecida pela I\/B\/E\/S Refinitiv junto a 26 analistas. Ademais, a companhia tamb\u00e9m previu uma queda de 11% na receita, a 59 milh\u00f5es de wons.<\/p>\n<p>Em um coment\u00e1rio sobre a divulga\u00e7\u00e3o da pr\u00e9via, a Samsung afirmou que a demanda mais fraca que o esperado nas centrais de processamento de dados, reduziu os pre\u00e7os dos chips. Este fato prejudicou os lucros da empresa.<\/p>\n<p><a href=\"https:\/\/www.suno.com.br\/noticias\/coreia-norte-china\/\">Saiba mais: L\u00edder da Coreia do Norte visita a China para encontrar presidente<\/a><\/p>\n<p>&#8220;Investimento menor das centrais de dados, um mercado j\u00e1 ruim para smartphones na China, e o impacto da guerra comercial entre EUA e China atingiram os neg\u00f3cios da Samsung&#8221;, disse Kim ang-jae, analista da KTB Investment &amp; Securities.<\/p>\n<h2>Sinal de alerta<\/h2>\n<p>O an\u00fancio da queda do lucro da <strong>Samsung<\/strong> vem acompanhada dos resultados negativos da <strong>Apple<\/strong>, que obteve na semana passada uma perda de US$ 72,4 bilh\u00f5es. A perda \u00e9 maior em cinco anos. Al\u00e9m disso, a gigante norte-americana cortou sua previs\u00e3o de vendas trimestrais para a <strong>China<\/strong>.<\/p>\n","protected":false},"excerpt":{"rendered":"<p>A Samsung anunciou nesta ter\u00e7a-feira (08) uma queda de 29% no lucro do 4\u00ba trimestre. Samsung Segundo a Samsung, o principal fator que motivou a perda foi a fraqueza da demanda por chips. Saiba mais: LG Electronics anuncia poss\u00edvel queda de 80% em lucro operacional Al\u00e9m disso, a companhia sul-coreana informou que os lucros do [&hellip;]<\/p>\n","protected":false},"author":14,"featured_media":10751,"comment_status":"closed","ping_status":"closed","sticky":false,"template":"","format":"standard","meta":[],"categories":[64],"tags":[944],"suno_strategy":[],"class_list":["post-10733","post","type-post","status-publish","format-standard","has-post-thumbnail","hentry","category-negocios","tag-samsung"],"yoast_head":"<!-- This site is optimized with the Yoast SEO plugin v24.4 - https:\/\/yoast.com\/wordpress\/plugins\/seo\/ -->\n<title>Samsung estima queda de 29% no lucro do 4\u00ba trimestre<\/title>\n<meta name=\"description\" content=\"A Sansung informou que os lucros do 1\u00ba trimestre de 2019 tamb\u00e9m ser\u00e3o afetados pelas condi\u00e7\u00f5es dif\u00edceis no mercado. Clique para saber mais.\" \/>\n<meta name=\"robots\" content=\"index, follow, max-snippet:-1, max-image-preview:large, max-video-preview:-1\" \/>\n<link rel=\"canonical\" href=\"https:\/\/www.suno.com.br\/noticias\/samsung-estima-lucro-trimestre\/\" \/>\n<meta property=\"og:locale\" content=\"pt_BR\" \/>\n<meta property=\"og:type\" content=\"article\" \/>\n<meta property=\"og:title\" content=\"Samsung estima queda de 29% no lucro do 4\u00ba trimestre\" \/>\n<meta property=\"og:description\" content=\"A Sansung informou que os lucros do 1\u00ba trimestre de 2019 tamb\u00e9m ser\u00e3o afetados pelas condi\u00e7\u00f5es dif\u00edceis no mercado. Clique para saber mais.\" \/>\n<meta property=\"og:url\" content=\"https:\/\/www.suno.com.br\/noticias\/samsung-estima-lucro-trimestre\/\" \/>\n<meta property=\"og:site_name\" content=\"Suno Not\u00edcias\" \/>\n<meta property=\"article:publisher\" content=\"https:\/\/facebook.com\/sunoresearch\" \/>\n<meta property=\"og:image\" content=\"https:\/\/files.sunoresearch.com.br\/n\/uploads\/2019\/01\/7473b099-samsung.jpg\" \/>\n\t<meta property=\"og:image:width\" content=\"800\" \/>\n\t<meta property=\"og:image:height\" content=\"533\" \/>\n\t<meta property=\"og:image:type\" content=\"image\/jpeg\" \/>\n<meta name=\"author\" content=\"Renan Dantas\" \/>\n<meta name=\"twitter:card\" content=\"summary_large_image\" \/>\n<meta name=\"twitter:creator\" content=\"@sunoresearch\" \/>\n<meta name=\"twitter:site\" content=\"@sunoresearch\" \/>\n<meta name=\"twitter:label1\" content=\"Escrito por\" \/>\n\t<meta name=\"twitter:data1\" content=\"Renan Dantas\" \/>\n\t<meta name=\"twitter:label2\" content=\"Est. tempo de leitura\" \/>\n\t<meta name=\"twitter:data2\" content=\"2 minutos\" \/>\n<script type=\"application\/ld+json\" class=\"yoast-schema-graph\">{\"@context\":\"https:\/\/schema.org\",\"@graph\":[{\"@type\":\"NewsArticle\",\"@id\":\"https:\/\/www.suno.com.br\/noticias\/samsung-estima-lucro-trimestre\/#article\",\"isPartOf\":{\"@id\":\"https:\/\/www.suno.com.br\/noticias\/samsung-estima-lucro-trimestre\/\"},\"author\":{\"name\":\"Renan Dantas\",\"@id\":\"https:\/\/www.suno.com.br\/noticias\/#\/schema\/person\/3f7693d5795a3f6d5ce15309ee785699\"},\"headline\":\"Samsung estima queda de 29% no lucro do 4\u00ba trimestre\",\"datePublished\":\"2019-01-08T18:19:15+00:00\",\"dateModified\":\"2019-01-09T02:57:52+00:00\",\"mainEntityOfPage\":{\"@id\":\"https:\/\/www.suno.com.br\/noticias\/samsung-estima-lucro-trimestre\/\"},\"wordCount\":311,\"publisher\":{\"@id\":\"https:\/\/www.suno.com.br\/noticias\/#organization\"},\"image\":{\"@id\":\"https:\/\/www.suno.com.br\/noticias\/samsung-estima-lucro-trimestre\/#primaryimage\"},\"thumbnailUrl\":\"https:\/\/files.sunoresearch.com.br\/n\/uploads\/2019\/01\/7473b099-samsung-jpg.webp\",\"keywords\":[\"Samsung\"],\"articleSection\":[\"Neg\u00f3cios\"],\"inLanguage\":\"pt-BR\"},{\"@type\":\"WebPage\",\"@id\":\"https:\/\/www.suno.com.br\/noticias\/samsung-estima-lucro-trimestre\/\",\"url\":\"https:\/\/www.suno.com.br\/noticias\/samsung-estima-lucro-trimestre\/\",\"name\":\"Samsung estima queda de 29% no lucro do 4\u00ba trimestre\",\"isPartOf\":{\"@id\":\"https:\/\/www.suno.com.br\/noticias\/#website\"},\"primaryImageOfPage\":{\"@id\":\"https:\/\/www.suno.com.br\/noticias\/samsung-estima-lucro-trimestre\/#primaryimage\"},\"image\":{\"@id\":\"https:\/\/www.suno.com.br\/noticias\/samsung-estima-lucro-trimestre\/#primaryimage\"},\"thumbnailUrl\":\"https:\/\/files.sunoresearch.com.br\/n\/uploads\/2019\/01\/7473b099-samsung-jpg.webp\",\"datePublished\":\"2019-01-08T18:19:15+00:00\",\"dateModified\":\"2019-01-09T02:57:52+00:00\",\"description\":\"A Sansung informou que os lucros do 1\u00ba trimestre de 2019 tamb\u00e9m ser\u00e3o afetados pelas condi\u00e7\u00f5es dif\u00edceis no mercado. Clique para saber mais.\",\"breadcrumb\":{\"@id\":\"https:\/\/www.suno.com.br\/noticias\/samsung-estima-lucro-trimestre\/#breadcrumb\"},\"inLanguage\":\"pt-BR\",\"potentialAction\":[{\"@type\":\"ReadAction\",\"target\":[\"https:\/\/www.suno.com.br\/noticias\/samsung-estima-lucro-trimestre\/\"]}]},{\"@type\":\"ImageObject\",\"inLanguage\":\"pt-BR\",\"@id\":\"https:\/\/www.suno.com.br\/noticias\/samsung-estima-lucro-trimestre\/#primaryimage\",\"url\":\"https:\/\/files.sunoresearch.com.br\/n\/uploads\/2019\/01\/7473b099-samsung-jpg.webp\",\"contentUrl\":\"https:\/\/files.sunoresearch.com.br\/n\/uploads\/2019\/01\/7473b099-samsung-jpg.webp\",\"width\":800,\"height\":533,\"caption\":\"Samsung\"},{\"@type\":\"BreadcrumbList\",\"@id\":\"https:\/\/www.suno.com.br\/noticias\/samsung-estima-lucro-trimestre\/#breadcrumb\",\"itemListElement\":[{\"@type\":\"ListItem\",\"position\":1,\"name\":\"Not\u00edcias\",\"item\":\"https:\/\/www.suno.com.br\/noticias\/\"},{\"@type\":\"ListItem\",\"position\":2,\"name\":\"Neg\u00f3cios\",\"item\":\"https:\/\/www.suno.com.br\/noticias\/negocios\/\"},{\"@type\":\"ListItem\",\"position\":3,\"name\":\"Samsung estima queda de 29% no lucro do 4\u00ba trimestre\"}]},{\"@type\":\"WebSite\",\"@id\":\"https:\/\/www.suno.com.br\/noticias\/#website\",\"url\":\"https:\/\/www.suno.com.br\/noticias\/\",\"name\":\"Suno Not\u00edcias\",\"description\":\"Seu portal de informa\u00e7\u00e3o sobre o mundo dos investimentos\",\"publisher\":{\"@id\":\"https:\/\/www.suno.com.br\/noticias\/#organization\"},\"potentialAction\":[{\"@type\":\"SearchAction\",\"target\":{\"@type\":\"EntryPoint\",\"urlTemplate\":\"https:\/\/www.suno.com.br\/noticias\/?s={search_term_string}\"},\"query-input\":{\"@type\":\"PropertyValueSpecification\",\"valueRequired\":true,\"valueName\":\"search_term_string\"}}],\"inLanguage\":\"pt-BR\"},{\"@type\":\"Organization\",\"@id\":\"https:\/\/www.suno.com.br\/noticias\/#organization\",\"name\":\"Suno Not\u00edcias\",\"url\":\"https:\/\/www.suno.com.br\/noticias\/\",\"logo\":{\"@type\":\"ImageObject\",\"inLanguage\":\"pt-BR\",\"@id\":\"https:\/\/www.suno.com.br\/noticias\/#\/schema\/logo\/image\/\",\"url\":\"https:\/\/files.sunoresearch.com.br\/n\/uploads\/2021\/09\/suno-logo.png\",\"contentUrl\":\"https:\/\/files.sunoresearch.com.br\/n\/uploads\/2021\/09\/suno-logo.png\",\"width\":180,\"height\":180,\"caption\":\"Suno Not\u00edcias\"},\"image\":{\"@id\":\"https:\/\/www.suno.com.br\/noticias\/#\/schema\/logo\/image\/\"},\"sameAs\":[\"https:\/\/facebook.com\/sunoresearch\",\"https:\/\/x.com\/sunoresearch\",\"https:\/\/www.instagram.com\/suno\",\"https:\/\/www.linkedin.com\/company\/suno-research\/\",\"https:\/\/www.youtube.com\/c\/sunoresearch\"]},{\"@type\":\"Person\",\"@id\":\"https:\/\/www.suno.com.br\/noticias\/#\/schema\/person\/3f7693d5795a3f6d5ce15309ee785699\",\"name\":\"Renan Dantas\",\"image\":{\"@type\":\"ImageObject\",\"inLanguage\":\"pt-BR\",\"@id\":\"https:\/\/www.suno.com.br\/noticias\/#\/schema\/person\/image\/\",\"url\":\"https:\/\/secure.gravatar.com\/avatar\/1787b83e7484a08e51d62ac8b41c8396?s=96&r=g\",\"contentUrl\":\"https:\/\/secure.gravatar.com\/avatar\/1787b83e7484a08e51d62ac8b41c8396?s=96&r=g\",\"caption\":\"Renan Dantas\"},\"description\":\"Escreve sobre pol\u00edtica e mercado financeiro para o portal Suno Not\u00edcias. Antes, atuou na assessoria de comunica\u00e7\u00e3o do Minist\u00e9rio P\u00fablico do Trabalho e na R\u00e1dio Mackenzie, onde apresentava e produzia um programa sobre artistas da m\u00fasica brasileira. \u00c9 estudante na Universidade Presbiteriana Mackenzie.\",\"url\":\"https:\/\/www.suno.com.br\/noticias\/author\/renan-dantas\/\"}]}<\/script>\n<!-- \/ Yoast SEO plugin. -->","yoast_head_json":{"title":"Samsung estima queda de 29% no lucro do 4\u00ba trimestre","description":"A Sansung informou que os lucros do 1\u00ba trimestre de 2019 tamb\u00e9m ser\u00e3o afetados pelas condi\u00e7\u00f5es dif\u00edceis no mercado. Clique para saber mais.","robots":{"index":"index","follow":"follow","max-snippet":"max-snippet:-1","max-image-preview":"max-image-preview:large","max-video-preview":"max-video-preview:-1"},"canonical":"https:\/\/www.suno.com.br\/noticias\/samsung-estima-lucro-trimestre\/","og_locale":"pt_BR","og_type":"article","og_title":"Samsung estima queda de 29% no lucro do 4\u00ba trimestre","og_description":"A Sansung informou que os lucros do 1\u00ba trimestre de 2019 tamb\u00e9m ser\u00e3o afetados pelas condi\u00e7\u00f5es dif\u00edceis no mercado. Clique para saber mais.","og_url":"https:\/\/www.suno.com.br\/noticias\/samsung-estima-lucro-trimestre\/","og_site_name":"Suno Not\u00edcias","article_publisher":"https:\/\/facebook.com\/sunoresearch","og_image":[{"width":800,"height":533,"url":"https:\/\/files.sunoresearch.com.br\/n\/uploads\/2019\/01\/7473b099-samsung.jpg","type":"image\/jpeg"}],"author":"Renan Dantas","twitter_card":"summary_large_image","twitter_creator":"@sunoresearch","twitter_site":"@sunoresearch","twitter_misc":{"Escrito por":"Renan Dantas","Est. tempo de leitura":"2 minutos"},"schema":{"@context":"https:\/\/schema.org","@graph":[{"@type":"NewsArticle","@id":"https:\/\/www.suno.com.br\/noticias\/samsung-estima-lucro-trimestre\/#article","isPartOf":{"@id":"https:\/\/www.suno.com.br\/noticias\/samsung-estima-lucro-trimestre\/"},"author":{"name":"Renan Dantas","@id":"https:\/\/www.suno.com.br\/noticias\/#\/schema\/person\/3f7693d5795a3f6d5ce15309ee785699"},"headline":"Samsung estima queda de 29% no lucro do 4\u00ba trimestre","datePublished":"2019-01-08T18:19:15+00:00","dateModified":"2019-01-09T02:57:52+00:00","mainEntityOfPage":{"@id":"https:\/\/www.suno.com.br\/noticias\/samsung-estima-lucro-trimestre\/"},"wordCount":311,"publisher":{"@id":"https:\/\/www.suno.com.br\/noticias\/#organization"},"image":{"@id":"https:\/\/www.suno.com.br\/noticias\/samsung-estima-lucro-trimestre\/#primaryimage"},"thumbnailUrl":"https:\/\/files.sunoresearch.com.br\/n\/uploads\/2019\/01\/7473b099-samsung-jpg.webp","keywords":["Samsung"],"articleSection":["Neg\u00f3cios"],"inLanguage":"pt-BR"},{"@type":"WebPage","@id":"https:\/\/www.suno.com.br\/noticias\/samsung-estima-lucro-trimestre\/","url":"https:\/\/www.suno.com.br\/noticias\/samsung-estima-lucro-trimestre\/","name":"Samsung estima queda de 29% no lucro do 4\u00ba trimestre","isPartOf":{"@id":"https:\/\/www.suno.com.br\/noticias\/#website"},"primaryImageOfPage":{"@id":"https:\/\/www.suno.com.br\/noticias\/samsung-estima-lucro-trimestre\/#primaryimage"},"image":{"@id":"https:\/\/www.suno.com.br\/noticias\/samsung-estima-lucro-trimestre\/#primaryimage"},"thumbnailUrl":"https:\/\/files.sunoresearch.com.br\/n\/uploads\/2019\/01\/7473b099-samsung-jpg.webp","datePublished":"2019-01-08T18:19:15+00:00","dateModified":"2019-01-09T02:57:52+00:00","description":"A Sansung informou que os lucros do 1\u00ba trimestre de 2019 tamb\u00e9m ser\u00e3o afetados pelas condi\u00e7\u00f5es dif\u00edceis no mercado. Clique para saber mais.","breadcrumb":{"@id":"https:\/\/www.suno.com.br\/noticias\/samsung-estima-lucro-trimestre\/#breadcrumb"},"inLanguage":"pt-BR","potentialAction":[{"@type":"ReadAction","target":["https:\/\/www.suno.com.br\/noticias\/samsung-estima-lucro-trimestre\/"]}]},{"@type":"ImageObject","inLanguage":"pt-BR","@id":"https:\/\/www.suno.com.br\/noticias\/samsung-estima-lucro-trimestre\/#primaryimage","url":"https:\/\/files.sunoresearch.com.br\/n\/uploads\/2019\/01\/7473b099-samsung-jpg.webp","contentUrl":"https:\/\/files.sunoresearch.com.br\/n\/uploads\/2019\/01\/7473b099-samsung-jpg.webp","width":800,"height":533,"caption":"Samsung"},{"@type":"BreadcrumbList","@id":"https:\/\/www.suno.com.br\/noticias\/samsung-estima-lucro-trimestre\/#breadcrumb","itemListElement":[{"@type":"ListItem","position":1,"name":"Not\u00edcias","item":"https:\/\/www.suno.com.br\/noticias\/"},{"@type":"ListItem","position":2,"name":"Neg\u00f3cios","item":"https:\/\/www.suno.com.br\/noticias\/negocios\/"},{"@type":"ListItem","position":3,"name":"Samsung estima queda de 29% no lucro do 4\u00ba trimestre"}]},{"@type":"WebSite","@id":"https:\/\/www.suno.com.br\/noticias\/#website","url":"https:\/\/www.suno.com.br\/noticias\/","name":"Suno Not\u00edcias","description":"Seu portal de informa\u00e7\u00e3o sobre o mundo dos investimentos","publisher":{"@id":"https:\/\/www.suno.com.br\/noticias\/#organization"},"potentialAction":[{"@type":"SearchAction","target":{"@type":"EntryPoint","urlTemplate":"https:\/\/www.suno.com.br\/noticias\/?s={search_term_string}"},"query-input":{"@type":"PropertyValueSpecification","valueRequired":true,"valueName":"search_term_string"}}],"inLanguage":"pt-BR"},{"@type":"Organization","@id":"https:\/\/www.suno.com.br\/noticias\/#organization","name":"Suno Not\u00edcias","url":"https:\/\/www.suno.com.br\/noticias\/","logo":{"@type":"ImageObject","inLanguage":"pt-BR","@id":"https:\/\/www.suno.com.br\/noticias\/#\/schema\/logo\/image\/","url":"https:\/\/files.sunoresearch.com.br\/n\/uploads\/2021\/09\/suno-logo.png","contentUrl":"https:\/\/files.sunoresearch.com.br\/n\/uploads\/2021\/09\/suno-logo.png","width":180,"height":180,"caption":"Suno Not\u00edcias"},"image":{"@id":"https:\/\/www.suno.com.br\/noticias\/#\/schema\/logo\/image\/"},"sameAs":["https:\/\/facebook.com\/sunoresearch","https:\/\/x.com\/sunoresearch","https:\/\/www.instagram.com\/suno","https:\/\/www.linkedin.com\/company\/suno-research\/","https:\/\/www.youtube.com\/c\/sunoresearch"]},{"@type":"Person","@id":"https:\/\/www.suno.com.br\/noticias\/#\/schema\/person\/3f7693d5795a3f6d5ce15309ee785699","name":"Renan Dantas","image":{"@type":"ImageObject","inLanguage":"pt-BR","@id":"https:\/\/www.suno.com.br\/noticias\/#\/schema\/person\/image\/","url":"https:\/\/secure.gravatar.com\/avatar\/1787b83e7484a08e51d62ac8b41c8396?s=96&r=g","contentUrl":"https:\/\/secure.gravatar.com\/avatar\/1787b83e7484a08e51d62ac8b41c8396?s=96&r=g","caption":"Renan Dantas"},"description":"Escreve sobre pol\u00edtica e mercado financeiro para o portal Suno Not\u00edcias. Antes, atuou na assessoria de comunica\u00e7\u00e3o do Minist\u00e9rio P\u00fablico do Trabalho e na R\u00e1dio Mackenzie, onde apresentava e produzia um programa sobre artistas da m\u00fasica brasileira. \u00c9 estudante na Universidade Presbiteriana Mackenzie.","url":"https:\/\/www.suno.com.br\/noticias\/author\/renan-dantas\/"}]}},"default_loop_html":"<div class=\"cardsPage__listCard__boxs\"><div class=\"cardsPage__listCard__boxs__img\"><a href=\"https:\/\/www.suno.com.br\/noticias\/samsung-estima-lucro-trimestre\/\"><img class=\"mask\" src=\"https:\/\/www.suno.com.br\/noticias\/wp-content\/themes\/suno\/resources\/images\/spotlight\/spotlight1img\/bg-mask.png\" alt=\"Image Mask\"\/><img src=\"https:\/\/files.sunoresearch.com.br\/n\/uploads\/2019\/01\/7473b099-samsung-400x200.webp\" alt=\"Samsung estima queda de 29% no lucro do 4\u00ba trimestre\"\/><\/a><span class=\"spotlightCategory\"><a href=\"https:\/\/www.suno.com.br\/noticias\/negocios\/\">Neg\u00f3cios<\/a><\/span><\/div><div class=\"cardsPage__listCard__boxs__content\"><a href=\"https:\/\/www.suno.com.br\/noticias\/samsung-estima-lucro-trimestre\/\"><h2 class=\"content__title\">Samsung estima queda de 29% no lucro do 4\u00ba trimestre<\/h2><\/a><div class=\"newsContent__article__meta\"><div class=\"newsContent__article__meta__authorBox\"><a href=\"https:\/\/www.suno.com.br\/noticias\/author\/renan-dantas\/\" class=\"authorBox__avatar noMobi\"><img src=\"https:\/\/secure.gravatar.com\/avatar\/1787b83e7484a08e51d62ac8b41c8396?s=96&#038;r=g\" alt=\"Renan Dantas\"><\/a><div class=\"authorBox__name\"><span>por\n\t\t\t<a href=\"https:\/\/www.suno.com.br\/noticias\/author\/renan-dantas\/\"><span itemprop=\"author\">Renan Dantas<\/span><\/a><\/span><time datetime=\"2019-01-08T16:19:15-02:00\" itemprop=\"datePublished\">08\/01\/2019 16:19<\/time><\/div><\/div><\/div><\/div><\/div>","single_layout":"posts","amp_enabled":true,"_links":{"self":[{"href":"https:\/\/www.suno.com.br\/noticias\/wp-json\/wp\/v2\/posts\/10733"}],"collection":[{"href":"https:\/\/www.suno.com.br\/noticias\/wp-json\/wp\/v2\/posts"}],"about":[{"href":"https:\/\/www.suno.com.br\/noticias\/wp-json\/wp\/v2\/types\/post"}],"author":[{"embeddable":true,"href":"https:\/\/www.suno.com.br\/noticias\/wp-json\/wp\/v2\/users\/14"}],"replies":[{"embeddable":true,"href":"https:\/\/www.suno.com.br\/noticias\/wp-json\/wp\/v2\/comments?post=10733"}],"version-history":[{"count":0,"href":"https:\/\/www.suno.com.br\/noticias\/wp-json\/wp\/v2\/posts\/10733\/revisions"}],"wp:featuredmedia":[{"embeddable":true,"href":"https:\/\/www.suno.com.br\/noticias\/wp-json\/wp\/v2\/media\/10751"}],"wp:attachment":[{"href":"https:\/\/www.suno.com.br\/noticias\/wp-json\/wp\/v2\/media?parent=10733"}],"wp:term":[{"taxonomy":"category","embeddable":true,"href":"https:\/\/www.suno.com.br\/noticias\/wp-json\/wp\/v2\/categories?post=10733"},{"taxonomy":"post_tag","embeddable":true,"href":"https:\/\/www.suno.com.br\/noticias\/wp-json\/wp\/v2\/tags?post=10733"},{"taxonomy":"suno_strategy","embeddable":true,"href":"https:\/\/www.suno.com.br\/noticias\/wp-json\/wp\/v2\/suno_strategy?post=10733"}],"curies":[{"name":"wp","href":"https:\/\/api.w.org\/{rel}","templated":true}]}}