{"id":107269,"date":"2020-12-10T19:17:16","date_gmt":"2020-12-10T22:17:16","guid":{"rendered":"https:\/\/www.suno.com.br\/noticias\/?p=107269"},"modified":"2020-12-10T19:17:16","modified_gmt":"2020-12-10T22:17:16","slug":"sp-rating-brasil-mantido-perspectiva-estavel","status":"publish","type":"post","link":"https:\/\/www.suno.com.br\/noticias\/sp-rating-brasil-mantido-perspectiva-estavel\/","title":{"rendered":"S&#038;P: Rating do Brasil \u00e9 mantido em BB- com perspectiva est\u00e1vel"},"content":{"rendered":"<p>O <strong>rating do Brasil<\/strong> foi mantido em &#8220;BB-&#8220;, com perspectiva est\u00e1vel nesta quinta-feira (10) pela <a href=\"https:\/\/www.suno.com.br\/artigos\/agencias-de-rating\/\">ag\u00eancia de classifica\u00e7\u00e3o de riscos<\/a> Standard &amp; Poor&#8217;s (S&amp;P).<\/p>\t<div class=\"wrapper-featured-image\">\n\t\t<figure class=\"spotlightImg\">\n\n\t\t\t<picture>\n\t\t\t\t<source media=\"(max-width: 768px)\" srcset=\"https:\/\/files.sunoresearch.com.br\/n\/uploads\/2020\/12\/a5a8b51e-sp-800x450-1-400x200.webp\">\n\t\t\t\t<img loading=\"lazy\" decoding=\"async\" class=\"newsContent__article__imgCapa lazyloadDisabled \" src=\"https:\/\/files.sunoresearch.com.br\/n\/uploads\/2020\/12\/a5a8b51e-sp-800x450-1-jpeg.webp\" width=\"800\" height=\"450\" alt=\"S&#038;P: Rating do Brasil \u00e9 mantido em BB- com perspectiva est\u00e1vel\" fetchpriority=high \/>\n\t\t\t<\/picture>\n\n\t\t\t<figcaption class=\"wp-caption-text wp-caption-text--show\">S&amp;P: Rating do Brasil \u00e9 mantido em BB- com perspectiva est\u00e1vel<\/figcaption>\n\t\t<\/figure>\n\t<\/div>\n\n\n\t<p>\n\t\t<a href=\"https:\/\/lp.suno.com.br\/planilha-controle-gastos\/\" target=\"_blank\" data-element=\"shortcode-suno-banner\" title=\"Banner SUNO, clique e saiba mais\">\n\t\t\t<picture>\n\t\t\t\t<source media=\"(max-width: 500px)\" srcset=\"https:\/\/files.sunoresearch.com.br\/n\/uploads\/2023\/03\/400x300-Planilha-controle-de-gastos.png\">\n\t\t\t\t<img class=\"newsContent__article__imgCapa newsContent__article__imgCapa--banner\"\n\t\t\t\t\tsrc=\"https:\/\/files.sunoresearch.com.br\/n\/uploads\/2023\/03\/1420x240-Planilha-controle-de-gastos.png\"\n\t\t\t\t\tdata-promo-id=\"101751\"\t\t\t\t\t\t\t\t\t\twidth='1420' height='240'\t\t\t\t\talt=\"https:\/\/files.sunoresearch.com.br\/n\/uploads\/2023\/03\/1420x240-Planilha-controle-de-gastos.png\"\n\t\t\t\t>\n\t\t\t<\/picture>\n\t\t<\/a>\n\t<\/p>\n\n\n<p>De acordo com a ag\u00eancia, em 2021, a economia brasileira ter\u00e1 o desafio de retirar as medidas de est\u00edmulo fiscal implementadas ao longo deste ano para combater os efeitos da crise provocada pelo coronav\u00edrus (covid-19). Sem essas medidas, o rating do Pa\u00eds pode piorar, informou a S&amp;P.<\/p>\n<p>&#8220;A perspectiva est\u00e1vel assume que a implementa\u00e7\u00e3o oportuna do ajuste fiscal e a modesta recupera\u00e7\u00e3o econ\u00f4mica ajudar\u00e3o a preservar a confian\u00e7a do mercado&#8221;, revelou o comunicado.<\/p>\n\t<p>\n\t\t<a href=\"https:\/\/lp.suno.com.br\/planilha-controle-gastos\/\" target=\"_blank\" data-element=\"shortcode-suno-banner\" title=\"Banner SUNO, clique e saiba mais\">\n\t\t\t<picture>\n\t\t\t\t<source media=\"(max-width: 500px)\" srcset=\"https:\/\/files.sunoresearch.com.br\/n\/uploads\/2023\/03\/400x300-Planilha-controle-de-gastos.png\">\n\t\t\t\t<img class=\"newsContent__article__imgCapa newsContent__article__imgCapa--banner\"\n\t\t\t\t\tsrc=\"https:\/\/files.sunoresearch.com.br\/n\/uploads\/2023\/03\/1420x240-Planilha-controle-de-gastos.png\"\n\t\t\t\t\tdata-promo-id=\"101751\"\t\t\t\t\t\t\t\t\t\twidth='1420' height='240'\t\t\t\t\talt=\"https:\/\/files.sunoresearch.com.br\/n\/uploads\/2023\/03\/1420x240-Planilha-controle-de-gastos.png\"\n\t\t\t\t>\n\t\t\t<\/picture>\n\t\t<\/a>\n\t<\/p>\n\n\n<p>&#8220;O fracasso em implementar ajustes necess\u00e1rios no pr\u00f3ximo ano pode prejudicar ainda mais a confian\u00e7a do mercado local e as condi\u00e7\u00f5es de financiamento do governo&#8221;, concluiu.<\/p>\n<p>A proje\u00e7\u00e3o para o Brasil \u00e9 que haja um <strong>crescimento econ\u00f4mico em 2021<\/strong>, com alta de 3,2% no <a href=\"https:\/\/www.suno.com.br\/artigos\/pib-produto-interno-bruto\/\">Produto Interno Bruto (PIB)<\/a>, ap\u00f3s uma contra\u00e7\u00e3o de 4,7% em 2020, embora a remo\u00e7\u00e3o do est\u00edmulo fiscal crie incertezas.<\/p>\n<p><a href=\"https:\/\/lp.suno.com.br\/suno-one\/\">No Suno One voc\u00ea aprende a fazer seu dinheiro trabalhar para voc\u00ea. Cadastre-se gratuitamente agora!<\/a><\/p>\n<p>A S&amp;P n\u00e3o foi a \u00fanica a reafirmar a classifica\u00e7\u00e3o de risco do pa\u00eds.\u00a0 Em novembro, a ag\u00eancia de classifica\u00e7\u00e3o de risco <strong>Fitch Ratings<\/strong> manteve a nota de cr\u00e9dito soberano <strong>&#8220;BB-&#8220;<\/strong> para o Brasil, mas com perspectiva negativa.<\/p>\n<h2>Fitch: bancos latino-americanos devem continuar pressionados em 2021<\/h2>\n<p>Analistas da <strong>Fitch<\/strong> Ratings divulgaram na \u00faltima quarta-feira (9) suas perspectivas para os bancos da Am\u00e9rica Latina em 2021 e apontaram que os impactos econ\u00f4micos\u00a0 do <a href=\"https:\/\/www.suno.com.br\/noticias\/tags\/coronavirus\/\">novo coronav\u00edrus (Covid-19)<\/a> devem continuar a pesar sobre o desempenho financeiro dessas institui\u00e7\u00f5es.<\/p>\n\t<div data-element=\"shortcode-read-more\" class=\"knowMore\">\n\t\t\t\t<span class=\"knowMore__title\">Veja tamb\u00e9m<\/span>\n\t\t\t\t<a class=\"knowMore__link\" href=\"https:\/\/www.suno.com.br\/noticias\/fitch-bancos-latino-americanos-2021\/\">\n\t\t\tFitch: bancos latino-americanos devem continuar pressionados em 2021\t\t<\/a>\n\t<\/div>\n\n\n<p>Em seu relat\u00f3rio &#8220;Perspectivas para 2021:<strong> Bancos da Am\u00e9rica Latina<\/strong>&#8221; a Fitch destaca que, atualmente, 76% dos <a href=\"https:\/\/www.suno.com.br\/artigos\/rating\/\">Ratings<\/a> de Default Emissor de Longo Prazo (IDRs) dos <strong>bancos latino-americanos<\/strong> t\u00eam perspectivas negativas ou est\u00e3o em observa\u00e7\u00e3o, enquanto nenhum tem perspectivas de Rating positivas.<\/p>\n<p>&#8220;A perspectiva do setor para 2021 para os<strong> bancos latino-americanos<\/strong> est\u00e1 piorando, j\u00e1 que a Fitch <strong>Ratings<\/strong> espera que o ambiente operacional geral na maioria dos pa\u00edses da regi\u00e3o piore em 2021 em rela\u00e7\u00e3o a 2020&#8243;, aponta o relat\u00f3rio.<\/p>\n\t<p>\n\t\t<a href=\"https:\/\/lp.suno.com.br\/planilha-de-controle-de-investimentos\/\" target=\"_blank\" data-element=\"shortcode-suno-banner\" title=\"Banner SUNO, clique e saiba mais\">\n\t\t\t<picture>\n\t\t\t\t<source media=\"(max-width: 500px)\" srcset=\"https:\/\/files.sunoresearch.com.br\/n\/uploads\/2023\/03\/400x300-Controle-de-Investimentos.png\">\n\t\t\t\t<img class=\"newsContent__article__imgCapa newsContent__article__imgCapa--banner\"\n\t\t\t\t\tsrc=\"https:\/\/files.sunoresearch.com.br\/n\/uploads\/2023\/03\/1420x240-Controle-de-Investimentos.png\"\n\t\t\t\t\tdata-promo-id=\"75934\"\t\t\t\t\t\t\t\t\t\twidth='1420' height='240'\t\t\t\t\talt=\"https:\/\/files.sunoresearch.com.br\/n\/uploads\/2023\/03\/1420x240-Controle-de-Investimentos.png\"\n\t\t\t\t>\n\t\t\t<\/picture>\n\t\t<\/a>\n\t<\/p>\n\n\n","protected":false},"excerpt":{"rendered":"<p>O rating do Brasil foi mantido em &#8220;BB-&#8220;, com perspectiva est\u00e1vel nesta quinta-feira (10) pela ag\u00eancia de classifica\u00e7\u00e3o de riscos Standard &amp; Poor&#8217;s (S&amp;P). S&amp;P: Rating do Brasil \u00e9 mantido em BB- com perspectiva est\u00e1vel De acordo com a ag\u00eancia, em 2021, a economia brasileira ter\u00e1 o desafio de retirar as medidas de est\u00edmulo fiscal [&hellip;]<\/p>\n","protected":false},"author":56,"featured_media":107281,"comment_status":"closed","ping_status":"closed","sticky":false,"template":"","format":"standard","meta":[],"categories":[62],"tags":[1034,2337],"suno_strategy":[],"class_list":["post-107269","post","type-post","status-publish","format-standard","has-post-thumbnail","hentry","category-economia","tag-classificacao-de-risco-rating","tag-standard-poors-sp"],"yoast_head":"<!-- This site is optimized with the Yoast SEO plugin v24.4 - https:\/\/yoast.com\/wordpress\/plugins\/seo\/ -->\n<title>S&amp;P: Rating do Brasil \u00e9 mantido em BB- com perspectiva est\u00e1vel<\/title>\n<meta name=\"description\" content=\"A S&amp;P n\u00e3o foi a \u00fanica a reafirmar a classifica\u00e7\u00e3o de risco do pa\u00eds.\u00a0A Fitch Ratings tamb\u00e9m manteve a sua nota. Clique aqui para saber mais.\" \/>\n<meta name=\"robots\" content=\"index, follow, max-snippet:-1, max-image-preview:large, max-video-preview:-1\" \/>\n<link rel=\"canonical\" href=\"https:\/\/www.suno.com.br\/noticias\/sp-rating-brasil-mantido-perspectiva-estavel\/\" \/>\n<meta property=\"og:locale\" content=\"pt_BR\" \/>\n<meta property=\"og:type\" content=\"article\" \/>\n<meta property=\"og:title\" content=\"S&amp;P: Rating do Brasil \u00e9 mantido em BB- com perspectiva est\u00e1vel\" \/>\n<meta property=\"og:description\" content=\"A S&amp;P n\u00e3o foi a \u00fanica a reafirmar a classifica\u00e7\u00e3o de risco do pa\u00eds.\u00a0A Fitch Ratings tamb\u00e9m manteve a sua nota. Clique aqui para saber mais.\" \/>\n<meta property=\"og:url\" content=\"https:\/\/www.suno.com.br\/noticias\/sp-rating-brasil-mantido-perspectiva-estavel\/\" \/>\n<meta property=\"og:site_name\" content=\"Suno Not\u00edcias\" \/>\n<meta property=\"article:publisher\" content=\"https:\/\/facebook.com\/sunoresearch\" \/>\n<meta property=\"og:image\" content=\"https:\/\/files.sunoresearch.com.br\/n\/uploads\/2020\/12\/a5a8b51e-sp-800x450-1.jpeg\" \/>\n\t<meta property=\"og:image:width\" content=\"800\" \/>\n\t<meta property=\"og:image:height\" content=\"450\" \/>\n\t<meta property=\"og:image:type\" content=\"image\/jpeg\" \/>\n<meta name=\"author\" content=\"Rafaela La Regina\" \/>\n<meta name=\"twitter:card\" content=\"summary_large_image\" \/>\n<meta name=\"twitter:creator\" content=\"@sunoresearch\" \/>\n<meta name=\"twitter:site\" content=\"@sunoresearch\" \/>\n<meta name=\"twitter:label1\" content=\"Escrito por\" \/>\n\t<meta name=\"twitter:data1\" content=\"Rafaela La Regina\" \/>\n\t<meta name=\"twitter:label2\" content=\"Est. tempo de leitura\" \/>\n\t<meta name=\"twitter:data2\" content=\"2 minutos\" \/>\n<script type=\"application\/ld+json\" class=\"yoast-schema-graph\">{\"@context\":\"https:\/\/schema.org\",\"@graph\":[{\"@type\":\"NewsArticle\",\"@id\":\"https:\/\/www.suno.com.br\/noticias\/sp-rating-brasil-mantido-perspectiva-estavel\/#article\",\"isPartOf\":{\"@id\":\"https:\/\/www.suno.com.br\/noticias\/sp-rating-brasil-mantido-perspectiva-estavel\/\"},\"author\":{\"name\":\"Rafaela La Regina\",\"@id\":\"https:\/\/www.suno.com.br\/noticias\/#\/schema\/person\/e672ca8cea627fe715fa29bca7da95e0\"},\"headline\":\"S&#038;P: Rating do Brasil \u00e9 mantido em BB- com perspectiva est\u00e1vel\",\"datePublished\":\"2020-12-10T22:17:16+00:00\",\"mainEntityOfPage\":{\"@id\":\"https:\/\/www.suno.com.br\/noticias\/sp-rating-brasil-mantido-perspectiva-estavel\/\"},\"wordCount\":404,\"publisher\":{\"@id\":\"https:\/\/www.suno.com.br\/noticias\/#organization\"},\"image\":{\"@id\":\"https:\/\/www.suno.com.br\/noticias\/sp-rating-brasil-mantido-perspectiva-estavel\/#primaryimage\"},\"thumbnailUrl\":\"https:\/\/files.sunoresearch.com.br\/n\/uploads\/2020\/12\/a5a8b51e-sp-800x450-1-jpeg.webp\",\"keywords\":[\"Classifica\u00e7\u00e3o de Risco (Rating)\",\"Standard &amp; Poor's (S&amp;P)\"],\"articleSection\":[\"Economia\"],\"inLanguage\":\"pt-BR\"},{\"@type\":\"WebPage\",\"@id\":\"https:\/\/www.suno.com.br\/noticias\/sp-rating-brasil-mantido-perspectiva-estavel\/\",\"url\":\"https:\/\/www.suno.com.br\/noticias\/sp-rating-brasil-mantido-perspectiva-estavel\/\",\"name\":\"S&P: Rating do Brasil \u00e9 mantido em BB- com perspectiva est\u00e1vel\",\"isPartOf\":{\"@id\":\"https:\/\/www.suno.com.br\/noticias\/#website\"},\"primaryImageOfPage\":{\"@id\":\"https:\/\/www.suno.com.br\/noticias\/sp-rating-brasil-mantido-perspectiva-estavel\/#primaryimage\"},\"image\":{\"@id\":\"https:\/\/www.suno.com.br\/noticias\/sp-rating-brasil-mantido-perspectiva-estavel\/#primaryimage\"},\"thumbnailUrl\":\"https:\/\/files.sunoresearch.com.br\/n\/uploads\/2020\/12\/a5a8b51e-sp-800x450-1-jpeg.webp\",\"datePublished\":\"2020-12-10T22:17:16+00:00\",\"description\":\"A S&P n\u00e3o foi a \u00fanica a reafirmar a classifica\u00e7\u00e3o de risco do pa\u00eds.\u00a0A Fitch Ratings tamb\u00e9m manteve a sua nota. Clique aqui para saber mais.\",\"breadcrumb\":{\"@id\":\"https:\/\/www.suno.com.br\/noticias\/sp-rating-brasil-mantido-perspectiva-estavel\/#breadcrumb\"},\"inLanguage\":\"pt-BR\",\"potentialAction\":[{\"@type\":\"ReadAction\",\"target\":[\"https:\/\/www.suno.com.br\/noticias\/sp-rating-brasil-mantido-perspectiva-estavel\/\"]}]},{\"@type\":\"ImageObject\",\"inLanguage\":\"pt-BR\",\"@id\":\"https:\/\/www.suno.com.br\/noticias\/sp-rating-brasil-mantido-perspectiva-estavel\/#primaryimage\",\"url\":\"https:\/\/files.sunoresearch.com.br\/n\/uploads\/2020\/12\/a5a8b51e-sp-800x450-1-jpeg.webp\",\"contentUrl\":\"https:\/\/files.sunoresearch.com.br\/n\/uploads\/2020\/12\/a5a8b51e-sp-800x450-1-jpeg.webp\",\"width\":800,\"height\":450,\"caption\":\"S&P: Rating do Brasil \u00e9 mantido em BB- com perspectiva est\u00e1vel\"},{\"@type\":\"BreadcrumbList\",\"@id\":\"https:\/\/www.suno.com.br\/noticias\/sp-rating-brasil-mantido-perspectiva-estavel\/#breadcrumb\",\"itemListElement\":[{\"@type\":\"ListItem\",\"position\":1,\"name\":\"Not\u00edcias\",\"item\":\"https:\/\/www.suno.com.br\/noticias\/\"},{\"@type\":\"ListItem\",\"position\":2,\"name\":\"Economia\",\"item\":\"https:\/\/www.suno.com.br\/noticias\/economia\/\"},{\"@type\":\"ListItem\",\"position\":3,\"name\":\"S&#038;P: Rating do Brasil \u00e9 mantido em BB- com perspectiva est\u00e1vel\"}]},{\"@type\":\"WebSite\",\"@id\":\"https:\/\/www.suno.com.br\/noticias\/#website\",\"url\":\"https:\/\/www.suno.com.br\/noticias\/\",\"name\":\"Suno Not\u00edcias\",\"description\":\"Seu portal de informa\u00e7\u00e3o sobre o mundo dos investimentos\",\"publisher\":{\"@id\":\"https:\/\/www.suno.com.br\/noticias\/#organization\"},\"potentialAction\":[{\"@type\":\"SearchAction\",\"target\":{\"@type\":\"EntryPoint\",\"urlTemplate\":\"https:\/\/www.suno.com.br\/noticias\/?s={search_term_string}\"},\"query-input\":{\"@type\":\"PropertyValueSpecification\",\"valueRequired\":true,\"valueName\":\"search_term_string\"}}],\"inLanguage\":\"pt-BR\"},{\"@type\":\"Organization\",\"@id\":\"https:\/\/www.suno.com.br\/noticias\/#organization\",\"name\":\"Suno Not\u00edcias\",\"url\":\"https:\/\/www.suno.com.br\/noticias\/\",\"logo\":{\"@type\":\"ImageObject\",\"inLanguage\":\"pt-BR\",\"@id\":\"https:\/\/www.suno.com.br\/noticias\/#\/schema\/logo\/image\/\",\"url\":\"https:\/\/files.sunoresearch.com.br\/n\/uploads\/2021\/09\/suno-logo.png\",\"contentUrl\":\"https:\/\/files.sunoresearch.com.br\/n\/uploads\/2021\/09\/suno-logo.png\",\"width\":180,\"height\":180,\"caption\":\"Suno Not\u00edcias\"},\"image\":{\"@id\":\"https:\/\/www.suno.com.br\/noticias\/#\/schema\/logo\/image\/\"},\"sameAs\":[\"https:\/\/facebook.com\/sunoresearch\",\"https:\/\/x.com\/sunoresearch\",\"https:\/\/www.instagram.com\/suno\",\"https:\/\/www.linkedin.com\/company\/suno-research\/\",\"https:\/\/www.youtube.com\/c\/sunoresearch\"]},{\"@type\":\"Person\",\"@id\":\"https:\/\/www.suno.com.br\/noticias\/#\/schema\/person\/e672ca8cea627fe715fa29bca7da95e0\",\"name\":\"Rafaela La Regina\",\"image\":{\"@type\":\"ImageObject\",\"inLanguage\":\"pt-BR\",\"@id\":\"https:\/\/www.suno.com.br\/noticias\/#\/schema\/person\/image\/\",\"url\":\"https:\/\/secure.gravatar.com\/avatar\/d2c75a52d243deb93d0465fdcb21bd37?s=96&r=g\",\"contentUrl\":\"https:\/\/secure.gravatar.com\/avatar\/d2c75a52d243deb93d0465fdcb21bd37?s=96&r=g\",\"caption\":\"Rafaela La Regina\"},\"description\":\"Estagi\u00e1ria no Suno Not\u00edcias. Escreve sobre economia, pol\u00edtica e neg\u00f3cios. Estuda Rela\u00e7\u00f5es Internacionais no IBMEC-SP.\",\"url\":\"https:\/\/www.suno.com.br\/noticias\/author\/rafaela-la-regina\/\"}]}<\/script>\n<!-- \/ Yoast SEO plugin. -->","yoast_head_json":{"title":"S&P: Rating do Brasil \u00e9 mantido em BB- com perspectiva est\u00e1vel","description":"A S&P n\u00e3o foi a \u00fanica a reafirmar a classifica\u00e7\u00e3o de risco do pa\u00eds.\u00a0A Fitch Ratings tamb\u00e9m manteve a sua nota. Clique aqui para saber mais.","robots":{"index":"index","follow":"follow","max-snippet":"max-snippet:-1","max-image-preview":"max-image-preview:large","max-video-preview":"max-video-preview:-1"},"canonical":"https:\/\/www.suno.com.br\/noticias\/sp-rating-brasil-mantido-perspectiva-estavel\/","og_locale":"pt_BR","og_type":"article","og_title":"S&P: Rating do Brasil \u00e9 mantido em BB- com perspectiva est\u00e1vel","og_description":"A S&P n\u00e3o foi a \u00fanica a reafirmar a classifica\u00e7\u00e3o de risco do pa\u00eds.\u00a0A Fitch Ratings tamb\u00e9m manteve a sua nota. Clique aqui para saber mais.","og_url":"https:\/\/www.suno.com.br\/noticias\/sp-rating-brasil-mantido-perspectiva-estavel\/","og_site_name":"Suno Not\u00edcias","article_publisher":"https:\/\/facebook.com\/sunoresearch","og_image":[{"width":800,"height":450,"url":"https:\/\/files.sunoresearch.com.br\/n\/uploads\/2020\/12\/a5a8b51e-sp-800x450-1.jpeg","type":"image\/jpeg"}],"author":"Rafaela La Regina","twitter_card":"summary_large_image","twitter_creator":"@sunoresearch","twitter_site":"@sunoresearch","twitter_misc":{"Escrito por":"Rafaela La Regina","Est. tempo de leitura":"2 minutos"},"schema":{"@context":"https:\/\/schema.org","@graph":[{"@type":"NewsArticle","@id":"https:\/\/www.suno.com.br\/noticias\/sp-rating-brasil-mantido-perspectiva-estavel\/#article","isPartOf":{"@id":"https:\/\/www.suno.com.br\/noticias\/sp-rating-brasil-mantido-perspectiva-estavel\/"},"author":{"name":"Rafaela La Regina","@id":"https:\/\/www.suno.com.br\/noticias\/#\/schema\/person\/e672ca8cea627fe715fa29bca7da95e0"},"headline":"S&#038;P: Rating do Brasil \u00e9 mantido em BB- com perspectiva est\u00e1vel","datePublished":"2020-12-10T22:17:16+00:00","mainEntityOfPage":{"@id":"https:\/\/www.suno.com.br\/noticias\/sp-rating-brasil-mantido-perspectiva-estavel\/"},"wordCount":404,"publisher":{"@id":"https:\/\/www.suno.com.br\/noticias\/#organization"},"image":{"@id":"https:\/\/www.suno.com.br\/noticias\/sp-rating-brasil-mantido-perspectiva-estavel\/#primaryimage"},"thumbnailUrl":"https:\/\/files.sunoresearch.com.br\/n\/uploads\/2020\/12\/a5a8b51e-sp-800x450-1-jpeg.webp","keywords":["Classifica\u00e7\u00e3o de Risco (Rating)","Standard &amp; Poor's (S&amp;P)"],"articleSection":["Economia"],"inLanguage":"pt-BR"},{"@type":"WebPage","@id":"https:\/\/www.suno.com.br\/noticias\/sp-rating-brasil-mantido-perspectiva-estavel\/","url":"https:\/\/www.suno.com.br\/noticias\/sp-rating-brasil-mantido-perspectiva-estavel\/","name":"S&P: Rating do Brasil \u00e9 mantido em BB- com perspectiva est\u00e1vel","isPartOf":{"@id":"https:\/\/www.suno.com.br\/noticias\/#website"},"primaryImageOfPage":{"@id":"https:\/\/www.suno.com.br\/noticias\/sp-rating-brasil-mantido-perspectiva-estavel\/#primaryimage"},"image":{"@id":"https:\/\/www.suno.com.br\/noticias\/sp-rating-brasil-mantido-perspectiva-estavel\/#primaryimage"},"thumbnailUrl":"https:\/\/files.sunoresearch.com.br\/n\/uploads\/2020\/12\/a5a8b51e-sp-800x450-1-jpeg.webp","datePublished":"2020-12-10T22:17:16+00:00","description":"A S&P n\u00e3o foi a \u00fanica a reafirmar a classifica\u00e7\u00e3o de risco do pa\u00eds.\u00a0A Fitch Ratings tamb\u00e9m manteve a sua nota. Clique aqui para saber mais.","breadcrumb":{"@id":"https:\/\/www.suno.com.br\/noticias\/sp-rating-brasil-mantido-perspectiva-estavel\/#breadcrumb"},"inLanguage":"pt-BR","potentialAction":[{"@type":"ReadAction","target":["https:\/\/www.suno.com.br\/noticias\/sp-rating-brasil-mantido-perspectiva-estavel\/"]}]},{"@type":"ImageObject","inLanguage":"pt-BR","@id":"https:\/\/www.suno.com.br\/noticias\/sp-rating-brasil-mantido-perspectiva-estavel\/#primaryimage","url":"https:\/\/files.sunoresearch.com.br\/n\/uploads\/2020\/12\/a5a8b51e-sp-800x450-1-jpeg.webp","contentUrl":"https:\/\/files.sunoresearch.com.br\/n\/uploads\/2020\/12\/a5a8b51e-sp-800x450-1-jpeg.webp","width":800,"height":450,"caption":"S&P: Rating do Brasil \u00e9 mantido em BB- com perspectiva est\u00e1vel"},{"@type":"BreadcrumbList","@id":"https:\/\/www.suno.com.br\/noticias\/sp-rating-brasil-mantido-perspectiva-estavel\/#breadcrumb","itemListElement":[{"@type":"ListItem","position":1,"name":"Not\u00edcias","item":"https:\/\/www.suno.com.br\/noticias\/"},{"@type":"ListItem","position":2,"name":"Economia","item":"https:\/\/www.suno.com.br\/noticias\/economia\/"},{"@type":"ListItem","position":3,"name":"S&#038;P: Rating do Brasil \u00e9 mantido em BB- com perspectiva est\u00e1vel"}]},{"@type":"WebSite","@id":"https:\/\/www.suno.com.br\/noticias\/#website","url":"https:\/\/www.suno.com.br\/noticias\/","name":"Suno Not\u00edcias","description":"Seu portal de informa\u00e7\u00e3o sobre o mundo dos investimentos","publisher":{"@id":"https:\/\/www.suno.com.br\/noticias\/#organization"},"potentialAction":[{"@type":"SearchAction","target":{"@type":"EntryPoint","urlTemplate":"https:\/\/www.suno.com.br\/noticias\/?s={search_term_string}"},"query-input":{"@type":"PropertyValueSpecification","valueRequired":true,"valueName":"search_term_string"}}],"inLanguage":"pt-BR"},{"@type":"Organization","@id":"https:\/\/www.suno.com.br\/noticias\/#organization","name":"Suno Not\u00edcias","url":"https:\/\/www.suno.com.br\/noticias\/","logo":{"@type":"ImageObject","inLanguage":"pt-BR","@id":"https:\/\/www.suno.com.br\/noticias\/#\/schema\/logo\/image\/","url":"https:\/\/files.sunoresearch.com.br\/n\/uploads\/2021\/09\/suno-logo.png","contentUrl":"https:\/\/files.sunoresearch.com.br\/n\/uploads\/2021\/09\/suno-logo.png","width":180,"height":180,"caption":"Suno Not\u00edcias"},"image":{"@id":"https:\/\/www.suno.com.br\/noticias\/#\/schema\/logo\/image\/"},"sameAs":["https:\/\/facebook.com\/sunoresearch","https:\/\/x.com\/sunoresearch","https:\/\/www.instagram.com\/suno","https:\/\/www.linkedin.com\/company\/suno-research\/","https:\/\/www.youtube.com\/c\/sunoresearch"]},{"@type":"Person","@id":"https:\/\/www.suno.com.br\/noticias\/#\/schema\/person\/e672ca8cea627fe715fa29bca7da95e0","name":"Rafaela La Regina","image":{"@type":"ImageObject","inLanguage":"pt-BR","@id":"https:\/\/www.suno.com.br\/noticias\/#\/schema\/person\/image\/","url":"https:\/\/secure.gravatar.com\/avatar\/d2c75a52d243deb93d0465fdcb21bd37?s=96&r=g","contentUrl":"https:\/\/secure.gravatar.com\/avatar\/d2c75a52d243deb93d0465fdcb21bd37?s=96&r=g","caption":"Rafaela La Regina"},"description":"Estagi\u00e1ria no Suno Not\u00edcias. Escreve sobre economia, pol\u00edtica e neg\u00f3cios. Estuda Rela\u00e7\u00f5es Internacionais no IBMEC-SP.","url":"https:\/\/www.suno.com.br\/noticias\/author\/rafaela-la-regina\/"}]}},"default_loop_html":"<div class=\"cardsPage__listCard__boxs\"><div class=\"cardsPage__listCard__boxs__img\"><a href=\"https:\/\/www.suno.com.br\/noticias\/sp-rating-brasil-mantido-perspectiva-estavel\/\"><img class=\"mask\" src=\"https:\/\/www.suno.com.br\/noticias\/wp-content\/themes\/suno\/resources\/images\/spotlight\/spotlight1img\/bg-mask.png\" alt=\"Image Mask\"\/><img src=\"https:\/\/files.sunoresearch.com.br\/n\/uploads\/2020\/12\/a5a8b51e-sp-800x450-1-400x200.webp\" alt=\"S&#038;P: Rating do Brasil \u00e9 mantido em BB- com perspectiva est\u00e1vel\"\/><\/a><span class=\"spotlightCategory\"><a href=\"https:\/\/www.suno.com.br\/noticias\/economia\/\">Economia<\/a><\/span><\/div><div class=\"cardsPage__listCard__boxs__content\"><a href=\"https:\/\/www.suno.com.br\/noticias\/sp-rating-brasil-mantido-perspectiva-estavel\/\"><h2 class=\"content__title\">S&#038;P: Rating do Brasil \u00e9 mantido em BB- com perspectiva est\u00e1vel<\/h2><\/a><div class=\"newsContent__article__meta\"><div class=\"newsContent__article__meta__authorBox\"><a href=\"https:\/\/www.suno.com.br\/noticias\/author\/rafaela-la-regina\/\" class=\"authorBox__avatar noMobi\"><img src=\"https:\/\/secure.gravatar.com\/avatar\/d2c75a52d243deb93d0465fdcb21bd37?s=96&#038;r=g\" alt=\"Rafaela La Regina\"><\/a><div class=\"authorBox__name\"><span>por\n\t\t\t<a href=\"https:\/\/www.suno.com.br\/noticias\/author\/rafaela-la-regina\/\"><span itemprop=\"author\">Rafaela La Regina<\/span><\/a><\/span><time datetime=\"2020-12-10T19:17:16-03:00\" itemprop=\"datePublished\">10\/12\/2020 19:17<\/time><\/div><\/div><\/div><\/div><\/div>","single_layout":"posts","amp_enabled":true,"_links":{"self":[{"href":"https:\/\/www.suno.com.br\/noticias\/wp-json\/wp\/v2\/posts\/107269"}],"collection":[{"href":"https:\/\/www.suno.com.br\/noticias\/wp-json\/wp\/v2\/posts"}],"about":[{"href":"https:\/\/www.suno.com.br\/noticias\/wp-json\/wp\/v2\/types\/post"}],"author":[{"embeddable":true,"href":"https:\/\/www.suno.com.br\/noticias\/wp-json\/wp\/v2\/users\/56"}],"replies":[{"embeddable":true,"href":"https:\/\/www.suno.com.br\/noticias\/wp-json\/wp\/v2\/comments?post=107269"}],"version-history":[{"count":0,"href":"https:\/\/www.suno.com.br\/noticias\/wp-json\/wp\/v2\/posts\/107269\/revisions"}],"wp:featuredmedia":[{"embeddable":true,"href":"https:\/\/www.suno.com.br\/noticias\/wp-json\/wp\/v2\/media\/107281"}],"wp:attachment":[{"href":"https:\/\/www.suno.com.br\/noticias\/wp-json\/wp\/v2\/media?parent=107269"}],"wp:term":[{"taxonomy":"category","embeddable":true,"href":"https:\/\/www.suno.com.br\/noticias\/wp-json\/wp\/v2\/categories?post=107269"},{"taxonomy":"post_tag","embeddable":true,"href":"https:\/\/www.suno.com.br\/noticias\/wp-json\/wp\/v2\/tags?post=107269"},{"taxonomy":"suno_strategy","embeddable":true,"href":"https:\/\/www.suno.com.br\/noticias\/wp-json\/wp\/v2\/suno_strategy?post=107269"}],"curies":[{"name":"wp","href":"https:\/\/api.w.org\/{rel}","templated":true}]}}