{"id":106961,"date":"2020-12-10T08:26:50","date_gmt":"2020-12-10T11:26:50","guid":{"rendered":"https:\/\/www.suno.com.br\/noticias\/?p=106961"},"modified":"2021-06-14T00:28:51","modified_gmt":"2021-06-14T03:28:51","slug":"agenda-do-dia-rede-dor-rdor3-bb-bbas3-csn-csna3","status":"publish","type":"post","link":"https:\/\/www.suno.com.br\/noticias\/agenda-do-dia-rede-dor-rdor3-bb-bbas3-csn-csna3\/","title":{"rendered":"Agenda do Dia: Rede D&#8217;Or (RDOR3), BB (BBAS3) e CSN (CSNA3)"},"content":{"rendered":"<p>A <strong>Agenda do Dia<\/strong> desta quinta-feira (10) traz os dados de vendas no varejo brasileiro, \u00e0s 9h, e o leil\u00e3o de t\u00edtulos do Tesouro Nacional, \u00e0s 10h30.\u00a0Na esfera corporativa, a agenda do dia traz a aguardada <a href=\"https:\/\/www.suno.com.br\/artigos\/b3\/\" target=\"_blank\" rel=\"noopener noreferrer\">estreia da Rede D&#8217;Or (RDOR3) na B3,<\/a> ap\u00f3s a empresa realizar uma oferta inicial de a\u00e7\u00f5es (IPO) hist\u00f3rica, de R$ 11,4 bilh\u00f5es.<\/p>\t<div class=\"wrapper-featured-image\">\n\t\t<figure class=\"spotlightImg\">\n\n\t\t\t<picture>\n\t\t\t\t<source media=\"(max-width: 768px)\" srcset=\"https:\/\/files.sunoresearch.com.br\/n\/uploads\/2020\/12\/3d78bbe1-rede-dor-ipo-400x200.webp\">\n\t\t\t\t<img loading=\"lazy\" decoding=\"async\" class=\"newsContent__article__imgCapa lazyloadDisabled \" src=\"https:\/\/files.sunoresearch.com.br\/n\/uploads\/2020\/12\/3d78bbe1-rede-dor-ipo-800x450.webp\" width=\"800\" height=\"450\" alt=\"Agenda do Dia: Rede D&#8217;Or (RDOR3), BB (BBAS3) e CSN (CSNA3)\" fetchpriority=high \/>\n\t\t\t<\/picture>\n\n\t\t\t<figcaption class=\"wp-caption-text wp-caption-text--show\">Agenda do Dia traz estreia da Rede D&#039;Or<\/figcaption>\n\t\t<\/figure>\n\t<\/div>\n\n\n<p><b>\t<p>\n\t\t<a href=\"https:\/\/lp.suno.com.br\/planilha-controle-gastos\/\" target=\"_blank\" data-element=\"shortcode-suno-banner\" title=\"Banner SUNO, clique e saiba mais\">\n\t\t\t<picture>\n\t\t\t\t<source media=\"(max-width: 500px)\" srcset=\"https:\/\/files.sunoresearch.com.br\/n\/uploads\/2023\/03\/400x300-Planilha-controle-de-gastos.png\">\n\t\t\t\t<img class=\"newsContent__article__imgCapa newsContent__article__imgCapa--banner\"\n\t\t\t\t\tsrc=\"https:\/\/files.sunoresearch.com.br\/n\/uploads\/2023\/03\/1420x240-Planilha-controle-de-gastos.png\"\n\t\t\t\t\tdata-promo-id=\"101751\"\t\t\t\t\t\t\t\t\t\twidth='1420' height='240'\t\t\t\t\talt=\"https:\/\/files.sunoresearch.com.br\/n\/uploads\/2023\/03\/1420x240-Planilha-controle-de-gastos.png\"\n\t\t\t\t>\n\t\t\t<\/picture>\n\t\t<\/a>\n\t<\/p>\n\n<\/b><\/p>\n<p>Tamb\u00e9m chamam aten\u00e7\u00e3o as reuni\u00f5es com investidores do <a href=\"https:\/\/www.suno.com.br\/acoes\/bbas3\/\" target=\"_blank\" rel=\"noopener noreferrer\">Banco do Brasil (BBAS3)<\/a>, \u00e0s 9h30, e da <a href=\"https:\/\/www.suno.com.br\/acoes\/csna3\/\" target=\"_blank\" rel=\"noopener noreferrer\">CSA (CSNA3)<\/a>, \u00e0s 11h.<\/p>\n<p>No cen\u00e1rio internacional, os destaques da agenda do dia s\u00e3o o <a href=\"https:\/\/www.suno.com.br\/artigos\/pib-produto-interno-bruto\/\" target=\"_blank\" rel=\"noopener noreferrer\">Produto Interno Bruto (PIB)<\/a> do Reino Unido, o an\u00fancio do <a href=\"https:\/\/www.suno.com.br\/artigos\/bce\/\" target=\"_blank\" rel=\"noopener noreferrer\">Banco Central Europeu (BCE)<\/a> sobre a pol\u00edtica monet\u00e1ria da regi\u00e3o. A expectativa de analistas em geral \u00e9 de mais relaxamento monet\u00e1rio, o que tende a apoiar as a\u00e7\u00f5es.<\/p>\n<p>Ser\u00e1 divulgado tamb\u00e9m o n\u00famero de <strong>pedidos de seguro desemprego<\/strong> nos Estados Unidos. Ainda nos EUA, o mercado acompanha o \u00edndice de pre\u00e7os ao consumidor anual, e o balan\u00e7o or\u00e7ament\u00e1rio federal mensal.<\/p>\n<p><a href=\"https:\/\/lp.suno.com.br\/suno-one\/\"><span style=\"font-weight: 400;\">Suno One: acesse gratuitamente eBooks, Minicursos, Artigos e Video Aulas sobre investimentos com um \u00fanico cadastro. Clique para saber mais!<\/span><\/a><\/p>\n<p>Confira os destaques da agenda do dia:<\/p>\n<h2>Estreia da Rede D&#8217;Or<\/h2>\n<p>Os olhos do mercado estar\u00e3o voltados hoje para a estreia da Rede D&#8217;Or (RDOR3) na B3, principal destaque da agenda do dia. A empresa precificou sua <a href=\"https:\/\/www.suno.com.br\/artigos\/ipo\/\" target=\"_blank\" rel=\"noopener noreferrer\">oferta p\u00fablica inicial de a\u00e7\u00f5es (IPO)<\/a> na \u00faltima ter\u00e7a-feira (8) e movimentou R$ 11,39 bilh\u00f5es.<\/p>\n<p>O<strong> IPO da Rede D\u2019Or<\/strong> \u00e9 o terceiro maior registrado na Bolsa de Valores de S\u00e3o Paulo (B3) e praticamente encerra um ano em que o volume de ofertas ultrapassou os R$ 100 bilh\u00f5es.<\/p>\n<p>O maior IPO da hist\u00f3ria da bolsa foi o do<a href=\"https:\/\/www.suno.com.br\/acoes\/sanb11\/\" target=\"_blank\" rel=\"noopener noreferrer\"> Santander (SANB11)<\/a>, feito em 2009, que movimentou R$ 13,2 bilh\u00f5es, seguido pela <a href=\"https:\/\/www.suno.com.br\/acoes\/bbse3\/\" target=\"_blank\" rel=\"noopener noreferrer\">BB Seguridade (BBSE3)<\/a>, em 2013, que atingiu R$ 11,475 bilh\u00f5es.<\/p>\n<h2>Agenda do dia tem evento do Banco do Brasil<\/h2>\n<p>Na agenda do dia, tamb\u00e9m chama aten\u00e7\u00e3o o <strong>evento do Banco do Brasil com investidores<\/strong>. Ontem, os acionistas do Banco do Brasil aprovaram, juntamente com os acionistas da Bescval, aprovaram a extin\u00e7\u00e3o e incorpora\u00e7\u00e3o da distribuidora de t\u00edtulos e valores mobili\u00e1rios pelo banco.<\/p>\n<p>O movimento foi deliberado em assembleias gerais extraordin\u00e1rias (AGEs).<\/p>\n<p><b>\u00a0\t<p>\n\t\t<a href=\"https:\/\/lp.suno.com.br\/planilha-da-vida-financeira\/\" target=\"_blank\" data-element=\"shortcode-suno-banner\" title=\"Banner SUNO, clique e saiba mais\">\n\t\t\t<picture>\n\t\t\t\t<source media=\"(max-width: 500px)\" srcset=\"https:\/\/files.sunoresearch.com.br\/n\/uploads\/2023\/04\/400x300-Planilha-vida-financeira-true.png\">\n\t\t\t\t<img class=\"newsContent__article__imgCapa newsContent__article__imgCapa--banner\"\n\t\t\t\t\tsrc=\"https:\/\/files.sunoresearch.com.br\/n\/uploads\/2023\/04\/1420x240-Planilha-vida-financeira-true.png\"\n\t\t\t\t\tdata-promo-id=\"106682\"\t\t\t\t\t\t\t\t\t\twidth='1420' height='240'\t\t\t\t\talt=\"https:\/\/files.sunoresearch.com.br\/n\/uploads\/2023\/04\/1420x240-Planilha-vida-financeira-true.png\"\n\t\t\t\t>\n\t\t\t<\/picture>\n\t\t<\/a>\n\t<\/p>\n\n<\/b><\/p>\n<h2>Vendas no varejo na Agenda do Dia<\/h2>\n<p>Os investidores ficar\u00e3o de olho nas <strong>vendas do com\u00e9rcio varejista,<\/strong> que fazem parte da agenda do dia.\u00a0No m\u00eas passado, foram divulgados dados mostrando que as vendas cresceram 0,6% em setembro, quinta taxa positiva consecutiva desde maio.<\/p>\n<p>Apesar da trajet\u00f3ria de crescimento, o resultado indica uma desacelera\u00e7\u00e3o frente \u00e0s altas dos meses anteriores \u2013 agosto (3,1%), julho (4,7%), junho (8,7%) e maio (12,2%). Em rela\u00e7\u00e3o a setembro de 2019, o com\u00e9rcio cresceu 7,3%. As informa\u00e7\u00f5es s\u00e3o da Pesquisa Mensal de Com\u00e9rcio (PMC), divulgada pelo <a href=\"https:\/\/www.suno.com.br\/artigos\/ibge\/\" target=\"_blank\" rel=\"noopener noreferrer\">IBGE.<\/a><\/p>\n<h2>Desacelera\u00e7\u00e3o no Reino Unido<\/h2>\n<p>Nesta manh\u00e3, o <strong>crescimento econ\u00f4mico do Reino Unido<\/strong> mostrou desacelera\u00e7\u00e3o, crescendo 0,4% em outubro. Foi o sexto m\u00eas consecutivo de alta no PIB, ap\u00f3s um recuo de 19,5% em abril.<\/p>\n<p>No entanto, outubro mostrou uma desacelera\u00e7\u00e3o ante o crescimento de 1,1% visto no m\u00eas anterior. Al\u00e9m disso, o PIB segue 7,9% abaixo do n\u00edvel de fevereiro, antes do impacto da pandemia.<\/p>\n<p>A <strong>Agenda do Dia<\/strong> destaca ainda a fala do presidente da C\u00e2mara dos Deputados, Rodrigo Maia (DEM-RJ), em evento do Estad\u00e3o, \u00e0s 9h, e o encontro do ministro da Economia, Paulo Guedes, com o presidente da Audi.<\/p>\n<p><b>\u00a0\t<p>\n\t\t<a href=\"https:\/\/lp.suno.com.br\/planilha-de-controle-de-investimentos\/\" target=\"_blank\" data-element=\"shortcode-suno-banner\" title=\"Banner SUNO, clique e saiba mais\">\n\t\t\t<picture>\n\t\t\t\t<source media=\"(max-width: 500px)\" srcset=\"https:\/\/files.sunoresearch.com.br\/n\/uploads\/2023\/03\/400x300-Controle-de-Investimentos.png\">\n\t\t\t\t<img class=\"newsContent__article__imgCapa newsContent__article__imgCapa--banner\"\n\t\t\t\t\tsrc=\"https:\/\/files.sunoresearch.com.br\/n\/uploads\/2023\/03\/1420x240-Controle-de-Investimentos.png\"\n\t\t\t\t\tdata-promo-id=\"75934\"\t\t\t\t\t\t\t\t\t\twidth='1420' height='240'\t\t\t\t\talt=\"https:\/\/files.sunoresearch.com.br\/n\/uploads\/2023\/03\/1420x240-Controle-de-Investimentos.png\"\n\t\t\t\t>\n\t\t\t<\/picture>\n\t\t<\/a>\n\t<\/p>\n\n<\/b><\/p>\n","protected":false},"excerpt":{"rendered":"<p>A Agenda do Dia desta quinta-feira (10) traz os dados de vendas no varejo brasileiro, \u00e0s 9h, e o leil\u00e3o de t\u00edtulos do Tesouro Nacional, \u00e0s 10h30.\u00a0Na esfera corporativa, a agenda do dia traz a aguardada estreia da Rede D&#8217;Or (RDOR3) na B3, ap\u00f3s a empresa realizar uma oferta inicial de a\u00e7\u00f5es (IPO) hist\u00f3rica, de [&hellip;]<\/p>\n","protected":false},"author":60,"featured_media":106968,"comment_status":"closed","ping_status":"closed","sticky":false,"template":"","format":"standard","meta":[],"categories":[60],"tags":[1980,732,1388,2312],"suno_strategy":[],"class_list":["post-106961","post","type-post","status-publish","format-standard","has-post-thumbnail","hentry","category-mercado","tag-agenda-do-dia","tag-banco-do-brasil-bbas3","tag-csn-csna3","tag-rede-dor-rdor3"],"yoast_head":"<!-- This site is optimized with the Yoast SEO plugin v24.4 - https:\/\/yoast.com\/wordpress\/plugins\/seo\/ -->\n<title>Agenda do Dia: Rede D&#039;Or (RDOR3), BB (BBAS3) e CSN (CSNA3)<\/title>\n<meta name=\"description\" content=\"Na esfera corporativa, a agenda do dia traz a estreia da Rede D&#039;Or na B3, al\u00e9m de eventos da CSN e do BB com investidores. Leia mais.\" \/>\n<meta name=\"robots\" content=\"index, follow, max-snippet:-1, max-image-preview:large, max-video-preview:-1\" \/>\n<link rel=\"canonical\" href=\"https:\/\/www.suno.com.br\/noticias\/agenda-do-dia-rede-dor-rdor3-bb-bbas3-csn-csna3\/\" \/>\n<meta property=\"og:locale\" content=\"pt_BR\" \/>\n<meta property=\"og:type\" content=\"article\" \/>\n<meta property=\"og:title\" content=\"Agenda do Dia: Rede D&#039;Or (RDOR3), BB (BBAS3) e CSN (CSNA3)\" \/>\n<meta property=\"og:description\" content=\"Na esfera corporativa, a agenda do dia traz a estreia da Rede D&#039;Or na B3, al\u00e9m de eventos da CSN e do BB com investidores. Leia mais.\" \/>\n<meta property=\"og:url\" content=\"https:\/\/www.suno.com.br\/noticias\/agenda-do-dia-rede-dor-rdor3-bb-bbas3-csn-csna3\/\" \/>\n<meta property=\"og:site_name\" content=\"Suno Not\u00edcias\" \/>\n<meta property=\"article:publisher\" content=\"https:\/\/facebook.com\/sunoresearch\" \/>\n<meta property=\"og:image\" content=\"https:\/\/files.sunoresearch.com.br\/n\/uploads\/2020\/12\/3d78bbe1-rede-dor-ipo.jpg\" \/>\n\t<meta property=\"og:image:width\" content=\"1024\" \/>\n\t<meta property=\"og:image:height\" content=\"754\" \/>\n\t<meta property=\"og:image:type\" content=\"image\/jpeg\" \/>\n<meta name=\"author\" content=\"Natalia G\u00f3mez\" \/>\n<meta name=\"twitter:card\" content=\"summary_large_image\" \/>\n<meta name=\"twitter:creator\" content=\"@sunoresearch\" \/>\n<meta name=\"twitter:site\" content=\"@sunoresearch\" \/>\n<meta name=\"twitter:label1\" content=\"Escrito por\" \/>\n\t<meta name=\"twitter:data1\" content=\"Natalia G\u00f3mez\" \/>\n\t<meta name=\"twitter:label2\" content=\"Est. tempo de leitura\" \/>\n\t<meta name=\"twitter:data2\" content=\"3 minutos\" \/>\n<script type=\"application\/ld+json\" class=\"yoast-schema-graph\">{\"@context\":\"https:\/\/schema.org\",\"@graph\":[{\"@type\":\"NewsArticle\",\"@id\":\"https:\/\/www.suno.com.br\/noticias\/agenda-do-dia-rede-dor-rdor3-bb-bbas3-csn-csna3\/#article\",\"isPartOf\":{\"@id\":\"https:\/\/www.suno.com.br\/noticias\/agenda-do-dia-rede-dor-rdor3-bb-bbas3-csn-csna3\/\"},\"author\":{\"name\":\"Natalia G\u00f3mez\",\"@id\":\"https:\/\/www.suno.com.br\/noticias\/#\/schema\/person\/1b24d67c140a42e864ef414497edb164\"},\"headline\":\"Agenda do Dia: Rede D&#8217;Or (RDOR3), BB (BBAS3) e CSN (CSNA3)\",\"datePublished\":\"2020-12-10T11:26:50+00:00\",\"dateModified\":\"2021-06-14T03:28:51+00:00\",\"mainEntityOfPage\":{\"@id\":\"https:\/\/www.suno.com.br\/noticias\/agenda-do-dia-rede-dor-rdor3-bb-bbas3-csn-csna3\/\"},\"wordCount\":616,\"publisher\":{\"@id\":\"https:\/\/www.suno.com.br\/noticias\/#organization\"},\"image\":{\"@id\":\"https:\/\/www.suno.com.br\/noticias\/agenda-do-dia-rede-dor-rdor3-bb-bbas3-csn-csna3\/#primaryimage\"},\"thumbnailUrl\":\"https:\/\/files.sunoresearch.com.br\/n\/uploads\/2020\/12\/3d78bbe1-rede-dor-ipo-jpg.webp\",\"keywords\":[\"agenda do dia\",\"Banco do Brasil (BBAS3)\",\"CSN (CSNA3)\",\"Rede D'or (RDOR3)\"],\"articleSection\":[\"Mercado\"],\"inLanguage\":\"pt-BR\"},{\"@type\":\"WebPage\",\"@id\":\"https:\/\/www.suno.com.br\/noticias\/agenda-do-dia-rede-dor-rdor3-bb-bbas3-csn-csna3\/\",\"url\":\"https:\/\/www.suno.com.br\/noticias\/agenda-do-dia-rede-dor-rdor3-bb-bbas3-csn-csna3\/\",\"name\":\"Agenda do Dia: Rede D'Or (RDOR3), BB (BBAS3) e CSN (CSNA3)\",\"isPartOf\":{\"@id\":\"https:\/\/www.suno.com.br\/noticias\/#website\"},\"primaryImageOfPage\":{\"@id\":\"https:\/\/www.suno.com.br\/noticias\/agenda-do-dia-rede-dor-rdor3-bb-bbas3-csn-csna3\/#primaryimage\"},\"image\":{\"@id\":\"https:\/\/www.suno.com.br\/noticias\/agenda-do-dia-rede-dor-rdor3-bb-bbas3-csn-csna3\/#primaryimage\"},\"thumbnailUrl\":\"https:\/\/files.sunoresearch.com.br\/n\/uploads\/2020\/12\/3d78bbe1-rede-dor-ipo-jpg.webp\",\"datePublished\":\"2020-12-10T11:26:50+00:00\",\"dateModified\":\"2021-06-14T03:28:51+00:00\",\"description\":\"Na esfera corporativa, a agenda do dia traz a estreia da Rede D'Or na B3, al\u00e9m de eventos da CSN e do BB com investidores. Leia mais.\",\"breadcrumb\":{\"@id\":\"https:\/\/www.suno.com.br\/noticias\/agenda-do-dia-rede-dor-rdor3-bb-bbas3-csn-csna3\/#breadcrumb\"},\"inLanguage\":\"pt-BR\",\"potentialAction\":[{\"@type\":\"ReadAction\",\"target\":[\"https:\/\/www.suno.com.br\/noticias\/agenda-do-dia-rede-dor-rdor3-bb-bbas3-csn-csna3\/\"]}]},{\"@type\":\"ImageObject\",\"inLanguage\":\"pt-BR\",\"@id\":\"https:\/\/www.suno.com.br\/noticias\/agenda-do-dia-rede-dor-rdor3-bb-bbas3-csn-csna3\/#primaryimage\",\"url\":\"https:\/\/files.sunoresearch.com.br\/n\/uploads\/2020\/12\/3d78bbe1-rede-dor-ipo-jpg.webp\",\"contentUrl\":\"https:\/\/files.sunoresearch.com.br\/n\/uploads\/2020\/12\/3d78bbe1-rede-dor-ipo-jpg.webp\",\"width\":1024,\"height\":754,\"caption\":\"Agenda do Dia traz estreia da Rede D'Or\"},{\"@type\":\"BreadcrumbList\",\"@id\":\"https:\/\/www.suno.com.br\/noticias\/agenda-do-dia-rede-dor-rdor3-bb-bbas3-csn-csna3\/#breadcrumb\",\"itemListElement\":[{\"@type\":\"ListItem\",\"position\":1,\"name\":\"Not\u00edcias\",\"item\":\"https:\/\/www.suno.com.br\/noticias\/\"},{\"@type\":\"ListItem\",\"position\":2,\"name\":\"Mercado\",\"item\":\"https:\/\/www.suno.com.br\/noticias\/mercado\/\"},{\"@type\":\"ListItem\",\"position\":3,\"name\":\"Agenda do Dia: Rede D&#8217;Or (RDOR3), BB (BBAS3) e CSN (CSNA3)\"}]},{\"@type\":\"WebSite\",\"@id\":\"https:\/\/www.suno.com.br\/noticias\/#website\",\"url\":\"https:\/\/www.suno.com.br\/noticias\/\",\"name\":\"Suno Not\u00edcias\",\"description\":\"Seu portal de informa\u00e7\u00e3o sobre o mundo dos investimentos\",\"publisher\":{\"@id\":\"https:\/\/www.suno.com.br\/noticias\/#organization\"},\"potentialAction\":[{\"@type\":\"SearchAction\",\"target\":{\"@type\":\"EntryPoint\",\"urlTemplate\":\"https:\/\/www.suno.com.br\/noticias\/?s={search_term_string}\"},\"query-input\":{\"@type\":\"PropertyValueSpecification\",\"valueRequired\":true,\"valueName\":\"search_term_string\"}}],\"inLanguage\":\"pt-BR\"},{\"@type\":\"Organization\",\"@id\":\"https:\/\/www.suno.com.br\/noticias\/#organization\",\"name\":\"Suno Not\u00edcias\",\"url\":\"https:\/\/www.suno.com.br\/noticias\/\",\"logo\":{\"@type\":\"ImageObject\",\"inLanguage\":\"pt-BR\",\"@id\":\"https:\/\/www.suno.com.br\/noticias\/#\/schema\/logo\/image\/\",\"url\":\"https:\/\/files.sunoresearch.com.br\/n\/uploads\/2021\/09\/suno-logo.png\",\"contentUrl\":\"https:\/\/files.sunoresearch.com.br\/n\/uploads\/2021\/09\/suno-logo.png\",\"width\":180,\"height\":180,\"caption\":\"Suno Not\u00edcias\"},\"image\":{\"@id\":\"https:\/\/www.suno.com.br\/noticias\/#\/schema\/logo\/image\/\"},\"sameAs\":[\"https:\/\/facebook.com\/sunoresearch\",\"https:\/\/x.com\/sunoresearch\",\"https:\/\/www.instagram.com\/suno\",\"https:\/\/www.linkedin.com\/company\/suno-research\/\",\"https:\/\/www.youtube.com\/c\/sunoresearch\"]},{\"@type\":\"Person\",\"@id\":\"https:\/\/www.suno.com.br\/noticias\/#\/schema\/person\/1b24d67c140a42e864ef414497edb164\",\"name\":\"Natalia G\u00f3mez\",\"image\":{\"@type\":\"ImageObject\",\"inLanguage\":\"pt-BR\",\"@id\":\"https:\/\/www.suno.com.br\/noticias\/#\/schema\/person\/image\/\",\"url\":\"https:\/\/secure.gravatar.com\/avatar\/9e957e0b2b485c2d42c3f4145c16d940?s=96&r=g\",\"contentUrl\":\"https:\/\/secure.gravatar.com\/avatar\/9e957e0b2b485c2d42c3f4145c16d940?s=96&r=g\",\"caption\":\"Natalia G\u00f3mez\"},\"description\":\"Editora do Suno Not\u00edcias desde outubro de 2020, \u00e9 jornalista formada pela PUC-SP, com p\u00f3s-gradua\u00e7\u00e3o em jornalismo liter\u00e1rio. Atua no mercado financeiro desde 2003, quando iniciou a carreira no jornal econ\u00f4mico DCI, cobrindo o setor de alimentos no caderno de Ind\u00fastria. Foi trainee do jornal Valor Econ\u00f4mico, onde atuou no Caderno de Empresas por quase tr\u00eas anos. L\u00e1, cobriu o setor de ind\u00fastria, com foco em siderurgia, embalagens e aeroespacial. Fez coberturas setoriais em viagens para S\u00e3o Jos\u00e9 dos Campos e Franca (SP), al\u00e9m de coberturas internacionais na Alemanha e na Su\u00e9cia. Trabalhou por cinco anos na Ag\u00eancia Estado\/Broadcast, do Grupo Estado, onde foi rep\u00f3rter dos setores de minera\u00e7\u00e3o e siderurgia, alimentos e bebidas e finan\u00e7as. Foi premiada como o pr\u00eamio Destaque de Reportagem da AE em 2007 e 2008. Al\u00e9m de atuar no servi\u00e7o de not\u00edcias em tempo real, fez participa\u00e7\u00f5es no caderno de Economia do jornal Estado de S.Paulo e na R\u00e1dio Eldorado. Ainda no Grupo Estado, foi editora assistente da editoria Empresas e Setores, atuando com edi\u00e7\u00e3o e pauta, al\u00e9m de cobrir mercados diariamente com o cen\u00e1rio de bolsa e fazer reportagens especiais com foco em governan\u00e7a corporativa. Trabalhou tamb\u00e9m como correspondente de finan\u00e7as no servi\u00e7o da Thomson Reuters em portugu\u00eas por quase um ano. Atuou por cerca de oito anos como jornalista independente, contribuindo para ve\u00edculos como UOL Economia, Infomoney e Revista Voc\u00ea SA, al\u00e9m de ter trabalhado em projetos na \u00e1rea de conte\u00fado e comunica\u00e7\u00e3o de institui\u00e7\u00f5es financeiras como Anbima, Banco BS2, Banco Pine, Ita\u00fa BBA e EQI.\",\"url\":\"https:\/\/www.suno.com.br\/noticias\/author\/natalia-gomez\/\"}]}<\/script>\n<!-- \/ Yoast SEO plugin. -->","yoast_head_json":{"title":"Agenda do Dia: Rede D'Or (RDOR3), BB (BBAS3) e CSN (CSNA3)","description":"Na esfera corporativa, a agenda do dia traz a estreia da Rede D'Or na B3, al\u00e9m de eventos da CSN e do BB com investidores. Leia mais.","robots":{"index":"index","follow":"follow","max-snippet":"max-snippet:-1","max-image-preview":"max-image-preview:large","max-video-preview":"max-video-preview:-1"},"canonical":"https:\/\/www.suno.com.br\/noticias\/agenda-do-dia-rede-dor-rdor3-bb-bbas3-csn-csna3\/","og_locale":"pt_BR","og_type":"article","og_title":"Agenda do Dia: Rede D'Or (RDOR3), BB (BBAS3) e CSN (CSNA3)","og_description":"Na esfera corporativa, a agenda do dia traz a estreia da Rede D'Or na B3, al\u00e9m de eventos da CSN e do BB com investidores. Leia mais.","og_url":"https:\/\/www.suno.com.br\/noticias\/agenda-do-dia-rede-dor-rdor3-bb-bbas3-csn-csna3\/","og_site_name":"Suno Not\u00edcias","article_publisher":"https:\/\/facebook.com\/sunoresearch","og_image":[{"width":1024,"height":754,"url":"https:\/\/files.sunoresearch.com.br\/n\/uploads\/2020\/12\/3d78bbe1-rede-dor-ipo.jpg","type":"image\/jpeg"}],"author":"Natalia G\u00f3mez","twitter_card":"summary_large_image","twitter_creator":"@sunoresearch","twitter_site":"@sunoresearch","twitter_misc":{"Escrito por":"Natalia G\u00f3mez","Est. tempo de leitura":"3 minutos"},"schema":{"@context":"https:\/\/schema.org","@graph":[{"@type":"NewsArticle","@id":"https:\/\/www.suno.com.br\/noticias\/agenda-do-dia-rede-dor-rdor3-bb-bbas3-csn-csna3\/#article","isPartOf":{"@id":"https:\/\/www.suno.com.br\/noticias\/agenda-do-dia-rede-dor-rdor3-bb-bbas3-csn-csna3\/"},"author":{"name":"Natalia G\u00f3mez","@id":"https:\/\/www.suno.com.br\/noticias\/#\/schema\/person\/1b24d67c140a42e864ef414497edb164"},"headline":"Agenda do Dia: Rede D&#8217;Or (RDOR3), BB (BBAS3) e CSN (CSNA3)","datePublished":"2020-12-10T11:26:50+00:00","dateModified":"2021-06-14T03:28:51+00:00","mainEntityOfPage":{"@id":"https:\/\/www.suno.com.br\/noticias\/agenda-do-dia-rede-dor-rdor3-bb-bbas3-csn-csna3\/"},"wordCount":616,"publisher":{"@id":"https:\/\/www.suno.com.br\/noticias\/#organization"},"image":{"@id":"https:\/\/www.suno.com.br\/noticias\/agenda-do-dia-rede-dor-rdor3-bb-bbas3-csn-csna3\/#primaryimage"},"thumbnailUrl":"https:\/\/files.sunoresearch.com.br\/n\/uploads\/2020\/12\/3d78bbe1-rede-dor-ipo-jpg.webp","keywords":["agenda do dia","Banco do Brasil (BBAS3)","CSN (CSNA3)","Rede D'or (RDOR3)"],"articleSection":["Mercado"],"inLanguage":"pt-BR"},{"@type":"WebPage","@id":"https:\/\/www.suno.com.br\/noticias\/agenda-do-dia-rede-dor-rdor3-bb-bbas3-csn-csna3\/","url":"https:\/\/www.suno.com.br\/noticias\/agenda-do-dia-rede-dor-rdor3-bb-bbas3-csn-csna3\/","name":"Agenda do Dia: Rede D'Or (RDOR3), BB (BBAS3) e CSN (CSNA3)","isPartOf":{"@id":"https:\/\/www.suno.com.br\/noticias\/#website"},"primaryImageOfPage":{"@id":"https:\/\/www.suno.com.br\/noticias\/agenda-do-dia-rede-dor-rdor3-bb-bbas3-csn-csna3\/#primaryimage"},"image":{"@id":"https:\/\/www.suno.com.br\/noticias\/agenda-do-dia-rede-dor-rdor3-bb-bbas3-csn-csna3\/#primaryimage"},"thumbnailUrl":"https:\/\/files.sunoresearch.com.br\/n\/uploads\/2020\/12\/3d78bbe1-rede-dor-ipo-jpg.webp","datePublished":"2020-12-10T11:26:50+00:00","dateModified":"2021-06-14T03:28:51+00:00","description":"Na esfera corporativa, a agenda do dia traz a estreia da Rede D'Or na B3, al\u00e9m de eventos da CSN e do BB com investidores. Leia mais.","breadcrumb":{"@id":"https:\/\/www.suno.com.br\/noticias\/agenda-do-dia-rede-dor-rdor3-bb-bbas3-csn-csna3\/#breadcrumb"},"inLanguage":"pt-BR","potentialAction":[{"@type":"ReadAction","target":["https:\/\/www.suno.com.br\/noticias\/agenda-do-dia-rede-dor-rdor3-bb-bbas3-csn-csna3\/"]}]},{"@type":"ImageObject","inLanguage":"pt-BR","@id":"https:\/\/www.suno.com.br\/noticias\/agenda-do-dia-rede-dor-rdor3-bb-bbas3-csn-csna3\/#primaryimage","url":"https:\/\/files.sunoresearch.com.br\/n\/uploads\/2020\/12\/3d78bbe1-rede-dor-ipo-jpg.webp","contentUrl":"https:\/\/files.sunoresearch.com.br\/n\/uploads\/2020\/12\/3d78bbe1-rede-dor-ipo-jpg.webp","width":1024,"height":754,"caption":"Agenda do Dia traz estreia da Rede D'Or"},{"@type":"BreadcrumbList","@id":"https:\/\/www.suno.com.br\/noticias\/agenda-do-dia-rede-dor-rdor3-bb-bbas3-csn-csna3\/#breadcrumb","itemListElement":[{"@type":"ListItem","position":1,"name":"Not\u00edcias","item":"https:\/\/www.suno.com.br\/noticias\/"},{"@type":"ListItem","position":2,"name":"Mercado","item":"https:\/\/www.suno.com.br\/noticias\/mercado\/"},{"@type":"ListItem","position":3,"name":"Agenda do Dia: Rede D&#8217;Or (RDOR3), BB (BBAS3) e CSN (CSNA3)"}]},{"@type":"WebSite","@id":"https:\/\/www.suno.com.br\/noticias\/#website","url":"https:\/\/www.suno.com.br\/noticias\/","name":"Suno Not\u00edcias","description":"Seu portal de informa\u00e7\u00e3o sobre o mundo dos investimentos","publisher":{"@id":"https:\/\/www.suno.com.br\/noticias\/#organization"},"potentialAction":[{"@type":"SearchAction","target":{"@type":"EntryPoint","urlTemplate":"https:\/\/www.suno.com.br\/noticias\/?s={search_term_string}"},"query-input":{"@type":"PropertyValueSpecification","valueRequired":true,"valueName":"search_term_string"}}],"inLanguage":"pt-BR"},{"@type":"Organization","@id":"https:\/\/www.suno.com.br\/noticias\/#organization","name":"Suno Not\u00edcias","url":"https:\/\/www.suno.com.br\/noticias\/","logo":{"@type":"ImageObject","inLanguage":"pt-BR","@id":"https:\/\/www.suno.com.br\/noticias\/#\/schema\/logo\/image\/","url":"https:\/\/files.sunoresearch.com.br\/n\/uploads\/2021\/09\/suno-logo.png","contentUrl":"https:\/\/files.sunoresearch.com.br\/n\/uploads\/2021\/09\/suno-logo.png","width":180,"height":180,"caption":"Suno Not\u00edcias"},"image":{"@id":"https:\/\/www.suno.com.br\/noticias\/#\/schema\/logo\/image\/"},"sameAs":["https:\/\/facebook.com\/sunoresearch","https:\/\/x.com\/sunoresearch","https:\/\/www.instagram.com\/suno","https:\/\/www.linkedin.com\/company\/suno-research\/","https:\/\/www.youtube.com\/c\/sunoresearch"]},{"@type":"Person","@id":"https:\/\/www.suno.com.br\/noticias\/#\/schema\/person\/1b24d67c140a42e864ef414497edb164","name":"Natalia G\u00f3mez","image":{"@type":"ImageObject","inLanguage":"pt-BR","@id":"https:\/\/www.suno.com.br\/noticias\/#\/schema\/person\/image\/","url":"https:\/\/secure.gravatar.com\/avatar\/9e957e0b2b485c2d42c3f4145c16d940?s=96&r=g","contentUrl":"https:\/\/secure.gravatar.com\/avatar\/9e957e0b2b485c2d42c3f4145c16d940?s=96&r=g","caption":"Natalia G\u00f3mez"},"description":"Editora do Suno Not\u00edcias desde outubro de 2020, \u00e9 jornalista formada pela PUC-SP, com p\u00f3s-gradua\u00e7\u00e3o em jornalismo liter\u00e1rio. Atua no mercado financeiro desde 2003, quando iniciou a carreira no jornal econ\u00f4mico DCI, cobrindo o setor de alimentos no caderno de Ind\u00fastria. Foi trainee do jornal Valor Econ\u00f4mico, onde atuou no Caderno de Empresas por quase tr\u00eas anos. L\u00e1, cobriu o setor de ind\u00fastria, com foco em siderurgia, embalagens e aeroespacial. Fez coberturas setoriais em viagens para S\u00e3o Jos\u00e9 dos Campos e Franca (SP), al\u00e9m de coberturas internacionais na Alemanha e na Su\u00e9cia. Trabalhou por cinco anos na Ag\u00eancia Estado\/Broadcast, do Grupo Estado, onde foi rep\u00f3rter dos setores de minera\u00e7\u00e3o e siderurgia, alimentos e bebidas e finan\u00e7as. Foi premiada como o pr\u00eamio Destaque de Reportagem da AE em 2007 e 2008. Al\u00e9m de atuar no servi\u00e7o de not\u00edcias em tempo real, fez participa\u00e7\u00f5es no caderno de Economia do jornal Estado de S.Paulo e na R\u00e1dio Eldorado. Ainda no Grupo Estado, foi editora assistente da editoria Empresas e Setores, atuando com edi\u00e7\u00e3o e pauta, al\u00e9m de cobrir mercados diariamente com o cen\u00e1rio de bolsa e fazer reportagens especiais com foco em governan\u00e7a corporativa. Trabalhou tamb\u00e9m como correspondente de finan\u00e7as no servi\u00e7o da Thomson Reuters em portugu\u00eas por quase um ano. Atuou por cerca de oito anos como jornalista independente, contribuindo para ve\u00edculos como UOL Economia, Infomoney e Revista Voc\u00ea SA, al\u00e9m de ter trabalhado em projetos na \u00e1rea de conte\u00fado e comunica\u00e7\u00e3o de institui\u00e7\u00f5es financeiras como Anbima, Banco BS2, Banco Pine, Ita\u00fa BBA e EQI.","url":"https:\/\/www.suno.com.br\/noticias\/author\/natalia-gomez\/"}]}},"default_loop_html":"<div class=\"cardsPage__listCard__boxs\"><div class=\"cardsPage__listCard__boxs__img\"><a href=\"https:\/\/www.suno.com.br\/noticias\/agenda-do-dia-rede-dor-rdor3-bb-bbas3-csn-csna3\/\"><img class=\"mask\" src=\"https:\/\/www.suno.com.br\/noticias\/wp-content\/themes\/suno\/resources\/images\/spotlight\/spotlight1img\/bg-mask.png\" alt=\"Image Mask\"\/><img src=\"https:\/\/files.sunoresearch.com.br\/n\/uploads\/2020\/12\/3d78bbe1-rede-dor-ipo-400x200.webp\" alt=\"Agenda do Dia: Rede D&#8217;Or (RDOR3), BB (BBAS3) e CSN (CSNA3)\"\/><\/a><span class=\"spotlightCategory\"><a href=\"https:\/\/www.suno.com.br\/noticias\/mercado\/\">Mercado<\/a><\/span><\/div><div class=\"cardsPage__listCard__boxs__content\"><a href=\"https:\/\/www.suno.com.br\/noticias\/agenda-do-dia-rede-dor-rdor3-bb-bbas3-csn-csna3\/\"><h2 class=\"content__title\">Agenda do Dia: Rede D&#8217;Or (RDOR3), BB (BBAS3) e CSN (CSNA3)<\/h2><\/a><div class=\"newsContent__article__meta\"><div class=\"newsContent__article__meta__authorBox\"><a href=\"https:\/\/www.suno.com.br\/noticias\/author\/natalia-gomez\/\" class=\"authorBox__avatar noMobi\"><img src=\"https:\/\/secure.gravatar.com\/avatar\/9e957e0b2b485c2d42c3f4145c16d940?s=96&#038;r=g\" alt=\"Natalia G\u00f3mez\"><\/a><div class=\"authorBox__name\"><span>por\n\t\t\t<a href=\"https:\/\/www.suno.com.br\/noticias\/author\/natalia-gomez\/\"><span itemprop=\"author\">Natalia G\u00f3mez<\/span><\/a><\/span><time datetime=\"2020-12-10T08:26:50-03:00\" itemprop=\"datePublished\">10\/12\/2020 08:26<\/time><\/div><\/div><\/div><\/div><\/div>","single_layout":"posts","amp_enabled":true,"_links":{"self":[{"href":"https:\/\/www.suno.com.br\/noticias\/wp-json\/wp\/v2\/posts\/106961"}],"collection":[{"href":"https:\/\/www.suno.com.br\/noticias\/wp-json\/wp\/v2\/posts"}],"about":[{"href":"https:\/\/www.suno.com.br\/noticias\/wp-json\/wp\/v2\/types\/post"}],"author":[{"embeddable":true,"href":"https:\/\/www.suno.com.br\/noticias\/wp-json\/wp\/v2\/users\/60"}],"replies":[{"embeddable":true,"href":"https:\/\/www.suno.com.br\/noticias\/wp-json\/wp\/v2\/comments?post=106961"}],"version-history":[{"count":1,"href":"https:\/\/www.suno.com.br\/noticias\/wp-json\/wp\/v2\/posts\/106961\/revisions"}],"predecessor-version":[{"id":157725,"href":"https:\/\/www.suno.com.br\/noticias\/wp-json\/wp\/v2\/posts\/106961\/revisions\/157725"}],"wp:featuredmedia":[{"embeddable":true,"href":"https:\/\/www.suno.com.br\/noticias\/wp-json\/wp\/v2\/media\/106968"}],"wp:attachment":[{"href":"https:\/\/www.suno.com.br\/noticias\/wp-json\/wp\/v2\/media?parent=106961"}],"wp:term":[{"taxonomy":"category","embeddable":true,"href":"https:\/\/www.suno.com.br\/noticias\/wp-json\/wp\/v2\/categories?post=106961"},{"taxonomy":"post_tag","embeddable":true,"href":"https:\/\/www.suno.com.br\/noticias\/wp-json\/wp\/v2\/tags?post=106961"},{"taxonomy":"suno_strategy","embeddable":true,"href":"https:\/\/www.suno.com.br\/noticias\/wp-json\/wp\/v2\/suno_strategy?post=106961"}],"curies":[{"name":"wp","href":"https:\/\/api.w.org\/{rel}","templated":true}]}}