{"id":106894,"date":"2020-12-09T20:36:19","date_gmt":"2020-12-09T23:36:19","guid":{"rendered":"https:\/\/www.suno.com.br\/noticias\/?p=106894"},"modified":"2020-12-09T20:51:58","modified_gmt":"2020-12-09T23:51:58","slug":"banco-do-brasil-bbas3-incorporacao-bescval","status":"publish","type":"post","link":"https:\/\/www.suno.com.br\/noticias\/banco-do-brasil-bbas3-incorporacao-bescval\/","title":{"rendered":"Banco do Brasil (BBAS3) aprova extin\u00e7\u00e3o da Bescval e incorpora\u00e7\u00e3o ao banco"},"content":{"rendered":"<p>Os acionistas do<a href=\"https:\/\/www.suno.com.br\/acoes\/bbas3\/\"><strong> Banco do Brasil<\/strong> (BBAS3)<\/a> aprovaram nesta quarta-feira (9), juntamente com os acionistas da Bescval, aprovaram a extin\u00e7\u00e3o e incorpora\u00e7\u00e3o da distribuidora de t\u00edtulos e <a href=\"https:\/\/www.suno.com.br\/artigos\/valor-mobiliario\/\">valores mobili\u00e1rios<\/a> pelo banco. O movimento foi deliberado em <a href=\"https:\/\/www.suno.com.br\/artigos\/assembleia-geral-extraordinaria\/\">assembleias gerais extraordin\u00e1rias (AGEs)<\/a>.<\/p>\t<div class=\"wrapper-featured-image\">\n\t\t<figure class=\"spotlightImg\">\n\n\t\t\t<picture>\n\t\t\t\t<source media=\"(max-width: 768px)\" srcset=\"https:\/\/files.sunoresearch.com.br\/n\/uploads\/2020\/12\/910995d1-1024px-agencia_do_banco_do_brasil_em_coronel_fabriciano_mg-400x200.webp\">\n\t\t\t\t<img loading=\"lazy\" decoding=\"async\" class=\"newsContent__article__imgCapa lazyloadDisabled \" src=\"https:\/\/files.sunoresearch.com.br\/n\/uploads\/2020\/12\/910995d1-1024px-agencia_do_banco_do_brasil_em_coronel_fabriciano_mg-jpg.webp\" width=\"800\" height=\"450\" alt=\"Banco do Brasil (BBAS3) aprova extin\u00e7\u00e3o da Bescval e incorpora\u00e7\u00e3o ao banco\" fetchpriority=high \/>\n\t\t\t<\/picture>\n\n\t\t\t<figcaption class=\"wp-caption-text wp-caption-text--show\">O Banco do Brasil j\u00e1 havia sinalizado sua inten\u00e7\u00e3o de incorporar a Bescval <\/figcaption>\n\t\t<\/figure>\n\t<\/div>\n\n\n\t<p>\n\t\t<a href=\"https:\/\/lp.suno.com.br\/planilha-controle-gastos\/\" target=\"_blank\" data-element=\"shortcode-suno-banner\" title=\"Banner SUNO, clique e saiba mais\">\n\t\t\t<picture>\n\t\t\t\t<source media=\"(max-width: 500px)\" srcset=\"https:\/\/files.sunoresearch.com.br\/n\/uploads\/2023\/03\/400x300-Planilha-controle-de-gastos.png\">\n\t\t\t\t<img class=\"newsContent__article__imgCapa newsContent__article__imgCapa--banner\"\n\t\t\t\t\tsrc=\"https:\/\/files.sunoresearch.com.br\/n\/uploads\/2023\/03\/1420x240-Planilha-controle-de-gastos.png\"\n\t\t\t\t\tdata-promo-id=\"101751\"\t\t\t\t\t\t\t\t\t\twidth='1420' height='240'\t\t\t\t\talt=\"https:\/\/files.sunoresearch.com.br\/n\/uploads\/2023\/03\/1420x240-Planilha-controle-de-gastos.png\"\n\t\t\t\t>\n\t\t\t<\/picture>\n\t\t<\/a>\n\t<\/p>\n\n\n<p>Como resultado, segundo <a href=\"https:\/\/www.suno.com.br\/artigos\/fato-relevante\/\">fato relevante<\/a>, todo o patrim\u00f4nio da <strong>Bescval<\/strong> ser\u00e1 vertido para o Banco do Brasil. Para isso, o <a href=\"https:\/\/www.suno.com.br\/artigos\/capital-social\/\">capital social<\/a> da institui\u00e7\u00e3o financeira ser\u00e1 elevado em R$ 23,47534 mil, o que corresponde a participa\u00e7\u00e3o acion\u00e1ria dos minorit\u00e1rios no patrim\u00f4nio l\u00edquido da Bescval.<\/p>\n<p>Desse modo, o <a href=\"https:\/\/www.suno.com.br\/artigos\/aumento-capital\/\">aumento de capital<\/a> vai levar a emiss\u00e3o de 425 novas <a href=\"https:\/\/www.suno.com.br\/artigos\/acoes-ordinarias\/\">a\u00e7\u00f5es ordin\u00e1rias<\/a>, sendo que, desse total, 420 ser\u00e3o atribu\u00eddas por inteiro e as cinco restantes ser\u00e3o negociadas em bolsa.<\/p>\n<p><a href=\"https:\/\/lp.suno.com.br\/suno-one\/\">Suno One: acesse gratuitamente eBooks, Minicursos, Artigos e Video Aulas sobre investimentos com um \u00fanico cadastro. Clique para saber mais!<\/a><\/p>\n<p>Para evitar dilui\u00e7\u00e3o das participa\u00e7\u00f5es dos atuais acionistas do <strong>BB<\/strong>, no entanto, a emiss\u00e3o das novas a\u00e7\u00f5es acontecer\u00e1 depois do cancelamento de igual quantidade de a\u00e7\u00f5es de emiss\u00e3o do banco mantidas em tesouraria.<\/p>\n<h2>BB visa racionaliza\u00e7\u00e3o da estrutura societ\u00e1ria<\/h2>\n<p>Ainda de acordo com o fato relevante, o Banco do Brasil salientou que a opera\u00e7\u00e3o para incorporar a Bescval tem por objetivo a &#8220;racionaliza\u00e7\u00e3o e a simplifica\u00e7\u00e3o da estrutura societ\u00e1ria&#8221; e, com isso, a &#8220;consolida\u00e7\u00e3o e redu\u00e7\u00e3o de custos e despesas operacionais combinadas.&#8221;<\/p>\n\t<p>\n\t\t<a href=\"https:\/\/lp.suno.com.br\/planilha-da-vida-financeira\/\" target=\"_blank\" data-element=\"shortcode-suno-banner\" title=\"Banner SUNO, clique e saiba mais\">\n\t\t\t<picture>\n\t\t\t\t<source media=\"(max-width: 500px)\" srcset=\"https:\/\/files.sunoresearch.com.br\/n\/uploads\/2023\/04\/400x300-Planilha-vida-financeira-true.png\">\n\t\t\t\t<img class=\"newsContent__article__imgCapa newsContent__article__imgCapa--banner\"\n\t\t\t\t\tsrc=\"https:\/\/files.sunoresearch.com.br\/n\/uploads\/2023\/04\/1420x240-Planilha-vida-financeira-true.png\"\n\t\t\t\t\tdata-promo-id=\"106682\"\t\t\t\t\t\t\t\t\t\twidth='1420' height='240'\t\t\t\t\talt=\"https:\/\/files.sunoresearch.com.br\/n\/uploads\/2023\/04\/1420x240-Planilha-vida-financeira-true.png\"\n\t\t\t\t>\n\t\t\t<\/picture>\n\t\t<\/a>\n\t<\/p>\n\n\n<p>A opera\u00e7\u00e3o \u00e9 o primeiro movimento do novo presidente da institui\u00e7\u00e3o, Andr\u00e9 Brand\u00e3o, envolvendo a agenda de desinvestimentos. O executivo assumiu a chefia do BB em setembro, em substitui\u00e7\u00e3o \u00e0 <a href=\"https:\/\/www.suno.com.br\/tudo-sobre\/rubem-novaes\/#:~:text=Trajet%C3%B3ria%20de%20Rubem%20Novaes,acordo%20com%20o%20portal%20G1.&amp;text=Em%201999%2C%20Rubem%20foi%20denunciado,no%20caso%20do%20Banco%20Marka.\">Rubem Novaes<\/a>.<\/p>\n\t<div data-element=\"shortcode-read-more\" class=\"knowMore\">\n\t\t\t\t<span class=\"knowMore__title\">Veja tamb\u00e9m<\/span>\n\t\t\t\t<a class=\"knowMore__link\" href=\"https:\/\/www.suno.com.br\/noticias\/banco-do-brasil-bbas3-kakinoff-renuncia-cargo\/\">\n\t\t\tBanco do Brasil (BBAS3): Ana Cl\u00e1udia Kakinoff renuncia ao cargo\t\t<\/a>\n\t<\/div>\n\n\n<p>A incorpora\u00e7\u00e3o da distribuidora de t\u00edtulos e valores mobili\u00e1rios ainda dever\u00e1 ser submetida \u00e0 aprova\u00e7\u00e3o do <a href=\"https:\/\/www.suno.com.br\/artigos\/bacen\/\">Banco Central (BC)<\/a>.<\/p>\n<h2>\u00daltima cota\u00e7\u00e3o do Banco do Brasil<\/h2>\n<p>As a\u00e7\u00f5es do <strong>Banco do Brasil<\/strong>, negociadas com o c\u00f3digo &#8220;BBAS3&#8221;, fecharam o preg\u00e3o desta quarta-feira em queda de 1,37%, a R$ 35,96. Por sua vez, o <a href=\"https:\/\/www.suno.com.br\/artigos\/ibovespa\/\">Ibovespa<\/a>, \u00edndice de refer\u00eancia da <a href=\"https:\/\/www.suno.com.br\/artigos\/b3\/\">Bolsa de Valores de S\u00e3o Paulo (B3)<\/a>, caiu 0,70%, para 113.001,16 pontos.<\/p>\n\t<p>\n\t\t<a href=\"https:\/\/lp.suno.com.br\/planilha-de-controle-de-investimentos\/\" target=\"_blank\" data-element=\"shortcode-suno-banner\" title=\"Banner SUNO, clique e saiba mais\">\n\t\t\t<picture>\n\t\t\t\t<source media=\"(max-width: 500px)\" srcset=\"https:\/\/files.sunoresearch.com.br\/n\/uploads\/2023\/03\/400x300-Controle-de-Investimentos.png\">\n\t\t\t\t<img class=\"newsContent__article__imgCapa newsContent__article__imgCapa--banner\"\n\t\t\t\t\tsrc=\"https:\/\/files.sunoresearch.com.br\/n\/uploads\/2023\/03\/1420x240-Controle-de-Investimentos.png\"\n\t\t\t\t\tdata-promo-id=\"75934\"\t\t\t\t\t\t\t\t\t\twidth='1420' height='240'\t\t\t\t\talt=\"https:\/\/files.sunoresearch.com.br\/n\/uploads\/2023\/03\/1420x240-Controle-de-Investimentos.png\"\n\t\t\t\t>\n\t\t\t<\/picture>\n\t\t<\/a>\n\t<\/p>\n\n\n","protected":false},"excerpt":{"rendered":"<p>Os acionistas do Banco do Brasil (BBAS3) aprovaram nesta quarta-feira (9), juntamente com os acionistas da Bescval, aprovaram a extin\u00e7\u00e3o e incorpora\u00e7\u00e3o da distribuidora de t\u00edtulos e valores mobili\u00e1rios pelo banco. O movimento foi deliberado em assembleias gerais extraordin\u00e1rias (AGEs). O Banco do Brasil j\u00e1 havia sinalizado sua inten\u00e7\u00e3o de incorporar a Bescval Como resultado, [&hellip;]<\/p>\n","protected":false},"author":35,"featured_media":106910,"comment_status":"closed","ping_status":"closed","sticky":false,"template":"","format":"standard","meta":[],"categories":[64],"tags":[732],"suno_strategy":[],"class_list":["post-106894","post","type-post","status-publish","format-standard","has-post-thumbnail","hentry","category-negocios","tag-banco-do-brasil-bbas3"],"yoast_head":"<!-- This site is optimized with the Yoast SEO plugin v24.4 - https:\/\/yoast.com\/wordpress\/plugins\/seo\/ -->\n<title>Banco do Brasil (BBAS3) aprova incorpora\u00e7\u00e3o da Bescval ao banco<\/title>\n<meta name=\"description\" content=\"O Banco do Brasil (BBAS3) aprovou a extin\u00e7\u00e3o e incorpora\u00e7\u00e3o da Bescval pelo banco. Saiba mais sobre o movimento do Banco do Brasil.\" \/>\n<meta name=\"robots\" content=\"index, follow, max-snippet:-1, max-image-preview:large, max-video-preview:-1\" \/>\n<link rel=\"canonical\" href=\"https:\/\/www.suno.com.br\/noticias\/banco-do-brasil-bbas3-incorporacao-bescval\/\" \/>\n<meta property=\"og:locale\" content=\"pt_BR\" \/>\n<meta property=\"og:type\" content=\"article\" \/>\n<meta property=\"og:title\" content=\"Banco do Brasil (BBAS3) aprova incorpora\u00e7\u00e3o da Bescval ao banco\" \/>\n<meta property=\"og:description\" content=\"O Banco do Brasil (BBAS3) aprovou a extin\u00e7\u00e3o e incorpora\u00e7\u00e3o da Bescval pelo banco. Saiba mais sobre o movimento do Banco do Brasil.\" \/>\n<meta property=\"og:url\" content=\"https:\/\/www.suno.com.br\/noticias\/banco-do-brasil-bbas3-incorporacao-bescval\/\" \/>\n<meta property=\"og:site_name\" content=\"Suno Not\u00edcias\" \/>\n<meta property=\"article:publisher\" content=\"https:\/\/facebook.com\/sunoresearch\" \/>\n<meta property=\"og:image\" content=\"https:\/\/files.sunoresearch.com.br\/n\/uploads\/2020\/12\/910995d1-1024px-agencia_do_banco_do_brasil_em_coronel_fabriciano_mg.jpg\" \/>\n\t<meta property=\"og:image:width\" content=\"505\" \/>\n\t<meta property=\"og:image:height\" content=\"380\" \/>\n\t<meta property=\"og:image:type\" content=\"image\/jpeg\" \/>\n<meta name=\"author\" content=\"Arthur Guimar\u00e3es\" \/>\n<meta name=\"twitter:card\" content=\"summary_large_image\" \/>\n<meta name=\"twitter:creator\" content=\"@sunoresearch\" \/>\n<meta name=\"twitter:site\" content=\"@sunoresearch\" \/>\n<meta name=\"twitter:label1\" content=\"Escrito por\" \/>\n\t<meta name=\"twitter:data1\" content=\"Arthur Guimar\u00e3es\" \/>\n\t<meta name=\"twitter:label2\" content=\"Est. tempo de leitura\" \/>\n\t<meta name=\"twitter:data2\" content=\"2 minutos\" \/>\n<script type=\"application\/ld+json\" class=\"yoast-schema-graph\">{\"@context\":\"https:\/\/schema.org\",\"@graph\":[{\"@type\":\"NewsArticle\",\"@id\":\"https:\/\/www.suno.com.br\/noticias\/banco-do-brasil-bbas3-incorporacao-bescval\/#article\",\"isPartOf\":{\"@id\":\"https:\/\/www.suno.com.br\/noticias\/banco-do-brasil-bbas3-incorporacao-bescval\/\"},\"author\":{\"name\":\"Arthur Guimar\u00e3es\",\"@id\":\"https:\/\/www.suno.com.br\/noticias\/#\/schema\/person\/053a750a709a263919a20f976caae91c\"},\"headline\":\"Banco do Brasil (BBAS3) aprova extin\u00e7\u00e3o da Bescval e incorpora\u00e7\u00e3o ao banco\",\"datePublished\":\"2020-12-09T23:36:19+00:00\",\"dateModified\":\"2020-12-09T23:51:58+00:00\",\"mainEntityOfPage\":{\"@id\":\"https:\/\/www.suno.com.br\/noticias\/banco-do-brasil-bbas3-incorporacao-bescval\/\"},\"wordCount\":385,\"publisher\":{\"@id\":\"https:\/\/www.suno.com.br\/noticias\/#organization\"},\"image\":{\"@id\":\"https:\/\/www.suno.com.br\/noticias\/banco-do-brasil-bbas3-incorporacao-bescval\/#primaryimage\"},\"thumbnailUrl\":\"https:\/\/files.sunoresearch.com.br\/n\/uploads\/2020\/12\/910995d1-1024px-agencia_do_banco_do_brasil_em_coronel_fabriciano_mg-jpg.webp\",\"keywords\":[\"Banco do Brasil (BBAS3)\"],\"articleSection\":[\"Neg\u00f3cios\"],\"inLanguage\":\"pt-BR\"},{\"@type\":\"WebPage\",\"@id\":\"https:\/\/www.suno.com.br\/noticias\/banco-do-brasil-bbas3-incorporacao-bescval\/\",\"url\":\"https:\/\/www.suno.com.br\/noticias\/banco-do-brasil-bbas3-incorporacao-bescval\/\",\"name\":\"Banco do Brasil (BBAS3) aprova incorpora\u00e7\u00e3o da Bescval ao banco\",\"isPartOf\":{\"@id\":\"https:\/\/www.suno.com.br\/noticias\/#website\"},\"primaryImageOfPage\":{\"@id\":\"https:\/\/www.suno.com.br\/noticias\/banco-do-brasil-bbas3-incorporacao-bescval\/#primaryimage\"},\"image\":{\"@id\":\"https:\/\/www.suno.com.br\/noticias\/banco-do-brasil-bbas3-incorporacao-bescval\/#primaryimage\"},\"thumbnailUrl\":\"https:\/\/files.sunoresearch.com.br\/n\/uploads\/2020\/12\/910995d1-1024px-agencia_do_banco_do_brasil_em_coronel_fabriciano_mg-jpg.webp\",\"datePublished\":\"2020-12-09T23:36:19+00:00\",\"dateModified\":\"2020-12-09T23:51:58+00:00\",\"description\":\"O Banco do Brasil (BBAS3) aprovou a extin\u00e7\u00e3o e incorpora\u00e7\u00e3o da Bescval pelo banco. Saiba mais sobre o movimento do Banco do Brasil.\",\"breadcrumb\":{\"@id\":\"https:\/\/www.suno.com.br\/noticias\/banco-do-brasil-bbas3-incorporacao-bescval\/#breadcrumb\"},\"inLanguage\":\"pt-BR\",\"potentialAction\":[{\"@type\":\"ReadAction\",\"target\":[\"https:\/\/www.suno.com.br\/noticias\/banco-do-brasil-bbas3-incorporacao-bescval\/\"]}]},{\"@type\":\"ImageObject\",\"inLanguage\":\"pt-BR\",\"@id\":\"https:\/\/www.suno.com.br\/noticias\/banco-do-brasil-bbas3-incorporacao-bescval\/#primaryimage\",\"url\":\"https:\/\/files.sunoresearch.com.br\/n\/uploads\/2020\/12\/910995d1-1024px-agencia_do_banco_do_brasil_em_coronel_fabriciano_mg-jpg.webp\",\"contentUrl\":\"https:\/\/files.sunoresearch.com.br\/n\/uploads\/2020\/12\/910995d1-1024px-agencia_do_banco_do_brasil_em_coronel_fabriciano_mg-jpg.webp\",\"width\":505,\"height\":380,\"caption\":\"O Banco do Brasil j\u00e1 havia sinalizado sua inten\u00e7\u00e3o de incorporar a Bescval\"},{\"@type\":\"BreadcrumbList\",\"@id\":\"https:\/\/www.suno.com.br\/noticias\/banco-do-brasil-bbas3-incorporacao-bescval\/#breadcrumb\",\"itemListElement\":[{\"@type\":\"ListItem\",\"position\":1,\"name\":\"Not\u00edcias\",\"item\":\"https:\/\/www.suno.com.br\/noticias\/\"},{\"@type\":\"ListItem\",\"position\":2,\"name\":\"Neg\u00f3cios\",\"item\":\"https:\/\/www.suno.com.br\/noticias\/negocios\/\"},{\"@type\":\"ListItem\",\"position\":3,\"name\":\"Banco do Brasil (BBAS3) aprova extin\u00e7\u00e3o da Bescval e incorpora\u00e7\u00e3o ao banco\"}]},{\"@type\":\"WebSite\",\"@id\":\"https:\/\/www.suno.com.br\/noticias\/#website\",\"url\":\"https:\/\/www.suno.com.br\/noticias\/\",\"name\":\"Suno Not\u00edcias\",\"description\":\"Seu portal de informa\u00e7\u00e3o sobre o mundo dos investimentos\",\"publisher\":{\"@id\":\"https:\/\/www.suno.com.br\/noticias\/#organization\"},\"potentialAction\":[{\"@type\":\"SearchAction\",\"target\":{\"@type\":\"EntryPoint\",\"urlTemplate\":\"https:\/\/www.suno.com.br\/noticias\/?s={search_term_string}\"},\"query-input\":{\"@type\":\"PropertyValueSpecification\",\"valueRequired\":true,\"valueName\":\"search_term_string\"}}],\"inLanguage\":\"pt-BR\"},{\"@type\":\"Organization\",\"@id\":\"https:\/\/www.suno.com.br\/noticias\/#organization\",\"name\":\"Suno Not\u00edcias\",\"url\":\"https:\/\/www.suno.com.br\/noticias\/\",\"logo\":{\"@type\":\"ImageObject\",\"inLanguage\":\"pt-BR\",\"@id\":\"https:\/\/www.suno.com.br\/noticias\/#\/schema\/logo\/image\/\",\"url\":\"https:\/\/files.sunoresearch.com.br\/n\/uploads\/2021\/09\/suno-logo.png\",\"contentUrl\":\"https:\/\/files.sunoresearch.com.br\/n\/uploads\/2021\/09\/suno-logo.png\",\"width\":180,\"height\":180,\"caption\":\"Suno Not\u00edcias\"},\"image\":{\"@id\":\"https:\/\/www.suno.com.br\/noticias\/#\/schema\/logo\/image\/\"},\"sameAs\":[\"https:\/\/facebook.com\/sunoresearch\",\"https:\/\/x.com\/sunoresearch\",\"https:\/\/www.instagram.com\/suno\",\"https:\/\/www.linkedin.com\/company\/suno-research\/\",\"https:\/\/www.youtube.com\/c\/sunoresearch\"]},{\"@type\":\"Person\",\"@id\":\"https:\/\/www.suno.com.br\/noticias\/#\/schema\/person\/053a750a709a263919a20f976caae91c\",\"name\":\"Arthur Guimar\u00e3es\",\"image\":{\"@type\":\"ImageObject\",\"inLanguage\":\"pt-BR\",\"@id\":\"https:\/\/www.suno.com.br\/noticias\/#\/schema\/person\/image\/\",\"url\":\"https:\/\/secure.gravatar.com\/avatar\/1affd86a11209ae09eb6dd3bcad3e96c?s=96&r=g\",\"contentUrl\":\"https:\/\/secure.gravatar.com\/avatar\/1affd86a11209ae09eb6dd3bcad3e96c?s=96&r=g\",\"caption\":\"Arthur Guimar\u00e3es\"},\"description\":\"Arthur Guimar\u00e3es escreve sobre pol\u00edtica, economia e neg\u00f3cios para o portal de not\u00edcias da Suno Research. Atualmente, \u00e9 estudante de jornalismo pela Faculdade C\u00e1sper L\u00edbero.\",\"url\":\"https:\/\/www.suno.com.br\/noticias\/author\/arthur-guimaraes\/\"}]}<\/script>\n<!-- \/ Yoast SEO plugin. -->","yoast_head_json":{"title":"Banco do Brasil (BBAS3) aprova incorpora\u00e7\u00e3o da Bescval ao banco","description":"O Banco do Brasil (BBAS3) aprovou a extin\u00e7\u00e3o e incorpora\u00e7\u00e3o da Bescval pelo banco. Saiba mais sobre o movimento do Banco do Brasil.","robots":{"index":"index","follow":"follow","max-snippet":"max-snippet:-1","max-image-preview":"max-image-preview:large","max-video-preview":"max-video-preview:-1"},"canonical":"https:\/\/www.suno.com.br\/noticias\/banco-do-brasil-bbas3-incorporacao-bescval\/","og_locale":"pt_BR","og_type":"article","og_title":"Banco do Brasil (BBAS3) aprova incorpora\u00e7\u00e3o da Bescval ao banco","og_description":"O Banco do Brasil (BBAS3) aprovou a extin\u00e7\u00e3o e incorpora\u00e7\u00e3o da Bescval pelo banco. Saiba mais sobre o movimento do Banco do Brasil.","og_url":"https:\/\/www.suno.com.br\/noticias\/banco-do-brasil-bbas3-incorporacao-bescval\/","og_site_name":"Suno Not\u00edcias","article_publisher":"https:\/\/facebook.com\/sunoresearch","og_image":[{"width":505,"height":380,"url":"https:\/\/files.sunoresearch.com.br\/n\/uploads\/2020\/12\/910995d1-1024px-agencia_do_banco_do_brasil_em_coronel_fabriciano_mg.jpg","type":"image\/jpeg"}],"author":"Arthur Guimar\u00e3es","twitter_card":"summary_large_image","twitter_creator":"@sunoresearch","twitter_site":"@sunoresearch","twitter_misc":{"Escrito por":"Arthur Guimar\u00e3es","Est. tempo de leitura":"2 minutos"},"schema":{"@context":"https:\/\/schema.org","@graph":[{"@type":"NewsArticle","@id":"https:\/\/www.suno.com.br\/noticias\/banco-do-brasil-bbas3-incorporacao-bescval\/#article","isPartOf":{"@id":"https:\/\/www.suno.com.br\/noticias\/banco-do-brasil-bbas3-incorporacao-bescval\/"},"author":{"name":"Arthur Guimar\u00e3es","@id":"https:\/\/www.suno.com.br\/noticias\/#\/schema\/person\/053a750a709a263919a20f976caae91c"},"headline":"Banco do Brasil (BBAS3) aprova extin\u00e7\u00e3o da Bescval e incorpora\u00e7\u00e3o ao banco","datePublished":"2020-12-09T23:36:19+00:00","dateModified":"2020-12-09T23:51:58+00:00","mainEntityOfPage":{"@id":"https:\/\/www.suno.com.br\/noticias\/banco-do-brasil-bbas3-incorporacao-bescval\/"},"wordCount":385,"publisher":{"@id":"https:\/\/www.suno.com.br\/noticias\/#organization"},"image":{"@id":"https:\/\/www.suno.com.br\/noticias\/banco-do-brasil-bbas3-incorporacao-bescval\/#primaryimage"},"thumbnailUrl":"https:\/\/files.sunoresearch.com.br\/n\/uploads\/2020\/12\/910995d1-1024px-agencia_do_banco_do_brasil_em_coronel_fabriciano_mg-jpg.webp","keywords":["Banco do Brasil (BBAS3)"],"articleSection":["Neg\u00f3cios"],"inLanguage":"pt-BR"},{"@type":"WebPage","@id":"https:\/\/www.suno.com.br\/noticias\/banco-do-brasil-bbas3-incorporacao-bescval\/","url":"https:\/\/www.suno.com.br\/noticias\/banco-do-brasil-bbas3-incorporacao-bescval\/","name":"Banco do Brasil (BBAS3) aprova incorpora\u00e7\u00e3o da Bescval ao banco","isPartOf":{"@id":"https:\/\/www.suno.com.br\/noticias\/#website"},"primaryImageOfPage":{"@id":"https:\/\/www.suno.com.br\/noticias\/banco-do-brasil-bbas3-incorporacao-bescval\/#primaryimage"},"image":{"@id":"https:\/\/www.suno.com.br\/noticias\/banco-do-brasil-bbas3-incorporacao-bescval\/#primaryimage"},"thumbnailUrl":"https:\/\/files.sunoresearch.com.br\/n\/uploads\/2020\/12\/910995d1-1024px-agencia_do_banco_do_brasil_em_coronel_fabriciano_mg-jpg.webp","datePublished":"2020-12-09T23:36:19+00:00","dateModified":"2020-12-09T23:51:58+00:00","description":"O Banco do Brasil (BBAS3) aprovou a extin\u00e7\u00e3o e incorpora\u00e7\u00e3o da Bescval pelo banco. Saiba mais sobre o movimento do Banco do Brasil.","breadcrumb":{"@id":"https:\/\/www.suno.com.br\/noticias\/banco-do-brasil-bbas3-incorporacao-bescval\/#breadcrumb"},"inLanguage":"pt-BR","potentialAction":[{"@type":"ReadAction","target":["https:\/\/www.suno.com.br\/noticias\/banco-do-brasil-bbas3-incorporacao-bescval\/"]}]},{"@type":"ImageObject","inLanguage":"pt-BR","@id":"https:\/\/www.suno.com.br\/noticias\/banco-do-brasil-bbas3-incorporacao-bescval\/#primaryimage","url":"https:\/\/files.sunoresearch.com.br\/n\/uploads\/2020\/12\/910995d1-1024px-agencia_do_banco_do_brasil_em_coronel_fabriciano_mg-jpg.webp","contentUrl":"https:\/\/files.sunoresearch.com.br\/n\/uploads\/2020\/12\/910995d1-1024px-agencia_do_banco_do_brasil_em_coronel_fabriciano_mg-jpg.webp","width":505,"height":380,"caption":"O Banco do Brasil j\u00e1 havia sinalizado sua inten\u00e7\u00e3o de incorporar a Bescval"},{"@type":"BreadcrumbList","@id":"https:\/\/www.suno.com.br\/noticias\/banco-do-brasil-bbas3-incorporacao-bescval\/#breadcrumb","itemListElement":[{"@type":"ListItem","position":1,"name":"Not\u00edcias","item":"https:\/\/www.suno.com.br\/noticias\/"},{"@type":"ListItem","position":2,"name":"Neg\u00f3cios","item":"https:\/\/www.suno.com.br\/noticias\/negocios\/"},{"@type":"ListItem","position":3,"name":"Banco do Brasil (BBAS3) aprova extin\u00e7\u00e3o da Bescval e incorpora\u00e7\u00e3o ao banco"}]},{"@type":"WebSite","@id":"https:\/\/www.suno.com.br\/noticias\/#website","url":"https:\/\/www.suno.com.br\/noticias\/","name":"Suno Not\u00edcias","description":"Seu portal de informa\u00e7\u00e3o sobre o mundo dos investimentos","publisher":{"@id":"https:\/\/www.suno.com.br\/noticias\/#organization"},"potentialAction":[{"@type":"SearchAction","target":{"@type":"EntryPoint","urlTemplate":"https:\/\/www.suno.com.br\/noticias\/?s={search_term_string}"},"query-input":{"@type":"PropertyValueSpecification","valueRequired":true,"valueName":"search_term_string"}}],"inLanguage":"pt-BR"},{"@type":"Organization","@id":"https:\/\/www.suno.com.br\/noticias\/#organization","name":"Suno Not\u00edcias","url":"https:\/\/www.suno.com.br\/noticias\/","logo":{"@type":"ImageObject","inLanguage":"pt-BR","@id":"https:\/\/www.suno.com.br\/noticias\/#\/schema\/logo\/image\/","url":"https:\/\/files.sunoresearch.com.br\/n\/uploads\/2021\/09\/suno-logo.png","contentUrl":"https:\/\/files.sunoresearch.com.br\/n\/uploads\/2021\/09\/suno-logo.png","width":180,"height":180,"caption":"Suno Not\u00edcias"},"image":{"@id":"https:\/\/www.suno.com.br\/noticias\/#\/schema\/logo\/image\/"},"sameAs":["https:\/\/facebook.com\/sunoresearch","https:\/\/x.com\/sunoresearch","https:\/\/www.instagram.com\/suno","https:\/\/www.linkedin.com\/company\/suno-research\/","https:\/\/www.youtube.com\/c\/sunoresearch"]},{"@type":"Person","@id":"https:\/\/www.suno.com.br\/noticias\/#\/schema\/person\/053a750a709a263919a20f976caae91c","name":"Arthur Guimar\u00e3es","image":{"@type":"ImageObject","inLanguage":"pt-BR","@id":"https:\/\/www.suno.com.br\/noticias\/#\/schema\/person\/image\/","url":"https:\/\/secure.gravatar.com\/avatar\/1affd86a11209ae09eb6dd3bcad3e96c?s=96&r=g","contentUrl":"https:\/\/secure.gravatar.com\/avatar\/1affd86a11209ae09eb6dd3bcad3e96c?s=96&r=g","caption":"Arthur Guimar\u00e3es"},"description":"Arthur Guimar\u00e3es escreve sobre pol\u00edtica, economia e neg\u00f3cios para o portal de not\u00edcias da Suno Research. Atualmente, \u00e9 estudante de jornalismo pela Faculdade C\u00e1sper L\u00edbero.","url":"https:\/\/www.suno.com.br\/noticias\/author\/arthur-guimaraes\/"}]}},"default_loop_html":"<div class=\"cardsPage__listCard__boxs\"><div class=\"cardsPage__listCard__boxs__img\"><a href=\"https:\/\/www.suno.com.br\/noticias\/banco-do-brasil-bbas3-incorporacao-bescval\/\"><img class=\"mask\" src=\"https:\/\/www.suno.com.br\/noticias\/wp-content\/themes\/suno\/resources\/images\/spotlight\/spotlight1img\/bg-mask.png\" alt=\"Image Mask\"\/><img src=\"https:\/\/files.sunoresearch.com.br\/n\/uploads\/2020\/12\/910995d1-1024px-agencia_do_banco_do_brasil_em_coronel_fabriciano_mg-400x200.webp\" alt=\"Banco do Brasil (BBAS3) aprova extin\u00e7\u00e3o da Bescval e incorpora\u00e7\u00e3o ao banco\"\/><\/a><span class=\"spotlightCategory\"><a href=\"https:\/\/www.suno.com.br\/noticias\/negocios\/\">Neg\u00f3cios<\/a><\/span><\/div><div class=\"cardsPage__listCard__boxs__content\"><a href=\"https:\/\/www.suno.com.br\/noticias\/banco-do-brasil-bbas3-incorporacao-bescval\/\"><h2 class=\"content__title\">Banco do Brasil (BBAS3) aprova extin\u00e7\u00e3o da Bescval e incorpora\u00e7\u00e3o ao banco<\/h2><\/a><div class=\"newsContent__article__meta\"><div class=\"newsContent__article__meta__authorBox\"><a href=\"https:\/\/www.suno.com.br\/noticias\/author\/arthur-guimaraes\/\" class=\"authorBox__avatar noMobi\"><img src=\"https:\/\/files.sunoresearch.com.br\/n\/uploads\/2020\/02\/dfb40897-eu-150x150.webp\" alt=\"Arthur Guimar\u00e3es\"><\/a><div class=\"authorBox__name\"><span>por\n\t\t\t<a href=\"https:\/\/www.suno.com.br\/noticias\/author\/arthur-guimaraes\/\"><span itemprop=\"author\">Arthur Guimar\u00e3es<\/span><\/a><\/span><time datetime=\"2020-12-09T20:36:19-03:00\" itemprop=\"datePublished\">09\/12\/2020 20:36<\/time><\/div><\/div><\/div><\/div><\/div>","single_layout":"posts","amp_enabled":true,"_links":{"self":[{"href":"https:\/\/www.suno.com.br\/noticias\/wp-json\/wp\/v2\/posts\/106894"}],"collection":[{"href":"https:\/\/www.suno.com.br\/noticias\/wp-json\/wp\/v2\/posts"}],"about":[{"href":"https:\/\/www.suno.com.br\/noticias\/wp-json\/wp\/v2\/types\/post"}],"author":[{"embeddable":true,"href":"https:\/\/www.suno.com.br\/noticias\/wp-json\/wp\/v2\/users\/35"}],"replies":[{"embeddable":true,"href":"https:\/\/www.suno.com.br\/noticias\/wp-json\/wp\/v2\/comments?post=106894"}],"version-history":[{"count":0,"href":"https:\/\/www.suno.com.br\/noticias\/wp-json\/wp\/v2\/posts\/106894\/revisions"}],"wp:featuredmedia":[{"embeddable":true,"href":"https:\/\/www.suno.com.br\/noticias\/wp-json\/wp\/v2\/media\/106910"}],"wp:attachment":[{"href":"https:\/\/www.suno.com.br\/noticias\/wp-json\/wp\/v2\/media?parent=106894"}],"wp:term":[{"taxonomy":"category","embeddable":true,"href":"https:\/\/www.suno.com.br\/noticias\/wp-json\/wp\/v2\/categories?post=106894"},{"taxonomy":"post_tag","embeddable":true,"href":"https:\/\/www.suno.com.br\/noticias\/wp-json\/wp\/v2\/tags?post=106894"},{"taxonomy":"suno_strategy","embeddable":true,"href":"https:\/\/www.suno.com.br\/noticias\/wp-json\/wp\/v2\/suno_strategy?post=106894"}],"curies":[{"name":"wp","href":"https:\/\/api.w.org\/{rel}","templated":true}]}}