{"id":106816,"date":"2020-12-09T17:40:00","date_gmt":"2020-12-09T20:40:00","guid":{"rendered":"https:\/\/www.suno.com.br\/noticias\/?p=106816"},"modified":"2020-12-09T19:04:44","modified_gmt":"2020-12-09T22:04:44","slug":"facebook-acusado-governo-americano-monopolio","status":"publish","type":"post","link":"https:\/\/www.suno.com.br\/noticias\/facebook-acusado-governo-americano-monopolio\/","title":{"rendered":"Facebook \u00e9 acusado pelo governo e estados americanos por monop\u00f3lio"},"content":{"rendered":"<p>O <strong>Facebook<\/strong> (<a href=\"https:\/\/www.suno.com.br\/artigos\/nasdaq\/\">NASDAQ<\/a>: FB) foi acusado nesta quarta-feira (9) pela Comiss\u00e3o Federal de Com\u00e9rcio (FTC, na sigla em ingl\u00eas) e por 48 estados americanos, com alega\u00e7\u00f5es de viola\u00e7\u00f5es de leis antitruste.<\/p>\t<div class=\"wrapper-featured-image\">\n\t\t<figure class=\"spotlightImg\">\n\n\t\t\t<picture>\n\t\t\t\t<source media=\"(max-width: 768px)\" srcset=\"https:\/\/files.sunoresearch.com.br\/n\/uploads\/2020\/12\/c117b617-facebook-se-prepara-para-lanc\u0327ar-aplicativo-que-competira\u0301-com-o-tiktok-300x300-1-jpg.webp\">\n\t\t\t\t<img loading=\"lazy\" decoding=\"async\" class=\"newsContent__article__imgCapa lazyloadDisabled \" src=\"https:\/\/files.sunoresearch.com.br\/n\/uploads\/2020\/12\/c117b617-facebook-se-prepara-para-lanc\u0327ar-aplicativo-que-competira\u0301-com-o-tiktok-300x300-1-jpg.webp\" width=\"800\" height=\"450\" alt=\"Facebook \u00e9 acusado pelo governo e estados americanos por monop\u00f3lio\" fetchpriority=high \/>\n\t\t\t<\/picture>\n\n\t\t\t<figcaption class=\"wp-caption-text wp-caption-text--show\">Facebook \u00e9 acusado por governo e estados americanos por monop\u00f3lio<\/figcaption>\n\t\t<\/figure>\n\t<\/div>\n\n\n\t<p>\n\t\t<a href=\"https:\/\/lp.suno.com.br\/planilha-controle-gastos\/\" target=\"_blank\" data-element=\"shortcode-suno-banner\" title=\"Banner SUNO, clique e saiba mais\">\n\t\t\t<picture>\n\t\t\t\t<source media=\"(max-width: 500px)\" srcset=\"https:\/\/files.sunoresearch.com.br\/n\/uploads\/2023\/03\/400x300-Planilha-controle-de-gastos.png\">\n\t\t\t\t<img class=\"newsContent__article__imgCapa newsContent__article__imgCapa--banner\"\n\t\t\t\t\tsrc=\"https:\/\/files.sunoresearch.com.br\/n\/uploads\/2023\/03\/1420x240-Planilha-controle-de-gastos.png\"\n\t\t\t\t\tdata-promo-id=\"101751\"\t\t\t\t\t\t\t\t\t\twidth='1420' height='240'\t\t\t\t\talt=\"https:\/\/files.sunoresearch.com.br\/n\/uploads\/2023\/03\/1420x240-Planilha-controle-de-gastos.png\"\n\t\t\t\t>\n\t\t\t<\/picture>\n\t\t<\/a>\n\t<\/p>\n\n\n<p>Segundo as acusa\u00e7\u00f5es, o Facebook tentou se tornar um monop\u00f3lio de m\u00eddia social, acabando ilegalmente com a concorr\u00eancia ao comprar seus rivais, criando confrontos jur\u00eddicos que podem acabar com alguns dos servi\u00e7os de comunica\u00e7\u00e3o mais populares do mundo.<\/p>\n<p><iframe loading=\"lazy\" title=\"?BC decide sobre Selic, governo zera imposto sobre armas, EUA processam Facebook\" width=\"1080\" height=\"608\" src=\"https:\/\/www.youtube.com\/embed\/ijyDCk48TUo?feature=oembed\" frameborder=\"0\" allow=\"accelerometer; autoplay; clipboard-write; encrypted-media; gyroscope; picture-in-picture\" allowfullscreen><\/iframe><\/p>\n<p>Reguladores federais e estaduais, que investigam a empresa h\u00e1 mais de um ano, disseram em processos separados que as compras da empresa, especialmente do <strong>Instagram<\/strong>, por US$ 1 bilh\u00e3o em 2012, e do <strong>WhatsApp<\/strong>, por US$ 19 bilh\u00f5es em 2014, eliminaram a concorr\u00eancia.<\/p>\n\t<p>\n\t\t<a href=\"https:\/\/lp.suno.com.br\/planilha-controle-gastos\/\" target=\"_blank\" data-element=\"shortcode-suno-banner\" title=\"Banner SUNO, clique e saiba mais\">\n\t\t\t<picture>\n\t\t\t\t<source media=\"(max-width: 500px)\" srcset=\"https:\/\/files.sunoresearch.com.br\/n\/uploads\/2023\/03\/400x300-Planilha-controle-de-gastos.png\">\n\t\t\t\t<img class=\"newsContent__article__imgCapa newsContent__article__imgCapa--banner\"\n\t\t\t\t\tsrc=\"https:\/\/files.sunoresearch.com.br\/n\/uploads\/2023\/03\/1420x240-Planilha-controle-de-gastos.png\"\n\t\t\t\t\tdata-promo-id=\"101751\"\t\t\t\t\t\t\t\t\t\twidth='1420' height='240'\t\t\t\t\talt=\"https:\/\/files.sunoresearch.com.br\/n\/uploads\/2023\/03\/1420x240-Planilha-controle-de-gastos.png\"\n\t\t\t\t>\n\t\t\t<\/picture>\n\t\t<\/a>\n\t<\/p>\n\n\n<p>\u201cPor quase uma d\u00e9cada, o Facebook usou seu dom\u00ednio e poder de monop\u00f3lio para esmagar rivais menores e eliminar a concorr\u00eancia, tudo \u00e0s custas dos usu\u00e1rios comuns\u201d, informou a procuradora-geral Letitia James, de Nova York, que liderou a investiga\u00e7\u00e3o multiestadual sobre a empresa.<\/p>\n<p>Al\u00e9m disso, as autoridades antitruste federais e estaduais dos Estados Unidos j\u00e1 haviam informado previamente que estavam se preparando para, at\u00e9 o final de janeiro de 2021, abrir quatro novos processos contra os gigantes de tecnologia Facebook e <strong>Google<\/strong> (NASDAQ: GOOG; GOOGL), segundo pessoas familiarizadas no assunto informaram ao &#8216;Estad\u00e3o Conte\u00fado&#8217;.<\/p>\n<p>As autoridades investigam se o Google estava abusando do seu poder na <strong>Internet<\/strong> para dominar as buscas e a publicidade e se o Facebook est\u00e1 dominando as m\u00eddias sociais.<\/p>\n<p>Contudo, ambas as companhias negaram as acusa\u00e7\u00f5es de estarem abusando de seu poder na <strong>Internet<\/strong> e afirmaram que atuam em mercados altamente competitivos, que beneficiariam os consumidores.<\/p>\n<p>No entanto, vale lembrar que devido a suas pol\u00edticas de modera\u00e7\u00e3o de conte\u00fado, a rede social de <a href=\"https:\/\/www.suno.com.br\/tudo-sobre\/mark-zuckerberg\/#:~:text=Mark%20Zuckerberg%20%C3%A9%20um%20dos,fortuna%20de%20US%24%2071%20bilh%C3%B5es.\"><strong>Mark Zuckerberg<\/strong>\u00a0<\/a>est\u00e1 sob criticas espec\u00edficas de republicanos e democratas no Congresso norte-americano, bem como do presidente eleito dos <strong>EUA, <\/strong><a href=\"https:\/\/www.suno.com.br\/noticias\/joe-biden-conheca-o-novo-presidente-dos-estados-unidos\/\"><strong>Joe Biden.<\/strong><\/a><\/p>\n\t<div data-element=\"shortcode-read-more\" class=\"knowMore\">\n\t\t\t\t<span class=\"knowMore__title\">Veja tamb\u00e9m<\/span>\n\t\t\t\t<a class=\"knowMore__link\" href=\"https:\/\/www.suno.com.br\/noticias\/google-antitruste-processo-facebook\/\">\n\t\t\tAp\u00f3s o Google, antitruste dos EUA estaria prestes a processar o Facebook\t\t<\/a>\n\t<\/div>\n\n\n<p>De acordo com os democratas, a companhia tem sido negligente no policiamento de discursos enganosos, ao passo que os republicanos apontam que o <strong>rede social<\/strong> suprime discursos dos conservadores.<\/p>\n<p>Essa foi a primeira a\u00e7\u00e3o <strong>antitruste<\/strong> do governo americano contra o <strong>Facebook<\/strong>.<\/p>\n<p><em>Com informa\u00e7\u00f5es do Estad\u00e3o Conte\u00fado.<\/em><\/p>\n\t<p>\n\t\t<a href=\"https:\/\/lp.suno.com.br\/planilha-de-controle-de-investimentos\/\" target=\"_blank\" data-element=\"shortcode-suno-banner\" title=\"Banner SUNO, clique e saiba mais\">\n\t\t\t<picture>\n\t\t\t\t<source media=\"(max-width: 500px)\" srcset=\"https:\/\/files.sunoresearch.com.br\/n\/uploads\/2023\/03\/400x300-Controle-de-Investimentos.png\">\n\t\t\t\t<img class=\"newsContent__article__imgCapa newsContent__article__imgCapa--banner\"\n\t\t\t\t\tsrc=\"https:\/\/files.sunoresearch.com.br\/n\/uploads\/2023\/03\/1420x240-Controle-de-Investimentos.png\"\n\t\t\t\t\tdata-promo-id=\"75934\"\t\t\t\t\t\t\t\t\t\twidth='1420' height='240'\t\t\t\t\talt=\"https:\/\/files.sunoresearch.com.br\/n\/uploads\/2023\/03\/1420x240-Controle-de-Investimentos.png\"\n\t\t\t\t>\n\t\t\t<\/picture>\n\t\t<\/a>\n\t<\/p>\n\n\n","protected":false},"excerpt":{"rendered":"<p>O Facebook (NASDAQ: FB) foi acusado nesta quarta-feira (9) pela Comiss\u00e3o Federal de Com\u00e9rcio (FTC, na sigla em ingl\u00eas) e por 48 estados americanos, com alega\u00e7\u00f5es de viola\u00e7\u00f5es de leis antitruste. Facebook \u00e9 acusado por governo e estados americanos por monop\u00f3lio Segundo as acusa\u00e7\u00f5es, o Facebook tentou se tornar um monop\u00f3lio de m\u00eddia social, acabando [&hellip;]<\/p>\n","protected":false},"author":56,"featured_media":106830,"comment_status":"closed","ping_status":"closed","sticky":false,"template":"","format":"standard","meta":[],"categories":[64],"tags":[1334,733,34154,1239],"suno_strategy":[],"class_list":["post-106816","post","type-post","status-publish","format-standard","has-post-thumbnail","hentry","category-negocios","tag-antitruste","tag-facebook-fbok34","tag-instagram","tag-mark-zuckerberg"],"yoast_head":"<!-- This site is optimized with the Yoast SEO plugin v24.4 - https:\/\/yoast.com\/wordpress\/plugins\/seo\/ -->\n<title>Facebook \u00e9 acusado pelo governo e estados americanos por monop\u00f3lio<\/title>\n<meta name=\"description\" content=\"Segundo as acusa\u00e7\u00f5es, as compras do Instagram e do WhatsApp pelo Facebook eliminaram a concorr\u00eancia. Clique aqui para saber mais.\" \/>\n<meta name=\"robots\" content=\"index, follow, max-snippet:-1, max-image-preview:large, max-video-preview:-1\" \/>\n<link rel=\"canonical\" href=\"https:\/\/www.suno.com.br\/noticias\/facebook-acusado-governo-americano-monopolio\/\" \/>\n<meta property=\"og:locale\" content=\"pt_BR\" \/>\n<meta property=\"og:type\" content=\"article\" \/>\n<meta property=\"og:title\" content=\"Facebook \u00e9 acusado pelo governo e estados americanos por monop\u00f3lio\" \/>\n<meta property=\"og:description\" content=\"Segundo as acusa\u00e7\u00f5es, as compras do Instagram e do WhatsApp pelo Facebook eliminaram a concorr\u00eancia. Clique aqui para saber mais.\" \/>\n<meta property=\"og:url\" content=\"https:\/\/www.suno.com.br\/noticias\/facebook-acusado-governo-americano-monopolio\/\" \/>\n<meta property=\"og:site_name\" content=\"Suno Not\u00edcias\" \/>\n<meta property=\"article:publisher\" content=\"https:\/\/facebook.com\/sunoresearch\" \/>\n<meta property=\"og:image\" content=\"https:\/\/files.sunoresearch.com.br\/n\/uploads\/2020\/12\/c117b617-facebook-se-prepara-para-lanc\u0327ar-aplicativo-que-competira\u0301-com-o-tiktok-300x300-1.jpg\" \/>\n\t<meta property=\"og:image:width\" content=\"300\" \/>\n\t<meta property=\"og:image:height\" content=\"300\" \/>\n\t<meta property=\"og:image:type\" content=\"image\/jpeg\" \/>\n<meta name=\"author\" content=\"Rafaela La Regina\" \/>\n<meta name=\"twitter:card\" content=\"summary_large_image\" \/>\n<meta name=\"twitter:creator\" content=\"@sunoresearch\" \/>\n<meta name=\"twitter:site\" content=\"@sunoresearch\" \/>\n<meta name=\"twitter:label1\" content=\"Escrito por\" \/>\n\t<meta name=\"twitter:data1\" content=\"Rafaela La Regina\" \/>\n\t<meta name=\"twitter:label2\" content=\"Est. tempo de leitura\" \/>\n\t<meta name=\"twitter:data2\" content=\"2 minutos\" \/>\n<script type=\"application\/ld+json\" class=\"yoast-schema-graph\">{\"@context\":\"https:\/\/schema.org\",\"@graph\":[{\"@type\":\"NewsArticle\",\"@id\":\"https:\/\/www.suno.com.br\/noticias\/facebook-acusado-governo-americano-monopolio\/#article\",\"isPartOf\":{\"@id\":\"https:\/\/www.suno.com.br\/noticias\/facebook-acusado-governo-americano-monopolio\/\"},\"author\":{\"name\":\"Rafaela La Regina\",\"@id\":\"https:\/\/www.suno.com.br\/noticias\/#\/schema\/person\/e672ca8cea627fe715fa29bca7da95e0\"},\"headline\":\"Facebook \u00e9 acusado pelo governo e estados americanos por monop\u00f3lio\",\"datePublished\":\"2020-12-09T20:40:00+00:00\",\"dateModified\":\"2020-12-09T22:04:44+00:00\",\"mainEntityOfPage\":{\"@id\":\"https:\/\/www.suno.com.br\/noticias\/facebook-acusado-governo-americano-monopolio\/\"},\"wordCount\":409,\"publisher\":{\"@id\":\"https:\/\/www.suno.com.br\/noticias\/#organization\"},\"image\":{\"@id\":\"https:\/\/www.suno.com.br\/noticias\/facebook-acusado-governo-americano-monopolio\/#primaryimage\"},\"thumbnailUrl\":\"https:\/\/files.sunoresearch.com.br\/n\/uploads\/2020\/12\/c117b617-facebook-se-prepara-para-lanc\u0327ar-aplicativo-que-competira\u0301-com-o-tiktok-300x300-1-jpg.webp\",\"keywords\":[\"Antitruste\",\"Facebook (FBOK34)\",\"Instagram\",\"Mark Zuckerberg\"],\"articleSection\":[\"Neg\u00f3cios\"],\"inLanguage\":\"pt-BR\"},{\"@type\":\"WebPage\",\"@id\":\"https:\/\/www.suno.com.br\/noticias\/facebook-acusado-governo-americano-monopolio\/\",\"url\":\"https:\/\/www.suno.com.br\/noticias\/facebook-acusado-governo-americano-monopolio\/\",\"name\":\"Facebook \u00e9 acusado pelo governo e estados americanos por monop\u00f3lio\",\"isPartOf\":{\"@id\":\"https:\/\/www.suno.com.br\/noticias\/#website\"},\"primaryImageOfPage\":{\"@id\":\"https:\/\/www.suno.com.br\/noticias\/facebook-acusado-governo-americano-monopolio\/#primaryimage\"},\"image\":{\"@id\":\"https:\/\/www.suno.com.br\/noticias\/facebook-acusado-governo-americano-monopolio\/#primaryimage\"},\"thumbnailUrl\":\"https:\/\/files.sunoresearch.com.br\/n\/uploads\/2020\/12\/c117b617-facebook-se-prepara-para-lanc\u0327ar-aplicativo-que-competira\u0301-com-o-tiktok-300x300-1-jpg.webp\",\"datePublished\":\"2020-12-09T20:40:00+00:00\",\"dateModified\":\"2020-12-09T22:04:44+00:00\",\"description\":\"Segundo as acusa\u00e7\u00f5es, as compras do Instagram e do WhatsApp pelo Facebook eliminaram a concorr\u00eancia. Clique aqui para saber mais.\",\"breadcrumb\":{\"@id\":\"https:\/\/www.suno.com.br\/noticias\/facebook-acusado-governo-americano-monopolio\/#breadcrumb\"},\"inLanguage\":\"pt-BR\",\"potentialAction\":[{\"@type\":\"ReadAction\",\"target\":[\"https:\/\/www.suno.com.br\/noticias\/facebook-acusado-governo-americano-monopolio\/\"]}]},{\"@type\":\"ImageObject\",\"inLanguage\":\"pt-BR\",\"@id\":\"https:\/\/www.suno.com.br\/noticias\/facebook-acusado-governo-americano-monopolio\/#primaryimage\",\"url\":\"https:\/\/files.sunoresearch.com.br\/n\/uploads\/2020\/12\/c117b617-facebook-se-prepara-para-lanc\u0327ar-aplicativo-que-competira\u0301-com-o-tiktok-300x300-1-jpg.webp\",\"contentUrl\":\"https:\/\/files.sunoresearch.com.br\/n\/uploads\/2020\/12\/c117b617-facebook-se-prepara-para-lanc\u0327ar-aplicativo-que-competira\u0301-com-o-tiktok-300x300-1-jpg.webp\",\"width\":300,\"height\":300,\"caption\":\"Facebook \u00e9 acusado por governo e estados americanos por monop\u00f3lio\"},{\"@type\":\"BreadcrumbList\",\"@id\":\"https:\/\/www.suno.com.br\/noticias\/facebook-acusado-governo-americano-monopolio\/#breadcrumb\",\"itemListElement\":[{\"@type\":\"ListItem\",\"position\":1,\"name\":\"Not\u00edcias\",\"item\":\"https:\/\/www.suno.com.br\/noticias\/\"},{\"@type\":\"ListItem\",\"position\":2,\"name\":\"Neg\u00f3cios\",\"item\":\"https:\/\/www.suno.com.br\/noticias\/negocios\/\"},{\"@type\":\"ListItem\",\"position\":3,\"name\":\"Facebook \u00e9 acusado pelo governo e estados americanos por monop\u00f3lio\"}]},{\"@type\":\"WebSite\",\"@id\":\"https:\/\/www.suno.com.br\/noticias\/#website\",\"url\":\"https:\/\/www.suno.com.br\/noticias\/\",\"name\":\"Suno Not\u00edcias\",\"description\":\"Seu portal de informa\u00e7\u00e3o sobre o mundo dos investimentos\",\"publisher\":{\"@id\":\"https:\/\/www.suno.com.br\/noticias\/#organization\"},\"potentialAction\":[{\"@type\":\"SearchAction\",\"target\":{\"@type\":\"EntryPoint\",\"urlTemplate\":\"https:\/\/www.suno.com.br\/noticias\/?s={search_term_string}\"},\"query-input\":{\"@type\":\"PropertyValueSpecification\",\"valueRequired\":true,\"valueName\":\"search_term_string\"}}],\"inLanguage\":\"pt-BR\"},{\"@type\":\"Organization\",\"@id\":\"https:\/\/www.suno.com.br\/noticias\/#organization\",\"name\":\"Suno Not\u00edcias\",\"url\":\"https:\/\/www.suno.com.br\/noticias\/\",\"logo\":{\"@type\":\"ImageObject\",\"inLanguage\":\"pt-BR\",\"@id\":\"https:\/\/www.suno.com.br\/noticias\/#\/schema\/logo\/image\/\",\"url\":\"https:\/\/files.sunoresearch.com.br\/n\/uploads\/2021\/09\/suno-logo.png\",\"contentUrl\":\"https:\/\/files.sunoresearch.com.br\/n\/uploads\/2021\/09\/suno-logo.png\",\"width\":180,\"height\":180,\"caption\":\"Suno Not\u00edcias\"},\"image\":{\"@id\":\"https:\/\/www.suno.com.br\/noticias\/#\/schema\/logo\/image\/\"},\"sameAs\":[\"https:\/\/facebook.com\/sunoresearch\",\"https:\/\/x.com\/sunoresearch\",\"https:\/\/www.instagram.com\/suno\",\"https:\/\/www.linkedin.com\/company\/suno-research\/\",\"https:\/\/www.youtube.com\/c\/sunoresearch\"]},{\"@type\":\"Person\",\"@id\":\"https:\/\/www.suno.com.br\/noticias\/#\/schema\/person\/e672ca8cea627fe715fa29bca7da95e0\",\"name\":\"Rafaela La Regina\",\"image\":{\"@type\":\"ImageObject\",\"inLanguage\":\"pt-BR\",\"@id\":\"https:\/\/www.suno.com.br\/noticias\/#\/schema\/person\/image\/\",\"url\":\"https:\/\/secure.gravatar.com\/avatar\/d2c75a52d243deb93d0465fdcb21bd37?s=96&r=g\",\"contentUrl\":\"https:\/\/secure.gravatar.com\/avatar\/d2c75a52d243deb93d0465fdcb21bd37?s=96&r=g\",\"caption\":\"Rafaela La Regina\"},\"description\":\"Estagi\u00e1ria no Suno Not\u00edcias. Escreve sobre economia, pol\u00edtica e neg\u00f3cios. Estuda Rela\u00e7\u00f5es Internacionais no IBMEC-SP.\",\"url\":\"https:\/\/www.suno.com.br\/noticias\/author\/rafaela-la-regina\/\"}]}<\/script>\n<!-- \/ Yoast SEO plugin. -->","yoast_head_json":{"title":"Facebook \u00e9 acusado pelo governo e estados americanos por monop\u00f3lio","description":"Segundo as acusa\u00e7\u00f5es, as compras do Instagram e do WhatsApp pelo Facebook eliminaram a concorr\u00eancia. Clique aqui para saber mais.","robots":{"index":"index","follow":"follow","max-snippet":"max-snippet:-1","max-image-preview":"max-image-preview:large","max-video-preview":"max-video-preview:-1"},"canonical":"https:\/\/www.suno.com.br\/noticias\/facebook-acusado-governo-americano-monopolio\/","og_locale":"pt_BR","og_type":"article","og_title":"Facebook \u00e9 acusado pelo governo e estados americanos por monop\u00f3lio","og_description":"Segundo as acusa\u00e7\u00f5es, as compras do Instagram e do WhatsApp pelo Facebook eliminaram a concorr\u00eancia. Clique aqui para saber mais.","og_url":"https:\/\/www.suno.com.br\/noticias\/facebook-acusado-governo-americano-monopolio\/","og_site_name":"Suno Not\u00edcias","article_publisher":"https:\/\/facebook.com\/sunoresearch","og_image":[{"width":300,"height":300,"url":"https:\/\/files.sunoresearch.com.br\/n\/uploads\/2020\/12\/c117b617-facebook-se-prepara-para-lanc\u0327ar-aplicativo-que-competira\u0301-com-o-tiktok-300x300-1.jpg","type":"image\/jpeg"}],"author":"Rafaela La Regina","twitter_card":"summary_large_image","twitter_creator":"@sunoresearch","twitter_site":"@sunoresearch","twitter_misc":{"Escrito por":"Rafaela La Regina","Est. tempo de leitura":"2 minutos"},"schema":{"@context":"https:\/\/schema.org","@graph":[{"@type":"NewsArticle","@id":"https:\/\/www.suno.com.br\/noticias\/facebook-acusado-governo-americano-monopolio\/#article","isPartOf":{"@id":"https:\/\/www.suno.com.br\/noticias\/facebook-acusado-governo-americano-monopolio\/"},"author":{"name":"Rafaela La Regina","@id":"https:\/\/www.suno.com.br\/noticias\/#\/schema\/person\/e672ca8cea627fe715fa29bca7da95e0"},"headline":"Facebook \u00e9 acusado pelo governo e estados americanos por monop\u00f3lio","datePublished":"2020-12-09T20:40:00+00:00","dateModified":"2020-12-09T22:04:44+00:00","mainEntityOfPage":{"@id":"https:\/\/www.suno.com.br\/noticias\/facebook-acusado-governo-americano-monopolio\/"},"wordCount":409,"publisher":{"@id":"https:\/\/www.suno.com.br\/noticias\/#organization"},"image":{"@id":"https:\/\/www.suno.com.br\/noticias\/facebook-acusado-governo-americano-monopolio\/#primaryimage"},"thumbnailUrl":"https:\/\/files.sunoresearch.com.br\/n\/uploads\/2020\/12\/c117b617-facebook-se-prepara-para-lanc\u0327ar-aplicativo-que-competira\u0301-com-o-tiktok-300x300-1-jpg.webp","keywords":["Antitruste","Facebook (FBOK34)","Instagram","Mark Zuckerberg"],"articleSection":["Neg\u00f3cios"],"inLanguage":"pt-BR"},{"@type":"WebPage","@id":"https:\/\/www.suno.com.br\/noticias\/facebook-acusado-governo-americano-monopolio\/","url":"https:\/\/www.suno.com.br\/noticias\/facebook-acusado-governo-americano-monopolio\/","name":"Facebook \u00e9 acusado pelo governo e estados americanos por monop\u00f3lio","isPartOf":{"@id":"https:\/\/www.suno.com.br\/noticias\/#website"},"primaryImageOfPage":{"@id":"https:\/\/www.suno.com.br\/noticias\/facebook-acusado-governo-americano-monopolio\/#primaryimage"},"image":{"@id":"https:\/\/www.suno.com.br\/noticias\/facebook-acusado-governo-americano-monopolio\/#primaryimage"},"thumbnailUrl":"https:\/\/files.sunoresearch.com.br\/n\/uploads\/2020\/12\/c117b617-facebook-se-prepara-para-lanc\u0327ar-aplicativo-que-competira\u0301-com-o-tiktok-300x300-1-jpg.webp","datePublished":"2020-12-09T20:40:00+00:00","dateModified":"2020-12-09T22:04:44+00:00","description":"Segundo as acusa\u00e7\u00f5es, as compras do Instagram e do WhatsApp pelo Facebook eliminaram a concorr\u00eancia. Clique aqui para saber mais.","breadcrumb":{"@id":"https:\/\/www.suno.com.br\/noticias\/facebook-acusado-governo-americano-monopolio\/#breadcrumb"},"inLanguage":"pt-BR","potentialAction":[{"@type":"ReadAction","target":["https:\/\/www.suno.com.br\/noticias\/facebook-acusado-governo-americano-monopolio\/"]}]},{"@type":"ImageObject","inLanguage":"pt-BR","@id":"https:\/\/www.suno.com.br\/noticias\/facebook-acusado-governo-americano-monopolio\/#primaryimage","url":"https:\/\/files.sunoresearch.com.br\/n\/uploads\/2020\/12\/c117b617-facebook-se-prepara-para-lanc\u0327ar-aplicativo-que-competira\u0301-com-o-tiktok-300x300-1-jpg.webp","contentUrl":"https:\/\/files.sunoresearch.com.br\/n\/uploads\/2020\/12\/c117b617-facebook-se-prepara-para-lanc\u0327ar-aplicativo-que-competira\u0301-com-o-tiktok-300x300-1-jpg.webp","width":300,"height":300,"caption":"Facebook \u00e9 acusado por governo e estados americanos por monop\u00f3lio"},{"@type":"BreadcrumbList","@id":"https:\/\/www.suno.com.br\/noticias\/facebook-acusado-governo-americano-monopolio\/#breadcrumb","itemListElement":[{"@type":"ListItem","position":1,"name":"Not\u00edcias","item":"https:\/\/www.suno.com.br\/noticias\/"},{"@type":"ListItem","position":2,"name":"Neg\u00f3cios","item":"https:\/\/www.suno.com.br\/noticias\/negocios\/"},{"@type":"ListItem","position":3,"name":"Facebook \u00e9 acusado pelo governo e estados americanos por monop\u00f3lio"}]},{"@type":"WebSite","@id":"https:\/\/www.suno.com.br\/noticias\/#website","url":"https:\/\/www.suno.com.br\/noticias\/","name":"Suno Not\u00edcias","description":"Seu portal de informa\u00e7\u00e3o sobre o mundo dos investimentos","publisher":{"@id":"https:\/\/www.suno.com.br\/noticias\/#organization"},"potentialAction":[{"@type":"SearchAction","target":{"@type":"EntryPoint","urlTemplate":"https:\/\/www.suno.com.br\/noticias\/?s={search_term_string}"},"query-input":{"@type":"PropertyValueSpecification","valueRequired":true,"valueName":"search_term_string"}}],"inLanguage":"pt-BR"},{"@type":"Organization","@id":"https:\/\/www.suno.com.br\/noticias\/#organization","name":"Suno Not\u00edcias","url":"https:\/\/www.suno.com.br\/noticias\/","logo":{"@type":"ImageObject","inLanguage":"pt-BR","@id":"https:\/\/www.suno.com.br\/noticias\/#\/schema\/logo\/image\/","url":"https:\/\/files.sunoresearch.com.br\/n\/uploads\/2021\/09\/suno-logo.png","contentUrl":"https:\/\/files.sunoresearch.com.br\/n\/uploads\/2021\/09\/suno-logo.png","width":180,"height":180,"caption":"Suno Not\u00edcias"},"image":{"@id":"https:\/\/www.suno.com.br\/noticias\/#\/schema\/logo\/image\/"},"sameAs":["https:\/\/facebook.com\/sunoresearch","https:\/\/x.com\/sunoresearch","https:\/\/www.instagram.com\/suno","https:\/\/www.linkedin.com\/company\/suno-research\/","https:\/\/www.youtube.com\/c\/sunoresearch"]},{"@type":"Person","@id":"https:\/\/www.suno.com.br\/noticias\/#\/schema\/person\/e672ca8cea627fe715fa29bca7da95e0","name":"Rafaela La Regina","image":{"@type":"ImageObject","inLanguage":"pt-BR","@id":"https:\/\/www.suno.com.br\/noticias\/#\/schema\/person\/image\/","url":"https:\/\/secure.gravatar.com\/avatar\/d2c75a52d243deb93d0465fdcb21bd37?s=96&r=g","contentUrl":"https:\/\/secure.gravatar.com\/avatar\/d2c75a52d243deb93d0465fdcb21bd37?s=96&r=g","caption":"Rafaela La Regina"},"description":"Estagi\u00e1ria no Suno Not\u00edcias. Escreve sobre economia, pol\u00edtica e neg\u00f3cios. Estuda Rela\u00e7\u00f5es Internacionais no IBMEC-SP.","url":"https:\/\/www.suno.com.br\/noticias\/author\/rafaela-la-regina\/"}]}},"default_loop_html":"<div class=\"cardsPage__listCard__boxs\"><div class=\"cardsPage__listCard__boxs__img\"><a href=\"https:\/\/www.suno.com.br\/noticias\/facebook-acusado-governo-americano-monopolio\/\"><img class=\"mask\" src=\"https:\/\/www.suno.com.br\/noticias\/wp-content\/themes\/suno\/resources\/images\/spotlight\/spotlight1img\/bg-mask.png\" alt=\"Image Mask\"\/><img src=\"https:\/\/files.sunoresearch.com.br\/n\/uploads\/2020\/12\/c117b617-facebook-se-prepara-para-lanc\u0327ar-aplicativo-que-competira\u0301-com-o-tiktok-300x300-1-jpg.webp\" alt=\"Facebook \u00e9 acusado pelo governo e estados americanos por monop\u00f3lio\"\/><\/a><span class=\"spotlightCategory\"><a href=\"https:\/\/www.suno.com.br\/noticias\/negocios\/\">Neg\u00f3cios<\/a><\/span><\/div><div class=\"cardsPage__listCard__boxs__content\"><a href=\"https:\/\/www.suno.com.br\/noticias\/facebook-acusado-governo-americano-monopolio\/\"><h2 class=\"content__title\">Facebook \u00e9 acusado pelo governo e estados americanos por monop\u00f3lio<\/h2><\/a><div class=\"newsContent__article__meta\"><div class=\"newsContent__article__meta__authorBox\"><a href=\"https:\/\/www.suno.com.br\/noticias\/author\/rafaela-la-regina\/\" class=\"authorBox__avatar noMobi\"><img src=\"https:\/\/secure.gravatar.com\/avatar\/d2c75a52d243deb93d0465fdcb21bd37?s=96&#038;r=g\" alt=\"Rafaela La Regina\"><\/a><div class=\"authorBox__name\"><span>por\n\t\t\t<a href=\"https:\/\/www.suno.com.br\/noticias\/author\/rafaela-la-regina\/\"><span itemprop=\"author\">Rafaela La Regina<\/span><\/a><\/span><time datetime=\"2020-12-09T17:40:00-03:00\" itemprop=\"datePublished\">09\/12\/2020 17:40<\/time><\/div><\/div><\/div><\/div><\/div>","single_layout":"posts","amp_enabled":true,"_links":{"self":[{"href":"https:\/\/www.suno.com.br\/noticias\/wp-json\/wp\/v2\/posts\/106816"}],"collection":[{"href":"https:\/\/www.suno.com.br\/noticias\/wp-json\/wp\/v2\/posts"}],"about":[{"href":"https:\/\/www.suno.com.br\/noticias\/wp-json\/wp\/v2\/types\/post"}],"author":[{"embeddable":true,"href":"https:\/\/www.suno.com.br\/noticias\/wp-json\/wp\/v2\/users\/56"}],"replies":[{"embeddable":true,"href":"https:\/\/www.suno.com.br\/noticias\/wp-json\/wp\/v2\/comments?post=106816"}],"version-history":[{"count":0,"href":"https:\/\/www.suno.com.br\/noticias\/wp-json\/wp\/v2\/posts\/106816\/revisions"}],"wp:featuredmedia":[{"embeddable":true,"href":"https:\/\/www.suno.com.br\/noticias\/wp-json\/wp\/v2\/media\/106830"}],"wp:attachment":[{"href":"https:\/\/www.suno.com.br\/noticias\/wp-json\/wp\/v2\/media?parent=106816"}],"wp:term":[{"taxonomy":"category","embeddable":true,"href":"https:\/\/www.suno.com.br\/noticias\/wp-json\/wp\/v2\/categories?post=106816"},{"taxonomy":"post_tag","embeddable":true,"href":"https:\/\/www.suno.com.br\/noticias\/wp-json\/wp\/v2\/tags?post=106816"},{"taxonomy":"suno_strategy","embeddable":true,"href":"https:\/\/www.suno.com.br\/noticias\/wp-json\/wp\/v2\/suno_strategy?post=106816"}],"curies":[{"name":"wp","href":"https:\/\/api.w.org\/{rel}","templated":true}]}}