{"id":106672,"date":"2020-12-09T09:58:54","date_gmt":"2020-12-09T12:58:54","guid":{"rendered":"https:\/\/www.suno.com.br\/noticias\/?p=106672"},"modified":"2020-12-09T09:58:54","modified_gmt":"2020-12-09T12:58:54","slug":"brasileira-mulheres-mais-poderosas-mundo-2020","status":"publish","type":"post","link":"https:\/\/www.suno.com.br\/noticias\/brasileira-mulheres-mais-poderosas-mundo-2020\/","title":{"rendered":"CFO da Petrobras (PETR4) est\u00e1 entre mulheres mais poderosas do mundo"},"content":{"rendered":"<p>A Forbes divulgou a lista das 100 <strong>mulheres mais poderosas do mundo<\/strong> em 2020, com a presen\u00e7a de apenas uma brasileira: a executiva da <a href=\"https:\/\/www.suno.com.br\/acoes\/petr4\/\" target=\"_blank\" rel=\"noopener noreferrer\">Petrobras (PETR4)<\/a>, Andrea Marques de Almeida. A diretora executiva de finan\u00e7as e Rela\u00e7\u00e3o com Investidores (CFO) da Petrobras ocupa a 77\u00aa posi\u00e7\u00e3o do ranking \u2013a mesma do ano passado.<\/p>\t<div class=\"wrapper-featured-image\">\n\t\t<figure class=\"spotlightImg\">\n\n\t\t\t<picture>\n\t\t\t\t<source media=\"(max-width: 768px)\" srcset=\"https:\/\/files.sunoresearch.com.br\/n\/uploads\/2020\/12\/f3ee952b-andrea-marques-petrobras-mais-poderosas-do-mundo-forbes-400x200.webp\">\n\t\t\t\t<img loading=\"lazy\" decoding=\"async\" class=\"newsContent__article__imgCapa lazyloadDisabled \" src=\"https:\/\/files.sunoresearch.com.br\/n\/uploads\/2020\/12\/f3ee952b-andrea-marques-petrobras-mais-poderosas-do-mundo-forbes-800x450.webp\" width=\"800\" height=\"450\" alt=\"CFO da Petrobras (PETR4) est\u00e1 entre mulheres mais poderosas do mundo\" fetchpriority=high \/>\n\t\t\t<\/picture>\n\n\t\t\t<figcaption class=\"wp-caption-text wp-caption-text--show\">CFO da Petrobras est\u00e1 entre as mulheres mais poderosas do mundo<\/figcaption>\n\t\t<\/figure>\n\t<\/div>\n\n\n<p><b>\t<p>\n\t\t<a href=\"https:\/\/lp.suno.com.br\/planilha-controle-gastos\/\" target=\"_blank\" data-element=\"shortcode-suno-banner\" title=\"Banner SUNO, clique e saiba mais\">\n\t\t\t<picture>\n\t\t\t\t<source media=\"(max-width: 500px)\" srcset=\"https:\/\/files.sunoresearch.com.br\/n\/uploads\/2023\/03\/400x300-Planilha-controle-de-gastos.png\">\n\t\t\t\t<img class=\"newsContent__article__imgCapa newsContent__article__imgCapa--banner\"\n\t\t\t\t\tsrc=\"https:\/\/files.sunoresearch.com.br\/n\/uploads\/2023\/03\/1420x240-Planilha-controle-de-gastos.png\"\n\t\t\t\t\tdata-promo-id=\"101751\"\t\t\t\t\t\t\t\t\t\twidth='1420' height='240'\t\t\t\t\talt=\"https:\/\/files.sunoresearch.com.br\/n\/uploads\/2023\/03\/1420x240-Planilha-controle-de-gastos.png\"\n\t\t\t\t>\n\t\t\t<\/picture>\n\t\t<\/a>\n\t<\/p>\n\n <\/b><\/p>\n<p>A executiva atuou por 25 anos na <a href=\"https:\/\/www.suno.com.br\/acoes\/vale3\/\" target=\"_blank\" rel=\"noopener noreferrer\">Vale (VALE3)<\/a> e assumiu em mar\u00e7o de 2019 a posi\u00e7\u00e3o na Petrobras, com o objetivo de recuperar a confian\u00e7a do mercado, abalada pelos casos de corrup\u00e7\u00e3o expostos na Opera\u00e7\u00e3o Lava Jato.<\/p>\n<p>No site da Petrobras, consta que <strong>Andrea Marques de Almeida<\/strong> \u00e9 engenheira de produ\u00e7\u00e3o, com MBA em Finan\u00e7as pelo IBMEC-RJ e MBA em gest\u00e3o pela USP, al\u00e9m de ter realizado cursos de gest\u00e3o na Wharton School of Finance e na Sloan School of Management (MIT).<\/p>\n<p>No seu perfil do Linkedin, ela informa que se formou em engenharia em 1993. No mesmo ano, ela come\u00e7ou a atuar na Vale, como analista financeira.\u00a0<time><\/time>Na mineradora, ela atuou, entre 2015 e 2018, como Chief Financial Officer (CFO) da Vale Canada em Toronto, ocupando mais recentemente o cargo de Gerente Executiva de Tesouraria Global da Vale.<\/p>\n<p><b>\t<p>\n\t\t<a href=\"https:\/\/lp.suno.com.br\/planilha-controle-gastos\/\" target=\"_blank\" data-element=\"shortcode-suno-banner\" title=\"Banner SUNO, clique e saiba mais\">\n\t\t\t<picture>\n\t\t\t\t<source media=\"(max-width: 500px)\" srcset=\"https:\/\/files.sunoresearch.com.br\/n\/uploads\/2023\/03\/400x300-Planilha-controle-de-gastos.png\">\n\t\t\t\t<img class=\"newsContent__article__imgCapa newsContent__article__imgCapa--banner\"\n\t\t\t\t\tsrc=\"https:\/\/files.sunoresearch.com.br\/n\/uploads\/2023\/03\/1420x240-Planilha-controle-de-gastos.png\"\n\t\t\t\t\tdata-promo-id=\"101751\"\t\t\t\t\t\t\t\t\t\twidth='1420' height='240'\t\t\t\t\talt=\"https:\/\/files.sunoresearch.com.br\/n\/uploads\/2023\/03\/1420x240-Planilha-controle-de-gastos.png\"\n\t\t\t\t>\n\t\t\t<\/picture>\n\t\t<\/a>\n\t<\/p>\n\n<\/b><\/p>\n<h2>Kamala Harris estreou no ranking<\/h2>\n<p>A <strong>primeira colocada<\/strong> \u00e9 a chanceler alem\u00e3, Angela Merkel, que ocupa a primeira posi\u00e7\u00e3o pelo d\u00e9cimo ano consecutivo. A seugnda \u00e9 a chefe do Banco Central Europeu, Christine Lagarde, neste lugar h\u00e1 dois anos. Em terceiro, estreia a vice-presidente eleita dos Estados Unidos, Kamala Harris.<\/p>\n<p>Confira as primeiras colocadas no ranking de mulheres mais poderosas do mundo da <strong>Forbes<\/strong>:<\/p>\n<ol>\n<li>Angela Merkel, chanceler da Alemanha<\/li>\n<li>Christine Lagarde, presidente do BCE<\/li>\n<li><strong>Kamala Harris<\/strong>, vice-presidente eleita dos EUA<\/li>\n<li>Ursula von der Leyen, presidente da Comiss\u00e3o Europeia<\/li>\n<li>Melinda Gates, copresidente da funda\u00e7\u00e3o Bill e Melinda Gates<\/li>\n<li>Mary Barra, CEO da General Motors<\/li>\n<li>Nancy Pelosi, presidente da C\u00e2mara dos Representantes dos EUA<\/li>\n<li>Ana Patr\u00edcia Bot\u00edn, presidente executiva do grupo Santander, dono do Santander Brasil (SANB11)<\/li>\n<li>Abigail Johnson, CEO da Fidelity Investments<\/li>\n<li>Gail Boudreaux, CEO da Anthem<\/li>\n<li>Carol Tom\u00e9, CEO da United Parcel Service<\/li>\n<li>Emma Walmsley, CEO da GlaxoSmithKline<\/li>\n<li>Susan Wojcick, CEO do Youtube<\/li>\n<li>Julie Sweet, CEO da Accenture<\/li>\n<li>Safra Cats, CEO da Oracle<\/li>\n<\/ol>\n<p><span style=\"font-weight: 400;\">\t<div data-element=\"shortcode-read-more\" class=\"knowMore\">\n\t\t\t\t<span class=\"knowMore__title\">Confira tamb\u00e9m<\/span>\n\t\t\t\t<a class=\"knowMore__link\" href=\"https:\/\/www.suno.com.br\/noticias\/mulheres-investimentos-30-45-anos\/\">\n\t\t\tMulheres investidoras: Entre os 30 e 45 anos, desafios s\u00e3o maiores\t\t<\/a>\n\t<\/div>\n\n<\/span><\/p>\n<h2>Mulheres no topo das empresas ainda s\u00e3o exce\u00e7\u00e3o no Brasil<\/h2>\n<p>A participa\u00e7\u00e3o de apenas uma brasileira entre as mulheres mais poderosas do mundo n\u00e3o \u00e9 uma surpresa, j\u00e1 que poucas <strong>mulheres chegam ao topo<\/strong> das companhias no Brasil. Segundo um estudo divulgado neste ano pela consultoria de recrutamento e sele\u00e7\u00e3o de executivos Heidrick &amp; Struggles, de 108 vagas em Conselhos abertas no Brasil no ano passado, s\u00f3 20% foram ocupadas por mulheres.<\/p>\n<p>Outro dado recente \u00e9 do Minist\u00e9rio da Economia, mostrando que mulheres det\u00eam apenas:<\/p>\n<ul>\n<li>42,4% das fun\u00e7\u00f5es de ger\u00eancia<\/li>\n<li>13,9% de diretoria<\/li>\n<li>27,3% de superintend\u00eancia.<\/li>\n<\/ul>\n<p>Al\u00e9m disso, das companhias listadas no principal \u00edndice da <a href=\"https:\/\/www.suno.com.br\/artigos\/b3\/\">Bolsa de Valores de S\u00e3o Paulo<\/a>, Ibovespa, nenhuma tem como CEO mulheres. Estamos falando de 72 empresas, com 73 ativos listados.<\/p>\n<p><span style=\"font-weight: 400;\">\t<div data-element=\"shortcode-read-more\" class=\"knowMore\">\n\t\t\t\t<span class=\"knowMore__title\">Saiba mais<\/span>\n\t\t\t\t<a class=\"knowMore__link\" href=\"https:\/\/www.suno.com.br\/noticias\/mulheres-ibovespa-empresas-mulher\/\">\n\t\t\tNenhuma empresa do Ibovespa \u00e9 presidida por mulher\t\t<\/a>\n\t<\/div>\n\n<\/span><\/p>\n<h2>Mulheres mais poderosas do mundo v\u00eam de 30 pa\u00edses<\/h2>\n<p>As mulheres mais poderosas do mundo na 17\u00aa <strong>lista anual da Forbes<\/strong> v\u00eam de 30 pa\u00edses e pertencem a quatro gera\u00e7\u00f5es diferentes. A lista completa, com 100 nomes, conta com 10 chefes de estado, 38 CEOs e cinco celebridades.<\/p>\n<p>A edi\u00e7\u00e3o de 2020 traz 17 novos nomes, segundo a Forbes. Entre eles, Carol Tom\u00e9 (n\u00famero 11), nova CEO da UPS, e Linda Rendle (n\u00famero 87), head da Clorox. Karen Lynch (n\u00famero 38), vice-presidente executiva da CVS Heatlh, comanda um programa de testes para Covid da companhia.<\/p>\n<p>De acordo com a Forbes, muitas das <strong>mulheres mais poderosas da mundo<\/strong> se destacam pela sua atua\u00e7\u00e3o no combate \u00e0 pandemia mundial. \u00c9 o caso de Jacinda Ardern, primeira ministra da Nova Zel\u00e2ndia (n\u00famero 32 da lista), que implementou regras r\u00edgidas de quarentena. Da mesma forma Tsai Ing-wen, presidente de Taiwan, ocupa o 37\u00ba lugar, com um programa de rastreamento de contato que garantiu baixos \u00edndices de cont\u00e1gio no pa\u00eds.<\/p>\n<p><span style=\"font-weight: 400;\">\t<p>\n\t\t<a href=\"https:\/\/lp.suno.com.br\/planilha-de-controle-de-investimentos\/\" target=\"_blank\" data-element=\"shortcode-suno-banner\" title=\"Banner SUNO, clique e saiba mais\">\n\t\t\t<picture>\n\t\t\t\t<source media=\"(max-width: 500px)\" srcset=\"https:\/\/files.sunoresearch.com.br\/n\/uploads\/2023\/03\/400x300-Controle-de-Investimentos.png\">\n\t\t\t\t<img class=\"newsContent__article__imgCapa newsContent__article__imgCapa--banner\"\n\t\t\t\t\tsrc=\"https:\/\/files.sunoresearch.com.br\/n\/uploads\/2023\/03\/1420x240-Controle-de-Investimentos.png\"\n\t\t\t\t\tdata-promo-id=\"75934\"\t\t\t\t\t\t\t\t\t\twidth='1420' height='240'\t\t\t\t\talt=\"https:\/\/files.sunoresearch.com.br\/n\/uploads\/2023\/03\/1420x240-Controle-de-Investimentos.png\"\n\t\t\t\t>\n\t\t\t<\/picture>\n\t\t<\/a>\n\t<\/p>\n\n<\/span><\/p>\n","protected":false},"excerpt":{"rendered":"<p>A Forbes divulgou a lista das 100 mulheres mais poderosas do mundo em 2020, com a presen\u00e7a de apenas uma brasileira: a executiva da Petrobras (PETR4), Andrea Marques de Almeida. A diretora executiva de finan\u00e7as e Rela\u00e7\u00e3o com Investidores (CFO) da Petrobras ocupa a 77\u00aa posi\u00e7\u00e3o do ranking \u2013a mesma do ano passado. CFO da [&hellip;]<\/p>\n","protected":false},"author":60,"featured_media":106684,"comment_status":"closed","ping_status":"closed","sticky":false,"template":"","format":"standard","meta":[],"categories":[64],"tags":[1219,595],"suno_strategy":[],"class_list":["post-106672","post","type-post","status-publish","format-standard","has-post-thumbnail","hentry","category-negocios","tag-forbes","tag-petrobras-petr4"],"yoast_head":"<!-- This site is optimized with the Yoast SEO plugin v24.4 - https:\/\/yoast.com\/wordpress\/plugins\/seo\/ -->\n<title>Executiva da Petrobras (PETR4) \u00e9 uma das mulheres mais poderosas do mundo<\/title>\n<meta name=\"description\" content=\"A Forbes divulgou a lista das mulheres mais poderosas do mundo. com a presen\u00e7a da CFO da Petrobras, Andrea Marques de Almeida. Leia mais.\" \/>\n<meta name=\"robots\" content=\"index, follow, max-snippet:-1, max-image-preview:large, max-video-preview:-1\" \/>\n<link rel=\"canonical\" href=\"https:\/\/www.suno.com.br\/noticias\/brasileira-mulheres-mais-poderosas-mundo-2020\/\" \/>\n<meta property=\"og:locale\" content=\"pt_BR\" \/>\n<meta property=\"og:type\" content=\"article\" \/>\n<meta property=\"og:title\" content=\"Executiva da Petrobras (PETR4) \u00e9 uma das mulheres mais poderosas do mundo\" \/>\n<meta property=\"og:description\" content=\"A Forbes divulgou a lista das mulheres mais poderosas do mundo. com a presen\u00e7a da CFO da Petrobras, Andrea Marques de Almeida. Leia mais.\" \/>\n<meta property=\"og:url\" content=\"https:\/\/www.suno.com.br\/noticias\/brasileira-mulheres-mais-poderosas-mundo-2020\/\" \/>\n<meta property=\"og:site_name\" content=\"Suno Not\u00edcias\" \/>\n<meta property=\"article:publisher\" content=\"https:\/\/facebook.com\/sunoresearch\" \/>\n<meta property=\"og:image\" content=\"https:\/\/files.sunoresearch.com.br\/n\/uploads\/2020\/12\/f3ee952b-andrea-marques-petrobras-mais-poderosas-do-mundo-forbes.jpg\" \/>\n\t<meta property=\"og:image:width\" content=\"800\" \/>\n\t<meta property=\"og:image:height\" content=\"533\" \/>\n\t<meta property=\"og:image:type\" content=\"image\/jpeg\" \/>\n<meta name=\"author\" content=\"Natalia G\u00f3mez\" \/>\n<meta name=\"twitter:card\" content=\"summary_large_image\" \/>\n<meta name=\"twitter:creator\" content=\"@sunoresearch\" \/>\n<meta name=\"twitter:site\" content=\"@sunoresearch\" \/>\n<meta name=\"twitter:label1\" content=\"Escrito por\" \/>\n\t<meta name=\"twitter:data1\" content=\"Natalia G\u00f3mez\" \/>\n\t<meta name=\"twitter:label2\" content=\"Est. tempo de leitura\" \/>\n\t<meta name=\"twitter:data2\" content=\"3 minutos\" \/>\n<script type=\"application\/ld+json\" class=\"yoast-schema-graph\">{\"@context\":\"https:\/\/schema.org\",\"@graph\":[{\"@type\":\"NewsArticle\",\"@id\":\"https:\/\/www.suno.com.br\/noticias\/brasileira-mulheres-mais-poderosas-mundo-2020\/#article\",\"isPartOf\":{\"@id\":\"https:\/\/www.suno.com.br\/noticias\/brasileira-mulheres-mais-poderosas-mundo-2020\/\"},\"author\":{\"name\":\"Natalia G\u00f3mez\",\"@id\":\"https:\/\/www.suno.com.br\/noticias\/#\/schema\/person\/1b24d67c140a42e864ef414497edb164\"},\"headline\":\"CFO da Petrobras (PETR4) est\u00e1 entre mulheres mais poderosas do mundo\",\"datePublished\":\"2020-12-09T12:58:54+00:00\",\"mainEntityOfPage\":{\"@id\":\"https:\/\/www.suno.com.br\/noticias\/brasileira-mulheres-mais-poderosas-mundo-2020\/\"},\"wordCount\":696,\"publisher\":{\"@id\":\"https:\/\/www.suno.com.br\/noticias\/#organization\"},\"image\":{\"@id\":\"https:\/\/www.suno.com.br\/noticias\/brasileira-mulheres-mais-poderosas-mundo-2020\/#primaryimage\"},\"thumbnailUrl\":\"https:\/\/files.sunoresearch.com.br\/n\/uploads\/2020\/12\/f3ee952b-andrea-marques-petrobras-mais-poderosas-do-mundo-forbes-jpg.webp\",\"keywords\":[\"Forbes\",\"Petrobras (PETR4)\"],\"articleSection\":[\"Neg\u00f3cios\"],\"inLanguage\":\"pt-BR\"},{\"@type\":\"WebPage\",\"@id\":\"https:\/\/www.suno.com.br\/noticias\/brasileira-mulheres-mais-poderosas-mundo-2020\/\",\"url\":\"https:\/\/www.suno.com.br\/noticias\/brasileira-mulheres-mais-poderosas-mundo-2020\/\",\"name\":\"Executiva da Petrobras (PETR4) \u00e9 uma das mulheres mais poderosas do mundo\",\"isPartOf\":{\"@id\":\"https:\/\/www.suno.com.br\/noticias\/#website\"},\"primaryImageOfPage\":{\"@id\":\"https:\/\/www.suno.com.br\/noticias\/brasileira-mulheres-mais-poderosas-mundo-2020\/#primaryimage\"},\"image\":{\"@id\":\"https:\/\/www.suno.com.br\/noticias\/brasileira-mulheres-mais-poderosas-mundo-2020\/#primaryimage\"},\"thumbnailUrl\":\"https:\/\/files.sunoresearch.com.br\/n\/uploads\/2020\/12\/f3ee952b-andrea-marques-petrobras-mais-poderosas-do-mundo-forbes-jpg.webp\",\"datePublished\":\"2020-12-09T12:58:54+00:00\",\"description\":\"A Forbes divulgou a lista das mulheres mais poderosas do mundo. com a presen\u00e7a da CFO da Petrobras, Andrea Marques de Almeida. Leia mais.\",\"breadcrumb\":{\"@id\":\"https:\/\/www.suno.com.br\/noticias\/brasileira-mulheres-mais-poderosas-mundo-2020\/#breadcrumb\"},\"inLanguage\":\"pt-BR\",\"potentialAction\":[{\"@type\":\"ReadAction\",\"target\":[\"https:\/\/www.suno.com.br\/noticias\/brasileira-mulheres-mais-poderosas-mundo-2020\/\"]}]},{\"@type\":\"ImageObject\",\"inLanguage\":\"pt-BR\",\"@id\":\"https:\/\/www.suno.com.br\/noticias\/brasileira-mulheres-mais-poderosas-mundo-2020\/#primaryimage\",\"url\":\"https:\/\/files.sunoresearch.com.br\/n\/uploads\/2020\/12\/f3ee952b-andrea-marques-petrobras-mais-poderosas-do-mundo-forbes-jpg.webp\",\"contentUrl\":\"https:\/\/files.sunoresearch.com.br\/n\/uploads\/2020\/12\/f3ee952b-andrea-marques-petrobras-mais-poderosas-do-mundo-forbes-jpg.webp\",\"width\":800,\"height\":533,\"caption\":\"CFO da Petrobras est\u00e1 entre as mulheres mais poderosas do mundo\"},{\"@type\":\"BreadcrumbList\",\"@id\":\"https:\/\/www.suno.com.br\/noticias\/brasileira-mulheres-mais-poderosas-mundo-2020\/#breadcrumb\",\"itemListElement\":[{\"@type\":\"ListItem\",\"position\":1,\"name\":\"Not\u00edcias\",\"item\":\"https:\/\/www.suno.com.br\/noticias\/\"},{\"@type\":\"ListItem\",\"position\":2,\"name\":\"Neg\u00f3cios\",\"item\":\"https:\/\/www.suno.com.br\/noticias\/negocios\/\"},{\"@type\":\"ListItem\",\"position\":3,\"name\":\"CFO da Petrobras (PETR4) est\u00e1 entre mulheres mais poderosas do mundo\"}]},{\"@type\":\"WebSite\",\"@id\":\"https:\/\/www.suno.com.br\/noticias\/#website\",\"url\":\"https:\/\/www.suno.com.br\/noticias\/\",\"name\":\"Suno Not\u00edcias\",\"description\":\"Seu portal de informa\u00e7\u00e3o sobre o mundo dos investimentos\",\"publisher\":{\"@id\":\"https:\/\/www.suno.com.br\/noticias\/#organization\"},\"potentialAction\":[{\"@type\":\"SearchAction\",\"target\":{\"@type\":\"EntryPoint\",\"urlTemplate\":\"https:\/\/www.suno.com.br\/noticias\/?s={search_term_string}\"},\"query-input\":{\"@type\":\"PropertyValueSpecification\",\"valueRequired\":true,\"valueName\":\"search_term_string\"}}],\"inLanguage\":\"pt-BR\"},{\"@type\":\"Organization\",\"@id\":\"https:\/\/www.suno.com.br\/noticias\/#organization\",\"name\":\"Suno Not\u00edcias\",\"url\":\"https:\/\/www.suno.com.br\/noticias\/\",\"logo\":{\"@type\":\"ImageObject\",\"inLanguage\":\"pt-BR\",\"@id\":\"https:\/\/www.suno.com.br\/noticias\/#\/schema\/logo\/image\/\",\"url\":\"https:\/\/files.sunoresearch.com.br\/n\/uploads\/2021\/09\/suno-logo.png\",\"contentUrl\":\"https:\/\/files.sunoresearch.com.br\/n\/uploads\/2021\/09\/suno-logo.png\",\"width\":180,\"height\":180,\"caption\":\"Suno Not\u00edcias\"},\"image\":{\"@id\":\"https:\/\/www.suno.com.br\/noticias\/#\/schema\/logo\/image\/\"},\"sameAs\":[\"https:\/\/facebook.com\/sunoresearch\",\"https:\/\/x.com\/sunoresearch\",\"https:\/\/www.instagram.com\/suno\",\"https:\/\/www.linkedin.com\/company\/suno-research\/\",\"https:\/\/www.youtube.com\/c\/sunoresearch\"]},{\"@type\":\"Person\",\"@id\":\"https:\/\/www.suno.com.br\/noticias\/#\/schema\/person\/1b24d67c140a42e864ef414497edb164\",\"name\":\"Natalia G\u00f3mez\",\"image\":{\"@type\":\"ImageObject\",\"inLanguage\":\"pt-BR\",\"@id\":\"https:\/\/www.suno.com.br\/noticias\/#\/schema\/person\/image\/\",\"url\":\"https:\/\/secure.gravatar.com\/avatar\/9e957e0b2b485c2d42c3f4145c16d940?s=96&r=g\",\"contentUrl\":\"https:\/\/secure.gravatar.com\/avatar\/9e957e0b2b485c2d42c3f4145c16d940?s=96&r=g\",\"caption\":\"Natalia G\u00f3mez\"},\"description\":\"Editora do Suno Not\u00edcias desde outubro de 2020, \u00e9 jornalista formada pela PUC-SP, com p\u00f3s-gradua\u00e7\u00e3o em jornalismo liter\u00e1rio. Atua no mercado financeiro desde 2003, quando iniciou a carreira no jornal econ\u00f4mico DCI, cobrindo o setor de alimentos no caderno de Ind\u00fastria. Foi trainee do jornal Valor Econ\u00f4mico, onde atuou no Caderno de Empresas por quase tr\u00eas anos. L\u00e1, cobriu o setor de ind\u00fastria, com foco em siderurgia, embalagens e aeroespacial. Fez coberturas setoriais em viagens para S\u00e3o Jos\u00e9 dos Campos e Franca (SP), al\u00e9m de coberturas internacionais na Alemanha e na Su\u00e9cia. Trabalhou por cinco anos na Ag\u00eancia Estado\/Broadcast, do Grupo Estado, onde foi rep\u00f3rter dos setores de minera\u00e7\u00e3o e siderurgia, alimentos e bebidas e finan\u00e7as. Foi premiada como o pr\u00eamio Destaque de Reportagem da AE em 2007 e 2008. Al\u00e9m de atuar no servi\u00e7o de not\u00edcias em tempo real, fez participa\u00e7\u00f5es no caderno de Economia do jornal Estado de S.Paulo e na R\u00e1dio Eldorado. Ainda no Grupo Estado, foi editora assistente da editoria Empresas e Setores, atuando com edi\u00e7\u00e3o e pauta, al\u00e9m de cobrir mercados diariamente com o cen\u00e1rio de bolsa e fazer reportagens especiais com foco em governan\u00e7a corporativa. Trabalhou tamb\u00e9m como correspondente de finan\u00e7as no servi\u00e7o da Thomson Reuters em portugu\u00eas por quase um ano. Atuou por cerca de oito anos como jornalista independente, contribuindo para ve\u00edculos como UOL Economia, Infomoney e Revista Voc\u00ea SA, al\u00e9m de ter trabalhado em projetos na \u00e1rea de conte\u00fado e comunica\u00e7\u00e3o de institui\u00e7\u00f5es financeiras como Anbima, Banco BS2, Banco Pine, Ita\u00fa BBA e EQI.\",\"url\":\"https:\/\/www.suno.com.br\/noticias\/author\/natalia-gomez\/\"}]}<\/script>\n<!-- \/ Yoast SEO plugin. -->","yoast_head_json":{"title":"Executiva da Petrobras (PETR4) \u00e9 uma das mulheres mais poderosas do mundo","description":"A Forbes divulgou a lista das mulheres mais poderosas do mundo. com a presen\u00e7a da CFO da Petrobras, Andrea Marques de Almeida. Leia mais.","robots":{"index":"index","follow":"follow","max-snippet":"max-snippet:-1","max-image-preview":"max-image-preview:large","max-video-preview":"max-video-preview:-1"},"canonical":"https:\/\/www.suno.com.br\/noticias\/brasileira-mulheres-mais-poderosas-mundo-2020\/","og_locale":"pt_BR","og_type":"article","og_title":"Executiva da Petrobras (PETR4) \u00e9 uma das mulheres mais poderosas do mundo","og_description":"A Forbes divulgou a lista das mulheres mais poderosas do mundo. com a presen\u00e7a da CFO da Petrobras, Andrea Marques de Almeida. Leia mais.","og_url":"https:\/\/www.suno.com.br\/noticias\/brasileira-mulheres-mais-poderosas-mundo-2020\/","og_site_name":"Suno Not\u00edcias","article_publisher":"https:\/\/facebook.com\/sunoresearch","og_image":[{"width":800,"height":533,"url":"https:\/\/files.sunoresearch.com.br\/n\/uploads\/2020\/12\/f3ee952b-andrea-marques-petrobras-mais-poderosas-do-mundo-forbes.jpg","type":"image\/jpeg"}],"author":"Natalia G\u00f3mez","twitter_card":"summary_large_image","twitter_creator":"@sunoresearch","twitter_site":"@sunoresearch","twitter_misc":{"Escrito por":"Natalia G\u00f3mez","Est. tempo de leitura":"3 minutos"},"schema":{"@context":"https:\/\/schema.org","@graph":[{"@type":"NewsArticle","@id":"https:\/\/www.suno.com.br\/noticias\/brasileira-mulheres-mais-poderosas-mundo-2020\/#article","isPartOf":{"@id":"https:\/\/www.suno.com.br\/noticias\/brasileira-mulheres-mais-poderosas-mundo-2020\/"},"author":{"name":"Natalia G\u00f3mez","@id":"https:\/\/www.suno.com.br\/noticias\/#\/schema\/person\/1b24d67c140a42e864ef414497edb164"},"headline":"CFO da Petrobras (PETR4) est\u00e1 entre mulheres mais poderosas do mundo","datePublished":"2020-12-09T12:58:54+00:00","mainEntityOfPage":{"@id":"https:\/\/www.suno.com.br\/noticias\/brasileira-mulheres-mais-poderosas-mundo-2020\/"},"wordCount":696,"publisher":{"@id":"https:\/\/www.suno.com.br\/noticias\/#organization"},"image":{"@id":"https:\/\/www.suno.com.br\/noticias\/brasileira-mulheres-mais-poderosas-mundo-2020\/#primaryimage"},"thumbnailUrl":"https:\/\/files.sunoresearch.com.br\/n\/uploads\/2020\/12\/f3ee952b-andrea-marques-petrobras-mais-poderosas-do-mundo-forbes-jpg.webp","keywords":["Forbes","Petrobras (PETR4)"],"articleSection":["Neg\u00f3cios"],"inLanguage":"pt-BR"},{"@type":"WebPage","@id":"https:\/\/www.suno.com.br\/noticias\/brasileira-mulheres-mais-poderosas-mundo-2020\/","url":"https:\/\/www.suno.com.br\/noticias\/brasileira-mulheres-mais-poderosas-mundo-2020\/","name":"Executiva da Petrobras (PETR4) \u00e9 uma das mulheres mais poderosas do mundo","isPartOf":{"@id":"https:\/\/www.suno.com.br\/noticias\/#website"},"primaryImageOfPage":{"@id":"https:\/\/www.suno.com.br\/noticias\/brasileira-mulheres-mais-poderosas-mundo-2020\/#primaryimage"},"image":{"@id":"https:\/\/www.suno.com.br\/noticias\/brasileira-mulheres-mais-poderosas-mundo-2020\/#primaryimage"},"thumbnailUrl":"https:\/\/files.sunoresearch.com.br\/n\/uploads\/2020\/12\/f3ee952b-andrea-marques-petrobras-mais-poderosas-do-mundo-forbes-jpg.webp","datePublished":"2020-12-09T12:58:54+00:00","description":"A Forbes divulgou a lista das mulheres mais poderosas do mundo. com a presen\u00e7a da CFO da Petrobras, Andrea Marques de Almeida. Leia mais.","breadcrumb":{"@id":"https:\/\/www.suno.com.br\/noticias\/brasileira-mulheres-mais-poderosas-mundo-2020\/#breadcrumb"},"inLanguage":"pt-BR","potentialAction":[{"@type":"ReadAction","target":["https:\/\/www.suno.com.br\/noticias\/brasileira-mulheres-mais-poderosas-mundo-2020\/"]}]},{"@type":"ImageObject","inLanguage":"pt-BR","@id":"https:\/\/www.suno.com.br\/noticias\/brasileira-mulheres-mais-poderosas-mundo-2020\/#primaryimage","url":"https:\/\/files.sunoresearch.com.br\/n\/uploads\/2020\/12\/f3ee952b-andrea-marques-petrobras-mais-poderosas-do-mundo-forbes-jpg.webp","contentUrl":"https:\/\/files.sunoresearch.com.br\/n\/uploads\/2020\/12\/f3ee952b-andrea-marques-petrobras-mais-poderosas-do-mundo-forbes-jpg.webp","width":800,"height":533,"caption":"CFO da Petrobras est\u00e1 entre as mulheres mais poderosas do mundo"},{"@type":"BreadcrumbList","@id":"https:\/\/www.suno.com.br\/noticias\/brasileira-mulheres-mais-poderosas-mundo-2020\/#breadcrumb","itemListElement":[{"@type":"ListItem","position":1,"name":"Not\u00edcias","item":"https:\/\/www.suno.com.br\/noticias\/"},{"@type":"ListItem","position":2,"name":"Neg\u00f3cios","item":"https:\/\/www.suno.com.br\/noticias\/negocios\/"},{"@type":"ListItem","position":3,"name":"CFO da Petrobras (PETR4) est\u00e1 entre mulheres mais poderosas do mundo"}]},{"@type":"WebSite","@id":"https:\/\/www.suno.com.br\/noticias\/#website","url":"https:\/\/www.suno.com.br\/noticias\/","name":"Suno Not\u00edcias","description":"Seu portal de informa\u00e7\u00e3o sobre o mundo dos investimentos","publisher":{"@id":"https:\/\/www.suno.com.br\/noticias\/#organization"},"potentialAction":[{"@type":"SearchAction","target":{"@type":"EntryPoint","urlTemplate":"https:\/\/www.suno.com.br\/noticias\/?s={search_term_string}"},"query-input":{"@type":"PropertyValueSpecification","valueRequired":true,"valueName":"search_term_string"}}],"inLanguage":"pt-BR"},{"@type":"Organization","@id":"https:\/\/www.suno.com.br\/noticias\/#organization","name":"Suno Not\u00edcias","url":"https:\/\/www.suno.com.br\/noticias\/","logo":{"@type":"ImageObject","inLanguage":"pt-BR","@id":"https:\/\/www.suno.com.br\/noticias\/#\/schema\/logo\/image\/","url":"https:\/\/files.sunoresearch.com.br\/n\/uploads\/2021\/09\/suno-logo.png","contentUrl":"https:\/\/files.sunoresearch.com.br\/n\/uploads\/2021\/09\/suno-logo.png","width":180,"height":180,"caption":"Suno Not\u00edcias"},"image":{"@id":"https:\/\/www.suno.com.br\/noticias\/#\/schema\/logo\/image\/"},"sameAs":["https:\/\/facebook.com\/sunoresearch","https:\/\/x.com\/sunoresearch","https:\/\/www.instagram.com\/suno","https:\/\/www.linkedin.com\/company\/suno-research\/","https:\/\/www.youtube.com\/c\/sunoresearch"]},{"@type":"Person","@id":"https:\/\/www.suno.com.br\/noticias\/#\/schema\/person\/1b24d67c140a42e864ef414497edb164","name":"Natalia G\u00f3mez","image":{"@type":"ImageObject","inLanguage":"pt-BR","@id":"https:\/\/www.suno.com.br\/noticias\/#\/schema\/person\/image\/","url":"https:\/\/secure.gravatar.com\/avatar\/9e957e0b2b485c2d42c3f4145c16d940?s=96&r=g","contentUrl":"https:\/\/secure.gravatar.com\/avatar\/9e957e0b2b485c2d42c3f4145c16d940?s=96&r=g","caption":"Natalia G\u00f3mez"},"description":"Editora do Suno Not\u00edcias desde outubro de 2020, \u00e9 jornalista formada pela PUC-SP, com p\u00f3s-gradua\u00e7\u00e3o em jornalismo liter\u00e1rio. Atua no mercado financeiro desde 2003, quando iniciou a carreira no jornal econ\u00f4mico DCI, cobrindo o setor de alimentos no caderno de Ind\u00fastria. Foi trainee do jornal Valor Econ\u00f4mico, onde atuou no Caderno de Empresas por quase tr\u00eas anos. L\u00e1, cobriu o setor de ind\u00fastria, com foco em siderurgia, embalagens e aeroespacial. Fez coberturas setoriais em viagens para S\u00e3o Jos\u00e9 dos Campos e Franca (SP), al\u00e9m de coberturas internacionais na Alemanha e na Su\u00e9cia. Trabalhou por cinco anos na Ag\u00eancia Estado\/Broadcast, do Grupo Estado, onde foi rep\u00f3rter dos setores de minera\u00e7\u00e3o e siderurgia, alimentos e bebidas e finan\u00e7as. Foi premiada como o pr\u00eamio Destaque de Reportagem da AE em 2007 e 2008. Al\u00e9m de atuar no servi\u00e7o de not\u00edcias em tempo real, fez participa\u00e7\u00f5es no caderno de Economia do jornal Estado de S.Paulo e na R\u00e1dio Eldorado. Ainda no Grupo Estado, foi editora assistente da editoria Empresas e Setores, atuando com edi\u00e7\u00e3o e pauta, al\u00e9m de cobrir mercados diariamente com o cen\u00e1rio de bolsa e fazer reportagens especiais com foco em governan\u00e7a corporativa. Trabalhou tamb\u00e9m como correspondente de finan\u00e7as no servi\u00e7o da Thomson Reuters em portugu\u00eas por quase um ano. Atuou por cerca de oito anos como jornalista independente, contribuindo para ve\u00edculos como UOL Economia, Infomoney e Revista Voc\u00ea SA, al\u00e9m de ter trabalhado em projetos na \u00e1rea de conte\u00fado e comunica\u00e7\u00e3o de institui\u00e7\u00f5es financeiras como Anbima, Banco BS2, Banco Pine, Ita\u00fa BBA e EQI.","url":"https:\/\/www.suno.com.br\/noticias\/author\/natalia-gomez\/"}]}},"default_loop_html":"<div class=\"cardsPage__listCard__boxs\"><div class=\"cardsPage__listCard__boxs__img\"><a href=\"https:\/\/www.suno.com.br\/noticias\/brasileira-mulheres-mais-poderosas-mundo-2020\/\"><img class=\"mask\" src=\"https:\/\/www.suno.com.br\/noticias\/wp-content\/themes\/suno\/resources\/images\/spotlight\/spotlight1img\/bg-mask.png\" alt=\"Image Mask\"\/><img src=\"https:\/\/files.sunoresearch.com.br\/n\/uploads\/2020\/12\/f3ee952b-andrea-marques-petrobras-mais-poderosas-do-mundo-forbes-400x200.webp\" alt=\"CFO da Petrobras (PETR4) est\u00e1 entre mulheres mais poderosas do mundo\"\/><\/a><span class=\"spotlightCategory\"><a href=\"https:\/\/www.suno.com.br\/noticias\/negocios\/\">Neg\u00f3cios<\/a><\/span><\/div><div class=\"cardsPage__listCard__boxs__content\"><a href=\"https:\/\/www.suno.com.br\/noticias\/brasileira-mulheres-mais-poderosas-mundo-2020\/\"><h2 class=\"content__title\">CFO da Petrobras (PETR4) est\u00e1 entre mulheres mais poderosas do mundo<\/h2><\/a><div class=\"newsContent__article__meta\"><div class=\"newsContent__article__meta__authorBox\"><a href=\"https:\/\/www.suno.com.br\/noticias\/author\/natalia-gomez\/\" class=\"authorBox__avatar noMobi\"><img src=\"https:\/\/secure.gravatar.com\/avatar\/9e957e0b2b485c2d42c3f4145c16d940?s=96&#038;r=g\" alt=\"Natalia G\u00f3mez\"><\/a><div class=\"authorBox__name\"><span>por\n\t\t\t<a href=\"https:\/\/www.suno.com.br\/noticias\/author\/natalia-gomez\/\"><span itemprop=\"author\">Natalia G\u00f3mez<\/span><\/a><\/span><time datetime=\"2020-12-09T09:58:54-03:00\" itemprop=\"datePublished\">09\/12\/2020 09:58<\/time><\/div><\/div><\/div><\/div><\/div>","single_layout":"posts","amp_enabled":true,"_links":{"self":[{"href":"https:\/\/www.suno.com.br\/noticias\/wp-json\/wp\/v2\/posts\/106672"}],"collection":[{"href":"https:\/\/www.suno.com.br\/noticias\/wp-json\/wp\/v2\/posts"}],"about":[{"href":"https:\/\/www.suno.com.br\/noticias\/wp-json\/wp\/v2\/types\/post"}],"author":[{"embeddable":true,"href":"https:\/\/www.suno.com.br\/noticias\/wp-json\/wp\/v2\/users\/60"}],"replies":[{"embeddable":true,"href":"https:\/\/www.suno.com.br\/noticias\/wp-json\/wp\/v2\/comments?post=106672"}],"version-history":[{"count":0,"href":"https:\/\/www.suno.com.br\/noticias\/wp-json\/wp\/v2\/posts\/106672\/revisions"}],"wp:featuredmedia":[{"embeddable":true,"href":"https:\/\/www.suno.com.br\/noticias\/wp-json\/wp\/v2\/media\/106684"}],"wp:attachment":[{"href":"https:\/\/www.suno.com.br\/noticias\/wp-json\/wp\/v2\/media?parent=106672"}],"wp:term":[{"taxonomy":"category","embeddable":true,"href":"https:\/\/www.suno.com.br\/noticias\/wp-json\/wp\/v2\/categories?post=106672"},{"taxonomy":"post_tag","embeddable":true,"href":"https:\/\/www.suno.com.br\/noticias\/wp-json\/wp\/v2\/tags?post=106672"},{"taxonomy":"suno_strategy","embeddable":true,"href":"https:\/\/www.suno.com.br\/noticias\/wp-json\/wp\/v2\/suno_strategy?post=106672"}],"curies":[{"name":"wp","href":"https:\/\/api.w.org\/{rel}","templated":true}]}}