{"id":106535,"date":"2020-12-08T18:52:31","date_gmt":"2020-12-08T21:52:31","guid":{"rendered":"https:\/\/www.suno.com.br\/noticias\/?p=106535"},"modified":"2021-05-29T20:30:30","modified_gmt":"2021-05-29T23:30:30","slug":"irdm11-vilg11-ifix-fii","status":"publish","type":"post","link":"https:\/\/www.suno.com.br\/noticias\/irdm11-vilg11-ifix-fii\/","title":{"rendered":"IRDM11, VILG11: IFIX fecha em queda de 0,12% aos 2.780 pontos"},"content":{"rendered":"<p>O <b>IFIX<\/b>, \u00edndice de Fundos Imobili\u00e1rios da B3, fechou nesta ter\u00e7a-feira (8), aos 2.780,00 pontos, apresentando uma queda de 0,12%.<\/p>\t<div class=\"wrapper-featured-image\">\n\t\t<figure class=\"spotlightImg\">\n\n\t\t\t<picture>\n\t\t\t\t<source media=\"(max-width: 768px)\" srcset=\"https:\/\/files.sunoresearch.com.br\/n\/uploads\/2020\/12\/b59f12f6-ifix-400x200.webp\">\n\t\t\t\t<img loading=\"lazy\" decoding=\"async\" class=\"newsContent__article__imgCapa lazyloadDisabled \" src=\"https:\/\/files.sunoresearch.com.br\/n\/uploads\/2020\/12\/b59f12f6-ifix-800x450.webp\" width=\"800\" height=\"450\" alt=\"IRDM11, VILG11: IFIX fecha em queda de 0,12% aos 2.780 pontos\" fetchpriority=high \/>\n\t\t\t<\/picture>\n\n\t\t\t<figcaption class=\"wp-caption-text wp-caption-text--show\">O IFIX \u00e9 um indicador criado pela Bolsa de Valores de S\u00e3o Paulo (B3) que tem como objetivo a medi\u00e7\u00e3o da performance de uma carteira composta por cotas de Fundos Imobili\u00e1rios.<\/figcaption>\n\t\t<\/figure>\n\t<\/div>\n\n\n\t<p>\n\t\t<a href=\"https:\/\/lp.suno.com.br\/planilha-controle-gastos\/\" target=\"_blank\" data-element=\"shortcode-suno-banner\" title=\"Banner SUNO, clique e saiba mais\">\n\t\t\t<picture>\n\t\t\t\t<source media=\"(max-width: 500px)\" srcset=\"https:\/\/files.sunoresearch.com.br\/n\/uploads\/2023\/03\/400x300-Planilha-controle-de-gastos.png\">\n\t\t\t\t<img class=\"newsContent__article__imgCapa newsContent__article__imgCapa--banner\"\n\t\t\t\t\tsrc=\"https:\/\/files.sunoresearch.com.br\/n\/uploads\/2023\/03\/1420x240-Planilha-controle-de-gastos.png\"\n\t\t\t\t\tdata-promo-id=\"101751\"\t\t\t\t\t\t\t\t\t\twidth='1420' height='240'\t\t\t\t\talt=\"https:\/\/files.sunoresearch.com.br\/n\/uploads\/2023\/03\/1420x240-Planilha-controle-de-gastos.png\"\n\t\t\t\t>\n\t\t\t<\/picture>\n\t\t<\/a>\n\t<\/p>\n\n\n<p>Com o resultado do <strong><a href=\"https:\/\/www.suno.com.br\/artigos\/ifix\/\">IFIX<\/a> hoje,<\/strong> o \u00edndice acumulou uma queda de 0,84% em dezembro, ao passo que no ano reporta uma queda de 13,80%.<\/p>\n<p>Al\u00e9m disso, a m\u00e1xima no dia foi de 2.787,51 pontos, enquanto a m\u00ednima ficou em 2.778,00 pontos.<\/p>\n\t<p>\n\t\t<a href=\"https:\/\/lp.suno.com.br\/planilha-controle-gastos\/\" target=\"_blank\" data-element=\"shortcode-suno-banner\" title=\"Banner SUNO, clique e saiba mais\">\n\t\t\t<picture>\n\t\t\t\t<source media=\"(max-width: 500px)\" srcset=\"https:\/\/files.sunoresearch.com.br\/n\/uploads\/2023\/03\/400x300-Planilha-controle-de-gastos.png\">\n\t\t\t\t<img class=\"newsContent__article__imgCapa newsContent__article__imgCapa--banner\"\n\t\t\t\t\tsrc=\"https:\/\/files.sunoresearch.com.br\/n\/uploads\/2023\/03\/1420x240-Planilha-controle-de-gastos.png\"\n\t\t\t\t\tdata-promo-id=\"101751\"\t\t\t\t\t\t\t\t\t\twidth='1420' height='240'\t\t\t\t\talt=\"https:\/\/files.sunoresearch.com.br\/n\/uploads\/2023\/03\/1420x240-Planilha-controle-de-gastos.png\"\n\t\t\t\t>\n\t\t\t<\/picture>\n\t\t<\/a>\n\t<\/p>\n\n\n<h2>Principais not\u00edcias do dia em Fundos Imobili\u00e1rios<\/h2>\n<p>Confira as principais not\u00edcias que movimentaram o IFIX nesta segunda-feira:<\/p>\n<ul>\n<li><strong>VILG11\u00a0<\/strong>adquire 80% do Castelo 57 Business Park<\/li>\n<li><strong>IRDM11<\/strong>: fim do prazo para exercer direito de prefer\u00eancia no \u00e2mbito da oferta p\u00fablica da 8\u00b0 emiss\u00e3o<\/li>\n<\/ul>\n<h3>VILG11<\/h3>\n<p>A <strong>Vinci Real Estate,<\/strong> gestora do<strong> Vinci Log\u00edstica Fundo de Investimento Imobili\u00e1rio<\/strong> (<strong>VILG11<\/strong>), junto com a BRL Trust, administradora do Fundo, informaram que o FII adquiriu 80% do empreendimento &#8216;Castelo 57 Business Park&#8217;, localizado em S\u00e3o Roque, em S\u00e3o Paulo.<\/p>\n<p>O ativo \u00e9 uma empreendimento greenfield com projeto aprovado, com in\u00edcio das obras em dezembro de 2020 e dura\u00e7\u00e3o estimada de 16 meses.<\/p>\n\t<div data-element=\"shortcode-read-more\" class=\"knowMore\">\n\t\t\t\t<span class=\"knowMore__title\">Saiba mais<\/span>\n\t\t\t\t<a class=\"knowMore__link\" href=\"https:\/\/www.suno.com.br\/noticias\/hgre11-ctxt11-ifix-fecha-em-queda-de-039-aos-2-78324-pontos-7122020\/\">\n\t\t\tHGRE11, CTXT11: IFIX fecha em queda de 0,39%, aos 2.783,24 pontos\t\t<\/a>\n\t<\/div>\n\n\n<p>&#8220;Durante e a fase de obras o vendedor do im\u00f3vel pagar\u00e1 um pr\u00eamio de loca\u00e7\u00e3o mensal com base em um cap rate de 8,5% a ser calculado sobre os montantes a serem desembolsados pelo Fundo de acordo com o cronograma de obras. Ap\u00f3s a conclus\u00e3o das obras, o vendedor do im\u00f3vel manter\u00e1 o pagamento do pr\u00eamio de loca\u00e7\u00e3o mensal para o Fundo durante um per\u00edodo de 24 meses com base no mesmo cap rate de 8,5%&#8221;, explica o comunicado.<\/p>\n<p>De acordo com o documento, o valor total da transa\u00e7\u00e3o ser\u00e1 de R$ 130.016.865,88, sendo o pagamento da primeira parcela em at\u00e9 5 dias \u00fateis da data de supera\u00e7\u00e3o da Condi\u00e7\u00e3o Precedente, no valor de R$ 11 milh\u00f5es e 15 parcelas adicionais ao longo do cronograma de desembolsos da obra.<\/p>\n<h3>IRDM11<\/h3>\n<p>O Fundo de Investimento Imobili\u00e1rio Iridium Receb\u00edveis Imobili\u00e1rios <strong>(IRDM11)<\/strong> informou ao mercado que foi encerrado o prazo para o exerc\u00edcio do direito de prefer\u00eancia conferido aos cotistas no \u00e2mbito da oferta p\u00fablica da oitava emiss\u00e3o do Fundo.<\/p>\n<p>O documento informou que no per\u00edodo de prefer\u00eancia, houve a coloca\u00e7\u00e3o de 3.472.446 novas cotas junto \u00e0 B3 e de 116.045 junto ao agente escriturador das cotas do Fundo.<\/p>\n<p>Nesse sentido, o saldo remanescente \u00e9 de 911.509 novas cotas, no montante de 89.546.644,16, &#8220;que poder\u00e3o ser subscritas e integralizadas durante o per\u00edodo de subscri\u00e7\u00e3o das sobras e montante adicional pelos cotistas que exerceram seu direito de prefer\u00eancia&#8221;.<\/p>\n<h2>Rendimentos do dia de FIIs<\/h2>\n<p>Nesta ter\u00e7a-feira foram tamb\u00e9m pagos os rendimentos dos seguintes <strong>fundos imobili\u00e1rios:<\/strong><\/p>\n<ul>\n<li><strong>ABCP11<\/strong>: R$ 0,35 por cota<\/li>\n<li><strong>GGRC11<\/strong>: R$ 0,74 por cota<\/li>\n<li><strong>PATC11<\/strong>: R$ 0,30 por cota<\/li>\n<li><strong>SPTW11<\/strong>: R$ 0,70 por cota<\/li>\n<li><strong>TGAR11<\/strong>: R$ 1,12 por cota<\/li>\n<li><strong>VTLT11<\/strong>: R$ 0,72 por cota<\/li>\n<\/ul>\n<h2>Maiores altas e baixas do IFIX<\/h2>\n<p>Confira as maiores altas e baixas do dia no IFIX:<\/p>\n<h3>Maiores Altas do dia\u00a0no IFIX:<\/h3>\n<ul>\n<li><strong>PLCR11<\/strong>: +2,57%\/ R$ 84,93<\/li>\n<li><strong>SARE11<\/strong>: +1,77% \/ R$ 95,50<\/li>\n<li><strong>KFOF11<\/strong>: + 1,43% \/R$ 104,47<\/li>\n<li><strong>XPIN11<\/strong>: +1,19% \/R$ 116,27<\/li>\n<li><strong>BRCO11<\/strong>: + 0,84% \/R$ 116,86<\/li>\n<\/ul>\n<h3>Maiores Baixas do dia no IFIX:<\/h3>\n<ul>\n<li><strong>BBPO11<\/strong>: -3,75% \/ R$ 121,80<\/li>\n<li><strong>HCTR11<\/strong>: -2,67% \/ R$ 140,16<\/li>\n<li><strong>RECR11<\/strong>: -2,58% \/ R$ 105,20<\/li>\n<li><b>FLMA11<\/b>: -2,33% \/ R$ 2,93<\/li>\n<li><strong>GTWR11<\/strong>: -1,91% \/ R$ 112,90<\/li>\n<\/ul>\n<h2>O que \u00e9 o IFIX<\/h2>\n<p>O <b>IFIX <\/b>\u00e9 um indicador criado pela <a href=\"https:\/\/www.suno.com.br\/artigos\/b3\/\"><strong>Bolsa de Valores de S\u00e3o Paulo (B3)<\/strong><\/a> que tem como objetivo a medi\u00e7\u00e3o da performance de uma carteira composta por cotas de <strong>Fundos Imobili\u00e1rios.<\/strong><\/p>\n\t<p>\n\t\t<a href=\"https:\/\/lp.suno.com.br\/planilha-de-controle-de-investimentos\/\" target=\"_blank\" data-element=\"shortcode-suno-banner\" title=\"Banner SUNO, clique e saiba mais\">\n\t\t\t<picture>\n\t\t\t\t<source media=\"(max-width: 500px)\" srcset=\"https:\/\/files.sunoresearch.com.br\/n\/uploads\/2023\/03\/400x300-Controle-de-Investimentos.png\">\n\t\t\t\t<img class=\"newsContent__article__imgCapa newsContent__article__imgCapa--banner\"\n\t\t\t\t\tsrc=\"https:\/\/files.sunoresearch.com.br\/n\/uploads\/2023\/03\/1420x240-Controle-de-Investimentos.png\"\n\t\t\t\t\tdata-promo-id=\"75934\"\t\t\t\t\t\t\t\t\t\twidth='1420' height='240'\t\t\t\t\talt=\"https:\/\/files.sunoresearch.com.br\/n\/uploads\/2023\/03\/1420x240-Controle-de-Investimentos.png\"\n\t\t\t\t>\n\t\t\t<\/picture>\n\t\t<\/a>\n\t<\/p>\n\n\n","protected":false},"excerpt":{"rendered":"<p>O IFIX, \u00edndice de Fundos Imobili\u00e1rios da B3, fechou nesta ter\u00e7a-feira (8), aos 2.780,00 pontos, apresentando uma queda de 0,12%. O IFIX \u00e9 um indicador criado pela Bolsa de Valores de S\u00e3o Paulo (B3) que tem como objetivo a medi\u00e7\u00e3o da performance de uma carteira composta por cotas de Fundos Imobili\u00e1rios. Com o resultado do [&hellip;]<\/p>\n","protected":false},"author":39,"featured_media":106550,"comment_status":"closed","ping_status":"closed","sticky":false,"template":"","format":"standard","meta":[],"categories":[66,60],"tags":[315,2689,105764,105553,2356],"suno_strategy":[],"class_list":["post-106535","post","type-post","status-publish","format-standard","has-post-thumbnail","hentry","category-fiis","category-mercado","tag-fundos-imobiliarios-fiis","tag-ifix","tag-irdm11","tag-vilg11","tag-xpin11"],"yoast_head":"<!-- This site is optimized with the Yoast SEO plugin v24.4 - https:\/\/yoast.com\/wordpress\/plugins\/seo\/ -->\n<title>IRDM11, VILG11: IFIX fecha em queda de 0,12% aos 2.780 pontos<\/title>\n<meta name=\"description\" content=\"O IFIX fechou nesta ter\u00e7a-feira (8), aos 2.780,00 pontos, apresentando uma queda de 0,12%. Clique aqui para saber mais sobre o IFIX hoje.\" \/>\n<meta name=\"robots\" content=\"index, follow, max-snippet:-1, max-image-preview:large, max-video-preview:-1\" \/>\n<link rel=\"canonical\" href=\"https:\/\/www.suno.com.br\/noticias\/irdm11-vilg11-ifix-fii\/\" \/>\n<meta property=\"og:locale\" content=\"pt_BR\" \/>\n<meta property=\"og:type\" content=\"article\" \/>\n<meta property=\"og:title\" content=\"IRDM11, VILG11: IFIX fecha em queda de 0,12% aos 2.780 pontos\" \/>\n<meta property=\"og:description\" content=\"O IFIX fechou nesta ter\u00e7a-feira (8), aos 2.780,00 pontos, apresentando uma queda de 0,12%. Clique aqui para saber mais sobre o IFIX hoje.\" \/>\n<meta property=\"og:url\" content=\"https:\/\/www.suno.com.br\/noticias\/irdm11-vilg11-ifix-fii\/\" \/>\n<meta property=\"og:site_name\" content=\"Suno Not\u00edcias\" \/>\n<meta property=\"article:publisher\" content=\"https:\/\/facebook.com\/sunoresearch\" \/>\n<meta property=\"og:image\" content=\"https:\/\/files.sunoresearch.com.br\/n\/uploads\/2020\/12\/b59f12f6-ifix.jpg\" \/>\n\t<meta property=\"og:image:width\" content=\"1024\" \/>\n\t<meta property=\"og:image:height\" content=\"681\" \/>\n\t<meta property=\"og:image:type\" content=\"image\/jpeg\" \/>\n<meta name=\"author\" content=\"Laura Moutinho\" \/>\n<meta name=\"twitter:card\" content=\"summary_large_image\" \/>\n<meta name=\"twitter:creator\" content=\"@sunoresearch\" \/>\n<meta name=\"twitter:site\" content=\"@sunoresearch\" \/>\n<meta name=\"twitter:label1\" content=\"Escrito por\" \/>\n\t<meta name=\"twitter:data1\" content=\"Laura Moutinho\" \/>\n\t<meta name=\"twitter:label2\" content=\"Est. tempo de leitura\" \/>\n\t<meta name=\"twitter:data2\" content=\"3 minutos\" \/>\n<script type=\"application\/ld+json\" class=\"yoast-schema-graph\">{\"@context\":\"https:\/\/schema.org\",\"@graph\":[{\"@type\":\"NewsArticle\",\"@id\":\"https:\/\/www.suno.com.br\/noticias\/irdm11-vilg11-ifix-fii\/#article\",\"isPartOf\":{\"@id\":\"https:\/\/www.suno.com.br\/noticias\/irdm11-vilg11-ifix-fii\/\"},\"author\":{\"name\":\"Laura Moutinho\",\"@id\":\"https:\/\/www.suno.com.br\/noticias\/#\/schema\/person\/3df0d2808748b74496efe5dbeaef2c72\"},\"headline\":\"IRDM11, VILG11: IFIX fecha em queda de 0,12% aos 2.780 pontos\",\"datePublished\":\"2020-12-08T21:52:31+00:00\",\"dateModified\":\"2021-05-29T23:30:30+00:00\",\"mainEntityOfPage\":{\"@id\":\"https:\/\/www.suno.com.br\/noticias\/irdm11-vilg11-ifix-fii\/\"},\"wordCount\":576,\"publisher\":{\"@id\":\"https:\/\/www.suno.com.br\/noticias\/#organization\"},\"image\":{\"@id\":\"https:\/\/www.suno.com.br\/noticias\/irdm11-vilg11-ifix-fii\/#primaryimage\"},\"thumbnailUrl\":\"https:\/\/files.sunoresearch.com.br\/n\/uploads\/2020\/12\/b59f12f6-ifix-jpg.webp\",\"keywords\":[\"Fundos Imobili\u00e1rios (FIIs)\",\"IFIX\",\"IRDM11\",\"VILG11\",\"XPIN11\"],\"articleSection\":[\"FIIs\",\"Mercado\"],\"inLanguage\":\"pt-BR\"},{\"@type\":\"WebPage\",\"@id\":\"https:\/\/www.suno.com.br\/noticias\/irdm11-vilg11-ifix-fii\/\",\"url\":\"https:\/\/www.suno.com.br\/noticias\/irdm11-vilg11-ifix-fii\/\",\"name\":\"IRDM11, VILG11: IFIX fecha em queda de 0,12% aos 2.780 pontos\",\"isPartOf\":{\"@id\":\"https:\/\/www.suno.com.br\/noticias\/#website\"},\"primaryImageOfPage\":{\"@id\":\"https:\/\/www.suno.com.br\/noticias\/irdm11-vilg11-ifix-fii\/#primaryimage\"},\"image\":{\"@id\":\"https:\/\/www.suno.com.br\/noticias\/irdm11-vilg11-ifix-fii\/#primaryimage\"},\"thumbnailUrl\":\"https:\/\/files.sunoresearch.com.br\/n\/uploads\/2020\/12\/b59f12f6-ifix-jpg.webp\",\"datePublished\":\"2020-12-08T21:52:31+00:00\",\"dateModified\":\"2021-05-29T23:30:30+00:00\",\"description\":\"O IFIX fechou nesta ter\u00e7a-feira (8), aos 2.780,00 pontos, apresentando uma queda de 0,12%. Clique aqui para saber mais sobre o IFIX hoje.\",\"breadcrumb\":{\"@id\":\"https:\/\/www.suno.com.br\/noticias\/irdm11-vilg11-ifix-fii\/#breadcrumb\"},\"inLanguage\":\"pt-BR\",\"potentialAction\":[{\"@type\":\"ReadAction\",\"target\":[\"https:\/\/www.suno.com.br\/noticias\/irdm11-vilg11-ifix-fii\/\"]}]},{\"@type\":\"ImageObject\",\"inLanguage\":\"pt-BR\",\"@id\":\"https:\/\/www.suno.com.br\/noticias\/irdm11-vilg11-ifix-fii\/#primaryimage\",\"url\":\"https:\/\/files.sunoresearch.com.br\/n\/uploads\/2020\/12\/b59f12f6-ifix-jpg.webp\",\"contentUrl\":\"https:\/\/files.sunoresearch.com.br\/n\/uploads\/2020\/12\/b59f12f6-ifix-jpg.webp\",\"width\":1024,\"height\":681,\"caption\":\"O IFIX \u00e9 um indicador criado pela Bolsa de Valores de S\u00e3o Paulo (B3) que tem como objetivo a medi\u00e7\u00e3o da performance de uma carteira composta por cotas de Fundos Imobili\u00e1rios.\"},{\"@type\":\"BreadcrumbList\",\"@id\":\"https:\/\/www.suno.com.br\/noticias\/irdm11-vilg11-ifix-fii\/#breadcrumb\",\"itemListElement\":[{\"@type\":\"ListItem\",\"position\":1,\"name\":\"Not\u00edcias\",\"item\":\"https:\/\/www.suno.com.br\/noticias\/\"},{\"@type\":\"ListItem\",\"position\":2,\"name\":\"FIIs\",\"item\":\"https:\/\/www.suno.com.br\/noticias\/fiis\/\"},{\"@type\":\"ListItem\",\"position\":3,\"name\":\"IRDM11, VILG11: IFIX fecha em queda de 0,12% aos 2.780 pontos\"}]},{\"@type\":\"WebSite\",\"@id\":\"https:\/\/www.suno.com.br\/noticias\/#website\",\"url\":\"https:\/\/www.suno.com.br\/noticias\/\",\"name\":\"Suno Not\u00edcias\",\"description\":\"Seu portal de informa\u00e7\u00e3o sobre o mundo dos investimentos\",\"publisher\":{\"@id\":\"https:\/\/www.suno.com.br\/noticias\/#organization\"},\"potentialAction\":[{\"@type\":\"SearchAction\",\"target\":{\"@type\":\"EntryPoint\",\"urlTemplate\":\"https:\/\/www.suno.com.br\/noticias\/?s={search_term_string}\"},\"query-input\":{\"@type\":\"PropertyValueSpecification\",\"valueRequired\":true,\"valueName\":\"search_term_string\"}}],\"inLanguage\":\"pt-BR\"},{\"@type\":\"Organization\",\"@id\":\"https:\/\/www.suno.com.br\/noticias\/#organization\",\"name\":\"Suno Not\u00edcias\",\"url\":\"https:\/\/www.suno.com.br\/noticias\/\",\"logo\":{\"@type\":\"ImageObject\",\"inLanguage\":\"pt-BR\",\"@id\":\"https:\/\/www.suno.com.br\/noticias\/#\/schema\/logo\/image\/\",\"url\":\"https:\/\/files.sunoresearch.com.br\/n\/uploads\/2021\/09\/suno-logo.png\",\"contentUrl\":\"https:\/\/files.sunoresearch.com.br\/n\/uploads\/2021\/09\/suno-logo.png\",\"width\":180,\"height\":180,\"caption\":\"Suno Not\u00edcias\"},\"image\":{\"@id\":\"https:\/\/www.suno.com.br\/noticias\/#\/schema\/logo\/image\/\"},\"sameAs\":[\"https:\/\/facebook.com\/sunoresearch\",\"https:\/\/x.com\/sunoresearch\",\"https:\/\/www.instagram.com\/suno\",\"https:\/\/www.linkedin.com\/company\/suno-research\/\",\"https:\/\/www.youtube.com\/c\/sunoresearch\"]},{\"@type\":\"Person\",\"@id\":\"https:\/\/www.suno.com.br\/noticias\/#\/schema\/person\/3df0d2808748b74496efe5dbeaef2c72\",\"name\":\"Laura Moutinho\",\"image\":{\"@type\":\"ImageObject\",\"inLanguage\":\"pt-BR\",\"@id\":\"https:\/\/www.suno.com.br\/noticias\/#\/schema\/person\/image\/\",\"url\":\"https:\/\/secure.gravatar.com\/avatar\/7571c7c8ca3a6fca5e41384ece5557ff?s=96&r=g\",\"contentUrl\":\"https:\/\/secure.gravatar.com\/avatar\/7571c7c8ca3a6fca5e41384ece5557ff?s=96&r=g\",\"caption\":\"Laura Moutinho\"},\"description\":\"Estagi\u00e1ria na Suno Not\u00edcias, escreve not\u00edcias que afetam o mercado financeiro. Estuda administra\u00e7\u00e3o na Universidade Presbiteriana Mackenzie.\",\"url\":\"https:\/\/www.suno.com.br\/noticias\/author\/laura-moutinho\/\"}]}<\/script>\n<!-- \/ Yoast SEO plugin. -->","yoast_head_json":{"title":"IRDM11, VILG11: IFIX fecha em queda de 0,12% aos 2.780 pontos","description":"O IFIX fechou nesta ter\u00e7a-feira (8), aos 2.780,00 pontos, apresentando uma queda de 0,12%. Clique aqui para saber mais sobre o IFIX hoje.","robots":{"index":"index","follow":"follow","max-snippet":"max-snippet:-1","max-image-preview":"max-image-preview:large","max-video-preview":"max-video-preview:-1"},"canonical":"https:\/\/www.suno.com.br\/noticias\/irdm11-vilg11-ifix-fii\/","og_locale":"pt_BR","og_type":"article","og_title":"IRDM11, VILG11: IFIX fecha em queda de 0,12% aos 2.780 pontos","og_description":"O IFIX fechou nesta ter\u00e7a-feira (8), aos 2.780,00 pontos, apresentando uma queda de 0,12%. Clique aqui para saber mais sobre o IFIX hoje.","og_url":"https:\/\/www.suno.com.br\/noticias\/irdm11-vilg11-ifix-fii\/","og_site_name":"Suno Not\u00edcias","article_publisher":"https:\/\/facebook.com\/sunoresearch","og_image":[{"width":1024,"height":681,"url":"https:\/\/files.sunoresearch.com.br\/n\/uploads\/2020\/12\/b59f12f6-ifix.jpg","type":"image\/jpeg"}],"author":"Laura Moutinho","twitter_card":"summary_large_image","twitter_creator":"@sunoresearch","twitter_site":"@sunoresearch","twitter_misc":{"Escrito por":"Laura Moutinho","Est. tempo de leitura":"3 minutos"},"schema":{"@context":"https:\/\/schema.org","@graph":[{"@type":"NewsArticle","@id":"https:\/\/www.suno.com.br\/noticias\/irdm11-vilg11-ifix-fii\/#article","isPartOf":{"@id":"https:\/\/www.suno.com.br\/noticias\/irdm11-vilg11-ifix-fii\/"},"author":{"name":"Laura Moutinho","@id":"https:\/\/www.suno.com.br\/noticias\/#\/schema\/person\/3df0d2808748b74496efe5dbeaef2c72"},"headline":"IRDM11, VILG11: IFIX fecha em queda de 0,12% aos 2.780 pontos","datePublished":"2020-12-08T21:52:31+00:00","dateModified":"2021-05-29T23:30:30+00:00","mainEntityOfPage":{"@id":"https:\/\/www.suno.com.br\/noticias\/irdm11-vilg11-ifix-fii\/"},"wordCount":576,"publisher":{"@id":"https:\/\/www.suno.com.br\/noticias\/#organization"},"image":{"@id":"https:\/\/www.suno.com.br\/noticias\/irdm11-vilg11-ifix-fii\/#primaryimage"},"thumbnailUrl":"https:\/\/files.sunoresearch.com.br\/n\/uploads\/2020\/12\/b59f12f6-ifix-jpg.webp","keywords":["Fundos Imobili\u00e1rios (FIIs)","IFIX","IRDM11","VILG11","XPIN11"],"articleSection":["FIIs","Mercado"],"inLanguage":"pt-BR"},{"@type":"WebPage","@id":"https:\/\/www.suno.com.br\/noticias\/irdm11-vilg11-ifix-fii\/","url":"https:\/\/www.suno.com.br\/noticias\/irdm11-vilg11-ifix-fii\/","name":"IRDM11, VILG11: IFIX fecha em queda de 0,12% aos 2.780 pontos","isPartOf":{"@id":"https:\/\/www.suno.com.br\/noticias\/#website"},"primaryImageOfPage":{"@id":"https:\/\/www.suno.com.br\/noticias\/irdm11-vilg11-ifix-fii\/#primaryimage"},"image":{"@id":"https:\/\/www.suno.com.br\/noticias\/irdm11-vilg11-ifix-fii\/#primaryimage"},"thumbnailUrl":"https:\/\/files.sunoresearch.com.br\/n\/uploads\/2020\/12\/b59f12f6-ifix-jpg.webp","datePublished":"2020-12-08T21:52:31+00:00","dateModified":"2021-05-29T23:30:30+00:00","description":"O IFIX fechou nesta ter\u00e7a-feira (8), aos 2.780,00 pontos, apresentando uma queda de 0,12%. Clique aqui para saber mais sobre o IFIX hoje.","breadcrumb":{"@id":"https:\/\/www.suno.com.br\/noticias\/irdm11-vilg11-ifix-fii\/#breadcrumb"},"inLanguage":"pt-BR","potentialAction":[{"@type":"ReadAction","target":["https:\/\/www.suno.com.br\/noticias\/irdm11-vilg11-ifix-fii\/"]}]},{"@type":"ImageObject","inLanguage":"pt-BR","@id":"https:\/\/www.suno.com.br\/noticias\/irdm11-vilg11-ifix-fii\/#primaryimage","url":"https:\/\/files.sunoresearch.com.br\/n\/uploads\/2020\/12\/b59f12f6-ifix-jpg.webp","contentUrl":"https:\/\/files.sunoresearch.com.br\/n\/uploads\/2020\/12\/b59f12f6-ifix-jpg.webp","width":1024,"height":681,"caption":"O IFIX \u00e9 um indicador criado pela Bolsa de Valores de S\u00e3o Paulo (B3) que tem como objetivo a medi\u00e7\u00e3o da performance de uma carteira composta por cotas de Fundos Imobili\u00e1rios."},{"@type":"BreadcrumbList","@id":"https:\/\/www.suno.com.br\/noticias\/irdm11-vilg11-ifix-fii\/#breadcrumb","itemListElement":[{"@type":"ListItem","position":1,"name":"Not\u00edcias","item":"https:\/\/www.suno.com.br\/noticias\/"},{"@type":"ListItem","position":2,"name":"FIIs","item":"https:\/\/www.suno.com.br\/noticias\/fiis\/"},{"@type":"ListItem","position":3,"name":"IRDM11, VILG11: IFIX fecha em queda de 0,12% aos 2.780 pontos"}]},{"@type":"WebSite","@id":"https:\/\/www.suno.com.br\/noticias\/#website","url":"https:\/\/www.suno.com.br\/noticias\/","name":"Suno Not\u00edcias","description":"Seu portal de informa\u00e7\u00e3o sobre o mundo dos investimentos","publisher":{"@id":"https:\/\/www.suno.com.br\/noticias\/#organization"},"potentialAction":[{"@type":"SearchAction","target":{"@type":"EntryPoint","urlTemplate":"https:\/\/www.suno.com.br\/noticias\/?s={search_term_string}"},"query-input":{"@type":"PropertyValueSpecification","valueRequired":true,"valueName":"search_term_string"}}],"inLanguage":"pt-BR"},{"@type":"Organization","@id":"https:\/\/www.suno.com.br\/noticias\/#organization","name":"Suno Not\u00edcias","url":"https:\/\/www.suno.com.br\/noticias\/","logo":{"@type":"ImageObject","inLanguage":"pt-BR","@id":"https:\/\/www.suno.com.br\/noticias\/#\/schema\/logo\/image\/","url":"https:\/\/files.sunoresearch.com.br\/n\/uploads\/2021\/09\/suno-logo.png","contentUrl":"https:\/\/files.sunoresearch.com.br\/n\/uploads\/2021\/09\/suno-logo.png","width":180,"height":180,"caption":"Suno Not\u00edcias"},"image":{"@id":"https:\/\/www.suno.com.br\/noticias\/#\/schema\/logo\/image\/"},"sameAs":["https:\/\/facebook.com\/sunoresearch","https:\/\/x.com\/sunoresearch","https:\/\/www.instagram.com\/suno","https:\/\/www.linkedin.com\/company\/suno-research\/","https:\/\/www.youtube.com\/c\/sunoresearch"]},{"@type":"Person","@id":"https:\/\/www.suno.com.br\/noticias\/#\/schema\/person\/3df0d2808748b74496efe5dbeaef2c72","name":"Laura Moutinho","image":{"@type":"ImageObject","inLanguage":"pt-BR","@id":"https:\/\/www.suno.com.br\/noticias\/#\/schema\/person\/image\/","url":"https:\/\/secure.gravatar.com\/avatar\/7571c7c8ca3a6fca5e41384ece5557ff?s=96&r=g","contentUrl":"https:\/\/secure.gravatar.com\/avatar\/7571c7c8ca3a6fca5e41384ece5557ff?s=96&r=g","caption":"Laura Moutinho"},"description":"Estagi\u00e1ria na Suno Not\u00edcias, escreve not\u00edcias que afetam o mercado financeiro. Estuda administra\u00e7\u00e3o na Universidade Presbiteriana Mackenzie.","url":"https:\/\/www.suno.com.br\/noticias\/author\/laura-moutinho\/"}]}},"default_loop_html":"<div class=\"cardsPage__listCard__boxs\"><div class=\"cardsPage__listCard__boxs__img\"><a href=\"https:\/\/www.suno.com.br\/noticias\/irdm11-vilg11-ifix-fii\/\"><img class=\"mask\" src=\"https:\/\/www.suno.com.br\/noticias\/wp-content\/themes\/suno\/resources\/images\/spotlight\/spotlight1img\/bg-mask.png\" alt=\"Image Mask\"\/><img src=\"https:\/\/files.sunoresearch.com.br\/n\/uploads\/2020\/12\/b59f12f6-ifix-400x200.webp\" alt=\"IRDM11, VILG11: IFIX fecha em queda de 0,12% aos 2.780 pontos\"\/><\/a><span class=\"spotlightCategory\"><a href=\"https:\/\/www.suno.com.br\/noticias\/fiis\/\">FIIs<\/a><\/span><\/div><div class=\"cardsPage__listCard__boxs__content\"><a href=\"https:\/\/www.suno.com.br\/noticias\/irdm11-vilg11-ifix-fii\/\"><h2 class=\"content__title\">IRDM11, VILG11: IFIX fecha em queda de 0,12% aos 2.780 pontos<\/h2><\/a><div class=\"newsContent__article__meta\"><div class=\"newsContent__article__meta__authorBox\"><a href=\"https:\/\/www.suno.com.br\/noticias\/author\/laura-moutinho\/\" class=\"authorBox__avatar noMobi\"><img src=\"https:\/\/files.sunoresearch.com.br\/n\/uploads\/2020\/08\/531ff69d-whatsapp-image-2020-08-03-at-14.54.38-150x150.webp\" alt=\"Laura Moutinho\"><\/a><div class=\"authorBox__name\"><span>por\n\t\t\t<a href=\"https:\/\/www.suno.com.br\/noticias\/author\/laura-moutinho\/\"><span itemprop=\"author\">Laura Moutinho<\/span><\/a><\/span><time datetime=\"2020-12-08T18:52:31-03:00\" itemprop=\"datePublished\">08\/12\/2020 18:52<\/time><\/div><\/div><\/div><\/div><\/div>","single_layout":"posts","amp_enabled":true,"_links":{"self":[{"href":"https:\/\/www.suno.com.br\/noticias\/wp-json\/wp\/v2\/posts\/106535"}],"collection":[{"href":"https:\/\/www.suno.com.br\/noticias\/wp-json\/wp\/v2\/posts"}],"about":[{"href":"https:\/\/www.suno.com.br\/noticias\/wp-json\/wp\/v2\/types\/post"}],"author":[{"embeddable":true,"href":"https:\/\/www.suno.com.br\/noticias\/wp-json\/wp\/v2\/users\/39"}],"replies":[{"embeddable":true,"href":"https:\/\/www.suno.com.br\/noticias\/wp-json\/wp\/v2\/comments?post=106535"}],"version-history":[{"count":1,"href":"https:\/\/www.suno.com.br\/noticias\/wp-json\/wp\/v2\/posts\/106535\/revisions"}],"predecessor-version":[{"id":146745,"href":"https:\/\/www.suno.com.br\/noticias\/wp-json\/wp\/v2\/posts\/106535\/revisions\/146745"}],"wp:featuredmedia":[{"embeddable":true,"href":"https:\/\/www.suno.com.br\/noticias\/wp-json\/wp\/v2\/media\/106550"}],"wp:attachment":[{"href":"https:\/\/www.suno.com.br\/noticias\/wp-json\/wp\/v2\/media?parent=106535"}],"wp:term":[{"taxonomy":"category","embeddable":true,"href":"https:\/\/www.suno.com.br\/noticias\/wp-json\/wp\/v2\/categories?post=106535"},{"taxonomy":"post_tag","embeddable":true,"href":"https:\/\/www.suno.com.br\/noticias\/wp-json\/wp\/v2\/tags?post=106535"},{"taxonomy":"suno_strategy","embeddable":true,"href":"https:\/\/www.suno.com.br\/noticias\/wp-json\/wp\/v2\/suno_strategy?post=106535"}],"curies":[{"name":"wp","href":"https:\/\/api.w.org\/{rel}","templated":true}]}}