{"id":106518,"date":"2020-12-08T17:23:26","date_gmt":"2020-12-08T20:23:26","guid":{"rendered":"https:\/\/www.suno.com.br\/noticias\/?p=106518"},"modified":"2020-12-08T17:23:26","modified_gmt":"2020-12-08T20:23:26","slug":"oi-oibr3-oibr4-clientes-fibra-otica","status":"publish","type":"post","link":"https:\/\/www.suno.com.br\/noticias\/oi-oibr3-oibr4-clientes-fibra-otica\/","title":{"rendered":"Oi (OIBR3) atingiu a marca de 2 mi de clientes na fibra \u00f3tica em dezembro"},"content":{"rendered":"<p>A <a href=\"https:\/\/www.suno.com.br\/acoes\/oibr3\/\"><strong>Oi<\/strong> (OIBR3;<\/a><a href=\"https:\/\/www.suno.com.br\/acoes\/oibr4\/\"> OIBR4)<\/a> informou nesta ter\u00e7a-feira (8) que atingiu a marca de dois milh\u00f5es de clientes em sua opera\u00e7\u00e3o de fibra \u00f3tica em dezembro deste ano.<\/p>\t<div class=\"wrapper-featured-image\">\n\t\t<figure class=\"spotlightImg\">\n\n\t\t\t<picture>\n\t\t\t\t<source media=\"(max-width: 768px)\" srcset=\"https:\/\/files.sunoresearch.com.br\/n\/uploads\/2020\/12\/634518ff-oi-400x200.webp\">\n\t\t\t\t<img loading=\"lazy\" decoding=\"async\" class=\"newsContent__article__imgCapa lazyloadDisabled \" src=\"https:\/\/files.sunoresearch.com.br\/n\/uploads\/2020\/12\/634518ff-oi-800x450.webp\" width=\"800\" height=\"450\" alt=\"Oi (OIBR3) atingiu a marca de 2 mi de clientes na fibra \u00f3tica em dezembro\" fetchpriority=high \/>\n\t\t\t<\/picture>\n\n\t\t\t<figcaption class=\"wp-caption-text wp-caption-text--show\">Oi (OIBR3): 5G \u00e9 quest\u00e3o central em leil\u00e3o com apenas uma proposta<\/figcaption>\n\t\t<\/figure>\n\t<\/div>\n\n\n\t<p>\n\t\t<a href=\"https:\/\/lp.suno.com.br\/planilha-controle-gastos\/\" target=\"_blank\" data-element=\"shortcode-suno-banner\" title=\"Banner SUNO, clique e saiba mais\">\n\t\t\t<picture>\n\t\t\t\t<source media=\"(max-width: 500px)\" srcset=\"https:\/\/files.sunoresearch.com.br\/n\/uploads\/2023\/03\/400x300-Planilha-controle-de-gastos.png\">\n\t\t\t\t<img class=\"newsContent__article__imgCapa newsContent__article__imgCapa--banner\"\n\t\t\t\t\tsrc=\"https:\/\/files.sunoresearch.com.br\/n\/uploads\/2023\/03\/1420x240-Planilha-controle-de-gastos.png\"\n\t\t\t\t\tdata-promo-id=\"101751\"\t\t\t\t\t\t\t\t\t\twidth='1420' height='240'\t\t\t\t\talt=\"https:\/\/files.sunoresearch.com.br\/n\/uploads\/2023\/03\/1420x240-Planilha-controle-de-gastos.png\"\n\t\t\t\t>\n\t\t\t<\/picture>\n\t\t<\/a>\n\t<\/p>\n\n\n<p>Ao participar de uma coletiva de imprensa nesta manh\u00e3, o vice-presidente de clientes da Oi, <strong>Bernardo Winik,<\/strong> disse que &#8220;sa\u00edmos de 700 mil clientes ao fim de 2019, para um milh\u00e3o no come\u00e7o de 2020 e agora entramos em dezembro com essa boa not\u00edcia de dois milh\u00f5es de clientes totais&#8221;.<\/p>\n<p>Al\u00e9m disso, Winik afirmou que a companhia alcan\u00e7ou 9,2 milh\u00f5es de casas passadas por <strong>fibra \u00f3tica<\/strong> em dezembro, com 134 cidades sendo atendidas. &#8220;O desempenho foi bem acima do esperado quando a gente desenhou o projeto, \u00e9 um motivo de bastante orgulho para a Oi&#8221;. Vale destacar que o produto da companhia j\u00e1 \u00e9 l\u00edder de mercado em 13 capitais brasileiras.<\/p>\n\t<p>\n\t\t<a href=\"https:\/\/lp.suno.com.br\/planilha-controle-gastos\/\" target=\"_blank\" data-element=\"shortcode-suno-banner\" title=\"Banner SUNO, clique e saiba mais\">\n\t\t\t<picture>\n\t\t\t\t<source media=\"(max-width: 500px)\" srcset=\"https:\/\/files.sunoresearch.com.br\/n\/uploads\/2023\/03\/400x300-Planilha-controle-de-gastos.png\">\n\t\t\t\t<img class=\"newsContent__article__imgCapa newsContent__article__imgCapa--banner\"\n\t\t\t\t\tsrc=\"https:\/\/files.sunoresearch.com.br\/n\/uploads\/2023\/03\/1420x240-Planilha-controle-de-gastos.png\"\n\t\t\t\t\tdata-promo-id=\"101751\"\t\t\t\t\t\t\t\t\t\twidth='1420' height='240'\t\t\t\t\talt=\"https:\/\/files.sunoresearch.com.br\/n\/uploads\/2023\/03\/1420x240-Planilha-controle-de-gastos.png\"\n\t\t\t\t>\n\t\t\t<\/picture>\n\t\t<\/a>\n\t<\/p>\n\n\n<p>O executivo ainda destacou que na adi\u00e7\u00e3o l\u00edquida de clientes na fibra, 80% s\u00e3o sem relacionamento com a empresa, comprando o produto por indica\u00e7\u00e3o de outras pessoas. O restante vem de clientes que evoluem pacotes de banda larga tradicional.<\/p>\n<p>Em rela\u00e7\u00e3o a <a href=\"https:\/\/www.suno.com.br\/artigos\/receita-total\/#:~:text=A%20receita%20total%20de%20uma%20empresa%20%C3%A9%20calculada%20multiplicando%20o,pela%20empresa%20em%20sua%20atividade.&amp;text=Mas%20claramente%20uma%20empresa%20n%C3%A3o,n%C3%A3o%20ter%C3%A1%20apenas%20um%20servi%C3%A7o.\">receita<\/a> m\u00e9dia por usu\u00e1rio, ele apontou que esta passou de R$ 85 para R$ 88 em um ano, com receitas ao fim do terceiro trimestre de R$ 402,3 milh\u00f5es no segmento de fibra \u00f3tica. O executivo considera que esse cen\u00e1rio mostra o acerto da estrat\u00e9gia, bem como da opera\u00e7\u00e3o da companhia. &#8220;Estamos avan\u00e7ando e o resultado est\u00e1 a\u00ed&#8221;, comenta.<\/p>\n<p>O plano de expans\u00e3o do segmento de fibra \u00f3tica da Oi prev\u00ea alcan\u00e7ar quatro milh\u00f5es de clientes no ano que vem, com 228 cidades atendidas e aproximadamente 15 milh\u00f5es de casas passadas.<\/p>\n<h2>Fim da pandemia n\u00e3o deve desacelerar ritmo de expans\u00e3o da fibra \u00f3tica<\/h2>\n<p>Comentando sobre o fim da pandemia do novo<a href=\"https:\/\/www.suno.com.br\/noticias\/tags\/coronavirus\/\"> <strong>coronav\u00edrus<\/strong> (Covid-19),<\/a> bem como o final do isolamento social, Winik avalia que isso n\u00e3o deve diminuir o ritmo de expans\u00e3o da fibra \u00f3tica da Oi.<\/p>\n<p>&#8220;O h\u00e1bito das pessoas mudou, muitas empresas v\u00e3o manter o home office, e a penetra\u00e7\u00e3o da banda larga no Pa\u00eds nos d\u00e1 tranquilidade para falar que o ritmo vai se manter&#8221;, considera o executivo.<\/p>\n\n\t<div data-element=\"shortcode-read-more\" class=\"readToo\">\n\t\t\t\t<span class=\"readToo__title\">Veja tamb\u00e9m <\/span>\n\t\t\t\t<ul class=\"readToo__list\">\n\t\t\t<li><a href=\"https:\/\/www.suno.com.br\/noticias\/oi-oibr3-oibr4-consultoria-conselho-administracao\/\">Oi (OIBR3) contrata consultoria para avaliar conselho de administra\u00e7\u00e3o<\/a><\/li><li><a href=\"https:\/\/www.suno.com.br\/noticias\/oi-oibr3-acoes-alta-nesta-segunda\/\">Oi (OIBR3): a\u00e7\u00e3o da companhia alcan\u00e7a m\u00e1xima em dois anos<\/a><\/li>\t\t<\/ul>\n\t<\/div>\n\n\n<p>Ele ainda comentou que &#8220;o cliente est\u00e1 cada vez mais demandando um produto de alta qualidade. A exig\u00eancia e a evolu\u00e7\u00e3o tecnol\u00f3gica que a fibra \u00f3tica d\u00e1 tornam essa expans\u00e3o bem fact\u00edvel para 2021&#8221;. &#8220;Outros provedores t\u00eam extrema dificuldade para a implementa\u00e7\u00e3o, n\u00e3o basta ter a tecnologia, tem que garantir fluidez para o tr\u00e1fego&#8221;.<\/p>\n<h2>\u00daltima cota\u00e7\u00e3o<\/h2>\n<p>Por volta das 17h05, a a\u00e7\u00e3o da <strong>Oi<\/strong> (OIBR3), operava em alta de 3,54%, valendo R$ 2,34. O papel OIBR4, por sua vez, avan\u00e7ava 3,29%, aos R$ 3,45.<\/p>\n<p><em>Com informa\u00e7\u00f5es do Estad\u00e3o Conte\u00fado.<\/em><\/p>\n\t<p>\n\t\t<a href=\"https:\/\/lp.suno.com.br\/planilha-de-controle-de-investimentos\/\" target=\"_blank\" data-element=\"shortcode-suno-banner\" title=\"Banner SUNO, clique e saiba mais\">\n\t\t\t<picture>\n\t\t\t\t<source media=\"(max-width: 500px)\" srcset=\"https:\/\/files.sunoresearch.com.br\/n\/uploads\/2023\/03\/400x300-Controle-de-Investimentos.png\">\n\t\t\t\t<img class=\"newsContent__article__imgCapa newsContent__article__imgCapa--banner\"\n\t\t\t\t\tsrc=\"https:\/\/files.sunoresearch.com.br\/n\/uploads\/2023\/03\/1420x240-Controle-de-Investimentos.png\"\n\t\t\t\t\tdata-promo-id=\"75934\"\t\t\t\t\t\t\t\t\t\twidth='1420' height='240'\t\t\t\t\talt=\"https:\/\/files.sunoresearch.com.br\/n\/uploads\/2023\/03\/1420x240-Controle-de-Investimentos.png\"\n\t\t\t\t>\n\t\t\t<\/picture>\n\t\t<\/a>\n\t<\/p>\n\n\n","protected":false},"excerpt":{"rendered":"<p>A Oi (OIBR3; OIBR4) informou nesta ter\u00e7a-feira (8) que atingiu a marca de dois milh\u00f5es de clientes em sua opera\u00e7\u00e3o de fibra \u00f3tica em dezembro deste ano. Oi (OIBR3) Ao participar de uma coletiva de imprensa nesta manh\u00e3, o vice-presidente de clientes da Oi, Bernardo Winik, disse que &#8220;sa\u00edmos de 700 mil clientes ao fim [&hellip;]<\/p>\n","protected":false},"author":39,"featured_media":106528,"comment_status":"closed","ping_status":"closed","sticky":false,"template":"","format":"standard","meta":[],"categories":[64],"tags":[104763,584],"suno_strategy":[],"class_list":["post-106518","post","type-post","status-publish","format-standard","has-post-thumbnail","hentry","category-negocios","tag-fibra-otica","tag-oi-oibr3-oibr4"],"yoast_head":"<!-- This site is optimized with the Yoast SEO plugin v24.4 - https:\/\/yoast.com\/wordpress\/plugins\/seo\/ -->\n<title>Oi (OIBR3) atingiu a marca de 2 mi de clientes na fibra \u00f3tica em dezembro<\/title>\n<meta name=\"description\" content=\"A Oi (OIBR3; OIBR4) atingiu a marca de dois milh\u00f5es de clientes em sua opera\u00e7\u00e3o de fibra \u00f3tica em dezembro deste ano. Clique aqui e saiba mais\" \/>\n<meta name=\"robots\" content=\"index, follow, max-snippet:-1, max-image-preview:large, max-video-preview:-1\" \/>\n<link rel=\"canonical\" href=\"https:\/\/www.suno.com.br\/noticias\/oi-oibr3-oibr4-clientes-fibra-otica\/\" \/>\n<meta property=\"og:locale\" content=\"pt_BR\" \/>\n<meta property=\"og:type\" content=\"article\" \/>\n<meta property=\"og:title\" content=\"Oi (OIBR3) atingiu a marca de 2 mi de clientes na fibra \u00f3tica em dezembro\" \/>\n<meta property=\"og:description\" content=\"A Oi (OIBR3; OIBR4) atingiu a marca de dois milh\u00f5es de clientes em sua opera\u00e7\u00e3o de fibra \u00f3tica em dezembro deste ano. Clique aqui e saiba mais\" \/>\n<meta property=\"og:url\" content=\"https:\/\/www.suno.com.br\/noticias\/oi-oibr3-oibr4-clientes-fibra-otica\/\" \/>\n<meta property=\"og:site_name\" content=\"Suno Not\u00edcias\" \/>\n<meta property=\"article:publisher\" content=\"https:\/\/facebook.com\/sunoresearch\" \/>\n<meta property=\"og:image\" content=\"https:\/\/files.sunoresearch.com.br\/n\/uploads\/2020\/12\/634518ff-oi.jpg\" \/>\n\t<meta property=\"og:image:width\" content=\"992\" \/>\n\t<meta property=\"og:image:height\" content=\"680\" \/>\n\t<meta property=\"og:image:type\" content=\"image\/jpeg\" \/>\n<meta name=\"author\" content=\"Laura Moutinho\" \/>\n<meta name=\"twitter:card\" content=\"summary_large_image\" \/>\n<meta name=\"twitter:creator\" content=\"@sunoresearch\" \/>\n<meta name=\"twitter:site\" content=\"@sunoresearch\" \/>\n<meta name=\"twitter:label1\" content=\"Escrito por\" \/>\n\t<meta name=\"twitter:data1\" content=\"Laura Moutinho\" \/>\n\t<meta name=\"twitter:label2\" content=\"Est. tempo de leitura\" \/>\n\t<meta name=\"twitter:data2\" content=\"2 minutos\" \/>\n<script type=\"application\/ld+json\" class=\"yoast-schema-graph\">{\"@context\":\"https:\/\/schema.org\",\"@graph\":[{\"@type\":\"NewsArticle\",\"@id\":\"https:\/\/www.suno.com.br\/noticias\/oi-oibr3-oibr4-clientes-fibra-otica\/#article\",\"isPartOf\":{\"@id\":\"https:\/\/www.suno.com.br\/noticias\/oi-oibr3-oibr4-clientes-fibra-otica\/\"},\"author\":{\"name\":\"Laura Moutinho\",\"@id\":\"https:\/\/www.suno.com.br\/noticias\/#\/schema\/person\/3df0d2808748b74496efe5dbeaef2c72\"},\"headline\":\"Oi (OIBR3) atingiu a marca de 2 mi de clientes na fibra \u00f3tica em dezembro\",\"datePublished\":\"2020-12-08T20:23:26+00:00\",\"mainEntityOfPage\":{\"@id\":\"https:\/\/www.suno.com.br\/noticias\/oi-oibr3-oibr4-clientes-fibra-otica\/\"},\"wordCount\":502,\"publisher\":{\"@id\":\"https:\/\/www.suno.com.br\/noticias\/#organization\"},\"image\":{\"@id\":\"https:\/\/www.suno.com.br\/noticias\/oi-oibr3-oibr4-clientes-fibra-otica\/#primaryimage\"},\"thumbnailUrl\":\"https:\/\/files.sunoresearch.com.br\/n\/uploads\/2020\/12\/634518ff-oi-jpg.webp\",\"keywords\":[\"fibra \u00f3tica\",\"Oi (OIBR3\/OIBR4)\"],\"articleSection\":[\"Neg\u00f3cios\"],\"inLanguage\":\"pt-BR\"},{\"@type\":\"WebPage\",\"@id\":\"https:\/\/www.suno.com.br\/noticias\/oi-oibr3-oibr4-clientes-fibra-otica\/\",\"url\":\"https:\/\/www.suno.com.br\/noticias\/oi-oibr3-oibr4-clientes-fibra-otica\/\",\"name\":\"Oi (OIBR3) atingiu a marca de 2 mi de clientes na fibra \u00f3tica em dezembro\",\"isPartOf\":{\"@id\":\"https:\/\/www.suno.com.br\/noticias\/#website\"},\"primaryImageOfPage\":{\"@id\":\"https:\/\/www.suno.com.br\/noticias\/oi-oibr3-oibr4-clientes-fibra-otica\/#primaryimage\"},\"image\":{\"@id\":\"https:\/\/www.suno.com.br\/noticias\/oi-oibr3-oibr4-clientes-fibra-otica\/#primaryimage\"},\"thumbnailUrl\":\"https:\/\/files.sunoresearch.com.br\/n\/uploads\/2020\/12\/634518ff-oi-jpg.webp\",\"datePublished\":\"2020-12-08T20:23:26+00:00\",\"description\":\"A Oi (OIBR3; OIBR4) atingiu a marca de dois milh\u00f5es de clientes em sua opera\u00e7\u00e3o de fibra \u00f3tica em dezembro deste ano. Clique aqui e saiba mais\",\"breadcrumb\":{\"@id\":\"https:\/\/www.suno.com.br\/noticias\/oi-oibr3-oibr4-clientes-fibra-otica\/#breadcrumb\"},\"inLanguage\":\"pt-BR\",\"potentialAction\":[{\"@type\":\"ReadAction\",\"target\":[\"https:\/\/www.suno.com.br\/noticias\/oi-oibr3-oibr4-clientes-fibra-otica\/\"]}]},{\"@type\":\"ImageObject\",\"inLanguage\":\"pt-BR\",\"@id\":\"https:\/\/www.suno.com.br\/noticias\/oi-oibr3-oibr4-clientes-fibra-otica\/#primaryimage\",\"url\":\"https:\/\/files.sunoresearch.com.br\/n\/uploads\/2020\/12\/634518ff-oi-jpg.webp\",\"contentUrl\":\"https:\/\/files.sunoresearch.com.br\/n\/uploads\/2020\/12\/634518ff-oi-jpg.webp\",\"width\":992,\"height\":680,\"caption\":\"Oi (OIBR3): 5G \u00e9 quest\u00e3o central em leil\u00e3o com apenas uma proposta\"},{\"@type\":\"BreadcrumbList\",\"@id\":\"https:\/\/www.suno.com.br\/noticias\/oi-oibr3-oibr4-clientes-fibra-otica\/#breadcrumb\",\"itemListElement\":[{\"@type\":\"ListItem\",\"position\":1,\"name\":\"Not\u00edcias\",\"item\":\"https:\/\/www.suno.com.br\/noticias\/\"},{\"@type\":\"ListItem\",\"position\":2,\"name\":\"Neg\u00f3cios\",\"item\":\"https:\/\/www.suno.com.br\/noticias\/negocios\/\"},{\"@type\":\"ListItem\",\"position\":3,\"name\":\"Oi (OIBR3) atingiu a marca de 2 mi de clientes na fibra \u00f3tica em dezembro\"}]},{\"@type\":\"WebSite\",\"@id\":\"https:\/\/www.suno.com.br\/noticias\/#website\",\"url\":\"https:\/\/www.suno.com.br\/noticias\/\",\"name\":\"Suno Not\u00edcias\",\"description\":\"Seu portal de informa\u00e7\u00e3o sobre o mundo dos investimentos\",\"publisher\":{\"@id\":\"https:\/\/www.suno.com.br\/noticias\/#organization\"},\"potentialAction\":[{\"@type\":\"SearchAction\",\"target\":{\"@type\":\"EntryPoint\",\"urlTemplate\":\"https:\/\/www.suno.com.br\/noticias\/?s={search_term_string}\"},\"query-input\":{\"@type\":\"PropertyValueSpecification\",\"valueRequired\":true,\"valueName\":\"search_term_string\"}}],\"inLanguage\":\"pt-BR\"},{\"@type\":\"Organization\",\"@id\":\"https:\/\/www.suno.com.br\/noticias\/#organization\",\"name\":\"Suno Not\u00edcias\",\"url\":\"https:\/\/www.suno.com.br\/noticias\/\",\"logo\":{\"@type\":\"ImageObject\",\"inLanguage\":\"pt-BR\",\"@id\":\"https:\/\/www.suno.com.br\/noticias\/#\/schema\/logo\/image\/\",\"url\":\"https:\/\/files.sunoresearch.com.br\/n\/uploads\/2021\/09\/suno-logo.png\",\"contentUrl\":\"https:\/\/files.sunoresearch.com.br\/n\/uploads\/2021\/09\/suno-logo.png\",\"width\":180,\"height\":180,\"caption\":\"Suno Not\u00edcias\"},\"image\":{\"@id\":\"https:\/\/www.suno.com.br\/noticias\/#\/schema\/logo\/image\/\"},\"sameAs\":[\"https:\/\/facebook.com\/sunoresearch\",\"https:\/\/x.com\/sunoresearch\",\"https:\/\/www.instagram.com\/suno\",\"https:\/\/www.linkedin.com\/company\/suno-research\/\",\"https:\/\/www.youtube.com\/c\/sunoresearch\"]},{\"@type\":\"Person\",\"@id\":\"https:\/\/www.suno.com.br\/noticias\/#\/schema\/person\/3df0d2808748b74496efe5dbeaef2c72\",\"name\":\"Laura Moutinho\",\"image\":{\"@type\":\"ImageObject\",\"inLanguage\":\"pt-BR\",\"@id\":\"https:\/\/www.suno.com.br\/noticias\/#\/schema\/person\/image\/\",\"url\":\"https:\/\/secure.gravatar.com\/avatar\/7571c7c8ca3a6fca5e41384ece5557ff?s=96&r=g\",\"contentUrl\":\"https:\/\/secure.gravatar.com\/avatar\/7571c7c8ca3a6fca5e41384ece5557ff?s=96&r=g\",\"caption\":\"Laura Moutinho\"},\"description\":\"Estagi\u00e1ria na Suno Not\u00edcias, escreve not\u00edcias que afetam o mercado financeiro. Estuda administra\u00e7\u00e3o na Universidade Presbiteriana Mackenzie.\",\"url\":\"https:\/\/www.suno.com.br\/noticias\/author\/laura-moutinho\/\"}]}<\/script>\n<!-- \/ Yoast SEO plugin. -->","yoast_head_json":{"title":"Oi (OIBR3) atingiu a marca de 2 mi de clientes na fibra \u00f3tica em dezembro","description":"A Oi (OIBR3; OIBR4) atingiu a marca de dois milh\u00f5es de clientes em sua opera\u00e7\u00e3o de fibra \u00f3tica em dezembro deste ano. Clique aqui e saiba mais","robots":{"index":"index","follow":"follow","max-snippet":"max-snippet:-1","max-image-preview":"max-image-preview:large","max-video-preview":"max-video-preview:-1"},"canonical":"https:\/\/www.suno.com.br\/noticias\/oi-oibr3-oibr4-clientes-fibra-otica\/","og_locale":"pt_BR","og_type":"article","og_title":"Oi (OIBR3) atingiu a marca de 2 mi de clientes na fibra \u00f3tica em dezembro","og_description":"A Oi (OIBR3; OIBR4) atingiu a marca de dois milh\u00f5es de clientes em sua opera\u00e7\u00e3o de fibra \u00f3tica em dezembro deste ano. Clique aqui e saiba mais","og_url":"https:\/\/www.suno.com.br\/noticias\/oi-oibr3-oibr4-clientes-fibra-otica\/","og_site_name":"Suno Not\u00edcias","article_publisher":"https:\/\/facebook.com\/sunoresearch","og_image":[{"width":992,"height":680,"url":"https:\/\/files.sunoresearch.com.br\/n\/uploads\/2020\/12\/634518ff-oi.jpg","type":"image\/jpeg"}],"author":"Laura Moutinho","twitter_card":"summary_large_image","twitter_creator":"@sunoresearch","twitter_site":"@sunoresearch","twitter_misc":{"Escrito por":"Laura Moutinho","Est. tempo de leitura":"2 minutos"},"schema":{"@context":"https:\/\/schema.org","@graph":[{"@type":"NewsArticle","@id":"https:\/\/www.suno.com.br\/noticias\/oi-oibr3-oibr4-clientes-fibra-otica\/#article","isPartOf":{"@id":"https:\/\/www.suno.com.br\/noticias\/oi-oibr3-oibr4-clientes-fibra-otica\/"},"author":{"name":"Laura Moutinho","@id":"https:\/\/www.suno.com.br\/noticias\/#\/schema\/person\/3df0d2808748b74496efe5dbeaef2c72"},"headline":"Oi (OIBR3) atingiu a marca de 2 mi de clientes na fibra \u00f3tica em dezembro","datePublished":"2020-12-08T20:23:26+00:00","mainEntityOfPage":{"@id":"https:\/\/www.suno.com.br\/noticias\/oi-oibr3-oibr4-clientes-fibra-otica\/"},"wordCount":502,"publisher":{"@id":"https:\/\/www.suno.com.br\/noticias\/#organization"},"image":{"@id":"https:\/\/www.suno.com.br\/noticias\/oi-oibr3-oibr4-clientes-fibra-otica\/#primaryimage"},"thumbnailUrl":"https:\/\/files.sunoresearch.com.br\/n\/uploads\/2020\/12\/634518ff-oi-jpg.webp","keywords":["fibra \u00f3tica","Oi (OIBR3\/OIBR4)"],"articleSection":["Neg\u00f3cios"],"inLanguage":"pt-BR"},{"@type":"WebPage","@id":"https:\/\/www.suno.com.br\/noticias\/oi-oibr3-oibr4-clientes-fibra-otica\/","url":"https:\/\/www.suno.com.br\/noticias\/oi-oibr3-oibr4-clientes-fibra-otica\/","name":"Oi (OIBR3) atingiu a marca de 2 mi de clientes na fibra \u00f3tica em dezembro","isPartOf":{"@id":"https:\/\/www.suno.com.br\/noticias\/#website"},"primaryImageOfPage":{"@id":"https:\/\/www.suno.com.br\/noticias\/oi-oibr3-oibr4-clientes-fibra-otica\/#primaryimage"},"image":{"@id":"https:\/\/www.suno.com.br\/noticias\/oi-oibr3-oibr4-clientes-fibra-otica\/#primaryimage"},"thumbnailUrl":"https:\/\/files.sunoresearch.com.br\/n\/uploads\/2020\/12\/634518ff-oi-jpg.webp","datePublished":"2020-12-08T20:23:26+00:00","description":"A Oi (OIBR3; OIBR4) atingiu a marca de dois milh\u00f5es de clientes em sua opera\u00e7\u00e3o de fibra \u00f3tica em dezembro deste ano. Clique aqui e saiba mais","breadcrumb":{"@id":"https:\/\/www.suno.com.br\/noticias\/oi-oibr3-oibr4-clientes-fibra-otica\/#breadcrumb"},"inLanguage":"pt-BR","potentialAction":[{"@type":"ReadAction","target":["https:\/\/www.suno.com.br\/noticias\/oi-oibr3-oibr4-clientes-fibra-otica\/"]}]},{"@type":"ImageObject","inLanguage":"pt-BR","@id":"https:\/\/www.suno.com.br\/noticias\/oi-oibr3-oibr4-clientes-fibra-otica\/#primaryimage","url":"https:\/\/files.sunoresearch.com.br\/n\/uploads\/2020\/12\/634518ff-oi-jpg.webp","contentUrl":"https:\/\/files.sunoresearch.com.br\/n\/uploads\/2020\/12\/634518ff-oi-jpg.webp","width":992,"height":680,"caption":"Oi (OIBR3): 5G \u00e9 quest\u00e3o central em leil\u00e3o com apenas uma proposta"},{"@type":"BreadcrumbList","@id":"https:\/\/www.suno.com.br\/noticias\/oi-oibr3-oibr4-clientes-fibra-otica\/#breadcrumb","itemListElement":[{"@type":"ListItem","position":1,"name":"Not\u00edcias","item":"https:\/\/www.suno.com.br\/noticias\/"},{"@type":"ListItem","position":2,"name":"Neg\u00f3cios","item":"https:\/\/www.suno.com.br\/noticias\/negocios\/"},{"@type":"ListItem","position":3,"name":"Oi (OIBR3) atingiu a marca de 2 mi de clientes na fibra \u00f3tica em dezembro"}]},{"@type":"WebSite","@id":"https:\/\/www.suno.com.br\/noticias\/#website","url":"https:\/\/www.suno.com.br\/noticias\/","name":"Suno Not\u00edcias","description":"Seu portal de informa\u00e7\u00e3o sobre o mundo dos investimentos","publisher":{"@id":"https:\/\/www.suno.com.br\/noticias\/#organization"},"potentialAction":[{"@type":"SearchAction","target":{"@type":"EntryPoint","urlTemplate":"https:\/\/www.suno.com.br\/noticias\/?s={search_term_string}"},"query-input":{"@type":"PropertyValueSpecification","valueRequired":true,"valueName":"search_term_string"}}],"inLanguage":"pt-BR"},{"@type":"Organization","@id":"https:\/\/www.suno.com.br\/noticias\/#organization","name":"Suno Not\u00edcias","url":"https:\/\/www.suno.com.br\/noticias\/","logo":{"@type":"ImageObject","inLanguage":"pt-BR","@id":"https:\/\/www.suno.com.br\/noticias\/#\/schema\/logo\/image\/","url":"https:\/\/files.sunoresearch.com.br\/n\/uploads\/2021\/09\/suno-logo.png","contentUrl":"https:\/\/files.sunoresearch.com.br\/n\/uploads\/2021\/09\/suno-logo.png","width":180,"height":180,"caption":"Suno Not\u00edcias"},"image":{"@id":"https:\/\/www.suno.com.br\/noticias\/#\/schema\/logo\/image\/"},"sameAs":["https:\/\/facebook.com\/sunoresearch","https:\/\/x.com\/sunoresearch","https:\/\/www.instagram.com\/suno","https:\/\/www.linkedin.com\/company\/suno-research\/","https:\/\/www.youtube.com\/c\/sunoresearch"]},{"@type":"Person","@id":"https:\/\/www.suno.com.br\/noticias\/#\/schema\/person\/3df0d2808748b74496efe5dbeaef2c72","name":"Laura Moutinho","image":{"@type":"ImageObject","inLanguage":"pt-BR","@id":"https:\/\/www.suno.com.br\/noticias\/#\/schema\/person\/image\/","url":"https:\/\/secure.gravatar.com\/avatar\/7571c7c8ca3a6fca5e41384ece5557ff?s=96&r=g","contentUrl":"https:\/\/secure.gravatar.com\/avatar\/7571c7c8ca3a6fca5e41384ece5557ff?s=96&r=g","caption":"Laura Moutinho"},"description":"Estagi\u00e1ria na Suno Not\u00edcias, escreve not\u00edcias que afetam o mercado financeiro. Estuda administra\u00e7\u00e3o na Universidade Presbiteriana Mackenzie.","url":"https:\/\/www.suno.com.br\/noticias\/author\/laura-moutinho\/"}]}},"default_loop_html":"<div class=\"cardsPage__listCard__boxs\"><div class=\"cardsPage__listCard__boxs__img\"><a href=\"https:\/\/www.suno.com.br\/noticias\/oi-oibr3-acoes-alta-nesta-segunda\/\"><img class=\"mask\" src=\"https:\/\/www.suno.com.br\/noticias\/wp-content\/themes\/suno\/resources\/images\/spotlight\/spotlight1img\/bg-mask.png\" alt=\"Image Mask\"\/><img src=\"https:\/\/files.sunoresearch.com.br\/n\/uploads\/2020\/12\/2a4bf435-oi-400x200.webp\" alt=\"Oi (OIBR3): a\u00e7\u00e3o da companhia alcan\u00e7a m\u00e1xima em dois anos\"\/><\/a><span class=\"spotlightCategory\"><a href=\"https:\/\/www.suno.com.br\/noticias\/negocios\/\">Neg\u00f3cios<\/a><\/span><\/div><div class=\"cardsPage__listCard__boxs__content\"><a href=\"https:\/\/www.suno.com.br\/noticias\/oi-oibr3-acoes-alta-nesta-segunda\/\"><h2 class=\"content__title\">Oi (OIBR3): a\u00e7\u00e3o da companhia alcan\u00e7a m\u00e1xima em dois anos<\/h2><\/a><div class=\"newsContent__article__meta\"><div class=\"newsContent__article__meta__authorBox\"><a href=\"https:\/\/www.suno.com.br\/noticias\/author\/laura-moutinho\/\" class=\"authorBox__avatar noMobi\"><img src=\"https:\/\/files.sunoresearch.com.br\/n\/uploads\/2020\/08\/531ff69d-whatsapp-image-2020-08-03-at-14.54.38-150x150.webp\" alt=\"Laura Moutinho\"><\/a><div class=\"authorBox__name\"><span>por\n\t\t\t<a href=\"https:\/\/www.suno.com.br\/noticias\/author\/laura-moutinho\/\"><span itemprop=\"author\">Laura Moutinho<\/span><\/a><\/span><time datetime=\"2020-12-07T17:25:14-03:00\" itemprop=\"datePublished\">07\/12\/2020 17:25<\/time><\/div><\/div><\/div><\/div><\/div>","single_layout":"posts","amp_enabled":true,"_links":{"self":[{"href":"https:\/\/www.suno.com.br\/noticias\/wp-json\/wp\/v2\/posts\/106518"}],"collection":[{"href":"https:\/\/www.suno.com.br\/noticias\/wp-json\/wp\/v2\/posts"}],"about":[{"href":"https:\/\/www.suno.com.br\/noticias\/wp-json\/wp\/v2\/types\/post"}],"author":[{"embeddable":true,"href":"https:\/\/www.suno.com.br\/noticias\/wp-json\/wp\/v2\/users\/39"}],"replies":[{"embeddable":true,"href":"https:\/\/www.suno.com.br\/noticias\/wp-json\/wp\/v2\/comments?post=106518"}],"version-history":[{"count":0,"href":"https:\/\/www.suno.com.br\/noticias\/wp-json\/wp\/v2\/posts\/106518\/revisions"}],"wp:featuredmedia":[{"embeddable":true,"href":"https:\/\/www.suno.com.br\/noticias\/wp-json\/wp\/v2\/media\/106528"}],"wp:attachment":[{"href":"https:\/\/www.suno.com.br\/noticias\/wp-json\/wp\/v2\/media?parent=106518"}],"wp:term":[{"taxonomy":"category","embeddable":true,"href":"https:\/\/www.suno.com.br\/noticias\/wp-json\/wp\/v2\/categories?post=106518"},{"taxonomy":"post_tag","embeddable":true,"href":"https:\/\/www.suno.com.br\/noticias\/wp-json\/wp\/v2\/tags?post=106518"},{"taxonomy":"suno_strategy","embeddable":true,"href":"https:\/\/www.suno.com.br\/noticias\/wp-json\/wp\/v2\/suno_strategy?post=106518"}],"curies":[{"name":"wp","href":"https:\/\/api.w.org\/{rel}","templated":true}]}}