{"id":106494,"date":"2020-12-08T16:11:31","date_gmt":"2020-12-08T19:11:31","guid":{"rendered":"https:\/\/www.suno.com.br\/noticias\/?p=106494"},"modified":"2020-12-08T16:11:31","modified_gmt":"2020-12-08T19:11:31","slug":"gol-goll4-conclusao-incorporacao-smiles-2021","status":"publish","type":"post","link":"https:\/\/www.suno.com.br\/noticias\/gol-goll4-conclusao-incorporacao-smiles-2021\/","title":{"rendered":"Gol (GOLL4) prev\u00ea concluir incorpora\u00e7\u00e3o da Smiles (SMLS3) em abril de 2021"},"content":{"rendered":"<p>A <a href=\"https:\/\/www.suno.com.br\/acoes\/goll4\/\" target=\"_blank\" rel=\"noopener noreferrer\"><strong>Gol<\/strong> (GOLL4)<\/a> informou nesta ter\u00e7a-feira (8) sua previs\u00e3o de que o processo de incorpora\u00e7\u00e3o da <a href=\"https:\/\/www.suno.com.br\/acoes\/smls3\/\" target=\"_blank\" rel=\"noopener noreferrer\"><strong>Smiles<\/strong> (SMLS3) <\/a> deve ser conclu\u00eddo no dia 19 de abril de 2021, se n\u00e3o houver atrasos.<\/p>\t<div class=\"wrapper-featured-image\">\n\t\t<figure class=\"spotlightImg\">\n\n\t\t\t<picture>\n\t\t\t\t<source media=\"(max-width: 768px)\" srcset=\"https:\/\/files.sunoresearch.com.br\/n\/uploads\/2020\/12\/cfd99b06-smiles-300x205-1-png.webp\">\n\t\t\t\t<img loading=\"lazy\" decoding=\"async\" class=\"newsContent__article__imgCapa lazyloadDisabled \" src=\"https:\/\/files.sunoresearch.com.br\/n\/uploads\/2020\/12\/cfd99b06-smiles-300x205-1-png.webp\" width=\"800\" height=\"450\" alt=\"Gol (GOLL4) prev\u00ea concluir incorpora\u00e7\u00e3o da Smiles (SMLS3) em abril de 2021\" fetchpriority=high \/>\n\t\t\t<\/picture>\n\n\t\t\t<figcaption class=\"wp-caption-text wp-caption-text--show\">Gol (GOLL4) prev\u00ea concluir incorpora\u00e7\u00e3o da Smiles (SMLS3) em abril de 2021<\/figcaption>\n\t\t<\/figure>\n\t<\/div>\n\n\n\t<p>\n\t\t<a href=\"https:\/\/lp.suno.com.br\/planilha-controle-gastos\/\" target=\"_blank\" data-element=\"shortcode-suno-banner\" title=\"Banner SUNO, clique e saiba mais\">\n\t\t\t<picture>\n\t\t\t\t<source media=\"(max-width: 500px)\" srcset=\"https:\/\/files.sunoresearch.com.br\/n\/uploads\/2023\/03\/400x300-Planilha-controle-de-gastos.png\">\n\t\t\t\t<img class=\"newsContent__article__imgCapa newsContent__article__imgCapa--banner\"\n\t\t\t\t\tsrc=\"https:\/\/files.sunoresearch.com.br\/n\/uploads\/2023\/03\/1420x240-Planilha-controle-de-gastos.png\"\n\t\t\t\t\tdata-promo-id=\"101751\"\t\t\t\t\t\t\t\t\t\twidth='1420' height='240'\t\t\t\t\talt=\"https:\/\/files.sunoresearch.com.br\/n\/uploads\/2023\/03\/1420x240-Planilha-controle-de-gastos.png\"\n\t\t\t\t>\n\t\t\t<\/picture>\n\t\t<\/a>\n\t<\/p>\n\n\n<p>De acordo com o cronograma divulgado pela Gol, entre 10 de dezembro a 11 de janeiro, a companhia pretende negociar os termos da proposta com um comit\u00ea de conselheiros independentes da Smiles.<\/p>\n<p>Ap\u00f3s as negocia\u00e7\u00f5es com os conselheiros independentes, a proposta de transa\u00e7\u00e3o ser\u00e1 submetida ao voto dos <strong>acionistas da Smiles<\/strong>.<\/p>\n<p>Para o dia 18 de janeiro de 2021, a previs\u00e3o \u00e9 que ocorra uma convoca\u00e7\u00e3o de uma assembleia geral extraordin\u00e1ria de acionistas da Smiles com a finalidade de discutir os termos finais da proposta.<\/p>\n\t<p>\n\t\t<a href=\"https:\/\/lp.suno.com.br\/planilha-controle-gastos\/\" target=\"_blank\" data-element=\"shortcode-suno-banner\" title=\"Banner SUNO, clique e saiba mais\">\n\t\t\t<picture>\n\t\t\t\t<source media=\"(max-width: 500px)\" srcset=\"https:\/\/files.sunoresearch.com.br\/n\/uploads\/2023\/03\/400x300-Planilha-controle-de-gastos.png\">\n\t\t\t\t<img class=\"newsContent__article__imgCapa newsContent__article__imgCapa--banner\"\n\t\t\t\t\tsrc=\"https:\/\/files.sunoresearch.com.br\/n\/uploads\/2023\/03\/1420x240-Planilha-controle-de-gastos.png\"\n\t\t\t\t\tdata-promo-id=\"101751\"\t\t\t\t\t\t\t\t\t\twidth='1420' height='240'\t\t\t\t\talt=\"https:\/\/files.sunoresearch.com.br\/n\/uploads\/2023\/03\/1420x240-Planilha-controle-de-gastos.png\"\n\t\t\t\t>\n\t\t\t<\/picture>\n\t\t<\/a>\n\t<\/p>\n\n\n<p>Enquanto no dia 18 de fevereiro, ocorrer\u00e1\u00a0 uma assembleia de acionistas para decidir se a incorpora\u00e7\u00e3o ser\u00e1 aceita. Depois disso, ser\u00e1 definido o prazo de direito de recesso.<\/p>\n<h2>Gol prop\u00f5e incorpora\u00e7\u00e3o de a\u00e7\u00f5es \u00e0 Smiles<\/h2>\n<p>A Smiles comunicou ao mercado na \u00faltima segunda-feira (7) uma redu\u00e7\u00e3o de 4,3% no pre\u00e7o das passagens e um aumento de 5% no pre\u00e7o das milhas vendidas \u00e0 Gol.<\/p>\n<p>Segundo o <a href=\"https:\/\/www.suno.com.br\/artigos\/fato-relevante\/\">fato relevante<\/a> da Smiles, os reajustes foram feitos com base na composi\u00e7\u00e3o dos <strong>bilhetes a\u00e9reos<\/strong> emitidos nos \u00faltimos per\u00edodo de vig\u00eancia. O documento informou tamb\u00e9m que os referidos ajustes entrar\u00e3o em vigor a partir do dia 1\u00ba de janeiro de 2021.<\/p>\n<p>Caso seja aprovada, a proposta vai resultar na migra\u00e7\u00e3o dos acionistas da Smiles para a base acion\u00e1ria combinada da Gol e da Smiles. Os acionistas que n\u00e3o quiserem fazer a migra\u00e7\u00e3o poder\u00e3o fazer o resgate em dinheiro.<\/p>\n<p>Ademais, o fato relevante da companhia a\u00e9rea enviado \u00e0 <a href=\"https:\/\/www.suno.com.br\/artigos\/cvm\/\" target=\"_blank\" rel=\"noopener noreferrer\">Comiss\u00e3o de Valores Mobili\u00e1rios (CVM)\u00a0 <\/a>informou que cada <a href=\"https:\/\/www.suno.com.br\/artigos\/acoes-ordinarias\/\" target=\"_blank\" rel=\"noopener noreferrer\">a\u00e7\u00e3o ordin\u00e1ria<\/a> dar\u00e1 ao titular o direito de receber uma contrapartida de 0,825 <a href=\"https:\/\/www.suno.com.br\/artigos\/acoes-preferenciais\/\" target=\"_blank\" rel=\"noopener noreferrer\">a\u00e7\u00e3o preferencial<\/a> da Gol por cada a\u00e7\u00e3o ordin\u00e1ria da Smiles ou R$ 22,32 em dinheiro por cada a\u00e7\u00e3o ordin\u00e1ria da Smiles. Outra op\u00e7\u00e3o ser\u00e1 uma combina\u00e7\u00e3o de a\u00e7\u00f5es preferenciais da Gol e de dinheiro.<\/p>\n<p>A <strong>rela\u00e7\u00e3o de troca<\/strong> representa um pr\u00eamio de cerca de 26,3% sobre o pre\u00e7o m\u00e9dio ponderado pelo volume dos \u00faltimos 30 dias de R$ 17,67. As an\u00e1lises sobre a proposta ser\u00e3o conclu\u00eddas em at\u00e9 30 dias. As <strong>assembleias de acionistas<\/strong> da Gol e da Smiles ser\u00e3o convocadas at\u00e9 o dia 18 de janeiro de 2021.<\/p>\n\t<div data-element=\"shortcode-read-more\" class=\"knowMore\">\n\t\t\t\t<span class=\"knowMore__title\">Saiba Mais<\/span>\n\t\t\t\t<a class=\"knowMore__link\" href=\"https:\/\/www.suno.com.br\/noticias\/gol-incorporacao-smiles\/\">\n\t\t\tGol (GOLL4) prop\u00f5e incorpora\u00e7\u00e3o de a\u00e7\u00f5es \u00e0 Smiles (SMLS3)\t\t<\/a>\n\t<\/div>\n\n\n<p>Esta \u00e9 a segunda tentativa da Gol de incorporar a Smiles. Em mar\u00e7o deste ano, a primeira proposta foi cancelada pela companhia, que citou &#8220;eventos extraordin\u00e1rios&#8221;.<\/p>\n<p>Por volta das 15h50, as a\u00e7\u00f5es da <strong>Gol<\/strong> caiam a 0,36%, negociadas a R$ 27,84. Por sua vez, a <strong>Smiles<\/strong> tinha alta de 2,29%, negociada a R$22,35.<\/p>\n<p><span style=\"font-weight: 400;\">\t<p>\n\t\t<a href=\"https:\/\/lp.suno.com.br\/planilha-de-controle-de-investimentos\/\" target=\"_blank\" data-element=\"shortcode-suno-banner\" title=\"Banner SUNO, clique e saiba mais\">\n\t\t\t<picture>\n\t\t\t\t<source media=\"(max-width: 500px)\" srcset=\"https:\/\/files.sunoresearch.com.br\/n\/uploads\/2023\/03\/400x300-Controle-de-Investimentos.png\">\n\t\t\t\t<img class=\"newsContent__article__imgCapa newsContent__article__imgCapa--banner\"\n\t\t\t\t\tsrc=\"https:\/\/files.sunoresearch.com.br\/n\/uploads\/2023\/03\/1420x240-Controle-de-Investimentos.png\"\n\t\t\t\t\tdata-promo-id=\"75934\"\t\t\t\t\t\t\t\t\t\twidth='1420' height='240'\t\t\t\t\talt=\"https:\/\/files.sunoresearch.com.br\/n\/uploads\/2023\/03\/1420x240-Controle-de-Investimentos.png\"\n\t\t\t\t>\n\t\t\t<\/picture>\n\t\t<\/a>\n\t<\/p>\n\n<\/span><\/p>\n","protected":false},"excerpt":{"rendered":"<p>A Gol (GOLL4) informou nesta ter\u00e7a-feira (8) sua previs\u00e3o de que o processo de incorpora\u00e7\u00e3o da Smiles (SMLS3) deve ser conclu\u00eddo no dia 19 de abril de 2021, se n\u00e3o houver atrasos. Gol (GOLL4) prev\u00ea concluir incorpora\u00e7\u00e3o da Smiles (SMLS3) em abril de 2021 De acordo com o cronograma divulgado pela Gol, entre 10 de [&hellip;]<\/p>\n","protected":false},"author":56,"featured_media":106505,"comment_status":"closed","ping_status":"closed","sticky":false,"template":"","format":"standard","meta":[],"categories":[64],"tags":[489],"suno_strategy":[],"class_list":["post-106494","post","type-post","status-publish","format-standard","has-post-thumbnail","hentry","category-negocios","tag-gol-linhas-aereas-goll11-goll4"],"yoast_head":"<!-- This site is optimized with the Yoast SEO plugin v24.4 - https:\/\/yoast.com\/wordpress\/plugins\/seo\/ -->\n<title>Gol (GOLL4) prev\u00ea concluir incorpora\u00e7\u00e3o da Smiles em abril de 2021<\/title>\n<meta name=\"description\" content=\"A Gol (GOLL4) prev\u00ea que o processo de incorpora\u00e7\u00e3o da Smiles (SMLS3) deve ser conclu\u00eddo em 19 de abril de 2021. Clique aqui para saber mais.\" \/>\n<meta name=\"robots\" content=\"index, follow, max-snippet:-1, max-image-preview:large, max-video-preview:-1\" \/>\n<link rel=\"canonical\" href=\"https:\/\/www.suno.com.br\/noticias\/gol-goll4-conclusao-incorporacao-smiles-2021\/\" \/>\n<meta property=\"og:locale\" content=\"pt_BR\" \/>\n<meta property=\"og:type\" content=\"article\" \/>\n<meta property=\"og:title\" content=\"Gol (GOLL4) prev\u00ea concluir incorpora\u00e7\u00e3o da Smiles em abril de 2021\" \/>\n<meta property=\"og:description\" content=\"A Gol (GOLL4) prev\u00ea que o processo de incorpora\u00e7\u00e3o da Smiles (SMLS3) deve ser conclu\u00eddo em 19 de abril de 2021. Clique aqui para saber mais.\" \/>\n<meta property=\"og:url\" content=\"https:\/\/www.suno.com.br\/noticias\/gol-goll4-conclusao-incorporacao-smiles-2021\/\" \/>\n<meta property=\"og:site_name\" content=\"Suno Not\u00edcias\" \/>\n<meta property=\"article:publisher\" content=\"https:\/\/facebook.com\/sunoresearch\" \/>\n<meta property=\"og:image\" content=\"https:\/\/files.sunoresearch.com.br\/n\/uploads\/2020\/12\/cfd99b06-smiles-300x205-1.png\" \/>\n\t<meta property=\"og:image:width\" content=\"300\" \/>\n\t<meta property=\"og:image:height\" content=\"205\" \/>\n\t<meta property=\"og:image:type\" content=\"image\/png\" \/>\n<meta name=\"author\" content=\"Rafaela La Regina\" \/>\n<meta name=\"twitter:card\" content=\"summary_large_image\" \/>\n<meta name=\"twitter:creator\" content=\"@sunoresearch\" \/>\n<meta name=\"twitter:site\" content=\"@sunoresearch\" \/>\n<meta name=\"twitter:label1\" content=\"Escrito por\" \/>\n\t<meta name=\"twitter:data1\" content=\"Rafaela La Regina\" \/>\n\t<meta name=\"twitter:label2\" content=\"Est. tempo de leitura\" \/>\n\t<meta name=\"twitter:data2\" content=\"2 minutos\" \/>\n<script type=\"application\/ld+json\" class=\"yoast-schema-graph\">{\"@context\":\"https:\/\/schema.org\",\"@graph\":[{\"@type\":\"NewsArticle\",\"@id\":\"https:\/\/www.suno.com.br\/noticias\/gol-goll4-conclusao-incorporacao-smiles-2021\/#article\",\"isPartOf\":{\"@id\":\"https:\/\/www.suno.com.br\/noticias\/gol-goll4-conclusao-incorporacao-smiles-2021\/\"},\"author\":{\"name\":\"Rafaela La Regina\",\"@id\":\"https:\/\/www.suno.com.br\/noticias\/#\/schema\/person\/e672ca8cea627fe715fa29bca7da95e0\"},\"headline\":\"Gol (GOLL4) prev\u00ea concluir incorpora\u00e7\u00e3o da Smiles (SMLS3) em abril de 2021\",\"datePublished\":\"2020-12-08T19:11:31+00:00\",\"mainEntityOfPage\":{\"@id\":\"https:\/\/www.suno.com.br\/noticias\/gol-goll4-conclusao-incorporacao-smiles-2021\/\"},\"wordCount\":485,\"publisher\":{\"@id\":\"https:\/\/www.suno.com.br\/noticias\/#organization\"},\"image\":{\"@id\":\"https:\/\/www.suno.com.br\/noticias\/gol-goll4-conclusao-incorporacao-smiles-2021\/#primaryimage\"},\"thumbnailUrl\":\"https:\/\/files.sunoresearch.com.br\/n\/uploads\/2020\/12\/cfd99b06-smiles-300x205-1-png.webp\",\"keywords\":[\"Gol Linhas A\u00e9reas (GOLL11\/GOLL4)\"],\"articleSection\":[\"Neg\u00f3cios\"],\"inLanguage\":\"pt-BR\"},{\"@type\":\"WebPage\",\"@id\":\"https:\/\/www.suno.com.br\/noticias\/gol-goll4-conclusao-incorporacao-smiles-2021\/\",\"url\":\"https:\/\/www.suno.com.br\/noticias\/gol-goll4-conclusao-incorporacao-smiles-2021\/\",\"name\":\"Gol (GOLL4) prev\u00ea concluir incorpora\u00e7\u00e3o da Smiles em abril de 2021\",\"isPartOf\":{\"@id\":\"https:\/\/www.suno.com.br\/noticias\/#website\"},\"primaryImageOfPage\":{\"@id\":\"https:\/\/www.suno.com.br\/noticias\/gol-goll4-conclusao-incorporacao-smiles-2021\/#primaryimage\"},\"image\":{\"@id\":\"https:\/\/www.suno.com.br\/noticias\/gol-goll4-conclusao-incorporacao-smiles-2021\/#primaryimage\"},\"thumbnailUrl\":\"https:\/\/files.sunoresearch.com.br\/n\/uploads\/2020\/12\/cfd99b06-smiles-300x205-1-png.webp\",\"datePublished\":\"2020-12-08T19:11:31+00:00\",\"description\":\"A Gol (GOLL4) prev\u00ea que o processo de incorpora\u00e7\u00e3o da Smiles (SMLS3) deve ser conclu\u00eddo em 19 de abril de 2021. Clique aqui para saber mais.\",\"breadcrumb\":{\"@id\":\"https:\/\/www.suno.com.br\/noticias\/gol-goll4-conclusao-incorporacao-smiles-2021\/#breadcrumb\"},\"inLanguage\":\"pt-BR\",\"potentialAction\":[{\"@type\":\"ReadAction\",\"target\":[\"https:\/\/www.suno.com.br\/noticias\/gol-goll4-conclusao-incorporacao-smiles-2021\/\"]}]},{\"@type\":\"ImageObject\",\"inLanguage\":\"pt-BR\",\"@id\":\"https:\/\/www.suno.com.br\/noticias\/gol-goll4-conclusao-incorporacao-smiles-2021\/#primaryimage\",\"url\":\"https:\/\/files.sunoresearch.com.br\/n\/uploads\/2020\/12\/cfd99b06-smiles-300x205-1-png.webp\",\"contentUrl\":\"https:\/\/files.sunoresearch.com.br\/n\/uploads\/2020\/12\/cfd99b06-smiles-300x205-1-png.webp\",\"width\":300,\"height\":205,\"caption\":\"Gol (GOLL4) prev\u00ea concluir incorpora\u00e7\u00e3o da Smiles (SMLS3) em abril de 2021\"},{\"@type\":\"BreadcrumbList\",\"@id\":\"https:\/\/www.suno.com.br\/noticias\/gol-goll4-conclusao-incorporacao-smiles-2021\/#breadcrumb\",\"itemListElement\":[{\"@type\":\"ListItem\",\"position\":1,\"name\":\"Not\u00edcias\",\"item\":\"https:\/\/www.suno.com.br\/noticias\/\"},{\"@type\":\"ListItem\",\"position\":2,\"name\":\"Neg\u00f3cios\",\"item\":\"https:\/\/www.suno.com.br\/noticias\/negocios\/\"},{\"@type\":\"ListItem\",\"position\":3,\"name\":\"Gol (GOLL4) prev\u00ea concluir incorpora\u00e7\u00e3o da Smiles (SMLS3) em abril de 2021\"}]},{\"@type\":\"WebSite\",\"@id\":\"https:\/\/www.suno.com.br\/noticias\/#website\",\"url\":\"https:\/\/www.suno.com.br\/noticias\/\",\"name\":\"Suno Not\u00edcias\",\"description\":\"Seu portal de informa\u00e7\u00e3o sobre o mundo dos investimentos\",\"publisher\":{\"@id\":\"https:\/\/www.suno.com.br\/noticias\/#organization\"},\"potentialAction\":[{\"@type\":\"SearchAction\",\"target\":{\"@type\":\"EntryPoint\",\"urlTemplate\":\"https:\/\/www.suno.com.br\/noticias\/?s={search_term_string}\"},\"query-input\":{\"@type\":\"PropertyValueSpecification\",\"valueRequired\":true,\"valueName\":\"search_term_string\"}}],\"inLanguage\":\"pt-BR\"},{\"@type\":\"Organization\",\"@id\":\"https:\/\/www.suno.com.br\/noticias\/#organization\",\"name\":\"Suno Not\u00edcias\",\"url\":\"https:\/\/www.suno.com.br\/noticias\/\",\"logo\":{\"@type\":\"ImageObject\",\"inLanguage\":\"pt-BR\",\"@id\":\"https:\/\/www.suno.com.br\/noticias\/#\/schema\/logo\/image\/\",\"url\":\"https:\/\/files.sunoresearch.com.br\/n\/uploads\/2021\/09\/suno-logo.png\",\"contentUrl\":\"https:\/\/files.sunoresearch.com.br\/n\/uploads\/2021\/09\/suno-logo.png\",\"width\":180,\"height\":180,\"caption\":\"Suno Not\u00edcias\"},\"image\":{\"@id\":\"https:\/\/www.suno.com.br\/noticias\/#\/schema\/logo\/image\/\"},\"sameAs\":[\"https:\/\/facebook.com\/sunoresearch\",\"https:\/\/x.com\/sunoresearch\",\"https:\/\/www.instagram.com\/suno\",\"https:\/\/www.linkedin.com\/company\/suno-research\/\",\"https:\/\/www.youtube.com\/c\/sunoresearch\"]},{\"@type\":\"Person\",\"@id\":\"https:\/\/www.suno.com.br\/noticias\/#\/schema\/person\/e672ca8cea627fe715fa29bca7da95e0\",\"name\":\"Rafaela La Regina\",\"image\":{\"@type\":\"ImageObject\",\"inLanguage\":\"pt-BR\",\"@id\":\"https:\/\/www.suno.com.br\/noticias\/#\/schema\/person\/image\/\",\"url\":\"https:\/\/secure.gravatar.com\/avatar\/d2c75a52d243deb93d0465fdcb21bd37?s=96&r=g\",\"contentUrl\":\"https:\/\/secure.gravatar.com\/avatar\/d2c75a52d243deb93d0465fdcb21bd37?s=96&r=g\",\"caption\":\"Rafaela La Regina\"},\"description\":\"Estagi\u00e1ria no Suno Not\u00edcias. Escreve sobre economia, pol\u00edtica e neg\u00f3cios. Estuda Rela\u00e7\u00f5es Internacionais no IBMEC-SP.\",\"url\":\"https:\/\/www.suno.com.br\/noticias\/author\/rafaela-la-regina\/\"}]}<\/script>\n<!-- \/ Yoast SEO plugin. -->","yoast_head_json":{"title":"Gol (GOLL4) prev\u00ea concluir incorpora\u00e7\u00e3o da Smiles em abril de 2021","description":"A Gol (GOLL4) prev\u00ea que o processo de incorpora\u00e7\u00e3o da Smiles (SMLS3) deve ser conclu\u00eddo em 19 de abril de 2021. Clique aqui para saber mais.","robots":{"index":"index","follow":"follow","max-snippet":"max-snippet:-1","max-image-preview":"max-image-preview:large","max-video-preview":"max-video-preview:-1"},"canonical":"https:\/\/www.suno.com.br\/noticias\/gol-goll4-conclusao-incorporacao-smiles-2021\/","og_locale":"pt_BR","og_type":"article","og_title":"Gol (GOLL4) prev\u00ea concluir incorpora\u00e7\u00e3o da Smiles em abril de 2021","og_description":"A Gol (GOLL4) prev\u00ea que o processo de incorpora\u00e7\u00e3o da Smiles (SMLS3) deve ser conclu\u00eddo em 19 de abril de 2021. Clique aqui para saber mais.","og_url":"https:\/\/www.suno.com.br\/noticias\/gol-goll4-conclusao-incorporacao-smiles-2021\/","og_site_name":"Suno Not\u00edcias","article_publisher":"https:\/\/facebook.com\/sunoresearch","og_image":[{"width":300,"height":205,"url":"https:\/\/files.sunoresearch.com.br\/n\/uploads\/2020\/12\/cfd99b06-smiles-300x205-1.png","type":"image\/png"}],"author":"Rafaela La Regina","twitter_card":"summary_large_image","twitter_creator":"@sunoresearch","twitter_site":"@sunoresearch","twitter_misc":{"Escrito por":"Rafaela La Regina","Est. tempo de leitura":"2 minutos"},"schema":{"@context":"https:\/\/schema.org","@graph":[{"@type":"NewsArticle","@id":"https:\/\/www.suno.com.br\/noticias\/gol-goll4-conclusao-incorporacao-smiles-2021\/#article","isPartOf":{"@id":"https:\/\/www.suno.com.br\/noticias\/gol-goll4-conclusao-incorporacao-smiles-2021\/"},"author":{"name":"Rafaela La Regina","@id":"https:\/\/www.suno.com.br\/noticias\/#\/schema\/person\/e672ca8cea627fe715fa29bca7da95e0"},"headline":"Gol (GOLL4) prev\u00ea concluir incorpora\u00e7\u00e3o da Smiles (SMLS3) em abril de 2021","datePublished":"2020-12-08T19:11:31+00:00","mainEntityOfPage":{"@id":"https:\/\/www.suno.com.br\/noticias\/gol-goll4-conclusao-incorporacao-smiles-2021\/"},"wordCount":485,"publisher":{"@id":"https:\/\/www.suno.com.br\/noticias\/#organization"},"image":{"@id":"https:\/\/www.suno.com.br\/noticias\/gol-goll4-conclusao-incorporacao-smiles-2021\/#primaryimage"},"thumbnailUrl":"https:\/\/files.sunoresearch.com.br\/n\/uploads\/2020\/12\/cfd99b06-smiles-300x205-1-png.webp","keywords":["Gol Linhas A\u00e9reas (GOLL11\/GOLL4)"],"articleSection":["Neg\u00f3cios"],"inLanguage":"pt-BR"},{"@type":"WebPage","@id":"https:\/\/www.suno.com.br\/noticias\/gol-goll4-conclusao-incorporacao-smiles-2021\/","url":"https:\/\/www.suno.com.br\/noticias\/gol-goll4-conclusao-incorporacao-smiles-2021\/","name":"Gol (GOLL4) prev\u00ea concluir incorpora\u00e7\u00e3o da Smiles em abril de 2021","isPartOf":{"@id":"https:\/\/www.suno.com.br\/noticias\/#website"},"primaryImageOfPage":{"@id":"https:\/\/www.suno.com.br\/noticias\/gol-goll4-conclusao-incorporacao-smiles-2021\/#primaryimage"},"image":{"@id":"https:\/\/www.suno.com.br\/noticias\/gol-goll4-conclusao-incorporacao-smiles-2021\/#primaryimage"},"thumbnailUrl":"https:\/\/files.sunoresearch.com.br\/n\/uploads\/2020\/12\/cfd99b06-smiles-300x205-1-png.webp","datePublished":"2020-12-08T19:11:31+00:00","description":"A Gol (GOLL4) prev\u00ea que o processo de incorpora\u00e7\u00e3o da Smiles (SMLS3) deve ser conclu\u00eddo em 19 de abril de 2021. Clique aqui para saber mais.","breadcrumb":{"@id":"https:\/\/www.suno.com.br\/noticias\/gol-goll4-conclusao-incorporacao-smiles-2021\/#breadcrumb"},"inLanguage":"pt-BR","potentialAction":[{"@type":"ReadAction","target":["https:\/\/www.suno.com.br\/noticias\/gol-goll4-conclusao-incorporacao-smiles-2021\/"]}]},{"@type":"ImageObject","inLanguage":"pt-BR","@id":"https:\/\/www.suno.com.br\/noticias\/gol-goll4-conclusao-incorporacao-smiles-2021\/#primaryimage","url":"https:\/\/files.sunoresearch.com.br\/n\/uploads\/2020\/12\/cfd99b06-smiles-300x205-1-png.webp","contentUrl":"https:\/\/files.sunoresearch.com.br\/n\/uploads\/2020\/12\/cfd99b06-smiles-300x205-1-png.webp","width":300,"height":205,"caption":"Gol (GOLL4) prev\u00ea concluir incorpora\u00e7\u00e3o da Smiles (SMLS3) em abril de 2021"},{"@type":"BreadcrumbList","@id":"https:\/\/www.suno.com.br\/noticias\/gol-goll4-conclusao-incorporacao-smiles-2021\/#breadcrumb","itemListElement":[{"@type":"ListItem","position":1,"name":"Not\u00edcias","item":"https:\/\/www.suno.com.br\/noticias\/"},{"@type":"ListItem","position":2,"name":"Neg\u00f3cios","item":"https:\/\/www.suno.com.br\/noticias\/negocios\/"},{"@type":"ListItem","position":3,"name":"Gol (GOLL4) prev\u00ea concluir incorpora\u00e7\u00e3o da Smiles (SMLS3) em abril de 2021"}]},{"@type":"WebSite","@id":"https:\/\/www.suno.com.br\/noticias\/#website","url":"https:\/\/www.suno.com.br\/noticias\/","name":"Suno Not\u00edcias","description":"Seu portal de informa\u00e7\u00e3o sobre o mundo dos investimentos","publisher":{"@id":"https:\/\/www.suno.com.br\/noticias\/#organization"},"potentialAction":[{"@type":"SearchAction","target":{"@type":"EntryPoint","urlTemplate":"https:\/\/www.suno.com.br\/noticias\/?s={search_term_string}"},"query-input":{"@type":"PropertyValueSpecification","valueRequired":true,"valueName":"search_term_string"}}],"inLanguage":"pt-BR"},{"@type":"Organization","@id":"https:\/\/www.suno.com.br\/noticias\/#organization","name":"Suno Not\u00edcias","url":"https:\/\/www.suno.com.br\/noticias\/","logo":{"@type":"ImageObject","inLanguage":"pt-BR","@id":"https:\/\/www.suno.com.br\/noticias\/#\/schema\/logo\/image\/","url":"https:\/\/files.sunoresearch.com.br\/n\/uploads\/2021\/09\/suno-logo.png","contentUrl":"https:\/\/files.sunoresearch.com.br\/n\/uploads\/2021\/09\/suno-logo.png","width":180,"height":180,"caption":"Suno Not\u00edcias"},"image":{"@id":"https:\/\/www.suno.com.br\/noticias\/#\/schema\/logo\/image\/"},"sameAs":["https:\/\/facebook.com\/sunoresearch","https:\/\/x.com\/sunoresearch","https:\/\/www.instagram.com\/suno","https:\/\/www.linkedin.com\/company\/suno-research\/","https:\/\/www.youtube.com\/c\/sunoresearch"]},{"@type":"Person","@id":"https:\/\/www.suno.com.br\/noticias\/#\/schema\/person\/e672ca8cea627fe715fa29bca7da95e0","name":"Rafaela La Regina","image":{"@type":"ImageObject","inLanguage":"pt-BR","@id":"https:\/\/www.suno.com.br\/noticias\/#\/schema\/person\/image\/","url":"https:\/\/secure.gravatar.com\/avatar\/d2c75a52d243deb93d0465fdcb21bd37?s=96&r=g","contentUrl":"https:\/\/secure.gravatar.com\/avatar\/d2c75a52d243deb93d0465fdcb21bd37?s=96&r=g","caption":"Rafaela La Regina"},"description":"Estagi\u00e1ria no Suno Not\u00edcias. Escreve sobre economia, pol\u00edtica e neg\u00f3cios. Estuda Rela\u00e7\u00f5es Internacionais no IBMEC-SP.","url":"https:\/\/www.suno.com.br\/noticias\/author\/rafaela-la-regina\/"}]}},"default_loop_html":"<div class=\"cardsPage__listCard__boxs\"><div class=\"cardsPage__listCard__boxs__img\"><a href=\"https:\/\/www.suno.com.br\/noticias\/gol-goll4-conclusao-incorporacao-smiles-2021\/\"><img class=\"mask\" src=\"https:\/\/www.suno.com.br\/noticias\/wp-content\/themes\/suno\/resources\/images\/spotlight\/spotlight1img\/bg-mask.png\" alt=\"Image Mask\"\/><img src=\"https:\/\/files.sunoresearch.com.br\/n\/uploads\/2020\/12\/cfd99b06-smiles-300x205-1-png.webp\" alt=\"Gol (GOLL4) prev\u00ea concluir incorpora\u00e7\u00e3o da Smiles (SMLS3) em abril de 2021\"\/><\/a><span class=\"spotlightCategory\"><a href=\"https:\/\/www.suno.com.br\/noticias\/negocios\/\">Neg\u00f3cios<\/a><\/span><\/div><div class=\"cardsPage__listCard__boxs__content\"><a href=\"https:\/\/www.suno.com.br\/noticias\/gol-goll4-conclusao-incorporacao-smiles-2021\/\"><h2 class=\"content__title\">Gol (GOLL4) prev\u00ea concluir incorpora\u00e7\u00e3o da Smiles (SMLS3) em abril de 2021<\/h2><\/a><div class=\"newsContent__article__meta\"><div class=\"newsContent__article__meta__authorBox\"><a href=\"https:\/\/www.suno.com.br\/noticias\/author\/rafaela-la-regina\/\" class=\"authorBox__avatar noMobi\"><img src=\"https:\/\/secure.gravatar.com\/avatar\/d2c75a52d243deb93d0465fdcb21bd37?s=96&#038;r=g\" alt=\"Rafaela La Regina\"><\/a><div class=\"authorBox__name\"><span>por\n\t\t\t<a href=\"https:\/\/www.suno.com.br\/noticias\/author\/rafaela-la-regina\/\"><span itemprop=\"author\">Rafaela La Regina<\/span><\/a><\/span><time datetime=\"2020-12-08T16:11:31-03:00\" itemprop=\"datePublished\">08\/12\/2020 16:11<\/time><\/div><\/div><\/div><\/div><\/div>","single_layout":"posts","amp_enabled":true,"_links":{"self":[{"href":"https:\/\/www.suno.com.br\/noticias\/wp-json\/wp\/v2\/posts\/106494"}],"collection":[{"href":"https:\/\/www.suno.com.br\/noticias\/wp-json\/wp\/v2\/posts"}],"about":[{"href":"https:\/\/www.suno.com.br\/noticias\/wp-json\/wp\/v2\/types\/post"}],"author":[{"embeddable":true,"href":"https:\/\/www.suno.com.br\/noticias\/wp-json\/wp\/v2\/users\/56"}],"replies":[{"embeddable":true,"href":"https:\/\/www.suno.com.br\/noticias\/wp-json\/wp\/v2\/comments?post=106494"}],"version-history":[{"count":0,"href":"https:\/\/www.suno.com.br\/noticias\/wp-json\/wp\/v2\/posts\/106494\/revisions"}],"wp:featuredmedia":[{"embeddable":true,"href":"https:\/\/www.suno.com.br\/noticias\/wp-json\/wp\/v2\/media\/106505"}],"wp:attachment":[{"href":"https:\/\/www.suno.com.br\/noticias\/wp-json\/wp\/v2\/media?parent=106494"}],"wp:term":[{"taxonomy":"category","embeddable":true,"href":"https:\/\/www.suno.com.br\/noticias\/wp-json\/wp\/v2\/categories?post=106494"},{"taxonomy":"post_tag","embeddable":true,"href":"https:\/\/www.suno.com.br\/noticias\/wp-json\/wp\/v2\/tags?post=106494"},{"taxonomy":"suno_strategy","embeddable":true,"href":"https:\/\/www.suno.com.br\/noticias\/wp-json\/wp\/v2\/suno_strategy?post=106494"}],"curies":[{"name":"wp","href":"https:\/\/api.w.org\/{rel}","templated":true}]}}