{"id":106290,"date":"2020-12-07T21:02:21","date_gmt":"2020-12-08T00:02:21","guid":{"rendered":"https:\/\/www.suno.com.br\/noticias\/?p=106290"},"modified":"2020-12-07T21:02:21","modified_gmt":"2020-12-08T00:02:21","slug":"azul-azul4-demanda-sobe-novembro","status":"publish","type":"post","link":"https:\/\/www.suno.com.br\/noticias\/azul-azul4-demanda-sobe-novembro\/","title":{"rendered":"Azul (AZUL4): Demanda por voos sobe 17,5% em novembro"},"content":{"rendered":"<p>A <a href=\"https:\/\/www.suno.com.br\/acoes\/azul4\/\" target=\"_blank\" rel=\"noopener noreferrer\"><strong>Azul<\/strong> (AZUL4)<\/a> divulgou nesta segunda-feira (7) suas pr\u00e9vias operacionais de novembro, m\u00eas no qual registrou aumento de 17,5% na demanda de passageiros por voos (RPK) em rela\u00e7\u00e3o a outubro. Na compara\u00e7\u00e3o anualizada, houve uma queda de 30% no indicador.<\/p>\t<div class=\"wrapper-featured-image\">\n\t\t<figure class=\"spotlightImg\">\n\n\t\t\t<picture>\n\t\t\t\t<source media=\"(max-width: 768px)\" srcset=\"https:\/\/files.sunoresearch.com.br\/n\/uploads\/2020\/12\/4a1eaf28-a320neo_azul_31739584755-400x200.webp\">\n\t\t\t\t<img loading=\"lazy\" decoding=\"async\" class=\"newsContent__article__imgCapa lazyloadDisabled \" src=\"https:\/\/files.sunoresearch.com.br\/n\/uploads\/2020\/12\/4a1eaf28-a320neo_azul_31739584755-jpg.webp\" width=\"800\" height=\"450\" alt=\"Azul (AZUL4): Demanda por voos sobe 17,5% em novembro\" fetchpriority=high \/>\n\t\t\t<\/picture>\n\n\t\t\t<figcaption class=\"wp-caption-text wp-caption-text--show\">Azul (AZUL4): voos chegam a 70% do pr\u00e9-pandemia puxados por lazer<\/figcaption>\n\t\t<\/figure>\n\t<\/div>\n\n\n\t<p>\n\t\t<a href=\"https:\/\/lp.suno.com.br\/planilha-controle-gastos\/\" target=\"_blank\" data-element=\"shortcode-suno-banner\" title=\"Banner SUNO, clique e saiba mais\">\n\t\t\t<picture>\n\t\t\t\t<source media=\"(max-width: 500px)\" srcset=\"https:\/\/files.sunoresearch.com.br\/n\/uploads\/2023\/03\/400x300-Planilha-controle-de-gastos.png\">\n\t\t\t\t<img class=\"newsContent__article__imgCapa newsContent__article__imgCapa--banner\"\n\t\t\t\t\tsrc=\"https:\/\/files.sunoresearch.com.br\/n\/uploads\/2023\/03\/1420x240-Planilha-controle-de-gastos.png\"\n\t\t\t\t\tdata-promo-id=\"101751\"\t\t\t\t\t\t\t\t\t\twidth='1420' height='240'\t\t\t\t\talt=\"https:\/\/files.sunoresearch.com.br\/n\/uploads\/2023\/03\/1420x240-Planilha-controle-de-gastos.png\"\n\t\t\t\t>\n\t\t\t<\/picture>\n\t\t<\/a>\n\t<\/p>\n\n\n<p>De acordo com relat\u00f3rio, a <strong>oferta de assentos<\/strong> (ASK) apresentou um crescimento de 12,2% no m\u00eas passado na compara\u00e7\u00e3o com outubro, e caiu 30,6% em rela\u00e7\u00e3o a novembro do ano passado. Da mesma forma, a <strong>taxa de ocupa\u00e7\u00e3o<\/strong> saiu de 79,3% para 83,1% em um m\u00eas. Um ano atr\u00e1s, esta taxa foi de 82,4%, informou a Azul.<\/p>\n<p>Segundo a companhia a\u00e9rea, a maior parte dos voos continua concentrada no <strong>mercado dom\u00e9stico<\/strong>, que teve avan\u00e7o de 19,3% na demanda e de 14,9% na oferta, em rela\u00e7\u00e3o a outubro, com a taxa de ocupa\u00e7\u00e3o saindo de 80,7% para 83,8%. Em rela\u00e7\u00e3o a novembro de 2019, a demanda caiu 15,1%, e a oferta teve recuo de 16,7%.<\/p>\n\t<p>\n\t\t<a href=\"https:\/\/lp.suno.com.br\/planilha-controle-gastos\/\" target=\"_blank\" data-element=\"shortcode-suno-banner\" title=\"Banner SUNO, clique e saiba mais\">\n\t\t\t<picture>\n\t\t\t\t<source media=\"(max-width: 500px)\" srcset=\"https:\/\/files.sunoresearch.com.br\/n\/uploads\/2023\/03\/400x300-Planilha-controle-de-gastos.png\">\n\t\t\t\t<img class=\"newsContent__article__imgCapa newsContent__article__imgCapa--banner\"\n\t\t\t\t\tsrc=\"https:\/\/files.sunoresearch.com.br\/n\/uploads\/2023\/03\/1420x240-Planilha-controle-de-gastos.png\"\n\t\t\t\t\tdata-promo-id=\"101751\"\t\t\t\t\t\t\t\t\t\twidth='1420' height='240'\t\t\t\t\talt=\"https:\/\/files.sunoresearch.com.br\/n\/uploads\/2023\/03\/1420x240-Planilha-controle-de-gastos.png\"\n\t\t\t\t>\n\t\t\t<\/picture>\n\t\t<\/a>\n\t<\/p>\n\n\n<p>Nos <strong>voos internacionais<\/strong>, a demanda por voos caiu 5,8% na compara\u00e7\u00e3o mensal, e a oferta teve queda de 15,2%. A taxa de ocupa\u00e7\u00e3o saiu de 65,3% para 72,6%. Na compara\u00e7\u00e3o anual, demanda e oferta recuaram 81,6% e 78,8%, respectivamente.<\/p>\n<p>&#8220;Em novembro n\u00f3s acompanhamos uma recupera\u00e7\u00e3o de 85% da demanda dom\u00e9stica, uma das mais r\u00e1pidas do mundo. Esperamos que essa tend\u00eancia continue \u00e0 medida em que aumentamos progressivamente a nossa opera\u00e7\u00e3o. Iremos voar para 113 destinos at\u00e9 o final de 2020, aproveitando a flexibilidade da nossa frota e da nossa malha exclusiva, que nos permitem adequar rapidamente a capacidade \u00e0 demanda&#8221;, comentou John Rodgerson, <a href=\"https:\/\/www.suno.com.br\/artigos\/ceo\/\">CEO da Azul<\/a>.<\/p>\n<h2>BTG eleva rating da Azul<\/h2>\n<p>No \u00faltimo dia 30, o <a href=\"https:\/\/www.suno.com.br\/acoes\/bpac11\/\">BTG Pactual (BPAC11)<\/a> comunicou que elevou o <a href=\"https:\/\/www.suno.com.br\/artigos\/rating\/\">rating da Azul<\/a> de neutro para compra, e aumentou o <a href=\"https:\/\/www.suno.com.br\/artigos\/preco-alvo\/\" target=\"_blank\" rel=\"noopener noreferrer\">pre\u00e7o-alvo<\/a> de\u00a0R$ 26 para R$ 47.<\/p>\n<p>De acordo com o banco, os resultados da companhia a\u00e9rea superaram as expectativas em termos operacionais. Os analistas do BTG acreditam que a empresa fez um &#8220;bom trabalho&#8221; em termos de gest\u00e3o de riscos.<\/p>\n\t<div data-element=\"shortcode-read-more\" class=\"knowMore\">\n\t\t\t\t<span class=\"knowMore__title\">Saiba mais<\/span>\n\t\t\t\t<a class=\"knowMore__link\" href=\"https:\/\/www.suno.com.br\/noticias\/azul-azul4-btg-sobe-preco-alvo-de-r-26-para-r-47-e-sugere-compra\/\">\n\t\t\tAzul (AZUL4): BTG sobe pre\u00e7o-alvo de R$ 26 para R$ 47 e sugere compra\t\t<\/a>\n\t<\/div>\n\n\n<p>&#8220;Com as iniciativas acima, a Azul conseguiu reduzir sua queima de caixa di\u00e1ria para R$ 1,5 milh\u00e3o (ante R$ 2,5 milh\u00f5es anteriormente) e economizar R$ 8 bilh\u00f5es em <a href=\"https:\/\/www.suno.com.br\/artigos\/capital-giro\/\">capital de giro<\/a> entre mar\u00e7o de 2020 e dezembro de 2021&#8243;.<\/p>\n<h2>\u00daltima cota\u00e7\u00e3o<\/h2>\n<p>As a\u00e7\u00f5es da <strong>Azul<\/strong> fecharam o preg\u00e3o desta segunda-feira em queda de 0,26%, cotadas a R$ 41,89. O <a href=\"https:\/\/www.suno.com.br\/artigos\/ibovespa\/\">Ibovespa<\/a>, \u00edndice de refer\u00eancia da <a href=\"https:\/\/www.suno.com.br\/artigos\/b3\/\">Bolsa de Valores de S\u00e3o Paulo (B3)<\/a>, caiu 0,14%, a 113.589,77 pontos.<\/p>\n<p><em>(Com informa\u00e7\u00f5es do Estad\u00e3o Conte\u00fado)<\/em><\/p>\n\t<p>\n\t\t<a href=\"https:\/\/lp.suno.com.br\/planilha-de-controle-de-investimentos\/\" target=\"_blank\" data-element=\"shortcode-suno-banner\" title=\"Banner SUNO, clique e saiba mais\">\n\t\t\t<picture>\n\t\t\t\t<source media=\"(max-width: 500px)\" srcset=\"https:\/\/files.sunoresearch.com.br\/n\/uploads\/2023\/03\/400x300-Controle-de-Investimentos.png\">\n\t\t\t\t<img class=\"newsContent__article__imgCapa newsContent__article__imgCapa--banner\"\n\t\t\t\t\tsrc=\"https:\/\/files.sunoresearch.com.br\/n\/uploads\/2023\/03\/1420x240-Controle-de-Investimentos.png\"\n\t\t\t\t\tdata-promo-id=\"75934\"\t\t\t\t\t\t\t\t\t\twidth='1420' height='240'\t\t\t\t\talt=\"https:\/\/files.sunoresearch.com.br\/n\/uploads\/2023\/03\/1420x240-Controle-de-Investimentos.png\"\n\t\t\t\t>\n\t\t\t<\/picture>\n\t\t<\/a>\n\t<\/p>\n\n\n","protected":false},"excerpt":{"rendered":"<p>A Azul (AZUL4) divulgou nesta segunda-feira (7) suas pr\u00e9vias operacionais de novembro, m\u00eas no qual registrou aumento de 17,5% na demanda de passageiros por voos (RPK) em rela\u00e7\u00e3o a outubro. Na compara\u00e7\u00e3o anualizada, houve uma queda de 30% no indicador. Azul (AZUL4): voos chegam a 70% do pr\u00e9-pandemia puxados por lazer De acordo com relat\u00f3rio, [&hellip;]<\/p>\n","protected":false},"author":35,"featured_media":106312,"comment_status":"closed","ping_status":"closed","sticky":false,"template":"","format":"standard","meta":[],"categories":[64],"tags":[106932,1594],"suno_strategy":[],"class_list":["post-106290","post","type-post","status-publish","format-standard","has-post-thumbnail","hentry","category-negocios","tag-azul-azul4","tag-companhias-aereas"],"yoast_head":"<!-- This site is optimized with the Yoast SEO plugin v24.4 - https:\/\/yoast.com\/wordpress\/plugins\/seo\/ -->\n<title>Azul (AZUL4): Demanda por voos sobe 17,5% em novembro<\/title>\n<meta name=\"description\" content=\"A Azul (AZUL4) registrou aumento de 17,5% na demanda de passageiros por voos (RPK) em novembro em rela\u00e7\u00e3o a outubro. Clique para saber mais\" \/>\n<meta name=\"robots\" content=\"index, follow, max-snippet:-1, max-image-preview:large, max-video-preview:-1\" \/>\n<link rel=\"canonical\" href=\"https:\/\/www.suno.com.br\/noticias\/azul-azul4-demanda-sobe-novembro\/\" \/>\n<meta property=\"og:locale\" content=\"pt_BR\" \/>\n<meta property=\"og:type\" content=\"article\" \/>\n<meta property=\"og:title\" content=\"Azul (AZUL4): Demanda por voos sobe 17,5% em novembro\" \/>\n<meta property=\"og:description\" content=\"A Azul (AZUL4) registrou aumento de 17,5% na demanda de passageiros por voos (RPK) em novembro em rela\u00e7\u00e3o a outubro. Clique para saber mais\" \/>\n<meta property=\"og:url\" content=\"https:\/\/www.suno.com.br\/noticias\/azul-azul4-demanda-sobe-novembro\/\" \/>\n<meta property=\"og:site_name\" content=\"Suno Not\u00edcias\" \/>\n<meta property=\"article:publisher\" content=\"https:\/\/facebook.com\/sunoresearch\" \/>\n<meta property=\"og:image\" content=\"https:\/\/files.sunoresearch.com.br\/n\/uploads\/2020\/12\/4a1eaf28-a320neo_azul_31739584755.jpg\" \/>\n\t<meta property=\"og:image:width\" content=\"570\" \/>\n\t<meta property=\"og:image:height\" content=\"380\" \/>\n\t<meta property=\"og:image:type\" content=\"image\/jpeg\" \/>\n<meta name=\"author\" content=\"Arthur Guimar\u00e3es\" \/>\n<meta name=\"twitter:card\" content=\"summary_large_image\" \/>\n<meta name=\"twitter:creator\" content=\"@sunoresearch\" \/>\n<meta name=\"twitter:site\" content=\"@sunoresearch\" \/>\n<meta name=\"twitter:label1\" content=\"Escrito por\" \/>\n\t<meta name=\"twitter:data1\" content=\"Arthur Guimar\u00e3es\" \/>\n\t<meta name=\"twitter:label2\" content=\"Est. tempo de leitura\" \/>\n\t<meta name=\"twitter:data2\" content=\"2 minutos\" \/>\n<script type=\"application\/ld+json\" class=\"yoast-schema-graph\">{\"@context\":\"https:\/\/schema.org\",\"@graph\":[{\"@type\":\"NewsArticle\",\"@id\":\"https:\/\/www.suno.com.br\/noticias\/azul-azul4-demanda-sobe-novembro\/#article\",\"isPartOf\":{\"@id\":\"https:\/\/www.suno.com.br\/noticias\/azul-azul4-demanda-sobe-novembro\/\"},\"author\":{\"name\":\"Arthur Guimar\u00e3es\",\"@id\":\"https:\/\/www.suno.com.br\/noticias\/#\/schema\/person\/053a750a709a263919a20f976caae91c\"},\"headline\":\"Azul (AZUL4): Demanda por voos sobe 17,5% em novembro\",\"datePublished\":\"2020-12-08T00:02:21+00:00\",\"mainEntityOfPage\":{\"@id\":\"https:\/\/www.suno.com.br\/noticias\/azul-azul4-demanda-sobe-novembro\/\"},\"wordCount\":437,\"publisher\":{\"@id\":\"https:\/\/www.suno.com.br\/noticias\/#organization\"},\"image\":{\"@id\":\"https:\/\/www.suno.com.br\/noticias\/azul-azul4-demanda-sobe-novembro\/#primaryimage\"},\"thumbnailUrl\":\"https:\/\/files.sunoresearch.com.br\/n\/uploads\/2020\/12\/4a1eaf28-a320neo_azul_31739584755-jpg.webp\",\"keywords\":[\"Azul (AZUL4)\",\"companhias a\u00e9reas\"],\"articleSection\":[\"Neg\u00f3cios\"],\"inLanguage\":\"pt-BR\"},{\"@type\":\"WebPage\",\"@id\":\"https:\/\/www.suno.com.br\/noticias\/azul-azul4-demanda-sobe-novembro\/\",\"url\":\"https:\/\/www.suno.com.br\/noticias\/azul-azul4-demanda-sobe-novembro\/\",\"name\":\"Azul (AZUL4): Demanda por voos sobe 17,5% em novembro\",\"isPartOf\":{\"@id\":\"https:\/\/www.suno.com.br\/noticias\/#website\"},\"primaryImageOfPage\":{\"@id\":\"https:\/\/www.suno.com.br\/noticias\/azul-azul4-demanda-sobe-novembro\/#primaryimage\"},\"image\":{\"@id\":\"https:\/\/www.suno.com.br\/noticias\/azul-azul4-demanda-sobe-novembro\/#primaryimage\"},\"thumbnailUrl\":\"https:\/\/files.sunoresearch.com.br\/n\/uploads\/2020\/12\/4a1eaf28-a320neo_azul_31739584755-jpg.webp\",\"datePublished\":\"2020-12-08T00:02:21+00:00\",\"description\":\"A Azul (AZUL4) registrou aumento de 17,5% na demanda de passageiros por voos (RPK) em novembro em rela\u00e7\u00e3o a outubro. Clique para saber mais\",\"breadcrumb\":{\"@id\":\"https:\/\/www.suno.com.br\/noticias\/azul-azul4-demanda-sobe-novembro\/#breadcrumb\"},\"inLanguage\":\"pt-BR\",\"potentialAction\":[{\"@type\":\"ReadAction\",\"target\":[\"https:\/\/www.suno.com.br\/noticias\/azul-azul4-demanda-sobe-novembro\/\"]}]},{\"@type\":\"ImageObject\",\"inLanguage\":\"pt-BR\",\"@id\":\"https:\/\/www.suno.com.br\/noticias\/azul-azul4-demanda-sobe-novembro\/#primaryimage\",\"url\":\"https:\/\/files.sunoresearch.com.br\/n\/uploads\/2020\/12\/4a1eaf28-a320neo_azul_31739584755-jpg.webp\",\"contentUrl\":\"https:\/\/files.sunoresearch.com.br\/n\/uploads\/2020\/12\/4a1eaf28-a320neo_azul_31739584755-jpg.webp\",\"width\":570,\"height\":380,\"caption\":\"Azul (AZUL4): voos chegam a 70% do pr\u00e9-pandemia puxados por lazer\"},{\"@type\":\"BreadcrumbList\",\"@id\":\"https:\/\/www.suno.com.br\/noticias\/azul-azul4-demanda-sobe-novembro\/#breadcrumb\",\"itemListElement\":[{\"@type\":\"ListItem\",\"position\":1,\"name\":\"Not\u00edcias\",\"item\":\"https:\/\/www.suno.com.br\/noticias\/\"},{\"@type\":\"ListItem\",\"position\":2,\"name\":\"Neg\u00f3cios\",\"item\":\"https:\/\/www.suno.com.br\/noticias\/negocios\/\"},{\"@type\":\"ListItem\",\"position\":3,\"name\":\"Azul (AZUL4): Demanda por voos sobe 17,5% em novembro\"}]},{\"@type\":\"WebSite\",\"@id\":\"https:\/\/www.suno.com.br\/noticias\/#website\",\"url\":\"https:\/\/www.suno.com.br\/noticias\/\",\"name\":\"Suno Not\u00edcias\",\"description\":\"Seu portal de informa\u00e7\u00e3o sobre o mundo dos investimentos\",\"publisher\":{\"@id\":\"https:\/\/www.suno.com.br\/noticias\/#organization\"},\"potentialAction\":[{\"@type\":\"SearchAction\",\"target\":{\"@type\":\"EntryPoint\",\"urlTemplate\":\"https:\/\/www.suno.com.br\/noticias\/?s={search_term_string}\"},\"query-input\":{\"@type\":\"PropertyValueSpecification\",\"valueRequired\":true,\"valueName\":\"search_term_string\"}}],\"inLanguage\":\"pt-BR\"},{\"@type\":\"Organization\",\"@id\":\"https:\/\/www.suno.com.br\/noticias\/#organization\",\"name\":\"Suno Not\u00edcias\",\"url\":\"https:\/\/www.suno.com.br\/noticias\/\",\"logo\":{\"@type\":\"ImageObject\",\"inLanguage\":\"pt-BR\",\"@id\":\"https:\/\/www.suno.com.br\/noticias\/#\/schema\/logo\/image\/\",\"url\":\"https:\/\/files.sunoresearch.com.br\/n\/uploads\/2021\/09\/suno-logo.png\",\"contentUrl\":\"https:\/\/files.sunoresearch.com.br\/n\/uploads\/2021\/09\/suno-logo.png\",\"width\":180,\"height\":180,\"caption\":\"Suno Not\u00edcias\"},\"image\":{\"@id\":\"https:\/\/www.suno.com.br\/noticias\/#\/schema\/logo\/image\/\"},\"sameAs\":[\"https:\/\/facebook.com\/sunoresearch\",\"https:\/\/x.com\/sunoresearch\",\"https:\/\/www.instagram.com\/suno\",\"https:\/\/www.linkedin.com\/company\/suno-research\/\",\"https:\/\/www.youtube.com\/c\/sunoresearch\"]},{\"@type\":\"Person\",\"@id\":\"https:\/\/www.suno.com.br\/noticias\/#\/schema\/person\/053a750a709a263919a20f976caae91c\",\"name\":\"Arthur Guimar\u00e3es\",\"image\":{\"@type\":\"ImageObject\",\"inLanguage\":\"pt-BR\",\"@id\":\"https:\/\/www.suno.com.br\/noticias\/#\/schema\/person\/image\/\",\"url\":\"https:\/\/secure.gravatar.com\/avatar\/1affd86a11209ae09eb6dd3bcad3e96c?s=96&r=g\",\"contentUrl\":\"https:\/\/secure.gravatar.com\/avatar\/1affd86a11209ae09eb6dd3bcad3e96c?s=96&r=g\",\"caption\":\"Arthur Guimar\u00e3es\"},\"description\":\"Arthur Guimar\u00e3es escreve sobre pol\u00edtica, economia e neg\u00f3cios para o portal de not\u00edcias da Suno Research. Atualmente, \u00e9 estudante de jornalismo pela Faculdade C\u00e1sper L\u00edbero.\",\"url\":\"https:\/\/www.suno.com.br\/noticias\/author\/arthur-guimaraes\/\"}]}<\/script>\n<!-- \/ Yoast SEO plugin. -->","yoast_head_json":{"title":"Azul (AZUL4): Demanda por voos sobe 17,5% em novembro","description":"A Azul (AZUL4) registrou aumento de 17,5% na demanda de passageiros por voos (RPK) em novembro em rela\u00e7\u00e3o a outubro. Clique para saber mais","robots":{"index":"index","follow":"follow","max-snippet":"max-snippet:-1","max-image-preview":"max-image-preview:large","max-video-preview":"max-video-preview:-1"},"canonical":"https:\/\/www.suno.com.br\/noticias\/azul-azul4-demanda-sobe-novembro\/","og_locale":"pt_BR","og_type":"article","og_title":"Azul (AZUL4): Demanda por voos sobe 17,5% em novembro","og_description":"A Azul (AZUL4) registrou aumento de 17,5% na demanda de passageiros por voos (RPK) em novembro em rela\u00e7\u00e3o a outubro. Clique para saber mais","og_url":"https:\/\/www.suno.com.br\/noticias\/azul-azul4-demanda-sobe-novembro\/","og_site_name":"Suno Not\u00edcias","article_publisher":"https:\/\/facebook.com\/sunoresearch","og_image":[{"width":570,"height":380,"url":"https:\/\/files.sunoresearch.com.br\/n\/uploads\/2020\/12\/4a1eaf28-a320neo_azul_31739584755.jpg","type":"image\/jpeg"}],"author":"Arthur Guimar\u00e3es","twitter_card":"summary_large_image","twitter_creator":"@sunoresearch","twitter_site":"@sunoresearch","twitter_misc":{"Escrito por":"Arthur Guimar\u00e3es","Est. tempo de leitura":"2 minutos"},"schema":{"@context":"https:\/\/schema.org","@graph":[{"@type":"NewsArticle","@id":"https:\/\/www.suno.com.br\/noticias\/azul-azul4-demanda-sobe-novembro\/#article","isPartOf":{"@id":"https:\/\/www.suno.com.br\/noticias\/azul-azul4-demanda-sobe-novembro\/"},"author":{"name":"Arthur Guimar\u00e3es","@id":"https:\/\/www.suno.com.br\/noticias\/#\/schema\/person\/053a750a709a263919a20f976caae91c"},"headline":"Azul (AZUL4): Demanda por voos sobe 17,5% em novembro","datePublished":"2020-12-08T00:02:21+00:00","mainEntityOfPage":{"@id":"https:\/\/www.suno.com.br\/noticias\/azul-azul4-demanda-sobe-novembro\/"},"wordCount":437,"publisher":{"@id":"https:\/\/www.suno.com.br\/noticias\/#organization"},"image":{"@id":"https:\/\/www.suno.com.br\/noticias\/azul-azul4-demanda-sobe-novembro\/#primaryimage"},"thumbnailUrl":"https:\/\/files.sunoresearch.com.br\/n\/uploads\/2020\/12\/4a1eaf28-a320neo_azul_31739584755-jpg.webp","keywords":["Azul (AZUL4)","companhias a\u00e9reas"],"articleSection":["Neg\u00f3cios"],"inLanguage":"pt-BR"},{"@type":"WebPage","@id":"https:\/\/www.suno.com.br\/noticias\/azul-azul4-demanda-sobe-novembro\/","url":"https:\/\/www.suno.com.br\/noticias\/azul-azul4-demanda-sobe-novembro\/","name":"Azul (AZUL4): Demanda por voos sobe 17,5% em novembro","isPartOf":{"@id":"https:\/\/www.suno.com.br\/noticias\/#website"},"primaryImageOfPage":{"@id":"https:\/\/www.suno.com.br\/noticias\/azul-azul4-demanda-sobe-novembro\/#primaryimage"},"image":{"@id":"https:\/\/www.suno.com.br\/noticias\/azul-azul4-demanda-sobe-novembro\/#primaryimage"},"thumbnailUrl":"https:\/\/files.sunoresearch.com.br\/n\/uploads\/2020\/12\/4a1eaf28-a320neo_azul_31739584755-jpg.webp","datePublished":"2020-12-08T00:02:21+00:00","description":"A Azul (AZUL4) registrou aumento de 17,5% na demanda de passageiros por voos (RPK) em novembro em rela\u00e7\u00e3o a outubro. Clique para saber mais","breadcrumb":{"@id":"https:\/\/www.suno.com.br\/noticias\/azul-azul4-demanda-sobe-novembro\/#breadcrumb"},"inLanguage":"pt-BR","potentialAction":[{"@type":"ReadAction","target":["https:\/\/www.suno.com.br\/noticias\/azul-azul4-demanda-sobe-novembro\/"]}]},{"@type":"ImageObject","inLanguage":"pt-BR","@id":"https:\/\/www.suno.com.br\/noticias\/azul-azul4-demanda-sobe-novembro\/#primaryimage","url":"https:\/\/files.sunoresearch.com.br\/n\/uploads\/2020\/12\/4a1eaf28-a320neo_azul_31739584755-jpg.webp","contentUrl":"https:\/\/files.sunoresearch.com.br\/n\/uploads\/2020\/12\/4a1eaf28-a320neo_azul_31739584755-jpg.webp","width":570,"height":380,"caption":"Azul (AZUL4): voos chegam a 70% do pr\u00e9-pandemia puxados por lazer"},{"@type":"BreadcrumbList","@id":"https:\/\/www.suno.com.br\/noticias\/azul-azul4-demanda-sobe-novembro\/#breadcrumb","itemListElement":[{"@type":"ListItem","position":1,"name":"Not\u00edcias","item":"https:\/\/www.suno.com.br\/noticias\/"},{"@type":"ListItem","position":2,"name":"Neg\u00f3cios","item":"https:\/\/www.suno.com.br\/noticias\/negocios\/"},{"@type":"ListItem","position":3,"name":"Azul (AZUL4): Demanda por voos sobe 17,5% em novembro"}]},{"@type":"WebSite","@id":"https:\/\/www.suno.com.br\/noticias\/#website","url":"https:\/\/www.suno.com.br\/noticias\/","name":"Suno Not\u00edcias","description":"Seu portal de informa\u00e7\u00e3o sobre o mundo dos investimentos","publisher":{"@id":"https:\/\/www.suno.com.br\/noticias\/#organization"},"potentialAction":[{"@type":"SearchAction","target":{"@type":"EntryPoint","urlTemplate":"https:\/\/www.suno.com.br\/noticias\/?s={search_term_string}"},"query-input":{"@type":"PropertyValueSpecification","valueRequired":true,"valueName":"search_term_string"}}],"inLanguage":"pt-BR"},{"@type":"Organization","@id":"https:\/\/www.suno.com.br\/noticias\/#organization","name":"Suno Not\u00edcias","url":"https:\/\/www.suno.com.br\/noticias\/","logo":{"@type":"ImageObject","inLanguage":"pt-BR","@id":"https:\/\/www.suno.com.br\/noticias\/#\/schema\/logo\/image\/","url":"https:\/\/files.sunoresearch.com.br\/n\/uploads\/2021\/09\/suno-logo.png","contentUrl":"https:\/\/files.sunoresearch.com.br\/n\/uploads\/2021\/09\/suno-logo.png","width":180,"height":180,"caption":"Suno Not\u00edcias"},"image":{"@id":"https:\/\/www.suno.com.br\/noticias\/#\/schema\/logo\/image\/"},"sameAs":["https:\/\/facebook.com\/sunoresearch","https:\/\/x.com\/sunoresearch","https:\/\/www.instagram.com\/suno","https:\/\/www.linkedin.com\/company\/suno-research\/","https:\/\/www.youtube.com\/c\/sunoresearch"]},{"@type":"Person","@id":"https:\/\/www.suno.com.br\/noticias\/#\/schema\/person\/053a750a709a263919a20f976caae91c","name":"Arthur Guimar\u00e3es","image":{"@type":"ImageObject","inLanguage":"pt-BR","@id":"https:\/\/www.suno.com.br\/noticias\/#\/schema\/person\/image\/","url":"https:\/\/secure.gravatar.com\/avatar\/1affd86a11209ae09eb6dd3bcad3e96c?s=96&r=g","contentUrl":"https:\/\/secure.gravatar.com\/avatar\/1affd86a11209ae09eb6dd3bcad3e96c?s=96&r=g","caption":"Arthur Guimar\u00e3es"},"description":"Arthur Guimar\u00e3es escreve sobre pol\u00edtica, economia e neg\u00f3cios para o portal de not\u00edcias da Suno Research. Atualmente, \u00e9 estudante de jornalismo pela Faculdade C\u00e1sper L\u00edbero.","url":"https:\/\/www.suno.com.br\/noticias\/author\/arthur-guimaraes\/"}]}},"default_loop_html":"<div class=\"cardsPage__listCard__boxs\"><div class=\"cardsPage__listCard__boxs__img\"><a href=\"https:\/\/www.suno.com.br\/noticias\/azul-azul4-demanda-sobe-novembro\/\"><img class=\"mask\" src=\"https:\/\/www.suno.com.br\/noticias\/wp-content\/themes\/suno\/resources\/images\/spotlight\/spotlight1img\/bg-mask.png\" alt=\"Image Mask\"\/><img src=\"https:\/\/files.sunoresearch.com.br\/n\/uploads\/2020\/12\/4a1eaf28-a320neo_azul_31739584755-400x200.webp\" alt=\"Azul (AZUL4): Demanda por voos sobe 17,5% em novembro\"\/><\/a><span class=\"spotlightCategory\"><a href=\"https:\/\/www.suno.com.br\/noticias\/negocios\/\">Neg\u00f3cios<\/a><\/span><\/div><div class=\"cardsPage__listCard__boxs__content\"><a href=\"https:\/\/www.suno.com.br\/noticias\/azul-azul4-demanda-sobe-novembro\/\"><h2 class=\"content__title\">Azul (AZUL4): Demanda por voos sobe 17,5% em novembro<\/h2><\/a><div class=\"newsContent__article__meta\"><div class=\"newsContent__article__meta__authorBox\"><a href=\"https:\/\/www.suno.com.br\/noticias\/author\/arthur-guimaraes\/\" class=\"authorBox__avatar noMobi\"><img src=\"https:\/\/files.sunoresearch.com.br\/n\/uploads\/2020\/02\/dfb40897-eu-150x150.webp\" alt=\"Arthur Guimar\u00e3es\"><\/a><div class=\"authorBox__name\"><span>por\n\t\t\t<a href=\"https:\/\/www.suno.com.br\/noticias\/author\/arthur-guimaraes\/\"><span itemprop=\"author\">Arthur Guimar\u00e3es<\/span><\/a><\/span><time datetime=\"2020-12-07T21:02:21-03:00\" itemprop=\"datePublished\">07\/12\/2020 21:02<\/time><\/div><\/div><\/div><\/div><\/div>","single_layout":"posts","amp_enabled":true,"_links":{"self":[{"href":"https:\/\/www.suno.com.br\/noticias\/wp-json\/wp\/v2\/posts\/106290"}],"collection":[{"href":"https:\/\/www.suno.com.br\/noticias\/wp-json\/wp\/v2\/posts"}],"about":[{"href":"https:\/\/www.suno.com.br\/noticias\/wp-json\/wp\/v2\/types\/post"}],"author":[{"embeddable":true,"href":"https:\/\/www.suno.com.br\/noticias\/wp-json\/wp\/v2\/users\/35"}],"replies":[{"embeddable":true,"href":"https:\/\/www.suno.com.br\/noticias\/wp-json\/wp\/v2\/comments?post=106290"}],"version-history":[{"count":0,"href":"https:\/\/www.suno.com.br\/noticias\/wp-json\/wp\/v2\/posts\/106290\/revisions"}],"wp:featuredmedia":[{"embeddable":true,"href":"https:\/\/www.suno.com.br\/noticias\/wp-json\/wp\/v2\/media\/106312"}],"wp:attachment":[{"href":"https:\/\/www.suno.com.br\/noticias\/wp-json\/wp\/v2\/media?parent=106290"}],"wp:term":[{"taxonomy":"category","embeddable":true,"href":"https:\/\/www.suno.com.br\/noticias\/wp-json\/wp\/v2\/categories?post=106290"},{"taxonomy":"post_tag","embeddable":true,"href":"https:\/\/www.suno.com.br\/noticias\/wp-json\/wp\/v2\/tags?post=106290"},{"taxonomy":"suno_strategy","embeddable":true,"href":"https:\/\/www.suno.com.br\/noticias\/wp-json\/wp\/v2\/suno_strategy?post=106290"}],"curies":[{"name":"wp","href":"https:\/\/api.w.org\/{rel}","templated":true}]}}