{"id":106223,"date":"2020-12-07T19:05:21","date_gmt":"2020-12-07T22:05:21","guid":{"rendered":"https:\/\/www.suno.com.br\/noticias\/?p=106223"},"modified":"2020-12-07T19:05:21","modified_gmt":"2020-12-07T22:05:21","slug":"sp-500-bolsas-mundiais-fecham-vies-negativo","status":"publish","type":"post","link":"https:\/\/www.suno.com.br\/noticias\/sp-500-bolsas-mundiais-fecham-vies-negativo\/","title":{"rendered":"S&#038;P 500 cai de m\u00e1xima; bolsas mundiais fecham com vi\u00e9s negativo"},"content":{"rendered":"<p>De volta do final de semana, o <strong><a href=\"https:\/\/www.suno.com.br\/artigos\/sp-500\/\">S&amp;P 500<\/a><\/strong> e os principais \u00edndices acion\u00e1rios das bolsas mundiais perderam parte do \u00e2nimo e fecharam a sess\u00e3o desta segunda-feira (7) sem dire\u00e7\u00e3o \u00fanica, com vi\u00e9s negativo.<\/p>\t<div class=\"wrapper-featured-image\">\n\t\t<figure class=\"spotlightImg\">\n\n\t\t\t<picture>\n\t\t\t\t<source media=\"(max-width: 768px)\" srcset=\"https:\/\/files.sunoresearch.com.br\/n\/uploads\/2020\/12\/c91287d1-stock-tracking-blur-400x200.webp\">\n\t\t\t\t<img loading=\"lazy\" decoding=\"async\" class=\"newsContent__article__imgCapa lazyloadDisabled \" src=\"https:\/\/files.sunoresearch.com.br\/n\/uploads\/2020\/12\/c91287d1-stock-tracking-blur-jpg.webp\" width=\"800\" height=\"450\" alt=\"S&#038;P 500 cai de m\u00e1xima; bolsas mundiais fecham com vi\u00e9s negativo\" fetchpriority=high \/>\n\t\t\t<\/picture>\n\n\t\t\t<figcaption class=\"wp-caption-text wp-caption-text--show\">O S&amp;P 500 caiu 0,44%<\/figcaption>\n\t\t<\/figure>\n\t<\/div>\n\n\n<p><a href=\"https:\/\/lp.suno.com.br\/cyber-week\/\">\t<p>\n\t\t<a href=\"https:\/\/lp.suno.com.br\/planilha-controle-gastos\/\" target=\"_blank\" data-element=\"shortcode-suno-banner\" title=\"Banner SUNO, clique e saiba mais\">\n\t\t\t<picture>\n\t\t\t\t<source media=\"(max-width: 500px)\" srcset=\"https:\/\/files.sunoresearch.com.br\/n\/uploads\/2023\/03\/400x300-Planilha-controle-de-gastos.png\">\n\t\t\t\t<img class=\"newsContent__article__imgCapa newsContent__article__imgCapa--banner\"\n\t\t\t\t\tsrc=\"https:\/\/files.sunoresearch.com.br\/n\/uploads\/2023\/03\/1420x240-Planilha-controle-de-gastos.png\"\n\t\t\t\t\tdata-promo-id=\"101751\"\t\t\t\t\t\t\t\t\t\twidth='1420' height='240'\t\t\t\t\talt=\"https:\/\/files.sunoresearch.com.br\/n\/uploads\/2023\/03\/1420x240-Planilha-controle-de-gastos.png\"\n\t\t\t\t>\n\t\t\t<\/picture>\n\t\t<\/a>\n\t<\/p>\n\n<\/a><\/p>\n<p>O recuo neste preg\u00e3o acontece ap\u00f3s os <a href=\"https:\/\/www.suno.com.br\/artigos\/benchmark\/\">benchmarks internacionais<\/a> anotarem mais uma <a href=\"https:\/\/www.suno.com.br\/noticias\/sp-500-recorde-bolsas-mundiais-semana-ganhos\/\">semana de ganhos substanciais<\/a>, recheada por not\u00edcias de vacinas; pela decis\u00e3o da <a href=\"https:\/\/www.suno.com.br\/artigos\/opep\/\">Organiza\u00e7\u00e3o dos Pa\u00edses Exportadores (Opep)<\/a> e seus aliados, grupo conhecido como Opep<strong>+<\/strong>; por dados chineses promissores; e pelas esperan\u00e7as por novos est\u00edmulos nos Estados Unidos. Hoje, o S&amp;P 500 colocou uma pause no rali e caiu 1,9%.<\/p>\n<p>Nos EUA, os investidores focam no andamento da aprova\u00e7\u00e3o do uso emergencial para as vacinas experimentais contra covid-19. Segundo informa\u00e7\u00f5es do <em>Yahoo Finance<\/em>, a Food and Drug Administration (<strong>FDA<\/strong>, o \u00f3rg\u00e3o regulador norte-americano do setor de sa\u00fade e servi\u00e7os humanos) deve reunir seu conselho consultivo cient\u00edfico externo na quinta-feira (10) para deliberar sobre o pedido de autoriza\u00e7\u00e3o da vacina da <strong>Pfizer<\/strong> (<a href=\"https:\/\/www.suno.com.br\/artigos\/NYSE\/\">NYSE<\/a>: PFE).<\/p>\n<p><a href=\"https:\/\/lp.suno.com.br\/cyber-week\/\">\t<p>\n\t\t<a href=\"https:\/\/lp.suno.com.br\/planilha-controle-gastos\/\" target=\"_blank\" data-element=\"shortcode-suno-banner\" title=\"Banner SUNO, clique e saiba mais\">\n\t\t\t<picture>\n\t\t\t\t<source media=\"(max-width: 500px)\" srcset=\"https:\/\/files.sunoresearch.com.br\/n\/uploads\/2023\/03\/400x300-Planilha-controle-de-gastos.png\">\n\t\t\t\t<img class=\"newsContent__article__imgCapa newsContent__article__imgCapa--banner\"\n\t\t\t\t\tsrc=\"https:\/\/files.sunoresearch.com.br\/n\/uploads\/2023\/03\/1420x240-Planilha-controle-de-gastos.png\"\n\t\t\t\t\tdata-promo-id=\"101751\"\t\t\t\t\t\t\t\t\t\twidth='1420' height='240'\t\t\t\t\talt=\"https:\/\/files.sunoresearch.com.br\/n\/uploads\/2023\/03\/1420x240-Planilha-controle-de-gastos.png\"\n\t\t\t\t>\n\t\t\t<\/picture>\n\t\t<\/a>\n\t<\/p>\n\n<\/a><\/p>\n<p>As bolsas mundiais ainda ficaram de olho na negocia\u00e7\u00e3o pela sa\u00edda do <strong>Reino Unido<\/strong> da <a href=\"https:\/\/www.suno.com.br\/artigos\/uniao-europeia\/\">Uni\u00e3o Europeia (UE)<\/a>. A indefini\u00e7\u00e3o em torno do Brexit pesou sobre os mercados, sobretudo ap\u00f3s o jornal <i>The Sun<\/i> informar que o premi\u00ea brit\u00e2nico, Boris Johnson, pode desistir das negocia\u00e7\u00f5es caso um consenso n\u00e3o seja alcan\u00e7ado at\u00e9 hoje.<\/p>\n<h2>Avan\u00e7o da covid-19 no Hemisf\u00e9rio Norte<\/h2>\n<p>Outro ponto indutor de cautela foi a segunda onda da covid-19 e a imin\u00eancia de novos lockdowns para cont\u00ea-la. No domingo passado (6), a regi\u00e3o da Baviera, na <strong>Alemanha<\/strong>, anunciou o endurecimento de medidas restritivas.<\/p>\n<p>Em <strong>Portugal<\/strong>, por sua vez, o n\u00famero de mortos pelo novo coronav\u00edrus ultrapassou hoje a marca simb\u00f3lica de 5 mil.<\/p>\n\t<div data-element=\"shortcode-read-more\" class=\"knowMore\">\n\t\t\t\t<span class=\"knowMore__title\">Veja tamb\u00e9m<\/span>\n\t\t\t\t<a class=\"knowMore__link\" href=\"https:\/\/www.suno.com.br\/noticias\/vacinas-pfizer-astrazeneca-solicitam-india-uso-emergencial\/\">\n\t\t\tVacinas: Pfizer e AstraZeneca solicitam \u00e0 \u00cdndia aval para uso emergencial\t\t<\/a>\n\t<\/div>\n\n\n<p>Al\u00e9m disso, o <a href=\"https:\/\/www.suno.com.br\/noticias\/forum-economico-mundial-davos-cingapura\/\">F\u00f3rum Econ\u00f4mico Mundial (WEF<\/a>, no acr\u00f4nimo em ingl\u00eas), tradicionalmente realizado em Davos, na Su\u00ed\u00e7a, anunciou que sua vers\u00e3o de 2021 ser\u00e1 em Cingapura, em virtude dos avan\u00e7os da doen\u00e7a na Europa. O evento retornar\u00e1 \u00e0 Davos na reuni\u00e3o anual de 2022.<\/p>\n<h2>Nasdaq em recorde (de novo); S&amp;P 500 recua<\/h2>\n<p>O S&amp;P 500 e o <a href=\"https:\/\/www.suno.com.br\/artigos\/indice-dow-jones-djia\/\">Dow Jones Industrial<\/a> recuaram de suas m\u00e1ximas hist\u00f3ricas \u00e0 medida que os investidores deram uma pausa rali. Apesar disso, o <a href=\"https:\/\/www.suno.com.br\/artigos\/nasdaq-composite\/\">Nasdaq Composite<\/a> ignorou o movimento dos dois grandes \u00edndices e anotou mais um recorde nesta sess\u00e3o.<\/p>\n<ul>\n<li>Nova York (S&amp;P 500): -0,19% &#8211; 3,691.96<\/li>\n<li>Nova York (DJIA): -0,49%- 30,069.20<\/li>\n<li>Nova York (Nasdaq Composite): +0,45%- 12,519.95<\/li>\n<\/ul>\n<p>O \u00edndice composto da <a href=\"https:\/\/www.suno.com.br\/artigos\/Nasdaq\/\">Nasdaq<\/a> foi puxado principalmente pelas chamadas mega caps, incluindo a <strong>Apple<\/strong> (NASDAQ: AAPL) e o <strong>Facebook<\/strong> (NASDAQ: FB), que apresentaram uma valoriza\u00e7\u00e3o de 1,23% e 2,10%, respectivamente. N\u00e3o obstante, pesou sobre o benchmark nomes como Alphabet, a dona do <strong>Google<\/strong> (NASDAQ: GOOGL) e <strong>Microsoft<\/strong> (NASDAQ: MSFT).<\/p>\n<h2>Bolsas da Europa fecham na maioria em baixa<\/h2>\n<p>As <a href=\"https:\/\/www.suno.com.br\/artigos\/bolsas-europeias\/\">bolsas europeias<\/a> fecharam na maioria em baixa, com o avan\u00e7o da covid-19 e as negocia\u00e7\u00f5es pelo Brexit no radar. O cont\u00ednuo patamar alto da doen\u00e7a, levando a novos lockdowns, tamb\u00e9m trouxe pessimismo quanto a uma r\u00e1pida recupera\u00e7\u00e3o econ\u00f4mica, afetando a\u00e7\u00f5es como as de petroleiras.<\/p>\n<ul>\n<li>Europa (Stoxx 600 Europe): -0,30% &#8211; 392,84<\/li>\n<li>Londres (<a href=\"https:\/\/www.suno.com.br\/artigos\/ftse-100\/\">FTSE 100<\/a>): +0,08% &#8211; 6.555,39<\/li>\n<li>Frankfurt (<a href=\"https:\/\/www.suno.com.br\/artigos\/dax-30\/\">DAX 30)<\/a>: -0,21% &#8211; 13.271,00<\/li>\n<li>Paris (<a href=\"https:\/\/www.suno.com.br\/artigos\/cac-40\/\">CAC 40<\/a>): -0,64% &#8211; 5.573,38<\/li>\n<li>Mil\u00e3o (<a href=\"https:\/\/www.suno.com.br\/artigos\/ftse-mib\/\">FTSE\/MIB<\/a>): -0,32% &#8211; 22.107,18<\/li>\n<li>Madri (IBEX 35): -0,57% &#8211; 8.275,60<\/li>\n<li>Lisboa (<a href=\"https:\/\/www.suno.com.br\/artigos\/psi-20\/\">PSI-20<\/a>): +0,02% &#8211; 4.703,77<\/li>\n<\/ul>\n<p>Por l\u00e1, os mercados permanecem monitorando as negocia\u00e7\u00f5es em Washington envolvendo um novo pacote de est\u00edmulos fiscais.<\/p>\n<h2>Bolsas da \u00c1sia majoritariamente em queda<\/h2>\n<p>As <a href=\"https:\/\/www.suno.com.br\/artigos\/bolsas-asiaticas\/\">bolsas asi\u00e1ticas<\/a> encerraram o preg\u00e3o sem dire\u00e7\u00e3o \u00fanica, de olho nas exporta\u00e7\u00f5es da China, nas tens\u00f5es sino-americanas e na segunda onda de covid-19.<\/p>\n<ul>\n<li>Hong Kong (<a href=\"https:\/\/www.suno.com.br\/artigos\/hang-seng\/\">Hang Seng<\/a>): -1,23% &#8211; 26.506,85<\/li>\n<li>Xangai (SSE Composite): -0,81% &#8211; 3.416,00<\/li>\n<li>T\u00f3quio (<a href=\"https:\/\/www.suno.com.br\/artigos\/nikkei-225\/\">Nikkei 225<\/a>): -0,76% &#8211; 26.547,44<\/li>\n<li>Seul (<a href=\"https:\/\/www.suno.com.br\/artigos\/kospi\/\">Kospi<\/a>): +0,51% &#8211; 2.745,44<\/li>\n<\/ul>\n<p>Deu algum \u00e2nimo ao investidor do mercado asi\u00e1tico o salto de 21,1% das exporta\u00e7\u00f5es da China em novembro, na compara\u00e7\u00e3o anual, superando a alta de 12% prevista por analistas consultados pelo <i>The Wall Street Journal<\/i>. J\u00e1 as importa\u00e7\u00f5es da China subiram 4,5% no mesmo intervalo. Neste caso, a proje\u00e7\u00e3o de economistas era de incremento maior, de 5,3%. Assim, em novembro, a China teve super\u00e1vit comercial de US$ 75,42 bilh\u00f5es no per\u00edodo, ante proje\u00e7\u00e3o de US$ 53,9 bilh\u00f5es.<\/p>\n<p>Mas a not\u00edcia de que os Estados Unidos planejam impor san\u00e7\u00f5es a mais integrantes do Partido Comunista da China e o avan\u00e7o da covid-19 em todo o planeta induziram cautela ao investidor estrangeiro neste in\u00edcio de semana, alinhado os \u00edndices asi\u00e1ticos ao <strong>S&amp;P 500<\/strong> e ao restante das principais bolsas mundiais.<\/p>\n<p><em>(Com informa\u00e7\u00f5es do Estad\u00e3o Conte\u00fado)<\/em><\/p>\n\t<p>\n\t\t<a href=\"https:\/\/lp.suno.com.br\/planilha-de-controle-de-investimentos\/\" target=\"_blank\" data-element=\"shortcode-suno-banner\" title=\"Banner SUNO, clique e saiba mais\">\n\t\t\t<picture>\n\t\t\t\t<source media=\"(max-width: 500px)\" srcset=\"https:\/\/files.sunoresearch.com.br\/n\/uploads\/2023\/03\/400x300-Controle-de-Investimentos.png\">\n\t\t\t\t<img class=\"newsContent__article__imgCapa newsContent__article__imgCapa--banner\"\n\t\t\t\t\tsrc=\"https:\/\/files.sunoresearch.com.br\/n\/uploads\/2023\/03\/1420x240-Controle-de-Investimentos.png\"\n\t\t\t\t\tdata-promo-id=\"75934\"\t\t\t\t\t\t\t\t\t\twidth='1420' height='240'\t\t\t\t\talt=\"https:\/\/files.sunoresearch.com.br\/n\/uploads\/2023\/03\/1420x240-Controle-de-Investimentos.png\"\n\t\t\t\t>\n\t\t\t<\/picture>\n\t\t<\/a>\n\t<\/p>\n\n\n","protected":false},"excerpt":{"rendered":"<p>De volta do final de semana, o S&amp;P 500 e os principais \u00edndices acion\u00e1rios das bolsas mundiais perderam parte do \u00e2nimo e fecharam a sess\u00e3o desta segunda-feira (7) sem dire\u00e7\u00e3o \u00fanica, com vi\u00e9s negativo. O S&amp;P 500 caiu 0,44% O recuo neste preg\u00e3o acontece ap\u00f3s os benchmarks internacionais anotarem mais uma semana de ganhos substanciais, [&hellip;]<\/p>\n","protected":false},"author":35,"featured_media":106227,"comment_status":"closed","ping_status":"closed","sticky":false,"template":"","format":"standard","meta":[],"categories":[63],"tags":[104703,11122,3745,2006,3746,105068,105108,105222,105187,105105,105107,105309,2667,105106,105069],"suno_strategy":[],"class_list":["post-106223","post","type-post","status-publish","format-standard","has-post-thumbnail","hentry","category-internacional","tag-bolsas-mundiais","tag-cac-40","tag-dax-30","tag-dow-jones","tag-ftse-100","tag-ftse-mib","tag-hang-seng","tag-ibex-35","tag-kospi","tag-nasdaq-composite","tag-nikkei-225","tag-psi-20","tag-sp-500","tag-sse-composite","tag-stoxx-600-europe"],"yoast_head":"<!-- This site is optimized with the Yoast SEO plugin v24.4 - https:\/\/yoast.com\/wordpress\/plugins\/seo\/ -->\n<title>S&amp;P 500 cai de m\u00e1xima; bolsas mundiais fecham com vi\u00e9s negativo<\/title>\n<meta name=\"description\" content=\"Depois de uma semana azulada, o S&amp;P 500 e as bolsas mundiais deram uma pausa no rali e fecharam com vi\u00e9s negativo. Clique para saber mais\" \/>\n<meta name=\"robots\" content=\"index, follow, max-snippet:-1, max-image-preview:large, max-video-preview:-1\" \/>\n<link rel=\"canonical\" href=\"https:\/\/www.suno.com.br\/noticias\/sp-500-bolsas-mundiais-fecham-vies-negativo\/\" \/>\n<meta property=\"og:locale\" content=\"pt_BR\" \/>\n<meta property=\"og:type\" content=\"article\" \/>\n<meta property=\"og:title\" content=\"S&amp;P 500 cai de m\u00e1xima; bolsas mundiais fecham com vi\u00e9s negativo\" \/>\n<meta property=\"og:description\" content=\"Depois de uma semana azulada, o S&amp;P 500 e as bolsas mundiais deram uma pausa no rali e fecharam com vi\u00e9s negativo. Clique para saber mais\" \/>\n<meta property=\"og:url\" content=\"https:\/\/www.suno.com.br\/noticias\/sp-500-bolsas-mundiais-fecham-vies-negativo\/\" \/>\n<meta property=\"og:site_name\" content=\"Suno Not\u00edcias\" \/>\n<meta property=\"article:publisher\" content=\"https:\/\/facebook.com\/sunoresearch\" \/>\n<meta property=\"og:image\" content=\"https:\/\/files.sunoresearch.com.br\/n\/uploads\/2020\/12\/c91287d1-stock-tracking-blur.jpg\" \/>\n\t<meta property=\"og:image:width\" content=\"570\" \/>\n\t<meta property=\"og:image:height\" content=\"380\" \/>\n\t<meta property=\"og:image:type\" content=\"image\/jpeg\" \/>\n<meta name=\"author\" content=\"Arthur Guimar\u00e3es\" \/>\n<meta name=\"twitter:card\" content=\"summary_large_image\" \/>\n<meta name=\"twitter:creator\" content=\"@sunoresearch\" \/>\n<meta name=\"twitter:site\" content=\"@sunoresearch\" \/>\n<meta name=\"twitter:label1\" content=\"Escrito por\" \/>\n\t<meta name=\"twitter:data1\" content=\"Arthur Guimar\u00e3es\" \/>\n\t<meta name=\"twitter:label2\" content=\"Est. tempo de leitura\" \/>\n\t<meta name=\"twitter:data2\" content=\"4 minutos\" \/>\n<script type=\"application\/ld+json\" class=\"yoast-schema-graph\">{\"@context\":\"https:\/\/schema.org\",\"@graph\":[{\"@type\":\"NewsArticle\",\"@id\":\"https:\/\/www.suno.com.br\/noticias\/sp-500-bolsas-mundiais-fecham-vies-negativo\/#article\",\"isPartOf\":{\"@id\":\"https:\/\/www.suno.com.br\/noticias\/sp-500-bolsas-mundiais-fecham-vies-negativo\/\"},\"author\":{\"name\":\"Arthur Guimar\u00e3es\",\"@id\":\"https:\/\/www.suno.com.br\/noticias\/#\/schema\/person\/053a750a709a263919a20f976caae91c\"},\"headline\":\"S&#038;P 500 cai de m\u00e1xima; bolsas mundiais fecham com vi\u00e9s negativo\",\"datePublished\":\"2020-12-07T22:05:21+00:00\",\"mainEntityOfPage\":{\"@id\":\"https:\/\/www.suno.com.br\/noticias\/sp-500-bolsas-mundiais-fecham-vies-negativo\/\"},\"wordCount\":816,\"publisher\":{\"@id\":\"https:\/\/www.suno.com.br\/noticias\/#organization\"},\"image\":{\"@id\":\"https:\/\/www.suno.com.br\/noticias\/sp-500-bolsas-mundiais-fecham-vies-negativo\/#primaryimage\"},\"thumbnailUrl\":\"https:\/\/files.sunoresearch.com.br\/n\/uploads\/2020\/12\/c91287d1-stock-tracking-blur-jpg.webp\",\"keywords\":[\"Bolsas mundiais\",\"CAC 40\",\"Dax\u00a030\",\"Dow Jones\",\"FTSE 100\",\"FTSE MIB\",\"Hang Seng\",\"IBEX 35\",\"Kospi\",\"Nasdaq Composite\",\"Nikkei 225\",\"PSI 20\",\"S&amp;P 500\",\"SSE Composite\",\"Stoxx 600 Europe\"],\"articleSection\":[\"Internacional\"],\"inLanguage\":\"pt-BR\"},{\"@type\":\"WebPage\",\"@id\":\"https:\/\/www.suno.com.br\/noticias\/sp-500-bolsas-mundiais-fecham-vies-negativo\/\",\"url\":\"https:\/\/www.suno.com.br\/noticias\/sp-500-bolsas-mundiais-fecham-vies-negativo\/\",\"name\":\"S&P 500 cai de m\u00e1xima; bolsas mundiais fecham com vi\u00e9s negativo\",\"isPartOf\":{\"@id\":\"https:\/\/www.suno.com.br\/noticias\/#website\"},\"primaryImageOfPage\":{\"@id\":\"https:\/\/www.suno.com.br\/noticias\/sp-500-bolsas-mundiais-fecham-vies-negativo\/#primaryimage\"},\"image\":{\"@id\":\"https:\/\/www.suno.com.br\/noticias\/sp-500-bolsas-mundiais-fecham-vies-negativo\/#primaryimage\"},\"thumbnailUrl\":\"https:\/\/files.sunoresearch.com.br\/n\/uploads\/2020\/12\/c91287d1-stock-tracking-blur-jpg.webp\",\"datePublished\":\"2020-12-07T22:05:21+00:00\",\"description\":\"Depois de uma semana azulada, o S&P 500 e as bolsas mundiais deram uma pausa no rali e fecharam com vi\u00e9s negativo. Clique para saber mais\",\"breadcrumb\":{\"@id\":\"https:\/\/www.suno.com.br\/noticias\/sp-500-bolsas-mundiais-fecham-vies-negativo\/#breadcrumb\"},\"inLanguage\":\"pt-BR\",\"potentialAction\":[{\"@type\":\"ReadAction\",\"target\":[\"https:\/\/www.suno.com.br\/noticias\/sp-500-bolsas-mundiais-fecham-vies-negativo\/\"]}]},{\"@type\":\"ImageObject\",\"inLanguage\":\"pt-BR\",\"@id\":\"https:\/\/www.suno.com.br\/noticias\/sp-500-bolsas-mundiais-fecham-vies-negativo\/#primaryimage\",\"url\":\"https:\/\/files.sunoresearch.com.br\/n\/uploads\/2020\/12\/c91287d1-stock-tracking-blur-jpg.webp\",\"contentUrl\":\"https:\/\/files.sunoresearch.com.br\/n\/uploads\/2020\/12\/c91287d1-stock-tracking-blur-jpg.webp\",\"width\":570,\"height\":380,\"caption\":\"O S&P 500 caiu 0,44%\"},{\"@type\":\"BreadcrumbList\",\"@id\":\"https:\/\/www.suno.com.br\/noticias\/sp-500-bolsas-mundiais-fecham-vies-negativo\/#breadcrumb\",\"itemListElement\":[{\"@type\":\"ListItem\",\"position\":1,\"name\":\"Not\u00edcias\",\"item\":\"https:\/\/www.suno.com.br\/noticias\/\"},{\"@type\":\"ListItem\",\"position\":2,\"name\":\"Internacional\",\"item\":\"https:\/\/www.suno.com.br\/noticias\/internacional\/\"},{\"@type\":\"ListItem\",\"position\":3,\"name\":\"S&#038;P 500 cai de m\u00e1xima; bolsas mundiais fecham com vi\u00e9s negativo\"}]},{\"@type\":\"WebSite\",\"@id\":\"https:\/\/www.suno.com.br\/noticias\/#website\",\"url\":\"https:\/\/www.suno.com.br\/noticias\/\",\"name\":\"Suno Not\u00edcias\",\"description\":\"Seu portal de informa\u00e7\u00e3o sobre o mundo dos investimentos\",\"publisher\":{\"@id\":\"https:\/\/www.suno.com.br\/noticias\/#organization\"},\"potentialAction\":[{\"@type\":\"SearchAction\",\"target\":{\"@type\":\"EntryPoint\",\"urlTemplate\":\"https:\/\/www.suno.com.br\/noticias\/?s={search_term_string}\"},\"query-input\":{\"@type\":\"PropertyValueSpecification\",\"valueRequired\":true,\"valueName\":\"search_term_string\"}}],\"inLanguage\":\"pt-BR\"},{\"@type\":\"Organization\",\"@id\":\"https:\/\/www.suno.com.br\/noticias\/#organization\",\"name\":\"Suno Not\u00edcias\",\"url\":\"https:\/\/www.suno.com.br\/noticias\/\",\"logo\":{\"@type\":\"ImageObject\",\"inLanguage\":\"pt-BR\",\"@id\":\"https:\/\/www.suno.com.br\/noticias\/#\/schema\/logo\/image\/\",\"url\":\"https:\/\/files.sunoresearch.com.br\/n\/uploads\/2021\/09\/suno-logo.png\",\"contentUrl\":\"https:\/\/files.sunoresearch.com.br\/n\/uploads\/2021\/09\/suno-logo.png\",\"width\":180,\"height\":180,\"caption\":\"Suno Not\u00edcias\"},\"image\":{\"@id\":\"https:\/\/www.suno.com.br\/noticias\/#\/schema\/logo\/image\/\"},\"sameAs\":[\"https:\/\/facebook.com\/sunoresearch\",\"https:\/\/x.com\/sunoresearch\",\"https:\/\/www.instagram.com\/suno\",\"https:\/\/www.linkedin.com\/company\/suno-research\/\",\"https:\/\/www.youtube.com\/c\/sunoresearch\"]},{\"@type\":\"Person\",\"@id\":\"https:\/\/www.suno.com.br\/noticias\/#\/schema\/person\/053a750a709a263919a20f976caae91c\",\"name\":\"Arthur Guimar\u00e3es\",\"image\":{\"@type\":\"ImageObject\",\"inLanguage\":\"pt-BR\",\"@id\":\"https:\/\/www.suno.com.br\/noticias\/#\/schema\/person\/image\/\",\"url\":\"https:\/\/secure.gravatar.com\/avatar\/1affd86a11209ae09eb6dd3bcad3e96c?s=96&r=g\",\"contentUrl\":\"https:\/\/secure.gravatar.com\/avatar\/1affd86a11209ae09eb6dd3bcad3e96c?s=96&r=g\",\"caption\":\"Arthur Guimar\u00e3es\"},\"description\":\"Arthur Guimar\u00e3es escreve sobre pol\u00edtica, economia e neg\u00f3cios para o portal de not\u00edcias da Suno Research. Atualmente, \u00e9 estudante de jornalismo pela Faculdade C\u00e1sper L\u00edbero.\",\"url\":\"https:\/\/www.suno.com.br\/noticias\/author\/arthur-guimaraes\/\"}]}<\/script>\n<!-- \/ Yoast SEO plugin. -->","yoast_head_json":{"title":"S&P 500 cai de m\u00e1xima; bolsas mundiais fecham com vi\u00e9s negativo","description":"Depois de uma semana azulada, o S&P 500 e as bolsas mundiais deram uma pausa no rali e fecharam com vi\u00e9s negativo. Clique para saber mais","robots":{"index":"index","follow":"follow","max-snippet":"max-snippet:-1","max-image-preview":"max-image-preview:large","max-video-preview":"max-video-preview:-1"},"canonical":"https:\/\/www.suno.com.br\/noticias\/sp-500-bolsas-mundiais-fecham-vies-negativo\/","og_locale":"pt_BR","og_type":"article","og_title":"S&P 500 cai de m\u00e1xima; bolsas mundiais fecham com vi\u00e9s negativo","og_description":"Depois de uma semana azulada, o S&P 500 e as bolsas mundiais deram uma pausa no rali e fecharam com vi\u00e9s negativo. Clique para saber mais","og_url":"https:\/\/www.suno.com.br\/noticias\/sp-500-bolsas-mundiais-fecham-vies-negativo\/","og_site_name":"Suno Not\u00edcias","article_publisher":"https:\/\/facebook.com\/sunoresearch","og_image":[{"width":570,"height":380,"url":"https:\/\/files.sunoresearch.com.br\/n\/uploads\/2020\/12\/c91287d1-stock-tracking-blur.jpg","type":"image\/jpeg"}],"author":"Arthur Guimar\u00e3es","twitter_card":"summary_large_image","twitter_creator":"@sunoresearch","twitter_site":"@sunoresearch","twitter_misc":{"Escrito por":"Arthur Guimar\u00e3es","Est. tempo de leitura":"4 minutos"},"schema":{"@context":"https:\/\/schema.org","@graph":[{"@type":"NewsArticle","@id":"https:\/\/www.suno.com.br\/noticias\/sp-500-bolsas-mundiais-fecham-vies-negativo\/#article","isPartOf":{"@id":"https:\/\/www.suno.com.br\/noticias\/sp-500-bolsas-mundiais-fecham-vies-negativo\/"},"author":{"name":"Arthur Guimar\u00e3es","@id":"https:\/\/www.suno.com.br\/noticias\/#\/schema\/person\/053a750a709a263919a20f976caae91c"},"headline":"S&#038;P 500 cai de m\u00e1xima; bolsas mundiais fecham com vi\u00e9s negativo","datePublished":"2020-12-07T22:05:21+00:00","mainEntityOfPage":{"@id":"https:\/\/www.suno.com.br\/noticias\/sp-500-bolsas-mundiais-fecham-vies-negativo\/"},"wordCount":816,"publisher":{"@id":"https:\/\/www.suno.com.br\/noticias\/#organization"},"image":{"@id":"https:\/\/www.suno.com.br\/noticias\/sp-500-bolsas-mundiais-fecham-vies-negativo\/#primaryimage"},"thumbnailUrl":"https:\/\/files.sunoresearch.com.br\/n\/uploads\/2020\/12\/c91287d1-stock-tracking-blur-jpg.webp","keywords":["Bolsas mundiais","CAC 40","Dax\u00a030","Dow Jones","FTSE 100","FTSE MIB","Hang Seng","IBEX 35","Kospi","Nasdaq Composite","Nikkei 225","PSI 20","S&amp;P 500","SSE Composite","Stoxx 600 Europe"],"articleSection":["Internacional"],"inLanguage":"pt-BR"},{"@type":"WebPage","@id":"https:\/\/www.suno.com.br\/noticias\/sp-500-bolsas-mundiais-fecham-vies-negativo\/","url":"https:\/\/www.suno.com.br\/noticias\/sp-500-bolsas-mundiais-fecham-vies-negativo\/","name":"S&P 500 cai de m\u00e1xima; bolsas mundiais fecham com vi\u00e9s negativo","isPartOf":{"@id":"https:\/\/www.suno.com.br\/noticias\/#website"},"primaryImageOfPage":{"@id":"https:\/\/www.suno.com.br\/noticias\/sp-500-bolsas-mundiais-fecham-vies-negativo\/#primaryimage"},"image":{"@id":"https:\/\/www.suno.com.br\/noticias\/sp-500-bolsas-mundiais-fecham-vies-negativo\/#primaryimage"},"thumbnailUrl":"https:\/\/files.sunoresearch.com.br\/n\/uploads\/2020\/12\/c91287d1-stock-tracking-blur-jpg.webp","datePublished":"2020-12-07T22:05:21+00:00","description":"Depois de uma semana azulada, o S&P 500 e as bolsas mundiais deram uma pausa no rali e fecharam com vi\u00e9s negativo. Clique para saber mais","breadcrumb":{"@id":"https:\/\/www.suno.com.br\/noticias\/sp-500-bolsas-mundiais-fecham-vies-negativo\/#breadcrumb"},"inLanguage":"pt-BR","potentialAction":[{"@type":"ReadAction","target":["https:\/\/www.suno.com.br\/noticias\/sp-500-bolsas-mundiais-fecham-vies-negativo\/"]}]},{"@type":"ImageObject","inLanguage":"pt-BR","@id":"https:\/\/www.suno.com.br\/noticias\/sp-500-bolsas-mundiais-fecham-vies-negativo\/#primaryimage","url":"https:\/\/files.sunoresearch.com.br\/n\/uploads\/2020\/12\/c91287d1-stock-tracking-blur-jpg.webp","contentUrl":"https:\/\/files.sunoresearch.com.br\/n\/uploads\/2020\/12\/c91287d1-stock-tracking-blur-jpg.webp","width":570,"height":380,"caption":"O S&P 500 caiu 0,44%"},{"@type":"BreadcrumbList","@id":"https:\/\/www.suno.com.br\/noticias\/sp-500-bolsas-mundiais-fecham-vies-negativo\/#breadcrumb","itemListElement":[{"@type":"ListItem","position":1,"name":"Not\u00edcias","item":"https:\/\/www.suno.com.br\/noticias\/"},{"@type":"ListItem","position":2,"name":"Internacional","item":"https:\/\/www.suno.com.br\/noticias\/internacional\/"},{"@type":"ListItem","position":3,"name":"S&#038;P 500 cai de m\u00e1xima; bolsas mundiais fecham com vi\u00e9s negativo"}]},{"@type":"WebSite","@id":"https:\/\/www.suno.com.br\/noticias\/#website","url":"https:\/\/www.suno.com.br\/noticias\/","name":"Suno Not\u00edcias","description":"Seu portal de informa\u00e7\u00e3o sobre o mundo dos investimentos","publisher":{"@id":"https:\/\/www.suno.com.br\/noticias\/#organization"},"potentialAction":[{"@type":"SearchAction","target":{"@type":"EntryPoint","urlTemplate":"https:\/\/www.suno.com.br\/noticias\/?s={search_term_string}"},"query-input":{"@type":"PropertyValueSpecification","valueRequired":true,"valueName":"search_term_string"}}],"inLanguage":"pt-BR"},{"@type":"Organization","@id":"https:\/\/www.suno.com.br\/noticias\/#organization","name":"Suno Not\u00edcias","url":"https:\/\/www.suno.com.br\/noticias\/","logo":{"@type":"ImageObject","inLanguage":"pt-BR","@id":"https:\/\/www.suno.com.br\/noticias\/#\/schema\/logo\/image\/","url":"https:\/\/files.sunoresearch.com.br\/n\/uploads\/2021\/09\/suno-logo.png","contentUrl":"https:\/\/files.sunoresearch.com.br\/n\/uploads\/2021\/09\/suno-logo.png","width":180,"height":180,"caption":"Suno Not\u00edcias"},"image":{"@id":"https:\/\/www.suno.com.br\/noticias\/#\/schema\/logo\/image\/"},"sameAs":["https:\/\/facebook.com\/sunoresearch","https:\/\/x.com\/sunoresearch","https:\/\/www.instagram.com\/suno","https:\/\/www.linkedin.com\/company\/suno-research\/","https:\/\/www.youtube.com\/c\/sunoresearch"]},{"@type":"Person","@id":"https:\/\/www.suno.com.br\/noticias\/#\/schema\/person\/053a750a709a263919a20f976caae91c","name":"Arthur Guimar\u00e3es","image":{"@type":"ImageObject","inLanguage":"pt-BR","@id":"https:\/\/www.suno.com.br\/noticias\/#\/schema\/person\/image\/","url":"https:\/\/secure.gravatar.com\/avatar\/1affd86a11209ae09eb6dd3bcad3e96c?s=96&r=g","contentUrl":"https:\/\/secure.gravatar.com\/avatar\/1affd86a11209ae09eb6dd3bcad3e96c?s=96&r=g","caption":"Arthur Guimar\u00e3es"},"description":"Arthur Guimar\u00e3es escreve sobre pol\u00edtica, economia e neg\u00f3cios para o portal de not\u00edcias da Suno Research. Atualmente, \u00e9 estudante de jornalismo pela Faculdade C\u00e1sper L\u00edbero.","url":"https:\/\/www.suno.com.br\/noticias\/author\/arthur-guimaraes\/"}]}},"default_loop_html":"<div class=\"cardsPage__listCard__boxs\"><div class=\"cardsPage__listCard__boxs__img\"><a href=\"https:\/\/www.suno.com.br\/noticias\/sp-500-bolsas-mundiais-fecham-vies-negativo\/\"><img class=\"mask\" src=\"https:\/\/www.suno.com.br\/noticias\/wp-content\/themes\/suno\/resources\/images\/spotlight\/spotlight1img\/bg-mask.png\" alt=\"Image Mask\"\/><img src=\"https:\/\/files.sunoresearch.com.br\/n\/uploads\/2020\/12\/c91287d1-stock-tracking-blur-400x200.webp\" alt=\"S&#038;P 500 cai de m\u00e1xima; bolsas mundiais fecham com vi\u00e9s negativo\"\/><\/a><span class=\"spotlightCategory\"><a href=\"https:\/\/www.suno.com.br\/noticias\/internacional\/\">Internacional<\/a><\/span><\/div><div class=\"cardsPage__listCard__boxs__content\"><a href=\"https:\/\/www.suno.com.br\/noticias\/sp-500-bolsas-mundiais-fecham-vies-negativo\/\"><h2 class=\"content__title\">S&#038;P 500 cai de m\u00e1xima; bolsas mundiais fecham com vi\u00e9s negativo<\/h2><\/a><div class=\"newsContent__article__meta\"><div class=\"newsContent__article__meta__authorBox\"><a href=\"https:\/\/www.suno.com.br\/noticias\/author\/arthur-guimaraes\/\" class=\"authorBox__avatar noMobi\"><img src=\"https:\/\/files.sunoresearch.com.br\/n\/uploads\/2020\/02\/dfb40897-eu-150x150.webp\" alt=\"Arthur Guimar\u00e3es\"><\/a><div class=\"authorBox__name\"><span>por\n\t\t\t<a href=\"https:\/\/www.suno.com.br\/noticias\/author\/arthur-guimaraes\/\"><span itemprop=\"author\">Arthur Guimar\u00e3es<\/span><\/a><\/span><time datetime=\"2020-12-07T19:05:21-03:00\" itemprop=\"datePublished\">07\/12\/2020 19:05<\/time><\/div><\/div><\/div><\/div><\/div>","single_layout":"posts","amp_enabled":true,"_links":{"self":[{"href":"https:\/\/www.suno.com.br\/noticias\/wp-json\/wp\/v2\/posts\/106223"}],"collection":[{"href":"https:\/\/www.suno.com.br\/noticias\/wp-json\/wp\/v2\/posts"}],"about":[{"href":"https:\/\/www.suno.com.br\/noticias\/wp-json\/wp\/v2\/types\/post"}],"author":[{"embeddable":true,"href":"https:\/\/www.suno.com.br\/noticias\/wp-json\/wp\/v2\/users\/35"}],"replies":[{"embeddable":true,"href":"https:\/\/www.suno.com.br\/noticias\/wp-json\/wp\/v2\/comments?post=106223"}],"version-history":[{"count":0,"href":"https:\/\/www.suno.com.br\/noticias\/wp-json\/wp\/v2\/posts\/106223\/revisions"}],"wp:featuredmedia":[{"embeddable":true,"href":"https:\/\/www.suno.com.br\/noticias\/wp-json\/wp\/v2\/media\/106227"}],"wp:attachment":[{"href":"https:\/\/www.suno.com.br\/noticias\/wp-json\/wp\/v2\/media?parent=106223"}],"wp:term":[{"taxonomy":"category","embeddable":true,"href":"https:\/\/www.suno.com.br\/noticias\/wp-json\/wp\/v2\/categories?post=106223"},{"taxonomy":"post_tag","embeddable":true,"href":"https:\/\/www.suno.com.br\/noticias\/wp-json\/wp\/v2\/tags?post=106223"},{"taxonomy":"suno_strategy","embeddable":true,"href":"https:\/\/www.suno.com.br\/noticias\/wp-json\/wp\/v2\/suno_strategy?post=106223"}],"curies":[{"name":"wp","href":"https:\/\/api.w.org\/{rel}","templated":true}]}}