{"id":106170,"date":"2020-12-07T16:49:46","date_gmt":"2020-12-07T19:49:46","guid":{"rendered":"https:\/\/www.suno.com.br\/noticias\/?p=106170"},"modified":"2020-12-07T16:49:46","modified_gmt":"2020-12-07T19:49:46","slug":"gol-goll4-volta-operar-boeing-737-max","status":"publish","type":"post","link":"https:\/\/www.suno.com.br\/noticias\/gol-goll4-volta-operar-boeing-737-max\/","title":{"rendered":"Gol (GOLL4) voltar\u00e1 a operar com Boeing 737 MAX a partir de quarta-feira"},"content":{"rendered":"<p>A <a href=\"https:\/\/www.suno.com.br\/acoes\/goll4\/\" target=\"_blank\" rel=\"noopener noreferrer\"><strong>Gol<\/strong> (GOLL4)<\/a> comunicou nesta segunda-feira (7) que voltar\u00e1 a operar voos comerciais com Boeing modelo 737 MAX a partir do pr\u00f3ximo dia 9. As informa\u00e7\u00f5es foram divulgadas pelo jornal <em>Valor Econ\u00f4mico<\/em>.<\/p>\t<div class=\"wrapper-featured-image\">\n\t\t<figure class=\"spotlightImg\">\n\n\t\t\t<picture>\n\t\t\t\t<source media=\"(max-width: 768px)\" srcset=\"https:\/\/files.sunoresearch.com.br\/n\/uploads\/2020\/12\/3800d8dc-gol_boeing_737-700_takes_off_from_santos_dumont_airport-400x200.webp\">\n\t\t\t\t<img loading=\"lazy\" decoding=\"async\" class=\"newsContent__article__imgCapa lazyloadDisabled \" src=\"https:\/\/files.sunoresearch.com.br\/n\/uploads\/2020\/12\/3800d8dc-gol_boeing_737-700_takes_off_from_santos_dumont_airport-jpg.webp\" width=\"800\" height=\"450\" alt=\"Gol (GOLL4) voltar\u00e1 a operar com Boeing 737 MAX a partir de quarta-feira\" fetchpriority=high \/>\n\t\t\t<\/picture>\n\n\t\t\t<figcaption class=\"wp-caption-text wp-caption-text--show\">Gol (GOLL4) v\u00ea viagens de lazer pr\u00f3ximas ao n\u00edvel pr\u00e9-covid<\/figcaption>\n\t\t<\/figure>\n\t<\/div>\n\n\n<p><b>\t<p>\n\t\t<a href=\"https:\/\/lp.suno.com.br\/planilha-controle-gastos\/\" target=\"_blank\" data-element=\"shortcode-suno-banner\" title=\"Banner SUNO, clique e saiba mais\">\n\t\t\t<picture>\n\t\t\t\t<source media=\"(max-width: 500px)\" srcset=\"https:\/\/files.sunoresearch.com.br\/n\/uploads\/2023\/03\/400x300-Planilha-controle-de-gastos.png\">\n\t\t\t\t<img class=\"newsContent__article__imgCapa newsContent__article__imgCapa--banner\"\n\t\t\t\t\tsrc=\"https:\/\/files.sunoresearch.com.br\/n\/uploads\/2023\/03\/1420x240-Planilha-controle-de-gastos.png\"\n\t\t\t\t\tdata-promo-id=\"101751\"\t\t\t\t\t\t\t\t\t\twidth='1420' height='240'\t\t\t\t\talt=\"https:\/\/files.sunoresearch.com.br\/n\/uploads\/2023\/03\/1420x240-Planilha-controle-de-gastos.png\"\n\t\t\t\t>\n\t\t\t<\/picture>\n\t\t<\/a>\n\t<\/p>\n\n <\/b><\/p>\n<p>O presidente da companhia a\u00e9rea, <a href=\"https:\/\/www.suno.com.br\/tudo-sobre\/paulo-kakinoff\/\">Paulo Kakinoff<\/a>, afirmou, em evento para jornalistas, que dos total de sete avi\u00f5es do modelo <strong>737 MAX<\/strong>, dois j\u00e1 ser\u00e3o integrados \u00e0 frota operacional nesta semana. \u201cA previs\u00e3o \u00e9 que em duas semanas os sete avi\u00f5es j\u00e1 estejam operando regularmente&#8221;, disse o executivo da Gol.<\/p>\n<p>O an\u00fancio ocorre depois as viagens com o modelo da <strong>Boeing<\/strong> ficarem suspensas em todo o mundo ap\u00f3s dois acidentes fatais no exterior, em 2018 e 2019, que deixaram 346 mortos. No Brasil, a Gol \u00e9 a \u00fanica que opera com o 737 MAX.<\/p>\n<p><b>\t<p>\n\t\t<a href=\"https:\/\/lp.suno.com.br\/planilha-controle-gastos\/\" target=\"_blank\" data-element=\"shortcode-suno-banner\" title=\"Banner SUNO, clique e saiba mais\">\n\t\t\t<picture>\n\t\t\t\t<source media=\"(max-width: 500px)\" srcset=\"https:\/\/files.sunoresearch.com.br\/n\/uploads\/2023\/03\/400x300-Planilha-controle-de-gastos.png\">\n\t\t\t\t<img class=\"newsContent__article__imgCapa newsContent__article__imgCapa--banner\"\n\t\t\t\t\tsrc=\"https:\/\/files.sunoresearch.com.br\/n\/uploads\/2023\/03\/1420x240-Planilha-controle-de-gastos.png\"\n\t\t\t\t\tdata-promo-id=\"101751\"\t\t\t\t\t\t\t\t\t\twidth='1420' height='240'\t\t\t\t\talt=\"https:\/\/files.sunoresearch.com.br\/n\/uploads\/2023\/03\/1420x240-Planilha-controle-de-gastos.png\"\n\t\t\t\t>\n\t\t\t<\/picture>\n\t\t<\/a>\n\t<\/p>\n\n <\/b><\/p>\n<p>A empresa foi a primeira a anunciar a paralisa\u00e7\u00e3o dos voos com o avi\u00f5es, antes mesmo da decis\u00e3o da<br \/>\nFederal Aviation Administration (FAA, o \u00f3rg\u00e3o regulador do setor de avia\u00e7\u00e3o dos Estados Unidos) e da Ag\u00eancia Nacional de Avia\u00e7\u00e3o Civil (Anac).<\/p>\n<h2>Boeing 737 MAX responder\u00e3o por at\u00e9 7% do total de voos da Gol<\/h2>\n<p>Atualmente, a frota total do Gol \u00e9 de 128 avi\u00f5es. Desse total, a companhia a\u00e9rea opera com quase 100 avi\u00f5es em dezembro. Nesse sentido, Kakinoff pontuou que os modelos <strong>737 MAX<\/strong> ir\u00e3o responder por cerca de 6% a 7% do total de voos da empresa por enquanto.<\/p>\n<p>\u201cEssa aeronave \u00e9 um pilar fundamental na nossa estrat\u00e9gia de recupera\u00e7\u00e3o. Ela reduz o consumo de combust\u00edvel em 15%. Esse \u00e9 um ganho fundamental e muito bem vindo em um momento como este\u201d, afirmou o presidente da Gol.<\/p>\n\t<div data-element=\"shortcode-read-more\" class=\"knowMore\">\n\t\t\t\t<span class=\"knowMore__title\">Saiba mais<\/span>\n\t\t\t\t<a class=\"knowMore__link\" href=\"https:\/\/www.suno.com.br\/noticias\/gol-incorporacao-smiles\/\">\n\t\t\tGol (GOLL4) prop\u00f5e incorpora\u00e7\u00e3o de a\u00e7\u00f5es \u00e0 Smiles (SMLS3)\t\t<\/a>\n\t<\/div>\n\n\n<p>A companhia n\u00e3o informou quais viagens ser\u00e3o realizadas com o modelos.<\/p>\n<p>Apesar disso, segundo Kakinoff, todos os clientes ser\u00e3o informados que os <strong>voos<\/strong> poder\u00e3o ser feitos com avi\u00f5es modelo NG ou Max. Dessa forma, aqueles que preferirem n\u00e3o voar com as aeronaves ter\u00e3o o direito de remarcar o voo, sem custos adicionais.<\/p>\n<p>Por volta das 16h30, as a\u00e7\u00f5es da <strong>Gol<\/strong>, negociadas na <a href=\"https:\/\/www.suno.com.br\/artigos\/b3\/\">Bolsa de Valores de S\u00e3o Paulo (B3)<\/a> com o c\u00f3digo &#8220;GOLL4&#8221;, operam em alta de 4,77%, a R$ 28,34. O <a href=\"https:\/\/www.suno.com.br\/artigos\/ibovespa\/\">Ibovespa<\/a> sobe 0,44%, a 114.248,01 pontos.<\/p>\n\t<p>\n\t\t<a href=\"https:\/\/lp.suno.com.br\/planilha-de-controle-de-investimentos\/\" target=\"_blank\" data-element=\"shortcode-suno-banner\" title=\"Banner SUNO, clique e saiba mais\">\n\t\t\t<picture>\n\t\t\t\t<source media=\"(max-width: 500px)\" srcset=\"https:\/\/files.sunoresearch.com.br\/n\/uploads\/2023\/03\/400x300-Controle-de-Investimentos.png\">\n\t\t\t\t<img class=\"newsContent__article__imgCapa newsContent__article__imgCapa--banner\"\n\t\t\t\t\tsrc=\"https:\/\/files.sunoresearch.com.br\/n\/uploads\/2023\/03\/1420x240-Controle-de-Investimentos.png\"\n\t\t\t\t\tdata-promo-id=\"75934\"\t\t\t\t\t\t\t\t\t\twidth='1420' height='240'\t\t\t\t\talt=\"https:\/\/files.sunoresearch.com.br\/n\/uploads\/2023\/03\/1420x240-Controle-de-Investimentos.png\"\n\t\t\t\t>\n\t\t\t<\/picture>\n\t\t<\/a>\n\t<\/p>\n\n\n","protected":false},"excerpt":{"rendered":"<p>A Gol (GOLL4) comunicou nesta segunda-feira (7) que voltar\u00e1 a operar voos comerciais com Boeing modelo 737 MAX a partir do pr\u00f3ximo dia 9. As informa\u00e7\u00f5es foram divulgadas pelo jornal Valor Econ\u00f4mico. Gol (GOLL4) v\u00ea viagens de lazer pr\u00f3ximas ao n\u00edvel pr\u00e9-covid O presidente da companhia a\u00e9rea, Paulo Kakinoff, afirmou, em evento para jornalistas, que [&hellip;]<\/p>\n","protected":false},"author":35,"featured_media":106193,"comment_status":"closed","ping_status":"closed","sticky":false,"template":"","format":"standard","meta":[],"categories":[64],"tags":[1382,828,1594,489],"suno_strategy":[],"class_list":["post-106170","post","type-post","status-publish","format-standard","has-post-thumbnail","hentry","category-negocios","tag-737-max","tag-boeing-boei34","tag-companhias-aereas","tag-gol-linhas-aereas-goll11-goll4"],"yoast_head":"<!-- This site is optimized with the Yoast SEO plugin v24.4 - https:\/\/yoast.com\/wordpress\/plugins\/seo\/ -->\n<title>Gol (GOLL4) voltar\u00e1 a operar com Boeing 737 MAX a partir de quarta<\/title>\n<meta name=\"description\" content=\"A Gol (GOLL4) comunicou que voltar\u00e1 a operar voos comerciais com Boeing modelo 737 MAX a partir do pr\u00f3ximo dia 9. Clique para saber mais\" \/>\n<meta name=\"robots\" content=\"index, follow, max-snippet:-1, max-image-preview:large, max-video-preview:-1\" \/>\n<link rel=\"canonical\" href=\"https:\/\/www.suno.com.br\/noticias\/gol-goll4-volta-operar-boeing-737-max\/\" \/>\n<meta property=\"og:locale\" content=\"pt_BR\" \/>\n<meta property=\"og:type\" content=\"article\" \/>\n<meta property=\"og:title\" content=\"Gol (GOLL4) voltar\u00e1 a operar com Boeing 737 MAX a partir de quarta\" \/>\n<meta property=\"og:description\" content=\"A Gol (GOLL4) comunicou que voltar\u00e1 a operar voos comerciais com Boeing modelo 737 MAX a partir do pr\u00f3ximo dia 9. Clique para saber mais\" \/>\n<meta property=\"og:url\" content=\"https:\/\/www.suno.com.br\/noticias\/gol-goll4-volta-operar-boeing-737-max\/\" \/>\n<meta property=\"og:site_name\" content=\"Suno Not\u00edcias\" \/>\n<meta property=\"article:publisher\" content=\"https:\/\/facebook.com\/sunoresearch\" \/>\n<meta property=\"og:image\" content=\"https:\/\/files.sunoresearch.com.br\/n\/uploads\/2020\/12\/3800d8dc-gol_boeing_737-700_takes_off_from_santos_dumont_airport.jpg\" \/>\n\t<meta property=\"og:image:width\" content=\"570\" \/>\n\t<meta property=\"og:image:height\" content=\"380\" \/>\n\t<meta property=\"og:image:type\" content=\"image\/jpeg\" \/>\n<meta name=\"author\" content=\"Arthur Guimar\u00e3es\" \/>\n<meta name=\"twitter:card\" content=\"summary_large_image\" \/>\n<meta name=\"twitter:creator\" content=\"@sunoresearch\" \/>\n<meta name=\"twitter:site\" content=\"@sunoresearch\" \/>\n<meta name=\"twitter:label1\" content=\"Escrito por\" \/>\n\t<meta name=\"twitter:data1\" content=\"Arthur Guimar\u00e3es\" \/>\n\t<meta name=\"twitter:label2\" content=\"Est. tempo de leitura\" \/>\n\t<meta name=\"twitter:data2\" content=\"2 minutos\" \/>\n<script type=\"application\/ld+json\" class=\"yoast-schema-graph\">{\"@context\":\"https:\/\/schema.org\",\"@graph\":[{\"@type\":\"NewsArticle\",\"@id\":\"https:\/\/www.suno.com.br\/noticias\/gol-goll4-volta-operar-boeing-737-max\/#article\",\"isPartOf\":{\"@id\":\"https:\/\/www.suno.com.br\/noticias\/gol-goll4-volta-operar-boeing-737-max\/\"},\"author\":{\"name\":\"Arthur Guimar\u00e3es\",\"@id\":\"https:\/\/www.suno.com.br\/noticias\/#\/schema\/person\/053a750a709a263919a20f976caae91c\"},\"headline\":\"Gol (GOLL4) voltar\u00e1 a operar com Boeing 737 MAX a partir de quarta-feira\",\"datePublished\":\"2020-12-07T19:49:46+00:00\",\"mainEntityOfPage\":{\"@id\":\"https:\/\/www.suno.com.br\/noticias\/gol-goll4-volta-operar-boeing-737-max\/\"},\"wordCount\":390,\"publisher\":{\"@id\":\"https:\/\/www.suno.com.br\/noticias\/#organization\"},\"image\":{\"@id\":\"https:\/\/www.suno.com.br\/noticias\/gol-goll4-volta-operar-boeing-737-max\/#primaryimage\"},\"thumbnailUrl\":\"https:\/\/files.sunoresearch.com.br\/n\/uploads\/2020\/12\/3800d8dc-gol_boeing_737-700_takes_off_from_santos_dumont_airport-jpg.webp\",\"keywords\":[\"737 max\",\"Boeing (BOEI34)\",\"companhias a\u00e9reas\",\"Gol Linhas A\u00e9reas (GOLL11\/GOLL4)\"],\"articleSection\":[\"Neg\u00f3cios\"],\"inLanguage\":\"pt-BR\"},{\"@type\":\"WebPage\",\"@id\":\"https:\/\/www.suno.com.br\/noticias\/gol-goll4-volta-operar-boeing-737-max\/\",\"url\":\"https:\/\/www.suno.com.br\/noticias\/gol-goll4-volta-operar-boeing-737-max\/\",\"name\":\"Gol (GOLL4) voltar\u00e1 a operar com Boeing 737 MAX a partir de quarta\",\"isPartOf\":{\"@id\":\"https:\/\/www.suno.com.br\/noticias\/#website\"},\"primaryImageOfPage\":{\"@id\":\"https:\/\/www.suno.com.br\/noticias\/gol-goll4-volta-operar-boeing-737-max\/#primaryimage\"},\"image\":{\"@id\":\"https:\/\/www.suno.com.br\/noticias\/gol-goll4-volta-operar-boeing-737-max\/#primaryimage\"},\"thumbnailUrl\":\"https:\/\/files.sunoresearch.com.br\/n\/uploads\/2020\/12\/3800d8dc-gol_boeing_737-700_takes_off_from_santos_dumont_airport-jpg.webp\",\"datePublished\":\"2020-12-07T19:49:46+00:00\",\"description\":\"A Gol (GOLL4) comunicou que voltar\u00e1 a operar voos comerciais com Boeing modelo 737 MAX a partir do pr\u00f3ximo dia 9. Clique para saber mais\",\"breadcrumb\":{\"@id\":\"https:\/\/www.suno.com.br\/noticias\/gol-goll4-volta-operar-boeing-737-max\/#breadcrumb\"},\"inLanguage\":\"pt-BR\",\"potentialAction\":[{\"@type\":\"ReadAction\",\"target\":[\"https:\/\/www.suno.com.br\/noticias\/gol-goll4-volta-operar-boeing-737-max\/\"]}]},{\"@type\":\"ImageObject\",\"inLanguage\":\"pt-BR\",\"@id\":\"https:\/\/www.suno.com.br\/noticias\/gol-goll4-volta-operar-boeing-737-max\/#primaryimage\",\"url\":\"https:\/\/files.sunoresearch.com.br\/n\/uploads\/2020\/12\/3800d8dc-gol_boeing_737-700_takes_off_from_santos_dumont_airport-jpg.webp\",\"contentUrl\":\"https:\/\/files.sunoresearch.com.br\/n\/uploads\/2020\/12\/3800d8dc-gol_boeing_737-700_takes_off_from_santos_dumont_airport-jpg.webp\",\"width\":570,\"height\":380,\"caption\":\"Gol (GOLL4) v\u00ea viagens de lazer pr\u00f3ximas ao n\u00edvel pr\u00e9-covid\"},{\"@type\":\"BreadcrumbList\",\"@id\":\"https:\/\/www.suno.com.br\/noticias\/gol-goll4-volta-operar-boeing-737-max\/#breadcrumb\",\"itemListElement\":[{\"@type\":\"ListItem\",\"position\":1,\"name\":\"Not\u00edcias\",\"item\":\"https:\/\/www.suno.com.br\/noticias\/\"},{\"@type\":\"ListItem\",\"position\":2,\"name\":\"Neg\u00f3cios\",\"item\":\"https:\/\/www.suno.com.br\/noticias\/negocios\/\"},{\"@type\":\"ListItem\",\"position\":3,\"name\":\"Gol (GOLL4) voltar\u00e1 a operar com Boeing 737 MAX a partir de quarta-feira\"}]},{\"@type\":\"WebSite\",\"@id\":\"https:\/\/www.suno.com.br\/noticias\/#website\",\"url\":\"https:\/\/www.suno.com.br\/noticias\/\",\"name\":\"Suno Not\u00edcias\",\"description\":\"Seu portal de informa\u00e7\u00e3o sobre o mundo dos investimentos\",\"publisher\":{\"@id\":\"https:\/\/www.suno.com.br\/noticias\/#organization\"},\"potentialAction\":[{\"@type\":\"SearchAction\",\"target\":{\"@type\":\"EntryPoint\",\"urlTemplate\":\"https:\/\/www.suno.com.br\/noticias\/?s={search_term_string}\"},\"query-input\":{\"@type\":\"PropertyValueSpecification\",\"valueRequired\":true,\"valueName\":\"search_term_string\"}}],\"inLanguage\":\"pt-BR\"},{\"@type\":\"Organization\",\"@id\":\"https:\/\/www.suno.com.br\/noticias\/#organization\",\"name\":\"Suno Not\u00edcias\",\"url\":\"https:\/\/www.suno.com.br\/noticias\/\",\"logo\":{\"@type\":\"ImageObject\",\"inLanguage\":\"pt-BR\",\"@id\":\"https:\/\/www.suno.com.br\/noticias\/#\/schema\/logo\/image\/\",\"url\":\"https:\/\/files.sunoresearch.com.br\/n\/uploads\/2021\/09\/suno-logo.png\",\"contentUrl\":\"https:\/\/files.sunoresearch.com.br\/n\/uploads\/2021\/09\/suno-logo.png\",\"width\":180,\"height\":180,\"caption\":\"Suno Not\u00edcias\"},\"image\":{\"@id\":\"https:\/\/www.suno.com.br\/noticias\/#\/schema\/logo\/image\/\"},\"sameAs\":[\"https:\/\/facebook.com\/sunoresearch\",\"https:\/\/x.com\/sunoresearch\",\"https:\/\/www.instagram.com\/suno\",\"https:\/\/www.linkedin.com\/company\/suno-research\/\",\"https:\/\/www.youtube.com\/c\/sunoresearch\"]},{\"@type\":\"Person\",\"@id\":\"https:\/\/www.suno.com.br\/noticias\/#\/schema\/person\/053a750a709a263919a20f976caae91c\",\"name\":\"Arthur Guimar\u00e3es\",\"image\":{\"@type\":\"ImageObject\",\"inLanguage\":\"pt-BR\",\"@id\":\"https:\/\/www.suno.com.br\/noticias\/#\/schema\/person\/image\/\",\"url\":\"https:\/\/secure.gravatar.com\/avatar\/1affd86a11209ae09eb6dd3bcad3e96c?s=96&r=g\",\"contentUrl\":\"https:\/\/secure.gravatar.com\/avatar\/1affd86a11209ae09eb6dd3bcad3e96c?s=96&r=g\",\"caption\":\"Arthur Guimar\u00e3es\"},\"description\":\"Arthur Guimar\u00e3es escreve sobre pol\u00edtica, economia e neg\u00f3cios para o portal de not\u00edcias da Suno Research. Atualmente, \u00e9 estudante de jornalismo pela Faculdade C\u00e1sper L\u00edbero.\",\"url\":\"https:\/\/www.suno.com.br\/noticias\/author\/arthur-guimaraes\/\"}]}<\/script>\n<!-- \/ Yoast SEO plugin. -->","yoast_head_json":{"title":"Gol (GOLL4) voltar\u00e1 a operar com Boeing 737 MAX a partir de quarta","description":"A Gol (GOLL4) comunicou que voltar\u00e1 a operar voos comerciais com Boeing modelo 737 MAX a partir do pr\u00f3ximo dia 9. Clique para saber mais","robots":{"index":"index","follow":"follow","max-snippet":"max-snippet:-1","max-image-preview":"max-image-preview:large","max-video-preview":"max-video-preview:-1"},"canonical":"https:\/\/www.suno.com.br\/noticias\/gol-goll4-volta-operar-boeing-737-max\/","og_locale":"pt_BR","og_type":"article","og_title":"Gol (GOLL4) voltar\u00e1 a operar com Boeing 737 MAX a partir de quarta","og_description":"A Gol (GOLL4) comunicou que voltar\u00e1 a operar voos comerciais com Boeing modelo 737 MAX a partir do pr\u00f3ximo dia 9. Clique para saber mais","og_url":"https:\/\/www.suno.com.br\/noticias\/gol-goll4-volta-operar-boeing-737-max\/","og_site_name":"Suno Not\u00edcias","article_publisher":"https:\/\/facebook.com\/sunoresearch","og_image":[{"width":570,"height":380,"url":"https:\/\/files.sunoresearch.com.br\/n\/uploads\/2020\/12\/3800d8dc-gol_boeing_737-700_takes_off_from_santos_dumont_airport.jpg","type":"image\/jpeg"}],"author":"Arthur Guimar\u00e3es","twitter_card":"summary_large_image","twitter_creator":"@sunoresearch","twitter_site":"@sunoresearch","twitter_misc":{"Escrito por":"Arthur Guimar\u00e3es","Est. tempo de leitura":"2 minutos"},"schema":{"@context":"https:\/\/schema.org","@graph":[{"@type":"NewsArticle","@id":"https:\/\/www.suno.com.br\/noticias\/gol-goll4-volta-operar-boeing-737-max\/#article","isPartOf":{"@id":"https:\/\/www.suno.com.br\/noticias\/gol-goll4-volta-operar-boeing-737-max\/"},"author":{"name":"Arthur Guimar\u00e3es","@id":"https:\/\/www.suno.com.br\/noticias\/#\/schema\/person\/053a750a709a263919a20f976caae91c"},"headline":"Gol (GOLL4) voltar\u00e1 a operar com Boeing 737 MAX a partir de quarta-feira","datePublished":"2020-12-07T19:49:46+00:00","mainEntityOfPage":{"@id":"https:\/\/www.suno.com.br\/noticias\/gol-goll4-volta-operar-boeing-737-max\/"},"wordCount":390,"publisher":{"@id":"https:\/\/www.suno.com.br\/noticias\/#organization"},"image":{"@id":"https:\/\/www.suno.com.br\/noticias\/gol-goll4-volta-operar-boeing-737-max\/#primaryimage"},"thumbnailUrl":"https:\/\/files.sunoresearch.com.br\/n\/uploads\/2020\/12\/3800d8dc-gol_boeing_737-700_takes_off_from_santos_dumont_airport-jpg.webp","keywords":["737 max","Boeing (BOEI34)","companhias a\u00e9reas","Gol Linhas A\u00e9reas (GOLL11\/GOLL4)"],"articleSection":["Neg\u00f3cios"],"inLanguage":"pt-BR"},{"@type":"WebPage","@id":"https:\/\/www.suno.com.br\/noticias\/gol-goll4-volta-operar-boeing-737-max\/","url":"https:\/\/www.suno.com.br\/noticias\/gol-goll4-volta-operar-boeing-737-max\/","name":"Gol (GOLL4) voltar\u00e1 a operar com Boeing 737 MAX a partir de quarta","isPartOf":{"@id":"https:\/\/www.suno.com.br\/noticias\/#website"},"primaryImageOfPage":{"@id":"https:\/\/www.suno.com.br\/noticias\/gol-goll4-volta-operar-boeing-737-max\/#primaryimage"},"image":{"@id":"https:\/\/www.suno.com.br\/noticias\/gol-goll4-volta-operar-boeing-737-max\/#primaryimage"},"thumbnailUrl":"https:\/\/files.sunoresearch.com.br\/n\/uploads\/2020\/12\/3800d8dc-gol_boeing_737-700_takes_off_from_santos_dumont_airport-jpg.webp","datePublished":"2020-12-07T19:49:46+00:00","description":"A Gol (GOLL4) comunicou que voltar\u00e1 a operar voos comerciais com Boeing modelo 737 MAX a partir do pr\u00f3ximo dia 9. Clique para saber mais","breadcrumb":{"@id":"https:\/\/www.suno.com.br\/noticias\/gol-goll4-volta-operar-boeing-737-max\/#breadcrumb"},"inLanguage":"pt-BR","potentialAction":[{"@type":"ReadAction","target":["https:\/\/www.suno.com.br\/noticias\/gol-goll4-volta-operar-boeing-737-max\/"]}]},{"@type":"ImageObject","inLanguage":"pt-BR","@id":"https:\/\/www.suno.com.br\/noticias\/gol-goll4-volta-operar-boeing-737-max\/#primaryimage","url":"https:\/\/files.sunoresearch.com.br\/n\/uploads\/2020\/12\/3800d8dc-gol_boeing_737-700_takes_off_from_santos_dumont_airport-jpg.webp","contentUrl":"https:\/\/files.sunoresearch.com.br\/n\/uploads\/2020\/12\/3800d8dc-gol_boeing_737-700_takes_off_from_santos_dumont_airport-jpg.webp","width":570,"height":380,"caption":"Gol (GOLL4) v\u00ea viagens de lazer pr\u00f3ximas ao n\u00edvel pr\u00e9-covid"},{"@type":"BreadcrumbList","@id":"https:\/\/www.suno.com.br\/noticias\/gol-goll4-volta-operar-boeing-737-max\/#breadcrumb","itemListElement":[{"@type":"ListItem","position":1,"name":"Not\u00edcias","item":"https:\/\/www.suno.com.br\/noticias\/"},{"@type":"ListItem","position":2,"name":"Neg\u00f3cios","item":"https:\/\/www.suno.com.br\/noticias\/negocios\/"},{"@type":"ListItem","position":3,"name":"Gol (GOLL4) voltar\u00e1 a operar com Boeing 737 MAX a partir de quarta-feira"}]},{"@type":"WebSite","@id":"https:\/\/www.suno.com.br\/noticias\/#website","url":"https:\/\/www.suno.com.br\/noticias\/","name":"Suno Not\u00edcias","description":"Seu portal de informa\u00e7\u00e3o sobre o mundo dos investimentos","publisher":{"@id":"https:\/\/www.suno.com.br\/noticias\/#organization"},"potentialAction":[{"@type":"SearchAction","target":{"@type":"EntryPoint","urlTemplate":"https:\/\/www.suno.com.br\/noticias\/?s={search_term_string}"},"query-input":{"@type":"PropertyValueSpecification","valueRequired":true,"valueName":"search_term_string"}}],"inLanguage":"pt-BR"},{"@type":"Organization","@id":"https:\/\/www.suno.com.br\/noticias\/#organization","name":"Suno Not\u00edcias","url":"https:\/\/www.suno.com.br\/noticias\/","logo":{"@type":"ImageObject","inLanguage":"pt-BR","@id":"https:\/\/www.suno.com.br\/noticias\/#\/schema\/logo\/image\/","url":"https:\/\/files.sunoresearch.com.br\/n\/uploads\/2021\/09\/suno-logo.png","contentUrl":"https:\/\/files.sunoresearch.com.br\/n\/uploads\/2021\/09\/suno-logo.png","width":180,"height":180,"caption":"Suno Not\u00edcias"},"image":{"@id":"https:\/\/www.suno.com.br\/noticias\/#\/schema\/logo\/image\/"},"sameAs":["https:\/\/facebook.com\/sunoresearch","https:\/\/x.com\/sunoresearch","https:\/\/www.instagram.com\/suno","https:\/\/www.linkedin.com\/company\/suno-research\/","https:\/\/www.youtube.com\/c\/sunoresearch"]},{"@type":"Person","@id":"https:\/\/www.suno.com.br\/noticias\/#\/schema\/person\/053a750a709a263919a20f976caae91c","name":"Arthur Guimar\u00e3es","image":{"@type":"ImageObject","inLanguage":"pt-BR","@id":"https:\/\/www.suno.com.br\/noticias\/#\/schema\/person\/image\/","url":"https:\/\/secure.gravatar.com\/avatar\/1affd86a11209ae09eb6dd3bcad3e96c?s=96&r=g","contentUrl":"https:\/\/secure.gravatar.com\/avatar\/1affd86a11209ae09eb6dd3bcad3e96c?s=96&r=g","caption":"Arthur Guimar\u00e3es"},"description":"Arthur Guimar\u00e3es escreve sobre pol\u00edtica, economia e neg\u00f3cios para o portal de not\u00edcias da Suno Research. Atualmente, \u00e9 estudante de jornalismo pela Faculdade C\u00e1sper L\u00edbero.","url":"https:\/\/www.suno.com.br\/noticias\/author\/arthur-guimaraes\/"}]}},"default_loop_html":"<div class=\"cardsPage__listCard__boxs\"><div class=\"cardsPage__listCard__boxs__img\"><a href=\"https:\/\/www.suno.com.br\/noticias\/gol-goll4-volta-operar-boeing-737-max\/\"><img class=\"mask\" src=\"https:\/\/www.suno.com.br\/noticias\/wp-content\/themes\/suno\/resources\/images\/spotlight\/spotlight1img\/bg-mask.png\" alt=\"Image Mask\"\/><img src=\"https:\/\/files.sunoresearch.com.br\/n\/uploads\/2020\/12\/3800d8dc-gol_boeing_737-700_takes_off_from_santos_dumont_airport-400x200.webp\" alt=\"Gol (GOLL4) voltar\u00e1 a operar com Boeing 737 MAX a partir de quarta-feira\"\/><\/a><span class=\"spotlightCategory\"><a href=\"https:\/\/www.suno.com.br\/noticias\/negocios\/\">Neg\u00f3cios<\/a><\/span><\/div><div class=\"cardsPage__listCard__boxs__content\"><a href=\"https:\/\/www.suno.com.br\/noticias\/gol-goll4-volta-operar-boeing-737-max\/\"><h2 class=\"content__title\">Gol (GOLL4) voltar\u00e1 a operar com Boeing 737 MAX a partir de quarta-feira<\/h2><\/a><div class=\"newsContent__article__meta\"><div class=\"newsContent__article__meta__authorBox\"><a href=\"https:\/\/www.suno.com.br\/noticias\/author\/arthur-guimaraes\/\" class=\"authorBox__avatar noMobi\"><img src=\"https:\/\/files.sunoresearch.com.br\/n\/uploads\/2020\/02\/dfb40897-eu-150x150.webp\" alt=\"Arthur Guimar\u00e3es\"><\/a><div class=\"authorBox__name\"><span>por\n\t\t\t<a href=\"https:\/\/www.suno.com.br\/noticias\/author\/arthur-guimaraes\/\"><span itemprop=\"author\">Arthur Guimar\u00e3es<\/span><\/a><\/span><time datetime=\"2020-12-07T16:49:46-03:00\" itemprop=\"datePublished\">07\/12\/2020 16:49<\/time><\/div><\/div><\/div><\/div><\/div>","single_layout":"posts","amp_enabled":true,"_links":{"self":[{"href":"https:\/\/www.suno.com.br\/noticias\/wp-json\/wp\/v2\/posts\/106170"}],"collection":[{"href":"https:\/\/www.suno.com.br\/noticias\/wp-json\/wp\/v2\/posts"}],"about":[{"href":"https:\/\/www.suno.com.br\/noticias\/wp-json\/wp\/v2\/types\/post"}],"author":[{"embeddable":true,"href":"https:\/\/www.suno.com.br\/noticias\/wp-json\/wp\/v2\/users\/35"}],"replies":[{"embeddable":true,"href":"https:\/\/www.suno.com.br\/noticias\/wp-json\/wp\/v2\/comments?post=106170"}],"version-history":[{"count":0,"href":"https:\/\/www.suno.com.br\/noticias\/wp-json\/wp\/v2\/posts\/106170\/revisions"}],"wp:featuredmedia":[{"embeddable":true,"href":"https:\/\/www.suno.com.br\/noticias\/wp-json\/wp\/v2\/media\/106193"}],"wp:attachment":[{"href":"https:\/\/www.suno.com.br\/noticias\/wp-json\/wp\/v2\/media?parent=106170"}],"wp:term":[{"taxonomy":"category","embeddable":true,"href":"https:\/\/www.suno.com.br\/noticias\/wp-json\/wp\/v2\/categories?post=106170"},{"taxonomy":"post_tag","embeddable":true,"href":"https:\/\/www.suno.com.br\/noticias\/wp-json\/wp\/v2\/tags?post=106170"},{"taxonomy":"suno_strategy","embeddable":true,"href":"https:\/\/www.suno.com.br\/noticias\/wp-json\/wp\/v2\/suno_strategy?post=106170"}],"curies":[{"name":"wp","href":"https:\/\/api.w.org\/{rel}","templated":true}]}}