{"id":106112,"date":"2020-12-07T15:33:55","date_gmt":"2020-12-07T18:33:55","guid":{"rendered":"https:\/\/www.suno.com.br\/noticias\/?p=106112"},"modified":"2020-12-07T15:33:55","modified_gmt":"2020-12-07T18:33:55","slug":"vacinas-pfizer-astrazeneca-solicitam-india-uso-emergencial","status":"publish","type":"post","link":"https:\/\/www.suno.com.br\/noticias\/vacinas-pfizer-astrazeneca-solicitam-india-uso-emergencial\/","title":{"rendered":"Vacinas: Pfizer e AstraZeneca solicitam \u00e0 \u00cdndia aval para uso emergencial"},"content":{"rendered":"<p>A Pfizer (<a href=\"https:\/\/www.suno.com.br\/artigos\/nyse\/\">NYSE<\/a>: PFE) e a AstraZeneca (<a href=\"https:\/\/www.suno.com.br\/artigos\/london-stock-exchange\/\">LON<\/a>: AZN), as companhias por tr\u00e1s das <strong>vacinas<\/strong> experimentais mais promissoras contra a covid-19, solicitaram \u00e0 \u00cdndia uma autoriza\u00e7\u00e3o para uso emergencial a fim de come\u00e7ar a usar seus imunizantes no pa\u00eds.<\/p>\t<div class=\"wrapper-featured-image\">\n\t\t<figure class=\"spotlightImg\">\n\n\t\t\t<picture>\n\t\t\t\t<source media=\"(max-width: 768px)\" srcset=\"https:\/\/files.sunoresearch.com.br\/n\/uploads\/2020\/12\/9be93556-f058b0dbeb89c98ae284e0d325562cdd-400x200.webp\">\n\t\t\t\t<img loading=\"lazy\" decoding=\"async\" class=\"newsContent__article__imgCapa lazyloadDisabled \" src=\"https:\/\/files.sunoresearch.com.br\/n\/uploads\/2020\/12\/9be93556-f058b0dbeb89c98ae284e0d325562cdd-jpeg.webp\" width=\"800\" height=\"450\" alt=\"Vacinas: Pfizer e AstraZeneca solicitam \u00e0 \u00cdndia aval para uso emergencial\" fetchpriority=high \/>\n\t\t\t<\/picture>\n\n\t\t\t<figcaption class=\"wp-caption-text wp-caption-text--show\">AstraZeneca (A1ZN34)<\/figcaption>\n\t\t<\/figure>\n\t<\/div>\n\n\n\t<p>\n\t\t<a href=\"https:\/\/lp.suno.com.br\/planilha-controle-gastos\/\" target=\"_blank\" data-element=\"shortcode-suno-banner\" title=\"Banner SUNO, clique e saiba mais\">\n\t\t\t<picture>\n\t\t\t\t<source media=\"(max-width: 500px)\" srcset=\"https:\/\/files.sunoresearch.com.br\/n\/uploads\/2023\/03\/400x300-Planilha-controle-de-gastos.png\">\n\t\t\t\t<img class=\"newsContent__article__imgCapa newsContent__article__imgCapa--banner\"\n\t\t\t\t\tsrc=\"https:\/\/files.sunoresearch.com.br\/n\/uploads\/2023\/03\/1420x240-Planilha-controle-de-gastos.png\"\n\t\t\t\t\tdata-promo-id=\"101751\"\t\t\t\t\t\t\t\t\t\twidth='1420' height='240'\t\t\t\t\talt=\"https:\/\/files.sunoresearch.com.br\/n\/uploads\/2023\/03\/1420x240-Planilha-controle-de-gastos.png\"\n\t\t\t\t>\n\t\t\t<\/picture>\n\t\t<\/a>\n\t<\/p>\n\n\n<p>A <strong>Pfizer<\/strong> e o Instituto Serum da \u00cdndia, que tem produzido a vacina da <strong>AstraZeneca<\/strong> para pa\u00edses em desenvolvimento, fizeram o pedido. A solicita\u00e7\u00e3o permitiria que suas vacinas contornassem um longo processo de testes e aplica\u00e7\u00e3o, afirmou uma autoridade do Controlador Geral de Medicamentos da <strong>\u00cdndia<\/strong>.<\/p>\n<p>Caso as empresas consigam o aval, esse seria um importante salto para o processo de fabrica\u00e7\u00e3o dos imunizantes no mundo. A autoriza\u00e7\u00e3o daria \u00e0s empresas a capacidade e a confian\u00e7a para ampliar a produ\u00e7\u00e3o.<\/p>\n\t<p>\n\t\t<a href=\"https:\/\/lp.suno.com.br\/planilha-controle-gastos\/\" target=\"_blank\" data-element=\"shortcode-suno-banner\" title=\"Banner SUNO, clique e saiba mais\">\n\t\t\t<picture>\n\t\t\t\t<source media=\"(max-width: 500px)\" srcset=\"https:\/\/files.sunoresearch.com.br\/n\/uploads\/2023\/03\/400x300-Planilha-controle-de-gastos.png\">\n\t\t\t\t<img class=\"newsContent__article__imgCapa newsContent__article__imgCapa--banner\"\n\t\t\t\t\tsrc=\"https:\/\/files.sunoresearch.com.br\/n\/uploads\/2023\/03\/1420x240-Planilha-controle-de-gastos.png\"\n\t\t\t\t\tdata-promo-id=\"101751\"\t\t\t\t\t\t\t\t\t\twidth='1420' height='240'\t\t\t\t\talt=\"https:\/\/files.sunoresearch.com.br\/n\/uploads\/2023\/03\/1420x240-Planilha-controle-de-gastos.png\"\n\t\t\t\t>\n\t\t\t<\/picture>\n\t\t<\/a>\n\t<\/p>\n\n\n<p>O Instituto Serum j\u00e1 tem mais de 40 milh\u00f5es de doses da vacina da AstraZeneca e pode ter mais de 100 milh\u00f5es at\u00e9 o fim do ano, disse um porta-voz da empresa.<\/p>\n<p>No caso desta vacina, reguladores da \u00cdndia podem esperar at\u00e9 que ela receba autoriza\u00e7\u00e3o no Reino Unido, segundo Jacob John, professor aposentado de Virologia da Faculdade M\u00e9dica Crist\u00e3 da cidade de Vellore, no sul do pa\u00eds. O Reino Unido j\u00e1 solicitou que seu regulador local revise a vacina da AstraZeneca.<\/p>\n<h2>Reino Unido aprova uso emergencial de vacina da Pfizer<\/h2>\n<p>No in\u00edcio deste m\u00eas, o <strong>Reino Unido<\/strong> se tornou o primeiro pa\u00eds ocidental a conceder uma primeiro pa\u00eds ocidental a conceder autoriza\u00e7\u00e3o para uso emergencial de uma vacina contra o novo coronav\u00edrus.<\/p>\n<p>A aprova\u00e7\u00e3o &#8220;\u00e9 resultado de meses de ensaios cl\u00ednicos rigorosos e de uma an\u00e1lise profunda dos dados por parte de especialistas, que conclu\u00edram que a vacina respondia \u00e0s normas estritas de seguran\u00e7a, qualidade e efic\u00e1cia&#8221;, afirmou o ministro da Sa\u00fade brit\u00e2nico, Matt Hancock.<\/p>\n\t<div data-element=\"shortcode-read-more\" class=\"knowMore\">\n\t\t\t\t<span class=\"knowMore__title\">Saiba mais<\/span>\n\t\t\t\t<a class=\"knowMore__link\" href=\"https:\/\/www.suno.com.br\/noticias\/reino-unido-autoriza-emergencial-vacina-pfizer\/\">\n\t\t\tReino Unido autoriza uso emergencial de vacina da Pfizer contra covid-19\t\t<\/a>\n\t<\/div>\n\n\n<p>O ministro anunciou hoje que o processo de vacina\u00e7\u00e3o no pa\u00eds come\u00e7ar\u00e1 a partir desta ter\u00e7a-feira (8). O programa vai priorizar pessoas com mais de 80 anos, funcion\u00e1rios de sa\u00fade na linha de frente e moradores e empregados de casas de repouso. Quase 800 mil doses da <strong>vacina<\/strong> devem ficar dispon\u00edveis na primeira semana.<\/p>\n<p><em>(Com informa\u00e7\u00f5es do Estad\u00e3o Conte\u00fado)<\/em><\/p>\n\t<p>\n\t\t<a href=\"https:\/\/lp.suno.com.br\/planilha-de-controle-de-investimentos\/\" target=\"_blank\" data-element=\"shortcode-suno-banner\" title=\"Banner SUNO, clique e saiba mais\">\n\t\t\t<picture>\n\t\t\t\t<source media=\"(max-width: 500px)\" srcset=\"https:\/\/files.sunoresearch.com.br\/n\/uploads\/2023\/03\/400x300-Controle-de-Investimentos.png\">\n\t\t\t\t<img class=\"newsContent__article__imgCapa newsContent__article__imgCapa--banner\"\n\t\t\t\t\tsrc=\"https:\/\/files.sunoresearch.com.br\/n\/uploads\/2023\/03\/1420x240-Controle-de-Investimentos.png\"\n\t\t\t\t\tdata-promo-id=\"75934\"\t\t\t\t\t\t\t\t\t\twidth='1420' height='240'\t\t\t\t\talt=\"https:\/\/files.sunoresearch.com.br\/n\/uploads\/2023\/03\/1420x240-Controle-de-Investimentos.png\"\n\t\t\t\t>\n\t\t\t<\/picture>\n\t\t<\/a>\n\t<\/p>\n\n\n","protected":false},"excerpt":{"rendered":"<p>A Pfizer (NYSE: PFE) e a AstraZeneca (LON: AZN), as companhias por tr\u00e1s das vacinas experimentais mais promissoras contra a covid-19, solicitaram \u00e0 \u00cdndia uma autoriza\u00e7\u00e3o para uso emergencial a fim de come\u00e7ar a usar seus imunizantes no pa\u00eds. AstraZeneca (A1ZN34) A Pfizer e o Instituto Serum da \u00cdndia, que tem produzido a vacina da [&hellip;]<\/p>\n","protected":false},"author":35,"featured_media":106163,"comment_status":"closed","ping_status":"closed","sticky":false,"template":"","format":"standard","meta":[],"categories":[63],"tags":[51185,884,105286,105175],"suno_strategy":[],"class_list":["post-106112","post","type-post","status-publish","format-standard","has-post-thumbnail","hentry","category-internacional","tag-astrazeneca","tag-pfizer-pfiz34","tag-vacina-da-pfizer","tag-vacina-de-oxford"],"yoast_head":"<!-- This site is optimized with the Yoast SEO plugin v24.4 - https:\/\/yoast.com\/wordpress\/plugins\/seo\/ -->\n<title>Vacinas: Pfizer e AstraZeneca solicitam \u00e0 \u00cdndia aval para uso emergencial<\/title>\n<meta name=\"description\" content=\"A Pfizer e a AstraZeneca solicitaram \u00e0 \u00cdndia uma autoriza\u00e7\u00e3o para uso emergencial de suas vacinas contra covid-19. Clique para saber mais\" \/>\n<meta name=\"robots\" content=\"index, follow, max-snippet:-1, max-image-preview:large, max-video-preview:-1\" \/>\n<link rel=\"canonical\" href=\"https:\/\/www.suno.com.br\/noticias\/vacinas-pfizer-astrazeneca-solicitam-india-uso-emergencial\/\" \/>\n<meta property=\"og:locale\" content=\"pt_BR\" \/>\n<meta property=\"og:type\" content=\"article\" \/>\n<meta property=\"og:title\" content=\"Vacinas: Pfizer e AstraZeneca solicitam \u00e0 \u00cdndia aval para uso emergencial\" \/>\n<meta property=\"og:description\" content=\"A Pfizer e a AstraZeneca solicitaram \u00e0 \u00cdndia uma autoriza\u00e7\u00e3o para uso emergencial de suas vacinas contra covid-19. Clique para saber mais\" \/>\n<meta property=\"og:url\" content=\"https:\/\/www.suno.com.br\/noticias\/vacinas-pfizer-astrazeneca-solicitam-india-uso-emergencial\/\" \/>\n<meta property=\"og:site_name\" content=\"Suno Not\u00edcias\" \/>\n<meta property=\"article:publisher\" content=\"https:\/\/facebook.com\/sunoresearch\" \/>\n<meta property=\"og:image\" content=\"https:\/\/files.sunoresearch.com.br\/n\/uploads\/2020\/12\/9be93556-f058b0dbeb89c98ae284e0d325562cdd.jpeg\" \/>\n\t<meta property=\"og:image:width\" content=\"636\" \/>\n\t<meta property=\"og:image:height\" content=\"380\" \/>\n\t<meta property=\"og:image:type\" content=\"image\/jpeg\" \/>\n<meta name=\"author\" content=\"Arthur Guimar\u00e3es\" \/>\n<meta name=\"twitter:card\" content=\"summary_large_image\" \/>\n<meta name=\"twitter:creator\" content=\"@sunoresearch\" \/>\n<meta name=\"twitter:site\" content=\"@sunoresearch\" \/>\n<meta name=\"twitter:label1\" content=\"Escrito por\" \/>\n\t<meta name=\"twitter:data1\" content=\"Arthur Guimar\u00e3es\" \/>\n\t<meta name=\"twitter:label2\" content=\"Est. tempo de leitura\" \/>\n\t<meta name=\"twitter:data2\" content=\"2 minutos\" \/>\n<script type=\"application\/ld+json\" class=\"yoast-schema-graph\">{\"@context\":\"https:\/\/schema.org\",\"@graph\":[{\"@type\":\"NewsArticle\",\"@id\":\"https:\/\/www.suno.com.br\/noticias\/vacinas-pfizer-astrazeneca-solicitam-india-uso-emergencial\/#article\",\"isPartOf\":{\"@id\":\"https:\/\/www.suno.com.br\/noticias\/vacinas-pfizer-astrazeneca-solicitam-india-uso-emergencial\/\"},\"author\":{\"name\":\"Arthur Guimar\u00e3es\",\"@id\":\"https:\/\/www.suno.com.br\/noticias\/#\/schema\/person\/053a750a709a263919a20f976caae91c\"},\"headline\":\"Vacinas: Pfizer e AstraZeneca solicitam \u00e0 \u00cdndia aval para uso emergencial\",\"datePublished\":\"2020-12-07T18:33:55+00:00\",\"mainEntityOfPage\":{\"@id\":\"https:\/\/www.suno.com.br\/noticias\/vacinas-pfizer-astrazeneca-solicitam-india-uso-emergencial\/\"},\"wordCount\":403,\"publisher\":{\"@id\":\"https:\/\/www.suno.com.br\/noticias\/#organization\"},\"image\":{\"@id\":\"https:\/\/www.suno.com.br\/noticias\/vacinas-pfizer-astrazeneca-solicitam-india-uso-emergencial\/#primaryimage\"},\"thumbnailUrl\":\"https:\/\/files.sunoresearch.com.br\/n\/uploads\/2020\/12\/9be93556-f058b0dbeb89c98ae284e0d325562cdd-jpeg.webp\",\"keywords\":[\"AstraZeneca\",\"Pfizer (PFIZ34)\",\"vacina da Pfizer\",\"vacina de Oxford\"],\"articleSection\":[\"Internacional\"],\"inLanguage\":\"pt-BR\"},{\"@type\":\"WebPage\",\"@id\":\"https:\/\/www.suno.com.br\/noticias\/vacinas-pfizer-astrazeneca-solicitam-india-uso-emergencial\/\",\"url\":\"https:\/\/www.suno.com.br\/noticias\/vacinas-pfizer-astrazeneca-solicitam-india-uso-emergencial\/\",\"name\":\"Vacinas: Pfizer e AstraZeneca solicitam \u00e0 \u00cdndia aval para uso emergencial\",\"isPartOf\":{\"@id\":\"https:\/\/www.suno.com.br\/noticias\/#website\"},\"primaryImageOfPage\":{\"@id\":\"https:\/\/www.suno.com.br\/noticias\/vacinas-pfizer-astrazeneca-solicitam-india-uso-emergencial\/#primaryimage\"},\"image\":{\"@id\":\"https:\/\/www.suno.com.br\/noticias\/vacinas-pfizer-astrazeneca-solicitam-india-uso-emergencial\/#primaryimage\"},\"thumbnailUrl\":\"https:\/\/files.sunoresearch.com.br\/n\/uploads\/2020\/12\/9be93556-f058b0dbeb89c98ae284e0d325562cdd-jpeg.webp\",\"datePublished\":\"2020-12-07T18:33:55+00:00\",\"description\":\"A Pfizer e a AstraZeneca solicitaram \u00e0 \u00cdndia uma autoriza\u00e7\u00e3o para uso emergencial de suas vacinas contra covid-19. Clique para saber mais\",\"breadcrumb\":{\"@id\":\"https:\/\/www.suno.com.br\/noticias\/vacinas-pfizer-astrazeneca-solicitam-india-uso-emergencial\/#breadcrumb\"},\"inLanguage\":\"pt-BR\",\"potentialAction\":[{\"@type\":\"ReadAction\",\"target\":[\"https:\/\/www.suno.com.br\/noticias\/vacinas-pfizer-astrazeneca-solicitam-india-uso-emergencial\/\"]}]},{\"@type\":\"ImageObject\",\"inLanguage\":\"pt-BR\",\"@id\":\"https:\/\/www.suno.com.br\/noticias\/vacinas-pfizer-astrazeneca-solicitam-india-uso-emergencial\/#primaryimage\",\"url\":\"https:\/\/files.sunoresearch.com.br\/n\/uploads\/2020\/12\/9be93556-f058b0dbeb89c98ae284e0d325562cdd-jpeg.webp\",\"contentUrl\":\"https:\/\/files.sunoresearch.com.br\/n\/uploads\/2020\/12\/9be93556-f058b0dbeb89c98ae284e0d325562cdd-jpeg.webp\",\"width\":636,\"height\":380,\"caption\":\"AstraZeneca (A1ZN34)\"},{\"@type\":\"BreadcrumbList\",\"@id\":\"https:\/\/www.suno.com.br\/noticias\/vacinas-pfizer-astrazeneca-solicitam-india-uso-emergencial\/#breadcrumb\",\"itemListElement\":[{\"@type\":\"ListItem\",\"position\":1,\"name\":\"Not\u00edcias\",\"item\":\"https:\/\/www.suno.com.br\/noticias\/\"},{\"@type\":\"ListItem\",\"position\":2,\"name\":\"Internacional\",\"item\":\"https:\/\/www.suno.com.br\/noticias\/internacional\/\"},{\"@type\":\"ListItem\",\"position\":3,\"name\":\"Vacinas: Pfizer e AstraZeneca solicitam \u00e0 \u00cdndia aval para uso emergencial\"}]},{\"@type\":\"WebSite\",\"@id\":\"https:\/\/www.suno.com.br\/noticias\/#website\",\"url\":\"https:\/\/www.suno.com.br\/noticias\/\",\"name\":\"Suno Not\u00edcias\",\"description\":\"Seu portal de informa\u00e7\u00e3o sobre o mundo dos investimentos\",\"publisher\":{\"@id\":\"https:\/\/www.suno.com.br\/noticias\/#organization\"},\"potentialAction\":[{\"@type\":\"SearchAction\",\"target\":{\"@type\":\"EntryPoint\",\"urlTemplate\":\"https:\/\/www.suno.com.br\/noticias\/?s={search_term_string}\"},\"query-input\":{\"@type\":\"PropertyValueSpecification\",\"valueRequired\":true,\"valueName\":\"search_term_string\"}}],\"inLanguage\":\"pt-BR\"},{\"@type\":\"Organization\",\"@id\":\"https:\/\/www.suno.com.br\/noticias\/#organization\",\"name\":\"Suno Not\u00edcias\",\"url\":\"https:\/\/www.suno.com.br\/noticias\/\",\"logo\":{\"@type\":\"ImageObject\",\"inLanguage\":\"pt-BR\",\"@id\":\"https:\/\/www.suno.com.br\/noticias\/#\/schema\/logo\/image\/\",\"url\":\"https:\/\/files.sunoresearch.com.br\/n\/uploads\/2021\/09\/suno-logo.png\",\"contentUrl\":\"https:\/\/files.sunoresearch.com.br\/n\/uploads\/2021\/09\/suno-logo.png\",\"width\":180,\"height\":180,\"caption\":\"Suno Not\u00edcias\"},\"image\":{\"@id\":\"https:\/\/www.suno.com.br\/noticias\/#\/schema\/logo\/image\/\"},\"sameAs\":[\"https:\/\/facebook.com\/sunoresearch\",\"https:\/\/x.com\/sunoresearch\",\"https:\/\/www.instagram.com\/suno\",\"https:\/\/www.linkedin.com\/company\/suno-research\/\",\"https:\/\/www.youtube.com\/c\/sunoresearch\"]},{\"@type\":\"Person\",\"@id\":\"https:\/\/www.suno.com.br\/noticias\/#\/schema\/person\/053a750a709a263919a20f976caae91c\",\"name\":\"Arthur Guimar\u00e3es\",\"image\":{\"@type\":\"ImageObject\",\"inLanguage\":\"pt-BR\",\"@id\":\"https:\/\/www.suno.com.br\/noticias\/#\/schema\/person\/image\/\",\"url\":\"https:\/\/secure.gravatar.com\/avatar\/1affd86a11209ae09eb6dd3bcad3e96c?s=96&r=g\",\"contentUrl\":\"https:\/\/secure.gravatar.com\/avatar\/1affd86a11209ae09eb6dd3bcad3e96c?s=96&r=g\",\"caption\":\"Arthur Guimar\u00e3es\"},\"description\":\"Arthur Guimar\u00e3es escreve sobre pol\u00edtica, economia e neg\u00f3cios para o portal de not\u00edcias da Suno Research. Atualmente, \u00e9 estudante de jornalismo pela Faculdade C\u00e1sper L\u00edbero.\",\"url\":\"https:\/\/www.suno.com.br\/noticias\/author\/arthur-guimaraes\/\"}]}<\/script>\n<!-- \/ Yoast SEO plugin. -->","yoast_head_json":{"title":"Vacinas: Pfizer e AstraZeneca solicitam \u00e0 \u00cdndia aval para uso emergencial","description":"A Pfizer e a AstraZeneca solicitaram \u00e0 \u00cdndia uma autoriza\u00e7\u00e3o para uso emergencial de suas vacinas contra covid-19. Clique para saber mais","robots":{"index":"index","follow":"follow","max-snippet":"max-snippet:-1","max-image-preview":"max-image-preview:large","max-video-preview":"max-video-preview:-1"},"canonical":"https:\/\/www.suno.com.br\/noticias\/vacinas-pfizer-astrazeneca-solicitam-india-uso-emergencial\/","og_locale":"pt_BR","og_type":"article","og_title":"Vacinas: Pfizer e AstraZeneca solicitam \u00e0 \u00cdndia aval para uso emergencial","og_description":"A Pfizer e a AstraZeneca solicitaram \u00e0 \u00cdndia uma autoriza\u00e7\u00e3o para uso emergencial de suas vacinas contra covid-19. Clique para saber mais","og_url":"https:\/\/www.suno.com.br\/noticias\/vacinas-pfizer-astrazeneca-solicitam-india-uso-emergencial\/","og_site_name":"Suno Not\u00edcias","article_publisher":"https:\/\/facebook.com\/sunoresearch","og_image":[{"width":636,"height":380,"url":"https:\/\/files.sunoresearch.com.br\/n\/uploads\/2020\/12\/9be93556-f058b0dbeb89c98ae284e0d325562cdd.jpeg","type":"image\/jpeg"}],"author":"Arthur Guimar\u00e3es","twitter_card":"summary_large_image","twitter_creator":"@sunoresearch","twitter_site":"@sunoresearch","twitter_misc":{"Escrito por":"Arthur Guimar\u00e3es","Est. tempo de leitura":"2 minutos"},"schema":{"@context":"https:\/\/schema.org","@graph":[{"@type":"NewsArticle","@id":"https:\/\/www.suno.com.br\/noticias\/vacinas-pfizer-astrazeneca-solicitam-india-uso-emergencial\/#article","isPartOf":{"@id":"https:\/\/www.suno.com.br\/noticias\/vacinas-pfizer-astrazeneca-solicitam-india-uso-emergencial\/"},"author":{"name":"Arthur Guimar\u00e3es","@id":"https:\/\/www.suno.com.br\/noticias\/#\/schema\/person\/053a750a709a263919a20f976caae91c"},"headline":"Vacinas: Pfizer e AstraZeneca solicitam \u00e0 \u00cdndia aval para uso emergencial","datePublished":"2020-12-07T18:33:55+00:00","mainEntityOfPage":{"@id":"https:\/\/www.suno.com.br\/noticias\/vacinas-pfizer-astrazeneca-solicitam-india-uso-emergencial\/"},"wordCount":403,"publisher":{"@id":"https:\/\/www.suno.com.br\/noticias\/#organization"},"image":{"@id":"https:\/\/www.suno.com.br\/noticias\/vacinas-pfizer-astrazeneca-solicitam-india-uso-emergencial\/#primaryimage"},"thumbnailUrl":"https:\/\/files.sunoresearch.com.br\/n\/uploads\/2020\/12\/9be93556-f058b0dbeb89c98ae284e0d325562cdd-jpeg.webp","keywords":["AstraZeneca","Pfizer (PFIZ34)","vacina da Pfizer","vacina de Oxford"],"articleSection":["Internacional"],"inLanguage":"pt-BR"},{"@type":"WebPage","@id":"https:\/\/www.suno.com.br\/noticias\/vacinas-pfizer-astrazeneca-solicitam-india-uso-emergencial\/","url":"https:\/\/www.suno.com.br\/noticias\/vacinas-pfizer-astrazeneca-solicitam-india-uso-emergencial\/","name":"Vacinas: Pfizer e AstraZeneca solicitam \u00e0 \u00cdndia aval para uso emergencial","isPartOf":{"@id":"https:\/\/www.suno.com.br\/noticias\/#website"},"primaryImageOfPage":{"@id":"https:\/\/www.suno.com.br\/noticias\/vacinas-pfizer-astrazeneca-solicitam-india-uso-emergencial\/#primaryimage"},"image":{"@id":"https:\/\/www.suno.com.br\/noticias\/vacinas-pfizer-astrazeneca-solicitam-india-uso-emergencial\/#primaryimage"},"thumbnailUrl":"https:\/\/files.sunoresearch.com.br\/n\/uploads\/2020\/12\/9be93556-f058b0dbeb89c98ae284e0d325562cdd-jpeg.webp","datePublished":"2020-12-07T18:33:55+00:00","description":"A Pfizer e a AstraZeneca solicitaram \u00e0 \u00cdndia uma autoriza\u00e7\u00e3o para uso emergencial de suas vacinas contra covid-19. Clique para saber mais","breadcrumb":{"@id":"https:\/\/www.suno.com.br\/noticias\/vacinas-pfizer-astrazeneca-solicitam-india-uso-emergencial\/#breadcrumb"},"inLanguage":"pt-BR","potentialAction":[{"@type":"ReadAction","target":["https:\/\/www.suno.com.br\/noticias\/vacinas-pfizer-astrazeneca-solicitam-india-uso-emergencial\/"]}]},{"@type":"ImageObject","inLanguage":"pt-BR","@id":"https:\/\/www.suno.com.br\/noticias\/vacinas-pfizer-astrazeneca-solicitam-india-uso-emergencial\/#primaryimage","url":"https:\/\/files.sunoresearch.com.br\/n\/uploads\/2020\/12\/9be93556-f058b0dbeb89c98ae284e0d325562cdd-jpeg.webp","contentUrl":"https:\/\/files.sunoresearch.com.br\/n\/uploads\/2020\/12\/9be93556-f058b0dbeb89c98ae284e0d325562cdd-jpeg.webp","width":636,"height":380,"caption":"AstraZeneca (A1ZN34)"},{"@type":"BreadcrumbList","@id":"https:\/\/www.suno.com.br\/noticias\/vacinas-pfizer-astrazeneca-solicitam-india-uso-emergencial\/#breadcrumb","itemListElement":[{"@type":"ListItem","position":1,"name":"Not\u00edcias","item":"https:\/\/www.suno.com.br\/noticias\/"},{"@type":"ListItem","position":2,"name":"Internacional","item":"https:\/\/www.suno.com.br\/noticias\/internacional\/"},{"@type":"ListItem","position":3,"name":"Vacinas: Pfizer e AstraZeneca solicitam \u00e0 \u00cdndia aval para uso emergencial"}]},{"@type":"WebSite","@id":"https:\/\/www.suno.com.br\/noticias\/#website","url":"https:\/\/www.suno.com.br\/noticias\/","name":"Suno Not\u00edcias","description":"Seu portal de informa\u00e7\u00e3o sobre o mundo dos investimentos","publisher":{"@id":"https:\/\/www.suno.com.br\/noticias\/#organization"},"potentialAction":[{"@type":"SearchAction","target":{"@type":"EntryPoint","urlTemplate":"https:\/\/www.suno.com.br\/noticias\/?s={search_term_string}"},"query-input":{"@type":"PropertyValueSpecification","valueRequired":true,"valueName":"search_term_string"}}],"inLanguage":"pt-BR"},{"@type":"Organization","@id":"https:\/\/www.suno.com.br\/noticias\/#organization","name":"Suno Not\u00edcias","url":"https:\/\/www.suno.com.br\/noticias\/","logo":{"@type":"ImageObject","inLanguage":"pt-BR","@id":"https:\/\/www.suno.com.br\/noticias\/#\/schema\/logo\/image\/","url":"https:\/\/files.sunoresearch.com.br\/n\/uploads\/2021\/09\/suno-logo.png","contentUrl":"https:\/\/files.sunoresearch.com.br\/n\/uploads\/2021\/09\/suno-logo.png","width":180,"height":180,"caption":"Suno Not\u00edcias"},"image":{"@id":"https:\/\/www.suno.com.br\/noticias\/#\/schema\/logo\/image\/"},"sameAs":["https:\/\/facebook.com\/sunoresearch","https:\/\/x.com\/sunoresearch","https:\/\/www.instagram.com\/suno","https:\/\/www.linkedin.com\/company\/suno-research\/","https:\/\/www.youtube.com\/c\/sunoresearch"]},{"@type":"Person","@id":"https:\/\/www.suno.com.br\/noticias\/#\/schema\/person\/053a750a709a263919a20f976caae91c","name":"Arthur Guimar\u00e3es","image":{"@type":"ImageObject","inLanguage":"pt-BR","@id":"https:\/\/www.suno.com.br\/noticias\/#\/schema\/person\/image\/","url":"https:\/\/secure.gravatar.com\/avatar\/1affd86a11209ae09eb6dd3bcad3e96c?s=96&r=g","contentUrl":"https:\/\/secure.gravatar.com\/avatar\/1affd86a11209ae09eb6dd3bcad3e96c?s=96&r=g","caption":"Arthur Guimar\u00e3es"},"description":"Arthur Guimar\u00e3es escreve sobre pol\u00edtica, economia e neg\u00f3cios para o portal de not\u00edcias da Suno Research. Atualmente, \u00e9 estudante de jornalismo pela Faculdade C\u00e1sper L\u00edbero.","url":"https:\/\/www.suno.com.br\/noticias\/author\/arthur-guimaraes\/"}]}},"default_loop_html":"<div class=\"cardsPage__listCard__boxs\"><div class=\"cardsPage__listCard__boxs__img\"><a href=\"https:\/\/www.suno.com.br\/noticias\/vacinas-pfizer-astrazeneca-solicitam-india-uso-emergencial\/\"><img class=\"mask\" src=\"https:\/\/www.suno.com.br\/noticias\/wp-content\/themes\/suno\/resources\/images\/spotlight\/spotlight1img\/bg-mask.png\" alt=\"Image Mask\"\/><img src=\"https:\/\/files.sunoresearch.com.br\/n\/uploads\/2020\/12\/9be93556-f058b0dbeb89c98ae284e0d325562cdd-400x200.webp\" alt=\"Vacinas: Pfizer e AstraZeneca solicitam \u00e0 \u00cdndia aval para uso emergencial\"\/><\/a><span class=\"spotlightCategory\"><a href=\"https:\/\/www.suno.com.br\/noticias\/internacional\/\">Internacional<\/a><\/span><\/div><div class=\"cardsPage__listCard__boxs__content\"><a href=\"https:\/\/www.suno.com.br\/noticias\/vacinas-pfizer-astrazeneca-solicitam-india-uso-emergencial\/\"><h2 class=\"content__title\">Vacinas: Pfizer e AstraZeneca solicitam \u00e0 \u00cdndia aval para uso emergencial<\/h2><\/a><div class=\"newsContent__article__meta\"><div class=\"newsContent__article__meta__authorBox\"><a href=\"https:\/\/www.suno.com.br\/noticias\/author\/arthur-guimaraes\/\" class=\"authorBox__avatar noMobi\"><img src=\"https:\/\/files.sunoresearch.com.br\/n\/uploads\/2020\/02\/dfb40897-eu-150x150.webp\" alt=\"Arthur Guimar\u00e3es\"><\/a><div class=\"authorBox__name\"><span>por\n\t\t\t<a href=\"https:\/\/www.suno.com.br\/noticias\/author\/arthur-guimaraes\/\"><span itemprop=\"author\">Arthur Guimar\u00e3es<\/span><\/a><\/span><time datetime=\"2020-12-07T15:33:55-03:00\" itemprop=\"datePublished\">07\/12\/2020 15:33<\/time><\/div><\/div><\/div><\/div><\/div>","single_layout":"posts","amp_enabled":true,"_links":{"self":[{"href":"https:\/\/www.suno.com.br\/noticias\/wp-json\/wp\/v2\/posts\/106112"}],"collection":[{"href":"https:\/\/www.suno.com.br\/noticias\/wp-json\/wp\/v2\/posts"}],"about":[{"href":"https:\/\/www.suno.com.br\/noticias\/wp-json\/wp\/v2\/types\/post"}],"author":[{"embeddable":true,"href":"https:\/\/www.suno.com.br\/noticias\/wp-json\/wp\/v2\/users\/35"}],"replies":[{"embeddable":true,"href":"https:\/\/www.suno.com.br\/noticias\/wp-json\/wp\/v2\/comments?post=106112"}],"version-history":[{"count":0,"href":"https:\/\/www.suno.com.br\/noticias\/wp-json\/wp\/v2\/posts\/106112\/revisions"}],"wp:featuredmedia":[{"embeddable":true,"href":"https:\/\/www.suno.com.br\/noticias\/wp-json\/wp\/v2\/media\/106163"}],"wp:attachment":[{"href":"https:\/\/www.suno.com.br\/noticias\/wp-json\/wp\/v2\/media?parent=106112"}],"wp:term":[{"taxonomy":"category","embeddable":true,"href":"https:\/\/www.suno.com.br\/noticias\/wp-json\/wp\/v2\/categories?post=106112"},{"taxonomy":"post_tag","embeddable":true,"href":"https:\/\/www.suno.com.br\/noticias\/wp-json\/wp\/v2\/tags?post=106112"},{"taxonomy":"suno_strategy","embeddable":true,"href":"https:\/\/www.suno.com.br\/noticias\/wp-json\/wp\/v2\/suno_strategy?post=106112"}],"curies":[{"name":"wp","href":"https:\/\/api.w.org\/{rel}","templated":true}]}}