{"id":10594,"date":"2019-01-07T15:57:36","date_gmt":"2019-01-07T17:57:36","guid":{"rendered":"https:\/\/www.suno.com.br\/noticias\/?p=10594"},"modified":"2019-01-07T15:57:36","modified_gmt":"2019-01-07T17:57:36","slug":"ministro-governo-acordo-embraer-boeing","status":"publish","type":"post","link":"https:\/\/www.suno.com.br\/noticias\/ministro-governo-acordo-embraer-boeing\/","title":{"rendered":"Ministro diz que governo n\u00e3o pensa em cessar acordo Embraer-Boeing"},"content":{"rendered":"<p>O ministro do Gabinete de Seguran\u00e7a Institucional (GSI), general Augusto Heleno, disse nesta segunda (7) que o governo n\u00e3o pensa em interromper o neg\u00f3cio entre Boeing e Embraer. A fala foi feita ap\u00f3s o presidente Jair Bolsonaro ter levantado d\u00favidas acerca da transa\u00e7\u00e3o, derrubando as a\u00e7\u00f5es da fabricante nacional.<\/p>\t<div class=\"wrapper-featured-image\">\n\t\t<figure class=\"spotlightImg\">\n\n\t\t\t<picture>\n\t\t\t\t<source media=\"(max-width: 768px)\" srcset=\"https:\/\/files.sunoresearch.com.br\/n\/uploads\/2018\/12\/6166c96c-embraer-e-boeing-400x200.webp\">\n\t\t\t\t<img loading=\"lazy\" decoding=\"async\" class=\"newsContent__article__imgCapa lazyloadDisabled newsContent__article__imgCapa--noCaption\" src=\"https:\/\/files.sunoresearch.com.br\/n\/uploads\/2018\/12\/6166c96c-embraer-e-boeing-800x450.webp\" width=\"800\" height=\"450\" alt=\"Ministro diz que governo n\u00e3o pensa em cessar acordo Embraer-Boeing\" fetchpriority=high \/>\n\t\t\t<\/picture>\n\n\t\t\t<figcaption class=\"wp-caption-text wp-caption-text--hide\">Embraer e Boeing<\/figcaption>\n\t\t<\/figure>\n\t<\/div>\n\n\n<p>Na sexta (4), <strong>Bolsonaro<\/strong> afirmou que estava preocupado com a possibilidade de a joint-venture entre as duas empresas deixar de ter participa\u00e7\u00e3o brasileira no futuro. No acordo firmado entre <strong>Boeing<\/strong> e <strong>Embraer<\/strong>, a fabricante nacional pode se desfazer totalmente dos 20% que deter\u00e1 da chamada NewCo, a nova companhia a ser formada. Ela vai produzir a atual linha de jatos regionais da Embraer e outros modelos.<\/p>\n<p>&#8220;Hoje mesmo foi colocada a necessidade de se estudar se essa \u00e9 a f\u00f3rmula ideal ou se n\u00f3s podemos pleitear outro tipo de solu\u00e7\u00e3o&#8221;, afirmou Augusto Heleno. Conforme dito pelo ministro, tamb\u00e9m h\u00e1 uma preocupa\u00e7\u00e3o com eventuais perdas para o pa\u00eds na \u00e1rea de desenvolvimento tecnol\u00f3gico.<\/p>\n<p><a href=\"https:\/\/www.suno.com.br\/noticias\/bolsonaro-acordo-embraer-boeing-mudancas\/\">Saiba mais: Bolsonaro: acordo Embraer-Boeing necessita de mudan\u00e7as<\/a><\/p>\n<p>&#8220;Isso envolve um patrim\u00f4nio f\u00edsico, um patrim\u00f4nio aeron\u00e1utico. Dentro desse patrim\u00f4nio aeron\u00e1utico, existe uma preocupa\u00e7\u00e3o muito grande com o patrim\u00f4nio tecnol\u00f3gico. Ele foi conseguido a duras penas ao longo de muitos anos e que n\u00f3s n\u00e3o pretendemos perder. Mas isso pode ser equacionado&#8221;, disse o ministro ap\u00f3s solenidade no Pal\u00e1cio do Planalto.<\/p>\n<p>Mesmo com as explica\u00e7\u00f5es, Augusto Heleno foi questionado se essa preocupa\u00e7\u00e3o poderia atrapalhar o neg\u00f3cio. &#8220;N\u00e3o est\u00e1 se pensando em interromper essa negocia\u00e7\u00e3o, n\u00e3o&#8221;, afirmou.<\/p>\n<p>O neg\u00f3cio precisa do aval do presidente para ser fechado. Isso porque a a\u00e7\u00e3o mais valiosa que a Embraer tem hoje \u00e9 a &#8220;golden share&#8221; do governo brasileiro. Ou seja, ela concede poder de veto em eventuais negocia\u00e7\u00f5es desse tipo.<\/p>\n<h2>Entenda o acordo entre Boeing e Embraer<\/h2>\n<p>Embraer aprovou com a Boeing os termos do acordo de fus\u00e3o em julho de 2017. O acordo prev\u00ea a cria\u00e7\u00e3o de uma <a href=\"https:\/\/www.suno.com.br\/artigos\/joint-venture\/\">joint venture<\/a>, uma nova empresa de avia\u00e7\u00e3o comercial no Brasil.<\/p>\n<p>O novo neg\u00f3cio est\u00e1 sendo chamado de JV Avia\u00e7\u00e3o Comercial ou Nova Sociedade. Entretanto, este n\u00e3o ser\u00e1 o nome da empresa ap\u00f3s a conclus\u00e3o de opera\u00e7\u00e3o. A nova empresa \u00e9 avaliada em US$ 5,26 bilh\u00f5es.<\/p>\n<p>Inicialmente, quando as duas empresas assinaram um memorando, o valor era estimado em US$ 4,75 bilh\u00f5es. Nos termos do acordo, a fabricante norte-americana de aeronaves deter\u00e1 80% do novo neg\u00f3cio, enquanto a Embraer, os 20% restantes.<\/p>\n<p>A Boeing pagar\u00e1 US$ 4,2 bilh\u00f5es (o equivalente a R$ 16,4 bilh\u00f5es), cerca de 10% maior que o inicialmente previsto. Este valor tamb\u00e9m supera em mais de 7% o valor de mercado da fabricante brasileira. O maior valor de mercado j\u00e1 registrado pela Embraer foi em novembro de 2015, quando a companhia atingiu R$ 22,39 bilh\u00f5es. Os 20% da fabricante brasileira poder\u00e3o ser vendidos para a Boeing a qualquer momento, por meio de uma op\u00e7\u00e3o de venda.<\/p>\n<h2>Controle operacional<\/h2>\n<p>A Boeing ter\u00e1 o controle operacional e de gest\u00e3o da nova empresa. Os executivos da joint venture responder\u00e3o diretamente ao presidente e CEO da Boeing, Dennis Muilenburg. Todavia, a joint venture, se aprovada, ser\u00e1 liderada por uma equipe de executivos no Brasil.<\/p>\n<p>A Embraer manter\u00e1 o poder de decis\u00e3o para temas espec\u00edficos que foram definidos em conjunto, como a transfer\u00eancia das opera\u00e7\u00f5es do Brasil. A empresa espera um resultado de aproximadamente US$ 3 bilh\u00f5es com a opera\u00e7\u00e3o, descontados os custos de separa\u00e7\u00e3o. Em 2017, a \u00e1rea de avia\u00e7\u00e3o comercial da Embraer representava 57,6% da receita l\u00edquida da empresa. Essa \u00e1rea foi respons\u00e1vel dos US$ 10,7 bilh\u00f5es de um total de US$ 18,7 bilh\u00f5es da receita.<\/p>\n<p>Boeing tem receita anual cerca de 16 vezes maior que a da Embraer. Em 2017, a fabricante brasileira faturou US$ 5,8 bilh\u00f5es, enquanto a empresa americana US$ 93,3 bilh\u00f5es. Boeing \u00e9 a principal fabricante de aeronaves comerciais para voos de longo alcance. Por outro lado, Embraer lidera o mercado de jatos regionais, com aeronaves para v\u00f4os a dist\u00e2ncias menores.<\/p>\n<p><a href=\"https:\/\/www.suno.com.br\/noticias\/parceria-maior-grupo-aviacao-mundo-presidente-embraer\/\">Saiba mais: Parceria criar\u00e1 o maior grupo de avia\u00e7\u00e3o do mundo, diz Embraer<\/a><\/p>\n<h2>Governo tem \u00faltima palavra<\/h2>\n<p>O acordo ainda precisa ser aprovado pelo governo brasileiro, que \u00e9 dono de uma \u201cgolden share\u201d na fabricante brasileira. Isso significa que o Pal\u00e1cio do Planalto tem poder de veto em decis\u00f5es estrat\u00e9gicas da empresa, como a transfer\u00eancia de controle acion\u00e1rio.<\/p>\n<p>A Embraer foi privatizada em 1994, no fim do governo Itamar Franco, por R$ 154,1 milh\u00f5es (em valores da \u00e9poca). Naquele momento, o governo manteve o poder de veto em decis\u00f5es espec\u00edficas.<\/p>\n<p>Caso o governo aprove o neg\u00f3cio, o acordo ainda ser\u00e1 submetido \u00e0 aprova\u00e7\u00e3o dos acionistas e das autoridades regulat\u00f3rias.<\/p>\n<p>As duas empresas de avia\u00e7\u00e3o tamb\u00e9m chegaram a um acordo sobre os termos de uma segunda <strong>joint<\/strong> <strong>venture<\/strong> para promover e desenvolver novos mercados na \u00e1rea de defesa, envolvendo o <strong>avi\u00e3o<\/strong> multimiss\u00e3o KC-390. A Embraer ser\u00e1 a controladora desta nova empresa, com 51% de participa\u00e7\u00e3o, e a Boeing, os 49% restantes. O valor total do neg\u00f3cio n\u00e3o foi informado. Caso o <strong>acordo<\/strong> com a <strong>Boeing<\/strong> seja aprovada no tempo previsto, a <strong>Embraer<\/strong> espera que a negocia\u00e7\u00e3o seja conclu\u00edda at\u00e9 o final de 2019.<\/p>\n","protected":false},"excerpt":{"rendered":"<p>O ministro do Gabinete de Seguran\u00e7a Institucional (GSI), general Augusto Heleno, disse nesta segunda (7) que o governo n\u00e3o pensa em interromper o neg\u00f3cio entre Boeing e Embraer. A fala foi feita ap\u00f3s o presidente Jair Bolsonaro ter levantado d\u00favidas acerca da transa\u00e7\u00e3o, derrubando as a\u00e7\u00f5es da fabricante nacional. Embraer e Boeing Na sexta (4), [&hellip;]<\/p>\n","protected":false},"author":13,"featured_media":9113,"comment_status":"closed","ping_status":"closed","sticky":false,"template":"","format":"standard","meta":[],"categories":[64,61],"tags":[828,460,719],"suno_strategy":[],"class_list":["post-10594","post","type-post","status-publish","format-standard","has-post-thumbnail","hentry","category-negocios","category-politica","tag-boeing-boei34","tag-embraer-embr3","tag-jair-bolsonaro"],"yoast_head":"<!-- This site is optimized with the Yoast SEO plugin v24.4 - https:\/\/yoast.com\/wordpress\/plugins\/seo\/ -->\n<title>Ministro diz que governo n\u00e3o pensa em cessar acordo Embraer-Boeing<\/title>\n<meta name=\"description\" content=\"A fala foi feita ap\u00f3s o presidente Jair Bolsonaro ter levantado d\u00favidas acerca da transa\u00e7\u00e3o entre Embraer e Boeing. Clique e saiba mais.\" \/>\n<meta name=\"robots\" content=\"index, follow, max-snippet:-1, max-image-preview:large, max-video-preview:-1\" \/>\n<link rel=\"canonical\" href=\"https:\/\/www.suno.com.br\/noticias\/ministro-governo-acordo-embraer-boeing\/\" \/>\n<meta property=\"og:locale\" content=\"pt_BR\" \/>\n<meta property=\"og:type\" content=\"article\" \/>\n<meta property=\"og:title\" content=\"Ministro diz que governo n\u00e3o pensa em cessar acordo Embraer-Boeing\" \/>\n<meta property=\"og:description\" content=\"A fala foi feita ap\u00f3s o presidente Jair Bolsonaro ter levantado d\u00favidas acerca da transa\u00e7\u00e3o entre Embraer e Boeing. Clique e saiba mais.\" \/>\n<meta property=\"og:url\" content=\"https:\/\/www.suno.com.br\/noticias\/ministro-governo-acordo-embraer-boeing\/\" \/>\n<meta property=\"og:site_name\" content=\"Suno Not\u00edcias\" \/>\n<meta property=\"article:publisher\" content=\"https:\/\/facebook.com\/sunoresearch\" \/>\n<meta property=\"og:image\" content=\"https:\/\/files.sunoresearch.com.br\/n\/uploads\/2018\/12\/6166c96c-embraer-e-boeing.jpg\" \/>\n\t<meta property=\"og:image:width\" content=\"1200\" \/>\n\t<meta property=\"og:image:height\" content=\"800\" \/>\n\t<meta property=\"og:image:type\" content=\"image\/jpeg\" \/>\n<meta name=\"author\" content=\"Guilherme Caetano\" \/>\n<meta name=\"twitter:card\" content=\"summary_large_image\" \/>\n<meta name=\"twitter:creator\" content=\"@sunoresearch\" \/>\n<meta name=\"twitter:site\" content=\"@sunoresearch\" \/>\n<meta name=\"twitter:label1\" content=\"Escrito por\" \/>\n\t<meta name=\"twitter:data1\" content=\"Guilherme Caetano\" \/>\n\t<meta name=\"twitter:label2\" content=\"Est. tempo de leitura\" \/>\n\t<meta name=\"twitter:data2\" content=\"5 minutos\" \/>\n<script type=\"application\/ld+json\" class=\"yoast-schema-graph\">{\"@context\":\"https:\/\/schema.org\",\"@graph\":[{\"@type\":\"NewsArticle\",\"@id\":\"https:\/\/www.suno.com.br\/noticias\/ministro-governo-acordo-embraer-boeing\/#article\",\"isPartOf\":{\"@id\":\"https:\/\/www.suno.com.br\/noticias\/ministro-governo-acordo-embraer-boeing\/\"},\"author\":{\"name\":\"Guilherme Caetano\",\"@id\":\"https:\/\/www.suno.com.br\/noticias\/#\/schema\/person\/0d0c9687cd2f600c564f25980c140de9\"},\"headline\":\"Ministro diz que governo n\u00e3o pensa em cessar acordo Embraer-Boeing\",\"datePublished\":\"2019-01-07T17:57:36+00:00\",\"mainEntityOfPage\":{\"@id\":\"https:\/\/www.suno.com.br\/noticias\/ministro-governo-acordo-embraer-boeing\/\"},\"wordCount\":912,\"publisher\":{\"@id\":\"https:\/\/www.suno.com.br\/noticias\/#organization\"},\"image\":{\"@id\":\"https:\/\/www.suno.com.br\/noticias\/ministro-governo-acordo-embraer-boeing\/#primaryimage\"},\"thumbnailUrl\":\"https:\/\/files.sunoresearch.com.br\/n\/uploads\/2018\/12\/6166c96c-embraer-e-boeing-jpg.webp\",\"keywords\":[\"Boeing (BOEI34)\",\"Embraer (EMBR3)\",\"Jair Bolsonaro\"],\"articleSection\":[\"Neg\u00f3cios\",\"Pol\u00edtica\"],\"inLanguage\":\"pt-BR\"},{\"@type\":\"WebPage\",\"@id\":\"https:\/\/www.suno.com.br\/noticias\/ministro-governo-acordo-embraer-boeing\/\",\"url\":\"https:\/\/www.suno.com.br\/noticias\/ministro-governo-acordo-embraer-boeing\/\",\"name\":\"Ministro diz que governo n\u00e3o pensa em cessar acordo Embraer-Boeing\",\"isPartOf\":{\"@id\":\"https:\/\/www.suno.com.br\/noticias\/#website\"},\"primaryImageOfPage\":{\"@id\":\"https:\/\/www.suno.com.br\/noticias\/ministro-governo-acordo-embraer-boeing\/#primaryimage\"},\"image\":{\"@id\":\"https:\/\/www.suno.com.br\/noticias\/ministro-governo-acordo-embraer-boeing\/#primaryimage\"},\"thumbnailUrl\":\"https:\/\/files.sunoresearch.com.br\/n\/uploads\/2018\/12\/6166c96c-embraer-e-boeing-jpg.webp\",\"datePublished\":\"2019-01-07T17:57:36+00:00\",\"description\":\"A fala foi feita ap\u00f3s o presidente Jair Bolsonaro ter levantado d\u00favidas acerca da transa\u00e7\u00e3o entre Embraer e Boeing. Clique e saiba mais.\",\"breadcrumb\":{\"@id\":\"https:\/\/www.suno.com.br\/noticias\/ministro-governo-acordo-embraer-boeing\/#breadcrumb\"},\"inLanguage\":\"pt-BR\",\"potentialAction\":[{\"@type\":\"ReadAction\",\"target\":[\"https:\/\/www.suno.com.br\/noticias\/ministro-governo-acordo-embraer-boeing\/\"]}]},{\"@type\":\"ImageObject\",\"inLanguage\":\"pt-BR\",\"@id\":\"https:\/\/www.suno.com.br\/noticias\/ministro-governo-acordo-embraer-boeing\/#primaryimage\",\"url\":\"https:\/\/files.sunoresearch.com.br\/n\/uploads\/2018\/12\/6166c96c-embraer-e-boeing-jpg.webp\",\"contentUrl\":\"https:\/\/files.sunoresearch.com.br\/n\/uploads\/2018\/12\/6166c96c-embraer-e-boeing-jpg.webp\",\"width\":1200,\"height\":800,\"caption\":\"Embraer e Boeing\"},{\"@type\":\"BreadcrumbList\",\"@id\":\"https:\/\/www.suno.com.br\/noticias\/ministro-governo-acordo-embraer-boeing\/#breadcrumb\",\"itemListElement\":[{\"@type\":\"ListItem\",\"position\":1,\"name\":\"Not\u00edcias\",\"item\":\"https:\/\/www.suno.com.br\/noticias\/\"},{\"@type\":\"ListItem\",\"position\":2,\"name\":\"Neg\u00f3cios\",\"item\":\"https:\/\/www.suno.com.br\/noticias\/negocios\/\"},{\"@type\":\"ListItem\",\"position\":3,\"name\":\"Ministro diz que governo n\u00e3o pensa em cessar acordo Embraer-Boeing\"}]},{\"@type\":\"WebSite\",\"@id\":\"https:\/\/www.suno.com.br\/noticias\/#website\",\"url\":\"https:\/\/www.suno.com.br\/noticias\/\",\"name\":\"Suno Not\u00edcias\",\"description\":\"Seu portal de informa\u00e7\u00e3o sobre o mundo dos investimentos\",\"publisher\":{\"@id\":\"https:\/\/www.suno.com.br\/noticias\/#organization\"},\"potentialAction\":[{\"@type\":\"SearchAction\",\"target\":{\"@type\":\"EntryPoint\",\"urlTemplate\":\"https:\/\/www.suno.com.br\/noticias\/?s={search_term_string}\"},\"query-input\":{\"@type\":\"PropertyValueSpecification\",\"valueRequired\":true,\"valueName\":\"search_term_string\"}}],\"inLanguage\":\"pt-BR\"},{\"@type\":\"Organization\",\"@id\":\"https:\/\/www.suno.com.br\/noticias\/#organization\",\"name\":\"Suno Not\u00edcias\",\"url\":\"https:\/\/www.suno.com.br\/noticias\/\",\"logo\":{\"@type\":\"ImageObject\",\"inLanguage\":\"pt-BR\",\"@id\":\"https:\/\/www.suno.com.br\/noticias\/#\/schema\/logo\/image\/\",\"url\":\"https:\/\/files.sunoresearch.com.br\/n\/uploads\/2021\/09\/suno-logo.png\",\"contentUrl\":\"https:\/\/files.sunoresearch.com.br\/n\/uploads\/2021\/09\/suno-logo.png\",\"width\":180,\"height\":180,\"caption\":\"Suno Not\u00edcias\"},\"image\":{\"@id\":\"https:\/\/www.suno.com.br\/noticias\/#\/schema\/logo\/image\/\"},\"sameAs\":[\"https:\/\/facebook.com\/sunoresearch\",\"https:\/\/x.com\/sunoresearch\",\"https:\/\/www.instagram.com\/suno\",\"https:\/\/www.linkedin.com\/company\/suno-research\/\",\"https:\/\/www.youtube.com\/c\/sunoresearch\"]},{\"@type\":\"Person\",\"@id\":\"https:\/\/www.suno.com.br\/noticias\/#\/schema\/person\/0d0c9687cd2f600c564f25980c140de9\",\"name\":\"Guilherme Caetano\",\"image\":{\"@type\":\"ImageObject\",\"inLanguage\":\"pt-BR\",\"@id\":\"https:\/\/www.suno.com.br\/noticias\/#\/schema\/person\/image\/\",\"url\":\"https:\/\/secure.gravatar.com\/avatar\/e48357351a01702a0d19307070e081bf?s=96&r=g\",\"contentUrl\":\"https:\/\/secure.gravatar.com\/avatar\/e48357351a01702a0d19307070e081bf?s=96&r=g\",\"caption\":\"Guilherme Caetano\"},\"description\":\"Formado em jornalismo pela Escola de Comunica\u00e7\u00f5es e Artes da USP, Guilherme Caetano escreve para o portal de not\u00edcias da Suno Research. Passou pelas reda\u00e7\u00f5es da Folha de S.Paulo e da revista \u00c9poca.\",\"url\":\"https:\/\/www.suno.com.br\/noticias\/author\/guilherme-caetano\/\"}]}<\/script>\n<!-- \/ Yoast SEO plugin. -->","yoast_head_json":{"title":"Ministro diz que governo n\u00e3o pensa em cessar acordo Embraer-Boeing","description":"A fala foi feita ap\u00f3s o presidente Jair Bolsonaro ter levantado d\u00favidas acerca da transa\u00e7\u00e3o entre Embraer e Boeing. Clique e saiba mais.","robots":{"index":"index","follow":"follow","max-snippet":"max-snippet:-1","max-image-preview":"max-image-preview:large","max-video-preview":"max-video-preview:-1"},"canonical":"https:\/\/www.suno.com.br\/noticias\/ministro-governo-acordo-embraer-boeing\/","og_locale":"pt_BR","og_type":"article","og_title":"Ministro diz que governo n\u00e3o pensa em cessar acordo Embraer-Boeing","og_description":"A fala foi feita ap\u00f3s o presidente Jair Bolsonaro ter levantado d\u00favidas acerca da transa\u00e7\u00e3o entre Embraer e Boeing. Clique e saiba mais.","og_url":"https:\/\/www.suno.com.br\/noticias\/ministro-governo-acordo-embraer-boeing\/","og_site_name":"Suno Not\u00edcias","article_publisher":"https:\/\/facebook.com\/sunoresearch","og_image":[{"width":1200,"height":800,"url":"https:\/\/files.sunoresearch.com.br\/n\/uploads\/2018\/12\/6166c96c-embraer-e-boeing.jpg","type":"image\/jpeg"}],"author":"Guilherme Caetano","twitter_card":"summary_large_image","twitter_creator":"@sunoresearch","twitter_site":"@sunoresearch","twitter_misc":{"Escrito por":"Guilherme Caetano","Est. tempo de leitura":"5 minutos"},"schema":{"@context":"https:\/\/schema.org","@graph":[{"@type":"NewsArticle","@id":"https:\/\/www.suno.com.br\/noticias\/ministro-governo-acordo-embraer-boeing\/#article","isPartOf":{"@id":"https:\/\/www.suno.com.br\/noticias\/ministro-governo-acordo-embraer-boeing\/"},"author":{"name":"Guilherme Caetano","@id":"https:\/\/www.suno.com.br\/noticias\/#\/schema\/person\/0d0c9687cd2f600c564f25980c140de9"},"headline":"Ministro diz que governo n\u00e3o pensa em cessar acordo Embraer-Boeing","datePublished":"2019-01-07T17:57:36+00:00","mainEntityOfPage":{"@id":"https:\/\/www.suno.com.br\/noticias\/ministro-governo-acordo-embraer-boeing\/"},"wordCount":912,"publisher":{"@id":"https:\/\/www.suno.com.br\/noticias\/#organization"},"image":{"@id":"https:\/\/www.suno.com.br\/noticias\/ministro-governo-acordo-embraer-boeing\/#primaryimage"},"thumbnailUrl":"https:\/\/files.sunoresearch.com.br\/n\/uploads\/2018\/12\/6166c96c-embraer-e-boeing-jpg.webp","keywords":["Boeing (BOEI34)","Embraer (EMBR3)","Jair Bolsonaro"],"articleSection":["Neg\u00f3cios","Pol\u00edtica"],"inLanguage":"pt-BR"},{"@type":"WebPage","@id":"https:\/\/www.suno.com.br\/noticias\/ministro-governo-acordo-embraer-boeing\/","url":"https:\/\/www.suno.com.br\/noticias\/ministro-governo-acordo-embraer-boeing\/","name":"Ministro diz que governo n\u00e3o pensa em cessar acordo Embraer-Boeing","isPartOf":{"@id":"https:\/\/www.suno.com.br\/noticias\/#website"},"primaryImageOfPage":{"@id":"https:\/\/www.suno.com.br\/noticias\/ministro-governo-acordo-embraer-boeing\/#primaryimage"},"image":{"@id":"https:\/\/www.suno.com.br\/noticias\/ministro-governo-acordo-embraer-boeing\/#primaryimage"},"thumbnailUrl":"https:\/\/files.sunoresearch.com.br\/n\/uploads\/2018\/12\/6166c96c-embraer-e-boeing-jpg.webp","datePublished":"2019-01-07T17:57:36+00:00","description":"A fala foi feita ap\u00f3s o presidente Jair Bolsonaro ter levantado d\u00favidas acerca da transa\u00e7\u00e3o entre Embraer e Boeing. Clique e saiba mais.","breadcrumb":{"@id":"https:\/\/www.suno.com.br\/noticias\/ministro-governo-acordo-embraer-boeing\/#breadcrumb"},"inLanguage":"pt-BR","potentialAction":[{"@type":"ReadAction","target":["https:\/\/www.suno.com.br\/noticias\/ministro-governo-acordo-embraer-boeing\/"]}]},{"@type":"ImageObject","inLanguage":"pt-BR","@id":"https:\/\/www.suno.com.br\/noticias\/ministro-governo-acordo-embraer-boeing\/#primaryimage","url":"https:\/\/files.sunoresearch.com.br\/n\/uploads\/2018\/12\/6166c96c-embraer-e-boeing-jpg.webp","contentUrl":"https:\/\/files.sunoresearch.com.br\/n\/uploads\/2018\/12\/6166c96c-embraer-e-boeing-jpg.webp","width":1200,"height":800,"caption":"Embraer e Boeing"},{"@type":"BreadcrumbList","@id":"https:\/\/www.suno.com.br\/noticias\/ministro-governo-acordo-embraer-boeing\/#breadcrumb","itemListElement":[{"@type":"ListItem","position":1,"name":"Not\u00edcias","item":"https:\/\/www.suno.com.br\/noticias\/"},{"@type":"ListItem","position":2,"name":"Neg\u00f3cios","item":"https:\/\/www.suno.com.br\/noticias\/negocios\/"},{"@type":"ListItem","position":3,"name":"Ministro diz que governo n\u00e3o pensa em cessar acordo Embraer-Boeing"}]},{"@type":"WebSite","@id":"https:\/\/www.suno.com.br\/noticias\/#website","url":"https:\/\/www.suno.com.br\/noticias\/","name":"Suno Not\u00edcias","description":"Seu portal de informa\u00e7\u00e3o sobre o mundo dos investimentos","publisher":{"@id":"https:\/\/www.suno.com.br\/noticias\/#organization"},"potentialAction":[{"@type":"SearchAction","target":{"@type":"EntryPoint","urlTemplate":"https:\/\/www.suno.com.br\/noticias\/?s={search_term_string}"},"query-input":{"@type":"PropertyValueSpecification","valueRequired":true,"valueName":"search_term_string"}}],"inLanguage":"pt-BR"},{"@type":"Organization","@id":"https:\/\/www.suno.com.br\/noticias\/#organization","name":"Suno Not\u00edcias","url":"https:\/\/www.suno.com.br\/noticias\/","logo":{"@type":"ImageObject","inLanguage":"pt-BR","@id":"https:\/\/www.suno.com.br\/noticias\/#\/schema\/logo\/image\/","url":"https:\/\/files.sunoresearch.com.br\/n\/uploads\/2021\/09\/suno-logo.png","contentUrl":"https:\/\/files.sunoresearch.com.br\/n\/uploads\/2021\/09\/suno-logo.png","width":180,"height":180,"caption":"Suno Not\u00edcias"},"image":{"@id":"https:\/\/www.suno.com.br\/noticias\/#\/schema\/logo\/image\/"},"sameAs":["https:\/\/facebook.com\/sunoresearch","https:\/\/x.com\/sunoresearch","https:\/\/www.instagram.com\/suno","https:\/\/www.linkedin.com\/company\/suno-research\/","https:\/\/www.youtube.com\/c\/sunoresearch"]},{"@type":"Person","@id":"https:\/\/www.suno.com.br\/noticias\/#\/schema\/person\/0d0c9687cd2f600c564f25980c140de9","name":"Guilherme Caetano","image":{"@type":"ImageObject","inLanguage":"pt-BR","@id":"https:\/\/www.suno.com.br\/noticias\/#\/schema\/person\/image\/","url":"https:\/\/secure.gravatar.com\/avatar\/e48357351a01702a0d19307070e081bf?s=96&r=g","contentUrl":"https:\/\/secure.gravatar.com\/avatar\/e48357351a01702a0d19307070e081bf?s=96&r=g","caption":"Guilherme Caetano"},"description":"Formado em jornalismo pela Escola de Comunica\u00e7\u00f5es e Artes da USP, Guilherme Caetano escreve para o portal de not\u00edcias da Suno Research. Passou pelas reda\u00e7\u00f5es da Folha de S.Paulo e da revista \u00c9poca.","url":"https:\/\/www.suno.com.br\/noticias\/author\/guilherme-caetano\/"}]}},"default_loop_html":"<div class=\"cardsPage__listCard__boxs\"><div class=\"cardsPage__listCard__boxs__img\"><a href=\"https:\/\/www.suno.com.br\/noticias\/ministro-governo-acordo-embraer-boeing\/\"><img class=\"mask\" src=\"https:\/\/www.suno.com.br\/noticias\/wp-content\/themes\/suno\/resources\/images\/spotlight\/spotlight1img\/bg-mask.png\" alt=\"Image Mask\"\/><img src=\"https:\/\/files.sunoresearch.com.br\/n\/uploads\/2018\/12\/6166c96c-embraer-e-boeing-400x200.webp\" alt=\"Ministro diz que governo n\u00e3o pensa em cessar acordo Embraer-Boeing\"\/><\/a><span class=\"spotlightCategory\"><a href=\"https:\/\/www.suno.com.br\/noticias\/negocios\/\">Neg\u00f3cios<\/a><\/span><\/div><div class=\"cardsPage__listCard__boxs__content\"><a href=\"https:\/\/www.suno.com.br\/noticias\/ministro-governo-acordo-embraer-boeing\/\"><h2 class=\"content__title\">Ministro diz que governo n\u00e3o pensa em cessar acordo Embraer-Boeing<\/h2><\/a><div class=\"newsContent__article__meta\"><div class=\"newsContent__article__meta__authorBox\"><a href=\"https:\/\/www.suno.com.br\/noticias\/author\/guilherme-caetano\/\" class=\"authorBox__avatar noMobi\"><img src=\"https:\/\/secure.gravatar.com\/avatar\/e48357351a01702a0d19307070e081bf?s=96&#038;r=g\" alt=\"Guilherme Caetano\"><\/a><div class=\"authorBox__name\"><span>por\n\t\t\t<a href=\"https:\/\/www.suno.com.br\/noticias\/author\/guilherme-caetano\/\"><span itemprop=\"author\">Guilherme Caetano<\/span><\/a><\/span><time datetime=\"2019-01-07T15:57:36-02:00\" itemprop=\"datePublished\">07\/01\/2019 15:57<\/time><\/div><\/div><\/div><\/div><\/div>","single_layout":"posts","amp_enabled":true,"_links":{"self":[{"href":"https:\/\/www.suno.com.br\/noticias\/wp-json\/wp\/v2\/posts\/10594"}],"collection":[{"href":"https:\/\/www.suno.com.br\/noticias\/wp-json\/wp\/v2\/posts"}],"about":[{"href":"https:\/\/www.suno.com.br\/noticias\/wp-json\/wp\/v2\/types\/post"}],"author":[{"embeddable":true,"href":"https:\/\/www.suno.com.br\/noticias\/wp-json\/wp\/v2\/users\/13"}],"replies":[{"embeddable":true,"href":"https:\/\/www.suno.com.br\/noticias\/wp-json\/wp\/v2\/comments?post=10594"}],"version-history":[{"count":0,"href":"https:\/\/www.suno.com.br\/noticias\/wp-json\/wp\/v2\/posts\/10594\/revisions"}],"wp:featuredmedia":[{"embeddable":true,"href":"https:\/\/www.suno.com.br\/noticias\/wp-json\/wp\/v2\/media\/9113"}],"wp:attachment":[{"href":"https:\/\/www.suno.com.br\/noticias\/wp-json\/wp\/v2\/media?parent=10594"}],"wp:term":[{"taxonomy":"category","embeddable":true,"href":"https:\/\/www.suno.com.br\/noticias\/wp-json\/wp\/v2\/categories?post=10594"},{"taxonomy":"post_tag","embeddable":true,"href":"https:\/\/www.suno.com.br\/noticias\/wp-json\/wp\/v2\/tags?post=10594"},{"taxonomy":"suno_strategy","embeddable":true,"href":"https:\/\/www.suno.com.br\/noticias\/wp-json\/wp\/v2\/suno_strategy?post=10594"}],"curies":[{"name":"wp","href":"https:\/\/api.w.org\/{rel}","templated":true}]}}