{"id":105770,"date":"2020-12-04T19:11:09","date_gmt":"2020-12-04T22:11:09","guid":{"rendered":"https:\/\/www.suno.com.br\/noticias\/?p=105770"},"modified":"2021-05-29T20:30:33","modified_gmt":"2021-05-29T23:30:33","slug":"blmo11-fisc11-ifix-fecha-em-queda-de-023-aos-2-79418-pontos","status":"publish","type":"post","link":"https:\/\/www.suno.com.br\/noticias\/blmo11-fisc11-ifix-fecha-em-queda-de-023-aos-2-79418-pontos\/","title":{"rendered":"BLMO11, FISC11: IFIX fecha em queda de 0,23% aos 2.794,18 pontos"},"content":{"rendered":"<p>O <b>IFIX<\/b>, \u00edndice de Fundos Imobili\u00e1rios da B3, fechou nesta sexta-feira (4), aos 2.794,18 pontos, apresentando uma queda\u00a0 de 0,23%.<\/p>\t<div class=\"wrapper-featured-image\">\n\t\t<figure class=\"spotlightImg\">\n\n\t\t\t<picture>\n\t\t\t\t<source media=\"(max-width: 768px)\" srcset=\"https:\/\/files.sunoresearch.com.br\/n\/uploads\/2020\/08\/a8c90f33-ibovespa-400x200.webp\">\n\t\t\t\t<img loading=\"lazy\" decoding=\"async\" class=\"newsContent__article__imgCapa lazyloadDisabled \" src=\"https:\/\/files.sunoresearch.com.br\/n\/uploads\/2020\/08\/a8c90f33-ibovespa-800x450.webp\" width=\"800\" height=\"450\" alt=\"BLMO11, FISC11: IFIX fecha em queda de 0,23% aos 2.794,18 pontos\" fetchpriority=high \/>\n\t\t\t<\/picture>\n\n\t\t\t<figcaption class=\"wp-caption-text wp-caption-text--show\">Bolsas europeias: no cen\u00e1rio brit\u00e2nico, o presidente do Banco da Inglaterra (BoE, na sigla em ingl\u00eas), Andrew Bailey, disse que est\u00e1 &quot;muito preocupado&quot; com a trajet\u00f3ria inflacion\u00e1ria no pa\u00eds<\/figcaption>\n\t\t<\/figure>\n\t<\/div>\n\n\n\t<p>\n\t\t<a href=\"https:\/\/lp.suno.com.br\/planilha-controle-gastos\/\" target=\"_blank\" data-element=\"shortcode-suno-banner\" title=\"Banner SUNO, clique e saiba mais\">\n\t\t\t<picture>\n\t\t\t\t<source media=\"(max-width: 500px)\" srcset=\"https:\/\/files.sunoresearch.com.br\/n\/uploads\/2023\/03\/400x300-Planilha-controle-de-gastos.png\">\n\t\t\t\t<img class=\"newsContent__article__imgCapa newsContent__article__imgCapa--banner\"\n\t\t\t\t\tsrc=\"https:\/\/files.sunoresearch.com.br\/n\/uploads\/2023\/03\/1420x240-Planilha-controle-de-gastos.png\"\n\t\t\t\t\tdata-promo-id=\"101751\"\t\t\t\t\t\t\t\t\t\twidth='1420' height='240'\t\t\t\t\talt=\"https:\/\/files.sunoresearch.com.br\/n\/uploads\/2023\/03\/1420x240-Planilha-controle-de-gastos.png\"\n\t\t\t\t>\n\t\t\t<\/picture>\n\t\t<\/a>\n\t<\/p>\n\n\n<p>Com o resultado do <strong><a href=\"https:\/\/www.suno.com.br\/artigos\/ifix\/\">IFIX<\/a> hoje,<\/strong> o \u00edndice acumula uma queda de 0,49% em dezembro, ao passo que no ano reporta uma queda de 13,36%.<\/p>\n<p>Al\u00e9m disso, a m\u00e1xima no dia foi de 2.802,63 pontos, enquanto a m\u00ednima ficou em 2.792,72 pontos.<\/p>\n\t<p>\n\t\t<a href=\"https:\/\/lp.suno.com.br\/planilha-controle-gastos\/\" target=\"_blank\" data-element=\"shortcode-suno-banner\" title=\"Banner SUNO, clique e saiba mais\">\n\t\t\t<picture>\n\t\t\t\t<source media=\"(max-width: 500px)\" srcset=\"https:\/\/files.sunoresearch.com.br\/n\/uploads\/2023\/03\/400x300-Planilha-controle-de-gastos.png\">\n\t\t\t\t<img class=\"newsContent__article__imgCapa newsContent__article__imgCapa--banner\"\n\t\t\t\t\tsrc=\"https:\/\/files.sunoresearch.com.br\/n\/uploads\/2023\/03\/1420x240-Planilha-controle-de-gastos.png\"\n\t\t\t\t\tdata-promo-id=\"101751\"\t\t\t\t\t\t\t\t\t\twidth='1420' height='240'\t\t\t\t\talt=\"https:\/\/files.sunoresearch.com.br\/n\/uploads\/2023\/03\/1420x240-Planilha-controle-de-gastos.png\"\n\t\t\t\t>\n\t\t\t<\/picture>\n\t\t<\/a>\n\t<\/p>\n\n\n<h2>Principais not\u00edcias do dia em Fundos Imobili\u00e1rios<\/h2>\n<p>Confira as principais not\u00edcias que movimentaram o IFIX nesta sexta-feira:<\/p>\n<ul>\n<li><strong>BLMO11<\/strong> adquire im\u00f3vel em S\u00e3o Paulo<\/li>\n<li><strong>FISC11<\/strong> aprova desdobramento das cotas<\/li>\n<\/ul>\n<h3>BLMO11<\/h3>\n<p>A administradora do FII Bluemacaw Office Fund II, BRL Trust, informou na \u00faltima quinta-feira (3), via fato relevante, que adquiriu im\u00f3veis em S\u00e3o Paulo.<\/p>\n<p>&#8220;Foram adquiridas as unidades O-501, O-502 e O-2402 e respectivas vagas de garagem e dep\u00f3sitos, todas localizadas no Centro Empresarial Na\u00e7\u00f5es Unidas, com endere\u00e7o na Avenida das Na\u00e7\u00f5es Unidas&#8221;, explica o <strong>BLMO11<\/strong>.<\/p>\n\t<div data-element=\"shortcode-read-more\" class=\"knowMore\">\n\t\t\t\t<span class=\"knowMore__title\">Saiba mais<\/span>\n\t\t\t\t<a class=\"knowMore__link\" href=\"https:\/\/www.suno.com.br\/noticias\/emprestimo-cotas-fiis-fips-fundo-imobiliario\/\">\n\t\t\tEmpr\u00e9stimo de cotas de FIIs e FIPs ser\u00e1 liberado a partir de segunda-feira\t\t<\/a>\n\t<\/div>\n\n\n<p>Al\u00e9m disso, o valor total de aquisi\u00e7\u00e3o dos im\u00f3veis foi de R$ 20.415.750, e vai de encontro \u00e0 estrat\u00e9gia do Fundo em formar seu portf\u00f3lio com ativos bem localizados, de acordo com a administradora.<\/p>\n<p>Em rela\u00e7\u00e3o ao impacto financeiro, o documento salienta que &#8220;considerando que os custos totais relacionados \u00e0 compra do Im\u00f3vel ser\u00e3o de R$21.241.953,35 . Portanto, considerando que a unidade O-2402 j\u00e1 se encontra locada \u00e0 vendedora por meio de opera\u00e7\u00e3o sale-leaseback, pelo per\u00edodo de 60\u00a0 meses, a expectativa da gest\u00e3o \u00e9 que a aquisi\u00e7\u00e3o dos Im\u00f3veis gere impacto positivo na renda mensal, entretanto, neste momento n\u00e3o \u00e9 poss\u00edvel a verifica\u00e7\u00e3o do impacto financeiro por cota&#8221;.<\/p>\n<h3>FISC11<\/h3>\n<p>O <strong>FII SC 401<\/strong> informou, via fato relevante, que aprovou o desdobramento das cotas na propor\u00e7\u00e3o de 1 para 10, a partir do dia 11 de dezembro, &#8216;com a consequente altera\u00e7\u00e3o do valor base de cada cota, na mesma propor\u00e7\u00e3o, permanecendo inalterado o valor do somat\u00f3rio das referidas cotas.<\/p>\n<p>Al\u00e9m disso, os cr\u00e9ditos das cotas ser\u00e3o lan\u00e7ados no dia 16 de dezembro, de acordo com o documento.<\/p>\n<h2>Maiores altas e baixas do IFIX<\/h2>\n<p>Confira as maiores altas e baixas do dia no IFIX:<\/p>\n<h3>Maiores Altas do dia\u00a0no IFIX:<\/h3>\n<ul>\n<li><strong>XPCM11<\/strong>: +1,49%\/ R$ 48,91<\/li>\n<li><strong>VLOL11<\/strong>: +1,39% \/ R$ 102,20<\/li>\n<li><strong>IRDM11<\/strong>: +0,95% \/R$ 128,10<\/li>\n<li><strong>HGPO11<\/strong>: +0,91% \/R$ 220,00<\/li>\n<li><strong>CPTS11<\/strong>: + 0,87% \/R$ 97,74<\/li>\n<\/ul>\n<h3>Maiores Baixas do dia no IFIX:<\/h3>\n<ul>\n<li><strong>OULG11<\/strong>: -3,46% \/ R$ 76,50<\/li>\n<li><strong>XPLG11<\/strong>: -3,07% \/ R$ 122,99<\/li>\n<li><strong>XPPR11<\/strong>: -1,64% \/ R$ 84,00<\/li>\n<li><b>PLCR11<\/b>: -1,53% \/ R$ 83,69<\/li>\n<li><strong>LVBI11<\/strong>: -1,33% \/ R$ 115,43<\/li>\n<\/ul>\n<h2>O que \u00e9 o IFIX<\/h2>\n<p>O <b>IFIX <\/b>\u00e9 um indicador criado pela <a href=\"https:\/\/www.suno.com.br\/artigos\/b3\/\"><strong>Bolsa de Valores de S\u00e3o Paulo (B3)<\/strong><\/a> que tem como objetivo a medi\u00e7\u00e3o da performance de uma carteira composta por cotas de <strong>Fundos Imobili\u00e1rios.<\/strong><\/p>\n\t<p>\n\t\t<a href=\"https:\/\/lp.suno.com.br\/planilha-de-controle-de-investimentos\/\" target=\"_blank\" data-element=\"shortcode-suno-banner\" title=\"Banner SUNO, clique e saiba mais\">\n\t\t\t<picture>\n\t\t\t\t<source media=\"(max-width: 500px)\" srcset=\"https:\/\/files.sunoresearch.com.br\/n\/uploads\/2023\/03\/400x300-Controle-de-Investimentos.png\">\n\t\t\t\t<img class=\"newsContent__article__imgCapa newsContent__article__imgCapa--banner\"\n\t\t\t\t\tsrc=\"https:\/\/files.sunoresearch.com.br\/n\/uploads\/2023\/03\/1420x240-Controle-de-Investimentos.png\"\n\t\t\t\t\tdata-promo-id=\"75934\"\t\t\t\t\t\t\t\t\t\twidth='1420' height='240'\t\t\t\t\talt=\"https:\/\/files.sunoresearch.com.br\/n\/uploads\/2023\/03\/1420x240-Controle-de-Investimentos.png\"\n\t\t\t\t>\n\t\t\t<\/picture>\n\t\t<\/a>\n\t<\/p>\n\n\n","protected":false},"excerpt":{"rendered":"<p>O IFIX, \u00edndice de Fundos Imobili\u00e1rios da B3, fechou nesta sexta-feira (4), aos 2.794,18 pontos, apresentando uma queda\u00a0 de 0,23%. Bolsas europeias: no cen\u00e1rio brit\u00e2nico, o presidente do Banco da Inglaterra (BoE, na sigla em ingl\u00eas), Andrew Bailey, disse que est\u00e1 &quot;muito preocupado&quot; com a trajet\u00f3ria inflacion\u00e1ria no pa\u00eds Com o resultado do IFIX hoje, [&hellip;]<\/p>\n","protected":false},"author":39,"featured_media":77552,"comment_status":"closed","ping_status":"closed","sticky":false,"template":"","format":"standard","meta":[],"categories":[66,60],"tags":[105776,315,2689],"suno_strategy":[],"class_list":["post-105770","post","type-post","status-publish","format-standard","has-post-thumbnail","hentry","category-fiis","category-mercado","tag-cpts11","tag-fundos-imobiliarios-fiis","tag-ifix"],"yoast_head":"<!-- This site is optimized with the Yoast SEO plugin v24.4 - https:\/\/yoast.com\/wordpress\/plugins\/seo\/ -->\n<title>BLMO11, FISC11: IFIX fecha em queda de 0,23% aos 2.794,18 pontos<\/title>\n<meta name=\"description\" content=\"O IFIX encerrou a sess\u00e3o desta sexta-feira (4), aos 2.794,18 pontos, apresentando uma queda\u00a0de 0,23%. Clique aqui para saber mais.\" \/>\n<meta name=\"robots\" content=\"index, follow, max-snippet:-1, max-image-preview:large, max-video-preview:-1\" \/>\n<link rel=\"canonical\" href=\"https:\/\/www.suno.com.br\/noticias\/blmo11-fisc11-ifix-fecha-em-queda-de-023-aos-2-79418-pontos\/\" \/>\n<meta property=\"og:locale\" content=\"pt_BR\" \/>\n<meta property=\"og:type\" content=\"article\" \/>\n<meta property=\"og:title\" content=\"BLMO11, FISC11: IFIX fecha em queda de 0,23% aos 2.794,18 pontos\" \/>\n<meta property=\"og:description\" content=\"O IFIX encerrou a sess\u00e3o desta sexta-feira (4), aos 2.794,18 pontos, apresentando uma queda\u00a0de 0,23%. Clique aqui para saber mais.\" \/>\n<meta property=\"og:url\" content=\"https:\/\/www.suno.com.br\/noticias\/blmo11-fisc11-ifix-fecha-em-queda-de-023-aos-2-79418-pontos\/\" \/>\n<meta property=\"og:site_name\" content=\"Suno Not\u00edcias\" \/>\n<meta property=\"article:publisher\" content=\"https:\/\/facebook.com\/sunoresearch\" \/>\n<meta property=\"og:image\" content=\"https:\/\/files.sunoresearch.com.br\/n\/uploads\/2020\/08\/a8c90f33-ibovespa-1024x576.png\" \/>\n\t<meta property=\"og:image:width\" content=\"1024\" \/>\n\t<meta property=\"og:image:height\" content=\"576\" \/>\n\t<meta property=\"og:image:type\" content=\"image\/png\" \/>\n<meta name=\"author\" content=\"Laura Moutinho\" \/>\n<meta name=\"twitter:card\" content=\"summary_large_image\" \/>\n<meta name=\"twitter:creator\" content=\"@sunoresearch\" \/>\n<meta name=\"twitter:site\" content=\"@sunoresearch\" \/>\n<meta name=\"twitter:label1\" content=\"Escrito por\" \/>\n\t<meta name=\"twitter:data1\" content=\"Laura Moutinho\" \/>\n\t<meta name=\"twitter:label2\" content=\"Est. tempo de leitura\" \/>\n\t<meta name=\"twitter:data2\" content=\"2 minutos\" \/>\n<script type=\"application\/ld+json\" class=\"yoast-schema-graph\">{\"@context\":\"https:\/\/schema.org\",\"@graph\":[{\"@type\":\"NewsArticle\",\"@id\":\"https:\/\/www.suno.com.br\/noticias\/blmo11-fisc11-ifix-fecha-em-queda-de-023-aos-2-79418-pontos\/#article\",\"isPartOf\":{\"@id\":\"https:\/\/www.suno.com.br\/noticias\/blmo11-fisc11-ifix-fecha-em-queda-de-023-aos-2-79418-pontos\/\"},\"author\":{\"name\":\"Laura Moutinho\",\"@id\":\"https:\/\/www.suno.com.br\/noticias\/#\/schema\/person\/3df0d2808748b74496efe5dbeaef2c72\"},\"headline\":\"BLMO11, FISC11: IFIX fecha em queda de 0,23% aos 2.794,18 pontos\",\"datePublished\":\"2020-12-04T22:11:09+00:00\",\"dateModified\":\"2021-05-29T23:30:33+00:00\",\"mainEntityOfPage\":{\"@id\":\"https:\/\/www.suno.com.br\/noticias\/blmo11-fisc11-ifix-fecha-em-queda-de-023-aos-2-79418-pontos\/\"},\"wordCount\":456,\"publisher\":{\"@id\":\"https:\/\/www.suno.com.br\/noticias\/#organization\"},\"image\":{\"@id\":\"https:\/\/www.suno.com.br\/noticias\/blmo11-fisc11-ifix-fecha-em-queda-de-023-aos-2-79418-pontos\/#primaryimage\"},\"thumbnailUrl\":\"https:\/\/files.sunoresearch.com.br\/n\/uploads\/2020\/08\/a8c90f33-ibovespa-png.webp\",\"keywords\":[\"CPTS11\",\"Fundos Imobili\u00e1rios (FIIs)\",\"IFIX\"],\"articleSection\":[\"FIIs\",\"Mercado\"],\"inLanguage\":\"pt-BR\"},{\"@type\":\"WebPage\",\"@id\":\"https:\/\/www.suno.com.br\/noticias\/blmo11-fisc11-ifix-fecha-em-queda-de-023-aos-2-79418-pontos\/\",\"url\":\"https:\/\/www.suno.com.br\/noticias\/blmo11-fisc11-ifix-fecha-em-queda-de-023-aos-2-79418-pontos\/\",\"name\":\"BLMO11, FISC11: IFIX fecha em queda de 0,23% aos 2.794,18 pontos\",\"isPartOf\":{\"@id\":\"https:\/\/www.suno.com.br\/noticias\/#website\"},\"primaryImageOfPage\":{\"@id\":\"https:\/\/www.suno.com.br\/noticias\/blmo11-fisc11-ifix-fecha-em-queda-de-023-aos-2-79418-pontos\/#primaryimage\"},\"image\":{\"@id\":\"https:\/\/www.suno.com.br\/noticias\/blmo11-fisc11-ifix-fecha-em-queda-de-023-aos-2-79418-pontos\/#primaryimage\"},\"thumbnailUrl\":\"https:\/\/files.sunoresearch.com.br\/n\/uploads\/2020\/08\/a8c90f33-ibovespa-png.webp\",\"datePublished\":\"2020-12-04T22:11:09+00:00\",\"dateModified\":\"2021-05-29T23:30:33+00:00\",\"description\":\"O IFIX encerrou a sess\u00e3o desta sexta-feira (4), aos 2.794,18 pontos, apresentando uma queda\u00a0de 0,23%. Clique aqui para saber mais.\",\"breadcrumb\":{\"@id\":\"https:\/\/www.suno.com.br\/noticias\/blmo11-fisc11-ifix-fecha-em-queda-de-023-aos-2-79418-pontos\/#breadcrumb\"},\"inLanguage\":\"pt-BR\",\"potentialAction\":[{\"@type\":\"ReadAction\",\"target\":[\"https:\/\/www.suno.com.br\/noticias\/blmo11-fisc11-ifix-fecha-em-queda-de-023-aos-2-79418-pontos\/\"]}]},{\"@type\":\"ImageObject\",\"inLanguage\":\"pt-BR\",\"@id\":\"https:\/\/www.suno.com.br\/noticias\/blmo11-fisc11-ifix-fecha-em-queda-de-023-aos-2-79418-pontos\/#primaryimage\",\"url\":\"https:\/\/files.sunoresearch.com.br\/n\/uploads\/2020\/08\/a8c90f33-ibovespa-png.webp\",\"contentUrl\":\"https:\/\/files.sunoresearch.com.br\/n\/uploads\/2020\/08\/a8c90f33-ibovespa-png.webp\",\"width\":1920,\"height\":1080,\"caption\":\"Bolsas europeias: no cen\u00e1rio brit\u00e2nico, o presidente do Banco da Inglaterra (BoE, na sigla em ingl\u00eas), Andrew Bailey, disse que est\u00e1 \\\"muito preocupado\\\" com a trajet\u00f3ria inflacion\u00e1ria no pa\u00eds\"},{\"@type\":\"BreadcrumbList\",\"@id\":\"https:\/\/www.suno.com.br\/noticias\/blmo11-fisc11-ifix-fecha-em-queda-de-023-aos-2-79418-pontos\/#breadcrumb\",\"itemListElement\":[{\"@type\":\"ListItem\",\"position\":1,\"name\":\"Not\u00edcias\",\"item\":\"https:\/\/www.suno.com.br\/noticias\/\"},{\"@type\":\"ListItem\",\"position\":2,\"name\":\"FIIs\",\"item\":\"https:\/\/www.suno.com.br\/noticias\/fiis\/\"},{\"@type\":\"ListItem\",\"position\":3,\"name\":\"BLMO11, FISC11: IFIX fecha em queda de 0,23% aos 2.794,18 pontos\"}]},{\"@type\":\"WebSite\",\"@id\":\"https:\/\/www.suno.com.br\/noticias\/#website\",\"url\":\"https:\/\/www.suno.com.br\/noticias\/\",\"name\":\"Suno Not\u00edcias\",\"description\":\"Seu portal de informa\u00e7\u00e3o sobre o mundo dos investimentos\",\"publisher\":{\"@id\":\"https:\/\/www.suno.com.br\/noticias\/#organization\"},\"potentialAction\":[{\"@type\":\"SearchAction\",\"target\":{\"@type\":\"EntryPoint\",\"urlTemplate\":\"https:\/\/www.suno.com.br\/noticias\/?s={search_term_string}\"},\"query-input\":{\"@type\":\"PropertyValueSpecification\",\"valueRequired\":true,\"valueName\":\"search_term_string\"}}],\"inLanguage\":\"pt-BR\"},{\"@type\":\"Organization\",\"@id\":\"https:\/\/www.suno.com.br\/noticias\/#organization\",\"name\":\"Suno Not\u00edcias\",\"url\":\"https:\/\/www.suno.com.br\/noticias\/\",\"logo\":{\"@type\":\"ImageObject\",\"inLanguage\":\"pt-BR\",\"@id\":\"https:\/\/www.suno.com.br\/noticias\/#\/schema\/logo\/image\/\",\"url\":\"https:\/\/files.sunoresearch.com.br\/n\/uploads\/2021\/09\/suno-logo.png\",\"contentUrl\":\"https:\/\/files.sunoresearch.com.br\/n\/uploads\/2021\/09\/suno-logo.png\",\"width\":180,\"height\":180,\"caption\":\"Suno Not\u00edcias\"},\"image\":{\"@id\":\"https:\/\/www.suno.com.br\/noticias\/#\/schema\/logo\/image\/\"},\"sameAs\":[\"https:\/\/facebook.com\/sunoresearch\",\"https:\/\/x.com\/sunoresearch\",\"https:\/\/www.instagram.com\/suno\",\"https:\/\/www.linkedin.com\/company\/suno-research\/\",\"https:\/\/www.youtube.com\/c\/sunoresearch\"]},{\"@type\":\"Person\",\"@id\":\"https:\/\/www.suno.com.br\/noticias\/#\/schema\/person\/3df0d2808748b74496efe5dbeaef2c72\",\"name\":\"Laura Moutinho\",\"image\":{\"@type\":\"ImageObject\",\"inLanguage\":\"pt-BR\",\"@id\":\"https:\/\/www.suno.com.br\/noticias\/#\/schema\/person\/image\/\",\"url\":\"https:\/\/secure.gravatar.com\/avatar\/7571c7c8ca3a6fca5e41384ece5557ff?s=96&r=g\",\"contentUrl\":\"https:\/\/secure.gravatar.com\/avatar\/7571c7c8ca3a6fca5e41384ece5557ff?s=96&r=g\",\"caption\":\"Laura Moutinho\"},\"description\":\"Estagi\u00e1ria na Suno Not\u00edcias, escreve not\u00edcias que afetam o mercado financeiro. Estuda administra\u00e7\u00e3o na Universidade Presbiteriana Mackenzie.\",\"url\":\"https:\/\/www.suno.com.br\/noticias\/author\/laura-moutinho\/\"}]}<\/script>\n<!-- \/ Yoast SEO plugin. -->","yoast_head_json":{"title":"BLMO11, FISC11: IFIX fecha em queda de 0,23% aos 2.794,18 pontos","description":"O IFIX encerrou a sess\u00e3o desta sexta-feira (4), aos 2.794,18 pontos, apresentando uma queda\u00a0de 0,23%. Clique aqui para saber mais.","robots":{"index":"index","follow":"follow","max-snippet":"max-snippet:-1","max-image-preview":"max-image-preview:large","max-video-preview":"max-video-preview:-1"},"canonical":"https:\/\/www.suno.com.br\/noticias\/blmo11-fisc11-ifix-fecha-em-queda-de-023-aos-2-79418-pontos\/","og_locale":"pt_BR","og_type":"article","og_title":"BLMO11, FISC11: IFIX fecha em queda de 0,23% aos 2.794,18 pontos","og_description":"O IFIX encerrou a sess\u00e3o desta sexta-feira (4), aos 2.794,18 pontos, apresentando uma queda\u00a0de 0,23%. Clique aqui para saber mais.","og_url":"https:\/\/www.suno.com.br\/noticias\/blmo11-fisc11-ifix-fecha-em-queda-de-023-aos-2-79418-pontos\/","og_site_name":"Suno Not\u00edcias","article_publisher":"https:\/\/facebook.com\/sunoresearch","og_image":[{"width":1024,"height":576,"url":"https:\/\/files.sunoresearch.com.br\/n\/uploads\/2020\/08\/a8c90f33-ibovespa-1024x576.png","type":"image\/png"}],"author":"Laura Moutinho","twitter_card":"summary_large_image","twitter_creator":"@sunoresearch","twitter_site":"@sunoresearch","twitter_misc":{"Escrito por":"Laura Moutinho","Est. tempo de leitura":"2 minutos"},"schema":{"@context":"https:\/\/schema.org","@graph":[{"@type":"NewsArticle","@id":"https:\/\/www.suno.com.br\/noticias\/blmo11-fisc11-ifix-fecha-em-queda-de-023-aos-2-79418-pontos\/#article","isPartOf":{"@id":"https:\/\/www.suno.com.br\/noticias\/blmo11-fisc11-ifix-fecha-em-queda-de-023-aos-2-79418-pontos\/"},"author":{"name":"Laura Moutinho","@id":"https:\/\/www.suno.com.br\/noticias\/#\/schema\/person\/3df0d2808748b74496efe5dbeaef2c72"},"headline":"BLMO11, FISC11: IFIX fecha em queda de 0,23% aos 2.794,18 pontos","datePublished":"2020-12-04T22:11:09+00:00","dateModified":"2021-05-29T23:30:33+00:00","mainEntityOfPage":{"@id":"https:\/\/www.suno.com.br\/noticias\/blmo11-fisc11-ifix-fecha-em-queda-de-023-aos-2-79418-pontos\/"},"wordCount":456,"publisher":{"@id":"https:\/\/www.suno.com.br\/noticias\/#organization"},"image":{"@id":"https:\/\/www.suno.com.br\/noticias\/blmo11-fisc11-ifix-fecha-em-queda-de-023-aos-2-79418-pontos\/#primaryimage"},"thumbnailUrl":"https:\/\/files.sunoresearch.com.br\/n\/uploads\/2020\/08\/a8c90f33-ibovespa-png.webp","keywords":["CPTS11","Fundos Imobili\u00e1rios (FIIs)","IFIX"],"articleSection":["FIIs","Mercado"],"inLanguage":"pt-BR"},{"@type":"WebPage","@id":"https:\/\/www.suno.com.br\/noticias\/blmo11-fisc11-ifix-fecha-em-queda-de-023-aos-2-79418-pontos\/","url":"https:\/\/www.suno.com.br\/noticias\/blmo11-fisc11-ifix-fecha-em-queda-de-023-aos-2-79418-pontos\/","name":"BLMO11, FISC11: IFIX fecha em queda de 0,23% aos 2.794,18 pontos","isPartOf":{"@id":"https:\/\/www.suno.com.br\/noticias\/#website"},"primaryImageOfPage":{"@id":"https:\/\/www.suno.com.br\/noticias\/blmo11-fisc11-ifix-fecha-em-queda-de-023-aos-2-79418-pontos\/#primaryimage"},"image":{"@id":"https:\/\/www.suno.com.br\/noticias\/blmo11-fisc11-ifix-fecha-em-queda-de-023-aos-2-79418-pontos\/#primaryimage"},"thumbnailUrl":"https:\/\/files.sunoresearch.com.br\/n\/uploads\/2020\/08\/a8c90f33-ibovespa-png.webp","datePublished":"2020-12-04T22:11:09+00:00","dateModified":"2021-05-29T23:30:33+00:00","description":"O IFIX encerrou a sess\u00e3o desta sexta-feira (4), aos 2.794,18 pontos, apresentando uma queda\u00a0de 0,23%. Clique aqui para saber mais.","breadcrumb":{"@id":"https:\/\/www.suno.com.br\/noticias\/blmo11-fisc11-ifix-fecha-em-queda-de-023-aos-2-79418-pontos\/#breadcrumb"},"inLanguage":"pt-BR","potentialAction":[{"@type":"ReadAction","target":["https:\/\/www.suno.com.br\/noticias\/blmo11-fisc11-ifix-fecha-em-queda-de-023-aos-2-79418-pontos\/"]}]},{"@type":"ImageObject","inLanguage":"pt-BR","@id":"https:\/\/www.suno.com.br\/noticias\/blmo11-fisc11-ifix-fecha-em-queda-de-023-aos-2-79418-pontos\/#primaryimage","url":"https:\/\/files.sunoresearch.com.br\/n\/uploads\/2020\/08\/a8c90f33-ibovespa-png.webp","contentUrl":"https:\/\/files.sunoresearch.com.br\/n\/uploads\/2020\/08\/a8c90f33-ibovespa-png.webp","width":1920,"height":1080,"caption":"Bolsas europeias: no cen\u00e1rio brit\u00e2nico, o presidente do Banco da Inglaterra (BoE, na sigla em ingl\u00eas), Andrew Bailey, disse que est\u00e1 \"muito preocupado\" com a trajet\u00f3ria inflacion\u00e1ria no pa\u00eds"},{"@type":"BreadcrumbList","@id":"https:\/\/www.suno.com.br\/noticias\/blmo11-fisc11-ifix-fecha-em-queda-de-023-aos-2-79418-pontos\/#breadcrumb","itemListElement":[{"@type":"ListItem","position":1,"name":"Not\u00edcias","item":"https:\/\/www.suno.com.br\/noticias\/"},{"@type":"ListItem","position":2,"name":"FIIs","item":"https:\/\/www.suno.com.br\/noticias\/fiis\/"},{"@type":"ListItem","position":3,"name":"BLMO11, FISC11: IFIX fecha em queda de 0,23% aos 2.794,18 pontos"}]},{"@type":"WebSite","@id":"https:\/\/www.suno.com.br\/noticias\/#website","url":"https:\/\/www.suno.com.br\/noticias\/","name":"Suno Not\u00edcias","description":"Seu portal de informa\u00e7\u00e3o sobre o mundo dos investimentos","publisher":{"@id":"https:\/\/www.suno.com.br\/noticias\/#organization"},"potentialAction":[{"@type":"SearchAction","target":{"@type":"EntryPoint","urlTemplate":"https:\/\/www.suno.com.br\/noticias\/?s={search_term_string}"},"query-input":{"@type":"PropertyValueSpecification","valueRequired":true,"valueName":"search_term_string"}}],"inLanguage":"pt-BR"},{"@type":"Organization","@id":"https:\/\/www.suno.com.br\/noticias\/#organization","name":"Suno Not\u00edcias","url":"https:\/\/www.suno.com.br\/noticias\/","logo":{"@type":"ImageObject","inLanguage":"pt-BR","@id":"https:\/\/www.suno.com.br\/noticias\/#\/schema\/logo\/image\/","url":"https:\/\/files.sunoresearch.com.br\/n\/uploads\/2021\/09\/suno-logo.png","contentUrl":"https:\/\/files.sunoresearch.com.br\/n\/uploads\/2021\/09\/suno-logo.png","width":180,"height":180,"caption":"Suno Not\u00edcias"},"image":{"@id":"https:\/\/www.suno.com.br\/noticias\/#\/schema\/logo\/image\/"},"sameAs":["https:\/\/facebook.com\/sunoresearch","https:\/\/x.com\/sunoresearch","https:\/\/www.instagram.com\/suno","https:\/\/www.linkedin.com\/company\/suno-research\/","https:\/\/www.youtube.com\/c\/sunoresearch"]},{"@type":"Person","@id":"https:\/\/www.suno.com.br\/noticias\/#\/schema\/person\/3df0d2808748b74496efe5dbeaef2c72","name":"Laura Moutinho","image":{"@type":"ImageObject","inLanguage":"pt-BR","@id":"https:\/\/www.suno.com.br\/noticias\/#\/schema\/person\/image\/","url":"https:\/\/secure.gravatar.com\/avatar\/7571c7c8ca3a6fca5e41384ece5557ff?s=96&r=g","contentUrl":"https:\/\/secure.gravatar.com\/avatar\/7571c7c8ca3a6fca5e41384ece5557ff?s=96&r=g","caption":"Laura Moutinho"},"description":"Estagi\u00e1ria na Suno Not\u00edcias, escreve not\u00edcias que afetam o mercado financeiro. Estuda administra\u00e7\u00e3o na Universidade Presbiteriana Mackenzie.","url":"https:\/\/www.suno.com.br\/noticias\/author\/laura-moutinho\/"}]}},"default_loop_html":"<div class=\"cardsPage__listCard__boxs\"><div class=\"cardsPage__listCard__boxs__img\"><a href=\"https:\/\/www.suno.com.br\/noticias\/blmo11-fisc11-ifix-fecha-em-queda-de-023-aos-2-79418-pontos\/\"><img class=\"mask\" src=\"https:\/\/www.suno.com.br\/noticias\/wp-content\/themes\/suno\/resources\/images\/spotlight\/spotlight1img\/bg-mask.png\" alt=\"Image Mask\"\/><img src=\"https:\/\/files.sunoresearch.com.br\/n\/uploads\/2020\/08\/a8c90f33-ibovespa-400x200.webp\" alt=\"BLMO11, FISC11: IFIX fecha em queda de 0,23% aos 2.794,18 pontos\"\/><\/a><span class=\"spotlightCategory\"><a href=\"https:\/\/www.suno.com.br\/noticias\/fiis\/\">FIIs<\/a><\/span><\/div><div class=\"cardsPage__listCard__boxs__content\"><a href=\"https:\/\/www.suno.com.br\/noticias\/blmo11-fisc11-ifix-fecha-em-queda-de-023-aos-2-79418-pontos\/\"><h2 class=\"content__title\">BLMO11, FISC11: IFIX fecha em queda de 0,23% aos 2.794,18 pontos<\/h2><\/a><div class=\"newsContent__article__meta\"><div class=\"newsContent__article__meta__authorBox\"><a href=\"https:\/\/www.suno.com.br\/noticias\/author\/laura-moutinho\/\" class=\"authorBox__avatar noMobi\"><img src=\"https:\/\/files.sunoresearch.com.br\/n\/uploads\/2020\/08\/531ff69d-whatsapp-image-2020-08-03-at-14.54.38-150x150.webp\" alt=\"Laura Moutinho\"><\/a><div class=\"authorBox__name\"><span>por\n\t\t\t<a href=\"https:\/\/www.suno.com.br\/noticias\/author\/laura-moutinho\/\"><span itemprop=\"author\">Laura Moutinho<\/span><\/a><\/span><time datetime=\"2020-12-04T19:11:09-03:00\" itemprop=\"datePublished\">04\/12\/2020 19:11<\/time><\/div><\/div><\/div><\/div><\/div>","single_layout":"posts","amp_enabled":true,"_links":{"self":[{"href":"https:\/\/www.suno.com.br\/noticias\/wp-json\/wp\/v2\/posts\/105770"}],"collection":[{"href":"https:\/\/www.suno.com.br\/noticias\/wp-json\/wp\/v2\/posts"}],"about":[{"href":"https:\/\/www.suno.com.br\/noticias\/wp-json\/wp\/v2\/types\/post"}],"author":[{"embeddable":true,"href":"https:\/\/www.suno.com.br\/noticias\/wp-json\/wp\/v2\/users\/39"}],"replies":[{"embeddable":true,"href":"https:\/\/www.suno.com.br\/noticias\/wp-json\/wp\/v2\/comments?post=105770"}],"version-history":[{"count":1,"href":"https:\/\/www.suno.com.br\/noticias\/wp-json\/wp\/v2\/posts\/105770\/revisions"}],"predecessor-version":[{"id":146747,"href":"https:\/\/www.suno.com.br\/noticias\/wp-json\/wp\/v2\/posts\/105770\/revisions\/146747"}],"wp:featuredmedia":[{"embeddable":true,"href":"https:\/\/www.suno.com.br\/noticias\/wp-json\/wp\/v2\/media\/77552"}],"wp:attachment":[{"href":"https:\/\/www.suno.com.br\/noticias\/wp-json\/wp\/v2\/media?parent=105770"}],"wp:term":[{"taxonomy":"category","embeddable":true,"href":"https:\/\/www.suno.com.br\/noticias\/wp-json\/wp\/v2\/categories?post=105770"},{"taxonomy":"post_tag","embeddable":true,"href":"https:\/\/www.suno.com.br\/noticias\/wp-json\/wp\/v2\/tags?post=105770"},{"taxonomy":"suno_strategy","embeddable":true,"href":"https:\/\/www.suno.com.br\/noticias\/wp-json\/wp\/v2\/suno_strategy?post=105770"}],"curies":[{"name":"wp","href":"https:\/\/api.w.org\/{rel}","templated":true}]}}