{"id":10551,"date":"2019-01-07T11:21:25","date_gmt":"2019-01-07T13:21:25","guid":{"rendered":"https:\/\/www.suno.com.br\/noticias\/?p=10551"},"modified":"2019-02-01T13:19:10","modified_gmt":"2019-02-01T15:19:10","slug":"presidente-nissan-alianca-renault-perigo","status":"publish","type":"post","link":"https:\/\/www.suno.com.br\/noticias\/presidente-nissan-alianca-renault-perigo\/","title":{"rendered":"Presidente da Nissan: alian\u00e7a com a Renault n\u00e3o est\u00e1 em perigo"},"content":{"rendered":"<p>O presidente da Nissan, Hiroto Saikawa, declarou que a alian\u00e7a industrial com a Renault n\u00e3o est\u00e1 em perigo.<\/p>\t<div class=\"wrapper-featured-image\">\n\t\t<figure class=\"spotlightImg\">\n\n\t\t\t<picture>\n\t\t\t\t<source media=\"(max-width: 768px)\" srcset=\"https:\/\/files.sunoresearch.com.br\/n\/uploads\/2019\/01\/76dc82db-hiroto-saikawa-400x200.webp\">\n\t\t\t\t<img loading=\"lazy\" decoding=\"async\" class=\"newsContent__article__imgCapa lazyloadDisabled newsContent__article__imgCapa--noCaption\" src=\"https:\/\/files.sunoresearch.com.br\/n\/uploads\/2019\/01\/76dc82db-hiroto-saikawa-jpg.webp\" width=\"800\" height=\"450\" alt=\"Presidente da Nissan: alian\u00e7a com a Renault n\u00e3o est\u00e1 em perigo\" fetchpriority=high \/>\n\t\t\t<\/picture>\n\n\t\t\t<figcaption class=\"wp-caption-text wp-caption-text--hide\">CEO da Nissan e sucessor de Ghosn, Hiroto Saikawa. (divulga\u00e7\u00e3o)<\/figcaption>\n\t\t<\/figure>\n\t<\/div>\n\n\n<p>O presidente da <strong>Nissan<\/strong> conversou com a AFP no meio da crise vivida pela pela pris\u00e3o em novembro no <strong>Jap\u00e3o<\/strong> do ex presidente <strong>Carlos Ghosn<\/strong>. Ghosn foi o criador da alian\u00e7a entre as montadoras japonesa e francesa.<\/p>\n<p>Segundo\u00a0Saikawa, que n\u00e3o quis falar sobre o futuro de Ghosn, seu ex-mentor, essa parceria &#8220;n\u00e3o est\u00e1 em risco&#8221;. O presidente da Nissan garantiu estar em contato &#8220;quase di\u00e1rio&#8221; com a <strong>Renault<\/strong>, apesar das tens\u00f5es.<\/p>\n<p><a href=\"https:\/\/www.suno.com.br\/noticias\/ghosn-fraude-financeira-nissan\/\">Saiba mais: Nissan \u00e9 acusada e Ghosn tem indiciamento por fraude oficializado\u00a0<\/a><\/p>\n<p>&#8220;O sistema judicial japon\u00eas segue seu curso. N\u00e3o tenho nada a dizer. Quero apenas me concentrar na estabiliza\u00e7\u00e3o da companhia e faz\u00ea-la avan\u00e7ar passo a passo&#8221;, afirmou Saikawa. Essa foi a primeira entrevista a um ve\u00edculo de imprensa desde que o caso Ghosn explodiu.<\/p>\n<p>A Nissan e a Mitsubishi j\u00e1 afastaram Ghosn da presid\u00eancia, ap\u00f3s sua pris\u00e3o. Todavia, a Renault decidiu mant\u00ea-lo como conselheiro, na base do princ\u00edpio da presun\u00e7\u00e3o de inoc\u00eancia.<\/p>\n<p>Saikawa, 65 anos, era um dos homens de confian\u00e7a de Ghosn. Entretanto, o executivo surpreendeu com suas duras palavras ap\u00f3s a pris\u00e3o de seu ex-chefe, em 19 de novembro passado.<\/p>\n<p><a href=\"https:\/\/www.suno.com.br\/noticias\/ghosn-prejuizo-pessoal-nissan\/\">Saiba mais:\u00a0Ghosn \u00e9 acusado de passar preju\u00edzo pessoal de US$ 15 mi para Nissan\u00a0<\/a><\/p>\n<h2>Relembre o caso Ghosn<\/h2>\n<p>Detido em T\u00f3quio por suspeita de fraude, <strong>Ghosn<\/strong> comparece pela primeira vez \u00e0 Justi\u00e7a, nesta ter\u00e7a-feira (8).<\/p>\n<p>O executivo de 64 anos foi acusado de ter omitido em suas declara\u00e7\u00f5es de renda \u00e0s autoridades da Bolsa nip\u00f4nica. Ele teria escondido quase 5 bilh\u00f5es de ienes (44 milh\u00f5es de d\u00f3lares) durante cinco anos, entre 2010 e 2015.<\/p>\n<p>Seu bra\u00e7o direito, Greg Kelly, tamb\u00e9m foi acusado de ter ajudado a ocultar valores.<\/p>\n<p>Ghosn tamb\u00e9m \u00e9 suspeito de ter repetido a fraude, entre 2015 e 2018, totalizando 4 bilh\u00f5es de ienes (35 milh\u00f5es de d\u00f3lares). Esse ponto havia provocado uma primeira prorroga\u00e7\u00e3o do per\u00edodo de deten\u00e7\u00e3o.<\/p>\n<p><a href=\"https:\/\/www.suno.com.br\/noticias\/carlos-ghosn-sair-prisao-confessar\/\">Saiba mais:\u00a0Carlos Ghosn pode sair da pris\u00e3o se confessar culpa, diz filho\u00a0<\/a><\/p>\n<p>Al\u00e9m das acusa\u00e7\u00f5es de n\u00e3o ter declarado sua renda real, a Nissan afirma que seu ex-presidente utilizou ilicitamente resid\u00eancias de luxo espalhadas em v\u00e1rios pa\u00edses do mundo pagas pela empresa.<\/p>\n<p>A Nissan tamb\u00e9m \u00e9 investigada como pessoa jur\u00eddica. A Promotoria suspeita da responsabilidade da empresa, que forneceu os relat\u00f3rios falsos \u00e0s autoridades da Bolsa.<\/p>\n<p>A deten\u00e7\u00e3o de Ghosn, que foi destitu\u00eddo da presid\u00eancia da Nissan poucos dias depois de ser preso, resultou de uma investiga\u00e7\u00e3o interna da empresa. O executivo tamb\u00e9m foi destitu\u00eddo da presid\u00eancia da Mitsubishi Motors.<\/p>\n<p>A pris\u00e3o de Ghosn provocou uma crise na alian\u00e7a entre a <strong>Nissan<\/strong> e a <strong>Renault<\/strong>, criada em 1999, costurada pr\u00f3prio por\u00a0<strong>Carlos<\/strong> <strong>Ghosn<\/strong>. Com a entrada da Mitsubishi Motors, se tornou o maior grupo mundial do setor automobil\u00edstico.<\/p>\n","protected":false},"excerpt":{"rendered":"<p>O presidente da Nissan, Hiroto Saikawa, declarou que a alian\u00e7a industrial com a Renault n\u00e3o est\u00e1 em perigo. CEO da Nissan e sucessor de Ghosn, Hiroto Saikawa. (divulga\u00e7\u00e3o) O presidente da Nissan conversou com a AFP no meio da crise vivida pela pela pris\u00e3o em novembro no Jap\u00e3o do ex presidente Carlos Ghosn. Ghosn foi [&hellip;]<\/p>\n","protected":false},"author":9,"featured_media":10803,"comment_status":"closed","ping_status":"closed","sticky":false,"template":"","format":"standard","meta":[],"categories":[60],"tags":[876,889,877,929],"suno_strategy":[],"class_list":["post-10551","post","type-post","status-publish","format-standard","has-post-thumbnail","hentry","category-mercado","tag-carlos-ghosn","tag-japao","tag-nissan","tag-renault"],"yoast_head":"<!-- This site is optimized with the Yoast SEO plugin v24.4 - https:\/\/yoast.com\/wordpress\/plugins\/seo\/ -->\n<title>Presidente da Nissan: alian\u00e7a com a Renault n\u00e3o est\u00e1 em perigo<\/title>\n<meta name=\"description\" content=\"O presidente da Nissan, Hiroto Saikawa, declarou que a alian\u00e7a industrial com a Renault n\u00e3o est\u00e1 em perigo. Clique aqui para saber mais.\" \/>\n<meta name=\"robots\" content=\"index, follow, max-snippet:-1, max-image-preview:large, max-video-preview:-1\" \/>\n<link rel=\"canonical\" href=\"https:\/\/www.suno.com.br\/noticias\/presidente-nissan-alianca-renault-perigo\/\" \/>\n<meta property=\"og:locale\" content=\"pt_BR\" \/>\n<meta property=\"og:type\" content=\"article\" \/>\n<meta property=\"og:title\" content=\"Presidente da Nissan: alian\u00e7a com a Renault n\u00e3o est\u00e1 em perigo\" \/>\n<meta property=\"og:description\" content=\"O presidente da Nissan, Hiroto Saikawa, declarou que a alian\u00e7a industrial com a Renault n\u00e3o est\u00e1 em perigo. Clique aqui para saber mais.\" \/>\n<meta property=\"og:url\" content=\"https:\/\/www.suno.com.br\/noticias\/presidente-nissan-alianca-renault-perigo\/\" \/>\n<meta property=\"og:site_name\" content=\"Suno Not\u00edcias\" \/>\n<meta property=\"article:publisher\" content=\"https:\/\/facebook.com\/sunoresearch\" \/>\n<meta property=\"og:image\" content=\"https:\/\/files.sunoresearch.com.br\/n\/uploads\/2019\/01\/76dc82db-hiroto-saikawa.jpg\" \/>\n\t<meta property=\"og:image:width\" content=\"780\" \/>\n\t<meta property=\"og:image:height\" content=\"520\" \/>\n\t<meta property=\"og:image:type\" content=\"image\/jpeg\" \/>\n<meta name=\"author\" content=\"Carlo Cauti\" \/>\n<meta name=\"twitter:card\" content=\"summary_large_image\" \/>\n<meta name=\"twitter:creator\" content=\"@sunoresearch\" \/>\n<meta name=\"twitter:site\" content=\"@sunoresearch\" \/>\n<meta name=\"twitter:label1\" content=\"Escrito por\" \/>\n\t<meta name=\"twitter:data1\" content=\"Carlo Cauti\" \/>\n\t<meta name=\"twitter:label2\" content=\"Est. tempo de leitura\" \/>\n\t<meta name=\"twitter:data2\" content=\"3 minutos\" \/>\n<script type=\"application\/ld+json\" class=\"yoast-schema-graph\">{\"@context\":\"https:\/\/schema.org\",\"@graph\":[{\"@type\":\"NewsArticle\",\"@id\":\"https:\/\/www.suno.com.br\/noticias\/presidente-nissan-alianca-renault-perigo\/#article\",\"isPartOf\":{\"@id\":\"https:\/\/www.suno.com.br\/noticias\/presidente-nissan-alianca-renault-perigo\/\"},\"author\":{\"name\":\"Carlo Cauti\",\"@id\":\"https:\/\/www.suno.com.br\/noticias\/#\/schema\/person\/e6e0f723cc177805027f4566c1d5e0c8\"},\"headline\":\"Presidente da Nissan: alian\u00e7a com a Renault n\u00e3o est\u00e1 em perigo\",\"datePublished\":\"2019-01-07T13:21:25+00:00\",\"dateModified\":\"2019-02-01T15:19:10+00:00\",\"mainEntityOfPage\":{\"@id\":\"https:\/\/www.suno.com.br\/noticias\/presidente-nissan-alianca-renault-perigo\/\"},\"wordCount\":523,\"publisher\":{\"@id\":\"https:\/\/www.suno.com.br\/noticias\/#organization\"},\"image\":{\"@id\":\"https:\/\/www.suno.com.br\/noticias\/presidente-nissan-alianca-renault-perigo\/#primaryimage\"},\"thumbnailUrl\":\"https:\/\/files.sunoresearch.com.br\/n\/uploads\/2019\/01\/76dc82db-hiroto-saikawa-jpg.webp\",\"keywords\":[\"Carlos Ghosn\",\"Jap\u00e3o\",\"Nissan\",\"Renault\"],\"articleSection\":[\"Mercado\"],\"inLanguage\":\"pt-BR\"},{\"@type\":\"WebPage\",\"@id\":\"https:\/\/www.suno.com.br\/noticias\/presidente-nissan-alianca-renault-perigo\/\",\"url\":\"https:\/\/www.suno.com.br\/noticias\/presidente-nissan-alianca-renault-perigo\/\",\"name\":\"Presidente da Nissan: alian\u00e7a com a Renault n\u00e3o est\u00e1 em perigo\",\"isPartOf\":{\"@id\":\"https:\/\/www.suno.com.br\/noticias\/#website\"},\"primaryImageOfPage\":{\"@id\":\"https:\/\/www.suno.com.br\/noticias\/presidente-nissan-alianca-renault-perigo\/#primaryimage\"},\"image\":{\"@id\":\"https:\/\/www.suno.com.br\/noticias\/presidente-nissan-alianca-renault-perigo\/#primaryimage\"},\"thumbnailUrl\":\"https:\/\/files.sunoresearch.com.br\/n\/uploads\/2019\/01\/76dc82db-hiroto-saikawa-jpg.webp\",\"datePublished\":\"2019-01-07T13:21:25+00:00\",\"dateModified\":\"2019-02-01T15:19:10+00:00\",\"description\":\"O presidente da Nissan, Hiroto Saikawa, declarou que a alian\u00e7a industrial com a Renault n\u00e3o est\u00e1 em perigo. Clique aqui para saber mais.\",\"breadcrumb\":{\"@id\":\"https:\/\/www.suno.com.br\/noticias\/presidente-nissan-alianca-renault-perigo\/#breadcrumb\"},\"inLanguage\":\"pt-BR\",\"potentialAction\":[{\"@type\":\"ReadAction\",\"target\":[\"https:\/\/www.suno.com.br\/noticias\/presidente-nissan-alianca-renault-perigo\/\"]}]},{\"@type\":\"ImageObject\",\"inLanguage\":\"pt-BR\",\"@id\":\"https:\/\/www.suno.com.br\/noticias\/presidente-nissan-alianca-renault-perigo\/#primaryimage\",\"url\":\"https:\/\/files.sunoresearch.com.br\/n\/uploads\/2019\/01\/76dc82db-hiroto-saikawa-jpg.webp\",\"contentUrl\":\"https:\/\/files.sunoresearch.com.br\/n\/uploads\/2019\/01\/76dc82db-hiroto-saikawa-jpg.webp\",\"width\":780,\"height\":520,\"caption\":\"CEO da Nissan e sucessor de Ghosn, Hiroto Saikawa. (divulga\u00e7\u00e3o)\"},{\"@type\":\"BreadcrumbList\",\"@id\":\"https:\/\/www.suno.com.br\/noticias\/presidente-nissan-alianca-renault-perigo\/#breadcrumb\",\"itemListElement\":[{\"@type\":\"ListItem\",\"position\":1,\"name\":\"Not\u00edcias\",\"item\":\"https:\/\/www.suno.com.br\/noticias\/\"},{\"@type\":\"ListItem\",\"position\":2,\"name\":\"Mercado\",\"item\":\"https:\/\/www.suno.com.br\/noticias\/mercado\/\"},{\"@type\":\"ListItem\",\"position\":3,\"name\":\"Presidente da Nissan: alian\u00e7a com a Renault n\u00e3o est\u00e1 em perigo\"}]},{\"@type\":\"WebSite\",\"@id\":\"https:\/\/www.suno.com.br\/noticias\/#website\",\"url\":\"https:\/\/www.suno.com.br\/noticias\/\",\"name\":\"Suno Not\u00edcias\",\"description\":\"Seu portal de informa\u00e7\u00e3o sobre o mundo dos investimentos\",\"publisher\":{\"@id\":\"https:\/\/www.suno.com.br\/noticias\/#organization\"},\"potentialAction\":[{\"@type\":\"SearchAction\",\"target\":{\"@type\":\"EntryPoint\",\"urlTemplate\":\"https:\/\/www.suno.com.br\/noticias\/?s={search_term_string}\"},\"query-input\":{\"@type\":\"PropertyValueSpecification\",\"valueRequired\":true,\"valueName\":\"search_term_string\"}}],\"inLanguage\":\"pt-BR\"},{\"@type\":\"Organization\",\"@id\":\"https:\/\/www.suno.com.br\/noticias\/#organization\",\"name\":\"Suno Not\u00edcias\",\"url\":\"https:\/\/www.suno.com.br\/noticias\/\",\"logo\":{\"@type\":\"ImageObject\",\"inLanguage\":\"pt-BR\",\"@id\":\"https:\/\/www.suno.com.br\/noticias\/#\/schema\/logo\/image\/\",\"url\":\"https:\/\/files.sunoresearch.com.br\/n\/uploads\/2021\/09\/suno-logo.png\",\"contentUrl\":\"https:\/\/files.sunoresearch.com.br\/n\/uploads\/2021\/09\/suno-logo.png\",\"width\":180,\"height\":180,\"caption\":\"Suno Not\u00edcias\"},\"image\":{\"@id\":\"https:\/\/www.suno.com.br\/noticias\/#\/schema\/logo\/image\/\"},\"sameAs\":[\"https:\/\/facebook.com\/sunoresearch\",\"https:\/\/x.com\/sunoresearch\",\"https:\/\/www.instagram.com\/suno\",\"https:\/\/www.linkedin.com\/company\/suno-research\/\",\"https:\/\/www.youtube.com\/c\/sunoresearch\"]},{\"@type\":\"Person\",\"@id\":\"https:\/\/www.suno.com.br\/noticias\/#\/schema\/person\/e6e0f723cc177805027f4566c1d5e0c8\",\"name\":\"Carlo Cauti\",\"image\":{\"@type\":\"ImageObject\",\"inLanguage\":\"pt-BR\",\"@id\":\"https:\/\/www.suno.com.br\/noticias\/#\/schema\/person\/image\/\",\"url\":\"https:\/\/secure.gravatar.com\/avatar\/3ada9e0bd164c23abd4792a9606d583c?s=96&r=g\",\"contentUrl\":\"https:\/\/secure.gravatar.com\/avatar\/3ada9e0bd164c23abd4792a9606d583c?s=96&r=g\",\"caption\":\"Carlo Cauti\"},\"description\":\"Editor multim\u00eddia do SUNO Not\u00edcias. Italiano, formado em Ci\u00eancias Pol\u00edticas pela universidade LUISS G. Carli de Roma e mestre cum laude em Rela\u00e7\u00f5es Internacionais, Jornalismo Internacional e de Guerra e em Economia Internacional. Concluiu tamb\u00e9m um MBA em Finan\u00e7as na B3. No Brasil, teve passagem por ve\u00edculos como Estad\u00e3o, Globo, Veja e EXAME. e nas ag\u00eancias de not\u00edcias italianas ANSA e NOVA.\",\"url\":\"https:\/\/www.suno.com.br\/noticias\/author\/carlo-cauti\/\"}]}<\/script>\n<!-- \/ Yoast SEO plugin. -->","yoast_head_json":{"title":"Presidente da Nissan: alian\u00e7a com a Renault n\u00e3o est\u00e1 em perigo","description":"O presidente da Nissan, Hiroto Saikawa, declarou que a alian\u00e7a industrial com a Renault n\u00e3o est\u00e1 em perigo. Clique aqui para saber mais.","robots":{"index":"index","follow":"follow","max-snippet":"max-snippet:-1","max-image-preview":"max-image-preview:large","max-video-preview":"max-video-preview:-1"},"canonical":"https:\/\/www.suno.com.br\/noticias\/presidente-nissan-alianca-renault-perigo\/","og_locale":"pt_BR","og_type":"article","og_title":"Presidente da Nissan: alian\u00e7a com a Renault n\u00e3o est\u00e1 em perigo","og_description":"O presidente da Nissan, Hiroto Saikawa, declarou que a alian\u00e7a industrial com a Renault n\u00e3o est\u00e1 em perigo. Clique aqui para saber mais.","og_url":"https:\/\/www.suno.com.br\/noticias\/presidente-nissan-alianca-renault-perigo\/","og_site_name":"Suno Not\u00edcias","article_publisher":"https:\/\/facebook.com\/sunoresearch","og_image":[{"width":780,"height":520,"url":"https:\/\/files.sunoresearch.com.br\/n\/uploads\/2019\/01\/76dc82db-hiroto-saikawa.jpg","type":"image\/jpeg"}],"author":"Carlo Cauti","twitter_card":"summary_large_image","twitter_creator":"@sunoresearch","twitter_site":"@sunoresearch","twitter_misc":{"Escrito por":"Carlo Cauti","Est. tempo de leitura":"3 minutos"},"schema":{"@context":"https:\/\/schema.org","@graph":[{"@type":"NewsArticle","@id":"https:\/\/www.suno.com.br\/noticias\/presidente-nissan-alianca-renault-perigo\/#article","isPartOf":{"@id":"https:\/\/www.suno.com.br\/noticias\/presidente-nissan-alianca-renault-perigo\/"},"author":{"name":"Carlo Cauti","@id":"https:\/\/www.suno.com.br\/noticias\/#\/schema\/person\/e6e0f723cc177805027f4566c1d5e0c8"},"headline":"Presidente da Nissan: alian\u00e7a com a Renault n\u00e3o est\u00e1 em perigo","datePublished":"2019-01-07T13:21:25+00:00","dateModified":"2019-02-01T15:19:10+00:00","mainEntityOfPage":{"@id":"https:\/\/www.suno.com.br\/noticias\/presidente-nissan-alianca-renault-perigo\/"},"wordCount":523,"publisher":{"@id":"https:\/\/www.suno.com.br\/noticias\/#organization"},"image":{"@id":"https:\/\/www.suno.com.br\/noticias\/presidente-nissan-alianca-renault-perigo\/#primaryimage"},"thumbnailUrl":"https:\/\/files.sunoresearch.com.br\/n\/uploads\/2019\/01\/76dc82db-hiroto-saikawa-jpg.webp","keywords":["Carlos Ghosn","Jap\u00e3o","Nissan","Renault"],"articleSection":["Mercado"],"inLanguage":"pt-BR"},{"@type":"WebPage","@id":"https:\/\/www.suno.com.br\/noticias\/presidente-nissan-alianca-renault-perigo\/","url":"https:\/\/www.suno.com.br\/noticias\/presidente-nissan-alianca-renault-perigo\/","name":"Presidente da Nissan: alian\u00e7a com a Renault n\u00e3o est\u00e1 em perigo","isPartOf":{"@id":"https:\/\/www.suno.com.br\/noticias\/#website"},"primaryImageOfPage":{"@id":"https:\/\/www.suno.com.br\/noticias\/presidente-nissan-alianca-renault-perigo\/#primaryimage"},"image":{"@id":"https:\/\/www.suno.com.br\/noticias\/presidente-nissan-alianca-renault-perigo\/#primaryimage"},"thumbnailUrl":"https:\/\/files.sunoresearch.com.br\/n\/uploads\/2019\/01\/76dc82db-hiroto-saikawa-jpg.webp","datePublished":"2019-01-07T13:21:25+00:00","dateModified":"2019-02-01T15:19:10+00:00","description":"O presidente da Nissan, Hiroto Saikawa, declarou que a alian\u00e7a industrial com a Renault n\u00e3o est\u00e1 em perigo. Clique aqui para saber mais.","breadcrumb":{"@id":"https:\/\/www.suno.com.br\/noticias\/presidente-nissan-alianca-renault-perigo\/#breadcrumb"},"inLanguage":"pt-BR","potentialAction":[{"@type":"ReadAction","target":["https:\/\/www.suno.com.br\/noticias\/presidente-nissan-alianca-renault-perigo\/"]}]},{"@type":"ImageObject","inLanguage":"pt-BR","@id":"https:\/\/www.suno.com.br\/noticias\/presidente-nissan-alianca-renault-perigo\/#primaryimage","url":"https:\/\/files.sunoresearch.com.br\/n\/uploads\/2019\/01\/76dc82db-hiroto-saikawa-jpg.webp","contentUrl":"https:\/\/files.sunoresearch.com.br\/n\/uploads\/2019\/01\/76dc82db-hiroto-saikawa-jpg.webp","width":780,"height":520,"caption":"CEO da Nissan e sucessor de Ghosn, Hiroto Saikawa. (divulga\u00e7\u00e3o)"},{"@type":"BreadcrumbList","@id":"https:\/\/www.suno.com.br\/noticias\/presidente-nissan-alianca-renault-perigo\/#breadcrumb","itemListElement":[{"@type":"ListItem","position":1,"name":"Not\u00edcias","item":"https:\/\/www.suno.com.br\/noticias\/"},{"@type":"ListItem","position":2,"name":"Mercado","item":"https:\/\/www.suno.com.br\/noticias\/mercado\/"},{"@type":"ListItem","position":3,"name":"Presidente da Nissan: alian\u00e7a com a Renault n\u00e3o est\u00e1 em perigo"}]},{"@type":"WebSite","@id":"https:\/\/www.suno.com.br\/noticias\/#website","url":"https:\/\/www.suno.com.br\/noticias\/","name":"Suno Not\u00edcias","description":"Seu portal de informa\u00e7\u00e3o sobre o mundo dos investimentos","publisher":{"@id":"https:\/\/www.suno.com.br\/noticias\/#organization"},"potentialAction":[{"@type":"SearchAction","target":{"@type":"EntryPoint","urlTemplate":"https:\/\/www.suno.com.br\/noticias\/?s={search_term_string}"},"query-input":{"@type":"PropertyValueSpecification","valueRequired":true,"valueName":"search_term_string"}}],"inLanguage":"pt-BR"},{"@type":"Organization","@id":"https:\/\/www.suno.com.br\/noticias\/#organization","name":"Suno Not\u00edcias","url":"https:\/\/www.suno.com.br\/noticias\/","logo":{"@type":"ImageObject","inLanguage":"pt-BR","@id":"https:\/\/www.suno.com.br\/noticias\/#\/schema\/logo\/image\/","url":"https:\/\/files.sunoresearch.com.br\/n\/uploads\/2021\/09\/suno-logo.png","contentUrl":"https:\/\/files.sunoresearch.com.br\/n\/uploads\/2021\/09\/suno-logo.png","width":180,"height":180,"caption":"Suno Not\u00edcias"},"image":{"@id":"https:\/\/www.suno.com.br\/noticias\/#\/schema\/logo\/image\/"},"sameAs":["https:\/\/facebook.com\/sunoresearch","https:\/\/x.com\/sunoresearch","https:\/\/www.instagram.com\/suno","https:\/\/www.linkedin.com\/company\/suno-research\/","https:\/\/www.youtube.com\/c\/sunoresearch"]},{"@type":"Person","@id":"https:\/\/www.suno.com.br\/noticias\/#\/schema\/person\/e6e0f723cc177805027f4566c1d5e0c8","name":"Carlo Cauti","image":{"@type":"ImageObject","inLanguage":"pt-BR","@id":"https:\/\/www.suno.com.br\/noticias\/#\/schema\/person\/image\/","url":"https:\/\/secure.gravatar.com\/avatar\/3ada9e0bd164c23abd4792a9606d583c?s=96&r=g","contentUrl":"https:\/\/secure.gravatar.com\/avatar\/3ada9e0bd164c23abd4792a9606d583c?s=96&r=g","caption":"Carlo Cauti"},"description":"Editor multim\u00eddia do SUNO Not\u00edcias. Italiano, formado em Ci\u00eancias Pol\u00edticas pela universidade LUISS G. Carli de Roma e mestre cum laude em Rela\u00e7\u00f5es Internacionais, Jornalismo Internacional e de Guerra e em Economia Internacional. Concluiu tamb\u00e9m um MBA em Finan\u00e7as na B3. No Brasil, teve passagem por ve\u00edculos como Estad\u00e3o, Globo, Veja e EXAME. e nas ag\u00eancias de not\u00edcias italianas ANSA e NOVA.","url":"https:\/\/www.suno.com.br\/noticias\/author\/carlo-cauti\/"}]}},"default_loop_html":"<div class=\"cardsPage__listCard__boxs\"><div class=\"cardsPage__listCard__boxs__img\"><a href=\"https:\/\/www.suno.com.br\/noticias\/presidente-nissan-alianca-renault-perigo\/\"><img class=\"mask\" src=\"https:\/\/www.suno.com.br\/noticias\/wp-content\/themes\/suno\/resources\/images\/spotlight\/spotlight1img\/bg-mask.png\" alt=\"Image Mask\"\/><img src=\"https:\/\/files.sunoresearch.com.br\/n\/uploads\/2019\/01\/76dc82db-hiroto-saikawa-400x200.webp\" alt=\"Presidente da Nissan: alian\u00e7a com a Renault n\u00e3o est\u00e1 em perigo\"\/><\/a><span class=\"spotlightCategory\"><a href=\"https:\/\/www.suno.com.br\/noticias\/mercado\/\">Mercado<\/a><\/span><\/div><div class=\"cardsPage__listCard__boxs__content\"><a href=\"https:\/\/www.suno.com.br\/noticias\/presidente-nissan-alianca-renault-perigo\/\"><h2 class=\"content__title\">Presidente da Nissan: alian\u00e7a com a Renault n\u00e3o est\u00e1 em perigo<\/h2><\/a><div class=\"newsContent__article__meta\"><div class=\"newsContent__article__meta__authorBox\"><a href=\"https:\/\/www.suno.com.br\/noticias\/author\/carlo-cauti\/\" class=\"authorBox__avatar noMobi\"><img src=\"https:\/\/files.sunoresearch.com.br\/n\/uploads\/2020\/08\/e3745f9a-perfil-carlo-cauti-150x150.webp\" alt=\"Carlo Cauti\"><\/a><div class=\"authorBox__name\"><span>por\n\t\t\t<a href=\"https:\/\/www.suno.com.br\/noticias\/author\/carlo-cauti\/\"><span itemprop=\"author\">Carlo Cauti<\/span><\/a><\/span><time datetime=\"2019-01-07T11:21:25-02:00\" itemprop=\"datePublished\">07\/01\/2019 11:21<\/time><\/div><\/div><\/div><\/div><\/div>","single_layout":"posts","amp_enabled":true,"_links":{"self":[{"href":"https:\/\/www.suno.com.br\/noticias\/wp-json\/wp\/v2\/posts\/10551"}],"collection":[{"href":"https:\/\/www.suno.com.br\/noticias\/wp-json\/wp\/v2\/posts"}],"about":[{"href":"https:\/\/www.suno.com.br\/noticias\/wp-json\/wp\/v2\/types\/post"}],"author":[{"embeddable":true,"href":"https:\/\/www.suno.com.br\/noticias\/wp-json\/wp\/v2\/users\/9"}],"replies":[{"embeddable":true,"href":"https:\/\/www.suno.com.br\/noticias\/wp-json\/wp\/v2\/comments?post=10551"}],"version-history":[{"count":0,"href":"https:\/\/www.suno.com.br\/noticias\/wp-json\/wp\/v2\/posts\/10551\/revisions"}],"wp:featuredmedia":[{"embeddable":true,"href":"https:\/\/www.suno.com.br\/noticias\/wp-json\/wp\/v2\/media\/10803"}],"wp:attachment":[{"href":"https:\/\/www.suno.com.br\/noticias\/wp-json\/wp\/v2\/media?parent=10551"}],"wp:term":[{"taxonomy":"category","embeddable":true,"href":"https:\/\/www.suno.com.br\/noticias\/wp-json\/wp\/v2\/categories?post=10551"},{"taxonomy":"post_tag","embeddable":true,"href":"https:\/\/www.suno.com.br\/noticias\/wp-json\/wp\/v2\/tags?post=10551"},{"taxonomy":"suno_strategy","embeddable":true,"href":"https:\/\/www.suno.com.br\/noticias\/wp-json\/wp\/v2\/suno_strategy?post=10551"}],"curies":[{"name":"wp","href":"https:\/\/api.w.org\/{rel}","templated":true}]}}