{"id":105491,"date":"2020-12-04T07:18:09","date_gmt":"2020-12-04T10:18:09","guid":{"rendered":"https:\/\/www.suno.com.br\/noticias\/?p=105491"},"modified":"2021-02-17T22:57:48","modified_gmt":"2021-02-18T01:57:48","slug":"anima-anim3-precifica-oferta","status":"publish","type":"post","link":"https:\/\/www.suno.com.br\/noticias\/anima-anim3-precifica-oferta\/","title":{"rendered":"\u00c2nima (ANIM3) precifica oferta prim\u00e1ria em R$ 918 milh\u00f5es"},"content":{"rendered":"<p>A <a href=\"https:\/\/www.suno.com.br\/acoes\/anim3\/\" target=\"_blank\" rel=\"noopener noreferrer\"><strong>\u00c2nima<\/strong> Holding (ANIM3)<\/a> informou que o pre\u00e7o por a\u00e7\u00e3o na sua <a href=\"https:\/\/www.suno.com.br\/artigos\/oferta-de-acoes\/\" target=\"_blank\" rel=\"noopener noreferrer\">oferta prim\u00e1ria <\/a>foi fixado em R$ 34. Segundo <a href=\"https:\/\/www.suno.com.br\/artigos\/fato-relevante\/\" target=\"_blank\" rel=\"noopener noreferrer\">fato relevante<\/a> enviado \u00e0 <a href=\"https:\/\/www.suno.com.br\/artigos\/cvm\/\" target=\"_blank\" rel=\"noopener noreferrer\">Comiss\u00e3o de Valores (CVM)<\/a>, a emiss\u00e3o de 27 milh\u00f5es de a\u00e7\u00f5es vai movimentar R$ 918 milh\u00f5es.<\/p>\t<div class=\"wrapper-featured-image\">\n\t\t<figure class=\"spotlightImg\">\n\n\t\t\t<picture>\n\t\t\t\t<source media=\"(max-width: 768px)\" srcset=\"https:\/\/files.sunoresearch.com.br\/n\/uploads\/2020\/10\/06edbc5b-72748591_2535596363185089_8213112840261730304_o-400x200.webp\">\n\t\t\t\t<img loading=\"lazy\" decoding=\"async\" class=\"newsContent__article__imgCapa lazyloadDisabled \" src=\"https:\/\/files.sunoresearch.com.br\/n\/uploads\/2020\/10\/06edbc5b-72748591_2535596363185089_8213112840261730304_o-800x450.webp\" width=\"800\" height=\"450\" alt=\"\u00c2nima (ANIM3) precifica oferta prim\u00e1ria em R$ 918 milh\u00f5es\" fetchpriority=high \/>\n\t\t\t<\/picture>\n\n\t\t\t<figcaption class=\"wp-caption-text wp-caption-text--show\">Foto: Reprodu\u00e7\u00e3o Facebook<\/figcaption>\n\t\t<\/figure>\n\t<\/div>\n\n\n<p><b>\t<p>\n\t\t<a href=\"https:\/\/lp.suno.com.br\/planilha-controle-gastos\/\" target=\"_blank\" data-element=\"shortcode-suno-banner\" title=\"Banner SUNO, clique e saiba mais\">\n\t\t\t<picture>\n\t\t\t\t<source media=\"(max-width: 500px)\" srcset=\"https:\/\/files.sunoresearch.com.br\/n\/uploads\/2023\/03\/400x300-Planilha-controle-de-gastos.png\">\n\t\t\t\t<img class=\"newsContent__article__imgCapa newsContent__article__imgCapa--banner\"\n\t\t\t\t\tsrc=\"https:\/\/files.sunoresearch.com.br\/n\/uploads\/2023\/03\/1420x240-Planilha-controle-de-gastos.png\"\n\t\t\t\t\tdata-promo-id=\"101751\"\t\t\t\t\t\t\t\t\t\twidth='1420' height='240'\t\t\t\t\talt=\"https:\/\/files.sunoresearch.com.br\/n\/uploads\/2023\/03\/1420x240-Planilha-controle-de-gastos.png\"\n\t\t\t\t>\n\t\t\t<\/picture>\n\t\t<\/a>\n\t<\/p>\n\n <\/b><\/p>\n<p>A <strong>oferta<\/strong> ocorre com <a href=\"https:\/\/www.suno.com.br\/artigos\/oferta-restrita\/\" target=\"_blank\" rel=\"noopener noreferrer\">esfor\u00e7os restritos<\/a> de coloca\u00e7\u00e3o, ou seja, ser\u00e1 voltada para um grupo limitado de <strong>investidores<\/strong>.<\/p>\n<p>Com a emiss\u00e3o, o novo<a href=\"https:\/\/www.suno.com.br\/artigos\/capital-social\/\" target=\"_blank\" rel=\"noopener noreferrer\"> capital social<\/a> da empresa passar\u00e1 a ser de R$ 2,569 bilh\u00f5es, dividido em 134.622.935 \u00a0<a href=\"https:\/\/www.suno.com.br\/artigos\/acoes-ordinarias\/\" target=\"_blank\" rel=\"noopener noreferrer\">a\u00e7\u00f5es ordin\u00e1rias<\/a>. As a\u00e7\u00f5es come\u00e7ar\u00e3o a ser negociadas na <a href=\"https:\/\/www.suno.com.br\/artigos\/b3\/\" target=\"_blank\" rel=\"noopener noreferrer\">B3<\/a> a partir de 7 de dezembro de 2020, sendo que a liquida\u00e7\u00e3o f\u00edsica e financeira das<strong> a\u00e7\u00f5es<\/strong> ocorrer\u00e1 em 8 de dezembro de 2020.<\/p>\n<p><b>\t<p>\n\t\t<a href=\"https:\/\/lp.suno.com.br\/planilha-controle-gastos\/\" target=\"_blank\" data-element=\"shortcode-suno-banner\" title=\"Banner SUNO, clique e saiba mais\">\n\t\t\t<picture>\n\t\t\t\t<source media=\"(max-width: 500px)\" srcset=\"https:\/\/files.sunoresearch.com.br\/n\/uploads\/2023\/03\/400x300-Planilha-controle-de-gastos.png\">\n\t\t\t\t<img class=\"newsContent__article__imgCapa newsContent__article__imgCapa--banner\"\n\t\t\t\t\tsrc=\"https:\/\/files.sunoresearch.com.br\/n\/uploads\/2023\/03\/1420x240-Planilha-controle-de-gastos.png\"\n\t\t\t\t\tdata-promo-id=\"101751\"\t\t\t\t\t\t\t\t\t\twidth='1420' height='240'\t\t\t\t\talt=\"https:\/\/files.sunoresearch.com.br\/n\/uploads\/2023\/03\/1420x240-Planilha-controle-de-gastos.png\"\n\t\t\t\t>\n\t\t\t<\/picture>\n\t\t<\/a>\n\t<\/p>\n\n <\/b><\/p>\n<p>A opera\u00e7\u00e3o est\u00e1 sendo coordenada pelo Banco Bradesco BBI, Banco Santander Brasil, UBS BB, Banco Ita\u00fa BBA e Banco J.P. Morgan.<\/p>\n<p>Foram realizados esfor\u00e7os de <strong>coloca\u00e7\u00e3o no exterior<\/strong> pelo Bradesco Securities, pelo Santander Investment Securities, pelo UBS Securities, pelo Itau BBA USA Securities e pelo J.P. Morgan Securities LLC.<\/p>\n<p>A oferta poderia ter sido<strong> acrescida<\/strong> em at\u00e9 35% das a\u00e7\u00f5es, mas isso n\u00e3o ocorreu.<\/p>\n<h2>Oferta da \u00c2nima vai financiar aquisi\u00e7\u00f5es<\/h2>\n<p>Os recursos obtidos com a oferta ser\u00e3o destinados para financiar uma parcela da <a href=\"https:\/\/www.suno.com.br\/artigos\/fusoes-aquisicoes\/\" target=\"_blank\" rel=\"noopener noreferrer\">aquisi\u00e7\u00e3o<\/a> dos ativos brasileiros do Grupo Laureate. Caso a transa\u00e7\u00e3o n\u00e3o seja conclu\u00edda, o valor ser\u00e1 usado para financiar novas<strong> aquisi\u00e7\u00f5es estrat\u00e9gicas<\/strong> e fazer <strong>investimentos<\/strong> nas atuais linhas de neg\u00f3cio da companhia.<\/p>\n<p>No come\u00e7o de novembro, a \u00c2nima anunciou que\u00a0assinou um contrato com o <strong>Grupo Laureate<\/strong> que vai resultar na aquisi\u00e7\u00e3o de todos os ativos do grupo no Brasil.<\/p>\n<p>O contrato prev\u00ea um pre\u00e7o de R$ 4,4 bilh\u00f5es, sendo que R$ 3,77 bilh\u00f5es ser\u00e3o pagos em dinheiro para a Laureate e R$ 623 milh\u00f5es correspondem a <a href=\"https:\/\/www.suno.com.br\/artigos\/2-importantes-fatores-para-se-analisar-em-relacao-a-divida-de-uma-companhia\/\" target=\"_blank\" rel=\"noopener noreferrer\">d\u00edvidas<\/a> de ativos que ser\u00e3o assumidos pela \u00c2nima.<\/p>\n<p>Al\u00e9m disso, no final de outubro, a <strong>\u00c2nima<\/strong> comunicou ao mercado a aquisi\u00e7\u00e3o da startup MedRoom, empresa de desenvolvimento de solu\u00e7\u00f5es em tecnologias imersivas para educa\u00e7\u00e3o m\u00e9dica.<\/p>\n<p><span style=\"font-weight: 400;\">\t<p>\n\t\t<a href=\"https:\/\/lp.suno.com.br\/planilha-de-controle-de-investimentos\/\" target=\"_blank\" data-element=\"shortcode-suno-banner\" title=\"Banner SUNO, clique e saiba mais\">\n\t\t\t<picture>\n\t\t\t\t<source media=\"(max-width: 500px)\" srcset=\"https:\/\/files.sunoresearch.com.br\/n\/uploads\/2023\/03\/400x300-Controle-de-Investimentos.png\">\n\t\t\t\t<img class=\"newsContent__article__imgCapa newsContent__article__imgCapa--banner\"\n\t\t\t\t\tsrc=\"https:\/\/files.sunoresearch.com.br\/n\/uploads\/2023\/03\/1420x240-Controle-de-Investimentos.png\"\n\t\t\t\t\tdata-promo-id=\"75934\"\t\t\t\t\t\t\t\t\t\twidth='1420' height='240'\t\t\t\t\talt=\"https:\/\/files.sunoresearch.com.br\/n\/uploads\/2023\/03\/1420x240-Controle-de-Investimentos.png\"\n\t\t\t\t>\n\t\t\t<\/picture>\n\t\t<\/a>\n\t<\/p>\n\n<\/span><\/p>\n","protected":false},"excerpt":{"rendered":"<p>A \u00c2nima Holding (ANIM3) informou que o pre\u00e7o por a\u00e7\u00e3o na sua oferta prim\u00e1ria foi fixado em R$ 34. Segundo fato relevante enviado \u00e0 Comiss\u00e3o de Valores (CVM), a emiss\u00e3o de 27 milh\u00f5es de a\u00e7\u00f5es vai movimentar R$ 918 milh\u00f5es. Foto: Reprodu\u00e7\u00e3o Facebook A oferta ocorre com esfor\u00e7os restritos de coloca\u00e7\u00e3o, ou seja, ser\u00e1 voltada [&hellip;]<\/p>\n","protected":false},"author":60,"featured_media":93662,"comment_status":"closed","ping_status":"closed","sticky":false,"template":"","format":"standard","meta":[],"categories":[64],"tags":[361,62812],"suno_strategy":[],"class_list":["post-105491","post","type-post","status-publish","format-standard","has-post-thumbnail","hentry","category-negocios","tag-anima-anim3","tag-fusoes-e-aquisicoes"],"yoast_head":"<!-- This site is optimized with the Yoast SEO plugin v24.4 - https:\/\/yoast.com\/wordpress\/plugins\/seo\/ -->\n<title>\u00c2nima (ANIM3) precifica oferta prim\u00e1ria em R$ 918 milh\u00f5es<\/title>\n<meta name=\"description\" content=\"A \u00c2nima Holding (ANIM3) informou que o pre\u00e7o por a\u00e7\u00e3o na sua oferta prim\u00e1ria de a\u00e7\u00f5es ordin\u00e1rias foi fixado em R$ 34. Leia mais aqui.\" \/>\n<meta name=\"robots\" content=\"index, follow, max-snippet:-1, max-image-preview:large, max-video-preview:-1\" \/>\n<link rel=\"canonical\" href=\"https:\/\/www.suno.com.br\/noticias\/anima-anim3-precifica-oferta\/\" \/>\n<meta property=\"og:locale\" content=\"pt_BR\" \/>\n<meta property=\"og:type\" content=\"article\" \/>\n<meta property=\"og:title\" content=\"\u00c2nima (ANIM3) precifica oferta prim\u00e1ria em R$ 918 milh\u00f5es\" \/>\n<meta property=\"og:description\" content=\"A \u00c2nima Holding (ANIM3) informou que o pre\u00e7o por a\u00e7\u00e3o na sua oferta prim\u00e1ria de a\u00e7\u00f5es ordin\u00e1rias foi fixado em R$ 34. Leia mais aqui.\" \/>\n<meta property=\"og:url\" content=\"https:\/\/www.suno.com.br\/noticias\/anima-anim3-precifica-oferta\/\" \/>\n<meta property=\"og:site_name\" content=\"Suno Not\u00edcias\" \/>\n<meta property=\"article:publisher\" content=\"https:\/\/facebook.com\/sunoresearch\" \/>\n<meta property=\"og:image\" content=\"https:\/\/files.sunoresearch.com.br\/n\/uploads\/2020\/10\/06edbc5b-72748591_2535596363185089_8213112840261730304_o.jpg\" \/>\n\t<meta property=\"og:image:width\" content=\"2040\" \/>\n\t<meta property=\"og:image:height\" content=\"1360\" \/>\n\t<meta property=\"og:image:type\" content=\"image\/jpeg\" \/>\n<meta name=\"author\" content=\"Natalia G\u00f3mez\" \/>\n<meta name=\"twitter:card\" content=\"summary_large_image\" \/>\n<meta name=\"twitter:creator\" content=\"@sunoresearch\" \/>\n<meta name=\"twitter:site\" content=\"@sunoresearch\" \/>\n<meta name=\"twitter:label1\" content=\"Escrito por\" \/>\n\t<meta name=\"twitter:data1\" content=\"Natalia G\u00f3mez\" \/>\n\t<meta name=\"twitter:label2\" content=\"Est. tempo de leitura\" \/>\n\t<meta name=\"twitter:data2\" content=\"2 minutos\" \/>\n<script type=\"application\/ld+json\" class=\"yoast-schema-graph\">{\"@context\":\"https:\/\/schema.org\",\"@graph\":[{\"@type\":\"NewsArticle\",\"@id\":\"https:\/\/www.suno.com.br\/noticias\/anima-anim3-precifica-oferta\/#article\",\"isPartOf\":{\"@id\":\"https:\/\/www.suno.com.br\/noticias\/anima-anim3-precifica-oferta\/\"},\"author\":{\"name\":\"Natalia G\u00f3mez\",\"@id\":\"https:\/\/www.suno.com.br\/noticias\/#\/schema\/person\/1b24d67c140a42e864ef414497edb164\"},\"headline\":\"\u00c2nima (ANIM3) precifica oferta prim\u00e1ria em R$ 918 milh\u00f5es\",\"datePublished\":\"2020-12-04T10:18:09+00:00\",\"dateModified\":\"2021-02-18T01:57:48+00:00\",\"mainEntityOfPage\":{\"@id\":\"https:\/\/www.suno.com.br\/noticias\/anima-anim3-precifica-oferta\/\"},\"wordCount\":371,\"publisher\":{\"@id\":\"https:\/\/www.suno.com.br\/noticias\/#organization\"},\"image\":{\"@id\":\"https:\/\/www.suno.com.br\/noticias\/anima-anim3-precifica-oferta\/#primaryimage\"},\"thumbnailUrl\":\"https:\/\/files.sunoresearch.com.br\/n\/uploads\/2020\/10\/06edbc5b-72748591_2535596363185089_8213112840261730304_o-jpg.webp\",\"keywords\":[\"Anima (ANIM3)\",\"fus\u00f5es e aquisi\u00e7\u00f5es\"],\"articleSection\":[\"Neg\u00f3cios\"],\"inLanguage\":\"pt-BR\"},{\"@type\":\"WebPage\",\"@id\":\"https:\/\/www.suno.com.br\/noticias\/anima-anim3-precifica-oferta\/\",\"url\":\"https:\/\/www.suno.com.br\/noticias\/anima-anim3-precifica-oferta\/\",\"name\":\"\u00c2nima (ANIM3) precifica oferta prim\u00e1ria em R$ 918 milh\u00f5es\",\"isPartOf\":{\"@id\":\"https:\/\/www.suno.com.br\/noticias\/#website\"},\"primaryImageOfPage\":{\"@id\":\"https:\/\/www.suno.com.br\/noticias\/anima-anim3-precifica-oferta\/#primaryimage\"},\"image\":{\"@id\":\"https:\/\/www.suno.com.br\/noticias\/anima-anim3-precifica-oferta\/#primaryimage\"},\"thumbnailUrl\":\"https:\/\/files.sunoresearch.com.br\/n\/uploads\/2020\/10\/06edbc5b-72748591_2535596363185089_8213112840261730304_o-jpg.webp\",\"datePublished\":\"2020-12-04T10:18:09+00:00\",\"dateModified\":\"2021-02-18T01:57:48+00:00\",\"description\":\"A \u00c2nima Holding (ANIM3) informou que o pre\u00e7o por a\u00e7\u00e3o na sua oferta prim\u00e1ria de a\u00e7\u00f5es ordin\u00e1rias foi fixado em R$ 34. Leia mais aqui.\",\"breadcrumb\":{\"@id\":\"https:\/\/www.suno.com.br\/noticias\/anima-anim3-precifica-oferta\/#breadcrumb\"},\"inLanguage\":\"pt-BR\",\"potentialAction\":[{\"@type\":\"ReadAction\",\"target\":[\"https:\/\/www.suno.com.br\/noticias\/anima-anim3-precifica-oferta\/\"]}]},{\"@type\":\"ImageObject\",\"inLanguage\":\"pt-BR\",\"@id\":\"https:\/\/www.suno.com.br\/noticias\/anima-anim3-precifica-oferta\/#primaryimage\",\"url\":\"https:\/\/files.sunoresearch.com.br\/n\/uploads\/2020\/10\/06edbc5b-72748591_2535596363185089_8213112840261730304_o-jpg.webp\",\"contentUrl\":\"https:\/\/files.sunoresearch.com.br\/n\/uploads\/2020\/10\/06edbc5b-72748591_2535596363185089_8213112840261730304_o-jpg.webp\",\"width\":2040,\"height\":1360,\"caption\":\"Foto: Reprodu\u00e7\u00e3o Facebook\"},{\"@type\":\"BreadcrumbList\",\"@id\":\"https:\/\/www.suno.com.br\/noticias\/anima-anim3-precifica-oferta\/#breadcrumb\",\"itemListElement\":[{\"@type\":\"ListItem\",\"position\":1,\"name\":\"Not\u00edcias\",\"item\":\"https:\/\/www.suno.com.br\/noticias\/\"},{\"@type\":\"ListItem\",\"position\":2,\"name\":\"Neg\u00f3cios\",\"item\":\"https:\/\/www.suno.com.br\/noticias\/negocios\/\"},{\"@type\":\"ListItem\",\"position\":3,\"name\":\"\u00c2nima (ANIM3) precifica oferta prim\u00e1ria em R$ 918 milh\u00f5es\"}]},{\"@type\":\"WebSite\",\"@id\":\"https:\/\/www.suno.com.br\/noticias\/#website\",\"url\":\"https:\/\/www.suno.com.br\/noticias\/\",\"name\":\"Suno Not\u00edcias\",\"description\":\"Seu portal de informa\u00e7\u00e3o sobre o mundo dos investimentos\",\"publisher\":{\"@id\":\"https:\/\/www.suno.com.br\/noticias\/#organization\"},\"potentialAction\":[{\"@type\":\"SearchAction\",\"target\":{\"@type\":\"EntryPoint\",\"urlTemplate\":\"https:\/\/www.suno.com.br\/noticias\/?s={search_term_string}\"},\"query-input\":{\"@type\":\"PropertyValueSpecification\",\"valueRequired\":true,\"valueName\":\"search_term_string\"}}],\"inLanguage\":\"pt-BR\"},{\"@type\":\"Organization\",\"@id\":\"https:\/\/www.suno.com.br\/noticias\/#organization\",\"name\":\"Suno Not\u00edcias\",\"url\":\"https:\/\/www.suno.com.br\/noticias\/\",\"logo\":{\"@type\":\"ImageObject\",\"inLanguage\":\"pt-BR\",\"@id\":\"https:\/\/www.suno.com.br\/noticias\/#\/schema\/logo\/image\/\",\"url\":\"https:\/\/files.sunoresearch.com.br\/n\/uploads\/2021\/09\/suno-logo.png\",\"contentUrl\":\"https:\/\/files.sunoresearch.com.br\/n\/uploads\/2021\/09\/suno-logo.png\",\"width\":180,\"height\":180,\"caption\":\"Suno Not\u00edcias\"},\"image\":{\"@id\":\"https:\/\/www.suno.com.br\/noticias\/#\/schema\/logo\/image\/\"},\"sameAs\":[\"https:\/\/facebook.com\/sunoresearch\",\"https:\/\/x.com\/sunoresearch\",\"https:\/\/www.instagram.com\/suno\",\"https:\/\/www.linkedin.com\/company\/suno-research\/\",\"https:\/\/www.youtube.com\/c\/sunoresearch\"]},{\"@type\":\"Person\",\"@id\":\"https:\/\/www.suno.com.br\/noticias\/#\/schema\/person\/1b24d67c140a42e864ef414497edb164\",\"name\":\"Natalia G\u00f3mez\",\"image\":{\"@type\":\"ImageObject\",\"inLanguage\":\"pt-BR\",\"@id\":\"https:\/\/www.suno.com.br\/noticias\/#\/schema\/person\/image\/\",\"url\":\"https:\/\/secure.gravatar.com\/avatar\/9e957e0b2b485c2d42c3f4145c16d940?s=96&r=g\",\"contentUrl\":\"https:\/\/secure.gravatar.com\/avatar\/9e957e0b2b485c2d42c3f4145c16d940?s=96&r=g\",\"caption\":\"Natalia G\u00f3mez\"},\"description\":\"Editora do Suno Not\u00edcias desde outubro de 2020, \u00e9 jornalista formada pela PUC-SP, com p\u00f3s-gradua\u00e7\u00e3o em jornalismo liter\u00e1rio. Atua no mercado financeiro desde 2003, quando iniciou a carreira no jornal econ\u00f4mico DCI, cobrindo o setor de alimentos no caderno de Ind\u00fastria. Foi trainee do jornal Valor Econ\u00f4mico, onde atuou no Caderno de Empresas por quase tr\u00eas anos. L\u00e1, cobriu o setor de ind\u00fastria, com foco em siderurgia, embalagens e aeroespacial. Fez coberturas setoriais em viagens para S\u00e3o Jos\u00e9 dos Campos e Franca (SP), al\u00e9m de coberturas internacionais na Alemanha e na Su\u00e9cia. Trabalhou por cinco anos na Ag\u00eancia Estado\/Broadcast, do Grupo Estado, onde foi rep\u00f3rter dos setores de minera\u00e7\u00e3o e siderurgia, alimentos e bebidas e finan\u00e7as. Foi premiada como o pr\u00eamio Destaque de Reportagem da AE em 2007 e 2008. Al\u00e9m de atuar no servi\u00e7o de not\u00edcias em tempo real, fez participa\u00e7\u00f5es no caderno de Economia do jornal Estado de S.Paulo e na R\u00e1dio Eldorado. Ainda no Grupo Estado, foi editora assistente da editoria Empresas e Setores, atuando com edi\u00e7\u00e3o e pauta, al\u00e9m de cobrir mercados diariamente com o cen\u00e1rio de bolsa e fazer reportagens especiais com foco em governan\u00e7a corporativa. Trabalhou tamb\u00e9m como correspondente de finan\u00e7as no servi\u00e7o da Thomson Reuters em portugu\u00eas por quase um ano. Atuou por cerca de oito anos como jornalista independente, contribuindo para ve\u00edculos como UOL Economia, Infomoney e Revista Voc\u00ea SA, al\u00e9m de ter trabalhado em projetos na \u00e1rea de conte\u00fado e comunica\u00e7\u00e3o de institui\u00e7\u00f5es financeiras como Anbima, Banco BS2, Banco Pine, Ita\u00fa BBA e EQI.\",\"url\":\"https:\/\/www.suno.com.br\/noticias\/author\/natalia-gomez\/\"}]}<\/script>\n<!-- \/ Yoast SEO plugin. -->","yoast_head_json":{"title":"\u00c2nima (ANIM3) precifica oferta prim\u00e1ria em R$ 918 milh\u00f5es","description":"A \u00c2nima Holding (ANIM3) informou que o pre\u00e7o por a\u00e7\u00e3o na sua oferta prim\u00e1ria de a\u00e7\u00f5es ordin\u00e1rias foi fixado em R$ 34. Leia mais aqui.","robots":{"index":"index","follow":"follow","max-snippet":"max-snippet:-1","max-image-preview":"max-image-preview:large","max-video-preview":"max-video-preview:-1"},"canonical":"https:\/\/www.suno.com.br\/noticias\/anima-anim3-precifica-oferta\/","og_locale":"pt_BR","og_type":"article","og_title":"\u00c2nima (ANIM3) precifica oferta prim\u00e1ria em R$ 918 milh\u00f5es","og_description":"A \u00c2nima Holding (ANIM3) informou que o pre\u00e7o por a\u00e7\u00e3o na sua oferta prim\u00e1ria de a\u00e7\u00f5es ordin\u00e1rias foi fixado em R$ 34. Leia mais aqui.","og_url":"https:\/\/www.suno.com.br\/noticias\/anima-anim3-precifica-oferta\/","og_site_name":"Suno Not\u00edcias","article_publisher":"https:\/\/facebook.com\/sunoresearch","og_image":[{"width":2040,"height":1360,"url":"https:\/\/files.sunoresearch.com.br\/n\/uploads\/2020\/10\/06edbc5b-72748591_2535596363185089_8213112840261730304_o.jpg","type":"image\/jpeg"}],"author":"Natalia G\u00f3mez","twitter_card":"summary_large_image","twitter_creator":"@sunoresearch","twitter_site":"@sunoresearch","twitter_misc":{"Escrito por":"Natalia G\u00f3mez","Est. tempo de leitura":"2 minutos"},"schema":{"@context":"https:\/\/schema.org","@graph":[{"@type":"NewsArticle","@id":"https:\/\/www.suno.com.br\/noticias\/anima-anim3-precifica-oferta\/#article","isPartOf":{"@id":"https:\/\/www.suno.com.br\/noticias\/anima-anim3-precifica-oferta\/"},"author":{"name":"Natalia G\u00f3mez","@id":"https:\/\/www.suno.com.br\/noticias\/#\/schema\/person\/1b24d67c140a42e864ef414497edb164"},"headline":"\u00c2nima (ANIM3) precifica oferta prim\u00e1ria em R$ 918 milh\u00f5es","datePublished":"2020-12-04T10:18:09+00:00","dateModified":"2021-02-18T01:57:48+00:00","mainEntityOfPage":{"@id":"https:\/\/www.suno.com.br\/noticias\/anima-anim3-precifica-oferta\/"},"wordCount":371,"publisher":{"@id":"https:\/\/www.suno.com.br\/noticias\/#organization"},"image":{"@id":"https:\/\/www.suno.com.br\/noticias\/anima-anim3-precifica-oferta\/#primaryimage"},"thumbnailUrl":"https:\/\/files.sunoresearch.com.br\/n\/uploads\/2020\/10\/06edbc5b-72748591_2535596363185089_8213112840261730304_o-jpg.webp","keywords":["Anima (ANIM3)","fus\u00f5es e aquisi\u00e7\u00f5es"],"articleSection":["Neg\u00f3cios"],"inLanguage":"pt-BR"},{"@type":"WebPage","@id":"https:\/\/www.suno.com.br\/noticias\/anima-anim3-precifica-oferta\/","url":"https:\/\/www.suno.com.br\/noticias\/anima-anim3-precifica-oferta\/","name":"\u00c2nima (ANIM3) precifica oferta prim\u00e1ria em R$ 918 milh\u00f5es","isPartOf":{"@id":"https:\/\/www.suno.com.br\/noticias\/#website"},"primaryImageOfPage":{"@id":"https:\/\/www.suno.com.br\/noticias\/anima-anim3-precifica-oferta\/#primaryimage"},"image":{"@id":"https:\/\/www.suno.com.br\/noticias\/anima-anim3-precifica-oferta\/#primaryimage"},"thumbnailUrl":"https:\/\/files.sunoresearch.com.br\/n\/uploads\/2020\/10\/06edbc5b-72748591_2535596363185089_8213112840261730304_o-jpg.webp","datePublished":"2020-12-04T10:18:09+00:00","dateModified":"2021-02-18T01:57:48+00:00","description":"A \u00c2nima Holding (ANIM3) informou que o pre\u00e7o por a\u00e7\u00e3o na sua oferta prim\u00e1ria de a\u00e7\u00f5es ordin\u00e1rias foi fixado em R$ 34. Leia mais aqui.","breadcrumb":{"@id":"https:\/\/www.suno.com.br\/noticias\/anima-anim3-precifica-oferta\/#breadcrumb"},"inLanguage":"pt-BR","potentialAction":[{"@type":"ReadAction","target":["https:\/\/www.suno.com.br\/noticias\/anima-anim3-precifica-oferta\/"]}]},{"@type":"ImageObject","inLanguage":"pt-BR","@id":"https:\/\/www.suno.com.br\/noticias\/anima-anim3-precifica-oferta\/#primaryimage","url":"https:\/\/files.sunoresearch.com.br\/n\/uploads\/2020\/10\/06edbc5b-72748591_2535596363185089_8213112840261730304_o-jpg.webp","contentUrl":"https:\/\/files.sunoresearch.com.br\/n\/uploads\/2020\/10\/06edbc5b-72748591_2535596363185089_8213112840261730304_o-jpg.webp","width":2040,"height":1360,"caption":"Foto: Reprodu\u00e7\u00e3o Facebook"},{"@type":"BreadcrumbList","@id":"https:\/\/www.suno.com.br\/noticias\/anima-anim3-precifica-oferta\/#breadcrumb","itemListElement":[{"@type":"ListItem","position":1,"name":"Not\u00edcias","item":"https:\/\/www.suno.com.br\/noticias\/"},{"@type":"ListItem","position":2,"name":"Neg\u00f3cios","item":"https:\/\/www.suno.com.br\/noticias\/negocios\/"},{"@type":"ListItem","position":3,"name":"\u00c2nima (ANIM3) precifica oferta prim\u00e1ria em R$ 918 milh\u00f5es"}]},{"@type":"WebSite","@id":"https:\/\/www.suno.com.br\/noticias\/#website","url":"https:\/\/www.suno.com.br\/noticias\/","name":"Suno Not\u00edcias","description":"Seu portal de informa\u00e7\u00e3o sobre o mundo dos investimentos","publisher":{"@id":"https:\/\/www.suno.com.br\/noticias\/#organization"},"potentialAction":[{"@type":"SearchAction","target":{"@type":"EntryPoint","urlTemplate":"https:\/\/www.suno.com.br\/noticias\/?s={search_term_string}"},"query-input":{"@type":"PropertyValueSpecification","valueRequired":true,"valueName":"search_term_string"}}],"inLanguage":"pt-BR"},{"@type":"Organization","@id":"https:\/\/www.suno.com.br\/noticias\/#organization","name":"Suno Not\u00edcias","url":"https:\/\/www.suno.com.br\/noticias\/","logo":{"@type":"ImageObject","inLanguage":"pt-BR","@id":"https:\/\/www.suno.com.br\/noticias\/#\/schema\/logo\/image\/","url":"https:\/\/files.sunoresearch.com.br\/n\/uploads\/2021\/09\/suno-logo.png","contentUrl":"https:\/\/files.sunoresearch.com.br\/n\/uploads\/2021\/09\/suno-logo.png","width":180,"height":180,"caption":"Suno Not\u00edcias"},"image":{"@id":"https:\/\/www.suno.com.br\/noticias\/#\/schema\/logo\/image\/"},"sameAs":["https:\/\/facebook.com\/sunoresearch","https:\/\/x.com\/sunoresearch","https:\/\/www.instagram.com\/suno","https:\/\/www.linkedin.com\/company\/suno-research\/","https:\/\/www.youtube.com\/c\/sunoresearch"]},{"@type":"Person","@id":"https:\/\/www.suno.com.br\/noticias\/#\/schema\/person\/1b24d67c140a42e864ef414497edb164","name":"Natalia G\u00f3mez","image":{"@type":"ImageObject","inLanguage":"pt-BR","@id":"https:\/\/www.suno.com.br\/noticias\/#\/schema\/person\/image\/","url":"https:\/\/secure.gravatar.com\/avatar\/9e957e0b2b485c2d42c3f4145c16d940?s=96&r=g","contentUrl":"https:\/\/secure.gravatar.com\/avatar\/9e957e0b2b485c2d42c3f4145c16d940?s=96&r=g","caption":"Natalia G\u00f3mez"},"description":"Editora do Suno Not\u00edcias desde outubro de 2020, \u00e9 jornalista formada pela PUC-SP, com p\u00f3s-gradua\u00e7\u00e3o em jornalismo liter\u00e1rio. Atua no mercado financeiro desde 2003, quando iniciou a carreira no jornal econ\u00f4mico DCI, cobrindo o setor de alimentos no caderno de Ind\u00fastria. Foi trainee do jornal Valor Econ\u00f4mico, onde atuou no Caderno de Empresas por quase tr\u00eas anos. L\u00e1, cobriu o setor de ind\u00fastria, com foco em siderurgia, embalagens e aeroespacial. Fez coberturas setoriais em viagens para S\u00e3o Jos\u00e9 dos Campos e Franca (SP), al\u00e9m de coberturas internacionais na Alemanha e na Su\u00e9cia. Trabalhou por cinco anos na Ag\u00eancia Estado\/Broadcast, do Grupo Estado, onde foi rep\u00f3rter dos setores de minera\u00e7\u00e3o e siderurgia, alimentos e bebidas e finan\u00e7as. Foi premiada como o pr\u00eamio Destaque de Reportagem da AE em 2007 e 2008. Al\u00e9m de atuar no servi\u00e7o de not\u00edcias em tempo real, fez participa\u00e7\u00f5es no caderno de Economia do jornal Estado de S.Paulo e na R\u00e1dio Eldorado. Ainda no Grupo Estado, foi editora assistente da editoria Empresas e Setores, atuando com edi\u00e7\u00e3o e pauta, al\u00e9m de cobrir mercados diariamente com o cen\u00e1rio de bolsa e fazer reportagens especiais com foco em governan\u00e7a corporativa. Trabalhou tamb\u00e9m como correspondente de finan\u00e7as no servi\u00e7o da Thomson Reuters em portugu\u00eas por quase um ano. Atuou por cerca de oito anos como jornalista independente, contribuindo para ve\u00edculos como UOL Economia, Infomoney e Revista Voc\u00ea SA, al\u00e9m de ter trabalhado em projetos na \u00e1rea de conte\u00fado e comunica\u00e7\u00e3o de institui\u00e7\u00f5es financeiras como Anbima, Banco BS2, Banco Pine, Ita\u00fa BBA e EQI.","url":"https:\/\/www.suno.com.br\/noticias\/author\/natalia-gomez\/"}]}},"default_loop_html":"<div class=\"cardsPage__listCard__boxs\"><div class=\"cardsPage__listCard__boxs__img\"><a href=\"https:\/\/www.suno.com.br\/noticias\/anima-anim3-precifica-oferta\/\"><img class=\"mask\" src=\"https:\/\/www.suno.com.br\/noticias\/wp-content\/themes\/suno\/resources\/images\/spotlight\/spotlight1img\/bg-mask.png\" alt=\"Image Mask\"\/><img src=\"https:\/\/files.sunoresearch.com.br\/n\/uploads\/2020\/10\/06edbc5b-72748591_2535596363185089_8213112840261730304_o-400x200.webp\" alt=\"\u00c2nima (ANIM3) precifica oferta prim\u00e1ria em R$ 918 milh\u00f5es\"\/><\/a><span class=\"spotlightCategory\"><a href=\"https:\/\/www.suno.com.br\/noticias\/negocios\/\">Neg\u00f3cios<\/a><\/span><\/div><div class=\"cardsPage__listCard__boxs__content\"><a href=\"https:\/\/www.suno.com.br\/noticias\/anima-anim3-precifica-oferta\/\"><h2 class=\"content__title\">\u00c2nima (ANIM3) precifica oferta prim\u00e1ria em R$ 918 milh\u00f5es<\/h2><\/a><div class=\"newsContent__article__meta\"><div class=\"newsContent__article__meta__authorBox\"><a href=\"https:\/\/www.suno.com.br\/noticias\/author\/natalia-gomez\/\" class=\"authorBox__avatar noMobi\"><img src=\"https:\/\/secure.gravatar.com\/avatar\/9e957e0b2b485c2d42c3f4145c16d940?s=96&#038;r=g\" alt=\"Natalia G\u00f3mez\"><\/a><div class=\"authorBox__name\"><span>por\n\t\t\t<a href=\"https:\/\/www.suno.com.br\/noticias\/author\/natalia-gomez\/\"><span itemprop=\"author\">Natalia G\u00f3mez<\/span><\/a><\/span><time datetime=\"2020-12-04T07:18:09-03:00\" itemprop=\"datePublished\">04\/12\/2020 07:18<\/time><\/div><\/div><\/div><\/div><\/div>","single_layout":"posts","amp_enabled":true,"_links":{"self":[{"href":"https:\/\/www.suno.com.br\/noticias\/wp-json\/wp\/v2\/posts\/105491"}],"collection":[{"href":"https:\/\/www.suno.com.br\/noticias\/wp-json\/wp\/v2\/posts"}],"about":[{"href":"https:\/\/www.suno.com.br\/noticias\/wp-json\/wp\/v2\/types\/post"}],"author":[{"embeddable":true,"href":"https:\/\/www.suno.com.br\/noticias\/wp-json\/wp\/v2\/users\/60"}],"replies":[{"embeddable":true,"href":"https:\/\/www.suno.com.br\/noticias\/wp-json\/wp\/v2\/comments?post=105491"}],"version-history":[{"count":0,"href":"https:\/\/www.suno.com.br\/noticias\/wp-json\/wp\/v2\/posts\/105491\/revisions"}],"wp:featuredmedia":[{"embeddable":true,"href":"https:\/\/www.suno.com.br\/noticias\/wp-json\/wp\/v2\/media\/93662"}],"wp:attachment":[{"href":"https:\/\/www.suno.com.br\/noticias\/wp-json\/wp\/v2\/media?parent=105491"}],"wp:term":[{"taxonomy":"category","embeddable":true,"href":"https:\/\/www.suno.com.br\/noticias\/wp-json\/wp\/v2\/categories?post=105491"},{"taxonomy":"post_tag","embeddable":true,"href":"https:\/\/www.suno.com.br\/noticias\/wp-json\/wp\/v2\/tags?post=105491"},{"taxonomy":"suno_strategy","embeddable":true,"href":"https:\/\/www.suno.com.br\/noticias\/wp-json\/wp\/v2\/suno_strategy?post=105491"}],"curies":[{"name":"wp","href":"https:\/\/api.w.org\/{rel}","templated":true}]}}