{"id":105242,"date":"2020-12-03T14:41:58","date_gmt":"2020-12-03T17:41:58","guid":{"rendered":"https:\/\/www.suno.com.br\/noticias\/?p=105242"},"modified":"2021-02-17T22:18:33","modified_gmt":"2021-02-18T01:18:33","slug":"embraer-embr3-beneficiar-pos-pandemia","status":"publish","type":"post","link":"https:\/\/www.suno.com.br\/noticias\/embraer-embr3-beneficiar-pos-pandemia\/","title":{"rendered":"Embraer (EMBR3) se beneficiar\u00e1 no p\u00f3s-pandemia, diz BTG; a\u00e7\u00e3o dispara"},"content":{"rendered":"<p>Em meio a um maior otimismo sobre a vacina\u00e7\u00e3o contra Covid, as a\u00e7\u00f5es da <a href=\"https:\/\/www.suno.com.br\/acoes\/embr3\/\" target=\"_blank\" rel=\"noopener noreferrer\"><strong>Embraer<\/strong> (EMBR3)<\/a> lideram as altas do Ibovespa hoje, com alta de mais de 14%, por volta de 14h30. Junto com ela, outras a\u00e7\u00f5es ligadas ao setor de viagens est\u00e3o em alta, como <a href=\"https:\/\/www.suno.com.br\/acoes\/cvcb3\/#:~:text=A%20CVC%20(CVC%20Brasil%20Operadora,de%20viagens%20para%20diversos%20p%C3%BAblicos.\" target=\"_blank\" rel=\"noopener noreferrer\">CVC (CVCB3)<\/a>, <a href=\"https:\/\/www.suno.com.br\/acoes\/goll4\/\" target=\"_blank\" rel=\"noopener noreferrer\">Gol (GOLL4)<\/a> e <a href=\"https:\/\/www.suno.com.br\/acoes\/azul4\/\" target=\"_blank\" rel=\"noopener noreferrer\">Azul (AZUL4)<\/a>.<\/p>\t<div class=\"wrapper-featured-image\">\n\t\t<figure class=\"spotlightImg\">\n\n\t\t\t<picture>\n\t\t\t\t<source media=\"(max-width: 768px)\" srcset=\"https:\/\/files.sunoresearch.com.br\/n\/uploads\/2020\/12\/a78accaf-setor-aereo-800x450-1-400x200.webp\">\n\t\t\t\t<img loading=\"lazy\" decoding=\"async\" class=\"newsContent__article__imgCapa lazyloadDisabled \" src=\"https:\/\/files.sunoresearch.com.br\/n\/uploads\/2020\/12\/a78accaf-setor-aereo-800x450-1-jpeg.webp\" width=\"800\" height=\"450\" alt=\"Embraer (EMBR3) se beneficiar\u00e1 no p\u00f3s-pandemia, diz BTG; a\u00e7\u00e3o dispara\" fetchpriority=high \/>\n\t\t\t<\/picture>\n\n\t\t\t<figcaption class=\"wp-caption-text wp-caption-text--show\">Embraer (EMBR3)<\/figcaption>\n\t\t<\/figure>\n\t<\/div>\n\n\n<p><b>\t<p>\n\t\t<a href=\"https:\/\/lp.suno.com.br\/planilha-controle-gastos\/\" target=\"_blank\" data-element=\"shortcode-suno-banner\" title=\"Banner SUNO, clique e saiba mais\">\n\t\t\t<picture>\n\t\t\t\t<source media=\"(max-width: 500px)\" srcset=\"https:\/\/files.sunoresearch.com.br\/n\/uploads\/2023\/03\/400x300-Planilha-controle-de-gastos.png\">\n\t\t\t\t<img class=\"newsContent__article__imgCapa newsContent__article__imgCapa--banner\"\n\t\t\t\t\tsrc=\"https:\/\/files.sunoresearch.com.br\/n\/uploads\/2023\/03\/1420x240-Planilha-controle-de-gastos.png\"\n\t\t\t\t\tdata-promo-id=\"101751\"\t\t\t\t\t\t\t\t\t\twidth='1420' height='240'\t\t\t\t\talt=\"https:\/\/files.sunoresearch.com.br\/n\/uploads\/2023\/03\/1420x240-Planilha-controle-de-gastos.png\"\n\t\t\t\t>\n\t\t\t<\/picture>\n\t\t<\/a>\n\t<\/p>\n\n<\/b><\/p>\n<p>No entanto, o otimismo sobre Embraer tem motivos mais profundos: existe uma expectativa de que o cen\u00e1rio do setor a\u00e9reo <strong>p\u00f3s-pandemia<\/strong> ser\u00e1 ben\u00e9fico para os seus neg\u00f3cios.<\/p>\n<p>Ontem, a empresa divulgou proje\u00e7\u00f5es ao mercado. Em relat\u00f3rio, o banco <a href=\"https:\/\/www.suno.com.br\/acoes\/bpac11\/\" target=\"_blank\" rel=\"noopener noreferrer\">BTG Pactual (BPAC11)<\/a> destacou que a empresa revisa suas <strong>proje\u00e7\u00f5es<\/strong> periodicamente, mas que a revis\u00e3o feita ontem tem um <strong>significado especial<\/strong>, ao incluir os impactos da pandemia sobre o setor de aeronaves.<\/p>\n<p><b>\t<p>\n\t\t<a href=\"https:\/\/lp.suno.com.br\/planilha-controle-gastos\/\" target=\"_blank\" data-element=\"shortcode-suno-banner\" title=\"Banner SUNO, clique e saiba mais\">\n\t\t\t<picture>\n\t\t\t\t<source media=\"(max-width: 500px)\" srcset=\"https:\/\/files.sunoresearch.com.br\/n\/uploads\/2023\/03\/400x300-Planilha-controle-de-gastos.png\">\n\t\t\t\t<img class=\"newsContent__article__imgCapa newsContent__article__imgCapa--banner\"\n\t\t\t\t\tsrc=\"https:\/\/files.sunoresearch.com.br\/n\/uploads\/2023\/03\/1420x240-Planilha-controle-de-gastos.png\"\n\t\t\t\t\tdata-promo-id=\"101751\"\t\t\t\t\t\t\t\t\t\twidth='1420' height='240'\t\t\t\t\talt=\"https:\/\/files.sunoresearch.com.br\/n\/uploads\/2023\/03\/1420x240-Planilha-controle-de-gastos.png\"\n\t\t\t\t>\n\t\t\t<\/picture>\n\t\t<\/a>\n\t<\/p>\n\n<\/b><\/p>\n<p>De acordo com Embraer, o impacto da pandemia ter\u00e1 implica\u00e7\u00f5es de longo prazo na demanda por aeronaves. No entanto, existe um lado positivo: a retomada do setor ap\u00f3s a crise pode gerar oportunidades para a Embraer, como a maior relev\u00e2ncia dos<strong> voos regionais e dom\u00e9sticos<\/strong> no mercado a\u00e9reo.<\/p>\n<p>Com isso, avi\u00f5es com at\u00e9 <strong>150 assentos<\/strong> ser\u00e3o importantes na recupera\u00e7\u00e3o da demanda, o que pode ajudar fabricantes como a Embraer.<\/p>\n<p>Segundo o BTG, a pandemia est\u00e1 causando mudan\u00e7as importantes no setor a\u00e9reo e na <strong>demanda por avi\u00f5es<\/strong>. Existem quatro tend\u00eancias principais:<\/p>\n<ul>\n<li>Mudan\u00e7a no <strong>padr\u00e3o de frotas<\/strong>, focando em avi\u00f5es de menor capacidade.<\/li>\n<li><strong>Regionaliza\u00e7\u00e3o<\/strong> das empresas a\u00e9reas, beneficiando empresas que atendem mercados dom\u00e9sticos.<\/li>\n<li>Passageiros tendem a preferir<strong> voos mais curtos<\/strong> e as empresas devem deixar de concentrar seus escrit\u00f3rios nos grandes centros urbanos. Com isso, as malhas a\u00e9reas devem ser mais diversificadas.<\/li>\n<li>Maior foco no<strong> meio ambiente,<\/strong> com prefer\u00eancia por aeronaves mais eficientes.<\/li>\n<\/ul>\n<p>Sobre o \u00faltimo t\u00f3pico, o BTG destacou que empresas a\u00e9reas que receberam apoio governamental deve ser mais pressionadas para adotar <strong>tecnologias<\/strong> sustent\u00e1veis.<\/p>\n<h2>Novo desenho do mercado deve beneficiar Embraer<\/h2>\n<p>A Embraer afirmou ontem que o<strong> tr\u00e1fego global<\/strong> de passageiros (medido em passageiros pagantes transportados por quil\u00f4metro \u2013 RPKs, na sigla em ingl\u00eas) retornar\u00e1 em 2024 aos n\u00edveis de 2019, ainda ficando 19% abaixo do volume previsto pela empresa ao longo da d\u00e9cada, at\u00e9 2029.<\/p>\n<p>Ainda segundo a empresa, a regi\u00e3o da \u00c1sia Pac\u00edfico vai crescer mais r\u00e1pido que outras partes do mundo, com crescimento anual de 3,4%. Ao mesmo tempo, o <a href=\"https:\/\/www.suno.com.br\/artigos\/cagr\/#:~:text=O%20CAGR%20(Compound%20Annual%20Growth,para%20o%20seu%20saldo%20final.&amp;text=Na%20verdade%2C%20o%20CAGR%20%C3%A9,se%20os%20retornos%20fossem%20constantes.\" target=\"_blank\" rel=\"noopener noreferrer\">CAGR<\/a> entre 2019 e 2019 previsto para Am\u00e9rica do Norte \u00e9 de 1,6%; para Am\u00e9rica Latina \u00e9 de 3%; para Europa, 1,8%.<\/p>\n<p><span style=\"font-weight: 400;\">\t<div data-element=\"shortcode-read-more\" class=\"knowMore\">\n\t\t\t\t<span class=\"knowMore__title\">Saiba mais<\/span>\n\t\t\t\t<a class=\"knowMore__link\" href=\"https:\/\/www.suno.com.br\/noticias\/embraer-embr3-trafego-global-retornara-2024-nivel-2019\/\">\n\t\t\tEmbraer (EMBR3) prev\u00ea que tr\u00e1fego global retornar\u00e1 em 2024 aos n\u00edveis de 2019\t\t<\/a>\n\t<\/div>\n\n<\/span><\/p>\n<p>Para o BTG, o impacto da Covid foi relevante, mas existem &#8220;<strong>tend\u00eancias favor\u00e1veis<\/strong>&#8221; emergindo. &#8220;Pelo lado positivo, tend\u00eancias como redimensionamento e regionaliza\u00e7\u00e3o tendem a favorecer fabricantes de fuselagem estreita como a Embraer&#8221;, disse o BTG.<\/p>\n<p>&#8220;Essas mesmas tend\u00eancias tamb\u00e9m s\u00e3o favor\u00e1veis ao segmento de turbo\u00e9lice, que deve ser o pr\u00f3ximo passo estrat\u00e9gico importante para a Embraer&#8221;, afirmou. Segundo o BTG, a administra\u00e7\u00e3o da empresa j\u00e1 estuda potenciais <strong>parcerias<\/strong> nesta \u00e1rea, sendo que um parceiro potencial poderia ser a Saab, da Su\u00e9cia.<\/p>\n<p>O relat\u00f3rio acrescentou que a <span lang=\"pt\"><strong>Embraer<\/strong> permanece focada em expandir sua lideran\u00e7a no segmento de at\u00e9 150 lugares. &#8220;Quaisquer parcerias ainda est\u00e3o em um est\u00e1gio inicial, tornando dif\u00edcil estimar os impactos potenciais na empresa, mas isso representa o principal <strong>risco de alta<\/strong> para nosso rating Neutro&#8221;, concluiu o BTG. O pre\u00e7o-alvo para o papel \u00e9 de US$ 8 por ADR.<\/span><\/p>\n<p><span style=\"font-weight: 400;\">\t<p>\n\t\t<a href=\"https:\/\/lp.suno.com.br\/planilha-de-controle-de-investimentos\/\" target=\"_blank\" data-element=\"shortcode-suno-banner\" title=\"Banner SUNO, clique e saiba mais\">\n\t\t\t<picture>\n\t\t\t\t<source media=\"(max-width: 500px)\" srcset=\"https:\/\/files.sunoresearch.com.br\/n\/uploads\/2023\/03\/400x300-Controle-de-Investimentos.png\">\n\t\t\t\t<img class=\"newsContent__article__imgCapa newsContent__article__imgCapa--banner\"\n\t\t\t\t\tsrc=\"https:\/\/files.sunoresearch.com.br\/n\/uploads\/2023\/03\/1420x240-Controle-de-Investimentos.png\"\n\t\t\t\t\tdata-promo-id=\"75934\"\t\t\t\t\t\t\t\t\t\twidth='1420' height='240'\t\t\t\t\talt=\"https:\/\/files.sunoresearch.com.br\/n\/uploads\/2023\/03\/1420x240-Controle-de-Investimentos.png\"\n\t\t\t\t>\n\t\t\t<\/picture>\n\t\t<\/a>\n\t<\/p>\n\n<\/span><\/p>\n","protected":false},"excerpt":{"rendered":"<p>Em meio a um maior otimismo sobre a vacina\u00e7\u00e3o contra Covid, as a\u00e7\u00f5es da Embraer (EMBR3) lideram as altas do Ibovespa hoje, com alta de mais de 14%, por volta de 14h30. Junto com ela, outras a\u00e7\u00f5es ligadas ao setor de viagens est\u00e3o em alta, como CVC (CVCB3), Gol (GOLL4) e Azul (AZUL4). Embraer (EMBR3) [&hellip;]<\/p>\n","protected":false},"author":60,"featured_media":104886,"comment_status":"closed","ping_status":"closed","sticky":false,"template":"","format":"standard","meta":[],"categories":[64],"tags":[399,460],"suno_strategy":[],"class_list":["post-105242","post","type-post","status-publish","format-standard","has-post-thumbnail","hentry","category-negocios","tag-btg-pactual-bpac11-bpac3-bpac5","tag-embraer-embr3"],"yoast_head":"<!-- This site is optimized with the Yoast SEO plugin v24.4 - https:\/\/yoast.com\/wordpress\/plugins\/seo\/ -->\n<title>Embraer (EMBR3) se beneficiar\u00e1 no p\u00f3s-pandemia, diz BTG; a\u00e7\u00e3o dispara<\/title>\n<meta name=\"description\" content=\"Com o otimismo sobre a vacina\u00e7\u00e3o contra Covid, as a\u00e7\u00f5es da Embraer lideram as altas do Ibovespa hoje. Mas existem outros motivos. Leia aqui.\" \/>\n<meta name=\"robots\" content=\"index, follow, max-snippet:-1, max-image-preview:large, max-video-preview:-1\" \/>\n<link rel=\"canonical\" href=\"https:\/\/www.suno.com.br\/noticias\/embraer-embr3-beneficiar-pos-pandemia\/\" \/>\n<meta property=\"og:locale\" content=\"pt_BR\" \/>\n<meta property=\"og:type\" content=\"article\" \/>\n<meta property=\"og:title\" content=\"Embraer (EMBR3) se beneficiar\u00e1 no p\u00f3s-pandemia, diz BTG; a\u00e7\u00e3o dispara\" \/>\n<meta property=\"og:description\" content=\"Com o otimismo sobre a vacina\u00e7\u00e3o contra Covid, as a\u00e7\u00f5es da Embraer lideram as altas do Ibovespa hoje. Mas existem outros motivos. Leia aqui.\" \/>\n<meta property=\"og:url\" content=\"https:\/\/www.suno.com.br\/noticias\/embraer-embr3-beneficiar-pos-pandemia\/\" \/>\n<meta property=\"og:site_name\" content=\"Suno Not\u00edcias\" \/>\n<meta property=\"article:publisher\" content=\"https:\/\/facebook.com\/sunoresearch\" \/>\n<meta property=\"og:image\" content=\"https:\/\/files.sunoresearch.com.br\/n\/uploads\/2020\/12\/a78accaf-setor-aereo-800x450-1.jpeg\" \/>\n\t<meta property=\"og:image:width\" content=\"800\" \/>\n\t<meta property=\"og:image:height\" content=\"450\" \/>\n\t<meta property=\"og:image:type\" content=\"image\/jpeg\" \/>\n<meta name=\"author\" content=\"Natalia G\u00f3mez\" \/>\n<meta name=\"twitter:card\" content=\"summary_large_image\" \/>\n<meta name=\"twitter:creator\" content=\"@sunoresearch\" \/>\n<meta name=\"twitter:site\" content=\"@sunoresearch\" \/>\n<meta name=\"twitter:label1\" content=\"Escrito por\" \/>\n\t<meta name=\"twitter:data1\" content=\"Natalia G\u00f3mez\" \/>\n\t<meta name=\"twitter:label2\" content=\"Est. tempo de leitura\" \/>\n\t<meta name=\"twitter:data2\" content=\"3 minutos\" \/>\n<script type=\"application\/ld+json\" class=\"yoast-schema-graph\">{\"@context\":\"https:\/\/schema.org\",\"@graph\":[{\"@type\":\"NewsArticle\",\"@id\":\"https:\/\/www.suno.com.br\/noticias\/embraer-embr3-beneficiar-pos-pandemia\/#article\",\"isPartOf\":{\"@id\":\"https:\/\/www.suno.com.br\/noticias\/embraer-embr3-beneficiar-pos-pandemia\/\"},\"author\":{\"name\":\"Natalia G\u00f3mez\",\"@id\":\"https:\/\/www.suno.com.br\/noticias\/#\/schema\/person\/1b24d67c140a42e864ef414497edb164\"},\"headline\":\"Embraer (EMBR3) se beneficiar\u00e1 no p\u00f3s-pandemia, diz BTG; a\u00e7\u00e3o dispara\",\"datePublished\":\"2020-12-03T17:41:58+00:00\",\"dateModified\":\"2021-02-18T01:18:33+00:00\",\"mainEntityOfPage\":{\"@id\":\"https:\/\/www.suno.com.br\/noticias\/embraer-embr3-beneficiar-pos-pandemia\/\"},\"wordCount\":614,\"publisher\":{\"@id\":\"https:\/\/www.suno.com.br\/noticias\/#organization\"},\"image\":{\"@id\":\"https:\/\/www.suno.com.br\/noticias\/embraer-embr3-beneficiar-pos-pandemia\/#primaryimage\"},\"thumbnailUrl\":\"https:\/\/files.sunoresearch.com.br\/n\/uploads\/2020\/12\/a78accaf-setor-aereo-800x450-1-jpeg.webp\",\"keywords\":[\"BTG Pactual (BPAC11\/BPAC3\/BPAC5)\",\"Embraer (EMBR3)\"],\"articleSection\":[\"Neg\u00f3cios\"],\"inLanguage\":\"pt-BR\"},{\"@type\":\"WebPage\",\"@id\":\"https:\/\/www.suno.com.br\/noticias\/embraer-embr3-beneficiar-pos-pandemia\/\",\"url\":\"https:\/\/www.suno.com.br\/noticias\/embraer-embr3-beneficiar-pos-pandemia\/\",\"name\":\"Embraer (EMBR3) se beneficiar\u00e1 no p\u00f3s-pandemia, diz BTG; a\u00e7\u00e3o dispara\",\"isPartOf\":{\"@id\":\"https:\/\/www.suno.com.br\/noticias\/#website\"},\"primaryImageOfPage\":{\"@id\":\"https:\/\/www.suno.com.br\/noticias\/embraer-embr3-beneficiar-pos-pandemia\/#primaryimage\"},\"image\":{\"@id\":\"https:\/\/www.suno.com.br\/noticias\/embraer-embr3-beneficiar-pos-pandemia\/#primaryimage\"},\"thumbnailUrl\":\"https:\/\/files.sunoresearch.com.br\/n\/uploads\/2020\/12\/a78accaf-setor-aereo-800x450-1-jpeg.webp\",\"datePublished\":\"2020-12-03T17:41:58+00:00\",\"dateModified\":\"2021-02-18T01:18:33+00:00\",\"description\":\"Com o otimismo sobre a vacina\u00e7\u00e3o contra Covid, as a\u00e7\u00f5es da Embraer lideram as altas do Ibovespa hoje. Mas existem outros motivos. Leia aqui.\",\"breadcrumb\":{\"@id\":\"https:\/\/www.suno.com.br\/noticias\/embraer-embr3-beneficiar-pos-pandemia\/#breadcrumb\"},\"inLanguage\":\"pt-BR\",\"potentialAction\":[{\"@type\":\"ReadAction\",\"target\":[\"https:\/\/www.suno.com.br\/noticias\/embraer-embr3-beneficiar-pos-pandemia\/\"]}]},{\"@type\":\"ImageObject\",\"inLanguage\":\"pt-BR\",\"@id\":\"https:\/\/www.suno.com.br\/noticias\/embraer-embr3-beneficiar-pos-pandemia\/#primaryimage\",\"url\":\"https:\/\/files.sunoresearch.com.br\/n\/uploads\/2020\/12\/a78accaf-setor-aereo-800x450-1-jpeg.webp\",\"contentUrl\":\"https:\/\/files.sunoresearch.com.br\/n\/uploads\/2020\/12\/a78accaf-setor-aereo-800x450-1-jpeg.webp\",\"width\":800,\"height\":450,\"caption\":\"Embraer (EMBR3)\"},{\"@type\":\"BreadcrumbList\",\"@id\":\"https:\/\/www.suno.com.br\/noticias\/embraer-embr3-beneficiar-pos-pandemia\/#breadcrumb\",\"itemListElement\":[{\"@type\":\"ListItem\",\"position\":1,\"name\":\"Not\u00edcias\",\"item\":\"https:\/\/www.suno.com.br\/noticias\/\"},{\"@type\":\"ListItem\",\"position\":2,\"name\":\"Neg\u00f3cios\",\"item\":\"https:\/\/www.suno.com.br\/noticias\/negocios\/\"},{\"@type\":\"ListItem\",\"position\":3,\"name\":\"Embraer (EMBR3) se beneficiar\u00e1 no p\u00f3s-pandemia, diz BTG; a\u00e7\u00e3o dispara\"}]},{\"@type\":\"WebSite\",\"@id\":\"https:\/\/www.suno.com.br\/noticias\/#website\",\"url\":\"https:\/\/www.suno.com.br\/noticias\/\",\"name\":\"Suno Not\u00edcias\",\"description\":\"Seu portal de informa\u00e7\u00e3o sobre o mundo dos investimentos\",\"publisher\":{\"@id\":\"https:\/\/www.suno.com.br\/noticias\/#organization\"},\"potentialAction\":[{\"@type\":\"SearchAction\",\"target\":{\"@type\":\"EntryPoint\",\"urlTemplate\":\"https:\/\/www.suno.com.br\/noticias\/?s={search_term_string}\"},\"query-input\":{\"@type\":\"PropertyValueSpecification\",\"valueRequired\":true,\"valueName\":\"search_term_string\"}}],\"inLanguage\":\"pt-BR\"},{\"@type\":\"Organization\",\"@id\":\"https:\/\/www.suno.com.br\/noticias\/#organization\",\"name\":\"Suno Not\u00edcias\",\"url\":\"https:\/\/www.suno.com.br\/noticias\/\",\"logo\":{\"@type\":\"ImageObject\",\"inLanguage\":\"pt-BR\",\"@id\":\"https:\/\/www.suno.com.br\/noticias\/#\/schema\/logo\/image\/\",\"url\":\"https:\/\/files.sunoresearch.com.br\/n\/uploads\/2021\/09\/suno-logo.png\",\"contentUrl\":\"https:\/\/files.sunoresearch.com.br\/n\/uploads\/2021\/09\/suno-logo.png\",\"width\":180,\"height\":180,\"caption\":\"Suno Not\u00edcias\"},\"image\":{\"@id\":\"https:\/\/www.suno.com.br\/noticias\/#\/schema\/logo\/image\/\"},\"sameAs\":[\"https:\/\/facebook.com\/sunoresearch\",\"https:\/\/x.com\/sunoresearch\",\"https:\/\/www.instagram.com\/suno\",\"https:\/\/www.linkedin.com\/company\/suno-research\/\",\"https:\/\/www.youtube.com\/c\/sunoresearch\"]},{\"@type\":\"Person\",\"@id\":\"https:\/\/www.suno.com.br\/noticias\/#\/schema\/person\/1b24d67c140a42e864ef414497edb164\",\"name\":\"Natalia G\u00f3mez\",\"image\":{\"@type\":\"ImageObject\",\"inLanguage\":\"pt-BR\",\"@id\":\"https:\/\/www.suno.com.br\/noticias\/#\/schema\/person\/image\/\",\"url\":\"https:\/\/secure.gravatar.com\/avatar\/9e957e0b2b485c2d42c3f4145c16d940?s=96&r=g\",\"contentUrl\":\"https:\/\/secure.gravatar.com\/avatar\/9e957e0b2b485c2d42c3f4145c16d940?s=96&r=g\",\"caption\":\"Natalia G\u00f3mez\"},\"description\":\"Editora do Suno Not\u00edcias desde outubro de 2020, \u00e9 jornalista formada pela PUC-SP, com p\u00f3s-gradua\u00e7\u00e3o em jornalismo liter\u00e1rio. Atua no mercado financeiro desde 2003, quando iniciou a carreira no jornal econ\u00f4mico DCI, cobrindo o setor de alimentos no caderno de Ind\u00fastria. Foi trainee do jornal Valor Econ\u00f4mico, onde atuou no Caderno de Empresas por quase tr\u00eas anos. L\u00e1, cobriu o setor de ind\u00fastria, com foco em siderurgia, embalagens e aeroespacial. Fez coberturas setoriais em viagens para S\u00e3o Jos\u00e9 dos Campos e Franca (SP), al\u00e9m de coberturas internacionais na Alemanha e na Su\u00e9cia. Trabalhou por cinco anos na Ag\u00eancia Estado\/Broadcast, do Grupo Estado, onde foi rep\u00f3rter dos setores de minera\u00e7\u00e3o e siderurgia, alimentos e bebidas e finan\u00e7as. Foi premiada como o pr\u00eamio Destaque de Reportagem da AE em 2007 e 2008. Al\u00e9m de atuar no servi\u00e7o de not\u00edcias em tempo real, fez participa\u00e7\u00f5es no caderno de Economia do jornal Estado de S.Paulo e na R\u00e1dio Eldorado. Ainda no Grupo Estado, foi editora assistente da editoria Empresas e Setores, atuando com edi\u00e7\u00e3o e pauta, al\u00e9m de cobrir mercados diariamente com o cen\u00e1rio de bolsa e fazer reportagens especiais com foco em governan\u00e7a corporativa. Trabalhou tamb\u00e9m como correspondente de finan\u00e7as no servi\u00e7o da Thomson Reuters em portugu\u00eas por quase um ano. Atuou por cerca de oito anos como jornalista independente, contribuindo para ve\u00edculos como UOL Economia, Infomoney e Revista Voc\u00ea SA, al\u00e9m de ter trabalhado em projetos na \u00e1rea de conte\u00fado e comunica\u00e7\u00e3o de institui\u00e7\u00f5es financeiras como Anbima, Banco BS2, Banco Pine, Ita\u00fa BBA e EQI.\",\"url\":\"https:\/\/www.suno.com.br\/noticias\/author\/natalia-gomez\/\"}]}<\/script>\n<!-- \/ Yoast SEO plugin. -->","yoast_head_json":{"title":"Embraer (EMBR3) se beneficiar\u00e1 no p\u00f3s-pandemia, diz BTG; a\u00e7\u00e3o dispara","description":"Com o otimismo sobre a vacina\u00e7\u00e3o contra Covid, as a\u00e7\u00f5es da Embraer lideram as altas do Ibovespa hoje. Mas existem outros motivos. Leia aqui.","robots":{"index":"index","follow":"follow","max-snippet":"max-snippet:-1","max-image-preview":"max-image-preview:large","max-video-preview":"max-video-preview:-1"},"canonical":"https:\/\/www.suno.com.br\/noticias\/embraer-embr3-beneficiar-pos-pandemia\/","og_locale":"pt_BR","og_type":"article","og_title":"Embraer (EMBR3) se beneficiar\u00e1 no p\u00f3s-pandemia, diz BTG; a\u00e7\u00e3o dispara","og_description":"Com o otimismo sobre a vacina\u00e7\u00e3o contra Covid, as a\u00e7\u00f5es da Embraer lideram as altas do Ibovespa hoje. Mas existem outros motivos. Leia aqui.","og_url":"https:\/\/www.suno.com.br\/noticias\/embraer-embr3-beneficiar-pos-pandemia\/","og_site_name":"Suno Not\u00edcias","article_publisher":"https:\/\/facebook.com\/sunoresearch","og_image":[{"width":800,"height":450,"url":"https:\/\/files.sunoresearch.com.br\/n\/uploads\/2020\/12\/a78accaf-setor-aereo-800x450-1.jpeg","type":"image\/jpeg"}],"author":"Natalia G\u00f3mez","twitter_card":"summary_large_image","twitter_creator":"@sunoresearch","twitter_site":"@sunoresearch","twitter_misc":{"Escrito por":"Natalia G\u00f3mez","Est. tempo de leitura":"3 minutos"},"schema":{"@context":"https:\/\/schema.org","@graph":[{"@type":"NewsArticle","@id":"https:\/\/www.suno.com.br\/noticias\/embraer-embr3-beneficiar-pos-pandemia\/#article","isPartOf":{"@id":"https:\/\/www.suno.com.br\/noticias\/embraer-embr3-beneficiar-pos-pandemia\/"},"author":{"name":"Natalia G\u00f3mez","@id":"https:\/\/www.suno.com.br\/noticias\/#\/schema\/person\/1b24d67c140a42e864ef414497edb164"},"headline":"Embraer (EMBR3) se beneficiar\u00e1 no p\u00f3s-pandemia, diz BTG; a\u00e7\u00e3o dispara","datePublished":"2020-12-03T17:41:58+00:00","dateModified":"2021-02-18T01:18:33+00:00","mainEntityOfPage":{"@id":"https:\/\/www.suno.com.br\/noticias\/embraer-embr3-beneficiar-pos-pandemia\/"},"wordCount":614,"publisher":{"@id":"https:\/\/www.suno.com.br\/noticias\/#organization"},"image":{"@id":"https:\/\/www.suno.com.br\/noticias\/embraer-embr3-beneficiar-pos-pandemia\/#primaryimage"},"thumbnailUrl":"https:\/\/files.sunoresearch.com.br\/n\/uploads\/2020\/12\/a78accaf-setor-aereo-800x450-1-jpeg.webp","keywords":["BTG Pactual (BPAC11\/BPAC3\/BPAC5)","Embraer (EMBR3)"],"articleSection":["Neg\u00f3cios"],"inLanguage":"pt-BR"},{"@type":"WebPage","@id":"https:\/\/www.suno.com.br\/noticias\/embraer-embr3-beneficiar-pos-pandemia\/","url":"https:\/\/www.suno.com.br\/noticias\/embraer-embr3-beneficiar-pos-pandemia\/","name":"Embraer (EMBR3) se beneficiar\u00e1 no p\u00f3s-pandemia, diz BTG; a\u00e7\u00e3o dispara","isPartOf":{"@id":"https:\/\/www.suno.com.br\/noticias\/#website"},"primaryImageOfPage":{"@id":"https:\/\/www.suno.com.br\/noticias\/embraer-embr3-beneficiar-pos-pandemia\/#primaryimage"},"image":{"@id":"https:\/\/www.suno.com.br\/noticias\/embraer-embr3-beneficiar-pos-pandemia\/#primaryimage"},"thumbnailUrl":"https:\/\/files.sunoresearch.com.br\/n\/uploads\/2020\/12\/a78accaf-setor-aereo-800x450-1-jpeg.webp","datePublished":"2020-12-03T17:41:58+00:00","dateModified":"2021-02-18T01:18:33+00:00","description":"Com o otimismo sobre a vacina\u00e7\u00e3o contra Covid, as a\u00e7\u00f5es da Embraer lideram as altas do Ibovespa hoje. Mas existem outros motivos. Leia aqui.","breadcrumb":{"@id":"https:\/\/www.suno.com.br\/noticias\/embraer-embr3-beneficiar-pos-pandemia\/#breadcrumb"},"inLanguage":"pt-BR","potentialAction":[{"@type":"ReadAction","target":["https:\/\/www.suno.com.br\/noticias\/embraer-embr3-beneficiar-pos-pandemia\/"]}]},{"@type":"ImageObject","inLanguage":"pt-BR","@id":"https:\/\/www.suno.com.br\/noticias\/embraer-embr3-beneficiar-pos-pandemia\/#primaryimage","url":"https:\/\/files.sunoresearch.com.br\/n\/uploads\/2020\/12\/a78accaf-setor-aereo-800x450-1-jpeg.webp","contentUrl":"https:\/\/files.sunoresearch.com.br\/n\/uploads\/2020\/12\/a78accaf-setor-aereo-800x450-1-jpeg.webp","width":800,"height":450,"caption":"Embraer (EMBR3)"},{"@type":"BreadcrumbList","@id":"https:\/\/www.suno.com.br\/noticias\/embraer-embr3-beneficiar-pos-pandemia\/#breadcrumb","itemListElement":[{"@type":"ListItem","position":1,"name":"Not\u00edcias","item":"https:\/\/www.suno.com.br\/noticias\/"},{"@type":"ListItem","position":2,"name":"Neg\u00f3cios","item":"https:\/\/www.suno.com.br\/noticias\/negocios\/"},{"@type":"ListItem","position":3,"name":"Embraer (EMBR3) se beneficiar\u00e1 no p\u00f3s-pandemia, diz BTG; a\u00e7\u00e3o dispara"}]},{"@type":"WebSite","@id":"https:\/\/www.suno.com.br\/noticias\/#website","url":"https:\/\/www.suno.com.br\/noticias\/","name":"Suno Not\u00edcias","description":"Seu portal de informa\u00e7\u00e3o sobre o mundo dos investimentos","publisher":{"@id":"https:\/\/www.suno.com.br\/noticias\/#organization"},"potentialAction":[{"@type":"SearchAction","target":{"@type":"EntryPoint","urlTemplate":"https:\/\/www.suno.com.br\/noticias\/?s={search_term_string}"},"query-input":{"@type":"PropertyValueSpecification","valueRequired":true,"valueName":"search_term_string"}}],"inLanguage":"pt-BR"},{"@type":"Organization","@id":"https:\/\/www.suno.com.br\/noticias\/#organization","name":"Suno Not\u00edcias","url":"https:\/\/www.suno.com.br\/noticias\/","logo":{"@type":"ImageObject","inLanguage":"pt-BR","@id":"https:\/\/www.suno.com.br\/noticias\/#\/schema\/logo\/image\/","url":"https:\/\/files.sunoresearch.com.br\/n\/uploads\/2021\/09\/suno-logo.png","contentUrl":"https:\/\/files.sunoresearch.com.br\/n\/uploads\/2021\/09\/suno-logo.png","width":180,"height":180,"caption":"Suno Not\u00edcias"},"image":{"@id":"https:\/\/www.suno.com.br\/noticias\/#\/schema\/logo\/image\/"},"sameAs":["https:\/\/facebook.com\/sunoresearch","https:\/\/x.com\/sunoresearch","https:\/\/www.instagram.com\/suno","https:\/\/www.linkedin.com\/company\/suno-research\/","https:\/\/www.youtube.com\/c\/sunoresearch"]},{"@type":"Person","@id":"https:\/\/www.suno.com.br\/noticias\/#\/schema\/person\/1b24d67c140a42e864ef414497edb164","name":"Natalia G\u00f3mez","image":{"@type":"ImageObject","inLanguage":"pt-BR","@id":"https:\/\/www.suno.com.br\/noticias\/#\/schema\/person\/image\/","url":"https:\/\/secure.gravatar.com\/avatar\/9e957e0b2b485c2d42c3f4145c16d940?s=96&r=g","contentUrl":"https:\/\/secure.gravatar.com\/avatar\/9e957e0b2b485c2d42c3f4145c16d940?s=96&r=g","caption":"Natalia G\u00f3mez"},"description":"Editora do Suno Not\u00edcias desde outubro de 2020, \u00e9 jornalista formada pela PUC-SP, com p\u00f3s-gradua\u00e7\u00e3o em jornalismo liter\u00e1rio. Atua no mercado financeiro desde 2003, quando iniciou a carreira no jornal econ\u00f4mico DCI, cobrindo o setor de alimentos no caderno de Ind\u00fastria. Foi trainee do jornal Valor Econ\u00f4mico, onde atuou no Caderno de Empresas por quase tr\u00eas anos. L\u00e1, cobriu o setor de ind\u00fastria, com foco em siderurgia, embalagens e aeroespacial. Fez coberturas setoriais em viagens para S\u00e3o Jos\u00e9 dos Campos e Franca (SP), al\u00e9m de coberturas internacionais na Alemanha e na Su\u00e9cia. Trabalhou por cinco anos na Ag\u00eancia Estado\/Broadcast, do Grupo Estado, onde foi rep\u00f3rter dos setores de minera\u00e7\u00e3o e siderurgia, alimentos e bebidas e finan\u00e7as. Foi premiada como o pr\u00eamio Destaque de Reportagem da AE em 2007 e 2008. Al\u00e9m de atuar no servi\u00e7o de not\u00edcias em tempo real, fez participa\u00e7\u00f5es no caderno de Economia do jornal Estado de S.Paulo e na R\u00e1dio Eldorado. Ainda no Grupo Estado, foi editora assistente da editoria Empresas e Setores, atuando com edi\u00e7\u00e3o e pauta, al\u00e9m de cobrir mercados diariamente com o cen\u00e1rio de bolsa e fazer reportagens especiais com foco em governan\u00e7a corporativa. Trabalhou tamb\u00e9m como correspondente de finan\u00e7as no servi\u00e7o da Thomson Reuters em portugu\u00eas por quase um ano. Atuou por cerca de oito anos como jornalista independente, contribuindo para ve\u00edculos como UOL Economia, Infomoney e Revista Voc\u00ea SA, al\u00e9m de ter trabalhado em projetos na \u00e1rea de conte\u00fado e comunica\u00e7\u00e3o de institui\u00e7\u00f5es financeiras como Anbima, Banco BS2, Banco Pine, Ita\u00fa BBA e EQI.","url":"https:\/\/www.suno.com.br\/noticias\/author\/natalia-gomez\/"}]}},"default_loop_html":"<div class=\"cardsPage__listCard__boxs\"><div class=\"cardsPage__listCard__boxs__img\"><a href=\"https:\/\/www.suno.com.br\/noticias\/embraer-embr3-beneficiar-pos-pandemia\/\"><img class=\"mask\" src=\"https:\/\/www.suno.com.br\/noticias\/wp-content\/themes\/suno\/resources\/images\/spotlight\/spotlight1img\/bg-mask.png\" alt=\"Image Mask\"\/><img src=\"https:\/\/files.sunoresearch.com.br\/n\/uploads\/2020\/12\/a78accaf-setor-aereo-800x450-1-400x200.webp\" alt=\"Embraer (EMBR3) se beneficiar\u00e1 no p\u00f3s-pandemia, diz BTG; a\u00e7\u00e3o dispara\"\/><\/a><span class=\"spotlightCategory\"><a href=\"https:\/\/www.suno.com.br\/noticias\/negocios\/\">Neg\u00f3cios<\/a><\/span><\/div><div class=\"cardsPage__listCard__boxs__content\"><a href=\"https:\/\/www.suno.com.br\/noticias\/embraer-embr3-beneficiar-pos-pandemia\/\"><h2 class=\"content__title\">Embraer (EMBR3) se beneficiar\u00e1 no p\u00f3s-pandemia, diz BTG; a\u00e7\u00e3o dispara<\/h2><\/a><div class=\"newsContent__article__meta\"><div class=\"newsContent__article__meta__authorBox\"><a href=\"https:\/\/www.suno.com.br\/noticias\/author\/natalia-gomez\/\" class=\"authorBox__avatar noMobi\"><img src=\"https:\/\/secure.gravatar.com\/avatar\/9e957e0b2b485c2d42c3f4145c16d940?s=96&#038;r=g\" alt=\"Natalia G\u00f3mez\"><\/a><div class=\"authorBox__name\"><span>por\n\t\t\t<a href=\"https:\/\/www.suno.com.br\/noticias\/author\/natalia-gomez\/\"><span itemprop=\"author\">Natalia G\u00f3mez<\/span><\/a><\/span><time datetime=\"2020-12-03T14:41:58-03:00\" itemprop=\"datePublished\">03\/12\/2020 14:41<\/time><\/div><\/div><\/div><\/div><\/div>","single_layout":"posts","amp_enabled":true,"_links":{"self":[{"href":"https:\/\/www.suno.com.br\/noticias\/wp-json\/wp\/v2\/posts\/105242"}],"collection":[{"href":"https:\/\/www.suno.com.br\/noticias\/wp-json\/wp\/v2\/posts"}],"about":[{"href":"https:\/\/www.suno.com.br\/noticias\/wp-json\/wp\/v2\/types\/post"}],"author":[{"embeddable":true,"href":"https:\/\/www.suno.com.br\/noticias\/wp-json\/wp\/v2\/users\/60"}],"replies":[{"embeddable":true,"href":"https:\/\/www.suno.com.br\/noticias\/wp-json\/wp\/v2\/comments?post=105242"}],"version-history":[{"count":0,"href":"https:\/\/www.suno.com.br\/noticias\/wp-json\/wp\/v2\/posts\/105242\/revisions"}],"wp:featuredmedia":[{"embeddable":true,"href":"https:\/\/www.suno.com.br\/noticias\/wp-json\/wp\/v2\/media\/104886"}],"wp:attachment":[{"href":"https:\/\/www.suno.com.br\/noticias\/wp-json\/wp\/v2\/media?parent=105242"}],"wp:term":[{"taxonomy":"category","embeddable":true,"href":"https:\/\/www.suno.com.br\/noticias\/wp-json\/wp\/v2\/categories?post=105242"},{"taxonomy":"post_tag","embeddable":true,"href":"https:\/\/www.suno.com.br\/noticias\/wp-json\/wp\/v2\/tags?post=105242"},{"taxonomy":"suno_strategy","embeddable":true,"href":"https:\/\/www.suno.com.br\/noticias\/wp-json\/wp\/v2\/suno_strategy?post=105242"}],"curies":[{"name":"wp","href":"https:\/\/api.w.org\/{rel}","templated":true}]}}