{"id":105159,"date":"2020-12-03T11:52:52","date_gmt":"2020-12-03T14:52:52","guid":{"rendered":"https:\/\/www.suno.com.br\/noticias\/?p=105159"},"modified":"2020-12-03T12:14:24","modified_gmt":"2020-12-03T15:14:24","slug":"jhsf-jhsf3-autorizacao-ampliar-aeroporto","status":"publish","type":"post","link":"https:\/\/www.suno.com.br\/noticias\/jhsf-jhsf3-autorizacao-ampliar-aeroporto\/","title":{"rendered":"JHSF (JHSF3) recebe autoriza\u00e7\u00e3o para ampliar aeroporto executivo"},"content":{"rendered":"<p>A <a href=\"https:\/\/www.suno.com.br\/acoes\/jhsf3\/\" target=\"_blank\" rel=\"noopener noreferrer\"><strong>JHSF<\/strong> Participa\u00e7\u00f5es (JHSF3)<\/a> informou que recebeu autoriza\u00e7\u00e3o da Ag\u00eancia Nacional de Avia\u00e7\u00e3o Civil (Anac) para a expans\u00e3o do S\u00e3o Paulo Catarina Aeroporto Executivo.<\/p>\t<div class=\"wrapper-featured-image\">\n\t\t<figure class=\"spotlightImg\">\n\n\t\t\t<picture>\n\t\t\t\t<source media=\"(max-width: 768px)\" srcset=\"https:\/\/files.sunoresearch.com.br\/n\/uploads\/2019\/05\/ba7bad89-amazon-400x200.webp\">\n\t\t\t\t<img loading=\"lazy\" decoding=\"async\" class=\"newsContent__article__imgCapa lazyloadDisabled \" src=\"https:\/\/files.sunoresearch.com.br\/n\/uploads\/2019\/05\/ba7bad89-amazon-jpg.webp\" width=\"800\" height=\"450\" alt=\"JHSF (JHSF3) recebe autoriza\u00e7\u00e3o para ampliar aeroporto executivo\" fetchpriority=high \/>\n\t\t\t<\/picture>\n\n\t\t\t<figcaption class=\"wp-caption-text wp-caption-text--show\">JHSF (JHSF3) amplia presen\u00e7a internacional com aquisi\u00e7\u00e3o de ativo em Miami.<\/figcaption>\n\t\t<\/figure>\n\t<\/div>\n\n\n<p><b>\t<p>\n\t\t<a href=\"https:\/\/lp.suno.com.br\/planilha-controle-gastos\/\" target=\"_blank\" data-element=\"shortcode-suno-banner\" title=\"Banner SUNO, clique e saiba mais\">\n\t\t\t<picture>\n\t\t\t\t<source media=\"(max-width: 500px)\" srcset=\"https:\/\/files.sunoresearch.com.br\/n\/uploads\/2023\/03\/400x300-Planilha-controle-de-gastos.png\">\n\t\t\t\t<img class=\"newsContent__article__imgCapa newsContent__article__imgCapa--banner\"\n\t\t\t\t\tsrc=\"https:\/\/files.sunoresearch.com.br\/n\/uploads\/2023\/03\/1420x240-Planilha-controle-de-gastos.png\"\n\t\t\t\t\tdata-promo-id=\"101751\"\t\t\t\t\t\t\t\t\t\twidth='1420' height='240'\t\t\t\t\talt=\"https:\/\/files.sunoresearch.com.br\/n\/uploads\/2023\/03\/1420x240-Planilha-controle-de-gastos.png\"\n\t\t\t\t>\n\t\t\t<\/picture>\n\t\t<\/a>\n\t<\/p>\n\n <\/b><\/p>\n<p>Segundo comunicado divulgado pela empresa, a <strong>Anac<\/strong> aprovou a implanta\u00e7\u00e3o dos hangares 3, 4 e 5, al\u00e9m da<strong> amplia\u00e7\u00e3o<\/strong> dos p\u00e1tios de aeronaves 1 e 4. As mudan\u00e7as marcam a primeira expans\u00e3o de capacidade do aeroporto.<\/p>\n<p>O aeroporto foi inaugurado h\u00e1 menos de um ano e atingiu a capacidade de hangar inicialmente dispon\u00edvel em cerca de tr\u00eas meses.<\/p>\n<p><b>\t<p>\n\t\t<a href=\"https:\/\/lp.suno.com.br\/planilha-controle-gastos\/\" target=\"_blank\" data-element=\"shortcode-suno-banner\" title=\"Banner SUNO, clique e saiba mais\">\n\t\t\t<picture>\n\t\t\t\t<source media=\"(max-width: 500px)\" srcset=\"https:\/\/files.sunoresearch.com.br\/n\/uploads\/2023\/03\/400x300-Planilha-controle-de-gastos.png\">\n\t\t\t\t<img class=\"newsContent__article__imgCapa newsContent__article__imgCapa--banner\"\n\t\t\t\t\tsrc=\"https:\/\/files.sunoresearch.com.br\/n\/uploads\/2023\/03\/1420x240-Planilha-controle-de-gastos.png\"\n\t\t\t\t\tdata-promo-id=\"101751\"\t\t\t\t\t\t\t\t\t\twidth='1420' height='240'\t\t\t\t\talt=\"https:\/\/files.sunoresearch.com.br\/n\/uploads\/2023\/03\/1420x240-Planilha-controle-de-gastos.png\"\n\t\t\t\t>\n\t\t\t<\/picture>\n\t\t<\/a>\n\t<\/p>\n\n <\/b><\/p>\n<p>\u201cA primeira <strong>expans\u00e3o<\/strong> da capacidade prevista anteriormente para o final de 2021, adiciona tr\u00eas <strong>novos hangares<\/strong> que ampliam a capacidade do Aeroporto para cerca de 55.000m\u00b2 entre hangares e p\u00e1tios\u201d, declarou a JHSF.<\/p>\n<p>Dos novos hangares, um ser\u00e1 destinado ao Centro de Servi\u00e7os da Pilatus (fabricante su\u00ed\u00e7o de aeronaves).<\/p>\n<p>Os outros dois hangares no <strong>aeroporto <\/strong>executivo<strong> S\u00e3o Paulo Catarina<\/strong> s\u00e3o destinados a hangaragem de aeronaves executivas e j\u00e1 se encontram em fase avan\u00e7ada de comercializa\u00e7\u00e3o.<\/p>\n<p>Ap\u00f3s a not\u00edcia, as<a href=\"https:\/\/www.suno.com.br\/artigos\/mercado-de-acoes\/\"> a\u00e7\u00f5es ordin\u00e1rias<\/a> da JSHF, por volta das 12h10, registravam alta de 1,74%, negociadas a R$ 8,19. Por sua vez, o <a href=\"https:\/\/www.suno.com.br\/artigos\/ibovespa\/\">Ibovespa<\/a> operava em leve alta de 0,34%, a 112.255,76 pontos.<\/p>\n<h2>JHSF pretende internacionalizar aeroporto<\/h2>\n<p>A incorporadora JHSF teve\u00a0<a href=\"https:\/\/www.suno.com.br\/artigos\/lucro-liquido\/\" target=\"_blank\" rel=\"noopener noreferrer\">lucro l\u00edquido<\/a>\u00a0de R$ 176 milh\u00f5es no terceiro trimestre de 2020, alta de 87,4% ante o mesmo per\u00edodo de 2019.\u00a0O\u00a0<a href=\"https:\/\/www.suno.com.br\/artigos\/ebitda\/\" target=\"_blank\" rel=\"noopener noreferrer\">Ebitda<\/a>\u00a0(lucro antes de juros, impostos, amortiza\u00e7\u00e3o e deprecia\u00e7\u00e3o) foi de R$ 216,3 milh\u00f5es, alta de 39,5% na compara\u00e7\u00e3o anual. J\u00e1 a<a href=\"https:\/\/www.suno.com.br\/artigos\/o-que-receita-liquida\/\" target=\"_blank\" rel=\"noopener noreferrer\">\u00a0receita l\u00edquida<\/a>\u00a0somou R$ 355,8 milh\u00f5es, avan\u00e7o de 92,9%.<\/p>\n<p>J\u00e1 no <strong>segmento de aeroporto<\/strong>, a receita l\u00edquida cresceu 59,6% para R$ 6,3 milh\u00f5es, enquanto o Ebitda cresceu 21,1% para R$ 1,5 milh\u00e3o. A empresa explicou que o aeroporto executivo observou uma melhora no ritmo de pousos e decolagens.<\/p>\n<p>Segundo a empresa, S\u00e3o Paulo Catarina Aeroporto Executivo, inaugurou sua primeira fase em 16 de dezembro de 2019. &#8220;\u00c9 o<strong> primeiro aeroporto executivo<\/strong> do Brasil, pensado h\u00e1 cerca de 10 anos, quando foi identificada uma oportunidade para contribuir para a melhoria da infraestrutura e servi\u00e7os da avia\u00e7\u00e3o executiva&#8221;, afirmou a empresa, ao apresentar o resultado trimestral.<\/p>\n\t<div data-element=\"shortcode-read-more\" class=\"knowMore\">\n\t\t\t\t<span class=\"knowMore__title\">Veja Tamb\u00e9m<\/span>\n\t\t\t\t<a class=\"knowMore__link\" href=\"https:\/\/www.suno.com.br\/noticias\/copel-eneva-jhsp-unidas-previa-ibovespa\/\">\n\t\t\tCopel (CPLE6), Eneva (ENEV3), JHSF (JHSF3) e Unidas (LCAM) entram na 1\u00aa pr\u00e9via do Ibovespa\t\t<\/a>\n\t<\/div>\n\n\n<p>O S\u00e3o Paulo Catarina Aeroporto Executivo conta com pista de 2.470 metros de extens\u00e3o, 6.000 m\u00b2 de hangar e 21.600 m\u00b2 de p\u00e1tios. A companhia trabalha nesse momento na <strong>internacionaliza\u00e7\u00e3o<\/strong> do aeroporto.<\/p>\n<p>&#8220;O modelo de neg\u00f3cios que adotamos \u00e9 similar a solu\u00e7\u00f5es implantadas em cidades como Nova Iorque, Londres e Paris, que, ap\u00f3s desenvolverem aeroportos dedicados exclusivamente a avia\u00e7\u00e3o de neg\u00f3cios, contornaram o gargalo de capacidade dos aeroportos comerciais, mesma dificuldade verificada nos dois principais aeroportos da regi\u00e3o Metropolitana de S\u00e3o Paulo&#8221;, afirmou a <strong>JHSF<\/strong>.<\/p>\n<p><span style=\"font-weight: 400;\">\t<p>\n\t\t<a href=\"https:\/\/lp.suno.com.br\/planilha-de-controle-de-investimentos\/\" target=\"_blank\" data-element=\"shortcode-suno-banner\" title=\"Banner SUNO, clique e saiba mais\">\n\t\t\t<picture>\n\t\t\t\t<source media=\"(max-width: 500px)\" srcset=\"https:\/\/files.sunoresearch.com.br\/n\/uploads\/2023\/03\/400x300-Controle-de-Investimentos.png\">\n\t\t\t\t<img class=\"newsContent__article__imgCapa newsContent__article__imgCapa--banner\"\n\t\t\t\t\tsrc=\"https:\/\/files.sunoresearch.com.br\/n\/uploads\/2023\/03\/1420x240-Controle-de-Investimentos.png\"\n\t\t\t\t\tdata-promo-id=\"75934\"\t\t\t\t\t\t\t\t\t\twidth='1420' height='240'\t\t\t\t\talt=\"https:\/\/files.sunoresearch.com.br\/n\/uploads\/2023\/03\/1420x240-Controle-de-Investimentos.png\"\n\t\t\t\t>\n\t\t\t<\/picture>\n\t\t<\/a>\n\t<\/p>\n\n<\/span><\/p>\n","protected":false},"excerpt":{"rendered":"<p>A JHSF Participa\u00e7\u00f5es (JHSF3) informou que recebeu autoriza\u00e7\u00e3o da Ag\u00eancia Nacional de Avia\u00e7\u00e3o Civil (Anac) para a expans\u00e3o do S\u00e3o Paulo Catarina Aeroporto Executivo. JHSF (JHSF3) amplia presen\u00e7a internacional com aquisi\u00e7\u00e3o de ativo em Miami. Segundo comunicado divulgado pela empresa, a Anac aprovou a implanta\u00e7\u00e3o dos hangares 3, 4 e 5, al\u00e9m da amplia\u00e7\u00e3o dos [&hellip;]<\/p>\n","protected":false},"author":60,"featured_media":24781,"comment_status":"closed","ping_status":"closed","sticky":false,"template":"","format":"standard","meta":[],"categories":[64],"tags":[1013,523],"suno_strategy":[],"class_list":["post-105159","post","type-post","status-publish","format-standard","has-post-thumbnail","hentry","category-negocios","tag-anac","tag-jhsf-jhsf3"],"yoast_head":"<!-- This site is optimized with the Yoast SEO plugin v24.4 - https:\/\/yoast.com\/wordpress\/plugins\/seo\/ -->\n<title>JHSF (JHSF3) recebe autoriza\u00e7\u00e3o para ampliar aeroporto executivo<\/title>\n<meta name=\"description\" content=\"A JHSF Participa\u00e7\u00f5es (JHSF3) recebeu autoriza\u00e7\u00e3o da Anac para a expans\u00e3o do aeroporto executivo S\u00e3o Paulo Catarina. Leia mais aqui.\" \/>\n<meta name=\"robots\" content=\"index, follow, max-snippet:-1, max-image-preview:large, max-video-preview:-1\" \/>\n<link rel=\"canonical\" href=\"https:\/\/www.suno.com.br\/noticias\/jhsf-jhsf3-autorizacao-ampliar-aeroporto\/\" \/>\n<meta property=\"og:locale\" content=\"pt_BR\" \/>\n<meta property=\"og:type\" content=\"article\" \/>\n<meta property=\"og:title\" content=\"JHSF (JHSF3) recebe autoriza\u00e7\u00e3o para ampliar aeroporto executivo\" \/>\n<meta property=\"og:description\" content=\"A JHSF Participa\u00e7\u00f5es (JHSF3) recebeu autoriza\u00e7\u00e3o da Anac para a expans\u00e3o do aeroporto executivo S\u00e3o Paulo Catarina. Leia mais aqui.\" \/>\n<meta property=\"og:url\" content=\"https:\/\/www.suno.com.br\/noticias\/jhsf-jhsf3-autorizacao-ampliar-aeroporto\/\" \/>\n<meta property=\"og:site_name\" content=\"Suno Not\u00edcias\" \/>\n<meta property=\"article:publisher\" content=\"https:\/\/facebook.com\/sunoresearch\" \/>\n<meta property=\"og:image\" content=\"https:\/\/files.sunoresearch.com.br\/n\/uploads\/2019\/05\/ba7bad89-amazon.jpg\" \/>\n\t<meta property=\"og:image:width\" content=\"1100\" \/>\n\t<meta property=\"og:image:height\" content=\"370\" \/>\n\t<meta property=\"og:image:type\" content=\"image\/jpeg\" \/>\n<meta name=\"author\" content=\"Natalia G\u00f3mez\" \/>\n<meta name=\"twitter:card\" content=\"summary_large_image\" \/>\n<meta name=\"twitter:creator\" content=\"@sunoresearch\" \/>\n<meta name=\"twitter:site\" content=\"@sunoresearch\" \/>\n<meta name=\"twitter:label1\" content=\"Escrito por\" \/>\n\t<meta name=\"twitter:data1\" content=\"Natalia G\u00f3mez\" \/>\n\t<meta name=\"twitter:label2\" content=\"Est. tempo de leitura\" \/>\n\t<meta name=\"twitter:data2\" content=\"2 minutos\" \/>\n<script type=\"application\/ld+json\" class=\"yoast-schema-graph\">{\"@context\":\"https:\/\/schema.org\",\"@graph\":[{\"@type\":\"NewsArticle\",\"@id\":\"https:\/\/www.suno.com.br\/noticias\/jhsf-jhsf3-autorizacao-ampliar-aeroporto\/#article\",\"isPartOf\":{\"@id\":\"https:\/\/www.suno.com.br\/noticias\/jhsf-jhsf3-autorizacao-ampliar-aeroporto\/\"},\"author\":{\"name\":\"Natalia G\u00f3mez\",\"@id\":\"https:\/\/www.suno.com.br\/noticias\/#\/schema\/person\/1b24d67c140a42e864ef414497edb164\"},\"headline\":\"JHSF (JHSF3) recebe autoriza\u00e7\u00e3o para ampliar aeroporto executivo\",\"datePublished\":\"2020-12-03T14:52:52+00:00\",\"dateModified\":\"2020-12-03T15:14:24+00:00\",\"mainEntityOfPage\":{\"@id\":\"https:\/\/www.suno.com.br\/noticias\/jhsf-jhsf3-autorizacao-ampliar-aeroporto\/\"},\"wordCount\":481,\"publisher\":{\"@id\":\"https:\/\/www.suno.com.br\/noticias\/#organization\"},\"image\":{\"@id\":\"https:\/\/www.suno.com.br\/noticias\/jhsf-jhsf3-autorizacao-ampliar-aeroporto\/#primaryimage\"},\"thumbnailUrl\":\"https:\/\/files.sunoresearch.com.br\/n\/uploads\/2019\/05\/ba7bad89-amazon-jpg.webp\",\"keywords\":[\"Anac\",\"JHSF (JHSF3)\"],\"articleSection\":[\"Neg\u00f3cios\"],\"inLanguage\":\"pt-BR\"},{\"@type\":\"WebPage\",\"@id\":\"https:\/\/www.suno.com.br\/noticias\/jhsf-jhsf3-autorizacao-ampliar-aeroporto\/\",\"url\":\"https:\/\/www.suno.com.br\/noticias\/jhsf-jhsf3-autorizacao-ampliar-aeroporto\/\",\"name\":\"JHSF (JHSF3) recebe autoriza\u00e7\u00e3o para ampliar aeroporto executivo\",\"isPartOf\":{\"@id\":\"https:\/\/www.suno.com.br\/noticias\/#website\"},\"primaryImageOfPage\":{\"@id\":\"https:\/\/www.suno.com.br\/noticias\/jhsf-jhsf3-autorizacao-ampliar-aeroporto\/#primaryimage\"},\"image\":{\"@id\":\"https:\/\/www.suno.com.br\/noticias\/jhsf-jhsf3-autorizacao-ampliar-aeroporto\/#primaryimage\"},\"thumbnailUrl\":\"https:\/\/files.sunoresearch.com.br\/n\/uploads\/2019\/05\/ba7bad89-amazon-jpg.webp\",\"datePublished\":\"2020-12-03T14:52:52+00:00\",\"dateModified\":\"2020-12-03T15:14:24+00:00\",\"description\":\"A JHSF Participa\u00e7\u00f5es (JHSF3) recebeu autoriza\u00e7\u00e3o da Anac para a expans\u00e3o do aeroporto executivo S\u00e3o Paulo Catarina. Leia mais aqui.\",\"breadcrumb\":{\"@id\":\"https:\/\/www.suno.com.br\/noticias\/jhsf-jhsf3-autorizacao-ampliar-aeroporto\/#breadcrumb\"},\"inLanguage\":\"pt-BR\",\"potentialAction\":[{\"@type\":\"ReadAction\",\"target\":[\"https:\/\/www.suno.com.br\/noticias\/jhsf-jhsf3-autorizacao-ampliar-aeroporto\/\"]}]},{\"@type\":\"ImageObject\",\"inLanguage\":\"pt-BR\",\"@id\":\"https:\/\/www.suno.com.br\/noticias\/jhsf-jhsf3-autorizacao-ampliar-aeroporto\/#primaryimage\",\"url\":\"https:\/\/files.sunoresearch.com.br\/n\/uploads\/2019\/05\/ba7bad89-amazon-jpg.webp\",\"contentUrl\":\"https:\/\/files.sunoresearch.com.br\/n\/uploads\/2019\/05\/ba7bad89-amazon-jpg.webp\",\"width\":1100,\"height\":370,\"caption\":\"JHSF (JHSF3) amplia presen\u00e7a internacional com aquisi\u00e7\u00e3o de ativo em Miami.\"},{\"@type\":\"BreadcrumbList\",\"@id\":\"https:\/\/www.suno.com.br\/noticias\/jhsf-jhsf3-autorizacao-ampliar-aeroporto\/#breadcrumb\",\"itemListElement\":[{\"@type\":\"ListItem\",\"position\":1,\"name\":\"Not\u00edcias\",\"item\":\"https:\/\/www.suno.com.br\/noticias\/\"},{\"@type\":\"ListItem\",\"position\":2,\"name\":\"Neg\u00f3cios\",\"item\":\"https:\/\/www.suno.com.br\/noticias\/negocios\/\"},{\"@type\":\"ListItem\",\"position\":3,\"name\":\"JHSF (JHSF3) recebe autoriza\u00e7\u00e3o para ampliar aeroporto executivo\"}]},{\"@type\":\"WebSite\",\"@id\":\"https:\/\/www.suno.com.br\/noticias\/#website\",\"url\":\"https:\/\/www.suno.com.br\/noticias\/\",\"name\":\"Suno Not\u00edcias\",\"description\":\"Seu portal de informa\u00e7\u00e3o sobre o mundo dos investimentos\",\"publisher\":{\"@id\":\"https:\/\/www.suno.com.br\/noticias\/#organization\"},\"potentialAction\":[{\"@type\":\"SearchAction\",\"target\":{\"@type\":\"EntryPoint\",\"urlTemplate\":\"https:\/\/www.suno.com.br\/noticias\/?s={search_term_string}\"},\"query-input\":{\"@type\":\"PropertyValueSpecification\",\"valueRequired\":true,\"valueName\":\"search_term_string\"}}],\"inLanguage\":\"pt-BR\"},{\"@type\":\"Organization\",\"@id\":\"https:\/\/www.suno.com.br\/noticias\/#organization\",\"name\":\"Suno Not\u00edcias\",\"url\":\"https:\/\/www.suno.com.br\/noticias\/\",\"logo\":{\"@type\":\"ImageObject\",\"inLanguage\":\"pt-BR\",\"@id\":\"https:\/\/www.suno.com.br\/noticias\/#\/schema\/logo\/image\/\",\"url\":\"https:\/\/files.sunoresearch.com.br\/n\/uploads\/2021\/09\/suno-logo.png\",\"contentUrl\":\"https:\/\/files.sunoresearch.com.br\/n\/uploads\/2021\/09\/suno-logo.png\",\"width\":180,\"height\":180,\"caption\":\"Suno Not\u00edcias\"},\"image\":{\"@id\":\"https:\/\/www.suno.com.br\/noticias\/#\/schema\/logo\/image\/\"},\"sameAs\":[\"https:\/\/facebook.com\/sunoresearch\",\"https:\/\/x.com\/sunoresearch\",\"https:\/\/www.instagram.com\/suno\",\"https:\/\/www.linkedin.com\/company\/suno-research\/\",\"https:\/\/www.youtube.com\/c\/sunoresearch\"]},{\"@type\":\"Person\",\"@id\":\"https:\/\/www.suno.com.br\/noticias\/#\/schema\/person\/1b24d67c140a42e864ef414497edb164\",\"name\":\"Natalia G\u00f3mez\",\"image\":{\"@type\":\"ImageObject\",\"inLanguage\":\"pt-BR\",\"@id\":\"https:\/\/www.suno.com.br\/noticias\/#\/schema\/person\/image\/\",\"url\":\"https:\/\/secure.gravatar.com\/avatar\/9e957e0b2b485c2d42c3f4145c16d940?s=96&r=g\",\"contentUrl\":\"https:\/\/secure.gravatar.com\/avatar\/9e957e0b2b485c2d42c3f4145c16d940?s=96&r=g\",\"caption\":\"Natalia G\u00f3mez\"},\"description\":\"Editora do Suno Not\u00edcias desde outubro de 2020, \u00e9 jornalista formada pela PUC-SP, com p\u00f3s-gradua\u00e7\u00e3o em jornalismo liter\u00e1rio. Atua no mercado financeiro desde 2003, quando iniciou a carreira no jornal econ\u00f4mico DCI, cobrindo o setor de alimentos no caderno de Ind\u00fastria. Foi trainee do jornal Valor Econ\u00f4mico, onde atuou no Caderno de Empresas por quase tr\u00eas anos. L\u00e1, cobriu o setor de ind\u00fastria, com foco em siderurgia, embalagens e aeroespacial. Fez coberturas setoriais em viagens para S\u00e3o Jos\u00e9 dos Campos e Franca (SP), al\u00e9m de coberturas internacionais na Alemanha e na Su\u00e9cia. Trabalhou por cinco anos na Ag\u00eancia Estado\/Broadcast, do Grupo Estado, onde foi rep\u00f3rter dos setores de minera\u00e7\u00e3o e siderurgia, alimentos e bebidas e finan\u00e7as. Foi premiada como o pr\u00eamio Destaque de Reportagem da AE em 2007 e 2008. Al\u00e9m de atuar no servi\u00e7o de not\u00edcias em tempo real, fez participa\u00e7\u00f5es no caderno de Economia do jornal Estado de S.Paulo e na R\u00e1dio Eldorado. Ainda no Grupo Estado, foi editora assistente da editoria Empresas e Setores, atuando com edi\u00e7\u00e3o e pauta, al\u00e9m de cobrir mercados diariamente com o cen\u00e1rio de bolsa e fazer reportagens especiais com foco em governan\u00e7a corporativa. Trabalhou tamb\u00e9m como correspondente de finan\u00e7as no servi\u00e7o da Thomson Reuters em portugu\u00eas por quase um ano. Atuou por cerca de oito anos como jornalista independente, contribuindo para ve\u00edculos como UOL Economia, Infomoney e Revista Voc\u00ea SA, al\u00e9m de ter trabalhado em projetos na \u00e1rea de conte\u00fado e comunica\u00e7\u00e3o de institui\u00e7\u00f5es financeiras como Anbima, Banco BS2, Banco Pine, Ita\u00fa BBA e EQI.\",\"url\":\"https:\/\/www.suno.com.br\/noticias\/author\/natalia-gomez\/\"}]}<\/script>\n<!-- \/ Yoast SEO plugin. -->","yoast_head_json":{"title":"JHSF (JHSF3) recebe autoriza\u00e7\u00e3o para ampliar aeroporto executivo","description":"A JHSF Participa\u00e7\u00f5es (JHSF3) recebeu autoriza\u00e7\u00e3o da Anac para a expans\u00e3o do aeroporto executivo S\u00e3o Paulo Catarina. Leia mais aqui.","robots":{"index":"index","follow":"follow","max-snippet":"max-snippet:-1","max-image-preview":"max-image-preview:large","max-video-preview":"max-video-preview:-1"},"canonical":"https:\/\/www.suno.com.br\/noticias\/jhsf-jhsf3-autorizacao-ampliar-aeroporto\/","og_locale":"pt_BR","og_type":"article","og_title":"JHSF (JHSF3) recebe autoriza\u00e7\u00e3o para ampliar aeroporto executivo","og_description":"A JHSF Participa\u00e7\u00f5es (JHSF3) recebeu autoriza\u00e7\u00e3o da Anac para a expans\u00e3o do aeroporto executivo S\u00e3o Paulo Catarina. Leia mais aqui.","og_url":"https:\/\/www.suno.com.br\/noticias\/jhsf-jhsf3-autorizacao-ampliar-aeroporto\/","og_site_name":"Suno Not\u00edcias","article_publisher":"https:\/\/facebook.com\/sunoresearch","og_image":[{"width":1100,"height":370,"url":"https:\/\/files.sunoresearch.com.br\/n\/uploads\/2019\/05\/ba7bad89-amazon.jpg","type":"image\/jpeg"}],"author":"Natalia G\u00f3mez","twitter_card":"summary_large_image","twitter_creator":"@sunoresearch","twitter_site":"@sunoresearch","twitter_misc":{"Escrito por":"Natalia G\u00f3mez","Est. tempo de leitura":"2 minutos"},"schema":{"@context":"https:\/\/schema.org","@graph":[{"@type":"NewsArticle","@id":"https:\/\/www.suno.com.br\/noticias\/jhsf-jhsf3-autorizacao-ampliar-aeroporto\/#article","isPartOf":{"@id":"https:\/\/www.suno.com.br\/noticias\/jhsf-jhsf3-autorizacao-ampliar-aeroporto\/"},"author":{"name":"Natalia G\u00f3mez","@id":"https:\/\/www.suno.com.br\/noticias\/#\/schema\/person\/1b24d67c140a42e864ef414497edb164"},"headline":"JHSF (JHSF3) recebe autoriza\u00e7\u00e3o para ampliar aeroporto executivo","datePublished":"2020-12-03T14:52:52+00:00","dateModified":"2020-12-03T15:14:24+00:00","mainEntityOfPage":{"@id":"https:\/\/www.suno.com.br\/noticias\/jhsf-jhsf3-autorizacao-ampliar-aeroporto\/"},"wordCount":481,"publisher":{"@id":"https:\/\/www.suno.com.br\/noticias\/#organization"},"image":{"@id":"https:\/\/www.suno.com.br\/noticias\/jhsf-jhsf3-autorizacao-ampliar-aeroporto\/#primaryimage"},"thumbnailUrl":"https:\/\/files.sunoresearch.com.br\/n\/uploads\/2019\/05\/ba7bad89-amazon-jpg.webp","keywords":["Anac","JHSF (JHSF3)"],"articleSection":["Neg\u00f3cios"],"inLanguage":"pt-BR"},{"@type":"WebPage","@id":"https:\/\/www.suno.com.br\/noticias\/jhsf-jhsf3-autorizacao-ampliar-aeroporto\/","url":"https:\/\/www.suno.com.br\/noticias\/jhsf-jhsf3-autorizacao-ampliar-aeroporto\/","name":"JHSF (JHSF3) recebe autoriza\u00e7\u00e3o para ampliar aeroporto executivo","isPartOf":{"@id":"https:\/\/www.suno.com.br\/noticias\/#website"},"primaryImageOfPage":{"@id":"https:\/\/www.suno.com.br\/noticias\/jhsf-jhsf3-autorizacao-ampliar-aeroporto\/#primaryimage"},"image":{"@id":"https:\/\/www.suno.com.br\/noticias\/jhsf-jhsf3-autorizacao-ampliar-aeroporto\/#primaryimage"},"thumbnailUrl":"https:\/\/files.sunoresearch.com.br\/n\/uploads\/2019\/05\/ba7bad89-amazon-jpg.webp","datePublished":"2020-12-03T14:52:52+00:00","dateModified":"2020-12-03T15:14:24+00:00","description":"A JHSF Participa\u00e7\u00f5es (JHSF3) recebeu autoriza\u00e7\u00e3o da Anac para a expans\u00e3o do aeroporto executivo S\u00e3o Paulo Catarina. Leia mais aqui.","breadcrumb":{"@id":"https:\/\/www.suno.com.br\/noticias\/jhsf-jhsf3-autorizacao-ampliar-aeroporto\/#breadcrumb"},"inLanguage":"pt-BR","potentialAction":[{"@type":"ReadAction","target":["https:\/\/www.suno.com.br\/noticias\/jhsf-jhsf3-autorizacao-ampliar-aeroporto\/"]}]},{"@type":"ImageObject","inLanguage":"pt-BR","@id":"https:\/\/www.suno.com.br\/noticias\/jhsf-jhsf3-autorizacao-ampliar-aeroporto\/#primaryimage","url":"https:\/\/files.sunoresearch.com.br\/n\/uploads\/2019\/05\/ba7bad89-amazon-jpg.webp","contentUrl":"https:\/\/files.sunoresearch.com.br\/n\/uploads\/2019\/05\/ba7bad89-amazon-jpg.webp","width":1100,"height":370,"caption":"JHSF (JHSF3) amplia presen\u00e7a internacional com aquisi\u00e7\u00e3o de ativo em Miami."},{"@type":"BreadcrumbList","@id":"https:\/\/www.suno.com.br\/noticias\/jhsf-jhsf3-autorizacao-ampliar-aeroporto\/#breadcrumb","itemListElement":[{"@type":"ListItem","position":1,"name":"Not\u00edcias","item":"https:\/\/www.suno.com.br\/noticias\/"},{"@type":"ListItem","position":2,"name":"Neg\u00f3cios","item":"https:\/\/www.suno.com.br\/noticias\/negocios\/"},{"@type":"ListItem","position":3,"name":"JHSF (JHSF3) recebe autoriza\u00e7\u00e3o para ampliar aeroporto executivo"}]},{"@type":"WebSite","@id":"https:\/\/www.suno.com.br\/noticias\/#website","url":"https:\/\/www.suno.com.br\/noticias\/","name":"Suno Not\u00edcias","description":"Seu portal de informa\u00e7\u00e3o sobre o mundo dos investimentos","publisher":{"@id":"https:\/\/www.suno.com.br\/noticias\/#organization"},"potentialAction":[{"@type":"SearchAction","target":{"@type":"EntryPoint","urlTemplate":"https:\/\/www.suno.com.br\/noticias\/?s={search_term_string}"},"query-input":{"@type":"PropertyValueSpecification","valueRequired":true,"valueName":"search_term_string"}}],"inLanguage":"pt-BR"},{"@type":"Organization","@id":"https:\/\/www.suno.com.br\/noticias\/#organization","name":"Suno Not\u00edcias","url":"https:\/\/www.suno.com.br\/noticias\/","logo":{"@type":"ImageObject","inLanguage":"pt-BR","@id":"https:\/\/www.suno.com.br\/noticias\/#\/schema\/logo\/image\/","url":"https:\/\/files.sunoresearch.com.br\/n\/uploads\/2021\/09\/suno-logo.png","contentUrl":"https:\/\/files.sunoresearch.com.br\/n\/uploads\/2021\/09\/suno-logo.png","width":180,"height":180,"caption":"Suno Not\u00edcias"},"image":{"@id":"https:\/\/www.suno.com.br\/noticias\/#\/schema\/logo\/image\/"},"sameAs":["https:\/\/facebook.com\/sunoresearch","https:\/\/x.com\/sunoresearch","https:\/\/www.instagram.com\/suno","https:\/\/www.linkedin.com\/company\/suno-research\/","https:\/\/www.youtube.com\/c\/sunoresearch"]},{"@type":"Person","@id":"https:\/\/www.suno.com.br\/noticias\/#\/schema\/person\/1b24d67c140a42e864ef414497edb164","name":"Natalia G\u00f3mez","image":{"@type":"ImageObject","inLanguage":"pt-BR","@id":"https:\/\/www.suno.com.br\/noticias\/#\/schema\/person\/image\/","url":"https:\/\/secure.gravatar.com\/avatar\/9e957e0b2b485c2d42c3f4145c16d940?s=96&r=g","contentUrl":"https:\/\/secure.gravatar.com\/avatar\/9e957e0b2b485c2d42c3f4145c16d940?s=96&r=g","caption":"Natalia G\u00f3mez"},"description":"Editora do Suno Not\u00edcias desde outubro de 2020, \u00e9 jornalista formada pela PUC-SP, com p\u00f3s-gradua\u00e7\u00e3o em jornalismo liter\u00e1rio. Atua no mercado financeiro desde 2003, quando iniciou a carreira no jornal econ\u00f4mico DCI, cobrindo o setor de alimentos no caderno de Ind\u00fastria. Foi trainee do jornal Valor Econ\u00f4mico, onde atuou no Caderno de Empresas por quase tr\u00eas anos. L\u00e1, cobriu o setor de ind\u00fastria, com foco em siderurgia, embalagens e aeroespacial. Fez coberturas setoriais em viagens para S\u00e3o Jos\u00e9 dos Campos e Franca (SP), al\u00e9m de coberturas internacionais na Alemanha e na Su\u00e9cia. Trabalhou por cinco anos na Ag\u00eancia Estado\/Broadcast, do Grupo Estado, onde foi rep\u00f3rter dos setores de minera\u00e7\u00e3o e siderurgia, alimentos e bebidas e finan\u00e7as. Foi premiada como o pr\u00eamio Destaque de Reportagem da AE em 2007 e 2008. Al\u00e9m de atuar no servi\u00e7o de not\u00edcias em tempo real, fez participa\u00e7\u00f5es no caderno de Economia do jornal Estado de S.Paulo e na R\u00e1dio Eldorado. Ainda no Grupo Estado, foi editora assistente da editoria Empresas e Setores, atuando com edi\u00e7\u00e3o e pauta, al\u00e9m de cobrir mercados diariamente com o cen\u00e1rio de bolsa e fazer reportagens especiais com foco em governan\u00e7a corporativa. Trabalhou tamb\u00e9m como correspondente de finan\u00e7as no servi\u00e7o da Thomson Reuters em portugu\u00eas por quase um ano. Atuou por cerca de oito anos como jornalista independente, contribuindo para ve\u00edculos como UOL Economia, Infomoney e Revista Voc\u00ea SA, al\u00e9m de ter trabalhado em projetos na \u00e1rea de conte\u00fado e comunica\u00e7\u00e3o de institui\u00e7\u00f5es financeiras como Anbima, Banco BS2, Banco Pine, Ita\u00fa BBA e EQI.","url":"https:\/\/www.suno.com.br\/noticias\/author\/natalia-gomez\/"}]}},"default_loop_html":"<div class=\"cardsPage__listCard__boxs\"><div class=\"cardsPage__listCard__boxs__img\"><a href=\"https:\/\/www.suno.com.br\/noticias\/jhsf-jhsf3-autorizacao-ampliar-aeroporto\/\"><img class=\"mask\" src=\"https:\/\/www.suno.com.br\/noticias\/wp-content\/themes\/suno\/resources\/images\/spotlight\/spotlight1img\/bg-mask.png\" alt=\"Image Mask\"\/><img src=\"https:\/\/files.sunoresearch.com.br\/n\/uploads\/2019\/05\/ba7bad89-amazon-400x200.webp\" alt=\"JHSF (JHSF3) recebe autoriza\u00e7\u00e3o para ampliar aeroporto executivo\"\/><\/a><span class=\"spotlightCategory\"><a href=\"https:\/\/www.suno.com.br\/noticias\/negocios\/\">Neg\u00f3cios<\/a><\/span><\/div><div class=\"cardsPage__listCard__boxs__content\"><a href=\"https:\/\/www.suno.com.br\/noticias\/jhsf-jhsf3-autorizacao-ampliar-aeroporto\/\"><h2 class=\"content__title\">JHSF (JHSF3) recebe autoriza\u00e7\u00e3o para ampliar aeroporto executivo<\/h2><\/a><div class=\"newsContent__article__meta\"><div class=\"newsContent__article__meta__authorBox\"><a href=\"https:\/\/www.suno.com.br\/noticias\/author\/natalia-gomez\/\" class=\"authorBox__avatar noMobi\"><img src=\"https:\/\/secure.gravatar.com\/avatar\/9e957e0b2b485c2d42c3f4145c16d940?s=96&#038;r=g\" alt=\"Natalia G\u00f3mez\"><\/a><div class=\"authorBox__name\"><span>por\n\t\t\t<a href=\"https:\/\/www.suno.com.br\/noticias\/author\/natalia-gomez\/\"><span itemprop=\"author\">Natalia G\u00f3mez<\/span><\/a><\/span><time datetime=\"2020-12-03T11:52:52-03:00\" itemprop=\"datePublished\">03\/12\/2020 11:52<\/time><\/div><\/div><\/div><\/div><\/div>","single_layout":"posts","amp_enabled":true,"_links":{"self":[{"href":"https:\/\/www.suno.com.br\/noticias\/wp-json\/wp\/v2\/posts\/105159"}],"collection":[{"href":"https:\/\/www.suno.com.br\/noticias\/wp-json\/wp\/v2\/posts"}],"about":[{"href":"https:\/\/www.suno.com.br\/noticias\/wp-json\/wp\/v2\/types\/post"}],"author":[{"embeddable":true,"href":"https:\/\/www.suno.com.br\/noticias\/wp-json\/wp\/v2\/users\/60"}],"replies":[{"embeddable":true,"href":"https:\/\/www.suno.com.br\/noticias\/wp-json\/wp\/v2\/comments?post=105159"}],"version-history":[{"count":0,"href":"https:\/\/www.suno.com.br\/noticias\/wp-json\/wp\/v2\/posts\/105159\/revisions"}],"wp:featuredmedia":[{"embeddable":true,"href":"https:\/\/www.suno.com.br\/noticias\/wp-json\/wp\/v2\/media\/24781"}],"wp:attachment":[{"href":"https:\/\/www.suno.com.br\/noticias\/wp-json\/wp\/v2\/media?parent=105159"}],"wp:term":[{"taxonomy":"category","embeddable":true,"href":"https:\/\/www.suno.com.br\/noticias\/wp-json\/wp\/v2\/categories?post=105159"},{"taxonomy":"post_tag","embeddable":true,"href":"https:\/\/www.suno.com.br\/noticias\/wp-json\/wp\/v2\/tags?post=105159"},{"taxonomy":"suno_strategy","embeddable":true,"href":"https:\/\/www.suno.com.br\/noticias\/wp-json\/wp\/v2\/suno_strategy?post=105159"}],"curies":[{"name":"wp","href":"https:\/\/api.w.org\/{rel}","templated":true}]}}