{"id":105039,"date":"2020-12-02T20:14:21","date_gmt":"2020-12-02T23:14:21","guid":{"rendered":"https:\/\/www.suno.com.br\/noticias\/?p=105039"},"modified":"2020-12-02T20:14:21","modified_gmt":"2020-12-02T23:14:21","slug":"aes-tiete-tiet11-aquisicao-ventus","status":"publish","type":"post","link":"https:\/\/www.suno.com.br\/noticias\/aes-tiete-tiet11-aquisicao-ventus\/","title":{"rendered":"AES Tiet\u00ea (TIET11) conclui aquisi\u00e7\u00e3o do complexo e\u00f3lico Ventus"},"content":{"rendered":"<p>A <a href=\"https:\/\/www.suno.com.br\/acoes\/tiet11\/\"><strong>AES Tiet\u00ea<\/strong> (TIET11)<\/a>\u00a0 informou nesta quarta-feira (2) que concluiu a aquisi\u00e7\u00e3o do complexo e\u00f3lico Ventus, junto \u00e0 J. Malucelli Energia. O valor da aquisi\u00e7\u00e3o foi de R$ 650 milh\u00f5es.<\/p>\t<div class=\"wrapper-featured-image\">\n\t\t<figure class=\"spotlightImg\">\n\n\t\t\t<picture>\n\t\t\t\t<source media=\"(max-width: 768px)\" srcset=\"https:\/\/files.sunoresearch.com.br\/n\/uploads\/2020\/12\/c3f52790-aes-400x200.webp\">\n\t\t\t\t<img loading=\"lazy\" decoding=\"async\" class=\"newsContent__article__imgCapa lazyloadDisabled \" src=\"https:\/\/files.sunoresearch.com.br\/n\/uploads\/2020\/12\/c3f52790-aes-800x450.webp\" width=\"800\" height=\"450\" alt=\"AES Tiet\u00ea (TIET11) conclui aquisi\u00e7\u00e3o do complexo e\u00f3lico Ventus\" fetchpriority=high \/>\n\t\t\t<\/picture>\n\n\t\t\t<figcaption class=\"wp-caption-text wp-caption-text--show\">A a\u00e7\u00e3o da AES Tiet\u00ea (TIET11) fechou o preg\u00e3o desta quarta-feira em alta de 0,31%, valendo R$ 16,01<\/figcaption>\n\t\t<\/figure>\n\t<\/div>\n\n\n\t<p>\n\t\t<a href=\"https:\/\/lp.suno.com.br\/planilha-controle-gastos\/\" target=\"_blank\" data-element=\"shortcode-suno-banner\" title=\"Banner SUNO, clique e saiba mais\">\n\t\t\t<picture>\n\t\t\t\t<source media=\"(max-width: 500px)\" srcset=\"https:\/\/files.sunoresearch.com.br\/n\/uploads\/2023\/03\/400x300-Planilha-controle-de-gastos.png\">\n\t\t\t\t<img class=\"newsContent__article__imgCapa newsContent__article__imgCapa--banner\"\n\t\t\t\t\tsrc=\"https:\/\/files.sunoresearch.com.br\/n\/uploads\/2023\/03\/1420x240-Planilha-controle-de-gastos.png\"\n\t\t\t\t\tdata-promo-id=\"101751\"\t\t\t\t\t\t\t\t\t\twidth='1420' height='240'\t\t\t\t\talt=\"https:\/\/files.sunoresearch.com.br\/n\/uploads\/2023\/03\/1420x240-Planilha-controle-de-gastos.png\"\n\t\t\t\t>\n\t\t\t<\/picture>\n\t\t<\/a>\n\t<\/p>\n\n\n<p>A AES Tiet\u00ea anunciou a opera\u00e7\u00e3o em meados de agosto. Al\u00e9m disso, fazem parte do <strong>Complexo E\u00f3lico Ventus,<\/strong> os parques Brasventos Eolo (antigo Rei dos Ventos 1), Rei dos Ventos 3 e Miassaba 3.<\/p>\n<p>Al\u00e9m disso, a companhia salientou que o pre\u00e7o de aquisi\u00e7\u00e3o total \u00e9 composto por R$ 449 milh\u00f5es, pagos 51% hoje e 49% ap\u00f3s 5 meses, sem atualiza\u00e7\u00e3o monet\u00e1ria,\u00a0 e por R$ 183 milh\u00f5es, correspondentes \u00e0 assun\u00e7\u00e3o de d\u00edvida do projeto, de acordo com o saldo apurado ao final de outubro.<\/p>\n\t<p>\n\t\t<a href=\"https:\/\/lp.suno.com.br\/planilha-controle-gastos\/\" target=\"_blank\" data-element=\"shortcode-suno-banner\" title=\"Banner SUNO, clique e saiba mais\">\n\t\t\t<picture>\n\t\t\t\t<source media=\"(max-width: 500px)\" srcset=\"https:\/\/files.sunoresearch.com.br\/n\/uploads\/2023\/03\/400x300-Planilha-controle-de-gastos.png\">\n\t\t\t\t<img class=\"newsContent__article__imgCapa newsContent__article__imgCapa--banner\"\n\t\t\t\t\tsrc=\"https:\/\/files.sunoresearch.com.br\/n\/uploads\/2023\/03\/1420x240-Planilha-controle-de-gastos.png\"\n\t\t\t\t\tdata-promo-id=\"101751\"\t\t\t\t\t\t\t\t\t\twidth='1420' height='240'\t\t\t\t\talt=\"https:\/\/files.sunoresearch.com.br\/n\/uploads\/2023\/03\/1420x240-Planilha-controle-de-gastos.png\"\n\t\t\t\t>\n\t\t\t<\/picture>\n\t\t<\/a>\n\t<\/p>\n\n\n<p>Segundo o documento, &#8220;o projeto localiza-se em uma das regi\u00f5es mais privilegiadas em termos de recurso e\u00f3lico do Pa\u00eds, no estado do<strong> Rio Grande do Norte,<\/strong> costa da regi\u00e3o Nordeste&#8221;.<\/p>\n<p>A companhia ainda ressaltou que o projeto est\u00e1 alinhado \u00e0 sua estrat\u00e9gia de crescimento e diversifica\u00e7\u00e3o.<\/p>\n<h2>AES Tiet\u00ea prev\u00ea receber mais de R$ 636 mi de indeniza\u00e7\u00e3o por risco hidrol\u00f3gico<\/h2>\n<p>A AES Tiet\u00ea tamb\u00e9m informou ao mercado nesta quarta-feira que &#8220;embora n\u00e3o se saiba ainda o valor exato a ser ressarcido&#8221; projeta receber um montante final superior a R$ 636 milh\u00f5es de indeniza\u00e7\u00e3o da C\u00e2mara de Comercializa\u00e7\u00e3o de Energia El\u00e9trica (CCEE) devido \u00e0 aprova\u00e7\u00e3o de novas condi\u00e7\u00f5es para a repactua\u00e7\u00e3o do risco hidrol\u00f3gico de energia el\u00e9trica (GSF) pela Ag\u00eancia Nacional de Energia El\u00e9trica (Aneel).<\/p>\n<p>Diante disso, a CCEE ter\u00e1 at\u00e9 90 dias contados a partir desta quarta-feira para calcular os n\u00fameros finais da indeniza\u00e7\u00e3o conforme par\u00e2metros estabelecidos, os quais dever\u00e3o ser publicados pela Aneel em at\u00e9 30 dias subsequentes, segundo o documento publicado pela AES Tiet\u00ea.<\/p>\n\t<div data-element=\"shortcode-read-more\" class=\"knowMore\">\n\t\t\t\t<span class=\"knowMore__title\">Veja tamb\u00e9m<\/span>\n\t\t\t\t<a class=\"knowMore__link\" href=\"https:\/\/www.suno.com.br\/noticias\/aes-tiete-tiet11-lucro-liquido-cai-terceiro-trimestre-2020\/\">\n\t\t\tAES Tiet\u00ea (TIET11) tem lucro l\u00edquido de R$ 51,1 milh\u00f5es no terceiro trimestre, queda de 47,3%\t\t<\/a>\n\t<\/div>\n\n\n<p>Ap\u00f3s a publica\u00e7\u00e3o dos c\u00e1lculos finais, a companhia avaliar\u00e1 as condi\u00e7\u00f5es para definir, em at\u00e9 60 dias, se aderir\u00e1 aos termos do acordo proposto pela resolu\u00e7\u00e3o e, consequentemente, desistir\u00e1 da a\u00e7\u00e3o judicial que suspende a liquida\u00e7\u00e3o do <strong>GSF<\/strong> referente ao per\u00edodo entre 2015 e fevereiro de 2018.<\/p>\n<h2>\u00daltima cota\u00e7\u00e3o<\/h2>\n<p>A a\u00e7\u00e3o da <strong>AES Tiet\u00ea (TIET11)<\/strong> fechou o preg\u00e3o desta quarta-feira em alta de 0,31%, valendo R$ 16,01.<\/p>\n<p><em>Com informa\u00e7\u00f5es do Estad\u00e3o Conte\u00fado.<\/em><\/p>\n\t<p>\n\t\t<a href=\"https:\/\/lp.suno.com.br\/planilha-de-controle-de-investimentos\/\" target=\"_blank\" data-element=\"shortcode-suno-banner\" title=\"Banner SUNO, clique e saiba mais\">\n\t\t\t<picture>\n\t\t\t\t<source media=\"(max-width: 500px)\" srcset=\"https:\/\/files.sunoresearch.com.br\/n\/uploads\/2023\/03\/400x300-Controle-de-Investimentos.png\">\n\t\t\t\t<img class=\"newsContent__article__imgCapa newsContent__article__imgCapa--banner\"\n\t\t\t\t\tsrc=\"https:\/\/files.sunoresearch.com.br\/n\/uploads\/2023\/03\/1420x240-Controle-de-Investimentos.png\"\n\t\t\t\t\tdata-promo-id=\"75934\"\t\t\t\t\t\t\t\t\t\twidth='1420' height='240'\t\t\t\t\talt=\"https:\/\/files.sunoresearch.com.br\/n\/uploads\/2023\/03\/1420x240-Controle-de-Investimentos.png\"\n\t\t\t\t>\n\t\t\t<\/picture>\n\t\t<\/a>\n\t<\/p>\n\n\n","protected":false},"excerpt":{"rendered":"<p>A AES Tiet\u00ea (TIET11)\u00a0 informou nesta quarta-feira (2) que concluiu a aquisi\u00e7\u00e3o do complexo e\u00f3lico Ventus, junto \u00e0 J. Malucelli Energia. O valor da aquisi\u00e7\u00e3o foi de R$ 650 milh\u00f5es. A a\u00e7\u00e3o da AES Tiet\u00ea (TIET11) fechou o preg\u00e3o desta quarta-feira em alta de 0,31%, valendo R$ 16,01 A AES Tiet\u00ea anunciou a opera\u00e7\u00e3o em [&hellip;]<\/p>\n","protected":false},"author":39,"featured_media":105061,"comment_status":"closed","ping_status":"closed","sticky":false,"template":"","format":"standard","meta":[],"categories":[64],"tags":[347,1135],"suno_strategy":[],"class_list":["post-105039","post","type-post","status-publish","format-standard","has-post-thumbnail","hentry","category-negocios","tag-aes-tiete-tiet3-tiet4-tiet11","tag-energia-eolica"],"yoast_head":"<!-- This site is optimized with the Yoast SEO plugin v24.4 - https:\/\/yoast.com\/wordpress\/plugins\/seo\/ -->\n<title>AES Tiet\u00ea (TIET11) conclui aquisi\u00e7\u00e3o do complexo e\u00f3lico Ventus<\/title>\n<meta name=\"description\" content=\"A AES Tiet\u00ea (TIET11)\u00a0concluiu a aquisi\u00e7\u00e3o do complexo e\u00f3lico Ventus, junto \u00e0 J. Malucelli Energia por R$ 650 milh\u00f5es. Clique aqui e saiba mais\" \/>\n<meta name=\"robots\" content=\"index, follow, max-snippet:-1, max-image-preview:large, max-video-preview:-1\" \/>\n<link rel=\"canonical\" href=\"https:\/\/www.suno.com.br\/noticias\/aes-tiete-tiet11-aquisicao-ventus\/\" \/>\n<meta property=\"og:locale\" content=\"pt_BR\" \/>\n<meta property=\"og:type\" content=\"article\" \/>\n<meta property=\"og:title\" content=\"AES Tiet\u00ea (TIET11) conclui aquisi\u00e7\u00e3o do complexo e\u00f3lico Ventus\" \/>\n<meta property=\"og:description\" content=\"A AES Tiet\u00ea (TIET11)\u00a0concluiu a aquisi\u00e7\u00e3o do complexo e\u00f3lico Ventus, junto \u00e0 J. Malucelli Energia por R$ 650 milh\u00f5es. Clique aqui e saiba mais\" \/>\n<meta property=\"og:url\" content=\"https:\/\/www.suno.com.br\/noticias\/aes-tiete-tiet11-aquisicao-ventus\/\" \/>\n<meta property=\"og:site_name\" content=\"Suno Not\u00edcias\" \/>\n<meta property=\"article:publisher\" content=\"https:\/\/facebook.com\/sunoresearch\" \/>\n<meta property=\"og:image\" content=\"https:\/\/files.sunoresearch.com.br\/n\/uploads\/2020\/12\/c3f52790-aes.jpg\" \/>\n\t<meta property=\"og:image:width\" content=\"1380\" \/>\n\t<meta property=\"og:image:height\" content=\"920\" \/>\n\t<meta property=\"og:image:type\" content=\"image\/jpeg\" \/>\n<meta name=\"author\" content=\"Laura Moutinho\" \/>\n<meta name=\"twitter:card\" content=\"summary_large_image\" \/>\n<meta name=\"twitter:creator\" content=\"@sunoresearch\" \/>\n<meta name=\"twitter:site\" content=\"@sunoresearch\" \/>\n<meta name=\"twitter:label1\" content=\"Escrito por\" \/>\n\t<meta name=\"twitter:data1\" content=\"Laura Moutinho\" \/>\n\t<meta name=\"twitter:label2\" content=\"Est. tempo de leitura\" \/>\n\t<meta name=\"twitter:data2\" content=\"2 minutos\" \/>\n<script type=\"application\/ld+json\" class=\"yoast-schema-graph\">{\"@context\":\"https:\/\/schema.org\",\"@graph\":[{\"@type\":\"NewsArticle\",\"@id\":\"https:\/\/www.suno.com.br\/noticias\/aes-tiete-tiet11-aquisicao-ventus\/#article\",\"isPartOf\":{\"@id\":\"https:\/\/www.suno.com.br\/noticias\/aes-tiete-tiet11-aquisicao-ventus\/\"},\"author\":{\"name\":\"Laura Moutinho\",\"@id\":\"https:\/\/www.suno.com.br\/noticias\/#\/schema\/person\/3df0d2808748b74496efe5dbeaef2c72\"},\"headline\":\"AES Tiet\u00ea (TIET11) conclui aquisi\u00e7\u00e3o do complexo e\u00f3lico Ventus\",\"datePublished\":\"2020-12-02T23:14:21+00:00\",\"mainEntityOfPage\":{\"@id\":\"https:\/\/www.suno.com.br\/noticias\/aes-tiete-tiet11-aquisicao-ventus\/\"},\"wordCount\":413,\"publisher\":{\"@id\":\"https:\/\/www.suno.com.br\/noticias\/#organization\"},\"image\":{\"@id\":\"https:\/\/www.suno.com.br\/noticias\/aes-tiete-tiet11-aquisicao-ventus\/#primaryimage\"},\"thumbnailUrl\":\"https:\/\/files.sunoresearch.com.br\/n\/uploads\/2020\/12\/c3f52790-aes-jpg.webp\",\"keywords\":[\"AES Tiet\u00ea (TIET3\/TIET4\/TIET11)\",\"energia e\u00f3lica\"],\"articleSection\":[\"Neg\u00f3cios\"],\"inLanguage\":\"pt-BR\"},{\"@type\":\"WebPage\",\"@id\":\"https:\/\/www.suno.com.br\/noticias\/aes-tiete-tiet11-aquisicao-ventus\/\",\"url\":\"https:\/\/www.suno.com.br\/noticias\/aes-tiete-tiet11-aquisicao-ventus\/\",\"name\":\"AES Tiet\u00ea (TIET11) conclui aquisi\u00e7\u00e3o do complexo e\u00f3lico Ventus\",\"isPartOf\":{\"@id\":\"https:\/\/www.suno.com.br\/noticias\/#website\"},\"primaryImageOfPage\":{\"@id\":\"https:\/\/www.suno.com.br\/noticias\/aes-tiete-tiet11-aquisicao-ventus\/#primaryimage\"},\"image\":{\"@id\":\"https:\/\/www.suno.com.br\/noticias\/aes-tiete-tiet11-aquisicao-ventus\/#primaryimage\"},\"thumbnailUrl\":\"https:\/\/files.sunoresearch.com.br\/n\/uploads\/2020\/12\/c3f52790-aes-jpg.webp\",\"datePublished\":\"2020-12-02T23:14:21+00:00\",\"description\":\"A AES Tiet\u00ea (TIET11)\u00a0concluiu a aquisi\u00e7\u00e3o do complexo e\u00f3lico Ventus, junto \u00e0 J. Malucelli Energia por R$ 650 milh\u00f5es. Clique aqui e saiba mais\",\"breadcrumb\":{\"@id\":\"https:\/\/www.suno.com.br\/noticias\/aes-tiete-tiet11-aquisicao-ventus\/#breadcrumb\"},\"inLanguage\":\"pt-BR\",\"potentialAction\":[{\"@type\":\"ReadAction\",\"target\":[\"https:\/\/www.suno.com.br\/noticias\/aes-tiete-tiet11-aquisicao-ventus\/\"]}]},{\"@type\":\"ImageObject\",\"inLanguage\":\"pt-BR\",\"@id\":\"https:\/\/www.suno.com.br\/noticias\/aes-tiete-tiet11-aquisicao-ventus\/#primaryimage\",\"url\":\"https:\/\/files.sunoresearch.com.br\/n\/uploads\/2020\/12\/c3f52790-aes-jpg.webp\",\"contentUrl\":\"https:\/\/files.sunoresearch.com.br\/n\/uploads\/2020\/12\/c3f52790-aes-jpg.webp\",\"width\":1380,\"height\":920,\"caption\":\"A a\u00e7\u00e3o da AES Tiet\u00ea (TIET11) fechou o preg\u00e3o desta quarta-feira em alta de 0,31%, valendo R$ 16,01\"},{\"@type\":\"BreadcrumbList\",\"@id\":\"https:\/\/www.suno.com.br\/noticias\/aes-tiete-tiet11-aquisicao-ventus\/#breadcrumb\",\"itemListElement\":[{\"@type\":\"ListItem\",\"position\":1,\"name\":\"Not\u00edcias\",\"item\":\"https:\/\/www.suno.com.br\/noticias\/\"},{\"@type\":\"ListItem\",\"position\":2,\"name\":\"Neg\u00f3cios\",\"item\":\"https:\/\/www.suno.com.br\/noticias\/negocios\/\"},{\"@type\":\"ListItem\",\"position\":3,\"name\":\"AES Tiet\u00ea (TIET11) conclui aquisi\u00e7\u00e3o do complexo e\u00f3lico Ventus\"}]},{\"@type\":\"WebSite\",\"@id\":\"https:\/\/www.suno.com.br\/noticias\/#website\",\"url\":\"https:\/\/www.suno.com.br\/noticias\/\",\"name\":\"Suno Not\u00edcias\",\"description\":\"Seu portal de informa\u00e7\u00e3o sobre o mundo dos investimentos\",\"publisher\":{\"@id\":\"https:\/\/www.suno.com.br\/noticias\/#organization\"},\"potentialAction\":[{\"@type\":\"SearchAction\",\"target\":{\"@type\":\"EntryPoint\",\"urlTemplate\":\"https:\/\/www.suno.com.br\/noticias\/?s={search_term_string}\"},\"query-input\":{\"@type\":\"PropertyValueSpecification\",\"valueRequired\":true,\"valueName\":\"search_term_string\"}}],\"inLanguage\":\"pt-BR\"},{\"@type\":\"Organization\",\"@id\":\"https:\/\/www.suno.com.br\/noticias\/#organization\",\"name\":\"Suno Not\u00edcias\",\"url\":\"https:\/\/www.suno.com.br\/noticias\/\",\"logo\":{\"@type\":\"ImageObject\",\"inLanguage\":\"pt-BR\",\"@id\":\"https:\/\/www.suno.com.br\/noticias\/#\/schema\/logo\/image\/\",\"url\":\"https:\/\/files.sunoresearch.com.br\/n\/uploads\/2021\/09\/suno-logo.png\",\"contentUrl\":\"https:\/\/files.sunoresearch.com.br\/n\/uploads\/2021\/09\/suno-logo.png\",\"width\":180,\"height\":180,\"caption\":\"Suno Not\u00edcias\"},\"image\":{\"@id\":\"https:\/\/www.suno.com.br\/noticias\/#\/schema\/logo\/image\/\"},\"sameAs\":[\"https:\/\/facebook.com\/sunoresearch\",\"https:\/\/x.com\/sunoresearch\",\"https:\/\/www.instagram.com\/suno\",\"https:\/\/www.linkedin.com\/company\/suno-research\/\",\"https:\/\/www.youtube.com\/c\/sunoresearch\"]},{\"@type\":\"Person\",\"@id\":\"https:\/\/www.suno.com.br\/noticias\/#\/schema\/person\/3df0d2808748b74496efe5dbeaef2c72\",\"name\":\"Laura Moutinho\",\"image\":{\"@type\":\"ImageObject\",\"inLanguage\":\"pt-BR\",\"@id\":\"https:\/\/www.suno.com.br\/noticias\/#\/schema\/person\/image\/\",\"url\":\"https:\/\/secure.gravatar.com\/avatar\/7571c7c8ca3a6fca5e41384ece5557ff?s=96&r=g\",\"contentUrl\":\"https:\/\/secure.gravatar.com\/avatar\/7571c7c8ca3a6fca5e41384ece5557ff?s=96&r=g\",\"caption\":\"Laura Moutinho\"},\"description\":\"Estagi\u00e1ria na Suno Not\u00edcias, escreve not\u00edcias que afetam o mercado financeiro. Estuda administra\u00e7\u00e3o na Universidade Presbiteriana Mackenzie.\",\"url\":\"https:\/\/www.suno.com.br\/noticias\/author\/laura-moutinho\/\"}]}<\/script>\n<!-- \/ Yoast SEO plugin. -->","yoast_head_json":{"title":"AES Tiet\u00ea (TIET11) conclui aquisi\u00e7\u00e3o do complexo e\u00f3lico Ventus","description":"A AES Tiet\u00ea (TIET11)\u00a0concluiu a aquisi\u00e7\u00e3o do complexo e\u00f3lico Ventus, junto \u00e0 J. Malucelli Energia por R$ 650 milh\u00f5es. Clique aqui e saiba mais","robots":{"index":"index","follow":"follow","max-snippet":"max-snippet:-1","max-image-preview":"max-image-preview:large","max-video-preview":"max-video-preview:-1"},"canonical":"https:\/\/www.suno.com.br\/noticias\/aes-tiete-tiet11-aquisicao-ventus\/","og_locale":"pt_BR","og_type":"article","og_title":"AES Tiet\u00ea (TIET11) conclui aquisi\u00e7\u00e3o do complexo e\u00f3lico Ventus","og_description":"A AES Tiet\u00ea (TIET11)\u00a0concluiu a aquisi\u00e7\u00e3o do complexo e\u00f3lico Ventus, junto \u00e0 J. Malucelli Energia por R$ 650 milh\u00f5es. Clique aqui e saiba mais","og_url":"https:\/\/www.suno.com.br\/noticias\/aes-tiete-tiet11-aquisicao-ventus\/","og_site_name":"Suno Not\u00edcias","article_publisher":"https:\/\/facebook.com\/sunoresearch","og_image":[{"width":1380,"height":920,"url":"https:\/\/files.sunoresearch.com.br\/n\/uploads\/2020\/12\/c3f52790-aes.jpg","type":"image\/jpeg"}],"author":"Laura Moutinho","twitter_card":"summary_large_image","twitter_creator":"@sunoresearch","twitter_site":"@sunoresearch","twitter_misc":{"Escrito por":"Laura Moutinho","Est. tempo de leitura":"2 minutos"},"schema":{"@context":"https:\/\/schema.org","@graph":[{"@type":"NewsArticle","@id":"https:\/\/www.suno.com.br\/noticias\/aes-tiete-tiet11-aquisicao-ventus\/#article","isPartOf":{"@id":"https:\/\/www.suno.com.br\/noticias\/aes-tiete-tiet11-aquisicao-ventus\/"},"author":{"name":"Laura Moutinho","@id":"https:\/\/www.suno.com.br\/noticias\/#\/schema\/person\/3df0d2808748b74496efe5dbeaef2c72"},"headline":"AES Tiet\u00ea (TIET11) conclui aquisi\u00e7\u00e3o do complexo e\u00f3lico Ventus","datePublished":"2020-12-02T23:14:21+00:00","mainEntityOfPage":{"@id":"https:\/\/www.suno.com.br\/noticias\/aes-tiete-tiet11-aquisicao-ventus\/"},"wordCount":413,"publisher":{"@id":"https:\/\/www.suno.com.br\/noticias\/#organization"},"image":{"@id":"https:\/\/www.suno.com.br\/noticias\/aes-tiete-tiet11-aquisicao-ventus\/#primaryimage"},"thumbnailUrl":"https:\/\/files.sunoresearch.com.br\/n\/uploads\/2020\/12\/c3f52790-aes-jpg.webp","keywords":["AES Tiet\u00ea (TIET3\/TIET4\/TIET11)","energia e\u00f3lica"],"articleSection":["Neg\u00f3cios"],"inLanguage":"pt-BR"},{"@type":"WebPage","@id":"https:\/\/www.suno.com.br\/noticias\/aes-tiete-tiet11-aquisicao-ventus\/","url":"https:\/\/www.suno.com.br\/noticias\/aes-tiete-tiet11-aquisicao-ventus\/","name":"AES Tiet\u00ea (TIET11) conclui aquisi\u00e7\u00e3o do complexo e\u00f3lico Ventus","isPartOf":{"@id":"https:\/\/www.suno.com.br\/noticias\/#website"},"primaryImageOfPage":{"@id":"https:\/\/www.suno.com.br\/noticias\/aes-tiete-tiet11-aquisicao-ventus\/#primaryimage"},"image":{"@id":"https:\/\/www.suno.com.br\/noticias\/aes-tiete-tiet11-aquisicao-ventus\/#primaryimage"},"thumbnailUrl":"https:\/\/files.sunoresearch.com.br\/n\/uploads\/2020\/12\/c3f52790-aes-jpg.webp","datePublished":"2020-12-02T23:14:21+00:00","description":"A AES Tiet\u00ea (TIET11)\u00a0concluiu a aquisi\u00e7\u00e3o do complexo e\u00f3lico Ventus, junto \u00e0 J. Malucelli Energia por R$ 650 milh\u00f5es. Clique aqui e saiba mais","breadcrumb":{"@id":"https:\/\/www.suno.com.br\/noticias\/aes-tiete-tiet11-aquisicao-ventus\/#breadcrumb"},"inLanguage":"pt-BR","potentialAction":[{"@type":"ReadAction","target":["https:\/\/www.suno.com.br\/noticias\/aes-tiete-tiet11-aquisicao-ventus\/"]}]},{"@type":"ImageObject","inLanguage":"pt-BR","@id":"https:\/\/www.suno.com.br\/noticias\/aes-tiete-tiet11-aquisicao-ventus\/#primaryimage","url":"https:\/\/files.sunoresearch.com.br\/n\/uploads\/2020\/12\/c3f52790-aes-jpg.webp","contentUrl":"https:\/\/files.sunoresearch.com.br\/n\/uploads\/2020\/12\/c3f52790-aes-jpg.webp","width":1380,"height":920,"caption":"A a\u00e7\u00e3o da AES Tiet\u00ea (TIET11) fechou o preg\u00e3o desta quarta-feira em alta de 0,31%, valendo R$ 16,01"},{"@type":"BreadcrumbList","@id":"https:\/\/www.suno.com.br\/noticias\/aes-tiete-tiet11-aquisicao-ventus\/#breadcrumb","itemListElement":[{"@type":"ListItem","position":1,"name":"Not\u00edcias","item":"https:\/\/www.suno.com.br\/noticias\/"},{"@type":"ListItem","position":2,"name":"Neg\u00f3cios","item":"https:\/\/www.suno.com.br\/noticias\/negocios\/"},{"@type":"ListItem","position":3,"name":"AES Tiet\u00ea (TIET11) conclui aquisi\u00e7\u00e3o do complexo e\u00f3lico Ventus"}]},{"@type":"WebSite","@id":"https:\/\/www.suno.com.br\/noticias\/#website","url":"https:\/\/www.suno.com.br\/noticias\/","name":"Suno Not\u00edcias","description":"Seu portal de informa\u00e7\u00e3o sobre o mundo dos investimentos","publisher":{"@id":"https:\/\/www.suno.com.br\/noticias\/#organization"},"potentialAction":[{"@type":"SearchAction","target":{"@type":"EntryPoint","urlTemplate":"https:\/\/www.suno.com.br\/noticias\/?s={search_term_string}"},"query-input":{"@type":"PropertyValueSpecification","valueRequired":true,"valueName":"search_term_string"}}],"inLanguage":"pt-BR"},{"@type":"Organization","@id":"https:\/\/www.suno.com.br\/noticias\/#organization","name":"Suno Not\u00edcias","url":"https:\/\/www.suno.com.br\/noticias\/","logo":{"@type":"ImageObject","inLanguage":"pt-BR","@id":"https:\/\/www.suno.com.br\/noticias\/#\/schema\/logo\/image\/","url":"https:\/\/files.sunoresearch.com.br\/n\/uploads\/2021\/09\/suno-logo.png","contentUrl":"https:\/\/files.sunoresearch.com.br\/n\/uploads\/2021\/09\/suno-logo.png","width":180,"height":180,"caption":"Suno Not\u00edcias"},"image":{"@id":"https:\/\/www.suno.com.br\/noticias\/#\/schema\/logo\/image\/"},"sameAs":["https:\/\/facebook.com\/sunoresearch","https:\/\/x.com\/sunoresearch","https:\/\/www.instagram.com\/suno","https:\/\/www.linkedin.com\/company\/suno-research\/","https:\/\/www.youtube.com\/c\/sunoresearch"]},{"@type":"Person","@id":"https:\/\/www.suno.com.br\/noticias\/#\/schema\/person\/3df0d2808748b74496efe5dbeaef2c72","name":"Laura Moutinho","image":{"@type":"ImageObject","inLanguage":"pt-BR","@id":"https:\/\/www.suno.com.br\/noticias\/#\/schema\/person\/image\/","url":"https:\/\/secure.gravatar.com\/avatar\/7571c7c8ca3a6fca5e41384ece5557ff?s=96&r=g","contentUrl":"https:\/\/secure.gravatar.com\/avatar\/7571c7c8ca3a6fca5e41384ece5557ff?s=96&r=g","caption":"Laura Moutinho"},"description":"Estagi\u00e1ria na Suno Not\u00edcias, escreve not\u00edcias que afetam o mercado financeiro. Estuda administra\u00e7\u00e3o na Universidade Presbiteriana Mackenzie.","url":"https:\/\/www.suno.com.br\/noticias\/author\/laura-moutinho\/"}]}},"default_loop_html":"<div class=\"cardsPage__listCard__boxs\"><div class=\"cardsPage__listCard__boxs__img\"><a href=\"https:\/\/www.suno.com.br\/noticias\/aes-tiete-tiet11-aquisicao-ventus\/\"><img class=\"mask\" src=\"https:\/\/www.suno.com.br\/noticias\/wp-content\/themes\/suno\/resources\/images\/spotlight\/spotlight1img\/bg-mask.png\" alt=\"Image Mask\"\/><img src=\"https:\/\/files.sunoresearch.com.br\/n\/uploads\/2020\/12\/c3f52790-aes-400x200.webp\" alt=\"AES Tiet\u00ea (TIET11) conclui aquisi\u00e7\u00e3o do complexo e\u00f3lico Ventus\"\/><\/a><span class=\"spotlightCategory\"><a href=\"https:\/\/www.suno.com.br\/noticias\/negocios\/\">Neg\u00f3cios<\/a><\/span><\/div><div class=\"cardsPage__listCard__boxs__content\"><a href=\"https:\/\/www.suno.com.br\/noticias\/aes-tiete-tiet11-aquisicao-ventus\/\"><h2 class=\"content__title\">AES Tiet\u00ea (TIET11) conclui aquisi\u00e7\u00e3o do complexo e\u00f3lico Ventus<\/h2><\/a><div class=\"newsContent__article__meta\"><div class=\"newsContent__article__meta__authorBox\"><a href=\"https:\/\/www.suno.com.br\/noticias\/author\/laura-moutinho\/\" class=\"authorBox__avatar noMobi\"><img src=\"https:\/\/files.sunoresearch.com.br\/n\/uploads\/2020\/08\/531ff69d-whatsapp-image-2020-08-03-at-14.54.38-150x150.webp\" alt=\"Laura Moutinho\"><\/a><div class=\"authorBox__name\"><span>por\n\t\t\t<a href=\"https:\/\/www.suno.com.br\/noticias\/author\/laura-moutinho\/\"><span itemprop=\"author\">Laura Moutinho<\/span><\/a><\/span><time datetime=\"2020-12-02T20:14:21-03:00\" itemprop=\"datePublished\">02\/12\/2020 20:14<\/time><\/div><\/div><\/div><\/div><\/div>","single_layout":"posts","amp_enabled":true,"_links":{"self":[{"href":"https:\/\/www.suno.com.br\/noticias\/wp-json\/wp\/v2\/posts\/105039"}],"collection":[{"href":"https:\/\/www.suno.com.br\/noticias\/wp-json\/wp\/v2\/posts"}],"about":[{"href":"https:\/\/www.suno.com.br\/noticias\/wp-json\/wp\/v2\/types\/post"}],"author":[{"embeddable":true,"href":"https:\/\/www.suno.com.br\/noticias\/wp-json\/wp\/v2\/users\/39"}],"replies":[{"embeddable":true,"href":"https:\/\/www.suno.com.br\/noticias\/wp-json\/wp\/v2\/comments?post=105039"}],"version-history":[{"count":0,"href":"https:\/\/www.suno.com.br\/noticias\/wp-json\/wp\/v2\/posts\/105039\/revisions"}],"wp:featuredmedia":[{"embeddable":true,"href":"https:\/\/www.suno.com.br\/noticias\/wp-json\/wp\/v2\/media\/105061"}],"wp:attachment":[{"href":"https:\/\/www.suno.com.br\/noticias\/wp-json\/wp\/v2\/media?parent=105039"}],"wp:term":[{"taxonomy":"category","embeddable":true,"href":"https:\/\/www.suno.com.br\/noticias\/wp-json\/wp\/v2\/categories?post=105039"},{"taxonomy":"post_tag","embeddable":true,"href":"https:\/\/www.suno.com.br\/noticias\/wp-json\/wp\/v2\/tags?post=105039"},{"taxonomy":"suno_strategy","embeddable":true,"href":"https:\/\/www.suno.com.br\/noticias\/wp-json\/wp\/v2\/suno_strategy?post=105039"}],"curies":[{"name":"wp","href":"https:\/\/api.w.org\/{rel}","templated":true}]}}