{"id":105009,"date":"2020-12-02T20:31:11","date_gmt":"2020-12-02T23:31:11","guid":{"rendered":"https:\/\/www.suno.com.br\/noticias\/?p=105009"},"modified":"2020-12-02T20:31:11","modified_gmt":"2020-12-02T23:31:11","slug":"tesla-pode-colapsar-diz-elon-musk","status":"publish","type":"post","link":"https:\/\/www.suno.com.br\/noticias\/tesla-pode-colapsar-diz-elon-musk\/","title":{"rendered":"Tesla pode colapsar na Bolsa sem corte de custos, diz Elon Musk"},"content":{"rendered":"<p>O <a href=\"https:\/\/www.suno.com.br\/artigos\/ceo\/\">CEO e principal acionista<\/a> da <strong>Tesla<\/strong> (<a href=\"https:\/\/www.suno.com.br\/artigos\/NASDAQ\/\">NASDAQ<\/a>: TSLA) <a href=\"https:\/\/www.suno.com.br\/tudo-sobre\/elon-musk\/\">Elon Musk<\/a> alertou para o risco das a\u00e7\u00f5es da companhia: sem um controle das despesas poder\u00edamos ver um colapso. O comunicado foi enviado por email diretamente aos colaboradores da montadora, ressaltando a necessidade de continuar na <a href=\"https:\/\/www.suno.com.br\/artigos\/lucro-liquido\/\">trajet\u00f3ria do lucro<\/a> e <a href=\"https:\/\/www.suno.com.br\/artigos\/custos-contabeis\/\">redu\u00e7\u00e3o de custos<\/a>.<\/p>\t<div class=\"wrapper-featured-image\">\n\t\t<figure class=\"spotlightImg\">\n\n\t\t\t<picture>\n\t\t\t\t<source media=\"(max-width: 768px)\" srcset=\"https:\/\/files.sunoresearch.com.br\/n\/uploads\/2020\/08\/b8e6cb1f-5123666466_d83199216a_n-jpg.webp\">\n\t\t\t\t<img loading=\"lazy\" decoding=\"async\" class=\"newsContent__article__imgCapa lazyloadDisabled \" src=\"https:\/\/files.sunoresearch.com.br\/n\/uploads\/2020\/08\/b8e6cb1f-5123666466_d83199216a_n-jpg.webp\" width=\"800\" height=\"450\" alt=\"Tesla pode colapsar na Bolsa sem corte de custos, diz Elon Musk\" fetchpriority=high \/>\n\t\t\t<\/picture>\n\n\t\t\t<figcaption class=\"wp-caption-text wp-caption-text--show\">A Tesla ser\u00e1 inclu\u00edda no S&amp;P 500 ao final desta sexta-feira (18)<\/figcaption>\n\t\t<\/figure>\n\t<\/div>\n\n\n\t<p>\n\t\t<a href=\"https:\/\/lp.suno.com.br\/planilha-controle-gastos\/\" target=\"_blank\" data-element=\"shortcode-suno-banner\" title=\"Banner SUNO, clique e saiba mais\">\n\t\t\t<picture>\n\t\t\t\t<source media=\"(max-width: 500px)\" srcset=\"https:\/\/files.sunoresearch.com.br\/n\/uploads\/2023\/03\/400x300-Planilha-controle-de-gastos.png\">\n\t\t\t\t<img class=\"newsContent__article__imgCapa newsContent__article__imgCapa--banner\"\n\t\t\t\t\tsrc=\"https:\/\/files.sunoresearch.com.br\/n\/uploads\/2023\/03\/1420x240-Planilha-controle-de-gastos.png\"\n\t\t\t\t\tdata-promo-id=\"101751\"\t\t\t\t\t\t\t\t\t\twidth='1420' height='240'\t\t\t\t\talt=\"https:\/\/files.sunoresearch.com.br\/n\/uploads\/2023\/03\/1420x240-Planilha-controle-de-gastos.png\"\n\t\t\t\t>\n\t\t\t<\/picture>\n\t\t<\/a>\n\t<\/p>\n\n\n<p>\u201cOs investidores nos d\u00e3o muito cr\u00e9dito na rentabilidade futura, mas se, a qualquer momento, chegarem \u00e0 conclus\u00e3o de que n\u00e3o vai, nossas a\u00e7\u00f5es v\u00e3o ser imediatamente esmagadas como um sufl\u00ea sob uma marreta!\u201d, diz o email divulgado pela <em>CNBC<\/em>.<\/p>\n<p>O alerta de <strong>Musk<\/strong> pode significar cortes na gest\u00e3o da empresa, na esteira do que j\u00e1 aconteceu em 2020 com a desacelera\u00e7\u00e3o das vendas de autom\u00f3veis em todo o mundo. Naquela \u00e9poca, Tesla havia cortado temporariamente o pagamento de alguns funcion\u00e1rios, cortou contratos de curto prazo e demitiu um n\u00famero desconhecido de trabalhadores ap\u00f3s um processo anual de revis\u00e3o de desempenho.<\/p>\n\t<p>\n\t\t<a href=\"https:\/\/lp.suno.com.br\/planilha-controle-gastos\/\" target=\"_blank\" data-element=\"shortcode-suno-banner\" title=\"Banner SUNO, clique e saiba mais\">\n\t\t\t<picture>\n\t\t\t\t<source media=\"(max-width: 500px)\" srcset=\"https:\/\/files.sunoresearch.com.br\/n\/uploads\/2023\/03\/400x300-Planilha-controle-de-gastos.png\">\n\t\t\t\t<img class=\"newsContent__article__imgCapa newsContent__article__imgCapa--banner\"\n\t\t\t\t\tsrc=\"https:\/\/files.sunoresearch.com.br\/n\/uploads\/2023\/03\/1420x240-Planilha-controle-de-gastos.png\"\n\t\t\t\t\tdata-promo-id=\"101751\"\t\t\t\t\t\t\t\t\t\twidth='1420' height='240'\t\t\t\t\talt=\"https:\/\/files.sunoresearch.com.br\/n\/uploads\/2023\/03\/1420x240-Planilha-controle-de-gastos.png\"\n\t\t\t\t>\n\t\t\t<\/picture>\n\t\t<\/a>\n\t<\/p>\n\n\n<p>Em Wall Street, enquanto isso, as a\u00e7\u00f5es da Tesla ca\u00edram mais de 2,73%, a US$ 568,82, nos EUA, ap\u00f3s um fechamento positivo na sess\u00e3o de ontem a US$ 584 e uma valoriza\u00e7\u00e3o de 3%.<\/p>\n<h2>Hip\u00f3tese de alian\u00e7as com outros produtores para Tesla<\/h2>\n<p>Enquanto isso, Musk falou sobre o futuro da Tesla ao n\u00e3o descartar alian\u00e7as com fabricantes de autom\u00f3veis tradicionais. As declara\u00e7\u00f5es<\/p>\n<p>&#8220;Definitivamente, n\u00e3o vamos iniciar um processo de aquisi\u00e7\u00e3o hostil&#8221;, disse Musk no <strong>Axel Springer Awards<\/strong> em Berlim. Se um concorrente achar &#8220;uma boa ideia se fundir com a Tesla, poder\u00edamos conversar sobre isso&#8221;, acrescentou Musk.<\/p>\n\t<div data-element=\"shortcode-read-more\" class=\"knowMore\">\n\t\t\t\t<span class=\"knowMore__title\">Saiba mais<\/span>\n\t\t\t\t<a class=\"knowMore__link\" href=\"https:\/\/www.suno.com.br\/noticias\/tesla-fusao-outras-montadoras-elon-musk\/\">\n\t\t\tTesla pode se fundir com outras montadoras, diz Elon Musk\t\t<\/a>\n\t<\/div>\n\n\n<p>A Tesla atingiu um <a href=\"https:\/\/www.suno.com.br\/artigos\/valor-de-mercado\/\">valor der mercado<\/a> de cerca de US$ 550 bilh\u00f5es, enquanto a <strong>Volkswagen<\/strong> est\u00e1 atualmente avaliada em cerca de US$ 78 bilh\u00f5es, a <strong>Daimler<\/strong> US$ 60 e a <strong>BMW<\/strong> em torno de US$ 44,5 e entrar\u00e1 no \u00edndice <a href=\"https:\/\/www.suno.com.br\/artigos\/sp-500\/\">S&amp;P 500<\/a> a partir de 21 de dezembro.<\/p>\n\t<div data-element=\"shortcode-read-more\" class=\"knowMore\">\n\t\t\t\t<span class=\"knowMore__title\">Saiba mais<\/span>\n\t\t\t\t<a class=\"knowMore__link\" href=\"https:\/\/www.suno.com.br\/noticias\/tesla-5-marcas-que-juntas-nao-encostam-na-empresa-de-elon-musk\/\">\n\t\t\tTesla: 5 marcas que juntas n\u00e3o encostam na empresa de Elon Musk\t\t<\/a>\n\t<\/div>\n\n\n<p>Musk anunciou que passaria mais tempo na Alemanha antes da inaugura\u00e7\u00e3o da f\u00e1brica da <strong>Tesla<\/strong> em Gruenheide, perto de Berlim, no ver\u00e3o e confirmou a produ\u00e7\u00e3o de 500 mil carros el\u00e9tricos por ano com a ajuda de 12 mil funcion\u00e1rios.<\/p>\n\t<p>\n\t\t<a href=\"https:\/\/lp.suno.com.br\/planilha-de-controle-de-investimentos\/\" target=\"_blank\" data-element=\"shortcode-suno-banner\" title=\"Banner SUNO, clique e saiba mais\">\n\t\t\t<picture>\n\t\t\t\t<source media=\"(max-width: 500px)\" srcset=\"https:\/\/files.sunoresearch.com.br\/n\/uploads\/2023\/03\/400x300-Controle-de-Investimentos.png\">\n\t\t\t\t<img class=\"newsContent__article__imgCapa newsContent__article__imgCapa--banner\"\n\t\t\t\t\tsrc=\"https:\/\/files.sunoresearch.com.br\/n\/uploads\/2023\/03\/1420x240-Controle-de-Investimentos.png\"\n\t\t\t\t\tdata-promo-id=\"75934\"\t\t\t\t\t\t\t\t\t\twidth='1420' height='240'\t\t\t\t\talt=\"https:\/\/files.sunoresearch.com.br\/n\/uploads\/2023\/03\/1420x240-Controle-de-Investimentos.png\"\n\t\t\t\t>\n\t\t\t<\/picture>\n\t\t<\/a>\n\t<\/p>\n\n\n","protected":false},"excerpt":{"rendered":"<p>O CEO e principal acionista da Tesla (NASDAQ: TSLA) Elon Musk alertou para o risco das a\u00e7\u00f5es da companhia: sem um controle das despesas poder\u00edamos ver um colapso. O comunicado foi enviado por email diretamente aos colaboradores da montadora, ressaltando a necessidade de continuar na trajet\u00f3ria do lucro e redu\u00e7\u00e3o de custos. A Tesla ser\u00e1 [&hellip;]<\/p>\n","protected":false},"author":9,"featured_media":80363,"comment_status":"closed","ping_status":"closed","sticky":false,"template":"","format":"standard","meta":[],"categories":[64],"tags":[726,964,727],"suno_strategy":[],"class_list":["post-105009","post","type-post","status-publish","format-standard","has-post-thumbnail","hentry","category-negocios","tag-elon-musk","tag-nasdaq","tag-tesla-tsla34"],"yoast_head":"<!-- This site is optimized with the Yoast SEO plugin v24.4 - https:\/\/yoast.com\/wordpress\/plugins\/seo\/ -->\n<title>Tesla pode colapsar na Bolsa sem corte de custos, diz Elon Musk<\/title>\n<meta name=\"description\" content=\"Elon Musk alertou para o risco das a\u00e7\u00f5es da Tesla: sem um controle das despesas poder\u00edamos ver um colapso. Clique para saber mais\" \/>\n<meta name=\"robots\" content=\"index, follow, max-snippet:-1, max-image-preview:large, max-video-preview:-1\" \/>\n<link rel=\"canonical\" href=\"https:\/\/www.suno.com.br\/noticias\/tesla-pode-colapsar-diz-elon-musk\/\" \/>\n<meta property=\"og:locale\" content=\"pt_BR\" \/>\n<meta property=\"og:type\" content=\"article\" \/>\n<meta property=\"og:title\" content=\"Tesla pode colapsar na Bolsa sem corte de custos, diz Elon Musk\" \/>\n<meta property=\"og:description\" content=\"Elon Musk alertou para o risco das a\u00e7\u00f5es da Tesla: sem um controle das despesas poder\u00edamos ver um colapso. Clique para saber mais\" \/>\n<meta property=\"og:url\" content=\"https:\/\/www.suno.com.br\/noticias\/tesla-pode-colapsar-diz-elon-musk\/\" \/>\n<meta property=\"og:site_name\" content=\"Suno Not\u00edcias\" \/>\n<meta property=\"article:publisher\" content=\"https:\/\/facebook.com\/sunoresearch\" \/>\n<meta property=\"og:image\" content=\"https:\/\/files.sunoresearch.com.br\/n\/uploads\/2020\/08\/b8e6cb1f-5123666466_d83199216a_n.jpg\" \/>\n\t<meta property=\"og:image:width\" content=\"320\" \/>\n\t<meta property=\"og:image:height\" content=\"203\" \/>\n\t<meta property=\"og:image:type\" content=\"image\/jpeg\" \/>\n<meta name=\"author\" content=\"Carlo Cauti\" \/>\n<meta name=\"twitter:card\" content=\"summary_large_image\" \/>\n<meta name=\"twitter:creator\" content=\"@sunoresearch\" \/>\n<meta name=\"twitter:site\" content=\"@sunoresearch\" \/>\n<meta name=\"twitter:label1\" content=\"Escrito por\" \/>\n\t<meta name=\"twitter:data1\" content=\"Carlo Cauti\" \/>\n\t<meta name=\"twitter:label2\" content=\"Est. tempo de leitura\" \/>\n\t<meta name=\"twitter:data2\" content=\"2 minutos\" \/>\n<script type=\"application\/ld+json\" class=\"yoast-schema-graph\">{\"@context\":\"https:\/\/schema.org\",\"@graph\":[{\"@type\":\"NewsArticle\",\"@id\":\"https:\/\/www.suno.com.br\/noticias\/tesla-pode-colapsar-diz-elon-musk\/#article\",\"isPartOf\":{\"@id\":\"https:\/\/www.suno.com.br\/noticias\/tesla-pode-colapsar-diz-elon-musk\/\"},\"author\":{\"name\":\"Carlo Cauti\",\"@id\":\"https:\/\/www.suno.com.br\/noticias\/#\/schema\/person\/e6e0f723cc177805027f4566c1d5e0c8\"},\"headline\":\"Tesla pode colapsar na Bolsa sem corte de custos, diz Elon Musk\",\"datePublished\":\"2020-12-02T23:31:11+00:00\",\"mainEntityOfPage\":{\"@id\":\"https:\/\/www.suno.com.br\/noticias\/tesla-pode-colapsar-diz-elon-musk\/\"},\"wordCount\":400,\"publisher\":{\"@id\":\"https:\/\/www.suno.com.br\/noticias\/#organization\"},\"image\":{\"@id\":\"https:\/\/www.suno.com.br\/noticias\/tesla-pode-colapsar-diz-elon-musk\/#primaryimage\"},\"thumbnailUrl\":\"https:\/\/files.sunoresearch.com.br\/n\/uploads\/2020\/08\/b8e6cb1f-5123666466_d83199216a_n-jpg.webp\",\"keywords\":[\"Elon Musk\",\"Nasdaq\",\"Tesla (TSLA34)\"],\"articleSection\":[\"Neg\u00f3cios\"],\"inLanguage\":\"pt-BR\"},{\"@type\":\"WebPage\",\"@id\":\"https:\/\/www.suno.com.br\/noticias\/tesla-pode-colapsar-diz-elon-musk\/\",\"url\":\"https:\/\/www.suno.com.br\/noticias\/tesla-pode-colapsar-diz-elon-musk\/\",\"name\":\"Tesla pode colapsar na Bolsa sem corte de custos, diz Elon Musk\",\"isPartOf\":{\"@id\":\"https:\/\/www.suno.com.br\/noticias\/#website\"},\"primaryImageOfPage\":{\"@id\":\"https:\/\/www.suno.com.br\/noticias\/tesla-pode-colapsar-diz-elon-musk\/#primaryimage\"},\"image\":{\"@id\":\"https:\/\/www.suno.com.br\/noticias\/tesla-pode-colapsar-diz-elon-musk\/#primaryimage\"},\"thumbnailUrl\":\"https:\/\/files.sunoresearch.com.br\/n\/uploads\/2020\/08\/b8e6cb1f-5123666466_d83199216a_n-jpg.webp\",\"datePublished\":\"2020-12-02T23:31:11+00:00\",\"description\":\"Elon Musk alertou para o risco das a\u00e7\u00f5es da Tesla: sem um controle das despesas poder\u00edamos ver um colapso. Clique para saber mais\",\"breadcrumb\":{\"@id\":\"https:\/\/www.suno.com.br\/noticias\/tesla-pode-colapsar-diz-elon-musk\/#breadcrumb\"},\"inLanguage\":\"pt-BR\",\"potentialAction\":[{\"@type\":\"ReadAction\",\"target\":[\"https:\/\/www.suno.com.br\/noticias\/tesla-pode-colapsar-diz-elon-musk\/\"]}]},{\"@type\":\"ImageObject\",\"inLanguage\":\"pt-BR\",\"@id\":\"https:\/\/www.suno.com.br\/noticias\/tesla-pode-colapsar-diz-elon-musk\/#primaryimage\",\"url\":\"https:\/\/files.sunoresearch.com.br\/n\/uploads\/2020\/08\/b8e6cb1f-5123666466_d83199216a_n-jpg.webp\",\"contentUrl\":\"https:\/\/files.sunoresearch.com.br\/n\/uploads\/2020\/08\/b8e6cb1f-5123666466_d83199216a_n-jpg.webp\",\"width\":320,\"height\":203,\"caption\":\"A Tesla ser\u00e1 inclu\u00edda no S&P 500 ao final desta sexta-feira (18)\"},{\"@type\":\"BreadcrumbList\",\"@id\":\"https:\/\/www.suno.com.br\/noticias\/tesla-pode-colapsar-diz-elon-musk\/#breadcrumb\",\"itemListElement\":[{\"@type\":\"ListItem\",\"position\":1,\"name\":\"Not\u00edcias\",\"item\":\"https:\/\/www.suno.com.br\/noticias\/\"},{\"@type\":\"ListItem\",\"position\":2,\"name\":\"Neg\u00f3cios\",\"item\":\"https:\/\/www.suno.com.br\/noticias\/negocios\/\"},{\"@type\":\"ListItem\",\"position\":3,\"name\":\"Tesla pode colapsar na Bolsa sem corte de custos, diz Elon Musk\"}]},{\"@type\":\"WebSite\",\"@id\":\"https:\/\/www.suno.com.br\/noticias\/#website\",\"url\":\"https:\/\/www.suno.com.br\/noticias\/\",\"name\":\"Suno Not\u00edcias\",\"description\":\"Seu portal de informa\u00e7\u00e3o sobre o mundo dos investimentos\",\"publisher\":{\"@id\":\"https:\/\/www.suno.com.br\/noticias\/#organization\"},\"potentialAction\":[{\"@type\":\"SearchAction\",\"target\":{\"@type\":\"EntryPoint\",\"urlTemplate\":\"https:\/\/www.suno.com.br\/noticias\/?s={search_term_string}\"},\"query-input\":{\"@type\":\"PropertyValueSpecification\",\"valueRequired\":true,\"valueName\":\"search_term_string\"}}],\"inLanguage\":\"pt-BR\"},{\"@type\":\"Organization\",\"@id\":\"https:\/\/www.suno.com.br\/noticias\/#organization\",\"name\":\"Suno Not\u00edcias\",\"url\":\"https:\/\/www.suno.com.br\/noticias\/\",\"logo\":{\"@type\":\"ImageObject\",\"inLanguage\":\"pt-BR\",\"@id\":\"https:\/\/www.suno.com.br\/noticias\/#\/schema\/logo\/image\/\",\"url\":\"https:\/\/files.sunoresearch.com.br\/n\/uploads\/2021\/09\/suno-logo.png\",\"contentUrl\":\"https:\/\/files.sunoresearch.com.br\/n\/uploads\/2021\/09\/suno-logo.png\",\"width\":180,\"height\":180,\"caption\":\"Suno Not\u00edcias\"},\"image\":{\"@id\":\"https:\/\/www.suno.com.br\/noticias\/#\/schema\/logo\/image\/\"},\"sameAs\":[\"https:\/\/facebook.com\/sunoresearch\",\"https:\/\/x.com\/sunoresearch\",\"https:\/\/www.instagram.com\/suno\",\"https:\/\/www.linkedin.com\/company\/suno-research\/\",\"https:\/\/www.youtube.com\/c\/sunoresearch\"]},{\"@type\":\"Person\",\"@id\":\"https:\/\/www.suno.com.br\/noticias\/#\/schema\/person\/e6e0f723cc177805027f4566c1d5e0c8\",\"name\":\"Carlo Cauti\",\"image\":{\"@type\":\"ImageObject\",\"inLanguage\":\"pt-BR\",\"@id\":\"https:\/\/www.suno.com.br\/noticias\/#\/schema\/person\/image\/\",\"url\":\"https:\/\/secure.gravatar.com\/avatar\/3ada9e0bd164c23abd4792a9606d583c?s=96&r=g\",\"contentUrl\":\"https:\/\/secure.gravatar.com\/avatar\/3ada9e0bd164c23abd4792a9606d583c?s=96&r=g\",\"caption\":\"Carlo Cauti\"},\"description\":\"Editor multim\u00eddia do SUNO Not\u00edcias. Italiano, formado em Ci\u00eancias Pol\u00edticas pela universidade LUISS G. Carli de Roma e mestre cum laude em Rela\u00e7\u00f5es Internacionais, Jornalismo Internacional e de Guerra e em Economia Internacional. Concluiu tamb\u00e9m um MBA em Finan\u00e7as na B3. No Brasil, teve passagem por ve\u00edculos como Estad\u00e3o, Globo, Veja e EXAME. e nas ag\u00eancias de not\u00edcias italianas ANSA e NOVA.\",\"url\":\"https:\/\/www.suno.com.br\/noticias\/author\/carlo-cauti\/\"}]}<\/script>\n<!-- \/ Yoast SEO plugin. -->","yoast_head_json":{"title":"Tesla pode colapsar na Bolsa sem corte de custos, diz Elon Musk","description":"Elon Musk alertou para o risco das a\u00e7\u00f5es da Tesla: sem um controle das despesas poder\u00edamos ver um colapso. Clique para saber mais","robots":{"index":"index","follow":"follow","max-snippet":"max-snippet:-1","max-image-preview":"max-image-preview:large","max-video-preview":"max-video-preview:-1"},"canonical":"https:\/\/www.suno.com.br\/noticias\/tesla-pode-colapsar-diz-elon-musk\/","og_locale":"pt_BR","og_type":"article","og_title":"Tesla pode colapsar na Bolsa sem corte de custos, diz Elon Musk","og_description":"Elon Musk alertou para o risco das a\u00e7\u00f5es da Tesla: sem um controle das despesas poder\u00edamos ver um colapso. Clique para saber mais","og_url":"https:\/\/www.suno.com.br\/noticias\/tesla-pode-colapsar-diz-elon-musk\/","og_site_name":"Suno Not\u00edcias","article_publisher":"https:\/\/facebook.com\/sunoresearch","og_image":[{"width":320,"height":203,"url":"https:\/\/files.sunoresearch.com.br\/n\/uploads\/2020\/08\/b8e6cb1f-5123666466_d83199216a_n.jpg","type":"image\/jpeg"}],"author":"Carlo Cauti","twitter_card":"summary_large_image","twitter_creator":"@sunoresearch","twitter_site":"@sunoresearch","twitter_misc":{"Escrito por":"Carlo Cauti","Est. tempo de leitura":"2 minutos"},"schema":{"@context":"https:\/\/schema.org","@graph":[{"@type":"NewsArticle","@id":"https:\/\/www.suno.com.br\/noticias\/tesla-pode-colapsar-diz-elon-musk\/#article","isPartOf":{"@id":"https:\/\/www.suno.com.br\/noticias\/tesla-pode-colapsar-diz-elon-musk\/"},"author":{"name":"Carlo Cauti","@id":"https:\/\/www.suno.com.br\/noticias\/#\/schema\/person\/e6e0f723cc177805027f4566c1d5e0c8"},"headline":"Tesla pode colapsar na Bolsa sem corte de custos, diz Elon Musk","datePublished":"2020-12-02T23:31:11+00:00","mainEntityOfPage":{"@id":"https:\/\/www.suno.com.br\/noticias\/tesla-pode-colapsar-diz-elon-musk\/"},"wordCount":400,"publisher":{"@id":"https:\/\/www.suno.com.br\/noticias\/#organization"},"image":{"@id":"https:\/\/www.suno.com.br\/noticias\/tesla-pode-colapsar-diz-elon-musk\/#primaryimage"},"thumbnailUrl":"https:\/\/files.sunoresearch.com.br\/n\/uploads\/2020\/08\/b8e6cb1f-5123666466_d83199216a_n-jpg.webp","keywords":["Elon Musk","Nasdaq","Tesla (TSLA34)"],"articleSection":["Neg\u00f3cios"],"inLanguage":"pt-BR"},{"@type":"WebPage","@id":"https:\/\/www.suno.com.br\/noticias\/tesla-pode-colapsar-diz-elon-musk\/","url":"https:\/\/www.suno.com.br\/noticias\/tesla-pode-colapsar-diz-elon-musk\/","name":"Tesla pode colapsar na Bolsa sem corte de custos, diz Elon Musk","isPartOf":{"@id":"https:\/\/www.suno.com.br\/noticias\/#website"},"primaryImageOfPage":{"@id":"https:\/\/www.suno.com.br\/noticias\/tesla-pode-colapsar-diz-elon-musk\/#primaryimage"},"image":{"@id":"https:\/\/www.suno.com.br\/noticias\/tesla-pode-colapsar-diz-elon-musk\/#primaryimage"},"thumbnailUrl":"https:\/\/files.sunoresearch.com.br\/n\/uploads\/2020\/08\/b8e6cb1f-5123666466_d83199216a_n-jpg.webp","datePublished":"2020-12-02T23:31:11+00:00","description":"Elon Musk alertou para o risco das a\u00e7\u00f5es da Tesla: sem um controle das despesas poder\u00edamos ver um colapso. Clique para saber mais","breadcrumb":{"@id":"https:\/\/www.suno.com.br\/noticias\/tesla-pode-colapsar-diz-elon-musk\/#breadcrumb"},"inLanguage":"pt-BR","potentialAction":[{"@type":"ReadAction","target":["https:\/\/www.suno.com.br\/noticias\/tesla-pode-colapsar-diz-elon-musk\/"]}]},{"@type":"ImageObject","inLanguage":"pt-BR","@id":"https:\/\/www.suno.com.br\/noticias\/tesla-pode-colapsar-diz-elon-musk\/#primaryimage","url":"https:\/\/files.sunoresearch.com.br\/n\/uploads\/2020\/08\/b8e6cb1f-5123666466_d83199216a_n-jpg.webp","contentUrl":"https:\/\/files.sunoresearch.com.br\/n\/uploads\/2020\/08\/b8e6cb1f-5123666466_d83199216a_n-jpg.webp","width":320,"height":203,"caption":"A Tesla ser\u00e1 inclu\u00edda no S&P 500 ao final desta sexta-feira (18)"},{"@type":"BreadcrumbList","@id":"https:\/\/www.suno.com.br\/noticias\/tesla-pode-colapsar-diz-elon-musk\/#breadcrumb","itemListElement":[{"@type":"ListItem","position":1,"name":"Not\u00edcias","item":"https:\/\/www.suno.com.br\/noticias\/"},{"@type":"ListItem","position":2,"name":"Neg\u00f3cios","item":"https:\/\/www.suno.com.br\/noticias\/negocios\/"},{"@type":"ListItem","position":3,"name":"Tesla pode colapsar na Bolsa sem corte de custos, diz Elon Musk"}]},{"@type":"WebSite","@id":"https:\/\/www.suno.com.br\/noticias\/#website","url":"https:\/\/www.suno.com.br\/noticias\/","name":"Suno Not\u00edcias","description":"Seu portal de informa\u00e7\u00e3o sobre o mundo dos investimentos","publisher":{"@id":"https:\/\/www.suno.com.br\/noticias\/#organization"},"potentialAction":[{"@type":"SearchAction","target":{"@type":"EntryPoint","urlTemplate":"https:\/\/www.suno.com.br\/noticias\/?s={search_term_string}"},"query-input":{"@type":"PropertyValueSpecification","valueRequired":true,"valueName":"search_term_string"}}],"inLanguage":"pt-BR"},{"@type":"Organization","@id":"https:\/\/www.suno.com.br\/noticias\/#organization","name":"Suno Not\u00edcias","url":"https:\/\/www.suno.com.br\/noticias\/","logo":{"@type":"ImageObject","inLanguage":"pt-BR","@id":"https:\/\/www.suno.com.br\/noticias\/#\/schema\/logo\/image\/","url":"https:\/\/files.sunoresearch.com.br\/n\/uploads\/2021\/09\/suno-logo.png","contentUrl":"https:\/\/files.sunoresearch.com.br\/n\/uploads\/2021\/09\/suno-logo.png","width":180,"height":180,"caption":"Suno Not\u00edcias"},"image":{"@id":"https:\/\/www.suno.com.br\/noticias\/#\/schema\/logo\/image\/"},"sameAs":["https:\/\/facebook.com\/sunoresearch","https:\/\/x.com\/sunoresearch","https:\/\/www.instagram.com\/suno","https:\/\/www.linkedin.com\/company\/suno-research\/","https:\/\/www.youtube.com\/c\/sunoresearch"]},{"@type":"Person","@id":"https:\/\/www.suno.com.br\/noticias\/#\/schema\/person\/e6e0f723cc177805027f4566c1d5e0c8","name":"Carlo Cauti","image":{"@type":"ImageObject","inLanguage":"pt-BR","@id":"https:\/\/www.suno.com.br\/noticias\/#\/schema\/person\/image\/","url":"https:\/\/secure.gravatar.com\/avatar\/3ada9e0bd164c23abd4792a9606d583c?s=96&r=g","contentUrl":"https:\/\/secure.gravatar.com\/avatar\/3ada9e0bd164c23abd4792a9606d583c?s=96&r=g","caption":"Carlo Cauti"},"description":"Editor multim\u00eddia do SUNO Not\u00edcias. Italiano, formado em Ci\u00eancias Pol\u00edticas pela universidade LUISS G. Carli de Roma e mestre cum laude em Rela\u00e7\u00f5es Internacionais, Jornalismo Internacional e de Guerra e em Economia Internacional. Concluiu tamb\u00e9m um MBA em Finan\u00e7as na B3. No Brasil, teve passagem por ve\u00edculos como Estad\u00e3o, Globo, Veja e EXAME. e nas ag\u00eancias de not\u00edcias italianas ANSA e NOVA.","url":"https:\/\/www.suno.com.br\/noticias\/author\/carlo-cauti\/"}]}},"default_loop_html":"<div class=\"cardsPage__listCard__boxs\"><div class=\"cardsPage__listCard__boxs__img\"><a href=\"https:\/\/www.suno.com.br\/noticias\/tesla-pode-colapsar-diz-elon-musk\/\"><img class=\"mask\" src=\"https:\/\/www.suno.com.br\/noticias\/wp-content\/themes\/suno\/resources\/images\/spotlight\/spotlight1img\/bg-mask.png\" alt=\"Image Mask\"\/><img src=\"https:\/\/files.sunoresearch.com.br\/n\/uploads\/2020\/08\/b8e6cb1f-5123666466_d83199216a_n-jpg.webp\" alt=\"Tesla pode colapsar na Bolsa sem corte de custos, diz Elon Musk\"\/><\/a><span class=\"spotlightCategory\"><a href=\"https:\/\/www.suno.com.br\/noticias\/negocios\/\">Neg\u00f3cios<\/a><\/span><\/div><div class=\"cardsPage__listCard__boxs__content\"><a href=\"https:\/\/www.suno.com.br\/noticias\/tesla-pode-colapsar-diz-elon-musk\/\"><h2 class=\"content__title\">Tesla pode colapsar na Bolsa sem corte de custos, diz Elon Musk<\/h2><\/a><div class=\"newsContent__article__meta\"><div class=\"newsContent__article__meta__authorBox\"><a href=\"https:\/\/www.suno.com.br\/noticias\/author\/carlo-cauti\/\" class=\"authorBox__avatar noMobi\"><img src=\"https:\/\/files.sunoresearch.com.br\/n\/uploads\/2020\/08\/e3745f9a-perfil-carlo-cauti-150x150.webp\" alt=\"Carlo Cauti\"><\/a><div class=\"authorBox__name\"><span>por\n\t\t\t<a href=\"https:\/\/www.suno.com.br\/noticias\/author\/carlo-cauti\/\"><span itemprop=\"author\">Carlo Cauti<\/span><\/a><\/span><time datetime=\"2020-12-02T20:31:11-03:00\" itemprop=\"datePublished\">02\/12\/2020 20:31<\/time><\/div><\/div><\/div><\/div><\/div>","single_layout":"posts","amp_enabled":true,"_links":{"self":[{"href":"https:\/\/www.suno.com.br\/noticias\/wp-json\/wp\/v2\/posts\/105009"}],"collection":[{"href":"https:\/\/www.suno.com.br\/noticias\/wp-json\/wp\/v2\/posts"}],"about":[{"href":"https:\/\/www.suno.com.br\/noticias\/wp-json\/wp\/v2\/types\/post"}],"author":[{"embeddable":true,"href":"https:\/\/www.suno.com.br\/noticias\/wp-json\/wp\/v2\/users\/9"}],"replies":[{"embeddable":true,"href":"https:\/\/www.suno.com.br\/noticias\/wp-json\/wp\/v2\/comments?post=105009"}],"version-history":[{"count":0,"href":"https:\/\/www.suno.com.br\/noticias\/wp-json\/wp\/v2\/posts\/105009\/revisions"}],"wp:featuredmedia":[{"embeddable":true,"href":"https:\/\/www.suno.com.br\/noticias\/wp-json\/wp\/v2\/media\/80363"}],"wp:attachment":[{"href":"https:\/\/www.suno.com.br\/noticias\/wp-json\/wp\/v2\/media?parent=105009"}],"wp:term":[{"taxonomy":"category","embeddable":true,"href":"https:\/\/www.suno.com.br\/noticias\/wp-json\/wp\/v2\/categories?post=105009"},{"taxonomy":"post_tag","embeddable":true,"href":"https:\/\/www.suno.com.br\/noticias\/wp-json\/wp\/v2\/tags?post=105009"},{"taxonomy":"suno_strategy","embeddable":true,"href":"https:\/\/www.suno.com.br\/noticias\/wp-json\/wp\/v2\/suno_strategy?post=105009"}],"curies":[{"name":"wp","href":"https:\/\/api.w.org\/{rel}","templated":true}]}}