{"id":10499,"date":"2019-01-06T16:30:59","date_gmt":"2019-01-06T18:30:59","guid":{"rendered":"https:\/\/www.suno.com.br\/noticias\/?p=10499"},"modified":"2019-01-06T16:31:59","modified_gmt":"2019-01-06T18:31:59","slug":"a-seguir-o-inicio-do-governo-bolsonaro-e-movimento-nos-mercados-globais","status":"publish","type":"post","link":"https:\/\/www.suno.com.br\/noticias\/a-seguir-o-inicio-do-governo-bolsonaro-e-movimento-nos-mercados-globais\/","title":{"rendered":"A Seguir: O In\u00edcio do Governo Bolsonaro e Movimento nos Mercados Globais"},"content":{"rendered":"<h2>O que deve movimentar a semana no Brasil<\/h2>\n<p><strong>Crescimento da produ\u00e7\u00e3o industrial<\/strong><\/p>\t<div class=\"wrapper-featured-image\">\n\t\t<figure class=\"spotlightImg\">\n\n\t\t\t<picture>\n\t\t\t\t<source media=\"(max-width: 768px)\" srcset=\"https:\/\/files.sunoresearch.com.br\/n\/uploads\/2019\/01\/8456b132-bolsonaro-400x200.webp\">\n\t\t\t\t<img loading=\"lazy\" decoding=\"async\" class=\"newsContent__article__imgCapa lazyloadDisabled newsContent__article__imgCapa--noCaption\" src=\"https:\/\/files.sunoresearch.com.br\/n\/uploads\/2019\/01\/8456b132-bolsonaro-800x450.webp\" width=\"800\" height=\"450\" alt=\"A Seguir: O In\u00edcio do Governo Bolsonaro e Movimento nos Mercados Globais\" fetchpriority=high \/>\n\t\t\t<\/picture>\n\n\t\t\t<figcaption class=\"wp-caption-text wp-caption-text--hide\">Ex-presidente Michel Temer participa da cerim\u00f4nia de posse de Bolsonaro.<\/figcaption>\n\t\t<\/figure>\n\t<\/div>\n\n<h2>O que deve movimentar a semana no Brasil<\/h2>\n\n<p>Entre os pontos de maior destaque se encontra a libera\u00e7\u00e3o dos dados sobre o crescimento da produ\u00e7\u00e3o industrial nacional no comparativo anual com base em 2018.<\/p>\n<p>A expectativa \u00e9 de um crescimento de 2,3% em compara\u00e7\u00e3o \u00e0 2017.<\/p>\n<p><em>Como sempre ressaltamos que aqui mais importante at\u00e9 do que o n\u00famero real \u00e9 a rela\u00e7\u00e3o do resultado real com a expectativa do mercado.<\/em><\/p>\n<hr \/>\n<p><strong>Expectativa sobre a infla\u00e7\u00e3o<\/strong><\/p>\n<p>Outro acontecimento relevante \u00e9 a libera\u00e7\u00e3o de dados sobre a infla\u00e7\u00e3o, a expectativa \u00e9 de que a mesma tenha tido uma varia\u00e7\u00e3o negativa (Defla\u00e7\u00e3o) de -0,10% em dezembro quando comparada a novembro.<\/p>\n<p>Esse resultado tem potencial impacto especialmente em investimentos atrelados a t\u00edtulos IPCA e IGPM como \u00e9 o caso de muitos Fundos Imobili\u00e1rios.<\/p>\n<hr \/>\n<p><strong>Bolsonaro prepara pente fino no INSS<\/strong><\/p>\n<p>No lado pol\u00edtico a expectativa \u00e9 para o \u201cPente Fino\u201d que o agora j\u00e1 presidente (e n\u00e3o mais \u201celeito\u201d) Bolsonaro est\u00e1 preparando com sua equipe em todos os benef\u00edcios dos servidores p\u00fablicos e benef\u00edcios do INSS.<\/p>\n<p>Entre as metas da medida est\u00e3o a reavalia\u00e7\u00e3o da pens\u00e3o por morte e extens\u00e3o dos benef\u00edcios por invalidez.<\/p>\n<p><a href=\"https:\/\/www.suno.com.br\/noticias\/jair-bolsonaro-pente-fino-inss\/\">Leia mais sobre:\u00a0Jair Bolsonaro planeja um pente-fino nos benef\u00edcios pagos pelo INSS<\/a><\/p>\n<p>Essa a\u00e7\u00e3o \u00e9 relevante pois pode impactar a vis\u00e3o do p\u00fablico sobre o presidente e reduzir seu apoio popular caso seja feita de uma forma que n\u00e3o seja bem vista pela popula\u00e7\u00e3o geral.<\/p>\n<p>A perda de apoio popular logo no in\u00edcio do mandato pode ser um duro golpe \u00e0 capacidade de Bolsonaro e sua equipe em pressionar o congresso para aprovar medidas com o apoio da popula\u00e7\u00e3o e poderia for\u00e7ar o retorno da velha abordagem de negocia\u00e7\u00e3o com parlamentares, bancadas e partidos.<\/p>\n<hr \/>\n<p><strong>Dados sobre posi\u00e7\u00e3o especulativa no BRL<\/strong><\/p>\n<p>Por fim, tamb\u00e9m teremos a poss\u00edvel libera\u00e7\u00e3o do sobre a posi\u00e7\u00e3o especulativa em futuros do Real pela CFTC.<\/p>\n<p>Essa primeira libera\u00e7\u00e3o \u00e9 interessante por j\u00e1 servir como um term\u00f4metro real das expectativas em rela\u00e7\u00e3o \u00e0s reformas e melhoras que o pa\u00eds precisa para sustentar todo o otimismo visto no mercado nos \u00faltimos dias.<\/p>\n<hr \/>\n<h2>O que deve movimentar o cen\u00e1rio Internacional<\/h2>\n<p><strong>Pronunciamento do FOMC de Atlanta<\/strong><\/p>\n<p>O presidente do FOMC de Atlanta (Raphael Bostic) deve fazer um comunicado na quarta.<\/p>\n<p>As falas de Bostic normalmente apontam algumas \u201cdicas\u201d sobre o futuro da pol\u00edtica econ\u00f4mica nacional.<\/p>\n<p>Em um momento onde embates entre o presidente dos EUA, Donald Trump, e o presidente do FED Jerome Powell se tornam mais intensos devido a discord\u00e2ncias sobre qual pol\u00edtica deveria ser adotada, esses indicativos se tornam altamente relevantes como um term\u00f4metro sobre poss\u00edvel agravamento do atrito entre ambos.<\/p>\n<p><a href=\"https:\/\/www.suno.com.br\/noticias\/trump-ataca-novamente-o-federal-reserve\/\">Leia sobre aqui:\u00a0Trump ataca novamente o Federal Reserve<\/a><\/p>\n<hr \/>\n<p><b>Resultados sobre dados econ\u00f4micos\u00a0na Zona do Euro<\/b><\/p>\n<p>Na Europa teremos a libera\u00e7\u00e3o de dados econ\u00f4micos sobre as vendas do varejo, um indicador importante sobre a sa\u00fade da economia na zona do Euro.<\/p>\n<p>A expectativa \u00e9 de leve alta (+0,2%).<\/p>\n<hr \/>\n<p><strong>China tamb\u00e9m \u00e9 destaque<\/strong><\/p>\n<p>J\u00e1 na China teremos a libera\u00e7\u00e3o de dados sobre a Infla\u00e7\u00e3o e percep\u00e7\u00e3o de pre\u00e7o do consumidor.<\/p>\n<p>A expectativa \u00e9 de um leve aumento tanto na compara\u00e7\u00e3o mensal quanto anual.<\/p>\n<p>Por fim, tamb\u00e9m teremos a libera\u00e7\u00e3o de dados sobre os empr\u00e9stimos feitos pelos bancos chineses para indiv\u00edduos e empresas.<\/p>\n<p>Normalmente um resultado acima do esperado \u00e9 positivo para o pa\u00eds, por\u00e9m, cabe ressaltar que dados recentes sobre a economia Chinesa podem colocar em d\u00favida a capacidade de pagamento dos empr\u00e9stimos.<\/p>\n<p><a href=\"https:\/\/www.suno.com.br\/noticias\/dados-economicos-fracos-bolsas-china\/\">Leia mais:\u00a0Dados econ\u00f4micos fracos provocam queda de \u00edndices acion\u00e1rios na China<\/a><\/p>\n<p>Assim, a situa\u00e7\u00e3o se torna delicada, visto que um indicador acima da expectativa \u00e9 bom, mas muito acima pode ser um problema caso os demais indicadores econ\u00f4micos n\u00e3o melhorem em um futuro pr\u00f3ximo.<\/p>\n","protected":false},"excerpt":{"rendered":"<p>O que deve movimentar a semana no Brasil Crescimento da produ\u00e7\u00e3o industrial Ex-presidente Michel Temer participa da cerim\u00f4nia de posse de Bolsonaro. O que deve movimentar a semana no Brasil Entre os pontos de maior destaque se encontra a libera\u00e7\u00e3o dos dados sobre o crescimento da produ\u00e7\u00e3o industrial nacional no comparativo anual com base em [&hellip;]<\/p>\n","protected":false},"author":2,"featured_media":10062,"comment_status":"closed","ping_status":"closed","sticky":false,"template":"","format":"standard","meta":[],"categories":[60],"tags":[309,711,724,740,719],"suno_strategy":[],"class_list":["post-10499","post","type-post","status-publish","format-standard","has-post-thumbnail","hentry","category-mercado","tag-bolsa-de-valores","tag-china","tag-donald-trump","tag-economia","tag-jair-bolsonaro"],"yoast_head":"<!-- This site is optimized with the Yoast SEO plugin v24.4 - https:\/\/yoast.com\/wordpress\/plugins\/seo\/ -->\n<title>A Seguir: O In\u00edcio do Governo Bolsonaro e Movimento nos Mercados Globais<\/title>\n<meta name=\"robots\" content=\"index, follow, max-snippet:-1, max-image-preview:large, max-video-preview:-1\" \/>\n<link rel=\"canonical\" href=\"https:\/\/www.suno.com.br\/noticias\/a-seguir-o-inicio-do-governo-bolsonaro-e-movimento-nos-mercados-globais\/\" \/>\n<meta property=\"og:locale\" content=\"pt_BR\" \/>\n<meta property=\"og:type\" content=\"article\" \/>\n<meta property=\"og:title\" content=\"A Seguir: O In\u00edcio do Governo Bolsonaro e Movimento nos Mercados Globais\" \/>\n<meta property=\"og:description\" content=\"O que deve movimentar a semana no Brasil Crescimento da produ\u00e7\u00e3o industrial Ex-presidente Michel Temer participa da cerim\u00f4nia de posse de Bolsonaro. O que deve movimentar a semana no Brasil Entre os pontos de maior destaque se encontra a libera\u00e7\u00e3o dos dados sobre o crescimento da produ\u00e7\u00e3o industrial nacional no comparativo anual com base em [&hellip;]\" \/>\n<meta property=\"og:url\" content=\"https:\/\/www.suno.com.br\/noticias\/a-seguir-o-inicio-do-governo-bolsonaro-e-movimento-nos-mercados-globais\/\" \/>\n<meta property=\"og:site_name\" content=\"Suno Not\u00edcias\" \/>\n<meta property=\"article:publisher\" content=\"https:\/\/facebook.com\/sunoresearch\" \/>\n<meta property=\"article:author\" content=\"https:\/\/www.facebook.com\/joaovitor2763\" \/>\n<meta property=\"og:image\" content=\"https:\/\/files.sunoresearch.com.br\/n\/uploads\/2019\/01\/8456b132-bolsonaro.jpg\" \/>\n\t<meta property=\"og:image:width\" content=\"1140\" \/>\n\t<meta property=\"og:image:height\" content=\"760\" \/>\n\t<meta property=\"og:image:type\" content=\"image\/jpeg\" \/>\n<meta name=\"author\" content=\"Jo\u00e3o Vitor Chaves Silva\" \/>\n<meta name=\"twitter:card\" content=\"summary_large_image\" \/>\n<meta name=\"twitter:creator\" content=\"@https:\/\/twitter.com\/joaovitor2763\" \/>\n<meta name=\"twitter:site\" content=\"@sunoresearch\" \/>\n<meta name=\"twitter:label1\" content=\"Escrito por\" \/>\n\t<meta name=\"twitter:data1\" content=\"Jo\u00e3o Vitor Chaves Silva\" \/>\n\t<meta name=\"twitter:label2\" content=\"Est. tempo de leitura\" \/>\n\t<meta name=\"twitter:data2\" content=\"3 minutos\" \/>\n<script type=\"application\/ld+json\" class=\"yoast-schema-graph\">{\"@context\":\"https:\/\/schema.org\",\"@graph\":[{\"@type\":\"NewsArticle\",\"@id\":\"https:\/\/www.suno.com.br\/noticias\/a-seguir-o-inicio-do-governo-bolsonaro-e-movimento-nos-mercados-globais\/#article\",\"isPartOf\":{\"@id\":\"https:\/\/www.suno.com.br\/noticias\/a-seguir-o-inicio-do-governo-bolsonaro-e-movimento-nos-mercados-globais\/\"},\"author\":{\"name\":\"Jo\u00e3o Vitor Chaves Silva\",\"@id\":\"https:\/\/www.suno.com.br\/noticias\/#\/schema\/person\/962c5e214a16b408badbd2e3e889decc\"},\"headline\":\"A Seguir: O In\u00edcio do Governo Bolsonaro e Movimento nos Mercados Globais\",\"datePublished\":\"2019-01-06T18:30:59+00:00\",\"dateModified\":\"2019-01-06T18:31:59+00:00\",\"mainEntityOfPage\":{\"@id\":\"https:\/\/www.suno.com.br\/noticias\/a-seguir-o-inicio-do-governo-bolsonaro-e-movimento-nos-mercados-globais\/\"},\"wordCount\":680,\"publisher\":{\"@id\":\"https:\/\/www.suno.com.br\/noticias\/#organization\"},\"image\":{\"@id\":\"https:\/\/www.suno.com.br\/noticias\/a-seguir-o-inicio-do-governo-bolsonaro-e-movimento-nos-mercados-globais\/#primaryimage\"},\"thumbnailUrl\":\"https:\/\/files.sunoresearch.com.br\/n\/uploads\/2019\/01\/8456b132-bolsonaro-jpg.webp\",\"keywords\":[\"Bolsa de Valores\",\"China\",\"Donald Trump\",\"Economia\",\"Jair Bolsonaro\"],\"articleSection\":[\"Mercado\"],\"inLanguage\":\"pt-BR\"},{\"@type\":\"WebPage\",\"@id\":\"https:\/\/www.suno.com.br\/noticias\/a-seguir-o-inicio-do-governo-bolsonaro-e-movimento-nos-mercados-globais\/\",\"url\":\"https:\/\/www.suno.com.br\/noticias\/a-seguir-o-inicio-do-governo-bolsonaro-e-movimento-nos-mercados-globais\/\",\"name\":\"A Seguir: O In\u00edcio do Governo Bolsonaro e Movimento nos Mercados Globais\",\"isPartOf\":{\"@id\":\"https:\/\/www.suno.com.br\/noticias\/#website\"},\"primaryImageOfPage\":{\"@id\":\"https:\/\/www.suno.com.br\/noticias\/a-seguir-o-inicio-do-governo-bolsonaro-e-movimento-nos-mercados-globais\/#primaryimage\"},\"image\":{\"@id\":\"https:\/\/www.suno.com.br\/noticias\/a-seguir-o-inicio-do-governo-bolsonaro-e-movimento-nos-mercados-globais\/#primaryimage\"},\"thumbnailUrl\":\"https:\/\/files.sunoresearch.com.br\/n\/uploads\/2019\/01\/8456b132-bolsonaro-jpg.webp\",\"datePublished\":\"2019-01-06T18:30:59+00:00\",\"dateModified\":\"2019-01-06T18:31:59+00:00\",\"breadcrumb\":{\"@id\":\"https:\/\/www.suno.com.br\/noticias\/a-seguir-o-inicio-do-governo-bolsonaro-e-movimento-nos-mercados-globais\/#breadcrumb\"},\"inLanguage\":\"pt-BR\",\"potentialAction\":[{\"@type\":\"ReadAction\",\"target\":[\"https:\/\/www.suno.com.br\/noticias\/a-seguir-o-inicio-do-governo-bolsonaro-e-movimento-nos-mercados-globais\/\"]}]},{\"@type\":\"ImageObject\",\"inLanguage\":\"pt-BR\",\"@id\":\"https:\/\/www.suno.com.br\/noticias\/a-seguir-o-inicio-do-governo-bolsonaro-e-movimento-nos-mercados-globais\/#primaryimage\",\"url\":\"https:\/\/files.sunoresearch.com.br\/n\/uploads\/2019\/01\/8456b132-bolsonaro-jpg.webp\",\"contentUrl\":\"https:\/\/files.sunoresearch.com.br\/n\/uploads\/2019\/01\/8456b132-bolsonaro-jpg.webp\",\"width\":1140,\"height\":760,\"caption\":\"Ex-presidente Michel Temer participa da cerim\u00f4nia de posse de Bolsonaro.\"},{\"@type\":\"BreadcrumbList\",\"@id\":\"https:\/\/www.suno.com.br\/noticias\/a-seguir-o-inicio-do-governo-bolsonaro-e-movimento-nos-mercados-globais\/#breadcrumb\",\"itemListElement\":[{\"@type\":\"ListItem\",\"position\":1,\"name\":\"Not\u00edcias\",\"item\":\"https:\/\/www.suno.com.br\/noticias\/\"},{\"@type\":\"ListItem\",\"position\":2,\"name\":\"Mercado\",\"item\":\"https:\/\/www.suno.com.br\/noticias\/mercado\/\"},{\"@type\":\"ListItem\",\"position\":3,\"name\":\"A Seguir: O In\u00edcio do Governo Bolsonaro e Movimento nos Mercados Globais\"}]},{\"@type\":\"WebSite\",\"@id\":\"https:\/\/www.suno.com.br\/noticias\/#website\",\"url\":\"https:\/\/www.suno.com.br\/noticias\/\",\"name\":\"Suno Not\u00edcias\",\"description\":\"Seu portal de informa\u00e7\u00e3o sobre o mundo dos investimentos\",\"publisher\":{\"@id\":\"https:\/\/www.suno.com.br\/noticias\/#organization\"},\"potentialAction\":[{\"@type\":\"SearchAction\",\"target\":{\"@type\":\"EntryPoint\",\"urlTemplate\":\"https:\/\/www.suno.com.br\/noticias\/?s={search_term_string}\"},\"query-input\":{\"@type\":\"PropertyValueSpecification\",\"valueRequired\":true,\"valueName\":\"search_term_string\"}}],\"inLanguage\":\"pt-BR\"},{\"@type\":\"Organization\",\"@id\":\"https:\/\/www.suno.com.br\/noticias\/#organization\",\"name\":\"Suno Not\u00edcias\",\"url\":\"https:\/\/www.suno.com.br\/noticias\/\",\"logo\":{\"@type\":\"ImageObject\",\"inLanguage\":\"pt-BR\",\"@id\":\"https:\/\/www.suno.com.br\/noticias\/#\/schema\/logo\/image\/\",\"url\":\"https:\/\/files.sunoresearch.com.br\/n\/uploads\/2021\/09\/suno-logo.png\",\"contentUrl\":\"https:\/\/files.sunoresearch.com.br\/n\/uploads\/2021\/09\/suno-logo.png\",\"width\":180,\"height\":180,\"caption\":\"Suno Not\u00edcias\"},\"image\":{\"@id\":\"https:\/\/www.suno.com.br\/noticias\/#\/schema\/logo\/image\/\"},\"sameAs\":[\"https:\/\/facebook.com\/sunoresearch\",\"https:\/\/x.com\/sunoresearch\",\"https:\/\/www.instagram.com\/suno\",\"https:\/\/www.linkedin.com\/company\/suno-research\/\",\"https:\/\/www.youtube.com\/c\/sunoresearch\"]},{\"@type\":\"Person\",\"@id\":\"https:\/\/www.suno.com.br\/noticias\/#\/schema\/person\/962c5e214a16b408badbd2e3e889decc\",\"name\":\"Jo\u00e3o Vitor Chaves Silva\",\"image\":{\"@type\":\"ImageObject\",\"inLanguage\":\"pt-BR\",\"@id\":\"https:\/\/www.suno.com.br\/noticias\/#\/schema\/person\/image\/\",\"url\":\"https:\/\/secure.gravatar.com\/avatar\/e2e62d3d83007a9c98150149e35d1c78?s=96&r=g\",\"contentUrl\":\"https:\/\/secure.gravatar.com\/avatar\/e2e62d3d83007a9c98150149e35d1c78?s=96&r=g\",\"caption\":\"Jo\u00e3o Vitor Chaves Silva\"},\"description\":\"Fundador do Empreenda Junto, 2\u00ba\u00a0Maior comunidade online de empreendedores do Brasil, 1\u00ba\u00a0Brasileiro e Pessoa mais jovem a receber o t\u00edtulo de Teacher Of New Ventures And Leadership pelo MIT GEB, COO da Suno Research.\",\"sameAs\":[\"https:\/\/www.suno.com.br\",\"https:\/\/www.facebook.com\/joaovitor2763\",\"https:\/\/x.com\/https:\/\/twitter.com\/joaovitor2763\"],\"url\":\"https:\/\/www.suno.com.br\/noticias\/author\/joao-vitor\/\"}]}<\/script>\n<!-- \/ Yoast SEO plugin. -->","yoast_head_json":{"title":"A Seguir: O In\u00edcio do Governo Bolsonaro e Movimento nos Mercados Globais","robots":{"index":"index","follow":"follow","max-snippet":"max-snippet:-1","max-image-preview":"max-image-preview:large","max-video-preview":"max-video-preview:-1"},"canonical":"https:\/\/www.suno.com.br\/noticias\/a-seguir-o-inicio-do-governo-bolsonaro-e-movimento-nos-mercados-globais\/","og_locale":"pt_BR","og_type":"article","og_title":"A Seguir: O In\u00edcio do Governo Bolsonaro e Movimento nos Mercados Globais","og_description":"O que deve movimentar a semana no Brasil Crescimento da produ\u00e7\u00e3o industrial Ex-presidente Michel Temer participa da cerim\u00f4nia de posse de Bolsonaro. O que deve movimentar a semana no Brasil Entre os pontos de maior destaque se encontra a libera\u00e7\u00e3o dos dados sobre o crescimento da produ\u00e7\u00e3o industrial nacional no comparativo anual com base em [&hellip;]","og_url":"https:\/\/www.suno.com.br\/noticias\/a-seguir-o-inicio-do-governo-bolsonaro-e-movimento-nos-mercados-globais\/","og_site_name":"Suno Not\u00edcias","article_publisher":"https:\/\/facebook.com\/sunoresearch","article_author":"https:\/\/www.facebook.com\/joaovitor2763","og_image":[{"width":1140,"height":760,"url":"https:\/\/files.sunoresearch.com.br\/n\/uploads\/2019\/01\/8456b132-bolsonaro.jpg","type":"image\/jpeg"}],"author":"Jo\u00e3o Vitor Chaves Silva","twitter_card":"summary_large_image","twitter_creator":"@https:\/\/twitter.com\/joaovitor2763","twitter_site":"@sunoresearch","twitter_misc":{"Escrito por":"Jo\u00e3o Vitor Chaves Silva","Est. tempo de leitura":"3 minutos"},"schema":{"@context":"https:\/\/schema.org","@graph":[{"@type":"NewsArticle","@id":"https:\/\/www.suno.com.br\/noticias\/a-seguir-o-inicio-do-governo-bolsonaro-e-movimento-nos-mercados-globais\/#article","isPartOf":{"@id":"https:\/\/www.suno.com.br\/noticias\/a-seguir-o-inicio-do-governo-bolsonaro-e-movimento-nos-mercados-globais\/"},"author":{"name":"Jo\u00e3o Vitor Chaves Silva","@id":"https:\/\/www.suno.com.br\/noticias\/#\/schema\/person\/962c5e214a16b408badbd2e3e889decc"},"headline":"A Seguir: O In\u00edcio do Governo Bolsonaro e Movimento nos Mercados Globais","datePublished":"2019-01-06T18:30:59+00:00","dateModified":"2019-01-06T18:31:59+00:00","mainEntityOfPage":{"@id":"https:\/\/www.suno.com.br\/noticias\/a-seguir-o-inicio-do-governo-bolsonaro-e-movimento-nos-mercados-globais\/"},"wordCount":680,"publisher":{"@id":"https:\/\/www.suno.com.br\/noticias\/#organization"},"image":{"@id":"https:\/\/www.suno.com.br\/noticias\/a-seguir-o-inicio-do-governo-bolsonaro-e-movimento-nos-mercados-globais\/#primaryimage"},"thumbnailUrl":"https:\/\/files.sunoresearch.com.br\/n\/uploads\/2019\/01\/8456b132-bolsonaro-jpg.webp","keywords":["Bolsa de Valores","China","Donald Trump","Economia","Jair Bolsonaro"],"articleSection":["Mercado"],"inLanguage":"pt-BR"},{"@type":"WebPage","@id":"https:\/\/www.suno.com.br\/noticias\/a-seguir-o-inicio-do-governo-bolsonaro-e-movimento-nos-mercados-globais\/","url":"https:\/\/www.suno.com.br\/noticias\/a-seguir-o-inicio-do-governo-bolsonaro-e-movimento-nos-mercados-globais\/","name":"A Seguir: O In\u00edcio do Governo Bolsonaro e Movimento nos Mercados Globais","isPartOf":{"@id":"https:\/\/www.suno.com.br\/noticias\/#website"},"primaryImageOfPage":{"@id":"https:\/\/www.suno.com.br\/noticias\/a-seguir-o-inicio-do-governo-bolsonaro-e-movimento-nos-mercados-globais\/#primaryimage"},"image":{"@id":"https:\/\/www.suno.com.br\/noticias\/a-seguir-o-inicio-do-governo-bolsonaro-e-movimento-nos-mercados-globais\/#primaryimage"},"thumbnailUrl":"https:\/\/files.sunoresearch.com.br\/n\/uploads\/2019\/01\/8456b132-bolsonaro-jpg.webp","datePublished":"2019-01-06T18:30:59+00:00","dateModified":"2019-01-06T18:31:59+00:00","breadcrumb":{"@id":"https:\/\/www.suno.com.br\/noticias\/a-seguir-o-inicio-do-governo-bolsonaro-e-movimento-nos-mercados-globais\/#breadcrumb"},"inLanguage":"pt-BR","potentialAction":[{"@type":"ReadAction","target":["https:\/\/www.suno.com.br\/noticias\/a-seguir-o-inicio-do-governo-bolsonaro-e-movimento-nos-mercados-globais\/"]}]},{"@type":"ImageObject","inLanguage":"pt-BR","@id":"https:\/\/www.suno.com.br\/noticias\/a-seguir-o-inicio-do-governo-bolsonaro-e-movimento-nos-mercados-globais\/#primaryimage","url":"https:\/\/files.sunoresearch.com.br\/n\/uploads\/2019\/01\/8456b132-bolsonaro-jpg.webp","contentUrl":"https:\/\/files.sunoresearch.com.br\/n\/uploads\/2019\/01\/8456b132-bolsonaro-jpg.webp","width":1140,"height":760,"caption":"Ex-presidente Michel Temer participa da cerim\u00f4nia de posse de Bolsonaro."},{"@type":"BreadcrumbList","@id":"https:\/\/www.suno.com.br\/noticias\/a-seguir-o-inicio-do-governo-bolsonaro-e-movimento-nos-mercados-globais\/#breadcrumb","itemListElement":[{"@type":"ListItem","position":1,"name":"Not\u00edcias","item":"https:\/\/www.suno.com.br\/noticias\/"},{"@type":"ListItem","position":2,"name":"Mercado","item":"https:\/\/www.suno.com.br\/noticias\/mercado\/"},{"@type":"ListItem","position":3,"name":"A Seguir: O In\u00edcio do Governo Bolsonaro e Movimento nos Mercados Globais"}]},{"@type":"WebSite","@id":"https:\/\/www.suno.com.br\/noticias\/#website","url":"https:\/\/www.suno.com.br\/noticias\/","name":"Suno Not\u00edcias","description":"Seu portal de informa\u00e7\u00e3o sobre o mundo dos investimentos","publisher":{"@id":"https:\/\/www.suno.com.br\/noticias\/#organization"},"potentialAction":[{"@type":"SearchAction","target":{"@type":"EntryPoint","urlTemplate":"https:\/\/www.suno.com.br\/noticias\/?s={search_term_string}"},"query-input":{"@type":"PropertyValueSpecification","valueRequired":true,"valueName":"search_term_string"}}],"inLanguage":"pt-BR"},{"@type":"Organization","@id":"https:\/\/www.suno.com.br\/noticias\/#organization","name":"Suno Not\u00edcias","url":"https:\/\/www.suno.com.br\/noticias\/","logo":{"@type":"ImageObject","inLanguage":"pt-BR","@id":"https:\/\/www.suno.com.br\/noticias\/#\/schema\/logo\/image\/","url":"https:\/\/files.sunoresearch.com.br\/n\/uploads\/2021\/09\/suno-logo.png","contentUrl":"https:\/\/files.sunoresearch.com.br\/n\/uploads\/2021\/09\/suno-logo.png","width":180,"height":180,"caption":"Suno Not\u00edcias"},"image":{"@id":"https:\/\/www.suno.com.br\/noticias\/#\/schema\/logo\/image\/"},"sameAs":["https:\/\/facebook.com\/sunoresearch","https:\/\/x.com\/sunoresearch","https:\/\/www.instagram.com\/suno","https:\/\/www.linkedin.com\/company\/suno-research\/","https:\/\/www.youtube.com\/c\/sunoresearch"]},{"@type":"Person","@id":"https:\/\/www.suno.com.br\/noticias\/#\/schema\/person\/962c5e214a16b408badbd2e3e889decc","name":"Jo\u00e3o Vitor Chaves Silva","image":{"@type":"ImageObject","inLanguage":"pt-BR","@id":"https:\/\/www.suno.com.br\/noticias\/#\/schema\/person\/image\/","url":"https:\/\/secure.gravatar.com\/avatar\/e2e62d3d83007a9c98150149e35d1c78?s=96&r=g","contentUrl":"https:\/\/secure.gravatar.com\/avatar\/e2e62d3d83007a9c98150149e35d1c78?s=96&r=g","caption":"Jo\u00e3o Vitor Chaves Silva"},"description":"Fundador do Empreenda Junto, 2\u00ba\u00a0Maior comunidade online de empreendedores do Brasil, 1\u00ba\u00a0Brasileiro e Pessoa mais jovem a receber o t\u00edtulo de Teacher Of New Ventures And Leadership pelo MIT GEB, COO da Suno Research.","sameAs":["https:\/\/www.suno.com.br","https:\/\/www.facebook.com\/joaovitor2763","https:\/\/x.com\/https:\/\/twitter.com\/joaovitor2763"],"url":"https:\/\/www.suno.com.br\/noticias\/author\/joao-vitor\/"}]}},"default_loop_html":"<div class=\"cardsPage__listCard__boxs\"><div class=\"cardsPage__listCard__boxs__img\"><a href=\"https:\/\/www.suno.com.br\/noticias\/a-seguir-o-inicio-do-governo-bolsonaro-e-movimento-nos-mercados-globais\/\"><img class=\"mask\" src=\"https:\/\/www.suno.com.br\/noticias\/wp-content\/themes\/suno\/resources\/images\/spotlight\/spotlight1img\/bg-mask.png\" alt=\"Image Mask\"\/><img src=\"https:\/\/files.sunoresearch.com.br\/n\/uploads\/2019\/01\/8456b132-bolsonaro-400x200.webp\" alt=\"A Seguir: O In\u00edcio do Governo Bolsonaro e Movimento nos Mercados Globais\"\/><\/a><span class=\"spotlightCategory\"><a href=\"https:\/\/www.suno.com.br\/noticias\/mercado\/\">Mercado<\/a><\/span><\/div><div class=\"cardsPage__listCard__boxs__content\"><a href=\"https:\/\/www.suno.com.br\/noticias\/a-seguir-o-inicio-do-governo-bolsonaro-e-movimento-nos-mercados-globais\/\"><h2 class=\"content__title\">A Seguir: O In\u00edcio do Governo Bolsonaro e Movimento nos Mercados Globais<\/h2><\/a><div class=\"newsContent__article__meta\"><div class=\"newsContent__article__meta__authorBox\"><a href=\"https:\/\/www.suno.com.br\/noticias\/author\/joao-vitor\/\" class=\"authorBox__avatar noMobi\"><img src=\"https:\/\/secure.gravatar.com\/avatar\/e2e62d3d83007a9c98150149e35d1c78?s=96&#038;r=g\" alt=\"Jo\u00e3o Vitor Chaves Silva\"><\/a><div class=\"authorBox__name\"><span>por\n\t\t\t<a href=\"https:\/\/www.suno.com.br\/noticias\/author\/joao-vitor\/\"><span itemprop=\"author\">Jo\u00e3o Vitor Chaves Silva<\/span><\/a><\/span><time datetime=\"2019-01-06T16:30:59-02:00\" itemprop=\"datePublished\">06\/01\/2019 16:30<\/time><\/div><\/div><\/div><\/div><\/div>","single_layout":"posts","amp_enabled":true,"_links":{"self":[{"href":"https:\/\/www.suno.com.br\/noticias\/wp-json\/wp\/v2\/posts\/10499"}],"collection":[{"href":"https:\/\/www.suno.com.br\/noticias\/wp-json\/wp\/v2\/posts"}],"about":[{"href":"https:\/\/www.suno.com.br\/noticias\/wp-json\/wp\/v2\/types\/post"}],"author":[{"embeddable":true,"href":"https:\/\/www.suno.com.br\/noticias\/wp-json\/wp\/v2\/users\/2"}],"replies":[{"embeddable":true,"href":"https:\/\/www.suno.com.br\/noticias\/wp-json\/wp\/v2\/comments?post=10499"}],"version-history":[{"count":0,"href":"https:\/\/www.suno.com.br\/noticias\/wp-json\/wp\/v2\/posts\/10499\/revisions"}],"wp:featuredmedia":[{"embeddable":true,"href":"https:\/\/www.suno.com.br\/noticias\/wp-json\/wp\/v2\/media\/10062"}],"wp:attachment":[{"href":"https:\/\/www.suno.com.br\/noticias\/wp-json\/wp\/v2\/media?parent=10499"}],"wp:term":[{"taxonomy":"category","embeddable":true,"href":"https:\/\/www.suno.com.br\/noticias\/wp-json\/wp\/v2\/categories?post=10499"},{"taxonomy":"post_tag","embeddable":true,"href":"https:\/\/www.suno.com.br\/noticias\/wp-json\/wp\/v2\/tags?post=10499"},{"taxonomy":"suno_strategy","embeddable":true,"href":"https:\/\/www.suno.com.br\/noticias\/wp-json\/wp\/v2\/suno_strategy?post=10499"}],"curies":[{"name":"wp","href":"https:\/\/api.w.org\/{rel}","templated":true}]}}