{"id":104899,"date":"2020-12-02T15:17:08","date_gmt":"2020-12-02T18:17:08","guid":{"rendered":"https:\/\/www.suno.com.br\/noticias\/?p=104899"},"modified":"2020-12-02T17:22:11","modified_gmt":"2020-12-02T20:22:11","slug":"aes-tiete-tiet11-preve-receber-mais-de-r-636-mi-de-indenizacao","status":"publish","type":"post","link":"https:\/\/www.suno.com.br\/noticias\/aes-tiete-tiet11-preve-receber-mais-de-r-636-mi-de-indenizacao\/","title":{"rendered":"AES Tiet\u00ea (TIET11) prev\u00ea receber mais de R$ 636 mi de indeniza\u00e7\u00e3o por risco hidrol\u00f3gico"},"content":{"rendered":"<p>A <a href=\"https:\/\/www.suno.com.br\/acoes\/tiet11\/\"><strong>AES Tiet\u00ea Energia<\/strong> (<\/a><a href=\"https:\/\/www.suno.com.br\/acoes\/tiet11\/\" target=\"_blank\" rel=\"noopener noreferrer\">TIET11<\/a><a href=\"https:\/\/www.suno.com.br\/acoes\/tiet11\/\">)<\/a> informou ao mercado nesta quarta-feira (2) que &#8220;embora n\u00e3o se saiba ainda o valor exato a ser ressarcido&#8221; projeta receber um montante final superior a R$ 636 milh\u00f5es de indeniza\u00e7\u00e3o da C\u00e2mara de Comercializa\u00e7\u00e3o de Energia El\u00e9trica (CCEE) devido \u00e0 aprova\u00e7\u00e3o de novas condi\u00e7\u00f5es para a repactua\u00e7\u00e3o do risco hidrol\u00f3gico de energia el\u00e9trica (GSF) pela Ag\u00eancia Nacional de Energia El\u00e9trica (Aneel).<\/p>\t<div class=\"wrapper-featured-image\">\n\t\t<figure class=\"spotlightImg\">\n\n\t\t\t<picture>\n\t\t\t\t<source media=\"(max-width: 768px)\" srcset=\"https:\/\/files.sunoresearch.com.br\/n\/uploads\/2019\/02\/390de0f9-aes-tiet\u00ea-e1557240517461-400x200.webp\">\n\t\t\t\t<img loading=\"lazy\" decoding=\"async\" class=\"newsContent__article__imgCapa lazyloadDisabled \" src=\"https:\/\/files.sunoresearch.com.br\/n\/uploads\/2019\/02\/390de0f9-aes-tiet\u00ea-e1557240517461-jpg.webp\" width=\"800\" height=\"450\" alt=\"AES Tiet\u00ea (TIET11) prev\u00ea receber mais de R$ 636 mi de indeniza\u00e7\u00e3o por risco hidrol\u00f3gico\" fetchpriority=high \/>\n\t\t\t<\/picture>\n\n\t\t\t<figcaption class=\"wp-caption-text wp-caption-text--show\">AES Tiet\u00ea (foto: divulga\u00e7\u00e3o)<\/figcaption>\n\t\t<\/figure>\n\t<\/div>\n\n\n\t<p>\n\t\t<a href=\"https:\/\/lp.suno.com.br\/planilha-controle-gastos\/\" target=\"_blank\" data-element=\"shortcode-suno-banner\" title=\"Banner SUNO, clique e saiba mais\">\n\t\t\t<picture>\n\t\t\t\t<source media=\"(max-width: 500px)\" srcset=\"https:\/\/files.sunoresearch.com.br\/n\/uploads\/2023\/03\/400x300-Planilha-controle-de-gastos.png\">\n\t\t\t\t<img class=\"newsContent__article__imgCapa newsContent__article__imgCapa--banner\"\n\t\t\t\t\tsrc=\"https:\/\/files.sunoresearch.com.br\/n\/uploads\/2023\/03\/1420x240-Planilha-controle-de-gastos.png\"\n\t\t\t\t\tdata-promo-id=\"101751\"\t\t\t\t\t\t\t\t\t\twidth='1420' height='240'\t\t\t\t\talt=\"https:\/\/files.sunoresearch.com.br\/n\/uploads\/2023\/03\/1420x240-Planilha-controle-de-gastos.png\"\n\t\t\t\t>\n\t\t\t<\/picture>\n\t\t<\/a>\n\t<\/p>\n\n\n<p>Diante disso, a CCEE ter\u00e1 at\u00e9 90 dias contados a partir desta quarta-feira para calcular os n\u00fameros finais da indeniza\u00e7\u00e3o conforme par\u00e2metros estabelecidos, os quais dever\u00e3o ser publicados pela Aneel em at\u00e9 30 dias subsequentes, segundo o documento publicado pela AES Tiet\u00ea.<\/p>\n<p>Ap\u00f3s a publica\u00e7\u00e3o dos c\u00e1lculos finais, a companhia avaliar\u00e1 as condi\u00e7\u00f5es para definir, em at\u00e9 60 dias, se aderir\u00e1 aos termos do acordo proposto pela resolu\u00e7\u00e3o e, consequentemente, desistir\u00e1 da a\u00e7\u00e3o judicial que suspende a liquida\u00e7\u00e3o do <strong>GSF<\/strong> referente ao per\u00edodo entre 2015 e fevereiro de 2018.<\/p>\n\t<p>\n\t\t<a href=\"https:\/\/lp.suno.com.br\/planilha-controle-gastos\/\" target=\"_blank\" data-element=\"shortcode-suno-banner\" title=\"Banner SUNO, clique e saiba mais\">\n\t\t\t<picture>\n\t\t\t\t<source media=\"(max-width: 500px)\" srcset=\"https:\/\/files.sunoresearch.com.br\/n\/uploads\/2023\/03\/400x300-Planilha-controle-de-gastos.png\">\n\t\t\t\t<img class=\"newsContent__article__imgCapa newsContent__article__imgCapa--banner\"\n\t\t\t\t\tsrc=\"https:\/\/files.sunoresearch.com.br\/n\/uploads\/2023\/03\/1420x240-Planilha-controle-de-gastos.png\"\n\t\t\t\t\tdata-promo-id=\"101751\"\t\t\t\t\t\t\t\t\t\twidth='1420' height='240'\t\t\t\t\talt=\"https:\/\/files.sunoresearch.com.br\/n\/uploads\/2023\/03\/1420x240-Planilha-controle-de-gastos.png\"\n\t\t\t\t>\n\t\t\t<\/picture>\n\t\t<\/a>\n\t<\/p>\n\n\n<h2>AES Tiet\u00ea tem lucro l\u00edquido de R$ 51,1 milh\u00f5es no 3T20, queda de 47,3%<\/h2>\n<p><a href=\"https:\/\/lp.suno.com.br\/suno-one\/\">Suno One: acesse gratuitamente eBooks, Minicursos, Artigos e Video Aulas sobre investimentos com um \u00fanico cadastro. Clique para saber mais!<\/a><\/p>\n<p>A AES Tiet\u00ea registrou <a href=\"https:\/\/www.suno.com.br\/artigos\/lucro-liquido\/\" target=\"_blank\" rel=\"noopener noreferrer\">lucro l\u00edquido<\/a> de R$ 51,1 milh\u00f5es no terceiro trimestre de 2020, queda de 47,3% em rela\u00e7\u00e3o ao mesmo per\u00edodo do ano passado. De acordo com a companhia, houve um impacto negativo de uma despesa com atualiza\u00e7\u00e3o monet\u00e1ria do passivo de risco hidrol\u00f3gico (GSF), que somou R$ 100,7 milh\u00f5es.<\/p>\n<p><a href=\"https:\/\/www.suno.com.br\/noticias\/aes-tiete-tiet11-lucro-liquido-cai-terceiro-trimestre-2020\/\">Veja Tamb\u00e9m: AES Tiet\u00ea (TIET11) tem lucro l\u00edquido de R$ 51,1 milh\u00f5es no terceiro trimestre, queda de 47,3%<\/a><\/p>\n<p>O resultado financeiro do trimestre foi negativo em R$ 184,7 milh\u00f5es, enquanto no ano anterior havia sido negativo em R$ 65,7 milh\u00f5es.<\/p>\n<p>O <strong>Ebitda<\/strong> (lucro antes de juros, impostos, amortiza\u00e7\u00e3o e deprecia\u00e7\u00e3o) foi de R$ 311,7, avan\u00e7o de 22,3% na compara\u00e7\u00e3o anual. Segundo o release de resultados, o resultado do Ebitda se deve ao aumento da margem l\u00edquida consolidada em todos os ativos da <strong>AES Tiet\u00ea<\/strong>.<\/p>\n\t<p>\n\t\t<a href=\"https:\/\/lp.suno.com.br\/planilha-controle-gastos\/\" target=\"_blank\" data-element=\"shortcode-suno-banner\" title=\"Banner SUNO, clique e saiba mais\">\n\t\t\t<picture>\n\t\t\t\t<source media=\"(max-width: 500px)\" srcset=\"https:\/\/files.sunoresearch.com.br\/n\/uploads\/2023\/03\/400x300-Planilha-controle-de-gastos.png\">\n\t\t\t\t<img class=\"newsContent__article__imgCapa newsContent__article__imgCapa--banner\"\n\t\t\t\t\tsrc=\"https:\/\/files.sunoresearch.com.br\/n\/uploads\/2023\/03\/1420x240-Planilha-controle-de-gastos.png\"\n\t\t\t\t\tdata-promo-id=\"101751\"\t\t\t\t\t\t\t\t\t\twidth='1420' height='240'\t\t\t\t\talt=\"https:\/\/files.sunoresearch.com.br\/n\/uploads\/2023\/03\/1420x240-Planilha-controle-de-gastos.png\"\n\t\t\t\t>\n\t\t\t<\/picture>\n\t\t<\/a>\n\t<\/p>\n\n\n<p>&nbsp;<\/p>\n","protected":false},"excerpt":{"rendered":"<p>A AES Tiet\u00ea Energia (TIET11) informou ao mercado nesta quarta-feira (2) que &#8220;embora n\u00e3o se saiba ainda o valor exato a ser ressarcido&#8221; projeta receber um montante final superior a R$ 636 milh\u00f5es de indeniza\u00e7\u00e3o da C\u00e2mara de Comercializa\u00e7\u00e3o de Energia El\u00e9trica (CCEE) devido \u00e0 aprova\u00e7\u00e3o de novas condi\u00e7\u00f5es para a repactua\u00e7\u00e3o do risco hidrol\u00f3gico [&hellip;]<\/p>\n","protected":false},"author":56,"featured_media":16943,"comment_status":"closed","ping_status":"closed","sticky":false,"template":"","format":"standard","meta":[],"categories":[64],"tags":[347,896],"suno_strategy":[],"class_list":["post-104899","post","type-post","status-publish","format-standard","has-post-thumbnail","hentry","category-negocios","tag-aes-tiete-tiet3-tiet4-tiet11","tag-aneel"],"yoast_head":"<!-- This site is optimized with the Yoast SEO plugin v24.4 - https:\/\/yoast.com\/wordpress\/plugins\/seo\/ -->\n<title>AES Tiet\u00ea prev\u00ea receber R$ 636 mi de indeniza\u00e7\u00e3o por risco hidrol\u00f3gico<\/title>\n<meta name=\"description\" content=\"A indeniza\u00e7\u00e3o que a AES Tiet\u00ea receber\u00e1 \u00e9 decorrente da repactua\u00e7\u00e3o do risco hidrol\u00f3gico. Clique aqui para saber mais.\" \/>\n<meta name=\"robots\" content=\"index, follow, max-snippet:-1, max-image-preview:large, max-video-preview:-1\" \/>\n<link rel=\"canonical\" href=\"https:\/\/www.suno.com.br\/noticias\/aes-tiete-tiet11-preve-receber-mais-de-r-636-mi-de-indenizacao\/\" \/>\n<meta property=\"og:locale\" content=\"pt_BR\" \/>\n<meta property=\"og:type\" content=\"article\" \/>\n<meta property=\"og:title\" content=\"AES Tiet\u00ea prev\u00ea receber R$ 636 mi de indeniza\u00e7\u00e3o por risco hidrol\u00f3gico\" \/>\n<meta property=\"og:description\" content=\"A indeniza\u00e7\u00e3o que a AES Tiet\u00ea receber\u00e1 \u00e9 decorrente da repactua\u00e7\u00e3o do risco hidrol\u00f3gico. Clique aqui para saber mais.\" \/>\n<meta property=\"og:url\" content=\"https:\/\/www.suno.com.br\/noticias\/aes-tiete-tiet11-preve-receber-mais-de-r-636-mi-de-indenizacao\/\" \/>\n<meta property=\"og:site_name\" content=\"Suno Not\u00edcias\" \/>\n<meta property=\"article:publisher\" content=\"https:\/\/facebook.com\/sunoresearch\" \/>\n<meta property=\"og:image\" content=\"https:\/\/files.sunoresearch.com.br\/n\/uploads\/2019\/02\/390de0f9-aes-tiet\u00ea-e1557240517461.jpg\" \/>\n\t<meta property=\"og:image:width\" content=\"778\" \/>\n\t<meta property=\"og:image:height\" content=\"397\" \/>\n\t<meta property=\"og:image:type\" content=\"image\/jpeg\" \/>\n<meta name=\"author\" content=\"Rafaela La Regina\" \/>\n<meta name=\"twitter:card\" content=\"summary_large_image\" \/>\n<meta name=\"twitter:creator\" content=\"@sunoresearch\" \/>\n<meta name=\"twitter:site\" content=\"@sunoresearch\" \/>\n<meta name=\"twitter:label1\" content=\"Escrito por\" \/>\n\t<meta name=\"twitter:data1\" content=\"Rafaela La Regina\" \/>\n\t<meta name=\"twitter:label2\" content=\"Est. tempo de leitura\" \/>\n\t<meta name=\"twitter:data2\" content=\"2 minutos\" \/>\n<script type=\"application\/ld+json\" class=\"yoast-schema-graph\">{\"@context\":\"https:\/\/schema.org\",\"@graph\":[{\"@type\":\"NewsArticle\",\"@id\":\"https:\/\/www.suno.com.br\/noticias\/aes-tiete-tiet11-preve-receber-mais-de-r-636-mi-de-indenizacao\/#article\",\"isPartOf\":{\"@id\":\"https:\/\/www.suno.com.br\/noticias\/aes-tiete-tiet11-preve-receber-mais-de-r-636-mi-de-indenizacao\/\"},\"author\":{\"name\":\"Rafaela La Regina\",\"@id\":\"https:\/\/www.suno.com.br\/noticias\/#\/schema\/person\/e672ca8cea627fe715fa29bca7da95e0\"},\"headline\":\"AES Tiet\u00ea (TIET11) prev\u00ea receber mais de R$ 636 mi de indeniza\u00e7\u00e3o por risco hidrol\u00f3gico\",\"datePublished\":\"2020-12-02T18:17:08+00:00\",\"dateModified\":\"2020-12-02T20:22:11+00:00\",\"mainEntityOfPage\":{\"@id\":\"https:\/\/www.suno.com.br\/noticias\/aes-tiete-tiet11-preve-receber-mais-de-r-636-mi-de-indenizacao\/\"},\"wordCount\":376,\"publisher\":{\"@id\":\"https:\/\/www.suno.com.br\/noticias\/#organization\"},\"image\":{\"@id\":\"https:\/\/www.suno.com.br\/noticias\/aes-tiete-tiet11-preve-receber-mais-de-r-636-mi-de-indenizacao\/#primaryimage\"},\"thumbnailUrl\":\"https:\/\/files.sunoresearch.com.br\/n\/uploads\/2019\/02\/390de0f9-aes-tiet\u00ea-e1557240517461-jpg.webp\",\"keywords\":[\"AES Tiet\u00ea (TIET3\/TIET4\/TIET11)\",\"Aneel\"],\"articleSection\":[\"Neg\u00f3cios\"],\"inLanguage\":\"pt-BR\"},{\"@type\":\"WebPage\",\"@id\":\"https:\/\/www.suno.com.br\/noticias\/aes-tiete-tiet11-preve-receber-mais-de-r-636-mi-de-indenizacao\/\",\"url\":\"https:\/\/www.suno.com.br\/noticias\/aes-tiete-tiet11-preve-receber-mais-de-r-636-mi-de-indenizacao\/\",\"name\":\"AES Tiet\u00ea prev\u00ea receber R$ 636 mi de indeniza\u00e7\u00e3o por risco hidrol\u00f3gico\",\"isPartOf\":{\"@id\":\"https:\/\/www.suno.com.br\/noticias\/#website\"},\"primaryImageOfPage\":{\"@id\":\"https:\/\/www.suno.com.br\/noticias\/aes-tiete-tiet11-preve-receber-mais-de-r-636-mi-de-indenizacao\/#primaryimage\"},\"image\":{\"@id\":\"https:\/\/www.suno.com.br\/noticias\/aes-tiete-tiet11-preve-receber-mais-de-r-636-mi-de-indenizacao\/#primaryimage\"},\"thumbnailUrl\":\"https:\/\/files.sunoresearch.com.br\/n\/uploads\/2019\/02\/390de0f9-aes-tiet\u00ea-e1557240517461-jpg.webp\",\"datePublished\":\"2020-12-02T18:17:08+00:00\",\"dateModified\":\"2020-12-02T20:22:11+00:00\",\"description\":\"A indeniza\u00e7\u00e3o que a AES Tiet\u00ea receber\u00e1 \u00e9 decorrente da repactua\u00e7\u00e3o do risco hidrol\u00f3gico. Clique aqui para saber mais.\",\"breadcrumb\":{\"@id\":\"https:\/\/www.suno.com.br\/noticias\/aes-tiete-tiet11-preve-receber-mais-de-r-636-mi-de-indenizacao\/#breadcrumb\"},\"inLanguage\":\"pt-BR\",\"potentialAction\":[{\"@type\":\"ReadAction\",\"target\":[\"https:\/\/www.suno.com.br\/noticias\/aes-tiete-tiet11-preve-receber-mais-de-r-636-mi-de-indenizacao\/\"]}]},{\"@type\":\"ImageObject\",\"inLanguage\":\"pt-BR\",\"@id\":\"https:\/\/www.suno.com.br\/noticias\/aes-tiete-tiet11-preve-receber-mais-de-r-636-mi-de-indenizacao\/#primaryimage\",\"url\":\"https:\/\/files.sunoresearch.com.br\/n\/uploads\/2019\/02\/390de0f9-aes-tiet\u00ea-e1557240517461-jpg.webp\",\"contentUrl\":\"https:\/\/files.sunoresearch.com.br\/n\/uploads\/2019\/02\/390de0f9-aes-tiet\u00ea-e1557240517461-jpg.webp\",\"width\":778,\"height\":397,\"caption\":\"AES Tiet\u00ea (foto: divulga\u00e7\u00e3o)\"},{\"@type\":\"BreadcrumbList\",\"@id\":\"https:\/\/www.suno.com.br\/noticias\/aes-tiete-tiet11-preve-receber-mais-de-r-636-mi-de-indenizacao\/#breadcrumb\",\"itemListElement\":[{\"@type\":\"ListItem\",\"position\":1,\"name\":\"Not\u00edcias\",\"item\":\"https:\/\/www.suno.com.br\/noticias\/\"},{\"@type\":\"ListItem\",\"position\":2,\"name\":\"Neg\u00f3cios\",\"item\":\"https:\/\/www.suno.com.br\/noticias\/negocios\/\"},{\"@type\":\"ListItem\",\"position\":3,\"name\":\"AES Tiet\u00ea (TIET11) prev\u00ea receber mais de R$ 636 mi de indeniza\u00e7\u00e3o por risco hidrol\u00f3gico\"}]},{\"@type\":\"WebSite\",\"@id\":\"https:\/\/www.suno.com.br\/noticias\/#website\",\"url\":\"https:\/\/www.suno.com.br\/noticias\/\",\"name\":\"Suno Not\u00edcias\",\"description\":\"Seu portal de informa\u00e7\u00e3o sobre o mundo dos investimentos\",\"publisher\":{\"@id\":\"https:\/\/www.suno.com.br\/noticias\/#organization\"},\"potentialAction\":[{\"@type\":\"SearchAction\",\"target\":{\"@type\":\"EntryPoint\",\"urlTemplate\":\"https:\/\/www.suno.com.br\/noticias\/?s={search_term_string}\"},\"query-input\":{\"@type\":\"PropertyValueSpecification\",\"valueRequired\":true,\"valueName\":\"search_term_string\"}}],\"inLanguage\":\"pt-BR\"},{\"@type\":\"Organization\",\"@id\":\"https:\/\/www.suno.com.br\/noticias\/#organization\",\"name\":\"Suno Not\u00edcias\",\"url\":\"https:\/\/www.suno.com.br\/noticias\/\",\"logo\":{\"@type\":\"ImageObject\",\"inLanguage\":\"pt-BR\",\"@id\":\"https:\/\/www.suno.com.br\/noticias\/#\/schema\/logo\/image\/\",\"url\":\"https:\/\/files.sunoresearch.com.br\/n\/uploads\/2021\/09\/suno-logo.png\",\"contentUrl\":\"https:\/\/files.sunoresearch.com.br\/n\/uploads\/2021\/09\/suno-logo.png\",\"width\":180,\"height\":180,\"caption\":\"Suno Not\u00edcias\"},\"image\":{\"@id\":\"https:\/\/www.suno.com.br\/noticias\/#\/schema\/logo\/image\/\"},\"sameAs\":[\"https:\/\/facebook.com\/sunoresearch\",\"https:\/\/x.com\/sunoresearch\",\"https:\/\/www.instagram.com\/suno\",\"https:\/\/www.linkedin.com\/company\/suno-research\/\",\"https:\/\/www.youtube.com\/c\/sunoresearch\"]},{\"@type\":\"Person\",\"@id\":\"https:\/\/www.suno.com.br\/noticias\/#\/schema\/person\/e672ca8cea627fe715fa29bca7da95e0\",\"name\":\"Rafaela La Regina\",\"image\":{\"@type\":\"ImageObject\",\"inLanguage\":\"pt-BR\",\"@id\":\"https:\/\/www.suno.com.br\/noticias\/#\/schema\/person\/image\/\",\"url\":\"https:\/\/secure.gravatar.com\/avatar\/d2c75a52d243deb93d0465fdcb21bd37?s=96&r=g\",\"contentUrl\":\"https:\/\/secure.gravatar.com\/avatar\/d2c75a52d243deb93d0465fdcb21bd37?s=96&r=g\",\"caption\":\"Rafaela La Regina\"},\"description\":\"Estagi\u00e1ria no Suno Not\u00edcias. Escreve sobre economia, pol\u00edtica e neg\u00f3cios. Estuda Rela\u00e7\u00f5es Internacionais no IBMEC-SP.\",\"url\":\"https:\/\/www.suno.com.br\/noticias\/author\/rafaela-la-regina\/\"}]}<\/script>\n<!-- \/ Yoast SEO plugin. -->","yoast_head_json":{"title":"AES Tiet\u00ea prev\u00ea receber R$ 636 mi de indeniza\u00e7\u00e3o por risco hidrol\u00f3gico","description":"A indeniza\u00e7\u00e3o que a AES Tiet\u00ea receber\u00e1 \u00e9 decorrente da repactua\u00e7\u00e3o do risco hidrol\u00f3gico. Clique aqui para saber mais.","robots":{"index":"index","follow":"follow","max-snippet":"max-snippet:-1","max-image-preview":"max-image-preview:large","max-video-preview":"max-video-preview:-1"},"canonical":"https:\/\/www.suno.com.br\/noticias\/aes-tiete-tiet11-preve-receber-mais-de-r-636-mi-de-indenizacao\/","og_locale":"pt_BR","og_type":"article","og_title":"AES Tiet\u00ea prev\u00ea receber R$ 636 mi de indeniza\u00e7\u00e3o por risco hidrol\u00f3gico","og_description":"A indeniza\u00e7\u00e3o que a AES Tiet\u00ea receber\u00e1 \u00e9 decorrente da repactua\u00e7\u00e3o do risco hidrol\u00f3gico. Clique aqui para saber mais.","og_url":"https:\/\/www.suno.com.br\/noticias\/aes-tiete-tiet11-preve-receber-mais-de-r-636-mi-de-indenizacao\/","og_site_name":"Suno Not\u00edcias","article_publisher":"https:\/\/facebook.com\/sunoresearch","og_image":[{"width":778,"height":397,"url":"https:\/\/files.sunoresearch.com.br\/n\/uploads\/2019\/02\/390de0f9-aes-tiet\u00ea-e1557240517461.jpg","type":"image\/jpeg"}],"author":"Rafaela La Regina","twitter_card":"summary_large_image","twitter_creator":"@sunoresearch","twitter_site":"@sunoresearch","twitter_misc":{"Escrito por":"Rafaela La Regina","Est. tempo de leitura":"2 minutos"},"schema":{"@context":"https:\/\/schema.org","@graph":[{"@type":"NewsArticle","@id":"https:\/\/www.suno.com.br\/noticias\/aes-tiete-tiet11-preve-receber-mais-de-r-636-mi-de-indenizacao\/#article","isPartOf":{"@id":"https:\/\/www.suno.com.br\/noticias\/aes-tiete-tiet11-preve-receber-mais-de-r-636-mi-de-indenizacao\/"},"author":{"name":"Rafaela La Regina","@id":"https:\/\/www.suno.com.br\/noticias\/#\/schema\/person\/e672ca8cea627fe715fa29bca7da95e0"},"headline":"AES Tiet\u00ea (TIET11) prev\u00ea receber mais de R$ 636 mi de indeniza\u00e7\u00e3o por risco hidrol\u00f3gico","datePublished":"2020-12-02T18:17:08+00:00","dateModified":"2020-12-02T20:22:11+00:00","mainEntityOfPage":{"@id":"https:\/\/www.suno.com.br\/noticias\/aes-tiete-tiet11-preve-receber-mais-de-r-636-mi-de-indenizacao\/"},"wordCount":376,"publisher":{"@id":"https:\/\/www.suno.com.br\/noticias\/#organization"},"image":{"@id":"https:\/\/www.suno.com.br\/noticias\/aes-tiete-tiet11-preve-receber-mais-de-r-636-mi-de-indenizacao\/#primaryimage"},"thumbnailUrl":"https:\/\/files.sunoresearch.com.br\/n\/uploads\/2019\/02\/390de0f9-aes-tiet\u00ea-e1557240517461-jpg.webp","keywords":["AES Tiet\u00ea (TIET3\/TIET4\/TIET11)","Aneel"],"articleSection":["Neg\u00f3cios"],"inLanguage":"pt-BR"},{"@type":"WebPage","@id":"https:\/\/www.suno.com.br\/noticias\/aes-tiete-tiet11-preve-receber-mais-de-r-636-mi-de-indenizacao\/","url":"https:\/\/www.suno.com.br\/noticias\/aes-tiete-tiet11-preve-receber-mais-de-r-636-mi-de-indenizacao\/","name":"AES Tiet\u00ea prev\u00ea receber R$ 636 mi de indeniza\u00e7\u00e3o por risco hidrol\u00f3gico","isPartOf":{"@id":"https:\/\/www.suno.com.br\/noticias\/#website"},"primaryImageOfPage":{"@id":"https:\/\/www.suno.com.br\/noticias\/aes-tiete-tiet11-preve-receber-mais-de-r-636-mi-de-indenizacao\/#primaryimage"},"image":{"@id":"https:\/\/www.suno.com.br\/noticias\/aes-tiete-tiet11-preve-receber-mais-de-r-636-mi-de-indenizacao\/#primaryimage"},"thumbnailUrl":"https:\/\/files.sunoresearch.com.br\/n\/uploads\/2019\/02\/390de0f9-aes-tiet\u00ea-e1557240517461-jpg.webp","datePublished":"2020-12-02T18:17:08+00:00","dateModified":"2020-12-02T20:22:11+00:00","description":"A indeniza\u00e7\u00e3o que a AES Tiet\u00ea receber\u00e1 \u00e9 decorrente da repactua\u00e7\u00e3o do risco hidrol\u00f3gico. Clique aqui para saber mais.","breadcrumb":{"@id":"https:\/\/www.suno.com.br\/noticias\/aes-tiete-tiet11-preve-receber-mais-de-r-636-mi-de-indenizacao\/#breadcrumb"},"inLanguage":"pt-BR","potentialAction":[{"@type":"ReadAction","target":["https:\/\/www.suno.com.br\/noticias\/aes-tiete-tiet11-preve-receber-mais-de-r-636-mi-de-indenizacao\/"]}]},{"@type":"ImageObject","inLanguage":"pt-BR","@id":"https:\/\/www.suno.com.br\/noticias\/aes-tiete-tiet11-preve-receber-mais-de-r-636-mi-de-indenizacao\/#primaryimage","url":"https:\/\/files.sunoresearch.com.br\/n\/uploads\/2019\/02\/390de0f9-aes-tiet\u00ea-e1557240517461-jpg.webp","contentUrl":"https:\/\/files.sunoresearch.com.br\/n\/uploads\/2019\/02\/390de0f9-aes-tiet\u00ea-e1557240517461-jpg.webp","width":778,"height":397,"caption":"AES Tiet\u00ea (foto: divulga\u00e7\u00e3o)"},{"@type":"BreadcrumbList","@id":"https:\/\/www.suno.com.br\/noticias\/aes-tiete-tiet11-preve-receber-mais-de-r-636-mi-de-indenizacao\/#breadcrumb","itemListElement":[{"@type":"ListItem","position":1,"name":"Not\u00edcias","item":"https:\/\/www.suno.com.br\/noticias\/"},{"@type":"ListItem","position":2,"name":"Neg\u00f3cios","item":"https:\/\/www.suno.com.br\/noticias\/negocios\/"},{"@type":"ListItem","position":3,"name":"AES Tiet\u00ea (TIET11) prev\u00ea receber mais de R$ 636 mi de indeniza\u00e7\u00e3o por risco hidrol\u00f3gico"}]},{"@type":"WebSite","@id":"https:\/\/www.suno.com.br\/noticias\/#website","url":"https:\/\/www.suno.com.br\/noticias\/","name":"Suno Not\u00edcias","description":"Seu portal de informa\u00e7\u00e3o sobre o mundo dos investimentos","publisher":{"@id":"https:\/\/www.suno.com.br\/noticias\/#organization"},"potentialAction":[{"@type":"SearchAction","target":{"@type":"EntryPoint","urlTemplate":"https:\/\/www.suno.com.br\/noticias\/?s={search_term_string}"},"query-input":{"@type":"PropertyValueSpecification","valueRequired":true,"valueName":"search_term_string"}}],"inLanguage":"pt-BR"},{"@type":"Organization","@id":"https:\/\/www.suno.com.br\/noticias\/#organization","name":"Suno Not\u00edcias","url":"https:\/\/www.suno.com.br\/noticias\/","logo":{"@type":"ImageObject","inLanguage":"pt-BR","@id":"https:\/\/www.suno.com.br\/noticias\/#\/schema\/logo\/image\/","url":"https:\/\/files.sunoresearch.com.br\/n\/uploads\/2021\/09\/suno-logo.png","contentUrl":"https:\/\/files.sunoresearch.com.br\/n\/uploads\/2021\/09\/suno-logo.png","width":180,"height":180,"caption":"Suno Not\u00edcias"},"image":{"@id":"https:\/\/www.suno.com.br\/noticias\/#\/schema\/logo\/image\/"},"sameAs":["https:\/\/facebook.com\/sunoresearch","https:\/\/x.com\/sunoresearch","https:\/\/www.instagram.com\/suno","https:\/\/www.linkedin.com\/company\/suno-research\/","https:\/\/www.youtube.com\/c\/sunoresearch"]},{"@type":"Person","@id":"https:\/\/www.suno.com.br\/noticias\/#\/schema\/person\/e672ca8cea627fe715fa29bca7da95e0","name":"Rafaela La Regina","image":{"@type":"ImageObject","inLanguage":"pt-BR","@id":"https:\/\/www.suno.com.br\/noticias\/#\/schema\/person\/image\/","url":"https:\/\/secure.gravatar.com\/avatar\/d2c75a52d243deb93d0465fdcb21bd37?s=96&r=g","contentUrl":"https:\/\/secure.gravatar.com\/avatar\/d2c75a52d243deb93d0465fdcb21bd37?s=96&r=g","caption":"Rafaela La Regina"},"description":"Estagi\u00e1ria no Suno Not\u00edcias. Escreve sobre economia, pol\u00edtica e neg\u00f3cios. Estuda Rela\u00e7\u00f5es Internacionais no IBMEC-SP.","url":"https:\/\/www.suno.com.br\/noticias\/author\/rafaela-la-regina\/"}]}},"default_loop_html":"<div class=\"cardsPage__listCard__boxs\"><div class=\"cardsPage__listCard__boxs__img\"><a href=\"https:\/\/www.suno.com.br\/noticias\/aes-tiete-tiet11-preve-receber-mais-de-r-636-mi-de-indenizacao\/\"><img class=\"mask\" src=\"https:\/\/www.suno.com.br\/noticias\/wp-content\/themes\/suno\/resources\/images\/spotlight\/spotlight1img\/bg-mask.png\" alt=\"Image Mask\"\/><img src=\"https:\/\/files.sunoresearch.com.br\/n\/uploads\/2019\/02\/390de0f9-aes-tiet\u00ea-e1557240517461-400x200.webp\" alt=\"AES Tiet\u00ea (TIET11) prev\u00ea receber mais de R$ 636 mi de indeniza\u00e7\u00e3o por risco hidrol\u00f3gico\"\/><\/a><span class=\"spotlightCategory\"><a href=\"https:\/\/www.suno.com.br\/noticias\/negocios\/\">Neg\u00f3cios<\/a><\/span><\/div><div class=\"cardsPage__listCard__boxs__content\"><a href=\"https:\/\/www.suno.com.br\/noticias\/aes-tiete-tiet11-preve-receber-mais-de-r-636-mi-de-indenizacao\/\"><h2 class=\"content__title\">AES Tiet\u00ea (TIET11) prev\u00ea receber mais de R$ 636 mi de indeniza\u00e7\u00e3o por risco hidrol\u00f3gico<\/h2><\/a><div class=\"newsContent__article__meta\"><div class=\"newsContent__article__meta__authorBox\"><a href=\"https:\/\/www.suno.com.br\/noticias\/author\/rafaela-la-regina\/\" class=\"authorBox__avatar noMobi\"><img src=\"https:\/\/secure.gravatar.com\/avatar\/d2c75a52d243deb93d0465fdcb21bd37?s=96&#038;r=g\" alt=\"Rafaela La Regina\"><\/a><div class=\"authorBox__name\"><span>por\n\t\t\t<a href=\"https:\/\/www.suno.com.br\/noticias\/author\/rafaela-la-regina\/\"><span itemprop=\"author\">Rafaela La Regina<\/span><\/a><\/span><time datetime=\"2020-12-02T15:17:08-03:00\" itemprop=\"datePublished\">02\/12\/2020 15:17<\/time><\/div><\/div><\/div><\/div><\/div>","single_layout":"posts","amp_enabled":true,"_links":{"self":[{"href":"https:\/\/www.suno.com.br\/noticias\/wp-json\/wp\/v2\/posts\/104899"}],"collection":[{"href":"https:\/\/www.suno.com.br\/noticias\/wp-json\/wp\/v2\/posts"}],"about":[{"href":"https:\/\/www.suno.com.br\/noticias\/wp-json\/wp\/v2\/types\/post"}],"author":[{"embeddable":true,"href":"https:\/\/www.suno.com.br\/noticias\/wp-json\/wp\/v2\/users\/56"}],"replies":[{"embeddable":true,"href":"https:\/\/www.suno.com.br\/noticias\/wp-json\/wp\/v2\/comments?post=104899"}],"version-history":[{"count":0,"href":"https:\/\/www.suno.com.br\/noticias\/wp-json\/wp\/v2\/posts\/104899\/revisions"}],"wp:featuredmedia":[{"embeddable":true,"href":"https:\/\/www.suno.com.br\/noticias\/wp-json\/wp\/v2\/media\/16943"}],"wp:attachment":[{"href":"https:\/\/www.suno.com.br\/noticias\/wp-json\/wp\/v2\/media?parent=104899"}],"wp:term":[{"taxonomy":"category","embeddable":true,"href":"https:\/\/www.suno.com.br\/noticias\/wp-json\/wp\/v2\/categories?post=104899"},{"taxonomy":"post_tag","embeddable":true,"href":"https:\/\/www.suno.com.br\/noticias\/wp-json\/wp\/v2\/tags?post=104899"},{"taxonomy":"suno_strategy","embeddable":true,"href":"https:\/\/www.suno.com.br\/noticias\/wp-json\/wp\/v2\/suno_strategy?post=104899"}],"curies":[{"name":"wp","href":"https:\/\/api.w.org\/{rel}","templated":true}]}}