{"id":10486,"date":"2019-01-06T12:23:54","date_gmt":"2019-01-06T14:23:54","guid":{"rendered":"https:\/\/www.suno.com.br\/noticias\/?p=10486"},"modified":"2019-01-06T12:23:54","modified_gmt":"2019-01-06T14:23:54","slug":"jair-bolsonaro-pente-fino-inss","status":"publish","type":"post","link":"https:\/\/www.suno.com.br\/noticias\/jair-bolsonaro-pente-fino-inss\/","title":{"rendered":"Jair Bolsonaro planeja um pente-fino nos benef\u00edcios pagos pelo INSS"},"content":{"rendered":"<p>O presidente Jair Bolsonaro pretende fazer um pente-fino nos benef\u00edcios pagos pelo Instituto Nacional de Seguro Social (INSS). A informa\u00e7\u00e3o \u00e9 do jornal Folha de S.Paulo.<\/p>\t<div class=\"wrapper-featured-image\">\n\t\t<figure class=\"spotlightImg\">\n\n\t\t\t<picture>\n\t\t\t\t<source media=\"(max-width: 768px)\" srcset=\"https:\/\/files.sunoresearch.com.br\/n\/uploads\/2018\/12\/27d0f078-previd\u00eancia-social-400x200.webp\">\n\t\t\t\t<img loading=\"lazy\" decoding=\"async\" class=\"newsContent__article__imgCapa lazyloadDisabled newsContent__article__imgCapa--noCaption\" src=\"https:\/\/files.sunoresearch.com.br\/n\/uploads\/2018\/12\/27d0f078-previd\u00eancia-social-800x450.webp\" width=\"800\" height=\"450\" alt=\"Jair Bolsonaro planeja um pente-fino nos benef\u00edcios pagos pelo INSS\" fetchpriority=high \/>\n\t\t\t<\/picture>\n\n\t\t\t<figcaption class=\"wp-caption-text wp-caption-text--hide\">Reforma da previd\u00eancia ter\u00e1 economia de R$ 913,4 bi em dez anos<\/figcaption>\n\t\t<\/figure>\n\t<\/div>\n\n\n<p>O governo <strong>Bolsonaro<\/strong> planeja enviar ao Congresso Nacional uma medida provis\u00f3ria (MP) que rev\u00ea regras previdenci\u00e1rias em todos os benef\u00edcios pagos pelo <strong>INSS<\/strong>.<\/p>\n<p>A medida estabelece o pagamento de um b\u00f4nus de R$ 57,50 a t\u00e9cnicos e analistas que identificarem irregularidades em aposentadorias e pens\u00f5es. V\u00e3o entrar na mira dos fiscais a pens\u00e3o por morte, a aposentadoria rural e o aux\u00edlio-reclus\u00e3o, benef\u00edcio pago a dependentes de presos.<\/p>\n<p>Foi a maneira que o governo encontrou para tentar viabilizar o pente-fino. O governo pretende aperfei\u00e7oar e modernizar a legisla\u00e7\u00e3o.<\/p>\n<p><a href=\"https:\/\/www.suno.com.br\/noticias\/bolsonaro-proposta-previdencia\/\">Saiba mais: Bolsonaro diz que proposta para Previd\u00eancia ser\u00e1 apresentada neste m\u00eas<\/a><\/p>\n<p>A estimativa \u00e9 que as novas regras da MP possam gerar uma economia de R$ 9,3 bilh\u00f5es em um ano, descontados os pagamentos dos b\u00f4nus. Esse valor corresponde a 4,2% do d\u00e9ficit previsto no Regime Geral de Previd\u00eancia Social (RGPS) para este ano. O rombo total, portanto, deve chegar a R$ 220 bilh\u00f5es.<\/p>\n<p>Como o valor \u00e9 pequeno perto do d\u00e9ficit total, especialistas defendem que a medida vai ter o efeito de agir como uma &#8220;a\u00e7\u00e3o moralizadora&#8221;. As novas regras poder\u00e3o, segundo eles, melhorar a organiza\u00e7\u00e3o do INSS, corrigir distor\u00e7\u00f5es legais e coibir fraudes enquanto se finaliza uma proposta mais completa da <strong>reforma da Previd\u00eancia<\/strong>.<\/p>\n<h2>Confira os benef\u00edcios pagos pela Previd\u00eancia por m\u00eas<\/h2>\n<ul>\n<li><strong>Aposentadoria por idade:<\/strong> R$ 10,774 bilh\u00f5es<\/li>\n<li><strong>Pens\u00e3o por morte:<\/strong> R$ 7,829 bilh\u00f5es<\/li>\n<li><strong>Aposentadoria por tempo de contribui\u00e7\u00e3o:<\/strong> R$ 6,246 bilh\u00f5es<\/li>\n<li><strong>Benef\u00edcios assistenciais:<\/strong> R$ 4,753 bilh\u00f5es<\/li>\n<li><strong>Aposentadoria por invalidez:<\/strong> R$ 3,569 bilh\u00f5es<\/li>\n<li><strong>Aux\u00edlio-doen\u00e7a:<\/strong> R$ 1,261 bilh\u00e3o<\/li>\n<li><strong>Aux\u00edlio-acidente:<\/strong> R$ 428 milh\u00f5es<\/li>\n<li><strong>Sal\u00e1rio-maternidade:<\/strong> R$ 59 milh\u00f5es<\/li>\n<li><strong>Aux\u00edlio-reclus\u00e3o:<\/strong> R$ 48 milh\u00f5es<\/li>\n<li><strong>Aux\u00edlio-suplementar:<\/strong> R$ 40 milh\u00f5es<\/li>\n<\/ul>\n","protected":false},"excerpt":{"rendered":"<p>O presidente Jair Bolsonaro pretende fazer um pente-fino nos benef\u00edcios pagos pelo Instituto Nacional de Seguro Social (INSS). A informa\u00e7\u00e3o \u00e9 do jornal Folha de S.Paulo. Reforma da previd\u00eancia ter\u00e1 economia de R$ 913,4 bi em dez anos O governo Bolsonaro planeja enviar ao Congresso Nacional uma medida provis\u00f3ria (MP) que rev\u00ea regras previdenci\u00e1rias em [&hellip;]<\/p>\n","protected":false},"author":13,"featured_media":9833,"comment_status":"closed","ping_status":"closed","sticky":false,"template":"","format":"standard","meta":[],"categories":[62],"tags":[719,322],"suno_strategy":[],"class_list":["post-10486","post","type-post","status-publish","format-standard","has-post-thumbnail","hentry","category-economia","tag-jair-bolsonaro","tag-previdencia-social"],"yoast_head":"<!-- This site is optimized with the Yoast SEO plugin v24.4 - https:\/\/yoast.com\/wordpress\/plugins\/seo\/ -->\n<title>Jair Bolsonaro planeja um pente-fino nos benef\u00edcios pagos pelo INSS<\/title>\n<meta name=\"description\" content=\"Jair Bolsonaro quer enviar ao Congresso uma medida provis\u00f3ria que rev\u00ea regras previdenci\u00e1rias nos benef\u00edcios pagos pelo INSS. Clique e saiba+\" \/>\n<meta name=\"robots\" content=\"index, follow, max-snippet:-1, max-image-preview:large, max-video-preview:-1\" \/>\n<link rel=\"canonical\" href=\"https:\/\/www.suno.com.br\/noticias\/jair-bolsonaro-pente-fino-inss\/\" \/>\n<meta property=\"og:locale\" content=\"pt_BR\" \/>\n<meta property=\"og:type\" content=\"article\" \/>\n<meta property=\"og:title\" content=\"Jair Bolsonaro planeja um pente-fino nos benef\u00edcios pagos pelo INSS\" \/>\n<meta property=\"og:description\" content=\"Jair Bolsonaro quer enviar ao Congresso uma medida provis\u00f3ria que rev\u00ea regras previdenci\u00e1rias nos benef\u00edcios pagos pelo INSS. Clique e saiba+\" \/>\n<meta property=\"og:url\" content=\"https:\/\/www.suno.com.br\/noticias\/jair-bolsonaro-pente-fino-inss\/\" \/>\n<meta property=\"og:site_name\" content=\"Suno Not\u00edcias\" \/>\n<meta property=\"article:publisher\" content=\"https:\/\/facebook.com\/sunoresearch\" \/>\n<meta property=\"og:image\" content=\"https:\/\/files.sunoresearch.com.br\/n\/uploads\/2018\/12\/27d0f078-previd\u00eancia-social.jpg\" \/>\n\t<meta property=\"og:image:width\" content=\"1280\" \/>\n\t<meta property=\"og:image:height\" content=\"720\" \/>\n\t<meta property=\"og:image:type\" content=\"image\/jpeg\" \/>\n<meta name=\"author\" content=\"Guilherme Caetano\" \/>\n<meta name=\"twitter:card\" content=\"summary_large_image\" \/>\n<meta name=\"twitter:creator\" content=\"@sunoresearch\" \/>\n<meta name=\"twitter:site\" content=\"@sunoresearch\" \/>\n<meta name=\"twitter:label1\" content=\"Escrito por\" \/>\n\t<meta name=\"twitter:data1\" content=\"Guilherme Caetano\" \/>\n\t<meta name=\"twitter:label2\" content=\"Est. tempo de leitura\" \/>\n\t<meta name=\"twitter:data2\" content=\"2 minutos\" \/>\n<script type=\"application\/ld+json\" class=\"yoast-schema-graph\">{\"@context\":\"https:\/\/schema.org\",\"@graph\":[{\"@type\":\"NewsArticle\",\"@id\":\"https:\/\/www.suno.com.br\/noticias\/jair-bolsonaro-pente-fino-inss\/#article\",\"isPartOf\":{\"@id\":\"https:\/\/www.suno.com.br\/noticias\/jair-bolsonaro-pente-fino-inss\/\"},\"author\":{\"name\":\"Guilherme Caetano\",\"@id\":\"https:\/\/www.suno.com.br\/noticias\/#\/schema\/person\/0d0c9687cd2f600c564f25980c140de9\"},\"headline\":\"Jair Bolsonaro planeja um pente-fino nos benef\u00edcios pagos pelo INSS\",\"datePublished\":\"2019-01-06T14:23:54+00:00\",\"mainEntityOfPage\":{\"@id\":\"https:\/\/www.suno.com.br\/noticias\/jair-bolsonaro-pente-fino-inss\/\"},\"wordCount\":335,\"publisher\":{\"@id\":\"https:\/\/www.suno.com.br\/noticias\/#organization\"},\"image\":{\"@id\":\"https:\/\/www.suno.com.br\/noticias\/jair-bolsonaro-pente-fino-inss\/#primaryimage\"},\"thumbnailUrl\":\"https:\/\/files.sunoresearch.com.br\/n\/uploads\/2018\/12\/27d0f078-previd\u00eancia-social-jpg.webp\",\"keywords\":[\"Jair Bolsonaro\",\"Previd\u00eancia Social\"],\"articleSection\":[\"Economia\"],\"inLanguage\":\"pt-BR\"},{\"@type\":\"WebPage\",\"@id\":\"https:\/\/www.suno.com.br\/noticias\/jair-bolsonaro-pente-fino-inss\/\",\"url\":\"https:\/\/www.suno.com.br\/noticias\/jair-bolsonaro-pente-fino-inss\/\",\"name\":\"Jair Bolsonaro planeja um pente-fino nos benef\u00edcios pagos pelo INSS\",\"isPartOf\":{\"@id\":\"https:\/\/www.suno.com.br\/noticias\/#website\"},\"primaryImageOfPage\":{\"@id\":\"https:\/\/www.suno.com.br\/noticias\/jair-bolsonaro-pente-fino-inss\/#primaryimage\"},\"image\":{\"@id\":\"https:\/\/www.suno.com.br\/noticias\/jair-bolsonaro-pente-fino-inss\/#primaryimage\"},\"thumbnailUrl\":\"https:\/\/files.sunoresearch.com.br\/n\/uploads\/2018\/12\/27d0f078-previd\u00eancia-social-jpg.webp\",\"datePublished\":\"2019-01-06T14:23:54+00:00\",\"description\":\"Jair Bolsonaro quer enviar ao Congresso uma medida provis\u00f3ria que rev\u00ea regras previdenci\u00e1rias nos benef\u00edcios pagos pelo INSS. Clique e saiba+\",\"breadcrumb\":{\"@id\":\"https:\/\/www.suno.com.br\/noticias\/jair-bolsonaro-pente-fino-inss\/#breadcrumb\"},\"inLanguage\":\"pt-BR\",\"potentialAction\":[{\"@type\":\"ReadAction\",\"target\":[\"https:\/\/www.suno.com.br\/noticias\/jair-bolsonaro-pente-fino-inss\/\"]}]},{\"@type\":\"ImageObject\",\"inLanguage\":\"pt-BR\",\"@id\":\"https:\/\/www.suno.com.br\/noticias\/jair-bolsonaro-pente-fino-inss\/#primaryimage\",\"url\":\"https:\/\/files.sunoresearch.com.br\/n\/uploads\/2018\/12\/27d0f078-previd\u00eancia-social-jpg.webp\",\"contentUrl\":\"https:\/\/files.sunoresearch.com.br\/n\/uploads\/2018\/12\/27d0f078-previd\u00eancia-social-jpg.webp\",\"width\":1280,\"height\":720,\"caption\":\"Reforma da previd\u00eancia ter\u00e1 economia de R$ 913,4 bi em dez anos\"},{\"@type\":\"BreadcrumbList\",\"@id\":\"https:\/\/www.suno.com.br\/noticias\/jair-bolsonaro-pente-fino-inss\/#breadcrumb\",\"itemListElement\":[{\"@type\":\"ListItem\",\"position\":1,\"name\":\"Not\u00edcias\",\"item\":\"https:\/\/www.suno.com.br\/noticias\/\"},{\"@type\":\"ListItem\",\"position\":2,\"name\":\"Economia\",\"item\":\"https:\/\/www.suno.com.br\/noticias\/economia\/\"},{\"@type\":\"ListItem\",\"position\":3,\"name\":\"Jair Bolsonaro planeja um pente-fino nos benef\u00edcios pagos pelo INSS\"}]},{\"@type\":\"WebSite\",\"@id\":\"https:\/\/www.suno.com.br\/noticias\/#website\",\"url\":\"https:\/\/www.suno.com.br\/noticias\/\",\"name\":\"Suno Not\u00edcias\",\"description\":\"Seu portal de informa\u00e7\u00e3o sobre o mundo dos investimentos\",\"publisher\":{\"@id\":\"https:\/\/www.suno.com.br\/noticias\/#organization\"},\"potentialAction\":[{\"@type\":\"SearchAction\",\"target\":{\"@type\":\"EntryPoint\",\"urlTemplate\":\"https:\/\/www.suno.com.br\/noticias\/?s={search_term_string}\"},\"query-input\":{\"@type\":\"PropertyValueSpecification\",\"valueRequired\":true,\"valueName\":\"search_term_string\"}}],\"inLanguage\":\"pt-BR\"},{\"@type\":\"Organization\",\"@id\":\"https:\/\/www.suno.com.br\/noticias\/#organization\",\"name\":\"Suno Not\u00edcias\",\"url\":\"https:\/\/www.suno.com.br\/noticias\/\",\"logo\":{\"@type\":\"ImageObject\",\"inLanguage\":\"pt-BR\",\"@id\":\"https:\/\/www.suno.com.br\/noticias\/#\/schema\/logo\/image\/\",\"url\":\"https:\/\/files.sunoresearch.com.br\/n\/uploads\/2021\/09\/suno-logo.png\",\"contentUrl\":\"https:\/\/files.sunoresearch.com.br\/n\/uploads\/2021\/09\/suno-logo.png\",\"width\":180,\"height\":180,\"caption\":\"Suno Not\u00edcias\"},\"image\":{\"@id\":\"https:\/\/www.suno.com.br\/noticias\/#\/schema\/logo\/image\/\"},\"sameAs\":[\"https:\/\/facebook.com\/sunoresearch\",\"https:\/\/x.com\/sunoresearch\",\"https:\/\/www.instagram.com\/suno\",\"https:\/\/www.linkedin.com\/company\/suno-research\/\",\"https:\/\/www.youtube.com\/c\/sunoresearch\"]},{\"@type\":\"Person\",\"@id\":\"https:\/\/www.suno.com.br\/noticias\/#\/schema\/person\/0d0c9687cd2f600c564f25980c140de9\",\"name\":\"Guilherme Caetano\",\"image\":{\"@type\":\"ImageObject\",\"inLanguage\":\"pt-BR\",\"@id\":\"https:\/\/www.suno.com.br\/noticias\/#\/schema\/person\/image\/\",\"url\":\"https:\/\/secure.gravatar.com\/avatar\/e48357351a01702a0d19307070e081bf?s=96&r=g\",\"contentUrl\":\"https:\/\/secure.gravatar.com\/avatar\/e48357351a01702a0d19307070e081bf?s=96&r=g\",\"caption\":\"Guilherme Caetano\"},\"description\":\"Formado em jornalismo pela Escola de Comunica\u00e7\u00f5es e Artes da USP, Guilherme Caetano escreve para o portal de not\u00edcias da Suno Research. Passou pelas reda\u00e7\u00f5es da Folha de S.Paulo e da revista \u00c9poca.\",\"url\":\"https:\/\/www.suno.com.br\/noticias\/author\/guilherme-caetano\/\"}]}<\/script>\n<!-- \/ Yoast SEO plugin. -->","yoast_head_json":{"title":"Jair Bolsonaro planeja um pente-fino nos benef\u00edcios pagos pelo INSS","description":"Jair Bolsonaro quer enviar ao Congresso uma medida provis\u00f3ria que rev\u00ea regras previdenci\u00e1rias nos benef\u00edcios pagos pelo INSS. Clique e saiba+","robots":{"index":"index","follow":"follow","max-snippet":"max-snippet:-1","max-image-preview":"max-image-preview:large","max-video-preview":"max-video-preview:-1"},"canonical":"https:\/\/www.suno.com.br\/noticias\/jair-bolsonaro-pente-fino-inss\/","og_locale":"pt_BR","og_type":"article","og_title":"Jair Bolsonaro planeja um pente-fino nos benef\u00edcios pagos pelo INSS","og_description":"Jair Bolsonaro quer enviar ao Congresso uma medida provis\u00f3ria que rev\u00ea regras previdenci\u00e1rias nos benef\u00edcios pagos pelo INSS. Clique e saiba+","og_url":"https:\/\/www.suno.com.br\/noticias\/jair-bolsonaro-pente-fino-inss\/","og_site_name":"Suno Not\u00edcias","article_publisher":"https:\/\/facebook.com\/sunoresearch","og_image":[{"width":1280,"height":720,"url":"https:\/\/files.sunoresearch.com.br\/n\/uploads\/2018\/12\/27d0f078-previd\u00eancia-social.jpg","type":"image\/jpeg"}],"author":"Guilherme Caetano","twitter_card":"summary_large_image","twitter_creator":"@sunoresearch","twitter_site":"@sunoresearch","twitter_misc":{"Escrito por":"Guilherme Caetano","Est. tempo de leitura":"2 minutos"},"schema":{"@context":"https:\/\/schema.org","@graph":[{"@type":"NewsArticle","@id":"https:\/\/www.suno.com.br\/noticias\/jair-bolsonaro-pente-fino-inss\/#article","isPartOf":{"@id":"https:\/\/www.suno.com.br\/noticias\/jair-bolsonaro-pente-fino-inss\/"},"author":{"name":"Guilherme Caetano","@id":"https:\/\/www.suno.com.br\/noticias\/#\/schema\/person\/0d0c9687cd2f600c564f25980c140de9"},"headline":"Jair Bolsonaro planeja um pente-fino nos benef\u00edcios pagos pelo INSS","datePublished":"2019-01-06T14:23:54+00:00","mainEntityOfPage":{"@id":"https:\/\/www.suno.com.br\/noticias\/jair-bolsonaro-pente-fino-inss\/"},"wordCount":335,"publisher":{"@id":"https:\/\/www.suno.com.br\/noticias\/#organization"},"image":{"@id":"https:\/\/www.suno.com.br\/noticias\/jair-bolsonaro-pente-fino-inss\/#primaryimage"},"thumbnailUrl":"https:\/\/files.sunoresearch.com.br\/n\/uploads\/2018\/12\/27d0f078-previd\u00eancia-social-jpg.webp","keywords":["Jair Bolsonaro","Previd\u00eancia Social"],"articleSection":["Economia"],"inLanguage":"pt-BR"},{"@type":"WebPage","@id":"https:\/\/www.suno.com.br\/noticias\/jair-bolsonaro-pente-fino-inss\/","url":"https:\/\/www.suno.com.br\/noticias\/jair-bolsonaro-pente-fino-inss\/","name":"Jair Bolsonaro planeja um pente-fino nos benef\u00edcios pagos pelo INSS","isPartOf":{"@id":"https:\/\/www.suno.com.br\/noticias\/#website"},"primaryImageOfPage":{"@id":"https:\/\/www.suno.com.br\/noticias\/jair-bolsonaro-pente-fino-inss\/#primaryimage"},"image":{"@id":"https:\/\/www.suno.com.br\/noticias\/jair-bolsonaro-pente-fino-inss\/#primaryimage"},"thumbnailUrl":"https:\/\/files.sunoresearch.com.br\/n\/uploads\/2018\/12\/27d0f078-previd\u00eancia-social-jpg.webp","datePublished":"2019-01-06T14:23:54+00:00","description":"Jair Bolsonaro quer enviar ao Congresso uma medida provis\u00f3ria que rev\u00ea regras previdenci\u00e1rias nos benef\u00edcios pagos pelo INSS. Clique e saiba+","breadcrumb":{"@id":"https:\/\/www.suno.com.br\/noticias\/jair-bolsonaro-pente-fino-inss\/#breadcrumb"},"inLanguage":"pt-BR","potentialAction":[{"@type":"ReadAction","target":["https:\/\/www.suno.com.br\/noticias\/jair-bolsonaro-pente-fino-inss\/"]}]},{"@type":"ImageObject","inLanguage":"pt-BR","@id":"https:\/\/www.suno.com.br\/noticias\/jair-bolsonaro-pente-fino-inss\/#primaryimage","url":"https:\/\/files.sunoresearch.com.br\/n\/uploads\/2018\/12\/27d0f078-previd\u00eancia-social-jpg.webp","contentUrl":"https:\/\/files.sunoresearch.com.br\/n\/uploads\/2018\/12\/27d0f078-previd\u00eancia-social-jpg.webp","width":1280,"height":720,"caption":"Reforma da previd\u00eancia ter\u00e1 economia de R$ 913,4 bi em dez anos"},{"@type":"BreadcrumbList","@id":"https:\/\/www.suno.com.br\/noticias\/jair-bolsonaro-pente-fino-inss\/#breadcrumb","itemListElement":[{"@type":"ListItem","position":1,"name":"Not\u00edcias","item":"https:\/\/www.suno.com.br\/noticias\/"},{"@type":"ListItem","position":2,"name":"Economia","item":"https:\/\/www.suno.com.br\/noticias\/economia\/"},{"@type":"ListItem","position":3,"name":"Jair Bolsonaro planeja um pente-fino nos benef\u00edcios pagos pelo INSS"}]},{"@type":"WebSite","@id":"https:\/\/www.suno.com.br\/noticias\/#website","url":"https:\/\/www.suno.com.br\/noticias\/","name":"Suno Not\u00edcias","description":"Seu portal de informa\u00e7\u00e3o sobre o mundo dos investimentos","publisher":{"@id":"https:\/\/www.suno.com.br\/noticias\/#organization"},"potentialAction":[{"@type":"SearchAction","target":{"@type":"EntryPoint","urlTemplate":"https:\/\/www.suno.com.br\/noticias\/?s={search_term_string}"},"query-input":{"@type":"PropertyValueSpecification","valueRequired":true,"valueName":"search_term_string"}}],"inLanguage":"pt-BR"},{"@type":"Organization","@id":"https:\/\/www.suno.com.br\/noticias\/#organization","name":"Suno Not\u00edcias","url":"https:\/\/www.suno.com.br\/noticias\/","logo":{"@type":"ImageObject","inLanguage":"pt-BR","@id":"https:\/\/www.suno.com.br\/noticias\/#\/schema\/logo\/image\/","url":"https:\/\/files.sunoresearch.com.br\/n\/uploads\/2021\/09\/suno-logo.png","contentUrl":"https:\/\/files.sunoresearch.com.br\/n\/uploads\/2021\/09\/suno-logo.png","width":180,"height":180,"caption":"Suno Not\u00edcias"},"image":{"@id":"https:\/\/www.suno.com.br\/noticias\/#\/schema\/logo\/image\/"},"sameAs":["https:\/\/facebook.com\/sunoresearch","https:\/\/x.com\/sunoresearch","https:\/\/www.instagram.com\/suno","https:\/\/www.linkedin.com\/company\/suno-research\/","https:\/\/www.youtube.com\/c\/sunoresearch"]},{"@type":"Person","@id":"https:\/\/www.suno.com.br\/noticias\/#\/schema\/person\/0d0c9687cd2f600c564f25980c140de9","name":"Guilherme Caetano","image":{"@type":"ImageObject","inLanguage":"pt-BR","@id":"https:\/\/www.suno.com.br\/noticias\/#\/schema\/person\/image\/","url":"https:\/\/secure.gravatar.com\/avatar\/e48357351a01702a0d19307070e081bf?s=96&r=g","contentUrl":"https:\/\/secure.gravatar.com\/avatar\/e48357351a01702a0d19307070e081bf?s=96&r=g","caption":"Guilherme Caetano"},"description":"Formado em jornalismo pela Escola de Comunica\u00e7\u00f5es e Artes da USP, Guilherme Caetano escreve para o portal de not\u00edcias da Suno Research. Passou pelas reda\u00e7\u00f5es da Folha de S.Paulo e da revista \u00c9poca.","url":"https:\/\/www.suno.com.br\/noticias\/author\/guilherme-caetano\/"}]}},"default_loop_html":"<div class=\"cardsPage__listCard__boxs\"><div class=\"cardsPage__listCard__boxs__img\"><a href=\"https:\/\/www.suno.com.br\/noticias\/jair-bolsonaro-pente-fino-inss\/\"><img class=\"mask\" src=\"https:\/\/www.suno.com.br\/noticias\/wp-content\/themes\/suno\/resources\/images\/spotlight\/spotlight1img\/bg-mask.png\" alt=\"Image Mask\"\/><img src=\"https:\/\/files.sunoresearch.com.br\/n\/uploads\/2018\/12\/27d0f078-previd\u00eancia-social-400x200.webp\" alt=\"Jair Bolsonaro planeja um pente-fino nos benef\u00edcios pagos pelo INSS\"\/><\/a><span class=\"spotlightCategory\"><a href=\"https:\/\/www.suno.com.br\/noticias\/economia\/\">Economia<\/a><\/span><\/div><div class=\"cardsPage__listCard__boxs__content\"><a href=\"https:\/\/www.suno.com.br\/noticias\/jair-bolsonaro-pente-fino-inss\/\"><h2 class=\"content__title\">Jair Bolsonaro planeja um pente-fino nos benef\u00edcios pagos pelo INSS<\/h2><\/a><div class=\"newsContent__article__meta\"><div class=\"newsContent__article__meta__authorBox\"><a href=\"https:\/\/www.suno.com.br\/noticias\/author\/guilherme-caetano\/\" class=\"authorBox__avatar noMobi\"><img src=\"https:\/\/secure.gravatar.com\/avatar\/e48357351a01702a0d19307070e081bf?s=96&#038;r=g\" alt=\"Guilherme Caetano\"><\/a><div class=\"authorBox__name\"><span>por\n\t\t\t<a href=\"https:\/\/www.suno.com.br\/noticias\/author\/guilherme-caetano\/\"><span itemprop=\"author\">Guilherme Caetano<\/span><\/a><\/span><time datetime=\"2019-01-06T12:23:54-02:00\" itemprop=\"datePublished\">06\/01\/2019 12:23<\/time><\/div><\/div><\/div><\/div><\/div>","single_layout":"posts","amp_enabled":true,"_links":{"self":[{"href":"https:\/\/www.suno.com.br\/noticias\/wp-json\/wp\/v2\/posts\/10486"}],"collection":[{"href":"https:\/\/www.suno.com.br\/noticias\/wp-json\/wp\/v2\/posts"}],"about":[{"href":"https:\/\/www.suno.com.br\/noticias\/wp-json\/wp\/v2\/types\/post"}],"author":[{"embeddable":true,"href":"https:\/\/www.suno.com.br\/noticias\/wp-json\/wp\/v2\/users\/13"}],"replies":[{"embeddable":true,"href":"https:\/\/www.suno.com.br\/noticias\/wp-json\/wp\/v2\/comments?post=10486"}],"version-history":[{"count":0,"href":"https:\/\/www.suno.com.br\/noticias\/wp-json\/wp\/v2\/posts\/10486\/revisions"}],"wp:featuredmedia":[{"embeddable":true,"href":"https:\/\/www.suno.com.br\/noticias\/wp-json\/wp\/v2\/media\/9833"}],"wp:attachment":[{"href":"https:\/\/www.suno.com.br\/noticias\/wp-json\/wp\/v2\/media?parent=10486"}],"wp:term":[{"taxonomy":"category","embeddable":true,"href":"https:\/\/www.suno.com.br\/noticias\/wp-json\/wp\/v2\/categories?post=10486"},{"taxonomy":"post_tag","embeddable":true,"href":"https:\/\/www.suno.com.br\/noticias\/wp-json\/wp\/v2\/tags?post=10486"},{"taxonomy":"suno_strategy","embeddable":true,"href":"https:\/\/www.suno.com.br\/noticias\/wp-json\/wp\/v2\/suno_strategy?post=10486"}],"curies":[{"name":"wp","href":"https:\/\/api.w.org\/{rel}","templated":true}]}}