{"id":104811,"date":"2020-12-02T13:25:51","date_gmt":"2020-12-02T16:25:51","guid":{"rendered":"https:\/\/www.suno.com.br\/noticias\/?p=104811"},"modified":"2020-12-02T18:37:41","modified_gmt":"2020-12-02T21:37:41","slug":"vale-gastar-reparacao-dividendo-continua","status":"publish","type":"post","link":"https:\/\/www.suno.com.br\/noticias\/vale-gastar-reparacao-dividendo-continua\/","title":{"rendered":"Vale (VALE3) prev\u00ea gastar R$ 29 bi em repara\u00e7\u00e3o, mas dividendo continua"},"content":{"rendered":"<p>A <a href=\"https:\/\/www.suno.com.br\/acoes\/vale3\/\"><strong>Vale<\/strong> (VALE3)<\/a> projetou R$ 29,6 bilh\u00f5es para eventuais indeniza\u00e7\u00f5es da trag\u00e9dia de Brumadinho (MG), mas destacou que &#8220;n\u00e3o v\u00ea obst\u00e1culos&#8221; para a distribui\u00e7\u00e3o de <a href=\"https:\/\/www.suno.com.br\/dividendos\/\" target=\"_blank\" rel=\"noopener noreferrer\">dividendos<\/a> aos acionistas. As informa\u00e7\u00f5es foram divulgadas nesta quarta-feira (2) durante o evento anual &#8220;Vale Day&#8221;, em que a companhia divulga proje\u00e7\u00f5es e metas com os investidores.<\/p>\t<div class=\"wrapper-featured-image\">\n\t\t<figure class=\"spotlightImg\">\n\n\t\t\t<picture>\n\t\t\t\t<source media=\"(max-width: 768px)\" srcset=\"https:\/\/files.sunoresearch.com.br\/n\/uploads\/2020\/10\/0f373374-vale-400x200.webp\">\n\t\t\t\t<img loading=\"lazy\" decoding=\"async\" class=\"newsContent__article__imgCapa lazyloadDisabled \" src=\"https:\/\/files.sunoresearch.com.br\/n\/uploads\/2020\/10\/0f373374-vale-800x450.webp\" width=\"800\" height=\"450\" alt=\"Vale (VALE3) prev\u00ea gastar R$ 29 bi em repara\u00e7\u00e3o, mas dividendo continua\" fetchpriority=high \/>\n\t\t\t<\/picture>\n\n\t\t\t<figcaption class=\"wp-caption-text wp-caption-text--show\">Vale prev\u00ea gastar R$ 29 bi em repara\u00e7\u00e3o, mas dividendo continua<\/figcaption>\n\t\t<\/figure>\n\t<\/div>\n\n\n\t<p>\n\t\t<a href=\"https:\/\/lp.suno.com.br\/planilha-controle-gastos\/\" target=\"_blank\" data-element=\"shortcode-suno-banner\" title=\"Banner SUNO, clique e saiba mais\">\n\t\t\t<picture>\n\t\t\t\t<source media=\"(max-width: 500px)\" srcset=\"https:\/\/files.sunoresearch.com.br\/n\/uploads\/2023\/03\/400x300-Planilha-controle-de-gastos.png\">\n\t\t\t\t<img class=\"newsContent__article__imgCapa newsContent__article__imgCapa--banner\"\n\t\t\t\t\tsrc=\"https:\/\/files.sunoresearch.com.br\/n\/uploads\/2023\/03\/1420x240-Planilha-controle-de-gastos.png\"\n\t\t\t\t\tdata-promo-id=\"101751\"\t\t\t\t\t\t\t\t\t\twidth='1420' height='240'\t\t\t\t\talt=\"https:\/\/files.sunoresearch.com.br\/n\/uploads\/2023\/03\/1420x240-Planilha-controle-de-gastos.png\"\n\t\t\t\t>\n\t\t\t<\/picture>\n\t\t<\/a>\n\t<\/p>\n\n\n<p>De acordo com a Vale, o montante prev\u00ea R$ 19 bilh\u00f5es para um<strong> potencial acordo<\/strong> dentro do balan\u00e7o. &#8220;Temos R$ 19 bilh\u00f5es para um acordo em potencial, que \u00e9 um n\u00famero que achamos justo e adequado&#8221;, disse o diretor-presidente da Vale, Eduardo Bartolomeo.<\/p>\n<p><iframe loading=\"lazy\" title=\"?Vale (Vale3) prev\u00ea pagar 29 bi por Brumadinho, recorde de estrangeiros na B3 (B3SA3)\" width=\"1080\" height=\"608\" src=\"https:\/\/www.youtube.com\/embed\/9J4WceNYOp4?feature=oembed&#038;enablejsapi=1&#038;origin=https:\/\/www.suno.com.br\" frameborder=\"0\" allow=\"accelerometer; autoplay; clipboard-write; encrypted-media; gyroscope; picture-in-picture\" allowfullscreen><\/iframe><\/p>\n<p>Na soma para os R$ 29,6 bilh\u00f5es previstos, a companhia ainda contempla, em um eventual <strong>acordo<\/strong>:<\/p>\n<ul>\n<li>Mais R$ 8 bilh\u00f5es como provis\u00e3o adicional.<\/li>\n<li>R$ 7,4 bilh\u00f5es com provis\u00f5es at\u00e9 outubro de 2020.<\/li>\n<li>R$ 3,6 bilh\u00f5es para repara\u00e7\u00f5es a partir de outubro.<\/li>\n<li>R$ 1,9 bilh\u00e3o para recupera\u00e7\u00e3o ambiental<\/li>\n<li>R$ 1,7 bilh\u00e3o para indeniza\u00e7\u00f5es individuais.<\/li>\n<\/ul>\n\t<p>\n\t\t<a href=\"https:\/\/lp.suno.com.br\/planilha-controle-gastos\/\" target=\"_blank\" data-element=\"shortcode-suno-banner\" title=\"Banner SUNO, clique e saiba mais\">\n\t\t\t<picture>\n\t\t\t\t<source media=\"(max-width: 500px)\" srcset=\"https:\/\/files.sunoresearch.com.br\/n\/uploads\/2023\/03\/400x300-Planilha-controle-de-gastos.png\">\n\t\t\t\t<img class=\"newsContent__article__imgCapa newsContent__article__imgCapa--banner\"\n\t\t\t\t\tsrc=\"https:\/\/files.sunoresearch.com.br\/n\/uploads\/2023\/03\/1420x240-Planilha-controle-de-gastos.png\"\n\t\t\t\t\tdata-promo-id=\"101751\"\t\t\t\t\t\t\t\t\t\twidth='1420' height='240'\t\t\t\t\talt=\"https:\/\/files.sunoresearch.com.br\/n\/uploads\/2023\/03\/1420x240-Planilha-controle-de-gastos.png\"\n\t\t\t\t>\n\t\t\t<\/picture>\n\t\t<\/a>\n\t<\/p>\n\n\n<p>Confira o detalhamento dado pela companhia hoje, durante o <strong>Vale Day<\/strong>:<\/p>\n<p><img loading=\"lazy\" decoding=\"async\" class=\"wp-image-104881 size-full\" src=\"https:\/\/storage.googleapis.com\/wp-noticias\/2020\/12\/ac3cfc5e-vale-day-brumadinho.jpg\" alt=\"Vale\" width=\"1067\" height=\"482\" \/><\/p>\n<p>Para o diretor-presidente da Vale, <a href=\"https:\/\/www.suno.com.br\/tudo-sobre\/eduardo-bartolomeo\/\">Eduardo Bartolomeo<\/a>, a companhia dever\u00e1 fechar um acordo para <strong>Brumadinho<\/strong>, apesar de n\u00e3o informar qual a previs\u00e3o para isso.<\/p>\n<p>&#8220;Vamos atingir um acordo est\u00e1vel para o assunto. Mas, independentemente de qualquer acordo, continuaremos com um compromisso integral com <strong>Brumadinho<\/strong>&#8220;, disse Eduardo Bartolomeo, diretor-presidente da Vale.<\/p>\n<h2>Vale diz que nunca esteve t\u00e3o perto de um acordo<\/h2>\n<p>Segundo Bartolomeo, a empresa busca seguran\u00e7a jur\u00eddica para firmar um acordo e a Vale nunca esteve t\u00e3o pr\u00f3xima de um acordo.<\/p>\n<p>De acordo com a <strong>mineradora<\/strong>, os valores desembolsados por repara\u00e7\u00e3o ambiental por Brumadinho cresceram, alcan\u00e7ando R$ 2,6 bilh\u00f5es desde o come\u00e7o. Em 2019, o montante foi de R$ 80 milh\u00f5es, enquanto que, ate o terceiro trimestre neste ano, o valor chegou a R$ 470 milh\u00f5es.<\/p>\n<p>Em rela\u00e7\u00e3o \u00e0s <strong>indeniza\u00e7\u00f5es<\/strong> individuais, o montante passou de US$ 420 milh\u00f5es para US$ 570 milh\u00f5es no mesmo per\u00edodo.\u00a0Segundo a Vale, mais 8.300 pessoas foram indenizadas, uma alta de 2.300 ante o ano passado.<\/p>\n<p>Apesar dos R$ 29,6 bilh\u00f5es, o montante est\u00e1 abaixo dos R$ 54 bilh\u00f5es estimados pelo relator da Comiss\u00e3o Externa da C\u00e2mara dos Deputados que acompanha a negocia\u00e7\u00e3o entre a mineradora Vale e o governo mineiro, deputado Rog\u00e9rio Correia (PT-MG).<\/p>\n<p><span style=\"font-weight: 400;\">\t<div data-element=\"shortcode-read-more\" class=\"knowMore\">\n\t\t\t\t<span class=\"knowMore__title\">Saiba mais<\/span>\n\t\t\t\t<a class=\"knowMore__link\" href=\"https:\/\/www.suno.com.br\/noticias\/vale-vale3-relator-indenizacoes\/\">\n\t\t\tVale (VALE3): Relator avalia indeniza\u00e7\u00f5es de R$ 54 bi por Brumadinho\t\t<\/a>\n\t<\/div>\n\n<\/span><\/p>\n<p>Na \u00faltima sexta-feira (27), ele se reuniu com a procuradora-chefe do Minist\u00e9rio P\u00fablico Federal de <strong>Minas Gerais<\/strong>, Silmara Cristina Goulart, e com o procurador Eduardo Henrique Soares para debater os rumos da <strong>negocia\u00e7\u00e3o<\/strong>.<\/p>\n<p>Segundo a Ag\u00eancia C\u00e2mara, o relator disse que a Vale fez uma contraproposta de R$ 16 bilh\u00f5es, valor bem inferior ao estabelecido pelo Minist\u00e9rio P\u00fablico, a Defensoria P\u00fablica e o governo do estado de Minas Gerais.<\/p>\n<h2>Dividendos dever\u00e3o retornar<\/h2>\n<p>Al\u00e9m da provis\u00e3o para indeniza\u00e7\u00f5es, a Vale tamb\u00e9m informou que n\u00e3o v\u00ea obst\u00e1culos para a distribui\u00e7\u00e3o de dividendos. Apesar da afirma\u00e7\u00e3o, a companhia n\u00e3o informou quando dever\u00e1 iniciar a distribui\u00e7\u00e3o.<\/p>\n<p>&#8220;Quando chegarmos l\u00e1, ser\u00e1 \u00f3timo para todos&#8221;, disse Eduardo Bartolomeo, diretor-presidente da Vale. &#8220;Queremos ser consistentes e previs\u00edveis em rela\u00e7\u00e3o a remunera\u00e7\u00e3o do <a href=\"https:\/\/www.suno.com.br\/artigos\/acionista-companhias-abertas\/\" target=\"_blank\" rel=\"noopener noreferrer\">acionista<\/a>.&#8221;<\/p>\n<p><a href=\"https:\/\/www.suno.com.br\/noticias\/vale-vale3-retoma-pagamento-dividendos\/\">A companhia passou dois anos sem distribuir dividendos<\/a> ap\u00f3s o acidente de Brumadinho.<\/p>\n\t<div data-element=\"shortcode-read-more\" class=\"knowMore\">\n\t\t\t\t<span class=\"knowMore__title\">Veja Tamb\u00e9m<\/span>\n\t\t\t\t<a class=\"knowMore__link\" href=\"https:\/\/www.suno.com.br\/noticias\/vale-vale3-esta-barata-btg\/\">\n\t\t\tVale (VALE3) est\u00e1 &quot;inegavelmente barata em qualquer m\u00e9trica&quot;, diz BTG\t\t<\/a>\n\t<\/div>\n\n\n<p>No dia da divulga\u00e7\u00e3o de resultados operacionais do segundo trimestre da mineradora, a Vale anunciou a retomada dos pagamentos, mas agentes do mercado se mostraram preocupados pela possibilidade de uma interpela\u00e7\u00e3o jur\u00eddica na distribui\u00e7\u00e3o.<\/p>\n<p>Em <a href=\"https:\/\/www.suno.com.br\/noticias\/vale-vale3-pagamento-dividendos-jcp\/\">setembro<\/a>, a Vale informou que seu<a href=\"https:\/\/www.suno.com.br\/artigos\/conselho-administracao\/\"> conselho de administra\u00e7\u00e3o<\/a> aprovou o pagamento de R$ 2,4075 por <a href=\"https:\/\/www.suno.com.br\/artigos\/tipos-de-acoes\/\">a\u00e7\u00e3o<\/a>, sendo R$ 1,4102 por a\u00e7\u00e3o na forma de <a href=\"https:\/\/www.suno.com.br\/dividendos\/#:~:text=Os%20dividendos%20s%C3%A3o%20parcelas%20dos,suas%20a%C3%A7%C3%B5es%20listadas%20em%20bolsa.\">dividendos<\/a> e R$ 0,9973 por papel na forma de <a href=\"https:\/\/www.suno.com.br\/artigos\/entenda-o-jcp\/\">juros sobre o capital pr\u00f3prio (JCP).<\/a><\/p>\n<p>O <a href=\"https:\/\/www.suno.com.br\/acoes\/bpac11\/\">BTG Pactual (BPAC11)<\/a>, por exemplo, expressou otimismo diante do an\u00fancio feito pela mineradora <a href=\"https:\/\/www.suno.com.br\/acoes\/vale3\/\"><strong>Vale<\/strong> <strong>(VALE3)<\/strong><\/a> sobre a aprova\u00e7\u00e3o do conselho administrativo do pagamento de R$ 2,4075 por a\u00e7\u00e3o em <a href=\"https:\/\/www.suno.com.br\/artigos\/proventos\/\">proventos<\/a>, declarando que a not\u00edcia foi positiva devido ao &#8220;montante extra de US$ 1 bilh\u00e3o&#8221;.<\/p>\n<p>O MPF, por\u00e9m, pediu, em car\u00e1ter de urg\u00eancia, a suspens\u00e3o do pagamento de <a href=\"https:\/\/www.suno.com.br\/artigos\/entenda-o-jcp\/\">juros sobre capital pr\u00f3prio (JCP)<\/a> e do <a href=\"https:\/\/www.suno.com.br\/artigos\/dividendos\/\">pagamento de dividendos<\/a> aos acionistas da empresa. Este movimento ainda est\u00e1 sendo retomado e, segundo a <a href=\"https:\/\/www.suno.com.br\/artigos\/agencias-de-rating\/\">ag\u00eancia de rating<\/a> Fitch, \u00e9 avaliado em US$ 2 bilh\u00f5es (cerca de R$ 10,6 bilh\u00f5es).<\/p>\n<p>Al\u00e9m disso, a for\u00e7a-tarefa tamb\u00e9m pediu a nomea\u00e7\u00e3o de um interventor, em at\u00e9 15 dias, para elabora\u00e7\u00e3o de um plano para reestruturar a governan\u00e7a da <strong>Vale<\/strong>.<\/p>\n<p>Por volta de 14h16, a a\u00e7\u00e3o da Vale ca\u00eda 1,70%, a R$ 79,87, enquanto o Ibovespa subia 0,78%.<\/p>\n<h2>Vale prev\u00ea crescimento de 11% na produ\u00e7\u00e3o para 2021<\/h2>\n<p>A Vale dever\u00e1 ter uma alta de 11,6% na produ\u00e7\u00e3o de<strong> min\u00e9rio de ferro<\/strong> no ano que vem, na compara\u00e7\u00e3o com o volume produzido neste ano.<\/p>\n<p>De acordo com a Vale, a produ\u00e7\u00e3o para este ano deve ficar entre <strong>300 milh\u00f5es de toneladas<\/strong> (Mt) e 305 Mt, enquanto que, no ano que vem, o volume de min\u00e9rio produzido dever\u00e1 ser entre 315 Mt e 335 Mt.<\/p>\n\t<div data-element=\"shortcode-read-more\" class=\"knowMore\">\n\t\t\t\t<span class=\"knowMore__title\">Veja Tamb\u00e9m<\/span>\n\t\t\t\t<a class=\"knowMore__link\" href=\"https:\/\/www.suno.com.br\/noticias\/vale-vale3-relator-indenizacoes\/\">\n\t\t\tVale (VALE3): Relator avalia indeniza\u00e7\u00f5es de R$ 54 bi por Brumadinho\t\t<\/a>\n\t<\/div>\n\n\n<p>Al\u00e9m disso, a companhia tamb\u00e9m previu aumentar a <strong>capacidade de produ\u00e7\u00e3o<\/strong> para at\u00e9 400 Mt por ano at\u00e9 2022.<\/p>\n<p>&#8220;Pensamos, hoje, na nossa capacidade com algum problema operacional, ent\u00e3o \u00e9 um n\u00famero bem conservador. Pode ter algum espa\u00e7o para melhora, mas preferimos uma previs\u00e3o mais conservadora e limitamos a 335 toneladas de produ\u00e7\u00e3o&#8221;, disse Marcello Spinelli, diretor-executivo da Vale.<\/p>\n<p>Al\u00e9m disso, a empresa tamb\u00e9m informou que ir\u00e1 aumentar os<strong> investimentos<\/strong> para extra\u00e7\u00e3o de n\u00edquel e que v\u00ea em novas tend\u00eancias, como o <strong>carro el\u00e9trico<\/strong>, por exemplo, um fator de aumento da demanda.<\/p>\n<p>&#8220;Esses produtos t\u00eam muita oportunidade para fornecermos n\u00edquel para produtores de alta pureza para quem produz baterias de ve\u00edculos el\u00e9tricos&#8221;, disse Spinelli sobre a <strong>Vale<\/strong>.<\/p>\n\t<p>\n\t\t<a href=\"https:\/\/lp.suno.com.br\/planilha-de-controle-de-investimentos\/\" target=\"_blank\" data-element=\"shortcode-suno-banner\" title=\"Banner SUNO, clique e saiba mais\">\n\t\t\t<picture>\n\t\t\t\t<source media=\"(max-width: 500px)\" srcset=\"https:\/\/files.sunoresearch.com.br\/n\/uploads\/2023\/03\/400x300-Controle-de-Investimentos.png\">\n\t\t\t\t<img class=\"newsContent__article__imgCapa newsContent__article__imgCapa--banner\"\n\t\t\t\t\tsrc=\"https:\/\/files.sunoresearch.com.br\/n\/uploads\/2023\/03\/1420x240-Controle-de-Investimentos.png\"\n\t\t\t\t\tdata-promo-id=\"75934\"\t\t\t\t\t\t\t\t\t\twidth='1420' height='240'\t\t\t\t\talt=\"https:\/\/files.sunoresearch.com.br\/n\/uploads\/2023\/03\/1420x240-Controle-de-Investimentos.png\"\n\t\t\t\t>\n\t\t\t<\/picture>\n\t\t<\/a>\n\t<\/p>\n\n\n","protected":false},"excerpt":{"rendered":"<p>A Vale (VALE3) projetou R$ 29,6 bilh\u00f5es para eventuais indeniza\u00e7\u00f5es da trag\u00e9dia de Brumadinho (MG), mas destacou que &#8220;n\u00e3o v\u00ea obst\u00e1culos&#8221; para a distribui\u00e7\u00e3o de dividendos aos acionistas. As informa\u00e7\u00f5es foram divulgadas nesta quarta-feira (2) durante o evento anual &#8220;Vale Day&#8221;, em que a companhia divulga proje\u00e7\u00f5es e metas com os investidores. Vale prev\u00ea gastar [&hellip;]<\/p>\n","protected":false},"author":27,"featured_media":95609,"comment_status":"closed","ping_status":"closed","sticky":false,"template":"","format":"standard","meta":[],"categories":[64],"tags":[1032,295,676],"suno_strategy":[],"class_list":["post-104811","post","type-post","status-publish","format-standard","has-post-thumbnail","hentry","category-negocios","tag-brumadinho","tag-dividendos","tag-vale-vale3"],"yoast_head":"<!-- This site is optimized with the Yoast SEO plugin v24.4 - https:\/\/yoast.com\/wordpress\/plugins\/seo\/ -->\n<title>Vale (VALE3) prev\u00ea gastar R$ 29 bi em repara\u00e7\u00e3o, mas dividendo continua<\/title>\n<meta name=\"description\" content=\"A Vale anunciou uma provis\u00e3o de R$ 29 bilh\u00f5es e confirmou a retomada dos dividendos da companhia. Clique aqui para ler mais.\" \/>\n<meta name=\"robots\" content=\"index, follow, max-snippet:-1, max-image-preview:large, max-video-preview:-1\" \/>\n<link rel=\"canonical\" href=\"https:\/\/www.suno.com.br\/noticias\/vale-gastar-reparacao-dividendo-continua\/\" \/>\n<meta property=\"og:locale\" content=\"pt_BR\" \/>\n<meta property=\"og:type\" content=\"article\" \/>\n<meta property=\"og:title\" content=\"Vale (VALE3) prev\u00ea gastar R$ 29 bi em repara\u00e7\u00e3o, mas dividendo continua\" \/>\n<meta property=\"og:description\" content=\"A Vale anunciou uma provis\u00e3o de R$ 29 bilh\u00f5es e confirmou a retomada dos dividendos da companhia. Clique aqui para ler mais.\" \/>\n<meta property=\"og:url\" content=\"https:\/\/www.suno.com.br\/noticias\/vale-gastar-reparacao-dividendo-continua\/\" \/>\n<meta property=\"og:site_name\" content=\"Suno Not\u00edcias\" \/>\n<meta property=\"article:publisher\" content=\"https:\/\/facebook.com\/sunoresearch\" \/>\n<meta property=\"og:image\" content=\"https:\/\/files.sunoresearch.com.br\/n\/uploads\/2020\/10\/0f373374-vale.jpg\" \/>\n\t<meta property=\"og:image:width\" content=\"1086\" \/>\n\t<meta property=\"og:image:height\" content=\"652\" \/>\n\t<meta property=\"og:image:type\" content=\"image\/jpeg\" \/>\n<meta name=\"author\" content=\"Vinicius Pereira\" \/>\n<meta name=\"twitter:card\" content=\"summary_large_image\" \/>\n<meta name=\"twitter:creator\" content=\"@https:\/\/twitter.com\/viniciuspjornal\" \/>\n<meta name=\"twitter:site\" content=\"@sunoresearch\" \/>\n<meta name=\"twitter:label1\" content=\"Escrito por\" \/>\n\t<meta name=\"twitter:data1\" content=\"Vinicius Pereira\" \/>\n\t<meta name=\"twitter:label2\" content=\"Est. tempo de leitura\" \/>\n\t<meta name=\"twitter:data2\" content=\"5 minutos\" \/>\n<script type=\"application\/ld+json\" class=\"yoast-schema-graph\">{\"@context\":\"https:\/\/schema.org\",\"@graph\":[{\"@type\":\"NewsArticle\",\"@id\":\"https:\/\/www.suno.com.br\/noticias\/vale-gastar-reparacao-dividendo-continua\/#article\",\"isPartOf\":{\"@id\":\"https:\/\/www.suno.com.br\/noticias\/vale-gastar-reparacao-dividendo-continua\/\"},\"author\":{\"name\":\"Vinicius Pereira\",\"@id\":\"https:\/\/www.suno.com.br\/noticias\/#\/schema\/person\/a20761b96e4df7eb57f1f9e41be1dbf3\"},\"headline\":\"Vale (VALE3) prev\u00ea gastar R$ 29 bi em repara\u00e7\u00e3o, mas dividendo continua\",\"datePublished\":\"2020-12-02T16:25:51+00:00\",\"dateModified\":\"2020-12-02T21:37:41+00:00\",\"mainEntityOfPage\":{\"@id\":\"https:\/\/www.suno.com.br\/noticias\/vale-gastar-reparacao-dividendo-continua\/\"},\"wordCount\":1036,\"publisher\":{\"@id\":\"https:\/\/www.suno.com.br\/noticias\/#organization\"},\"image\":{\"@id\":\"https:\/\/www.suno.com.br\/noticias\/vale-gastar-reparacao-dividendo-continua\/#primaryimage\"},\"thumbnailUrl\":\"https:\/\/files.sunoresearch.com.br\/n\/uploads\/2020\/10\/0f373374-vale-jpg.webp\",\"keywords\":[\"Brumadinho\",\"dividendos\",\"Vale (VALE3)\"],\"articleSection\":[\"Neg\u00f3cios\"],\"inLanguage\":\"pt-BR\"},{\"@type\":\"WebPage\",\"@id\":\"https:\/\/www.suno.com.br\/noticias\/vale-gastar-reparacao-dividendo-continua\/\",\"url\":\"https:\/\/www.suno.com.br\/noticias\/vale-gastar-reparacao-dividendo-continua\/\",\"name\":\"Vale (VALE3) prev\u00ea gastar R$ 29 bi em repara\u00e7\u00e3o, mas dividendo continua\",\"isPartOf\":{\"@id\":\"https:\/\/www.suno.com.br\/noticias\/#website\"},\"primaryImageOfPage\":{\"@id\":\"https:\/\/www.suno.com.br\/noticias\/vale-gastar-reparacao-dividendo-continua\/#primaryimage\"},\"image\":{\"@id\":\"https:\/\/www.suno.com.br\/noticias\/vale-gastar-reparacao-dividendo-continua\/#primaryimage\"},\"thumbnailUrl\":\"https:\/\/files.sunoresearch.com.br\/n\/uploads\/2020\/10\/0f373374-vale-jpg.webp\",\"datePublished\":\"2020-12-02T16:25:51+00:00\",\"dateModified\":\"2020-12-02T21:37:41+00:00\",\"description\":\"A Vale anunciou uma provis\u00e3o de R$ 29 bilh\u00f5es e confirmou a retomada dos dividendos da companhia. Clique aqui para ler mais.\",\"breadcrumb\":{\"@id\":\"https:\/\/www.suno.com.br\/noticias\/vale-gastar-reparacao-dividendo-continua\/#breadcrumb\"},\"inLanguage\":\"pt-BR\",\"potentialAction\":[{\"@type\":\"ReadAction\",\"target\":[\"https:\/\/www.suno.com.br\/noticias\/vale-gastar-reparacao-dividendo-continua\/\"]}]},{\"@type\":\"ImageObject\",\"inLanguage\":\"pt-BR\",\"@id\":\"https:\/\/www.suno.com.br\/noticias\/vale-gastar-reparacao-dividendo-continua\/#primaryimage\",\"url\":\"https:\/\/files.sunoresearch.com.br\/n\/uploads\/2020\/10\/0f373374-vale-jpg.webp\",\"contentUrl\":\"https:\/\/files.sunoresearch.com.br\/n\/uploads\/2020\/10\/0f373374-vale-jpg.webp\",\"width\":1086,\"height\":652,\"caption\":\"Vale prev\u00ea gastar R$ 29 bi em repara\u00e7\u00e3o, mas dividendo continua\"},{\"@type\":\"BreadcrumbList\",\"@id\":\"https:\/\/www.suno.com.br\/noticias\/vale-gastar-reparacao-dividendo-continua\/#breadcrumb\",\"itemListElement\":[{\"@type\":\"ListItem\",\"position\":1,\"name\":\"Not\u00edcias\",\"item\":\"https:\/\/www.suno.com.br\/noticias\/\"},{\"@type\":\"ListItem\",\"position\":2,\"name\":\"Neg\u00f3cios\",\"item\":\"https:\/\/www.suno.com.br\/noticias\/negocios\/\"},{\"@type\":\"ListItem\",\"position\":3,\"name\":\"Vale (VALE3) prev\u00ea gastar R$ 29 bi em repara\u00e7\u00e3o, mas dividendo continua\"}]},{\"@type\":\"WebSite\",\"@id\":\"https:\/\/www.suno.com.br\/noticias\/#website\",\"url\":\"https:\/\/www.suno.com.br\/noticias\/\",\"name\":\"Suno Not\u00edcias\",\"description\":\"Seu portal de informa\u00e7\u00e3o sobre o mundo dos investimentos\",\"publisher\":{\"@id\":\"https:\/\/www.suno.com.br\/noticias\/#organization\"},\"potentialAction\":[{\"@type\":\"SearchAction\",\"target\":{\"@type\":\"EntryPoint\",\"urlTemplate\":\"https:\/\/www.suno.com.br\/noticias\/?s={search_term_string}\"},\"query-input\":{\"@type\":\"PropertyValueSpecification\",\"valueRequired\":true,\"valueName\":\"search_term_string\"}}],\"inLanguage\":\"pt-BR\"},{\"@type\":\"Organization\",\"@id\":\"https:\/\/www.suno.com.br\/noticias\/#organization\",\"name\":\"Suno Not\u00edcias\",\"url\":\"https:\/\/www.suno.com.br\/noticias\/\",\"logo\":{\"@type\":\"ImageObject\",\"inLanguage\":\"pt-BR\",\"@id\":\"https:\/\/www.suno.com.br\/noticias\/#\/schema\/logo\/image\/\",\"url\":\"https:\/\/files.sunoresearch.com.br\/n\/uploads\/2021\/09\/suno-logo.png\",\"contentUrl\":\"https:\/\/files.sunoresearch.com.br\/n\/uploads\/2021\/09\/suno-logo.png\",\"width\":180,\"height\":180,\"caption\":\"Suno Not\u00edcias\"},\"image\":{\"@id\":\"https:\/\/www.suno.com.br\/noticias\/#\/schema\/logo\/image\/\"},\"sameAs\":[\"https:\/\/facebook.com\/sunoresearch\",\"https:\/\/x.com\/sunoresearch\",\"https:\/\/www.instagram.com\/suno\",\"https:\/\/www.linkedin.com\/company\/suno-research\/\",\"https:\/\/www.youtube.com\/c\/sunoresearch\"]},{\"@type\":\"Person\",\"@id\":\"https:\/\/www.suno.com.br\/noticias\/#\/schema\/person\/a20761b96e4df7eb57f1f9e41be1dbf3\",\"name\":\"Vinicius Pereira\",\"image\":{\"@type\":\"ImageObject\",\"inLanguage\":\"pt-BR\",\"@id\":\"https:\/\/www.suno.com.br\/noticias\/#\/schema\/person\/image\/\",\"url\":\"https:\/\/secure.gravatar.com\/avatar\/783866b933198f5cc4c5d03fcc8b1301?s=96&r=g\",\"contentUrl\":\"https:\/\/secure.gravatar.com\/avatar\/783866b933198f5cc4c5d03fcc8b1301?s=96&r=g\",\"caption\":\"Vinicius Pereira\"},\"description\":\"Vinicius Pereira foi rep\u00f3rter de economia da Folha de S.Paulo, stringer do jornal no Canad\u00e1 e colaborador de VEJA. J\u00e1 escreveu tamb\u00e9m para BBC Brasil, The Intercept Brasil e UOL. Tem MBA em Informa\u00e7\u00f5es Econ\u00f4mico-Financeiras e Mercado de Capitais pela FIA\/B3.\",\"sameAs\":[\"https:\/\/x.com\/https:\/\/twitter.com\/viniciuspjornal\"],\"url\":\"https:\/\/www.suno.com.br\/noticias\/author\/vinicius-pereira\/\"}]}<\/script>\n<!-- \/ Yoast SEO plugin. -->","yoast_head_json":{"title":"Vale (VALE3) prev\u00ea gastar R$ 29 bi em repara\u00e7\u00e3o, mas dividendo continua","description":"A Vale anunciou uma provis\u00e3o de R$ 29 bilh\u00f5es e confirmou a retomada dos dividendos da companhia. Clique aqui para ler mais.","robots":{"index":"index","follow":"follow","max-snippet":"max-snippet:-1","max-image-preview":"max-image-preview:large","max-video-preview":"max-video-preview:-1"},"canonical":"https:\/\/www.suno.com.br\/noticias\/vale-gastar-reparacao-dividendo-continua\/","og_locale":"pt_BR","og_type":"article","og_title":"Vale (VALE3) prev\u00ea gastar R$ 29 bi em repara\u00e7\u00e3o, mas dividendo continua","og_description":"A Vale anunciou uma provis\u00e3o de R$ 29 bilh\u00f5es e confirmou a retomada dos dividendos da companhia. Clique aqui para ler mais.","og_url":"https:\/\/www.suno.com.br\/noticias\/vale-gastar-reparacao-dividendo-continua\/","og_site_name":"Suno Not\u00edcias","article_publisher":"https:\/\/facebook.com\/sunoresearch","og_image":[{"width":1086,"height":652,"url":"https:\/\/files.sunoresearch.com.br\/n\/uploads\/2020\/10\/0f373374-vale.jpg","type":"image\/jpeg"}],"author":"Vinicius Pereira","twitter_card":"summary_large_image","twitter_creator":"@https:\/\/twitter.com\/viniciuspjornal","twitter_site":"@sunoresearch","twitter_misc":{"Escrito por":"Vinicius Pereira","Est. tempo de leitura":"5 minutos"},"schema":{"@context":"https:\/\/schema.org","@graph":[{"@type":"NewsArticle","@id":"https:\/\/www.suno.com.br\/noticias\/vale-gastar-reparacao-dividendo-continua\/#article","isPartOf":{"@id":"https:\/\/www.suno.com.br\/noticias\/vale-gastar-reparacao-dividendo-continua\/"},"author":{"name":"Vinicius Pereira","@id":"https:\/\/www.suno.com.br\/noticias\/#\/schema\/person\/a20761b96e4df7eb57f1f9e41be1dbf3"},"headline":"Vale (VALE3) prev\u00ea gastar R$ 29 bi em repara\u00e7\u00e3o, mas dividendo continua","datePublished":"2020-12-02T16:25:51+00:00","dateModified":"2020-12-02T21:37:41+00:00","mainEntityOfPage":{"@id":"https:\/\/www.suno.com.br\/noticias\/vale-gastar-reparacao-dividendo-continua\/"},"wordCount":1036,"publisher":{"@id":"https:\/\/www.suno.com.br\/noticias\/#organization"},"image":{"@id":"https:\/\/www.suno.com.br\/noticias\/vale-gastar-reparacao-dividendo-continua\/#primaryimage"},"thumbnailUrl":"https:\/\/files.sunoresearch.com.br\/n\/uploads\/2020\/10\/0f373374-vale-jpg.webp","keywords":["Brumadinho","dividendos","Vale (VALE3)"],"articleSection":["Neg\u00f3cios"],"inLanguage":"pt-BR"},{"@type":"WebPage","@id":"https:\/\/www.suno.com.br\/noticias\/vale-gastar-reparacao-dividendo-continua\/","url":"https:\/\/www.suno.com.br\/noticias\/vale-gastar-reparacao-dividendo-continua\/","name":"Vale (VALE3) prev\u00ea gastar R$ 29 bi em repara\u00e7\u00e3o, mas dividendo continua","isPartOf":{"@id":"https:\/\/www.suno.com.br\/noticias\/#website"},"primaryImageOfPage":{"@id":"https:\/\/www.suno.com.br\/noticias\/vale-gastar-reparacao-dividendo-continua\/#primaryimage"},"image":{"@id":"https:\/\/www.suno.com.br\/noticias\/vale-gastar-reparacao-dividendo-continua\/#primaryimage"},"thumbnailUrl":"https:\/\/files.sunoresearch.com.br\/n\/uploads\/2020\/10\/0f373374-vale-jpg.webp","datePublished":"2020-12-02T16:25:51+00:00","dateModified":"2020-12-02T21:37:41+00:00","description":"A Vale anunciou uma provis\u00e3o de R$ 29 bilh\u00f5es e confirmou a retomada dos dividendos da companhia. Clique aqui para ler mais.","breadcrumb":{"@id":"https:\/\/www.suno.com.br\/noticias\/vale-gastar-reparacao-dividendo-continua\/#breadcrumb"},"inLanguage":"pt-BR","potentialAction":[{"@type":"ReadAction","target":["https:\/\/www.suno.com.br\/noticias\/vale-gastar-reparacao-dividendo-continua\/"]}]},{"@type":"ImageObject","inLanguage":"pt-BR","@id":"https:\/\/www.suno.com.br\/noticias\/vale-gastar-reparacao-dividendo-continua\/#primaryimage","url":"https:\/\/files.sunoresearch.com.br\/n\/uploads\/2020\/10\/0f373374-vale-jpg.webp","contentUrl":"https:\/\/files.sunoresearch.com.br\/n\/uploads\/2020\/10\/0f373374-vale-jpg.webp","width":1086,"height":652,"caption":"Vale prev\u00ea gastar R$ 29 bi em repara\u00e7\u00e3o, mas dividendo continua"},{"@type":"BreadcrumbList","@id":"https:\/\/www.suno.com.br\/noticias\/vale-gastar-reparacao-dividendo-continua\/#breadcrumb","itemListElement":[{"@type":"ListItem","position":1,"name":"Not\u00edcias","item":"https:\/\/www.suno.com.br\/noticias\/"},{"@type":"ListItem","position":2,"name":"Neg\u00f3cios","item":"https:\/\/www.suno.com.br\/noticias\/negocios\/"},{"@type":"ListItem","position":3,"name":"Vale (VALE3) prev\u00ea gastar R$ 29 bi em repara\u00e7\u00e3o, mas dividendo continua"}]},{"@type":"WebSite","@id":"https:\/\/www.suno.com.br\/noticias\/#website","url":"https:\/\/www.suno.com.br\/noticias\/","name":"Suno Not\u00edcias","description":"Seu portal de informa\u00e7\u00e3o sobre o mundo dos investimentos","publisher":{"@id":"https:\/\/www.suno.com.br\/noticias\/#organization"},"potentialAction":[{"@type":"SearchAction","target":{"@type":"EntryPoint","urlTemplate":"https:\/\/www.suno.com.br\/noticias\/?s={search_term_string}"},"query-input":{"@type":"PropertyValueSpecification","valueRequired":true,"valueName":"search_term_string"}}],"inLanguage":"pt-BR"},{"@type":"Organization","@id":"https:\/\/www.suno.com.br\/noticias\/#organization","name":"Suno Not\u00edcias","url":"https:\/\/www.suno.com.br\/noticias\/","logo":{"@type":"ImageObject","inLanguage":"pt-BR","@id":"https:\/\/www.suno.com.br\/noticias\/#\/schema\/logo\/image\/","url":"https:\/\/files.sunoresearch.com.br\/n\/uploads\/2021\/09\/suno-logo.png","contentUrl":"https:\/\/files.sunoresearch.com.br\/n\/uploads\/2021\/09\/suno-logo.png","width":180,"height":180,"caption":"Suno Not\u00edcias"},"image":{"@id":"https:\/\/www.suno.com.br\/noticias\/#\/schema\/logo\/image\/"},"sameAs":["https:\/\/facebook.com\/sunoresearch","https:\/\/x.com\/sunoresearch","https:\/\/www.instagram.com\/suno","https:\/\/www.linkedin.com\/company\/suno-research\/","https:\/\/www.youtube.com\/c\/sunoresearch"]},{"@type":"Person","@id":"https:\/\/www.suno.com.br\/noticias\/#\/schema\/person\/a20761b96e4df7eb57f1f9e41be1dbf3","name":"Vinicius Pereira","image":{"@type":"ImageObject","inLanguage":"pt-BR","@id":"https:\/\/www.suno.com.br\/noticias\/#\/schema\/person\/image\/","url":"https:\/\/secure.gravatar.com\/avatar\/783866b933198f5cc4c5d03fcc8b1301?s=96&r=g","contentUrl":"https:\/\/secure.gravatar.com\/avatar\/783866b933198f5cc4c5d03fcc8b1301?s=96&r=g","caption":"Vinicius Pereira"},"description":"Vinicius Pereira foi rep\u00f3rter de economia da Folha de S.Paulo, stringer do jornal no Canad\u00e1 e colaborador de VEJA. J\u00e1 escreveu tamb\u00e9m para BBC Brasil, The Intercept Brasil e UOL. Tem MBA em Informa\u00e7\u00f5es Econ\u00f4mico-Financeiras e Mercado de Capitais pela FIA\/B3.","sameAs":["https:\/\/x.com\/https:\/\/twitter.com\/viniciuspjornal"],"url":"https:\/\/www.suno.com.br\/noticias\/author\/vinicius-pereira\/"}]}},"default_loop_html":"<div class=\"cardsPage__listCard__boxs\"><div class=\"cardsPage__listCard__boxs__img\"><a href=\"https:\/\/www.suno.com.br\/noticias\/vale-gastar-reparacao-dividendo-continua\/\"><img class=\"mask\" src=\"https:\/\/www.suno.com.br\/noticias\/wp-content\/themes\/suno\/resources\/images\/spotlight\/spotlight1img\/bg-mask.png\" alt=\"Image Mask\"\/><img src=\"https:\/\/files.sunoresearch.com.br\/n\/uploads\/2020\/10\/0f373374-vale-400x200.webp\" alt=\"Vale (VALE3) prev\u00ea gastar R$ 29 bi em repara\u00e7\u00e3o, mas dividendo continua\"\/><\/a><span class=\"spotlightCategory\"><a href=\"https:\/\/www.suno.com.br\/noticias\/negocios\/\">Neg\u00f3cios<\/a><\/span><\/div><div class=\"cardsPage__listCard__boxs__content\"><a href=\"https:\/\/www.suno.com.br\/noticias\/vale-gastar-reparacao-dividendo-continua\/\"><h2 class=\"content__title\">Vale (VALE3) prev\u00ea gastar R$ 29 bi em repara\u00e7\u00e3o, mas dividendo continua<\/h2><\/a><div class=\"newsContent__article__meta\"><div class=\"newsContent__article__meta__authorBox\"><a href=\"https:\/\/www.suno.com.br\/noticias\/author\/vinicius-pereira\/\" class=\"authorBox__avatar noMobi\"><img src=\"https:\/\/files.sunoresearch.com.br\/n\/uploads\/2020\/08\/77510613-whatsapp-image-2020-08-03-at-13.40.40-150x150.webp\" alt=\"Vinicius Pereira\"><\/a><div class=\"authorBox__name\"><span>por\n\t\t\t<a href=\"https:\/\/www.suno.com.br\/noticias\/author\/vinicius-pereira\/\"><span itemprop=\"author\">Vinicius Pereira<\/span><\/a><\/span><time datetime=\"2020-12-02T13:25:51-03:00\" itemprop=\"datePublished\">02\/12\/2020 13:25<\/time><\/div><\/div><\/div><\/div><\/div>","single_layout":"posts","amp_enabled":true,"_links":{"self":[{"href":"https:\/\/www.suno.com.br\/noticias\/wp-json\/wp\/v2\/posts\/104811"}],"collection":[{"href":"https:\/\/www.suno.com.br\/noticias\/wp-json\/wp\/v2\/posts"}],"about":[{"href":"https:\/\/www.suno.com.br\/noticias\/wp-json\/wp\/v2\/types\/post"}],"author":[{"embeddable":true,"href":"https:\/\/www.suno.com.br\/noticias\/wp-json\/wp\/v2\/users\/27"}],"replies":[{"embeddable":true,"href":"https:\/\/www.suno.com.br\/noticias\/wp-json\/wp\/v2\/comments?post=104811"}],"version-history":[{"count":0,"href":"https:\/\/www.suno.com.br\/noticias\/wp-json\/wp\/v2\/posts\/104811\/revisions"}],"wp:featuredmedia":[{"embeddable":true,"href":"https:\/\/www.suno.com.br\/noticias\/wp-json\/wp\/v2\/media\/95609"}],"wp:attachment":[{"href":"https:\/\/www.suno.com.br\/noticias\/wp-json\/wp\/v2\/media?parent=104811"}],"wp:term":[{"taxonomy":"category","embeddable":true,"href":"https:\/\/www.suno.com.br\/noticias\/wp-json\/wp\/v2\/categories?post=104811"},{"taxonomy":"post_tag","embeddable":true,"href":"https:\/\/www.suno.com.br\/noticias\/wp-json\/wp\/v2\/tags?post=104811"},{"taxonomy":"suno_strategy","embeddable":true,"href":"https:\/\/www.suno.com.br\/noticias\/wp-json\/wp\/v2\/suno_strategy?post=104811"}],"curies":[{"name":"wp","href":"https:\/\/api.w.org\/{rel}","templated":true}]}}