{"id":104804,"date":"2020-12-02T11:47:35","date_gmt":"2020-12-02T14:47:35","guid":{"rendered":"https:\/\/www.suno.com.br\/noticias\/?p=104804"},"modified":"2020-12-02T11:56:34","modified_gmt":"2020-12-02T14:56:34","slug":"braskem-brkm5-mexico","status":"publish","type":"post","link":"https:\/\/www.suno.com.br\/noticias\/braskem-brkm5-mexico\/","title":{"rendered":"Braskem (BRKM5) interrompe opera\u00e7\u00e3o no M\u00e9xico por falta de g\u00e1s"},"content":{"rendered":"<div class=\"textLayer\">\n<p>A <a href=\"https:\/\/www.suno.com.br\/acoes\/brkm5\/\" target=\"_blank\" rel=\"noopener noreferrer\"><strong>Braskem<\/strong> (BRKM5)<\/a> informou que sua controlada Braskem Idesa sofreu interrup\u00e7\u00e3o do transporte de g\u00e1s natural, o que levou \u00e0 paralisa\u00e7\u00e3o das opera\u00e7\u00f5es no M\u00e9xico.<\/p>\t<div class=\"wrapper-featured-image\">\n\t\t<figure class=\"spotlightImg\">\n\n\t\t\t<picture>\n\t\t\t\t<source media=\"(max-width: 768px)\" srcset=\"https:\/\/files.sunoresearch.com.br\/n\/uploads\/2019\/10\/7a601a35-braskem_petroquimico-400x200.webp\">\n\t\t\t\t<img loading=\"lazy\" decoding=\"async\" class=\"newsContent__article__imgCapa lazyloadDisabled \" src=\"https:\/\/files.sunoresearch.com.br\/n\/uploads\/2019\/10\/7a601a35-braskem_petroquimico-800x450.webp\" width=\"800\" height=\"450\" alt=\"Braskem (BRKM5) interrompe opera\u00e7\u00e3o no M\u00e9xico por falta de g\u00e1s\" fetchpriority=high \/>\n\t\t\t<\/picture>\n\n\t\t\t<figcaption class=\"wp-caption-text wp-caption-text--show\">braskem (divulga\u00e7\u00e3o)<\/figcaption>\n\t\t<\/figure>\n\t<\/div>\n\n<div class=\"textLayer\">\n\n<p><b>\t<p>\n\t\t<a href=\"https:\/\/lp.suno.com.br\/planilha-controle-gastos\/\" target=\"_blank\" data-element=\"shortcode-suno-banner\" title=\"Banner SUNO, clique e saiba mais\">\n\t\t\t<picture>\n\t\t\t\t<source media=\"(max-width: 500px)\" srcset=\"https:\/\/files.sunoresearch.com.br\/n\/uploads\/2023\/03\/400x300-Planilha-controle-de-gastos.png\">\n\t\t\t\t<img class=\"newsContent__article__imgCapa newsContent__article__imgCapa--banner\"\n\t\t\t\t\tsrc=\"https:\/\/files.sunoresearch.com.br\/n\/uploads\/2023\/03\/1420x240-Planilha-controle-de-gastos.png\"\n\t\t\t\t\tdata-promo-id=\"101751\"\t\t\t\t\t\t\t\t\t\twidth='1420' height='240'\t\t\t\t\talt=\"https:\/\/files.sunoresearch.com.br\/n\/uploads\/2023\/03\/1420x240-Planilha-controle-de-gastos.png\"\n\t\t\t\t>\n\t\t\t<\/picture>\n\t\t<\/a>\n\t<\/p>\n\n <\/b><\/p>\n<p>Segundo <a href=\"https:\/\/www.suno.com.br\/artigos\/fato-relevante\/\" target=\"_blank\" rel=\"noopener noreferrer\">fato relevante<\/a> enviado \u00e0 <a href=\"https:\/\/www.suno.com.br\/artigos\/cvm\/\" target=\"_blank\" rel=\"noopener noreferrer\">Comiss\u00e3o de Valores Mobili\u00e1rios (CVM)<\/a>, a <strong>Braskem Idesa<\/strong> foi notificada pelo Centro Nacional de Control del Gas Natural (Cenagas), ag\u00eancia do governo mexicano respons\u00e1vel \u00fanica pelo sistema de dutos e transporte de <strong>g\u00e1s natural<\/strong> na regi\u00e3o, referente \u00e0 interrup\u00e7\u00e3o, de forma unilateral,do servi\u00e7o de transporte de g\u00e1s natural, insumo energ\u00e9tico essencial para produ\u00e7\u00e3o de polietileno no <strong>Complexo Petroqu\u00edmico do M\u00e9xico<\/strong>.<\/p>\n<p>&#8220;Com isso, e respeitando os protocolos de seguran\u00e7a, a Braskem Idesa iniciou os procedimentos para a<strong> interrup\u00e7\u00e3o<\/strong> imediata das atividades operacionais, o que poder\u00e1 impactar materialmente os resultados operacionais ou financeiros da Companhia, a depender do prazo de paralisa\u00e7\u00e3o&#8221;, declarou a Braskem, em documento assinado por Pedro van Langendonck Teixeira de Freitas, Diretor Financeiro e de Rela\u00e7\u00f5es com Investidores.<\/p>\n<p><b>\t<p>\n\t\t<a href=\"https:\/\/lp.suno.com.br\/planilha-controle-gastos\/\" target=\"_blank\" data-element=\"shortcode-suno-banner\" title=\"Banner SUNO, clique e saiba mais\">\n\t\t\t<picture>\n\t\t\t\t<source media=\"(max-width: 500px)\" srcset=\"https:\/\/files.sunoresearch.com.br\/n\/uploads\/2023\/03\/400x300-Planilha-controle-de-gastos.png\">\n\t\t\t\t<img class=\"newsContent__article__imgCapa newsContent__article__imgCapa--banner\"\n\t\t\t\t\tsrc=\"https:\/\/files.sunoresearch.com.br\/n\/uploads\/2023\/03\/1420x240-Planilha-controle-de-gastos.png\"\n\t\t\t\t\tdata-promo-id=\"101751\"\t\t\t\t\t\t\t\t\t\twidth='1420' height='240'\t\t\t\t\talt=\"https:\/\/files.sunoresearch.com.br\/n\/uploads\/2023\/03\/1420x240-Planilha-controle-de-gastos.png\"\n\t\t\t\t>\n\t\t\t<\/picture>\n\t\t<\/a>\n\t<\/p>\n\n <\/b><\/p>\n<p>De acordo com o<strong> fato relevante<\/strong>, a empresa vai adotar as medidas legais aplic\u00e1veis na busca da preserva\u00e7\u00e3o dos seus direitos e de uma solu\u00e7\u00e3o para a quest\u00e3o. Al\u00e9m disso, a empresa disse que n\u00e3o pode estimar, neste momento, a data para o<strong> retorno<\/strong> de suas atividades.<\/p>\n<p>Por volta de 11h37, as a\u00e7\u00f5es da Braskem lideravam as quedas do Ibovespa, com perda de 3,63%, a R$ 22,57. Ao mesmo tempo, o Ibovespa ca\u00eda 0,49%.<\/p>\n<h2>Braskem teve outras m\u00e1s not\u00edcias<\/h2>\n<p>A paralisa\u00e7\u00e3o no M\u00e9xico \u00e9 mais uma <strong>not\u00edcia negativa<\/strong> para a Braskem, que tem divulgado cada vez mais provis\u00f5es para o acidente geol\u00f3gico causado em Alagoas.<\/p>\n\t<div data-element=\"shortcode-read-more\" class=\"knowMore\">\n\t\t\t\t<span class=\"knowMore__title\">Saiba mais<\/span>\n\t\t\t\t<a class=\"knowMore__link\" href=\"https:\/\/www.suno.com.br\/noticias\/braskem-brkm5-patina-em-conter-problemas-em-alagoas-e-mercado-continua-cetico\/\">\n\t\t\tBraskem (BRKM5) patina em conter problemas em Alagoas e mercado continua c\u00e9tico\t\t<\/a>\n\t<\/div>\n\n\n<p>No final de novembro, a empresa\u00a0estimou custos adicionais em R$ 3 bilh\u00f5es relativos ao <strong>desastre ambiental<\/strong> ocorrido em Alagoas, referentes \u00e0 implementa\u00e7\u00e3o de exig\u00eancias da Ag\u00eancia Nacional de Minera\u00e7\u00e3o (ANM).<\/p>\n<p>O montante se soma aos R$ 8,5 bilh\u00f5es que j\u00e1 estavam reservados pela <strong>Braskem<\/strong> para conter o estrago ambiental e social.<\/p>\n<p><span style=\"font-weight: 400;\">\t<p>\n\t\t<a href=\"https:\/\/lp.suno.com.br\/planilha-de-controle-de-investimentos\/\" target=\"_blank\" data-element=\"shortcode-suno-banner\" title=\"Banner SUNO, clique e saiba mais\">\n\t\t\t<picture>\n\t\t\t\t<source media=\"(max-width: 500px)\" srcset=\"https:\/\/files.sunoresearch.com.br\/n\/uploads\/2023\/03\/400x300-Controle-de-Investimentos.png\">\n\t\t\t\t<img class=\"newsContent__article__imgCapa newsContent__article__imgCapa--banner\"\n\t\t\t\t\tsrc=\"https:\/\/files.sunoresearch.com.br\/n\/uploads\/2023\/03\/1420x240-Controle-de-Investimentos.png\"\n\t\t\t\t\tdata-promo-id=\"75934\"\t\t\t\t\t\t\t\t\t\twidth='1420' height='240'\t\t\t\t\talt=\"https:\/\/files.sunoresearch.com.br\/n\/uploads\/2023\/03\/1420x240-Controle-de-Investimentos.png\"\n\t\t\t\t>\n\t\t\t<\/picture>\n\t\t<\/a>\n\t<\/p>\n\n<\/span><\/p>\n<\/div>\n","protected":false},"excerpt":{"rendered":"<p>A Braskem (BRKM5) informou que sua controlada Braskem Idesa sofreu interrup\u00e7\u00e3o do transporte de g\u00e1s natural, o que levou \u00e0 paralisa\u00e7\u00e3o das opera\u00e7\u00f5es no M\u00e9xico. braskem (divulga\u00e7\u00e3o) Segundo fato relevante enviado \u00e0 Comiss\u00e3o de Valores Mobili\u00e1rios (CVM), a Braskem Idesa foi notificada pelo Centro Nacional de Control del Gas Natural (Cenagas), ag\u00eancia do governo mexicano [&hellip;]<\/p>\n","protected":false},"author":60,"featured_media":42671,"comment_status":"closed","ping_status":"closed","sticky":false,"template":"","format":"standard","meta":[],"categories":[64],"tags":[395,1467,729],"suno_strategy":[],"class_list":["post-104804","post","type-post","status-publish","format-standard","has-post-thumbnail","hentry","category-negocios","tag-braskem-brkm3-brkm5-brkm6","tag-gas-natural","tag-mexico"],"yoast_head":"<!-- This site is optimized with the Yoast SEO plugin v24.4 - https:\/\/yoast.com\/wordpress\/plugins\/seo\/ -->\n<title>Braskem (BRKM5) interrompe opera\u00e7\u00e3o no M\u00e9xico por falta de g\u00e1s<\/title>\n<meta name=\"description\" content=\"A Braskem (BRKM5) informou que sofreu interrup\u00e7\u00e3o do transporte de g\u00e1s natural no M\u00e9xico, o que levou \u00e0 paralisa\u00e7\u00e3o das opera\u00e7\u00f5es. Leia mais.\" \/>\n<meta name=\"robots\" content=\"index, follow, max-snippet:-1, max-image-preview:large, max-video-preview:-1\" \/>\n<link rel=\"canonical\" href=\"https:\/\/www.suno.com.br\/noticias\/braskem-brkm5-mexico\/\" \/>\n<meta property=\"og:locale\" content=\"pt_BR\" \/>\n<meta property=\"og:type\" content=\"article\" \/>\n<meta property=\"og:title\" content=\"Braskem (BRKM5) interrompe opera\u00e7\u00e3o no M\u00e9xico por falta de g\u00e1s\" \/>\n<meta property=\"og:description\" content=\"A Braskem (BRKM5) informou que sofreu interrup\u00e7\u00e3o do transporte de g\u00e1s natural no M\u00e9xico, o que levou \u00e0 paralisa\u00e7\u00e3o das opera\u00e7\u00f5es. Leia mais.\" \/>\n<meta property=\"og:url\" content=\"https:\/\/www.suno.com.br\/noticias\/braskem-brkm5-mexico\/\" \/>\n<meta property=\"og:site_name\" content=\"Suno Not\u00edcias\" \/>\n<meta property=\"article:publisher\" content=\"https:\/\/facebook.com\/sunoresearch\" \/>\n<meta property=\"og:image\" content=\"https:\/\/files.sunoresearch.com.br\/n\/uploads\/2019\/10\/7a601a35-braskem_petroquimico.jpg\" \/>\n\t<meta property=\"og:image:width\" content=\"900\" \/>\n\t<meta property=\"og:image:height\" content=\"599\" \/>\n\t<meta property=\"og:image:type\" content=\"image\/jpeg\" \/>\n<meta name=\"author\" content=\"Natalia G\u00f3mez\" \/>\n<meta name=\"twitter:card\" content=\"summary_large_image\" \/>\n<meta name=\"twitter:creator\" content=\"@sunoresearch\" \/>\n<meta name=\"twitter:site\" content=\"@sunoresearch\" \/>\n<meta name=\"twitter:label1\" content=\"Escrito por\" \/>\n\t<meta name=\"twitter:data1\" content=\"Natalia G\u00f3mez\" \/>\n\t<meta name=\"twitter:label2\" content=\"Est. tempo de leitura\" \/>\n\t<meta name=\"twitter:data2\" content=\"2 minutos\" \/>\n<script type=\"application\/ld+json\" class=\"yoast-schema-graph\">{\"@context\":\"https:\/\/schema.org\",\"@graph\":[{\"@type\":\"NewsArticle\",\"@id\":\"https:\/\/www.suno.com.br\/noticias\/braskem-brkm5-mexico\/#article\",\"isPartOf\":{\"@id\":\"https:\/\/www.suno.com.br\/noticias\/braskem-brkm5-mexico\/\"},\"author\":{\"name\":\"Natalia G\u00f3mez\",\"@id\":\"https:\/\/www.suno.com.br\/noticias\/#\/schema\/person\/1b24d67c140a42e864ef414497edb164\"},\"headline\":\"Braskem (BRKM5) interrompe opera\u00e7\u00e3o no M\u00e9xico por falta de g\u00e1s\",\"datePublished\":\"2020-12-02T14:47:35+00:00\",\"dateModified\":\"2020-12-02T14:56:34+00:00\",\"mainEntityOfPage\":{\"@id\":\"https:\/\/www.suno.com.br\/noticias\/braskem-brkm5-mexico\/\"},\"wordCount\":369,\"publisher\":{\"@id\":\"https:\/\/www.suno.com.br\/noticias\/#organization\"},\"image\":{\"@id\":\"https:\/\/www.suno.com.br\/noticias\/braskem-brkm5-mexico\/#primaryimage\"},\"thumbnailUrl\":\"https:\/\/files.sunoresearch.com.br\/n\/uploads\/2019\/10\/7a601a35-braskem_petroquimico-jpg.webp\",\"keywords\":[\"Braskem (BRKM3\/BRKM5\/BRKM6)\",\"g\u00e1s natural\",\"M\u00e9xico\"],\"articleSection\":[\"Neg\u00f3cios\"],\"inLanguage\":\"pt-BR\"},{\"@type\":\"WebPage\",\"@id\":\"https:\/\/www.suno.com.br\/noticias\/braskem-brkm5-mexico\/\",\"url\":\"https:\/\/www.suno.com.br\/noticias\/braskem-brkm5-mexico\/\",\"name\":\"Braskem (BRKM5) interrompe opera\u00e7\u00e3o no M\u00e9xico por falta de g\u00e1s\",\"isPartOf\":{\"@id\":\"https:\/\/www.suno.com.br\/noticias\/#website\"},\"primaryImageOfPage\":{\"@id\":\"https:\/\/www.suno.com.br\/noticias\/braskem-brkm5-mexico\/#primaryimage\"},\"image\":{\"@id\":\"https:\/\/www.suno.com.br\/noticias\/braskem-brkm5-mexico\/#primaryimage\"},\"thumbnailUrl\":\"https:\/\/files.sunoresearch.com.br\/n\/uploads\/2019\/10\/7a601a35-braskem_petroquimico-jpg.webp\",\"datePublished\":\"2020-12-02T14:47:35+00:00\",\"dateModified\":\"2020-12-02T14:56:34+00:00\",\"description\":\"A Braskem (BRKM5) informou que sofreu interrup\u00e7\u00e3o do transporte de g\u00e1s natural no M\u00e9xico, o que levou \u00e0 paralisa\u00e7\u00e3o das opera\u00e7\u00f5es. Leia mais.\",\"breadcrumb\":{\"@id\":\"https:\/\/www.suno.com.br\/noticias\/braskem-brkm5-mexico\/#breadcrumb\"},\"inLanguage\":\"pt-BR\",\"potentialAction\":[{\"@type\":\"ReadAction\",\"target\":[\"https:\/\/www.suno.com.br\/noticias\/braskem-brkm5-mexico\/\"]}]},{\"@type\":\"ImageObject\",\"inLanguage\":\"pt-BR\",\"@id\":\"https:\/\/www.suno.com.br\/noticias\/braskem-brkm5-mexico\/#primaryimage\",\"url\":\"https:\/\/files.sunoresearch.com.br\/n\/uploads\/2019\/10\/7a601a35-braskem_petroquimico-jpg.webp\",\"contentUrl\":\"https:\/\/files.sunoresearch.com.br\/n\/uploads\/2019\/10\/7a601a35-braskem_petroquimico-jpg.webp\",\"width\":900,\"height\":599,\"caption\":\"braskem (divulga\u00e7\u00e3o)\"},{\"@type\":\"BreadcrumbList\",\"@id\":\"https:\/\/www.suno.com.br\/noticias\/braskem-brkm5-mexico\/#breadcrumb\",\"itemListElement\":[{\"@type\":\"ListItem\",\"position\":1,\"name\":\"Not\u00edcias\",\"item\":\"https:\/\/www.suno.com.br\/noticias\/\"},{\"@type\":\"ListItem\",\"position\":2,\"name\":\"Neg\u00f3cios\",\"item\":\"https:\/\/www.suno.com.br\/noticias\/negocios\/\"},{\"@type\":\"ListItem\",\"position\":3,\"name\":\"Braskem (BRKM5) interrompe opera\u00e7\u00e3o no M\u00e9xico por falta de g\u00e1s\"}]},{\"@type\":\"WebSite\",\"@id\":\"https:\/\/www.suno.com.br\/noticias\/#website\",\"url\":\"https:\/\/www.suno.com.br\/noticias\/\",\"name\":\"Suno Not\u00edcias\",\"description\":\"Seu portal de informa\u00e7\u00e3o sobre o mundo dos investimentos\",\"publisher\":{\"@id\":\"https:\/\/www.suno.com.br\/noticias\/#organization\"},\"potentialAction\":[{\"@type\":\"SearchAction\",\"target\":{\"@type\":\"EntryPoint\",\"urlTemplate\":\"https:\/\/www.suno.com.br\/noticias\/?s={search_term_string}\"},\"query-input\":{\"@type\":\"PropertyValueSpecification\",\"valueRequired\":true,\"valueName\":\"search_term_string\"}}],\"inLanguage\":\"pt-BR\"},{\"@type\":\"Organization\",\"@id\":\"https:\/\/www.suno.com.br\/noticias\/#organization\",\"name\":\"Suno Not\u00edcias\",\"url\":\"https:\/\/www.suno.com.br\/noticias\/\",\"logo\":{\"@type\":\"ImageObject\",\"inLanguage\":\"pt-BR\",\"@id\":\"https:\/\/www.suno.com.br\/noticias\/#\/schema\/logo\/image\/\",\"url\":\"https:\/\/files.sunoresearch.com.br\/n\/uploads\/2021\/09\/suno-logo.png\",\"contentUrl\":\"https:\/\/files.sunoresearch.com.br\/n\/uploads\/2021\/09\/suno-logo.png\",\"width\":180,\"height\":180,\"caption\":\"Suno Not\u00edcias\"},\"image\":{\"@id\":\"https:\/\/www.suno.com.br\/noticias\/#\/schema\/logo\/image\/\"},\"sameAs\":[\"https:\/\/facebook.com\/sunoresearch\",\"https:\/\/x.com\/sunoresearch\",\"https:\/\/www.instagram.com\/suno\",\"https:\/\/www.linkedin.com\/company\/suno-research\/\",\"https:\/\/www.youtube.com\/c\/sunoresearch\"]},{\"@type\":\"Person\",\"@id\":\"https:\/\/www.suno.com.br\/noticias\/#\/schema\/person\/1b24d67c140a42e864ef414497edb164\",\"name\":\"Natalia G\u00f3mez\",\"image\":{\"@type\":\"ImageObject\",\"inLanguage\":\"pt-BR\",\"@id\":\"https:\/\/www.suno.com.br\/noticias\/#\/schema\/person\/image\/\",\"url\":\"https:\/\/secure.gravatar.com\/avatar\/9e957e0b2b485c2d42c3f4145c16d940?s=96&r=g\",\"contentUrl\":\"https:\/\/secure.gravatar.com\/avatar\/9e957e0b2b485c2d42c3f4145c16d940?s=96&r=g\",\"caption\":\"Natalia G\u00f3mez\"},\"description\":\"Editora do Suno Not\u00edcias desde outubro de 2020, \u00e9 jornalista formada pela PUC-SP, com p\u00f3s-gradua\u00e7\u00e3o em jornalismo liter\u00e1rio. Atua no mercado financeiro desde 2003, quando iniciou a carreira no jornal econ\u00f4mico DCI, cobrindo o setor de alimentos no caderno de Ind\u00fastria. Foi trainee do jornal Valor Econ\u00f4mico, onde atuou no Caderno de Empresas por quase tr\u00eas anos. L\u00e1, cobriu o setor de ind\u00fastria, com foco em siderurgia, embalagens e aeroespacial. Fez coberturas setoriais em viagens para S\u00e3o Jos\u00e9 dos Campos e Franca (SP), al\u00e9m de coberturas internacionais na Alemanha e na Su\u00e9cia. Trabalhou por cinco anos na Ag\u00eancia Estado\/Broadcast, do Grupo Estado, onde foi rep\u00f3rter dos setores de minera\u00e7\u00e3o e siderurgia, alimentos e bebidas e finan\u00e7as. Foi premiada como o pr\u00eamio Destaque de Reportagem da AE em 2007 e 2008. Al\u00e9m de atuar no servi\u00e7o de not\u00edcias em tempo real, fez participa\u00e7\u00f5es no caderno de Economia do jornal Estado de S.Paulo e na R\u00e1dio Eldorado. Ainda no Grupo Estado, foi editora assistente da editoria Empresas e Setores, atuando com edi\u00e7\u00e3o e pauta, al\u00e9m de cobrir mercados diariamente com o cen\u00e1rio de bolsa e fazer reportagens especiais com foco em governan\u00e7a corporativa. Trabalhou tamb\u00e9m como correspondente de finan\u00e7as no servi\u00e7o da Thomson Reuters em portugu\u00eas por quase um ano. Atuou por cerca de oito anos como jornalista independente, contribuindo para ve\u00edculos como UOL Economia, Infomoney e Revista Voc\u00ea SA, al\u00e9m de ter trabalhado em projetos na \u00e1rea de conte\u00fado e comunica\u00e7\u00e3o de institui\u00e7\u00f5es financeiras como Anbima, Banco BS2, Banco Pine, Ita\u00fa BBA e EQI.\",\"url\":\"https:\/\/www.suno.com.br\/noticias\/author\/natalia-gomez\/\"}]}<\/script>\n<!-- \/ Yoast SEO plugin. -->","yoast_head_json":{"title":"Braskem (BRKM5) interrompe opera\u00e7\u00e3o no M\u00e9xico por falta de g\u00e1s","description":"A Braskem (BRKM5) informou que sofreu interrup\u00e7\u00e3o do transporte de g\u00e1s natural no M\u00e9xico, o que levou \u00e0 paralisa\u00e7\u00e3o das opera\u00e7\u00f5es. Leia mais.","robots":{"index":"index","follow":"follow","max-snippet":"max-snippet:-1","max-image-preview":"max-image-preview:large","max-video-preview":"max-video-preview:-1"},"canonical":"https:\/\/www.suno.com.br\/noticias\/braskem-brkm5-mexico\/","og_locale":"pt_BR","og_type":"article","og_title":"Braskem (BRKM5) interrompe opera\u00e7\u00e3o no M\u00e9xico por falta de g\u00e1s","og_description":"A Braskem (BRKM5) informou que sofreu interrup\u00e7\u00e3o do transporte de g\u00e1s natural no M\u00e9xico, o que levou \u00e0 paralisa\u00e7\u00e3o das opera\u00e7\u00f5es. Leia mais.","og_url":"https:\/\/www.suno.com.br\/noticias\/braskem-brkm5-mexico\/","og_site_name":"Suno Not\u00edcias","article_publisher":"https:\/\/facebook.com\/sunoresearch","og_image":[{"width":900,"height":599,"url":"https:\/\/files.sunoresearch.com.br\/n\/uploads\/2019\/10\/7a601a35-braskem_petroquimico.jpg","type":"image\/jpeg"}],"author":"Natalia G\u00f3mez","twitter_card":"summary_large_image","twitter_creator":"@sunoresearch","twitter_site":"@sunoresearch","twitter_misc":{"Escrito por":"Natalia G\u00f3mez","Est. tempo de leitura":"2 minutos"},"schema":{"@context":"https:\/\/schema.org","@graph":[{"@type":"NewsArticle","@id":"https:\/\/www.suno.com.br\/noticias\/braskem-brkm5-mexico\/#article","isPartOf":{"@id":"https:\/\/www.suno.com.br\/noticias\/braskem-brkm5-mexico\/"},"author":{"name":"Natalia G\u00f3mez","@id":"https:\/\/www.suno.com.br\/noticias\/#\/schema\/person\/1b24d67c140a42e864ef414497edb164"},"headline":"Braskem (BRKM5) interrompe opera\u00e7\u00e3o no M\u00e9xico por falta de g\u00e1s","datePublished":"2020-12-02T14:47:35+00:00","dateModified":"2020-12-02T14:56:34+00:00","mainEntityOfPage":{"@id":"https:\/\/www.suno.com.br\/noticias\/braskem-brkm5-mexico\/"},"wordCount":369,"publisher":{"@id":"https:\/\/www.suno.com.br\/noticias\/#organization"},"image":{"@id":"https:\/\/www.suno.com.br\/noticias\/braskem-brkm5-mexico\/#primaryimage"},"thumbnailUrl":"https:\/\/files.sunoresearch.com.br\/n\/uploads\/2019\/10\/7a601a35-braskem_petroquimico-jpg.webp","keywords":["Braskem (BRKM3\/BRKM5\/BRKM6)","g\u00e1s natural","M\u00e9xico"],"articleSection":["Neg\u00f3cios"],"inLanguage":"pt-BR"},{"@type":"WebPage","@id":"https:\/\/www.suno.com.br\/noticias\/braskem-brkm5-mexico\/","url":"https:\/\/www.suno.com.br\/noticias\/braskem-brkm5-mexico\/","name":"Braskem (BRKM5) interrompe opera\u00e7\u00e3o no M\u00e9xico por falta de g\u00e1s","isPartOf":{"@id":"https:\/\/www.suno.com.br\/noticias\/#website"},"primaryImageOfPage":{"@id":"https:\/\/www.suno.com.br\/noticias\/braskem-brkm5-mexico\/#primaryimage"},"image":{"@id":"https:\/\/www.suno.com.br\/noticias\/braskem-brkm5-mexico\/#primaryimage"},"thumbnailUrl":"https:\/\/files.sunoresearch.com.br\/n\/uploads\/2019\/10\/7a601a35-braskem_petroquimico-jpg.webp","datePublished":"2020-12-02T14:47:35+00:00","dateModified":"2020-12-02T14:56:34+00:00","description":"A Braskem (BRKM5) informou que sofreu interrup\u00e7\u00e3o do transporte de g\u00e1s natural no M\u00e9xico, o que levou \u00e0 paralisa\u00e7\u00e3o das opera\u00e7\u00f5es. Leia mais.","breadcrumb":{"@id":"https:\/\/www.suno.com.br\/noticias\/braskem-brkm5-mexico\/#breadcrumb"},"inLanguage":"pt-BR","potentialAction":[{"@type":"ReadAction","target":["https:\/\/www.suno.com.br\/noticias\/braskem-brkm5-mexico\/"]}]},{"@type":"ImageObject","inLanguage":"pt-BR","@id":"https:\/\/www.suno.com.br\/noticias\/braskem-brkm5-mexico\/#primaryimage","url":"https:\/\/files.sunoresearch.com.br\/n\/uploads\/2019\/10\/7a601a35-braskem_petroquimico-jpg.webp","contentUrl":"https:\/\/files.sunoresearch.com.br\/n\/uploads\/2019\/10\/7a601a35-braskem_petroquimico-jpg.webp","width":900,"height":599,"caption":"braskem (divulga\u00e7\u00e3o)"},{"@type":"BreadcrumbList","@id":"https:\/\/www.suno.com.br\/noticias\/braskem-brkm5-mexico\/#breadcrumb","itemListElement":[{"@type":"ListItem","position":1,"name":"Not\u00edcias","item":"https:\/\/www.suno.com.br\/noticias\/"},{"@type":"ListItem","position":2,"name":"Neg\u00f3cios","item":"https:\/\/www.suno.com.br\/noticias\/negocios\/"},{"@type":"ListItem","position":3,"name":"Braskem (BRKM5) interrompe opera\u00e7\u00e3o no M\u00e9xico por falta de g\u00e1s"}]},{"@type":"WebSite","@id":"https:\/\/www.suno.com.br\/noticias\/#website","url":"https:\/\/www.suno.com.br\/noticias\/","name":"Suno Not\u00edcias","description":"Seu portal de informa\u00e7\u00e3o sobre o mundo dos investimentos","publisher":{"@id":"https:\/\/www.suno.com.br\/noticias\/#organization"},"potentialAction":[{"@type":"SearchAction","target":{"@type":"EntryPoint","urlTemplate":"https:\/\/www.suno.com.br\/noticias\/?s={search_term_string}"},"query-input":{"@type":"PropertyValueSpecification","valueRequired":true,"valueName":"search_term_string"}}],"inLanguage":"pt-BR"},{"@type":"Organization","@id":"https:\/\/www.suno.com.br\/noticias\/#organization","name":"Suno Not\u00edcias","url":"https:\/\/www.suno.com.br\/noticias\/","logo":{"@type":"ImageObject","inLanguage":"pt-BR","@id":"https:\/\/www.suno.com.br\/noticias\/#\/schema\/logo\/image\/","url":"https:\/\/files.sunoresearch.com.br\/n\/uploads\/2021\/09\/suno-logo.png","contentUrl":"https:\/\/files.sunoresearch.com.br\/n\/uploads\/2021\/09\/suno-logo.png","width":180,"height":180,"caption":"Suno Not\u00edcias"},"image":{"@id":"https:\/\/www.suno.com.br\/noticias\/#\/schema\/logo\/image\/"},"sameAs":["https:\/\/facebook.com\/sunoresearch","https:\/\/x.com\/sunoresearch","https:\/\/www.instagram.com\/suno","https:\/\/www.linkedin.com\/company\/suno-research\/","https:\/\/www.youtube.com\/c\/sunoresearch"]},{"@type":"Person","@id":"https:\/\/www.suno.com.br\/noticias\/#\/schema\/person\/1b24d67c140a42e864ef414497edb164","name":"Natalia G\u00f3mez","image":{"@type":"ImageObject","inLanguage":"pt-BR","@id":"https:\/\/www.suno.com.br\/noticias\/#\/schema\/person\/image\/","url":"https:\/\/secure.gravatar.com\/avatar\/9e957e0b2b485c2d42c3f4145c16d940?s=96&r=g","contentUrl":"https:\/\/secure.gravatar.com\/avatar\/9e957e0b2b485c2d42c3f4145c16d940?s=96&r=g","caption":"Natalia G\u00f3mez"},"description":"Editora do Suno Not\u00edcias desde outubro de 2020, \u00e9 jornalista formada pela PUC-SP, com p\u00f3s-gradua\u00e7\u00e3o em jornalismo liter\u00e1rio. Atua no mercado financeiro desde 2003, quando iniciou a carreira no jornal econ\u00f4mico DCI, cobrindo o setor de alimentos no caderno de Ind\u00fastria. Foi trainee do jornal Valor Econ\u00f4mico, onde atuou no Caderno de Empresas por quase tr\u00eas anos. L\u00e1, cobriu o setor de ind\u00fastria, com foco em siderurgia, embalagens e aeroespacial. Fez coberturas setoriais em viagens para S\u00e3o Jos\u00e9 dos Campos e Franca (SP), al\u00e9m de coberturas internacionais na Alemanha e na Su\u00e9cia. Trabalhou por cinco anos na Ag\u00eancia Estado\/Broadcast, do Grupo Estado, onde foi rep\u00f3rter dos setores de minera\u00e7\u00e3o e siderurgia, alimentos e bebidas e finan\u00e7as. Foi premiada como o pr\u00eamio Destaque de Reportagem da AE em 2007 e 2008. Al\u00e9m de atuar no servi\u00e7o de not\u00edcias em tempo real, fez participa\u00e7\u00f5es no caderno de Economia do jornal Estado de S.Paulo e na R\u00e1dio Eldorado. Ainda no Grupo Estado, foi editora assistente da editoria Empresas e Setores, atuando com edi\u00e7\u00e3o e pauta, al\u00e9m de cobrir mercados diariamente com o cen\u00e1rio de bolsa e fazer reportagens especiais com foco em governan\u00e7a corporativa. Trabalhou tamb\u00e9m como correspondente de finan\u00e7as no servi\u00e7o da Thomson Reuters em portugu\u00eas por quase um ano. Atuou por cerca de oito anos como jornalista independente, contribuindo para ve\u00edculos como UOL Economia, Infomoney e Revista Voc\u00ea SA, al\u00e9m de ter trabalhado em projetos na \u00e1rea de conte\u00fado e comunica\u00e7\u00e3o de institui\u00e7\u00f5es financeiras como Anbima, Banco BS2, Banco Pine, Ita\u00fa BBA e EQI.","url":"https:\/\/www.suno.com.br\/noticias\/author\/natalia-gomez\/"}]}},"default_loop_html":"<div class=\"cardsPage__listCard__boxs\"><div class=\"cardsPage__listCard__boxs__img\"><a href=\"https:\/\/www.suno.com.br\/noticias\/braskem-brkm5-mexico\/\"><img class=\"mask\" src=\"https:\/\/www.suno.com.br\/noticias\/wp-content\/themes\/suno\/resources\/images\/spotlight\/spotlight1img\/bg-mask.png\" alt=\"Image Mask\"\/><img src=\"https:\/\/files.sunoresearch.com.br\/n\/uploads\/2019\/10\/7a601a35-braskem_petroquimico-400x200.webp\" alt=\"Braskem (BRKM5) interrompe opera\u00e7\u00e3o no M\u00e9xico por falta de g\u00e1s\"\/><\/a><span class=\"spotlightCategory\"><a href=\"https:\/\/www.suno.com.br\/noticias\/negocios\/\">Neg\u00f3cios<\/a><\/span><\/div><div class=\"cardsPage__listCard__boxs__content\"><a href=\"https:\/\/www.suno.com.br\/noticias\/braskem-brkm5-mexico\/\"><h2 class=\"content__title\">Braskem (BRKM5) interrompe opera\u00e7\u00e3o no M\u00e9xico por falta de g\u00e1s<\/h2><\/a><div class=\"newsContent__article__meta\"><div class=\"newsContent__article__meta__authorBox\"><a href=\"https:\/\/www.suno.com.br\/noticias\/author\/natalia-gomez\/\" class=\"authorBox__avatar noMobi\"><img src=\"https:\/\/secure.gravatar.com\/avatar\/9e957e0b2b485c2d42c3f4145c16d940?s=96&#038;r=g\" alt=\"Natalia G\u00f3mez\"><\/a><div class=\"authorBox__name\"><span>por\n\t\t\t<a href=\"https:\/\/www.suno.com.br\/noticias\/author\/natalia-gomez\/\"><span itemprop=\"author\">Natalia G\u00f3mez<\/span><\/a><\/span><time datetime=\"2020-12-02T11:47:35-03:00\" itemprop=\"datePublished\">02\/12\/2020 11:47<\/time><\/div><\/div><\/div><\/div><\/div>","single_layout":"posts","amp_enabled":true,"_links":{"self":[{"href":"https:\/\/www.suno.com.br\/noticias\/wp-json\/wp\/v2\/posts\/104804"}],"collection":[{"href":"https:\/\/www.suno.com.br\/noticias\/wp-json\/wp\/v2\/posts"}],"about":[{"href":"https:\/\/www.suno.com.br\/noticias\/wp-json\/wp\/v2\/types\/post"}],"author":[{"embeddable":true,"href":"https:\/\/www.suno.com.br\/noticias\/wp-json\/wp\/v2\/users\/60"}],"replies":[{"embeddable":true,"href":"https:\/\/www.suno.com.br\/noticias\/wp-json\/wp\/v2\/comments?post=104804"}],"version-history":[{"count":0,"href":"https:\/\/www.suno.com.br\/noticias\/wp-json\/wp\/v2\/posts\/104804\/revisions"}],"wp:featuredmedia":[{"embeddable":true,"href":"https:\/\/www.suno.com.br\/noticias\/wp-json\/wp\/v2\/media\/42671"}],"wp:attachment":[{"href":"https:\/\/www.suno.com.br\/noticias\/wp-json\/wp\/v2\/media?parent=104804"}],"wp:term":[{"taxonomy":"category","embeddable":true,"href":"https:\/\/www.suno.com.br\/noticias\/wp-json\/wp\/v2\/categories?post=104804"},{"taxonomy":"post_tag","embeddable":true,"href":"https:\/\/www.suno.com.br\/noticias\/wp-json\/wp\/v2\/tags?post=104804"},{"taxonomy":"suno_strategy","embeddable":true,"href":"https:\/\/www.suno.com.br\/noticias\/wp-json\/wp\/v2\/suno_strategy?post=104804"}],"curies":[{"name":"wp","href":"https:\/\/api.w.org\/{rel}","templated":true}]}}