{"id":104758,"date":"2020-12-02T10:10:06","date_gmt":"2020-12-02T13:10:06","guid":{"rendered":"https:\/\/www.suno.com.br\/noticias\/?p=104758"},"modified":"2020-12-02T10:10:06","modified_gmt":"2020-12-02T13:10:06","slug":"reino-unido-autoriza-emergencial-vacina-pfizer","status":"publish","type":"post","link":"https:\/\/www.suno.com.br\/noticias\/reino-unido-autoriza-emergencial-vacina-pfizer\/","title":{"rendered":"Reino Unido autoriza uso emergencial de vacina da Pfizer contra covid-19"},"content":{"rendered":"<p>O Reino Unido tornou-se o primeiro pa\u00eds ocidental a conceder autoriza\u00e7\u00e3o para uso emergencial de uma <strong>vacina<\/strong> contra o<a href=\"https:\/\/www.suno.com.br\/noticias\/tags\/coronavirus\/\"> novo coronav\u00edrus (covid-19)<\/a>, abrindo o caminho para que o imunizante desenvolvido pela norte-americana Pfizer em parceria com a alem\u00e3 BioNTech seja distribu\u00eddo \u00e0 popula\u00e7\u00e3o brit\u00e2nica em volumes limitados em poucos dias.<\/p>\t<div class=\"wrapper-featured-image\">\n\t\t<figure class=\"spotlightImg\">\n\n\t\t\t<picture>\n\t\t\t\t<source media=\"(max-width: 768px)\" srcset=\"https:\/\/files.sunoresearch.com.br\/n\/uploads\/2020\/11\/df5edd16-vacina-contra-covid-19-novo-coronavirus-ilustracao-1-1-800x450-1-400x200.webp\">\n\t\t\t\t<img loading=\"lazy\" decoding=\"async\" class=\"newsContent__article__imgCapa lazyloadDisabled \" src=\"https:\/\/files.sunoresearch.com.br\/n\/uploads\/2020\/11\/df5edd16-vacina-contra-covid-19-novo-coronavirus-ilustracao-1-1-800x450-1-jpg.webp\" width=\"800\" height=\"450\" alt=\"Reino Unido autoriza uso emergencial de vacina da Pfizer contra covid-19\" fetchpriority=high \/>\n\t\t\t<\/picture>\n\n\t\t\t<figcaption class=\"wp-caption-text wp-caption-text--show\">Reino Unido autoriza uso emergencial de vacina da Pfizer contra covid-19<\/figcaption>\n\t\t<\/figure>\n\t<\/div>\n\n\n\t<p>\n\t\t<a href=\"https:\/\/lp.suno.com.br\/planilha-controle-gastos\/\" target=\"_blank\" data-element=\"shortcode-suno-banner\" title=\"Banner SUNO, clique e saiba mais\">\n\t\t\t<picture>\n\t\t\t\t<source media=\"(max-width: 500px)\" srcset=\"https:\/\/files.sunoresearch.com.br\/n\/uploads\/2023\/03\/400x300-Planilha-controle-de-gastos.png\">\n\t\t\t\t<img class=\"newsContent__article__imgCapa newsContent__article__imgCapa--banner\"\n\t\t\t\t\tsrc=\"https:\/\/files.sunoresearch.com.br\/n\/uploads\/2023\/03\/1420x240-Planilha-controle-de-gastos.png\"\n\t\t\t\t\tdata-promo-id=\"101751\"\t\t\t\t\t\t\t\t\t\twidth='1420' height='240'\t\t\t\t\talt=\"https:\/\/files.sunoresearch.com.br\/n\/uploads\/2023\/03\/1420x240-Planilha-controle-de-gastos.png\"\n\t\t\t\t>\n\t\t\t<\/picture>\n\t\t<\/a>\n\t<\/p>\n\n\n<p>O an\u00fancio foi feito pelo Ministro da Sa\u00fade do <strong>Reino Unido<\/strong>, Matt Hancock, que prev\u00ea o inicio da <strong>vacina\u00e7\u00e3o<\/strong> na pr\u00f3xima semana. &#8220;O Reino Unido \u00e9 o primeiro no mundo a ter uma <strong>vacina<\/strong> clinicamente aprovada para fornecimento&#8221;, escreveu o Ministro em seu Twitter.<\/p>\n<p>A aprova\u00e7\u00e3o &#8220;\u00e9 resultado de meses de <strong>ensaios cl\u00ednicos<\/strong> rigorosos e de uma an\u00e1lise profunda dos dados por parte de especialistas, que conclu\u00edram que a vacina respondia \u00e0s normas estritas de seguran\u00e7a, qualidade e efic\u00e1cia&#8221;, completou o Hancock.<\/p>\n<p>O primeiro-ministro brit\u00e2nico, <a href=\"https:\/\/www.suno.com.br\/noticias\/boris-johnson-primeiro-ministro-reino-unido\/\"><strong>Boris Johnson<\/strong><\/a>, tamb\u00e9m publicou em seu Twitter afirmando que &#8220;\u00e9 a prote\u00e7\u00e3o das vacinas que nos permitir\u00e1 recuperar nossas vidas e fazer a <strong>economia<\/strong> andar novamente&#8221;.<\/p>\n\t<p>\n\t\t<a href=\"https:\/\/lp.suno.com.br\/planilha-controle-gastos\/\" target=\"_blank\" data-element=\"shortcode-suno-banner\" title=\"Banner SUNO, clique e saiba mais\">\n\t\t\t<picture>\n\t\t\t\t<source media=\"(max-width: 500px)\" srcset=\"https:\/\/files.sunoresearch.com.br\/n\/uploads\/2023\/03\/400x300-Planilha-controle-de-gastos.png\">\n\t\t\t\t<img class=\"newsContent__article__imgCapa newsContent__article__imgCapa--banner\"\n\t\t\t\t\tsrc=\"https:\/\/files.sunoresearch.com.br\/n\/uploads\/2023\/03\/1420x240-Planilha-controle-de-gastos.png\"\n\t\t\t\t\tdata-promo-id=\"101751\"\t\t\t\t\t\t\t\t\t\twidth='1420' height='240'\t\t\t\t\talt=\"https:\/\/files.sunoresearch.com.br\/n\/uploads\/2023\/03\/1420x240-Planilha-controle-de-gastos.png\"\n\t\t\t\t>\n\t\t\t<\/picture>\n\t\t<\/a>\n\t<\/p>\n\n\n<p>&#8220;A autoriza\u00e7\u00e3o no <strong>Reino Unido<\/strong> marca um momento hist\u00f3rico na luta contra a covid-19&#8243;, afirmou o <a href=\"https:\/\/www.suno.com.br\/artigos\/ceo\/\">CEO<\/a> da <strong>Pfizer<\/strong>, Albert Bourla, nesta quarta-feira.<\/p>\n<p>Segundo as autoridades brit\u00e2nicas, a vacina\u00e7\u00e3o ter\u00e1 inicio entre as pessoas priorit\u00e1rias como idosos, profissionais da \u00e1rea da sa\u00fade e pessoas do grupo de risco.<\/p>\n<p>A mesma vacina est\u00e1 sendo avaliada pelo \u00f3rg\u00e3o regulador de medicamentos e alimentos dos<strong> Estados Unidos<\/strong>, a FDA, com expectativa de que a autoriza\u00e7\u00e3o saia ainda este m\u00eas e a vacina\u00e7\u00e3o comece antes do fim do ano.<\/p>\n\t<div data-element=\"shortcode-read-more\" class=\"knowMore\">\n\t\t\t\t<span class=\"knowMore__title\">Veja Tamb\u00e9m<\/span>\n\t\t\t\t<a class=\"knowMore__link\" href=\"https:\/\/www.suno.com.br\/noticias\/pfizer-biontech-solicitam-ue-emergencial-vacina\/\">\n\t\t\tPfizer e BioNTech solicitam \u00e0 UE autoriza\u00e7\u00e3o para uso emergencial de vacina\t\t<\/a>\n\t<\/div>\n\n\n<p>Na \u00faltima ter\u00e7a-feira (1) as farmac\u00eauticas respons\u00e1veis pelo imunizante solicitaram \u00e0 <a href=\"https:\/\/www.suno.com.br\/artigos\/uniao-europeia\/\">Uni\u00e3o Europeia<\/a> a autoriza\u00e7\u00e3o para o uso emergencial.<\/p>\n<h2>Vacina da Pfizer<\/h2>\n<p>No in\u00edcio de novembro, as empresas informaram que uma vacina contra o novo <strong>coronav\u00edrus<\/strong> dentre as que est\u00e3o sendo testadas \u00e9 capaz de prevenir a doen\u00e7a em 95% dos pacientes sem evid\u00eancia de infec\u00e7\u00e3o pr\u00e9via. A not\u00edcia foi divulgada pelas <strong>farmac\u00eauticas<\/strong> como um &#8220;grande dia para a ci\u00eancia e para a humanidade&#8221;.<\/p>\n<p>A <strong>vacina<\/strong> da Pfizer foi testada em 43,5 mil pessoas de seis pa\u00edses. Segundo as fabricantes, nenhum problema de seguran\u00e7a na vacina foi levantado at\u00e9 o momento. Com base em proje\u00e7\u00f5es, as empresas declararam, em comunicado, que pretendem fornecer 50 milh\u00f5es de doses no mundo em 2020 e at\u00e9 1,3 bilh\u00e3o em 2021.<\/p>\n<p><em>Com informa\u00e7\u00f5es do Estad\u00e3o Conte\u00fado.<\/em><\/p>\n<p><span style=\"font-weight: 400;\">\t<p>\n\t\t<a href=\"https:\/\/lp.suno.com.br\/planilha-de-controle-de-investimentos\/\" target=\"_blank\" data-element=\"shortcode-suno-banner\" title=\"Banner SUNO, clique e saiba mais\">\n\t\t\t<picture>\n\t\t\t\t<source media=\"(max-width: 500px)\" srcset=\"https:\/\/files.sunoresearch.com.br\/n\/uploads\/2023\/03\/400x300-Controle-de-Investimentos.png\">\n\t\t\t\t<img class=\"newsContent__article__imgCapa newsContent__article__imgCapa--banner\"\n\t\t\t\t\tsrc=\"https:\/\/files.sunoresearch.com.br\/n\/uploads\/2023\/03\/1420x240-Controle-de-Investimentos.png\"\n\t\t\t\t\tdata-promo-id=\"75934\"\t\t\t\t\t\t\t\t\t\twidth='1420' height='240'\t\t\t\t\talt=\"https:\/\/files.sunoresearch.com.br\/n\/uploads\/2023\/03\/1420x240-Controle-de-Investimentos.png\"\n\t\t\t\t>\n\t\t\t<\/picture>\n\t\t<\/a>\n\t<\/p>\n\n<\/span><\/p>\n","protected":false},"excerpt":{"rendered":"<p>O Reino Unido tornou-se o primeiro pa\u00eds ocidental a conceder autoriza\u00e7\u00e3o para uso emergencial de uma vacina contra o novo coronav\u00edrus (covid-19), abrindo o caminho para que o imunizante desenvolvido pela norte-americana Pfizer em parceria com a alem\u00e3 BioNTech seja distribu\u00eddo \u00e0 popula\u00e7\u00e3o brit\u00e2nica em volumes limitados em poucos dias. Reino Unido autoriza uso emergencial [&hellip;]<\/p>\n","protected":false},"author":15,"featured_media":98722,"comment_status":"closed","ping_status":"closed","sticky":false,"template":"","format":"standard","meta":[],"categories":[63],"tags":[80505,2487,5255,730,105286],"suno_strategy":[],"class_list":["post-104758","post","type-post","status-publish","format-standard","has-post-thumbnail","hentry","category-internacional","tag-biontech","tag-coronavirus","tag-covid-19","tag-reino-unido","tag-vacina-da-pfizer"],"yoast_head":"<!-- This site is optimized with the Yoast SEO plugin v24.4 - https:\/\/yoast.com\/wordpress\/plugins\/seo\/ -->\n<title>Reino Unido autoriza uso emergencial de vacina da Pfizer contra covid-19<\/title>\n<meta name=\"description\" content=\"O Reino Unido autorizou o uso emergencial da vacina Pfizer e BioNTech contra o novo coronav\u00edrus (covid-19). Para saber clique aqui e confira\" \/>\n<meta name=\"robots\" content=\"index, follow, max-snippet:-1, max-image-preview:large, max-video-preview:-1\" \/>\n<link rel=\"canonical\" href=\"https:\/\/www.suno.com.br\/noticias\/reino-unido-autoriza-emergencial-vacina-pfizer\/\" \/>\n<meta property=\"og:locale\" content=\"pt_BR\" \/>\n<meta property=\"og:type\" content=\"article\" \/>\n<meta property=\"og:title\" content=\"Reino Unido autoriza uso emergencial de vacina da Pfizer contra covid-19\" \/>\n<meta property=\"og:description\" content=\"O Reino Unido autorizou o uso emergencial da vacina Pfizer e BioNTech contra o novo coronav\u00edrus (covid-19). Para saber clique aqui e confira\" \/>\n<meta property=\"og:url\" content=\"https:\/\/www.suno.com.br\/noticias\/reino-unido-autoriza-emergencial-vacina-pfizer\/\" \/>\n<meta property=\"og:site_name\" content=\"Suno Not\u00edcias\" \/>\n<meta property=\"article:publisher\" content=\"https:\/\/facebook.com\/sunoresearch\" \/>\n<meta property=\"og:image\" content=\"https:\/\/files.sunoresearch.com.br\/n\/uploads\/2020\/11\/df5edd16-vacina-contra-covid-19-novo-coronavirus-ilustracao-1-1-800x450-1.jpg\" \/>\n\t<meta property=\"og:image:width\" content=\"800\" \/>\n\t<meta property=\"og:image:height\" content=\"450\" \/>\n\t<meta property=\"og:image:type\" content=\"image\/jpeg\" \/>\n<meta name=\"author\" content=\"Poliana Santos\" \/>\n<meta name=\"twitter:card\" content=\"summary_large_image\" \/>\n<meta name=\"twitter:creator\" content=\"@sunoresearch\" \/>\n<meta name=\"twitter:site\" content=\"@sunoresearch\" \/>\n<meta name=\"twitter:label1\" content=\"Escrito por\" \/>\n\t<meta name=\"twitter:data1\" content=\"Poliana Santos\" \/>\n\t<meta name=\"twitter:label2\" content=\"Est. tempo de leitura\" \/>\n\t<meta name=\"twitter:data2\" content=\"2 minutos\" \/>\n<script type=\"application\/ld+json\" class=\"yoast-schema-graph\">{\"@context\":\"https:\/\/schema.org\",\"@graph\":[{\"@type\":\"NewsArticle\",\"@id\":\"https:\/\/www.suno.com.br\/noticias\/reino-unido-autoriza-emergencial-vacina-pfizer\/#article\",\"isPartOf\":{\"@id\":\"https:\/\/www.suno.com.br\/noticias\/reino-unido-autoriza-emergencial-vacina-pfizer\/\"},\"author\":{\"name\":\"Poliana Santos\",\"@id\":\"https:\/\/www.suno.com.br\/noticias\/#\/schema\/person\/02ec1f752758247878a2bf4abee1aeda\"},\"headline\":\"Reino Unido autoriza uso emergencial de vacina da Pfizer contra covid-19\",\"datePublished\":\"2020-12-02T13:10:06+00:00\",\"mainEntityOfPage\":{\"@id\":\"https:\/\/www.suno.com.br\/noticias\/reino-unido-autoriza-emergencial-vacina-pfizer\/\"},\"wordCount\":445,\"publisher\":{\"@id\":\"https:\/\/www.suno.com.br\/noticias\/#organization\"},\"image\":{\"@id\":\"https:\/\/www.suno.com.br\/noticias\/reino-unido-autoriza-emergencial-vacina-pfizer\/#primaryimage\"},\"thumbnailUrl\":\"https:\/\/files.sunoresearch.com.br\/n\/uploads\/2020\/11\/df5edd16-vacina-contra-covid-19-novo-coronavirus-ilustracao-1-1-800x450-1-jpg.webp\",\"keywords\":[\"BioNTech\",\"coronav\u00edrus\",\"covid-19\",\"Reino Unido\",\"vacina da Pfizer\"],\"articleSection\":[\"Internacional\"],\"inLanguage\":\"pt-BR\"},{\"@type\":\"WebPage\",\"@id\":\"https:\/\/www.suno.com.br\/noticias\/reino-unido-autoriza-emergencial-vacina-pfizer\/\",\"url\":\"https:\/\/www.suno.com.br\/noticias\/reino-unido-autoriza-emergencial-vacina-pfizer\/\",\"name\":\"Reino Unido autoriza uso emergencial de vacina da Pfizer contra covid-19\",\"isPartOf\":{\"@id\":\"https:\/\/www.suno.com.br\/noticias\/#website\"},\"primaryImageOfPage\":{\"@id\":\"https:\/\/www.suno.com.br\/noticias\/reino-unido-autoriza-emergencial-vacina-pfizer\/#primaryimage\"},\"image\":{\"@id\":\"https:\/\/www.suno.com.br\/noticias\/reino-unido-autoriza-emergencial-vacina-pfizer\/#primaryimage\"},\"thumbnailUrl\":\"https:\/\/files.sunoresearch.com.br\/n\/uploads\/2020\/11\/df5edd16-vacina-contra-covid-19-novo-coronavirus-ilustracao-1-1-800x450-1-jpg.webp\",\"datePublished\":\"2020-12-02T13:10:06+00:00\",\"description\":\"O Reino Unido autorizou o uso emergencial da vacina Pfizer e BioNTech contra o novo coronav\u00edrus (covid-19). Para saber clique aqui e confira\",\"breadcrumb\":{\"@id\":\"https:\/\/www.suno.com.br\/noticias\/reino-unido-autoriza-emergencial-vacina-pfizer\/#breadcrumb\"},\"inLanguage\":\"pt-BR\",\"potentialAction\":[{\"@type\":\"ReadAction\",\"target\":[\"https:\/\/www.suno.com.br\/noticias\/reino-unido-autoriza-emergencial-vacina-pfizer\/\"]}]},{\"@type\":\"ImageObject\",\"inLanguage\":\"pt-BR\",\"@id\":\"https:\/\/www.suno.com.br\/noticias\/reino-unido-autoriza-emergencial-vacina-pfizer\/#primaryimage\",\"url\":\"https:\/\/files.sunoresearch.com.br\/n\/uploads\/2020\/11\/df5edd16-vacina-contra-covid-19-novo-coronavirus-ilustracao-1-1-800x450-1-jpg.webp\",\"contentUrl\":\"https:\/\/files.sunoresearch.com.br\/n\/uploads\/2020\/11\/df5edd16-vacina-contra-covid-19-novo-coronavirus-ilustracao-1-1-800x450-1-jpg.webp\",\"width\":800,\"height\":450,\"caption\":\"Reino Unido autoriza uso emergencial de vacina da Pfizer contra covid-19\"},{\"@type\":\"BreadcrumbList\",\"@id\":\"https:\/\/www.suno.com.br\/noticias\/reino-unido-autoriza-emergencial-vacina-pfizer\/#breadcrumb\",\"itemListElement\":[{\"@type\":\"ListItem\",\"position\":1,\"name\":\"Not\u00edcias\",\"item\":\"https:\/\/www.suno.com.br\/noticias\/\"},{\"@type\":\"ListItem\",\"position\":2,\"name\":\"Internacional\",\"item\":\"https:\/\/www.suno.com.br\/noticias\/internacional\/\"},{\"@type\":\"ListItem\",\"position\":3,\"name\":\"Reino Unido autoriza uso emergencial de vacina da Pfizer contra covid-19\"}]},{\"@type\":\"WebSite\",\"@id\":\"https:\/\/www.suno.com.br\/noticias\/#website\",\"url\":\"https:\/\/www.suno.com.br\/noticias\/\",\"name\":\"Suno Not\u00edcias\",\"description\":\"Seu portal de informa\u00e7\u00e3o sobre o mundo dos investimentos\",\"publisher\":{\"@id\":\"https:\/\/www.suno.com.br\/noticias\/#organization\"},\"potentialAction\":[{\"@type\":\"SearchAction\",\"target\":{\"@type\":\"EntryPoint\",\"urlTemplate\":\"https:\/\/www.suno.com.br\/noticias\/?s={search_term_string}\"},\"query-input\":{\"@type\":\"PropertyValueSpecification\",\"valueRequired\":true,\"valueName\":\"search_term_string\"}}],\"inLanguage\":\"pt-BR\"},{\"@type\":\"Organization\",\"@id\":\"https:\/\/www.suno.com.br\/noticias\/#organization\",\"name\":\"Suno Not\u00edcias\",\"url\":\"https:\/\/www.suno.com.br\/noticias\/\",\"logo\":{\"@type\":\"ImageObject\",\"inLanguage\":\"pt-BR\",\"@id\":\"https:\/\/www.suno.com.br\/noticias\/#\/schema\/logo\/image\/\",\"url\":\"https:\/\/files.sunoresearch.com.br\/n\/uploads\/2021\/09\/suno-logo.png\",\"contentUrl\":\"https:\/\/files.sunoresearch.com.br\/n\/uploads\/2021\/09\/suno-logo.png\",\"width\":180,\"height\":180,\"caption\":\"Suno Not\u00edcias\"},\"image\":{\"@id\":\"https:\/\/www.suno.com.br\/noticias\/#\/schema\/logo\/image\/\"},\"sameAs\":[\"https:\/\/facebook.com\/sunoresearch\",\"https:\/\/x.com\/sunoresearch\",\"https:\/\/www.instagram.com\/suno\",\"https:\/\/www.linkedin.com\/company\/suno-research\/\",\"https:\/\/www.youtube.com\/c\/sunoresearch\"]},{\"@type\":\"Person\",\"@id\":\"https:\/\/www.suno.com.br\/noticias\/#\/schema\/person\/02ec1f752758247878a2bf4abee1aeda\",\"name\":\"Poliana Santos\",\"image\":{\"@type\":\"ImageObject\",\"inLanguage\":\"pt-BR\",\"@id\":\"https:\/\/www.suno.com.br\/noticias\/#\/schema\/person\/image\/\",\"url\":\"https:\/\/secure.gravatar.com\/avatar\/0645bd32f23d87b2130f2b2dff1d3f8d?s=96&r=g\",\"contentUrl\":\"https:\/\/secure.gravatar.com\/avatar\/0645bd32f23d87b2130f2b2dff1d3f8d?s=96&r=g\",\"caption\":\"Poliana Santos\"},\"description\":\"Rep\u00f3rter no Suno Not\u00edcias, com cobertura em mercado financeiro, economia, finan\u00e7as pessoais, renda fixa e varejo. Jornalista formada pela Faculdade C\u00e1sper L\u00edbero e possui passagem na R\u00e1dio Gazeta AM com a produ\u00e7\u00e3o de conte\u00fado sobre economia, pol\u00edtica, sa\u00fade, moda e m\u00fasica. Possui certificado de conclus\u00e3o do curso de An\u00e1lise de Balan\u00e7os pela Funda\u00e7\u00e3o Bradesco, Agenda Brasil pela FAAP, Educa\u00e7\u00e3o Pol\u00edtica por Alexandre Garcia e do Tesouro Direto e Mercado de A\u00e7\u00f5es pela B3.\",\"url\":\"https:\/\/www.suno.com.br\/noticias\/author\/poliana-santos\/\"}]}<\/script>\n<!-- \/ Yoast SEO plugin. -->","yoast_head_json":{"title":"Reino Unido autoriza uso emergencial de vacina da Pfizer contra covid-19","description":"O Reino Unido autorizou o uso emergencial da vacina Pfizer e BioNTech contra o novo coronav\u00edrus (covid-19). Para saber clique aqui e confira","robots":{"index":"index","follow":"follow","max-snippet":"max-snippet:-1","max-image-preview":"max-image-preview:large","max-video-preview":"max-video-preview:-1"},"canonical":"https:\/\/www.suno.com.br\/noticias\/reino-unido-autoriza-emergencial-vacina-pfizer\/","og_locale":"pt_BR","og_type":"article","og_title":"Reino Unido autoriza uso emergencial de vacina da Pfizer contra covid-19","og_description":"O Reino Unido autorizou o uso emergencial da vacina Pfizer e BioNTech contra o novo coronav\u00edrus (covid-19). Para saber clique aqui e confira","og_url":"https:\/\/www.suno.com.br\/noticias\/reino-unido-autoriza-emergencial-vacina-pfizer\/","og_site_name":"Suno Not\u00edcias","article_publisher":"https:\/\/facebook.com\/sunoresearch","og_image":[{"width":800,"height":450,"url":"https:\/\/files.sunoresearch.com.br\/n\/uploads\/2020\/11\/df5edd16-vacina-contra-covid-19-novo-coronavirus-ilustracao-1-1-800x450-1.jpg","type":"image\/jpeg"}],"author":"Poliana Santos","twitter_card":"summary_large_image","twitter_creator":"@sunoresearch","twitter_site":"@sunoresearch","twitter_misc":{"Escrito por":"Poliana Santos","Est. tempo de leitura":"2 minutos"},"schema":{"@context":"https:\/\/schema.org","@graph":[{"@type":"NewsArticle","@id":"https:\/\/www.suno.com.br\/noticias\/reino-unido-autoriza-emergencial-vacina-pfizer\/#article","isPartOf":{"@id":"https:\/\/www.suno.com.br\/noticias\/reino-unido-autoriza-emergencial-vacina-pfizer\/"},"author":{"name":"Poliana Santos","@id":"https:\/\/www.suno.com.br\/noticias\/#\/schema\/person\/02ec1f752758247878a2bf4abee1aeda"},"headline":"Reino Unido autoriza uso emergencial de vacina da Pfizer contra covid-19","datePublished":"2020-12-02T13:10:06+00:00","mainEntityOfPage":{"@id":"https:\/\/www.suno.com.br\/noticias\/reino-unido-autoriza-emergencial-vacina-pfizer\/"},"wordCount":445,"publisher":{"@id":"https:\/\/www.suno.com.br\/noticias\/#organization"},"image":{"@id":"https:\/\/www.suno.com.br\/noticias\/reino-unido-autoriza-emergencial-vacina-pfizer\/#primaryimage"},"thumbnailUrl":"https:\/\/files.sunoresearch.com.br\/n\/uploads\/2020\/11\/df5edd16-vacina-contra-covid-19-novo-coronavirus-ilustracao-1-1-800x450-1-jpg.webp","keywords":["BioNTech","coronav\u00edrus","covid-19","Reino Unido","vacina da Pfizer"],"articleSection":["Internacional"],"inLanguage":"pt-BR"},{"@type":"WebPage","@id":"https:\/\/www.suno.com.br\/noticias\/reino-unido-autoriza-emergencial-vacina-pfizer\/","url":"https:\/\/www.suno.com.br\/noticias\/reino-unido-autoriza-emergencial-vacina-pfizer\/","name":"Reino Unido autoriza uso emergencial de vacina da Pfizer contra covid-19","isPartOf":{"@id":"https:\/\/www.suno.com.br\/noticias\/#website"},"primaryImageOfPage":{"@id":"https:\/\/www.suno.com.br\/noticias\/reino-unido-autoriza-emergencial-vacina-pfizer\/#primaryimage"},"image":{"@id":"https:\/\/www.suno.com.br\/noticias\/reino-unido-autoriza-emergencial-vacina-pfizer\/#primaryimage"},"thumbnailUrl":"https:\/\/files.sunoresearch.com.br\/n\/uploads\/2020\/11\/df5edd16-vacina-contra-covid-19-novo-coronavirus-ilustracao-1-1-800x450-1-jpg.webp","datePublished":"2020-12-02T13:10:06+00:00","description":"O Reino Unido autorizou o uso emergencial da vacina Pfizer e BioNTech contra o novo coronav\u00edrus (covid-19). Para saber clique aqui e confira","breadcrumb":{"@id":"https:\/\/www.suno.com.br\/noticias\/reino-unido-autoriza-emergencial-vacina-pfizer\/#breadcrumb"},"inLanguage":"pt-BR","potentialAction":[{"@type":"ReadAction","target":["https:\/\/www.suno.com.br\/noticias\/reino-unido-autoriza-emergencial-vacina-pfizer\/"]}]},{"@type":"ImageObject","inLanguage":"pt-BR","@id":"https:\/\/www.suno.com.br\/noticias\/reino-unido-autoriza-emergencial-vacina-pfizer\/#primaryimage","url":"https:\/\/files.sunoresearch.com.br\/n\/uploads\/2020\/11\/df5edd16-vacina-contra-covid-19-novo-coronavirus-ilustracao-1-1-800x450-1-jpg.webp","contentUrl":"https:\/\/files.sunoresearch.com.br\/n\/uploads\/2020\/11\/df5edd16-vacina-contra-covid-19-novo-coronavirus-ilustracao-1-1-800x450-1-jpg.webp","width":800,"height":450,"caption":"Reino Unido autoriza uso emergencial de vacina da Pfizer contra covid-19"},{"@type":"BreadcrumbList","@id":"https:\/\/www.suno.com.br\/noticias\/reino-unido-autoriza-emergencial-vacina-pfizer\/#breadcrumb","itemListElement":[{"@type":"ListItem","position":1,"name":"Not\u00edcias","item":"https:\/\/www.suno.com.br\/noticias\/"},{"@type":"ListItem","position":2,"name":"Internacional","item":"https:\/\/www.suno.com.br\/noticias\/internacional\/"},{"@type":"ListItem","position":3,"name":"Reino Unido autoriza uso emergencial de vacina da Pfizer contra covid-19"}]},{"@type":"WebSite","@id":"https:\/\/www.suno.com.br\/noticias\/#website","url":"https:\/\/www.suno.com.br\/noticias\/","name":"Suno Not\u00edcias","description":"Seu portal de informa\u00e7\u00e3o sobre o mundo dos investimentos","publisher":{"@id":"https:\/\/www.suno.com.br\/noticias\/#organization"},"potentialAction":[{"@type":"SearchAction","target":{"@type":"EntryPoint","urlTemplate":"https:\/\/www.suno.com.br\/noticias\/?s={search_term_string}"},"query-input":{"@type":"PropertyValueSpecification","valueRequired":true,"valueName":"search_term_string"}}],"inLanguage":"pt-BR"},{"@type":"Organization","@id":"https:\/\/www.suno.com.br\/noticias\/#organization","name":"Suno Not\u00edcias","url":"https:\/\/www.suno.com.br\/noticias\/","logo":{"@type":"ImageObject","inLanguage":"pt-BR","@id":"https:\/\/www.suno.com.br\/noticias\/#\/schema\/logo\/image\/","url":"https:\/\/files.sunoresearch.com.br\/n\/uploads\/2021\/09\/suno-logo.png","contentUrl":"https:\/\/files.sunoresearch.com.br\/n\/uploads\/2021\/09\/suno-logo.png","width":180,"height":180,"caption":"Suno Not\u00edcias"},"image":{"@id":"https:\/\/www.suno.com.br\/noticias\/#\/schema\/logo\/image\/"},"sameAs":["https:\/\/facebook.com\/sunoresearch","https:\/\/x.com\/sunoresearch","https:\/\/www.instagram.com\/suno","https:\/\/www.linkedin.com\/company\/suno-research\/","https:\/\/www.youtube.com\/c\/sunoresearch"]},{"@type":"Person","@id":"https:\/\/www.suno.com.br\/noticias\/#\/schema\/person\/02ec1f752758247878a2bf4abee1aeda","name":"Poliana Santos","image":{"@type":"ImageObject","inLanguage":"pt-BR","@id":"https:\/\/www.suno.com.br\/noticias\/#\/schema\/person\/image\/","url":"https:\/\/secure.gravatar.com\/avatar\/0645bd32f23d87b2130f2b2dff1d3f8d?s=96&r=g","contentUrl":"https:\/\/secure.gravatar.com\/avatar\/0645bd32f23d87b2130f2b2dff1d3f8d?s=96&r=g","caption":"Poliana Santos"},"description":"Rep\u00f3rter no Suno Not\u00edcias, com cobertura em mercado financeiro, economia, finan\u00e7as pessoais, renda fixa e varejo. Jornalista formada pela Faculdade C\u00e1sper L\u00edbero e possui passagem na R\u00e1dio Gazeta AM com a produ\u00e7\u00e3o de conte\u00fado sobre economia, pol\u00edtica, sa\u00fade, moda e m\u00fasica. Possui certificado de conclus\u00e3o do curso de An\u00e1lise de Balan\u00e7os pela Funda\u00e7\u00e3o Bradesco, Agenda Brasil pela FAAP, Educa\u00e7\u00e3o Pol\u00edtica por Alexandre Garcia e do Tesouro Direto e Mercado de A\u00e7\u00f5es pela B3.","url":"https:\/\/www.suno.com.br\/noticias\/author\/poliana-santos\/"}]}},"default_loop_html":"<div class=\"cardsPage__listCard__boxs\"><div class=\"cardsPage__listCard__boxs__img\"><a href=\"https:\/\/www.suno.com.br\/noticias\/reino-unido-autoriza-emergencial-vacina-pfizer\/\"><img class=\"mask\" src=\"https:\/\/www.suno.com.br\/noticias\/wp-content\/themes\/suno\/resources\/images\/spotlight\/spotlight1img\/bg-mask.png\" alt=\"Image Mask\"\/><img src=\"https:\/\/files.sunoresearch.com.br\/n\/uploads\/2020\/11\/df5edd16-vacina-contra-covid-19-novo-coronavirus-ilustracao-1-1-800x450-1-400x200.webp\" alt=\"Reino Unido autoriza uso emergencial de vacina da Pfizer contra covid-19\"\/><\/a><span class=\"spotlightCategory\"><a href=\"https:\/\/www.suno.com.br\/noticias\/internacional\/\">Internacional<\/a><\/span><\/div><div class=\"cardsPage__listCard__boxs__content\"><a href=\"https:\/\/www.suno.com.br\/noticias\/reino-unido-autoriza-emergencial-vacina-pfizer\/\"><h2 class=\"content__title\">Reino Unido autoriza uso emergencial de vacina da Pfizer contra covid-19<\/h2><\/a><div class=\"newsContent__article__meta\"><div class=\"newsContent__article__meta__authorBox\"><a href=\"https:\/\/www.suno.com.br\/noticias\/author\/poliana-santos\/\" class=\"authorBox__avatar noMobi\"><img src=\"https:\/\/files.sunoresearch.com.br\/n\/uploads\/2020\/08\/7ef34026-whatsapp-image-2020-08-03-at-12.37.57-150x150.webp\" alt=\"Poliana Santos\"><\/a><div class=\"authorBox__name\"><span>por\n\t\t\t<a href=\"https:\/\/www.suno.com.br\/noticias\/author\/poliana-santos\/\"><span itemprop=\"author\">Poliana Santos<\/span><\/a><\/span><time datetime=\"2020-12-02T10:10:06-03:00\" itemprop=\"datePublished\">02\/12\/2020 10:10<\/time><\/div><\/div><\/div><\/div><\/div>","single_layout":"posts","amp_enabled":true,"_links":{"self":[{"href":"https:\/\/www.suno.com.br\/noticias\/wp-json\/wp\/v2\/posts\/104758"}],"collection":[{"href":"https:\/\/www.suno.com.br\/noticias\/wp-json\/wp\/v2\/posts"}],"about":[{"href":"https:\/\/www.suno.com.br\/noticias\/wp-json\/wp\/v2\/types\/post"}],"author":[{"embeddable":true,"href":"https:\/\/www.suno.com.br\/noticias\/wp-json\/wp\/v2\/users\/15"}],"replies":[{"embeddable":true,"href":"https:\/\/www.suno.com.br\/noticias\/wp-json\/wp\/v2\/comments?post=104758"}],"version-history":[{"count":0,"href":"https:\/\/www.suno.com.br\/noticias\/wp-json\/wp\/v2\/posts\/104758\/revisions"}],"wp:featuredmedia":[{"embeddable":true,"href":"https:\/\/www.suno.com.br\/noticias\/wp-json\/wp\/v2\/media\/98722"}],"wp:attachment":[{"href":"https:\/\/www.suno.com.br\/noticias\/wp-json\/wp\/v2\/media?parent=104758"}],"wp:term":[{"taxonomy":"category","embeddable":true,"href":"https:\/\/www.suno.com.br\/noticias\/wp-json\/wp\/v2\/categories?post=104758"},{"taxonomy":"post_tag","embeddable":true,"href":"https:\/\/www.suno.com.br\/noticias\/wp-json\/wp\/v2\/tags?post=104758"},{"taxonomy":"suno_strategy","embeddable":true,"href":"https:\/\/www.suno.com.br\/noticias\/wp-json\/wp\/v2\/suno_strategy?post=104758"}],"curies":[{"name":"wp","href":"https:\/\/api.w.org\/{rel}","templated":true}]}}