{"id":10472,"date":"2019-01-05T11:18:15","date_gmt":"2019-01-05T13:18:15","guid":{"rendered":"https:\/\/www.suno.com.br\/noticias\/?p=10472"},"modified":"2019-07-18T10:12:35","modified_gmt":"2019-07-18T13:12:35","slug":"itau-ambev-empresa-valor-mercado","status":"publish","type":"post","link":"https:\/\/www.suno.com.br\/noticias\/itau-ambev-empresa-valor-mercado\/","title":{"rendered":"Ita\u00fa supera Ambev como maior empresa em valor de mercado da B3"},"content":{"rendered":"<p>O Ita\u00fa Unibanco desbancou a Ambev como maior empresa em valor de mercado da <a href=\"https:\/\/www.suno.com.br\/artigos\/bovespa-precedente-b3\/\">B3 (Ibovespa)<\/a>.<\/p>\t<div class=\"wrapper-featured-image\">\n\t\t<figure class=\"spotlightImg\">\n\n\t\t\t<picture>\n\t\t\t\t<source media=\"(max-width: 768px)\" srcset=\"https:\/\/files.sunoresearch.com.br\/n\/uploads\/2018\/10\/fbd6a493-itau-unibanco-400x200.webp\">\n\t\t\t\t<img loading=\"lazy\" decoding=\"async\" class=\"newsContent__article__imgCapa lazyloadDisabled newsContent__article__imgCapa--noCaption\" src=\"https:\/\/files.sunoresearch.com.br\/n\/uploads\/2018\/10\/fbd6a493-itau-unibanco-800x450.webp\" width=\"800\" height=\"450\" alt=\"Ita\u00fa supera Ambev como maior empresa em valor de mercado da B3\" fetchpriority=high \/>\n\t\t\t<\/picture>\n\n\t\t\t<figcaption class=\"wp-caption-text wp-caption-text--hide\">Ita\u00fa j\u00e1 soma queda de 25% nos seus pap\u00e9is em 2021 - Foto: Divulga\u00e7\u00e3o<\/figcaption>\n\t\t<\/figure>\n\t<\/div>\n\n\n<p>Neste ano, o <strong>Ita\u00fa Unibanco<\/strong> registrou um valor de mercado de R$ 342,1 bilh\u00f5es, ocupando o posto que antes era da<strong> Ambev <\/strong>no in\u00edcio de 2018.<\/p>\n<p><a href=\"https:\/\/www.suno.com.br\/noticias\/3-alta-consecutiva-ibovespa-nova-marca\/\">Saiba mais: Ibovespa registra nova marca hist\u00f3rica ap\u00f3s 3\u00aa alta consecutiva no ano<\/a><\/p>\n<p>Al\u00e9m disso, a Ambev teve uma perda de R$ 85 bilh\u00f5es. Com isso, a empresa ficou em quinto lugar na lista de companhias com maior capitaliza\u00e7\u00e3o, com R$ 256,7 bilh\u00f5es.<\/p>\n<p>O valor de mercado de uma empresa \u00e9 calculado multiplicando-se o n\u00famero de a\u00e7\u00f5es que possui pelo valor dos papeis.<\/p>\n<p>Em 2018, a valoriza\u00e7\u00e3o dos papeis do <strong>Ita\u00fa Unibanco<\/strong> chegou a 29%. Ademais, o seu valor de mercado obteve um crescimento de R$ 70,7 bilh\u00f5es. Este \u00e9 o segundo maior ganho entre as empresas da bolsa em termos de valores.<\/p>\n<p>Com a leve retomada da economia, o banco conseguiu fazer bons resultados financeiros. No terceiro semestre, o lucro l\u00edquido recorrente somou R$ 6,4 bilh\u00f5es, alta de 3,2% em rela\u00e7\u00e3o ao mesmo per\u00edodo de 2017. A margem financeira obtida com clientes subiu 5% em base anual, atingindo R$ 16 milh\u00f5es.<\/p>\n<p>Empresas que valem mais:<\/p>\n<ol>\n<li>Ita\u00fa Unibanco: R$ 342,1 bilh\u00f5es<\/li>\n<li>Petrobras: R$ 340,5 bilh\u00f5es<\/li>\n<li>Bradesco: R$ 259,6 bilh\u00f5es<\/li>\n<li>Vale:\u00a0 R$ 259 bilh\u00f5es<\/li>\n<li>Ambev: R$ 256,7 bilh\u00f5es<\/li>\n<li>Santander: R$ 176 bilh\u00f5es<\/li>\n<li>Banco do Brasil: R$ 140 bilh\u00f5es<\/li>\n<li>Ita\u00fasa: R$ 111 bilh\u00f5es<\/li>\n<li>Telef\u00f4nica: R$ 77 bilh\u00f5es<\/li>\n<li>B3: 59,7 bilh\u00f5es<\/li>\n<\/ol>\n<h2>Ambev<\/h2>\n<p>As a\u00e7\u00f5es da fabricante de bebidas tiveram perdas de 27%. Um dos fatores que contribu\u00edram para a baixa foi a queda no consumo de cerveja. Al\u00e9m disso, houve perdas com a varia\u00e7\u00e3o cambial e com a hiperinfla\u00e7\u00e3o na Argentina. Essas quest\u00f5es afetaram principalmente o terceiro trimestre, quando a Ambev registrou uma queda de 10% no lucro, totalizando perda de R$ 3 bilh\u00f5es.<\/p>\n<h2>Outras perdas<\/h2>\n<p>N\u00e3o foi s\u00f3 a <strong>Ambev<\/strong> que viu as suas a\u00e7\u00f5es desabarem.\u00a0 A <strong>Cielo<\/strong> perdeu R$ 41 bilh\u00f5es ap\u00f3s queda de 41% nos seus papeis. No in\u00edcio de 2019, o valor de mercado da credenciadora de cart\u00f5es era de R$ 256,7 bilh\u00f5es.<\/p>\n<p><a href=\"https:\/\/www.suno.com.br\/noticias\/paulo-guedes-mercado-credito-desestatizado\/\">Saiba mais: Paulo Guedes: mercado do cr\u00e9dito ser\u00e1 \u201cdesestatizado\u201d<\/a><\/p>\n<p>Apesar de estar em setor com altos retornos, a alta concorr\u00eancia no mercado gerou guerras de pre\u00e7os entre as companhias. Al\u00e9m disso, o varejo registrou quedas, o que afetou os seus lucros durante o ano. A Cielo registrou um lucro l\u00edquido de R$ 793,2 milh\u00f5es no terceiro trimestre, queda de 22%.<\/p>\n<p>Empresas que mais perderam valor:<\/p>\n<ol>\n<li>Ambev: R$ 85 bilh\u00f5es<\/li>\n<li>Cielo: R$ 41 bilh\u00f5es<\/li>\n<li>Kroton: R$ 14,9 bilh\u00f5es<\/li>\n<li>Ultrapar: R$ 12,7 bilh\u00f5es<\/li>\n<li>BRF: 12,6 bilh\u00f5es<\/li>\n<\/ol>\n","protected":false},"excerpt":{"rendered":"<p>O Ita\u00fa Unibanco desbancou a Ambev como maior empresa em valor de mercado da B3 (Ibovespa). Ita\u00fa j\u00e1 soma queda de 25% nos seus pap\u00e9is em 2021 &#8211; Foto: Divulga\u00e7\u00e3o Neste ano, o Ita\u00fa Unibanco registrou um valor de mercado de R$ 342,1 bilh\u00f5es, ocupando o posto que antes era da Ambev no in\u00edcio de [&hellip;]<\/p>\n","protected":false},"author":14,"featured_media":5848,"comment_status":"closed","ping_status":"closed","sticky":false,"template":"","format":"standard","meta":[],"categories":[60],"tags":[359,721,519],"suno_strategy":[],"class_list":["post-10472","post","type-post","status-publish","format-standard","has-post-thumbnail","hentry","category-mercado","tag-ambev-abev3","tag-ibovespa","tag-itau-unibanco-itub3-itub4"],"yoast_head":"<!-- This site is optimized with the Yoast SEO plugin v24.4 - https:\/\/yoast.com\/wordpress\/plugins\/seo\/ -->\n<title>Ita\u00fa supera Ambev como maior empresa em valor de mercado da B3<\/title>\n<meta name=\"description\" content=\"Com a leve melhora na economia, o Ita\u00fa Unibanco registrou valoriza\u00e7\u00e3o de 29% em seus papeis. Clique para saber mais.\" \/>\n<meta name=\"robots\" content=\"index, follow, max-snippet:-1, max-image-preview:large, max-video-preview:-1\" \/>\n<link rel=\"canonical\" href=\"https:\/\/www.suno.com.br\/noticias\/itau-ambev-empresa-valor-mercado\/\" \/>\n<meta property=\"og:locale\" content=\"pt_BR\" \/>\n<meta property=\"og:type\" content=\"article\" \/>\n<meta property=\"og:title\" content=\"Ita\u00fa supera Ambev como maior empresa em valor de mercado da B3\" \/>\n<meta property=\"og:description\" content=\"Com a leve melhora na economia, o Ita\u00fa Unibanco registrou valoriza\u00e7\u00e3o de 29% em seus papeis. Clique para saber mais.\" \/>\n<meta property=\"og:url\" content=\"https:\/\/www.suno.com.br\/noticias\/itau-ambev-empresa-valor-mercado\/\" \/>\n<meta property=\"og:site_name\" content=\"Suno Not\u00edcias\" \/>\n<meta property=\"article:publisher\" content=\"https:\/\/facebook.com\/sunoresearch\" \/>\n<meta property=\"og:image\" content=\"https:\/\/files.sunoresearch.com.br\/n\/uploads\/2018\/10\/fbd6a493-itau-unibanco.jpg\" \/>\n\t<meta property=\"og:image:width\" content=\"2592\" \/>\n\t<meta property=\"og:image:height\" content=\"1944\" \/>\n\t<meta property=\"og:image:type\" content=\"image\/jpeg\" \/>\n<meta name=\"author\" content=\"Renan Dantas\" \/>\n<meta name=\"twitter:card\" content=\"summary_large_image\" \/>\n<meta name=\"twitter:creator\" content=\"@sunoresearch\" \/>\n<meta name=\"twitter:site\" content=\"@sunoresearch\" \/>\n<meta name=\"twitter:label1\" content=\"Escrito por\" \/>\n\t<meta name=\"twitter:data1\" content=\"Renan Dantas\" \/>\n\t<meta name=\"twitter:label2\" content=\"Est. tempo de leitura\" \/>\n\t<meta name=\"twitter:data2\" content=\"2 minutos\" \/>\n<script type=\"application\/ld+json\" class=\"yoast-schema-graph\">{\"@context\":\"https:\/\/schema.org\",\"@graph\":[{\"@type\":\"NewsArticle\",\"@id\":\"https:\/\/www.suno.com.br\/noticias\/itau-ambev-empresa-valor-mercado\/#article\",\"isPartOf\":{\"@id\":\"https:\/\/www.suno.com.br\/noticias\/itau-ambev-empresa-valor-mercado\/\"},\"author\":{\"name\":\"Renan Dantas\",\"@id\":\"https:\/\/www.suno.com.br\/noticias\/#\/schema\/person\/3f7693d5795a3f6d5ce15309ee785699\"},\"headline\":\"Ita\u00fa supera Ambev como maior empresa em valor de mercado da B3\",\"datePublished\":\"2019-01-05T13:18:15+00:00\",\"dateModified\":\"2019-07-18T13:12:35+00:00\",\"mainEntityOfPage\":{\"@id\":\"https:\/\/www.suno.com.br\/noticias\/itau-ambev-empresa-valor-mercado\/\"},\"wordCount\":457,\"publisher\":{\"@id\":\"https:\/\/www.suno.com.br\/noticias\/#organization\"},\"image\":{\"@id\":\"https:\/\/www.suno.com.br\/noticias\/itau-ambev-empresa-valor-mercado\/#primaryimage\"},\"thumbnailUrl\":\"https:\/\/files.sunoresearch.com.br\/n\/uploads\/2018\/10\/fbd6a493-itau-unibanco-scaled.webp\",\"keywords\":[\"AMBEV (ABEV3)\",\"Ibovespa\",\"Ita\u00fa Unibanco (ITUB3\/ITUB4)\"],\"articleSection\":[\"Mercado\"],\"inLanguage\":\"pt-BR\"},{\"@type\":\"WebPage\",\"@id\":\"https:\/\/www.suno.com.br\/noticias\/itau-ambev-empresa-valor-mercado\/\",\"url\":\"https:\/\/www.suno.com.br\/noticias\/itau-ambev-empresa-valor-mercado\/\",\"name\":\"Ita\u00fa supera Ambev como maior empresa em valor de mercado da B3\",\"isPartOf\":{\"@id\":\"https:\/\/www.suno.com.br\/noticias\/#website\"},\"primaryImageOfPage\":{\"@id\":\"https:\/\/www.suno.com.br\/noticias\/itau-ambev-empresa-valor-mercado\/#primaryimage\"},\"image\":{\"@id\":\"https:\/\/www.suno.com.br\/noticias\/itau-ambev-empresa-valor-mercado\/#primaryimage\"},\"thumbnailUrl\":\"https:\/\/files.sunoresearch.com.br\/n\/uploads\/2018\/10\/fbd6a493-itau-unibanco-scaled.webp\",\"datePublished\":\"2019-01-05T13:18:15+00:00\",\"dateModified\":\"2019-07-18T13:12:35+00:00\",\"description\":\"Com a leve melhora na economia, o Ita\u00fa Unibanco registrou valoriza\u00e7\u00e3o de 29% em seus papeis. Clique para saber mais.\",\"breadcrumb\":{\"@id\":\"https:\/\/www.suno.com.br\/noticias\/itau-ambev-empresa-valor-mercado\/#breadcrumb\"},\"inLanguage\":\"pt-BR\",\"potentialAction\":[{\"@type\":\"ReadAction\",\"target\":[\"https:\/\/www.suno.com.br\/noticias\/itau-ambev-empresa-valor-mercado\/\"]}]},{\"@type\":\"ImageObject\",\"inLanguage\":\"pt-BR\",\"@id\":\"https:\/\/www.suno.com.br\/noticias\/itau-ambev-empresa-valor-mercado\/#primaryimage\",\"url\":\"https:\/\/files.sunoresearch.com.br\/n\/uploads\/2018\/10\/fbd6a493-itau-unibanco-scaled.webp\",\"contentUrl\":\"https:\/\/files.sunoresearch.com.br\/n\/uploads\/2018\/10\/fbd6a493-itau-unibanco-scaled.webp\",\"width\":2560,\"height\":1920,\"caption\":\"Ita\u00fa j\u00e1 soma queda de 25% nos seus pap\u00e9is em 2021 - Foto: Divulga\u00e7\u00e3o\"},{\"@type\":\"BreadcrumbList\",\"@id\":\"https:\/\/www.suno.com.br\/noticias\/itau-ambev-empresa-valor-mercado\/#breadcrumb\",\"itemListElement\":[{\"@type\":\"ListItem\",\"position\":1,\"name\":\"Not\u00edcias\",\"item\":\"https:\/\/www.suno.com.br\/noticias\/\"},{\"@type\":\"ListItem\",\"position\":2,\"name\":\"Mercado\",\"item\":\"https:\/\/www.suno.com.br\/noticias\/mercado\/\"},{\"@type\":\"ListItem\",\"position\":3,\"name\":\"Ita\u00fa supera Ambev como maior empresa em valor de mercado da B3\"}]},{\"@type\":\"WebSite\",\"@id\":\"https:\/\/www.suno.com.br\/noticias\/#website\",\"url\":\"https:\/\/www.suno.com.br\/noticias\/\",\"name\":\"Suno Not\u00edcias\",\"description\":\"Seu portal de informa\u00e7\u00e3o sobre o mundo dos investimentos\",\"publisher\":{\"@id\":\"https:\/\/www.suno.com.br\/noticias\/#organization\"},\"potentialAction\":[{\"@type\":\"SearchAction\",\"target\":{\"@type\":\"EntryPoint\",\"urlTemplate\":\"https:\/\/www.suno.com.br\/noticias\/?s={search_term_string}\"},\"query-input\":{\"@type\":\"PropertyValueSpecification\",\"valueRequired\":true,\"valueName\":\"search_term_string\"}}],\"inLanguage\":\"pt-BR\"},{\"@type\":\"Organization\",\"@id\":\"https:\/\/www.suno.com.br\/noticias\/#organization\",\"name\":\"Suno Not\u00edcias\",\"url\":\"https:\/\/www.suno.com.br\/noticias\/\",\"logo\":{\"@type\":\"ImageObject\",\"inLanguage\":\"pt-BR\",\"@id\":\"https:\/\/www.suno.com.br\/noticias\/#\/schema\/logo\/image\/\",\"url\":\"https:\/\/files.sunoresearch.com.br\/n\/uploads\/2021\/09\/suno-logo.png\",\"contentUrl\":\"https:\/\/files.sunoresearch.com.br\/n\/uploads\/2021\/09\/suno-logo.png\",\"width\":180,\"height\":180,\"caption\":\"Suno Not\u00edcias\"},\"image\":{\"@id\":\"https:\/\/www.suno.com.br\/noticias\/#\/schema\/logo\/image\/\"},\"sameAs\":[\"https:\/\/facebook.com\/sunoresearch\",\"https:\/\/x.com\/sunoresearch\",\"https:\/\/www.instagram.com\/suno\",\"https:\/\/www.linkedin.com\/company\/suno-research\/\",\"https:\/\/www.youtube.com\/c\/sunoresearch\"]},{\"@type\":\"Person\",\"@id\":\"https:\/\/www.suno.com.br\/noticias\/#\/schema\/person\/3f7693d5795a3f6d5ce15309ee785699\",\"name\":\"Renan Dantas\",\"image\":{\"@type\":\"ImageObject\",\"inLanguage\":\"pt-BR\",\"@id\":\"https:\/\/www.suno.com.br\/noticias\/#\/schema\/person\/image\/\",\"url\":\"https:\/\/secure.gravatar.com\/avatar\/1787b83e7484a08e51d62ac8b41c8396?s=96&r=g\",\"contentUrl\":\"https:\/\/secure.gravatar.com\/avatar\/1787b83e7484a08e51d62ac8b41c8396?s=96&r=g\",\"caption\":\"Renan Dantas\"},\"description\":\"Escreve sobre pol\u00edtica e mercado financeiro para o portal Suno Not\u00edcias. Antes, atuou na assessoria de comunica\u00e7\u00e3o do Minist\u00e9rio P\u00fablico do Trabalho e na R\u00e1dio Mackenzie, onde apresentava e produzia um programa sobre artistas da m\u00fasica brasileira. \u00c9 estudante na Universidade Presbiteriana Mackenzie.\",\"url\":\"https:\/\/www.suno.com.br\/noticias\/author\/renan-dantas\/\"}]}<\/script>\n<!-- \/ Yoast SEO plugin. -->","yoast_head_json":{"title":"Ita\u00fa supera Ambev como maior empresa em valor de mercado da B3","description":"Com a leve melhora na economia, o Ita\u00fa Unibanco registrou valoriza\u00e7\u00e3o de 29% em seus papeis. Clique para saber mais.","robots":{"index":"index","follow":"follow","max-snippet":"max-snippet:-1","max-image-preview":"max-image-preview:large","max-video-preview":"max-video-preview:-1"},"canonical":"https:\/\/www.suno.com.br\/noticias\/itau-ambev-empresa-valor-mercado\/","og_locale":"pt_BR","og_type":"article","og_title":"Ita\u00fa supera Ambev como maior empresa em valor de mercado da B3","og_description":"Com a leve melhora na economia, o Ita\u00fa Unibanco registrou valoriza\u00e7\u00e3o de 29% em seus papeis. Clique para saber mais.","og_url":"https:\/\/www.suno.com.br\/noticias\/itau-ambev-empresa-valor-mercado\/","og_site_name":"Suno Not\u00edcias","article_publisher":"https:\/\/facebook.com\/sunoresearch","og_image":[{"width":2592,"height":1944,"url":"https:\/\/files.sunoresearch.com.br\/n\/uploads\/2018\/10\/fbd6a493-itau-unibanco.jpg","type":"image\/jpeg"}],"author":"Renan Dantas","twitter_card":"summary_large_image","twitter_creator":"@sunoresearch","twitter_site":"@sunoresearch","twitter_misc":{"Escrito por":"Renan Dantas","Est. tempo de leitura":"2 minutos"},"schema":{"@context":"https:\/\/schema.org","@graph":[{"@type":"NewsArticle","@id":"https:\/\/www.suno.com.br\/noticias\/itau-ambev-empresa-valor-mercado\/#article","isPartOf":{"@id":"https:\/\/www.suno.com.br\/noticias\/itau-ambev-empresa-valor-mercado\/"},"author":{"name":"Renan Dantas","@id":"https:\/\/www.suno.com.br\/noticias\/#\/schema\/person\/3f7693d5795a3f6d5ce15309ee785699"},"headline":"Ita\u00fa supera Ambev como maior empresa em valor de mercado da B3","datePublished":"2019-01-05T13:18:15+00:00","dateModified":"2019-07-18T13:12:35+00:00","mainEntityOfPage":{"@id":"https:\/\/www.suno.com.br\/noticias\/itau-ambev-empresa-valor-mercado\/"},"wordCount":457,"publisher":{"@id":"https:\/\/www.suno.com.br\/noticias\/#organization"},"image":{"@id":"https:\/\/www.suno.com.br\/noticias\/itau-ambev-empresa-valor-mercado\/#primaryimage"},"thumbnailUrl":"https:\/\/files.sunoresearch.com.br\/n\/uploads\/2018\/10\/fbd6a493-itau-unibanco-scaled.webp","keywords":["AMBEV (ABEV3)","Ibovespa","Ita\u00fa Unibanco (ITUB3\/ITUB4)"],"articleSection":["Mercado"],"inLanguage":"pt-BR"},{"@type":"WebPage","@id":"https:\/\/www.suno.com.br\/noticias\/itau-ambev-empresa-valor-mercado\/","url":"https:\/\/www.suno.com.br\/noticias\/itau-ambev-empresa-valor-mercado\/","name":"Ita\u00fa supera Ambev como maior empresa em valor de mercado da B3","isPartOf":{"@id":"https:\/\/www.suno.com.br\/noticias\/#website"},"primaryImageOfPage":{"@id":"https:\/\/www.suno.com.br\/noticias\/itau-ambev-empresa-valor-mercado\/#primaryimage"},"image":{"@id":"https:\/\/www.suno.com.br\/noticias\/itau-ambev-empresa-valor-mercado\/#primaryimage"},"thumbnailUrl":"https:\/\/files.sunoresearch.com.br\/n\/uploads\/2018\/10\/fbd6a493-itau-unibanco-scaled.webp","datePublished":"2019-01-05T13:18:15+00:00","dateModified":"2019-07-18T13:12:35+00:00","description":"Com a leve melhora na economia, o Ita\u00fa Unibanco registrou valoriza\u00e7\u00e3o de 29% em seus papeis. Clique para saber mais.","breadcrumb":{"@id":"https:\/\/www.suno.com.br\/noticias\/itau-ambev-empresa-valor-mercado\/#breadcrumb"},"inLanguage":"pt-BR","potentialAction":[{"@type":"ReadAction","target":["https:\/\/www.suno.com.br\/noticias\/itau-ambev-empresa-valor-mercado\/"]}]},{"@type":"ImageObject","inLanguage":"pt-BR","@id":"https:\/\/www.suno.com.br\/noticias\/itau-ambev-empresa-valor-mercado\/#primaryimage","url":"https:\/\/files.sunoresearch.com.br\/n\/uploads\/2018\/10\/fbd6a493-itau-unibanco-scaled.webp","contentUrl":"https:\/\/files.sunoresearch.com.br\/n\/uploads\/2018\/10\/fbd6a493-itau-unibanco-scaled.webp","width":2560,"height":1920,"caption":"Ita\u00fa j\u00e1 soma queda de 25% nos seus pap\u00e9is em 2021 - Foto: Divulga\u00e7\u00e3o"},{"@type":"BreadcrumbList","@id":"https:\/\/www.suno.com.br\/noticias\/itau-ambev-empresa-valor-mercado\/#breadcrumb","itemListElement":[{"@type":"ListItem","position":1,"name":"Not\u00edcias","item":"https:\/\/www.suno.com.br\/noticias\/"},{"@type":"ListItem","position":2,"name":"Mercado","item":"https:\/\/www.suno.com.br\/noticias\/mercado\/"},{"@type":"ListItem","position":3,"name":"Ita\u00fa supera Ambev como maior empresa em valor de mercado da B3"}]},{"@type":"WebSite","@id":"https:\/\/www.suno.com.br\/noticias\/#website","url":"https:\/\/www.suno.com.br\/noticias\/","name":"Suno Not\u00edcias","description":"Seu portal de informa\u00e7\u00e3o sobre o mundo dos investimentos","publisher":{"@id":"https:\/\/www.suno.com.br\/noticias\/#organization"},"potentialAction":[{"@type":"SearchAction","target":{"@type":"EntryPoint","urlTemplate":"https:\/\/www.suno.com.br\/noticias\/?s={search_term_string}"},"query-input":{"@type":"PropertyValueSpecification","valueRequired":true,"valueName":"search_term_string"}}],"inLanguage":"pt-BR"},{"@type":"Organization","@id":"https:\/\/www.suno.com.br\/noticias\/#organization","name":"Suno Not\u00edcias","url":"https:\/\/www.suno.com.br\/noticias\/","logo":{"@type":"ImageObject","inLanguage":"pt-BR","@id":"https:\/\/www.suno.com.br\/noticias\/#\/schema\/logo\/image\/","url":"https:\/\/files.sunoresearch.com.br\/n\/uploads\/2021\/09\/suno-logo.png","contentUrl":"https:\/\/files.sunoresearch.com.br\/n\/uploads\/2021\/09\/suno-logo.png","width":180,"height":180,"caption":"Suno Not\u00edcias"},"image":{"@id":"https:\/\/www.suno.com.br\/noticias\/#\/schema\/logo\/image\/"},"sameAs":["https:\/\/facebook.com\/sunoresearch","https:\/\/x.com\/sunoresearch","https:\/\/www.instagram.com\/suno","https:\/\/www.linkedin.com\/company\/suno-research\/","https:\/\/www.youtube.com\/c\/sunoresearch"]},{"@type":"Person","@id":"https:\/\/www.suno.com.br\/noticias\/#\/schema\/person\/3f7693d5795a3f6d5ce15309ee785699","name":"Renan Dantas","image":{"@type":"ImageObject","inLanguage":"pt-BR","@id":"https:\/\/www.suno.com.br\/noticias\/#\/schema\/person\/image\/","url":"https:\/\/secure.gravatar.com\/avatar\/1787b83e7484a08e51d62ac8b41c8396?s=96&r=g","contentUrl":"https:\/\/secure.gravatar.com\/avatar\/1787b83e7484a08e51d62ac8b41c8396?s=96&r=g","caption":"Renan Dantas"},"description":"Escreve sobre pol\u00edtica e mercado financeiro para o portal Suno Not\u00edcias. Antes, atuou na assessoria de comunica\u00e7\u00e3o do Minist\u00e9rio P\u00fablico do Trabalho e na R\u00e1dio Mackenzie, onde apresentava e produzia um programa sobre artistas da m\u00fasica brasileira. \u00c9 estudante na Universidade Presbiteriana Mackenzie.","url":"https:\/\/www.suno.com.br\/noticias\/author\/renan-dantas\/"}]}},"default_loop_html":"<div class=\"cardsPage__listCard__boxs\"><div class=\"cardsPage__listCard__boxs__img\"><a href=\"https:\/\/www.suno.com.br\/noticias\/itau-ambev-empresa-valor-mercado\/\"><img class=\"mask\" src=\"https:\/\/www.suno.com.br\/noticias\/wp-content\/themes\/suno\/resources\/images\/spotlight\/spotlight1img\/bg-mask.png\" alt=\"Image Mask\"\/><img src=\"https:\/\/files.sunoresearch.com.br\/n\/uploads\/2018\/10\/fbd6a493-itau-unibanco-400x200.webp\" alt=\"Ita\u00fa supera Ambev como maior empresa em valor de mercado da B3\"\/><\/a><span class=\"spotlightCategory\"><a href=\"https:\/\/www.suno.com.br\/noticias\/mercado\/\">Mercado<\/a><\/span><\/div><div class=\"cardsPage__listCard__boxs__content\"><a href=\"https:\/\/www.suno.com.br\/noticias\/itau-ambev-empresa-valor-mercado\/\"><h2 class=\"content__title\">Ita\u00fa supera Ambev como maior empresa em valor de mercado da B3<\/h2><\/a><div class=\"newsContent__article__meta\"><div class=\"newsContent__article__meta__authorBox\"><a href=\"https:\/\/www.suno.com.br\/noticias\/author\/renan-dantas\/\" class=\"authorBox__avatar noMobi\"><img src=\"https:\/\/secure.gravatar.com\/avatar\/1787b83e7484a08e51d62ac8b41c8396?s=96&#038;r=g\" alt=\"Renan Dantas\"><\/a><div class=\"authorBox__name\"><span>por\n\t\t\t<a href=\"https:\/\/www.suno.com.br\/noticias\/author\/renan-dantas\/\"><span itemprop=\"author\">Renan Dantas<\/span><\/a><\/span><time datetime=\"2019-01-05T11:18:15-02:00\" itemprop=\"datePublished\">05\/01\/2019 11:18<\/time><\/div><\/div><\/div><\/div><\/div>","single_layout":"posts","amp_enabled":true,"_links":{"self":[{"href":"https:\/\/www.suno.com.br\/noticias\/wp-json\/wp\/v2\/posts\/10472"}],"collection":[{"href":"https:\/\/www.suno.com.br\/noticias\/wp-json\/wp\/v2\/posts"}],"about":[{"href":"https:\/\/www.suno.com.br\/noticias\/wp-json\/wp\/v2\/types\/post"}],"author":[{"embeddable":true,"href":"https:\/\/www.suno.com.br\/noticias\/wp-json\/wp\/v2\/users\/14"}],"replies":[{"embeddable":true,"href":"https:\/\/www.suno.com.br\/noticias\/wp-json\/wp\/v2\/comments?post=10472"}],"version-history":[{"count":0,"href":"https:\/\/www.suno.com.br\/noticias\/wp-json\/wp\/v2\/posts\/10472\/revisions"}],"wp:featuredmedia":[{"embeddable":true,"href":"https:\/\/www.suno.com.br\/noticias\/wp-json\/wp\/v2\/media\/5848"}],"wp:attachment":[{"href":"https:\/\/www.suno.com.br\/noticias\/wp-json\/wp\/v2\/media?parent=10472"}],"wp:term":[{"taxonomy":"category","embeddable":true,"href":"https:\/\/www.suno.com.br\/noticias\/wp-json\/wp\/v2\/categories?post=10472"},{"taxonomy":"post_tag","embeddable":true,"href":"https:\/\/www.suno.com.br\/noticias\/wp-json\/wp\/v2\/tags?post=10472"},{"taxonomy":"suno_strategy","embeddable":true,"href":"https:\/\/www.suno.com.br\/noticias\/wp-json\/wp\/v2\/suno_strategy?post=10472"}],"curies":[{"name":"wp","href":"https:\/\/api.w.org\/{rel}","templated":true}]}}